{"id":17397,"date":"2024-03-18T13:03:00","date_gmt":"2024-03-18T12:03:00","guid":{"rendered":"https:\/\/nid.pl\/?p=17397"},"modified":"2024-04-03T14:20:35","modified_gmt":"2024-04-03T12:20:35","slug":"trzy-projekty-z-polski-zostaly-zgloszone-do-konkursu-heritagemakres","status":"publish","type":"post","link":"https:\/\/nid.pl\/en\/2024\/03\/18\/trzy-projekty-z-polski-zostaly-zgloszone-do-konkursu-heritagemakres\/","title":{"rendered":"Trzy projekty z Polski zosta\u0142y zg\u0142oszone do konkursu #HeritageMakres!"},"content":{"rendered":"<p><strong>Po raz pierwszy, trzy projekty z Polski zosta\u0142y zg\u0142oszone do konkursu #HeritageMakres organizowanego przez Rad\u0119 Europy w ramach Europejskich Dni Dziedzictwa. Celem konkursu #HeritageMakres jest zbieranie do\u015bwiadcze\u0144 i opowie\u015bci dzieci oraz m\u0142odzie\u017cy o rozumieniu lokalnego dziedzictwa &nbsp;w kontek\u015bcie europejskim, a tak\u017ce sieciowanie przysz\u0142ych #HeritageMakers z ich r\u00f3wie\u015bnikami z innych cz\u0119\u015bci Europy.<\/strong><\/p>\n\n\n\n<p>Pierwsze przes\u0142ane zg\u0142oszenie dotyczy\u0142o dzia\u0142a\u0144 skoncentrowanych wok\u00f3\u0142 dziedzictwa kolejowego Solca Kujawskiego. Jak wykorzysta\u0107 matematyk\u0119, Minecraft, legendy i kart\u0119 zabytk\u00f3w w eksploracji lokalnego dziedzictwa? Zgodnie z za\u0142o\u017ceniami projektu #HeritageMakers najwa\u017cniejsz\u0105 cz\u0119\u015bci\u0105 warsztat\u00f3w by\u0142a eksploracja i interpretacja lokalnego dziedzictwa przez m\u0142odzie\u017c, kt\u00f3ra we w\u0142asnym gronie podzieli\u0142a si\u0119 na 4 grupy:<\/p>\n\n\n\n<ul class=\"wp-block-list\">\n<li>grupa I napisa\u0142a lokaln\u0105 legend\u0119, kt\u00f3rej historia rozegra\u0142a si\u0119 w wie\u017cy ci\u015bnie\u0144 w Solcu Kujawskim;<\/li>\n\n\n\n<li>grupa II zastosowa\u0142a matematyk\u0119 do zdefiniowania i zmierzenia bloku wie\u017cy ci\u015bnie\u0144;<\/li>\n\n\n\n<li>grupa III wykorzysta\u0142a Minecraft do stworzenia wie\u017cy ci\u015bnie\u0144 w formie cyfrowej;<\/li>\n\n\n\n<li>grupa IV przygotowa\u0142a fachow\u0105 kart\u0119 zabytku.<\/li>\n<\/ul>\n\n\n\n<p><strong>Wi\u0119cej o projekcie dowiesz si\u0119 ze zg\u0142oszenia Stowarzyszenia Rozwoju&nbsp;Solca&nbsp;Kujawskiego: <\/strong><a href=\"https:\/\/www.europeanheritagedays.com\/node\/427516\"><strong>https:\/\/www.europeanheritagedays.com\/node\/427516<\/strong><\/a><\/p>\n\n\n\n<p>Jak zmienia\u0142 si\u0119 nasz lokalny rynek na przestrzeni wiek\u00f3w? Jakie wydarzenia wi\u0105\u017c\u0105 si\u0119 z t\u0105 przestrzeni\u0105? Jakie budowle i pomniki mo\u017cemy teraz zobaczy\u0107? Jakie nowe funkcje warto nada\u0107 tej przestrzeni w przysz\u0142o\u015bci? Na te pytania pr\u00f3bowali odpowiedzie\u0107 #HeritageMakers w ramach projektu <strong>,,Zwierciad\u0142o Dziedzictwa\u2019\u2019.<\/strong><\/p>\n\n\n\n<p>M\u0142odzi pasjonaci zostali podzieleni na dwa zespo\u0142y:<\/p>\n\n\n\n<ul class=\"wp-block-list\">\n<li>grupa I korzystaj\u0105c ze starych map i dost\u0119pnych informacji, wykona\u0142a model historycznej wersji rynku oraz otaczaj\u0105cych go ulic i zabytk\u00f3w,<\/li>\n\n\n\n<li>grupa II skupi\u0142a si\u0119 na wsp\u00f3\u0142czesnym modelu Solca Kujawskiego.<\/li>\n<\/ul>\n\n\n\n<p>Zastosowane podej\u015bcie pozwoli\u0142o na por\u00f3wnanie wynik\u00f3w. Uczestnicy mogli opowiedzie\u0107 i podzieli\u0107 si\u0119 swoimi wra\u017ceniami oraz uwagami na temat tego, jak postrzegaj\u0105 zmiany rynku i miasta.<\/p>\n\n\n\n<p><strong>Szczeg\u00f3\u0142owy&nbsp;opis&nbsp;projektu&nbsp;dost\u0119pny&nbsp;na&nbsp;stronie: <\/strong><a href=\"https:\/\/www.europeanheritagedays.com\/node\/427518\"><strong>https:\/\/www.europeanheritagedays.com\/node\/427518<\/strong><\/a><\/p>\n\n\n\n<p>M\u0142odzi #HeritageMakers w roli <strong>ARCHITEKT\u00d3W-ODKRYWC\u00d3W<\/strong> \u2013 zaj\u0119cia prowadzone w <strong>Miejskim O\u015brodku Kultury-Domu Nauki i Sztuki<\/strong>. Celem zaj\u0119\u0107 jest przekazanie m\u0142odym uczestnikom wiedzy z zakresu lokalnego dziedzictwa kulturowego oraz pi\u0119kna budynk\u00f3w wykonanych w stylu \u015bwidermajer. Spotkania odbywa\u0142y si\u0119 w zrewitalizowanym zabytku Willa Frank\u00f3wka z 1926 r., oddanym do u\u017cytku publicznego w 2023 roku.<\/p>\n\n\n\n<p>Uczestnicy podczas cotygodniowych spotka\u0144 <strong>ARCHITEKT-ODKRYWCA<\/strong> poznali histori\u0119 obiektu, oryginalne rzuty techniczne budynku z 1926 r. oraz wykonali elementy snycerki wyst\u0119puj\u0105ce na dekoracyjnej elewacji Willi Frank\u00f3wki.<\/p>\n\n\n\n<p><strong>Wi\u0119cej o projekcie na stronie: <\/strong><a href=\"https:\/\/www.europeanheritagedays.com\/node\/427735\"><strong>https:\/\/www.europeanheritagedays.com\/node\/427735<\/strong><\/a><\/p>\n\n\n\n<p>Gratulujemy pomys\u0142\u00f3w oraz realizacji wszystkich projekt\u00f3w i \u017cyczymy powodzenia na etapie oceny! Kolejna edycja konkursu #HeritageMakers ju\u017c w tym roku. Mamy nadziej\u0119, \u017ce nie zabraknie w niej projekt\u00f3w z Polski! Wi\u0119cej informacji niebawem.<\/p>\n\n\n\n<p><\/p>\n\n\n\n<p><strong>Patronat medialny Europejskich Dni Dziedzictwa obj\u0119\u0142o Polskie Radio S.A.<\/strong><\/p>\n\n\n\n<figure class=\"wp-block-image size-large is-resized\"><img loading=\"lazy\" decoding=\"async\" width=\"1024\" height=\"363\" src=\"https:\/\/nid.pl\/wp-content\/uploads\/2024\/04\/Polskie-Radio_logotyp-1024x363.jpg\" alt=\"\" class=\"wp-image-17575\" style=\"width:123px;height:auto\" srcset=\"https:\/\/nid.pl\/wp-content\/uploads\/2024\/04\/Polskie-Radio_logotyp-980x347.jpg 980w, https:\/\/nid.pl\/wp-content\/uploads\/2024\/04\/Polskie-Radio_logotyp-480x170.jpg 480w\" sizes=\"(min-width: 0px) and (max-width: 480px) 480px, (min-width: 481px) and (max-width: 980px) 980px, (min-width: 981px) 1024px, 100vw\" \/><\/figure>\n\n\n\n<p><\/p>\n\n\n\n<figure class=\"wp-block-image aligncenter size-large is-resized\"><img loading=\"lazy\" decoding=\"async\" width=\"868\" height=\"1024\" src=\"https:\/\/nid.pl\/wp-content\/uploads\/2024\/03\/fot.-Stowarzyszenie-Rozwoju-Solca-Kujawskiego-2-868x1024.jpg\" alt=\"\" class=\"wp-image-17399\" style=\"width:563px;height:auto\"\/><figcaption class=\"wp-element-caption\">Trzy projekty zg\u0142oszone do HeritageMakers, fot. Stowarzyszenie Rozwoju Solca Kujawskiego <\/figcaption><\/figure>\n\n\n\n<figure class=\"wp-block-image aligncenter size-large is-resized\"><img loading=\"lazy\" decoding=\"async\" width=\"1024\" height=\"1024\" src=\"https:\/\/nid.pl\/wp-content\/uploads\/2024\/03\/fot.-Stowarzyszenie-Rozwoju-Solca-Kujawskiego-1024x1024.jpeg\" alt=\"\" class=\"wp-image-17400\" style=\"width:687px;height:auto\" srcset=\"https:\/\/nid.pl\/wp-content\/uploads\/2024\/03\/fot.-Stowarzyszenie-Rozwoju-Solca-Kujawskiego-980x980.jpeg 980w, https:\/\/nid.pl\/wp-content\/uploads\/2024\/03\/fot.-Stowarzyszenie-Rozwoju-Solca-Kujawskiego-480x480.jpeg 480w\" sizes=\"(min-width: 0px) and (max-width: 480px) 480px, (min-width: 481px) and (max-width: 980px) 980px, (min-width: 981px) 1024px, 100vw\" \/><figcaption class=\"wp-element-caption\">Trzy projekty zg\u0142oszone do HeritageMakers, fot. Stowarzyszenie Rozwoju Solca Kujawskiego<\/figcaption><\/figure>\n\n\n\n<figure class=\"wp-block-image aligncenter size-large is-resized\"><img loading=\"lazy\" decoding=\"async\" width=\"771\" height=\"1024\" src=\"https:\/\/nid.pl\/wp-content\/uploads\/2024\/03\/fot.-Stowarzyszenie-Rozwoju-Solca-Kujawskiego-771x1024.jpg\" alt=\"\" class=\"wp-image-17401\" style=\"width:565px;height:auto\"\/><figcaption class=\"wp-element-caption\">Trzy projekty zg\u0142oszone do HeritageMakers, fot. Stowarzyszenie Rozwoju Solca Kujawskiego<\/figcaption><\/figure>","protected":false},"excerpt":{"rendered":"<p>Po raz pierwszy, trzy projekty z Polski zosta\u0142y zg\u0142oszone do konkursu #HeritageMakres organizowanego przez Rad\u0119 Europy w ramach Europejskich Dni Dziedzictwa. Celem konkursu #HeritageMakres jest zbieranie do\u015bwiadcze\u0144 i opowie\u015bci dzieci [&hellip;]<\/p>","protected":false},"author":7,"featured_media":17403,"comment_status":"closed","ping_status":"closed","sticky":false,"template":"","format":"standard","meta":{"_et_pb_use_builder":"off","_et_pb_old_content":"","_et_gb_content_width":"","_monsterinsights_skip_tracking":false,"_monsterinsights_sitenote_active":false,"_monsterinsights_sitenote_note":"","_monsterinsights_sitenote_category":0,"footnotes":""},"categories":[89],"tags":[],"class_list":["post-17397","post","type-post","status-publish","format-standard","has-post-thumbnail","hentry","category-europejskie-dni-dziedzictwa"],"yoast_head":"<!-- This site is optimized with the Yoast SEO plugin v26.5 - https:\/\/yoast.com\/wordpress\/plugins\/seo\/ -->\n<title>Trzy projekty z Polski zosta\u0142y zg\u0142oszone do konkursu #HeritageMakres! - NID<\/title>\n<meta name=\"robots\" content=\"index, follow, max-snippet:-1, max-image-preview:large, max-video-preview:-1\" \/>\n<link rel=\"canonical\" href=\"https:\/\/nid.pl\/en\/2024\/03\/18\/trzy-projekty-z-polski-zostaly-zgloszone-do-konkursu-heritagemakres\/\" \/>\n<meta property=\"og:locale\" content=\"en_GB\" \/>\n<meta property=\"og:type\" content=\"article\" \/>\n<meta property=\"og:title\" content=\"Trzy projekty z Polski zosta\u0142y zg\u0142oszone do konkursu #HeritageMakres! - NID\" \/>\n<meta property=\"og:description\" content=\"Po raz pierwszy, trzy projekty z Polski zosta\u0142y zg\u0142oszone do konkursu #HeritageMakres organizowanego przez Rad\u0119 Europy w ramach Europejskich Dni Dziedzictwa. Celem konkursu #HeritageMakres jest zbieranie do\u015bwiadcze\u0144 i opowie\u015bci dzieci [&hellip;]\" \/>\n<meta property=\"og:url\" content=\"https:\/\/nid.pl\/en\/2024\/03\/18\/trzy-projekty-z-polski-zostaly-zgloszone-do-konkursu-heritagemakres\/\" \/>\n<meta property=\"og:site_name\" content=\"NID\" \/>\n<meta property=\"article:publisher\" content=\"https:\/\/www.facebook.com\/zabytek\" \/>\n<meta property=\"article:published_time\" content=\"2024-03-18T12:03:00+00:00\" \/>\n<meta property=\"article:modified_time\" content=\"2024-04-03T12:20:35+00:00\" \/>\n<meta property=\"og:image\" content=\"https:\/\/nid.pl\/wp-content\/uploads\/2024\/03\/Trzy-projekty-zgloszone-do-HeritageMakers-fot.-MOK-Jozefow.jpg\" \/>\n\t<meta property=\"og:image:width\" content=\"1850\" \/>\n\t<meta property=\"og:image:height\" content=\"1238\" \/>\n\t<meta property=\"og:image:type\" content=\"image\/jpeg\" \/>\n<meta name=\"author\" content=\"Barbara Halliop\" \/>\n<meta name=\"twitter:card\" content=\"summary_large_image\" \/>\n<meta name=\"twitter:creator\" content=\"@NarIDpl\" \/>\n<meta name=\"twitter:site\" content=\"@NarIDpl\" \/>\n<meta name=\"twitter:label1\" content=\"Written by\" \/>\n\t<meta name=\"twitter:data1\" content=\"Barbara Halliop\" \/>\n\t<meta name=\"twitter:label2\" content=\"Estimated reading time\" \/>\n\t<meta name=\"twitter:data2\" content=\"4 minutes\" \/>\n<script type=\"application\/ld+json\" class=\"yoast-schema-graph\">{\"@context\":\"https:\/\/schema.org\",\"@graph\":[{\"@type\":\"Article\",\"@id\":\"https:\/\/nid.pl\/2024\/03\/18\/trzy-projekty-z-polski-zostaly-zgloszone-do-konkursu-heritagemakres\/#article\",\"isPartOf\":{\"@id\":\"https:\/\/nid.pl\/2024\/03\/18\/trzy-projekty-z-polski-zostaly-zgloszone-do-konkursu-heritagemakres\/\"},\"author\":{\"name\":\"Barbara Halliop\",\"@id\":\"https:\/\/nid.pl\/#\/schema\/person\/1b690a8998a5111cfb9f0ffe24195a15\"},\"headline\":\"Trzy projekty z Polski zosta\u0142y zg\u0142oszone do konkursu #HeritageMakres!\",\"datePublished\":\"2024-03-18T12:03:00+00:00\",\"dateModified\":\"2024-04-03T12:20:35+00:00\",\"mainEntityOfPage\":{\"@id\":\"https:\/\/nid.pl\/2024\/03\/18\/trzy-projekty-z-polski-zostaly-zgloszone-do-konkursu-heritagemakres\/\"},\"wordCount\":533,\"publisher\":{\"@id\":\"https:\/\/nid.pl\/#organization\"},\"image\":{\"@id\":\"https:\/\/nid.pl\/2024\/03\/18\/trzy-projekty-z-polski-zostaly-zgloszone-do-konkursu-heritagemakres\/#primaryimage\"},\"thumbnailUrl\":\"https:\/\/nid.pl\/wp-content\/uploads\/2024\/03\/Trzy-projekty-zgloszone-do-HeritageMakers-fot.-MOK-Jozefow.jpg\",\"articleSection\":[\"EDD\"],\"inLanguage\":\"en-GB\"},{\"@type\":\"WebPage\",\"@id\":\"https:\/\/nid.pl\/2024\/03\/18\/trzy-projekty-z-polski-zostaly-zgloszone-do-konkursu-heritagemakres\/\",\"url\":\"https:\/\/nid.pl\/2024\/03\/18\/trzy-projekty-z-polski-zostaly-zgloszone-do-konkursu-heritagemakres\/\",\"name\":\"Trzy projekty z Polski zosta\u0142y zg\u0142oszone do konkursu #HeritageMakres! - NID\",\"isPartOf\":{\"@id\":\"https:\/\/nid.pl\/#website\"},\"primaryImageOfPage\":{\"@id\":\"https:\/\/nid.pl\/2024\/03\/18\/trzy-projekty-z-polski-zostaly-zgloszone-do-konkursu-heritagemakres\/#primaryimage\"},\"image\":{\"@id\":\"https:\/\/nid.pl\/2024\/03\/18\/trzy-projekty-z-polski-zostaly-zgloszone-do-konkursu-heritagemakres\/#primaryimage\"},\"thumbnailUrl\":\"https:\/\/nid.pl\/wp-content\/uploads\/2024\/03\/Trzy-projekty-zgloszone-do-HeritageMakers-fot.-MOK-Jozefow.jpg\",\"datePublished\":\"2024-03-18T12:03:00+00:00\",\"dateModified\":\"2024-04-03T12:20:35+00:00\",\"breadcrumb\":{\"@id\":\"https:\/\/nid.pl\/2024\/03\/18\/trzy-projekty-z-polski-zostaly-zgloszone-do-konkursu-heritagemakres\/#breadcrumb\"},\"inLanguage\":\"en-GB\",\"potentialAction\":[{\"@type\":\"ReadAction\",\"target\":[\"https:\/\/nid.pl\/2024\/03\/18\/trzy-projekty-z-polski-zostaly-zgloszone-do-konkursu-heritagemakres\/\"]}]},{\"@type\":\"ImageObject\",\"inLanguage\":\"en-GB\",\"@id\":\"https:\/\/nid.pl\/2024\/03\/18\/trzy-projekty-z-polski-zostaly-zgloszone-do-konkursu-heritagemakres\/#primaryimage\",\"url\":\"https:\/\/nid.pl\/wp-content\/uploads\/2024\/03\/Trzy-projekty-zgloszone-do-HeritageMakers-fot.-MOK-Jozefow.jpg\",\"contentUrl\":\"https:\/\/nid.pl\/wp-content\/uploads\/2024\/03\/Trzy-projekty-zgloszone-do-HeritageMakers-fot.-MOK-Jozefow.jpg\",\"width\":1850,\"height\":1238,\"caption\":\"Trzy projekty zg\u0142oszone do HeritageMakers, fot. MOK J\u00f3zef\u00f3w\"},{\"@type\":\"BreadcrumbList\",\"@id\":\"https:\/\/nid.pl\/2024\/03\/18\/trzy-projekty-z-polski-zostaly-zgloszone-do-konkursu-heritagemakres\/#breadcrumb\",\"itemListElement\":[{\"@type\":\"ListItem\",\"position\":1,\"name\":\"Home\",\"item\":\"https:\/\/nid.pl\/\"},{\"@type\":\"ListItem\",\"position\":2,\"name\":\"Trzy projekty z Polski zosta\u0142y zg\u0142oszone do konkursu #HeritageMakres!\"}]},{\"@type\":\"WebSite\",\"@id\":\"https:\/\/nid.pl\/#website\",\"url\":\"https:\/\/nid.pl\/\",\"name\":\"NID\",\"description\":\"Narodowy Instytut Dziedzictwa\",\"publisher\":{\"@id\":\"https:\/\/nid.pl\/#organization\"},\"potentialAction\":[{\"@type\":\"SearchAction\",\"target\":{\"@type\":\"EntryPoint\",\"urlTemplate\":\"https:\/\/nid.pl\/?s={search_term_string}\"},\"query-input\":{\"@type\":\"PropertyValueSpecification\",\"valueRequired\":true,\"valueName\":\"search_term_string\"}}],\"inLanguage\":\"en-GB\"},{\"@type\":\"Organization\",\"@id\":\"https:\/\/nid.pl\/#organization\",\"name\":\"Narodowy Instytut Dziedzictwa\",\"url\":\"https:\/\/nid.pl\/\",\"logo\":{\"@type\":\"ImageObject\",\"inLanguage\":\"en-GB\",\"@id\":\"https:\/\/nid.pl\/#\/schema\/logo\/image\/\",\"url\":\"https:\/\/nid.pl\/wp-content\/uploads\/2022\/10\/logoRedDark.png\",\"contentUrl\":\"https:\/\/nid.pl\/wp-content\/uploads\/2022\/10\/logoRedDark.png\",\"width\":200,\"height\":197,\"caption\":\"Narodowy Instytut Dziedzictwa\"},\"image\":{\"@id\":\"https:\/\/nid.pl\/#\/schema\/logo\/image\/\"},\"sameAs\":[\"https:\/\/www.facebook.com\/zabytek\",\"https:\/\/x.com\/NarIDpl\",\"https:\/\/www.instagram.com\/nid.pl\/?hl=pl\",\"https:\/\/www.linkedin.com\/company\/narodowy-instytut-dziedzictwa\",\"https:\/\/www.youtube.com\/channel\/UCQXuhKa2uHtmNvLRUSx40JA\"]},{\"@type\":\"Person\",\"@id\":\"https:\/\/nid.pl\/#\/schema\/person\/1b690a8998a5111cfb9f0ffe24195a15\",\"name\":\"Barbara Halliop\",\"image\":{\"@type\":\"ImageObject\",\"inLanguage\":\"en-GB\",\"@id\":\"https:\/\/nid.pl\/#\/schema\/person\/image\/\",\"url\":\"https:\/\/nid.pl\/wp-content\/litespeed\/avatar\/924046d17dd0c842c9fa9ccf489bc6dc.jpg?ver=1777444967\",\"contentUrl\":\"https:\/\/nid.pl\/wp-content\/litespeed\/avatar\/924046d17dd0c842c9fa9ccf489bc6dc.jpg?ver=1777444967\",\"caption\":\"Barbara Halliop\"},\"url\":\"https:\/\/nid.pl\/en\/author\/bhalliop\/\"}]}<\/script>\n<!-- \/ Yoast SEO plugin. -->","yoast_head_json":{"title":"Trzy projekty z Polski zosta\u0142y zg\u0142oszone do konkursu #HeritageMakres! - NID","robots":{"index":"index","follow":"follow","max-snippet":"max-snippet:-1","max-image-preview":"max-image-preview:large","max-video-preview":"max-video-preview:-1"},"canonical":"https:\/\/nid.pl\/en\/2024\/03\/18\/trzy-projekty-z-polski-zostaly-zgloszone-do-konkursu-heritagemakres\/","og_locale":"en_GB","og_type":"article","og_title":"Trzy projekty z Polski zosta\u0142y zg\u0142oszone do konkursu #HeritageMakres! - NID","og_description":"Po raz pierwszy, trzy projekty z Polski zosta\u0142y zg\u0142oszone do konkursu #HeritageMakres organizowanego przez Rad\u0119 Europy w ramach Europejskich Dni Dziedzictwa. Celem konkursu #HeritageMakres jest zbieranie do\u015bwiadcze\u0144 i opowie\u015bci dzieci [&hellip;]","og_url":"https:\/\/nid.pl\/en\/2024\/03\/18\/trzy-projekty-z-polski-zostaly-zgloszone-do-konkursu-heritagemakres\/","og_site_name":"NID","article_publisher":"https:\/\/www.facebook.com\/zabytek","article_published_time":"2024-03-18T12:03:00+00:00","article_modified_time":"2024-04-03T12:20:35+00:00","og_image":[{"width":1850,"height":1238,"url":"https:\/\/nid.pl\/wp-content\/uploads\/2024\/03\/Trzy-projekty-zgloszone-do-HeritageMakers-fot.-MOK-Jozefow.jpg","type":"image\/jpeg"}],"author":"Barbara Halliop","twitter_card":"summary_large_image","twitter_creator":"@NarIDpl","twitter_site":"@NarIDpl","twitter_misc":{"Written by":"Barbara Halliop","Estimated reading time":"4 minutes"},"schema":{"@context":"https:\/\/schema.org","@graph":[{"@type":"Article","@id":"https:\/\/nid.pl\/2024\/03\/18\/trzy-projekty-z-polski-zostaly-zgloszone-do-konkursu-heritagemakres\/#article","isPartOf":{"@id":"https:\/\/nid.pl\/2024\/03\/18\/trzy-projekty-z-polski-zostaly-zgloszone-do-konkursu-heritagemakres\/"},"author":{"name":"Barbara Halliop","@id":"https:\/\/nid.pl\/#\/schema\/person\/1b690a8998a5111cfb9f0ffe24195a15"},"headline":"Trzy projekty z Polski zosta\u0142y zg\u0142oszone do konkursu #HeritageMakres!","datePublished":"2024-03-18T12:03:00+00:00","dateModified":"2024-04-03T12:20:35+00:00","mainEntityOfPage":{"@id":"https:\/\/nid.pl\/2024\/03\/18\/trzy-projekty-z-polski-zostaly-zgloszone-do-konkursu-heritagemakres\/"},"wordCount":533,"publisher":{"@id":"https:\/\/nid.pl\/#organization"},"image":{"@id":"https:\/\/nid.pl\/2024\/03\/18\/trzy-projekty-z-polski-zostaly-zgloszone-do-konkursu-heritagemakres\/#primaryimage"},"thumbnailUrl":"https:\/\/nid.pl\/wp-content\/uploads\/2024\/03\/Trzy-projekty-zgloszone-do-HeritageMakers-fot.-MOK-Jozefow.jpg","articleSection":["EDD"],"inLanguage":"en-GB"},{"@type":"WebPage","@id":"https:\/\/nid.pl\/2024\/03\/18\/trzy-projekty-z-polski-zostaly-zgloszone-do-konkursu-heritagemakres\/","url":"https:\/\/nid.pl\/2024\/03\/18\/trzy-projekty-z-polski-zostaly-zgloszone-do-konkursu-heritagemakres\/","name":"Trzy projekty z Polski zosta\u0142y zg\u0142oszone do konkursu #HeritageMakres! - NID","isPartOf":{"@id":"https:\/\/nid.pl\/#website"},"primaryImageOfPage":{"@id":"https:\/\/nid.pl\/2024\/03\/18\/trzy-projekty-z-polski-zostaly-zgloszone-do-konkursu-heritagemakres\/#primaryimage"},"image":{"@id":"https:\/\/nid.pl\/2024\/03\/18\/trzy-projekty-z-polski-zostaly-zgloszone-do-konkursu-heritagemakres\/#primaryimage"},"thumbnailUrl":"https:\/\/nid.pl\/wp-content\/uploads\/2024\/03\/Trzy-projekty-zgloszone-do-HeritageMakers-fot.-MOK-Jozefow.jpg","datePublished":"2024-03-18T12:03:00+00:00","dateModified":"2024-04-03T12:20:35+00:00","breadcrumb":{"@id":"https:\/\/nid.pl\/2024\/03\/18\/trzy-projekty-z-polski-zostaly-zgloszone-do-konkursu-heritagemakres\/#breadcrumb"},"inLanguage":"en-GB","potentialAction":[{"@type":"ReadAction","target":["https:\/\/nid.pl\/2024\/03\/18\/trzy-projekty-z-polski-zostaly-zgloszone-do-konkursu-heritagemakres\/"]}]},{"@type":"ImageObject","inLanguage":"en-GB","@id":"https:\/\/nid.pl\/2024\/03\/18\/trzy-projekty-z-polski-zostaly-zgloszone-do-konkursu-heritagemakres\/#primaryimage","url":"https:\/\/nid.pl\/wp-content\/uploads\/2024\/03\/Trzy-projekty-zgloszone-do-HeritageMakers-fot.-MOK-Jozefow.jpg","contentUrl":"https:\/\/nid.pl\/wp-content\/uploads\/2024\/03\/Trzy-projekty-zgloszone-do-HeritageMakers-fot.-MOK-Jozefow.jpg","width":1850,"height":1238,"caption":"Trzy projekty zg\u0142oszone do HeritageMakers, fot. MOK J\u00f3zef\u00f3w"},{"@type":"BreadcrumbList","@id":"https:\/\/nid.pl\/2024\/03\/18\/trzy-projekty-z-polski-zostaly-zgloszone-do-konkursu-heritagemakres\/#breadcrumb","itemListElement":[{"@type":"ListItem","position":1,"name":"Home","item":"https:\/\/nid.pl\/"},{"@type":"ListItem","position":2,"name":"Trzy projekty z Polski zosta\u0142y zg\u0142oszone do konkursu #HeritageMakres!"}]},{"@type":"WebSite","@id":"https:\/\/nid.pl\/#website","url":"https:\/\/nid.pl\/","name":"NID","description":"Narodowy Instytut Dziedzictwa","publisher":{"@id":"https:\/\/nid.pl\/#organization"},"potentialAction":[{"@type":"SearchAction","target":{"@type":"EntryPoint","urlTemplate":"https:\/\/nid.pl\/?s={search_term_string}"},"query-input":{"@type":"PropertyValueSpecification","valueRequired":true,"valueName":"search_term_string"}}],"inLanguage":"en-GB"},{"@type":"Organization","@id":"https:\/\/nid.pl\/#organization","name":"Narodowy Instytut Dziedzictwa","url":"https:\/\/nid.pl\/","logo":{"@type":"ImageObject","inLanguage":"en-GB","@id":"https:\/\/nid.pl\/#\/schema\/logo\/image\/","url":"https:\/\/nid.pl\/wp-content\/uploads\/2022\/10\/logoRedDark.png","contentUrl":"https:\/\/nid.pl\/wp-content\/uploads\/2022\/10\/logoRedDark.png","width":200,"height":197,"caption":"Narodowy Instytut Dziedzictwa"},"image":{"@id":"https:\/\/nid.pl\/#\/schema\/logo\/image\/"},"sameAs":["https:\/\/www.facebook.com\/zabytek","https:\/\/x.com\/NarIDpl","https:\/\/www.instagram.com\/nid.pl\/?hl=pl","https:\/\/www.linkedin.com\/company\/narodowy-instytut-dziedzictwa","https:\/\/www.youtube.com\/channel\/UCQXuhKa2uHtmNvLRUSx40JA"]},{"@type":"Person","@id":"https:\/\/nid.pl\/#\/schema\/person\/1b690a8998a5111cfb9f0ffe24195a15","name":"Barbara Halliop","image":{"@type":"ImageObject","inLanguage":"en-GB","@id":"https:\/\/nid.pl\/#\/schema\/person\/image\/","url":"https:\/\/nid.pl\/wp-content\/litespeed\/avatar\/924046d17dd0c842c9fa9ccf489bc6dc.jpg?ver=1777444967","contentUrl":"https:\/\/nid.pl\/wp-content\/litespeed\/avatar\/924046d17dd0c842c9fa9ccf489bc6dc.jpg?ver=1777444967","caption":"Barbara Halliop"},"url":"https:\/\/nid.pl\/en\/author\/bhalliop\/"}]}},"_links":{"self":[{"href":"https:\/\/nid.pl\/en\/wp-json\/wp\/v2\/posts\/17397","targetHints":{"allow":["GET"]}}],"collection":[{"href":"https:\/\/nid.pl\/en\/wp-json\/wp\/v2\/posts"}],"about":[{"href":"https:\/\/nid.pl\/en\/wp-json\/wp\/v2\/types\/post"}],"author":[{"embeddable":true,"href":"https:\/\/nid.pl\/en\/wp-json\/wp\/v2\/users\/7"}],"replies":[{"embeddable":true,"href":"https:\/\/nid.pl\/en\/wp-json\/wp\/v2\/comments?post=17397"}],"version-history":[{"count":0,"href":"https:\/\/nid.pl\/en\/wp-json\/wp\/v2\/posts\/17397\/revisions"}],"wp:featuredmedia":[{"embeddable":true,"href":"https:\/\/nid.pl\/en\/wp-json\/wp\/v2\/media\/17403"}],"wp:attachment":[{"href":"https:\/\/nid.pl\/en\/wp-json\/wp\/v2\/media?parent=17397"}],"wp:term":[{"taxonomy":"category","embeddable":true,"href":"https:\/\/nid.pl\/en\/wp-json\/wp\/v2\/categories?post=17397"},{"taxonomy":"post_tag","embeddable":true,"href":"https:\/\/nid.pl\/en\/wp-json\/wp\/v2\/tags?post=17397"}],"curies":[{"name":"wp","href":"https:\/\/api.w.org\/{rel}","templated":true}]}}