{"id":17293,"date":"2024-03-25T15:49:06","date_gmt":"2024-03-25T14:49:06","guid":{"rendered":"https:\/\/nid.pl\/?p=17293"},"modified":"2024-04-04T15:28:45","modified_gmt":"2024-04-04T13:28:45","slug":"znamy-wyniki-pierwszego-etapu-konkursu-zabytek-zadbany-2024","status":"publish","type":"post","link":"https:\/\/nid.pl\/en\/2024\/03\/25\/znamy-wyniki-pierwszego-etapu-konkursu-zabytek-zadbany-2024\/","title":{"rendered":"Znamy wyniki pierwszego etapu konkursu Zabytek Zadbany 2024"},"content":{"rendered":"<p><strong>W tym roku, do konkursu Zabytek Zadbany zg\u0142oszono 78 obiekt\u00f3w &#8211; 67 z nich przesz\u0142o etap oceny formalnej.<\/strong><\/p>\n\n\n\n<p>Zabytek Zadbany to konkurs organizowany przez Ministra Kultury i Dziedzictwa Narodowego oraz Generalnego Konserwatora Zabytk\u00f3w, a za przeprowadzenie procedury konkursowej odpowiedzialny jest Narodowy Instytut Dziedzictwa.<\/p>\n\n\n\n<p><strong>W tym roku obiekty rywalizuj\u0105 ze sob\u0105 w siedmiu kategoriach:<\/strong><\/p>\n\n\n\n<p>A. Utrwalenie warto\u015bci zabytkowej obiektu<br>B. Rewaloryzacja przestrzeni kulturowej i krajobrazu (w tym za\u0142o\u017cenia dworskie i pa\u0142acowe)<br>C. Adaptacja obiekt\u00f3w zabytkowych<br>D. Architektura i budownictwo drewniane<br>E. Zabytki techniki (w tym budownictwo przemys\u0142owe i in\u017cynieryjne)<br>F. Zabytek dost\u0119pny<br>G. Kategoria specjalna: w\u0142a\u015bciwe u\u017cytkowanie i sta\u0142a opieka nad zabytkiem<\/p>\n\n\n\n<p>W konkursie ocenie podlega program bada\u0144 konserwatorskich, forma i poziom wykonanych prac, zachowanie integralno\u015bci i utrwalenie autentyzmu substancji zabytkowej oraz stan obiektu po dzia\u0142aniach konserwatorskich, adaptacyjnych lub innych. Kategoria \u201eZabytek dost\u0119pny\u201d pojawi\u0142a si\u0119 po raz pierwszy w tym roku, aby doceni\u0107 obiekty, kt\u00f3re umo\u017cliwiaj\u0105 korzystanie osobom o szczeg\u00f3lnych potrzebach.<\/p>\n\n\n\n<p>O statystykach dotycz\u0105cych obiekt\u00f3w zg\u0142oszonych w tym roku pisali\u015bmy <a href=\"https:\/\/nid.pl\/en\/2024\/02\/27\/78-zabytkow-zgloszono-do-konkursu-zabytek-zadbany\/\">tutaj.<\/a><\/p>\n\n\n\n<p>Dzisiaj poznali\u015bmy wyniki pierwszego etapu konkursu, czyli oceny formalnej wniosk\u00f3w.<\/p>\n\n\n\n<p>67 wniosk\u00f3w zakwalifikowa\u0142o si\u0119 do oceny merytorycznej. Dotycz\u0105 one nast\u0119puj\u0105cych obiekt\u00f3w:<\/p>\n\n\n\n<p><span style=\"font-family: 'Aptos',sans-serif; mso-fareast-font-family: Aptos; mso-bidi-font-family: Aptos;\"><strong>Kategoria<span style=\"mso-spacerun: yes;\">\u00a0 <\/span>A &#8211; utrwalenie warto\u015bci zabytkowej obiektu:<\/strong><\/span><\/p>\n\n\n\n<ol class=\"wp-block-list\">\n<li>Zesp\u00f3\u0142 zabudowy secesyjnej \u2013 dawna Willa Maxa Erfurta w Jeleniej G\u00f3rze, woj. dolno\u015bl\u0105skie<\/li>\n\n\n\n<li>\u015aredniowieczny mur obronny w Inowroc\u0142awiu, woj. kujawsko-pomorskie<\/li>\n\n\n\n<li>Budynek Zespo\u0142u Szk\u00f3\u0142 Ekonomicznych im. A. J. Vetter\u00f3w w Lublinie, woj. lubelskie<\/li>\n\n\n\n<li>Pa\u0142ac w miejscowo\u015bci Bojad\u0142a, woj. lubuskie<\/li>\n\n\n\n<li>Brama miejska w Brodach, woj. lubuskie<\/li>\n\n\n\n<li>Kamienica rezydencjonalna Hilarego Majewskiego w \u0141odzi, woj. \u0142\u00f3dzkie<\/li>\n\n\n\n<li>Willa \u201eOpolanka\u201d w Zakopanem, woj. ma\u0142opolskie<\/li>\n\n\n\n<li>Zamek Lipowiec w Babicach, woj. ma\u0142opolskie<\/li>\n\n\n\n<li>Oran\u017ceria w zespole zamkowo-parkowym w Suchej Beskidzkiej, woj. ma\u0142opolskie<\/li>\n\n\n\n<li>Zamek Ksi\u0105\u017c\u0105t Mazowieckich w Czersku, woj. mazowieckie<\/li>\n\n\n\n<li>Dworzec kolejowy w Sochaczewie, woj. mazowieckie<\/li>\n\n\n\n<li>Kasyno oficerskie w Twierdzy Modlin, woj. mazowieckie<\/li>\n\n\n\n<li>Kaplica pw. \u015aw. Krzy\u017ca w Siedlcach, woj. mazowieckie<\/li>\n\n\n\n<li>Kaplica my\u015bliwska pw. \u015aw. Huberta w Rzeszowie, woj. podkarpackie<\/li>\n\n\n\n<li>Budynek dawnego starostwa w Kartuzach, woj. pomorskie<\/li>\n\n\n\n<li>Budynek mieszkalny przy ulicy Rybo\u0142owc\u00f3w 8 w Gda\u0144sku, woj. pomorskie<\/li>\n\n\n\n<li>Ruiny Zamku Kolskiego w Gozdowie, woj. wielkopolskie<\/li>\n\n\n\n<li>Pa\u0142ac w Posadzie, woj. wielkopolskie<\/li>\n\n\n\n<li>Kamienica z oficynami i podw\u00f3rzem przy ulicy Mel\u017cy\u0144skiego 20 w Poznaniu, woj. wielkopolskie<\/li>\n\n\n\n<li>Budynek z kaplic\u0105 Baptyst\u00f3w w Szczecinie, woj. zachodniopomorskie<\/li>\n<\/ol>\n\n\n\n<p> <span style=\"font-family:&quot;Aptos&quot;,sans-serif;mso-fareast-font-family:Aptos;mso-bidi-font-family:Aptos\"><strong>Kategoria B &#8211; rewaloryzacja przestrzeni kulturowej i krajobrazu<\/strong><\/span>:<\/p>\n\n\n\n<ol class=\"wp-block-list\">\n<li>Trwa\u0142a ruina pa\u0142acu w zespole pa\u0142acowo-parkowym w Goszczu, woj. dolno\u015bl\u0105skie<\/li>\n\n\n\n<li>Budynek Urz\u0119du Miasta w G\u00f3rze, woj. dolno\u015bl\u0105skie<\/li>\n\n\n\n<li>Cmentarz wojenny z okresu I wojny \u015bwiatowej nr 175 w miejscowo\u015bci Por\u0119b Radlna, woj. ma\u0142opolskie<\/li>\n\n\n\n<li>Ruiny zamku w Lanckoronie, woj. ma\u0142opolskie<\/li>\n\n\n\n<li>Park Miejski Aleksandria w Siedlcach, woj. mazowieckie<\/li>\n\n\n\n<li>Park Miejski im. 36 Pu\u0142ku Piechoty Legii Akademickiej w Brwinowie, woj. mazowieckie<\/li>\n\n\n\n<li>Zesp\u00f3\u0142 dworski w Haczowie, woj. podkarpackie<\/li>\n\n\n\n<li>Zesp\u00f3\u0142 Parkowo-Pa\u0142acowy w \u017borach-Baranowicach, woj. \u015bl\u0105skie<\/li>\n\n\n\n<li>Pa\u0142ac Lipskich w Lewkowie, woj. wielkopolskie<\/li>\n\n\n\n<li>Za\u0142o\u017cenie pa\u0142acowo-parkowe wraz z ruinami gotyckiego ko\u015bcio\u0142a pw. \u015aw. Ducha w Jarocinie, woj. wielkopolskie<\/li>\n\n\n\n<li>Dworek Marii D\u0105browskiej w Russowie, woj. wielkopolskie<\/li>\n<\/ol>\n\n\n\n<p><strong>Kategoria C &#8211;&nbsp; adaptacja obiekt\u00f3w zabytkowych<\/strong>:<\/p>\n\n\n\n<ol class=\"wp-block-list\">\n<li>Pa\u0142ac Sobiesz\u00f3w w Jeleniej G\u00f3rze, woj. dolno\u015bl\u0105skie<\/li>\n\n\n\n<li>Wodoci\u0105gowa wie\u017ca ci\u015bnie\u0144 w G\u00f3rze, woj. dolno\u015bl\u0105skie<\/li>\n\n\n\n<li>Budynek dawnego pa\u0142acu P\u00fccklera w Boles\u0142awcu, woj. dolno\u015bl\u0105skie<\/li>\n\n\n\n<li>Budynek dawnego Banku Gospodarstwa Krajowego we W\u0142oc\u0142awku, woj. kujawsko-pomorskie<\/li>\n\n\n\n<li>Kamienica przy ulicy Spichrzowej w Grudzi\u0105dzu, woj. kujawsko-pomorskie<\/li>\n\n\n\n<li>Zesp\u00f3\u0142 pa\u0142acowo-parkowy w Mi\u0119dzyrzecu Podlaskim, woj. lubelskie<\/li>\n\n\n\n<li>Dw\u00f3r w Ochli, woj. lubuskie<\/li>\n\n\n\n<li>Budynek dawnego starostwa oraz piwnice gotyckiego ratusza w Olkuszu, woj. ma\u0142opolskie<\/li>\n\n\n\n<li>Willa Kozia\u0144skich w Zakopanem, woj. ma\u0142opolskie<\/li>\n\n\n\n<li>Willa \u201eGryf\u201d w Konstancinie, woj. mazowieckie<\/li>\n\n\n\n<li>Villa La Fleur w Konstancinie-Jeziornej, woj. mazowieckie<\/li>\n\n\n\n<li>Murowana dzwonnica w Myszy\u0144cu, woj. mazowieckie<\/li>\n\n\n\n<li>Zesp\u00f3\u0142 przemys\u0142owy \u0141\u00f3dzkich zak\u0142ad\u00f3w Przemys\u0142u Spirytusowego \u201ePolmos\u201d dawniej \u201eMonopol W\u00f3dczany\u201d w \u0141odzi, woj. \u0142\u00f3dzkie<\/li>\n\n\n\n<li>Dawna hala monta\u017cu sekcji U-boot\u00f3w w Gda\u0144sku, woj. pomorskie<\/li>\n\n\n\n<li>Wielki M\u0142yn w Gda\u0144sku, woj. pomorskie<\/li>\n\n\n\n<li>Budynek gorzelni zespo\u0142u pa\u0142acowo-parkowego z folwarkiem w Kochcicach, woj. \u015bl\u0105skie<\/li>\n\n\n\n<li>Dawna synagoga w Ch\u0119cinach, woj. \u015bwi\u0119tokrzyskie<\/li>\n\n\n\n<li>Budynek hali sportowej w E\u0142ku, woj. warmi\u0144sko-mazurskie<\/li>\n\n\n\n<li>Budynek dawnego ko\u015bcio\u0142a ewangelickiego w Sierakowie, woj. wielkopolskie<\/li>\n\n\n\n<li>Kamienice przy ulicy Ratajczaka 1-3 w Poznaniu, woj. wielkopolskie<\/li>\n\n\n\n<li>Budynek dawnej Kasy Gubernialnej w Kaliszu, woj. wielkopolskie<\/li>\n<\/ol>\n\n\n\n<p><strong>Kategoria D &#8211; architektura i budownictwo drewniane<\/strong>:<\/p>\n\n\n\n<ol class=\"wp-block-list\">\n<li>Ko\u015bci\u00f3\u0142 pw. \u015aw. Krzy\u017ca w \u0141owiczku, woj. kujawsko-pomorskie<\/li>\n\n\n\n<li>Ko\u015bci\u00f3\u0142 pw. Podwy\u017cszenia Krzy\u017ca \u015awi\u0119tego w Lubiechni Ma\u0142ej, woj. lubuskie<\/li>\n\n\n\n<li>Le\u015bnicz\u00f3wka przy ulicy Rydzowej w Warszawie, woj. mazowieckie<\/li>\n\n\n\n<li>Zesp\u00f3\u0142 zabudowy le\u015bnicz\u00f3wki w miejscowo\u015bci Granica, woj. mazowieckie<\/li>\n\n\n\n<li>Kaplica \u015aw. Marii Magdaleny w miejscowo\u015bci Goszyce Las, woj. opolskie<\/li>\n\n\n\n<li>Cerkiew prawos\u0142awna pw. \u015aw. Micha\u0142a Archanio\u0142a w Turza\u0144sku, woj. podkarpackie<\/li>\n\n\n\n<li>Stara Pijalnia w miejscowo\u015bci Gocza\u0142kowice-Zdr\u00f3j, woj. \u015bl\u0105skie<\/li>\n\n\n\n<li>Ko\u015bci\u00f3\u0142 pw. \u015aw. Anny w miejscowo\u015bci Jaktorowo, woj. wielkopolskie<\/li>\n\n\n\n<li>Wie\u017ca po\u017carnicza z Domas\u0142owa, obecnie w Russowie, woj. wielkopolskie<\/li>\n<\/ol>\n\n\n\n<p><strong>Kategoria E &#8211; zabytki techniki<\/strong>:<\/p>\n\n\n\n<ol class=\"wp-block-list\">\n<li>Zagroda m\u0142y\u0144ska w Bogda\u0144cu, woj. lubuskie<\/li>\n\n\n\n<li>Nadszybie i maszynownia szybu \u201eKo\u015bciuszko\u201d na terenie kopalni Ignacy w Rybniku, woj. \u015bl\u0105skie<\/li>\n<\/ol>\n\n\n\n<p><strong>Kategoria F &#8211; zabytek dost\u0119pny<\/strong>:<\/p>\n\n\n\n<ol class=\"wp-block-list\">\n<li>Pa\u0142ac w Jarogniewicach, woj. wielkopolskie<\/li>\n\n\n\n<li>Dawna siedziba lo\u017cy maso\u0144skiej w Gnie\u017anie, woj. wielkopolskie<\/li>\n<\/ol>\n\n\n\n<p><strong>Kategoria specjalna G -w\u0142a\u015bciwe u\u017cytkowanie i sta\u0142a opieka nad zabytkiem<\/strong>:<\/p>\n\n\n\n<ol class=\"wp-block-list\">\n<li>Dom Szewca w Pszczewie, woj. lubuskie<\/li>\n\n\n\n<li>Lamus dworski w Haw\u0142owicach G\u00f3rnych, woj. podkarpackie<\/li>\n<\/ol>\n\n\n\n<p><strong>Gratulujemy!<\/strong><\/p>\n\n\n\n<p>O zako\u0144czonych ju\u017c edycjach konkursu Zabytek Zadbany i o nagrodzonych w nich obiektach przeczyta\u0107 mo\u017cna w serii wydawniczej Narodowego Instytutu Dziedzictwa \u2013 publikacje dost\u0119pne s\u0105 do pobrania w naszej Ksi\u0119garni \u2013 <a href=\"https:\/\/ksiegarnia.nid.pl\/produkt\/zabytek-zadbany-seria-wydawnicza\/\">Zabytek Zadbany (seria wydawnicza) \u2013 Wydawnictwa Narodowego Instytutu Dziedzictwa (nid.pl).<\/a> Zach\u0119camy do lektury i czerpania inspiracji.<\/p>","protected":false},"excerpt":{"rendered":"<p>W tym roku, do konkursu Zabytek Zadbany zg\u0142oszono 78 obiekt\u00f3w &#8211; 67 z nich przesz\u0142o etap oceny formalnej. Zabytek Zadbany to konkurs organizowany przez Ministra Kultury i Dziedzictwa Narodowego oraz [&hellip;]<\/p>","protected":false},"author":7,"featured_media":15741,"comment_status":"closed","ping_status":"closed","sticky":false,"template":"","format":"standard","meta":{"_et_pb_use_builder":"off","_et_pb_old_content":"","_et_gb_content_width":"","_monsterinsights_skip_tracking":false,"_monsterinsights_sitenote_active":false,"_monsterinsights_sitenote_note":"","_monsterinsights_sitenote_category":0,"footnotes":""},"categories":[3,31],"tags":[],"class_list":["post-17293","post","type-post","status-publish","format-standard","has-post-thumbnail","hentry","category-aktualnosci","category-zabytek-zadbany"],"yoast_head":"<!-- This site is optimized with the Yoast SEO plugin v26.5 - https:\/\/yoast.com\/wordpress\/plugins\/seo\/ -->\n<title>Znamy wyniki pierwszego etapu konkursu Zabytek Zadbany 2024 - NID<\/title>\n<meta name=\"robots\" content=\"index, follow, max-snippet:-1, max-image-preview:large, max-video-preview:-1\" \/>\n<link rel=\"canonical\" href=\"https:\/\/nid.pl\/en\/2024\/03\/25\/znamy-wyniki-pierwszego-etapu-konkursu-zabytek-zadbany-2024\/\" \/>\n<meta property=\"og:locale\" content=\"en_GB\" \/>\n<meta property=\"og:type\" content=\"article\" \/>\n<meta property=\"og:title\" content=\"Znamy wyniki pierwszego etapu konkursu Zabytek Zadbany 2024 - NID\" \/>\n<meta property=\"og:description\" content=\"W tym roku, do konkursu Zabytek Zadbany zg\u0142oszono 78 obiekt\u00f3w &#8211; 67 z nich przesz\u0142o etap oceny formalnej. Zabytek Zadbany to konkurs organizowany przez Ministra Kultury i Dziedzictwa Narodowego oraz [&hellip;]\" \/>\n<meta property=\"og:url\" content=\"https:\/\/nid.pl\/en\/2024\/03\/25\/znamy-wyniki-pierwszego-etapu-konkursu-zabytek-zadbany-2024\/\" \/>\n<meta property=\"og:site_name\" content=\"NID\" \/>\n<meta property=\"article:publisher\" content=\"https:\/\/www.facebook.com\/zabytek\" \/>\n<meta property=\"article:published_time\" content=\"2024-03-25T14:49:06+00:00\" \/>\n<meta property=\"article:modified_time\" content=\"2024-04-04T13:28:45+00:00\" \/>\n<meta property=\"og:image\" content=\"https:\/\/nid.pl\/wp-content\/uploads\/2024\/01\/Miniaturka-ZZ.png\" \/>\n\t<meta property=\"og:image:width\" content=\"1857\" \/>\n\t<meta property=\"og:image:height\" content=\"1238\" \/>\n\t<meta property=\"og:image:type\" content=\"image\/png\" \/>\n<meta name=\"author\" content=\"Barbara Halliop\" \/>\n<meta name=\"twitter:card\" content=\"summary_large_image\" \/>\n<meta name=\"twitter:creator\" content=\"@NarIDpl\" \/>\n<meta name=\"twitter:site\" content=\"@NarIDpl\" \/>\n<meta name=\"twitter:label1\" content=\"Written by\" \/>\n\t<meta name=\"twitter:data1\" content=\"Barbara Halliop\" \/>\n\t<meta name=\"twitter:label2\" content=\"Estimated reading time\" \/>\n\t<meta name=\"twitter:data2\" content=\"6 minutes\" \/>\n<script type=\"application\/ld+json\" class=\"yoast-schema-graph\">{\"@context\":\"https:\/\/schema.org\",\"@graph\":[{\"@type\":\"Article\",\"@id\":\"https:\/\/nid.pl\/2024\/03\/25\/znamy-wyniki-pierwszego-etapu-konkursu-zabytek-zadbany-2024\/#article\",\"isPartOf\":{\"@id\":\"https:\/\/nid.pl\/2024\/03\/25\/znamy-wyniki-pierwszego-etapu-konkursu-zabytek-zadbany-2024\/\"},\"author\":{\"name\":\"Barbara Halliop\",\"@id\":\"https:\/\/nid.pl\/#\/schema\/person\/1b690a8998a5111cfb9f0ffe24195a15\"},\"headline\":\"Znamy wyniki pierwszego etapu konkursu Zabytek Zadbany 2024\",\"datePublished\":\"2024-03-25T14:49:06+00:00\",\"dateModified\":\"2024-04-04T13:28:45+00:00\",\"mainEntityOfPage\":{\"@id\":\"https:\/\/nid.pl\/2024\/03\/25\/znamy-wyniki-pierwszego-etapu-konkursu-zabytek-zadbany-2024\/\"},\"wordCount\":990,\"publisher\":{\"@id\":\"https:\/\/nid.pl\/#organization\"},\"image\":{\"@id\":\"https:\/\/nid.pl\/2024\/03\/25\/znamy-wyniki-pierwszego-etapu-konkursu-zabytek-zadbany-2024\/#primaryimage\"},\"thumbnailUrl\":\"https:\/\/nid.pl\/wp-content\/uploads\/2024\/01\/Miniaturka-ZZ.png\",\"articleSection\":[\"Aktualno\u015bci\",\"Zabytek Zadbany\"],\"inLanguage\":\"en-GB\"},{\"@type\":\"WebPage\",\"@id\":\"https:\/\/nid.pl\/2024\/03\/25\/znamy-wyniki-pierwszego-etapu-konkursu-zabytek-zadbany-2024\/\",\"url\":\"https:\/\/nid.pl\/2024\/03\/25\/znamy-wyniki-pierwszego-etapu-konkursu-zabytek-zadbany-2024\/\",\"name\":\"Znamy wyniki pierwszego etapu konkursu Zabytek Zadbany 2024 - NID\",\"isPartOf\":{\"@id\":\"https:\/\/nid.pl\/#website\"},\"primaryImageOfPage\":{\"@id\":\"https:\/\/nid.pl\/2024\/03\/25\/znamy-wyniki-pierwszego-etapu-konkursu-zabytek-zadbany-2024\/#primaryimage\"},\"image\":{\"@id\":\"https:\/\/nid.pl\/2024\/03\/25\/znamy-wyniki-pierwszego-etapu-konkursu-zabytek-zadbany-2024\/#primaryimage\"},\"thumbnailUrl\":\"https:\/\/nid.pl\/wp-content\/uploads\/2024\/01\/Miniaturka-ZZ.png\",\"datePublished\":\"2024-03-25T14:49:06+00:00\",\"dateModified\":\"2024-04-04T13:28:45+00:00\",\"breadcrumb\":{\"@id\":\"https:\/\/nid.pl\/2024\/03\/25\/znamy-wyniki-pierwszego-etapu-konkursu-zabytek-zadbany-2024\/#breadcrumb\"},\"inLanguage\":\"en-GB\",\"potentialAction\":[{\"@type\":\"ReadAction\",\"target\":[\"https:\/\/nid.pl\/2024\/03\/25\/znamy-wyniki-pierwszego-etapu-konkursu-zabytek-zadbany-2024\/\"]}]},{\"@type\":\"ImageObject\",\"inLanguage\":\"en-GB\",\"@id\":\"https:\/\/nid.pl\/2024\/03\/25\/znamy-wyniki-pierwszego-etapu-konkursu-zabytek-zadbany-2024\/#primaryimage\",\"url\":\"https:\/\/nid.pl\/wp-content\/uploads\/2024\/01\/Miniaturka-ZZ.png\",\"contentUrl\":\"https:\/\/nid.pl\/wp-content\/uploads\/2024\/01\/Miniaturka-ZZ.png\",\"width\":1857,\"height\":1238,\"caption\":\"Konkurs Zabytek Zadbany 2024\"},{\"@type\":\"BreadcrumbList\",\"@id\":\"https:\/\/nid.pl\/2024\/03\/25\/znamy-wyniki-pierwszego-etapu-konkursu-zabytek-zadbany-2024\/#breadcrumb\",\"itemListElement\":[{\"@type\":\"ListItem\",\"position\":1,\"name\":\"Home\",\"item\":\"https:\/\/nid.pl\/\"},{\"@type\":\"ListItem\",\"position\":2,\"name\":\"Znamy wyniki pierwszego etapu konkursu Zabytek Zadbany 2024\"}]},{\"@type\":\"WebSite\",\"@id\":\"https:\/\/nid.pl\/#website\",\"url\":\"https:\/\/nid.pl\/\",\"name\":\"NID\",\"description\":\"Narodowy Instytut Dziedzictwa\",\"publisher\":{\"@id\":\"https:\/\/nid.pl\/#organization\"},\"potentialAction\":[{\"@type\":\"SearchAction\",\"target\":{\"@type\":\"EntryPoint\",\"urlTemplate\":\"https:\/\/nid.pl\/?s={search_term_string}\"},\"query-input\":{\"@type\":\"PropertyValueSpecification\",\"valueRequired\":true,\"valueName\":\"search_term_string\"}}],\"inLanguage\":\"en-GB\"},{\"@type\":\"Organization\",\"@id\":\"https:\/\/nid.pl\/#organization\",\"name\":\"Narodowy Instytut Dziedzictwa\",\"url\":\"https:\/\/nid.pl\/\",\"logo\":{\"@type\":\"ImageObject\",\"inLanguage\":\"en-GB\",\"@id\":\"https:\/\/nid.pl\/#\/schema\/logo\/image\/\",\"url\":\"https:\/\/nid.pl\/wp-content\/uploads\/2022\/10\/logoRedDark.png\",\"contentUrl\":\"https:\/\/nid.pl\/wp-content\/uploads\/2022\/10\/logoRedDark.png\",\"width\":200,\"height\":197,\"caption\":\"Narodowy Instytut Dziedzictwa\"},\"image\":{\"@id\":\"https:\/\/nid.pl\/#\/schema\/logo\/image\/\"},\"sameAs\":[\"https:\/\/www.facebook.com\/zabytek\",\"https:\/\/x.com\/NarIDpl\",\"https:\/\/www.instagram.com\/nid.pl\/?hl=pl\",\"https:\/\/www.linkedin.com\/company\/narodowy-instytut-dziedzictwa\",\"https:\/\/www.youtube.com\/channel\/UCQXuhKa2uHtmNvLRUSx40JA\"]},{\"@type\":\"Person\",\"@id\":\"https:\/\/nid.pl\/#\/schema\/person\/1b690a8998a5111cfb9f0ffe24195a15\",\"name\":\"Barbara Halliop\",\"image\":{\"@type\":\"ImageObject\",\"inLanguage\":\"en-GB\",\"@id\":\"https:\/\/nid.pl\/#\/schema\/person\/image\/\",\"url\":\"https:\/\/nid.pl\/wp-content\/litespeed\/avatar\/924046d17dd0c842c9fa9ccf489bc6dc.jpg?ver=1776840122\",\"contentUrl\":\"https:\/\/nid.pl\/wp-content\/litespeed\/avatar\/924046d17dd0c842c9fa9ccf489bc6dc.jpg?ver=1776840122\",\"caption\":\"Barbara Halliop\"},\"url\":\"https:\/\/nid.pl\/en\/author\/bhalliop\/\"}]}<\/script>\n<!-- \/ Yoast SEO plugin. -->","yoast_head_json":{"title":"Znamy wyniki pierwszego etapu konkursu Zabytek Zadbany 2024 - NID","robots":{"index":"index","follow":"follow","max-snippet":"max-snippet:-1","max-image-preview":"max-image-preview:large","max-video-preview":"max-video-preview:-1"},"canonical":"https:\/\/nid.pl\/en\/2024\/03\/25\/znamy-wyniki-pierwszego-etapu-konkursu-zabytek-zadbany-2024\/","og_locale":"en_GB","og_type":"article","og_title":"Znamy wyniki pierwszego etapu konkursu Zabytek Zadbany 2024 - NID","og_description":"W tym roku, do konkursu Zabytek Zadbany zg\u0142oszono 78 obiekt\u00f3w &#8211; 67 z nich przesz\u0142o etap oceny formalnej. Zabytek Zadbany to konkurs organizowany przez Ministra Kultury i Dziedzictwa Narodowego oraz [&hellip;]","og_url":"https:\/\/nid.pl\/en\/2024\/03\/25\/znamy-wyniki-pierwszego-etapu-konkursu-zabytek-zadbany-2024\/","og_site_name":"NID","article_publisher":"https:\/\/www.facebook.com\/zabytek","article_published_time":"2024-03-25T14:49:06+00:00","article_modified_time":"2024-04-04T13:28:45+00:00","og_image":[{"width":1857,"height":1238,"url":"https:\/\/nid.pl\/wp-content\/uploads\/2024\/01\/Miniaturka-ZZ.png","type":"image\/png"}],"author":"Barbara Halliop","twitter_card":"summary_large_image","twitter_creator":"@NarIDpl","twitter_site":"@NarIDpl","twitter_misc":{"Written by":"Barbara Halliop","Estimated reading time":"6 minutes"},"schema":{"@context":"https:\/\/schema.org","@graph":[{"@type":"Article","@id":"https:\/\/nid.pl\/2024\/03\/25\/znamy-wyniki-pierwszego-etapu-konkursu-zabytek-zadbany-2024\/#article","isPartOf":{"@id":"https:\/\/nid.pl\/2024\/03\/25\/znamy-wyniki-pierwszego-etapu-konkursu-zabytek-zadbany-2024\/"},"author":{"name":"Barbara Halliop","@id":"https:\/\/nid.pl\/#\/schema\/person\/1b690a8998a5111cfb9f0ffe24195a15"},"headline":"Znamy wyniki pierwszego etapu konkursu Zabytek Zadbany 2024","datePublished":"2024-03-25T14:49:06+00:00","dateModified":"2024-04-04T13:28:45+00:00","mainEntityOfPage":{"@id":"https:\/\/nid.pl\/2024\/03\/25\/znamy-wyniki-pierwszego-etapu-konkursu-zabytek-zadbany-2024\/"},"wordCount":990,"publisher":{"@id":"https:\/\/nid.pl\/#organization"},"image":{"@id":"https:\/\/nid.pl\/2024\/03\/25\/znamy-wyniki-pierwszego-etapu-konkursu-zabytek-zadbany-2024\/#primaryimage"},"thumbnailUrl":"https:\/\/nid.pl\/wp-content\/uploads\/2024\/01\/Miniaturka-ZZ.png","articleSection":["Aktualno\u015bci","Zabytek Zadbany"],"inLanguage":"en-GB"},{"@type":"WebPage","@id":"https:\/\/nid.pl\/2024\/03\/25\/znamy-wyniki-pierwszego-etapu-konkursu-zabytek-zadbany-2024\/","url":"https:\/\/nid.pl\/2024\/03\/25\/znamy-wyniki-pierwszego-etapu-konkursu-zabytek-zadbany-2024\/","name":"Znamy wyniki pierwszego etapu konkursu Zabytek Zadbany 2024 - NID","isPartOf":{"@id":"https:\/\/nid.pl\/#website"},"primaryImageOfPage":{"@id":"https:\/\/nid.pl\/2024\/03\/25\/znamy-wyniki-pierwszego-etapu-konkursu-zabytek-zadbany-2024\/#primaryimage"},"image":{"@id":"https:\/\/nid.pl\/2024\/03\/25\/znamy-wyniki-pierwszego-etapu-konkursu-zabytek-zadbany-2024\/#primaryimage"},"thumbnailUrl":"https:\/\/nid.pl\/wp-content\/uploads\/2024\/01\/Miniaturka-ZZ.png","datePublished":"2024-03-25T14:49:06+00:00","dateModified":"2024-04-04T13:28:45+00:00","breadcrumb":{"@id":"https:\/\/nid.pl\/2024\/03\/25\/znamy-wyniki-pierwszego-etapu-konkursu-zabytek-zadbany-2024\/#breadcrumb"},"inLanguage":"en-GB","potentialAction":[{"@type":"ReadAction","target":["https:\/\/nid.pl\/2024\/03\/25\/znamy-wyniki-pierwszego-etapu-konkursu-zabytek-zadbany-2024\/"]}]},{"@type":"ImageObject","inLanguage":"en-GB","@id":"https:\/\/nid.pl\/2024\/03\/25\/znamy-wyniki-pierwszego-etapu-konkursu-zabytek-zadbany-2024\/#primaryimage","url":"https:\/\/nid.pl\/wp-content\/uploads\/2024\/01\/Miniaturka-ZZ.png","contentUrl":"https:\/\/nid.pl\/wp-content\/uploads\/2024\/01\/Miniaturka-ZZ.png","width":1857,"height":1238,"caption":"Konkurs Zabytek Zadbany 2024"},{"@type":"BreadcrumbList","@id":"https:\/\/nid.pl\/2024\/03\/25\/znamy-wyniki-pierwszego-etapu-konkursu-zabytek-zadbany-2024\/#breadcrumb","itemListElement":[{"@type":"ListItem","position":1,"name":"Home","item":"https:\/\/nid.pl\/"},{"@type":"ListItem","position":2,"name":"Znamy wyniki pierwszego etapu konkursu Zabytek Zadbany 2024"}]},{"@type":"WebSite","@id":"https:\/\/nid.pl\/#website","url":"https:\/\/nid.pl\/","name":"NID","description":"Narodowy Instytut Dziedzictwa","publisher":{"@id":"https:\/\/nid.pl\/#organization"},"potentialAction":[{"@type":"SearchAction","target":{"@type":"EntryPoint","urlTemplate":"https:\/\/nid.pl\/?s={search_term_string}"},"query-input":{"@type":"PropertyValueSpecification","valueRequired":true,"valueName":"search_term_string"}}],"inLanguage":"en-GB"},{"@type":"Organization","@id":"https:\/\/nid.pl\/#organization","name":"Narodowy Instytut Dziedzictwa","url":"https:\/\/nid.pl\/","logo":{"@type":"ImageObject","inLanguage":"en-GB","@id":"https:\/\/nid.pl\/#\/schema\/logo\/image\/","url":"https:\/\/nid.pl\/wp-content\/uploads\/2022\/10\/logoRedDark.png","contentUrl":"https:\/\/nid.pl\/wp-content\/uploads\/2022\/10\/logoRedDark.png","width":200,"height":197,"caption":"Narodowy Instytut Dziedzictwa"},"image":{"@id":"https:\/\/nid.pl\/#\/schema\/logo\/image\/"},"sameAs":["https:\/\/www.facebook.com\/zabytek","https:\/\/x.com\/NarIDpl","https:\/\/www.instagram.com\/nid.pl\/?hl=pl","https:\/\/www.linkedin.com\/company\/narodowy-instytut-dziedzictwa","https:\/\/www.youtube.com\/channel\/UCQXuhKa2uHtmNvLRUSx40JA"]},{"@type":"Person","@id":"https:\/\/nid.pl\/#\/schema\/person\/1b690a8998a5111cfb9f0ffe24195a15","name":"Barbara Halliop","image":{"@type":"ImageObject","inLanguage":"en-GB","@id":"https:\/\/nid.pl\/#\/schema\/person\/image\/","url":"https:\/\/nid.pl\/wp-content\/litespeed\/avatar\/924046d17dd0c842c9fa9ccf489bc6dc.jpg?ver=1776840122","contentUrl":"https:\/\/nid.pl\/wp-content\/litespeed\/avatar\/924046d17dd0c842c9fa9ccf489bc6dc.jpg?ver=1776840122","caption":"Barbara Halliop"},"url":"https:\/\/nid.pl\/en\/author\/bhalliop\/"}]}},"_links":{"self":[{"href":"https:\/\/nid.pl\/en\/wp-json\/wp\/v2\/posts\/17293","targetHints":{"allow":["GET"]}}],"collection":[{"href":"https:\/\/nid.pl\/en\/wp-json\/wp\/v2\/posts"}],"about":[{"href":"https:\/\/nid.pl\/en\/wp-json\/wp\/v2\/types\/post"}],"author":[{"embeddable":true,"href":"https:\/\/nid.pl\/en\/wp-json\/wp\/v2\/users\/7"}],"replies":[{"embeddable":true,"href":"https:\/\/nid.pl\/en\/wp-json\/wp\/v2\/comments?post=17293"}],"version-history":[{"count":0,"href":"https:\/\/nid.pl\/en\/wp-json\/wp\/v2\/posts\/17293\/revisions"}],"wp:featuredmedia":[{"embeddable":true,"href":"https:\/\/nid.pl\/en\/wp-json\/wp\/v2\/media\/15741"}],"wp:attachment":[{"href":"https:\/\/nid.pl\/en\/wp-json\/wp\/v2\/media?parent=17293"}],"wp:term":[{"taxonomy":"category","embeddable":true,"href":"https:\/\/nid.pl\/en\/wp-json\/wp\/v2\/categories?post=17293"},{"taxonomy":"post_tag","embeddable":true,"href":"https:\/\/nid.pl\/en\/wp-json\/wp\/v2\/tags?post=17293"}],"curies":[{"name":"wp","href":"https:\/\/api.w.org\/{rel}","templated":true}]}}