{"id":17165,"date":"2024-03-22T15:50:44","date_gmt":"2024-03-22T14:50:44","guid":{"rendered":"https:\/\/nid.pl\/?p=17165"},"modified":"2024-06-27T10:22:10","modified_gmt":"2024-06-27T08:22:10","slug":"sto-lat-temu-urodzil-sie-marian-kornecki","status":"publish","type":"post","link":"https:\/\/nid.pl\/en\/2024\/03\/22\/sto-lat-temu-urodzil-sie-marian-kornecki\/","title":{"rendered":"Sto lat temu urodzi\u0142 si\u0119 Marian Kornecki \u2013 historyk sztuki, konserwator zabytk\u00f3w, badacz architektury drewnianej"},"content":{"rendered":"<p><strong>To mi\u0119dzy innymi jego zaanga\u017cowanie w badanie i ochron\u0119 ma\u0142opolskich drewnianych ko\u015bcio\u0142\u00f3w przyczyni\u0142o si\u0119 do ich wpisu na List\u0119 \u015bwiatowego dziedzictwa UNESCO. Kim by\u0142 dr Marian Kornecki?<\/strong><\/p>\n\n\n\n<p>Pisano o nim &#8211; \u201cwybitny znawca i wielki mi\u0142o\u015bnik sakralnej architektury drewnianej\u201d, \u201cmi\u0142o\u015bnik pi\u0119kna i sztuk wszelkich\u201d<sup data-fn=\"5e688cea-5d0c-43d0-a442-14e332c8f705\" class=\"fn\"><a href=\"#5e688cea-5d0c-43d0-a442-14e332c8f705\" id=\"5e688cea-5d0c-43d0-a442-14e332c8f705-link\">1<\/a><\/sup>, \u201euczony bez reszty oddany ratowaniu ojczystego dziedzictwa kulturowego\u201d<sup data-fn=\"2245e86b-26a8-45eb-84ff-013383d4e244\" class=\"fn\"><a href=\"#2245e86b-26a8-45eb-84ff-013383d4e244\" id=\"2245e86b-26a8-45eb-84ff-013383d4e244-link\">2<\/a><\/sup>.<\/p>\n\n\n\n<p><br>Marian Kornecki urodzi\u0142 si\u0119 24 marca 1924 roku w Krakowie. Wojna przerwa\u0142a jego edukacj\u0119 oraz zabra\u0142a mu ojca, doktora prawa, zamordowanego w Auschwitz. Nauk\u0119 podczas okupacji kontynuowa\u0107 musia\u0142 na tajnych kompletach, by\u0142 te\u017c \u017co\u0142nierzem Zgrupowania \u201e\u017belbet\u201d AK. W 1946 roku rozpocz\u0105\u0142 studia prawnicze na Uniwersytecie Jagiello\u0144skim, w pierwszych powojennych latach pracowa\u0142 te\u017c w Dyrekcji Okr\u0119gowej Kolei Pa\u0144stwowej. Jednak ta droga musia\u0142a nie w pe\u0142ni satysfakcjonowa\u0107 Mariana Korneckiego, kt\u00f3ry zacz\u0105\u0142 kierowa\u0107 si\u0119 ku nowej pasji. Po obronie magisterki podj\u0105\u0142 prac\u0119 w krakowskim Wojew\u00f3dzkim Urz\u0119dzie Konserwatorskim, w 1967 roku zosta\u0142 tam kierownikiem Zespo\u0142u Dokumentacji Zabytk\u00f3w.<\/p>\n\n\n\n<p>Przez du\u017c\u0105 cz\u0119\u015b\u0107 zawodowego \u017cycia realizowa\u0142 dwa wielkie dzie\u0142a \u2013 inwentaryzacj\u0119 polskich zabytk\u00f3w oraz badanie architektury drewnianej, w szczeg\u00f3lno\u015bci ko\u015bcio\u0142\u00f3w. Ta pierwsza dzia\u0142alno\u015b\u0107 zaowocowa\u0142a wsp\u00f3\u0142redakcj\u0105 czterdziestu trzech tom\u00f3w \u201eKatalogu Zabytk\u00f3w Sztuki w Polsce\u201d. Z kolei architekturze sakralnej po\u015bwi\u0119ci\u0142 swoj\u0105 prac\u0119 doktorsk\u0105, Ko\u015bcio\u0142y drewniane w Ma\u0142opolsce. Zagadnienia uwarunkowa\u0144 oraz systematyka typ\u00f3w i form architektury od \u015bredniowiecza do XX wieku, kt\u00f3r\u0105 obroni\u0142 w 1988 roku. Wyda\u0142 tak\u017ce 105 zeszyt\u00f3w \u201eKo\u015bcio\u0142\u00f3w Drewnianych\u201d. Pracowa\u0142 nad dokumentacj\u0105 do wpisu drewnianych ko\u015bcio\u0142\u00f3w Po\u0142udniowej Ma\u0142opolski na List\u0119 \u015awiatowego Dziedzictwa UNSECO. Oburza\u0142 si\u0119, gdy zabierano elementy wyposa\u017cenia ko\u015bcio\u0142\u00f3w do muze\u00f3w.<\/p>\n\n\n\n<p>Na jego oczach zacz\u0105\u0142 uszczupla\u0107 si\u0119 zas\u00f3b architektury uzdrowiskowej, budownictwa wiejskiego czy niezdaj\u0105cych egzaminu z nowoczesno\u015bci zabytk\u00f3w techniki, co motywowa\u0142o go do pilnej dokumentacji tego typu obiekt\u00f3w. Publikowa\u0142 te\u017c prace z zakresu ochrony krajobrazu kulturowego, co r\u00f3wnie\u017c by\u0142o zaniedbanym obszarem \u00f3wczesnej polityki konserwatorskiej.<br>W artykule Problemy pejza\u017cu kulturowego wsi pisa\u0142 \u2013 \u201e(\u2026) przez lata ca\u0142e zagadnienia budownictwa wiejskiego traktowano jako bli\u017cej nieokre\u015blon\u0105 problematyk\u0119 \u201eetnograficzn\u0105\u201d, co jakoby mia\u0142o uzasadnia\u0107 brak zainteresowania oficjalnej ochrony zabytk\u00f3w (\u2026). Podobnie wygl\u0105da\u0142a sprawa zabytk\u00f3w techniki, zaliczanych automatycznie do \u201eobiekt\u00f3w kultury materialnej\u201d. W tej sytuacji ju\u017c w latach pi\u0119\u0107dziesi\u0105tych pocz\u0119\u0142y znika\u0107 z pejza\u017cu kulturowego Polski szacowne, odwieczne pomniki pracy ludzkiej. Przy braku odpowiednich bada\u0144 nad t\u0105 problematyk\u0105, wytrzebienie z krajobrazu wsi ich jak\u017ce nieod\u0142\u0105cznych element\u00f3w pozostawia za sob\u0105 luk\u0119 w \u015bwiadomo\u015bci przysz\u0142ych pokole\u0144, nie daj\u0105c\u0105 si\u0119 ju\u017c niczym zape\u0142ni\u0107\u201d.<\/p>\n\n\n\n<p>W 1976 roku zosta\u0142 kierownikiem Pracowni Dokumentacji Naukowej i Ewidencji Konserwatorskiej w Oddziale Krakowskim PP Pracowni Konserwacji Zabytk\u00f3w. By\u0142 wyk\u0142adowc\u0105 na Uniwersytecie Jagiello\u0144skim, cz\u0142onkiem Stowarzyszenia Historyk\u00f3w Sztuki, Spo\u0142ecznego Komitetu Odnowy Zabytk\u00f3w Krakowa, Prezydium Polskiego Komitetu Narodowego ICOMOS, wsp\u00f3\u0142za\u0142o\u017cycielem Regionalnego O\u015brodka Studi\u00f3w i Ochrony \u015arodowiska Kulturowego w Krakowie, rzeczoznawc\u0105 Ministra Kultury oraz wsp\u00f3\u0142pracownikiem O\u015brodka Dokumentacji Zabytk\u00f3w.<\/p>\n\n\n\n<p>Zmar\u0142 w 2001 roku, a od 2003 roku przyznawana jest Nagroda Wojew\u00f3dztwa Ma\u0142opolskiego im. Mariana Korneckiego, kt\u00f3r\u0105 uzyska\u0107 mo\u017cna za realizacj\u0119 projekt\u00f3w dotycz\u0105cych opieki, adaptacji czy prac konserwatorskich przy zabytkach architektury drewnianej. Dwa lata po jego \u015bmierci, UNESCO wpisa\u0142o na List\u0119 sze\u015b\u0107 drewnianych ko\u015bcio\u0142\u00f3w Po\u0142udniowej Ma\u0142opolski. <a href=\"https:\/\/nid.pl\/en\/skarby-drewnianej-architektury-sakralnej-koscioly-i-cerkwie-na-liscie-swiatowego-dziedzictwa-unesco\/\">Jubileusz tego wpisu<\/a> Narodowy Instytut Dziedzictwa obchodzi\u0142 w 2023 roku.<\/p>\n\n\n\n<p>Pozostawi\u0142 po sobie kilkaset publikacji, kt\u00f3rych by\u0142 autorem lub wsp\u00f3\u0142autorem, a tak\u017ce ogromn\u0105 liczb\u0119 dokument\u00f3w i rysunk\u00f3w tworzonych na potrzeby prac inwentaryzacyjnych przy zabytkach. Dzi\u0119ki darowi\u017anie rodziny Mariana Korneckiego, Narodowy Instytut Dziedzictwa w swoim archiwum posiada zbi\u00f3r r\u0119kopis\u00f3w, notatek z prac terenowych, maszynopis\u00f3w opublikowanych artyku\u0142\u00f3w oraz kilka tysi\u0119cy fotografii zabytk\u00f3w z terenu wojew\u00f3dztwa ma\u0142opolskiego i innych region\u00f3w Polski. <a href=\"https:\/\/nid.pl\/en\/zasoby\/spuscizny-naukowe\/\" target=\"_blank\" rel=\"noreferrer noopener\">Spu\u015bcizna Mariana Korneckiego<\/a> przechowywana jest w Oddziale Terenowym w Krakowie NID.<\/p>\n\n\n<ol class=\"wp-block-footnotes\"><li id=\"5e688cea-5d0c-43d0-a442-14e332c8f705\">A. Gaczo\u0142, Marian Kornecki (1924-2001), <em>Wiadomo\u015bci konserwatorskie, <\/em>20<em>, <\/em>2006 <a href=\"#5e688cea-5d0c-43d0-a442-14e332c8f705-link\" aria-label=\"Jump to footnote reference 1\">\u21a9\ufe0e<\/a><\/li><li id=\"2245e86b-26a8-45eb-84ff-013383d4e244\">R. Marcinek, Marian Kornecki (1924-2001), <em>Ochrona Zabytk\u00f3w, <\/em>54\/4 (215), 2001 <a href=\"#2245e86b-26a8-45eb-84ff-013383d4e244-link\" aria-label=\"Jump to footnote reference 2\">\u21a9\ufe0e<\/a><\/li><\/ol>\n\n\n<figure class=\"wp-block-image aligncenter size-full\"><img loading=\"lazy\" decoding=\"async\" width=\"960\" height=\"696\" src=\"https:\/\/nid.pl\/wp-content\/uploads\/2024\/03\/NAZDJC1.jpg\" alt=\"\" class=\"wp-image-17204\" srcset=\"https:\/\/nid.pl\/wp-content\/uploads\/2024\/03\/NAZDJC1.jpg 960w, https:\/\/nid.pl\/wp-content\/uploads\/2024\/03\/NAZDJC1-480x348.jpg 480w\" sizes=\"(min-width: 0px) and (max-width: 480px) 480px, (min-width: 481px) 960px, 100vw\" \/><figcaption class=\"wp-element-caption\">Na zdj\u0119ciu od lewej Tadeusz Chrzanowski, Jan Samek, Marian Kornecki &#8211; pod drzewem, fot. archiwum Jana Samka<\/figcaption><\/figure>","protected":false},"excerpt":{"rendered":"<p>To mi\u0119dzy innymi jego zaanga\u017cowanie w badanie i ochron\u0119 ma\u0142opolskich drewnianych ko\u015bcio\u0142\u00f3w przyczyni\u0142o si\u0119 do ich wpisu na List\u0119 \u015bwiatowego dziedzictwa UNESCO. Kim by\u0142 dr Marian Kornecki? Pisano o nim [&hellip;]<\/p>","protected":false},"author":4,"featured_media":17183,"comment_status":"closed","ping_status":"closed","sticky":false,"template":"","format":"standard","meta":{"_et_pb_use_builder":"off","_et_pb_old_content":"","_et_gb_content_width":"","_monsterinsights_skip_tracking":false,"_monsterinsights_sitenote_active":false,"_monsterinsights_sitenote_note":"","_monsterinsights_sitenote_category":0,"footnotes":"[{\"content\":\"A. Gaczo\u0142, Marian Kornecki (1924-2001), <em>Wiadomo\u015bci konserwatorskie, <\/em>20<em>, <\/em>2006\",\"id\":\"5e688cea-5d0c-43d0-a442-14e332c8f705\"},{\"content\":\"R. Marcinek, Marian Kornecki (1924-2001), <em>Ochrona Zabytk\u00f3w, <\/em>54\/4 (215), 2001\",\"id\":\"2245e86b-26a8-45eb-84ff-013383d4e244\"}]"},"categories":[3,120],"tags":[],"class_list":["post-17165","post","type-post","status-publish","format-standard","has-post-thumbnail","hentry","category-aktualnosci","category-sylwetki"],"yoast_head":"<!-- This site is optimized with the Yoast SEO plugin v26.5 - https:\/\/yoast.com\/wordpress\/plugins\/seo\/ -->\n<title>Sto lat temu urodzi\u0142 si\u0119 Marian Kornecki \u2013 historyk sztuki, konserwator zabytk\u00f3w, badacz architektury drewnianej - NID<\/title>\n<meta name=\"robots\" content=\"index, follow, max-snippet:-1, max-image-preview:large, max-video-preview:-1\" \/>\n<link rel=\"canonical\" href=\"https:\/\/nid.pl\/en\/2024\/03\/22\/sto-lat-temu-urodzil-sie-marian-kornecki\/\" \/>\n<meta property=\"og:locale\" content=\"en_GB\" \/>\n<meta property=\"og:type\" content=\"article\" \/>\n<meta property=\"og:title\" content=\"Sto lat temu urodzi\u0142 si\u0119 Marian Kornecki \u2013 historyk sztuki, konserwator zabytk\u00f3w, badacz architektury drewnianej - NID\" \/>\n<meta property=\"og:description\" content=\"To mi\u0119dzy innymi jego zaanga\u017cowanie w badanie i ochron\u0119 ma\u0142opolskich drewnianych ko\u015bcio\u0142\u00f3w przyczyni\u0142o si\u0119 do ich wpisu na List\u0119 \u015bwiatowego dziedzictwa UNESCO. Kim by\u0142 dr Marian Kornecki? Pisano o nim [&hellip;]\" \/>\n<meta property=\"og:url\" content=\"https:\/\/nid.pl\/en\/2024\/03\/22\/sto-lat-temu-urodzil-sie-marian-kornecki\/\" \/>\n<meta property=\"og:site_name\" content=\"NID\" \/>\n<meta property=\"article:publisher\" content=\"https:\/\/www.facebook.com\/zabytek\" \/>\n<meta property=\"article:published_time\" content=\"2024-03-22T14:50:44+00:00\" \/>\n<meta property=\"article:modified_time\" content=\"2024-06-27T08:22:10+00:00\" \/>\n<meta property=\"og:image\" content=\"https:\/\/nid.pl\/wp-content\/uploads\/2024\/03\/Sto-lat-temu-urodzil-sie-Marian-Kornecki_miniaturka.jpg\" \/>\n\t<meta property=\"og:image:width\" content=\"1857\" \/>\n\t<meta property=\"og:image:height\" content=\"1238\" \/>\n\t<meta property=\"og:image:type\" content=\"image\/jpeg\" \/>\n<meta name=\"author\" content=\"Marta Or\u0119ziak\" \/>\n<meta name=\"twitter:card\" content=\"summary_large_image\" \/>\n<meta name=\"twitter:creator\" content=\"@NarIDpl\" \/>\n<meta name=\"twitter:site\" content=\"@NarIDpl\" \/>\n<meta name=\"twitter:label1\" content=\"Written by\" \/>\n\t<meta name=\"twitter:data1\" content=\"Marta Or\u0119ziak\" \/>\n\t<meta name=\"twitter:label2\" content=\"Estimated reading time\" \/>\n\t<meta name=\"twitter:data2\" content=\"4 minutes\" \/>\n<script type=\"application\/ld+json\" class=\"yoast-schema-graph\">{\"@context\":\"https:\/\/schema.org\",\"@graph\":[{\"@type\":\"Article\",\"@id\":\"https:\/\/nid.pl\/2024\/03\/22\/sto-lat-temu-urodzil-sie-marian-kornecki\/#article\",\"isPartOf\":{\"@id\":\"https:\/\/nid.pl\/2024\/03\/22\/sto-lat-temu-urodzil-sie-marian-kornecki\/\"},\"author\":{\"name\":\"Marta Or\u0119ziak\",\"@id\":\"https:\/\/nid.pl\/#\/schema\/person\/9d848c4a54b78bc2a1461f1c5d8de615\"},\"headline\":\"Sto lat temu urodzi\u0142 si\u0119 Marian Kornecki \u2013 historyk sztuki, konserwator zabytk\u00f3w, badacz architektury drewnianej\",\"datePublished\":\"2024-03-22T14:50:44+00:00\",\"dateModified\":\"2024-06-27T08:22:10+00:00\",\"mainEntityOfPage\":{\"@id\":\"https:\/\/nid.pl\/2024\/03\/22\/sto-lat-temu-urodzil-sie-marian-kornecki\/\"},\"wordCount\":695,\"publisher\":{\"@id\":\"https:\/\/nid.pl\/#organization\"},\"image\":{\"@id\":\"https:\/\/nid.pl\/2024\/03\/22\/sto-lat-temu-urodzil-sie-marian-kornecki\/#primaryimage\"},\"thumbnailUrl\":\"https:\/\/nid.pl\/wp-content\/uploads\/2024\/03\/Sto-lat-temu-urodzil-sie-Marian-Kornecki_miniaturka.jpg\",\"articleSection\":[\"Aktualno\u015bci\",\"Sylwetki\"],\"inLanguage\":\"en-GB\"},{\"@type\":\"WebPage\",\"@id\":\"https:\/\/nid.pl\/2024\/03\/22\/sto-lat-temu-urodzil-sie-marian-kornecki\/\",\"url\":\"https:\/\/nid.pl\/2024\/03\/22\/sto-lat-temu-urodzil-sie-marian-kornecki\/\",\"name\":\"Sto lat temu urodzi\u0142 si\u0119 Marian Kornecki \u2013 historyk sztuki, konserwator zabytk\u00f3w, badacz architektury drewnianej - NID\",\"isPartOf\":{\"@id\":\"https:\/\/nid.pl\/#website\"},\"primaryImageOfPage\":{\"@id\":\"https:\/\/nid.pl\/2024\/03\/22\/sto-lat-temu-urodzil-sie-marian-kornecki\/#primaryimage\"},\"image\":{\"@id\":\"https:\/\/nid.pl\/2024\/03\/22\/sto-lat-temu-urodzil-sie-marian-kornecki\/#primaryimage\"},\"thumbnailUrl\":\"https:\/\/nid.pl\/wp-content\/uploads\/2024\/03\/Sto-lat-temu-urodzil-sie-Marian-Kornecki_miniaturka.jpg\",\"datePublished\":\"2024-03-22T14:50:44+00:00\",\"dateModified\":\"2024-06-27T08:22:10+00:00\",\"breadcrumb\":{\"@id\":\"https:\/\/nid.pl\/2024\/03\/22\/sto-lat-temu-urodzil-sie-marian-kornecki\/#breadcrumb\"},\"inLanguage\":\"en-GB\",\"potentialAction\":[{\"@type\":\"ReadAction\",\"target\":[\"https:\/\/nid.pl\/2024\/03\/22\/sto-lat-temu-urodzil-sie-marian-kornecki\/\"]}]},{\"@type\":\"ImageObject\",\"inLanguage\":\"en-GB\",\"@id\":\"https:\/\/nid.pl\/2024\/03\/22\/sto-lat-temu-urodzil-sie-marian-kornecki\/#primaryimage\",\"url\":\"https:\/\/nid.pl\/wp-content\/uploads\/2024\/03\/Sto-lat-temu-urodzil-sie-Marian-Kornecki_miniaturka.jpg\",\"contentUrl\":\"https:\/\/nid.pl\/wp-content\/uploads\/2024\/03\/Sto-lat-temu-urodzil-sie-Marian-Kornecki_miniaturka.jpg\",\"width\":1857,\"height\":1238,\"caption\":\"zdj\u0119cie archiwalne drewnianego ko\u015bcio\u0142a wykonane przez Mariana Korneckiego\"},{\"@type\":\"BreadcrumbList\",\"@id\":\"https:\/\/nid.pl\/2024\/03\/22\/sto-lat-temu-urodzil-sie-marian-kornecki\/#breadcrumb\",\"itemListElement\":[{\"@type\":\"ListItem\",\"position\":1,\"name\":\"Home\",\"item\":\"https:\/\/nid.pl\/\"},{\"@type\":\"ListItem\",\"position\":2,\"name\":\"Sto lat temu urodzi\u0142 si\u0119 Marian Kornecki \u2013 historyk sztuki, konserwator zabytk\u00f3w, badacz architektury drewnianej\"}]},{\"@type\":\"WebSite\",\"@id\":\"https:\/\/nid.pl\/#website\",\"url\":\"https:\/\/nid.pl\/\",\"name\":\"NID\",\"description\":\"Narodowy Instytut Dziedzictwa\",\"publisher\":{\"@id\":\"https:\/\/nid.pl\/#organization\"},\"potentialAction\":[{\"@type\":\"SearchAction\",\"target\":{\"@type\":\"EntryPoint\",\"urlTemplate\":\"https:\/\/nid.pl\/?s={search_term_string}\"},\"query-input\":{\"@type\":\"PropertyValueSpecification\",\"valueRequired\":true,\"valueName\":\"search_term_string\"}}],\"inLanguage\":\"en-GB\"},{\"@type\":\"Organization\",\"@id\":\"https:\/\/nid.pl\/#organization\",\"name\":\"Narodowy Instytut Dziedzictwa\",\"url\":\"https:\/\/nid.pl\/\",\"logo\":{\"@type\":\"ImageObject\",\"inLanguage\":\"en-GB\",\"@id\":\"https:\/\/nid.pl\/#\/schema\/logo\/image\/\",\"url\":\"https:\/\/nid.pl\/wp-content\/uploads\/2022\/10\/logoRedDark.png\",\"contentUrl\":\"https:\/\/nid.pl\/wp-content\/uploads\/2022\/10\/logoRedDark.png\",\"width\":200,\"height\":197,\"caption\":\"Narodowy Instytut Dziedzictwa\"},\"image\":{\"@id\":\"https:\/\/nid.pl\/#\/schema\/logo\/image\/\"},\"sameAs\":[\"https:\/\/www.facebook.com\/zabytek\",\"https:\/\/x.com\/NarIDpl\",\"https:\/\/www.instagram.com\/nid.pl\/?hl=pl\",\"https:\/\/www.linkedin.com\/company\/narodowy-instytut-dziedzictwa\",\"https:\/\/www.youtube.com\/channel\/UCQXuhKa2uHtmNvLRUSx40JA\"]},{\"@type\":\"Person\",\"@id\":\"https:\/\/nid.pl\/#\/schema\/person\/9d848c4a54b78bc2a1461f1c5d8de615\",\"name\":\"Marta Or\u0119ziak\",\"image\":{\"@type\":\"ImageObject\",\"inLanguage\":\"en-GB\",\"@id\":\"https:\/\/nid.pl\/#\/schema\/person\/image\/\",\"url\":\"https:\/\/nid.pl\/wp-content\/litespeed\/avatar\/3cdc296a7eb01425272974c992bee3ea.jpg?ver=1776840456\",\"contentUrl\":\"https:\/\/nid.pl\/wp-content\/litespeed\/avatar\/3cdc296a7eb01425272974c992bee3ea.jpg?ver=1776840456\",\"caption\":\"Marta Or\u0119ziak\"},\"url\":\"https:\/\/nid.pl\/en\/author\/moreziak\/\"}]}<\/script>\n<!-- \/ Yoast SEO plugin. -->","yoast_head_json":{"title":"Sto lat temu urodzi\u0142 si\u0119 Marian Kornecki \u2013 historyk sztuki, konserwator zabytk\u00f3w, badacz architektury drewnianej - NID","robots":{"index":"index","follow":"follow","max-snippet":"max-snippet:-1","max-image-preview":"max-image-preview:large","max-video-preview":"max-video-preview:-1"},"canonical":"https:\/\/nid.pl\/en\/2024\/03\/22\/sto-lat-temu-urodzil-sie-marian-kornecki\/","og_locale":"en_GB","og_type":"article","og_title":"Sto lat temu urodzi\u0142 si\u0119 Marian Kornecki \u2013 historyk sztuki, konserwator zabytk\u00f3w, badacz architektury drewnianej - NID","og_description":"To mi\u0119dzy innymi jego zaanga\u017cowanie w badanie i ochron\u0119 ma\u0142opolskich drewnianych ko\u015bcio\u0142\u00f3w przyczyni\u0142o si\u0119 do ich wpisu na List\u0119 \u015bwiatowego dziedzictwa UNESCO. Kim by\u0142 dr Marian Kornecki? Pisano o nim [&hellip;]","og_url":"https:\/\/nid.pl\/en\/2024\/03\/22\/sto-lat-temu-urodzil-sie-marian-kornecki\/","og_site_name":"NID","article_publisher":"https:\/\/www.facebook.com\/zabytek","article_published_time":"2024-03-22T14:50:44+00:00","article_modified_time":"2024-06-27T08:22:10+00:00","og_image":[{"width":1857,"height":1238,"url":"https:\/\/nid.pl\/wp-content\/uploads\/2024\/03\/Sto-lat-temu-urodzil-sie-Marian-Kornecki_miniaturka.jpg","type":"image\/jpeg"}],"author":"Marta Or\u0119ziak","twitter_card":"summary_large_image","twitter_creator":"@NarIDpl","twitter_site":"@NarIDpl","twitter_misc":{"Written by":"Marta Or\u0119ziak","Estimated reading time":"4 minutes"},"schema":{"@context":"https:\/\/schema.org","@graph":[{"@type":"Article","@id":"https:\/\/nid.pl\/2024\/03\/22\/sto-lat-temu-urodzil-sie-marian-kornecki\/#article","isPartOf":{"@id":"https:\/\/nid.pl\/2024\/03\/22\/sto-lat-temu-urodzil-sie-marian-kornecki\/"},"author":{"name":"Marta Or\u0119ziak","@id":"https:\/\/nid.pl\/#\/schema\/person\/9d848c4a54b78bc2a1461f1c5d8de615"},"headline":"Sto lat temu urodzi\u0142 si\u0119 Marian Kornecki \u2013 historyk sztuki, konserwator zabytk\u00f3w, badacz architektury drewnianej","datePublished":"2024-03-22T14:50:44+00:00","dateModified":"2024-06-27T08:22:10+00:00","mainEntityOfPage":{"@id":"https:\/\/nid.pl\/2024\/03\/22\/sto-lat-temu-urodzil-sie-marian-kornecki\/"},"wordCount":695,"publisher":{"@id":"https:\/\/nid.pl\/#organization"},"image":{"@id":"https:\/\/nid.pl\/2024\/03\/22\/sto-lat-temu-urodzil-sie-marian-kornecki\/#primaryimage"},"thumbnailUrl":"https:\/\/nid.pl\/wp-content\/uploads\/2024\/03\/Sto-lat-temu-urodzil-sie-Marian-Kornecki_miniaturka.jpg","articleSection":["Aktualno\u015bci","Sylwetki"],"inLanguage":"en-GB"},{"@type":"WebPage","@id":"https:\/\/nid.pl\/2024\/03\/22\/sto-lat-temu-urodzil-sie-marian-kornecki\/","url":"https:\/\/nid.pl\/2024\/03\/22\/sto-lat-temu-urodzil-sie-marian-kornecki\/","name":"Sto lat temu urodzi\u0142 si\u0119 Marian Kornecki \u2013 historyk sztuki, konserwator zabytk\u00f3w, badacz architektury drewnianej - NID","isPartOf":{"@id":"https:\/\/nid.pl\/#website"},"primaryImageOfPage":{"@id":"https:\/\/nid.pl\/2024\/03\/22\/sto-lat-temu-urodzil-sie-marian-kornecki\/#primaryimage"},"image":{"@id":"https:\/\/nid.pl\/2024\/03\/22\/sto-lat-temu-urodzil-sie-marian-kornecki\/#primaryimage"},"thumbnailUrl":"https:\/\/nid.pl\/wp-content\/uploads\/2024\/03\/Sto-lat-temu-urodzil-sie-Marian-Kornecki_miniaturka.jpg","datePublished":"2024-03-22T14:50:44+00:00","dateModified":"2024-06-27T08:22:10+00:00","breadcrumb":{"@id":"https:\/\/nid.pl\/2024\/03\/22\/sto-lat-temu-urodzil-sie-marian-kornecki\/#breadcrumb"},"inLanguage":"en-GB","potentialAction":[{"@type":"ReadAction","target":["https:\/\/nid.pl\/2024\/03\/22\/sto-lat-temu-urodzil-sie-marian-kornecki\/"]}]},{"@type":"ImageObject","inLanguage":"en-GB","@id":"https:\/\/nid.pl\/2024\/03\/22\/sto-lat-temu-urodzil-sie-marian-kornecki\/#primaryimage","url":"https:\/\/nid.pl\/wp-content\/uploads\/2024\/03\/Sto-lat-temu-urodzil-sie-Marian-Kornecki_miniaturka.jpg","contentUrl":"https:\/\/nid.pl\/wp-content\/uploads\/2024\/03\/Sto-lat-temu-urodzil-sie-Marian-Kornecki_miniaturka.jpg","width":1857,"height":1238,"caption":"zdj\u0119cie archiwalne drewnianego ko\u015bcio\u0142a wykonane przez Mariana Korneckiego"},{"@type":"BreadcrumbList","@id":"https:\/\/nid.pl\/2024\/03\/22\/sto-lat-temu-urodzil-sie-marian-kornecki\/#breadcrumb","itemListElement":[{"@type":"ListItem","position":1,"name":"Home","item":"https:\/\/nid.pl\/"},{"@type":"ListItem","position":2,"name":"Sto lat temu urodzi\u0142 si\u0119 Marian Kornecki \u2013 historyk sztuki, konserwator zabytk\u00f3w, badacz architektury drewnianej"}]},{"@type":"WebSite","@id":"https:\/\/nid.pl\/#website","url":"https:\/\/nid.pl\/","name":"NID","description":"Narodowy Instytut Dziedzictwa","publisher":{"@id":"https:\/\/nid.pl\/#organization"},"potentialAction":[{"@type":"SearchAction","target":{"@type":"EntryPoint","urlTemplate":"https:\/\/nid.pl\/?s={search_term_string}"},"query-input":{"@type":"PropertyValueSpecification","valueRequired":true,"valueName":"search_term_string"}}],"inLanguage":"en-GB"},{"@type":"Organization","@id":"https:\/\/nid.pl\/#organization","name":"Narodowy Instytut Dziedzictwa","url":"https:\/\/nid.pl\/","logo":{"@type":"ImageObject","inLanguage":"en-GB","@id":"https:\/\/nid.pl\/#\/schema\/logo\/image\/","url":"https:\/\/nid.pl\/wp-content\/uploads\/2022\/10\/logoRedDark.png","contentUrl":"https:\/\/nid.pl\/wp-content\/uploads\/2022\/10\/logoRedDark.png","width":200,"height":197,"caption":"Narodowy Instytut Dziedzictwa"},"image":{"@id":"https:\/\/nid.pl\/#\/schema\/logo\/image\/"},"sameAs":["https:\/\/www.facebook.com\/zabytek","https:\/\/x.com\/NarIDpl","https:\/\/www.instagram.com\/nid.pl\/?hl=pl","https:\/\/www.linkedin.com\/company\/narodowy-instytut-dziedzictwa","https:\/\/www.youtube.com\/channel\/UCQXuhKa2uHtmNvLRUSx40JA"]},{"@type":"Person","@id":"https:\/\/nid.pl\/#\/schema\/person\/9d848c4a54b78bc2a1461f1c5d8de615","name":"Marta Or\u0119ziak","image":{"@type":"ImageObject","inLanguage":"en-GB","@id":"https:\/\/nid.pl\/#\/schema\/person\/image\/","url":"https:\/\/nid.pl\/wp-content\/litespeed\/avatar\/3cdc296a7eb01425272974c992bee3ea.jpg?ver=1776840456","contentUrl":"https:\/\/nid.pl\/wp-content\/litespeed\/avatar\/3cdc296a7eb01425272974c992bee3ea.jpg?ver=1776840456","caption":"Marta Or\u0119ziak"},"url":"https:\/\/nid.pl\/en\/author\/moreziak\/"}]}},"_links":{"self":[{"href":"https:\/\/nid.pl\/en\/wp-json\/wp\/v2\/posts\/17165","targetHints":{"allow":["GET"]}}],"collection":[{"href":"https:\/\/nid.pl\/en\/wp-json\/wp\/v2\/posts"}],"about":[{"href":"https:\/\/nid.pl\/en\/wp-json\/wp\/v2\/types\/post"}],"author":[{"embeddable":true,"href":"https:\/\/nid.pl\/en\/wp-json\/wp\/v2\/users\/4"}],"replies":[{"embeddable":true,"href":"https:\/\/nid.pl\/en\/wp-json\/wp\/v2\/comments?post=17165"}],"version-history":[{"count":0,"href":"https:\/\/nid.pl\/en\/wp-json\/wp\/v2\/posts\/17165\/revisions"}],"wp:featuredmedia":[{"embeddable":true,"href":"https:\/\/nid.pl\/en\/wp-json\/wp\/v2\/media\/17183"}],"wp:attachment":[{"href":"https:\/\/nid.pl\/en\/wp-json\/wp\/v2\/media?parent=17165"}],"wp:term":[{"taxonomy":"category","embeddable":true,"href":"https:\/\/nid.pl\/en\/wp-json\/wp\/v2\/categories?post=17165"},{"taxonomy":"post_tag","embeddable":true,"href":"https:\/\/nid.pl\/en\/wp-json\/wp\/v2\/tags?post=17165"}],"curies":[{"name":"wp","href":"https:\/\/api.w.org\/{rel}","templated":true}]}}