{"id":16754,"date":"2024-03-07T15:14:44","date_gmt":"2024-03-07T14:14:44","guid":{"rendered":"https:\/\/nid.pl\/?p=16754"},"modified":"2024-03-07T15:24:12","modified_gmt":"2024-03-07T14:24:12","slug":"13-marca-zapraszamy-na-wyklad-online-organy-historyczne-zabytek-i-zywy-instrument","status":"publish","type":"post","link":"https:\/\/nid.pl\/en\/2024\/03\/07\/13-marca-zapraszamy-na-wyklad-online-organy-historyczne-zabytek-i-zywy-instrument\/","title":{"rendered":"13 marca zapraszamy na wyk\u0142ad online \u201eOrgany historyczne \u2013 zabytek i \u017cywy instrument. Problematyka ochrony konserwatorskiej\u201d"},"content":{"rendered":"<p><strong>Jakie tajemnice kryj\u0105 si\u0119 w sercu historycznych organ\u00f3w, uznawanych za syntez\u0119 sztuk i dziedzictwo przesz\u0142o\u015bci? Narodowy Instytut Dziedzictwa zaprasza 13 marca br. o godz. 11.00 na wyk\u0142ad online z cyklu \u201eSpotkania z konserwacj\u0105\u201d, pt. \u201eOrgany historyczne \u2013 zabytek i \u017cywy instrument. Problematyka ochrony konserwatorskiej\u201d, podczas kt\u00f3rego zaprezentujemy organy nie tylko jako cenne zabytki, ale r\u00f3wnie\u017c \u017cywe instrumenty muzyczne.<\/strong><\/p>\n\n\n\n<p>Organy, okre\u015blane jako synteza sztuk lub suma r\u00f3\u017cnych rzemios\u0142, to najbardziej z\u0142o\u017cony instrument muzyczny, szczyc\u0105cy si\u0119 ponad dwutysi\u0105cletni\u0105 tradycj\u0105. W\u015br\u00f3d muzycznych narz\u0119dzi reprezentuj\u0105 one najwi\u0119ksz\u0105 r\u00f3\u017cnorodno\u015b\u0107 odmian i rozmiar\u00f3w, a tak\u017ce podsiadaj\u0105 niezwykle rozbudowan\u0105 problematyk\u0119 dotycz\u0105c\u0105 zagadnie\u0144 historycznych. Dokonania warsztat\u00f3w buduj\u0105cych organy mo\u017cna odnale\u017a\u0107 nie tylko w krajach Europy Zachodniej \u2013 w regionach takich jak W\u0142ochy, Niderlandy, Francja czy P\u00f3\u0142wysep Iberyjski opisano szczeg\u00f3\u0142owo tradycje organowe, a <a href=\"https:\/\/www.deutschlandfunk.de\/orgelkultur-in-deutschland-weckruf-durch-die-unesco-100.html\">niemiecka kultura organowa<\/a> zosta\u0142a nawet ostatnio wpisana na list\u0119 UNESCO. Na ziemiach polskich zas\u00f3b organ\u00f3w historycznych szacowany jest na oko\u0142o 10 000 instrument\u00f3w. Nasze rodzime dziedzictwo organowe wci\u0105\u017c oczekuje na pe\u0142ne naukowe opracowanie oraz na promowanie w przestrzeni muzycznej Europy.<\/p>\n\n\n\n<p>Podczas wyk\u0142adu online \u201eOrgany historyczne \u2013 zabytek i \u017cywy instrument. Problematyka ochrony konserwatorskiej\u201d przedstawimy podstawowe elementy konstrukcji organ\u00f3w piszcza\u0142kowych oraz om\u00f3wimy szereg warto\u015bci zawartych w historycznych instrumentach. Opowiemy tak\u017ce o obecnym stanie bada\u0144 nad zasobem polskich organ\u00f3w, o elementach najbardziej zagro\u017conych przez wsp\u00f3\u0142czesno\u015b\u0107, a tak\u017ce o wspomaganiu eksperckim prac organmistrzowskich (od programu do odbioru). Odniesiemy si\u0119 r\u00f3wnie\u017c do problematyki trwa\u0142o\u015bci prac organmistrzowskich, kt\u00f3ra uzale\u017cniona jest, jak w ka\u017cdym \u017cywym mechanizmie, od bie\u017c\u0105cej opieki i regularnych prac serwisowych.<\/p>\n\n\n\n<p>Wyk\u0142ad przeznaczony jest dla:<\/p>\n\n\n\n<ul class=\"wp-block-list\">\n<li>konserwator\u00f3w historycznych instrument\u00f3w muzycznych<\/li>\n\n\n\n<li>w\u0142a\u015bcicieli i opiekun\u00f3w organ\u00f3w historycznych<\/li>\n\n\n\n<li>historyk\u00f3w sztuki i muzykolog\u00f3w<\/li>\n\n\n\n<li>wszystkich pasjonat\u00f3w muzyki organowej, organ\u00f3w i zabytkowych instrument\u00f3w<\/li>\n<\/ul>\n\n\n\n<p><strong>Link do rejestracji:<\/strong> <a href=\"https:\/\/events.teams.microsoft.com\/event\/abf6823d-955a-4f7f-aae0-4d06af5de0ff@263a2be6-39c0-4c4d-9b57-59437c69146e\">&lt;tutaj><\/a><\/p>\n\n\n\n<p><strong>Prowadz\u0105cy:<\/strong><\/p>\n\n\n\n<p><strong>dr hab. Ma\u0142gorzata Anna Trzaskalik-Wyrwa &#8211; <\/strong>organistka, pedagog, organolog, konserwator-zabytkoznawca. Od listopada 2023 r. kieruje Zespo\u0142em ds. Organ\u00f3w Historycznych w Narodowym Instytucie Dziedzictwa. Studiowa\u0142a organy pod kierunkiem prof. Magdaleny Czajki i prof. Juliana Gembalskiego. W 2002 roku uzyska\u0142a dyplom z wyr\u00f3\u017cnieniem w Akademii Muzycznej im. F. Chopina w Warszawie. Jest r\u00f3wnie\u017c konserwatorem-zabytkoznawc\u0105, absolwentk\u0105 Wydzia\u0142u Sztuk Pi\u0119knych Uniwersytetu im. Miko\u0142aja Kopernika w Toruniu. Laureatka konkurs\u00f3w organowych (Wroc\u0142aw 1996, Rumia 1999). Bra\u0142a udzia\u0142 w wielu kursach i festiwalach muzyki organowej w Polsce i za granic\u0105. Dwukrotna stypendystka Ministra Kultury w dziedzinie ochrony d\u00f3br kultury (2003 i 2004). W swoim dorobku ma nagrania historycznych instrument\u00f3w i liczne publikacje z zakresu bada\u0144 i ochrony zabytkowych organ\u00f3w. Jest dyrektorem i wyk\u0142adowc\u0105 Diecezjalnego Studium Muzyki Ko\u015bcielnej w Siedlcach, a tak\u017ce cz\u0142onkiem Diecezjalnej Komisji ds. Muzyki Ko\u015bcielnej w Siedlcach zajmuj\u0105c si\u0119 zabytkowym instrumentarium organowym. Jest r\u00f3wnie\u017c profesorem w Katedrze Organ\u00f3w i Klawesynu Uniwersytetu Muzycznego Fryderyka Chopina w Warszawie, gdzie prowadzi wyk\u0142ady z organoznawstwa i literatury organowej. Od 2017 roku pe\u0142ni funkcj\u0119 rzeczoznawcy Ministra Kultury i Dziedzictwa Narodowego w zakresie zabytkowych i wsp\u00f3\u0142czesnych instrument\u00f3w organowych.<br>Dzia\u0142aj\u0105c w Stowarzyszeniu PRO MUSICA ORGANA popularyzuje organy i muzyk\u0119 organow\u0105. Jest dyrektorem artystycznym\u00a0<em>Jesienno-zimowych Koncert\u00f3w w Katowicach-Brynowie<\/em>\u00a0(od 1999 r.),\u00a0<em>Wieczor\u00f3w Muzycznych przy Organach Wagnera w Siedlcach<\/em>\u00a0(od 2011 r.) oraz\u00a0<em>Mi\u0119dzynarodowych Spotka\u0144 Organowych<\/em>. Od wielu lat prowadzi autorskie programy \u201ePiszcza\u0142ki dost\u0119pne!\u201d oraz \u201eCo w organach piszczy?\u201d prezentuj\u0105ce dzieci\u0119cej publiczno\u015bci konstrukcj\u0119 i brzmienie organ\u00f3w piszcza\u0142kowych.<\/p>\n\n\n\n<p><strong>dr hab. Krzysztof Urbaniak \u2013 <\/strong>absolwent uczelni muzycznych w Warszawie (studia magisterskie) i Stuttgarcie (KA oraz Konzertexamen) w klasach organ\u00f3w i klawesynu J\u00f3zefa Serafina, Leszka K\u0119drackiego, Ludgera Lohmanna i J\u00f6rga Halubka. W Akademii Muzycznej im. Gra\u017cyny i Kiejstuta Bacewicz\u00f3w w \u0141odzi pracuje na stanowisku profesora w klasie organ\u00f3w. Pracuje ponadto w Katedrze Organ\u00f3w Akademii Muzycznej w Krakowie. Jako wyk\u0142adowca prowadzi\u0142 kursy mistrzowskie m.in. na zaproszenie uczelni muzycznych w Helsinkach, Lubece, Trie\u015bcie i Budapeszcie. Zdoby\u0142 liczne nagrody na mi\u0119dzynarodowych konkursach organowych, by\u0142y to mi\u0119dzy innymi: I nagroda \u2013 Mi\u0119dzynarodowy Konkurs Organowy im. Arpa Schnitgera (Brema, 2010), I nagroda \u2013 Mi\u0119dzynarodowy Konkurs Organowy im. Willema Hermansa (Pistoia, 2009), II nagroda \u2013 Mi\u0119dzynarodowy Konkurs Organowy im. Franza Schmidta (Kitzb\u00fchel, 2006), II nagroda \u2013 Mi\u0119dzynarodowy Konkurs Organowy im. Petra Ebena (Opava, 2004), I nagroda \u2013 V Konkurs Polskiej Muzyki Organowej (Legnica, 2002). Juror mi\u0119dzynarodowych konkurs\u00f3w organowych, m.in. Internationaler Gottfried-Silbermann-Wettbewerb \u2013 2017, International Schnitger Organ Competition \u2013 2015 i 2019, Internationaler Buxtehude-Orgelwettbewerb 2022, Musahisho Organ Competition 2023). Koncertuje na ca\u0142ym \u015bwiecie, wykonuj\u0105c co roku kilkadziesi\u0105t solowych recitali. Ma na swoim koncie publikacje szeregu solowych p\u0142yt CD dla wydawnictw polskich, niemieckich i niderlandzkich, a jego nagrania nominowane by\u0142y m.in. do Preis der Deutschen Schallplattenkritik. W latach 2013-2016 pe\u0142ni\u0142 funkcj\u0119 artysty w rezydencji Filharmonii \u0141\u00f3dzkiej im. Artura Rubinsteina. W latach 2013-2016 pe\u0142ni\u0142 funkcj\u0119 rzeczoznawcy do spraw zabytkowych organ\u00f3w przy Ministerstwie Kultury i Dziedzictwa Narodowego Rzeczpospolitej Polskiej, a w kadencji 2021-2024 pe\u0142ni podobn\u0105 funkcj\u0119 przy Ministerstwie Kultury, Dziedzictwa Narodowego i Sportu Rzeczpospolitej Polskiej. Autor kilkudziesi\u0119ciu publikacji z zakresu wykonawstwa muzyki organowej oraz organologii. Jest ponadto dyrektorem artystycznym Mi\u0119dzynarodowego Festiwalu Muzyki Organowej i Kameralnej w Pas\u0142\u0119ku, Mi\u0119dzynarodowych Dni Muzyki Organowej w Olkuszu oraz kuratorem organ\u00f3w Filharmonii \u0141\u00f3dzkiej im. Artura Rubinsteina.<\/p>\n\n\n\n<p><strong>dr Marek Fronc<\/strong> &#8211; organista, pedagog, instrumentoznawca. Absolwent Akademii Muzycznej im. Fryderyka Chopina w Warszawie. Swoje umiej\u0119tno\u015bci doskonali\u0142 w ramach licznych kurs\u00f3w mistrzowskich w kraju i za granic\u0105. Laureat mi\u0119dzynarodowych konkurs\u00f3w organowych: w Landau a.d. Isar w Niemczech oraz w Saint-Maurice w Szwajcarii. Jako solista i kameralista koncertuje w ramach festiwali muzycznych w Polsce i za granic\u0105. Bra\u0142 udzia\u0142 w nagraniach fonograficznych realizowanych przez wytw\u00f3rnie Acte Prealable, MegaVox, DUX i Ars Sonora. Wyk\u0142adowca w stopniu doktora w Katedrze Muzyki Ko\u015bcielnej Akademii Muzycznej im. Karola Lipi\u0144skiego we Wroc\u0142awiu, a tak\u017ce w Diecezjalnym Instytucie Muzyki Ko\u015bcielnej w Legnicy. Cz\u0142onek komisji ds. organ\u00f3w dzia\u0142aj\u0105cej przy Referacie ds. Muzyki Ko\u015bcielnej Diecezji Legnickiej. Cz\u0142onek Zespo\u0142u ds. Organ\u00f3w Historycznych w Narodowym Instytucie Dziedzictwa. Zajmuje si\u0119 dzia\u0142alno\u015bci\u0105 naukowo-badawcz\u0105 w obszarze muzyki ko\u015bcielnej i organowej, a szczeg\u00f3lnie organologii (zw\u0142aszcza w zakresie \u015bl\u0105skiego instrumentarium organowego). Jest autorem dokumentacji historyczno-inwentaryzacyjnych zabytkowych instrument\u00f3w, a tak\u017ce konsultantem projekt\u00f3w konserwacji i rekonstrukcji.<\/p>\n\n\n\n<p><\/p>\n\n\n\n<figure class=\"wp-block-image aligncenter size-large is-resized\"><img loading=\"lazy\" decoding=\"async\" width=\"1024\" height=\"734\" src=\"https:\/\/nid.pl\/wp-content\/uploads\/2024\/03\/webinary_2024-organy2-1024x734.jpg\" alt=\"\" class=\"wp-image-16756\" style=\"width:693px;height:auto\" srcset=\"https:\/\/nid.pl\/wp-content\/uploads\/2024\/03\/webinary_2024-organy2-980x702.jpg 980w, https:\/\/nid.pl\/wp-content\/uploads\/2024\/03\/webinary_2024-organy2-480x344.jpg 480w\" sizes=\"(min-width: 0px) and (max-width: 480px) 480px, (min-width: 481px) and (max-width: 980px) 980px, (min-width: 981px) 1024px, 100vw\" \/><\/figure>","protected":false},"excerpt":{"rendered":"<p>Jakie tajemnice kryj\u0105 si\u0119 w sercu historycznych organ\u00f3w, uznawanych za syntez\u0119 sztuk i dziedzictwo przesz\u0142o\u015bci? Narodowy Instytut Dziedzictwa zaprasza 13 marca br. o godz. 11.00 na wyk\u0142ad online z cyklu [&hellip;]<\/p>","protected":false},"author":7,"featured_media":16760,"comment_status":"closed","ping_status":"closed","sticky":false,"template":"","format":"standard","meta":{"_et_pb_use_builder":"off","_et_pb_old_content":"","_et_gb_content_width":"","_monsterinsights_skip_tracking":false,"_monsterinsights_sitenote_active":false,"_monsterinsights_sitenote_note":"","_monsterinsights_sitenote_category":0,"footnotes":""},"categories":[3],"tags":[],"class_list":["post-16754","post","type-post","status-publish","format-standard","has-post-thumbnail","hentry","category-aktualnosci"],"yoast_head":"<!-- This site is optimized with the Yoast SEO plugin v26.5 - https:\/\/yoast.com\/wordpress\/plugins\/seo\/ -->\n<title>13 marca zapraszamy na wyk\u0142ad online \u201eOrgany historyczne \u2013 zabytek i \u017cywy instrument. Problematyka ochrony konserwatorskiej\u201d - NID<\/title>\n<meta name=\"robots\" content=\"index, follow, max-snippet:-1, max-image-preview:large, max-video-preview:-1\" \/>\n<link rel=\"canonical\" href=\"https:\/\/nid.pl\/en\/2024\/03\/07\/13-marca-zapraszamy-na-wyklad-online-organy-historyczne-zabytek-i-zywy-instrument\/\" \/>\n<meta property=\"og:locale\" content=\"en_GB\" \/>\n<meta property=\"og:type\" content=\"article\" \/>\n<meta property=\"og:title\" content=\"13 marca zapraszamy na wyk\u0142ad online \u201eOrgany historyczne \u2013 zabytek i \u017cywy instrument. Problematyka ochrony konserwatorskiej\u201d - NID\" \/>\n<meta property=\"og:description\" content=\"Jakie tajemnice kryj\u0105 si\u0119 w sercu historycznych organ\u00f3w, uznawanych za syntez\u0119 sztuk i dziedzictwo przesz\u0142o\u015bci? Narodowy Instytut Dziedzictwa zaprasza 13 marca br. o godz. 11.00 na wyk\u0142ad online z cyklu [&hellip;]\" \/>\n<meta property=\"og:url\" content=\"https:\/\/nid.pl\/en\/2024\/03\/07\/13-marca-zapraszamy-na-wyklad-online-organy-historyczne-zabytek-i-zywy-instrument\/\" \/>\n<meta property=\"og:site_name\" content=\"NID\" \/>\n<meta property=\"article:publisher\" content=\"https:\/\/www.facebook.com\/zabytek\" \/>\n<meta property=\"article:published_time\" content=\"2024-03-07T14:14:44+00:00\" \/>\n<meta property=\"article:modified_time\" content=\"2024-03-07T14:24:12+00:00\" \/>\n<meta property=\"og:image\" content=\"https:\/\/nid.pl\/wp-content\/uploads\/2024\/03\/miniaturka-Zapraszamy-na-pierwszy-webinar-z-cyklu-Spotkania-z-konserwacja-1024x685.png\" \/>\n\t<meta property=\"og:image:width\" content=\"1024\" \/>\n\t<meta property=\"og:image:height\" content=\"685\" \/>\n\t<meta property=\"og:image:type\" content=\"image\/png\" \/>\n<meta name=\"author\" content=\"Barbara Halliop\" \/>\n<meta name=\"twitter:card\" content=\"summary_large_image\" \/>\n<meta name=\"twitter:creator\" content=\"@NarIDpl\" \/>\n<meta name=\"twitter:site\" content=\"@NarIDpl\" \/>\n<meta name=\"twitter:label1\" content=\"Written by\" \/>\n\t<meta name=\"twitter:data1\" content=\"Barbara Halliop\" \/>\n\t<meta name=\"twitter:label2\" content=\"Estimated reading time\" \/>\n\t<meta name=\"twitter:data2\" content=\"5 minutes\" \/>\n<script type=\"application\/ld+json\" class=\"yoast-schema-graph\">{\"@context\":\"https:\/\/schema.org\",\"@graph\":[{\"@type\":\"Article\",\"@id\":\"https:\/\/nid.pl\/2024\/03\/07\/13-marca-zapraszamy-na-wyklad-online-organy-historyczne-zabytek-i-zywy-instrument\/#article\",\"isPartOf\":{\"@id\":\"https:\/\/nid.pl\/2024\/03\/07\/13-marca-zapraszamy-na-wyklad-online-organy-historyczne-zabytek-i-zywy-instrument\/\"},\"author\":{\"name\":\"Barbara Halliop\",\"@id\":\"https:\/\/nid.pl\/#\/schema\/person\/1b690a8998a5111cfb9f0ffe24195a15\"},\"headline\":\"13 marca zapraszamy na wyk\u0142ad online \u201eOrgany historyczne \u2013 zabytek i \u017cywy instrument. Problematyka ochrony konserwatorskiej\u201d\",\"datePublished\":\"2024-03-07T14:14:44+00:00\",\"dateModified\":\"2024-03-07T14:24:12+00:00\",\"mainEntityOfPage\":{\"@id\":\"https:\/\/nid.pl\/2024\/03\/07\/13-marca-zapraszamy-na-wyklad-online-organy-historyczne-zabytek-i-zywy-instrument\/\"},\"wordCount\":1085,\"publisher\":{\"@id\":\"https:\/\/nid.pl\/#organization\"},\"image\":{\"@id\":\"https:\/\/nid.pl\/2024\/03\/07\/13-marca-zapraszamy-na-wyklad-online-organy-historyczne-zabytek-i-zywy-instrument\/#primaryimage\"},\"thumbnailUrl\":\"https:\/\/nid.pl\/wp-content\/uploads\/2024\/03\/miniaturka-Zapraszamy-na-pierwszy-webinar-z-cyklu-Spotkania-z-konserwacja.png\",\"articleSection\":[\"Aktualno\u015bci\"],\"inLanguage\":\"en-GB\"},{\"@type\":\"WebPage\",\"@id\":\"https:\/\/nid.pl\/2024\/03\/07\/13-marca-zapraszamy-na-wyklad-online-organy-historyczne-zabytek-i-zywy-instrument\/\",\"url\":\"https:\/\/nid.pl\/2024\/03\/07\/13-marca-zapraszamy-na-wyklad-online-organy-historyczne-zabytek-i-zywy-instrument\/\",\"name\":\"13 marca zapraszamy na wyk\u0142ad online \u201eOrgany historyczne \u2013 zabytek i \u017cywy instrument. Problematyka ochrony konserwatorskiej\u201d - NID\",\"isPartOf\":{\"@id\":\"https:\/\/nid.pl\/#website\"},\"primaryImageOfPage\":{\"@id\":\"https:\/\/nid.pl\/2024\/03\/07\/13-marca-zapraszamy-na-wyklad-online-organy-historyczne-zabytek-i-zywy-instrument\/#primaryimage\"},\"image\":{\"@id\":\"https:\/\/nid.pl\/2024\/03\/07\/13-marca-zapraszamy-na-wyklad-online-organy-historyczne-zabytek-i-zywy-instrument\/#primaryimage\"},\"thumbnailUrl\":\"https:\/\/nid.pl\/wp-content\/uploads\/2024\/03\/miniaturka-Zapraszamy-na-pierwszy-webinar-z-cyklu-Spotkania-z-konserwacja.png\",\"datePublished\":\"2024-03-07T14:14:44+00:00\",\"dateModified\":\"2024-03-07T14:24:12+00:00\",\"breadcrumb\":{\"@id\":\"https:\/\/nid.pl\/2024\/03\/07\/13-marca-zapraszamy-na-wyklad-online-organy-historyczne-zabytek-i-zywy-instrument\/#breadcrumb\"},\"inLanguage\":\"en-GB\",\"potentialAction\":[{\"@type\":\"ReadAction\",\"target\":[\"https:\/\/nid.pl\/2024\/03\/07\/13-marca-zapraszamy-na-wyklad-online-organy-historyczne-zabytek-i-zywy-instrument\/\"]}]},{\"@type\":\"ImageObject\",\"inLanguage\":\"en-GB\",\"@id\":\"https:\/\/nid.pl\/2024\/03\/07\/13-marca-zapraszamy-na-wyklad-online-organy-historyczne-zabytek-i-zywy-instrument\/#primaryimage\",\"url\":\"https:\/\/nid.pl\/wp-content\/uploads\/2024\/03\/miniaturka-Zapraszamy-na-pierwszy-webinar-z-cyklu-Spotkania-z-konserwacja.png\",\"contentUrl\":\"https:\/\/nid.pl\/wp-content\/uploads\/2024\/03\/miniaturka-Zapraszamy-na-pierwszy-webinar-z-cyklu-Spotkania-z-konserwacja.png\",\"width\":1850,\"height\":1238,\"caption\":\"Zapraszamy na pierwszy webinar z cyklu Spotkania z konserwacj\u0105\"},{\"@type\":\"BreadcrumbList\",\"@id\":\"https:\/\/nid.pl\/2024\/03\/07\/13-marca-zapraszamy-na-wyklad-online-organy-historyczne-zabytek-i-zywy-instrument\/#breadcrumb\",\"itemListElement\":[{\"@type\":\"ListItem\",\"position\":1,\"name\":\"Home\",\"item\":\"https:\/\/nid.pl\/\"},{\"@type\":\"ListItem\",\"position\":2,\"name\":\"13 marca zapraszamy na wyk\u0142ad online \u201eOrgany historyczne \u2013 zabytek i \u017cywy instrument. Problematyka ochrony konserwatorskiej\u201d\"}]},{\"@type\":\"WebSite\",\"@id\":\"https:\/\/nid.pl\/#website\",\"url\":\"https:\/\/nid.pl\/\",\"name\":\"NID\",\"description\":\"Narodowy Instytut Dziedzictwa\",\"publisher\":{\"@id\":\"https:\/\/nid.pl\/#organization\"},\"potentialAction\":[{\"@type\":\"SearchAction\",\"target\":{\"@type\":\"EntryPoint\",\"urlTemplate\":\"https:\/\/nid.pl\/?s={search_term_string}\"},\"query-input\":{\"@type\":\"PropertyValueSpecification\",\"valueRequired\":true,\"valueName\":\"search_term_string\"}}],\"inLanguage\":\"en-GB\"},{\"@type\":\"Organization\",\"@id\":\"https:\/\/nid.pl\/#organization\",\"name\":\"Narodowy Instytut Dziedzictwa\",\"url\":\"https:\/\/nid.pl\/\",\"logo\":{\"@type\":\"ImageObject\",\"inLanguage\":\"en-GB\",\"@id\":\"https:\/\/nid.pl\/#\/schema\/logo\/image\/\",\"url\":\"https:\/\/nid.pl\/wp-content\/uploads\/2022\/10\/logoRedDark.png\",\"contentUrl\":\"https:\/\/nid.pl\/wp-content\/uploads\/2022\/10\/logoRedDark.png\",\"width\":200,\"height\":197,\"caption\":\"Narodowy Instytut Dziedzictwa\"},\"image\":{\"@id\":\"https:\/\/nid.pl\/#\/schema\/logo\/image\/\"},\"sameAs\":[\"https:\/\/www.facebook.com\/zabytek\",\"https:\/\/x.com\/NarIDpl\",\"https:\/\/www.instagram.com\/nid.pl\/?hl=pl\",\"https:\/\/www.linkedin.com\/company\/narodowy-instytut-dziedzictwa\",\"https:\/\/www.youtube.com\/channel\/UCQXuhKa2uHtmNvLRUSx40JA\"]},{\"@type\":\"Person\",\"@id\":\"https:\/\/nid.pl\/#\/schema\/person\/1b690a8998a5111cfb9f0ffe24195a15\",\"name\":\"Barbara Halliop\",\"image\":{\"@type\":\"ImageObject\",\"inLanguage\":\"en-GB\",\"@id\":\"https:\/\/nid.pl\/#\/schema\/person\/image\/\",\"url\":\"https:\/\/nid.pl\/wp-content\/litespeed\/avatar\/924046d17dd0c842c9fa9ccf489bc6dc.jpg?ver=1777444967\",\"contentUrl\":\"https:\/\/nid.pl\/wp-content\/litespeed\/avatar\/924046d17dd0c842c9fa9ccf489bc6dc.jpg?ver=1777444967\",\"caption\":\"Barbara Halliop\"},\"url\":\"https:\/\/nid.pl\/en\/author\/bhalliop\/\"}]}<\/script>\n<!-- \/ Yoast SEO plugin. -->","yoast_head_json":{"title":"13 marca zapraszamy na wyk\u0142ad online \u201eOrgany historyczne \u2013 zabytek i \u017cywy instrument. Problematyka ochrony konserwatorskiej\u201d - NID","robots":{"index":"index","follow":"follow","max-snippet":"max-snippet:-1","max-image-preview":"max-image-preview:large","max-video-preview":"max-video-preview:-1"},"canonical":"https:\/\/nid.pl\/en\/2024\/03\/07\/13-marca-zapraszamy-na-wyklad-online-organy-historyczne-zabytek-i-zywy-instrument\/","og_locale":"en_GB","og_type":"article","og_title":"13 marca zapraszamy na wyk\u0142ad online \u201eOrgany historyczne \u2013 zabytek i \u017cywy instrument. Problematyka ochrony konserwatorskiej\u201d - NID","og_description":"Jakie tajemnice kryj\u0105 si\u0119 w sercu historycznych organ\u00f3w, uznawanych za syntez\u0119 sztuk i dziedzictwo przesz\u0142o\u015bci? Narodowy Instytut Dziedzictwa zaprasza 13 marca br. o godz. 11.00 na wyk\u0142ad online z cyklu [&hellip;]","og_url":"https:\/\/nid.pl\/en\/2024\/03\/07\/13-marca-zapraszamy-na-wyklad-online-organy-historyczne-zabytek-i-zywy-instrument\/","og_site_name":"NID","article_publisher":"https:\/\/www.facebook.com\/zabytek","article_published_time":"2024-03-07T14:14:44+00:00","article_modified_time":"2024-03-07T14:24:12+00:00","og_image":[{"width":1024,"height":685,"url":"https:\/\/nid.pl\/wp-content\/uploads\/2024\/03\/miniaturka-Zapraszamy-na-pierwszy-webinar-z-cyklu-Spotkania-z-konserwacja-1024x685.png","type":"image\/png"}],"author":"Barbara Halliop","twitter_card":"summary_large_image","twitter_creator":"@NarIDpl","twitter_site":"@NarIDpl","twitter_misc":{"Written by":"Barbara Halliop","Estimated reading time":"5 minutes"},"schema":{"@context":"https:\/\/schema.org","@graph":[{"@type":"Article","@id":"https:\/\/nid.pl\/2024\/03\/07\/13-marca-zapraszamy-na-wyklad-online-organy-historyczne-zabytek-i-zywy-instrument\/#article","isPartOf":{"@id":"https:\/\/nid.pl\/2024\/03\/07\/13-marca-zapraszamy-na-wyklad-online-organy-historyczne-zabytek-i-zywy-instrument\/"},"author":{"name":"Barbara Halliop","@id":"https:\/\/nid.pl\/#\/schema\/person\/1b690a8998a5111cfb9f0ffe24195a15"},"headline":"13 marca zapraszamy na wyk\u0142ad online \u201eOrgany historyczne \u2013 zabytek i \u017cywy instrument. Problematyka ochrony konserwatorskiej\u201d","datePublished":"2024-03-07T14:14:44+00:00","dateModified":"2024-03-07T14:24:12+00:00","mainEntityOfPage":{"@id":"https:\/\/nid.pl\/2024\/03\/07\/13-marca-zapraszamy-na-wyklad-online-organy-historyczne-zabytek-i-zywy-instrument\/"},"wordCount":1085,"publisher":{"@id":"https:\/\/nid.pl\/#organization"},"image":{"@id":"https:\/\/nid.pl\/2024\/03\/07\/13-marca-zapraszamy-na-wyklad-online-organy-historyczne-zabytek-i-zywy-instrument\/#primaryimage"},"thumbnailUrl":"https:\/\/nid.pl\/wp-content\/uploads\/2024\/03\/miniaturka-Zapraszamy-na-pierwszy-webinar-z-cyklu-Spotkania-z-konserwacja.png","articleSection":["Aktualno\u015bci"],"inLanguage":"en-GB"},{"@type":"WebPage","@id":"https:\/\/nid.pl\/2024\/03\/07\/13-marca-zapraszamy-na-wyklad-online-organy-historyczne-zabytek-i-zywy-instrument\/","url":"https:\/\/nid.pl\/2024\/03\/07\/13-marca-zapraszamy-na-wyklad-online-organy-historyczne-zabytek-i-zywy-instrument\/","name":"13 marca zapraszamy na wyk\u0142ad online \u201eOrgany historyczne \u2013 zabytek i \u017cywy instrument. Problematyka ochrony konserwatorskiej\u201d - NID","isPartOf":{"@id":"https:\/\/nid.pl\/#website"},"primaryImageOfPage":{"@id":"https:\/\/nid.pl\/2024\/03\/07\/13-marca-zapraszamy-na-wyklad-online-organy-historyczne-zabytek-i-zywy-instrument\/#primaryimage"},"image":{"@id":"https:\/\/nid.pl\/2024\/03\/07\/13-marca-zapraszamy-na-wyklad-online-organy-historyczne-zabytek-i-zywy-instrument\/#primaryimage"},"thumbnailUrl":"https:\/\/nid.pl\/wp-content\/uploads\/2024\/03\/miniaturka-Zapraszamy-na-pierwszy-webinar-z-cyklu-Spotkania-z-konserwacja.png","datePublished":"2024-03-07T14:14:44+00:00","dateModified":"2024-03-07T14:24:12+00:00","breadcrumb":{"@id":"https:\/\/nid.pl\/2024\/03\/07\/13-marca-zapraszamy-na-wyklad-online-organy-historyczne-zabytek-i-zywy-instrument\/#breadcrumb"},"inLanguage":"en-GB","potentialAction":[{"@type":"ReadAction","target":["https:\/\/nid.pl\/2024\/03\/07\/13-marca-zapraszamy-na-wyklad-online-organy-historyczne-zabytek-i-zywy-instrument\/"]}]},{"@type":"ImageObject","inLanguage":"en-GB","@id":"https:\/\/nid.pl\/2024\/03\/07\/13-marca-zapraszamy-na-wyklad-online-organy-historyczne-zabytek-i-zywy-instrument\/#primaryimage","url":"https:\/\/nid.pl\/wp-content\/uploads\/2024\/03\/miniaturka-Zapraszamy-na-pierwszy-webinar-z-cyklu-Spotkania-z-konserwacja.png","contentUrl":"https:\/\/nid.pl\/wp-content\/uploads\/2024\/03\/miniaturka-Zapraszamy-na-pierwszy-webinar-z-cyklu-Spotkania-z-konserwacja.png","width":1850,"height":1238,"caption":"Zapraszamy na pierwszy webinar z cyklu Spotkania z konserwacj\u0105"},{"@type":"BreadcrumbList","@id":"https:\/\/nid.pl\/2024\/03\/07\/13-marca-zapraszamy-na-wyklad-online-organy-historyczne-zabytek-i-zywy-instrument\/#breadcrumb","itemListElement":[{"@type":"ListItem","position":1,"name":"Home","item":"https:\/\/nid.pl\/"},{"@type":"ListItem","position":2,"name":"13 marca zapraszamy na wyk\u0142ad online \u201eOrgany historyczne \u2013 zabytek i \u017cywy instrument. Problematyka ochrony konserwatorskiej\u201d"}]},{"@type":"WebSite","@id":"https:\/\/nid.pl\/#website","url":"https:\/\/nid.pl\/","name":"NID","description":"Narodowy Instytut Dziedzictwa","publisher":{"@id":"https:\/\/nid.pl\/#organization"},"potentialAction":[{"@type":"SearchAction","target":{"@type":"EntryPoint","urlTemplate":"https:\/\/nid.pl\/?s={search_term_string}"},"query-input":{"@type":"PropertyValueSpecification","valueRequired":true,"valueName":"search_term_string"}}],"inLanguage":"en-GB"},{"@type":"Organization","@id":"https:\/\/nid.pl\/#organization","name":"Narodowy Instytut Dziedzictwa","url":"https:\/\/nid.pl\/","logo":{"@type":"ImageObject","inLanguage":"en-GB","@id":"https:\/\/nid.pl\/#\/schema\/logo\/image\/","url":"https:\/\/nid.pl\/wp-content\/uploads\/2022\/10\/logoRedDark.png","contentUrl":"https:\/\/nid.pl\/wp-content\/uploads\/2022\/10\/logoRedDark.png","width":200,"height":197,"caption":"Narodowy Instytut Dziedzictwa"},"image":{"@id":"https:\/\/nid.pl\/#\/schema\/logo\/image\/"},"sameAs":["https:\/\/www.facebook.com\/zabytek","https:\/\/x.com\/NarIDpl","https:\/\/www.instagram.com\/nid.pl\/?hl=pl","https:\/\/www.linkedin.com\/company\/narodowy-instytut-dziedzictwa","https:\/\/www.youtube.com\/channel\/UCQXuhKa2uHtmNvLRUSx40JA"]},{"@type":"Person","@id":"https:\/\/nid.pl\/#\/schema\/person\/1b690a8998a5111cfb9f0ffe24195a15","name":"Barbara Halliop","image":{"@type":"ImageObject","inLanguage":"en-GB","@id":"https:\/\/nid.pl\/#\/schema\/person\/image\/","url":"https:\/\/nid.pl\/wp-content\/litespeed\/avatar\/924046d17dd0c842c9fa9ccf489bc6dc.jpg?ver=1777444967","contentUrl":"https:\/\/nid.pl\/wp-content\/litespeed\/avatar\/924046d17dd0c842c9fa9ccf489bc6dc.jpg?ver=1777444967","caption":"Barbara Halliop"},"url":"https:\/\/nid.pl\/en\/author\/bhalliop\/"}]}},"_links":{"self":[{"href":"https:\/\/nid.pl\/en\/wp-json\/wp\/v2\/posts\/16754","targetHints":{"allow":["GET"]}}],"collection":[{"href":"https:\/\/nid.pl\/en\/wp-json\/wp\/v2\/posts"}],"about":[{"href":"https:\/\/nid.pl\/en\/wp-json\/wp\/v2\/types\/post"}],"author":[{"embeddable":true,"href":"https:\/\/nid.pl\/en\/wp-json\/wp\/v2\/users\/7"}],"replies":[{"embeddable":true,"href":"https:\/\/nid.pl\/en\/wp-json\/wp\/v2\/comments?post=16754"}],"version-history":[{"count":0,"href":"https:\/\/nid.pl\/en\/wp-json\/wp\/v2\/posts\/16754\/revisions"}],"wp:featuredmedia":[{"embeddable":true,"href":"https:\/\/nid.pl\/en\/wp-json\/wp\/v2\/media\/16760"}],"wp:attachment":[{"href":"https:\/\/nid.pl\/en\/wp-json\/wp\/v2\/media?parent=16754"}],"wp:term":[{"taxonomy":"category","embeddable":true,"href":"https:\/\/nid.pl\/en\/wp-json\/wp\/v2\/categories?post=16754"},{"taxonomy":"post_tag","embeddable":true,"href":"https:\/\/nid.pl\/en\/wp-json\/wp\/v2\/tags?post=16754"}],"curies":[{"name":"wp","href":"https:\/\/api.w.org\/{rel}","templated":true}]}}