{"id":16531,"date":"2024-02-23T13:48:29","date_gmt":"2024-02-23T12:48:29","guid":{"rendered":"https:\/\/nid.pl\/?p=16531"},"modified":"2024-02-23T13:49:31","modified_gmt":"2024-02-23T12:49:31","slug":"druga-rocznica-agresji-rosji-na-ukraine","status":"publish","type":"post","link":"https:\/\/nid.pl\/en\/2024\/02\/23\/druga-rocznica-agresji-rosji-na-ukraine\/","title":{"rendered":"Druga rocznica agresji Rosji na Ukrain\u0119"},"content":{"rendered":"<p><strong>Od 24 lutego 2022 roku za nasz\u0105 wschodni\u0105 granic\u0105 toczy si\u0119 wojna. Zbrojny atak Rosji na Ukrain\u0119 to osobiste tragedie ludzi, rodzin, spo\u0142eczno\u015bci. To zniszczone miasta i trudne warunki \u017cycia. Regularnie niszczone jest r\u00f3wnie\u017c ukrai\u0144skie dziedzictwo &#8211; bombardowane s\u0105 muzea, \u015bwi\u0105tynie, biblioteki, nawet stanowiska archeologiczne.<\/strong><\/p>\n\n\n\n<p>Wed\u0142ug UNESCO, 342 miejsca o znaczeniu kulturowym w Ukrainie uleg\u0142y zniszczeniu, jednak realne straty s\u0105 najprawdopodobniej du\u017co wi\u0119ksze. Narodowy Instytut Dziedzictwa jako instytucja dzia\u0142aj\u0105ca w kraju, kt\u00f3ry sam do\u015bwiadczy\u0142 ogromnych strat w zabytkach podczas II wojny \u015bwiatowej, od dw\u00f3ch lat aktywnie w\u0142\u0105cza si\u0119 we wsparcie ochrony ukrai\u0144skiego dziedzictwa.<\/p>\n\n\n\n<p>W zesz\u0142ym roku prezentowali\u015bmy film \u201cWymaza\u0107 Nar\u00f3d\u201d w re\u017cyserii Tomasza Grzywaczewskiego, kt\u00f3ry pokazuje jak precyzyjne i tragiczne w skutkach s\u0105 ataki Rosji na ukrai\u0144skie muzea, biblioteki, miejsca, w kt\u00f3rych kultywuje si\u0119 pami\u0119\u0107 o w\u0142asnej historii i to\u017csamo\u015bci.<\/p>\n\n\n\n<p>Film dost\u0119pny jest na kanale YouTube w kilku wersjach j\u0119zykowych: <a href=\"https:\/\/www.youtube.com\/watch?v=KUgRbY1k1YI\" target=\"_blank\" rel=\"noreferrer noopener\">\u201eWymaza\u0107 Nar\u00f3d\u201d | \u201eErase the Nation\u201d (youtube.com)<\/a><\/p>\n\n\n\n<figure class=\"wp-block-embed is-type-video is-provider-youtube wp-block-embed-youtube wp-embed-aspect-16-9 wp-has-aspect-ratio\"><div class=\"wp-block-embed__wrapper\">\n<iframe loading=\"lazy\" title=\"\u201eWymaza\u0107 Nar\u00f3d\u201d | \u201eErase the Nation\u201d\" width=\"1080\" height=\"608\" src=\"https:\/\/www.youtube.com\/embed\/KUgRbY1k1YI?feature=oembed\"  allow=\"accelerometer; autoplay; clipboard-write; encrypted-media; gyroscope; picture-in-picture; web-share\" allowfullscreen><\/iframe>\n<\/div><\/figure>\n\n\n\n<p><\/p>\n\n\n\n<p>Powo\u0142ane w ramach Narodowego Instytutu Dziedzictwa, <a href=\"https:\/\/ukraina.nid.pl\/\">Centrum Pomocy dla Kultury na Ukrainie<\/a> anga\u017cowa\u0142o si\u0119 w wieloaspektowe dzia\u0142ania: koordynowa\u0142o transporty \u015brodk\u00f3w niezb\u0119dnych do zabezpieczania zbior\u00f3w, organizowa\u0142o warsztaty, szkolenia i konferencje po\u015bwi\u0119cone ochronie zabytk\u00f3w w trakcie konfliktu zbrojnego, a tak\u017ce dokumentowa\u0142o straty d\u00f3br kultury.<\/p>\n\n\n\n<p>Jednym z cel\u00f3w wsp\u00f3\u0142pracy polsko-ukrai\u0144skiej w ramach Centrum by\u0142o r\u00f3wnie\u017c przygotowywanie si\u0119 do wyzwania, jakim b\u0119dzie odbudowa ukrai\u0144skiego dziedzictwa. <\/p>\n\n\n\n<p>Przez ostatnie dwa lata, Polska sta\u0142a si\u0119 schronieniem dla tysi\u0119cy os\u00f3b, w tym artyst\u00f3w i os\u00f3b promuj\u0105cych ukrai\u0144sk\u0105 kultur\u0119. Mamy g\u0142\u0119bok\u0105 nadziej\u0119, \u017ce ka\u017cdy, kto odnalaz\u0142 w naszym kraju tymczasowy lub drugi dom, b\u0119dzie m\u00f3g\u0142 kontynuowa\u0107 swoj\u0105 dzia\u0142alno\u015b\u0107 i jeste\u015bmy ci\u0105gle otwarci na wspieranie inicjatyw zmierzaj\u0105cych do ochrony ukrai\u0144skiego dziedzictwa, tradycji i to\u017csamo\u015bci.<\/p>\n\n\n\n<p>Wi\u0119cej o dzia\u0142aniu Centrum Pomocy dla Kultury na Ukrainie i innych polskich instytucji kultury w latach 2022-2023 przeczytasz w Raporcie \u201cOcali\u0107 dziedzictwo Ukrainy\u201d &#8211; do pobrania bezp\u0142atnie na stronie Ksi\u0119garni NID &#8211; <a href=\"https:\/\/ksiegarnia.nid.pl\/produkt\/ocalic-dziedzictwo-ukrainy-raport-cpku-2023\/\">Ocali\u0107 dziedzictwo Ukrainy. Raport Narodowego Instytutu Dziedzictwa \u2013 Centrum Pomocy dla Kultury na Ukrainie &#8211; Wydawnictwa Narodowego Instytutu Dziedzictwa (nid.pl)<\/a><\/p>","protected":false},"excerpt":{"rendered":"<p>Od 24 lutego 2022 roku za nasz\u0105 wschodni\u0105 granic\u0105 toczy si\u0119 wojna. Zbrojny atak Rosji na Ukrain\u0119 to osobiste tragedie ludzi, rodzin, spo\u0142eczno\u015bci. To zniszczone miasta i trudne warunki \u017cycia. [&hellip;]<\/p>","protected":false},"author":4,"featured_media":16532,"comment_status":"closed","ping_status":"closed","sticky":false,"template":"","format":"standard","meta":{"_et_pb_use_builder":"off","_et_pb_old_content":"","_et_gb_content_width":"","_monsterinsights_skip_tracking":false,"_monsterinsights_sitenote_active":false,"_monsterinsights_sitenote_note":"","_monsterinsights_sitenote_category":0,"footnotes":""},"categories":[3],"tags":[],"class_list":["post-16531","post","type-post","status-publish","format-standard","has-post-thumbnail","hentry","category-aktualnosci"],"yoast_head":"<!-- This site is optimized with the Yoast SEO plugin v26.5 - https:\/\/yoast.com\/wordpress\/plugins\/seo\/ -->\n<title>Druga rocznica agresji Rosji na Ukrain\u0119 - NID<\/title>\n<meta name=\"robots\" content=\"index, follow, max-snippet:-1, max-image-preview:large, max-video-preview:-1\" \/>\n<link rel=\"canonical\" href=\"https:\/\/nid.pl\/en\/2024\/02\/23\/druga-rocznica-agresji-rosji-na-ukraine\/\" \/>\n<meta property=\"og:locale\" content=\"en_GB\" \/>\n<meta property=\"og:type\" content=\"article\" \/>\n<meta property=\"og:title\" content=\"Druga rocznica agresji Rosji na Ukrain\u0119 - NID\" \/>\n<meta property=\"og:description\" content=\"Od 24 lutego 2022 roku za nasz\u0105 wschodni\u0105 granic\u0105 toczy si\u0119 wojna. Zbrojny atak Rosji na Ukrain\u0119 to osobiste tragedie ludzi, rodzin, spo\u0142eczno\u015bci. To zniszczone miasta i trudne warunki \u017cycia. [&hellip;]\" \/>\n<meta property=\"og:url\" content=\"https:\/\/nid.pl\/en\/2024\/02\/23\/druga-rocznica-agresji-rosji-na-ukraine\/\" \/>\n<meta property=\"og:site_name\" content=\"NID\" \/>\n<meta property=\"article:publisher\" content=\"https:\/\/www.facebook.com\/zabytek\" \/>\n<meta property=\"article:published_time\" content=\"2024-02-23T12:48:29+00:00\" \/>\n<meta property=\"article:modified_time\" content=\"2024-02-23T12:49:31+00:00\" \/>\n<meta property=\"og:image\" content=\"https:\/\/nid.pl\/wp-content\/uploads\/2024\/02\/Druga-rocznica-agresji-Rosji-na-Ukraine_miniaturka-1024x683.png\" \/>\n\t<meta property=\"og:image:width\" content=\"1024\" \/>\n\t<meta property=\"og:image:height\" content=\"683\" \/>\n\t<meta property=\"og:image:type\" content=\"image\/png\" \/>\n<meta name=\"author\" content=\"Marta Or\u0119ziak\" \/>\n<meta name=\"twitter:card\" content=\"summary_large_image\" \/>\n<meta name=\"twitter:creator\" content=\"@NarIDpl\" \/>\n<meta name=\"twitter:site\" content=\"@NarIDpl\" \/>\n<meta name=\"twitter:label1\" content=\"Written by\" \/>\n\t<meta name=\"twitter:data1\" content=\"Marta Or\u0119ziak\" \/>\n\t<meta name=\"twitter:label2\" content=\"Estimated reading time\" \/>\n\t<meta name=\"twitter:data2\" content=\"2 minutes\" \/>\n<script type=\"application\/ld+json\" class=\"yoast-schema-graph\">{\"@context\":\"https:\/\/schema.org\",\"@graph\":[{\"@type\":\"Article\",\"@id\":\"https:\/\/nid.pl\/2024\/02\/23\/druga-rocznica-agresji-rosji-na-ukraine\/#article\",\"isPartOf\":{\"@id\":\"https:\/\/nid.pl\/2024\/02\/23\/druga-rocznica-agresji-rosji-na-ukraine\/\"},\"author\":{\"name\":\"Marta Or\u0119ziak\",\"@id\":\"https:\/\/nid.pl\/#\/schema\/person\/9d848c4a54b78bc2a1461f1c5d8de615\"},\"headline\":\"Druga rocznica agresji Rosji na Ukrain\u0119\",\"datePublished\":\"2024-02-23T12:48:29+00:00\",\"dateModified\":\"2024-02-23T12:49:31+00:00\",\"mainEntityOfPage\":{\"@id\":\"https:\/\/nid.pl\/2024\/02\/23\/druga-rocznica-agresji-rosji-na-ukraine\/\"},\"wordCount\":398,\"publisher\":{\"@id\":\"https:\/\/nid.pl\/#organization\"},\"image\":{\"@id\":\"https:\/\/nid.pl\/2024\/02\/23\/druga-rocznica-agresji-rosji-na-ukraine\/#primaryimage\"},\"thumbnailUrl\":\"https:\/\/nid.pl\/wp-content\/uploads\/2024\/02\/Druga-rocznica-agresji-Rosji-na-Ukraine_miniaturka.png\",\"articleSection\":[\"Aktualno\u015bci\"],\"inLanguage\":\"en-GB\"},{\"@type\":\"WebPage\",\"@id\":\"https:\/\/nid.pl\/2024\/02\/23\/druga-rocznica-agresji-rosji-na-ukraine\/\",\"url\":\"https:\/\/nid.pl\/2024\/02\/23\/druga-rocznica-agresji-rosji-na-ukraine\/\",\"name\":\"Druga rocznica agresji Rosji na Ukrain\u0119 - NID\",\"isPartOf\":{\"@id\":\"https:\/\/nid.pl\/#website\"},\"primaryImageOfPage\":{\"@id\":\"https:\/\/nid.pl\/2024\/02\/23\/druga-rocznica-agresji-rosji-na-ukraine\/#primaryimage\"},\"image\":{\"@id\":\"https:\/\/nid.pl\/2024\/02\/23\/druga-rocznica-agresji-rosji-na-ukraine\/#primaryimage\"},\"thumbnailUrl\":\"https:\/\/nid.pl\/wp-content\/uploads\/2024\/02\/Druga-rocznica-agresji-Rosji-na-Ukraine_miniaturka.png\",\"datePublished\":\"2024-02-23T12:48:29+00:00\",\"dateModified\":\"2024-02-23T12:49:31+00:00\",\"breadcrumb\":{\"@id\":\"https:\/\/nid.pl\/2024\/02\/23\/druga-rocznica-agresji-rosji-na-ukraine\/#breadcrumb\"},\"inLanguage\":\"en-GB\",\"potentialAction\":[{\"@type\":\"ReadAction\",\"target\":[\"https:\/\/nid.pl\/2024\/02\/23\/druga-rocznica-agresji-rosji-na-ukraine\/\"]}]},{\"@type\":\"ImageObject\",\"inLanguage\":\"en-GB\",\"@id\":\"https:\/\/nid.pl\/2024\/02\/23\/druga-rocznica-agresji-rosji-na-ukraine\/#primaryimage\",\"url\":\"https:\/\/nid.pl\/wp-content\/uploads\/2024\/02\/Druga-rocznica-agresji-Rosji-na-Ukraine_miniaturka.png\",\"contentUrl\":\"https:\/\/nid.pl\/wp-content\/uploads\/2024\/02\/Druga-rocznica-agresji-Rosji-na-Ukraine_miniaturka.png\",\"width\":1857,\"height\":1238,\"caption\":\"zniszczony zabytek na Ukrainie\"},{\"@type\":\"BreadcrumbList\",\"@id\":\"https:\/\/nid.pl\/2024\/02\/23\/druga-rocznica-agresji-rosji-na-ukraine\/#breadcrumb\",\"itemListElement\":[{\"@type\":\"ListItem\",\"position\":1,\"name\":\"Home\",\"item\":\"https:\/\/nid.pl\/\"},{\"@type\":\"ListItem\",\"position\":2,\"name\":\"Druga rocznica agresji Rosji na Ukrain\u0119\"}]},{\"@type\":\"WebSite\",\"@id\":\"https:\/\/nid.pl\/#website\",\"url\":\"https:\/\/nid.pl\/\",\"name\":\"NID\",\"description\":\"Narodowy Instytut Dziedzictwa\",\"publisher\":{\"@id\":\"https:\/\/nid.pl\/#organization\"},\"potentialAction\":[{\"@type\":\"SearchAction\",\"target\":{\"@type\":\"EntryPoint\",\"urlTemplate\":\"https:\/\/nid.pl\/?s={search_term_string}\"},\"query-input\":{\"@type\":\"PropertyValueSpecification\",\"valueRequired\":true,\"valueName\":\"search_term_string\"}}],\"inLanguage\":\"en-GB\"},{\"@type\":\"Organization\",\"@id\":\"https:\/\/nid.pl\/#organization\",\"name\":\"Narodowy Instytut Dziedzictwa\",\"url\":\"https:\/\/nid.pl\/\",\"logo\":{\"@type\":\"ImageObject\",\"inLanguage\":\"en-GB\",\"@id\":\"https:\/\/nid.pl\/#\/schema\/logo\/image\/\",\"url\":\"https:\/\/nid.pl\/wp-content\/uploads\/2022\/10\/logoRedDark.png\",\"contentUrl\":\"https:\/\/nid.pl\/wp-content\/uploads\/2022\/10\/logoRedDark.png\",\"width\":200,\"height\":197,\"caption\":\"Narodowy Instytut Dziedzictwa\"},\"image\":{\"@id\":\"https:\/\/nid.pl\/#\/schema\/logo\/image\/\"},\"sameAs\":[\"https:\/\/www.facebook.com\/zabytek\",\"https:\/\/x.com\/NarIDpl\",\"https:\/\/www.instagram.com\/nid.pl\/?hl=pl\",\"https:\/\/www.linkedin.com\/company\/narodowy-instytut-dziedzictwa\",\"https:\/\/www.youtube.com\/channel\/UCQXuhKa2uHtmNvLRUSx40JA\"]},{\"@type\":\"Person\",\"@id\":\"https:\/\/nid.pl\/#\/schema\/person\/9d848c4a54b78bc2a1461f1c5d8de615\",\"name\":\"Marta Or\u0119ziak\",\"image\":{\"@type\":\"ImageObject\",\"inLanguage\":\"en-GB\",\"@id\":\"https:\/\/nid.pl\/#\/schema\/person\/image\/\",\"url\":\"https:\/\/nid.pl\/wp-content\/litespeed\/avatar\/3cdc296a7eb01425272974c992bee3ea.jpg?ver=1777445267\",\"contentUrl\":\"https:\/\/nid.pl\/wp-content\/litespeed\/avatar\/3cdc296a7eb01425272974c992bee3ea.jpg?ver=1777445267\",\"caption\":\"Marta Or\u0119ziak\"},\"url\":\"https:\/\/nid.pl\/en\/author\/moreziak\/\"}]}<\/script>\n<!-- \/ Yoast SEO plugin. -->","yoast_head_json":{"title":"Druga rocznica agresji Rosji na Ukrain\u0119 - NID","robots":{"index":"index","follow":"follow","max-snippet":"max-snippet:-1","max-image-preview":"max-image-preview:large","max-video-preview":"max-video-preview:-1"},"canonical":"https:\/\/nid.pl\/en\/2024\/02\/23\/druga-rocznica-agresji-rosji-na-ukraine\/","og_locale":"en_GB","og_type":"article","og_title":"Druga rocznica agresji Rosji na Ukrain\u0119 - NID","og_description":"Od 24 lutego 2022 roku za nasz\u0105 wschodni\u0105 granic\u0105 toczy si\u0119 wojna. Zbrojny atak Rosji na Ukrain\u0119 to osobiste tragedie ludzi, rodzin, spo\u0142eczno\u015bci. To zniszczone miasta i trudne warunki \u017cycia. [&hellip;]","og_url":"https:\/\/nid.pl\/en\/2024\/02\/23\/druga-rocznica-agresji-rosji-na-ukraine\/","og_site_name":"NID","article_publisher":"https:\/\/www.facebook.com\/zabytek","article_published_time":"2024-02-23T12:48:29+00:00","article_modified_time":"2024-02-23T12:49:31+00:00","og_image":[{"width":1024,"height":683,"url":"https:\/\/nid.pl\/wp-content\/uploads\/2024\/02\/Druga-rocznica-agresji-Rosji-na-Ukraine_miniaturka-1024x683.png","type":"image\/png"}],"author":"Marta Or\u0119ziak","twitter_card":"summary_large_image","twitter_creator":"@NarIDpl","twitter_site":"@NarIDpl","twitter_misc":{"Written by":"Marta Or\u0119ziak","Estimated reading time":"2 minutes"},"schema":{"@context":"https:\/\/schema.org","@graph":[{"@type":"Article","@id":"https:\/\/nid.pl\/2024\/02\/23\/druga-rocznica-agresji-rosji-na-ukraine\/#article","isPartOf":{"@id":"https:\/\/nid.pl\/2024\/02\/23\/druga-rocznica-agresji-rosji-na-ukraine\/"},"author":{"name":"Marta Or\u0119ziak","@id":"https:\/\/nid.pl\/#\/schema\/person\/9d848c4a54b78bc2a1461f1c5d8de615"},"headline":"Druga rocznica agresji Rosji na Ukrain\u0119","datePublished":"2024-02-23T12:48:29+00:00","dateModified":"2024-02-23T12:49:31+00:00","mainEntityOfPage":{"@id":"https:\/\/nid.pl\/2024\/02\/23\/druga-rocznica-agresji-rosji-na-ukraine\/"},"wordCount":398,"publisher":{"@id":"https:\/\/nid.pl\/#organization"},"image":{"@id":"https:\/\/nid.pl\/2024\/02\/23\/druga-rocznica-agresji-rosji-na-ukraine\/#primaryimage"},"thumbnailUrl":"https:\/\/nid.pl\/wp-content\/uploads\/2024\/02\/Druga-rocznica-agresji-Rosji-na-Ukraine_miniaturka.png","articleSection":["Aktualno\u015bci"],"inLanguage":"en-GB"},{"@type":"WebPage","@id":"https:\/\/nid.pl\/2024\/02\/23\/druga-rocznica-agresji-rosji-na-ukraine\/","url":"https:\/\/nid.pl\/2024\/02\/23\/druga-rocznica-agresji-rosji-na-ukraine\/","name":"Druga rocznica agresji Rosji na Ukrain\u0119 - NID","isPartOf":{"@id":"https:\/\/nid.pl\/#website"},"primaryImageOfPage":{"@id":"https:\/\/nid.pl\/2024\/02\/23\/druga-rocznica-agresji-rosji-na-ukraine\/#primaryimage"},"image":{"@id":"https:\/\/nid.pl\/2024\/02\/23\/druga-rocznica-agresji-rosji-na-ukraine\/#primaryimage"},"thumbnailUrl":"https:\/\/nid.pl\/wp-content\/uploads\/2024\/02\/Druga-rocznica-agresji-Rosji-na-Ukraine_miniaturka.png","datePublished":"2024-02-23T12:48:29+00:00","dateModified":"2024-02-23T12:49:31+00:00","breadcrumb":{"@id":"https:\/\/nid.pl\/2024\/02\/23\/druga-rocznica-agresji-rosji-na-ukraine\/#breadcrumb"},"inLanguage":"en-GB","potentialAction":[{"@type":"ReadAction","target":["https:\/\/nid.pl\/2024\/02\/23\/druga-rocznica-agresji-rosji-na-ukraine\/"]}]},{"@type":"ImageObject","inLanguage":"en-GB","@id":"https:\/\/nid.pl\/2024\/02\/23\/druga-rocznica-agresji-rosji-na-ukraine\/#primaryimage","url":"https:\/\/nid.pl\/wp-content\/uploads\/2024\/02\/Druga-rocznica-agresji-Rosji-na-Ukraine_miniaturka.png","contentUrl":"https:\/\/nid.pl\/wp-content\/uploads\/2024\/02\/Druga-rocznica-agresji-Rosji-na-Ukraine_miniaturka.png","width":1857,"height":1238,"caption":"zniszczony zabytek na Ukrainie"},{"@type":"BreadcrumbList","@id":"https:\/\/nid.pl\/2024\/02\/23\/druga-rocznica-agresji-rosji-na-ukraine\/#breadcrumb","itemListElement":[{"@type":"ListItem","position":1,"name":"Home","item":"https:\/\/nid.pl\/"},{"@type":"ListItem","position":2,"name":"Druga rocznica agresji Rosji na Ukrain\u0119"}]},{"@type":"WebSite","@id":"https:\/\/nid.pl\/#website","url":"https:\/\/nid.pl\/","name":"NID","description":"Narodowy Instytut Dziedzictwa","publisher":{"@id":"https:\/\/nid.pl\/#organization"},"potentialAction":[{"@type":"SearchAction","target":{"@type":"EntryPoint","urlTemplate":"https:\/\/nid.pl\/?s={search_term_string}"},"query-input":{"@type":"PropertyValueSpecification","valueRequired":true,"valueName":"search_term_string"}}],"inLanguage":"en-GB"},{"@type":"Organization","@id":"https:\/\/nid.pl\/#organization","name":"Narodowy Instytut Dziedzictwa","url":"https:\/\/nid.pl\/","logo":{"@type":"ImageObject","inLanguage":"en-GB","@id":"https:\/\/nid.pl\/#\/schema\/logo\/image\/","url":"https:\/\/nid.pl\/wp-content\/uploads\/2022\/10\/logoRedDark.png","contentUrl":"https:\/\/nid.pl\/wp-content\/uploads\/2022\/10\/logoRedDark.png","width":200,"height":197,"caption":"Narodowy Instytut Dziedzictwa"},"image":{"@id":"https:\/\/nid.pl\/#\/schema\/logo\/image\/"},"sameAs":["https:\/\/www.facebook.com\/zabytek","https:\/\/x.com\/NarIDpl","https:\/\/www.instagram.com\/nid.pl\/?hl=pl","https:\/\/www.linkedin.com\/company\/narodowy-instytut-dziedzictwa","https:\/\/www.youtube.com\/channel\/UCQXuhKa2uHtmNvLRUSx40JA"]},{"@type":"Person","@id":"https:\/\/nid.pl\/#\/schema\/person\/9d848c4a54b78bc2a1461f1c5d8de615","name":"Marta Or\u0119ziak","image":{"@type":"ImageObject","inLanguage":"en-GB","@id":"https:\/\/nid.pl\/#\/schema\/person\/image\/","url":"https:\/\/nid.pl\/wp-content\/litespeed\/avatar\/3cdc296a7eb01425272974c992bee3ea.jpg?ver=1777445267","contentUrl":"https:\/\/nid.pl\/wp-content\/litespeed\/avatar\/3cdc296a7eb01425272974c992bee3ea.jpg?ver=1777445267","caption":"Marta Or\u0119ziak"},"url":"https:\/\/nid.pl\/en\/author\/moreziak\/"}]}},"_links":{"self":[{"href":"https:\/\/nid.pl\/en\/wp-json\/wp\/v2\/posts\/16531","targetHints":{"allow":["GET"]}}],"collection":[{"href":"https:\/\/nid.pl\/en\/wp-json\/wp\/v2\/posts"}],"about":[{"href":"https:\/\/nid.pl\/en\/wp-json\/wp\/v2\/types\/post"}],"author":[{"embeddable":true,"href":"https:\/\/nid.pl\/en\/wp-json\/wp\/v2\/users\/4"}],"replies":[{"embeddable":true,"href":"https:\/\/nid.pl\/en\/wp-json\/wp\/v2\/comments?post=16531"}],"version-history":[{"count":0,"href":"https:\/\/nid.pl\/en\/wp-json\/wp\/v2\/posts\/16531\/revisions"}],"wp:featuredmedia":[{"embeddable":true,"href":"https:\/\/nid.pl\/en\/wp-json\/wp\/v2\/media\/16532"}],"wp:attachment":[{"href":"https:\/\/nid.pl\/en\/wp-json\/wp\/v2\/media?parent=16531"}],"wp:term":[{"taxonomy":"category","embeddable":true,"href":"https:\/\/nid.pl\/en\/wp-json\/wp\/v2\/categories?post=16531"},{"taxonomy":"post_tag","embeddable":true,"href":"https:\/\/nid.pl\/en\/wp-json\/wp\/v2\/tags?post=16531"}],"curies":[{"name":"wp","href":"https:\/\/api.w.org\/{rel}","templated":true}]}}