{"id":16423,"date":"2024-02-19T15:46:38","date_gmt":"2024-02-19T14:46:38","guid":{"rendered":"https:\/\/nid.pl\/?p=16423"},"modified":"2024-02-20T15:56:53","modified_gmt":"2024-02-20T14:56:53","slug":"muzeum-narodowe-w-lublinie-nowym-koordynatorem-europejskich-dni-dziedzictwa-w-wojewodztwie-lubelskim","status":"publish","type":"post","link":"https:\/\/nid.pl\/en\/2024\/02\/19\/muzeum-narodowe-w-lublinie-nowym-koordynatorem-europejskich-dni-dziedzictwa-w-wojewodztwie-lubelskim\/","title":{"rendered":"Muzeum Narodowe w Lublinie nowym koordynatorem Europejskich Dni Dziedzictwa w\u00a0wojew\u00f3dztwie lubelskim!"},"content":{"rendered":"<p><strong>19 lutego, podczas konferencji prasowej, Narodowy Instytut Dziedzictwa \u2013 og\u00f3lnopolski &nbsp;koordynator Europejskich Dni Dziedzictwa podpisa\u0142 porozumienie z Muzeum Narodowym w Lublinie, kt\u00f3re tym samym zosta\u0142o regionalnym koordynatorem EDD.<\/strong><\/p>\n\n\n\n<p>Celem Europejskich Dni Dziedzictwa jest promocja dziedzictwa kulturowego po\u015br\u00f3d lokalnych spo\u0142eczno\u015bci oraz podkre\u015blenie wsp\u00f3lnych korzeni kultury europejskiej. W II i III weekend wrze\u015bnia mo\u017cna bezp\u0142atnie zwiedza\u0107 najciekawsze zabytki i korzysta\u0107 z szerokiej oferty wydarze\u0144 kulturalnych.<\/p>\n\n\n\n<p><em>\u2013 Na przestrzeni czasu &#8211; przy zaanga\u017cowaniu setek organizator\u00f3w poszczeg\u00f3lnych wydarze\u0144, zar\u00f3wno du\u017cych muze\u00f3w, lokalnych o\u015brodk\u00f3w kultury, organizacji pozarz\u0105dowych, jak i ma\u0142ych gminnych bibliotek czy os\u00f3b prywatnych \u2013 powsta\u0142a wyj\u0105tkowa formu\u0142a projektu, pod wsp\u00f3lnym szyldem Europejskich Dni Dziedzictwa<\/em> \u2013 wyja\u015bnia dyrektor Narodowego Instytutu Dziedzictwa, dr hab. Katarzyna Zalasi\u0144ska.<\/p>\n\n\n\n<p>Tegoroczne has\u0142o EDD <strong>Szlaki. Sieci. Po\u0142\u0105czenia.<\/strong> to bezpo\u015brednie odwo\u0142anie do projektu Szlak\u00f3w Kulturowych Rady Europy. Polska w 2017 r. podpisa\u0142a porozumienie i w\u0142\u0105czy\u0142a si\u0119 w projekt, kt\u00f3ry tworzy obecnie lista 47 tras, a my jeste\u015bmy cz\u0119\u015bci\u0105 17 z nich. Temat przewodni EDD daje r\u00f3wnie\u017c mo\u017cliwo\u015b\u0107 pokazania r\u00f3\u017cnorodno\u015bci dziedzictwa niematerialnego, w tym zjawisk wpisanych na Krajow\u0105 list\u0119 niematerialnego dziedzictwa kulturowego. Przede wszystkim mistrz\u00f3w rzemios\u0142a i r\u0119kodzie\u0142a, przekazuj\u0105cych umiej\u0119tno\u015bci kolejnym pokoleniom, kt\u00f3rych mo\u017cemy spotka\u0107 na licznych szlakach. &nbsp;<\/p>\n\n\n\n<p><strong>Nowy Koordynator regionalny EDD w wojew\u00f3dztwie lubelskim<\/strong><\/p>\n\n\n\n<p><strong>Muzeum Narodowe w Lublinie<\/strong> jest nowym koordynatorem regionalnym EDD w wojew\u00f3dztwie lubelskim na mocy porozumienia podpisanego z Narodowym Instytutem Dziedzictwa 19 lutego 2024 roku.<\/p>\n\n\n\n<p>Muzeum Narodowe w Lublinie nale\u017cy do najwi\u0119kszych instytucji kulturalnych we wschodniej Polsce. Gromadzi najbogatsze i najcenniejsze w regionie zbiory reprezentuj\u0105ce polskie i europejskie dziedzictwo kulturowe.<\/p>\n\n\n\n<p>Muzeum b\u0119dzie zach\u0119ca\u0142o instytucje kultury i inne podmioty do organizacji wydarze\u0144 we wrze\u015bniu w ramach EDD, tym samym promuj\u0105c regionalne dziedzictwo materialne i niematerialne. Dotychczas by\u0142o ono aktywnym uczestnikiem EDD, zapraszaj\u0105c na zwiedzanie wystaw i do udzia\u0142u w wydarzeniach. Co roku w wojew\u00f3dztwie lubelskim odbywa si\u0119 kilkadziesi\u0105t wydarze\u0144. Organizowane s\u0105 g\u0142\u00f3wnie wystawy, koncerty, festyny, warsztaty, wyk\u0142ady oraz zaj\u0119cia edukacyjne.<\/p>\n\n\n\n<p><strong>Jak do\u0142\u0105czy\u0107 do Europejskich Dniach Dziedzictwa \u2013 dla Organizator\u00f3w?<\/strong><\/p>\n\n\n\n<p>Wystarczy wype\u0142ni\u0107&nbsp;&nbsp;<a href=\"https:\/\/edd.nid.pl\/formularz-zgloszeniowy\/\">FORMULARZ ZG\u0141OSZENIOWY<\/a> znajduj\u0105cy si\u0119 na stronie og\u00f3lnopolskiego koordynatora #EDD, kt\u00f3rym jest Narodowy Instytut Dziedzictwa. Na stronie <a href=\"https:\/\/edd.nid.pl\/koordynatorzy\/\">edd.nid.pl<\/a>, znajduje si\u0119 r\u00f3wnie\u017c baza kontakt\u00f3w do koordynator\u00f3w regionalnych, kt\u00f3rzy odpowiedz\u0105 szczeg\u00f3\u0142owo na wszystkie pytania instytucji, kt\u00f3re zechc\u0105 w\u0142\u0105czy\u0107 si\u0119 do tegorocznej edycji Europejskich Dni Dziedzictwa.<\/p>\n\n\n\n<figure class=\"wp-block-image aligncenter size-large is-resized\"><img loading=\"lazy\" decoding=\"async\" width=\"1024\" height=\"683\" src=\"https:\/\/nid.pl\/wp-content\/uploads\/2024\/02\/dyrektor-Narodowego-Instytutu-Dziedzictwa-dr-hab.-Katarzyna-Zalasinska-oraz-dyrektor-Muzeum-Narodowego-w-Lublinie-dr-Katarzyna-Mieczowska.-fot.-J.-Wozniak-1024x683.jpg\" alt=\"\" class=\"wp-image-16426\" style=\"width:631px;height:auto\" srcset=\"https:\/\/nid.pl\/wp-content\/uploads\/2024\/02\/dyrektor-Narodowego-Instytutu-Dziedzictwa-dr-hab.-Katarzyna-Zalasinska-oraz-dyrektor-Muzeum-Narodowego-w-Lublinie-dr-Katarzyna-Mieczowska.-fot.-J.-Wozniak-980x653.jpg 980w, https:\/\/nid.pl\/wp-content\/uploads\/2024\/02\/dyrektor-Narodowego-Instytutu-Dziedzictwa-dr-hab.-Katarzyna-Zalasinska-oraz-dyrektor-Muzeum-Narodowego-w-Lublinie-dr-Katarzyna-Mieczowska.-fot.-J.-Wozniak-480x320.jpg 480w\" sizes=\"(min-width: 0px) and (max-width: 480px) 480px, (min-width: 481px) and (max-width: 980px) 980px, (min-width: 981px) 1024px, 100vw\" \/><figcaption class=\"wp-element-caption\">dyrektor Narodowego Instytutu Dziedzictwa dr hab. Katarzyna Zalasi\u0144ska oraz zast\u0119pca dyrektora ds. wystaw i edukacji Muzeum Narodowego w Lublinie, Barbara Oratowska. fot. Muzeum Narodowe w Lublinie\/Jakub Jeremicz<\/figcaption><\/figure>\n\n\n\n<figure class=\"wp-block-image aligncenter size-large is-resized\"><img loading=\"lazy\" decoding=\"async\" width=\"1024\" height=\"683\" src=\"https:\/\/nid.pl\/wp-content\/uploads\/2024\/02\/dyrektor-Narodowego-Instytutu-Dziedzictwa-dr-hab.-Katarzyna-Zalasinska-oraz-dyrektor-Muzeum-Narodowego-w-Lublinie-dr-Katarzyna-Mieczowska.-fot.-J.-Wozniak-2-1024x683.jpg\" alt=\"\" class=\"wp-image-16427\" style=\"width:637px;height:auto\" srcset=\"https:\/\/nid.pl\/wp-content\/uploads\/2024\/02\/dyrektor-Narodowego-Instytutu-Dziedzictwa-dr-hab.-Katarzyna-Zalasinska-oraz-dyrektor-Muzeum-Narodowego-w-Lublinie-dr-Katarzyna-Mieczowska.-fot.-J.-Wozniak-2-980x653.jpg 980w, https:\/\/nid.pl\/wp-content\/uploads\/2024\/02\/dyrektor-Narodowego-Instytutu-Dziedzictwa-dr-hab.-Katarzyna-Zalasinska-oraz-dyrektor-Muzeum-Narodowego-w-Lublinie-dr-Katarzyna-Mieczowska.-fot.-J.-Wozniak-2-480x320.jpg 480w\" sizes=\"(min-width: 0px) and (max-width: 480px) 480px, (min-width: 481px) and (max-width: 980px) 980px, (min-width: 981px) 1024px, 100vw\" \/><figcaption class=\"wp-element-caption\">dyrektor Narodowego Instytutu Dziedzictwa dr hab. Katarzyna Zalasi\u0144ska oraz zast\u0119pca dyrektora ds. wystaw i edukacji Muzeum Narodowego w Lublinie, Barbara Oratowska. fot. Muzeum Narodowe w Lublinie\/Jakub Jeremicz<\/figcaption><\/figure>\n\n\n\n<figure class=\"wp-block-image aligncenter size-large is-resized\"><img loading=\"lazy\" decoding=\"async\" width=\"1024\" height=\"683\" src=\"https:\/\/nid.pl\/wp-content\/uploads\/2024\/02\/podpisanie-porozumienia-pomiedzy-Narodowym-Instytutem-Dziedzictwa-a-Muzeum-Narodowym-w-Lublinie.-fot.-J.-Wozniak-1024x683.jpg\" alt=\"\" class=\"wp-image-16425\" style=\"width:641px;height:auto\" srcset=\"https:\/\/nid.pl\/wp-content\/uploads\/2024\/02\/podpisanie-porozumienia-pomiedzy-Narodowym-Instytutem-Dziedzictwa-a-Muzeum-Narodowym-w-Lublinie.-fot.-J.-Wozniak-980x653.jpg 980w, https:\/\/nid.pl\/wp-content\/uploads\/2024\/02\/podpisanie-porozumienia-pomiedzy-Narodowym-Instytutem-Dziedzictwa-a-Muzeum-Narodowym-w-Lublinie.-fot.-J.-Wozniak-480x320.jpg 480w\" sizes=\"(min-width: 0px) and (max-width: 480px) 480px, (min-width: 481px) and (max-width: 980px) 980px, (min-width: 981px) 1024px, 100vw\" \/><figcaption class=\"wp-element-caption\">podpisanie porozumienia pomi\u0119dzy Narodowym Instytutem Dziedzictwa a Muzeum Narodowym w Lublinie. fot. Muzeum Narodowe w Lublinie\/Jakub Jeremicz<\/figcaption><\/figure>","protected":false},"excerpt":{"rendered":"<p>19 lutego, podczas konferencji prasowej, Narodowy Instytut Dziedzictwa \u2013 og\u00f3lnopolski &nbsp;koordynator Europejskich Dni Dziedzictwa podpisa\u0142 porozumienie z Muzeum Narodowym w Lublinie, kt\u00f3re tym samym zosta\u0142o regionalnym koordynatorem EDD. Celem Europejskich [&hellip;]<\/p>","protected":false},"author":7,"featured_media":16429,"comment_status":"closed","ping_status":"closed","sticky":false,"template":"","format":"standard","meta":{"_et_pb_use_builder":"off","_et_pb_old_content":"","_et_gb_content_width":"","_monsterinsights_skip_tracking":false,"_monsterinsights_sitenote_active":false,"_monsterinsights_sitenote_note":"","_monsterinsights_sitenote_category":0,"footnotes":""},"categories":[3,89],"tags":[],"class_list":["post-16423","post","type-post","status-publish","format-standard","has-post-thumbnail","hentry","category-aktualnosci","category-europejskie-dni-dziedzictwa"],"yoast_head":"<!-- This site is optimized with the Yoast SEO plugin v26.5 - https:\/\/yoast.com\/wordpress\/plugins\/seo\/ -->\n<title>Muzeum Narodowe w Lublinie nowym koordynatorem Europejskich Dni Dziedzictwa w\u00a0wojew\u00f3dztwie lubelskim! - NID<\/title>\n<meta name=\"robots\" content=\"index, follow, max-snippet:-1, max-image-preview:large, max-video-preview:-1\" \/>\n<link rel=\"canonical\" href=\"https:\/\/nid.pl\/en\/2024\/02\/19\/muzeum-narodowe-w-lublinie-nowym-koordynatorem-europejskich-dni-dziedzictwa-w-wojewodztwie-lubelskim\/\" \/>\n<meta property=\"og:locale\" content=\"en_GB\" \/>\n<meta property=\"og:type\" content=\"article\" \/>\n<meta property=\"og:title\" content=\"Muzeum Narodowe w Lublinie nowym koordynatorem Europejskich Dni Dziedzictwa w\u00a0wojew\u00f3dztwie lubelskim! - NID\" \/>\n<meta property=\"og:description\" content=\"19 lutego, podczas konferencji prasowej, Narodowy Instytut Dziedzictwa \u2013 og\u00f3lnopolski &nbsp;koordynator Europejskich Dni Dziedzictwa podpisa\u0142 porozumienie z Muzeum Narodowym w Lublinie, kt\u00f3re tym samym zosta\u0142o regionalnym koordynatorem EDD. Celem Europejskich [&hellip;]\" \/>\n<meta property=\"og:url\" content=\"https:\/\/nid.pl\/en\/2024\/02\/19\/muzeum-narodowe-w-lublinie-nowym-koordynatorem-europejskich-dni-dziedzictwa-w-wojewodztwie-lubelskim\/\" \/>\n<meta property=\"og:site_name\" content=\"NID\" \/>\n<meta property=\"article:publisher\" content=\"https:\/\/www.facebook.com\/zabytek\" \/>\n<meta property=\"article:published_time\" content=\"2024-02-19T14:46:38+00:00\" \/>\n<meta property=\"article:modified_time\" content=\"2024-02-20T14:56:53+00:00\" \/>\n<meta property=\"og:image\" content=\"https:\/\/nid.pl\/wp-content\/uploads\/2024\/02\/miniaturka-Muzeum-Narodowe-w-Lublinie-nowym-koordynatorem-Europejskich-Dni-Dziedzictwa-w-wojewodztwie-lubelskim-fot.-J.-Wozniak.jpg\" \/>\n\t<meta property=\"og:image:width\" content=\"1850\" \/>\n\t<meta property=\"og:image:height\" content=\"1238\" \/>\n\t<meta property=\"og:image:type\" content=\"image\/jpeg\" \/>\n<meta name=\"author\" content=\"Barbara Halliop\" \/>\n<meta name=\"twitter:card\" content=\"summary_large_image\" \/>\n<meta name=\"twitter:creator\" content=\"@NarIDpl\" \/>\n<meta name=\"twitter:site\" content=\"@NarIDpl\" \/>\n<meta name=\"twitter:label1\" content=\"Written by\" \/>\n\t<meta name=\"twitter:data1\" content=\"Barbara Halliop\" \/>\n\t<meta name=\"twitter:label2\" content=\"Estimated reading time\" \/>\n\t<meta name=\"twitter:data2\" content=\"3 minutes\" \/>\n<script type=\"application\/ld+json\" class=\"yoast-schema-graph\">{\"@context\":\"https:\/\/schema.org\",\"@graph\":[{\"@type\":\"Article\",\"@id\":\"https:\/\/nid.pl\/2024\/02\/19\/muzeum-narodowe-w-lublinie-nowym-koordynatorem-europejskich-dni-dziedzictwa-w-wojewodztwie-lubelskim\/#article\",\"isPartOf\":{\"@id\":\"https:\/\/nid.pl\/2024\/02\/19\/muzeum-narodowe-w-lublinie-nowym-koordynatorem-europejskich-dni-dziedzictwa-w-wojewodztwie-lubelskim\/\"},\"author\":{\"name\":\"Barbara Halliop\",\"@id\":\"https:\/\/nid.pl\/#\/schema\/person\/1b690a8998a5111cfb9f0ffe24195a15\"},\"headline\":\"Muzeum Narodowe w Lublinie nowym koordynatorem Europejskich Dni Dziedzictwa w\u00a0wojew\u00f3dztwie lubelskim!\",\"datePublished\":\"2024-02-19T14:46:38+00:00\",\"dateModified\":\"2024-02-20T14:56:53+00:00\",\"mainEntityOfPage\":{\"@id\":\"https:\/\/nid.pl\/2024\/02\/19\/muzeum-narodowe-w-lublinie-nowym-koordynatorem-europejskich-dni-dziedzictwa-w-wojewodztwie-lubelskim\/\"},\"wordCount\":526,\"publisher\":{\"@id\":\"https:\/\/nid.pl\/#organization\"},\"image\":{\"@id\":\"https:\/\/nid.pl\/2024\/02\/19\/muzeum-narodowe-w-lublinie-nowym-koordynatorem-europejskich-dni-dziedzictwa-w-wojewodztwie-lubelskim\/#primaryimage\"},\"thumbnailUrl\":\"https:\/\/nid.pl\/wp-content\/uploads\/2024\/02\/miniaturka-Muzeum-Narodowe-w-Lublinie-nowym-koordynatorem-Europejskich-Dni-Dziedzictwa-w-wojewodztwie-lubelskim-fot.-J.-Wozniak.jpg\",\"articleSection\":[\"Aktualno\u015bci\",\"EDD\"],\"inLanguage\":\"en-GB\"},{\"@type\":\"WebPage\",\"@id\":\"https:\/\/nid.pl\/2024\/02\/19\/muzeum-narodowe-w-lublinie-nowym-koordynatorem-europejskich-dni-dziedzictwa-w-wojewodztwie-lubelskim\/\",\"url\":\"https:\/\/nid.pl\/2024\/02\/19\/muzeum-narodowe-w-lublinie-nowym-koordynatorem-europejskich-dni-dziedzictwa-w-wojewodztwie-lubelskim\/\",\"name\":\"Muzeum Narodowe w Lublinie nowym koordynatorem Europejskich Dni Dziedzictwa w\u00a0wojew\u00f3dztwie lubelskim! - NID\",\"isPartOf\":{\"@id\":\"https:\/\/nid.pl\/#website\"},\"primaryImageOfPage\":{\"@id\":\"https:\/\/nid.pl\/2024\/02\/19\/muzeum-narodowe-w-lublinie-nowym-koordynatorem-europejskich-dni-dziedzictwa-w-wojewodztwie-lubelskim\/#primaryimage\"},\"image\":{\"@id\":\"https:\/\/nid.pl\/2024\/02\/19\/muzeum-narodowe-w-lublinie-nowym-koordynatorem-europejskich-dni-dziedzictwa-w-wojewodztwie-lubelskim\/#primaryimage\"},\"thumbnailUrl\":\"https:\/\/nid.pl\/wp-content\/uploads\/2024\/02\/miniaturka-Muzeum-Narodowe-w-Lublinie-nowym-koordynatorem-Europejskich-Dni-Dziedzictwa-w-wojewodztwie-lubelskim-fot.-J.-Wozniak.jpg\",\"datePublished\":\"2024-02-19T14:46:38+00:00\",\"dateModified\":\"2024-02-20T14:56:53+00:00\",\"breadcrumb\":{\"@id\":\"https:\/\/nid.pl\/2024\/02\/19\/muzeum-narodowe-w-lublinie-nowym-koordynatorem-europejskich-dni-dziedzictwa-w-wojewodztwie-lubelskim\/#breadcrumb\"},\"inLanguage\":\"en-GB\",\"potentialAction\":[{\"@type\":\"ReadAction\",\"target\":[\"https:\/\/nid.pl\/2024\/02\/19\/muzeum-narodowe-w-lublinie-nowym-koordynatorem-europejskich-dni-dziedzictwa-w-wojewodztwie-lubelskim\/\"]}]},{\"@type\":\"ImageObject\",\"inLanguage\":\"en-GB\",\"@id\":\"https:\/\/nid.pl\/2024\/02\/19\/muzeum-narodowe-w-lublinie-nowym-koordynatorem-europejskich-dni-dziedzictwa-w-wojewodztwie-lubelskim\/#primaryimage\",\"url\":\"https:\/\/nid.pl\/wp-content\/uploads\/2024\/02\/miniaturka-Muzeum-Narodowe-w-Lublinie-nowym-koordynatorem-Europejskich-Dni-Dziedzictwa-w-wojewodztwie-lubelskim-fot.-J.-Wozniak.jpg\",\"contentUrl\":\"https:\/\/nid.pl\/wp-content\/uploads\/2024\/02\/miniaturka-Muzeum-Narodowe-w-Lublinie-nowym-koordynatorem-Europejskich-Dni-Dziedzictwa-w-wojewodztwie-lubelskim-fot.-J.-Wozniak.jpg\",\"width\":1850,\"height\":1238,\"caption\":\"Muzeum Narodowe w Lublinie nowym koordynatorem Europejskich Dni Dziedzictwa w wojew\u00f3dztwie lubelskim, fot. J. Jeremicz\"},{\"@type\":\"BreadcrumbList\",\"@id\":\"https:\/\/nid.pl\/2024\/02\/19\/muzeum-narodowe-w-lublinie-nowym-koordynatorem-europejskich-dni-dziedzictwa-w-wojewodztwie-lubelskim\/#breadcrumb\",\"itemListElement\":[{\"@type\":\"ListItem\",\"position\":1,\"name\":\"Home\",\"item\":\"https:\/\/nid.pl\/\"},{\"@type\":\"ListItem\",\"position\":2,\"name\":\"Muzeum Narodowe w Lublinie nowym koordynatorem Europejskich Dni Dziedzictwa w\u00a0wojew\u00f3dztwie lubelskim!\"}]},{\"@type\":\"WebSite\",\"@id\":\"https:\/\/nid.pl\/#website\",\"url\":\"https:\/\/nid.pl\/\",\"name\":\"NID\",\"description\":\"Narodowy Instytut Dziedzictwa\",\"publisher\":{\"@id\":\"https:\/\/nid.pl\/#organization\"},\"potentialAction\":[{\"@type\":\"SearchAction\",\"target\":{\"@type\":\"EntryPoint\",\"urlTemplate\":\"https:\/\/nid.pl\/?s={search_term_string}\"},\"query-input\":{\"@type\":\"PropertyValueSpecification\",\"valueRequired\":true,\"valueName\":\"search_term_string\"}}],\"inLanguage\":\"en-GB\"},{\"@type\":\"Organization\",\"@id\":\"https:\/\/nid.pl\/#organization\",\"name\":\"Narodowy Instytut Dziedzictwa\",\"url\":\"https:\/\/nid.pl\/\",\"logo\":{\"@type\":\"ImageObject\",\"inLanguage\":\"en-GB\",\"@id\":\"https:\/\/nid.pl\/#\/schema\/logo\/image\/\",\"url\":\"https:\/\/nid.pl\/wp-content\/uploads\/2022\/10\/logoRedDark.png\",\"contentUrl\":\"https:\/\/nid.pl\/wp-content\/uploads\/2022\/10\/logoRedDark.png\",\"width\":200,\"height\":197,\"caption\":\"Narodowy Instytut Dziedzictwa\"},\"image\":{\"@id\":\"https:\/\/nid.pl\/#\/schema\/logo\/image\/\"},\"sameAs\":[\"https:\/\/www.facebook.com\/zabytek\",\"https:\/\/x.com\/NarIDpl\",\"https:\/\/www.instagram.com\/nid.pl\/?hl=pl\",\"https:\/\/www.linkedin.com\/company\/narodowy-instytut-dziedzictwa\",\"https:\/\/www.youtube.com\/channel\/UCQXuhKa2uHtmNvLRUSx40JA\"]},{\"@type\":\"Person\",\"@id\":\"https:\/\/nid.pl\/#\/schema\/person\/1b690a8998a5111cfb9f0ffe24195a15\",\"name\":\"Barbara Halliop\",\"image\":{\"@type\":\"ImageObject\",\"inLanguage\":\"en-GB\",\"@id\":\"https:\/\/nid.pl\/#\/schema\/person\/image\/\",\"url\":\"https:\/\/nid.pl\/wp-content\/litespeed\/avatar\/924046d17dd0c842c9fa9ccf489bc6dc.jpg?ver=1777444967\",\"contentUrl\":\"https:\/\/nid.pl\/wp-content\/litespeed\/avatar\/924046d17dd0c842c9fa9ccf489bc6dc.jpg?ver=1777444967\",\"caption\":\"Barbara Halliop\"},\"url\":\"https:\/\/nid.pl\/en\/author\/bhalliop\/\"}]}<\/script>\n<!-- \/ Yoast SEO plugin. -->","yoast_head_json":{"title":"Muzeum Narodowe w Lublinie nowym koordynatorem Europejskich Dni Dziedzictwa w\u00a0wojew\u00f3dztwie lubelskim! - NID","robots":{"index":"index","follow":"follow","max-snippet":"max-snippet:-1","max-image-preview":"max-image-preview:large","max-video-preview":"max-video-preview:-1"},"canonical":"https:\/\/nid.pl\/en\/2024\/02\/19\/muzeum-narodowe-w-lublinie-nowym-koordynatorem-europejskich-dni-dziedzictwa-w-wojewodztwie-lubelskim\/","og_locale":"en_GB","og_type":"article","og_title":"Muzeum Narodowe w Lublinie nowym koordynatorem Europejskich Dni Dziedzictwa w\u00a0wojew\u00f3dztwie lubelskim! - NID","og_description":"19 lutego, podczas konferencji prasowej, Narodowy Instytut Dziedzictwa \u2013 og\u00f3lnopolski &nbsp;koordynator Europejskich Dni Dziedzictwa podpisa\u0142 porozumienie z Muzeum Narodowym w Lublinie, kt\u00f3re tym samym zosta\u0142o regionalnym koordynatorem EDD. Celem Europejskich [&hellip;]","og_url":"https:\/\/nid.pl\/en\/2024\/02\/19\/muzeum-narodowe-w-lublinie-nowym-koordynatorem-europejskich-dni-dziedzictwa-w-wojewodztwie-lubelskim\/","og_site_name":"NID","article_publisher":"https:\/\/www.facebook.com\/zabytek","article_published_time":"2024-02-19T14:46:38+00:00","article_modified_time":"2024-02-20T14:56:53+00:00","og_image":[{"width":1850,"height":1238,"url":"https:\/\/nid.pl\/wp-content\/uploads\/2024\/02\/miniaturka-Muzeum-Narodowe-w-Lublinie-nowym-koordynatorem-Europejskich-Dni-Dziedzictwa-w-wojewodztwie-lubelskim-fot.-J.-Wozniak.jpg","type":"image\/jpeg"}],"author":"Barbara Halliop","twitter_card":"summary_large_image","twitter_creator":"@NarIDpl","twitter_site":"@NarIDpl","twitter_misc":{"Written by":"Barbara Halliop","Estimated reading time":"3 minutes"},"schema":{"@context":"https:\/\/schema.org","@graph":[{"@type":"Article","@id":"https:\/\/nid.pl\/2024\/02\/19\/muzeum-narodowe-w-lublinie-nowym-koordynatorem-europejskich-dni-dziedzictwa-w-wojewodztwie-lubelskim\/#article","isPartOf":{"@id":"https:\/\/nid.pl\/2024\/02\/19\/muzeum-narodowe-w-lublinie-nowym-koordynatorem-europejskich-dni-dziedzictwa-w-wojewodztwie-lubelskim\/"},"author":{"name":"Barbara Halliop","@id":"https:\/\/nid.pl\/#\/schema\/person\/1b690a8998a5111cfb9f0ffe24195a15"},"headline":"Muzeum Narodowe w Lublinie nowym koordynatorem Europejskich Dni Dziedzictwa w\u00a0wojew\u00f3dztwie lubelskim!","datePublished":"2024-02-19T14:46:38+00:00","dateModified":"2024-02-20T14:56:53+00:00","mainEntityOfPage":{"@id":"https:\/\/nid.pl\/2024\/02\/19\/muzeum-narodowe-w-lublinie-nowym-koordynatorem-europejskich-dni-dziedzictwa-w-wojewodztwie-lubelskim\/"},"wordCount":526,"publisher":{"@id":"https:\/\/nid.pl\/#organization"},"image":{"@id":"https:\/\/nid.pl\/2024\/02\/19\/muzeum-narodowe-w-lublinie-nowym-koordynatorem-europejskich-dni-dziedzictwa-w-wojewodztwie-lubelskim\/#primaryimage"},"thumbnailUrl":"https:\/\/nid.pl\/wp-content\/uploads\/2024\/02\/miniaturka-Muzeum-Narodowe-w-Lublinie-nowym-koordynatorem-Europejskich-Dni-Dziedzictwa-w-wojewodztwie-lubelskim-fot.-J.-Wozniak.jpg","articleSection":["Aktualno\u015bci","EDD"],"inLanguage":"en-GB"},{"@type":"WebPage","@id":"https:\/\/nid.pl\/2024\/02\/19\/muzeum-narodowe-w-lublinie-nowym-koordynatorem-europejskich-dni-dziedzictwa-w-wojewodztwie-lubelskim\/","url":"https:\/\/nid.pl\/2024\/02\/19\/muzeum-narodowe-w-lublinie-nowym-koordynatorem-europejskich-dni-dziedzictwa-w-wojewodztwie-lubelskim\/","name":"Muzeum Narodowe w Lublinie nowym koordynatorem Europejskich Dni Dziedzictwa w\u00a0wojew\u00f3dztwie lubelskim! - NID","isPartOf":{"@id":"https:\/\/nid.pl\/#website"},"primaryImageOfPage":{"@id":"https:\/\/nid.pl\/2024\/02\/19\/muzeum-narodowe-w-lublinie-nowym-koordynatorem-europejskich-dni-dziedzictwa-w-wojewodztwie-lubelskim\/#primaryimage"},"image":{"@id":"https:\/\/nid.pl\/2024\/02\/19\/muzeum-narodowe-w-lublinie-nowym-koordynatorem-europejskich-dni-dziedzictwa-w-wojewodztwie-lubelskim\/#primaryimage"},"thumbnailUrl":"https:\/\/nid.pl\/wp-content\/uploads\/2024\/02\/miniaturka-Muzeum-Narodowe-w-Lublinie-nowym-koordynatorem-Europejskich-Dni-Dziedzictwa-w-wojewodztwie-lubelskim-fot.-J.-Wozniak.jpg","datePublished":"2024-02-19T14:46:38+00:00","dateModified":"2024-02-20T14:56:53+00:00","breadcrumb":{"@id":"https:\/\/nid.pl\/2024\/02\/19\/muzeum-narodowe-w-lublinie-nowym-koordynatorem-europejskich-dni-dziedzictwa-w-wojewodztwie-lubelskim\/#breadcrumb"},"inLanguage":"en-GB","potentialAction":[{"@type":"ReadAction","target":["https:\/\/nid.pl\/2024\/02\/19\/muzeum-narodowe-w-lublinie-nowym-koordynatorem-europejskich-dni-dziedzictwa-w-wojewodztwie-lubelskim\/"]}]},{"@type":"ImageObject","inLanguage":"en-GB","@id":"https:\/\/nid.pl\/2024\/02\/19\/muzeum-narodowe-w-lublinie-nowym-koordynatorem-europejskich-dni-dziedzictwa-w-wojewodztwie-lubelskim\/#primaryimage","url":"https:\/\/nid.pl\/wp-content\/uploads\/2024\/02\/miniaturka-Muzeum-Narodowe-w-Lublinie-nowym-koordynatorem-Europejskich-Dni-Dziedzictwa-w-wojewodztwie-lubelskim-fot.-J.-Wozniak.jpg","contentUrl":"https:\/\/nid.pl\/wp-content\/uploads\/2024\/02\/miniaturka-Muzeum-Narodowe-w-Lublinie-nowym-koordynatorem-Europejskich-Dni-Dziedzictwa-w-wojewodztwie-lubelskim-fot.-J.-Wozniak.jpg","width":1850,"height":1238,"caption":"Muzeum Narodowe w Lublinie nowym koordynatorem Europejskich Dni Dziedzictwa w wojew\u00f3dztwie lubelskim, fot. J. Jeremicz"},{"@type":"BreadcrumbList","@id":"https:\/\/nid.pl\/2024\/02\/19\/muzeum-narodowe-w-lublinie-nowym-koordynatorem-europejskich-dni-dziedzictwa-w-wojewodztwie-lubelskim\/#breadcrumb","itemListElement":[{"@type":"ListItem","position":1,"name":"Home","item":"https:\/\/nid.pl\/"},{"@type":"ListItem","position":2,"name":"Muzeum Narodowe w Lublinie nowym koordynatorem Europejskich Dni Dziedzictwa w\u00a0wojew\u00f3dztwie lubelskim!"}]},{"@type":"WebSite","@id":"https:\/\/nid.pl\/#website","url":"https:\/\/nid.pl\/","name":"NID","description":"Narodowy Instytut Dziedzictwa","publisher":{"@id":"https:\/\/nid.pl\/#organization"},"potentialAction":[{"@type":"SearchAction","target":{"@type":"EntryPoint","urlTemplate":"https:\/\/nid.pl\/?s={search_term_string}"},"query-input":{"@type":"PropertyValueSpecification","valueRequired":true,"valueName":"search_term_string"}}],"inLanguage":"en-GB"},{"@type":"Organization","@id":"https:\/\/nid.pl\/#organization","name":"Narodowy Instytut Dziedzictwa","url":"https:\/\/nid.pl\/","logo":{"@type":"ImageObject","inLanguage":"en-GB","@id":"https:\/\/nid.pl\/#\/schema\/logo\/image\/","url":"https:\/\/nid.pl\/wp-content\/uploads\/2022\/10\/logoRedDark.png","contentUrl":"https:\/\/nid.pl\/wp-content\/uploads\/2022\/10\/logoRedDark.png","width":200,"height":197,"caption":"Narodowy Instytut Dziedzictwa"},"image":{"@id":"https:\/\/nid.pl\/#\/schema\/logo\/image\/"},"sameAs":["https:\/\/www.facebook.com\/zabytek","https:\/\/x.com\/NarIDpl","https:\/\/www.instagram.com\/nid.pl\/?hl=pl","https:\/\/www.linkedin.com\/company\/narodowy-instytut-dziedzictwa","https:\/\/www.youtube.com\/channel\/UCQXuhKa2uHtmNvLRUSx40JA"]},{"@type":"Person","@id":"https:\/\/nid.pl\/#\/schema\/person\/1b690a8998a5111cfb9f0ffe24195a15","name":"Barbara Halliop","image":{"@type":"ImageObject","inLanguage":"en-GB","@id":"https:\/\/nid.pl\/#\/schema\/person\/image\/","url":"https:\/\/nid.pl\/wp-content\/litespeed\/avatar\/924046d17dd0c842c9fa9ccf489bc6dc.jpg?ver=1777444967","contentUrl":"https:\/\/nid.pl\/wp-content\/litespeed\/avatar\/924046d17dd0c842c9fa9ccf489bc6dc.jpg?ver=1777444967","caption":"Barbara Halliop"},"url":"https:\/\/nid.pl\/en\/author\/bhalliop\/"}]}},"_links":{"self":[{"href":"https:\/\/nid.pl\/en\/wp-json\/wp\/v2\/posts\/16423","targetHints":{"allow":["GET"]}}],"collection":[{"href":"https:\/\/nid.pl\/en\/wp-json\/wp\/v2\/posts"}],"about":[{"href":"https:\/\/nid.pl\/en\/wp-json\/wp\/v2\/types\/post"}],"author":[{"embeddable":true,"href":"https:\/\/nid.pl\/en\/wp-json\/wp\/v2\/users\/7"}],"replies":[{"embeddable":true,"href":"https:\/\/nid.pl\/en\/wp-json\/wp\/v2\/comments?post=16423"}],"version-history":[{"count":0,"href":"https:\/\/nid.pl\/en\/wp-json\/wp\/v2\/posts\/16423\/revisions"}],"wp:featuredmedia":[{"embeddable":true,"href":"https:\/\/nid.pl\/en\/wp-json\/wp\/v2\/media\/16429"}],"wp:attachment":[{"href":"https:\/\/nid.pl\/en\/wp-json\/wp\/v2\/media?parent=16423"}],"wp:term":[{"taxonomy":"category","embeddable":true,"href":"https:\/\/nid.pl\/en\/wp-json\/wp\/v2\/categories?post=16423"},{"taxonomy":"post_tag","embeddable":true,"href":"https:\/\/nid.pl\/en\/wp-json\/wp\/v2\/tags?post=16423"}],"curies":[{"name":"wp","href":"https:\/\/api.w.org\/{rel}","templated":true}]}}