{"id":16324,"date":"2024-02-12T15:31:33","date_gmt":"2024-02-12T14:31:33","guid":{"rendered":"https:\/\/nid.pl\/?p=16324"},"modified":"2024-02-13T11:22:23","modified_gmt":"2024-02-13T10:22:23","slug":"nowa-publikacja-z-serii-monument-krajobraz-folwarczny-ziemi-sredzkiej-w-srodkowej-wielkopolsce-daniela-mikulskiego","status":"publish","type":"post","link":"https:\/\/nid.pl\/en\/2024\/02\/12\/nowa-publikacja-z-serii-monument-krajobraz-folwarczny-ziemi-sredzkiej-w-srodkowej-wielkopolsce-daniela-mikulskiego\/","title":{"rendered":"Nowa publikacja z serii \u201eMonument\u201d \u2013 \u201eKrajobraz folwarczny ziemi \u015bredzkiej w \u015brodkowej Wielkopolsce\u201d Daniela Mikulskiego"},"content":{"rendered":"<p><strong>Wydawnictwo Narodowego Instytutu Dziedzictwa przedstawia ksi\u0105\u017ck\u0119 pt. \u201eKrajobraz folwarczny ziemi \u015bredzkiej w \u015brodkowej Wielkopolsce\u201d autorstwa Daniela Mikulskiego, pracownika Oddzia\u0142u Terenowego w Poznaniu. Opracowanie powsta\u0142o na podstawie doktoratu obronionego na Wydziale Architektury Politechniki Krakowskiej im. Tadeusza Ko\u015bciuszki.<\/strong><\/p>\n\n\n\n<p>Rozprawa doktorska oraz ksi\u0105\u017cka Daniela Mikulskiego powsta\u0142y z my\u015bl\u0105 o dog\u0142\u0119bnym rozpoznaniu pozosta\u0142o\u015bci terenowych gospodarki folwarcznej na ziemi \u015bredzkiej, czyli historycznym regionie po\u0142o\u017conym w centralnej cz\u0119\u015bci Wielkopolski.<\/p>\n\n\n\n<p>Autor przeanalizowa\u0142 przekszta\u0142cenia krajobrazu folwarcznego od XIII wieku do II wojny \u015bwiatowej, szukaj\u0105c \u015blad\u00f3w, kt\u00f3re przetrwa\u0142y i wtopi\u0142y si\u0119 we wsp\u00f3\u0142czesne panoramy teren\u00f3w wiejskich. Te \u015blady to nie tylko dwory szlacheckie, ale r\u00f3wnie\u017c budynki gospodarcze, parki, pola czy drogi dojazdowe oraz charakterystyczne relacje przestrzenne pomi\u0119dzy nimi. Praca wzbogacona jest materia\u0142em ilustracyjnym: mapami i planami z r\u00f3\u017cnych okres\u00f3w oraz zdj\u0119ciami zapraszaj\u0105cymi czytelnika\u00a0 do szerszego, dos\u0142ownie i w przeno\u015bni, spojrzenia na krajobraz. Dodatkowo, autor postawi\u0142 sobie ambitny cel wskazania sposobu na zachowanie historycznych struktur krajobrazu mimo zachodz\u0105cych zmian. Zasadnicza teza pracy brzmi \u2013 \u201e<em>Struktura przestrzenna ziemi \u015bredzkiej ukszta\u0142towana przez gospodark\u0119 folwarczn\u0105 stanowi jej trwa\u0142y i\u00a0czytelny wyr\u00f3\u017cnik krajobrazowy, kt\u00f3ry powinien by\u0107 uwzgl\u0119dniony w\u00a0planowaniu i\u00a0zarz\u0105dzaniu przestrzeni\u0105 rolnicz\u0105\u201d.<\/em><\/p>\n\n\n\n<p><\/p>\n\n\n\n<figure class=\"wp-block-image aligncenter size-large is-resized\"><img loading=\"lazy\" decoding=\"async\" width=\"663\" height=\"1024\" src=\"https:\/\/nid.pl\/wp-content\/uploads\/2024\/02\/Typologia-rozmieszczenie-i-stan-zachowania-dworow-i-palacow-663x1024.jpg\" alt=\"\" class=\"wp-image-16358\" style=\"width:517px;height:auto\"\/><figcaption class=\"wp-element-caption\">Typologia, rozmieszczenie i stan zachowania dwor\u00f3w i pa\u0142ac\u00f3w<\/figcaption><\/figure>\n\n\n\n<p>Wnioski z przeprowadzonej analizy dotycz\u0105 genezy i rozwoju gospodarki folwarcznej na ziemi \u015bredzkiej, ewolucji roli i znaczenia folwarku, rozpoznania krajobrazu zwi\u0105zanego z rozwojem wielkiej w\u0142asno\u015bci ziemskiej czy te\u017c powi\u0105za\u0144 przestrzennych pomi\u0119dzy siedzib\u0105 a za\u0142o\u017ceniem folwarcznym i parkowym. Autor proponuje form\u0119 aktywnej ochrony krajobrazu folwarcznego jako \u201ekrajobrazu pracuj\u0105cego\u201d, kt\u00f3rej celem nie by\u0142oby \u201e<em>tworzenie stref ochrony dla pojedynczych obiekt\u00f3w, lecz stosowanie okre\u015blonych narz\u0119dzi planistycznych do zachowania to\u017csamo\u015bci ca\u0142ego krajobrazu otaczaj\u0105cego dany obiekt, wraz z zachowaniem i odtworzeniem rozpoznanych zwi\u0105zk\u00f3w przestrzennych<\/em>\u201d.<\/p>\n\n\n\n<p>Do lektury zach\u0119camy osoby zainteresowane kszta\u0142towaniem si\u0119 polskiego krajobrazu kulturowego, kt\u00f3re chcia\u0142yby odkry\u0107 lokalne dziedzictwo w zachowanych \u015bladach gospodarki folwarcznej. Przede wszystkim jednak, jest to kompleksowe studium przypadku, z kt\u00f3rego korzysta\u0107 mog\u0105 decydenci zastanawiaj\u0105cy si\u0119, w jaki spos\u00f3b \u0142\u0105czy\u0107 ochron\u0119 krajobrazu ze zr\u00f3wnowa\u017conym rozwojem polskiego rolnictwa.<\/p>\n\n\n\n<p>Ksi\u0105\u017cka dost\u0119pna jest bezp\u0142atnie do pobrania na stronie Ksi\u0119garni NID:<\/p>\n\n\n\n<p><a href=\"https:\/\/ksiegarnia.nid.pl\/produkt\/krajobraz-folwarczny-ziemi-sredzkiej-w-srodkowej-wielkopolsce\/\">Krajobraz folwarczny ziemi \u015bredzkiej w \u015brodkowej Wielkopolsce. Analiza i ocena zmienno\u015bci krajobrazu w kontek\u015bcie roli i znaczenia dawnych maj\u0105tk\u00f3w ziemskich &#8211; Wydawnictwa Narodowego Instytutu Dziedzictwa (nid.pl)<\/a><\/p>\n\n\n\n<p><\/p>\n\n\n\n<figure class=\"wp-block-image aligncenter size-large is-resized\"><img loading=\"lazy\" decoding=\"async\" width=\"1024\" height=\"575\" src=\"https:\/\/nid.pl\/wp-content\/uploads\/2024\/02\/dwor-w-Koszutach-fot-F11-M.-Jablonski-1024x575.jpg\" alt=\"\" class=\"wp-image-16326\" style=\"width:691px;height:auto\" srcset=\"https:\/\/nid.pl\/wp-content\/uploads\/2024\/02\/dwor-w-Koszutach-fot-F11-M.-Jablonski-980x551.jpg 980w, https:\/\/nid.pl\/wp-content\/uploads\/2024\/02\/dwor-w-Koszutach-fot-F11-M.-Jablonski-480x270.jpg 480w\" sizes=\"(min-width: 0px) and (max-width: 480px) 480px, (min-width: 481px) and (max-width: 980px) 980px, (min-width: 981px) 1024px, 100vw\" \/><figcaption class=\"wp-element-caption\">Dw\u00f3r w Koszutach, fot. F11, M. Jab\u0142o\u0144ski<\/figcaption><\/figure>\n\n\n\n<figure class=\"wp-block-image aligncenter size-large is-resized\"><img loading=\"lazy\" decoding=\"async\" width=\"880\" height=\"1024\" src=\"https:\/\/nid.pl\/wp-content\/uploads\/2024\/02\/Koszuty-\u2013-historyczne-rozplanowanie-wsi-i-zespolu-ziemskiego-880x1024.jpg\" alt=\"\" class=\"wp-image-16359\" style=\"width:663px;height:auto\" srcset=\"https:\/\/nid.pl\/wp-content\/uploads\/2024\/02\/Koszuty-\u2013-historyczne-rozplanowanie-wsi-i-zespolu-ziemskiego-880x1024.jpg 880w, https:\/\/nid.pl\/wp-content\/uploads\/2024\/02\/Koszuty-\u2013-historyczne-rozplanowanie-wsi-i-zespolu-ziemskiego-258x300.jpg 258w, https:\/\/nid.pl\/wp-content\/uploads\/2024\/02\/Koszuty-\u2013-historyczne-rozplanowanie-wsi-i-zespolu-ziemskiego-768x894.jpg 768w, https:\/\/nid.pl\/wp-content\/uploads\/2024\/02\/Koszuty-\u2013-historyczne-rozplanowanie-wsi-i-zespolu-ziemskiego-1320x1536.jpg 1320w, https:\/\/nid.pl\/wp-content\/uploads\/2024\/02\/Koszuty-\u2013-historyczne-rozplanowanie-wsi-i-zespolu-ziemskiego-1760x2048.jpg 1760w, https:\/\/nid.pl\/wp-content\/uploads\/2024\/02\/Koszuty-\u2013-historyczne-rozplanowanie-wsi-i-zespolu-ziemskiego-10x12.jpg 10w, https:\/\/nid.pl\/wp-content\/uploads\/2024\/02\/Koszuty-\u2013-historyczne-rozplanowanie-wsi-i-zespolu-ziemskiego-1080x1257.jpg 1080w, https:\/\/nid.pl\/wp-content\/uploads\/2024\/02\/Koszuty-\u2013-historyczne-rozplanowanie-wsi-i-zespolu-ziemskiego-1280x1489.jpg 1280w, https:\/\/nid.pl\/wp-content\/uploads\/2024\/02\/Koszuty-\u2013-historyczne-rozplanowanie-wsi-i-zespolu-ziemskiego-980x1140.jpg 980w, https:\/\/nid.pl\/wp-content\/uploads\/2024\/02\/Koszuty-\u2013-historyczne-rozplanowanie-wsi-i-zespolu-ziemskiego-480x559.jpg 480w, https:\/\/nid.pl\/wp-content\/uploads\/2024\/02\/Koszuty-\u2013-historyczne-rozplanowanie-wsi-i-zespolu-ziemskiego.jpg 1772w\" sizes=\"(max-width: 880px) 100vw, 880px\" \/><figcaption class=\"wp-element-caption\">Koszuty \u2013 historyczne rozplanowanie wsi i zespo\u0142u ziemskiego<\/figcaption><\/figure>\n\n\n\n<p><\/p>\n\n\n\n<figure class=\"wp-block-image aligncenter size-large\"><img loading=\"lazy\" decoding=\"async\" width=\"672\" height=\"1024\" src=\"https:\/\/nid.pl\/wp-content\/uploads\/2024\/02\/Parcelacja-zespolu-dworskiego-w-Gowarzewie-przez-pruska-Komisje-Kolonizacyjna-2-672x1024.jpg\" alt=\"\" class=\"wp-image-16364\"\/><figcaption class=\"wp-element-caption\">Parcelacja zespo\u0142u dworskiego w Gowarzewie przez prusk\u0105 Komisj\u0119 Kolonizacyjn\u0105<\/figcaption><\/figure>\n\n\n\n<figure class=\"wp-block-image aligncenter size-large is-resized\"><img loading=\"lazy\" decoding=\"async\" width=\"683\" height=\"1024\" src=\"https:\/\/nid.pl\/wp-content\/uploads\/2024\/02\/Regulacja-i-uklad-przestrzenny-zespolu-w-Szlachcinie-1-683x1024.jpg\" alt=\"\" class=\"wp-image-16363\" style=\"width:647px;height:auto\"\/><figcaption class=\"wp-element-caption\">Regulacja i uk\u0142ad przestrzenny zespo\u0142u w Szlachcinie<\/figcaption><\/figure>\n\n\n\n<p><\/p>","protected":false},"excerpt":{"rendered":"<p>Wydawnictwo Narodowego Instytutu Dziedzictwa przedstawia ksi\u0105\u017ck\u0119 pt. \u201eKrajobraz folwarczny ziemi \u015bredzkiej w \u015brodkowej Wielkopolsce\u201d autorstwa Daniela Mikulskiego, pracownika Oddzia\u0142u Terenowego w Poznaniu. Opracowanie powsta\u0142o na podstawie doktoratu obronionego na Wydziale [&hellip;]<\/p>","protected":false},"author":7,"featured_media":16327,"comment_status":"closed","ping_status":"closed","sticky":false,"template":"","format":"standard","meta":{"_et_pb_use_builder":"off","_et_pb_old_content":"","_et_gb_content_width":"","_monsterinsights_skip_tracking":false,"_monsterinsights_sitenote_active":false,"_monsterinsights_sitenote_note":"","_monsterinsights_sitenote_category":0,"footnotes":""},"categories":[3],"tags":[],"class_list":["post-16324","post","type-post","status-publish","format-standard","has-post-thumbnail","hentry","category-aktualnosci"],"yoast_head":"<!-- This site is optimized with the Yoast SEO plugin v26.5 - https:\/\/yoast.com\/wordpress\/plugins\/seo\/ -->\n<title>Nowa publikacja z serii \u201eMonument\u201d \u2013 \u201eKrajobraz folwarczny ziemi \u015bredzkiej w \u015brodkowej Wielkopolsce\u201d Daniela Mikulskiego - NID<\/title>\n<meta name=\"robots\" content=\"index, follow, max-snippet:-1, max-image-preview:large, max-video-preview:-1\" \/>\n<link rel=\"canonical\" href=\"https:\/\/nid.pl\/en\/2024\/02\/12\/nowa-publikacja-z-serii-monument-krajobraz-folwarczny-ziemi-sredzkiej-w-srodkowej-wielkopolsce-daniela-mikulskiego\/\" \/>\n<meta property=\"og:locale\" content=\"en_GB\" \/>\n<meta property=\"og:type\" content=\"article\" \/>\n<meta property=\"og:title\" content=\"Nowa publikacja z serii \u201eMonument\u201d \u2013 \u201eKrajobraz folwarczny ziemi \u015bredzkiej w \u015brodkowej Wielkopolsce\u201d Daniela Mikulskiego - NID\" \/>\n<meta property=\"og:description\" content=\"Wydawnictwo Narodowego Instytutu Dziedzictwa przedstawia ksi\u0105\u017ck\u0119 pt. \u201eKrajobraz folwarczny ziemi \u015bredzkiej w \u015brodkowej Wielkopolsce\u201d autorstwa Daniela Mikulskiego, pracownika Oddzia\u0142u Terenowego w Poznaniu. Opracowanie powsta\u0142o na podstawie doktoratu obronionego na Wydziale [&hellip;]\" \/>\n<meta property=\"og:url\" content=\"https:\/\/nid.pl\/en\/2024\/02\/12\/nowa-publikacja-z-serii-monument-krajobraz-folwarczny-ziemi-sredzkiej-w-srodkowej-wielkopolsce-daniela-mikulskiego\/\" \/>\n<meta property=\"og:site_name\" content=\"NID\" \/>\n<meta property=\"article:publisher\" content=\"https:\/\/www.facebook.com\/zabytek\" \/>\n<meta property=\"article:published_time\" content=\"2024-02-12T14:31:33+00:00\" \/>\n<meta property=\"article:modified_time\" content=\"2024-02-13T10:22:23+00:00\" \/>\n<meta property=\"og:image\" content=\"https:\/\/nid.pl\/wp-content\/uploads\/2024\/02\/Miniaturka_Dwor-w-Koszutach-fot-F11-M.-Jablonski.jpg\" \/>\n\t<meta property=\"og:image:width\" content=\"1850\" \/>\n\t<meta property=\"og:image:height\" content=\"1238\" \/>\n\t<meta property=\"og:image:type\" content=\"image\/jpeg\" \/>\n<meta name=\"author\" content=\"Barbara Halliop\" \/>\n<meta name=\"twitter:card\" content=\"summary_large_image\" \/>\n<meta name=\"twitter:creator\" content=\"@NarIDpl\" \/>\n<meta name=\"twitter:site\" content=\"@NarIDpl\" \/>\n<meta name=\"twitter:label1\" content=\"Written by\" \/>\n\t<meta name=\"twitter:data1\" content=\"Barbara Halliop\" \/>\n\t<meta name=\"twitter:label2\" content=\"Estimated reading time\" \/>\n\t<meta name=\"twitter:data2\" content=\"3 minutes\" \/>\n<script type=\"application\/ld+json\" class=\"yoast-schema-graph\">{\"@context\":\"https:\/\/schema.org\",\"@graph\":[{\"@type\":\"Article\",\"@id\":\"https:\/\/nid.pl\/2024\/02\/12\/nowa-publikacja-z-serii-monument-krajobraz-folwarczny-ziemi-sredzkiej-w-srodkowej-wielkopolsce-daniela-mikulskiego\/#article\",\"isPartOf\":{\"@id\":\"https:\/\/nid.pl\/2024\/02\/12\/nowa-publikacja-z-serii-monument-krajobraz-folwarczny-ziemi-sredzkiej-w-srodkowej-wielkopolsce-daniela-mikulskiego\/\"},\"author\":{\"name\":\"Barbara Halliop\",\"@id\":\"https:\/\/nid.pl\/#\/schema\/person\/1b690a8998a5111cfb9f0ffe24195a15\"},\"headline\":\"Nowa publikacja z serii \u201eMonument\u201d \u2013 \u201eKrajobraz folwarczny ziemi \u015bredzkiej w \u015brodkowej Wielkopolsce\u201d Daniela Mikulskiego\",\"datePublished\":\"2024-02-12T14:31:33+00:00\",\"dateModified\":\"2024-02-13T10:22:23+00:00\",\"mainEntityOfPage\":{\"@id\":\"https:\/\/nid.pl\/2024\/02\/12\/nowa-publikacja-z-serii-monument-krajobraz-folwarczny-ziemi-sredzkiej-w-srodkowej-wielkopolsce-daniela-mikulskiego\/\"},\"wordCount\":474,\"publisher\":{\"@id\":\"https:\/\/nid.pl\/#organization\"},\"image\":{\"@id\":\"https:\/\/nid.pl\/2024\/02\/12\/nowa-publikacja-z-serii-monument-krajobraz-folwarczny-ziemi-sredzkiej-w-srodkowej-wielkopolsce-daniela-mikulskiego\/#primaryimage\"},\"thumbnailUrl\":\"https:\/\/nid.pl\/wp-content\/uploads\/2024\/02\/Miniaturka_Dwor-w-Koszutach-fot-F11-M.-Jablonski.jpg\",\"articleSection\":[\"Aktualno\u015bci\"],\"inLanguage\":\"en-GB\"},{\"@type\":\"WebPage\",\"@id\":\"https:\/\/nid.pl\/2024\/02\/12\/nowa-publikacja-z-serii-monument-krajobraz-folwarczny-ziemi-sredzkiej-w-srodkowej-wielkopolsce-daniela-mikulskiego\/\",\"url\":\"https:\/\/nid.pl\/2024\/02\/12\/nowa-publikacja-z-serii-monument-krajobraz-folwarczny-ziemi-sredzkiej-w-srodkowej-wielkopolsce-daniela-mikulskiego\/\",\"name\":\"Nowa publikacja z serii \u201eMonument\u201d \u2013 \u201eKrajobraz folwarczny ziemi \u015bredzkiej w \u015brodkowej Wielkopolsce\u201d Daniela Mikulskiego - NID\",\"isPartOf\":{\"@id\":\"https:\/\/nid.pl\/#website\"},\"primaryImageOfPage\":{\"@id\":\"https:\/\/nid.pl\/2024\/02\/12\/nowa-publikacja-z-serii-monument-krajobraz-folwarczny-ziemi-sredzkiej-w-srodkowej-wielkopolsce-daniela-mikulskiego\/#primaryimage\"},\"image\":{\"@id\":\"https:\/\/nid.pl\/2024\/02\/12\/nowa-publikacja-z-serii-monument-krajobraz-folwarczny-ziemi-sredzkiej-w-srodkowej-wielkopolsce-daniela-mikulskiego\/#primaryimage\"},\"thumbnailUrl\":\"https:\/\/nid.pl\/wp-content\/uploads\/2024\/02\/Miniaturka_Dwor-w-Koszutach-fot-F11-M.-Jablonski.jpg\",\"datePublished\":\"2024-02-12T14:31:33+00:00\",\"dateModified\":\"2024-02-13T10:22:23+00:00\",\"breadcrumb\":{\"@id\":\"https:\/\/nid.pl\/2024\/02\/12\/nowa-publikacja-z-serii-monument-krajobraz-folwarczny-ziemi-sredzkiej-w-srodkowej-wielkopolsce-daniela-mikulskiego\/#breadcrumb\"},\"inLanguage\":\"en-GB\",\"potentialAction\":[{\"@type\":\"ReadAction\",\"target\":[\"https:\/\/nid.pl\/2024\/02\/12\/nowa-publikacja-z-serii-monument-krajobraz-folwarczny-ziemi-sredzkiej-w-srodkowej-wielkopolsce-daniela-mikulskiego\/\"]}]},{\"@type\":\"ImageObject\",\"inLanguage\":\"en-GB\",\"@id\":\"https:\/\/nid.pl\/2024\/02\/12\/nowa-publikacja-z-serii-monument-krajobraz-folwarczny-ziemi-sredzkiej-w-srodkowej-wielkopolsce-daniela-mikulskiego\/#primaryimage\",\"url\":\"https:\/\/nid.pl\/wp-content\/uploads\/2024\/02\/Miniaturka_Dwor-w-Koszutach-fot-F11-M.-Jablonski.jpg\",\"contentUrl\":\"https:\/\/nid.pl\/wp-content\/uploads\/2024\/02\/Miniaturka_Dwor-w-Koszutach-fot-F11-M.-Jablonski.jpg\",\"width\":1850,\"height\":1238,\"caption\":\"dw\u00f3r w Koszutach\"},{\"@type\":\"BreadcrumbList\",\"@id\":\"https:\/\/nid.pl\/2024\/02\/12\/nowa-publikacja-z-serii-monument-krajobraz-folwarczny-ziemi-sredzkiej-w-srodkowej-wielkopolsce-daniela-mikulskiego\/#breadcrumb\",\"itemListElement\":[{\"@type\":\"ListItem\",\"position\":1,\"name\":\"Home\",\"item\":\"https:\/\/nid.pl\/\"},{\"@type\":\"ListItem\",\"position\":2,\"name\":\"Nowa publikacja z serii \u201eMonument\u201d \u2013 \u201eKrajobraz folwarczny ziemi \u015bredzkiej w \u015brodkowej Wielkopolsce\u201d Daniela Mikulskiego\"}]},{\"@type\":\"WebSite\",\"@id\":\"https:\/\/nid.pl\/#website\",\"url\":\"https:\/\/nid.pl\/\",\"name\":\"NID\",\"description\":\"Narodowy Instytut Dziedzictwa\",\"publisher\":{\"@id\":\"https:\/\/nid.pl\/#organization\"},\"potentialAction\":[{\"@type\":\"SearchAction\",\"target\":{\"@type\":\"EntryPoint\",\"urlTemplate\":\"https:\/\/nid.pl\/?s={search_term_string}\"},\"query-input\":{\"@type\":\"PropertyValueSpecification\",\"valueRequired\":true,\"valueName\":\"search_term_string\"}}],\"inLanguage\":\"en-GB\"},{\"@type\":\"Organization\",\"@id\":\"https:\/\/nid.pl\/#organization\",\"name\":\"Narodowy Instytut Dziedzictwa\",\"url\":\"https:\/\/nid.pl\/\",\"logo\":{\"@type\":\"ImageObject\",\"inLanguage\":\"en-GB\",\"@id\":\"https:\/\/nid.pl\/#\/schema\/logo\/image\/\",\"url\":\"https:\/\/nid.pl\/wp-content\/uploads\/2022\/10\/logoRedDark.png\",\"contentUrl\":\"https:\/\/nid.pl\/wp-content\/uploads\/2022\/10\/logoRedDark.png\",\"width\":200,\"height\":197,\"caption\":\"Narodowy Instytut Dziedzictwa\"},\"image\":{\"@id\":\"https:\/\/nid.pl\/#\/schema\/logo\/image\/\"},\"sameAs\":[\"https:\/\/www.facebook.com\/zabytek\",\"https:\/\/x.com\/NarIDpl\",\"https:\/\/www.instagram.com\/nid.pl\/?hl=pl\",\"https:\/\/www.linkedin.com\/company\/narodowy-instytut-dziedzictwa\",\"https:\/\/www.youtube.com\/channel\/UCQXuhKa2uHtmNvLRUSx40JA\"]},{\"@type\":\"Person\",\"@id\":\"https:\/\/nid.pl\/#\/schema\/person\/1b690a8998a5111cfb9f0ffe24195a15\",\"name\":\"Barbara Halliop\",\"image\":{\"@type\":\"ImageObject\",\"inLanguage\":\"en-GB\",\"@id\":\"https:\/\/nid.pl\/#\/schema\/person\/image\/\",\"url\":\"https:\/\/nid.pl\/wp-content\/litespeed\/avatar\/924046d17dd0c842c9fa9ccf489bc6dc.jpg?ver=1777444967\",\"contentUrl\":\"https:\/\/nid.pl\/wp-content\/litespeed\/avatar\/924046d17dd0c842c9fa9ccf489bc6dc.jpg?ver=1777444967\",\"caption\":\"Barbara Halliop\"},\"url\":\"https:\/\/nid.pl\/en\/author\/bhalliop\/\"}]}<\/script>\n<!-- \/ Yoast SEO plugin. -->","yoast_head_json":{"title":"Nowa publikacja z serii \u201eMonument\u201d \u2013 \u201eKrajobraz folwarczny ziemi \u015bredzkiej w \u015brodkowej Wielkopolsce\u201d Daniela Mikulskiego - NID","robots":{"index":"index","follow":"follow","max-snippet":"max-snippet:-1","max-image-preview":"max-image-preview:large","max-video-preview":"max-video-preview:-1"},"canonical":"https:\/\/nid.pl\/en\/2024\/02\/12\/nowa-publikacja-z-serii-monument-krajobraz-folwarczny-ziemi-sredzkiej-w-srodkowej-wielkopolsce-daniela-mikulskiego\/","og_locale":"en_GB","og_type":"article","og_title":"Nowa publikacja z serii \u201eMonument\u201d \u2013 \u201eKrajobraz folwarczny ziemi \u015bredzkiej w \u015brodkowej Wielkopolsce\u201d Daniela Mikulskiego - NID","og_description":"Wydawnictwo Narodowego Instytutu Dziedzictwa przedstawia ksi\u0105\u017ck\u0119 pt. \u201eKrajobraz folwarczny ziemi \u015bredzkiej w \u015brodkowej Wielkopolsce\u201d autorstwa Daniela Mikulskiego, pracownika Oddzia\u0142u Terenowego w Poznaniu. Opracowanie powsta\u0142o na podstawie doktoratu obronionego na Wydziale [&hellip;]","og_url":"https:\/\/nid.pl\/en\/2024\/02\/12\/nowa-publikacja-z-serii-monument-krajobraz-folwarczny-ziemi-sredzkiej-w-srodkowej-wielkopolsce-daniela-mikulskiego\/","og_site_name":"NID","article_publisher":"https:\/\/www.facebook.com\/zabytek","article_published_time":"2024-02-12T14:31:33+00:00","article_modified_time":"2024-02-13T10:22:23+00:00","og_image":[{"width":1850,"height":1238,"url":"https:\/\/nid.pl\/wp-content\/uploads\/2024\/02\/Miniaturka_Dwor-w-Koszutach-fot-F11-M.-Jablonski.jpg","type":"image\/jpeg"}],"author":"Barbara Halliop","twitter_card":"summary_large_image","twitter_creator":"@NarIDpl","twitter_site":"@NarIDpl","twitter_misc":{"Written by":"Barbara Halliop","Estimated reading time":"3 minutes"},"schema":{"@context":"https:\/\/schema.org","@graph":[{"@type":"Article","@id":"https:\/\/nid.pl\/2024\/02\/12\/nowa-publikacja-z-serii-monument-krajobraz-folwarczny-ziemi-sredzkiej-w-srodkowej-wielkopolsce-daniela-mikulskiego\/#article","isPartOf":{"@id":"https:\/\/nid.pl\/2024\/02\/12\/nowa-publikacja-z-serii-monument-krajobraz-folwarczny-ziemi-sredzkiej-w-srodkowej-wielkopolsce-daniela-mikulskiego\/"},"author":{"name":"Barbara Halliop","@id":"https:\/\/nid.pl\/#\/schema\/person\/1b690a8998a5111cfb9f0ffe24195a15"},"headline":"Nowa publikacja z serii \u201eMonument\u201d \u2013 \u201eKrajobraz folwarczny ziemi \u015bredzkiej w \u015brodkowej Wielkopolsce\u201d Daniela Mikulskiego","datePublished":"2024-02-12T14:31:33+00:00","dateModified":"2024-02-13T10:22:23+00:00","mainEntityOfPage":{"@id":"https:\/\/nid.pl\/2024\/02\/12\/nowa-publikacja-z-serii-monument-krajobraz-folwarczny-ziemi-sredzkiej-w-srodkowej-wielkopolsce-daniela-mikulskiego\/"},"wordCount":474,"publisher":{"@id":"https:\/\/nid.pl\/#organization"},"image":{"@id":"https:\/\/nid.pl\/2024\/02\/12\/nowa-publikacja-z-serii-monument-krajobraz-folwarczny-ziemi-sredzkiej-w-srodkowej-wielkopolsce-daniela-mikulskiego\/#primaryimage"},"thumbnailUrl":"https:\/\/nid.pl\/wp-content\/uploads\/2024\/02\/Miniaturka_Dwor-w-Koszutach-fot-F11-M.-Jablonski.jpg","articleSection":["Aktualno\u015bci"],"inLanguage":"en-GB"},{"@type":"WebPage","@id":"https:\/\/nid.pl\/2024\/02\/12\/nowa-publikacja-z-serii-monument-krajobraz-folwarczny-ziemi-sredzkiej-w-srodkowej-wielkopolsce-daniela-mikulskiego\/","url":"https:\/\/nid.pl\/2024\/02\/12\/nowa-publikacja-z-serii-monument-krajobraz-folwarczny-ziemi-sredzkiej-w-srodkowej-wielkopolsce-daniela-mikulskiego\/","name":"Nowa publikacja z serii \u201eMonument\u201d \u2013 \u201eKrajobraz folwarczny ziemi \u015bredzkiej w \u015brodkowej Wielkopolsce\u201d Daniela Mikulskiego - NID","isPartOf":{"@id":"https:\/\/nid.pl\/#website"},"primaryImageOfPage":{"@id":"https:\/\/nid.pl\/2024\/02\/12\/nowa-publikacja-z-serii-monument-krajobraz-folwarczny-ziemi-sredzkiej-w-srodkowej-wielkopolsce-daniela-mikulskiego\/#primaryimage"},"image":{"@id":"https:\/\/nid.pl\/2024\/02\/12\/nowa-publikacja-z-serii-monument-krajobraz-folwarczny-ziemi-sredzkiej-w-srodkowej-wielkopolsce-daniela-mikulskiego\/#primaryimage"},"thumbnailUrl":"https:\/\/nid.pl\/wp-content\/uploads\/2024\/02\/Miniaturka_Dwor-w-Koszutach-fot-F11-M.-Jablonski.jpg","datePublished":"2024-02-12T14:31:33+00:00","dateModified":"2024-02-13T10:22:23+00:00","breadcrumb":{"@id":"https:\/\/nid.pl\/2024\/02\/12\/nowa-publikacja-z-serii-monument-krajobraz-folwarczny-ziemi-sredzkiej-w-srodkowej-wielkopolsce-daniela-mikulskiego\/#breadcrumb"},"inLanguage":"en-GB","potentialAction":[{"@type":"ReadAction","target":["https:\/\/nid.pl\/2024\/02\/12\/nowa-publikacja-z-serii-monument-krajobraz-folwarczny-ziemi-sredzkiej-w-srodkowej-wielkopolsce-daniela-mikulskiego\/"]}]},{"@type":"ImageObject","inLanguage":"en-GB","@id":"https:\/\/nid.pl\/2024\/02\/12\/nowa-publikacja-z-serii-monument-krajobraz-folwarczny-ziemi-sredzkiej-w-srodkowej-wielkopolsce-daniela-mikulskiego\/#primaryimage","url":"https:\/\/nid.pl\/wp-content\/uploads\/2024\/02\/Miniaturka_Dwor-w-Koszutach-fot-F11-M.-Jablonski.jpg","contentUrl":"https:\/\/nid.pl\/wp-content\/uploads\/2024\/02\/Miniaturka_Dwor-w-Koszutach-fot-F11-M.-Jablonski.jpg","width":1850,"height":1238,"caption":"dw\u00f3r w Koszutach"},{"@type":"BreadcrumbList","@id":"https:\/\/nid.pl\/2024\/02\/12\/nowa-publikacja-z-serii-monument-krajobraz-folwarczny-ziemi-sredzkiej-w-srodkowej-wielkopolsce-daniela-mikulskiego\/#breadcrumb","itemListElement":[{"@type":"ListItem","position":1,"name":"Home","item":"https:\/\/nid.pl\/"},{"@type":"ListItem","position":2,"name":"Nowa publikacja z serii \u201eMonument\u201d \u2013 \u201eKrajobraz folwarczny ziemi \u015bredzkiej w \u015brodkowej Wielkopolsce\u201d Daniela Mikulskiego"}]},{"@type":"WebSite","@id":"https:\/\/nid.pl\/#website","url":"https:\/\/nid.pl\/","name":"NID","description":"Narodowy Instytut Dziedzictwa","publisher":{"@id":"https:\/\/nid.pl\/#organization"},"potentialAction":[{"@type":"SearchAction","target":{"@type":"EntryPoint","urlTemplate":"https:\/\/nid.pl\/?s={search_term_string}"},"query-input":{"@type":"PropertyValueSpecification","valueRequired":true,"valueName":"search_term_string"}}],"inLanguage":"en-GB"},{"@type":"Organization","@id":"https:\/\/nid.pl\/#organization","name":"Narodowy Instytut Dziedzictwa","url":"https:\/\/nid.pl\/","logo":{"@type":"ImageObject","inLanguage":"en-GB","@id":"https:\/\/nid.pl\/#\/schema\/logo\/image\/","url":"https:\/\/nid.pl\/wp-content\/uploads\/2022\/10\/logoRedDark.png","contentUrl":"https:\/\/nid.pl\/wp-content\/uploads\/2022\/10\/logoRedDark.png","width":200,"height":197,"caption":"Narodowy Instytut Dziedzictwa"},"image":{"@id":"https:\/\/nid.pl\/#\/schema\/logo\/image\/"},"sameAs":["https:\/\/www.facebook.com\/zabytek","https:\/\/x.com\/NarIDpl","https:\/\/www.instagram.com\/nid.pl\/?hl=pl","https:\/\/www.linkedin.com\/company\/narodowy-instytut-dziedzictwa","https:\/\/www.youtube.com\/channel\/UCQXuhKa2uHtmNvLRUSx40JA"]},{"@type":"Person","@id":"https:\/\/nid.pl\/#\/schema\/person\/1b690a8998a5111cfb9f0ffe24195a15","name":"Barbara Halliop","image":{"@type":"ImageObject","inLanguage":"en-GB","@id":"https:\/\/nid.pl\/#\/schema\/person\/image\/","url":"https:\/\/nid.pl\/wp-content\/litespeed\/avatar\/924046d17dd0c842c9fa9ccf489bc6dc.jpg?ver=1777444967","contentUrl":"https:\/\/nid.pl\/wp-content\/litespeed\/avatar\/924046d17dd0c842c9fa9ccf489bc6dc.jpg?ver=1777444967","caption":"Barbara Halliop"},"url":"https:\/\/nid.pl\/en\/author\/bhalliop\/"}]}},"_links":{"self":[{"href":"https:\/\/nid.pl\/en\/wp-json\/wp\/v2\/posts\/16324","targetHints":{"allow":["GET"]}}],"collection":[{"href":"https:\/\/nid.pl\/en\/wp-json\/wp\/v2\/posts"}],"about":[{"href":"https:\/\/nid.pl\/en\/wp-json\/wp\/v2\/types\/post"}],"author":[{"embeddable":true,"href":"https:\/\/nid.pl\/en\/wp-json\/wp\/v2\/users\/7"}],"replies":[{"embeddable":true,"href":"https:\/\/nid.pl\/en\/wp-json\/wp\/v2\/comments?post=16324"}],"version-history":[{"count":0,"href":"https:\/\/nid.pl\/en\/wp-json\/wp\/v2\/posts\/16324\/revisions"}],"wp:featuredmedia":[{"embeddable":true,"href":"https:\/\/nid.pl\/en\/wp-json\/wp\/v2\/media\/16327"}],"wp:attachment":[{"href":"https:\/\/nid.pl\/en\/wp-json\/wp\/v2\/media?parent=16324"}],"wp:term":[{"taxonomy":"category","embeddable":true,"href":"https:\/\/nid.pl\/en\/wp-json\/wp\/v2\/categories?post=16324"},{"taxonomy":"post_tag","embeddable":true,"href":"https:\/\/nid.pl\/en\/wp-json\/wp\/v2\/tags?post=16324"}],"curies":[{"name":"wp","href":"https:\/\/api.w.org\/{rel}","templated":true}]}}