{"id":16275,"date":"2024-02-12T10:25:08","date_gmt":"2024-02-12T09:25:08","guid":{"rendered":"https:\/\/nid.pl\/?p=16275"},"modified":"2024-02-12T10:25:10","modified_gmt":"2024-02-12T09:25:10","slug":"dzialalnosc-narodowego-instytutu-dziedzictwa-w-ramach-europejskiej-rady-archeologicznej-eac","status":"publish","type":"post","link":"https:\/\/nid.pl\/en\/2024\/02\/12\/dzialalnosc-narodowego-instytutu-dziedzictwa-w-ramach-europejskiej-rady-archeologicznej-eac\/","title":{"rendered":"Dzia\u0142alno\u015b\u0107 Narodowego Instytutu Dziedzictwa w ramach Europejskiej Rady Archeologicznej EAC"},"content":{"rendered":"<p><strong>Narodowy Instytut Dziedzictwa reprezentuje Polsk\u0119 w Europae Archaeologiae Consilium \u2013 EAC, czyli Europejskiej Radzie Archeologicznej. Jest to organizacja skupiaj\u0105ca instytuty dziedzictwa z pa\u0144stw cz\u0142onkowskich Rady Europy oraz inne instytucje odpowiedzialne za zarz\u0105dzanie dziedzictwem archeologicznym na poziomie strategicznym w danym pa\u0144stwie lub regionie (np. w niemieckich landach lub hiszpa\u0144skich prowincjach).<\/strong><\/p>\n\n\n\n<p>EAC (<a href=\"http:\/\/www.e-a-c.org\"><strong>www.e-a-c.org<\/strong><\/a><strong>), <\/strong>\u00a0stanowi nieocenione forum wymiany do\u015bwiadcze\u0144 i wsp\u00f3\u0142pracy w zarz\u0105dzaniu dziedzictwem archeologicznym. Daje wgl\u0105d w najbardziej aktualne zagadnienia i problemy, umo\u017cliwiaj\u0105c wprowadzenie ich do dyskusji na polu krajowym. Rozpatrywanie wyzwa\u0144 konserwatorskich z perspektywy r\u00f3\u017cnych system\u00f3w legislacyjnych i organizacyjnych pozwala zobaczy\u0107 skuteczno\u015b\u0107 lub nieprzydatno\u015b\u0107 konkretnych rozwi\u0105za\u0144, szczeg\u00f3lnie w przypadku rozwa\u017canych zmian prawnych. \u00a0<\/p>\n\n\n\n<p>EAC organizuje co roku sympozja tematyczne, kt\u00f3rych wyniki s\u0105 publikowane. Dotychczas dotyczy\u0142y one m.in. nielegalnych poszukiwa\u0144 i wykopalisk, archeologii przedinwestycyjnej, wdra\u017cania Konwencji Malta\u0144skiej i Konwencji z Faro oraz zasob\u00f3w cyfrowych. Dzia\u0142aj\u0105ce przy Radzie grupy robocze opracowuj\u0105 wytyczne dotycz\u0105ce np. bada\u0144 geofizycznych, sporz\u0105dzania i przechowywania \u017ar\u00f3de\u0142 i dokumentacji z bada\u0144, czy krajowych strategii badawczych. Cz\u0142onkowie EAC mog\u0105 uzyska\u0107 te\u017c wsparcie w zakresie bie\u017c\u0105cych problem\u00f3w zarz\u0105dzania dziedzictwem archeologicznym.<\/p>\n\n\n\n<p>EAC skupia instytucje z 32 pa\u0144stw i wsp\u00f3\u0142pracuje m.in. z Rad\u0105 Europy, ICOMOS, European Heritage Heads Forum czy European Asscociation of Archaeologists. Polska, reprezentowana obecnie przez Narodowy Instytut Dziedzictwa, jest cz\u0142onkiem Rady od momentu jej powstania w 1999 roku. Przez 25 lat istnienia EAC, pa\u0142eczk\u0119 t\u0119 dzier\u017cy\u0142y kolejno: Biuro Generalnego Konserwatora Zabytk\u00f3w oraz &#8211; od roku 2003 &#8211;\u00a0 instytucjonalni \u201eprzodkowie NID\u201d, czyli O\u015brodek Ochrony Dziedzictwa Archeologicznego, a p\u00f3\u017aniej Krajowy O\u015brodek Bada\u0144 i Dokumentacji Zabytk\u00f3w.<\/p>\n\n\n\n<p>Utworzenie NID niew\u0105tpliwie zintensyfikowa\u0142o \u201earcheologiczn\u0105\u201d wsp\u00f3\u0142prac\u0119 z Europ\u0105. Przedstawicielka Narodowego Instytutu Dziedzictwa, dr Agnieszka Oniszczuk, jest od marca 2022 roku wiceprzewodnicz\u0105c\u0105 EAC, reprezentuj\u0105c t\u0119 organizacj\u0119 we\u00a0 wsp\u00f3\u0142pracy z Komitetem Steruj\u0105cym ds. kultury, dziedzictwa i\u00a0 krajobrazu Rady Europy (CDCPP). Dr Oniszczuk, jako przedstawicielka EAC, jest tak\u017ce cz\u0142onkini\u0105 powo\u0142anej z inicjatywy Komitetu grupy roboczej opracowuj\u0105cej obecnie wytyczne dotycz\u0105ce wykorzystania danych cyfrowych i sztucznej inteligencji w sektorach dziedzictwa, kultury i kreatywnym.<\/p>\n\n\n\n<p>Bie\u017c\u0105ca wsp\u00f3\u0142praca NID z EAC polega tak\u017ce na udziale w pracach grup roboczych. Agnieszka Makowska, kieruj\u0105ca w NID projektem AZP+, nale\u017cy do grupy zajmuj\u0105cej si\u0119 definiowaniem warto\u015bci i znaczenia stanowisk archeologicznych. Dr Oniszczuk za\u015b wsp\u00f3\u0142przewodniczy grupie zaanga\u017cowanej w kwestie los\u00f3w znalezisk oraz ich papierowej i cyfrowej dokumentacji po zako\u0144czeniu projektu badawczego. Najnowsze publikacje stanowi\u0105ce wynik pracy tych grup przygotowywane s\u0105 w\u0142a\u015bnie do druku. \u00a0<\/p>\n\n\n\n<p><\/p>\n\n\n\n<figure class=\"wp-block-image aligncenter size-large\"><img loading=\"lazy\" decoding=\"async\" width=\"1024\" height=\"683\" src=\"https:\/\/nid.pl\/wp-content\/uploads\/2024\/02\/grodzisko-Napole-fot-M-Bogacki-1024x683.jpg\" alt=\"\" class=\"wp-image-16277\" srcset=\"https:\/\/nid.pl\/wp-content\/uploads\/2024\/02\/grodzisko-Napole-fot-M-Bogacki-980x653.jpg 980w, https:\/\/nid.pl\/wp-content\/uploads\/2024\/02\/grodzisko-Napole-fot-M-Bogacki-480x320.jpg 480w\" sizes=\"(min-width: 0px) and (max-width: 480px) 480px, (min-width: 481px) and (max-width: 980px) 980px, (min-width: 981px) 1024px, 100vw\" \/><figcaption class=\"wp-element-caption\">Grodzisko Napole, fot. M. Bogacki<\/figcaption><\/figure>","protected":false},"excerpt":{"rendered":"<p>Narodowy Instytut Dziedzictwa reprezentuje Polsk\u0119 w Europae Archaeologiae Consilium \u2013 EAC, czyli Europejskiej Radzie Archeologicznej. Jest to organizacja skupiaj\u0105ca instytuty dziedzictwa z pa\u0144stw cz\u0142onkowskich Rady Europy oraz inne instytucje odpowiedzialne [&hellip;]<\/p>","protected":false},"author":7,"featured_media":16278,"comment_status":"closed","ping_status":"closed","sticky":false,"template":"","format":"standard","meta":{"_et_pb_use_builder":"off","_et_pb_old_content":"","_et_gb_content_width":"","_monsterinsights_skip_tracking":false,"_monsterinsights_sitenote_active":false,"_monsterinsights_sitenote_note":"","_monsterinsights_sitenote_category":0,"footnotes":""},"categories":[3],"tags":[],"class_list":["post-16275","post","type-post","status-publish","format-standard","has-post-thumbnail","hentry","category-aktualnosci"],"yoast_head":"<!-- This site is optimized with the Yoast SEO plugin v26.5 - https:\/\/yoast.com\/wordpress\/plugins\/seo\/ -->\n<title>Dzia\u0142alno\u015b\u0107 Narodowego Instytutu Dziedzictwa w ramach Europejskiej Rady Archeologicznej EAC - NID<\/title>\n<meta name=\"robots\" content=\"index, follow, max-snippet:-1, max-image-preview:large, max-video-preview:-1\" \/>\n<link rel=\"canonical\" href=\"https:\/\/nid.pl\/en\/2024\/02\/12\/dzialalnosc-narodowego-instytutu-dziedzictwa-w-ramach-europejskiej-rady-archeologicznej-eac\/\" \/>\n<meta property=\"og:locale\" content=\"en_GB\" \/>\n<meta property=\"og:type\" content=\"article\" \/>\n<meta property=\"og:title\" content=\"Dzia\u0142alno\u015b\u0107 Narodowego Instytutu Dziedzictwa w ramach Europejskiej Rady Archeologicznej EAC - NID\" \/>\n<meta property=\"og:description\" content=\"Narodowy Instytut Dziedzictwa reprezentuje Polsk\u0119 w Europae Archaeologiae Consilium \u2013 EAC, czyli Europejskiej Radzie Archeologicznej. Jest to organizacja skupiaj\u0105ca instytuty dziedzictwa z pa\u0144stw cz\u0142onkowskich Rady Europy oraz inne instytucje odpowiedzialne [&hellip;]\" \/>\n<meta property=\"og:url\" content=\"https:\/\/nid.pl\/en\/2024\/02\/12\/dzialalnosc-narodowego-instytutu-dziedzictwa-w-ramach-europejskiej-rady-archeologicznej-eac\/\" \/>\n<meta property=\"og:site_name\" content=\"NID\" \/>\n<meta property=\"article:publisher\" content=\"https:\/\/www.facebook.com\/zabytek\" \/>\n<meta property=\"article:published_time\" content=\"2024-02-12T09:25:08+00:00\" \/>\n<meta property=\"article:modified_time\" content=\"2024-02-12T09:25:10+00:00\" \/>\n<meta property=\"og:image\" content=\"https:\/\/nid.pl\/wp-content\/uploads\/2024\/02\/miniaturka-grodzisko-Napole-fot.-M.-Bogacki.jpg\" \/>\n\t<meta property=\"og:image:width\" content=\"1850\" \/>\n\t<meta property=\"og:image:height\" content=\"1238\" \/>\n\t<meta property=\"og:image:type\" content=\"image\/jpeg\" \/>\n<meta name=\"author\" content=\"Barbara Halliop\" \/>\n<meta name=\"twitter:card\" content=\"summary_large_image\" \/>\n<meta name=\"twitter:creator\" content=\"@NarIDpl\" \/>\n<meta name=\"twitter:site\" content=\"@NarIDpl\" \/>\n<meta name=\"twitter:label1\" content=\"Written by\" \/>\n\t<meta name=\"twitter:data1\" content=\"Barbara Halliop\" \/>\n\t<meta name=\"twitter:label2\" content=\"Estimated reading time\" \/>\n\t<meta name=\"twitter:data2\" content=\"3 minutes\" \/>\n<script type=\"application\/ld+json\" class=\"yoast-schema-graph\">{\"@context\":\"https:\/\/schema.org\",\"@graph\":[{\"@type\":\"Article\",\"@id\":\"https:\/\/nid.pl\/2024\/02\/12\/dzialalnosc-narodowego-instytutu-dziedzictwa-w-ramach-europejskiej-rady-archeologicznej-eac\/#article\",\"isPartOf\":{\"@id\":\"https:\/\/nid.pl\/2024\/02\/12\/dzialalnosc-narodowego-instytutu-dziedzictwa-w-ramach-europejskiej-rady-archeologicznej-eac\/\"},\"author\":{\"name\":\"Barbara Halliop\",\"@id\":\"https:\/\/nid.pl\/#\/schema\/person\/1b690a8998a5111cfb9f0ffe24195a15\"},\"headline\":\"Dzia\u0142alno\u015b\u0107 Narodowego Instytutu Dziedzictwa w ramach Europejskiej Rady Archeologicznej EAC\",\"datePublished\":\"2024-02-12T09:25:08+00:00\",\"dateModified\":\"2024-02-12T09:25:10+00:00\",\"mainEntityOfPage\":{\"@id\":\"https:\/\/nid.pl\/2024\/02\/12\/dzialalnosc-narodowego-instytutu-dziedzictwa-w-ramach-europejskiej-rady-archeologicznej-eac\/\"},\"wordCount\":454,\"publisher\":{\"@id\":\"https:\/\/nid.pl\/#organization\"},\"image\":{\"@id\":\"https:\/\/nid.pl\/2024\/02\/12\/dzialalnosc-narodowego-instytutu-dziedzictwa-w-ramach-europejskiej-rady-archeologicznej-eac\/#primaryimage\"},\"thumbnailUrl\":\"https:\/\/nid.pl\/wp-content\/uploads\/2024\/02\/miniaturka-grodzisko-Napole-fot.-M.-Bogacki.jpg\",\"articleSection\":[\"Aktualno\u015bci\"],\"inLanguage\":\"en-GB\"},{\"@type\":\"WebPage\",\"@id\":\"https:\/\/nid.pl\/2024\/02\/12\/dzialalnosc-narodowego-instytutu-dziedzictwa-w-ramach-europejskiej-rady-archeologicznej-eac\/\",\"url\":\"https:\/\/nid.pl\/2024\/02\/12\/dzialalnosc-narodowego-instytutu-dziedzictwa-w-ramach-europejskiej-rady-archeologicznej-eac\/\",\"name\":\"Dzia\u0142alno\u015b\u0107 Narodowego Instytutu Dziedzictwa w ramach Europejskiej Rady Archeologicznej EAC - NID\",\"isPartOf\":{\"@id\":\"https:\/\/nid.pl\/#website\"},\"primaryImageOfPage\":{\"@id\":\"https:\/\/nid.pl\/2024\/02\/12\/dzialalnosc-narodowego-instytutu-dziedzictwa-w-ramach-europejskiej-rady-archeologicznej-eac\/#primaryimage\"},\"image\":{\"@id\":\"https:\/\/nid.pl\/2024\/02\/12\/dzialalnosc-narodowego-instytutu-dziedzictwa-w-ramach-europejskiej-rady-archeologicznej-eac\/#primaryimage\"},\"thumbnailUrl\":\"https:\/\/nid.pl\/wp-content\/uploads\/2024\/02\/miniaturka-grodzisko-Napole-fot.-M.-Bogacki.jpg\",\"datePublished\":\"2024-02-12T09:25:08+00:00\",\"dateModified\":\"2024-02-12T09:25:10+00:00\",\"breadcrumb\":{\"@id\":\"https:\/\/nid.pl\/2024\/02\/12\/dzialalnosc-narodowego-instytutu-dziedzictwa-w-ramach-europejskiej-rady-archeologicznej-eac\/#breadcrumb\"},\"inLanguage\":\"en-GB\",\"potentialAction\":[{\"@type\":\"ReadAction\",\"target\":[\"https:\/\/nid.pl\/2024\/02\/12\/dzialalnosc-narodowego-instytutu-dziedzictwa-w-ramach-europejskiej-rady-archeologicznej-eac\/\"]}]},{\"@type\":\"ImageObject\",\"inLanguage\":\"en-GB\",\"@id\":\"https:\/\/nid.pl\/2024\/02\/12\/dzialalnosc-narodowego-instytutu-dziedzictwa-w-ramach-europejskiej-rady-archeologicznej-eac\/#primaryimage\",\"url\":\"https:\/\/nid.pl\/wp-content\/uploads\/2024\/02\/miniaturka-grodzisko-Napole-fot.-M.-Bogacki.jpg\",\"contentUrl\":\"https:\/\/nid.pl\/wp-content\/uploads\/2024\/02\/miniaturka-grodzisko-Napole-fot.-M.-Bogacki.jpg\",\"width\":1850,\"height\":1238,\"caption\":\"grodzisko Napole z lotu ptaka\"},{\"@type\":\"BreadcrumbList\",\"@id\":\"https:\/\/nid.pl\/2024\/02\/12\/dzialalnosc-narodowego-instytutu-dziedzictwa-w-ramach-europejskiej-rady-archeologicznej-eac\/#breadcrumb\",\"itemListElement\":[{\"@type\":\"ListItem\",\"position\":1,\"name\":\"Home\",\"item\":\"https:\/\/nid.pl\/\"},{\"@type\":\"ListItem\",\"position\":2,\"name\":\"Dzia\u0142alno\u015b\u0107 Narodowego Instytutu Dziedzictwa w ramach Europejskiej Rady Archeologicznej EAC\"}]},{\"@type\":\"WebSite\",\"@id\":\"https:\/\/nid.pl\/#website\",\"url\":\"https:\/\/nid.pl\/\",\"name\":\"NID\",\"description\":\"Narodowy Instytut Dziedzictwa\",\"publisher\":{\"@id\":\"https:\/\/nid.pl\/#organization\"},\"potentialAction\":[{\"@type\":\"SearchAction\",\"target\":{\"@type\":\"EntryPoint\",\"urlTemplate\":\"https:\/\/nid.pl\/?s={search_term_string}\"},\"query-input\":{\"@type\":\"PropertyValueSpecification\",\"valueRequired\":true,\"valueName\":\"search_term_string\"}}],\"inLanguage\":\"en-GB\"},{\"@type\":\"Organization\",\"@id\":\"https:\/\/nid.pl\/#organization\",\"name\":\"Narodowy Instytut Dziedzictwa\",\"url\":\"https:\/\/nid.pl\/\",\"logo\":{\"@type\":\"ImageObject\",\"inLanguage\":\"en-GB\",\"@id\":\"https:\/\/nid.pl\/#\/schema\/logo\/image\/\",\"url\":\"https:\/\/nid.pl\/wp-content\/uploads\/2022\/10\/logoRedDark.png\",\"contentUrl\":\"https:\/\/nid.pl\/wp-content\/uploads\/2022\/10\/logoRedDark.png\",\"width\":200,\"height\":197,\"caption\":\"Narodowy Instytut Dziedzictwa\"},\"image\":{\"@id\":\"https:\/\/nid.pl\/#\/schema\/logo\/image\/\"},\"sameAs\":[\"https:\/\/www.facebook.com\/zabytek\",\"https:\/\/x.com\/NarIDpl\",\"https:\/\/www.instagram.com\/nid.pl\/?hl=pl\",\"https:\/\/www.linkedin.com\/company\/narodowy-instytut-dziedzictwa\",\"https:\/\/www.youtube.com\/channel\/UCQXuhKa2uHtmNvLRUSx40JA\"]},{\"@type\":\"Person\",\"@id\":\"https:\/\/nid.pl\/#\/schema\/person\/1b690a8998a5111cfb9f0ffe24195a15\",\"name\":\"Barbara Halliop\",\"image\":{\"@type\":\"ImageObject\",\"inLanguage\":\"en-GB\",\"@id\":\"https:\/\/nid.pl\/#\/schema\/person\/image\/\",\"url\":\"https:\/\/nid.pl\/wp-content\/litespeed\/avatar\/924046d17dd0c842c9fa9ccf489bc6dc.jpg?ver=1777444967\",\"contentUrl\":\"https:\/\/nid.pl\/wp-content\/litespeed\/avatar\/924046d17dd0c842c9fa9ccf489bc6dc.jpg?ver=1777444967\",\"caption\":\"Barbara Halliop\"},\"url\":\"https:\/\/nid.pl\/en\/author\/bhalliop\/\"}]}<\/script>\n<!-- \/ Yoast SEO plugin. -->","yoast_head_json":{"title":"Dzia\u0142alno\u015b\u0107 Narodowego Instytutu Dziedzictwa w ramach Europejskiej Rady Archeologicznej EAC - NID","robots":{"index":"index","follow":"follow","max-snippet":"max-snippet:-1","max-image-preview":"max-image-preview:large","max-video-preview":"max-video-preview:-1"},"canonical":"https:\/\/nid.pl\/en\/2024\/02\/12\/dzialalnosc-narodowego-instytutu-dziedzictwa-w-ramach-europejskiej-rady-archeologicznej-eac\/","og_locale":"en_GB","og_type":"article","og_title":"Dzia\u0142alno\u015b\u0107 Narodowego Instytutu Dziedzictwa w ramach Europejskiej Rady Archeologicznej EAC - NID","og_description":"Narodowy Instytut Dziedzictwa reprezentuje Polsk\u0119 w Europae Archaeologiae Consilium \u2013 EAC, czyli Europejskiej Radzie Archeologicznej. Jest to organizacja skupiaj\u0105ca instytuty dziedzictwa z pa\u0144stw cz\u0142onkowskich Rady Europy oraz inne instytucje odpowiedzialne [&hellip;]","og_url":"https:\/\/nid.pl\/en\/2024\/02\/12\/dzialalnosc-narodowego-instytutu-dziedzictwa-w-ramach-europejskiej-rady-archeologicznej-eac\/","og_site_name":"NID","article_publisher":"https:\/\/www.facebook.com\/zabytek","article_published_time":"2024-02-12T09:25:08+00:00","article_modified_time":"2024-02-12T09:25:10+00:00","og_image":[{"width":1850,"height":1238,"url":"https:\/\/nid.pl\/wp-content\/uploads\/2024\/02\/miniaturka-grodzisko-Napole-fot.-M.-Bogacki.jpg","type":"image\/jpeg"}],"author":"Barbara Halliop","twitter_card":"summary_large_image","twitter_creator":"@NarIDpl","twitter_site":"@NarIDpl","twitter_misc":{"Written by":"Barbara Halliop","Estimated reading time":"3 minutes"},"schema":{"@context":"https:\/\/schema.org","@graph":[{"@type":"Article","@id":"https:\/\/nid.pl\/2024\/02\/12\/dzialalnosc-narodowego-instytutu-dziedzictwa-w-ramach-europejskiej-rady-archeologicznej-eac\/#article","isPartOf":{"@id":"https:\/\/nid.pl\/2024\/02\/12\/dzialalnosc-narodowego-instytutu-dziedzictwa-w-ramach-europejskiej-rady-archeologicznej-eac\/"},"author":{"name":"Barbara Halliop","@id":"https:\/\/nid.pl\/#\/schema\/person\/1b690a8998a5111cfb9f0ffe24195a15"},"headline":"Dzia\u0142alno\u015b\u0107 Narodowego Instytutu Dziedzictwa w ramach Europejskiej Rady Archeologicznej EAC","datePublished":"2024-02-12T09:25:08+00:00","dateModified":"2024-02-12T09:25:10+00:00","mainEntityOfPage":{"@id":"https:\/\/nid.pl\/2024\/02\/12\/dzialalnosc-narodowego-instytutu-dziedzictwa-w-ramach-europejskiej-rady-archeologicznej-eac\/"},"wordCount":454,"publisher":{"@id":"https:\/\/nid.pl\/#organization"},"image":{"@id":"https:\/\/nid.pl\/2024\/02\/12\/dzialalnosc-narodowego-instytutu-dziedzictwa-w-ramach-europejskiej-rady-archeologicznej-eac\/#primaryimage"},"thumbnailUrl":"https:\/\/nid.pl\/wp-content\/uploads\/2024\/02\/miniaturka-grodzisko-Napole-fot.-M.-Bogacki.jpg","articleSection":["Aktualno\u015bci"],"inLanguage":"en-GB"},{"@type":"WebPage","@id":"https:\/\/nid.pl\/2024\/02\/12\/dzialalnosc-narodowego-instytutu-dziedzictwa-w-ramach-europejskiej-rady-archeologicznej-eac\/","url":"https:\/\/nid.pl\/2024\/02\/12\/dzialalnosc-narodowego-instytutu-dziedzictwa-w-ramach-europejskiej-rady-archeologicznej-eac\/","name":"Dzia\u0142alno\u015b\u0107 Narodowego Instytutu Dziedzictwa w ramach Europejskiej Rady Archeologicznej EAC - NID","isPartOf":{"@id":"https:\/\/nid.pl\/#website"},"primaryImageOfPage":{"@id":"https:\/\/nid.pl\/2024\/02\/12\/dzialalnosc-narodowego-instytutu-dziedzictwa-w-ramach-europejskiej-rady-archeologicznej-eac\/#primaryimage"},"image":{"@id":"https:\/\/nid.pl\/2024\/02\/12\/dzialalnosc-narodowego-instytutu-dziedzictwa-w-ramach-europejskiej-rady-archeologicznej-eac\/#primaryimage"},"thumbnailUrl":"https:\/\/nid.pl\/wp-content\/uploads\/2024\/02\/miniaturka-grodzisko-Napole-fot.-M.-Bogacki.jpg","datePublished":"2024-02-12T09:25:08+00:00","dateModified":"2024-02-12T09:25:10+00:00","breadcrumb":{"@id":"https:\/\/nid.pl\/2024\/02\/12\/dzialalnosc-narodowego-instytutu-dziedzictwa-w-ramach-europejskiej-rady-archeologicznej-eac\/#breadcrumb"},"inLanguage":"en-GB","potentialAction":[{"@type":"ReadAction","target":["https:\/\/nid.pl\/2024\/02\/12\/dzialalnosc-narodowego-instytutu-dziedzictwa-w-ramach-europejskiej-rady-archeologicznej-eac\/"]}]},{"@type":"ImageObject","inLanguage":"en-GB","@id":"https:\/\/nid.pl\/2024\/02\/12\/dzialalnosc-narodowego-instytutu-dziedzictwa-w-ramach-europejskiej-rady-archeologicznej-eac\/#primaryimage","url":"https:\/\/nid.pl\/wp-content\/uploads\/2024\/02\/miniaturka-grodzisko-Napole-fot.-M.-Bogacki.jpg","contentUrl":"https:\/\/nid.pl\/wp-content\/uploads\/2024\/02\/miniaturka-grodzisko-Napole-fot.-M.-Bogacki.jpg","width":1850,"height":1238,"caption":"grodzisko Napole z lotu ptaka"},{"@type":"BreadcrumbList","@id":"https:\/\/nid.pl\/2024\/02\/12\/dzialalnosc-narodowego-instytutu-dziedzictwa-w-ramach-europejskiej-rady-archeologicznej-eac\/#breadcrumb","itemListElement":[{"@type":"ListItem","position":1,"name":"Home","item":"https:\/\/nid.pl\/"},{"@type":"ListItem","position":2,"name":"Dzia\u0142alno\u015b\u0107 Narodowego Instytutu Dziedzictwa w ramach Europejskiej Rady Archeologicznej EAC"}]},{"@type":"WebSite","@id":"https:\/\/nid.pl\/#website","url":"https:\/\/nid.pl\/","name":"NID","description":"Narodowy Instytut Dziedzictwa","publisher":{"@id":"https:\/\/nid.pl\/#organization"},"potentialAction":[{"@type":"SearchAction","target":{"@type":"EntryPoint","urlTemplate":"https:\/\/nid.pl\/?s={search_term_string}"},"query-input":{"@type":"PropertyValueSpecification","valueRequired":true,"valueName":"search_term_string"}}],"inLanguage":"en-GB"},{"@type":"Organization","@id":"https:\/\/nid.pl\/#organization","name":"Narodowy Instytut Dziedzictwa","url":"https:\/\/nid.pl\/","logo":{"@type":"ImageObject","inLanguage":"en-GB","@id":"https:\/\/nid.pl\/#\/schema\/logo\/image\/","url":"https:\/\/nid.pl\/wp-content\/uploads\/2022\/10\/logoRedDark.png","contentUrl":"https:\/\/nid.pl\/wp-content\/uploads\/2022\/10\/logoRedDark.png","width":200,"height":197,"caption":"Narodowy Instytut Dziedzictwa"},"image":{"@id":"https:\/\/nid.pl\/#\/schema\/logo\/image\/"},"sameAs":["https:\/\/www.facebook.com\/zabytek","https:\/\/x.com\/NarIDpl","https:\/\/www.instagram.com\/nid.pl\/?hl=pl","https:\/\/www.linkedin.com\/company\/narodowy-instytut-dziedzictwa","https:\/\/www.youtube.com\/channel\/UCQXuhKa2uHtmNvLRUSx40JA"]},{"@type":"Person","@id":"https:\/\/nid.pl\/#\/schema\/person\/1b690a8998a5111cfb9f0ffe24195a15","name":"Barbara Halliop","image":{"@type":"ImageObject","inLanguage":"en-GB","@id":"https:\/\/nid.pl\/#\/schema\/person\/image\/","url":"https:\/\/nid.pl\/wp-content\/litespeed\/avatar\/924046d17dd0c842c9fa9ccf489bc6dc.jpg?ver=1777444967","contentUrl":"https:\/\/nid.pl\/wp-content\/litespeed\/avatar\/924046d17dd0c842c9fa9ccf489bc6dc.jpg?ver=1777444967","caption":"Barbara Halliop"},"url":"https:\/\/nid.pl\/en\/author\/bhalliop\/"}]}},"_links":{"self":[{"href":"https:\/\/nid.pl\/en\/wp-json\/wp\/v2\/posts\/16275","targetHints":{"allow":["GET"]}}],"collection":[{"href":"https:\/\/nid.pl\/en\/wp-json\/wp\/v2\/posts"}],"about":[{"href":"https:\/\/nid.pl\/en\/wp-json\/wp\/v2\/types\/post"}],"author":[{"embeddable":true,"href":"https:\/\/nid.pl\/en\/wp-json\/wp\/v2\/users\/7"}],"replies":[{"embeddable":true,"href":"https:\/\/nid.pl\/en\/wp-json\/wp\/v2\/comments?post=16275"}],"version-history":[{"count":0,"href":"https:\/\/nid.pl\/en\/wp-json\/wp\/v2\/posts\/16275\/revisions"}],"wp:featuredmedia":[{"embeddable":true,"href":"https:\/\/nid.pl\/en\/wp-json\/wp\/v2\/media\/16278"}],"wp:attachment":[{"href":"https:\/\/nid.pl\/en\/wp-json\/wp\/v2\/media?parent=16275"}],"wp:term":[{"taxonomy":"category","embeddable":true,"href":"https:\/\/nid.pl\/en\/wp-json\/wp\/v2\/categories?post=16275"},{"taxonomy":"post_tag","embeddable":true,"href":"https:\/\/nid.pl\/en\/wp-json\/wp\/v2\/tags?post=16275"}],"curies":[{"name":"wp","href":"https:\/\/api.w.org\/{rel}","templated":true}]}}