{"id":16002,"date":"2023-09-04T15:48:00","date_gmt":"2023-09-04T13:48:00","guid":{"rendered":"https:\/\/nid.pl\/?p=16002"},"modified":"2024-08-24T15:40:29","modified_gmt":"2024-08-24T13:40:29","slug":"rewitalizacja-willi-u-dziadka-w-otwocku-pierwsze-efekty","status":"publish","type":"post","link":"https:\/\/nid.pl\/en\/2023\/09\/04\/rewitalizacja-willi-u-dziadka-w-otwocku-pierwsze-efekty\/","title":{"rendered":"Remont willi \u201eU Dziadka\u201d w Otwocku \u2013 pierwsze efekty"},"content":{"rendered":"<p><strong>Willa \u201eU Dziadka\u201d wybudowana zosta\u0142a w nurcie rzadko stosowanego w drewnianej architekturze letniskowej modernizmu, co wyr\u00f3\u017cnia j\u0105 na tle otwockiej zabudowy. Wkr\u00f3tce, dzi\u0119ki trwaj\u0105cym pracom konserwatorskim, odzyska ona dawn\u0105 \u015bwietno\u015b\u0107.<\/strong><\/p>\n\n\n\n<p>Budynek wzniesiony zosta\u0142 w latach 20. XX w. Od 2019 roku willa \u201eU Dziadka\u201d jest w\u0142asno\u015bci\u0105 Narodowego Instytutu Dziedzictwa. Jej \u00f3wczesny stan mo\u017cna zobaczy\u0107 na pierwszym zdj\u0119ciu. Budynek ma zosta\u0107 siedzib\u0105 Centrum Architektury Drewnianej, kt\u00f3rego eksperci dbaj\u0105 o modelowe przeprowadzenie rewitalizacji.<\/p>\n\n\n\n<p>Od momentu zakupu rozpocz\u0119\u0142y si\u0119 prace przygotowuj\u0105ce budynek do remontu. Jeszcze w 2019 wykonano ekspertyz\u0119 konstrukcyjno-budowlan\u0105 willi stanowi\u0105c\u0105 kluczowy element dokumentacji przedprojektowej dla jej planowanego remontu konserwatorskiego, przebudowy i adaptacji. W kolejnym roku przeprowadzono badania stratygraficzne na zewn\u0105trz i wewn\u0105trz budynku oraz analiz\u0119 chemiczn\u0105 spoiwa i pigment\u00f3w z pr\u00f3bek pobranych z elewacji, kt\u00f3re pozwoli\u0142y na ustalenie jej pierwotnej kolorystyki. W 2021 roku powsta\u0142o opracowanie geodezyjne terenu dzia\u0142ki oraz opracowanie dokumentacji projektowo kosztorysowej dla remontu konserwatorskiego, przebudowy i adaptacji budynku w zakresie niezb\u0119dnym do rozpocz\u0119cia i wykonania rob\u00f3t budowlanych. Narodowy Instytut Dziedzictwa zakupi\u0142 r\u00f3wnie\u017c od gminy Otwock dzia\u0142k\u0119 s\u0105siaduj\u0105c\u0105 bezpo\u015brednio z will\u0105.<\/p>\n\n\n\n<p>W 2022 roku rozpocz\u0119to prace zabezpieczaj\u0105ce budynek oraz przeprowadzono prace porz\u0105dkowe na terenie, w tym dotycz\u0105ce otaczaj\u0105cej zieleni. W maju 2023 roku przyst\u0105piono do pierwszego etapu rob\u00f3t budowlanych i na chwil\u0119 obecn\u0105, po jego zako\u0144czeniu, wykonane s\u0105 roboty z zakresu konstrukcyjno-architektonicznego poprzedzaj\u0105ce roboty instalacyjne. W tym zakresie przywr\u00f3cono tak\u017ce pierwotn\u0105, pe\u0142n\u0105 prostoty elegancj\u0119 elewacjom. Ich kolorystyka zosta\u0142a ustalona na podstawie bada\u0144 stratygraficznych przez Komisj\u0119 Konserwatorsk\u0105 z udzia\u0142em Mazowieckiego Wojew\u00f3dzkiego Konserwatora Zabytk\u00f3w. Najnowsze efekty prac prezentujemy na zdj\u0119ciach:<\/p>\n\n\n\n<p><\/p>\n\n\n\n<figure class=\"wp-block-image aligncenter size-large is-resized\"><img loading=\"lazy\" decoding=\"async\" width=\"1024\" height=\"681\" src=\"https:\/\/nid.pl\/wp-content\/uploads\/2024\/01\/dyrektor-NID-dr-hab.-Katarzyna-Zalasinska-willa-u-Dziadka-sierpien-2023-fot.-NID-Tobiasz-Bulynko-1024x681.jpg\" alt=\"\" class=\"wp-image-16004\" style=\"width:683px;height:auto\" srcset=\"https:\/\/nid.pl\/wp-content\/uploads\/2024\/01\/dyrektor-NID-dr-hab.-Katarzyna-Zalasinska-willa-u-Dziadka-sierpien-2023-fot.-NID-Tobiasz-Bulynko-980x652.jpg 980w, https:\/\/nid.pl\/wp-content\/uploads\/2024\/01\/dyrektor-NID-dr-hab.-Katarzyna-Zalasinska-willa-u-Dziadka-sierpien-2023-fot.-NID-Tobiasz-Bulynko-480x319.jpg 480w\" sizes=\"(min-width: 0px) and (max-width: 480px) 480px, (min-width: 481px) and (max-width: 980px) 980px, (min-width: 981px) 1024px, 100vw\" \/><figcaption class=\"wp-element-caption\">dr hab. Katarzyna Zalasi\u0144ska, dyrektor Narodowego Instytutu Dziedzictwa, willa \u201eU Dziadka\u201d, sierpie\u0144 2023, fot. NID\/Tobiasz Bu\u0142ynko<\/figcaption><\/figure>\n\n\n\n<figure class=\"wp-block-image aligncenter size-large is-resized\"><img loading=\"lazy\" decoding=\"async\" width=\"1024\" height=\"768\" src=\"https:\/\/nid.pl\/wp-content\/uploads\/2024\/01\/Remont-willi-u-Dziadka-jesien-2023-r-5-1024x768.jpg\" alt=\"\" class=\"wp-image-16005\" style=\"width:683px;height:auto\" srcset=\"https:\/\/nid.pl\/wp-content\/uploads\/2024\/01\/Remont-willi-u-Dziadka-jesien-2023-r-5-980x735.jpg 980w, https:\/\/nid.pl\/wp-content\/uploads\/2024\/01\/Remont-willi-u-Dziadka-jesien-2023-r-5-480x360.jpg 480w\" sizes=\"(min-width: 0px) and (max-width: 480px) 480px, (min-width: 481px) and (max-width: 980px) 980px, (min-width: 981px) 1024px, 100vw\" \/><figcaption class=\"wp-element-caption\">Remont willi \u201eU Dziadka\u201d, jesie\u0144 2023 r.<\/figcaption><\/figure>\n\n\n\n<figure class=\"wp-block-image aligncenter size-large is-resized\"><img loading=\"lazy\" decoding=\"async\" width=\"1024\" height=\"768\" src=\"https:\/\/nid.pl\/wp-content\/uploads\/2024\/01\/Remont-willi-u-Dziadka-jesien-2023-r-1024x768.jpg\" alt=\"\" class=\"wp-image-16006\" style=\"width:683px;height:auto\" srcset=\"https:\/\/nid.pl\/wp-content\/uploads\/2024\/01\/Remont-willi-u-Dziadka-jesien-2023-r-980x735.jpg 980w, https:\/\/nid.pl\/wp-content\/uploads\/2024\/01\/Remont-willi-u-Dziadka-jesien-2023-r-480x360.jpg 480w\" sizes=\"(min-width: 0px) and (max-width: 480px) 480px, (min-width: 481px) and (max-width: 980px) 980px, (min-width: 981px) 1024px, 100vw\" \/><figcaption class=\"wp-element-caption\">Remont willi \u201eU Dziadka\u201d, jesie\u0144 2023 r.<\/figcaption><\/figure>\n\n\n\n<figure class=\"wp-block-image aligncenter size-large is-resized\"><img loading=\"lazy\" decoding=\"async\" width=\"1024\" height=\"681\" src=\"https:\/\/nid.pl\/wp-content\/uploads\/2024\/01\/remont-willi-u-Dziadka-sierpien-2023-fot.-NID-Tobiasz-Bulynko-2-1024x681.jpg\" alt=\"\" class=\"wp-image-16007\" style=\"width:681px;height:auto\" srcset=\"https:\/\/nid.pl\/wp-content\/uploads\/2024\/01\/remont-willi-u-Dziadka-sierpien-2023-fot.-NID-Tobiasz-Bulynko-2-980x652.jpg 980w, https:\/\/nid.pl\/wp-content\/uploads\/2024\/01\/remont-willi-u-Dziadka-sierpien-2023-fot.-NID-Tobiasz-Bulynko-2-480x319.jpg 480w\" sizes=\"(min-width: 0px) and (max-width: 480px) 480px, (min-width: 481px) and (max-width: 980px) 980px, (min-width: 981px) 1024px, 100vw\" \/><figcaption class=\"wp-element-caption\">Remont willi \u201eU Dziadka\u201d, sierpie\u0144 2023 r., fot. NID\/Tobiasz Bu\u0142ynko<\/figcaption><\/figure>\n\n\n\n<figure class=\"wp-block-image aligncenter size-large is-resized\"><img loading=\"lazy\" decoding=\"async\" width=\"1024\" height=\"681\" src=\"https:\/\/nid.pl\/wp-content\/uploads\/2024\/01\/remont-willi-u-Dziadka-sierpien-2023-fot.-NID-Tobiasz-Bulynko-3-1024x681.jpg\" alt=\"\" class=\"wp-image-16008\" style=\"width:679px;height:auto\" srcset=\"https:\/\/nid.pl\/wp-content\/uploads\/2024\/01\/remont-willi-u-Dziadka-sierpien-2023-fot.-NID-Tobiasz-Bulynko-3-980x652.jpg 980w, https:\/\/nid.pl\/wp-content\/uploads\/2024\/01\/remont-willi-u-Dziadka-sierpien-2023-fot.-NID-Tobiasz-Bulynko-3-480x319.jpg 480w\" sizes=\"(min-width: 0px) and (max-width: 480px) 480px, (min-width: 481px) and (max-width: 980px) 980px, (min-width: 981px) 1024px, 100vw\" \/><figcaption class=\"wp-element-caption\">Remont willi \u201eU Dziadka\u201d, sierpie\u0144 2023 r., fot. NID\/Tobiasz Bu\u0142ynko<\/figcaption><\/figure>\n\n\n\n<figure class=\"wp-block-image aligncenter size-large is-resized\"><img loading=\"lazy\" decoding=\"async\" width=\"1024\" height=\"683\" src=\"https:\/\/nid.pl\/wp-content\/uploads\/2024\/01\/remont-willi-u-Dziadka-sierpien-2023-fot.-NID-Tobiasz-Bulynko-1024x683.jpg\" alt=\"\" class=\"wp-image-16009\" style=\"width:679px;height:auto\" srcset=\"https:\/\/nid.pl\/wp-content\/uploads\/2024\/01\/remont-willi-u-Dziadka-sierpien-2023-fot.-NID-Tobiasz-Bulynko-980x653.jpg 980w, https:\/\/nid.pl\/wp-content\/uploads\/2024\/01\/remont-willi-u-Dziadka-sierpien-2023-fot.-NID-Tobiasz-Bulynko-480x320.jpg 480w\" sizes=\"(min-width: 0px) and (max-width: 480px) 480px, (min-width: 481px) and (max-width: 980px) 980px, (min-width: 981px) 1024px, 100vw\" \/><figcaption class=\"wp-element-caption\">Remont willi \u201eU Dziadka\u201d, sierpie\u0144 2023 r., fot. NID\/Tobiasz Bu\u0142ynko<\/figcaption><\/figure>\n\n\n\n<figure class=\"wp-block-image aligncenter size-large is-resized\"><img loading=\"lazy\" decoding=\"async\" width=\"1024\" height=\"683\" src=\"https:\/\/nid.pl\/wp-content\/uploads\/2024\/01\/Willa-u-Dziadka-w-2019-roku-1024x683.jpg\" alt=\"\" class=\"wp-image-16010\" style=\"width:683px;height:auto\" srcset=\"https:\/\/nid.pl\/wp-content\/uploads\/2024\/01\/Willa-u-Dziadka-w-2019-roku-1024x683.jpg 1024w, https:\/\/nid.pl\/wp-content\/uploads\/2024\/01\/Willa-u-Dziadka-w-2019-roku-980x654.jpg 980w, https:\/\/nid.pl\/wp-content\/uploads\/2024\/01\/Willa-u-Dziadka-w-2019-roku-480x320.jpg 480w\" sizes=\"(min-width: 0px) and (max-width: 480px) 480px, (min-width: 481px) and (max-width: 980px) 980px, (min-width: 981px) 1024px, 100vw\" \/><figcaption class=\"wp-element-caption\">Willa \u201eU Dziadka\u201d, 2019 r.<\/figcaption><\/figure>\n\n\n\n<p><\/p>\n\n\n\n<p><\/p>","protected":false},"excerpt":{"rendered":"<p>Willa \u201eU Dziadka\u201d wybudowana zosta\u0142a w nurcie rzadko stosowanego w drewnianej architekturze letniskowej modernizmu, co wyr\u00f3\u017cnia j\u0105 na tle otwockiej zabudowy. Wkr\u00f3tce, dzi\u0119ki trwaj\u0105cym pracom konserwatorskim, odzyska ona dawn\u0105 \u015bwietno\u015b\u0107. [&hellip;]<\/p>","protected":false},"author":7,"featured_media":16011,"comment_status":"closed","ping_status":"closed","sticky":false,"template":"","format":"standard","meta":{"_et_pb_use_builder":"off","_et_pb_old_content":"","_et_gb_content_width":"","_monsterinsights_skip_tracking":false,"_monsterinsights_sitenote_active":false,"_monsterinsights_sitenote_note":"","_monsterinsights_sitenote_category":0,"footnotes":""},"categories":[3,101],"tags":[],"class_list":["post-16002","post","type-post","status-publish","format-standard","has-post-thumbnail","hentry","category-aktualnosci","category-willa-dziadka"],"yoast_head":"<!-- This site is optimized with the Yoast SEO plugin v26.5 - https:\/\/yoast.com\/wordpress\/plugins\/seo\/ -->\n<title>Remont willi \u201eU Dziadka\u201d w Otwocku \u2013 pierwsze efekty - NID<\/title>\n<meta name=\"robots\" content=\"index, follow, max-snippet:-1, max-image-preview:large, max-video-preview:-1\" \/>\n<link rel=\"canonical\" href=\"https:\/\/nid.pl\/en\/2023\/09\/04\/rewitalizacja-willi-u-dziadka-w-otwocku-pierwsze-efekty\/\" \/>\n<meta property=\"og:locale\" content=\"en_GB\" \/>\n<meta property=\"og:type\" content=\"article\" \/>\n<meta property=\"og:title\" content=\"Remont willi \u201eU Dziadka\u201d w Otwocku \u2013 pierwsze efekty - NID\" \/>\n<meta property=\"og:description\" content=\"Willa \u201eU Dziadka\u201d wybudowana zosta\u0142a w nurcie rzadko stosowanego w drewnianej architekturze letniskowej modernizmu, co wyr\u00f3\u017cnia j\u0105 na tle otwockiej zabudowy. Wkr\u00f3tce, dzi\u0119ki trwaj\u0105cym pracom konserwatorskim, odzyska ona dawn\u0105 \u015bwietno\u015b\u0107. [&hellip;]\" \/>\n<meta property=\"og:url\" content=\"https:\/\/nid.pl\/en\/2023\/09\/04\/rewitalizacja-willi-u-dziadka-w-otwocku-pierwsze-efekty\/\" \/>\n<meta property=\"og:site_name\" content=\"NID\" \/>\n<meta property=\"article:publisher\" content=\"https:\/\/www.facebook.com\/zabytek\" \/>\n<meta property=\"article:published_time\" content=\"2023-09-04T13:48:00+00:00\" \/>\n<meta property=\"article:modified_time\" content=\"2024-08-24T13:40:29+00:00\" \/>\n<meta property=\"og:image\" content=\"https:\/\/nid.pl\/wp-content\/uploads\/2024\/01\/miniatura_remont-willi-u-Dziadka-sierpien-2023-fot.-NID-Tobiasz-Bulynko.jpg\" \/>\n\t<meta property=\"og:image:width\" content=\"1850\" \/>\n\t<meta property=\"og:image:height\" content=\"1238\" \/>\n\t<meta property=\"og:image:type\" content=\"image\/jpeg\" \/>\n<meta name=\"author\" content=\"Barbara Halliop\" \/>\n<meta name=\"twitter:card\" content=\"summary_large_image\" \/>\n<meta name=\"twitter:creator\" content=\"@NarIDpl\" \/>\n<meta name=\"twitter:site\" content=\"@NarIDpl\" \/>\n<meta name=\"twitter:label1\" content=\"Written by\" \/>\n\t<meta name=\"twitter:data1\" content=\"Barbara Halliop\" \/>\n\t<meta name=\"twitter:label2\" content=\"Estimated reading time\" \/>\n\t<meta name=\"twitter:data2\" content=\"4 minutes\" \/>\n<script type=\"application\/ld+json\" class=\"yoast-schema-graph\">{\"@context\":\"https:\/\/schema.org\",\"@graph\":[{\"@type\":\"Article\",\"@id\":\"https:\/\/nid.pl\/2023\/09\/04\/rewitalizacja-willi-u-dziadka-w-otwocku-pierwsze-efekty\/#article\",\"isPartOf\":{\"@id\":\"https:\/\/nid.pl\/2023\/09\/04\/rewitalizacja-willi-u-dziadka-w-otwocku-pierwsze-efekty\/\"},\"author\":{\"name\":\"Barbara Halliop\",\"@id\":\"https:\/\/nid.pl\/#\/schema\/person\/1b690a8998a5111cfb9f0ffe24195a15\"},\"headline\":\"Remont willi \u201eU Dziadka\u201d w Otwocku \u2013 pierwsze efekty\",\"datePublished\":\"2023-09-04T13:48:00+00:00\",\"dateModified\":\"2024-08-24T13:40:29+00:00\",\"mainEntityOfPage\":{\"@id\":\"https:\/\/nid.pl\/2023\/09\/04\/rewitalizacja-willi-u-dziadka-w-otwocku-pierwsze-efekty\/\"},\"wordCount\":364,\"publisher\":{\"@id\":\"https:\/\/nid.pl\/#organization\"},\"image\":{\"@id\":\"https:\/\/nid.pl\/2023\/09\/04\/rewitalizacja-willi-u-dziadka-w-otwocku-pierwsze-efekty\/#primaryimage\"},\"thumbnailUrl\":\"https:\/\/nid.pl\/wp-content\/uploads\/2024\/01\/miniatura_remont-willi-u-Dziadka-sierpien-2023-fot.-NID-Tobiasz-Bulynko.jpg\",\"articleSection\":[\"Aktualno\u015bci\",\"Rewitalizacja Willi U Dziadka\"],\"inLanguage\":\"en-GB\"},{\"@type\":\"WebPage\",\"@id\":\"https:\/\/nid.pl\/2023\/09\/04\/rewitalizacja-willi-u-dziadka-w-otwocku-pierwsze-efekty\/\",\"url\":\"https:\/\/nid.pl\/2023\/09\/04\/rewitalizacja-willi-u-dziadka-w-otwocku-pierwsze-efekty\/\",\"name\":\"Remont willi \u201eU Dziadka\u201d w Otwocku \u2013 pierwsze efekty - NID\",\"isPartOf\":{\"@id\":\"https:\/\/nid.pl\/#website\"},\"primaryImageOfPage\":{\"@id\":\"https:\/\/nid.pl\/2023\/09\/04\/rewitalizacja-willi-u-dziadka-w-otwocku-pierwsze-efekty\/#primaryimage\"},\"image\":{\"@id\":\"https:\/\/nid.pl\/2023\/09\/04\/rewitalizacja-willi-u-dziadka-w-otwocku-pierwsze-efekty\/#primaryimage\"},\"thumbnailUrl\":\"https:\/\/nid.pl\/wp-content\/uploads\/2024\/01\/miniatura_remont-willi-u-Dziadka-sierpien-2023-fot.-NID-Tobiasz-Bulynko.jpg\",\"datePublished\":\"2023-09-04T13:48:00+00:00\",\"dateModified\":\"2024-08-24T13:40:29+00:00\",\"breadcrumb\":{\"@id\":\"https:\/\/nid.pl\/2023\/09\/04\/rewitalizacja-willi-u-dziadka-w-otwocku-pierwsze-efekty\/#breadcrumb\"},\"inLanguage\":\"en-GB\",\"potentialAction\":[{\"@type\":\"ReadAction\",\"target\":[\"https:\/\/nid.pl\/2023\/09\/04\/rewitalizacja-willi-u-dziadka-w-otwocku-pierwsze-efekty\/\"]}]},{\"@type\":\"ImageObject\",\"inLanguage\":\"en-GB\",\"@id\":\"https:\/\/nid.pl\/2023\/09\/04\/rewitalizacja-willi-u-dziadka-w-otwocku-pierwsze-efekty\/#primaryimage\",\"url\":\"https:\/\/nid.pl\/wp-content\/uploads\/2024\/01\/miniatura_remont-willi-u-Dziadka-sierpien-2023-fot.-NID-Tobiasz-Bulynko.jpg\",\"contentUrl\":\"https:\/\/nid.pl\/wp-content\/uploads\/2024\/01\/miniatura_remont-willi-u-Dziadka-sierpien-2023-fot.-NID-Tobiasz-Bulynko.jpg\",\"width\":1850,\"height\":1238,\"caption\":\"remontowana Willa u Dziadka w Otwocku\"},{\"@type\":\"BreadcrumbList\",\"@id\":\"https:\/\/nid.pl\/2023\/09\/04\/rewitalizacja-willi-u-dziadka-w-otwocku-pierwsze-efekty\/#breadcrumb\",\"itemListElement\":[{\"@type\":\"ListItem\",\"position\":1,\"name\":\"Home\",\"item\":\"https:\/\/nid.pl\/\"},{\"@type\":\"ListItem\",\"position\":2,\"name\":\"Remont willi \u201eU Dziadka\u201d w Otwocku \u2013 pierwsze efekty\"}]},{\"@type\":\"WebSite\",\"@id\":\"https:\/\/nid.pl\/#website\",\"url\":\"https:\/\/nid.pl\/\",\"name\":\"NID\",\"description\":\"Narodowy Instytut Dziedzictwa\",\"publisher\":{\"@id\":\"https:\/\/nid.pl\/#organization\"},\"potentialAction\":[{\"@type\":\"SearchAction\",\"target\":{\"@type\":\"EntryPoint\",\"urlTemplate\":\"https:\/\/nid.pl\/?s={search_term_string}\"},\"query-input\":{\"@type\":\"PropertyValueSpecification\",\"valueRequired\":true,\"valueName\":\"search_term_string\"}}],\"inLanguage\":\"en-GB\"},{\"@type\":\"Organization\",\"@id\":\"https:\/\/nid.pl\/#organization\",\"name\":\"Narodowy Instytut Dziedzictwa\",\"url\":\"https:\/\/nid.pl\/\",\"logo\":{\"@type\":\"ImageObject\",\"inLanguage\":\"en-GB\",\"@id\":\"https:\/\/nid.pl\/#\/schema\/logo\/image\/\",\"url\":\"https:\/\/nid.pl\/wp-content\/uploads\/2022\/10\/logoRedDark.png\",\"contentUrl\":\"https:\/\/nid.pl\/wp-content\/uploads\/2022\/10\/logoRedDark.png\",\"width\":200,\"height\":197,\"caption\":\"Narodowy Instytut Dziedzictwa\"},\"image\":{\"@id\":\"https:\/\/nid.pl\/#\/schema\/logo\/image\/\"},\"sameAs\":[\"https:\/\/www.facebook.com\/zabytek\",\"https:\/\/x.com\/NarIDpl\",\"https:\/\/www.instagram.com\/nid.pl\/?hl=pl\",\"https:\/\/www.linkedin.com\/company\/narodowy-instytut-dziedzictwa\",\"https:\/\/www.youtube.com\/channel\/UCQXuhKa2uHtmNvLRUSx40JA\"]},{\"@type\":\"Person\",\"@id\":\"https:\/\/nid.pl\/#\/schema\/person\/1b690a8998a5111cfb9f0ffe24195a15\",\"name\":\"Barbara Halliop\",\"image\":{\"@type\":\"ImageObject\",\"inLanguage\":\"en-GB\",\"@id\":\"https:\/\/nid.pl\/#\/schema\/person\/image\/\",\"url\":\"https:\/\/nid.pl\/wp-content\/litespeed\/avatar\/924046d17dd0c842c9fa9ccf489bc6dc.jpg?ver=1777444967\",\"contentUrl\":\"https:\/\/nid.pl\/wp-content\/litespeed\/avatar\/924046d17dd0c842c9fa9ccf489bc6dc.jpg?ver=1777444967\",\"caption\":\"Barbara Halliop\"},\"url\":\"https:\/\/nid.pl\/en\/author\/bhalliop\/\"}]}<\/script>\n<!-- \/ Yoast SEO plugin. -->","yoast_head_json":{"title":"Remont willi \u201eU Dziadka\u201d w Otwocku \u2013 pierwsze efekty - NID","robots":{"index":"index","follow":"follow","max-snippet":"max-snippet:-1","max-image-preview":"max-image-preview:large","max-video-preview":"max-video-preview:-1"},"canonical":"https:\/\/nid.pl\/en\/2023\/09\/04\/rewitalizacja-willi-u-dziadka-w-otwocku-pierwsze-efekty\/","og_locale":"en_GB","og_type":"article","og_title":"Remont willi \u201eU Dziadka\u201d w Otwocku \u2013 pierwsze efekty - NID","og_description":"Willa \u201eU Dziadka\u201d wybudowana zosta\u0142a w nurcie rzadko stosowanego w drewnianej architekturze letniskowej modernizmu, co wyr\u00f3\u017cnia j\u0105 na tle otwockiej zabudowy. Wkr\u00f3tce, dzi\u0119ki trwaj\u0105cym pracom konserwatorskim, odzyska ona dawn\u0105 \u015bwietno\u015b\u0107. [&hellip;]","og_url":"https:\/\/nid.pl\/en\/2023\/09\/04\/rewitalizacja-willi-u-dziadka-w-otwocku-pierwsze-efekty\/","og_site_name":"NID","article_publisher":"https:\/\/www.facebook.com\/zabytek","article_published_time":"2023-09-04T13:48:00+00:00","article_modified_time":"2024-08-24T13:40:29+00:00","og_image":[{"width":1850,"height":1238,"url":"https:\/\/nid.pl\/wp-content\/uploads\/2024\/01\/miniatura_remont-willi-u-Dziadka-sierpien-2023-fot.-NID-Tobiasz-Bulynko.jpg","type":"image\/jpeg"}],"author":"Barbara Halliop","twitter_card":"summary_large_image","twitter_creator":"@NarIDpl","twitter_site":"@NarIDpl","twitter_misc":{"Written by":"Barbara Halliop","Estimated reading time":"4 minutes"},"schema":{"@context":"https:\/\/schema.org","@graph":[{"@type":"Article","@id":"https:\/\/nid.pl\/2023\/09\/04\/rewitalizacja-willi-u-dziadka-w-otwocku-pierwsze-efekty\/#article","isPartOf":{"@id":"https:\/\/nid.pl\/2023\/09\/04\/rewitalizacja-willi-u-dziadka-w-otwocku-pierwsze-efekty\/"},"author":{"name":"Barbara Halliop","@id":"https:\/\/nid.pl\/#\/schema\/person\/1b690a8998a5111cfb9f0ffe24195a15"},"headline":"Remont willi \u201eU Dziadka\u201d w Otwocku \u2013 pierwsze efekty","datePublished":"2023-09-04T13:48:00+00:00","dateModified":"2024-08-24T13:40:29+00:00","mainEntityOfPage":{"@id":"https:\/\/nid.pl\/2023\/09\/04\/rewitalizacja-willi-u-dziadka-w-otwocku-pierwsze-efekty\/"},"wordCount":364,"publisher":{"@id":"https:\/\/nid.pl\/#organization"},"image":{"@id":"https:\/\/nid.pl\/2023\/09\/04\/rewitalizacja-willi-u-dziadka-w-otwocku-pierwsze-efekty\/#primaryimage"},"thumbnailUrl":"https:\/\/nid.pl\/wp-content\/uploads\/2024\/01\/miniatura_remont-willi-u-Dziadka-sierpien-2023-fot.-NID-Tobiasz-Bulynko.jpg","articleSection":["Aktualno\u015bci","Rewitalizacja Willi U Dziadka"],"inLanguage":"en-GB"},{"@type":"WebPage","@id":"https:\/\/nid.pl\/2023\/09\/04\/rewitalizacja-willi-u-dziadka-w-otwocku-pierwsze-efekty\/","url":"https:\/\/nid.pl\/2023\/09\/04\/rewitalizacja-willi-u-dziadka-w-otwocku-pierwsze-efekty\/","name":"Remont willi \u201eU Dziadka\u201d w Otwocku \u2013 pierwsze efekty - NID","isPartOf":{"@id":"https:\/\/nid.pl\/#website"},"primaryImageOfPage":{"@id":"https:\/\/nid.pl\/2023\/09\/04\/rewitalizacja-willi-u-dziadka-w-otwocku-pierwsze-efekty\/#primaryimage"},"image":{"@id":"https:\/\/nid.pl\/2023\/09\/04\/rewitalizacja-willi-u-dziadka-w-otwocku-pierwsze-efekty\/#primaryimage"},"thumbnailUrl":"https:\/\/nid.pl\/wp-content\/uploads\/2024\/01\/miniatura_remont-willi-u-Dziadka-sierpien-2023-fot.-NID-Tobiasz-Bulynko.jpg","datePublished":"2023-09-04T13:48:00+00:00","dateModified":"2024-08-24T13:40:29+00:00","breadcrumb":{"@id":"https:\/\/nid.pl\/2023\/09\/04\/rewitalizacja-willi-u-dziadka-w-otwocku-pierwsze-efekty\/#breadcrumb"},"inLanguage":"en-GB","potentialAction":[{"@type":"ReadAction","target":["https:\/\/nid.pl\/2023\/09\/04\/rewitalizacja-willi-u-dziadka-w-otwocku-pierwsze-efekty\/"]}]},{"@type":"ImageObject","inLanguage":"en-GB","@id":"https:\/\/nid.pl\/2023\/09\/04\/rewitalizacja-willi-u-dziadka-w-otwocku-pierwsze-efekty\/#primaryimage","url":"https:\/\/nid.pl\/wp-content\/uploads\/2024\/01\/miniatura_remont-willi-u-Dziadka-sierpien-2023-fot.-NID-Tobiasz-Bulynko.jpg","contentUrl":"https:\/\/nid.pl\/wp-content\/uploads\/2024\/01\/miniatura_remont-willi-u-Dziadka-sierpien-2023-fot.-NID-Tobiasz-Bulynko.jpg","width":1850,"height":1238,"caption":"remontowana Willa u Dziadka w Otwocku"},{"@type":"BreadcrumbList","@id":"https:\/\/nid.pl\/2023\/09\/04\/rewitalizacja-willi-u-dziadka-w-otwocku-pierwsze-efekty\/#breadcrumb","itemListElement":[{"@type":"ListItem","position":1,"name":"Home","item":"https:\/\/nid.pl\/"},{"@type":"ListItem","position":2,"name":"Remont willi \u201eU Dziadka\u201d w Otwocku \u2013 pierwsze efekty"}]},{"@type":"WebSite","@id":"https:\/\/nid.pl\/#website","url":"https:\/\/nid.pl\/","name":"NID","description":"Narodowy Instytut Dziedzictwa","publisher":{"@id":"https:\/\/nid.pl\/#organization"},"potentialAction":[{"@type":"SearchAction","target":{"@type":"EntryPoint","urlTemplate":"https:\/\/nid.pl\/?s={search_term_string}"},"query-input":{"@type":"PropertyValueSpecification","valueRequired":true,"valueName":"search_term_string"}}],"inLanguage":"en-GB"},{"@type":"Organization","@id":"https:\/\/nid.pl\/#organization","name":"Narodowy Instytut Dziedzictwa","url":"https:\/\/nid.pl\/","logo":{"@type":"ImageObject","inLanguage":"en-GB","@id":"https:\/\/nid.pl\/#\/schema\/logo\/image\/","url":"https:\/\/nid.pl\/wp-content\/uploads\/2022\/10\/logoRedDark.png","contentUrl":"https:\/\/nid.pl\/wp-content\/uploads\/2022\/10\/logoRedDark.png","width":200,"height":197,"caption":"Narodowy Instytut Dziedzictwa"},"image":{"@id":"https:\/\/nid.pl\/#\/schema\/logo\/image\/"},"sameAs":["https:\/\/www.facebook.com\/zabytek","https:\/\/x.com\/NarIDpl","https:\/\/www.instagram.com\/nid.pl\/?hl=pl","https:\/\/www.linkedin.com\/company\/narodowy-instytut-dziedzictwa","https:\/\/www.youtube.com\/channel\/UCQXuhKa2uHtmNvLRUSx40JA"]},{"@type":"Person","@id":"https:\/\/nid.pl\/#\/schema\/person\/1b690a8998a5111cfb9f0ffe24195a15","name":"Barbara Halliop","image":{"@type":"ImageObject","inLanguage":"en-GB","@id":"https:\/\/nid.pl\/#\/schema\/person\/image\/","url":"https:\/\/nid.pl\/wp-content\/litespeed\/avatar\/924046d17dd0c842c9fa9ccf489bc6dc.jpg?ver=1777444967","contentUrl":"https:\/\/nid.pl\/wp-content\/litespeed\/avatar\/924046d17dd0c842c9fa9ccf489bc6dc.jpg?ver=1777444967","caption":"Barbara Halliop"},"url":"https:\/\/nid.pl\/en\/author\/bhalliop\/"}]}},"_links":{"self":[{"href":"https:\/\/nid.pl\/en\/wp-json\/wp\/v2\/posts\/16002","targetHints":{"allow":["GET"]}}],"collection":[{"href":"https:\/\/nid.pl\/en\/wp-json\/wp\/v2\/posts"}],"about":[{"href":"https:\/\/nid.pl\/en\/wp-json\/wp\/v2\/types\/post"}],"author":[{"embeddable":true,"href":"https:\/\/nid.pl\/en\/wp-json\/wp\/v2\/users\/7"}],"replies":[{"embeddable":true,"href":"https:\/\/nid.pl\/en\/wp-json\/wp\/v2\/comments?post=16002"}],"version-history":[{"count":0,"href":"https:\/\/nid.pl\/en\/wp-json\/wp\/v2\/posts\/16002\/revisions"}],"wp:featuredmedia":[{"embeddable":true,"href":"https:\/\/nid.pl\/en\/wp-json\/wp\/v2\/media\/16011"}],"wp:attachment":[{"href":"https:\/\/nid.pl\/en\/wp-json\/wp\/v2\/media?parent=16002"}],"wp:term":[{"taxonomy":"category","embeddable":true,"href":"https:\/\/nid.pl\/en\/wp-json\/wp\/v2\/categories?post=16002"},{"taxonomy":"post_tag","embeddable":true,"href":"https:\/\/nid.pl\/en\/wp-json\/wp\/v2\/tags?post=16002"}],"curies":[{"name":"wp","href":"https:\/\/api.w.org\/{rel}","templated":true}]}}