{"id":15977,"date":"2023-10-02T15:42:00","date_gmt":"2023-10-02T13:42:00","guid":{"rendered":"https:\/\/nid.pl\/?p=15977"},"modified":"2024-01-26T09:14:59","modified_gmt":"2024-01-26T08:14:59","slug":"relacja-z-konferencji-naukowej-ochrona-i-konserwacja-zabytkowych-obiektow-sakralnych","status":"publish","type":"post","link":"https:\/\/nid.pl\/en\/2023\/10\/02\/relacja-z-konferencji-naukowej-ochrona-i-konserwacja-zabytkowych-obiektow-sakralnych\/","title":{"rendered":"Relacja z konferencji naukowej \u201eOchrona i konserwacja zabytkowych obiekt\u00f3w sakralnych\u201d"},"content":{"rendered":"<p><strong>W dniach 26-28 wrze\u015bnia 2023 r. na Zamku w Malborku odby\u0142a si\u0119 og\u00f3lnopolska konferencja naukowa \u201eOchrona i konserwacja zabytkowych obiekt\u00f3w sakralnych\u201d, kt\u00f3r\u0105 Narodowy Instytut Dziedzictwa wsp\u00f3\u0142organizowa\u0142 razem ze Stowarzyszeniem Konserwator\u00f3w Zabytk\u00f3w, Muzeum Zamkowym w Malborku i Rad\u0105 ds. Kultury i Ochrony Dziedzictwa Kulturowego KEP.<\/strong><\/p>\n\n\n\n<p>Przedstawiane na konferencji referaty i dyskusje koncentrowa\u0142y si\u0119 wok\u00f3\u0142 trzech temat\u00f3w: prawnej ochrony zabytk\u00f3w, wykorzystania nowych technologii oraz konserwacji obiekt\u00f3w sztuki sakralnej. W sesjach brali udzia\u0142 zar\u00f3wno przedstawiciele strony ko\u015bcielnej i pa\u0144stwowej. Podczas sesji po\u015bwi\u0119conej konserwacji, zast\u0119pca dyrektora\u00a0NID,\u00a0dr hab. Monika Bogdanowska wyg\u0142osi\u0142a referat na temat \u201eCo posz\u0142o nie tak, czyli o pracach restauratorskich przy malowid\u0142ach autorstwa Stanis\u0142awa Wyspia\u0144skiego w krakowskim ko\u015bciele ojc\u00f3w franciszkan\u00f3w\u201d.<\/p>\n\n\n\n<p>Konferencja pokaza\u0142a, jak wa\u017cna w dba\u0142o\u015bci o zabytki sakralne jest wymiana do\u015bwiadcze\u0144 i pogl\u0105d\u00f3w mi\u0119dzy dwiema stronami \u015bwieck\u0105 i ko\u015bcieln\u0105 \u2013 podsumowa\u0142a s. dr Natanaela B\u0142a\u017cejczyk CSSF, sekretarz Rady ds. Kultury i Ochrony Dziedzictwa Kulturowego dzia\u0142aj\u0105cej przy Konferencji Episkopatu Polski.<\/p>\n\n\n\n<p>Patronat Honorowy nad konferencj\u0105 obj\u0105\u0142 dr Jaros\u0142aw Sellin \u2013 Sekretarz Stanu w MKiDN, Generalny Konserwator Zabytk\u00f3w; ks. bp prof. dr hab. Micha\u0142 Janocha \u2013 Przewodnicz\u0105cy Rady ds. Kultury i Ochrony Dziedzictwa Kulturowego KEP.<\/p>\n\n\n\n<p><\/p>\n\n\n\n<figure class=\"wp-block-image aligncenter size-large is-resized\"><img loading=\"lazy\" decoding=\"async\" width=\"1024\" height=\"768\" src=\"https:\/\/nid.pl\/wp-content\/uploads\/2024\/01\/dr-hab.-Monika-Bogdanowska-zast.-dyr.-NID-Konferencja-Ochrona-i-Konserwacja-Zabytkowych-Obiektow-Sakralnych-26-28.09.2024_02-1024x768.jpg\" alt=\"\" class=\"wp-image-15979\" style=\"width:627px;height:auto\" srcset=\"https:\/\/nid.pl\/wp-content\/uploads\/2024\/01\/dr-hab.-Monika-Bogdanowska-zast.-dyr.-NID-Konferencja-Ochrona-i-Konserwacja-Zabytkowych-Obiektow-Sakralnych-26-28.09.2024_02-980x735.jpg 980w, https:\/\/nid.pl\/wp-content\/uploads\/2024\/01\/dr-hab.-Monika-Bogdanowska-zast.-dyr.-NID-Konferencja-Ochrona-i-Konserwacja-Zabytkowych-Obiektow-Sakralnych-26-28.09.2024_02-480x360.jpg 480w\" sizes=\"(min-width: 0px) and (max-width: 480px) 480px, (min-width: 481px) and (max-width: 980px) 980px, (min-width: 981px) 1024px, 100vw\" \/><figcaption class=\"wp-element-caption\">dr hab. Monika Bogdanowska, zast\u0119pca dyrektora Narodowego Instytutu Dziedzictwa, Konferencja naukowa &#8220;Ochrona i Konserwacja Zabytkowych Obiekt\u00f3w Sakralnych&#8221;, 26-28 wrze\u015bnia 2023 r., Muzeum Zamkowe w Malborku, fot. Lech Oko\u0144ski<\/figcaption><\/figure>\n\n\n\n<figure class=\"wp-block-image aligncenter size-large is-resized\"><img loading=\"lazy\" decoding=\"async\" width=\"1024\" height=\"768\" src=\"https:\/\/nid.pl\/wp-content\/uploads\/2024\/01\/dr-hab.-Monika-Bogdanowska-zast.-dyr.-NID-Konferencja-Ochrona-i-Konserwacja-Zabytkowych-Obiektow-Sakralnych-26-28.09.2024-1024x768.jpg\" alt=\"\" class=\"wp-image-15980\" style=\"width:625px;height:auto\" srcset=\"https:\/\/nid.pl\/wp-content\/uploads\/2024\/01\/dr-hab.-Monika-Bogdanowska-zast.-dyr.-NID-Konferencja-Ochrona-i-Konserwacja-Zabytkowych-Obiektow-Sakralnych-26-28.09.2024-980x735.jpg 980w, https:\/\/nid.pl\/wp-content\/uploads\/2024\/01\/dr-hab.-Monika-Bogdanowska-zast.-dyr.-NID-Konferencja-Ochrona-i-Konserwacja-Zabytkowych-Obiektow-Sakralnych-26-28.09.2024-480x360.jpg 480w\" sizes=\"(min-width: 0px) and (max-width: 480px) 480px, (min-width: 481px) and (max-width: 980px) 980px, (min-width: 981px) 1024px, 100vw\" \/><figcaption class=\"wp-element-caption\">dr hab. Monika Bogdanowska, zast\u0119pca dyrektora Narodowego Instytutu Dziedzictwa, Konferencja naukowa &#8220;Ochrona i Konserwacja Zabytkowych Obiekt\u00f3w Sakralnych&#8221;, 26-28 wrze\u015bnia 2023 r., Muzeum Zamkowe w Malborku, fot. Lech Oko\u0144ski<\/figcaption><\/figure>\n\n\n\n<figure class=\"wp-block-image aligncenter size-large is-resized\"><img loading=\"lazy\" decoding=\"async\" width=\"1024\" height=\"768\" src=\"https:\/\/nid.pl\/wp-content\/uploads\/2024\/01\/Ochrona-i-Konserwacja-Zabytkowych-Obiektow-Sakralnych-26-28-wrzesnia-2023-r.-Muzeum-Zamkowe-w-Malborku-fot.-Lech-Okonski-1024x768.jpg\" alt=\"\" class=\"wp-image-15981\" style=\"width:623px;height:auto\" srcset=\"https:\/\/nid.pl\/wp-content\/uploads\/2024\/01\/Ochrona-i-Konserwacja-Zabytkowych-Obiektow-Sakralnych-26-28-wrzesnia-2023-r.-Muzeum-Zamkowe-w-Malborku-fot.-Lech-Okonski-980x735.jpg 980w, https:\/\/nid.pl\/wp-content\/uploads\/2024\/01\/Ochrona-i-Konserwacja-Zabytkowych-Obiektow-Sakralnych-26-28-wrzesnia-2023-r.-Muzeum-Zamkowe-w-Malborku-fot.-Lech-Okonski-480x360.jpg 480w\" sizes=\"(min-width: 0px) and (max-width: 480px) 480px, (min-width: 481px) and (max-width: 980px) 980px, (min-width: 981px) 1024px, 100vw\" \/><figcaption class=\"wp-element-caption\">Konferencja naukowa &#8220;Ochrona i Konserwacja Zabytkowych Obiekt\u00f3w Sakralnych&#8221;, 26-28 wrze\u015bnia 2023 r., Muzeum Zamkowe w Malborku, fot. Lech Oko\u0144ski<\/figcaption><\/figure>","protected":false},"excerpt":{"rendered":"<p>W dniach 26-28 wrze\u015bnia 2023 r. na Zamku w Malborku odby\u0142a si\u0119 og\u00f3lnopolska konferencja naukowa \u201eOchrona i konserwacja zabytkowych obiekt\u00f3w sakralnych\u201d, kt\u00f3r\u0105 Narodowy Instytut Dziedzictwa wsp\u00f3\u0142organizowa\u0142 razem ze Stowarzyszeniem Konserwator\u00f3w [&hellip;]<\/p>","protected":false},"author":7,"featured_media":15982,"comment_status":"closed","ping_status":"closed","sticky":false,"template":"","format":"standard","meta":{"_et_pb_use_builder":"off","_et_pb_old_content":"","_et_gb_content_width":"","_monsterinsights_skip_tracking":false,"_monsterinsights_sitenote_active":false,"_monsterinsights_sitenote_note":"","_monsterinsights_sitenote_category":0,"footnotes":""},"categories":[3],"tags":[],"class_list":["post-15977","post","type-post","status-publish","format-standard","has-post-thumbnail","hentry","category-aktualnosci"],"yoast_head":"<!-- This site is optimized with the Yoast SEO plugin v26.5 - https:\/\/yoast.com\/wordpress\/plugins\/seo\/ -->\n<title>Relacja z konferencji naukowej \u201eOchrona i konserwacja zabytkowych obiekt\u00f3w sakralnych\u201d - NID<\/title>\n<meta name=\"robots\" content=\"index, follow, max-snippet:-1, max-image-preview:large, max-video-preview:-1\" \/>\n<link rel=\"canonical\" href=\"https:\/\/nid.pl\/en\/2023\/10\/02\/relacja-z-konferencji-naukowej-ochrona-i-konserwacja-zabytkowych-obiektow-sakralnych\/\" \/>\n<meta property=\"og:locale\" content=\"en_GB\" \/>\n<meta property=\"og:type\" content=\"article\" \/>\n<meta property=\"og:title\" content=\"Relacja z konferencji naukowej \u201eOchrona i konserwacja zabytkowych obiekt\u00f3w sakralnych\u201d - NID\" \/>\n<meta property=\"og:description\" content=\"W dniach 26-28 wrze\u015bnia 2023 r. na Zamku w Malborku odby\u0142a si\u0119 og\u00f3lnopolska konferencja naukowa \u201eOchrona i konserwacja zabytkowych obiekt\u00f3w sakralnych\u201d, kt\u00f3r\u0105 Narodowy Instytut Dziedzictwa wsp\u00f3\u0142organizowa\u0142 razem ze Stowarzyszeniem Konserwator\u00f3w [&hellip;]\" \/>\n<meta property=\"og:url\" content=\"https:\/\/nid.pl\/en\/2023\/10\/02\/relacja-z-konferencji-naukowej-ochrona-i-konserwacja-zabytkowych-obiektow-sakralnych\/\" \/>\n<meta property=\"og:site_name\" content=\"NID\" \/>\n<meta property=\"article:publisher\" content=\"https:\/\/www.facebook.com\/zabytek\" \/>\n<meta property=\"article:published_time\" content=\"2023-10-02T13:42:00+00:00\" \/>\n<meta property=\"article:modified_time\" content=\"2024-01-26T08:14:59+00:00\" \/>\n<meta property=\"og:image\" content=\"https:\/\/nid.pl\/wp-content\/uploads\/2024\/01\/dr-hab.-Monika-Bogdanowska-zast.-dyr.-NID-Ochrona-i-Konserwacja-Zabytkowych-Obiektow-Sakralnych-26-28-wrzesnia-2023.jpg\" \/>\n\t<meta property=\"og:image:width\" content=\"1850\" \/>\n\t<meta property=\"og:image:height\" content=\"1238\" \/>\n\t<meta property=\"og:image:type\" content=\"image\/jpeg\" \/>\n<meta name=\"author\" content=\"Barbara Halliop\" \/>\n<meta name=\"twitter:card\" content=\"summary_large_image\" \/>\n<meta name=\"twitter:creator\" content=\"@NarIDpl\" \/>\n<meta name=\"twitter:site\" content=\"@NarIDpl\" \/>\n<meta name=\"twitter:label1\" content=\"Written by\" \/>\n\t<meta name=\"twitter:data1\" content=\"Barbara Halliop\" \/>\n\t<meta name=\"twitter:label2\" content=\"Estimated reading time\" \/>\n\t<meta name=\"twitter:data2\" content=\"2 minutes\" \/>\n<script type=\"application\/ld+json\" class=\"yoast-schema-graph\">{\"@context\":\"https:\/\/schema.org\",\"@graph\":[{\"@type\":\"Article\",\"@id\":\"https:\/\/nid.pl\/2023\/10\/02\/relacja-z-konferencji-naukowej-ochrona-i-konserwacja-zabytkowych-obiektow-sakralnych\/#article\",\"isPartOf\":{\"@id\":\"https:\/\/nid.pl\/2023\/10\/02\/relacja-z-konferencji-naukowej-ochrona-i-konserwacja-zabytkowych-obiektow-sakralnych\/\"},\"author\":{\"name\":\"Barbara Halliop\",\"@id\":\"https:\/\/nid.pl\/#\/schema\/person\/1b690a8998a5111cfb9f0ffe24195a15\"},\"headline\":\"Relacja z konferencji naukowej \u201eOchrona i konserwacja zabytkowych obiekt\u00f3w sakralnych\u201d\",\"datePublished\":\"2023-10-02T13:42:00+00:00\",\"dateModified\":\"2024-01-26T08:14:59+00:00\",\"mainEntityOfPage\":{\"@id\":\"https:\/\/nid.pl\/2023\/10\/02\/relacja-z-konferencji-naukowej-ochrona-i-konserwacja-zabytkowych-obiektow-sakralnych\/\"},\"wordCount\":316,\"publisher\":{\"@id\":\"https:\/\/nid.pl\/#organization\"},\"image\":{\"@id\":\"https:\/\/nid.pl\/2023\/10\/02\/relacja-z-konferencji-naukowej-ochrona-i-konserwacja-zabytkowych-obiektow-sakralnych\/#primaryimage\"},\"thumbnailUrl\":\"https:\/\/nid.pl\/wp-content\/uploads\/2024\/01\/dr-hab.-Monika-Bogdanowska-zast.-dyr.-NID-Ochrona-i-Konserwacja-Zabytkowych-Obiektow-Sakralnych-26-28-wrzesnia-2023.jpg\",\"articleSection\":[\"Aktualno\u015bci\"],\"inLanguage\":\"en-GB\"},{\"@type\":\"WebPage\",\"@id\":\"https:\/\/nid.pl\/2023\/10\/02\/relacja-z-konferencji-naukowej-ochrona-i-konserwacja-zabytkowych-obiektow-sakralnych\/\",\"url\":\"https:\/\/nid.pl\/2023\/10\/02\/relacja-z-konferencji-naukowej-ochrona-i-konserwacja-zabytkowych-obiektow-sakralnych\/\",\"name\":\"Relacja z konferencji naukowej \u201eOchrona i konserwacja zabytkowych obiekt\u00f3w sakralnych\u201d - NID\",\"isPartOf\":{\"@id\":\"https:\/\/nid.pl\/#website\"},\"primaryImageOfPage\":{\"@id\":\"https:\/\/nid.pl\/2023\/10\/02\/relacja-z-konferencji-naukowej-ochrona-i-konserwacja-zabytkowych-obiektow-sakralnych\/#primaryimage\"},\"image\":{\"@id\":\"https:\/\/nid.pl\/2023\/10\/02\/relacja-z-konferencji-naukowej-ochrona-i-konserwacja-zabytkowych-obiektow-sakralnych\/#primaryimage\"},\"thumbnailUrl\":\"https:\/\/nid.pl\/wp-content\/uploads\/2024\/01\/dr-hab.-Monika-Bogdanowska-zast.-dyr.-NID-Ochrona-i-Konserwacja-Zabytkowych-Obiektow-Sakralnych-26-28-wrzesnia-2023.jpg\",\"datePublished\":\"2023-10-02T13:42:00+00:00\",\"dateModified\":\"2024-01-26T08:14:59+00:00\",\"breadcrumb\":{\"@id\":\"https:\/\/nid.pl\/2023\/10\/02\/relacja-z-konferencji-naukowej-ochrona-i-konserwacja-zabytkowych-obiektow-sakralnych\/#breadcrumb\"},\"inLanguage\":\"en-GB\",\"potentialAction\":[{\"@type\":\"ReadAction\",\"target\":[\"https:\/\/nid.pl\/2023\/10\/02\/relacja-z-konferencji-naukowej-ochrona-i-konserwacja-zabytkowych-obiektow-sakralnych\/\"]}]},{\"@type\":\"ImageObject\",\"inLanguage\":\"en-GB\",\"@id\":\"https:\/\/nid.pl\/2023\/10\/02\/relacja-z-konferencji-naukowej-ochrona-i-konserwacja-zabytkowych-obiektow-sakralnych\/#primaryimage\",\"url\":\"https:\/\/nid.pl\/wp-content\/uploads\/2024\/01\/dr-hab.-Monika-Bogdanowska-zast.-dyr.-NID-Ochrona-i-Konserwacja-Zabytkowych-Obiektow-Sakralnych-26-28-wrzesnia-2023.jpg\",\"contentUrl\":\"https:\/\/nid.pl\/wp-content\/uploads\/2024\/01\/dr-hab.-Monika-Bogdanowska-zast.-dyr.-NID-Ochrona-i-Konserwacja-Zabytkowych-Obiektow-Sakralnych-26-28-wrzesnia-2023.jpg\",\"width\":1850,\"height\":1238,\"caption\":\"dr hab. Monika Bogdanowska, zast. dyr. NID, Ochrona i Konserwacja Zabytkowych Obiekt\u00f3w Sakralnych, 26-28 wrze\u015bnia 2023, Muzeum Zamkowe w Malborku, fot. Lech Oko\u0144ski\"},{\"@type\":\"BreadcrumbList\",\"@id\":\"https:\/\/nid.pl\/2023\/10\/02\/relacja-z-konferencji-naukowej-ochrona-i-konserwacja-zabytkowych-obiektow-sakralnych\/#breadcrumb\",\"itemListElement\":[{\"@type\":\"ListItem\",\"position\":1,\"name\":\"Home\",\"item\":\"https:\/\/nid.pl\/\"},{\"@type\":\"ListItem\",\"position\":2,\"name\":\"Relacja z konferencji naukowej \u201eOchrona i konserwacja zabytkowych obiekt\u00f3w sakralnych\u201d\"}]},{\"@type\":\"WebSite\",\"@id\":\"https:\/\/nid.pl\/#website\",\"url\":\"https:\/\/nid.pl\/\",\"name\":\"NID\",\"description\":\"Narodowy Instytut Dziedzictwa\",\"publisher\":{\"@id\":\"https:\/\/nid.pl\/#organization\"},\"potentialAction\":[{\"@type\":\"SearchAction\",\"target\":{\"@type\":\"EntryPoint\",\"urlTemplate\":\"https:\/\/nid.pl\/?s={search_term_string}\"},\"query-input\":{\"@type\":\"PropertyValueSpecification\",\"valueRequired\":true,\"valueName\":\"search_term_string\"}}],\"inLanguage\":\"en-GB\"},{\"@type\":\"Organization\",\"@id\":\"https:\/\/nid.pl\/#organization\",\"name\":\"Narodowy Instytut Dziedzictwa\",\"url\":\"https:\/\/nid.pl\/\",\"logo\":{\"@type\":\"ImageObject\",\"inLanguage\":\"en-GB\",\"@id\":\"https:\/\/nid.pl\/#\/schema\/logo\/image\/\",\"url\":\"https:\/\/nid.pl\/wp-content\/uploads\/2022\/10\/logoRedDark.png\",\"contentUrl\":\"https:\/\/nid.pl\/wp-content\/uploads\/2022\/10\/logoRedDark.png\",\"width\":200,\"height\":197,\"caption\":\"Narodowy Instytut Dziedzictwa\"},\"image\":{\"@id\":\"https:\/\/nid.pl\/#\/schema\/logo\/image\/\"},\"sameAs\":[\"https:\/\/www.facebook.com\/zabytek\",\"https:\/\/x.com\/NarIDpl\",\"https:\/\/www.instagram.com\/nid.pl\/?hl=pl\",\"https:\/\/www.linkedin.com\/company\/narodowy-instytut-dziedzictwa\",\"https:\/\/www.youtube.com\/channel\/UCQXuhKa2uHtmNvLRUSx40JA\"]},{\"@type\":\"Person\",\"@id\":\"https:\/\/nid.pl\/#\/schema\/person\/1b690a8998a5111cfb9f0ffe24195a15\",\"name\":\"Barbara Halliop\",\"image\":{\"@type\":\"ImageObject\",\"inLanguage\":\"en-GB\",\"@id\":\"https:\/\/nid.pl\/#\/schema\/person\/image\/\",\"url\":\"https:\/\/nid.pl\/wp-content\/litespeed\/avatar\/924046d17dd0c842c9fa9ccf489bc6dc.jpg?ver=1777444967\",\"contentUrl\":\"https:\/\/nid.pl\/wp-content\/litespeed\/avatar\/924046d17dd0c842c9fa9ccf489bc6dc.jpg?ver=1777444967\",\"caption\":\"Barbara Halliop\"},\"url\":\"https:\/\/nid.pl\/en\/author\/bhalliop\/\"}]}<\/script>\n<!-- \/ Yoast SEO plugin. -->","yoast_head_json":{"title":"Relacja z konferencji naukowej \u201eOchrona i konserwacja zabytkowych obiekt\u00f3w sakralnych\u201d - NID","robots":{"index":"index","follow":"follow","max-snippet":"max-snippet:-1","max-image-preview":"max-image-preview:large","max-video-preview":"max-video-preview:-1"},"canonical":"https:\/\/nid.pl\/en\/2023\/10\/02\/relacja-z-konferencji-naukowej-ochrona-i-konserwacja-zabytkowych-obiektow-sakralnych\/","og_locale":"en_GB","og_type":"article","og_title":"Relacja z konferencji naukowej \u201eOchrona i konserwacja zabytkowych obiekt\u00f3w sakralnych\u201d - NID","og_description":"W dniach 26-28 wrze\u015bnia 2023 r. na Zamku w Malborku odby\u0142a si\u0119 og\u00f3lnopolska konferencja naukowa \u201eOchrona i konserwacja zabytkowych obiekt\u00f3w sakralnych\u201d, kt\u00f3r\u0105 Narodowy Instytut Dziedzictwa wsp\u00f3\u0142organizowa\u0142 razem ze Stowarzyszeniem Konserwator\u00f3w [&hellip;]","og_url":"https:\/\/nid.pl\/en\/2023\/10\/02\/relacja-z-konferencji-naukowej-ochrona-i-konserwacja-zabytkowych-obiektow-sakralnych\/","og_site_name":"NID","article_publisher":"https:\/\/www.facebook.com\/zabytek","article_published_time":"2023-10-02T13:42:00+00:00","article_modified_time":"2024-01-26T08:14:59+00:00","og_image":[{"width":1850,"height":1238,"url":"https:\/\/nid.pl\/wp-content\/uploads\/2024\/01\/dr-hab.-Monika-Bogdanowska-zast.-dyr.-NID-Ochrona-i-Konserwacja-Zabytkowych-Obiektow-Sakralnych-26-28-wrzesnia-2023.jpg","type":"image\/jpeg"}],"author":"Barbara Halliop","twitter_card":"summary_large_image","twitter_creator":"@NarIDpl","twitter_site":"@NarIDpl","twitter_misc":{"Written by":"Barbara Halliop","Estimated reading time":"2 minutes"},"schema":{"@context":"https:\/\/schema.org","@graph":[{"@type":"Article","@id":"https:\/\/nid.pl\/2023\/10\/02\/relacja-z-konferencji-naukowej-ochrona-i-konserwacja-zabytkowych-obiektow-sakralnych\/#article","isPartOf":{"@id":"https:\/\/nid.pl\/2023\/10\/02\/relacja-z-konferencji-naukowej-ochrona-i-konserwacja-zabytkowych-obiektow-sakralnych\/"},"author":{"name":"Barbara Halliop","@id":"https:\/\/nid.pl\/#\/schema\/person\/1b690a8998a5111cfb9f0ffe24195a15"},"headline":"Relacja z konferencji naukowej \u201eOchrona i konserwacja zabytkowych obiekt\u00f3w sakralnych\u201d","datePublished":"2023-10-02T13:42:00+00:00","dateModified":"2024-01-26T08:14:59+00:00","mainEntityOfPage":{"@id":"https:\/\/nid.pl\/2023\/10\/02\/relacja-z-konferencji-naukowej-ochrona-i-konserwacja-zabytkowych-obiektow-sakralnych\/"},"wordCount":316,"publisher":{"@id":"https:\/\/nid.pl\/#organization"},"image":{"@id":"https:\/\/nid.pl\/2023\/10\/02\/relacja-z-konferencji-naukowej-ochrona-i-konserwacja-zabytkowych-obiektow-sakralnych\/#primaryimage"},"thumbnailUrl":"https:\/\/nid.pl\/wp-content\/uploads\/2024\/01\/dr-hab.-Monika-Bogdanowska-zast.-dyr.-NID-Ochrona-i-Konserwacja-Zabytkowych-Obiektow-Sakralnych-26-28-wrzesnia-2023.jpg","articleSection":["Aktualno\u015bci"],"inLanguage":"en-GB"},{"@type":"WebPage","@id":"https:\/\/nid.pl\/2023\/10\/02\/relacja-z-konferencji-naukowej-ochrona-i-konserwacja-zabytkowych-obiektow-sakralnych\/","url":"https:\/\/nid.pl\/2023\/10\/02\/relacja-z-konferencji-naukowej-ochrona-i-konserwacja-zabytkowych-obiektow-sakralnych\/","name":"Relacja z konferencji naukowej \u201eOchrona i konserwacja zabytkowych obiekt\u00f3w sakralnych\u201d - NID","isPartOf":{"@id":"https:\/\/nid.pl\/#website"},"primaryImageOfPage":{"@id":"https:\/\/nid.pl\/2023\/10\/02\/relacja-z-konferencji-naukowej-ochrona-i-konserwacja-zabytkowych-obiektow-sakralnych\/#primaryimage"},"image":{"@id":"https:\/\/nid.pl\/2023\/10\/02\/relacja-z-konferencji-naukowej-ochrona-i-konserwacja-zabytkowych-obiektow-sakralnych\/#primaryimage"},"thumbnailUrl":"https:\/\/nid.pl\/wp-content\/uploads\/2024\/01\/dr-hab.-Monika-Bogdanowska-zast.-dyr.-NID-Ochrona-i-Konserwacja-Zabytkowych-Obiektow-Sakralnych-26-28-wrzesnia-2023.jpg","datePublished":"2023-10-02T13:42:00+00:00","dateModified":"2024-01-26T08:14:59+00:00","breadcrumb":{"@id":"https:\/\/nid.pl\/2023\/10\/02\/relacja-z-konferencji-naukowej-ochrona-i-konserwacja-zabytkowych-obiektow-sakralnych\/#breadcrumb"},"inLanguage":"en-GB","potentialAction":[{"@type":"ReadAction","target":["https:\/\/nid.pl\/2023\/10\/02\/relacja-z-konferencji-naukowej-ochrona-i-konserwacja-zabytkowych-obiektow-sakralnych\/"]}]},{"@type":"ImageObject","inLanguage":"en-GB","@id":"https:\/\/nid.pl\/2023\/10\/02\/relacja-z-konferencji-naukowej-ochrona-i-konserwacja-zabytkowych-obiektow-sakralnych\/#primaryimage","url":"https:\/\/nid.pl\/wp-content\/uploads\/2024\/01\/dr-hab.-Monika-Bogdanowska-zast.-dyr.-NID-Ochrona-i-Konserwacja-Zabytkowych-Obiektow-Sakralnych-26-28-wrzesnia-2023.jpg","contentUrl":"https:\/\/nid.pl\/wp-content\/uploads\/2024\/01\/dr-hab.-Monika-Bogdanowska-zast.-dyr.-NID-Ochrona-i-Konserwacja-Zabytkowych-Obiektow-Sakralnych-26-28-wrzesnia-2023.jpg","width":1850,"height":1238,"caption":"dr hab. Monika Bogdanowska, zast. dyr. NID, Ochrona i Konserwacja Zabytkowych Obiekt\u00f3w Sakralnych, 26-28 wrze\u015bnia 2023, Muzeum Zamkowe w Malborku, fot. Lech Oko\u0144ski"},{"@type":"BreadcrumbList","@id":"https:\/\/nid.pl\/2023\/10\/02\/relacja-z-konferencji-naukowej-ochrona-i-konserwacja-zabytkowych-obiektow-sakralnych\/#breadcrumb","itemListElement":[{"@type":"ListItem","position":1,"name":"Home","item":"https:\/\/nid.pl\/"},{"@type":"ListItem","position":2,"name":"Relacja z konferencji naukowej \u201eOchrona i konserwacja zabytkowych obiekt\u00f3w sakralnych\u201d"}]},{"@type":"WebSite","@id":"https:\/\/nid.pl\/#website","url":"https:\/\/nid.pl\/","name":"NID","description":"Narodowy Instytut Dziedzictwa","publisher":{"@id":"https:\/\/nid.pl\/#organization"},"potentialAction":[{"@type":"SearchAction","target":{"@type":"EntryPoint","urlTemplate":"https:\/\/nid.pl\/?s={search_term_string}"},"query-input":{"@type":"PropertyValueSpecification","valueRequired":true,"valueName":"search_term_string"}}],"inLanguage":"en-GB"},{"@type":"Organization","@id":"https:\/\/nid.pl\/#organization","name":"Narodowy Instytut Dziedzictwa","url":"https:\/\/nid.pl\/","logo":{"@type":"ImageObject","inLanguage":"en-GB","@id":"https:\/\/nid.pl\/#\/schema\/logo\/image\/","url":"https:\/\/nid.pl\/wp-content\/uploads\/2022\/10\/logoRedDark.png","contentUrl":"https:\/\/nid.pl\/wp-content\/uploads\/2022\/10\/logoRedDark.png","width":200,"height":197,"caption":"Narodowy Instytut Dziedzictwa"},"image":{"@id":"https:\/\/nid.pl\/#\/schema\/logo\/image\/"},"sameAs":["https:\/\/www.facebook.com\/zabytek","https:\/\/x.com\/NarIDpl","https:\/\/www.instagram.com\/nid.pl\/?hl=pl","https:\/\/www.linkedin.com\/company\/narodowy-instytut-dziedzictwa","https:\/\/www.youtube.com\/channel\/UCQXuhKa2uHtmNvLRUSx40JA"]},{"@type":"Person","@id":"https:\/\/nid.pl\/#\/schema\/person\/1b690a8998a5111cfb9f0ffe24195a15","name":"Barbara Halliop","image":{"@type":"ImageObject","inLanguage":"en-GB","@id":"https:\/\/nid.pl\/#\/schema\/person\/image\/","url":"https:\/\/nid.pl\/wp-content\/litespeed\/avatar\/924046d17dd0c842c9fa9ccf489bc6dc.jpg?ver=1777444967","contentUrl":"https:\/\/nid.pl\/wp-content\/litespeed\/avatar\/924046d17dd0c842c9fa9ccf489bc6dc.jpg?ver=1777444967","caption":"Barbara Halliop"},"url":"https:\/\/nid.pl\/en\/author\/bhalliop\/"}]}},"_links":{"self":[{"href":"https:\/\/nid.pl\/en\/wp-json\/wp\/v2\/posts\/15977","targetHints":{"allow":["GET"]}}],"collection":[{"href":"https:\/\/nid.pl\/en\/wp-json\/wp\/v2\/posts"}],"about":[{"href":"https:\/\/nid.pl\/en\/wp-json\/wp\/v2\/types\/post"}],"author":[{"embeddable":true,"href":"https:\/\/nid.pl\/en\/wp-json\/wp\/v2\/users\/7"}],"replies":[{"embeddable":true,"href":"https:\/\/nid.pl\/en\/wp-json\/wp\/v2\/comments?post=15977"}],"version-history":[{"count":0,"href":"https:\/\/nid.pl\/en\/wp-json\/wp\/v2\/posts\/15977\/revisions"}],"wp:featuredmedia":[{"embeddable":true,"href":"https:\/\/nid.pl\/en\/wp-json\/wp\/v2\/media\/15982"}],"wp:attachment":[{"href":"https:\/\/nid.pl\/en\/wp-json\/wp\/v2\/media?parent=15977"}],"wp:term":[{"taxonomy":"category","embeddable":true,"href":"https:\/\/nid.pl\/en\/wp-json\/wp\/v2\/categories?post=15977"},{"taxonomy":"post_tag","embeddable":true,"href":"https:\/\/nid.pl\/en\/wp-json\/wp\/v2\/tags?post=15977"}],"curies":[{"name":"wp","href":"https:\/\/api.w.org\/{rel}","templated":true}]}}