{"id":15782,"date":"2023-11-29T15:21:00","date_gmt":"2023-11-29T14:21:00","guid":{"rendered":"https:\/\/nid.pl\/?p=15782"},"modified":"2024-09-16T10:47:48","modified_gmt":"2024-09-16T08:47:48","slug":"relacja-z-miedzynarodowej-konferencji-ether-eternal-heritage-wieczne-dziedzictwo","status":"publish","type":"post","link":"https:\/\/nid.pl\/en\/2023\/11\/29\/relacja-z-miedzynarodowej-konferencji-ether-eternal-heritage-wieczne-dziedzictwo\/","title":{"rendered":"Relacja z mi\u0119dzynarodowej konferencji \u201eETHER \u2013 Eternal Heritage \/ Wieczne Dziedzictwo\u201d"},"content":{"rendered":"[et_pb_section admin_label=&#8221;section&#8221;]\n\t\t\t[et_pb_row admin_label=&#8221;row&#8221;]\n\t\t\t\t[et_pb_column type=&#8221;4_4&#8243;][et_pb_text admin_label=&#8221;Text&#8221;]<!-- divi:paragraph -->\n<p><strong>9 listopada w Filmotece Narodowej \u2013 Instytucie Audiowizualnej w Warszawie odby\u0142a si\u0119 mi\u0119dzynarodowa konferencja wsp\u00f3\u0142organizowana przez Narodowy Instytut Dziedzictwa &#8211; \u201eETHER \u2013 Eternal Heritage\/Wieczne Dziedzictwo\u201d \u0142\u0105cz\u0105ca \u015brodowiska naukowc\u00f3w i tw\u00f3rc\u00f3w.<\/strong><\/p>\n<!-- \/divi:paragraph -->\n\n<!-- divi:paragraph -->\n<p>Narodowy Instytut Dziedzictwa od 14 lat realizuje powierzon\u0105 mu funkcj\u0119 <a href=\"https:\/\/nid.pl\/en\/centrum-kompetencji-ds-digitalizacji-zabytkow\/\">Centrum Kompetencji w obszarze digitalizacji zabytk\u00f3w<\/a>. Jednym z zada\u0144 Centrum jest wyznaczanie standard\u00f3w digitalizacji, ich udost\u0119pnianie oraz popularyzacja. Mi\u0119dzynarodowa konferencja ETHER\u00a0\u2013\u00a0Eternal Heritage\/Wieczne Dziedzictwo mia\u0142a na celu integracj\u0119 \u015brodowisk naukowych, archeolog\u00f3w, architekt\u00f3w, historyk\u00f3w sztuki, konserwator\u00f3w, muzealnik\u00f3w oraz szeroko rozumianych sektor\u00f3w kreatywnych oraz stworzenie fundament\u00f3w dla mi\u0119dzynarodowego systemu wsp\u00f3\u0142pracy, wymiany do\u015bwiadcze\u0144, potrzeb oraz wzajemnego wykorzystywania swoich zasob\u00f3w. \u00a0Wsp\u00f3\u0142praca ta ju\u017c teraz ma ogromne znaczenie w kontek\u015bcie wykorzystania technologii w digitalizacji zabytk\u00f3w, a wi\u0119c tak\u017ce ochrony ich substancji i mo\u017cliwo\u015bci ich upowszechniania. Potencja\u0142 drzemie r\u00f3wnie\u017c w popularyzacji dziedzictwa kulturowego za pomoc\u0105 przemys\u0142u kreatywnego, a wi\u0119c film\u00f3w, gier czy wzornictwa.<\/p>\n<!-- \/divi:paragraph -->\n\n<!-- divi:paragraph -->\n<p>Program konferencji obejmowa\u0142 trzy panele tematyczne, integruj\u0105ce wykorzystanie technologii digitalizacyjnych oraz ochron\u0119 i popularyzacj\u0119 dziedzictwa kulturowego. Pierwszy panel po\u015bwi\u0119cony by\u0142 badaniom, a wi\u0119c wsp\u00f3\u0142czesnym technologiom dokumentuj\u0105cym architektur\u0119 oraz zabytki archeologiczne. Uczestnikami tego panelu byli m.in. pracownicy Narodowego Instytutu Dziedzictwa, Ryszard Zimek zaprezentowa\u0142 projekt digitalizacji roma\u0144skich relikt\u00f3w opactwa w Czerwi\u0144sku, a prelekcja przygotowana przez dr Klar\u0119 Kantorowicz i Tomasza \u017bebrowskiego mia\u0142a na celu ukazanie jak zaskakuj\u0105ce informacje i zaginione historie mo\u017ce ujawni\u0107 cyfrowa rekonstrukcja architektury.<\/p>\n<!-- \/divi:paragraph -->\n\n<!-- divi:paragraph -->\n<p>W drugim panelu o tematyce wystawienniczej wyst\u0105pili eksperci z Polski, Holandii i Wielkiej Brytanii. S\u0142uchacze mogli pozna\u0107 od podszewki proces powstawania zdj\u0119cia \u201eStra\u017cy Nocnej\u201d Rembrandta w ultra wysokiej rozdzielczo\u015bci oraz dowiedzie\u0107 si\u0119 jak wykorzysta\u0107 zdigitalizowane zabytki do promocji muze\u00f3w, bibliotek oraz edukacji m\u0142odzie\u017cy i student\u00f3w. Ekspertami ostatniego panelu po\u015bwi\u0119conego dzia\u0142aniom tw\u00f3rczym byli przedstawiciele sektor\u00f3w kreatywnych, rozwa\u017caj\u0105cy dziedzictwo kulturowe jako \u017ar\u00f3d\u0142o inspiracji w popkulturze, produkcji filmowej i projektach komercyjnych.<\/p>\n<!-- \/divi:paragraph -->\n\n<!-- divi:paragraph -->\n<p>Konferencja zako\u0144czy\u0142a si\u0119 panelem dyskusyjnym. Debat\u0119 na temat \u201eDziedzictwo kulturowe, niewykorzystany potencja\u0142?\u201d oraz rozmow\u0119 o zwi\u0105zkach pomi\u0119dzy dokumentacj\u0105 i kreacj\u0105 poprowadzili dr hab. Katarzyna Zalasi\u0144ska, dyrektor Narodowego Instytutu Dziedzictwa razem z Karolem Czajkowskim, ekspertem z Centrum Kompetencji ds. Digitalizacji Zabytk\u00f3w w Narodowym Instytucie Dziedzictwa.<\/p>\n<!-- \/divi:paragraph -->\n\n<!-- divi:paragraph -->\n<p><a href=\"https:\/\/nid.pl\/wp-content\/uploads\/2023\/11\/ETHER23-Program.pdf\">Program konferencji<\/a><\/p>\n<!-- \/divi:paragraph -->\n\n<!-- divi:paragraph -->\n<p>Transmisja online z konferencji dost\u0119pna jest na kanale You Tube <a href=\"https:\/\/www.youtube.com\/playlist?list=PL9WzZUVLsKgMxwt3tmOMPFjYwTUMFwGA3\">TV NID<\/a>. <\/p>\n<!-- \/divi:paragraph -->\n\n<!-- divi:embed {\"url\":\"https:\/\/www.youtube.com\/watch?v=B4a6DCA2aRg\\u0026feature=youtu.be\",\"type\":\"video\",\"providerNameSlug\":\"youtube\",\"responsive\":true,\"className\":\"wp-embed-aspect-16-9 wp-has-aspect-ratio\"} -->\n<figure class=\"wp-block-embed is-type-video is-provider-youtube wp-block-embed-youtube wp-embed-aspect-16-9 wp-has-aspect-ratio\"><div class=\"wp-block-embed__wrapper\">\n<iframe loading=\"lazy\" title=\"Mi\u0119dzynarodowa konferencja Eternal Heritage \u2013 ETHER \u2013 Wieczne Dziedzictwo\" width=\"1080\" height=\"608\" src=\"https:\/\/www.youtube.com\/embed\/B4a6DCA2aRg?feature=oembed\"  allow=\"accelerometer; autoplay; clipboard-write; encrypted-media; gyroscope; picture-in-picture; web-share\" referrerpolicy=\"strict-origin-when-cross-origin\" allowfullscreen><\/iframe>\n<\/div><\/figure>\n<!-- \/divi:embed -->\n\n<!-- divi:paragraph -->\n<p><\/p>\n<!-- \/divi:paragraph -->\n\n<!-- divi:paragraph -->\n<p>Organizatorem wydarzenia\u00a0by\u0142\u00a0Narodowy Instytut Dziedzictwa,\u00a0przy wsp\u00f3\u0142pracy\u00a0Filmoteki Narodowej \u2013 Instytutu Audiowizualnego, Centrum Rozwoju Przemys\u0142\u00f3w Kreatywnych oraz Instytutu Wzornictwa Przemys\u0142owego.<\/p>\n<!-- \/divi:paragraph -->\n\n<!-- divi:paragraph -->\n<p>Organizacja mi\u0119dzynarodowej konferencji ETHER \u2013 Eternal Heritage\/Wieczne Dziedzictwo zosta\u0142a dofinansowana ze \u015brodk\u00f3w Ministerstwa Kultury i Dziedzictwa Narodowego, w ramach realizacji zadania \u201eCentrum kompetencji do spraw digitalizacji zabytk\u00f3w Narodowego Instytutu Dziedzictwa\u201d.<\/p>\n<!-- \/divi:paragraph -->\n\n<!-- divi:paragraph -->\n<p><\/p>\n<!-- \/divi:paragraph -->\n\n<!-- divi:image {\"align\":\"center\",\"id\":15792,\"width\":\"737px\",\"height\":\"auto\",\"sizeSlug\":\"large\",\"linkDestination\":\"none\"} -->\n<figure class=\"wp-block-image aligncenter size-large is-resized\"><img loading=\"lazy\" decoding=\"async\" width=\"1024\" height=\"683\" src=\"https:\/\/nid.pl\/wp-content\/uploads\/2024\/01\/kreatyw-media_206-1024x683.jpg\" alt=\"\" class=\"wp-image-15792\" style=\"width:737px;height:auto\" srcset=\"https:\/\/nid.pl\/wp-content\/uploads\/2024\/01\/kreatyw-media_206-980x653.jpg 980w, https:\/\/nid.pl\/wp-content\/uploads\/2024\/01\/kreatyw-media_206-480x320.jpg 480w\" sizes=\"(min-width: 0px) and (max-width: 480px) 480px, (min-width: 481px) and (max-width: 980px) 980px, (min-width: 981px) 1024px, 100vw\" \/><figcaption class=\"wp-element-caption\">Mi\u0119dzynarodowa konferencja \u201eETHER \u2013 Eternal Heritage\/Wieczne Dziedzictwo\u201d, fot. NID<\/figcaption><\/figure>\n<!-- \/divi:image -->\n\n<!-- divi:image {\"align\":\"center\",\"id\":15800,\"width\":\"739px\",\"height\":\"auto\",\"sizeSlug\":\"large\",\"linkDestination\":\"none\"} -->\n<figure class=\"wp-block-image aligncenter size-large is-resized\"><img loading=\"lazy\" decoding=\"async\" width=\"1024\" height=\"683\" src=\"https:\/\/nid.pl\/wp-content\/uploads\/2024\/01\/kreatyw-media_059-1024x683.jpg\" alt=\"\" class=\"wp-image-15800\" style=\"width:739px;height:auto\" srcset=\"https:\/\/nid.pl\/wp-content\/uploads\/2024\/01\/kreatyw-media_059-980x653.jpg 980w, https:\/\/nid.pl\/wp-content\/uploads\/2024\/01\/kreatyw-media_059-480x320.jpg 480w\" sizes=\"(min-width: 0px) and (max-width: 480px) 480px, (min-width: 481px) and (max-width: 980px) 980px, (min-width: 981px) 1024px, 100vw\" \/><figcaption class=\"wp-element-caption\">dr hab. Katarzyna Zalasi\u0144ska, dyrektor Narodowego Instytutu Dziedzictwa, Mi\u0119dzynarodowa konferencja \u201eETHER \u2013 Eternal Heritage\/Wieczne Dziedzictwo\u201d, fot. NID<\/figcaption><\/figure>\n<!-- \/divi:image -->\n\n<!-- divi:image {\"align\":\"center\",\"id\":15784,\"width\":\"741px\",\"height\":\"auto\",\"sizeSlug\":\"large\",\"linkDestination\":\"none\"} -->\n<figure class=\"wp-block-image aligncenter size-large is-resized\"><img loading=\"lazy\" decoding=\"async\" width=\"1024\" height=\"683\" src=\"https:\/\/nid.pl\/wp-content\/uploads\/2024\/01\/kreatyw-media_042-1024x683.jpg\" alt=\"\" class=\"wp-image-15784\" style=\"width:741px;height:auto\" srcset=\"https:\/\/nid.pl\/wp-content\/uploads\/2024\/01\/kreatyw-media_042-980x653.jpg 980w, https:\/\/nid.pl\/wp-content\/uploads\/2024\/01\/kreatyw-media_042-480x320.jpg 480w\" sizes=\"(min-width: 0px) and (max-width: 480px) 480px, (min-width: 481px) and (max-width: 980px) 980px, (min-width: 981px) 1024px, 100vw\" \/><figcaption class=\"wp-element-caption\">Mi\u0119dzynarodowa konferencja \u201eETHER \u2013 Eternal Heritage\/Wieczne Dziedzictwo\u201d, fot. NID<\/figcaption><\/figure>\n<!-- \/divi:image -->\n\n<!-- divi:image {\"align\":\"center\",\"id\":15785,\"width\":\"745px\",\"height\":\"auto\",\"sizeSlug\":\"large\",\"linkDestination\":\"none\"} -->\n<figure class=\"wp-block-image aligncenter size-large is-resized\"><img loading=\"lazy\" decoding=\"async\" width=\"1024\" height=\"683\" src=\"https:\/\/nid.pl\/wp-content\/uploads\/2024\/01\/kreatyw-media_053-1024x683.jpg\" alt=\"\" class=\"wp-image-15785\" style=\"width:745px;height:auto\" srcset=\"https:\/\/nid.pl\/wp-content\/uploads\/2024\/01\/kreatyw-media_053-980x653.jpg 980w, https:\/\/nid.pl\/wp-content\/uploads\/2024\/01\/kreatyw-media_053-480x320.jpg 480w\" sizes=\"(min-width: 0px) and (max-width: 480px) 480px, (min-width: 481px) and (max-width: 980px) 980px, (min-width: 981px) 1024px, 100vw\" \/><figcaption class=\"wp-element-caption\">Jaros\u0142aw Czuba, Dyrektor Generalny w Ministerstwie Kultury i Dziedzictwa Narodowego, Mi\u0119dzynarodowa konferencja \u201eETHER \u2013 Eternal Heritage\/Wieczne Dziedzictwo\u201d, fot. NID<\/figcaption><\/figure>\n<!-- \/divi:image -->\n\n<!-- divi:image {\"align\":\"center\",\"id\":15786,\"width\":\"749px\",\"height\":\"auto\",\"sizeSlug\":\"large\",\"linkDestination\":\"none\"} -->\n<figure class=\"wp-block-image aligncenter size-large is-resized\"><img loading=\"lazy\" decoding=\"async\" width=\"1024\" height=\"683\" src=\"https:\/\/nid.pl\/wp-content\/uploads\/2024\/01\/kreatyw-media_074-1024x683.jpg\" alt=\"\" class=\"wp-image-15786\" style=\"width:749px;height:auto\" srcset=\"https:\/\/nid.pl\/wp-content\/uploads\/2024\/01\/kreatyw-media_074-980x653.jpg 980w, https:\/\/nid.pl\/wp-content\/uploads\/2024\/01\/kreatyw-media_074-480x320.jpg 480w\" sizes=\"(min-width: 0px) and (max-width: 480px) 480px, (min-width: 481px) and (max-width: 980px) 980px, (min-width: 981px) 1024px, 100vw\" \/><figcaption class=\"wp-element-caption\">Anna \u015amigielska, Narodowy Instytut Dziedzictwa, Mi\u0119dzynarodowa konferencja \u201eETHER \u2013 Eternal Heritage\/Wieczne Dziedzictwo\u201d, fot. NID<\/figcaption><\/figure>\n<!-- \/divi:image -->\n\n<!-- divi:image {\"align\":\"center\",\"id\":15787,\"width\":\"751px\",\"height\":\"auto\",\"sizeSlug\":\"large\",\"linkDestination\":\"none\"} -->\n<figure class=\"wp-block-image aligncenter size-large is-resized\"><img loading=\"lazy\" decoding=\"async\" width=\"1024\" height=\"683\" src=\"https:\/\/nid.pl\/wp-content\/uploads\/2024\/01\/kreatyw-media_082-1024x683.jpg\" alt=\"\" class=\"wp-image-15787\" style=\"width:751px;height:auto\" srcset=\"https:\/\/nid.pl\/wp-content\/uploads\/2024\/01\/kreatyw-media_082-980x653.jpg 980w, https:\/\/nid.pl\/wp-content\/uploads\/2024\/01\/kreatyw-media_082-480x320.jpg 480w\" sizes=\"(min-width: 0px) and (max-width: 480px) 480px, (min-width: 481px) and (max-width: 980px) 980px, (min-width: 981px) 1024px, 100vw\" \/><figcaption class=\"wp-element-caption\">Karol Czajkowski, Narodowy Instytut Dziedzictwa, Mi\u0119dzynarodowa konferencja \u201eETHER \u2013 Eternal Heritage\/Wieczne Dziedzictwo\u201d, fot. NID<\/figcaption><\/figure>\n<!-- \/divi:image -->\n\n<!-- divi:image {\"align\":\"center\",\"id\":15790,\"width\":\"753px\",\"height\":\"auto\",\"sizeSlug\":\"large\",\"linkDestination\":\"none\"} -->\n<figure class=\"wp-block-image aligncenter size-large is-resized\"><img loading=\"lazy\" decoding=\"async\" width=\"1024\" height=\"683\" src=\"https:\/\/nid.pl\/wp-content\/uploads\/2024\/01\/kreatyw-media_183-1024x683.jpg\" alt=\"\" class=\"wp-image-15790\" style=\"width:753px;height:auto\" srcset=\"https:\/\/nid.pl\/wp-content\/uploads\/2024\/01\/kreatyw-media_183-980x653.jpg 980w, https:\/\/nid.pl\/wp-content\/uploads\/2024\/01\/kreatyw-media_183-480x320.jpg 480w\" sizes=\"(min-width: 0px) and (max-width: 480px) 480px, (min-width: 481px) and (max-width: 980px) 980px, (min-width: 981px) 1024px, 100vw\" \/><figcaption class=\"wp-element-caption\">prof. Robert Erdmann, Rjiksmuseum Amsterdam, Mi\u0119dzynarodowa konferencja \u201eETHER \u2013 Eternal Heritage\/Wieczne Dziedzictwo\u201d, fot. NID<\/figcaption><\/figure>\n<!-- \/divi:image -->\n\n<!-- divi:image {\"align\":\"center\",\"id\":15791,\"width\":\"757px\",\"height\":\"auto\",\"sizeSlug\":\"large\",\"linkDestination\":\"none\"} -->\n<figure class=\"wp-block-image aligncenter size-large is-resized\"><img loading=\"lazy\" decoding=\"async\" width=\"1024\" height=\"683\" src=\"https:\/\/nid.pl\/wp-content\/uploads\/2024\/01\/kreatyw-media_191-1024x683.jpg\" alt=\"\" class=\"wp-image-15791\" style=\"width:757px;height:auto\" srcset=\"https:\/\/nid.pl\/wp-content\/uploads\/2024\/01\/kreatyw-media_191-980x653.jpg 980w, https:\/\/nid.pl\/wp-content\/uploads\/2024\/01\/kreatyw-media_191-480x320.jpg 480w\" sizes=\"(min-width: 0px) and (max-width: 480px) 480px, (min-width: 481px) and (max-width: 980px) 980px, (min-width: 981px) 1024px, 100vw\" \/><figcaption class=\"wp-element-caption\">Eryk Busch, Muzeum Pa\u0142acu Kr\u00f3la Jana III w Wilanowie, Mi\u0119dzynarodowa konferencja \u201eETHER \u2013 Eternal Heritage\/Wieczne Dziedzictwo\u201d, fot. NID<\/figcaption><\/figure>\n<!-- \/divi:image -->\n\n<!-- divi:image {\"align\":\"center\",\"id\":15793,\"width\":\"761px\",\"height\":\"auto\",\"sizeSlug\":\"large\",\"linkDestination\":\"none\"} -->\n<figure class=\"wp-block-image aligncenter size-large is-resized\"><img loading=\"lazy\" decoding=\"async\" width=\"1024\" height=\"683\" src=\"https:\/\/nid.pl\/wp-content\/uploads\/2024\/01\/kreatyw-media_228-1024x683.jpg\" alt=\"\" class=\"wp-image-15793\" style=\"width:761px;height:auto\" srcset=\"https:\/\/nid.pl\/wp-content\/uploads\/2024\/01\/kreatyw-media_228-980x653.jpg 980w, https:\/\/nid.pl\/wp-content\/uploads\/2024\/01\/kreatyw-media_228-480x320.jpg 480w\" sizes=\"(min-width: 0px) and (max-width: 480px) 480px, (min-width: 481px) and (max-width: 980px) 980px, (min-width: 981px) 1024px, 100vw\" \/><figcaption class=\"wp-element-caption\">Dominik Cieszkowski, Biblioteka Narodowa, Mi\u0119dzynarodowa konferencja \u201eETHER \u2013 Eternal Heritage\/Wieczne Dziedzictwo\u201d, fot. NID<\/figcaption><\/figure>\n<!-- \/divi:image -->\n\n<!-- divi:image {\"align\":\"center\",\"id\":15794,\"width\":\"759px\",\"height\":\"auto\",\"sizeSlug\":\"large\",\"linkDestination\":\"none\"} -->\n<figure class=\"wp-block-image aligncenter size-large is-resized\"><img loading=\"lazy\" decoding=\"async\" width=\"1024\" height=\"683\" src=\"https:\/\/nid.pl\/wp-content\/uploads\/2024\/01\/kreatyw-media_239-1024x683.jpg\" alt=\"\" class=\"wp-image-15794\" style=\"width:759px;height:auto\" srcset=\"https:\/\/nid.pl\/wp-content\/uploads\/2024\/01\/kreatyw-media_239-980x653.jpg 980w, https:\/\/nid.pl\/wp-content\/uploads\/2024\/01\/kreatyw-media_239-480x320.jpg 480w\" sizes=\"(min-width: 0px) and (max-width: 480px) 480px, (min-width: 481px) and (max-width: 980px) 980px, (min-width: 981px) 1024px, 100vw\" \/><figcaption class=\"wp-element-caption\">Becca Sturges, Saintsburry Centre, Mi\u0119dzynarodowa konferencja \u201eETHER \u2013 Eternal Heritage\/Wieczne Dziedzictwo\u201d, fot. NID<\/figcaption><\/figure>\n<!-- \/divi:image -->\n\n<!-- divi:image {\"align\":\"center\",\"id\":15795,\"width\":\"763px\",\"height\":\"auto\",\"sizeSlug\":\"large\",\"linkDestination\":\"none\"} -->\n<figure class=\"wp-block-image aligncenter size-large is-resized\"><img loading=\"lazy\" decoding=\"async\" width=\"1024\" height=\"683\" src=\"https:\/\/nid.pl\/wp-content\/uploads\/2024\/01\/kreatyw-media_263-1024x683.jpg\" alt=\"\" class=\"wp-image-15795\" style=\"width:763px;height:auto\" srcset=\"https:\/\/nid.pl\/wp-content\/uploads\/2024\/01\/kreatyw-media_263-980x653.jpg 980w, https:\/\/nid.pl\/wp-content\/uploads\/2024\/01\/kreatyw-media_263-480x320.jpg 480w\" sizes=\"(min-width: 0px) and (max-width: 480px) 480px, (min-width: 481px) and (max-width: 980px) 980px, (min-width: 981px) 1024px, 100vw\" \/><figcaption class=\"wp-element-caption\">Grzegorz Krynicki, Filmoteka Narodowa &#8211; Instytut Audiowizualny, Mi\u0119dzynarodowa konferencja \u201eETHER \u2013 Eternal Heritage\/Wieczne Dziedzictwo\u201d, fot. NID<\/figcaption><\/figure>\n<!-- \/divi:image -->\n\n<!-- divi:image {\"align\":\"center\",\"id\":15796,\"width\":\"769px\",\"height\":\"auto\",\"sizeSlug\":\"large\",\"linkDestination\":\"none\"} -->\n<figure class=\"wp-block-image aligncenter size-large is-resized\"><img loading=\"lazy\" decoding=\"async\" width=\"1024\" height=\"683\" src=\"https:\/\/nid.pl\/wp-content\/uploads\/2024\/01\/kreatyw-media_276-1024x683.jpg\" alt=\"\" class=\"wp-image-15796\" style=\"width:769px;height:auto\" srcset=\"https:\/\/nid.pl\/wp-content\/uploads\/2024\/01\/kreatyw-media_276-980x653.jpg 980w, https:\/\/nid.pl\/wp-content\/uploads\/2024\/01\/kreatyw-media_276-480x320.jpg 480w\" sizes=\"(min-width: 0px) and (max-width: 480px) 480px, (min-width: 481px) and (max-width: 980px) 980px, (min-width: 981px) 1024px, 100vw\" \/><figcaption class=\"wp-element-caption\">Mateusz Kozak, MagicLab, Mi\u0119dzynarodowa konferencja \u201eETHER \u2013 Eternal Heritage\/Wieczne Dziedzictwo\u201d, fot. NID<\/figcaption><\/figure>\n<!-- \/divi:image -->\n\n<!-- divi:image {\"align\":\"center\",\"id\":15797,\"width\":\"763px\",\"height\":\"auto\",\"sizeSlug\":\"large\",\"linkDestination\":\"none\"} -->\n<figure class=\"wp-block-image aligncenter size-large is-resized\"><img loading=\"lazy\" decoding=\"async\" width=\"1024\" height=\"683\" src=\"https:\/\/nid.pl\/wp-content\/uploads\/2024\/01\/kreatyw-media_283-1024x683.jpg\" alt=\"\" class=\"wp-image-15797\" style=\"width:763px;height:auto\" srcset=\"https:\/\/nid.pl\/wp-content\/uploads\/2024\/01\/kreatyw-media_283-980x653.jpg 980w, https:\/\/nid.pl\/wp-content\/uploads\/2024\/01\/kreatyw-media_283-480x320.jpg 480w\" sizes=\"(min-width: 0px) and (max-width: 480px) 480px, (min-width: 481px) and (max-width: 980px) 980px, (min-width: 981px) 1024px, 100vw\" \/><figcaption class=\"wp-element-caption\">Artur Paprocki, Veles Productions, Mi\u0119dzynarodowa konferencja \u201eETHER \u2013 Eternal Heritage\/Wieczne Dziedzictwo\u201d, fot. NID<\/figcaption><\/figure>\n<!-- \/divi:image -->\n\n<!-- divi:image {\"align\":\"center\",\"id\":15798,\"width\":\"765px\",\"height\":\"auto\",\"sizeSlug\":\"large\",\"linkDestination\":\"none\"} -->\n<figure class=\"wp-block-image aligncenter size-large is-resized\"><img loading=\"lazy\" decoding=\"async\" width=\"1024\" height=\"683\" src=\"https:\/\/nid.pl\/wp-content\/uploads\/2024\/01\/kreatyw-media_292-1024x683.jpg\" alt=\"\" class=\"wp-image-15798\" style=\"width:765px;height:auto\" srcset=\"https:\/\/nid.pl\/wp-content\/uploads\/2024\/01\/kreatyw-media_292-980x653.jpg 980w, https:\/\/nid.pl\/wp-content\/uploads\/2024\/01\/kreatyw-media_292-480x320.jpg 480w\" sizes=\"(min-width: 0px) and (max-width: 480px) 480px, (min-width: 481px) and (max-width: 980px) 980px, (min-width: 981px) 1024px, 100vw\" \/><figcaption class=\"wp-element-caption\">Martynian Rozwadowski, Veles Producions, Mi\u0119dzynarodowa konferencja \u201eETHER \u2013 Eternal Heritage\/Wieczne Dziedzictwo\u201d, fot. NID<\/figcaption><\/figure>\n<!-- \/divi:image -->\n\n<!-- divi:image {\"align\":\"center\",\"id\":15789,\"width\":\"765px\",\"height\":\"auto\",\"sizeSlug\":\"large\",\"linkDestination\":\"none\"} -->\n<figure class=\"wp-block-image aligncenter size-large is-resized\"><img loading=\"lazy\" decoding=\"async\" width=\"1024\" height=\"683\" src=\"https:\/\/nid.pl\/wp-content\/uploads\/2024\/01\/kreatyw-media_159-1024x683.jpg\" alt=\"\" class=\"wp-image-15789\" style=\"width:765px;height:auto\" srcset=\"https:\/\/nid.pl\/wp-content\/uploads\/2024\/01\/kreatyw-media_159-980x653.jpg 980w, https:\/\/nid.pl\/wp-content\/uploads\/2024\/01\/kreatyw-media_159-480x320.jpg 480w\" sizes=\"(min-width: 0px) and (max-width: 480px) 480px, (min-width: 481px) and (max-width: 980px) 980px, (min-width: 981px) 1024px, 100vw\" \/><figcaption class=\"wp-element-caption\">Mi\u0119dzynarodowa konferencja \u201eETHER \u2013 Eternal Heritage\/Wieczne Dziedzictwo\u201d, fot. NID<\/figcaption><\/figure>\n<!-- \/divi:image -->\n\n<!-- divi:image {\"align\":\"center\",\"id\":15799,\"width\":\"765px\",\"height\":\"auto\",\"sizeSlug\":\"large\",\"linkDestination\":\"none\"} -->\n<figure class=\"wp-block-image aligncenter size-large is-resized\"><img loading=\"lazy\" decoding=\"async\" width=\"1024\" height=\"683\" src=\"https:\/\/nid.pl\/wp-content\/uploads\/2024\/01\/kreatyw-media_297-1024x683.jpg\" alt=\"\" class=\"wp-image-15799\" style=\"width:765px;height:auto\" srcset=\"https:\/\/nid.pl\/wp-content\/uploads\/2024\/01\/kreatyw-media_297-980x653.jpg 980w, https:\/\/nid.pl\/wp-content\/uploads\/2024\/01\/kreatyw-media_297-480x320.jpg 480w\" sizes=\"(min-width: 0px) and (max-width: 480px) 480px, (min-width: 481px) and (max-width: 980px) 980px, (min-width: 981px) 1024px, 100vw\" \/><figcaption class=\"wp-element-caption\">Mi\u0119dzynarodowa konferencja \u201eETHER \u2013 Eternal Heritage\/Wieczne Dziedzictwo\u201d, fot. NID<\/figcaption><\/figure>\n<!-- \/divi:image -->\n\n<!-- divi:image {\"align\":\"center\",\"id\":15788,\"width\":\"765px\",\"height\":\"auto\",\"sizeSlug\":\"large\",\"linkDestination\":\"none\"} -->\n<figure class=\"wp-block-image aligncenter size-large is-resized\"><img loading=\"lazy\" decoding=\"async\" width=\"1024\" height=\"683\" src=\"https:\/\/nid.pl\/wp-content\/uploads\/2024\/01\/kreatyw-media_146-1024x683.jpg\" alt=\"\" class=\"wp-image-15788\" style=\"width:765px;height:auto\" srcset=\"https:\/\/nid.pl\/wp-content\/uploads\/2024\/01\/kreatyw-media_146-980x653.jpg 980w, https:\/\/nid.pl\/wp-content\/uploads\/2024\/01\/kreatyw-media_146-480x320.jpg 480w\" sizes=\"(min-width: 0px) and (max-width: 480px) 480px, (min-width: 481px) and (max-width: 980px) 980px, (min-width: 981px) 1024px, 100vw\" \/><figcaption class=\"wp-element-caption\">Uczestnicy Mi\u0119dzynarodowej konferencji \u201eETHER \u2013 Eternal Heritage\/Wieczne Dziedzictwo\u201d, fot. NID<\/figcaption><\/figure>\n<!-- \/divi:image -->\n\n<!-- divi:paragraph -->\n<p><\/p>\n<!-- \/divi:paragraph -->[\/et_pb_text][\/et_pb_column]\n\t\t\t[\/et_pb_row]\n\t\t[\/et_pb_section]","protected":false},"excerpt":{"rendered":"<p>9 listopada w Filmotece Narodowej \u2013 Instytucie Audiowizualnej w Warszawie odby\u0142a si\u0119 mi\u0119dzynarodowa konferencja wsp\u00f3\u0142organizowana przez Narodowy Instytut Dziedzictwa &#8211; \u201eETHER \u2013 Eternal Heritage\/Wieczne Dziedzictwo\u201d \u0142\u0105cz\u0105ca \u015brodowiska naukowc\u00f3w i tw\u00f3rc\u00f3w. [&hellip;]<\/p>","protected":false},"author":7,"featured_media":15801,"comment_status":"closed","ping_status":"closed","sticky":false,"template":"","format":"standard","meta":{"_et_pb_use_builder":"on","_et_pb_old_content":"<!-- wp:paragraph -->\n<p><strong>9 listopada w Filmotece Narodowej \u2013 Instytucie Audiowizualnej w Warszawie odby\u0142a si\u0119 mi\u0119dzynarodowa konferencja wsp\u00f3\u0142organizowana przez Narodowy Instytut Dziedzictwa - \u201eETHER \u2013 Eternal Heritage\/Wieczne Dziedzictwo\u201d \u0142\u0105cz\u0105ca \u015brodowiska naukowc\u00f3w i tw\u00f3rc\u00f3w.<\/strong><\/p>\n<!-- \/wp:paragraph -->\n\n<!-- wp:paragraph -->\n<p>Narodowy Instytut Dziedzictwa od 14 lat realizuje powierzon\u0105 mu funkcj\u0119 <a href=\"https:\/\/nid.pl\/centrum-kompetencji-ds-digitalizacji-zabytkow\/\">Centrum Kompetencji w obszarze digitalizacji zabytk\u00f3w<\/a>. Jednym z zada\u0144 Centrum jest wyznaczanie standard\u00f3w digitalizacji, ich udost\u0119pnianie oraz popularyzacja. Mi\u0119dzynarodowa konferencja ETHER\u00a0\u2013\u00a0Eternal Heritage\/Wieczne Dziedzictwo mia\u0142a na celu integracj\u0119 \u015brodowisk naukowych, archeolog\u00f3w, architekt\u00f3w, historyk\u00f3w sztuki, konserwator\u00f3w, muzealnik\u00f3w oraz szeroko rozumianych sektor\u00f3w kreatywnych oraz stworzenie fundament\u00f3w dla mi\u0119dzynarodowego systemu wsp\u00f3\u0142pracy, wymiany do\u015bwiadcze\u0144, potrzeb oraz wzajemnego wykorzystywania swoich zasob\u00f3w. \u00a0Wsp\u00f3\u0142praca ta ju\u017c teraz ma ogromne znaczenie w kontek\u015bcie wykorzystania technologii w digitalizacji zabytk\u00f3w, a wi\u0119c tak\u017ce ochrony ich substancji i mo\u017cliwo\u015bci ich upowszechniania. Potencja\u0142 drzemie r\u00f3wnie\u017c w popularyzacji dziedzictwa kulturowego za pomoc\u0105 przemys\u0142u kreatywnego, a wi\u0119c film\u00f3w, gier czy wzornictwa.<\/p>\n<!-- \/wp:paragraph -->\n\n<!-- wp:paragraph -->\n<p>Program konferencji obejmowa\u0142 trzy panele tematyczne, integruj\u0105ce wykorzystanie technologii digitalizacyjnych oraz ochron\u0119 i popularyzacj\u0119 dziedzictwa kulturowego. Pierwszy panel po\u015bwi\u0119cony by\u0142 badaniom, a wi\u0119c wsp\u00f3\u0142czesnym technologiom dokumentuj\u0105cym architektur\u0119 oraz zabytki archeologiczne. Uczestnikami tego panelu byli m.in. pracownicy Narodowego Instytutu Dziedzictwa, Ryszard Zimek zaprezentowa\u0142 projekt digitalizacji roma\u0144skich relikt\u00f3w opactwa w Czerwi\u0144sku, a prelekcja przygotowana przez dr Klar\u0119 Kantorowicz i Tomasza \u017bebrowskiego mia\u0142a na celu ukazanie jak zaskakuj\u0105ce informacje i zaginione historie mo\u017ce ujawni\u0107 cyfrowa rekonstrukcja architektury.<\/p>\n<!-- \/wp:paragraph -->\n\n<!-- wp:paragraph -->\n<p>W drugim panelu o tematyce wystawienniczej wyst\u0105pili eksperci z Polski, Holandii i Wielkiej Brytanii. S\u0142uchacze mogli pozna\u0107 od podszewki proces powstawania zdj\u0119cia \u201eStra\u017cy Nocnej\u201d Rembrandta w ultra wysokiej rozdzielczo\u015bci oraz dowiedzie\u0107 si\u0119 jak wykorzysta\u0107 zdigitalizowane zabytki do promocji muze\u00f3w, bibliotek oraz edukacji m\u0142odzie\u017cy i student\u00f3w. Ekspertami ostatniego panelu po\u015bwi\u0119conego dzia\u0142aniom tw\u00f3rczym byli przedstawiciele sektor\u00f3w kreatywnych, rozwa\u017caj\u0105cy dziedzictwo kulturowe jako \u017ar\u00f3d\u0142o inspiracji w popkulturze, produkcji filmowej i projektach komercyjnych.<\/p>\n<!-- \/wp:paragraph -->\n\n<!-- wp:paragraph -->\n<p>Konferencja zako\u0144czy\u0142a si\u0119 panelem dyskusyjnym. Debat\u0119 na temat \u201eDziedzictwo kulturowe, niewykorzystany potencja\u0142?\u201d oraz rozmow\u0119 o zwi\u0105zkach pomi\u0119dzy dokumentacj\u0105 i kreacj\u0105 poprowadzili dr hab. Katarzyna Zalasi\u0144ska, dyrektor Narodowego Instytutu Dziedzictwa razem z Karolem Czajkowskim, ekspertem z Centrum Kompetencji ds. Digitalizacji Zabytk\u00f3w w Narodowym Instytucie Dziedzictwa.<\/p>\n<!-- \/wp:paragraph -->\n\n<!-- wp:paragraph -->\n<p><a href=\"https:\/\/nid.pl\/wp-content\/uploads\/2023\/11\/ETHER23-Program.pdf\">Program konferencji<\/a><\/p>\n<!-- \/wp:paragraph -->\n\n<!-- wp:paragraph -->\n<p>Transmisja online z konferencji dost\u0119pna jest na kanale You Tube <a href=\"https:\/\/www.youtube.com\/playlist?list=PL9WzZUVLsKgMxwt3tmOMPFjYwTUMFwGA3\">TV NID<\/a>. <\/p>\n<!-- \/wp:paragraph -->\n\n<!-- wp:embed {\"url\":\"https:\/\/www.youtube.com\/watch?v=B4a6DCA2aRgu0026feature=youtu.be\",\"type\":\"video\",\"providerNameSlug\":\"youtube\",\"responsive\":true,\"className\":\"wp-embed-aspect-16-9 wp-has-aspect-ratio\"} -->\n<figure class=\"wp-block-embed is-type-video is-provider-youtube wp-block-embed-youtube wp-embed-aspect-16-9 wp-has-aspect-ratio\"><div class=\"wp-block-embed__wrapper\">\nhttps:\/\/www.youtube.com\/watch?v=B4a6DCA2aRg&amp;feature=youtu.be\n<\/div><\/figure>\n<!-- \/wp:embed -->\n\n<!-- wp:paragraph -->\n<p><\/p>\n<!-- \/wp:paragraph -->\n\n<!-- wp:paragraph -->\n<p>Organizatorem wydarzenia\u00a0by\u0142\u00a0Narodowy Instytut Dziedzictwa,\u00a0przy wsp\u00f3\u0142pracy\u00a0Filmoteki Narodowej \u2013 Instytutu Audiowizualnego, Centrum Rozwoju Przemys\u0142\u00f3w Kreatywnych oraz Instytutu Wzornictwa Przemys\u0142owego.<\/p>\n<!-- \/wp:paragraph -->\n\n<!-- wp:paragraph -->\n<p>Organizacja mi\u0119dzynarodowej konferencji ETHER \u2013 Eternal Heritage\/Wieczne Dziedzictwo zosta\u0142a dofinansowana ze \u015brodk\u00f3w Ministerstwa Kultury i Dziedzictwa Narodowego, w ramach realizacji zadania \u201eCentrum kompetencji do spraw digitalizacji zabytk\u00f3w Narodowego Instytutu Dziedzictwa\u201d.<\/p>\n<!-- \/wp:paragraph -->\n\n<!-- wp:paragraph -->\n<p><\/p>\n<!-- \/wp:paragraph -->\n\n<!-- wp:image {\"align\":\"center\",\"id\":15792,\"width\":\"737px\",\"height\":\"auto\",\"sizeSlug\":\"large\",\"linkDestination\":\"none\"} -->\n<figure class=\"wp-block-image aligncenter size-large is-resized\"><img src=\"https:\/\/nid.pl\/wp-content\/uploads\/2024\/01\/kreatyw-media_206-1024x683.jpg\" alt=\"\" class=\"wp-image-15792\" style=\"width:737px;height:auto\"\/><figcaption class=\"wp-element-caption\">Mi\u0119dzynarodowa konferencja \u201eETHER \u2013 Eternal Heritage\/Wieczne Dziedzictwo\u201d, fot. NID<\/figcaption><\/figure>\n<!-- \/wp:image -->\n\n<!-- wp:image {\"align\":\"center\",\"id\":15800,\"width\":\"739px\",\"height\":\"auto\",\"sizeSlug\":\"large\",\"linkDestination\":\"none\"} -->\n<figure class=\"wp-block-image aligncenter size-large is-resized\"><img src=\"https:\/\/nid.pl\/wp-content\/uploads\/2024\/01\/kreatyw-media_059-1024x683.jpg\" alt=\"\" class=\"wp-image-15800\" style=\"width:739px;height:auto\"\/><figcaption class=\"wp-element-caption\">dr hab. Katarzyna Zalasi\u0144ska, dyrektor Narodowego Instytutu Dziedzictwa, Mi\u0119dzynarodowa konferencja \u201eETHER \u2013 Eternal Heritage\/Wieczne Dziedzictwo\u201d, fot. NID<\/figcaption><\/figure>\n<!-- \/wp:image -->\n\n<!-- wp:image {\"align\":\"center\",\"id\":15784,\"width\":\"741px\",\"height\":\"auto\",\"sizeSlug\":\"large\",\"linkDestination\":\"none\"} -->\n<figure class=\"wp-block-image aligncenter size-large is-resized\"><img src=\"https:\/\/nid.pl\/wp-content\/uploads\/2024\/01\/kreatyw-media_042-1024x683.jpg\" alt=\"\" class=\"wp-image-15784\" style=\"width:741px;height:auto\"\/><figcaption class=\"wp-element-caption\">Mi\u0119dzynarodowa konferencja \u201eETHER \u2013 Eternal Heritage\/Wieczne Dziedzictwo\u201d, fot. NID<\/figcaption><\/figure>\n<!-- \/wp:image -->\n\n<!-- wp:image {\"align\":\"center\",\"id\":15785,\"width\":\"745px\",\"height\":\"auto\",\"sizeSlug\":\"large\",\"linkDestination\":\"none\"} -->\n<figure class=\"wp-block-image aligncenter size-large is-resized\"><img src=\"https:\/\/nid.pl\/wp-content\/uploads\/2024\/01\/kreatyw-media_053-1024x683.jpg\" alt=\"\" class=\"wp-image-15785\" style=\"width:745px;height:auto\"\/><figcaption class=\"wp-element-caption\">Jaros\u0142aw Czuba, Dyrektor Generalny w Ministerstwie Kultury i Dziedzictwa Narodowego, Mi\u0119dzynarodowa konferencja \u201eETHER \u2013 Eternal Heritage\/Wieczne Dziedzictwo\u201d, fot. NID<\/figcaption><\/figure>\n<!-- \/wp:image -->\n\n<!-- wp:image {\"align\":\"center\",\"id\":15786,\"width\":\"749px\",\"height\":\"auto\",\"sizeSlug\":\"large\",\"linkDestination\":\"none\"} -->\n<figure class=\"wp-block-image aligncenter size-large is-resized\"><img src=\"https:\/\/nid.pl\/wp-content\/uploads\/2024\/01\/kreatyw-media_074-1024x683.jpg\" alt=\"\" class=\"wp-image-15786\" style=\"width:749px;height:auto\"\/><figcaption class=\"wp-element-caption\">Anna \u015amigielska, Narodowy Instytut Dziedzictwa, Mi\u0119dzynarodowa konferencja \u201eETHER \u2013 Eternal Heritage\/Wieczne Dziedzictwo\u201d, fot. NID<\/figcaption><\/figure>\n<!-- \/wp:image -->\n\n<!-- wp:image {\"align\":\"center\",\"id\":15787,\"width\":\"751px\",\"height\":\"auto\",\"sizeSlug\":\"large\",\"linkDestination\":\"none\"} -->\n<figure class=\"wp-block-image aligncenter size-large is-resized\"><img src=\"https:\/\/nid.pl\/wp-content\/uploads\/2024\/01\/kreatyw-media_082-1024x683.jpg\" alt=\"\" class=\"wp-image-15787\" style=\"width:751px;height:auto\"\/><figcaption class=\"wp-element-caption\">Karol Czajkowski, Narodowy Instytut Dziedzictwa, Mi\u0119dzynarodowa konferencja \u201eETHER \u2013 Eternal Heritage\/Wieczne Dziedzictwo\u201d, fot. NID<\/figcaption><\/figure>\n<!-- \/wp:image -->\n\n<!-- wp:image {\"align\":\"center\",\"id\":15790,\"width\":\"753px\",\"height\":\"auto\",\"sizeSlug\":\"large\",\"linkDestination\":\"none\"} -->\n<figure class=\"wp-block-image aligncenter size-large is-resized\"><img src=\"https:\/\/nid.pl\/wp-content\/uploads\/2024\/01\/kreatyw-media_183-1024x683.jpg\" alt=\"\" class=\"wp-image-15790\" style=\"width:753px;height:auto\"\/><figcaption class=\"wp-element-caption\">prof. Robert Erdmann, Rjiksmuseum Amsterdam, Mi\u0119dzynarodowa konferencja \u201eETHER \u2013 Eternal Heritage\/Wieczne Dziedzictwo\u201d, fot. NID<\/figcaption><\/figure>\n<!-- \/wp:image -->\n\n<!-- wp:image {\"align\":\"center\",\"id\":15791,\"width\":\"757px\",\"height\":\"auto\",\"sizeSlug\":\"large\",\"linkDestination\":\"none\"} -->\n<figure class=\"wp-block-image aligncenter size-large is-resized\"><img src=\"https:\/\/nid.pl\/wp-content\/uploads\/2024\/01\/kreatyw-media_191-1024x683.jpg\" alt=\"\" class=\"wp-image-15791\" style=\"width:757px;height:auto\"\/><figcaption class=\"wp-element-caption\">Eryk Busch, Muzeum Pa\u0142acu Kr\u00f3la Jana III w Wilanowie, Mi\u0119dzynarodowa konferencja \u201eETHER \u2013 Eternal Heritage\/Wieczne Dziedzictwo\u201d, fot. NID<\/figcaption><\/figure>\n<!-- \/wp:image -->\n\n<!-- wp:image {\"align\":\"center\",\"id\":15793,\"width\":\"761px\",\"height\":\"auto\",\"sizeSlug\":\"large\",\"linkDestination\":\"none\"} -->\n<figure class=\"wp-block-image aligncenter size-large is-resized\"><img src=\"https:\/\/nid.pl\/wp-content\/uploads\/2024\/01\/kreatyw-media_228-1024x683.jpg\" alt=\"\" class=\"wp-image-15793\" style=\"width:761px;height:auto\"\/><figcaption class=\"wp-element-caption\">Dominik Cieszkowski, Biblioteka Narodowa, Mi\u0119dzynarodowa konferencja \u201eETHER \u2013 Eternal Heritage\/Wieczne Dziedzictwo\u201d, fot. NID<\/figcaption><\/figure>\n<!-- \/wp:image -->\n\n<!-- wp:image {\"align\":\"center\",\"id\":15794,\"width\":\"759px\",\"height\":\"auto\",\"sizeSlug\":\"large\",\"linkDestination\":\"none\"} -->\n<figure class=\"wp-block-image aligncenter size-large is-resized\"><img src=\"https:\/\/nid.pl\/wp-content\/uploads\/2024\/01\/kreatyw-media_239-1024x683.jpg\" alt=\"\" class=\"wp-image-15794\" style=\"width:759px;height:auto\"\/><figcaption class=\"wp-element-caption\">Becca Sturges, Saintsburry Centre, Mi\u0119dzynarodowa konferencja \u201eETHER \u2013 Eternal Heritage\/Wieczne Dziedzictwo\u201d, fot. NID<\/figcaption><\/figure>\n<!-- \/wp:image -->\n\n<!-- wp:image {\"align\":\"center\",\"id\":15795,\"width\":\"763px\",\"height\":\"auto\",\"sizeSlug\":\"large\",\"linkDestination\":\"none\"} -->\n<figure class=\"wp-block-image aligncenter size-large is-resized\"><img src=\"https:\/\/nid.pl\/wp-content\/uploads\/2024\/01\/kreatyw-media_263-1024x683.jpg\" alt=\"\" class=\"wp-image-15795\" style=\"width:763px;height:auto\"\/><figcaption class=\"wp-element-caption\">Grzegorz Krynicki, Filmoteka Narodowa - Instytut Audiowizualny, Mi\u0119dzynarodowa konferencja \u201eETHER \u2013 Eternal Heritage\/Wieczne Dziedzictwo\u201d, fot. NID<\/figcaption><\/figure>\n<!-- \/wp:image -->\n\n<!-- wp:image {\"align\":\"center\",\"id\":15796,\"width\":\"769px\",\"height\":\"auto\",\"sizeSlug\":\"large\",\"linkDestination\":\"none\"} -->\n<figure class=\"wp-block-image aligncenter size-large is-resized\"><img src=\"https:\/\/nid.pl\/wp-content\/uploads\/2024\/01\/kreatyw-media_276-1024x683.jpg\" alt=\"\" class=\"wp-image-15796\" style=\"width:769px;height:auto\"\/><figcaption class=\"wp-element-caption\">Mateusz Kozak, MagicLab, Mi\u0119dzynarodowa konferencja \u201eETHER \u2013 Eternal Heritage\/Wieczne Dziedzictwo\u201d, fot. NID<\/figcaption><\/figure>\n<!-- \/wp:image -->\n\n<!-- wp:image {\"align\":\"center\",\"id\":15797,\"width\":\"763px\",\"height\":\"auto\",\"sizeSlug\":\"large\",\"linkDestination\":\"none\"} -->\n<figure class=\"wp-block-image aligncenter size-large is-resized\"><img src=\"https:\/\/nid.pl\/wp-content\/uploads\/2024\/01\/kreatyw-media_283-1024x683.jpg\" alt=\"\" class=\"wp-image-15797\" style=\"width:763px;height:auto\"\/><figcaption class=\"wp-element-caption\">Artur Paprocki, Veles Productions, Mi\u0119dzynarodowa konferencja \u201eETHER \u2013 Eternal Heritage\/Wieczne Dziedzictwo\u201d, fot. NID<\/figcaption><\/figure>\n<!-- \/wp:image -->\n\n<!-- wp:image {\"align\":\"center\",\"id\":15798,\"width\":\"765px\",\"height\":\"auto\",\"sizeSlug\":\"large\",\"linkDestination\":\"none\"} -->\n<figure class=\"wp-block-image aligncenter size-large is-resized\"><img src=\"https:\/\/nid.pl\/wp-content\/uploads\/2024\/01\/kreatyw-media_292-1024x683.jpg\" alt=\"\" class=\"wp-image-15798\" style=\"width:765px;height:auto\"\/><figcaption class=\"wp-element-caption\">Martynian Rozwadowski, Veles Producions, Mi\u0119dzynarodowa konferencja \u201eETHER \u2013 Eternal Heritage\/Wieczne Dziedzictwo\u201d, fot. NID<\/figcaption><\/figure>\n<!-- \/wp:image -->\n\n<!-- wp:image {\"align\":\"center\",\"id\":15789,\"width\":\"765px\",\"height\":\"auto\",\"sizeSlug\":\"large\",\"linkDestination\":\"none\"} -->\n<figure class=\"wp-block-image aligncenter size-large is-resized\"><img src=\"https:\/\/nid.pl\/wp-content\/uploads\/2024\/01\/kreatyw-media_159-1024x683.jpg\" alt=\"\" class=\"wp-image-15789\" style=\"width:765px;height:auto\"\/><figcaption class=\"wp-element-caption\">Mi\u0119dzynarodowa konferencja \u201eETHER \u2013 Eternal Heritage\/Wieczne Dziedzictwo\u201d, fot. NID<\/figcaption><\/figure>\n<!-- \/wp:image -->\n\n<!-- wp:image {\"align\":\"center\",\"id\":15799,\"width\":\"765px\",\"height\":\"auto\",\"sizeSlug\":\"large\",\"linkDestination\":\"none\"} -->\n<figure class=\"wp-block-image aligncenter size-large is-resized\"><img src=\"https:\/\/nid.pl\/wp-content\/uploads\/2024\/01\/kreatyw-media_297-1024x683.jpg\" alt=\"\" class=\"wp-image-15799\" style=\"width:765px;height:auto\"\/><figcaption class=\"wp-element-caption\">Mi\u0119dzynarodowa konferencja \u201eETHER \u2013 Eternal Heritage\/Wieczne Dziedzictwo\u201d, fot. NID<\/figcaption><\/figure>\n<!-- \/wp:image -->\n\n<!-- wp:image {\"align\":\"center\",\"id\":15788,\"width\":\"765px\",\"height\":\"auto\",\"sizeSlug\":\"large\",\"linkDestination\":\"none\"} -->\n<figure class=\"wp-block-image aligncenter size-large is-resized\"><img src=\"https:\/\/nid.pl\/wp-content\/uploads\/2024\/01\/kreatyw-media_146-1024x683.jpg\" alt=\"\" class=\"wp-image-15788\" style=\"width:765px;height:auto\"\/><figcaption class=\"wp-element-caption\">Uczestnicy Mi\u0119dzynarodowej konferencji \u201eETHER \u2013 Eternal Heritage\/Wieczne Dziedzictwo\u201d, fot. NID<\/figcaption><\/figure>\n<!-- \/wp:image -->\n\n<!-- wp:paragraph -->\n<p><\/p>\n<!-- \/wp:paragraph -->","_et_gb_content_width":"","_monsterinsights_skip_tracking":false,"_monsterinsights_sitenote_active":false,"_monsterinsights_sitenote_note":"","_monsterinsights_sitenote_category":0,"footnotes":""},"categories":[3,124],"tags":[],"class_list":["post-15782","post","type-post","status-publish","format-standard","has-post-thumbnail","hentry","category-aktualnosci","category-ether"],"yoast_head":"<!-- This site is optimized with the Yoast SEO plugin v26.5 - https:\/\/yoast.com\/wordpress\/plugins\/seo\/ -->\n<title>Relacja z mi\u0119dzynarodowej konferencji \u201eETHER \u2013 Eternal Heritage \/ Wieczne Dziedzictwo\u201d - NID<\/title>\n<meta name=\"robots\" content=\"index, follow, max-snippet:-1, max-image-preview:large, max-video-preview:-1\" \/>\n<link rel=\"canonical\" href=\"https:\/\/nid.pl\/en\/2023\/11\/29\/relacja-z-miedzynarodowej-konferencji-ether-eternal-heritage-wieczne-dziedzictwo\/\" \/>\n<meta property=\"og:locale\" content=\"en_GB\" \/>\n<meta property=\"og:type\" content=\"article\" \/>\n<meta property=\"og:title\" content=\"Relacja z mi\u0119dzynarodowej konferencji \u201eETHER \u2013 Eternal Heritage \/ Wieczne Dziedzictwo\u201d - NID\" \/>\n<meta property=\"og:description\" content=\"9 listopada w Filmotece Narodowej \u2013 Instytucie Audiowizualnej w Warszawie odby\u0142a si\u0119 mi\u0119dzynarodowa konferencja wsp\u00f3\u0142organizowana przez Narodowy Instytut Dziedzictwa - \u201eETHER \u2013 Eternal Heritage\/Wieczne Dziedzictwo\u201d \u0142\u0105cz\u0105ca \u015brodowiska naukowc\u00f3w i tw\u00f3rc\u00f3w. [&hellip;]\" \/>\n<meta property=\"og:url\" content=\"https:\/\/nid.pl\/en\/2023\/11\/29\/relacja-z-miedzynarodowej-konferencji-ether-eternal-heritage-wieczne-dziedzictwo\/\" \/>\n<meta property=\"og:site_name\" content=\"NID\" \/>\n<meta property=\"article:publisher\" content=\"https:\/\/www.facebook.com\/zabytek\" \/>\n<meta property=\"article:published_time\" content=\"2023-11-29T14:21:00+00:00\" \/>\n<meta property=\"article:modified_time\" content=\"2024-09-16T08:47:48+00:00\" \/>\n<meta property=\"og:image\" content=\"https:\/\/nid.pl\/wp-content\/uploads\/2024\/01\/miniaturka-aktualnosci-NID9-1.jpg\" \/>\n\t<meta property=\"og:image:width\" content=\"1850\" \/>\n\t<meta property=\"og:image:height\" content=\"1238\" \/>\n\t<meta property=\"og:image:type\" content=\"image\/jpeg\" \/>\n<meta name=\"author\" content=\"Barbara Halliop\" \/>\n<meta name=\"twitter:card\" content=\"summary_large_image\" \/>\n<meta name=\"twitter:creator\" content=\"@NarIDpl\" \/>\n<meta name=\"twitter:site\" content=\"@NarIDpl\" \/>\n<meta name=\"twitter:label1\" content=\"Written by\" \/>\n\t<meta name=\"twitter:data1\" content=\"Barbara Halliop\" \/>\n\t<meta name=\"twitter:label2\" content=\"Estimated reading time\" \/>\n\t<meta name=\"twitter:data2\" content=\"8 minutes\" \/>\n<script type=\"application\/ld+json\" class=\"yoast-schema-graph\">{\"@context\":\"https:\/\/schema.org\",\"@graph\":[{\"@type\":\"Article\",\"@id\":\"https:\/\/nid.pl\/2023\/11\/29\/relacja-z-miedzynarodowej-konferencji-ether-eternal-heritage-wieczne-dziedzictwo\/#article\",\"isPartOf\":{\"@id\":\"https:\/\/nid.pl\/2023\/11\/29\/relacja-z-miedzynarodowej-konferencji-ether-eternal-heritage-wieczne-dziedzictwo\/\"},\"author\":{\"name\":\"Barbara Halliop\",\"@id\":\"https:\/\/nid.pl\/#\/schema\/person\/1b690a8998a5111cfb9f0ffe24195a15\"},\"headline\":\"Relacja z mi\u0119dzynarodowej konferencji \u201eETHER \u2013 Eternal Heritage \/ Wieczne Dziedzictwo\u201d\",\"datePublished\":\"2023-11-29T14:21:00+00:00\",\"dateModified\":\"2024-09-16T08:47:48+00:00\",\"mainEntityOfPage\":{\"@id\":\"https:\/\/nid.pl\/2023\/11\/29\/relacja-z-miedzynarodowej-konferencji-ether-eternal-heritage-wieczne-dziedzictwo\/\"},\"wordCount\":765,\"publisher\":{\"@id\":\"https:\/\/nid.pl\/#organization\"},\"image\":{\"@id\":\"https:\/\/nid.pl\/2023\/11\/29\/relacja-z-miedzynarodowej-konferencji-ether-eternal-heritage-wieczne-dziedzictwo\/#primaryimage\"},\"thumbnailUrl\":\"https:\/\/nid.pl\/wp-content\/uploads\/2024\/01\/miniaturka-aktualnosci-NID9-1.jpg\",\"articleSection\":[\"Aktualno\u015bci\",\"ETHER\"],\"inLanguage\":\"en-GB\"},{\"@type\":\"WebPage\",\"@id\":\"https:\/\/nid.pl\/2023\/11\/29\/relacja-z-miedzynarodowej-konferencji-ether-eternal-heritage-wieczne-dziedzictwo\/\",\"url\":\"https:\/\/nid.pl\/2023\/11\/29\/relacja-z-miedzynarodowej-konferencji-ether-eternal-heritage-wieczne-dziedzictwo\/\",\"name\":\"Relacja z mi\u0119dzynarodowej konferencji \u201eETHER \u2013 Eternal Heritage \/ Wieczne Dziedzictwo\u201d - NID\",\"isPartOf\":{\"@id\":\"https:\/\/nid.pl\/#website\"},\"primaryImageOfPage\":{\"@id\":\"https:\/\/nid.pl\/2023\/11\/29\/relacja-z-miedzynarodowej-konferencji-ether-eternal-heritage-wieczne-dziedzictwo\/#primaryimage\"},\"image\":{\"@id\":\"https:\/\/nid.pl\/2023\/11\/29\/relacja-z-miedzynarodowej-konferencji-ether-eternal-heritage-wieczne-dziedzictwo\/#primaryimage\"},\"thumbnailUrl\":\"https:\/\/nid.pl\/wp-content\/uploads\/2024\/01\/miniaturka-aktualnosci-NID9-1.jpg\",\"datePublished\":\"2023-11-29T14:21:00+00:00\",\"dateModified\":\"2024-09-16T08:47:48+00:00\",\"breadcrumb\":{\"@id\":\"https:\/\/nid.pl\/2023\/11\/29\/relacja-z-miedzynarodowej-konferencji-ether-eternal-heritage-wieczne-dziedzictwo\/#breadcrumb\"},\"inLanguage\":\"en-GB\",\"potentialAction\":[{\"@type\":\"ReadAction\",\"target\":[\"https:\/\/nid.pl\/2023\/11\/29\/relacja-z-miedzynarodowej-konferencji-ether-eternal-heritage-wieczne-dziedzictwo\/\"]}]},{\"@type\":\"ImageObject\",\"inLanguage\":\"en-GB\",\"@id\":\"https:\/\/nid.pl\/2023\/11\/29\/relacja-z-miedzynarodowej-konferencji-ether-eternal-heritage-wieczne-dziedzictwo\/#primaryimage\",\"url\":\"https:\/\/nid.pl\/wp-content\/uploads\/2024\/01\/miniaturka-aktualnosci-NID9-1.jpg\",\"contentUrl\":\"https:\/\/nid.pl\/wp-content\/uploads\/2024\/01\/miniaturka-aktualnosci-NID9-1.jpg\",\"width\":1850,\"height\":1238,\"caption\":\"Mi\u0119dzynarodowa konferencja \u201eETHER \u2013 Eternal Heritage\/Wieczne Dziedzictwo\u201d, fot. NID\"},{\"@type\":\"BreadcrumbList\",\"@id\":\"https:\/\/nid.pl\/2023\/11\/29\/relacja-z-miedzynarodowej-konferencji-ether-eternal-heritage-wieczne-dziedzictwo\/#breadcrumb\",\"itemListElement\":[{\"@type\":\"ListItem\",\"position\":1,\"name\":\"Home\",\"item\":\"https:\/\/nid.pl\/\"},{\"@type\":\"ListItem\",\"position\":2,\"name\":\"Relacja z mi\u0119dzynarodowej konferencji \u201eETHER \u2013 Eternal Heritage \/ Wieczne Dziedzictwo\u201d\"}]},{\"@type\":\"WebSite\",\"@id\":\"https:\/\/nid.pl\/#website\",\"url\":\"https:\/\/nid.pl\/\",\"name\":\"NID\",\"description\":\"Narodowy Instytut Dziedzictwa\",\"publisher\":{\"@id\":\"https:\/\/nid.pl\/#organization\"},\"potentialAction\":[{\"@type\":\"SearchAction\",\"target\":{\"@type\":\"EntryPoint\",\"urlTemplate\":\"https:\/\/nid.pl\/?s={search_term_string}\"},\"query-input\":{\"@type\":\"PropertyValueSpecification\",\"valueRequired\":true,\"valueName\":\"search_term_string\"}}],\"inLanguage\":\"en-GB\"},{\"@type\":\"Organization\",\"@id\":\"https:\/\/nid.pl\/#organization\",\"name\":\"Narodowy Instytut Dziedzictwa\",\"url\":\"https:\/\/nid.pl\/\",\"logo\":{\"@type\":\"ImageObject\",\"inLanguage\":\"en-GB\",\"@id\":\"https:\/\/nid.pl\/#\/schema\/logo\/image\/\",\"url\":\"https:\/\/nid.pl\/wp-content\/uploads\/2022\/10\/logoRedDark.png\",\"contentUrl\":\"https:\/\/nid.pl\/wp-content\/uploads\/2022\/10\/logoRedDark.png\",\"width\":200,\"height\":197,\"caption\":\"Narodowy Instytut Dziedzictwa\"},\"image\":{\"@id\":\"https:\/\/nid.pl\/#\/schema\/logo\/image\/\"},\"sameAs\":[\"https:\/\/www.facebook.com\/zabytek\",\"https:\/\/x.com\/NarIDpl\",\"https:\/\/www.instagram.com\/nid.pl\/?hl=pl\",\"https:\/\/www.linkedin.com\/company\/narodowy-instytut-dziedzictwa\",\"https:\/\/www.youtube.com\/channel\/UCQXuhKa2uHtmNvLRUSx40JA\"]},{\"@type\":\"Person\",\"@id\":\"https:\/\/nid.pl\/#\/schema\/person\/1b690a8998a5111cfb9f0ffe24195a15\",\"name\":\"Barbara Halliop\",\"image\":{\"@type\":\"ImageObject\",\"inLanguage\":\"en-GB\",\"@id\":\"https:\/\/nid.pl\/#\/schema\/person\/image\/\",\"url\":\"https:\/\/nid.pl\/wp-content\/litespeed\/avatar\/924046d17dd0c842c9fa9ccf489bc6dc.jpg?ver=1777444967\",\"contentUrl\":\"https:\/\/nid.pl\/wp-content\/litespeed\/avatar\/924046d17dd0c842c9fa9ccf489bc6dc.jpg?ver=1777444967\",\"caption\":\"Barbara Halliop\"},\"url\":\"https:\/\/nid.pl\/en\/author\/bhalliop\/\"}]}<\/script>\n<!-- \/ Yoast SEO plugin. -->","yoast_head_json":{"title":"Relacja z mi\u0119dzynarodowej konferencji \u201eETHER \u2013 Eternal Heritage \/ Wieczne Dziedzictwo\u201d - NID","robots":{"index":"index","follow":"follow","max-snippet":"max-snippet:-1","max-image-preview":"max-image-preview:large","max-video-preview":"max-video-preview:-1"},"canonical":"https:\/\/nid.pl\/en\/2023\/11\/29\/relacja-z-miedzynarodowej-konferencji-ether-eternal-heritage-wieczne-dziedzictwo\/","og_locale":"en_GB","og_type":"article","og_title":"Relacja z mi\u0119dzynarodowej konferencji \u201eETHER \u2013 Eternal Heritage \/ Wieczne Dziedzictwo\u201d - NID","og_description":"9 listopada w Filmotece Narodowej \u2013 Instytucie Audiowizualnej w Warszawie odby\u0142a si\u0119 mi\u0119dzynarodowa konferencja wsp\u00f3\u0142organizowana przez Narodowy Instytut Dziedzictwa - \u201eETHER \u2013 Eternal Heritage\/Wieczne Dziedzictwo\u201d \u0142\u0105cz\u0105ca \u015brodowiska naukowc\u00f3w i tw\u00f3rc\u00f3w. [&hellip;]","og_url":"https:\/\/nid.pl\/en\/2023\/11\/29\/relacja-z-miedzynarodowej-konferencji-ether-eternal-heritage-wieczne-dziedzictwo\/","og_site_name":"NID","article_publisher":"https:\/\/www.facebook.com\/zabytek","article_published_time":"2023-11-29T14:21:00+00:00","article_modified_time":"2024-09-16T08:47:48+00:00","og_image":[{"width":1850,"height":1238,"url":"https:\/\/nid.pl\/wp-content\/uploads\/2024\/01\/miniaturka-aktualnosci-NID9-1.jpg","type":"image\/jpeg"}],"author":"Barbara Halliop","twitter_card":"summary_large_image","twitter_creator":"@NarIDpl","twitter_site":"@NarIDpl","twitter_misc":{"Written by":"Barbara Halliop","Estimated reading time":"8 minutes"},"schema":{"@context":"https:\/\/schema.org","@graph":[{"@type":"Article","@id":"https:\/\/nid.pl\/2023\/11\/29\/relacja-z-miedzynarodowej-konferencji-ether-eternal-heritage-wieczne-dziedzictwo\/#article","isPartOf":{"@id":"https:\/\/nid.pl\/2023\/11\/29\/relacja-z-miedzynarodowej-konferencji-ether-eternal-heritage-wieczne-dziedzictwo\/"},"author":{"name":"Barbara Halliop","@id":"https:\/\/nid.pl\/#\/schema\/person\/1b690a8998a5111cfb9f0ffe24195a15"},"headline":"Relacja z mi\u0119dzynarodowej konferencji \u201eETHER \u2013 Eternal Heritage \/ Wieczne Dziedzictwo\u201d","datePublished":"2023-11-29T14:21:00+00:00","dateModified":"2024-09-16T08:47:48+00:00","mainEntityOfPage":{"@id":"https:\/\/nid.pl\/2023\/11\/29\/relacja-z-miedzynarodowej-konferencji-ether-eternal-heritage-wieczne-dziedzictwo\/"},"wordCount":765,"publisher":{"@id":"https:\/\/nid.pl\/#organization"},"image":{"@id":"https:\/\/nid.pl\/2023\/11\/29\/relacja-z-miedzynarodowej-konferencji-ether-eternal-heritage-wieczne-dziedzictwo\/#primaryimage"},"thumbnailUrl":"https:\/\/nid.pl\/wp-content\/uploads\/2024\/01\/miniaturka-aktualnosci-NID9-1.jpg","articleSection":["Aktualno\u015bci","ETHER"],"inLanguage":"en-GB"},{"@type":"WebPage","@id":"https:\/\/nid.pl\/2023\/11\/29\/relacja-z-miedzynarodowej-konferencji-ether-eternal-heritage-wieczne-dziedzictwo\/","url":"https:\/\/nid.pl\/2023\/11\/29\/relacja-z-miedzynarodowej-konferencji-ether-eternal-heritage-wieczne-dziedzictwo\/","name":"Relacja z mi\u0119dzynarodowej konferencji \u201eETHER \u2013 Eternal Heritage \/ Wieczne Dziedzictwo\u201d - NID","isPartOf":{"@id":"https:\/\/nid.pl\/#website"},"primaryImageOfPage":{"@id":"https:\/\/nid.pl\/2023\/11\/29\/relacja-z-miedzynarodowej-konferencji-ether-eternal-heritage-wieczne-dziedzictwo\/#primaryimage"},"image":{"@id":"https:\/\/nid.pl\/2023\/11\/29\/relacja-z-miedzynarodowej-konferencji-ether-eternal-heritage-wieczne-dziedzictwo\/#primaryimage"},"thumbnailUrl":"https:\/\/nid.pl\/wp-content\/uploads\/2024\/01\/miniaturka-aktualnosci-NID9-1.jpg","datePublished":"2023-11-29T14:21:00+00:00","dateModified":"2024-09-16T08:47:48+00:00","breadcrumb":{"@id":"https:\/\/nid.pl\/2023\/11\/29\/relacja-z-miedzynarodowej-konferencji-ether-eternal-heritage-wieczne-dziedzictwo\/#breadcrumb"},"inLanguage":"en-GB","potentialAction":[{"@type":"ReadAction","target":["https:\/\/nid.pl\/2023\/11\/29\/relacja-z-miedzynarodowej-konferencji-ether-eternal-heritage-wieczne-dziedzictwo\/"]}]},{"@type":"ImageObject","inLanguage":"en-GB","@id":"https:\/\/nid.pl\/2023\/11\/29\/relacja-z-miedzynarodowej-konferencji-ether-eternal-heritage-wieczne-dziedzictwo\/#primaryimage","url":"https:\/\/nid.pl\/wp-content\/uploads\/2024\/01\/miniaturka-aktualnosci-NID9-1.jpg","contentUrl":"https:\/\/nid.pl\/wp-content\/uploads\/2024\/01\/miniaturka-aktualnosci-NID9-1.jpg","width":1850,"height":1238,"caption":"Mi\u0119dzynarodowa konferencja \u201eETHER \u2013 Eternal Heritage\/Wieczne Dziedzictwo\u201d, fot. NID"},{"@type":"BreadcrumbList","@id":"https:\/\/nid.pl\/2023\/11\/29\/relacja-z-miedzynarodowej-konferencji-ether-eternal-heritage-wieczne-dziedzictwo\/#breadcrumb","itemListElement":[{"@type":"ListItem","position":1,"name":"Home","item":"https:\/\/nid.pl\/"},{"@type":"ListItem","position":2,"name":"Relacja z mi\u0119dzynarodowej konferencji \u201eETHER \u2013 Eternal Heritage \/ Wieczne Dziedzictwo\u201d"}]},{"@type":"WebSite","@id":"https:\/\/nid.pl\/#website","url":"https:\/\/nid.pl\/","name":"NID","description":"Narodowy Instytut Dziedzictwa","publisher":{"@id":"https:\/\/nid.pl\/#organization"},"potentialAction":[{"@type":"SearchAction","target":{"@type":"EntryPoint","urlTemplate":"https:\/\/nid.pl\/?s={search_term_string}"},"query-input":{"@type":"PropertyValueSpecification","valueRequired":true,"valueName":"search_term_string"}}],"inLanguage":"en-GB"},{"@type":"Organization","@id":"https:\/\/nid.pl\/#organization","name":"Narodowy Instytut Dziedzictwa","url":"https:\/\/nid.pl\/","logo":{"@type":"ImageObject","inLanguage":"en-GB","@id":"https:\/\/nid.pl\/#\/schema\/logo\/image\/","url":"https:\/\/nid.pl\/wp-content\/uploads\/2022\/10\/logoRedDark.png","contentUrl":"https:\/\/nid.pl\/wp-content\/uploads\/2022\/10\/logoRedDark.png","width":200,"height":197,"caption":"Narodowy Instytut Dziedzictwa"},"image":{"@id":"https:\/\/nid.pl\/#\/schema\/logo\/image\/"},"sameAs":["https:\/\/www.facebook.com\/zabytek","https:\/\/x.com\/NarIDpl","https:\/\/www.instagram.com\/nid.pl\/?hl=pl","https:\/\/www.linkedin.com\/company\/narodowy-instytut-dziedzictwa","https:\/\/www.youtube.com\/channel\/UCQXuhKa2uHtmNvLRUSx40JA"]},{"@type":"Person","@id":"https:\/\/nid.pl\/#\/schema\/person\/1b690a8998a5111cfb9f0ffe24195a15","name":"Barbara Halliop","image":{"@type":"ImageObject","inLanguage":"en-GB","@id":"https:\/\/nid.pl\/#\/schema\/person\/image\/","url":"https:\/\/nid.pl\/wp-content\/litespeed\/avatar\/924046d17dd0c842c9fa9ccf489bc6dc.jpg?ver=1777444967","contentUrl":"https:\/\/nid.pl\/wp-content\/litespeed\/avatar\/924046d17dd0c842c9fa9ccf489bc6dc.jpg?ver=1777444967","caption":"Barbara Halliop"},"url":"https:\/\/nid.pl\/en\/author\/bhalliop\/"}]}},"_links":{"self":[{"href":"https:\/\/nid.pl\/en\/wp-json\/wp\/v2\/posts\/15782","targetHints":{"allow":["GET"]}}],"collection":[{"href":"https:\/\/nid.pl\/en\/wp-json\/wp\/v2\/posts"}],"about":[{"href":"https:\/\/nid.pl\/en\/wp-json\/wp\/v2\/types\/post"}],"author":[{"embeddable":true,"href":"https:\/\/nid.pl\/en\/wp-json\/wp\/v2\/users\/7"}],"replies":[{"embeddable":true,"href":"https:\/\/nid.pl\/en\/wp-json\/wp\/v2\/comments?post=15782"}],"version-history":[{"count":0,"href":"https:\/\/nid.pl\/en\/wp-json\/wp\/v2\/posts\/15782\/revisions"}],"wp:featuredmedia":[{"embeddable":true,"href":"https:\/\/nid.pl\/en\/wp-json\/wp\/v2\/media\/15801"}],"wp:attachment":[{"href":"https:\/\/nid.pl\/en\/wp-json\/wp\/v2\/media?parent=15782"}],"wp:term":[{"taxonomy":"category","embeddable":true,"href":"https:\/\/nid.pl\/en\/wp-json\/wp\/v2\/categories?post=15782"},{"taxonomy":"post_tag","embeddable":true,"href":"https:\/\/nid.pl\/en\/wp-json\/wp\/v2\/tags?post=15782"}],"curies":[{"name":"wp","href":"https:\/\/api.w.org\/{rel}","templated":true}]}}