{"id":15712,"date":"2023-10-13T15:19:00","date_gmt":"2023-10-13T13:19:00","guid":{"rendered":"https:\/\/nid.pl\/?p=15712"},"modified":"2024-01-09T15:43:02","modified_gmt":"2024-01-09T14:43:02","slug":"spotkanie-opiekunow-miejsc-swiatowego-dziedzictwa-w-polsce","status":"publish","type":"post","link":"https:\/\/nid.pl\/en\/2023\/10\/13\/spotkanie-opiekunow-miejsc-swiatowego-dziedzictwa-w-polsce\/","title":{"rendered":"Spotkanie opiekun\u00f3w miejsc \u015bwiatowego dziedzictwa w Polsce"},"content":{"rendered":"<p><strong>W Krakowie odby\u0142o si\u0119 kolejne spotkanie opiekun\u00f3w miejsc \u015bwiatowego dziedzictwa \u2013 zabytk\u00f3w wpisanych na List\u0119 \u015bwiatowego dziedzictwa UNESCO, znajduj\u0105cych si\u0119 na terenie Polski<\/strong>.<\/p>\n\n\n\n<p>11 pa\u017adziernika 2023 r. w Krakowie odby\u0142o si\u0119 kolejne z cyklu spotka\u0144 opiekun\u00f3w miejsc \u015bwiatowego dziedzictwa w Polsce. W spotkaniu udzia\u0142 wzi\u0119\u0142o ponad 60 os\u00f3b \u2013 byli to zar\u00f3wno zarz\u0105dcy polskich miejsc \u015bwiatowego dziedzictwa, jak i przedstawiciele wojew\u00f3dzkich, samorz\u0105dowych i diecezjalnych s\u0142u\u017cb konserwatorskich oraz lokalnych w\u0142adz samorz\u0105dowych.<\/p>\n\n\n\n<p>Tegoroczne spotkanie po\u015bwi\u0119cone by\u0142o przede wszystkim podsumowaniu kilku wa\u017cnych zada\u0144 zwi\u0105zanych z ochron\u0105 i zarz\u0105dzaniem miejscami \u015bwiatowego dziedzictwa. Podczas spotkania zaprezentowano przebieg prac nad III cyklem raportu okresowego UNESCO, dotycz\u0105cego stanu realizacji wdra\u017cania Konwencji \u015bwiatowego dziedzictwa z 1972 r., kt\u00f3re obj\u0119\u0142y m.in. spotkania szkoleniowe on-line dla przedstawicieli miejsc oraz przygotowanie raport\u00f3w dla dw\u00f3ch miejsc transgranicznych (Parku Mu\u017cakowskiego i Drewnianych cerkwi w polskim i ukrai\u0144skim regionie Karpat), a tak\u017ce om\u00f3wiono wyniki powsta\u0142ych raport\u00f3w.<\/p>\n\n\n\n<p>Jednym z punkt\u00f3w spotkania by\u0142o podsumowanie, trwaj\u0105cego ponad rok, zadania polegaj\u0105cego na przeprowadzeniu lustracji 15 miejsc kulturowych \u015bwiatowego dziedzictwa w Polsce, kt\u00f3re mo\u017cliwe by\u0142o dzi\u0119ki wsp\u00f3\u0142pracy z zarz\u0105dcami tych miejsc oraz s\u0142u\u017cbami konserwatorskimi. Dzia\u0142anie to umo\u017cliwi\u0142o uzyskanie aktualnego obrazu stanu zachowania miejsc oraz da\u0142o mo\u017cliwo\u015b\u0107 rozmowy o problemach i wyzwaniach, z jakimi zmagaj\u0105 si\u0119 na co dzie\u0144 zarz\u0105dcy.<\/p>\n\n\n\n<p>Zaprezentowano tak\u017ce polsk\u0105 wersj\u0119 j\u0119zykow\u0105 publikacji z serii Podr\u0119cznik\u00f3w \u015bwiatowego dziedzictwa pn. &#8220;Wytyczne i zestaw narz\u0119dzi do ocen oddzia\u0142ywania w kontek\u015bcie \u015bwiatowego dziedzictwa&#8221; oraz przedstawiono sprawozdanie z 45. Sesji Komitetu \u015awiatowego Dziedzictwa, kt\u00f3ra odby\u0142a si\u0119 w Arabii Saudyjskiej, w kontek\u015bcie spraw istotnych dla ochrony miejsc \u015bwiatowego dziedzictwa w Polsce.<\/p>\n\n\n\n<p>Spotkania opiekun\u00f3w miejsc \u015bwiatowego dziedzictwa w Polsce od lat pe\u0142ni\u0105 funkcj\u0119 forum wymiany informacji i do\u015bwiadcze\u0144 pomi\u0119dzy uczestnikami, a tak\u017ce s\u0105 miejscem promocji dobrych praktyk.<\/p>\n\n\n\n<p><\/p>\n\n\n\n<figure class=\"wp-block-image aligncenter size-large is-resized\"><img loading=\"lazy\" decoding=\"async\" width=\"1024\" height=\"686\" src=\"https:\/\/nid.pl\/wp-content\/uploads\/2024\/01\/Spotkanie-opiekunow-miejsc-swiatowego-dziedzictwa-w-Polsce_02-1024x686.jpg\" alt=\"\" class=\"wp-image-15715\" style=\"width:677px;height:auto\" srcset=\"https:\/\/nid.pl\/wp-content\/uploads\/2024\/01\/Spotkanie-opiekunow-miejsc-swiatowego-dziedzictwa-w-Polsce_02-1024x686.jpg 1024w, https:\/\/nid.pl\/wp-content\/uploads\/2024\/01\/Spotkanie-opiekunow-miejsc-swiatowego-dziedzictwa-w-Polsce_02-980x656.jpg 980w, https:\/\/nid.pl\/wp-content\/uploads\/2024\/01\/Spotkanie-opiekunow-miejsc-swiatowego-dziedzictwa-w-Polsce_02-480x321.jpg 480w\" sizes=\"(min-width: 0px) and (max-width: 480px) 480px, (min-width: 481px) and (max-width: 980px) 980px, (min-width: 981px) 1024px, 100vw\" \/><figcaption class=\"wp-element-caption\">Barbara Furmanik, Narodowy Instytut Dziedzictwa, spotkanie opiekun\u00f3w miejsc \u015bwiatowego dziedzictwa <br>w Polsce, Krak\u00f3w, pa\u017adziernik 2023 r.<\/figcaption><\/figure>\n\n\n\n<figure class=\"wp-block-image aligncenter size-large is-resized\"><img loading=\"lazy\" decoding=\"async\" width=\"1024\" height=\"701\" src=\"https:\/\/nid.pl\/wp-content\/uploads\/2024\/01\/Spotkanie-opiekunow-miejsc-swiatowego-dziedzictwa-w-Polsce_03-1024x701.jpg\" alt=\"\" class=\"wp-image-15716\" style=\"width:681px;height:auto\" srcset=\"https:\/\/nid.pl\/wp-content\/uploads\/2024\/01\/Spotkanie-opiekunow-miejsc-swiatowego-dziedzictwa-w-Polsce_03-1024x701.jpg 1024w, https:\/\/nid.pl\/wp-content\/uploads\/2024\/01\/Spotkanie-opiekunow-miejsc-swiatowego-dziedzictwa-w-Polsce_03-980x671.jpg 980w, https:\/\/nid.pl\/wp-content\/uploads\/2024\/01\/Spotkanie-opiekunow-miejsc-swiatowego-dziedzictwa-w-Polsce_03-480x328.jpg 480w\" sizes=\"(min-width: 0px) and (max-width: 480px) 480px, (min-width: 481px) and (max-width: 980px) 980px, (min-width: 981px) 1024px, 100vw\" \/><figcaption class=\"wp-element-caption\">Anna Marconi-Betka, Narodowy Instytut Dziedzictwa, spotkanie opiekun\u00f3w miejsc \u015bwiatowego dziedzictwa <br>w Polsce, Krak\u00f3w, pa\u017adziernik 2023 r.<\/figcaption><\/figure>\n\n\n\n<figure class=\"wp-block-image aligncenter size-large is-resized\"><img loading=\"lazy\" decoding=\"async\" width=\"1024\" height=\"708\" src=\"https:\/\/nid.pl\/wp-content\/uploads\/2024\/01\/Spotkanie-opiekunow-miejsc-swiatowego-dziedzictwa-w-Polsce_05-1024x708.jpg\" alt=\"\" class=\"wp-image-15717\" style=\"width:677px;height:auto\" srcset=\"https:\/\/nid.pl\/wp-content\/uploads\/2024\/01\/Spotkanie-opiekunow-miejsc-swiatowego-dziedzictwa-w-Polsce_05-1024x708.jpg 1024w, https:\/\/nid.pl\/wp-content\/uploads\/2024\/01\/Spotkanie-opiekunow-miejsc-swiatowego-dziedzictwa-w-Polsce_05-980x678.jpg 980w, https:\/\/nid.pl\/wp-content\/uploads\/2024\/01\/Spotkanie-opiekunow-miejsc-swiatowego-dziedzictwa-w-Polsce_05-480x332.jpg 480w\" sizes=\"(min-width: 0px) and (max-width: 480px) 480px, (min-width: 481px) and (max-width: 980px) 980px, (min-width: 981px) 1024px, 100vw\" \/><figcaption class=\"wp-element-caption\">Arkadiusz \u0141ukawski, Narodowy Instytut Dziedzictwa, spotkanie opiekun\u00f3w miejsc \u015bwiatowego dziedzictwa <br>w Polsce, Krak\u00f3w, pa\u017adziernik 2023 r.<\/figcaption><\/figure>\n\n\n\n<figure class=\"wp-block-image aligncenter size-large is-resized\"><img loading=\"lazy\" decoding=\"async\" width=\"1024\" height=\"749\" src=\"https:\/\/nid.pl\/wp-content\/uploads\/2024\/01\/Spotkanie-opiekunow-miejsc-swiatowego-dziedzictwa-w-Polsce_06-1024x749.jpg\" alt=\"\" class=\"wp-image-15719\" style=\"width:679px;height:auto\" srcset=\"https:\/\/nid.pl\/wp-content\/uploads\/2024\/01\/Spotkanie-opiekunow-miejsc-swiatowego-dziedzictwa-w-Polsce_06-1024x749.jpg 1024w, https:\/\/nid.pl\/wp-content\/uploads\/2024\/01\/Spotkanie-opiekunow-miejsc-swiatowego-dziedzictwa-w-Polsce_06-980x716.jpg 980w, https:\/\/nid.pl\/wp-content\/uploads\/2024\/01\/Spotkanie-opiekunow-miejsc-swiatowego-dziedzictwa-w-Polsce_06-480x351.jpg 480w\" sizes=\"(min-width: 0px) and (max-width: 480px) 480px, (min-width: 481px) and (max-width: 980px) 980px, (min-width: 981px) 1024px, 100vw\" \/><figcaption class=\"wp-element-caption\">Spotkanie opiekun\u00f3w miejsc \u015bwiatowego dziedzictwa w Polsce, Krak\u00f3w, pa\u017adziernik 2023 r.<\/figcaption><\/figure>\n\n\n\n<figure class=\"wp-block-image aligncenter size-large is-resized\"><img loading=\"lazy\" decoding=\"async\" width=\"1024\" height=\"705\" src=\"https:\/\/nid.pl\/wp-content\/uploads\/2024\/01\/Spotkanie-opiekunow-miejsc-swiatowego-dziedzictwa-w-Polsce_07-1024x705.jpg\" alt=\"\" class=\"wp-image-15720\" style=\"width:677px;height:auto\" srcset=\"https:\/\/nid.pl\/wp-content\/uploads\/2024\/01\/Spotkanie-opiekunow-miejsc-swiatowego-dziedzictwa-w-Polsce_07-1024x705.jpg 1024w, https:\/\/nid.pl\/wp-content\/uploads\/2024\/01\/Spotkanie-opiekunow-miejsc-swiatowego-dziedzictwa-w-Polsce_07-980x675.jpg 980w, https:\/\/nid.pl\/wp-content\/uploads\/2024\/01\/Spotkanie-opiekunow-miejsc-swiatowego-dziedzictwa-w-Polsce_07-480x331.jpg 480w\" sizes=\"(min-width: 0px) and (max-width: 480px) 480px, (min-width: 481px) and (max-width: 980px) 980px, (min-width: 981px) 1024px, 100vw\" \/><figcaption class=\"wp-element-caption\">Spotkanie opiekun\u00f3w miejsc \u015bwiatowego dziedzictwa w Polsce, Krak\u00f3w, pa\u017adziernik 2023 r.<\/figcaption><\/figure>\n\n\n\n<figure class=\"wp-block-image aligncenter size-large is-resized\"><img loading=\"lazy\" decoding=\"async\" width=\"1024\" height=\"675\" src=\"https:\/\/nid.pl\/wp-content\/uploads\/2024\/01\/Spotkanie-opiekunow-miejsc-swiatowego-dziedzictwa-w-Polsce_08-1024x675.jpg\" alt=\"\" class=\"wp-image-15721\" style=\"width:675px;height:auto\" srcset=\"https:\/\/nid.pl\/wp-content\/uploads\/2024\/01\/Spotkanie-opiekunow-miejsc-swiatowego-dziedzictwa-w-Polsce_08-1024x675.jpg 1024w, https:\/\/nid.pl\/wp-content\/uploads\/2024\/01\/Spotkanie-opiekunow-miejsc-swiatowego-dziedzictwa-w-Polsce_08-980x646.jpg 980w, https:\/\/nid.pl\/wp-content\/uploads\/2024\/01\/Spotkanie-opiekunow-miejsc-swiatowego-dziedzictwa-w-Polsce_08-480x317.jpg 480w\" sizes=\"(min-width: 0px) and (max-width: 480px) 480px, (min-width: 481px) and (max-width: 980px) 980px, (min-width: 981px) 1024px, 100vw\" \/><figcaption class=\"wp-element-caption\">dr Andrzej Siwek, Narodowy Instytut Dziedzictwa, spotkanie opiekun\u00f3w miejsc \u015bwiatowego dziedzictwa w Polsce, Krak\u00f3w, pa\u017adziernik 2023 r.<\/figcaption><\/figure>\n\n\n\n<figure class=\"wp-block-image aligncenter size-large is-resized\"><img loading=\"lazy\" decoding=\"async\" width=\"1024\" height=\"731\" src=\"https:\/\/nid.pl\/wp-content\/uploads\/2024\/01\/Spotkanie-opiekunow-miejsc-swiatowego-dziedzictwa-w-Polsce_09-1024x731.jpg\" alt=\"\" class=\"wp-image-15722\" style=\"width:679px;height:auto\" srcset=\"https:\/\/nid.pl\/wp-content\/uploads\/2024\/01\/Spotkanie-opiekunow-miejsc-swiatowego-dziedzictwa-w-Polsce_09-1024x731.jpg 1024w, https:\/\/nid.pl\/wp-content\/uploads\/2024\/01\/Spotkanie-opiekunow-miejsc-swiatowego-dziedzictwa-w-Polsce_09-980x699.jpg 980w, https:\/\/nid.pl\/wp-content\/uploads\/2024\/01\/Spotkanie-opiekunow-miejsc-swiatowego-dziedzictwa-w-Polsce_09-480x343.jpg 480w\" sizes=\"(min-width: 0px) and (max-width: 480px) 480px, (min-width: 481px) and (max-width: 980px) 980px, (min-width: 981px) 1024px, 100vw\" \/><figcaption class=\"wp-element-caption\">Spotkanie opiekun\u00f3w miejsc \u015bwiatowego dziedzictwa w Polsce, Krak\u00f3w, pa\u017adziernik 2023 r.<\/figcaption><\/figure>\n\n\n\n<figure class=\"wp-block-image aligncenter size-large is-resized\"><img loading=\"lazy\" decoding=\"async\" width=\"1024\" height=\"688\" src=\"https:\/\/nid.pl\/wp-content\/uploads\/2024\/01\/Spotkanie-opiekunow-miejsc-swiatowego-dziedzictwa-w-Polsce_10-1024x688.jpg\" alt=\"\" class=\"wp-image-15723\" style=\"width:677px;height:auto\" srcset=\"https:\/\/nid.pl\/wp-content\/uploads\/2024\/01\/Spotkanie-opiekunow-miejsc-swiatowego-dziedzictwa-w-Polsce_10-1024x688.jpg 1024w, https:\/\/nid.pl\/wp-content\/uploads\/2024\/01\/Spotkanie-opiekunow-miejsc-swiatowego-dziedzictwa-w-Polsce_10-980x659.jpg 980w, https:\/\/nid.pl\/wp-content\/uploads\/2024\/01\/Spotkanie-opiekunow-miejsc-swiatowego-dziedzictwa-w-Polsce_10-480x323.jpg 480w\" sizes=\"(min-width: 0px) and (max-width: 480px) 480px, (min-width: 481px) and (max-width: 980px) 980px, (min-width: 981px) 1024px, 100vw\" \/><figcaption class=\"wp-element-caption\">Karolina Idryjan, Narodowy Instytut Dziedzictwa, spotkanie opiekun\u00f3w miejsc \u015bwiatowego dziedzictwa w Polsce, <br>Krak\u00f3w, pa\u017adziernik 2023 r.<\/figcaption><\/figure>\n\n\n\n<figure class=\"wp-block-image aligncenter size-large is-resized\"><img loading=\"lazy\" decoding=\"async\" width=\"1024\" height=\"703\" src=\"https:\/\/nid.pl\/wp-content\/uploads\/2024\/01\/Spotkanie-opiekunow-miejsc-swiatowego-dziedzictwa-w-Polsce_11-1024x703.jpg\" alt=\"\" class=\"wp-image-15724\" style=\"width:687px;height:auto\" srcset=\"https:\/\/nid.pl\/wp-content\/uploads\/2024\/01\/Spotkanie-opiekunow-miejsc-swiatowego-dziedzictwa-w-Polsce_11-1024x703.jpg 1024w, https:\/\/nid.pl\/wp-content\/uploads\/2024\/01\/Spotkanie-opiekunow-miejsc-swiatowego-dziedzictwa-w-Polsce_11-980x672.jpg 980w, https:\/\/nid.pl\/wp-content\/uploads\/2024\/01\/Spotkanie-opiekunow-miejsc-swiatowego-dziedzictwa-w-Polsce_11-480x329.jpg 480w\" sizes=\"(min-width: 0px) and (max-width: 480px) 480px, (min-width: 481px) and (max-width: 980px) 980px, (min-width: 981px) 1024px, 100vw\" \/><figcaption class=\"wp-element-caption\">Spotkanie opiekun\u00f3w miejsc \u015bwiatowego dziedzictwa w Polsce, Krak\u00f3w, pa\u017adziernik 2023 r.<\/figcaption><\/figure>","protected":false},"excerpt":{"rendered":"<p>W Krakowie odby\u0142o si\u0119 kolejne spotkanie opiekun\u00f3w miejsc \u015bwiatowego dziedzictwa \u2013 zabytk\u00f3w wpisanych na List\u0119 \u015bwiatowego dziedzictwa UNESCO, znajduj\u0105cych si\u0119 na terenie Polski. 11 pa\u017adziernika 2023 r. w Krakowie odby\u0142o [&hellip;]<\/p>","protected":false},"author":7,"featured_media":15725,"comment_status":"closed","ping_status":"closed","sticky":false,"template":"","format":"standard","meta":{"_et_pb_use_builder":"off","_et_pb_old_content":"","_et_gb_content_width":"","_monsterinsights_skip_tracking":false,"_monsterinsights_sitenote_active":false,"_monsterinsights_sitenote_note":"","_monsterinsights_sitenote_category":0,"footnotes":""},"categories":[3],"tags":[],"class_list":["post-15712","post","type-post","status-publish","format-standard","has-post-thumbnail","hentry","category-aktualnosci"],"yoast_head":"<!-- This site is optimized with the Yoast SEO plugin v26.5 - https:\/\/yoast.com\/wordpress\/plugins\/seo\/ -->\n<title>Spotkanie opiekun\u00f3w miejsc \u015bwiatowego dziedzictwa w Polsce - NID<\/title>\n<meta name=\"robots\" content=\"index, follow, max-snippet:-1, max-image-preview:large, max-video-preview:-1\" \/>\n<link rel=\"canonical\" href=\"https:\/\/nid.pl\/en\/2023\/10\/13\/spotkanie-opiekunow-miejsc-swiatowego-dziedzictwa-w-polsce\/\" \/>\n<meta property=\"og:locale\" content=\"en_GB\" \/>\n<meta property=\"og:type\" content=\"article\" \/>\n<meta property=\"og:title\" content=\"Spotkanie opiekun\u00f3w miejsc \u015bwiatowego dziedzictwa w Polsce - NID\" \/>\n<meta property=\"og:description\" content=\"W Krakowie odby\u0142o si\u0119 kolejne spotkanie opiekun\u00f3w miejsc \u015bwiatowego dziedzictwa \u2013 zabytk\u00f3w wpisanych na List\u0119 \u015bwiatowego dziedzictwa UNESCO, znajduj\u0105cych si\u0119 na terenie Polski. 11 pa\u017adziernika 2023 r. w Krakowie odby\u0142o [&hellip;]\" \/>\n<meta property=\"og:url\" content=\"https:\/\/nid.pl\/en\/2023\/10\/13\/spotkanie-opiekunow-miejsc-swiatowego-dziedzictwa-w-polsce\/\" \/>\n<meta property=\"og:site_name\" content=\"NID\" \/>\n<meta property=\"article:publisher\" content=\"https:\/\/www.facebook.com\/zabytek\" \/>\n<meta property=\"article:published_time\" content=\"2023-10-13T13:19:00+00:00\" \/>\n<meta property=\"article:modified_time\" content=\"2024-01-09T14:43:02+00:00\" \/>\n<meta property=\"og:image\" content=\"https:\/\/nid.pl\/wp-content\/uploads\/2024\/01\/Spotkanie-opiekunow-miejsc-swiatowego-dziedzictwa-w-Polsce-Krakow-pazdziernik-2023-r.jpg\" \/>\n\t<meta property=\"og:image:width\" content=\"1850\" \/>\n\t<meta property=\"og:image:height\" content=\"1238\" \/>\n\t<meta property=\"og:image:type\" content=\"image\/jpeg\" \/>\n<meta name=\"author\" content=\"Barbara Halliop\" \/>\n<meta name=\"twitter:card\" content=\"summary_large_image\" \/>\n<meta name=\"twitter:creator\" content=\"@NarIDpl\" \/>\n<meta name=\"twitter:site\" content=\"@NarIDpl\" \/>\n<meta name=\"twitter:label1\" content=\"Written by\" \/>\n\t<meta name=\"twitter:data1\" content=\"Barbara Halliop\" \/>\n\t<meta name=\"twitter:label2\" content=\"Estimated reading time\" \/>\n\t<meta name=\"twitter:data2\" content=\"4 minutes\" \/>\n<script type=\"application\/ld+json\" class=\"yoast-schema-graph\">{\"@context\":\"https:\/\/schema.org\",\"@graph\":[{\"@type\":\"Article\",\"@id\":\"https:\/\/nid.pl\/2023\/10\/13\/spotkanie-opiekunow-miejsc-swiatowego-dziedzictwa-w-polsce\/#article\",\"isPartOf\":{\"@id\":\"https:\/\/nid.pl\/2023\/10\/13\/spotkanie-opiekunow-miejsc-swiatowego-dziedzictwa-w-polsce\/\"},\"author\":{\"name\":\"Barbara Halliop\",\"@id\":\"https:\/\/nid.pl\/#\/schema\/person\/1b690a8998a5111cfb9f0ffe24195a15\"},\"headline\":\"Spotkanie opiekun\u00f3w miejsc \u015bwiatowego dziedzictwa w Polsce\",\"datePublished\":\"2023-10-13T13:19:00+00:00\",\"dateModified\":\"2024-01-09T14:43:02+00:00\",\"mainEntityOfPage\":{\"@id\":\"https:\/\/nid.pl\/2023\/10\/13\/spotkanie-opiekunow-miejsc-swiatowego-dziedzictwa-w-polsce\/\"},\"wordCount\":486,\"publisher\":{\"@id\":\"https:\/\/nid.pl\/#organization\"},\"image\":{\"@id\":\"https:\/\/nid.pl\/2023\/10\/13\/spotkanie-opiekunow-miejsc-swiatowego-dziedzictwa-w-polsce\/#primaryimage\"},\"thumbnailUrl\":\"https:\/\/nid.pl\/wp-content\/uploads\/2024\/01\/Spotkanie-opiekunow-miejsc-swiatowego-dziedzictwa-w-Polsce-Krakow-pazdziernik-2023-r.jpg\",\"articleSection\":[\"Aktualno\u015bci\"],\"inLanguage\":\"en-GB\"},{\"@type\":\"WebPage\",\"@id\":\"https:\/\/nid.pl\/2023\/10\/13\/spotkanie-opiekunow-miejsc-swiatowego-dziedzictwa-w-polsce\/\",\"url\":\"https:\/\/nid.pl\/2023\/10\/13\/spotkanie-opiekunow-miejsc-swiatowego-dziedzictwa-w-polsce\/\",\"name\":\"Spotkanie opiekun\u00f3w miejsc \u015bwiatowego dziedzictwa w Polsce - NID\",\"isPartOf\":{\"@id\":\"https:\/\/nid.pl\/#website\"},\"primaryImageOfPage\":{\"@id\":\"https:\/\/nid.pl\/2023\/10\/13\/spotkanie-opiekunow-miejsc-swiatowego-dziedzictwa-w-polsce\/#primaryimage\"},\"image\":{\"@id\":\"https:\/\/nid.pl\/2023\/10\/13\/spotkanie-opiekunow-miejsc-swiatowego-dziedzictwa-w-polsce\/#primaryimage\"},\"thumbnailUrl\":\"https:\/\/nid.pl\/wp-content\/uploads\/2024\/01\/Spotkanie-opiekunow-miejsc-swiatowego-dziedzictwa-w-Polsce-Krakow-pazdziernik-2023-r.jpg\",\"datePublished\":\"2023-10-13T13:19:00+00:00\",\"dateModified\":\"2024-01-09T14:43:02+00:00\",\"breadcrumb\":{\"@id\":\"https:\/\/nid.pl\/2023\/10\/13\/spotkanie-opiekunow-miejsc-swiatowego-dziedzictwa-w-polsce\/#breadcrumb\"},\"inLanguage\":\"en-GB\",\"potentialAction\":[{\"@type\":\"ReadAction\",\"target\":[\"https:\/\/nid.pl\/2023\/10\/13\/spotkanie-opiekunow-miejsc-swiatowego-dziedzictwa-w-polsce\/\"]}]},{\"@type\":\"ImageObject\",\"inLanguage\":\"en-GB\",\"@id\":\"https:\/\/nid.pl\/2023\/10\/13\/spotkanie-opiekunow-miejsc-swiatowego-dziedzictwa-w-polsce\/#primaryimage\",\"url\":\"https:\/\/nid.pl\/wp-content\/uploads\/2024\/01\/Spotkanie-opiekunow-miejsc-swiatowego-dziedzictwa-w-Polsce-Krakow-pazdziernik-2023-r.jpg\",\"contentUrl\":\"https:\/\/nid.pl\/wp-content\/uploads\/2024\/01\/Spotkanie-opiekunow-miejsc-swiatowego-dziedzictwa-w-Polsce-Krakow-pazdziernik-2023-r.jpg\",\"width\":1850,\"height\":1238,\"caption\":\"Spotkanie opiekun\u00f3w miejsc \u015bwiatowego dziedzictwa w Polsce, Krak\u00f3w, pa\u017adziernik 2023 r.\"},{\"@type\":\"BreadcrumbList\",\"@id\":\"https:\/\/nid.pl\/2023\/10\/13\/spotkanie-opiekunow-miejsc-swiatowego-dziedzictwa-w-polsce\/#breadcrumb\",\"itemListElement\":[{\"@type\":\"ListItem\",\"position\":1,\"name\":\"Home\",\"item\":\"https:\/\/nid.pl\/\"},{\"@type\":\"ListItem\",\"position\":2,\"name\":\"Spotkanie opiekun\u00f3w miejsc \u015bwiatowego dziedzictwa w Polsce\"}]},{\"@type\":\"WebSite\",\"@id\":\"https:\/\/nid.pl\/#website\",\"url\":\"https:\/\/nid.pl\/\",\"name\":\"NID\",\"description\":\"Narodowy Instytut Dziedzictwa\",\"publisher\":{\"@id\":\"https:\/\/nid.pl\/#organization\"},\"potentialAction\":[{\"@type\":\"SearchAction\",\"target\":{\"@type\":\"EntryPoint\",\"urlTemplate\":\"https:\/\/nid.pl\/?s={search_term_string}\"},\"query-input\":{\"@type\":\"PropertyValueSpecification\",\"valueRequired\":true,\"valueName\":\"search_term_string\"}}],\"inLanguage\":\"en-GB\"},{\"@type\":\"Organization\",\"@id\":\"https:\/\/nid.pl\/#organization\",\"name\":\"Narodowy Instytut Dziedzictwa\",\"url\":\"https:\/\/nid.pl\/\",\"logo\":{\"@type\":\"ImageObject\",\"inLanguage\":\"en-GB\",\"@id\":\"https:\/\/nid.pl\/#\/schema\/logo\/image\/\",\"url\":\"https:\/\/nid.pl\/wp-content\/uploads\/2022\/10\/logoRedDark.png\",\"contentUrl\":\"https:\/\/nid.pl\/wp-content\/uploads\/2022\/10\/logoRedDark.png\",\"width\":200,\"height\":197,\"caption\":\"Narodowy Instytut Dziedzictwa\"},\"image\":{\"@id\":\"https:\/\/nid.pl\/#\/schema\/logo\/image\/\"},\"sameAs\":[\"https:\/\/www.facebook.com\/zabytek\",\"https:\/\/x.com\/NarIDpl\",\"https:\/\/www.instagram.com\/nid.pl\/?hl=pl\",\"https:\/\/www.linkedin.com\/company\/narodowy-instytut-dziedzictwa\",\"https:\/\/www.youtube.com\/channel\/UCQXuhKa2uHtmNvLRUSx40JA\"]},{\"@type\":\"Person\",\"@id\":\"https:\/\/nid.pl\/#\/schema\/person\/1b690a8998a5111cfb9f0ffe24195a15\",\"name\":\"Barbara Halliop\",\"image\":{\"@type\":\"ImageObject\",\"inLanguage\":\"en-GB\",\"@id\":\"https:\/\/nid.pl\/#\/schema\/person\/image\/\",\"url\":\"https:\/\/nid.pl\/wp-content\/litespeed\/avatar\/924046d17dd0c842c9fa9ccf489bc6dc.jpg?ver=1777444967\",\"contentUrl\":\"https:\/\/nid.pl\/wp-content\/litespeed\/avatar\/924046d17dd0c842c9fa9ccf489bc6dc.jpg?ver=1777444967\",\"caption\":\"Barbara Halliop\"},\"url\":\"https:\/\/nid.pl\/en\/author\/bhalliop\/\"}]}<\/script>\n<!-- \/ Yoast SEO plugin. -->","yoast_head_json":{"title":"Spotkanie opiekun\u00f3w miejsc \u015bwiatowego dziedzictwa w Polsce - NID","robots":{"index":"index","follow":"follow","max-snippet":"max-snippet:-1","max-image-preview":"max-image-preview:large","max-video-preview":"max-video-preview:-1"},"canonical":"https:\/\/nid.pl\/en\/2023\/10\/13\/spotkanie-opiekunow-miejsc-swiatowego-dziedzictwa-w-polsce\/","og_locale":"en_GB","og_type":"article","og_title":"Spotkanie opiekun\u00f3w miejsc \u015bwiatowego dziedzictwa w Polsce - NID","og_description":"W Krakowie odby\u0142o si\u0119 kolejne spotkanie opiekun\u00f3w miejsc \u015bwiatowego dziedzictwa \u2013 zabytk\u00f3w wpisanych na List\u0119 \u015bwiatowego dziedzictwa UNESCO, znajduj\u0105cych si\u0119 na terenie Polski. 11 pa\u017adziernika 2023 r. w Krakowie odby\u0142o [&hellip;]","og_url":"https:\/\/nid.pl\/en\/2023\/10\/13\/spotkanie-opiekunow-miejsc-swiatowego-dziedzictwa-w-polsce\/","og_site_name":"NID","article_publisher":"https:\/\/www.facebook.com\/zabytek","article_published_time":"2023-10-13T13:19:00+00:00","article_modified_time":"2024-01-09T14:43:02+00:00","og_image":[{"width":1850,"height":1238,"url":"https:\/\/nid.pl\/wp-content\/uploads\/2024\/01\/Spotkanie-opiekunow-miejsc-swiatowego-dziedzictwa-w-Polsce-Krakow-pazdziernik-2023-r.jpg","type":"image\/jpeg"}],"author":"Barbara Halliop","twitter_card":"summary_large_image","twitter_creator":"@NarIDpl","twitter_site":"@NarIDpl","twitter_misc":{"Written by":"Barbara Halliop","Estimated reading time":"4 minutes"},"schema":{"@context":"https:\/\/schema.org","@graph":[{"@type":"Article","@id":"https:\/\/nid.pl\/2023\/10\/13\/spotkanie-opiekunow-miejsc-swiatowego-dziedzictwa-w-polsce\/#article","isPartOf":{"@id":"https:\/\/nid.pl\/2023\/10\/13\/spotkanie-opiekunow-miejsc-swiatowego-dziedzictwa-w-polsce\/"},"author":{"name":"Barbara Halliop","@id":"https:\/\/nid.pl\/#\/schema\/person\/1b690a8998a5111cfb9f0ffe24195a15"},"headline":"Spotkanie opiekun\u00f3w miejsc \u015bwiatowego dziedzictwa w Polsce","datePublished":"2023-10-13T13:19:00+00:00","dateModified":"2024-01-09T14:43:02+00:00","mainEntityOfPage":{"@id":"https:\/\/nid.pl\/2023\/10\/13\/spotkanie-opiekunow-miejsc-swiatowego-dziedzictwa-w-polsce\/"},"wordCount":486,"publisher":{"@id":"https:\/\/nid.pl\/#organization"},"image":{"@id":"https:\/\/nid.pl\/2023\/10\/13\/spotkanie-opiekunow-miejsc-swiatowego-dziedzictwa-w-polsce\/#primaryimage"},"thumbnailUrl":"https:\/\/nid.pl\/wp-content\/uploads\/2024\/01\/Spotkanie-opiekunow-miejsc-swiatowego-dziedzictwa-w-Polsce-Krakow-pazdziernik-2023-r.jpg","articleSection":["Aktualno\u015bci"],"inLanguage":"en-GB"},{"@type":"WebPage","@id":"https:\/\/nid.pl\/2023\/10\/13\/spotkanie-opiekunow-miejsc-swiatowego-dziedzictwa-w-polsce\/","url":"https:\/\/nid.pl\/2023\/10\/13\/spotkanie-opiekunow-miejsc-swiatowego-dziedzictwa-w-polsce\/","name":"Spotkanie opiekun\u00f3w miejsc \u015bwiatowego dziedzictwa w Polsce - NID","isPartOf":{"@id":"https:\/\/nid.pl\/#website"},"primaryImageOfPage":{"@id":"https:\/\/nid.pl\/2023\/10\/13\/spotkanie-opiekunow-miejsc-swiatowego-dziedzictwa-w-polsce\/#primaryimage"},"image":{"@id":"https:\/\/nid.pl\/2023\/10\/13\/spotkanie-opiekunow-miejsc-swiatowego-dziedzictwa-w-polsce\/#primaryimage"},"thumbnailUrl":"https:\/\/nid.pl\/wp-content\/uploads\/2024\/01\/Spotkanie-opiekunow-miejsc-swiatowego-dziedzictwa-w-Polsce-Krakow-pazdziernik-2023-r.jpg","datePublished":"2023-10-13T13:19:00+00:00","dateModified":"2024-01-09T14:43:02+00:00","breadcrumb":{"@id":"https:\/\/nid.pl\/2023\/10\/13\/spotkanie-opiekunow-miejsc-swiatowego-dziedzictwa-w-polsce\/#breadcrumb"},"inLanguage":"en-GB","potentialAction":[{"@type":"ReadAction","target":["https:\/\/nid.pl\/2023\/10\/13\/spotkanie-opiekunow-miejsc-swiatowego-dziedzictwa-w-polsce\/"]}]},{"@type":"ImageObject","inLanguage":"en-GB","@id":"https:\/\/nid.pl\/2023\/10\/13\/spotkanie-opiekunow-miejsc-swiatowego-dziedzictwa-w-polsce\/#primaryimage","url":"https:\/\/nid.pl\/wp-content\/uploads\/2024\/01\/Spotkanie-opiekunow-miejsc-swiatowego-dziedzictwa-w-Polsce-Krakow-pazdziernik-2023-r.jpg","contentUrl":"https:\/\/nid.pl\/wp-content\/uploads\/2024\/01\/Spotkanie-opiekunow-miejsc-swiatowego-dziedzictwa-w-Polsce-Krakow-pazdziernik-2023-r.jpg","width":1850,"height":1238,"caption":"Spotkanie opiekun\u00f3w miejsc \u015bwiatowego dziedzictwa w Polsce, Krak\u00f3w, pa\u017adziernik 2023 r."},{"@type":"BreadcrumbList","@id":"https:\/\/nid.pl\/2023\/10\/13\/spotkanie-opiekunow-miejsc-swiatowego-dziedzictwa-w-polsce\/#breadcrumb","itemListElement":[{"@type":"ListItem","position":1,"name":"Home","item":"https:\/\/nid.pl\/"},{"@type":"ListItem","position":2,"name":"Spotkanie opiekun\u00f3w miejsc \u015bwiatowego dziedzictwa w Polsce"}]},{"@type":"WebSite","@id":"https:\/\/nid.pl\/#website","url":"https:\/\/nid.pl\/","name":"NID","description":"Narodowy Instytut Dziedzictwa","publisher":{"@id":"https:\/\/nid.pl\/#organization"},"potentialAction":[{"@type":"SearchAction","target":{"@type":"EntryPoint","urlTemplate":"https:\/\/nid.pl\/?s={search_term_string}"},"query-input":{"@type":"PropertyValueSpecification","valueRequired":true,"valueName":"search_term_string"}}],"inLanguage":"en-GB"},{"@type":"Organization","@id":"https:\/\/nid.pl\/#organization","name":"Narodowy Instytut Dziedzictwa","url":"https:\/\/nid.pl\/","logo":{"@type":"ImageObject","inLanguage":"en-GB","@id":"https:\/\/nid.pl\/#\/schema\/logo\/image\/","url":"https:\/\/nid.pl\/wp-content\/uploads\/2022\/10\/logoRedDark.png","contentUrl":"https:\/\/nid.pl\/wp-content\/uploads\/2022\/10\/logoRedDark.png","width":200,"height":197,"caption":"Narodowy Instytut Dziedzictwa"},"image":{"@id":"https:\/\/nid.pl\/#\/schema\/logo\/image\/"},"sameAs":["https:\/\/www.facebook.com\/zabytek","https:\/\/x.com\/NarIDpl","https:\/\/www.instagram.com\/nid.pl\/?hl=pl","https:\/\/www.linkedin.com\/company\/narodowy-instytut-dziedzictwa","https:\/\/www.youtube.com\/channel\/UCQXuhKa2uHtmNvLRUSx40JA"]},{"@type":"Person","@id":"https:\/\/nid.pl\/#\/schema\/person\/1b690a8998a5111cfb9f0ffe24195a15","name":"Barbara Halliop","image":{"@type":"ImageObject","inLanguage":"en-GB","@id":"https:\/\/nid.pl\/#\/schema\/person\/image\/","url":"https:\/\/nid.pl\/wp-content\/litespeed\/avatar\/924046d17dd0c842c9fa9ccf489bc6dc.jpg?ver=1777444967","contentUrl":"https:\/\/nid.pl\/wp-content\/litespeed\/avatar\/924046d17dd0c842c9fa9ccf489bc6dc.jpg?ver=1777444967","caption":"Barbara Halliop"},"url":"https:\/\/nid.pl\/en\/author\/bhalliop\/"}]}},"_links":{"self":[{"href":"https:\/\/nid.pl\/en\/wp-json\/wp\/v2\/posts\/15712","targetHints":{"allow":["GET"]}}],"collection":[{"href":"https:\/\/nid.pl\/en\/wp-json\/wp\/v2\/posts"}],"about":[{"href":"https:\/\/nid.pl\/en\/wp-json\/wp\/v2\/types\/post"}],"author":[{"embeddable":true,"href":"https:\/\/nid.pl\/en\/wp-json\/wp\/v2\/users\/7"}],"replies":[{"embeddable":true,"href":"https:\/\/nid.pl\/en\/wp-json\/wp\/v2\/comments?post=15712"}],"version-history":[{"count":0,"href":"https:\/\/nid.pl\/en\/wp-json\/wp\/v2\/posts\/15712\/revisions"}],"wp:featuredmedia":[{"embeddable":true,"href":"https:\/\/nid.pl\/en\/wp-json\/wp\/v2\/media\/15725"}],"wp:attachment":[{"href":"https:\/\/nid.pl\/en\/wp-json\/wp\/v2\/media?parent=15712"}],"wp:term":[{"taxonomy":"category","embeddable":true,"href":"https:\/\/nid.pl\/en\/wp-json\/wp\/v2\/categories?post=15712"},{"taxonomy":"post_tag","embeddable":true,"href":"https:\/\/nid.pl\/en\/wp-json\/wp\/v2\/tags?post=15712"}],"curies":[{"name":"wp","href":"https:\/\/api.w.org\/{rel}","templated":true}]}}