{"id":15694,"date":"2024-01-05T15:58:30","date_gmt":"2024-01-05T14:58:30","guid":{"rendered":"https:\/\/nid.pl\/?p=15694"},"modified":"2024-01-05T15:58:31","modified_gmt":"2024-01-05T14:58:31","slug":"swieto-trzech-kroli-symbolika-tradycje-i-zwyczaje","status":"publish","type":"post","link":"https:\/\/nid.pl\/en\/2024\/01\/05\/swieto-trzech-kroli-symbolika-tradycje-i-zwyczaje\/","title":{"rendered":"\u015awi\u0119to Trzech Kr\u00f3li: symbolika, tradycje i zwyczaje"},"content":{"rendered":"<p>\u015awi\u0119to Objawienia Pa\u0144skiego potocznie zwane \u015bwi\u0119tem Trzech Kr\u00f3li jest jednym z najstarszych w tradycji chrze\u015bcija\u0144skiej. Wsp\u00f3\u0142cze\u015bnie w tym dniu, odprawiana jest msza \u015bwi\u0119ta, podczas kt\u00f3rej \u015bwi\u0119ci si\u0119 mirr\u0119 i kred\u0119, a ulice miast i wsi o\u017cywaj\u0105 kolorowymi orszakami Trzech Kr\u00f3li. W dawnych czasach w Polsce obchodzono \u015awi\u0119to Objawienia Pa\u0144skiego w nieco inny spos\u00f3b. Mi\u0119dzy innymi obdarowywano si\u0119 szczodrakami i wybierano migda\u0142owego kr\u00f3la.<\/p>\n\n\n\n<p>\u015awi\u0119to, przypadaj\u0105ce 6 stycznia, Ko\u015bci\u00f3\u0142 celebruje od III wieku i stanowi zako\u0144czenie cyklu uroczysto\u015bci zwi\u0105zanych z narodzeniem Chrystusa. W chrze\u015bcija\u0144skiej tradycji, Trzej M\u0119drcy z Wschodu, znani jako Kacper, Melchior i Baltazar, pod\u0105\u017cali za Gwiazd\u0105 Betlejemsk\u0105 w kierunku miejsca narodzin Jezusa. Ich celem by\u0142o oddanie mu ho\u0142du, uznawanie jego boskiej natury oraz przekazanie dar\u00f3w w postaci z\u0142ota, mirry i kadzid\u0142a.<\/p>\n\n\n\n<p>Ka\u017cdy z ofiarowanych dar\u00f3w ma znaczenie symboliczne: z\u0142oto symbolizuje godno\u015b\u0107 kr\u00f3lewsk\u0105, mirra jest odniesieniem do wype\u0142nienia proroctw mesja\u0144skich i zapowiedzi m\u0119ki Chrystusa na krzy\u017cu. Kadzid\u0142o natomiast reprezentuje godno\u015b\u0107 kap\u0142a\u0144sk\u0105. Akty sk\u0142adania ho\u0142du i ofiarowania dar\u00f3w s\u0105 wyrazem wiary w Chrystusa jako prawdziwego cz\u0142owieka (mirra), prawdziwego Boga (kadzid\u0142o) oraz prawdziwego kr\u00f3la (z\u0142oto).<\/p>\n\n\n\n<p>Pierwsi wyznawcy chrze\u015bcija\u0144stwa obchodzili w tym dniu Bo\u017ce Narodzenie. Praktyk\u0119 t\u0119 kontynuuj\u0105 do dzi\u015b wsp\u00f3lnoty chrze\u015bcijan obrz\u0105dku wschodniego &#8211; wyznawcy Prawos\u0142awia i grekokatolicy. Dopiero pod koniec IV wieku do liturgii Ko\u015bcio\u0142a Powszechnego wprowadzono dwie osobne uroczysto\u015bci: Bo\u017ce Narodzenie obchodzone 25 grudnia oraz \u015bwi\u0119to Trzech Kr\u00f3li &#8211; Objawienia Pa\u0144skiego &#8211; celebrowane 6 stycznia. To ostatnie zamyka cykl uroczysto\u015bci religijnych zwi\u0105zanych z Bo\u017cym Narodzeniem.<\/p>\n\n\n\n<p><strong>Wigilia \u015bwi\u0119ta Objawienia Pa\u0144skiego<\/strong><\/p>\n\n\n\n<p>W dniu poprzedzaj\u0105cym \u015bwi\u0119to Trzech Kr\u00f3li, tradycj\u0105 by\u0142o zgaszenie starego ognia w domach. W dzie\u0144 Objawienia Pa\u0144skiego wzniecano nowe p\u0142omienie w piecach, korzystaj\u0105c z ognia pochodz\u0105cego ze \u015bwiec ko\u015bcielnych, kt\u00f3re zapala\u0142 duchowny podczas mszy. Po rozpaleniu nowego ognia, zakazywano przynoszenia do domu jakiejkolwiek innego p\u0142omienia, poniewa\u017c wierzy\u0142o si\u0119, \u017ce wraz z nim mog\u0105 przyj\u015b\u0107 nieszcz\u0119\u015bcia, a dom lub gospodarstwo mog\u0105 by\u0107 zagro\u017cone po\u017carem.<\/p>\n\n\n\n<p>Dawniej te\u017c, w wigili\u0119 \u015bwi\u0119ta Trzech Kr\u00f3li, panny odwiedza\u0142y domy potencjalnych pretendent\u00f3w do r\u0119ki. Wsp\u00f3lnie \u015bpiewano kol\u0119dy, a p\u00f3\u017aniej mieszka\u0144cy wsi i miast gromadzili si\u0119 w jednym miejscu, aby wsp\u00f3lnie celebrowa\u0107 nadchodz\u0105ce \u015bwi\u0119to Objawienia Pa\u0144skiego.<\/p>\n\n\n\n<p>Na Kurpiach, Warmii i Mazurach tego dnia jak i przed Nowym Rokiem pieczono i rozdawano dzieciom figurki zwierz\u0119ce z ciasta, a tak\u017ce nowe latka \u2013 figurki zwierz\u0119ce na okr\u0119gu. Wieszano je obok \u015bwi\u0119tych obraz\u00f3w na szcz\u0119\u015bcie i pomy\u015blno\u015b\u0107.<\/p>\n\n\n\n<p><strong>6 stycznia &#8211; dzie\u0144 obfito\u015bci<\/strong><\/p>\n\n\n\n<p>W dawnej Polsce ze \u015bwi\u0119tem tym wi\u0105za\u0142y si\u0119 r\u00f3\u017cne zwyczaje. \u015awi\u0119to Trzech Kr\u00f3li, by\u0142o ostatnim spo\u015br\u00f3d dwunastu szczodrych dni. By\u0142, wi\u0119c to dzie\u0144 pocz\u0119stunk\u00f3w, odwiedzin, wr\u0119czania sobie drobnych dar\u00f3w. Do dom\u00f3w przychodzili r\u00f3\u017cni kol\u0119dnicy: z gwiazd\u0105, z szopk\u0105, Herody, maszkary zwierz\u0119ce \u2013 turo\u0144, konik czy koza,\u00a0 a tak\u017ce ch\u0142opcy przebrani za Trzech Kr\u00f3li, w poz\u0142acanych &#8211; niekiedy &#8211; w szatach liturgicznych, starych i podniszczonych kapach i ornatach, wypo\u017cyczonych z zakrystii ko\u015bcielnej. Tak jak inni kol\u0119dnicy, sk\u0142adali gospodarzom \u017cyczenia i wypraszali datki.<\/p>\n\n\n\n<p>Na upami\u0119tnienie warto\u015bciowych dar\u00f3w \u2013 mirry, kadzid\u0142a i z\u0142ota, kt\u00f3re Trzej Kr\u00f3lowie ofiarowali Dzieci\u0105tku Jezus wiele wiek\u00f3w temu \u2013 w dniu ich \u015bwi\u0119ta, polscy kr\u00f3lowie obdarowywali swoich dworzan. Drobniejsze upominki trafia\u0142y r\u00f3wnie\u017c do czeladzi dworskiej. Wzajemne upominki wymieniali krewni z zamo\u017cnych rodzin. W ka\u017cdym domu, zar\u00f3wno na wsi, jak i w mie\u015bcie, rozdawano dzieciom czerwone jab\u0142ka i orzechy, maj\u0105ce przynie\u015b\u0107 im rumie\u0144ce zdrowia oraz mocne z\u0119by. Nikt nie by\u0142 pomijany w dzie\u0144 Trzech Kr\u00f3li \u2013 wsz\u0119dzie obficie podawano jedzenie i ja\u0142mu\u017cn\u0119. Kol\u0119dnik\u00f3w, kt\u00f3rzy odwiedzali domy, hojnie goszczono, wr\u0119czaj\u0105c im pieczone bu\u0142ki i pierogi zwane szczodrakami.<\/p>\n\n\n\n<p><strong>Migda\u0142owy kr\u00f3l<\/strong><\/p>\n\n\n\n<p>W miastach i na szlacheckich dworach, bawiono si\u0119 w wybory migda\u0142owego kr\u00f3la. Tradycja ta, znana w Europie Zachodniej, w krajach takich jak Francja czy Anglia, z czasem przyj\u0119\u0142a si\u0119 r\u00f3wnie\u017c w Polsce. Do wyboru kr\u00f3la migda\u0142owego wykorzystywano specjalne wypieki, takie jak pierniki czy s\u0142odkie ro\u017cki. W jednym z nich ukrywano migda\u0142, a osoba, kt\u00f3ra go odnajdywa\u0142a, og\u0142aszana by\u0142a kr\u00f3lem migda\u0142owym. Podobna procedura elekcyjna odbywa\u0142a si\u0119 przy wyborze migda\u0142owej kr\u00f3lowej. Para kr\u00f3lewska, zajmowa\u0142a honorowe miejsce przy stole, ale opr\u00f3cz tego, mia\u0142a te\u017c zabawia\u0107 go\u015bci. Obowi\u0105zki te spoczywa\u0142y przede wszystkim na migda\u0142owym kr\u00f3lu, kt\u00f3ry musia\u0142 organizowa\u0107 dla obecnych dam ta\u0144ce i salonowe gry towarzyskie. Cz\u0119sto, obie postaci w splendorze tego tytu\u0142u chodzi\u0142y, a\u017c do ko\u0144ca karnawa\u0142u.<\/p>\n\n\n\n<p><strong>Zwyczaj znakowania dom\u00f3w<\/strong><\/p>\n\n\n\n<p>W dzisiejszych czasach \u015bwi\u0119to Trzech Kr\u00f3li to g\u0142\u00f3wnie ceremonia religijna, w trakcie kt\u00f3rej \u015bwi\u0119ci si\u0119 kawa\u0142ki kredy i mirr\u0119 (czyli wonn\u0105 \u017cywic\u0119). Jeszcze niedawno, zw\u0142aszcza na po\u0142udniu Polski, szczeg\u00f3lnie na wsi, w tym dniu ludzie \u015bwi\u0119cili najmniejsze ozdoby, jak chocia\u017cby skromn\u0105 bi\u017cuteri\u0119, wierz\u0105c, \u017ce przynios\u0105 one swoim posiadaczom szcz\u0119\u015bcie i dobrobyt.<\/p>\n\n\n\n<p>Wsp\u00f3\u0142cze\u015bnie nadal, podczas ka\u017cdej mszy \u015bwi\u0119tej, \u015bwi\u0119ci si\u0119\u00a0kadzid\u0142o i kred\u0119, kt\u00f3r\u0105\u00a0na drzwiach dom\u00f3w pisze si\u0119 litery \u201eC+M+B\u201d oraz bie\u017c\u0105cy rok. Napis nawi\u0105zuje do \u0142aci\u0144skiej sentencji:\u00a0<em>Christus mansionem benedicat<\/em>\u00a0\u2013 <em>Niech Chrystus b\u0142ogos\u0142awi (ten) dom<\/em>. Powszechna jest r\u00f3wnie\u017c forma \u201eK+M+B\u201d, maj\u0105ca \u017ar\u00f3d\u0142o w legendzie \u015bredniowiecznej o Trzech Kr\u00f3lach: Kacprze, Melchiorze i Baltazarze nawi\u0105zuj\u0105ca do \u00a0pierwszych liter imion M\u0119drc\u00f3w. \u00a0Prawdopodobnie z biegiem lat, w procesie praktykowania tego zwyczaju, litera &#8220;C&#8221; zacz\u0119\u0142a by\u0107 zast\u0119powana przez liter\u0119 &#8220;K&#8221;. Sama za\u015b tradycja znakowania wej\u015b\u0107 do dom\u00f3w nawi\u0105zuje do Starego Testamentu i Ksi\u0119gi Wyj\u015bcia, gdzie opisano dziesi\u0119\u0107 plag biblijnych nawiedzaj\u0105cych Egipt. Jedna z tych plag opowiada o Izraelitach, kt\u00f3rzy oznaczyli wej\u015bcia do swoich dom\u00f3w krwi\u0105 baranka, co mia\u0142o uchroni\u0107 ich przed kar\u0105 bo\u017c\u0105.<\/p>\n\n\n\n<p>Do dzi\u015b praktykowany jest zwyczaj okadzania domu specjalnie po\u015bwi\u0119conym kadzid\u0142em. Zwyczaj ten ma na celu zapewnienie ochrony przed nieszcz\u0119\u015bciami i chorobami. W okolicach Przeworska 6 stycznia \u015bwi\u0119cono r\u00f3wnie\u017c czosnek i cebul\u0119. S\u0142u\u017cy\u0142y one p\u00f3\u017aniej do nacierania r\u0105k i n\u00f3g osobom cierpi\u0105cym na reumatyzm.<\/p>\n\n\n\n<figure class=\"wp-block-image aligncenter size-large is-resized\"><img loading=\"lazy\" decoding=\"async\" width=\"1024\" height=\"470\" src=\"https:\/\/nid.pl\/wp-content\/uploads\/2024\/01\/Tryptyk-Poklon-Trzech-Kroli-autor-K.-Sichulski-1024x470.jpg\" alt=\"\" class=\"wp-image-15697\" style=\"width:715px;height:auto\" srcset=\"https:\/\/nid.pl\/wp-content\/uploads\/2024\/01\/Tryptyk-Poklon-Trzech-Kroli-autor-K.-Sichulski-980x450.jpg 980w, https:\/\/nid.pl\/wp-content\/uploads\/2024\/01\/Tryptyk-Poklon-Trzech-Kroli-autor-K.-Sichulski-480x220.jpg 480w\" sizes=\"(min-width: 0px) and (max-width: 480px) 480px, (min-width: 481px) and (max-width: 980px) 980px, (min-width: 981px) 1024px, 100vw\" \/><figcaption class=\"wp-element-caption\">Kazimierz Sichulski &#8220;Pok\u0142on trzech kr\u00f3li&#8221;, tryptyk, 1913 r.<\/figcaption><\/figure>","protected":false},"excerpt":{"rendered":"<p>\u015awi\u0119to Objawienia Pa\u0144skiego potocznie zwane \u015bwi\u0119tem Trzech Kr\u00f3li jest jednym z najstarszych w tradycji chrze\u015bcija\u0144skiej. Wsp\u00f3\u0142cze\u015bnie w tym dniu, odprawiana jest msza \u015bwi\u0119ta, podczas kt\u00f3rej \u015bwi\u0119ci si\u0119 mirr\u0119 i kred\u0119, [&hellip;]<\/p>","protected":false},"author":7,"featured_media":15698,"comment_status":"closed","ping_status":"closed","sticky":false,"template":"","format":"standard","meta":{"_et_pb_use_builder":"off","_et_pb_old_content":"","_et_gb_content_width":"","_monsterinsights_skip_tracking":false,"_monsterinsights_sitenote_active":false,"_monsterinsights_sitenote_note":"","_monsterinsights_sitenote_category":0,"footnotes":""},"categories":[3],"tags":[],"class_list":["post-15694","post","type-post","status-publish","format-standard","has-post-thumbnail","hentry","category-aktualnosci"],"yoast_head":"<!-- This site is optimized with the Yoast SEO plugin v26.5 - https:\/\/yoast.com\/wordpress\/plugins\/seo\/ -->\n<title>\u015awi\u0119to Trzech Kr\u00f3li: symbolika, tradycje i zwyczaje - NID<\/title>\n<meta name=\"robots\" content=\"index, follow, max-snippet:-1, max-image-preview:large, max-video-preview:-1\" \/>\n<link rel=\"canonical\" href=\"https:\/\/nid.pl\/en\/2024\/01\/05\/swieto-trzech-kroli-symbolika-tradycje-i-zwyczaje\/\" \/>\n<meta property=\"og:locale\" content=\"en_GB\" \/>\n<meta property=\"og:type\" content=\"article\" \/>\n<meta property=\"og:title\" content=\"\u015awi\u0119to Trzech Kr\u00f3li: symbolika, tradycje i zwyczaje - NID\" \/>\n<meta property=\"og:description\" content=\"\u015awi\u0119to Objawienia Pa\u0144skiego potocznie zwane \u015bwi\u0119tem Trzech Kr\u00f3li jest jednym z najstarszych w tradycji chrze\u015bcija\u0144skiej. Wsp\u00f3\u0142cze\u015bnie w tym dniu, odprawiana jest msza \u015bwi\u0119ta, podczas kt\u00f3rej \u015bwi\u0119ci si\u0119 mirr\u0119 i kred\u0119, [&hellip;]\" \/>\n<meta property=\"og:url\" content=\"https:\/\/nid.pl\/en\/2024\/01\/05\/swieto-trzech-kroli-symbolika-tradycje-i-zwyczaje\/\" \/>\n<meta property=\"og:site_name\" content=\"NID\" \/>\n<meta property=\"article:publisher\" content=\"https:\/\/www.facebook.com\/zabytek\" \/>\n<meta property=\"article:published_time\" content=\"2024-01-05T14:58:30+00:00\" \/>\n<meta property=\"article:modified_time\" content=\"2024-01-05T14:58:31+00:00\" \/>\n<meta property=\"og:image\" content=\"https:\/\/nid.pl\/wp-content\/uploads\/2024\/01\/Poklon-Trzech-Kroli-tryptyk-autor-K.-Sichulski.jpg\" \/>\n\t<meta property=\"og:image:width\" content=\"1850\" \/>\n\t<meta property=\"og:image:height\" content=\"1238\" \/>\n\t<meta property=\"og:image:type\" content=\"image\/jpeg\" \/>\n<meta name=\"author\" content=\"Barbara Halliop\" \/>\n<meta name=\"twitter:card\" content=\"summary_large_image\" \/>\n<meta name=\"twitter:creator\" content=\"@NarIDpl\" \/>\n<meta name=\"twitter:site\" content=\"@NarIDpl\" \/>\n<meta name=\"twitter:label1\" content=\"Written by\" \/>\n\t<meta name=\"twitter:data1\" content=\"Barbara Halliop\" \/>\n\t<meta name=\"twitter:label2\" content=\"Estimated reading time\" \/>\n\t<meta name=\"twitter:data2\" content=\"1 minute\" \/>\n<script type=\"application\/ld+json\" class=\"yoast-schema-graph\">{\"@context\":\"https:\/\/schema.org\",\"@graph\":[{\"@type\":\"Article\",\"@id\":\"https:\/\/nid.pl\/2024\/01\/05\/swieto-trzech-kroli-symbolika-tradycje-i-zwyczaje\/#article\",\"isPartOf\":{\"@id\":\"https:\/\/nid.pl\/2024\/01\/05\/swieto-trzech-kroli-symbolika-tradycje-i-zwyczaje\/\"},\"author\":{\"name\":\"Barbara Halliop\",\"@id\":\"https:\/\/nid.pl\/#\/schema\/person\/1b690a8998a5111cfb9f0ffe24195a15\"},\"headline\":\"\u015awi\u0119to Trzech Kr\u00f3li: symbolika, tradycje i zwyczaje\",\"datePublished\":\"2024-01-05T14:58:30+00:00\",\"dateModified\":\"2024-01-05T14:58:31+00:00\",\"mainEntityOfPage\":{\"@id\":\"https:\/\/nid.pl\/2024\/01\/05\/swieto-trzech-kroli-symbolika-tradycje-i-zwyczaje\/\"},\"wordCount\":1159,\"publisher\":{\"@id\":\"https:\/\/nid.pl\/#organization\"},\"image\":{\"@id\":\"https:\/\/nid.pl\/2024\/01\/05\/swieto-trzech-kroli-symbolika-tradycje-i-zwyczaje\/#primaryimage\"},\"thumbnailUrl\":\"https:\/\/nid.pl\/wp-content\/uploads\/2024\/01\/Poklon-Trzech-Kroli-tryptyk-autor-K.-Sichulski.jpg\",\"articleSection\":[\"Aktualno\u015bci\"],\"inLanguage\":\"en-GB\"},{\"@type\":\"WebPage\",\"@id\":\"https:\/\/nid.pl\/2024\/01\/05\/swieto-trzech-kroli-symbolika-tradycje-i-zwyczaje\/\",\"url\":\"https:\/\/nid.pl\/2024\/01\/05\/swieto-trzech-kroli-symbolika-tradycje-i-zwyczaje\/\",\"name\":\"\u015awi\u0119to Trzech Kr\u00f3li: symbolika, tradycje i zwyczaje - NID\",\"isPartOf\":{\"@id\":\"https:\/\/nid.pl\/#website\"},\"primaryImageOfPage\":{\"@id\":\"https:\/\/nid.pl\/2024\/01\/05\/swieto-trzech-kroli-symbolika-tradycje-i-zwyczaje\/#primaryimage\"},\"image\":{\"@id\":\"https:\/\/nid.pl\/2024\/01\/05\/swieto-trzech-kroli-symbolika-tradycje-i-zwyczaje\/#primaryimage\"},\"thumbnailUrl\":\"https:\/\/nid.pl\/wp-content\/uploads\/2024\/01\/Poklon-Trzech-Kroli-tryptyk-autor-K.-Sichulski.jpg\",\"datePublished\":\"2024-01-05T14:58:30+00:00\",\"dateModified\":\"2024-01-05T14:58:31+00:00\",\"breadcrumb\":{\"@id\":\"https:\/\/nid.pl\/2024\/01\/05\/swieto-trzech-kroli-symbolika-tradycje-i-zwyczaje\/#breadcrumb\"},\"inLanguage\":\"en-GB\",\"potentialAction\":[{\"@type\":\"ReadAction\",\"target\":[\"https:\/\/nid.pl\/2024\/01\/05\/swieto-trzech-kroli-symbolika-tradycje-i-zwyczaje\/\"]}]},{\"@type\":\"ImageObject\",\"inLanguage\":\"en-GB\",\"@id\":\"https:\/\/nid.pl\/2024\/01\/05\/swieto-trzech-kroli-symbolika-tradycje-i-zwyczaje\/#primaryimage\",\"url\":\"https:\/\/nid.pl\/wp-content\/uploads\/2024\/01\/Poklon-Trzech-Kroli-tryptyk-autor-K.-Sichulski.jpg\",\"contentUrl\":\"https:\/\/nid.pl\/wp-content\/uploads\/2024\/01\/Poklon-Trzech-Kroli-tryptyk-autor-K.-Sichulski.jpg\",\"width\":1850,\"height\":1238,\"caption\":\"tryptyk Pok\u0142on Trzech Kr\u00f3li autorstwa Kazimierza Sichulskiego\"},{\"@type\":\"BreadcrumbList\",\"@id\":\"https:\/\/nid.pl\/2024\/01\/05\/swieto-trzech-kroli-symbolika-tradycje-i-zwyczaje\/#breadcrumb\",\"itemListElement\":[{\"@type\":\"ListItem\",\"position\":1,\"name\":\"Home\",\"item\":\"https:\/\/nid.pl\/\"},{\"@type\":\"ListItem\",\"position\":2,\"name\":\"\u015awi\u0119to Trzech Kr\u00f3li: symbolika, tradycje i zwyczaje\"}]},{\"@type\":\"WebSite\",\"@id\":\"https:\/\/nid.pl\/#website\",\"url\":\"https:\/\/nid.pl\/\",\"name\":\"NID\",\"description\":\"Narodowy Instytut Dziedzictwa\",\"publisher\":{\"@id\":\"https:\/\/nid.pl\/#organization\"},\"potentialAction\":[{\"@type\":\"SearchAction\",\"target\":{\"@type\":\"EntryPoint\",\"urlTemplate\":\"https:\/\/nid.pl\/?s={search_term_string}\"},\"query-input\":{\"@type\":\"PropertyValueSpecification\",\"valueRequired\":true,\"valueName\":\"search_term_string\"}}],\"inLanguage\":\"en-GB\"},{\"@type\":\"Organization\",\"@id\":\"https:\/\/nid.pl\/#organization\",\"name\":\"Narodowy Instytut Dziedzictwa\",\"url\":\"https:\/\/nid.pl\/\",\"logo\":{\"@type\":\"ImageObject\",\"inLanguage\":\"en-GB\",\"@id\":\"https:\/\/nid.pl\/#\/schema\/logo\/image\/\",\"url\":\"https:\/\/nid.pl\/wp-content\/uploads\/2022\/10\/logoRedDark.png\",\"contentUrl\":\"https:\/\/nid.pl\/wp-content\/uploads\/2022\/10\/logoRedDark.png\",\"width\":200,\"height\":197,\"caption\":\"Narodowy Instytut Dziedzictwa\"},\"image\":{\"@id\":\"https:\/\/nid.pl\/#\/schema\/logo\/image\/\"},\"sameAs\":[\"https:\/\/www.facebook.com\/zabytek\",\"https:\/\/x.com\/NarIDpl\",\"https:\/\/www.instagram.com\/nid.pl\/?hl=pl\",\"https:\/\/www.linkedin.com\/company\/narodowy-instytut-dziedzictwa\",\"https:\/\/www.youtube.com\/channel\/UCQXuhKa2uHtmNvLRUSx40JA\"]},{\"@type\":\"Person\",\"@id\":\"https:\/\/nid.pl\/#\/schema\/person\/1b690a8998a5111cfb9f0ffe24195a15\",\"name\":\"Barbara Halliop\",\"image\":{\"@type\":\"ImageObject\",\"inLanguage\":\"en-GB\",\"@id\":\"https:\/\/nid.pl\/#\/schema\/person\/image\/\",\"url\":\"https:\/\/nid.pl\/wp-content\/litespeed\/avatar\/924046d17dd0c842c9fa9ccf489bc6dc.jpg?ver=1777444967\",\"contentUrl\":\"https:\/\/nid.pl\/wp-content\/litespeed\/avatar\/924046d17dd0c842c9fa9ccf489bc6dc.jpg?ver=1777444967\",\"caption\":\"Barbara Halliop\"},\"url\":\"https:\/\/nid.pl\/en\/author\/bhalliop\/\"}]}<\/script>\n<!-- \/ Yoast SEO plugin. -->","yoast_head_json":{"title":"\u015awi\u0119to Trzech Kr\u00f3li: symbolika, tradycje i zwyczaje - NID","robots":{"index":"index","follow":"follow","max-snippet":"max-snippet:-1","max-image-preview":"max-image-preview:large","max-video-preview":"max-video-preview:-1"},"canonical":"https:\/\/nid.pl\/en\/2024\/01\/05\/swieto-trzech-kroli-symbolika-tradycje-i-zwyczaje\/","og_locale":"en_GB","og_type":"article","og_title":"\u015awi\u0119to Trzech Kr\u00f3li: symbolika, tradycje i zwyczaje - NID","og_description":"\u015awi\u0119to Objawienia Pa\u0144skiego potocznie zwane \u015bwi\u0119tem Trzech Kr\u00f3li jest jednym z najstarszych w tradycji chrze\u015bcija\u0144skiej. Wsp\u00f3\u0142cze\u015bnie w tym dniu, odprawiana jest msza \u015bwi\u0119ta, podczas kt\u00f3rej \u015bwi\u0119ci si\u0119 mirr\u0119 i kred\u0119, [&hellip;]","og_url":"https:\/\/nid.pl\/en\/2024\/01\/05\/swieto-trzech-kroli-symbolika-tradycje-i-zwyczaje\/","og_site_name":"NID","article_publisher":"https:\/\/www.facebook.com\/zabytek","article_published_time":"2024-01-05T14:58:30+00:00","article_modified_time":"2024-01-05T14:58:31+00:00","og_image":[{"width":1850,"height":1238,"url":"https:\/\/nid.pl\/wp-content\/uploads\/2024\/01\/Poklon-Trzech-Kroli-tryptyk-autor-K.-Sichulski.jpg","type":"image\/jpeg"}],"author":"Barbara Halliop","twitter_card":"summary_large_image","twitter_creator":"@NarIDpl","twitter_site":"@NarIDpl","twitter_misc":{"Written by":"Barbara Halliop","Estimated reading time":"1 minute"},"schema":{"@context":"https:\/\/schema.org","@graph":[{"@type":"Article","@id":"https:\/\/nid.pl\/2024\/01\/05\/swieto-trzech-kroli-symbolika-tradycje-i-zwyczaje\/#article","isPartOf":{"@id":"https:\/\/nid.pl\/2024\/01\/05\/swieto-trzech-kroli-symbolika-tradycje-i-zwyczaje\/"},"author":{"name":"Barbara Halliop","@id":"https:\/\/nid.pl\/#\/schema\/person\/1b690a8998a5111cfb9f0ffe24195a15"},"headline":"\u015awi\u0119to Trzech Kr\u00f3li: symbolika, tradycje i zwyczaje","datePublished":"2024-01-05T14:58:30+00:00","dateModified":"2024-01-05T14:58:31+00:00","mainEntityOfPage":{"@id":"https:\/\/nid.pl\/2024\/01\/05\/swieto-trzech-kroli-symbolika-tradycje-i-zwyczaje\/"},"wordCount":1159,"publisher":{"@id":"https:\/\/nid.pl\/#organization"},"image":{"@id":"https:\/\/nid.pl\/2024\/01\/05\/swieto-trzech-kroli-symbolika-tradycje-i-zwyczaje\/#primaryimage"},"thumbnailUrl":"https:\/\/nid.pl\/wp-content\/uploads\/2024\/01\/Poklon-Trzech-Kroli-tryptyk-autor-K.-Sichulski.jpg","articleSection":["Aktualno\u015bci"],"inLanguage":"en-GB"},{"@type":"WebPage","@id":"https:\/\/nid.pl\/2024\/01\/05\/swieto-trzech-kroli-symbolika-tradycje-i-zwyczaje\/","url":"https:\/\/nid.pl\/2024\/01\/05\/swieto-trzech-kroli-symbolika-tradycje-i-zwyczaje\/","name":"\u015awi\u0119to Trzech Kr\u00f3li: symbolika, tradycje i zwyczaje - NID","isPartOf":{"@id":"https:\/\/nid.pl\/#website"},"primaryImageOfPage":{"@id":"https:\/\/nid.pl\/2024\/01\/05\/swieto-trzech-kroli-symbolika-tradycje-i-zwyczaje\/#primaryimage"},"image":{"@id":"https:\/\/nid.pl\/2024\/01\/05\/swieto-trzech-kroli-symbolika-tradycje-i-zwyczaje\/#primaryimage"},"thumbnailUrl":"https:\/\/nid.pl\/wp-content\/uploads\/2024\/01\/Poklon-Trzech-Kroli-tryptyk-autor-K.-Sichulski.jpg","datePublished":"2024-01-05T14:58:30+00:00","dateModified":"2024-01-05T14:58:31+00:00","breadcrumb":{"@id":"https:\/\/nid.pl\/2024\/01\/05\/swieto-trzech-kroli-symbolika-tradycje-i-zwyczaje\/#breadcrumb"},"inLanguage":"en-GB","potentialAction":[{"@type":"ReadAction","target":["https:\/\/nid.pl\/2024\/01\/05\/swieto-trzech-kroli-symbolika-tradycje-i-zwyczaje\/"]}]},{"@type":"ImageObject","inLanguage":"en-GB","@id":"https:\/\/nid.pl\/2024\/01\/05\/swieto-trzech-kroli-symbolika-tradycje-i-zwyczaje\/#primaryimage","url":"https:\/\/nid.pl\/wp-content\/uploads\/2024\/01\/Poklon-Trzech-Kroli-tryptyk-autor-K.-Sichulski.jpg","contentUrl":"https:\/\/nid.pl\/wp-content\/uploads\/2024\/01\/Poklon-Trzech-Kroli-tryptyk-autor-K.-Sichulski.jpg","width":1850,"height":1238,"caption":"tryptyk Pok\u0142on Trzech Kr\u00f3li autorstwa Kazimierza Sichulskiego"},{"@type":"BreadcrumbList","@id":"https:\/\/nid.pl\/2024\/01\/05\/swieto-trzech-kroli-symbolika-tradycje-i-zwyczaje\/#breadcrumb","itemListElement":[{"@type":"ListItem","position":1,"name":"Home","item":"https:\/\/nid.pl\/"},{"@type":"ListItem","position":2,"name":"\u015awi\u0119to Trzech Kr\u00f3li: symbolika, tradycje i zwyczaje"}]},{"@type":"WebSite","@id":"https:\/\/nid.pl\/#website","url":"https:\/\/nid.pl\/","name":"NID","description":"Narodowy Instytut Dziedzictwa","publisher":{"@id":"https:\/\/nid.pl\/#organization"},"potentialAction":[{"@type":"SearchAction","target":{"@type":"EntryPoint","urlTemplate":"https:\/\/nid.pl\/?s={search_term_string}"},"query-input":{"@type":"PropertyValueSpecification","valueRequired":true,"valueName":"search_term_string"}}],"inLanguage":"en-GB"},{"@type":"Organization","@id":"https:\/\/nid.pl\/#organization","name":"Narodowy Instytut Dziedzictwa","url":"https:\/\/nid.pl\/","logo":{"@type":"ImageObject","inLanguage":"en-GB","@id":"https:\/\/nid.pl\/#\/schema\/logo\/image\/","url":"https:\/\/nid.pl\/wp-content\/uploads\/2022\/10\/logoRedDark.png","contentUrl":"https:\/\/nid.pl\/wp-content\/uploads\/2022\/10\/logoRedDark.png","width":200,"height":197,"caption":"Narodowy Instytut Dziedzictwa"},"image":{"@id":"https:\/\/nid.pl\/#\/schema\/logo\/image\/"},"sameAs":["https:\/\/www.facebook.com\/zabytek","https:\/\/x.com\/NarIDpl","https:\/\/www.instagram.com\/nid.pl\/?hl=pl","https:\/\/www.linkedin.com\/company\/narodowy-instytut-dziedzictwa","https:\/\/www.youtube.com\/channel\/UCQXuhKa2uHtmNvLRUSx40JA"]},{"@type":"Person","@id":"https:\/\/nid.pl\/#\/schema\/person\/1b690a8998a5111cfb9f0ffe24195a15","name":"Barbara Halliop","image":{"@type":"ImageObject","inLanguage":"en-GB","@id":"https:\/\/nid.pl\/#\/schema\/person\/image\/","url":"https:\/\/nid.pl\/wp-content\/litespeed\/avatar\/924046d17dd0c842c9fa9ccf489bc6dc.jpg?ver=1777444967","contentUrl":"https:\/\/nid.pl\/wp-content\/litespeed\/avatar\/924046d17dd0c842c9fa9ccf489bc6dc.jpg?ver=1777444967","caption":"Barbara Halliop"},"url":"https:\/\/nid.pl\/en\/author\/bhalliop\/"}]}},"_links":{"self":[{"href":"https:\/\/nid.pl\/en\/wp-json\/wp\/v2\/posts\/15694","targetHints":{"allow":["GET"]}}],"collection":[{"href":"https:\/\/nid.pl\/en\/wp-json\/wp\/v2\/posts"}],"about":[{"href":"https:\/\/nid.pl\/en\/wp-json\/wp\/v2\/types\/post"}],"author":[{"embeddable":true,"href":"https:\/\/nid.pl\/en\/wp-json\/wp\/v2\/users\/7"}],"replies":[{"embeddable":true,"href":"https:\/\/nid.pl\/en\/wp-json\/wp\/v2\/comments?post=15694"}],"version-history":[{"count":0,"href":"https:\/\/nid.pl\/en\/wp-json\/wp\/v2\/posts\/15694\/revisions"}],"wp:featuredmedia":[{"embeddable":true,"href":"https:\/\/nid.pl\/en\/wp-json\/wp\/v2\/media\/15698"}],"wp:attachment":[{"href":"https:\/\/nid.pl\/en\/wp-json\/wp\/v2\/media?parent=15694"}],"wp:term":[{"taxonomy":"category","embeddable":true,"href":"https:\/\/nid.pl\/en\/wp-json\/wp\/v2\/categories?post=15694"},{"taxonomy":"post_tag","embeddable":true,"href":"https:\/\/nid.pl\/en\/wp-json\/wp\/v2\/tags?post=15694"}],"curies":[{"name":"wp","href":"https:\/\/api.w.org\/{rel}","templated":true}]}}