{"id":15589,"date":"2024-01-02T09:48:56","date_gmt":"2024-01-02T08:48:56","guid":{"rendered":"https:\/\/nid.pl\/?p=15589"},"modified":"2024-02-09T12:44:59","modified_gmt":"2024-02-09T11:44:59","slug":"5-lat-programu-oznakowanie-cmentarzy-zydowskich-na-terenie-rp-2018-2023-realizowanego-przez-narodowy-instytut-dziedzictwa","status":"publish","type":"post","link":"https:\/\/nid.pl\/en\/2024\/01\/02\/5-lat-programu-oznakowanie-cmentarzy-zydowskich-na-terenie-rp-2018-2023-realizowanego-przez-narodowy-instytut-dziedzictwa\/","title":{"rendered":"5 lat programu \u201eOznakowanie Cmentarzy \u017bydowskich na terenie RP 2018-2023\u201d realizowanego przez Narodowy Instytut Dziedzictwa"},"content":{"rendered":"<p><strong>1218 zweryfikowanych cmentarzy i 52 ceremonie prezentacji oznakowania to efekty projektu<\/strong>\u00a0<strong>\u201eOznakowanie Cmentarzy \u017bydowskich na terenie RP 2018-2023\u201d realizowanego przez Narodowy Instytut Dziedzictwa z inicjatywy\u00a0Ministerstwa Kultury i Dziedzictwa Narodowego. Projekt maj\u0105cy na celu\u00a0zidentyfikowanie i oznaczenie cmentarzy \u017cydowskich w Polsce prowadzony by\u0142 przy wsparciu\u00a0partner\u00f3w: Muzeum Historii \u017byd\u00f3w Polskich POLIN, \u017bydowskiego Instytutu Historycznego, Zwi\u0105zku Gmin\u00a0Wyznaniowych \u017bydowskich w RP oraz Fundacji Ochrony Dziedzictwa \u017bydowskiego.<\/strong><\/p>\n\n\n\n<p>W Muzeum POLIN, 29 listopada 2023 roku odby\u0142o si\u0119 spotkanie podsumowuj\u0105ce pi\u0119\u0107 lat programu. Spotkanie otworzyli dyrektor Narodowego Instytutu Dziedzictwa, dr hab. Katarzyna Zalasi\u0144ska, dyrektor Muzeum Historii \u017byd\u00f3w Polskich POLIN, Zygmunt St\u0119pi\u0144ski, przedstawiciel Gmin Wyznaniowych \u017bydowskich, rabin Icchak Rapoport oraz dyrektor Fundacji Ochrony Dziedzictwa \u017bydowskiego, Piotr Puchta. Nast\u0119pnie prezentowano wyniki dotychczasowych dzia\u0142a\u0144 na wybranych, oznakowanych obiektach.<\/p>\n\n\n\n<p>Cmentarze \u017cydowskie to zabytki wymagaj\u0105ce ochrony, stanowi\u0105ce \u015bwiadectwo los\u00f3w diaspory \u017cydowskiej zamieszkuj\u0105cej niegdy\u015b wszystkie zak\u0105tki Rzeczpospolitej. Zlokalizowanie ich granic, porz\u0105dkowanie i oznaczanie jest procesem przywracania pami\u0119ci o tej cz\u0119\u015bci dziedzictwa kulturowego w\u015br\u00f3d lokalnych spo\u0142eczno\u015bci. Czasem jest to proces szczeg\u00f3lnie wymagaj\u0105cy, poniewa\u017c niekt\u00f3re cmentarze nie posiadaj\u0105 ju\u017c \u017cadnych \u015blad\u00f3w powierzchniowych. Niezb\u0119dna jest r\u00f3wnie\u017c wsp\u00f3\u0142praca z w\u0142a\u015bcicielami teren\u00f3w, na kt\u00f3rych cmentarze s\u0105 zlokalizowane, w tym z Fundacj\u0105 Ochrony Dziedzictwa \u017bydowskiego, Zwi\u0105zkiem Gmin Wyznaniowych \u017bydowskich, Lasami Pa\u0144stwowymi i w\u0142adzami samorz\u0105dowymi.<\/p>\n\n\n\n<p>Ju\u017c w 2017 roku Ministerstwo Kultury i Dziedzictwa Narodowego og\u0142osi\u0142o program \u201eOznakowanie cmentarzy \u017cydowskich na terenie Rzeczypospolitej Polskiej\u201d i powierzy\u0142o jego realizacj\u0119 Narodowemu Instytutowi Dziedzictwa. Na tym etapie zapoznano si\u0119 z dokumentacj\u0105 konserwatorsk\u0105 cmentarzy \u017cydowskich w zasobach Narodowego Instytutu Dziedzictwa oraz w instytucjach muzealnych i naukowych zajmuj\u0105cych si\u0119 badaniem kultury \u017cydowskiej i zdigitalizowano Karty cmentarzy \u017cydowskich. Powsta\u0142a lista cmentarzy do weryfikacji, a tak\u017ce metoda ich weryfikacji terenowej.<\/p>\n\n\n\n<p>Od 2018 roku NID przeprowadzi\u0142 weryfikacj\u0119 terenow\u0105 1218 cmentarzy na terenie ca\u0142ej Polski, podczas kt\u00f3rej sprawdzano lokalizacj\u0119 cmentarza, stan zachowania, okre\u015blano czytelno\u015b\u0107 historycznych granic oraz istnienie element\u00f3w upami\u0119tniaj\u0105cych. Na dzie\u0144 dzisiejszy uda\u0142o si\u0119 potwierdzi\u0107 lokalizacj\u0119 1167 obiekt\u00f3w.<\/p>\n\n\n\n<p>Jednocze\u015bnie podj\u0119to inicjatyw\u0119 sp\u00f3jnego oznakowania cmentarzy \u017cydowskich. Projekt tablic w formie macewy z inskrypcj\u0105 w j\u0119zyku polskim i hebrajskim zosta\u0142 uzgodniony z Generalnym Konserwatorem Zabytk\u00f3w oraz Naczelnym Rabinem Polski. Umieszczony na tablicy kod QR odsy\u0142a do szerszych opis\u00f3w na portalu\u00a0<a href=\"https:\/\/zabytek.pl\/pl\">zabytek.pl<\/a>, gdzie znajduje si\u0119 informacja na temat danego cmentarza oraz spo\u0142eczno\u015bci \u017cydowskiej, kt\u00f3ra zamieszkiwa\u0142a ten teren. W ten spos\u00f3b oznakowano ju\u017c pi\u0119\u0107dziesi\u0105t dwie nekropolie.<\/p>\n\n\n\n<p>Program mia\u0142 r\u00f3wnie\u017c na celu zaanga\u017cowanie lokalnych spo\u0142eczno\u015bci &#8211; oznakowanie cmentarzy po\u0142\u0105czono z uroczystym ods\u0142oni\u0119ciem tablicy oraz zaj\u0119ciami edukacyjnymi w szko\u0142ach, realizowanymi przez Muzeum POLIN. Dzi\u0119ki tym dzia\u0142aniom wzrasta \u015bwiadomo\u015b\u0107 dotycz\u0105ca historii danego regionu, w tym historii \u017byd\u00f3w polskich, szczeg\u00f3lnie istotna dla \u017cyj\u0105cych do dzi\u015b potomk\u00f3w spo\u0142eczno\u015bci \u017cydowskich, mo\u017cliwe s\u0105 tak\u017ce dalsze prace porz\u0105dkowe i upami\u0119tniaj\u0105ce zapomniane do tej pory nekropolie.<\/p>\n\n\n\n<p>Przyk\u0142adem takiej inicjatywy jest dzia\u0142anie lokalnych w\u0142adz w Serocku, gdzie Urz\u0105d Miasta i Gminy, wykorzystuj\u0105c w\u0142asne \u015brodki finansowe zrealizowa\u0142 imponuj\u0105ce prace porz\u0105dkowe i konserwatorskie. Ten wyj\u0105tkowy wysi\u0142ek pozwoli\u0142 na wzorcowe przywr\u00f3cenie oraz prezentacj\u0119 oryginalnych macew, kt\u00f3re zosta\u0142y zrabowane przez niemieckich okupant\u00f3w i wykorzystane w latach 40. do prac budowlanych. W 2023 roku Narodowy Instytut Dziedzictwa przeprowadzi\u0142 inwentaryzacj\u0119 73 macew z nowego lapidarium na serockim cmentarzu. Nagrobki opracowano tworz\u0105c metryczk\u0119 zawieraj\u0105c\u0105 personalia osoby pochowanej oraz odpis inskrypcji hebrajskiej wraz z jej przek\u0142adem filologicznym.<\/p>\n\n\n\n<p><\/p>\n\n\n\n<figure class=\"wp-block-image aligncenter size-large is-resized\"><img loading=\"lazy\" decoding=\"async\" width=\"1024\" height=\"695\" src=\"https:\/\/nid.pl\/wp-content\/uploads\/2024\/01\/dr-hab.-Katarzyna-Zalasinska-dyrektor-Narodowego-Instytutu-Dziedzictwa-1024x695.jpg\" alt=\"\" class=\"wp-image-15592\" style=\"width:721px;height:auto\" srcset=\"https:\/\/nid.pl\/wp-content\/uploads\/2024\/01\/dr-hab.-Katarzyna-Zalasinska-dyrektor-Narodowego-Instytutu-Dziedzictwa-980x665.jpg 980w, https:\/\/nid.pl\/wp-content\/uploads\/2024\/01\/dr-hab.-Katarzyna-Zalasinska-dyrektor-Narodowego-Instytutu-Dziedzictwa-480x326.jpg 480w\" sizes=\"(min-width: 0px) and (max-width: 480px) 480px, (min-width: 481px) and (max-width: 980px) 980px, (min-width: 981px) 1024px, 100vw\" \/><figcaption class=\"wp-element-caption\">dr hab. Katarzyna Zalasi\u0144ska, dyrektor Narodowego Instytutu Dziedzictwa, Konferencja nt. Programu oznakowania cmentarzy \u017cydowskich, 29.11.2023 r., fot. NID\/ Pawe\u0142 Kobek<\/figcaption><\/figure>\n\n\n\n<figure class=\"wp-block-image aligncenter size-large is-resized\"><img loading=\"lazy\" decoding=\"async\" width=\"1024\" height=\"675\" src=\"https:\/\/nid.pl\/wp-content\/uploads\/2024\/01\/dr-hab.-Katarzyna-Zalasinska-dyrektor-Narodowego-Instytutu-D-1024x675.jpg\" alt=\"\" class=\"wp-image-15591\" style=\"width:719px;height:auto\" srcset=\"https:\/\/nid.pl\/wp-content\/uploads\/2024\/01\/dr-hab.-Katarzyna-Zalasinska-dyrektor-Narodowego-Instytutu-D-980x646.jpg 980w, https:\/\/nid.pl\/wp-content\/uploads\/2024\/01\/dr-hab.-Katarzyna-Zalasinska-dyrektor-Narodowego-Instytutu-D-480x317.jpg 480w\" sizes=\"(min-width: 0px) and (max-width: 480px) 480px, (min-width: 481px) and (max-width: 980px) 980px, (min-width: 981px) 1024px, 100vw\" \/><figcaption class=\"wp-element-caption\">Konferencja nt. Programu oznakowania cmentarzy \u017cydowskich, 29.11.2023 r., fot. NID\/ Pawe\u0142 Kobek<\/figcaption><\/figure>\n\n\n\n<figure class=\"wp-block-image aligncenter size-large is-resized\"><img loading=\"lazy\" decoding=\"async\" width=\"1024\" height=\"668\" src=\"https:\/\/nid.pl\/wp-content\/uploads\/2024\/01\/dr-Miroslaw-Pakula-Miasto-i-Gmina-Serock-1024x668.jpg\" alt=\"\" class=\"wp-image-15593\" style=\"width:723px;height:auto\" srcset=\"https:\/\/nid.pl\/wp-content\/uploads\/2024\/01\/dr-Miroslaw-Pakula-Miasto-i-Gmina-Serock-980x639.jpg 980w, https:\/\/nid.pl\/wp-content\/uploads\/2024\/01\/dr-Miroslaw-Pakula-Miasto-i-Gmina-Serock-480x313.jpg 480w\" sizes=\"(min-width: 0px) and (max-width: 480px) 480px, (min-width: 481px) and (max-width: 980px) 980px, (min-width: 981px) 1024px, 100vw\" \/><figcaption class=\"wp-element-caption\">dr Miros\u0142aw Paku\u0142a, Miasto i Gmina Serock, Konferencja nt. Programu oznakowania cmentarzy \u017cydowskich, <br>29.11.2023 r., fot. NID\/ Pawe\u0142 Kobek<\/figcaption><\/figure>\n\n\n\n<figure class=\"wp-block-image aligncenter size-large is-resized\"><img loading=\"lazy\" decoding=\"async\" width=\"1024\" height=\"683\" src=\"https:\/\/nid.pl\/wp-content\/uploads\/2024\/01\/Filip-Jaroszynski-Towarzystwo-Przyjaciol-Janowca-nad-Wisla-1024x683.jpg\" alt=\"\" class=\"wp-image-15595\" style=\"width:721px;height:auto\" srcset=\"https:\/\/nid.pl\/wp-content\/uploads\/2024\/01\/Filip-Jaroszynski-Towarzystwo-Przyjaciol-Janowca-nad-Wisla-980x653.jpg 980w, https:\/\/nid.pl\/wp-content\/uploads\/2024\/01\/Filip-Jaroszynski-Towarzystwo-Przyjaciol-Janowca-nad-Wisla-480x320.jpg 480w\" sizes=\"(min-width: 0px) and (max-width: 480px) 480px, (min-width: 481px) and (max-width: 980px) 980px, (min-width: 981px) 1024px, 100vw\" \/><figcaption class=\"wp-element-caption\">Filip Jaroszy\u0144ski, Towarzystwo Przyjaci\u00f3\u0142 Janowca nad Wis\u0142\u0105, Konferencja nt. Programu oznakowania cmentarzy \u017cydowskich, 29.11.2023 r., fot. NID\/ Pawe\u0142 Kobek<\/figcaption><\/figure>\n\n\n\n<figure class=\"wp-block-image aligncenter size-large is-resized\"><img loading=\"lazy\" decoding=\"async\" width=\"1024\" height=\"686\" src=\"https:\/\/nid.pl\/wp-content\/uploads\/2024\/01\/Icchak-Rapoport-Rabin-Zwiazek-Gmin-Wyznaniowych-Zydowskich-1024x686.jpg\" alt=\"\" class=\"wp-image-15596\" style=\"width:721px;height:auto\" srcset=\"https:\/\/nid.pl\/wp-content\/uploads\/2024\/01\/Icchak-Rapoport-Rabin-Zwiazek-Gmin-Wyznaniowych-Zydowskich-980x656.jpg 980w, https:\/\/nid.pl\/wp-content\/uploads\/2024\/01\/Icchak-Rapoport-Rabin-Zwiazek-Gmin-Wyznaniowych-Zydowskich-480x321.jpg 480w\" sizes=\"(min-width: 0px) and (max-width: 480px) 480px, (min-width: 481px) and (max-width: 980px) 980px, (min-width: 981px) 1024px, 100vw\" \/><figcaption class=\"wp-element-caption\">Icchak Rapoport, Rabin, Zwi\u0105zek Gmin Wyznaniowych \u017bydowskich, Konferencja nt. Programu oznakowania cmentarzy \u017cydowskich, 29.11.2023 r., fot. NID\/ Pawe\u0142 Kobek<\/figcaption><\/figure>\n\n\n\n<figure class=\"wp-block-image aligncenter size-large is-resized\"><img loading=\"lazy\" decoding=\"async\" width=\"1024\" height=\"690\" src=\"https:\/\/nid.pl\/wp-content\/uploads\/2024\/01\/Maciej-Rymkiewicz-Narodowy-Instytut-Dziedzictwa-1024x690.jpg\" alt=\"\" class=\"wp-image-15598\" style=\"width:719px;height:auto\" srcset=\"https:\/\/nid.pl\/wp-content\/uploads\/2024\/01\/Maciej-Rymkiewicz-Narodowy-Instytut-Dziedzictwa-980x661.jpg 980w, https:\/\/nid.pl\/wp-content\/uploads\/2024\/01\/Maciej-Rymkiewicz-Narodowy-Instytut-Dziedzictwa-480x324.jpg 480w\" sizes=\"(min-width: 0px) and (max-width: 480px) 480px, (min-width: 481px) and (max-width: 980px) 980px, (min-width: 981px) 1024px, 100vw\" \/><figcaption class=\"wp-element-caption\">Maciej Rymkiewicz, Narodowy Instytut Dziedzictwa, Konferencja nt. Programu oznakowania cmentarzy \u017cydowskich, 29.11.2023 r., fot. NID\/ Pawe\u0142 Kobek<\/figcaption><\/figure>\n\n\n\n<figure class=\"wp-block-image aligncenter size-large is-resized\"><img loading=\"lazy\" decoding=\"async\" width=\"1024\" height=\"693\" src=\"https:\/\/nid.pl\/wp-content\/uploads\/2024\/01\/Piotr-Puchta-Dyrektor-Fundacji-Ochrony-Dziedzictwa-Zydowskie-1024x693.jpg\" alt=\"\" class=\"wp-image-15599\" style=\"width:719px;height:auto\" srcset=\"https:\/\/nid.pl\/wp-content\/uploads\/2024\/01\/Piotr-Puchta-Dyrektor-Fundacji-Ochrony-Dziedzictwa-Zydowskie-980x663.jpg 980w, https:\/\/nid.pl\/wp-content\/uploads\/2024\/01\/Piotr-Puchta-Dyrektor-Fundacji-Ochrony-Dziedzictwa-Zydowskie-480x325.jpg 480w\" sizes=\"(min-width: 0px) and (max-width: 480px) 480px, (min-width: 481px) and (max-width: 980px) 980px, (min-width: 981px) 1024px, 100vw\" \/><figcaption class=\"wp-element-caption\">Piotr Puchta, Dyrektor Fundacji Ochrony Dziedzictwa \u017bydowskiego, Konferencja nt. Programu oznakowania cmentarzy \u017cydowskich, 29.11.2023 r., fot. NID\/ Pawe\u0142 Kobek<\/figcaption><\/figure>\n\n\n\n<figure class=\"wp-block-image aligncenter size-large is-resized\"><img loading=\"lazy\" decoding=\"async\" width=\"1024\" height=\"672\" src=\"https:\/\/nid.pl\/wp-content\/uploads\/2024\/01\/Zbigniew-Nita-Janowskie-Stowarzyszenie-\u201eLaweczka-Dialogu-1024x672.jpg\" alt=\"\" class=\"wp-image-15602\" style=\"width:729px;height:auto\" srcset=\"https:\/\/nid.pl\/wp-content\/uploads\/2024\/01\/Zbigniew-Nita-Janowskie-Stowarzyszenie-\u201eLaweczka-Dialogu-1024x672.jpg 1024w, https:\/\/nid.pl\/wp-content\/uploads\/2024\/01\/Zbigniew-Nita-Janowskie-Stowarzyszenie-\u201eLaweczka-Dialogu-300x197.jpg 300w, https:\/\/nid.pl\/wp-content\/uploads\/2024\/01\/Zbigniew-Nita-Janowskie-Stowarzyszenie-\u201eLaweczka-Dialogu-768x504.jpg 768w, https:\/\/nid.pl\/wp-content\/uploads\/2024\/01\/Zbigniew-Nita-Janowskie-Stowarzyszenie-\u201eLaweczka-Dialogu-1536x1008.jpg 1536w, https:\/\/nid.pl\/wp-content\/uploads\/2024\/01\/Zbigniew-Nita-Janowskie-Stowarzyszenie-\u201eLaweczka-Dialogu-2048x1344.jpg 2048w, https:\/\/nid.pl\/wp-content\/uploads\/2024\/01\/Zbigniew-Nita-Janowskie-Stowarzyszenie-\u201eLaweczka-Dialogu-18x12.jpg 18w, https:\/\/nid.pl\/wp-content\/uploads\/2024\/01\/Zbigniew-Nita-Janowskie-Stowarzyszenie-\u201eLaweczka-Dialogu-1080x709.jpg 1080w, https:\/\/nid.pl\/wp-content\/uploads\/2024\/01\/Zbigniew-Nita-Janowskie-Stowarzyszenie-\u201eLaweczka-Dialogu-1280x840.jpg 1280w, https:\/\/nid.pl\/wp-content\/uploads\/2024\/01\/Zbigniew-Nita-Janowskie-Stowarzyszenie-\u201eLaweczka-Dialogu-980x643.jpg 980w, https:\/\/nid.pl\/wp-content\/uploads\/2024\/01\/Zbigniew-Nita-Janowskie-Stowarzyszenie-\u201eLaweczka-Dialogu-480x315.jpg 480w\" sizes=\"(max-width: 1024px) 100vw, 1024px\" \/><figcaption class=\"wp-element-caption\">Zbigniew Nita, Janowskie Stowarzyszenie \u201e\u0141aweczka Dialogu\u201d, Konferencja nt. Programu oznakowania cmentarzy \u017cydowskich, 29.11.2023 r., fot. NID\/ Pawe\u0142 Kobek<\/figcaption><\/figure>\n\n\n\n<figure class=\"wp-block-image aligncenter size-large is-resized\"><img loading=\"lazy\" decoding=\"async\" width=\"1024\" height=\"683\" src=\"https:\/\/nid.pl\/wp-content\/uploads\/2024\/01\/Zygmunt-Stepinski-Dyrektor-Muzeum-Historii-Zydow-Polskich-POLIN-1024x683.jpg\" alt=\"\" class=\"wp-image-15604\" style=\"width:727px;height:auto\" srcset=\"https:\/\/nid.pl\/wp-content\/uploads\/2024\/01\/Zygmunt-Stepinski-Dyrektor-Muzeum-Historii-Zydow-Polskich-POLIN-980x653.jpg 980w, https:\/\/nid.pl\/wp-content\/uploads\/2024\/01\/Zygmunt-Stepinski-Dyrektor-Muzeum-Historii-Zydow-Polskich-POLIN-480x320.jpg 480w\" sizes=\"(min-width: 0px) and (max-width: 480px) 480px, (min-width: 481px) and (max-width: 980px) 980px, (min-width: 981px) 1024px, 100vw\" \/><figcaption class=\"wp-element-caption\">Zygmunt St\u0119pi\u0144ski, Dyrektor Muzeum Historii \u017byd\u00f3w Polskich POLIN, Konferencja nt. Programu oznakowania cmentarzy \u017cydowskich, 29.11.2023 r., fot. NID\/ Pawe\u0142 Kobek<\/figcaption><\/figure>\n\n\n\n<figure class=\"wp-block-image aligncenter size-large is-resized\"><img loading=\"lazy\" decoding=\"async\" width=\"1024\" height=\"683\" src=\"https:\/\/nid.pl\/wp-content\/uploads\/2024\/01\/cmentarz-zydowski-przy-ul.-Okopowej-w-Warszawie-fot.-Maciej-Jablonski-1024x683.jpg\" alt=\"\" class=\"wp-image-15605\" style=\"width:729px;height:auto\" srcset=\"https:\/\/nid.pl\/wp-content\/uploads\/2024\/01\/cmentarz-zydowski-przy-ul.-Okopowej-w-Warszawie-fot.-Maciej-Jablonski-980x654.jpg 980w, https:\/\/nid.pl\/wp-content\/uploads\/2024\/01\/cmentarz-zydowski-przy-ul.-Okopowej-w-Warszawie-fot.-Maciej-Jablonski-480x320.jpg 480w\" sizes=\"(min-width: 0px) and (max-width: 480px) 480px, (min-width: 481px) and (max-width: 980px) 980px, (min-width: 981px) 1024px, 100vw\" \/><figcaption class=\"wp-element-caption\">cmentarz \u017cydowski przy ul. Okopowej w Warszawie, fot. Maciej Jab\u0142o\u0144ski<\/figcaption><\/figure>\n\n\n\n<figure class=\"wp-block-image aligncenter size-large is-resized\"><img loading=\"lazy\" decoding=\"async\" width=\"1024\" height=\"683\" src=\"https:\/\/nid.pl\/wp-content\/uploads\/2024\/01\/detal-na-cmentarzu-zydowskim-przy-ul.-Okopowej-w-Warszawie-fot.-Maciej-Jablonski-1024x683.jpg\" alt=\"\" class=\"wp-image-15606\" style=\"width:731px;height:auto\" srcset=\"https:\/\/nid.pl\/wp-content\/uploads\/2024\/01\/detal-na-cmentarzu-zydowskim-przy-ul.-Okopowej-w-Warszawie-fot.-Maciej-Jablonski-980x654.jpg 980w, https:\/\/nid.pl\/wp-content\/uploads\/2024\/01\/detal-na-cmentarzu-zydowskim-przy-ul.-Okopowej-w-Warszawie-fot.-Maciej-Jablonski-480x320.jpg 480w\" sizes=\"(min-width: 0px) and (max-width: 480px) 480px, (min-width: 481px) and (max-width: 980px) 980px, (min-width: 981px) 1024px, 100vw\" \/><figcaption class=\"wp-element-caption\">detal na cmentarzu \u017cydowskim przy ul. Okopowej w Warszawie, fot. Maciej Jab\u0142o\u0144ski<\/figcaption><\/figure>\n\n\n\n<figure class=\"wp-block-image aligncenter size-large is-resized\"><img loading=\"lazy\" decoding=\"async\" width=\"1024\" height=\"683\" src=\"https:\/\/nid.pl\/wp-content\/uploads\/2024\/01\/konserwacja-nagrobkow-na-cmentarzu-zydowskim-przy-ul.-Okopowej-w-Warszawie-fot.-Maciej-Jablonski-1024x683.jpg\" alt=\"\" class=\"wp-image-15607\" style=\"width:727px;height:auto\" srcset=\"https:\/\/nid.pl\/wp-content\/uploads\/2024\/01\/konserwacja-nagrobkow-na-cmentarzu-zydowskim-przy-ul.-Okopowej-w-Warszawie-fot.-Maciej-Jablonski-980x654.jpg 980w, https:\/\/nid.pl\/wp-content\/uploads\/2024\/01\/konserwacja-nagrobkow-na-cmentarzu-zydowskim-przy-ul.-Okopowej-w-Warszawie-fot.-Maciej-Jablonski-480x320.jpg 480w\" sizes=\"(min-width: 0px) and (max-width: 480px) 480px, (min-width: 481px) and (max-width: 980px) 980px, (min-width: 981px) 1024px, 100vw\" \/><figcaption class=\"wp-element-caption\">konserwacja nagrobk\u00f3w na cmentarzu \u017cydowskim przy ul. Okopowej w Warszawie, fot. Maciej Jab\u0142o\u0144ski<\/figcaption><\/figure>\n\n\n\n<figure class=\"wp-block-image aligncenter size-large is-resized\"><img loading=\"lazy\" decoding=\"async\" width=\"1024\" height=\"683\" src=\"https:\/\/nid.pl\/wp-content\/uploads\/2024\/01\/nowa-tablica-odslonieta-na-cmentarzu-zydowskim-przy-ul.-Okopowej-w-Warszawie-fot.-Maciej-Jablonski-1024x683.jpg\" alt=\"\" class=\"wp-image-15608\" style=\"width:727px;height:auto\" srcset=\"https:\/\/nid.pl\/wp-content\/uploads\/2024\/01\/nowa-tablica-odslonieta-na-cmentarzu-zydowskim-przy-ul.-Okopowej-w-Warszawie-fot.-Maciej-Jablonski-980x654.jpg 980w, https:\/\/nid.pl\/wp-content\/uploads\/2024\/01\/nowa-tablica-odslonieta-na-cmentarzu-zydowskim-przy-ul.-Okopowej-w-Warszawie-fot.-Maciej-Jablonski-480x320.jpg 480w\" sizes=\"(min-width: 0px) and (max-width: 480px) 480px, (min-width: 481px) and (max-width: 980px) 980px, (min-width: 981px) 1024px, 100vw\" \/><figcaption class=\"wp-element-caption\">nowa tablica ods\u0142oni\u0119ta na cmentarzu \u017cydowskim przy ul. Okopowej w Warszawie, fot. Maciej Jab\u0142o\u0144ski<\/figcaption><\/figure>","protected":false},"excerpt":{"rendered":"<p>1218 zweryfikowanych cmentarzy i 52 ceremonie prezentacji oznakowania to efekty projektu\u00a0\u201eOznakowanie Cmentarzy \u017bydowskich na terenie RP 2018-2023\u201d realizowanego przez Narodowy Instytut Dziedzictwa z inicjatywy\u00a0Ministerstwa Kultury i Dziedzictwa Narodowego. Projekt maj\u0105cy [&hellip;]<\/p>","protected":false},"author":7,"featured_media":15609,"comment_status":"closed","ping_status":"closed","sticky":false,"template":"","format":"standard","meta":{"_et_pb_use_builder":"off","_et_pb_old_content":"","_et_gb_content_width":"","_monsterinsights_skip_tracking":false,"_monsterinsights_sitenote_active":false,"_monsterinsights_sitenote_note":"","_monsterinsights_sitenote_category":0,"footnotes":""},"categories":[3,100],"tags":[],"class_list":["post-15589","post","type-post","status-publish","format-standard","has-post-thumbnail","hentry","category-aktualnosci","category-cmentarze-zydowskie"],"yoast_head":"<!-- This site is optimized with the Yoast SEO plugin v26.5 - https:\/\/yoast.com\/wordpress\/plugins\/seo\/ -->\n<title>5 lat programu \u201eOznakowanie Cmentarzy \u017bydowskich na terenie RP 2018-2023\u201d realizowanego przez Narodowy Instytut Dziedzictwa - NID<\/title>\n<meta name=\"robots\" content=\"index, follow, max-snippet:-1, max-image-preview:large, max-video-preview:-1\" \/>\n<link rel=\"canonical\" href=\"https:\/\/nid.pl\/en\/2024\/01\/02\/5-lat-programu-oznakowanie-cmentarzy-zydowskich-na-terenie-rp-2018-2023-realizowanego-przez-narodowy-instytut-dziedzictwa\/\" \/>\n<meta property=\"og:locale\" content=\"en_GB\" \/>\n<meta property=\"og:type\" content=\"article\" \/>\n<meta property=\"og:title\" content=\"5 lat programu \u201eOznakowanie Cmentarzy \u017bydowskich na terenie RP 2018-2023\u201d realizowanego przez Narodowy Instytut Dziedzictwa - NID\" \/>\n<meta property=\"og:description\" content=\"1218 zweryfikowanych cmentarzy i 52 ceremonie prezentacji oznakowania to efekty projektu\u00a0\u201eOznakowanie Cmentarzy \u017bydowskich na terenie RP 2018-2023\u201d realizowanego przez Narodowy Instytut Dziedzictwa z inicjatywy\u00a0Ministerstwa Kultury i Dziedzictwa Narodowego. Projekt maj\u0105cy [&hellip;]\" \/>\n<meta property=\"og:url\" content=\"https:\/\/nid.pl\/en\/2024\/01\/02\/5-lat-programu-oznakowanie-cmentarzy-zydowskich-na-terenie-rp-2018-2023-realizowanego-przez-narodowy-instytut-dziedzictwa\/\" \/>\n<meta property=\"og:site_name\" content=\"NID\" \/>\n<meta property=\"article:publisher\" content=\"https:\/\/www.facebook.com\/zabytek\" \/>\n<meta property=\"article:published_time\" content=\"2024-01-02T08:48:56+00:00\" \/>\n<meta property=\"article:modified_time\" content=\"2024-02-09T11:44:59+00:00\" \/>\n<meta property=\"og:image\" content=\"https:\/\/nid.pl\/wp-content\/uploads\/2024\/01\/miniaturka-5-lat-programu-oznakowania-cmentarzy-zydowkich.jpg\" \/>\n\t<meta property=\"og:image:width\" content=\"1850\" \/>\n\t<meta property=\"og:image:height\" content=\"1238\" \/>\n\t<meta property=\"og:image:type\" content=\"image\/jpeg\" \/>\n<meta name=\"author\" content=\"Barbara Halliop\" \/>\n<meta name=\"twitter:card\" content=\"summary_large_image\" \/>\n<meta name=\"twitter:creator\" content=\"@NarIDpl\" \/>\n<meta name=\"twitter:site\" content=\"@NarIDpl\" \/>\n<meta name=\"twitter:label1\" content=\"Written by\" \/>\n\t<meta name=\"twitter:data1\" content=\"Barbara Halliop\" \/>\n\t<meta name=\"twitter:label2\" content=\"Estimated reading time\" \/>\n\t<meta name=\"twitter:data2\" content=\"6 minutes\" \/>\n<script type=\"application\/ld+json\" class=\"yoast-schema-graph\">{\"@context\":\"https:\/\/schema.org\",\"@graph\":[{\"@type\":\"Article\",\"@id\":\"https:\/\/nid.pl\/2024\/01\/02\/5-lat-programu-oznakowanie-cmentarzy-zydowskich-na-terenie-rp-2018-2023-realizowanego-przez-narodowy-instytut-dziedzictwa\/#article\",\"isPartOf\":{\"@id\":\"https:\/\/nid.pl\/2024\/01\/02\/5-lat-programu-oznakowanie-cmentarzy-zydowskich-na-terenie-rp-2018-2023-realizowanego-przez-narodowy-instytut-dziedzictwa\/\"},\"author\":{\"name\":\"Barbara Halliop\",\"@id\":\"https:\/\/nid.pl\/#\/schema\/person\/1b690a8998a5111cfb9f0ffe24195a15\"},\"headline\":\"5 lat programu \u201eOznakowanie Cmentarzy \u017bydowskich na terenie RP 2018-2023\u201d realizowanego przez Narodowy Instytut Dziedzictwa\",\"datePublished\":\"2024-01-02T08:48:56+00:00\",\"dateModified\":\"2024-02-09T11:44:59+00:00\",\"mainEntityOfPage\":{\"@id\":\"https:\/\/nid.pl\/2024\/01\/02\/5-lat-programu-oznakowanie-cmentarzy-zydowskich-na-terenie-rp-2018-2023-realizowanego-przez-narodowy-instytut-dziedzictwa\/\"},\"wordCount\":842,\"publisher\":{\"@id\":\"https:\/\/nid.pl\/#organization\"},\"image\":{\"@id\":\"https:\/\/nid.pl\/2024\/01\/02\/5-lat-programu-oznakowanie-cmentarzy-zydowskich-na-terenie-rp-2018-2023-realizowanego-przez-narodowy-instytut-dziedzictwa\/#primaryimage\"},\"thumbnailUrl\":\"https:\/\/nid.pl\/wp-content\/uploads\/2024\/01\/miniaturka-5-lat-programu-oznakowania-cmentarzy-zydowkich.jpg\",\"articleSection\":[\"Aktualno\u015bci\",\"Cmentarze \u017cydowskie\"],\"inLanguage\":\"en-GB\"},{\"@type\":\"WebPage\",\"@id\":\"https:\/\/nid.pl\/2024\/01\/02\/5-lat-programu-oznakowanie-cmentarzy-zydowskich-na-terenie-rp-2018-2023-realizowanego-przez-narodowy-instytut-dziedzictwa\/\",\"url\":\"https:\/\/nid.pl\/2024\/01\/02\/5-lat-programu-oznakowanie-cmentarzy-zydowskich-na-terenie-rp-2018-2023-realizowanego-przez-narodowy-instytut-dziedzictwa\/\",\"name\":\"5 lat programu \u201eOznakowanie Cmentarzy \u017bydowskich na terenie RP 2018-2023\u201d realizowanego przez Narodowy Instytut Dziedzictwa - NID\",\"isPartOf\":{\"@id\":\"https:\/\/nid.pl\/#website\"},\"primaryImageOfPage\":{\"@id\":\"https:\/\/nid.pl\/2024\/01\/02\/5-lat-programu-oznakowanie-cmentarzy-zydowskich-na-terenie-rp-2018-2023-realizowanego-przez-narodowy-instytut-dziedzictwa\/#primaryimage\"},\"image\":{\"@id\":\"https:\/\/nid.pl\/2024\/01\/02\/5-lat-programu-oznakowanie-cmentarzy-zydowskich-na-terenie-rp-2018-2023-realizowanego-przez-narodowy-instytut-dziedzictwa\/#primaryimage\"},\"thumbnailUrl\":\"https:\/\/nid.pl\/wp-content\/uploads\/2024\/01\/miniaturka-5-lat-programu-oznakowania-cmentarzy-zydowkich.jpg\",\"datePublished\":\"2024-01-02T08:48:56+00:00\",\"dateModified\":\"2024-02-09T11:44:59+00:00\",\"breadcrumb\":{\"@id\":\"https:\/\/nid.pl\/2024\/01\/02\/5-lat-programu-oznakowanie-cmentarzy-zydowskich-na-terenie-rp-2018-2023-realizowanego-przez-narodowy-instytut-dziedzictwa\/#breadcrumb\"},\"inLanguage\":\"en-GB\",\"potentialAction\":[{\"@type\":\"ReadAction\",\"target\":[\"https:\/\/nid.pl\/2024\/01\/02\/5-lat-programu-oznakowanie-cmentarzy-zydowskich-na-terenie-rp-2018-2023-realizowanego-przez-narodowy-instytut-dziedzictwa\/\"]}]},{\"@type\":\"ImageObject\",\"inLanguage\":\"en-GB\",\"@id\":\"https:\/\/nid.pl\/2024\/01\/02\/5-lat-programu-oznakowanie-cmentarzy-zydowskich-na-terenie-rp-2018-2023-realizowanego-przez-narodowy-instytut-dziedzictwa\/#primaryimage\",\"url\":\"https:\/\/nid.pl\/wp-content\/uploads\/2024\/01\/miniaturka-5-lat-programu-oznakowania-cmentarzy-zydowkich.jpg\",\"contentUrl\":\"https:\/\/nid.pl\/wp-content\/uploads\/2024\/01\/miniaturka-5-lat-programu-oznakowania-cmentarzy-zydowkich.jpg\",\"width\":1850,\"height\":1238,\"caption\":\"5 lat programu oznakowania cmentarzy \u017cydowkich, fot. Maciej Jab\u0142o\u0144ski\"},{\"@type\":\"BreadcrumbList\",\"@id\":\"https:\/\/nid.pl\/2024\/01\/02\/5-lat-programu-oznakowanie-cmentarzy-zydowskich-na-terenie-rp-2018-2023-realizowanego-przez-narodowy-instytut-dziedzictwa\/#breadcrumb\",\"itemListElement\":[{\"@type\":\"ListItem\",\"position\":1,\"name\":\"Home\",\"item\":\"https:\/\/nid.pl\/\"},{\"@type\":\"ListItem\",\"position\":2,\"name\":\"5 lat programu \u201eOznakowanie Cmentarzy \u017bydowskich na terenie RP 2018-2023\u201d realizowanego przez Narodowy Instytut Dziedzictwa\"}]},{\"@type\":\"WebSite\",\"@id\":\"https:\/\/nid.pl\/#website\",\"url\":\"https:\/\/nid.pl\/\",\"name\":\"NID\",\"description\":\"Narodowy Instytut Dziedzictwa\",\"publisher\":{\"@id\":\"https:\/\/nid.pl\/#organization\"},\"potentialAction\":[{\"@type\":\"SearchAction\",\"target\":{\"@type\":\"EntryPoint\",\"urlTemplate\":\"https:\/\/nid.pl\/?s={search_term_string}\"},\"query-input\":{\"@type\":\"PropertyValueSpecification\",\"valueRequired\":true,\"valueName\":\"search_term_string\"}}],\"inLanguage\":\"en-GB\"},{\"@type\":\"Organization\",\"@id\":\"https:\/\/nid.pl\/#organization\",\"name\":\"Narodowy Instytut Dziedzictwa\",\"url\":\"https:\/\/nid.pl\/\",\"logo\":{\"@type\":\"ImageObject\",\"inLanguage\":\"en-GB\",\"@id\":\"https:\/\/nid.pl\/#\/schema\/logo\/image\/\",\"url\":\"https:\/\/nid.pl\/wp-content\/uploads\/2022\/10\/logoRedDark.png\",\"contentUrl\":\"https:\/\/nid.pl\/wp-content\/uploads\/2022\/10\/logoRedDark.png\",\"width\":200,\"height\":197,\"caption\":\"Narodowy Instytut Dziedzictwa\"},\"image\":{\"@id\":\"https:\/\/nid.pl\/#\/schema\/logo\/image\/\"},\"sameAs\":[\"https:\/\/www.facebook.com\/zabytek\",\"https:\/\/x.com\/NarIDpl\",\"https:\/\/www.instagram.com\/nid.pl\/?hl=pl\",\"https:\/\/www.linkedin.com\/company\/narodowy-instytut-dziedzictwa\",\"https:\/\/www.youtube.com\/channel\/UCQXuhKa2uHtmNvLRUSx40JA\"]},{\"@type\":\"Person\",\"@id\":\"https:\/\/nid.pl\/#\/schema\/person\/1b690a8998a5111cfb9f0ffe24195a15\",\"name\":\"Barbara Halliop\",\"image\":{\"@type\":\"ImageObject\",\"inLanguage\":\"en-GB\",\"@id\":\"https:\/\/nid.pl\/#\/schema\/person\/image\/\",\"url\":\"https:\/\/nid.pl\/wp-content\/litespeed\/avatar\/924046d17dd0c842c9fa9ccf489bc6dc.jpg?ver=1777444967\",\"contentUrl\":\"https:\/\/nid.pl\/wp-content\/litespeed\/avatar\/924046d17dd0c842c9fa9ccf489bc6dc.jpg?ver=1777444967\",\"caption\":\"Barbara Halliop\"},\"url\":\"https:\/\/nid.pl\/en\/author\/bhalliop\/\"}]}<\/script>\n<!-- \/ Yoast SEO plugin. -->","yoast_head_json":{"title":"5 lat programu \u201eOznakowanie Cmentarzy \u017bydowskich na terenie RP 2018-2023\u201d realizowanego przez Narodowy Instytut Dziedzictwa - NID","robots":{"index":"index","follow":"follow","max-snippet":"max-snippet:-1","max-image-preview":"max-image-preview:large","max-video-preview":"max-video-preview:-1"},"canonical":"https:\/\/nid.pl\/en\/2024\/01\/02\/5-lat-programu-oznakowanie-cmentarzy-zydowskich-na-terenie-rp-2018-2023-realizowanego-przez-narodowy-instytut-dziedzictwa\/","og_locale":"en_GB","og_type":"article","og_title":"5 lat programu \u201eOznakowanie Cmentarzy \u017bydowskich na terenie RP 2018-2023\u201d realizowanego przez Narodowy Instytut Dziedzictwa - NID","og_description":"1218 zweryfikowanych cmentarzy i 52 ceremonie prezentacji oznakowania to efekty projektu\u00a0\u201eOznakowanie Cmentarzy \u017bydowskich na terenie RP 2018-2023\u201d realizowanego przez Narodowy Instytut Dziedzictwa z inicjatywy\u00a0Ministerstwa Kultury i Dziedzictwa Narodowego. Projekt maj\u0105cy [&hellip;]","og_url":"https:\/\/nid.pl\/en\/2024\/01\/02\/5-lat-programu-oznakowanie-cmentarzy-zydowskich-na-terenie-rp-2018-2023-realizowanego-przez-narodowy-instytut-dziedzictwa\/","og_site_name":"NID","article_publisher":"https:\/\/www.facebook.com\/zabytek","article_published_time":"2024-01-02T08:48:56+00:00","article_modified_time":"2024-02-09T11:44:59+00:00","og_image":[{"width":1850,"height":1238,"url":"https:\/\/nid.pl\/wp-content\/uploads\/2024\/01\/miniaturka-5-lat-programu-oznakowania-cmentarzy-zydowkich.jpg","type":"image\/jpeg"}],"author":"Barbara Halliop","twitter_card":"summary_large_image","twitter_creator":"@NarIDpl","twitter_site":"@NarIDpl","twitter_misc":{"Written by":"Barbara Halliop","Estimated reading time":"6 minutes"},"schema":{"@context":"https:\/\/schema.org","@graph":[{"@type":"Article","@id":"https:\/\/nid.pl\/2024\/01\/02\/5-lat-programu-oznakowanie-cmentarzy-zydowskich-na-terenie-rp-2018-2023-realizowanego-przez-narodowy-instytut-dziedzictwa\/#article","isPartOf":{"@id":"https:\/\/nid.pl\/2024\/01\/02\/5-lat-programu-oznakowanie-cmentarzy-zydowskich-na-terenie-rp-2018-2023-realizowanego-przez-narodowy-instytut-dziedzictwa\/"},"author":{"name":"Barbara Halliop","@id":"https:\/\/nid.pl\/#\/schema\/person\/1b690a8998a5111cfb9f0ffe24195a15"},"headline":"5 lat programu \u201eOznakowanie Cmentarzy \u017bydowskich na terenie RP 2018-2023\u201d realizowanego przez Narodowy Instytut Dziedzictwa","datePublished":"2024-01-02T08:48:56+00:00","dateModified":"2024-02-09T11:44:59+00:00","mainEntityOfPage":{"@id":"https:\/\/nid.pl\/2024\/01\/02\/5-lat-programu-oznakowanie-cmentarzy-zydowskich-na-terenie-rp-2018-2023-realizowanego-przez-narodowy-instytut-dziedzictwa\/"},"wordCount":842,"publisher":{"@id":"https:\/\/nid.pl\/#organization"},"image":{"@id":"https:\/\/nid.pl\/2024\/01\/02\/5-lat-programu-oznakowanie-cmentarzy-zydowskich-na-terenie-rp-2018-2023-realizowanego-przez-narodowy-instytut-dziedzictwa\/#primaryimage"},"thumbnailUrl":"https:\/\/nid.pl\/wp-content\/uploads\/2024\/01\/miniaturka-5-lat-programu-oznakowania-cmentarzy-zydowkich.jpg","articleSection":["Aktualno\u015bci","Cmentarze \u017cydowskie"],"inLanguage":"en-GB"},{"@type":"WebPage","@id":"https:\/\/nid.pl\/2024\/01\/02\/5-lat-programu-oznakowanie-cmentarzy-zydowskich-na-terenie-rp-2018-2023-realizowanego-przez-narodowy-instytut-dziedzictwa\/","url":"https:\/\/nid.pl\/2024\/01\/02\/5-lat-programu-oznakowanie-cmentarzy-zydowskich-na-terenie-rp-2018-2023-realizowanego-przez-narodowy-instytut-dziedzictwa\/","name":"5 lat programu \u201eOznakowanie Cmentarzy \u017bydowskich na terenie RP 2018-2023\u201d realizowanego przez Narodowy Instytut Dziedzictwa - NID","isPartOf":{"@id":"https:\/\/nid.pl\/#website"},"primaryImageOfPage":{"@id":"https:\/\/nid.pl\/2024\/01\/02\/5-lat-programu-oznakowanie-cmentarzy-zydowskich-na-terenie-rp-2018-2023-realizowanego-przez-narodowy-instytut-dziedzictwa\/#primaryimage"},"image":{"@id":"https:\/\/nid.pl\/2024\/01\/02\/5-lat-programu-oznakowanie-cmentarzy-zydowskich-na-terenie-rp-2018-2023-realizowanego-przez-narodowy-instytut-dziedzictwa\/#primaryimage"},"thumbnailUrl":"https:\/\/nid.pl\/wp-content\/uploads\/2024\/01\/miniaturka-5-lat-programu-oznakowania-cmentarzy-zydowkich.jpg","datePublished":"2024-01-02T08:48:56+00:00","dateModified":"2024-02-09T11:44:59+00:00","breadcrumb":{"@id":"https:\/\/nid.pl\/2024\/01\/02\/5-lat-programu-oznakowanie-cmentarzy-zydowskich-na-terenie-rp-2018-2023-realizowanego-przez-narodowy-instytut-dziedzictwa\/#breadcrumb"},"inLanguage":"en-GB","potentialAction":[{"@type":"ReadAction","target":["https:\/\/nid.pl\/2024\/01\/02\/5-lat-programu-oznakowanie-cmentarzy-zydowskich-na-terenie-rp-2018-2023-realizowanego-przez-narodowy-instytut-dziedzictwa\/"]}]},{"@type":"ImageObject","inLanguage":"en-GB","@id":"https:\/\/nid.pl\/2024\/01\/02\/5-lat-programu-oznakowanie-cmentarzy-zydowskich-na-terenie-rp-2018-2023-realizowanego-przez-narodowy-instytut-dziedzictwa\/#primaryimage","url":"https:\/\/nid.pl\/wp-content\/uploads\/2024\/01\/miniaturka-5-lat-programu-oznakowania-cmentarzy-zydowkich.jpg","contentUrl":"https:\/\/nid.pl\/wp-content\/uploads\/2024\/01\/miniaturka-5-lat-programu-oznakowania-cmentarzy-zydowkich.jpg","width":1850,"height":1238,"caption":"5 lat programu oznakowania cmentarzy \u017cydowkich, fot. Maciej Jab\u0142o\u0144ski"},{"@type":"BreadcrumbList","@id":"https:\/\/nid.pl\/2024\/01\/02\/5-lat-programu-oznakowanie-cmentarzy-zydowskich-na-terenie-rp-2018-2023-realizowanego-przez-narodowy-instytut-dziedzictwa\/#breadcrumb","itemListElement":[{"@type":"ListItem","position":1,"name":"Home","item":"https:\/\/nid.pl\/"},{"@type":"ListItem","position":2,"name":"5 lat programu \u201eOznakowanie Cmentarzy \u017bydowskich na terenie RP 2018-2023\u201d realizowanego przez Narodowy Instytut Dziedzictwa"}]},{"@type":"WebSite","@id":"https:\/\/nid.pl\/#website","url":"https:\/\/nid.pl\/","name":"NID","description":"Narodowy Instytut Dziedzictwa","publisher":{"@id":"https:\/\/nid.pl\/#organization"},"potentialAction":[{"@type":"SearchAction","target":{"@type":"EntryPoint","urlTemplate":"https:\/\/nid.pl\/?s={search_term_string}"},"query-input":{"@type":"PropertyValueSpecification","valueRequired":true,"valueName":"search_term_string"}}],"inLanguage":"en-GB"},{"@type":"Organization","@id":"https:\/\/nid.pl\/#organization","name":"Narodowy Instytut Dziedzictwa","url":"https:\/\/nid.pl\/","logo":{"@type":"ImageObject","inLanguage":"en-GB","@id":"https:\/\/nid.pl\/#\/schema\/logo\/image\/","url":"https:\/\/nid.pl\/wp-content\/uploads\/2022\/10\/logoRedDark.png","contentUrl":"https:\/\/nid.pl\/wp-content\/uploads\/2022\/10\/logoRedDark.png","width":200,"height":197,"caption":"Narodowy Instytut Dziedzictwa"},"image":{"@id":"https:\/\/nid.pl\/#\/schema\/logo\/image\/"},"sameAs":["https:\/\/www.facebook.com\/zabytek","https:\/\/x.com\/NarIDpl","https:\/\/www.instagram.com\/nid.pl\/?hl=pl","https:\/\/www.linkedin.com\/company\/narodowy-instytut-dziedzictwa","https:\/\/www.youtube.com\/channel\/UCQXuhKa2uHtmNvLRUSx40JA"]},{"@type":"Person","@id":"https:\/\/nid.pl\/#\/schema\/person\/1b690a8998a5111cfb9f0ffe24195a15","name":"Barbara Halliop","image":{"@type":"ImageObject","inLanguage":"en-GB","@id":"https:\/\/nid.pl\/#\/schema\/person\/image\/","url":"https:\/\/nid.pl\/wp-content\/litespeed\/avatar\/924046d17dd0c842c9fa9ccf489bc6dc.jpg?ver=1777444967","contentUrl":"https:\/\/nid.pl\/wp-content\/litespeed\/avatar\/924046d17dd0c842c9fa9ccf489bc6dc.jpg?ver=1777444967","caption":"Barbara Halliop"},"url":"https:\/\/nid.pl\/en\/author\/bhalliop\/"}]}},"_links":{"self":[{"href":"https:\/\/nid.pl\/en\/wp-json\/wp\/v2\/posts\/15589","targetHints":{"allow":["GET"]}}],"collection":[{"href":"https:\/\/nid.pl\/en\/wp-json\/wp\/v2\/posts"}],"about":[{"href":"https:\/\/nid.pl\/en\/wp-json\/wp\/v2\/types\/post"}],"author":[{"embeddable":true,"href":"https:\/\/nid.pl\/en\/wp-json\/wp\/v2\/users\/7"}],"replies":[{"embeddable":true,"href":"https:\/\/nid.pl\/en\/wp-json\/wp\/v2\/comments?post=15589"}],"version-history":[{"count":0,"href":"https:\/\/nid.pl\/en\/wp-json\/wp\/v2\/posts\/15589\/revisions"}],"wp:featuredmedia":[{"embeddable":true,"href":"https:\/\/nid.pl\/en\/wp-json\/wp\/v2\/media\/15609"}],"wp:attachment":[{"href":"https:\/\/nid.pl\/en\/wp-json\/wp\/v2\/media?parent=15589"}],"wp:term":[{"taxonomy":"category","embeddable":true,"href":"https:\/\/nid.pl\/en\/wp-json\/wp\/v2\/categories?post=15589"},{"taxonomy":"post_tag","embeddable":true,"href":"https:\/\/nid.pl\/en\/wp-json\/wp\/v2\/tags?post=15589"}],"curies":[{"name":"wp","href":"https:\/\/api.w.org\/{rel}","templated":true}]}}