{"id":15540,"date":"2023-12-28T10:08:36","date_gmt":"2023-12-28T09:08:36","guid":{"rendered":"https:\/\/nid.pl\/?p=15540"},"modified":"2023-12-28T10:08:37","modified_gmt":"2023-12-28T09:08:37","slug":"projekt-triquetra-czyli-o-tym-jak-chronic-drugi-biskupin-i-inne-stanowiska-archeologiczne-zagrozone-skutkami-zmian-klimatycznych","status":"publish","type":"post","link":"https:\/\/nid.pl\/en\/2023\/12\/28\/projekt-triquetra-czyli-o-tym-jak-chronic-drugi-biskupin-i-inne-stanowiska-archeologiczne-zagrozone-skutkami-zmian-klimatycznych\/","title":{"rendered":"Projekt TRIQUETRA, czyli o tym, jak chroni\u0107 \u201edrugi Biskupin\u201d i inne stanowiska archeologiczne zagro\u017cone skutkami zmian klimatycznych"},"content":{"rendered":"<p><strong>Narodowy Instytut Dziedzictwa, wraz z Uniwersytetem im. Adama Mickiewicza w Poznaniu i 19 europejskimi partnerami wsp\u00f3lnie realizuj\u0105 projekt TRIQUETRA. <em>Toolbox for assessing and mitigating Climate Change risks and natural hazards threatening Cultural Heritage. <\/em>Jego celem jest wypracowanie narz\u0119dzi do oceny i minimalizowania zagro\u017ce\u0144 zwi\u0105zanych ze skutkami zmian klimatycznych, kt\u00f3re mog\u0105 mie\u0107 negatywny wp\u0142yw na dziedzictwo kulturowe<\/strong>.<\/p>\n\n\n\n<p>Mo\u017cliwe rozwi\u0105zania testowane s\u0105 na o\u015bmiu pilota\u017cowych stanowiskach archeologicznych. Jedno z nich znajduje si\u0119 na terenie Polski, w Smuszewie (gm. Damas\u0142awek, cz\u0119\u015bciowo r\u00f3wnie\u017c w gm. Go\u0142a\u0144cz, woj. wielkopolskie), na wschodnim brzegu Jeziora Czeszewskiego. S\u0105 to relikty osady obronnej, zwi\u0105zanej, podobnie jak osada w nieodleg\u0142ym Biskupinie, z ludno\u015bci\u0105 kultury \u0142u\u017cyckiej. Na tym jednak podobie\u0144stwa si\u0119 nie ko\u0144cz\u0105. Dzi\u0119ki analizom dendrochronologicznym pr\u00f3b drewna z zabytkowych konstrukcji w Smuszewie, przeprowadzonym w 2008 roku przez Instytut Archeologii UMK w Toruniu wiemy, \u017ce osady te funkcjonowa\u0142y w podobnym czasie, w drugiej po\u0142owie 8 wieku p.n.e. Z kolei dzi\u0119ki nieinwazyjnym pomiarom geomagnetycznym, realizowanym w Smuszewie w latach 2005 (A. Harding, W. R\u0105czkowski) oraz w 2010 (H. Becker, T. Herbich), uzyskano obraz pozwalaj\u0105cy na stwierdzenie, \u017ce osada, podobnie jak ta w Biskupinie, by\u0142a regularnie zabudowana. Zachowa\u0142y si\u0119 przyziemne partie drewnianych domostw, w tym pod\u0142ogi uk\u0142adane z belek na warstwie faszyny i kamienne paleniska. Domy usytuowane w rz\u0119dach, przylega\u0142y do siebie. Pomi\u0119dzy rz\u0119dami chat znajdowa\u0142y si\u0119 ulice z poprzecznie u\u0142o\u017conych belek, r\u00f3wnie\u017c wzmocnione faszyn\u0105, izoluj\u0105c\u0105 od bagiennego pod\u0142o\u017ca.<\/p>\n\n\n\n<p>Cho\u0107 osada po\u0142o\u017cona by\u0142a w miejscu z natury obronnym, wok\u00f3\u0142 zabudowa\u0144 wzniesiony by\u0142 drewniano-ziemny wa\u0142, kt\u00f3ry dodatkowo chroni\u0142 mieszka\u0144c\u00f3w i ich mienie. Po jego wewn\u0119trznej stronie bieg\u0142a dookolna ulica, wy\u0142o\u017cona drewnem. O fenomenalnym stanie zachowania drewnianych konstrukcji, wyj\u0105tkowym w skali Polski, przekonali si\u0119 badacze z Muzeum Archeologicznego w Poznaniu, prowadz\u0105c prace wykopaliskowe w latach 1959-1966 pod kierownictwem Dobromira Durczewskiego. Dotyczy to r\u00f3wnie\u017c fragment\u00f3w falochronu oraz pomost\u00f3w. Badania obj\u0119\u0142y swym zasi\u0119giem stosunkowo niewielk\u0105 cz\u0119\u015b\u0107 stanowiska. Wi\u0119kszo\u015b\u0107 drewnianych konstrukcji pozostaje nadal pod ziemi\u0105 i pod wod\u0105. Dzi\u0119ki temu maj\u0105 szans\u0119 na zachowanie dla przysz\u0142ych pokole\u0144 badaczy, kt\u00f3rzy b\u0119d\u0105 dysponowa\u0107 jeszcze lepszymi narz\u0119dziami poznawczymi, ale przede wszystkim dla lokalnej spo\u0142eczno\u015bci, jako autentyczne dziedzictwo. Drewno archeologiczne jest jednak niezwykle delikatne. Zmiany warunk\u00f3w wilgotno\u015bci, spowodowane przez zjawiska b\u0119d\u0105ce skutkami zmian klimatycznych, a tak\u017ce dzia\u0142alno\u015b\u0107 cz\u0142owieka, mog\u0105 doprowadzi\u0107 do ca\u0142kowitego rozk\u0142adu konstrukcji, kt\u00f3re przetrwa\u0142y ponad 2700 lat. Dlatego tak wa\u017cne jest znalezienie sposob\u00f3w na monitorowanie i przeciwdzia\u0142anie takim zagro\u017ceniom.<\/p>\n\n\n\n<p>Prace wykopaliskowe prowadzone w latach 60. XX wieku spotyka\u0142y si\u0119 z du\u017cym zainteresowaniem mieszka\u0144c\u00f3w okolicznych miejscowo\u015bci. Wskrzeszenie tego zainteresowania, budowanie zaanga\u017cowania spo\u0142ecznego i kszta\u0142towanie poczucia identyfikacji lokalnych spo\u0142eczno\u015bci z dziedzictwem archeologicznym regionu postrzegamy jako niezwykle wa\u017cne.\u00a0 Z tym te\u017c wi\u0105\u017c\u0105 si\u0119 zadania NID w projekcie TRIQUETRA. W tej sprawie pracownicy Instytutu oraz Uniwersytetu im. Adama Mickiewicza w Poznaniu spotkali si\u0119 z Burmistrzem Miasta i Gminy Go\u0142a\u0144cz, panem Mieczys\u0142awem Durskim oraz W\u00f3jtem Gminy Damas\u0142awek, panem Cyprianem Wieczorkiem. Zadeklarowane wsparcie wyra\u017cone przez przedstawicieli lokalnych w\u0142adz pozwoli na zorganizowanie wielu aktywno\u015bci o tematyce archeologicznej dla mieszka\u0144c\u00f3w regionu i upowszechnianie wiedzy na temat osady obronnej w Smuszewie.<\/p>\n\n\n\n<p>W naszych dzia\u0142aniach w ramach TRIQUETRA wspiera nas tak\u017ce Muzeum Archeologiczne w Biskupinie, kt\u00f3rego pracownicy maj\u0105 ogromne do\u015bwiadczenie w konserwacji drewna oraz w monitorowaniu i przeciwdzia\u0142aniu zagro\u017ceniom dla konstrukcji drewnianych na stanowisku archeologicznym. Dzia\u0142alno\u015b\u0107 Muzeum w tym zakresie przedstawili podczas spotkania w Biskupinie Dyrektor MAB, dr Henryk P. D\u0105browski oraz kierownik Dzia\u0142u konserwacji muzeali\u00f3w, pan Mariusz Fajfer.<\/p>\n\n\n\n<p>Wierzymy, \u017ce zintegrowane dzia\u0142ania podejmowane zar\u00f3wno na szczeblu lokalnym, jak i mi\u0119dzynarodowym, przyczyni\u0105 si\u0119 do ochrony dziedzictwa archeologicznego w obliczu zagro\u017ce\u0144 zwi\u0105zanych ze skutkami zmian klimatycznych.<\/p>\n\n\n\n<p><\/p>\n\n\n\n<figure class=\"wp-block-image aligncenter size-large is-resized\"><img loading=\"lazy\" decoding=\"async\" width=\"1024\" height=\"683\" src=\"https:\/\/nid.pl\/wp-content\/uploads\/2023\/12\/7-1024x683.jpg\" alt=\"\" class=\"wp-image-15544\" style=\"width:575px;height:auto\" srcset=\"https:\/\/nid.pl\/wp-content\/uploads\/2023\/12\/7-980x653.jpg 980w, https:\/\/nid.pl\/wp-content\/uploads\/2023\/12\/7-480x320.jpg 480w\" sizes=\"(min-width: 0px) and (max-width: 480px) 480px, (min-width: 481px) and (max-width: 980px) 980px, (min-width: 981px) 1024px, 100vw\" \/><figcaption class=\"wp-element-caption\">Spotkanie polskich partner\u00f3w projektu TRIQUETRA z p. Mieczys\u0142awem Durskim, Burmistrzem Miasta i Gminy Go\u0142a\u0144cz, fot. Urz\u0105d Miasta i Gminy Go\u0142a\u0144cz<\/figcaption><\/figure>\n\n\n\n<figure class=\"wp-block-image aligncenter size-large is-resized\"><img loading=\"lazy\" decoding=\"async\" width=\"1024\" height=\"683\" src=\"https:\/\/nid.pl\/wp-content\/uploads\/2023\/12\/8-1024x683.jpg\" alt=\"\" class=\"wp-image-15545\" style=\"width:575px;height:auto\" srcset=\"https:\/\/nid.pl\/wp-content\/uploads\/2023\/12\/8-980x653.jpg 980w, https:\/\/nid.pl\/wp-content\/uploads\/2023\/12\/8-480x320.jpg 480w\" sizes=\"(min-width: 0px) and (max-width: 480px) 480px, (min-width: 481px) and (max-width: 980px) 980px, (min-width: 981px) 1024px, 100vw\" \/><figcaption class=\"wp-element-caption\">Spotkanie polskich partner\u00f3w projektu TRIQUETRA z p. Cyprianem Wieczorkiem, W\u00f3jtem Gminy Damas\u0142awek, fot. Gmina Damas\u0142awek\/ Maria Chojnacka<\/figcaption><\/figure>\n\n\n\n<figure class=\"wp-block-image aligncenter size-large is-resized\"><img loading=\"lazy\" decoding=\"async\" width=\"1024\" height=\"683\" src=\"https:\/\/nid.pl\/wp-content\/uploads\/2023\/12\/9-1024x683.jpg\" alt=\"\" class=\"wp-image-15546\" style=\"width:571px;height:auto\" srcset=\"https:\/\/nid.pl\/wp-content\/uploads\/2023\/12\/9-980x653.jpg 980w, https:\/\/nid.pl\/wp-content\/uploads\/2023\/12\/9-480x320.jpg 480w\" sizes=\"(min-width: 0px) and (max-width: 480px) 480px, (min-width: 481px) and (max-width: 980px) 980px, (min-width: 981px) 1024px, 100vw\" \/><figcaption class=\"wp-element-caption\">Spotkanie polskich partner\u00f3w projektu TRIQUETRA z Dyrektorem Muzeum Archeologicznego w Biskupinie oraz kierownikiem Dzia\u0142u Konserwacji Muzeali\u00f3w MAB, <br>fot. UAM\/ W\u0142odzimierz R\u0105czkowski<\/figcaption><\/figure>\n\n\n\n<figure class=\"wp-block-image aligncenter size-large is-resized\"><img loading=\"lazy\" decoding=\"async\" width=\"1024\" height=\"683\" src=\"https:\/\/nid.pl\/wp-content\/uploads\/2023\/12\/3-1024x683.jpg\" alt=\"\" class=\"wp-image-15547\" style=\"width:575px;height:auto\" srcset=\"https:\/\/nid.pl\/wp-content\/uploads\/2023\/12\/3-980x653.jpg 980w, https:\/\/nid.pl\/wp-content\/uploads\/2023\/12\/3-480x320.jpg 480w\" sizes=\"(min-width: 0px) and (max-width: 480px) 480px, (min-width: 481px) and (max-width: 980px) 980px, (min-width: 981px) 1024px, 100vw\" \/><figcaption class=\"wp-element-caption\">Stanowisko w trakcie wykonywania fotografii z powietrza, fot. NID\/ Agnieszka Makowska<\/figcaption><\/figure>\n\n\n\n<figure class=\"wp-block-image aligncenter size-large is-resized\"><img loading=\"lazy\" decoding=\"async\" width=\"1024\" height=\"768\" src=\"https:\/\/nid.pl\/wp-content\/uploads\/2023\/12\/4-1024x768.jpg\" alt=\"\" class=\"wp-image-15548\" style=\"width:573px;height:auto\" srcset=\"https:\/\/nid.pl\/wp-content\/uploads\/2023\/12\/4-980x735.jpg 980w, https:\/\/nid.pl\/wp-content\/uploads\/2023\/12\/4-480x360.jpg 480w\" sizes=\"(min-width: 0px) and (max-width: 480px) 480px, (min-width: 481px) and (max-width: 980px) 980px, (min-width: 981px) 1024px, 100vw\" \/><figcaption class=\"wp-element-caption\">Relikty osady obronnej w Smuszewie &#8211; zdj\u0119cie z powietrza, fot. UAM\/ S\u0142awomir Kr\u00f3lewicz<\/figcaption><\/figure>\n\n\n\n<figure class=\"wp-block-image aligncenter size-large is-resized\"><img loading=\"lazy\" decoding=\"async\" width=\"1024\" height=\"683\" src=\"https:\/\/nid.pl\/wp-content\/uploads\/2023\/12\/5-1024x683.jpg\" alt=\"\" class=\"wp-image-15549\" style=\"width:575px;height:auto\" srcset=\"https:\/\/nid.pl\/wp-content\/uploads\/2023\/12\/5-980x653.jpg 980w, https:\/\/nid.pl\/wp-content\/uploads\/2023\/12\/5-480x320.jpg 480w\" sizes=\"(min-width: 0px) and (max-width: 480px) 480px, (min-width: 481px) and (max-width: 980px) 980px, (min-width: 981px) 1024px, 100vw\" \/><figcaption class=\"wp-element-caption\">Relikty osady obronnej w Smuszewie &#8211; na pierwszym planie czytelny mocno zniwelowany wa\u0142 obronny, za nim majdan, gdzie pod ziemi\u0105 kryj\u0105 si\u0119 pozosta\u0142o\u015bci zabudowy drewnianej, <br>fot. NID\/ Agnieszka Makowska<\/figcaption><\/figure>\n\n\n\n<figure class=\"wp-block-image aligncenter size-large is-resized\"><img loading=\"lazy\" decoding=\"async\" width=\"1024\" height=\"683\" src=\"https:\/\/nid.pl\/wp-content\/uploads\/2023\/12\/6-1024x683.jpg\" alt=\"\" class=\"wp-image-15550\" style=\"width:575px;height:auto\" srcset=\"https:\/\/nid.pl\/wp-content\/uploads\/2023\/12\/6-980x653.jpg 980w, https:\/\/nid.pl\/wp-content\/uploads\/2023\/12\/6-480x320.jpg 480w\" sizes=\"(min-width: 0px) and (max-width: 480px) 480px, (min-width: 481px) and (max-width: 980px) 980px, (min-width: 981px) 1024px, 100vw\" \/><figcaption class=\"wp-element-caption\">Drewniane konstrukcje zwi\u0105zane z funkcjonowaniem osady w Smuszewie znajduj\u0105 si\u0119 r\u00f3wnie\u017c w strefie przybrze\u017cnej Jeziora Czeszewskiego, fot. NID\/ Agnieszka Makowska<\/figcaption><\/figure>\n\n\n\n<figure class=\"wp-block-image size-large\"><img loading=\"lazy\" decoding=\"async\" width=\"1024\" height=\"332\" src=\"https:\/\/nid.pl\/wp-content\/uploads\/2023\/12\/1-1-1024x332.jpg\" alt=\"\" class=\"wp-image-15551\" srcset=\"https:\/\/nid.pl\/wp-content\/uploads\/2023\/12\/1-1-980x318.jpg 980w, https:\/\/nid.pl\/wp-content\/uploads\/2023\/12\/1-1-480x156.jpg 480w\" sizes=\"(min-width: 0px) and (max-width: 480px) 480px, (min-width: 481px) and (max-width: 980px) 980px, (min-width: 981px) 1024px, 100vw\" \/><figcaption class=\"wp-element-caption\">Relikty osady obronnej w Smuszewie &#8211; pracownicy NID i UAM w trakcie prospekcji powierzchniowej na stanowisku, <br>fot. NID\/ Agnieszka Makowska<\/figcaption><\/figure>\n\n\n\n<p><\/p>\n\n\n\n<figure class=\"wp-block-image aligncenter size-large is-resized\"><img loading=\"lazy\" decoding=\"async\" width=\"1024\" height=\"207\" src=\"https:\/\/nid.pl\/wp-content\/uploads\/2023\/12\/TRIQUETRA-Horizontal-green-logo-1024x207.png\" alt=\"\" class=\"wp-image-15542\" style=\"width:805px;height:auto\" srcset=\"https:\/\/nid.pl\/wp-content\/uploads\/2023\/12\/TRIQUETRA-Horizontal-green-logo-980x198.png 980w, https:\/\/nid.pl\/wp-content\/uploads\/2023\/12\/TRIQUETRA-Horizontal-green-logo-480x97.png 480w\" sizes=\"(min-width: 0px) and (max-width: 480px) 480px, (min-width: 481px) and (max-width: 980px) 980px, (min-width: 981px) 1024px, 100vw\" \/><\/figure>\n\n\n\n<p><\/p>\n\n\n\n<p>Projekt \u201eTRIQUETRA. Toolbox for assessing and mitigating Climate Change risks and natural hazards threatening Cultural Heritage\u201d finansowany jest z unijnego programu Horyzont Europa w zakresie bada\u0144 i innowacji na podstawie umowy nr 101094818.<\/p>\n\n\n\n<figure class=\"wp-block-image size-large\"><img loading=\"lazy\" decoding=\"async\" width=\"1024\" height=\"215\" src=\"https:\/\/nid.pl\/wp-content\/uploads\/2023\/12\/PL-Finansowane-przez-Unie-Europejska_POS-1024x215.jpg\" alt=\"\" class=\"wp-image-15543\" srcset=\"https:\/\/nid.pl\/wp-content\/uploads\/2023\/12\/PL-Finansowane-przez-Unie-Europejska_POS-980x206.jpg 980w, https:\/\/nid.pl\/wp-content\/uploads\/2023\/12\/PL-Finansowane-przez-Unie-Europejska_POS-480x101.jpg 480w\" sizes=\"(min-width: 0px) and (max-width: 480px) 480px, (min-width: 481px) and (max-width: 980px) 980px, (min-width: 981px) 1024px, 100vw\" \/><\/figure>","protected":false},"excerpt":{"rendered":"<p>Narodowy Instytut Dziedzictwa, wraz z Uniwersytetem im. Adama Mickiewicza w Poznaniu i 19 europejskimi partnerami wsp\u00f3lnie realizuj\u0105 projekt TRIQUETRA. Toolbox for assessing and mitigating Climate Change risks and natural hazards [&hellip;]<\/p>","protected":false},"author":7,"featured_media":15552,"comment_status":"closed","ping_status":"closed","sticky":false,"template":"","format":"standard","meta":{"_et_pb_use_builder":"off","_et_pb_old_content":"","_et_gb_content_width":"","_monsterinsights_skip_tracking":false,"_monsterinsights_sitenote_active":false,"_monsterinsights_sitenote_note":"","_monsterinsights_sitenote_category":0,"footnotes":""},"categories":[3],"tags":[],"class_list":["post-15540","post","type-post","status-publish","format-standard","has-post-thumbnail","hentry","category-aktualnosci"],"yoast_head":"<!-- This site is optimized with the Yoast SEO plugin v26.5 - https:\/\/yoast.com\/wordpress\/plugins\/seo\/ -->\n<title>Projekt TRIQUETRA, czyli o tym, jak chroni\u0107 \u201edrugi Biskupin\u201d i inne stanowiska archeologiczne zagro\u017cone skutkami zmian klimatycznych - NID<\/title>\n<meta name=\"robots\" content=\"index, follow, max-snippet:-1, max-image-preview:large, max-video-preview:-1\" \/>\n<link rel=\"canonical\" href=\"https:\/\/nid.pl\/en\/2023\/12\/28\/projekt-triquetra-czyli-o-tym-jak-chronic-drugi-biskupin-i-inne-stanowiska-archeologiczne-zagrozone-skutkami-zmian-klimatycznych\/\" \/>\n<meta property=\"og:locale\" content=\"en_GB\" \/>\n<meta property=\"og:type\" content=\"article\" \/>\n<meta property=\"og:title\" content=\"Projekt TRIQUETRA, czyli o tym, jak chroni\u0107 \u201edrugi Biskupin\u201d i inne stanowiska archeologiczne zagro\u017cone skutkami zmian klimatycznych - NID\" \/>\n<meta property=\"og:description\" content=\"Narodowy Instytut Dziedzictwa, wraz z Uniwersytetem im. Adama Mickiewicza w Poznaniu i 19 europejskimi partnerami wsp\u00f3lnie realizuj\u0105 projekt TRIQUETRA. Toolbox for assessing and mitigating Climate Change risks and natural hazards [&hellip;]\" \/>\n<meta property=\"og:url\" content=\"https:\/\/nid.pl\/en\/2023\/12\/28\/projekt-triquetra-czyli-o-tym-jak-chronic-drugi-biskupin-i-inne-stanowiska-archeologiczne-zagrozone-skutkami-zmian-klimatycznych\/\" \/>\n<meta property=\"og:site_name\" content=\"NID\" \/>\n<meta property=\"article:publisher\" content=\"https:\/\/www.facebook.com\/zabytek\" \/>\n<meta property=\"article:published_time\" content=\"2023-12-28T09:08:36+00:00\" \/>\n<meta property=\"article:modified_time\" content=\"2023-12-28T09:08:37+00:00\" \/>\n<meta property=\"og:image\" content=\"https:\/\/nid.pl\/wp-content\/uploads\/2023\/12\/7-1024x683.jpg\" \/>\n<meta name=\"author\" content=\"Barbara Halliop\" \/>\n<meta name=\"twitter:card\" content=\"summary_large_image\" \/>\n<meta name=\"twitter:creator\" content=\"@NarIDpl\" \/>\n<meta name=\"twitter:site\" content=\"@NarIDpl\" \/>\n<meta name=\"twitter:label1\" content=\"Written by\" \/>\n\t<meta name=\"twitter:data1\" content=\"Barbara Halliop\" \/>\n<script type=\"application\/ld+json\" class=\"yoast-schema-graph\">{\"@context\":\"https:\/\/schema.org\",\"@graph\":[{\"@type\":\"Article\",\"@id\":\"https:\/\/nid.pl\/2023\/12\/28\/projekt-triquetra-czyli-o-tym-jak-chronic-drugi-biskupin-i-inne-stanowiska-archeologiczne-zagrozone-skutkami-zmian-klimatycznych\/#article\",\"isPartOf\":{\"@id\":\"https:\/\/nid.pl\/2023\/12\/28\/projekt-triquetra-czyli-o-tym-jak-chronic-drugi-biskupin-i-inne-stanowiska-archeologiczne-zagrozone-skutkami-zmian-klimatycznych\/\"},\"author\":{\"name\":\"Barbara Halliop\",\"@id\":\"https:\/\/nid.pl\/#\/schema\/person\/1b690a8998a5111cfb9f0ffe24195a15\"},\"headline\":\"Projekt TRIQUETRA, czyli o tym, jak chroni\u0107 \u201edrugi Biskupin\u201d i inne stanowiska archeologiczne zagro\u017cone skutkami zmian klimatycznych\",\"datePublished\":\"2023-12-28T09:08:36+00:00\",\"dateModified\":\"2023-12-28T09:08:37+00:00\",\"mainEntityOfPage\":{\"@id\":\"https:\/\/nid.pl\/2023\/12\/28\/projekt-triquetra-czyli-o-tym-jak-chronic-drugi-biskupin-i-inne-stanowiska-archeologiczne-zagrozone-skutkami-zmian-klimatycznych\/\"},\"wordCount\":904,\"publisher\":{\"@id\":\"https:\/\/nid.pl\/#organization\"},\"image\":{\"@id\":\"https:\/\/nid.pl\/2023\/12\/28\/projekt-triquetra-czyli-o-tym-jak-chronic-drugi-biskupin-i-inne-stanowiska-archeologiczne-zagrozone-skutkami-zmian-klimatycznych\/#primaryimage\"},\"thumbnailUrl\":\"https:\/\/nid.pl\/wp-content\/uploads\/2023\/12\/Spotkanie-polskich-partnerow-projektu-TRIQUETRA-z-Wojtem-Gminy-Damaslawek.jpg\",\"articleSection\":[\"Aktualno\u015bci\"],\"inLanguage\":\"en-GB\"},{\"@type\":\"WebPage\",\"@id\":\"https:\/\/nid.pl\/2023\/12\/28\/projekt-triquetra-czyli-o-tym-jak-chronic-drugi-biskupin-i-inne-stanowiska-archeologiczne-zagrozone-skutkami-zmian-klimatycznych\/\",\"url\":\"https:\/\/nid.pl\/2023\/12\/28\/projekt-triquetra-czyli-o-tym-jak-chronic-drugi-biskupin-i-inne-stanowiska-archeologiczne-zagrozone-skutkami-zmian-klimatycznych\/\",\"name\":\"Projekt TRIQUETRA, czyli o tym, jak chroni\u0107 \u201edrugi Biskupin\u201d i inne stanowiska archeologiczne zagro\u017cone skutkami zmian klimatycznych - NID\",\"isPartOf\":{\"@id\":\"https:\/\/nid.pl\/#website\"},\"primaryImageOfPage\":{\"@id\":\"https:\/\/nid.pl\/2023\/12\/28\/projekt-triquetra-czyli-o-tym-jak-chronic-drugi-biskupin-i-inne-stanowiska-archeologiczne-zagrozone-skutkami-zmian-klimatycznych\/#primaryimage\"},\"image\":{\"@id\":\"https:\/\/nid.pl\/2023\/12\/28\/projekt-triquetra-czyli-o-tym-jak-chronic-drugi-biskupin-i-inne-stanowiska-archeologiczne-zagrozone-skutkami-zmian-klimatycznych\/#primaryimage\"},\"thumbnailUrl\":\"https:\/\/nid.pl\/wp-content\/uploads\/2023\/12\/Spotkanie-polskich-partnerow-projektu-TRIQUETRA-z-Wojtem-Gminy-Damaslawek.jpg\",\"datePublished\":\"2023-12-28T09:08:36+00:00\",\"dateModified\":\"2023-12-28T09:08:37+00:00\",\"breadcrumb\":{\"@id\":\"https:\/\/nid.pl\/2023\/12\/28\/projekt-triquetra-czyli-o-tym-jak-chronic-drugi-biskupin-i-inne-stanowiska-archeologiczne-zagrozone-skutkami-zmian-klimatycznych\/#breadcrumb\"},\"inLanguage\":\"en-GB\",\"potentialAction\":[{\"@type\":\"ReadAction\",\"target\":[\"https:\/\/nid.pl\/2023\/12\/28\/projekt-triquetra-czyli-o-tym-jak-chronic-drugi-biskupin-i-inne-stanowiska-archeologiczne-zagrozone-skutkami-zmian-klimatycznych\/\"]}]},{\"@type\":\"ImageObject\",\"inLanguage\":\"en-GB\",\"@id\":\"https:\/\/nid.pl\/2023\/12\/28\/projekt-triquetra-czyli-o-tym-jak-chronic-drugi-biskupin-i-inne-stanowiska-archeologiczne-zagrozone-skutkami-zmian-klimatycznych\/#primaryimage\",\"url\":\"https:\/\/nid.pl\/wp-content\/uploads\/2023\/12\/Spotkanie-polskich-partnerow-projektu-TRIQUETRA-z-Wojtem-Gminy-Damaslawek.jpg\",\"contentUrl\":\"https:\/\/nid.pl\/wp-content\/uploads\/2023\/12\/Spotkanie-polskich-partnerow-projektu-TRIQUETRA-z-Wojtem-Gminy-Damaslawek.jpg\",\"width\":1850,\"height\":1238,\"caption\":\"Spotkanie polskich partnerow projektu TRIQUETRA z Wojtem Gminy Damaslawek\"},{\"@type\":\"BreadcrumbList\",\"@id\":\"https:\/\/nid.pl\/2023\/12\/28\/projekt-triquetra-czyli-o-tym-jak-chronic-drugi-biskupin-i-inne-stanowiska-archeologiczne-zagrozone-skutkami-zmian-klimatycznych\/#breadcrumb\",\"itemListElement\":[{\"@type\":\"ListItem\",\"position\":1,\"name\":\"Home\",\"item\":\"https:\/\/nid.pl\/\"},{\"@type\":\"ListItem\",\"position\":2,\"name\":\"Projekt TRIQUETRA, czyli o tym, jak chroni\u0107 \u201edrugi Biskupin\u201d i inne stanowiska archeologiczne zagro\u017cone skutkami zmian klimatycznych\"}]},{\"@type\":\"WebSite\",\"@id\":\"https:\/\/nid.pl\/#website\",\"url\":\"https:\/\/nid.pl\/\",\"name\":\"NID\",\"description\":\"Narodowy Instytut Dziedzictwa\",\"publisher\":{\"@id\":\"https:\/\/nid.pl\/#organization\"},\"potentialAction\":[{\"@type\":\"SearchAction\",\"target\":{\"@type\":\"EntryPoint\",\"urlTemplate\":\"https:\/\/nid.pl\/?s={search_term_string}\"},\"query-input\":{\"@type\":\"PropertyValueSpecification\",\"valueRequired\":true,\"valueName\":\"search_term_string\"}}],\"inLanguage\":\"en-GB\"},{\"@type\":\"Organization\",\"@id\":\"https:\/\/nid.pl\/#organization\",\"name\":\"Narodowy Instytut Dziedzictwa\",\"url\":\"https:\/\/nid.pl\/\",\"logo\":{\"@type\":\"ImageObject\",\"inLanguage\":\"en-GB\",\"@id\":\"https:\/\/nid.pl\/#\/schema\/logo\/image\/\",\"url\":\"https:\/\/nid.pl\/wp-content\/uploads\/2022\/10\/logoRedDark.png\",\"contentUrl\":\"https:\/\/nid.pl\/wp-content\/uploads\/2022\/10\/logoRedDark.png\",\"width\":200,\"height\":197,\"caption\":\"Narodowy Instytut Dziedzictwa\"},\"image\":{\"@id\":\"https:\/\/nid.pl\/#\/schema\/logo\/image\/\"},\"sameAs\":[\"https:\/\/www.facebook.com\/zabytek\",\"https:\/\/x.com\/NarIDpl\",\"https:\/\/www.instagram.com\/nid.pl\/?hl=pl\",\"https:\/\/www.linkedin.com\/company\/narodowy-instytut-dziedzictwa\",\"https:\/\/www.youtube.com\/channel\/UCQXuhKa2uHtmNvLRUSx40JA\"]},{\"@type\":\"Person\",\"@id\":\"https:\/\/nid.pl\/#\/schema\/person\/1b690a8998a5111cfb9f0ffe24195a15\",\"name\":\"Barbara Halliop\",\"image\":{\"@type\":\"ImageObject\",\"inLanguage\":\"en-GB\",\"@id\":\"https:\/\/nid.pl\/#\/schema\/person\/image\/\",\"url\":\"https:\/\/nid.pl\/wp-content\/litespeed\/avatar\/924046d17dd0c842c9fa9ccf489bc6dc.jpg?ver=1777444967\",\"contentUrl\":\"https:\/\/nid.pl\/wp-content\/litespeed\/avatar\/924046d17dd0c842c9fa9ccf489bc6dc.jpg?ver=1777444967\",\"caption\":\"Barbara Halliop\"},\"url\":\"https:\/\/nid.pl\/en\/author\/bhalliop\/\"}]}<\/script>\n<!-- \/ Yoast SEO plugin. -->","yoast_head_json":{"title":"Projekt TRIQUETRA, czyli o tym, jak chroni\u0107 \u201edrugi Biskupin\u201d i inne stanowiska archeologiczne zagro\u017cone skutkami zmian klimatycznych - NID","robots":{"index":"index","follow":"follow","max-snippet":"max-snippet:-1","max-image-preview":"max-image-preview:large","max-video-preview":"max-video-preview:-1"},"canonical":"https:\/\/nid.pl\/en\/2023\/12\/28\/projekt-triquetra-czyli-o-tym-jak-chronic-drugi-biskupin-i-inne-stanowiska-archeologiczne-zagrozone-skutkami-zmian-klimatycznych\/","og_locale":"en_GB","og_type":"article","og_title":"Projekt TRIQUETRA, czyli o tym, jak chroni\u0107 \u201edrugi Biskupin\u201d i inne stanowiska archeologiczne zagro\u017cone skutkami zmian klimatycznych - NID","og_description":"Narodowy Instytut Dziedzictwa, wraz z Uniwersytetem im. Adama Mickiewicza w Poznaniu i 19 europejskimi partnerami wsp\u00f3lnie realizuj\u0105 projekt TRIQUETRA. Toolbox for assessing and mitigating Climate Change risks and natural hazards [&hellip;]","og_url":"https:\/\/nid.pl\/en\/2023\/12\/28\/projekt-triquetra-czyli-o-tym-jak-chronic-drugi-biskupin-i-inne-stanowiska-archeologiczne-zagrozone-skutkami-zmian-klimatycznych\/","og_site_name":"NID","article_publisher":"https:\/\/www.facebook.com\/zabytek","article_published_time":"2023-12-28T09:08:36+00:00","article_modified_time":"2023-12-28T09:08:37+00:00","og_image":[{"url":"https:\/\/nid.pl\/wp-content\/uploads\/2023\/12\/7-1024x683.jpg","type":"","width":"","height":""}],"author":"Barbara Halliop","twitter_card":"summary_large_image","twitter_creator":"@NarIDpl","twitter_site":"@NarIDpl","twitter_misc":{"Written by":"Barbara Halliop"},"schema":{"@context":"https:\/\/schema.org","@graph":[{"@type":"Article","@id":"https:\/\/nid.pl\/2023\/12\/28\/projekt-triquetra-czyli-o-tym-jak-chronic-drugi-biskupin-i-inne-stanowiska-archeologiczne-zagrozone-skutkami-zmian-klimatycznych\/#article","isPartOf":{"@id":"https:\/\/nid.pl\/2023\/12\/28\/projekt-triquetra-czyli-o-tym-jak-chronic-drugi-biskupin-i-inne-stanowiska-archeologiczne-zagrozone-skutkami-zmian-klimatycznych\/"},"author":{"name":"Barbara Halliop","@id":"https:\/\/nid.pl\/#\/schema\/person\/1b690a8998a5111cfb9f0ffe24195a15"},"headline":"Projekt TRIQUETRA, czyli o tym, jak chroni\u0107 \u201edrugi Biskupin\u201d i inne stanowiska archeologiczne zagro\u017cone skutkami zmian klimatycznych","datePublished":"2023-12-28T09:08:36+00:00","dateModified":"2023-12-28T09:08:37+00:00","mainEntityOfPage":{"@id":"https:\/\/nid.pl\/2023\/12\/28\/projekt-triquetra-czyli-o-tym-jak-chronic-drugi-biskupin-i-inne-stanowiska-archeologiczne-zagrozone-skutkami-zmian-klimatycznych\/"},"wordCount":904,"publisher":{"@id":"https:\/\/nid.pl\/#organization"},"image":{"@id":"https:\/\/nid.pl\/2023\/12\/28\/projekt-triquetra-czyli-o-tym-jak-chronic-drugi-biskupin-i-inne-stanowiska-archeologiczne-zagrozone-skutkami-zmian-klimatycznych\/#primaryimage"},"thumbnailUrl":"https:\/\/nid.pl\/wp-content\/uploads\/2023\/12\/Spotkanie-polskich-partnerow-projektu-TRIQUETRA-z-Wojtem-Gminy-Damaslawek.jpg","articleSection":["Aktualno\u015bci"],"inLanguage":"en-GB"},{"@type":"WebPage","@id":"https:\/\/nid.pl\/2023\/12\/28\/projekt-triquetra-czyli-o-tym-jak-chronic-drugi-biskupin-i-inne-stanowiska-archeologiczne-zagrozone-skutkami-zmian-klimatycznych\/","url":"https:\/\/nid.pl\/2023\/12\/28\/projekt-triquetra-czyli-o-tym-jak-chronic-drugi-biskupin-i-inne-stanowiska-archeologiczne-zagrozone-skutkami-zmian-klimatycznych\/","name":"Projekt TRIQUETRA, czyli o tym, jak chroni\u0107 \u201edrugi Biskupin\u201d i inne stanowiska archeologiczne zagro\u017cone skutkami zmian klimatycznych - NID","isPartOf":{"@id":"https:\/\/nid.pl\/#website"},"primaryImageOfPage":{"@id":"https:\/\/nid.pl\/2023\/12\/28\/projekt-triquetra-czyli-o-tym-jak-chronic-drugi-biskupin-i-inne-stanowiska-archeologiczne-zagrozone-skutkami-zmian-klimatycznych\/#primaryimage"},"image":{"@id":"https:\/\/nid.pl\/2023\/12\/28\/projekt-triquetra-czyli-o-tym-jak-chronic-drugi-biskupin-i-inne-stanowiska-archeologiczne-zagrozone-skutkami-zmian-klimatycznych\/#primaryimage"},"thumbnailUrl":"https:\/\/nid.pl\/wp-content\/uploads\/2023\/12\/Spotkanie-polskich-partnerow-projektu-TRIQUETRA-z-Wojtem-Gminy-Damaslawek.jpg","datePublished":"2023-12-28T09:08:36+00:00","dateModified":"2023-12-28T09:08:37+00:00","breadcrumb":{"@id":"https:\/\/nid.pl\/2023\/12\/28\/projekt-triquetra-czyli-o-tym-jak-chronic-drugi-biskupin-i-inne-stanowiska-archeologiczne-zagrozone-skutkami-zmian-klimatycznych\/#breadcrumb"},"inLanguage":"en-GB","potentialAction":[{"@type":"ReadAction","target":["https:\/\/nid.pl\/2023\/12\/28\/projekt-triquetra-czyli-o-tym-jak-chronic-drugi-biskupin-i-inne-stanowiska-archeologiczne-zagrozone-skutkami-zmian-klimatycznych\/"]}]},{"@type":"ImageObject","inLanguage":"en-GB","@id":"https:\/\/nid.pl\/2023\/12\/28\/projekt-triquetra-czyli-o-tym-jak-chronic-drugi-biskupin-i-inne-stanowiska-archeologiczne-zagrozone-skutkami-zmian-klimatycznych\/#primaryimage","url":"https:\/\/nid.pl\/wp-content\/uploads\/2023\/12\/Spotkanie-polskich-partnerow-projektu-TRIQUETRA-z-Wojtem-Gminy-Damaslawek.jpg","contentUrl":"https:\/\/nid.pl\/wp-content\/uploads\/2023\/12\/Spotkanie-polskich-partnerow-projektu-TRIQUETRA-z-Wojtem-Gminy-Damaslawek.jpg","width":1850,"height":1238,"caption":"Spotkanie polskich partnerow projektu TRIQUETRA z Wojtem Gminy Damaslawek"},{"@type":"BreadcrumbList","@id":"https:\/\/nid.pl\/2023\/12\/28\/projekt-triquetra-czyli-o-tym-jak-chronic-drugi-biskupin-i-inne-stanowiska-archeologiczne-zagrozone-skutkami-zmian-klimatycznych\/#breadcrumb","itemListElement":[{"@type":"ListItem","position":1,"name":"Home","item":"https:\/\/nid.pl\/"},{"@type":"ListItem","position":2,"name":"Projekt TRIQUETRA, czyli o tym, jak chroni\u0107 \u201edrugi Biskupin\u201d i inne stanowiska archeologiczne zagro\u017cone skutkami zmian klimatycznych"}]},{"@type":"WebSite","@id":"https:\/\/nid.pl\/#website","url":"https:\/\/nid.pl\/","name":"NID","description":"Narodowy Instytut Dziedzictwa","publisher":{"@id":"https:\/\/nid.pl\/#organization"},"potentialAction":[{"@type":"SearchAction","target":{"@type":"EntryPoint","urlTemplate":"https:\/\/nid.pl\/?s={search_term_string}"},"query-input":{"@type":"PropertyValueSpecification","valueRequired":true,"valueName":"search_term_string"}}],"inLanguage":"en-GB"},{"@type":"Organization","@id":"https:\/\/nid.pl\/#organization","name":"Narodowy Instytut Dziedzictwa","url":"https:\/\/nid.pl\/","logo":{"@type":"ImageObject","inLanguage":"en-GB","@id":"https:\/\/nid.pl\/#\/schema\/logo\/image\/","url":"https:\/\/nid.pl\/wp-content\/uploads\/2022\/10\/logoRedDark.png","contentUrl":"https:\/\/nid.pl\/wp-content\/uploads\/2022\/10\/logoRedDark.png","width":200,"height":197,"caption":"Narodowy Instytut Dziedzictwa"},"image":{"@id":"https:\/\/nid.pl\/#\/schema\/logo\/image\/"},"sameAs":["https:\/\/www.facebook.com\/zabytek","https:\/\/x.com\/NarIDpl","https:\/\/www.instagram.com\/nid.pl\/?hl=pl","https:\/\/www.linkedin.com\/company\/narodowy-instytut-dziedzictwa","https:\/\/www.youtube.com\/channel\/UCQXuhKa2uHtmNvLRUSx40JA"]},{"@type":"Person","@id":"https:\/\/nid.pl\/#\/schema\/person\/1b690a8998a5111cfb9f0ffe24195a15","name":"Barbara Halliop","image":{"@type":"ImageObject","inLanguage":"en-GB","@id":"https:\/\/nid.pl\/#\/schema\/person\/image\/","url":"https:\/\/nid.pl\/wp-content\/litespeed\/avatar\/924046d17dd0c842c9fa9ccf489bc6dc.jpg?ver=1777444967","contentUrl":"https:\/\/nid.pl\/wp-content\/litespeed\/avatar\/924046d17dd0c842c9fa9ccf489bc6dc.jpg?ver=1777444967","caption":"Barbara Halliop"},"url":"https:\/\/nid.pl\/en\/author\/bhalliop\/"}]}},"_links":{"self":[{"href":"https:\/\/nid.pl\/en\/wp-json\/wp\/v2\/posts\/15540","targetHints":{"allow":["GET"]}}],"collection":[{"href":"https:\/\/nid.pl\/en\/wp-json\/wp\/v2\/posts"}],"about":[{"href":"https:\/\/nid.pl\/en\/wp-json\/wp\/v2\/types\/post"}],"author":[{"embeddable":true,"href":"https:\/\/nid.pl\/en\/wp-json\/wp\/v2\/users\/7"}],"replies":[{"embeddable":true,"href":"https:\/\/nid.pl\/en\/wp-json\/wp\/v2\/comments?post=15540"}],"version-history":[{"count":0,"href":"https:\/\/nid.pl\/en\/wp-json\/wp\/v2\/posts\/15540\/revisions"}],"wp:featuredmedia":[{"embeddable":true,"href":"https:\/\/nid.pl\/en\/wp-json\/wp\/v2\/media\/15552"}],"wp:attachment":[{"href":"https:\/\/nid.pl\/en\/wp-json\/wp\/v2\/media?parent=15540"}],"wp:term":[{"taxonomy":"category","embeddable":true,"href":"https:\/\/nid.pl\/en\/wp-json\/wp\/v2\/categories?post=15540"},{"taxonomy":"post_tag","embeddable":true,"href":"https:\/\/nid.pl\/en\/wp-json\/wp\/v2\/tags?post=15540"}],"curies":[{"name":"wp","href":"https:\/\/api.w.org\/{rel}","templated":true}]}}