{"id":15452,"date":"2023-12-22T15:12:03","date_gmt":"2023-12-22T14:12:03","guid":{"rendered":"https:\/\/nid.pl\/?p=15452"},"modified":"2023-12-26T21:11:42","modified_gmt":"2023-12-26T20:11:42","slug":"z-narodzenia-pana-dzien-dzis-wesoly","status":"publish","type":"post","link":"https:\/\/nid.pl\/en\/2023\/12\/22\/z-narodzenia-pana-dzien-dzis-wesoly\/","title":{"rendered":"Z narodzenia Pana dzie\u0144 dzi\u015b weso\u0142y!"},"content":{"rendered":"[et_pb_section admin_label=&#8221;section&#8221;]\n\t\t\t[et_pb_row admin_label=&#8221;row&#8221;]\n\t\t\t\t[et_pb_column type=&#8221;4_4&#8243;][et_pb_text admin_label=&#8221;Text&#8221;]\n<p>Po trudach zwi\u0105zanych z przygotowaniami do \u015bwi\u0105t Bo\u017cego Narodzenia przychodzi ten wyj\u0105tkowy dzie\u0144 &#8211; 25 grudnia. Wed\u0142ug tradycji, w tym dniu wykonywa\u0142o si\u0119 tylko niezb\u0119dne czynno\u015bci, a czas sp\u0119dza\u0142o wy\u0142\u0105cznie w gronie najbli\u017cszej rodziny. Czy wiemy jednak, dlaczego Bo\u017ce Narodzenie przypada 25 grudnia? Jak nasi przodkowie sp\u0119dzali ten wyj\u0105tkowy czas?<\/p>\n\n\n\n<p><strong>25 grudnia &#8211; Godne \u015awi\u0119ta<\/strong><\/p>\n\n\n\n<p>Trudno jednoznacznie okre\u015bli\u0107, dlaczego ta data zosta\u0142a wybrana. Istniej\u0105 dwie g\u0142\u00f3wne teorie: jedna opiera si\u0119 na obliczeniach z Biblii, druga sugeruje wp\u0142yw tradycji poga\u0144skich, zw\u0142aszcza Saturnali\u00f3w. Obrz\u0119dy Saturnali\u00f3w symbolizowa\u0142y powr\u00f3t do z\u0142otego wieku, kiedy ludzie nie pracowali, a ziemia rodzi\u0142a obfite plony.<\/p>\n\n\n\n<p>Najstarszym znanym \u015bwiadectwem obchodzenia Bo\u017cego Narodzenia jest wpis w kalendarzu \u015bwi\u0105t ko\u015bcielnych z 354 roku. W pocz\u0105tkowych wiekach chrze\u015bcija\u0144stwa Bo\u017ce Narodzenie obchodzone by\u0142o w r\u00f3\u017cnych terminach, wyznaczonych przez hipotetyczne daty narodzenia Jezusa. Ostatecznie biskupi rzymscy zatwierdzili 25 grudnia, jako dat\u0119 \u015bwi\u0119ta upami\u0119tniaj\u0105cego, narodziny Jezusa Chrystusa.<\/p>\n\n\n\n<p>W\u015br\u00f3d plemion s\u0142owia\u0144skich, w tym na obszarze Polski, dzie\u0144 przesilenia nazywano \u201egodami\u201d lub &#8220;\u015bwi\u0105tkami&#8221;, podkre\u015blaj\u0105c, \u017ce to \u201enoc, co gody styka\u201d. Wed\u0142ug \u201eEncyklopedii staropolskiej\u201d Zygmunta Glogera termin \u201egody\u201d wywodzi si\u0119 od wyra\u017cenia \u201egod&#8221;, oznaczaj\u0105cego jednocze\u015bnie Bo\u017ce Narodzenie lub Nowy Rok, zale\u017cnie od regionu. Okre\u015blenie \u201eGodne \u015awi\u0119ta\u201d by\u0142o stosowane do ko\u0144ca XVIII wieku, a na wsiach nawet do pocz\u0105tku XX wieku.<\/p>\n\n\n\n<p><strong>Tradycja \u015bpiewania kol\u0119d<\/strong><\/p>\n\n\n\n<p>Przez d\u0142ugi czas obchody Bo\u017cego Narodzenia trwa\u0142y osiem dni. Dopiero od 1775 roku utrzyma\u0142a si\u0119 tradycja dwudniowego \u015bwi\u0119towania. Pierwszy dzie\u0144 Bo\u017cego Narodzenia obchodzono w atmosferze powagi przestrzegaj\u0105c zwyczajowych zakaz\u00f3w wykonywania w tym uroczystym dniu prac takich jak zamiatanie, r\u0105banie drew, a nawet gotowanie, ograniczaj\u0105c si\u0119 do odgrzania wcze\u015bniej sporz\u0105dzonych potraw. W tym dniu nie wolno by\u0142o chodzi\u0107 po wsi, ani przyjmowa\u0107 w domu go\u015bci. Czas up\u0142ywa\u0142 w \u015bcis\u0142ym gronie rodzinnym, na \u015bpiewaniu kol\u0119d.<\/p>\n\n\n\n<p>Nie spos\u00f3b, wi\u0119c pomin\u0105\u0107 jednego z pi\u0119kniejszych zwyczaj\u00f3w bo\u017conarodzeniowych \u2013 \u015bpiewania kol\u0119d. Nazwa &#8220;kol\u0119da&#8221; w kontek\u015bcie popularnej dzisiaj pie\u015bni \u015bwi\u0105tecznej wywodzi si\u0119 od \u0142aci\u0144skiego s\u0142owa &#8220;calendae&#8221;, oznaczaj\u0105cego pierwszy dzie\u0144 ka\u017cdego miesi\u0105ca w kalendarzu julia\u0144skim. Jednak termin &#8220;kol\u0119da&#8221; w dzisiejszym sensie przyj\u0105\u0142 swoje znaczenie dopiero w XVII wieku.<\/p>\n\n\n\n<p>Kol\u0119dy pojawi\u0142y si\u0119 na ziemiach polskich przed XV wiekiem, przede wszystkim w misteriach i dialogach. Najstarsze zachowane zapisy pochodz\u0105 z pierwszej po\u0142owy XV wieku i obejmuj\u0105 pie\u015bni przet\u0142umaczone z \u0142aci\u0144skich i czeskich kancjona\u0142\u00f3w. Jednym z najstarszych utwor\u00f3w jest Zdr\u00f3w b\u0105d\u017a kr\u00f3lu anielski, datowany na rok 1424:<\/p>\n\n\n\n<p><em>Zdr\u00f3w b\u0105d\u017a, kr\u00f3lu anielski,<br>K nam na \u015bwiat w ciele przysz\u0142y,<br>Ty\u015b zajisty B\u00f3g skryty,<br>W \u015bwi\u0119te czyste cia\u0142o wlity,<\/em><\/p>\n\n\n\n<p><em>Zdr\u00f3w b\u0105d\u017a, Stworzycielu wszego stworzenia<br>Narodzi\u0142e\u015b si\u0119 z ucierpienia,<br>Przez swego luda zawinienie.<\/em><\/p>\n\n\n\n<p><em>Zdr\u00f3w b\u0105d\u017a, Panie od Panny,<\/em><br><em>Jen\u017c si\u0119 narodzi\u0142 ny.<\/em><\/p>\n\n\n\n<p><em>Zdr\u00f3w b\u0105d\u017a, Jezu Kryste, kr\u00f3lu,<br>Racz przyj\u0105ci nasz\u0105 chwa\u0142\u0119,<br>Racz daci dobre skonanie,Przez Twej matki zas\u0142u\u017cenie,<br>Abychom si\u0119 w\u017cdy chwalili<br>Z Tob\u0105 wiecznie kr\u00f3lowali, Amen<\/em><\/p>\n\n\n\n<p>Najwi\u0119kszy rozkwit polskich kol\u0119d przypada na XVII i XVIII wiek, kiedy to powsta\u0142y najpopularniejsze z nich m.in. \u201eW\u015br\u00f3d nocnej ciszy\u201d, \u201eLulaj\u017ce, Jezuniu\u201d czy \u201eB\u00f3g si\u0119 rodzi\u201d. Od XVIII wieku w kol\u0119dach zacz\u0119\u0142y pojawia\u0107 si\u0119 elementy polskiego folkloru. Powsta\u0142o wiele pie\u015bni, w kt\u00f3rych centralnym motywem jest podr\u00f3\u017c polskich pasterzy do \u017c\u0142\u00f3bka z pok\u0142onem i darami. S\u0105 to utwory skoczne, pe\u0142ne humoru i swady, z odzwierciedleniem gwary z r\u00f3\u017cnych region\u00f3w Polski. Te pie\u015bni, znane jako pastora\u0142ki, by\u0142y wykonywane g\u0142\u00f3wnie w domach, a nie w ko\u015bcio\u0142ach, zw\u0142aszcza podczas tradycyjnych obchod\u00f3w kol\u0119dniczych. Co ciekawe, w muzyce wielu polskich kol\u0119d cz\u0119sto mo\u017cna dostrzec motywy polonez\u00f3w, marsz\u00f3w, ta\u0144c\u00f3w ludowych oraz ko\u0142ysanek, jak np. w &#8220;Lulaj\u017ce Jezuniu&#8221;, kt\u00f3rej motyw melodyczny zosta\u0142y wykorzystany przez Fryderyka Chopina w jego scherzu h-moll.<\/p>\n\n\n\n<p>R\u00f3wnie\u017c dzi\u015b kol\u0119dy stanowi\u0105 pi\u0119kn\u0105 opraw\u0119 polskich uroczysto\u015bci Bo\u017cego Narodzenia. Rozbrzmiewaj\u0105 w ko\u015bcio\u0142ach podczas \u015bwi\u0105tecznych i niedzielnych nabo\u017ce\u0144stw, a\u017c do 2 lutego, czyli \u015bwi\u0119ta Matki Boskiej Gromnicznej. Tradycja wsp\u00f3lnego \u015bpiewania kol\u0119d, praktykowana jest nie tylko w domach. Popularne s\u0105 r\u00f3wnie\u017c koncerty kol\u0119d, transmitowane w radiu i telewizji w okresie \u015bwi\u0105tecznym.<\/p>\n\n\n\n<p><strong>O bo\u017conarodzeniowych upominkach<\/strong><\/p>\n\n\n\n<p>Bo\u017ce Narodzenie to tak\u017ce zwyczaj obdarowywania prezentami. W Polsce przewa\u017cnie praktykowany w wigili\u0119 Bo\u017cego Narodzenia. Jest to jedna z najnowszych tradycji \u015bwi\u0105tecznych, chocia\u017c obecnie powszechna i zakorzeniona w zwyczajach bo\u017conarodzeniowych oraz obrz\u0119dach domowych. Zwyczaj ten stanowi odniesienie do rzymskich Saturnali\u00f3w. W dawnych czasach kr\u00f3lowie obdarowywali swoich dworzan luksusowymi prezentami, takimi jak drogie stroje czy z\u0142ote \u0142a\u0144cuchy. Dodatkowo wspierali szpitale, przytu\u0142ki, klasztory oraz ko\u015bcio\u0142y.<\/p>\n\n\n\n<p>W Polsce tradycja wr\u0119czania prezent\u00f3w zyska\u0142a popularno\u015b\u0107 w XIX wieku w\u015br\u00f3d mieszcza\u0144stwa o niemieckich korzeniach. W okresie tym na wsi zwyczaj ten wyst\u0119powa\u0142 rzadko i ogranicza\u0142 si\u0119 g\u0142\u00f3wnie do najzamo\u017cniejszych rodzin, gdzie prezenty by\u0142y przede wszystkim jab\u0142ka, pierniki oraz skromne s\u0142odycze. W zale\u017cno\u015bci od regionu prezenty dawniej i dzi\u015b przynosz\u0105: \u015bw. Miko\u0142aj (Polska centralna), konik Szemel (Warmia i Mazury), Stary J\u00f3zef (Wielkopolska), Anio\u0142ek (Ma\u0142opolska), Dzieci\u0105tko Jezus (\u015al\u0105sk), Gwiozda (Kaszuby), Gwiazdor (Wielkopolska). Natomiast mieszka\u0144com P\u0142askowy\u017cu Tarnogrodzkiego na Bo\u017ce Narodzenie prezenty przynosz\u0105 krasnoludki. Dzisiaj wr\u0119czanie prezent\u00f3w gwiazdkowych sta\u0142o si\u0119 powszechnym zwyczajem. Upominki te pe\u0142ni\u0105 rol\u0119 symbolu mi\u0142o\u015bci, troski i serdecznych my\u015bli.<\/p>\n\n\n\n<p>W Polsce tradycyjnie, prezenty na \u015bwi\u0119ta ukrywa si\u0119 pod choink\u0105, kt\u00f3rej zwyczaj dekorowania trafi\u0142 do Polski na prze\u0142omie XVIII i XIX wieku.<\/p>\n\n\n\n<p><\/p>\n\n\n\n<figure class=\"wp-block-image aligncenter size-large\"><img loading=\"lazy\" decoding=\"async\" width=\"753\" height=\"1024\" src=\"https:\/\/nid.pl\/wp-content\/uploads\/2023\/12\/Z-narodzenia-Pana-dzien-dzis-wesoly_E.-Gorazdowski-drzeworyt_Boze-Narodzenie-753x1024.jpg\" alt=\"\" class=\"wp-image-15457\"\/><figcaption class=\"wp-element-caption\">Muzeum Narodowe w Krakowie; www.zbiory.mnk.pl ;MNK III-ryc.-37311;;fot. Pracownia Fotograficzna MNK<\/figcaption><\/figure>\n[\/et_pb_text][\/et_pb_column]\n\t\t\t[\/et_pb_row]\n\t\t[\/et_pb_section]","protected":false},"excerpt":{"rendered":"<p>Po trudach zwi\u0105zanych z przygotowaniami do \u015bwi\u0105t Bo\u017cego Narodzenia przychodzi ten wyj\u0105tkowy dzie\u0144 &#8211; 25 grudnia. Wed\u0142ug tradycji, w tym dniu wykonywa\u0142o si\u0119 tylko niezb\u0119dne czynno\u015bci, a czas sp\u0119dza\u0142o wy\u0142\u0105cznie [&hellip;]<\/p>","protected":false},"author":4,"featured_media":15453,"comment_status":"closed","ping_status":"closed","sticky":false,"template":"","format":"standard","meta":{"_et_pb_use_builder":"on","_et_pb_old_content":"<!-- wp:paragraph -->\n<p>Po trudach zwi\u0105zanych z przygotowaniami do \u015bwi\u0105t Bo\u017cego Narodzenia przychodzi ten wyj\u0105tkowy dzie\u0144 - 25 grudnia. Wed\u0142ug tradycji, w tym dniu wykonywa\u0142o si\u0119 tylko niezb\u0119dne czynno\u015bci, a czas sp\u0119dza\u0142o wy\u0142\u0105cznie w gronie najbli\u017cszej rodziny. Czy wiemy jednak, dlaczego Bo\u017ce Narodzenie przypada 25 grudnia? Jak nasi przodkowie sp\u0119dzali ten wyj\u0105tkowy czas?<\/p>\n<!-- \/wp:paragraph -->\n\n<!-- wp:paragraph -->\n<p><strong>25 grudnia - Godne \u015awi\u0119ta<\/strong><\/p>\n<!-- \/wp:paragraph -->\n\n<!-- wp:paragraph -->\n<p>Trudno jednoznacznie okre\u015bli\u0107, dlaczego ta data zosta\u0142a wybrana. Istniej\u0105 dwie g\u0142\u00f3wne teorie: jedna opiera si\u0119 na obliczeniach z Biblii, druga sugeruje wp\u0142yw tradycji poga\u0144skich, zw\u0142aszcza Saturnali\u00f3w. Obrz\u0119dy Saturnali\u00f3w symbolizowa\u0142y powr\u00f3t do z\u0142otego wieku, kiedy ludzie nie pracowali, a ziemia rodzi\u0142a obfite plony.<\/p>\n<!-- \/wp:paragraph -->\n\n<!-- wp:paragraph -->\n<p>Najstarszym znanym \u015bwiadectwem obchodzenia Bo\u017cego Narodzenia jest wpis w kalendarzu \u015bwi\u0105t ko\u015bcielnych z 354 roku. W pocz\u0105tkowych wiekach chrze\u015bcija\u0144stwa Bo\u017ce Narodzenie obchodzone by\u0142o w r\u00f3\u017cnych terminach, wyznaczonych przez hipotetyczne daty narodzenia Jezusa. Ostatecznie biskupi rzymscy zatwierdzili 25 grudnia, jako dat\u0119 \u015bwi\u0119ta upami\u0119tniaj\u0105cego, narodziny Jezusa Chrystusa.<\/p>\n<!-- \/wp:paragraph -->\n\n<!-- wp:paragraph -->\n<p>W\u015br\u00f3d plemion s\u0142owia\u0144skich, w tym na obszarze Polski, dzie\u0144 przesilenia nazywano \u201egodami\u201d lub \"\u015bwi\u0105tkami\", podkre\u015blaj\u0105c, \u017ce to \u201enoc, co gody styka\u201d. Wed\u0142ug \u201eEncyklopedii staropolskiej\u201d Zygmunta Glogera termin \u201egody\u201d wywodzi si\u0119 od wyra\u017cenia \u201egod\", oznaczaj\u0105cego jednocze\u015bnie Bo\u017ce Narodzenie lub Nowy Rok, zale\u017cnie od regionu. Okre\u015blenie \u201eGodne \u015awi\u0119ta\u201d by\u0142o stosowane do ko\u0144ca XVIII wieku, a na wsiach nawet do pocz\u0105tku XX wieku.<\/p>\n<!-- \/wp:paragraph -->\n\n<!-- wp:paragraph -->\n<p><strong>Tradycja \u015bpiewania kol\u0119d<\/strong><\/p>\n<!-- \/wp:paragraph -->\n\n<!-- wp:paragraph -->\n<p>Przez d\u0142ugi czas obchody Bo\u017cego Narodzenia trwa\u0142y osiem dni. Dopiero od 1775 roku utrzyma\u0142a si\u0119 tradycja dwudniowego \u015bwi\u0119towania. Pierwszy dzie\u0144 Bo\u017cego Narodzenia obchodzono w atmosferze powagi przestrzegaj\u0105c zwyczajowych zakaz\u00f3w wykonywania w tym uroczystym dniu prac takich jak zamiatanie, r\u0105banie drew, a nawet gotowanie, ograniczaj\u0105c si\u0119 do odgrzania wcze\u015bniej sporz\u0105dzonych potraw. W tym dniu nie wolno by\u0142o chodzi\u0107 po wsi, ani przyjmowa\u0107 w domu go\u015bci. Czas up\u0142ywa\u0142 w \u015bcis\u0142ym gronie rodzinnym, na \u015bpiewaniu kol\u0119d.<\/p>\n<!-- \/wp:paragraph -->\n\n<!-- wp:paragraph -->\n<p>Nie spos\u00f3b, wi\u0119c pomin\u0105\u0107 jednego z pi\u0119kniejszych zwyczaj\u00f3w bo\u017conarodzeniowych \u2013 \u015bpiewania kol\u0119d. Nazwa \"kol\u0119da\" w kontek\u015bcie popularnej dzisiaj pie\u015bni \u015bwi\u0105tecznej wywodzi si\u0119 od \u0142aci\u0144skiego s\u0142owa \"calendae\", oznaczaj\u0105cego pierwszy dzie\u0144 ka\u017cdego miesi\u0105ca w kalendarzu julia\u0144skim. Jednak termin \"kol\u0119da\" w dzisiejszym sensie przyj\u0105\u0142 swoje znaczenie dopiero w XVII wieku.<\/p>\n<!-- \/wp:paragraph -->\n\n<!-- wp:paragraph -->\n<p>Kol\u0119dy pojawi\u0142y si\u0119 na ziemiach polskich przed XV wiekiem, przede wszystkim w misteriach i dialogach. Najstarsze zachowane zapisy pochodz\u0105 z pierwszej po\u0142owy XV wieku i obejmuj\u0105 pie\u015bni przet\u0142umaczone z \u0142aci\u0144skich i czeskich kancjona\u0142\u00f3w. Jednym z najstarszych utwor\u00f3w jest Zdr\u00f3w b\u0105d\u017a kr\u00f3lu anielski, datowany na rok 1424:<\/p>\n<!-- \/wp:paragraph -->\n\n<!-- wp:paragraph -->\n<p><em>Zdr\u00f3w b\u0105d\u017a, kr\u00f3lu anielski,<br>K nam na \u015bwiat w ciele przysz\u0142y,<br>Ty\u015b zajisty B\u00f3g skryty,<br>W \u015bwi\u0119te czyste cia\u0142o wlity,<\/em><\/p>\n<!-- \/wp:paragraph -->\n\n<!-- wp:paragraph -->\n<p><em>Zdr\u00f3w b\u0105d\u017a, Stworzycielu wszego stworzenia<br>Narodzi\u0142e\u015b si\u0119 z ucierpienia,<br>Przez swego luda zawinienie.<\/em><\/p>\n<!-- \/wp:paragraph -->\n\n<!-- wp:paragraph -->\n<p><em>Zdr\u00f3w b\u0105d\u017a, Panie od Panny,<\/em><br><em>Jen\u017c si\u0119 narodzi\u0142 ny.<\/em><\/p>\n<!-- \/wp:paragraph -->\n\n<!-- wp:paragraph -->\n<p><em>Zdr\u00f3w b\u0105d\u017a, Jezu Kryste, kr\u00f3lu,<br>Racz przyj\u0105ci nasz\u0105 chwa\u0142\u0119,<br>Racz daci dobre skonanie,Przez Twej matki zas\u0142u\u017cenie,<br>Abychom si\u0119 w\u017cdy chwalili<br>Z Tob\u0105 wiecznie kr\u00f3lowali, Amen<\/em><\/p>\n<!-- \/wp:paragraph -->\n\n<!-- wp:paragraph -->\n<p>Najwi\u0119kszy rozkwit polskich kol\u0119d przypada na XVII i XVIII wiek, kiedy to powsta\u0142y najpopularniejsze z nich m.in. \u201eW\u015br\u00f3d nocnej ciszy\u201d, \u201eLulaj\u017ce, Jezuniu\u201d czy \u201eB\u00f3g si\u0119 rodzi\u201d. Od XVIII wieku w kol\u0119dach zacz\u0119\u0142y pojawia\u0107 si\u0119 elementy polskiego folkloru. Powsta\u0142o wiele pie\u015bni, w kt\u00f3rych centralnym motywem jest podr\u00f3\u017c polskich pasterzy do \u017c\u0142\u00f3bka z pok\u0142onem i darami. S\u0105 to utwory skoczne, pe\u0142ne humoru i swady, z odzwierciedleniem gwary z r\u00f3\u017cnych region\u00f3w Polski. Te pie\u015bni, znane jako pastora\u0142ki, by\u0142y wykonywane g\u0142\u00f3wnie w domach, a nie w ko\u015bcio\u0142ach, zw\u0142aszcza podczas tradycyjnych obchod\u00f3w kol\u0119dniczych. Co ciekawe, w muzyce wielu polskich kol\u0119d cz\u0119sto mo\u017cna dostrzec motywy polonez\u00f3w, marsz\u00f3w, ta\u0144c\u00f3w ludowych oraz ko\u0142ysanek, jak np. w \"Lulaj\u017ce Jezuniu\", kt\u00f3rej motyw melodyczny zosta\u0142y wykorzystany przez Fryderyka Chopina w jego scherzu h-moll.<\/p>\n<!-- \/wp:paragraph -->\n\n<!-- wp:paragraph -->\n<p>R\u00f3wnie\u017c dzi\u015b kol\u0119dy stanowi\u0105 pi\u0119kn\u0105 opraw\u0119 polskich uroczysto\u015bci Bo\u017cego Narodzenia. Rozbrzmiewaj\u0105 w ko\u015bcio\u0142ach podczas \u015bwi\u0105tecznych i niedzielnych nabo\u017ce\u0144stw, a\u017c do 2 lutego, czyli \u015bwi\u0119ta Matki Boskiej Gromnicznej. Tradycja wsp\u00f3lnego \u015bpiewania kol\u0119d, praktykowana jest nie tylko w domach. Popularne s\u0105 r\u00f3wnie\u017c koncerty kol\u0119d, transmitowane w radiu i telewizji w okresie \u015bwi\u0105tecznym.<\/p>\n<!-- \/wp:paragraph -->\n\n<!-- wp:paragraph -->\n<p><strong>O bo\u017conarodzeniowych upominkach<\/strong><\/p>\n<!-- \/wp:paragraph -->\n\n<!-- wp:paragraph -->\n<p>Bo\u017ce Narodzenie to tak\u017ce zwyczaj obdarowywania prezentami. W Polsce przewa\u017cnie praktykowany w wigili\u0119 Bo\u017cego Narodzenia. Jest to jedna z najnowszych tradycji \u015bwi\u0105tecznych, chocia\u017c obecnie powszechna i zakorzeniona w zwyczajach bo\u017conarodzeniowych oraz obrz\u0119dach domowych. Zwyczaj ten stanowi odniesienie do rzymskich Saturnali\u00f3w. W dawnych czasach kr\u00f3lowie obdarowywali swoich dworzan luksusowymi prezentami, takimi jak drogie stroje czy z\u0142ote \u0142a\u0144cuchy. Dodatkowo wspierali szpitale, przytu\u0142ki, klasztory oraz ko\u015bcio\u0142y.<\/p>\n<!-- \/wp:paragraph -->\n\n<!-- wp:paragraph -->\n<p>W Polsce tradycja wr\u0119czania prezent\u00f3w zyska\u0142a popularno\u015b\u0107 w XIX wieku w\u015br\u00f3d mieszcza\u0144stwa o niemieckich korzeniach. W okresie tym na wsi zwyczaj ten wyst\u0119powa\u0142 rzadko i ogranicza\u0142 si\u0119 g\u0142\u00f3wnie do najzamo\u017cniejszych rodzin, gdzie prezenty by\u0142y przede wszystkim jab\u0142ka, pierniki oraz skromne s\u0142odycze. W zale\u017cno\u015bci od regionu prezenty dawniej i dzi\u015b przynosz\u0105: \u015bw. Miko\u0142aj (Polska centralna), konik Szemel (Warmia i Mazury), Stary J\u00f3zef (Wielkopolska), Anio\u0142ek (Ma\u0142opolska), Dzieci\u0105tko Jezus (\u015al\u0105sk), Gwiozda (Kaszuby), Gwiazdor (Wielkopolska). Natomiast mieszka\u0144com P\u0142askowy\u017cu Tarnogrodzkiego na Bo\u017ce Narodzenie prezenty przynosz\u0105 krasnoludki. Dzisiaj wr\u0119czanie prezent\u00f3w gwiazdkowych sta\u0142o si\u0119 powszechnym zwyczajem. Upominki te pe\u0142ni\u0105 rol\u0119 symbolu mi\u0142o\u015bci, troski i serdecznych my\u015bli.<\/p>\n<!-- \/wp:paragraph -->\n\n<!-- wp:paragraph -->\n<p>W Polsce tradycyjnie, prezenty na \u015bwi\u0119ta ukrywa si\u0119 pod choink\u0105, kt\u00f3rej zwyczaj dekorowania trafi\u0142 do Polski na prze\u0142omie XVIII i XIX wieku.<\/p>\n<!-- \/wp:paragraph -->\n\n<!-- wp:paragraph -->\n<p><\/p>\n<!-- \/wp:paragraph -->\n\n<!-- wp:image {\"align\":\"center\",\"id\":15457,\"sizeSlug\":\"large\",\"linkDestination\":\"none\"} -->\n<figure class=\"wp-block-image aligncenter size-large\"><img src=\"https:\/\/nid.pl\/wp-content\/uploads\/2023\/12\/Z-narodzenia-Pana-dzien-dzis-wesoly_E.-Gorazdowski-drzeworyt_Boze-Narodzenie-753x1024.jpg\" alt=\"\" class=\"wp-image-15457\"\/><figcaption class=\"wp-element-caption\">Muzeum Narodowe w Krakowie; www.zbiory.mnk.pl ;MNK III-ryc.-37311;;fot. Pracownia Fotograficzna MNK<\/figcaption><\/figure>\n<!-- \/wp:image -->","_et_gb_content_width":"","_monsterinsights_skip_tracking":false,"_monsterinsights_sitenote_active":false,"_monsterinsights_sitenote_note":"","_monsterinsights_sitenote_category":0,"footnotes":""},"categories":[3],"tags":[],"class_list":["post-15452","post","type-post","status-publish","format-standard","has-post-thumbnail","hentry","category-aktualnosci"],"yoast_head":"<!-- This site is optimized with the Yoast SEO plugin v26.5 - https:\/\/yoast.com\/wordpress\/plugins\/seo\/ -->\n<title>Z narodzenia Pana dzie\u0144 dzi\u015b weso\u0142y! - NID<\/title>\n<meta name=\"robots\" content=\"index, follow, max-snippet:-1, max-image-preview:large, max-video-preview:-1\" \/>\n<link rel=\"canonical\" href=\"https:\/\/nid.pl\/en\/2023\/12\/22\/z-narodzenia-pana-dzien-dzis-wesoly\/\" \/>\n<meta property=\"og:locale\" content=\"en_GB\" \/>\n<meta property=\"og:type\" content=\"article\" \/>\n<meta property=\"og:title\" content=\"Z narodzenia Pana dzie\u0144 dzi\u015b weso\u0142y! - NID\" \/>\n<meta property=\"og:description\" content=\"Po trudach zwi\u0105zanych z przygotowaniami do \u015bwi\u0105t Bo\u017cego Narodzenia przychodzi ten wyj\u0105tkowy dzie\u0144 - 25 grudnia. Wed\u0142ug tradycji, w tym dniu wykonywa\u0142o si\u0119 tylko niezb\u0119dne czynno\u015bci, a czas sp\u0119dza\u0142o wy\u0142\u0105cznie [&hellip;]\" \/>\n<meta property=\"og:url\" content=\"https:\/\/nid.pl\/en\/2023\/12\/22\/z-narodzenia-pana-dzien-dzis-wesoly\/\" \/>\n<meta property=\"og:site_name\" content=\"NID\" \/>\n<meta property=\"article:publisher\" content=\"https:\/\/www.facebook.com\/zabytek\" \/>\n<meta property=\"article:published_time\" content=\"2023-12-22T14:12:03+00:00\" \/>\n<meta property=\"article:modified_time\" content=\"2023-12-26T20:11:42+00:00\" \/>\n<meta property=\"og:image\" content=\"https:\/\/nid.pl\/wp-content\/uploads\/2023\/12\/miniaturka-Z-narodzenia-Pana-dzien-dzis-wesoly-1024x683.png\" \/>\n\t<meta property=\"og:image:width\" content=\"1024\" \/>\n\t<meta property=\"og:image:height\" content=\"683\" \/>\n\t<meta property=\"og:image:type\" content=\"image\/png\" \/>\n<meta name=\"author\" content=\"Marta Or\u0119ziak\" \/>\n<meta name=\"twitter:card\" content=\"summary_large_image\" \/>\n<meta name=\"twitter:creator\" content=\"@NarIDpl\" \/>\n<meta name=\"twitter:site\" content=\"@NarIDpl\" \/>\n<meta name=\"twitter:label1\" content=\"Written by\" \/>\n\t<meta name=\"twitter:data1\" content=\"Marta Or\u0119ziak\" \/>\n\t<meta name=\"twitter:label2\" content=\"Estimated reading time\" \/>\n\t<meta name=\"twitter:data2\" content=\"4 minutes\" \/>\n<script type=\"application\/ld+json\" class=\"yoast-schema-graph\">{\"@context\":\"https:\/\/schema.org\",\"@graph\":[{\"@type\":\"Article\",\"@id\":\"https:\/\/nid.pl\/2023\/12\/22\/z-narodzenia-pana-dzien-dzis-wesoly\/#article\",\"isPartOf\":{\"@id\":\"https:\/\/nid.pl\/2023\/12\/22\/z-narodzenia-pana-dzien-dzis-wesoly\/\"},\"author\":{\"name\":\"Marta Or\u0119ziak\",\"@id\":\"https:\/\/nid.pl\/#\/schema\/person\/9d848c4a54b78bc2a1461f1c5d8de615\"},\"headline\":\"Z narodzenia Pana dzie\u0144 dzi\u015b weso\u0142y!\",\"datePublished\":\"2023-12-22T14:12:03+00:00\",\"dateModified\":\"2023-12-26T20:11:42+00:00\",\"mainEntityOfPage\":{\"@id\":\"https:\/\/nid.pl\/2023\/12\/22\/z-narodzenia-pana-dzien-dzis-wesoly\/\"},\"wordCount\":1070,\"publisher\":{\"@id\":\"https:\/\/nid.pl\/#organization\"},\"image\":{\"@id\":\"https:\/\/nid.pl\/2023\/12\/22\/z-narodzenia-pana-dzien-dzis-wesoly\/#primaryimage\"},\"thumbnailUrl\":\"https:\/\/nid.pl\/wp-content\/uploads\/2023\/12\/miniaturka-Z-narodzenia-Pana-dzien-dzis-wesoly.png\",\"articleSection\":[\"Aktualno\u015bci\"],\"inLanguage\":\"en-GB\"},{\"@type\":\"WebPage\",\"@id\":\"https:\/\/nid.pl\/2023\/12\/22\/z-narodzenia-pana-dzien-dzis-wesoly\/\",\"url\":\"https:\/\/nid.pl\/2023\/12\/22\/z-narodzenia-pana-dzien-dzis-wesoly\/\",\"name\":\"Z narodzenia Pana dzie\u0144 dzi\u015b weso\u0142y! - NID\",\"isPartOf\":{\"@id\":\"https:\/\/nid.pl\/#website\"},\"primaryImageOfPage\":{\"@id\":\"https:\/\/nid.pl\/2023\/12\/22\/z-narodzenia-pana-dzien-dzis-wesoly\/#primaryimage\"},\"image\":{\"@id\":\"https:\/\/nid.pl\/2023\/12\/22\/z-narodzenia-pana-dzien-dzis-wesoly\/#primaryimage\"},\"thumbnailUrl\":\"https:\/\/nid.pl\/wp-content\/uploads\/2023\/12\/miniaturka-Z-narodzenia-Pana-dzien-dzis-wesoly.png\",\"datePublished\":\"2023-12-22T14:12:03+00:00\",\"dateModified\":\"2023-12-26T20:11:42+00:00\",\"breadcrumb\":{\"@id\":\"https:\/\/nid.pl\/2023\/12\/22\/z-narodzenia-pana-dzien-dzis-wesoly\/#breadcrumb\"},\"inLanguage\":\"en-GB\",\"potentialAction\":[{\"@type\":\"ReadAction\",\"target\":[\"https:\/\/nid.pl\/2023\/12\/22\/z-narodzenia-pana-dzien-dzis-wesoly\/\"]}]},{\"@type\":\"ImageObject\",\"inLanguage\":\"en-GB\",\"@id\":\"https:\/\/nid.pl\/2023\/12\/22\/z-narodzenia-pana-dzien-dzis-wesoly\/#primaryimage\",\"url\":\"https:\/\/nid.pl\/wp-content\/uploads\/2023\/12\/miniaturka-Z-narodzenia-Pana-dzien-dzis-wesoly.png\",\"contentUrl\":\"https:\/\/nid.pl\/wp-content\/uploads\/2023\/12\/miniaturka-Z-narodzenia-Pana-dzien-dzis-wesoly.png\",\"width\":1857,\"height\":1238},{\"@type\":\"BreadcrumbList\",\"@id\":\"https:\/\/nid.pl\/2023\/12\/22\/z-narodzenia-pana-dzien-dzis-wesoly\/#breadcrumb\",\"itemListElement\":[{\"@type\":\"ListItem\",\"position\":1,\"name\":\"Home\",\"item\":\"https:\/\/nid.pl\/\"},{\"@type\":\"ListItem\",\"position\":2,\"name\":\"Z narodzenia Pana dzie\u0144 dzi\u015b weso\u0142y!\"}]},{\"@type\":\"WebSite\",\"@id\":\"https:\/\/nid.pl\/#website\",\"url\":\"https:\/\/nid.pl\/\",\"name\":\"NID\",\"description\":\"Narodowy Instytut Dziedzictwa\",\"publisher\":{\"@id\":\"https:\/\/nid.pl\/#organization\"},\"potentialAction\":[{\"@type\":\"SearchAction\",\"target\":{\"@type\":\"EntryPoint\",\"urlTemplate\":\"https:\/\/nid.pl\/?s={search_term_string}\"},\"query-input\":{\"@type\":\"PropertyValueSpecification\",\"valueRequired\":true,\"valueName\":\"search_term_string\"}}],\"inLanguage\":\"en-GB\"},{\"@type\":\"Organization\",\"@id\":\"https:\/\/nid.pl\/#organization\",\"name\":\"Narodowy Instytut Dziedzictwa\",\"url\":\"https:\/\/nid.pl\/\",\"logo\":{\"@type\":\"ImageObject\",\"inLanguage\":\"en-GB\",\"@id\":\"https:\/\/nid.pl\/#\/schema\/logo\/image\/\",\"url\":\"https:\/\/nid.pl\/wp-content\/uploads\/2022\/10\/logoRedDark.png\",\"contentUrl\":\"https:\/\/nid.pl\/wp-content\/uploads\/2022\/10\/logoRedDark.png\",\"width\":200,\"height\":197,\"caption\":\"Narodowy Instytut Dziedzictwa\"},\"image\":{\"@id\":\"https:\/\/nid.pl\/#\/schema\/logo\/image\/\"},\"sameAs\":[\"https:\/\/www.facebook.com\/zabytek\",\"https:\/\/x.com\/NarIDpl\",\"https:\/\/www.instagram.com\/nid.pl\/?hl=pl\",\"https:\/\/www.linkedin.com\/company\/narodowy-instytut-dziedzictwa\",\"https:\/\/www.youtube.com\/channel\/UCQXuhKa2uHtmNvLRUSx40JA\"]},{\"@type\":\"Person\",\"@id\":\"https:\/\/nid.pl\/#\/schema\/person\/9d848c4a54b78bc2a1461f1c5d8de615\",\"name\":\"Marta Or\u0119ziak\",\"image\":{\"@type\":\"ImageObject\",\"inLanguage\":\"en-GB\",\"@id\":\"https:\/\/nid.pl\/#\/schema\/person\/image\/\",\"url\":\"https:\/\/nid.pl\/wp-content\/litespeed\/avatar\/3cdc296a7eb01425272974c992bee3ea.jpg?ver=1777445267\",\"contentUrl\":\"https:\/\/nid.pl\/wp-content\/litespeed\/avatar\/3cdc296a7eb01425272974c992bee3ea.jpg?ver=1777445267\",\"caption\":\"Marta Or\u0119ziak\"},\"url\":\"https:\/\/nid.pl\/en\/author\/moreziak\/\"}]}<\/script>\n<!-- \/ Yoast SEO plugin. -->","yoast_head_json":{"title":"Z narodzenia Pana dzie\u0144 dzi\u015b weso\u0142y! - NID","robots":{"index":"index","follow":"follow","max-snippet":"max-snippet:-1","max-image-preview":"max-image-preview:large","max-video-preview":"max-video-preview:-1"},"canonical":"https:\/\/nid.pl\/en\/2023\/12\/22\/z-narodzenia-pana-dzien-dzis-wesoly\/","og_locale":"en_GB","og_type":"article","og_title":"Z narodzenia Pana dzie\u0144 dzi\u015b weso\u0142y! - NID","og_description":"Po trudach zwi\u0105zanych z przygotowaniami do \u015bwi\u0105t Bo\u017cego Narodzenia przychodzi ten wyj\u0105tkowy dzie\u0144 - 25 grudnia. Wed\u0142ug tradycji, w tym dniu wykonywa\u0142o si\u0119 tylko niezb\u0119dne czynno\u015bci, a czas sp\u0119dza\u0142o wy\u0142\u0105cznie [&hellip;]","og_url":"https:\/\/nid.pl\/en\/2023\/12\/22\/z-narodzenia-pana-dzien-dzis-wesoly\/","og_site_name":"NID","article_publisher":"https:\/\/www.facebook.com\/zabytek","article_published_time":"2023-12-22T14:12:03+00:00","article_modified_time":"2023-12-26T20:11:42+00:00","og_image":[{"width":1024,"height":683,"url":"https:\/\/nid.pl\/wp-content\/uploads\/2023\/12\/miniaturka-Z-narodzenia-Pana-dzien-dzis-wesoly-1024x683.png","type":"image\/png"}],"author":"Marta Or\u0119ziak","twitter_card":"summary_large_image","twitter_creator":"@NarIDpl","twitter_site":"@NarIDpl","twitter_misc":{"Written by":"Marta Or\u0119ziak","Estimated reading time":"4 minutes"},"schema":{"@context":"https:\/\/schema.org","@graph":[{"@type":"Article","@id":"https:\/\/nid.pl\/2023\/12\/22\/z-narodzenia-pana-dzien-dzis-wesoly\/#article","isPartOf":{"@id":"https:\/\/nid.pl\/2023\/12\/22\/z-narodzenia-pana-dzien-dzis-wesoly\/"},"author":{"name":"Marta Or\u0119ziak","@id":"https:\/\/nid.pl\/#\/schema\/person\/9d848c4a54b78bc2a1461f1c5d8de615"},"headline":"Z narodzenia Pana dzie\u0144 dzi\u015b weso\u0142y!","datePublished":"2023-12-22T14:12:03+00:00","dateModified":"2023-12-26T20:11:42+00:00","mainEntityOfPage":{"@id":"https:\/\/nid.pl\/2023\/12\/22\/z-narodzenia-pana-dzien-dzis-wesoly\/"},"wordCount":1070,"publisher":{"@id":"https:\/\/nid.pl\/#organization"},"image":{"@id":"https:\/\/nid.pl\/2023\/12\/22\/z-narodzenia-pana-dzien-dzis-wesoly\/#primaryimage"},"thumbnailUrl":"https:\/\/nid.pl\/wp-content\/uploads\/2023\/12\/miniaturka-Z-narodzenia-Pana-dzien-dzis-wesoly.png","articleSection":["Aktualno\u015bci"],"inLanguage":"en-GB"},{"@type":"WebPage","@id":"https:\/\/nid.pl\/2023\/12\/22\/z-narodzenia-pana-dzien-dzis-wesoly\/","url":"https:\/\/nid.pl\/2023\/12\/22\/z-narodzenia-pana-dzien-dzis-wesoly\/","name":"Z narodzenia Pana dzie\u0144 dzi\u015b weso\u0142y! - NID","isPartOf":{"@id":"https:\/\/nid.pl\/#website"},"primaryImageOfPage":{"@id":"https:\/\/nid.pl\/2023\/12\/22\/z-narodzenia-pana-dzien-dzis-wesoly\/#primaryimage"},"image":{"@id":"https:\/\/nid.pl\/2023\/12\/22\/z-narodzenia-pana-dzien-dzis-wesoly\/#primaryimage"},"thumbnailUrl":"https:\/\/nid.pl\/wp-content\/uploads\/2023\/12\/miniaturka-Z-narodzenia-Pana-dzien-dzis-wesoly.png","datePublished":"2023-12-22T14:12:03+00:00","dateModified":"2023-12-26T20:11:42+00:00","breadcrumb":{"@id":"https:\/\/nid.pl\/2023\/12\/22\/z-narodzenia-pana-dzien-dzis-wesoly\/#breadcrumb"},"inLanguage":"en-GB","potentialAction":[{"@type":"ReadAction","target":["https:\/\/nid.pl\/2023\/12\/22\/z-narodzenia-pana-dzien-dzis-wesoly\/"]}]},{"@type":"ImageObject","inLanguage":"en-GB","@id":"https:\/\/nid.pl\/2023\/12\/22\/z-narodzenia-pana-dzien-dzis-wesoly\/#primaryimage","url":"https:\/\/nid.pl\/wp-content\/uploads\/2023\/12\/miniaturka-Z-narodzenia-Pana-dzien-dzis-wesoly.png","contentUrl":"https:\/\/nid.pl\/wp-content\/uploads\/2023\/12\/miniaturka-Z-narodzenia-Pana-dzien-dzis-wesoly.png","width":1857,"height":1238},{"@type":"BreadcrumbList","@id":"https:\/\/nid.pl\/2023\/12\/22\/z-narodzenia-pana-dzien-dzis-wesoly\/#breadcrumb","itemListElement":[{"@type":"ListItem","position":1,"name":"Home","item":"https:\/\/nid.pl\/"},{"@type":"ListItem","position":2,"name":"Z narodzenia Pana dzie\u0144 dzi\u015b weso\u0142y!"}]},{"@type":"WebSite","@id":"https:\/\/nid.pl\/#website","url":"https:\/\/nid.pl\/","name":"NID","description":"Narodowy Instytut Dziedzictwa","publisher":{"@id":"https:\/\/nid.pl\/#organization"},"potentialAction":[{"@type":"SearchAction","target":{"@type":"EntryPoint","urlTemplate":"https:\/\/nid.pl\/?s={search_term_string}"},"query-input":{"@type":"PropertyValueSpecification","valueRequired":true,"valueName":"search_term_string"}}],"inLanguage":"en-GB"},{"@type":"Organization","@id":"https:\/\/nid.pl\/#organization","name":"Narodowy Instytut Dziedzictwa","url":"https:\/\/nid.pl\/","logo":{"@type":"ImageObject","inLanguage":"en-GB","@id":"https:\/\/nid.pl\/#\/schema\/logo\/image\/","url":"https:\/\/nid.pl\/wp-content\/uploads\/2022\/10\/logoRedDark.png","contentUrl":"https:\/\/nid.pl\/wp-content\/uploads\/2022\/10\/logoRedDark.png","width":200,"height":197,"caption":"Narodowy Instytut Dziedzictwa"},"image":{"@id":"https:\/\/nid.pl\/#\/schema\/logo\/image\/"},"sameAs":["https:\/\/www.facebook.com\/zabytek","https:\/\/x.com\/NarIDpl","https:\/\/www.instagram.com\/nid.pl\/?hl=pl","https:\/\/www.linkedin.com\/company\/narodowy-instytut-dziedzictwa","https:\/\/www.youtube.com\/channel\/UCQXuhKa2uHtmNvLRUSx40JA"]},{"@type":"Person","@id":"https:\/\/nid.pl\/#\/schema\/person\/9d848c4a54b78bc2a1461f1c5d8de615","name":"Marta Or\u0119ziak","image":{"@type":"ImageObject","inLanguage":"en-GB","@id":"https:\/\/nid.pl\/#\/schema\/person\/image\/","url":"https:\/\/nid.pl\/wp-content\/litespeed\/avatar\/3cdc296a7eb01425272974c992bee3ea.jpg?ver=1777445267","contentUrl":"https:\/\/nid.pl\/wp-content\/litespeed\/avatar\/3cdc296a7eb01425272974c992bee3ea.jpg?ver=1777445267","caption":"Marta Or\u0119ziak"},"url":"https:\/\/nid.pl\/en\/author\/moreziak\/"}]}},"_links":{"self":[{"href":"https:\/\/nid.pl\/en\/wp-json\/wp\/v2\/posts\/15452","targetHints":{"allow":["GET"]}}],"collection":[{"href":"https:\/\/nid.pl\/en\/wp-json\/wp\/v2\/posts"}],"about":[{"href":"https:\/\/nid.pl\/en\/wp-json\/wp\/v2\/types\/post"}],"author":[{"embeddable":true,"href":"https:\/\/nid.pl\/en\/wp-json\/wp\/v2\/users\/4"}],"replies":[{"embeddable":true,"href":"https:\/\/nid.pl\/en\/wp-json\/wp\/v2\/comments?post=15452"}],"version-history":[{"count":0,"href":"https:\/\/nid.pl\/en\/wp-json\/wp\/v2\/posts\/15452\/revisions"}],"wp:featuredmedia":[{"embeddable":true,"href":"https:\/\/nid.pl\/en\/wp-json\/wp\/v2\/media\/15453"}],"wp:attachment":[{"href":"https:\/\/nid.pl\/en\/wp-json\/wp\/v2\/media?parent=15452"}],"wp:term":[{"taxonomy":"category","embeddable":true,"href":"https:\/\/nid.pl\/en\/wp-json\/wp\/v2\/categories?post=15452"},{"taxonomy":"post_tag","embeddable":true,"href":"https:\/\/nid.pl\/en\/wp-json\/wp\/v2\/tags?post=15452"}],"curies":[{"name":"wp","href":"https:\/\/api.w.org\/{rel}","templated":true}]}}