{"id":14426,"date":"2023-10-30T10:45:02","date_gmt":"2023-10-30T09:45:02","guid":{"rendered":"https:\/\/nid.pl\/?p=14426"},"modified":"2023-10-30T10:45:24","modified_gmt":"2023-10-30T09:45:24","slug":"konferencja-naukowa-zabytki-i-energia-czynnik-ekologiczny-w-obiektach-zabytkowych","status":"publish","type":"post","link":"https:\/\/nid.pl\/en\/2023\/10\/30\/konferencja-naukowa-zabytki-i-energia-czynnik-ekologiczny-w-obiektach-zabytkowych\/","title":{"rendered":"Konferencja naukowa ZABYTKI i ENERGIA \u201eCzynnik ekologiczny w obiektach zabytkowych\u201d"},"content":{"rendered":"<p>Ma\u0142opolskie Laboratorium Budownictwa Energooszcz\u0119dnego zaprasza do udzia\u0142u w IV edycji Konferencji, kt\u00f3ra odb\u0119dzie si\u0119 w dniach 16 &#8211; 17 listopada 2023 roku, w Krakowie. Patronat nad wydarzeniem obj\u0105\u0142 Narodowy Instytut Dziedzictwa. W\u015br\u00f3d prelegent\u00f3w wyst\u0105pi dr hab. Monika Bogdanowska, zast\u0119pca dyrektora NID.<\/p>\n\n\n\n<p>Czwarta ods\u0142ona Konferencji <strong>ZABYTKI i ENERGIA<\/strong> b\u0119dzie po\u015bwi\u0119cona zagadnieniom zwi\u0105zanym z wp\u0142ywem czynnika ekologicznego na doktryny, metodyk\u0119 oraz praktyczne prace zwi\u0105zane z ochron\u0105 obiekt\u00f3w historycznych. Budowle powsta\u0142e przed 1960 rokiem stanowi\u0105 w Polsce poka\u017any zas\u00f3b i s\u0105 interesuj\u0105ce z punktu widzenia proces\u00f3w utrzymania, adaptacji, konserwacji i utylizacji. To zainteresowanie wynika w du\u017cej mierze z konieczno\u015bci zapewnienia zgodno\u015bci dzia\u0142a\u0144 konserwatorskich ze strategiami nak\u0142adaj\u0105cymi na Polsk\u0119 obowi\u0105zek zmierzania w stron\u0119 neutralno\u015bci \u015brodowiskowej. \u015alady \u015brodowiskowe, \u015blad w\u0119glowy, zaoszcz\u0119dzone jednostki energii (negawaty) czy cykl \u017cycia budynk\u00f3w wpisuj\u0105cy si\u0119 w gospodark\u0119 o obiegu zamkni\u0119tym pojawiaj\u0105 si\u0119 zatem na p\u0142aszczy\u017anie konserwatorskiej jako element nowy ale i nieodzowny.<\/p>\n\n\n\n<p>Udzia\u0142 w Konferencji jest bezp\u0142atny, wymagana jest wcze\u015bniejsza rejestracja. Mo\u017cliwe jest uczestnictwo w formie stacjonarnej lub zdalnej. Wi\u0119cej szczeg\u00f3\u0142\u00f3w oraz program wydarzenia znajd\u0105 Pa\u0144stwo na stronie internetowej <a href=\"https:\/\/mlbepk.wixsite.com\/zie2023\">wydarzenia<\/a>.<\/p>\n\n\n\n<p><\/p>\n\n\n\n<p><strong>Program:<\/strong><\/p>\n\n\n\n<p><strong>Dzie\u0144 Pierwszy 16.11.2023<\/strong>:<\/p>\n\n\n\n<p>10:00 &#8211; 10:05   Otwarcie Konferencji, dr hab. in\u017c. arch. Marcin Furtak, prof. PK, Politechnika Krakowska<\/p>\n\n\n\n<p>10:05 &#8211; 10:30   <em>Na tropie \u015bladu w\u0119glowego. Razem, czy osobno?<\/em> dr hab. Monika Bogdanowska, Narodowy Instytut Dziedzictwa<\/p>\n\n\n\n<p>10:30 &#8211; 10:55  <em>Czynnik ekologiczny w ochronie zabytk\u00f3w<\/em>, dr hab. in\u017c. arch. Marcin Furtak, prof. PK, Politechnika Krakowska<\/p>\n\n\n\n<p>10:55 &#8211; 11:20  <em>Problematyka integralno\u015bci technologicznej obiekt\u00f3w zabytkowych w kontek\u015bcie proces\u00f3w modernizacyjnych<br>                         obiekt\u00f3w budowlanych zwi\u0105zanych ze zmianami klimatycznymi,<\/em> dr in\u017c. arch. Piotr Turkiewicz, Wojew\u00f3dzki Urz\u0105d <br>                         Ochrony Zabytk\u00f3w w Krakowie<\/p>\n\n\n\n<p>11:20 &#8211; 11:45  <em>Klimat, historia, geopolityka. Do\u015bwiadczenia i prognozy,<\/em> mgr Roman Marcinek, Stowarzyszenie Konserwator\u00f3w <br>                         Zabytk\u00f3w<\/p>\n\n\n\n<p>11:45 &#8211; 12:10  <em>Gospodarka o obiegu zamkni\u0119tym i ekoprojektowanie &#8211; nowe propozycje w polityce UE,<\/em> dr hab. Joanna Kulczycka, <br>                         prof. AGH, Akademia G\u00f3rniczo &#8211; Hutnicza w Krakowie i mgr Agnieszka Nowaczek, Instytut Gospodarki Surowcami <br>                         Mineralnymi i Energi\u0105 Polskiej Akademii Nauk<\/p>\n\n\n\n<p>12:10 &#8211; 12:30  Przerwa kawowa<\/p>\n\n\n\n<p>12:30 &#8211; 12:55  <em>\u015alad w\u0119glowy w budynkach pierwszej po\u0142owy XX w.,<\/em> mgr in\u017c. arch. Micha\u0142 Ciu\u0142a, Politechnika Krakowska<\/p>\n\n\n\n<p>12:55 &#8211; 13:20  <em>Wspieranie zr\u00f3wnowa\u017conej przysz\u0142o\u015bci za pomoc\u0105 Deklaracji \u015arodowiskowej Produktu (EPD) i Raportu \u015aladu <br>                         W\u0119glowego,<\/em> mgr in\u017c. Katarzyna Kiprian-\u0141ukasiewicz, Instytut Ceramiki i Materia\u0142\u00f3w Budowlanych<\/p>\n\n\n\n<p>13:20 &#8211; 13:45  <em>Technologia i produkcja prawdziwego klinkieru, <\/em>Robert Cich, Kierownik Regionalny King Klinker<\/p>\n\n\n\n<p>13:45 &#8211; 14:10  <em>Zielona chemia od Grupy PCC,<\/em> Dariusz Pyrlik, Mened\u017cer ds. rozwoju rynku PCC<\/p>\n\n\n\n<p>14:10 &#8211; 14:35  <em>\u015alad w\u0119glowy w budownictwie &#8211; ekologiczna wizja przysz\u0142o\u015bci,<\/em> Kamila Mastalerz i Weronika Pelczyk, Ko\u0142o <br>                         naukowe EkoPOWER, Politechnika Krakowska<\/p>\n\n\n\n<p><strong>Dzie\u0144 Drugi 17.11.2023<\/strong>:<\/p>\n\n\n\n<p>10:00 &#8211; 11:00  Wyjazd do Nowego Wi\u015bnicza\u00a0\u00a0\u00a0\u00a0\u00a0\u00a0\u00a0\u00a0\u00a0\u00a0\u00a0\u00a0\u00a0\u00a0\u00a0\u00a0\u00a0\u00a0\u00a0\u00a0\u00a0\u00a0\u00a0\u00a0\u00a0\u00a0\u00a0\u00a0\u00a0\u00a0\u00a0\u00a0\u00a0\u00a0\u00a0\u00a0\u00a0\u00a0\u00a0\u00a0\u00a0\u00a0\u00a0\u00a0\u00a0\u00a0\u00a0\u00a0\u00a0\u00a0\u00a0\u00a0\u00a0\u00a0\u00a0\u00a0\u00a0\u00a0\u00a0\u00a0\u00a0\u00a0\u00a0\u00a0\u00a0\u00a0\u00a0\u00a0\u00a0\u00a0\u00a0\u00a0\u00a0\u00a0<\/p>\n\n\n\n<p>11:00 &#8211; 12:30  Zwiedzanie Zak\u0142adu Karnego w Nowym Wi\u015bniczu<\/p>\n\n\n\n<p>12:30 &#8211; 12:40  Spacer na zamek w Nowym Wi\u015bniczu<\/p>\n\n\n\n<p>12:40 &#8211; 14:00  Obiad &#8211; zamek w Nowym Wi\u015bniczu<\/p>\n\n\n\n<p>14:00 &#8211; 15:00  Zako\u0144czenie konferencji, powr\u00f3t do Krakowa<\/p>\n\n\n\n<p><\/p>\n\n\n\n<figure class=\"wp-block-image aligncenter size-large is-resized\"><img loading=\"lazy\" decoding=\"async\" width=\"727\" height=\"1024\" src=\"https:\/\/nid.pl\/wp-content\/uploads\/2023\/10\/PLAKAT-ZIE2023-727x1024.jpg\" alt=\"\" class=\"wp-image-14428\" style=\"aspect-ratio:0.7099609375;width:563px;height:auto\"\/><\/figure>","protected":false},"excerpt":{"rendered":"<p>Ma\u0142opolskie Laboratorium Budownictwa Energooszcz\u0119dnego zaprasza do udzia\u0142u w IV edycji Konferencji, kt\u00f3ra odb\u0119dzie si\u0119 w dniach 16 &#8211; 17 listopada 2023 roku, w Krakowie. Patronat nad wydarzeniem obj\u0105\u0142 Narodowy Instytut [&hellip;]<\/p>","protected":false},"author":7,"featured_media":14429,"comment_status":"closed","ping_status":"closed","sticky":false,"template":"","format":"standard","meta":{"_et_pb_use_builder":"off","_et_pb_old_content":"","_et_gb_content_width":"","_monsterinsights_skip_tracking":false,"_monsterinsights_sitenote_active":false,"_monsterinsights_sitenote_note":"","_monsterinsights_sitenote_category":0,"footnotes":""},"categories":[28],"tags":[],"class_list":["post-14426","post","type-post","status-publish","format-standard","has-post-thumbnail","hentry","category-patronaty"],"yoast_head":"<!-- This site is optimized with the Yoast SEO plugin v26.5 - https:\/\/yoast.com\/wordpress\/plugins\/seo\/ -->\n<title>Konferencja naukowa ZABYTKI i ENERGIA \u201eCzynnik ekologiczny w obiektach zabytkowych\u201d - NID<\/title>\n<meta name=\"robots\" content=\"index, follow, max-snippet:-1, max-image-preview:large, max-video-preview:-1\" \/>\n<link rel=\"canonical\" href=\"https:\/\/nid.pl\/en\/2023\/10\/30\/konferencja-naukowa-zabytki-i-energia-czynnik-ekologiczny-w-obiektach-zabytkowych\/\" \/>\n<meta property=\"og:locale\" content=\"en_GB\" \/>\n<meta property=\"og:type\" content=\"article\" \/>\n<meta property=\"og:title\" content=\"Konferencja naukowa ZABYTKI i ENERGIA \u201eCzynnik ekologiczny w obiektach zabytkowych\u201d - NID\" \/>\n<meta property=\"og:description\" content=\"Ma\u0142opolskie Laboratorium Budownictwa Energooszcz\u0119dnego zaprasza do udzia\u0142u w IV edycji Konferencji, kt\u00f3ra odb\u0119dzie si\u0119 w dniach 16 &#8211; 17 listopada 2023 roku, w Krakowie. Patronat nad wydarzeniem obj\u0105\u0142 Narodowy Instytut [&hellip;]\" \/>\n<meta property=\"og:url\" content=\"https:\/\/nid.pl\/en\/2023\/10\/30\/konferencja-naukowa-zabytki-i-energia-czynnik-ekologiczny-w-obiektach-zabytkowych\/\" \/>\n<meta property=\"og:site_name\" content=\"NID\" \/>\n<meta property=\"article:publisher\" content=\"https:\/\/www.facebook.com\/zabytek\" \/>\n<meta property=\"article:published_time\" content=\"2023-10-30T09:45:02+00:00\" \/>\n<meta property=\"article:modified_time\" content=\"2023-10-30T09:45:24+00:00\" \/>\n<meta property=\"og:image\" content=\"https:\/\/nid.pl\/wp-content\/uploads\/2023\/10\/patronaty-Krakow-blok.jpg\" \/>\n\t<meta property=\"og:image:width\" content=\"440\" \/>\n\t<meta property=\"og:image:height\" content=\"294\" \/>\n\t<meta property=\"og:image:type\" content=\"image\/jpeg\" \/>\n<meta name=\"author\" content=\"Barbara Halliop\" \/>\n<meta name=\"twitter:card\" content=\"summary_large_image\" \/>\n<meta name=\"twitter:creator\" content=\"@NarIDpl\" \/>\n<meta name=\"twitter:site\" content=\"@NarIDpl\" \/>\n<meta name=\"twitter:label1\" content=\"Written by\" \/>\n\t<meta name=\"twitter:data1\" content=\"Barbara Halliop\" \/>\n\t<meta name=\"twitter:label2\" content=\"Estimated reading time\" \/>\n\t<meta name=\"twitter:data2\" content=\"3 minutes\" \/>\n<script type=\"application\/ld+json\" class=\"yoast-schema-graph\">{\"@context\":\"https:\/\/schema.org\",\"@graph\":[{\"@type\":\"Article\",\"@id\":\"https:\/\/nid.pl\/2023\/10\/30\/konferencja-naukowa-zabytki-i-energia-czynnik-ekologiczny-w-obiektach-zabytkowych\/#article\",\"isPartOf\":{\"@id\":\"https:\/\/nid.pl\/2023\/10\/30\/konferencja-naukowa-zabytki-i-energia-czynnik-ekologiczny-w-obiektach-zabytkowych\/\"},\"author\":{\"name\":\"Barbara Halliop\",\"@id\":\"https:\/\/nid.pl\/#\/schema\/person\/1b690a8998a5111cfb9f0ffe24195a15\"},\"headline\":\"Konferencja naukowa ZABYTKI i ENERGIA \u201eCzynnik ekologiczny w obiektach zabytkowych\u201d\",\"datePublished\":\"2023-10-30T09:45:02+00:00\",\"dateModified\":\"2023-10-30T09:45:24+00:00\",\"mainEntityOfPage\":{\"@id\":\"https:\/\/nid.pl\/2023\/10\/30\/konferencja-naukowa-zabytki-i-energia-czynnik-ekologiczny-w-obiektach-zabytkowych\/\"},\"wordCount\":503,\"publisher\":{\"@id\":\"https:\/\/nid.pl\/#organization\"},\"image\":{\"@id\":\"https:\/\/nid.pl\/2023\/10\/30\/konferencja-naukowa-zabytki-i-energia-czynnik-ekologiczny-w-obiektach-zabytkowych\/#primaryimage\"},\"thumbnailUrl\":\"https:\/\/nid.pl\/wp-content\/uploads\/2023\/10\/patronaty-Krakow-blok.jpg\",\"articleSection\":[\"Patronaty\"],\"inLanguage\":\"en-GB\"},{\"@type\":\"WebPage\",\"@id\":\"https:\/\/nid.pl\/2023\/10\/30\/konferencja-naukowa-zabytki-i-energia-czynnik-ekologiczny-w-obiektach-zabytkowych\/\",\"url\":\"https:\/\/nid.pl\/2023\/10\/30\/konferencja-naukowa-zabytki-i-energia-czynnik-ekologiczny-w-obiektach-zabytkowych\/\",\"name\":\"Konferencja naukowa ZABYTKI i ENERGIA \u201eCzynnik ekologiczny w obiektach zabytkowych\u201d - NID\",\"isPartOf\":{\"@id\":\"https:\/\/nid.pl\/#website\"},\"primaryImageOfPage\":{\"@id\":\"https:\/\/nid.pl\/2023\/10\/30\/konferencja-naukowa-zabytki-i-energia-czynnik-ekologiczny-w-obiektach-zabytkowych\/#primaryimage\"},\"image\":{\"@id\":\"https:\/\/nid.pl\/2023\/10\/30\/konferencja-naukowa-zabytki-i-energia-czynnik-ekologiczny-w-obiektach-zabytkowych\/#primaryimage\"},\"thumbnailUrl\":\"https:\/\/nid.pl\/wp-content\/uploads\/2023\/10\/patronaty-Krakow-blok.jpg\",\"datePublished\":\"2023-10-30T09:45:02+00:00\",\"dateModified\":\"2023-10-30T09:45:24+00:00\",\"breadcrumb\":{\"@id\":\"https:\/\/nid.pl\/2023\/10\/30\/konferencja-naukowa-zabytki-i-energia-czynnik-ekologiczny-w-obiektach-zabytkowych\/#breadcrumb\"},\"inLanguage\":\"en-GB\",\"potentialAction\":[{\"@type\":\"ReadAction\",\"target\":[\"https:\/\/nid.pl\/2023\/10\/30\/konferencja-naukowa-zabytki-i-energia-czynnik-ekologiczny-w-obiektach-zabytkowych\/\"]}]},{\"@type\":\"ImageObject\",\"inLanguage\":\"en-GB\",\"@id\":\"https:\/\/nid.pl\/2023\/10\/30\/konferencja-naukowa-zabytki-i-energia-czynnik-ekologiczny-w-obiektach-zabytkowych\/#primaryimage\",\"url\":\"https:\/\/nid.pl\/wp-content\/uploads\/2023\/10\/patronaty-Krakow-blok.jpg\",\"contentUrl\":\"https:\/\/nid.pl\/wp-content\/uploads\/2023\/10\/patronaty-Krakow-blok.jpg\",\"width\":440,\"height\":294,\"caption\":\"Patronat NID: Konferencja naukowa ZABYTKI i ENERGIA \u201eCzynnik ekologiczny w obiektach zabytkowych\u201d\"},{\"@type\":\"BreadcrumbList\",\"@id\":\"https:\/\/nid.pl\/2023\/10\/30\/konferencja-naukowa-zabytki-i-energia-czynnik-ekologiczny-w-obiektach-zabytkowych\/#breadcrumb\",\"itemListElement\":[{\"@type\":\"ListItem\",\"position\":1,\"name\":\"Home\",\"item\":\"https:\/\/nid.pl\/\"},{\"@type\":\"ListItem\",\"position\":2,\"name\":\"Konferencja naukowa ZABYTKI i ENERGIA \u201eCzynnik ekologiczny w obiektach zabytkowych\u201d\"}]},{\"@type\":\"WebSite\",\"@id\":\"https:\/\/nid.pl\/#website\",\"url\":\"https:\/\/nid.pl\/\",\"name\":\"NID\",\"description\":\"Narodowy Instytut Dziedzictwa\",\"publisher\":{\"@id\":\"https:\/\/nid.pl\/#organization\"},\"potentialAction\":[{\"@type\":\"SearchAction\",\"target\":{\"@type\":\"EntryPoint\",\"urlTemplate\":\"https:\/\/nid.pl\/?s={search_term_string}\"},\"query-input\":{\"@type\":\"PropertyValueSpecification\",\"valueRequired\":true,\"valueName\":\"search_term_string\"}}],\"inLanguage\":\"en-GB\"},{\"@type\":\"Organization\",\"@id\":\"https:\/\/nid.pl\/#organization\",\"name\":\"Narodowy Instytut Dziedzictwa\",\"url\":\"https:\/\/nid.pl\/\",\"logo\":{\"@type\":\"ImageObject\",\"inLanguage\":\"en-GB\",\"@id\":\"https:\/\/nid.pl\/#\/schema\/logo\/image\/\",\"url\":\"https:\/\/nid.pl\/wp-content\/uploads\/2022\/10\/logoRedDark.png\",\"contentUrl\":\"https:\/\/nid.pl\/wp-content\/uploads\/2022\/10\/logoRedDark.png\",\"width\":200,\"height\":197,\"caption\":\"Narodowy Instytut Dziedzictwa\"},\"image\":{\"@id\":\"https:\/\/nid.pl\/#\/schema\/logo\/image\/\"},\"sameAs\":[\"https:\/\/www.facebook.com\/zabytek\",\"https:\/\/x.com\/NarIDpl\",\"https:\/\/www.instagram.com\/nid.pl\/?hl=pl\",\"https:\/\/www.linkedin.com\/company\/narodowy-instytut-dziedzictwa\",\"https:\/\/www.youtube.com\/channel\/UCQXuhKa2uHtmNvLRUSx40JA\"]},{\"@type\":\"Person\",\"@id\":\"https:\/\/nid.pl\/#\/schema\/person\/1b690a8998a5111cfb9f0ffe24195a15\",\"name\":\"Barbara Halliop\",\"image\":{\"@type\":\"ImageObject\",\"inLanguage\":\"en-GB\",\"@id\":\"https:\/\/nid.pl\/#\/schema\/person\/image\/\",\"url\":\"https:\/\/nid.pl\/wp-content\/litespeed\/avatar\/924046d17dd0c842c9fa9ccf489bc6dc.jpg?ver=1777444967\",\"contentUrl\":\"https:\/\/nid.pl\/wp-content\/litespeed\/avatar\/924046d17dd0c842c9fa9ccf489bc6dc.jpg?ver=1777444967\",\"caption\":\"Barbara Halliop\"},\"url\":\"https:\/\/nid.pl\/en\/author\/bhalliop\/\"}]}<\/script>\n<!-- \/ Yoast SEO plugin. -->","yoast_head_json":{"title":"Konferencja naukowa ZABYTKI i ENERGIA \u201eCzynnik ekologiczny w obiektach zabytkowych\u201d - NID","robots":{"index":"index","follow":"follow","max-snippet":"max-snippet:-1","max-image-preview":"max-image-preview:large","max-video-preview":"max-video-preview:-1"},"canonical":"https:\/\/nid.pl\/en\/2023\/10\/30\/konferencja-naukowa-zabytki-i-energia-czynnik-ekologiczny-w-obiektach-zabytkowych\/","og_locale":"en_GB","og_type":"article","og_title":"Konferencja naukowa ZABYTKI i ENERGIA \u201eCzynnik ekologiczny w obiektach zabytkowych\u201d - NID","og_description":"Ma\u0142opolskie Laboratorium Budownictwa Energooszcz\u0119dnego zaprasza do udzia\u0142u w IV edycji Konferencji, kt\u00f3ra odb\u0119dzie si\u0119 w dniach 16 &#8211; 17 listopada 2023 roku, w Krakowie. Patronat nad wydarzeniem obj\u0105\u0142 Narodowy Instytut [&hellip;]","og_url":"https:\/\/nid.pl\/en\/2023\/10\/30\/konferencja-naukowa-zabytki-i-energia-czynnik-ekologiczny-w-obiektach-zabytkowych\/","og_site_name":"NID","article_publisher":"https:\/\/www.facebook.com\/zabytek","article_published_time":"2023-10-30T09:45:02+00:00","article_modified_time":"2023-10-30T09:45:24+00:00","og_image":[{"width":440,"height":294,"url":"https:\/\/nid.pl\/wp-content\/uploads\/2023\/10\/patronaty-Krakow-blok.jpg","type":"image\/jpeg"}],"author":"Barbara Halliop","twitter_card":"summary_large_image","twitter_creator":"@NarIDpl","twitter_site":"@NarIDpl","twitter_misc":{"Written by":"Barbara Halliop","Estimated reading time":"3 minutes"},"schema":{"@context":"https:\/\/schema.org","@graph":[{"@type":"Article","@id":"https:\/\/nid.pl\/2023\/10\/30\/konferencja-naukowa-zabytki-i-energia-czynnik-ekologiczny-w-obiektach-zabytkowych\/#article","isPartOf":{"@id":"https:\/\/nid.pl\/2023\/10\/30\/konferencja-naukowa-zabytki-i-energia-czynnik-ekologiczny-w-obiektach-zabytkowych\/"},"author":{"name":"Barbara Halliop","@id":"https:\/\/nid.pl\/#\/schema\/person\/1b690a8998a5111cfb9f0ffe24195a15"},"headline":"Konferencja naukowa ZABYTKI i ENERGIA \u201eCzynnik ekologiczny w obiektach zabytkowych\u201d","datePublished":"2023-10-30T09:45:02+00:00","dateModified":"2023-10-30T09:45:24+00:00","mainEntityOfPage":{"@id":"https:\/\/nid.pl\/2023\/10\/30\/konferencja-naukowa-zabytki-i-energia-czynnik-ekologiczny-w-obiektach-zabytkowych\/"},"wordCount":503,"publisher":{"@id":"https:\/\/nid.pl\/#organization"},"image":{"@id":"https:\/\/nid.pl\/2023\/10\/30\/konferencja-naukowa-zabytki-i-energia-czynnik-ekologiczny-w-obiektach-zabytkowych\/#primaryimage"},"thumbnailUrl":"https:\/\/nid.pl\/wp-content\/uploads\/2023\/10\/patronaty-Krakow-blok.jpg","articleSection":["Patronaty"],"inLanguage":"en-GB"},{"@type":"WebPage","@id":"https:\/\/nid.pl\/2023\/10\/30\/konferencja-naukowa-zabytki-i-energia-czynnik-ekologiczny-w-obiektach-zabytkowych\/","url":"https:\/\/nid.pl\/2023\/10\/30\/konferencja-naukowa-zabytki-i-energia-czynnik-ekologiczny-w-obiektach-zabytkowych\/","name":"Konferencja naukowa ZABYTKI i ENERGIA \u201eCzynnik ekologiczny w obiektach zabytkowych\u201d - NID","isPartOf":{"@id":"https:\/\/nid.pl\/#website"},"primaryImageOfPage":{"@id":"https:\/\/nid.pl\/2023\/10\/30\/konferencja-naukowa-zabytki-i-energia-czynnik-ekologiczny-w-obiektach-zabytkowych\/#primaryimage"},"image":{"@id":"https:\/\/nid.pl\/2023\/10\/30\/konferencja-naukowa-zabytki-i-energia-czynnik-ekologiczny-w-obiektach-zabytkowych\/#primaryimage"},"thumbnailUrl":"https:\/\/nid.pl\/wp-content\/uploads\/2023\/10\/patronaty-Krakow-blok.jpg","datePublished":"2023-10-30T09:45:02+00:00","dateModified":"2023-10-30T09:45:24+00:00","breadcrumb":{"@id":"https:\/\/nid.pl\/2023\/10\/30\/konferencja-naukowa-zabytki-i-energia-czynnik-ekologiczny-w-obiektach-zabytkowych\/#breadcrumb"},"inLanguage":"en-GB","potentialAction":[{"@type":"ReadAction","target":["https:\/\/nid.pl\/2023\/10\/30\/konferencja-naukowa-zabytki-i-energia-czynnik-ekologiczny-w-obiektach-zabytkowych\/"]}]},{"@type":"ImageObject","inLanguage":"en-GB","@id":"https:\/\/nid.pl\/2023\/10\/30\/konferencja-naukowa-zabytki-i-energia-czynnik-ekologiczny-w-obiektach-zabytkowych\/#primaryimage","url":"https:\/\/nid.pl\/wp-content\/uploads\/2023\/10\/patronaty-Krakow-blok.jpg","contentUrl":"https:\/\/nid.pl\/wp-content\/uploads\/2023\/10\/patronaty-Krakow-blok.jpg","width":440,"height":294,"caption":"Patronat NID: Konferencja naukowa ZABYTKI i ENERGIA \u201eCzynnik ekologiczny w obiektach zabytkowych\u201d"},{"@type":"BreadcrumbList","@id":"https:\/\/nid.pl\/2023\/10\/30\/konferencja-naukowa-zabytki-i-energia-czynnik-ekologiczny-w-obiektach-zabytkowych\/#breadcrumb","itemListElement":[{"@type":"ListItem","position":1,"name":"Home","item":"https:\/\/nid.pl\/"},{"@type":"ListItem","position":2,"name":"Konferencja naukowa ZABYTKI i ENERGIA \u201eCzynnik ekologiczny w obiektach zabytkowych\u201d"}]},{"@type":"WebSite","@id":"https:\/\/nid.pl\/#website","url":"https:\/\/nid.pl\/","name":"NID","description":"Narodowy Instytut Dziedzictwa","publisher":{"@id":"https:\/\/nid.pl\/#organization"},"potentialAction":[{"@type":"SearchAction","target":{"@type":"EntryPoint","urlTemplate":"https:\/\/nid.pl\/?s={search_term_string}"},"query-input":{"@type":"PropertyValueSpecification","valueRequired":true,"valueName":"search_term_string"}}],"inLanguage":"en-GB"},{"@type":"Organization","@id":"https:\/\/nid.pl\/#organization","name":"Narodowy Instytut Dziedzictwa","url":"https:\/\/nid.pl\/","logo":{"@type":"ImageObject","inLanguage":"en-GB","@id":"https:\/\/nid.pl\/#\/schema\/logo\/image\/","url":"https:\/\/nid.pl\/wp-content\/uploads\/2022\/10\/logoRedDark.png","contentUrl":"https:\/\/nid.pl\/wp-content\/uploads\/2022\/10\/logoRedDark.png","width":200,"height":197,"caption":"Narodowy Instytut Dziedzictwa"},"image":{"@id":"https:\/\/nid.pl\/#\/schema\/logo\/image\/"},"sameAs":["https:\/\/www.facebook.com\/zabytek","https:\/\/x.com\/NarIDpl","https:\/\/www.instagram.com\/nid.pl\/?hl=pl","https:\/\/www.linkedin.com\/company\/narodowy-instytut-dziedzictwa","https:\/\/www.youtube.com\/channel\/UCQXuhKa2uHtmNvLRUSx40JA"]},{"@type":"Person","@id":"https:\/\/nid.pl\/#\/schema\/person\/1b690a8998a5111cfb9f0ffe24195a15","name":"Barbara Halliop","image":{"@type":"ImageObject","inLanguage":"en-GB","@id":"https:\/\/nid.pl\/#\/schema\/person\/image\/","url":"https:\/\/nid.pl\/wp-content\/litespeed\/avatar\/924046d17dd0c842c9fa9ccf489bc6dc.jpg?ver=1777444967","contentUrl":"https:\/\/nid.pl\/wp-content\/litespeed\/avatar\/924046d17dd0c842c9fa9ccf489bc6dc.jpg?ver=1777444967","caption":"Barbara Halliop"},"url":"https:\/\/nid.pl\/en\/author\/bhalliop\/"}]}},"_links":{"self":[{"href":"https:\/\/nid.pl\/en\/wp-json\/wp\/v2\/posts\/14426","targetHints":{"allow":["GET"]}}],"collection":[{"href":"https:\/\/nid.pl\/en\/wp-json\/wp\/v2\/posts"}],"about":[{"href":"https:\/\/nid.pl\/en\/wp-json\/wp\/v2\/types\/post"}],"author":[{"embeddable":true,"href":"https:\/\/nid.pl\/en\/wp-json\/wp\/v2\/users\/7"}],"replies":[{"embeddable":true,"href":"https:\/\/nid.pl\/en\/wp-json\/wp\/v2\/comments?post=14426"}],"version-history":[{"count":0,"href":"https:\/\/nid.pl\/en\/wp-json\/wp\/v2\/posts\/14426\/revisions"}],"wp:featuredmedia":[{"embeddable":true,"href":"https:\/\/nid.pl\/en\/wp-json\/wp\/v2\/media\/14429"}],"wp:attachment":[{"href":"https:\/\/nid.pl\/en\/wp-json\/wp\/v2\/media?parent=14426"}],"wp:term":[{"taxonomy":"category","embeddable":true,"href":"https:\/\/nid.pl\/en\/wp-json\/wp\/v2\/categories?post=14426"},{"taxonomy":"post_tag","embeddable":true,"href":"https:\/\/nid.pl\/en\/wp-json\/wp\/v2\/tags?post=14426"}],"curies":[{"name":"wp","href":"https:\/\/api.w.org\/{rel}","templated":true}]}}