{"id":14191,"date":"2023-10-16T13:47:16","date_gmt":"2023-10-16T11:47:16","guid":{"rendered":"https:\/\/nid.pl\/?p=14191"},"modified":"2023-10-16T14:09:21","modified_gmt":"2023-10-16T12:09:21","slug":"zapraszamy-do-lektury-nowego-numeru-ochrony-zabytkow","status":"publish","type":"post","link":"https:\/\/nid.pl\/en\/2023\/10\/16\/zapraszamy-do-lektury-nowego-numeru-ochrony-zabytkow\/","title":{"rendered":"Zapraszamy do lektury nowego numeru \u201eOchrony Zabytk\u00f3w\u201d"},"content":{"rendered":"<p><strong>Ukaza\u0142 si\u0119 nowy numer czasopisma \u201eOchrona Zabytk\u00f3w\u201d (1\/2023), w du\u017cej mierze po\u015bwi\u0119cony architekturze drewnianej. Postawienie akurat na t\u0119 tematyk\u0119 jest nieprzypadkowe, w tym roku przypadaj\u0105 bowiem dwa jubileusze wpis\u00f3w naszych obiekt\u00f3w architektury drewnianej na List\u0119 \u015bwiatowego dziedzictwa UNESCO \u2013 ko\u015bcio\u0142\u00f3w po\u0142udniowej Ma\u0142opolski (dwudziestolecie) oraz cerkwi w polskim i ukrai\u0144skim regionie Karpat (dziesi\u0119ciolecie).<\/strong><\/p>\n\n\n\n<p>Wed\u0142ug statystyk prowadzonych przez Narodowy Instytut Dziedzictwa w krajowej ewidencji zabytk\u00f3w znajduje si\u0119 obecnie 145 261 obiekt\u00f3w architektury, w tym 39 960 to obiekty drewniane. Jedynie 6475 spo\u015br\u00f3d nich zosta\u0142o wpisanych do rejestru zabytk\u00f3w. Mimo \u017ce ten nieodnawialny zas\u00f3b ci\u0105gle maleje, wci\u0105\u017c mo\u017cemy zachwyca\u0107 si\u0119 maestri\u0105 dawnych cie\u015bli, kt\u00f3rzy z drewna wznosili konstrukcje pe\u0142ni\u0105ce swe funkcje przez nierzadko kilkaset lat. Zainteresowanie spo\u0142eczne tymi zabytkami systematycznie ro\u015bnie, tworzone s\u0105 szlaki architektury drewnianej, licznie odwiedzane przez turyst\u00f3w i mi\u0142o\u015bnik\u00f3w dawnego rzemios\u0142a.<\/p>\n\n\n\n<p>Na pocz\u0105tek <strong>Jadwiga St\u0119ch\u0142y<\/strong> zwraca uwag\u0119 na warto\u015b\u0107 zabytkowej stolarki drzwiowej i potrzeb\u0119 jej ochrony, co jest niezwykle istotne w dobie coraz cz\u0119stszej wymiany historycznych drzwi na nowe. Dalej <strong>Anna Maria Cymborowska-Walu\u015b<\/strong> na podstawie map Krakowa i starych pami\u0119tnik\u00f3w mieszka\u0144c\u00f3w Bie\u017canowa opisuje zmiany charakteru zabudowy tej dawnej podkrakowskiej wsi, w kt\u00f3rej wiejskie drewniane budynki wsp\u00f3\u0142istnia\u0142y z tkank\u0105 miejsk\u0105. Autorka stara si\u0119 uchwyci\u0107 moment przemiany niegdysiejszej wsi w cz\u0119\u015b\u0107 zurbanizowanego Krakowa. <strong>Pawe\u0142 Pencakowski<\/strong> pochyli\u0142 si\u0119 natomiast nad przekszta\u0142ceniami konstrukcji i struktury architektonicznej O\u0142tarza Mariackiego na przestrzeni ponad 500 lat. Z bazylik\u0105 Mariack\u0105 jest zwi\u0105zany tak\u017ce tekst <strong>Marii Zaj\u0105c, Marii Goryl, \u0141ucji Rodzik-Cza\u0142ki<\/strong> oraz <strong>Anny Miko\u0142ajskiej<\/strong>. Badaczki przedstawiaj\u0105 wyniki bada\u0144 i prac konserwatorskich nad datowanym na XV wiek obrazem z tamtejszej kolekcji <em>Matka Boska z Dzieci\u0105tkiem z r\u00f3\u017c\u0105 w ramie relikwiarzowej<\/em>.<\/p>\n\n\n\n<p>W numerze nie zabrak\u0142o artyku\u0142\u00f3w prezentuj\u0105cych sylwetki architekt\u00f3w. <strong>Natalia Skiepko<\/strong> przybli\u017ca posta\u0107 i dorobek architektoniczny Franciszka Kopkowicza, kt\u00f3ry wsp\u00f3lnie z bratem Leonem zaprojektowa\u0142 ponad 150 budynk\u00f3w w Zakopanem. <strong>Agnieszka Partridge<\/strong> za\u015b prze\u015bledzi\u0142a projekty cmentarzy wojennych w Limanowej i okolicach autorstwa Austriaka Gustava Ludwiga, podczas I wojny \u015bwiatowej wcielonego do Kriegsgr\u00e4ber Abteilung Krakau (Krakowskiego Oddzia\u0142u Grob\u00f3w Wojennych).<\/p>\n\n\n\n<p>O stworzenie swoistego przewodnika, kt\u00f3ry ma u\u0142atwi\u0107 analiz\u0119 klimatu w obiekcie zabytkowym i w\u0142a\u015bciw\u0105 interpretacj\u0119 wynik\u00f3w pomiar\u00f3w, pokusi\u0142a si\u0119 <strong>Bogumi\u0142a J. Rouba<\/strong>. W swoim tek\u015bcie autorka zwraca uwag\u0119 na konieczno\u015b\u0107 odpowiedniego doboru na przyk\u0142ad rodzaju ogrzewania do zabytkowego ko\u015bcio\u0142a, tak aby nie destabilizowa\u0142o ono klimatu, a tym samym nie przyspiesza\u0142o niszczenia budynku.<\/p>\n\n\n\n<p>Czasopismo niedawno przesz\u0142o metamorfoz\u0119, kt\u00f3ra s\u0142u\u017cy\u0142a mi\u0119dzy innymi temu, by poszerzy\u0107 publikowane tre\u015bci o materia\u0142y prezentuj\u0105ce wyniki bada\u0144 naszych s\u0105siad\u00f3w. Owocem tego jest zamieszczony na \u0142amach najnowszej \u201eOchrony Zabytk\u00f3w\u201d angloj\u0119zyczny tekst ukrai\u0144skich badaczek \u2013 <strong>Olgi Ryzhovej<\/strong> i <strong>Inny Ivakiny<\/strong>. Ich artyku\u0142 to przegl\u0105d kijowskiego malarstwa na metalowych pod\u0142o\u017cach, datowanego na okres od ko\u0144ca XVII do pierwszej \u0107wierci XX wieku.<\/p>\n\n\n\n<p>Najnowsz\u0105 \u201eOchron\u0119 Zabytk\u00f3w\u201d zamyka tekst <strong>Janusza Rymszy<\/strong>. Przedstawia on histori\u0119 Kana\u0142u Augustowskiego \u2013 zbudowanego w ci\u0105gu niespe\u0142na sze\u015bciu lat cennego obiektu hydrotechnicznego z pierwszej po\u0142owy XIX wieku, kt\u00f3ry zachowa\u0142 si\u0119 do dzi\u015b w niepowtarzalnej technicznej, historycznej i krajobrazowej formie.<\/p>\n\n\n\n<p>Wszystkie artyku\u0142y z nowego numeru mo\u017cna pobra\u0107 na stronie <a href=\"https:\/\/ochronazabytkow.nid.pl\/numery\/ochrona-zabytkow-1-2023\/\">https:\/\/ochronazabytkow.nid.pl\/numery\/ochrona-zabytkow-1-2023\/<\/a>. Zach\u0119camy do lektury!<\/p>\n\n\n\n<p><strong>\u201eOchrona Zabytk\u00f3w\u201d<\/strong> to specjalistyczne czasopismo po\u015bwi\u0119cone tematyce ochrony dziedzictwa kulturowego, konserwacji i badaniu obiekt\u00f3w zabytkowych. Zakres tematyczny publikowanych artyku\u0142\u00f3w obejmuje zagadnienia teoretyczne i praktyczne z dziedzin: konserwacja i restauracja zabytk\u00f3w, historia sztuki, architektura i urbanistyka, architektura krajobrazu, archeologia, etnologia, prawo w ochronie zabytk\u00f3w, zarz\u0105dzanie dziedzictwem.<\/p>\n\n\n\n<p>Czasopismo od ponad 70 lat prezentuje osi\u0105gni\u0119cia konserwator\u00f3w, historyk\u00f3w sztuki, archeolog\u00f3w, architekt\u00f3w i innych os\u00f3b zajmuj\u0105cych si\u0119 szeroko poj\u0119t\u0105 ochron\u0105 dziedzictwa kulturowego. \u0141amy \u201eOchrony Zabytk\u00f3w\u201d otwarte s\u0105 zar\u00f3wno dla naukowc\u00f3w, jak i praktyk\u00f3w, a podstawowym warunkiem publikacji jest wysoki poziom merytoryczny artyku\u0142\u00f3w.<\/p>\n\n\n\n<p>Wydawnictwo dost\u0119pne jest w wersji elektronicznej w Bibliotece Nauki, a archiwalne numery mo\u017cna znale\u017a\u0107 w bazie BazHum. Od 2020 roku \u201eOchrona Zabytk\u00f3w\u201d jest indeksowana w bazie Scopus. \u201eOchrona Zabytk\u00f3w\u201d uj\u0119ta jest w wykazie czasopism naukowych i recenzowanych materia\u0142\u00f3w z konferencji mi\u0119dzynarodowych Ministerstwa Edukacji i Nauki (identyfikator 29441; 40 pkt). Od 2014 roku \u201eOchrona Zabytk\u00f3w\u201d jest p\u00f3\u0142rocznikiem, a od roku 2023 wersj\u0105 pierwotn\u0105 (referencyjn\u0105) jest wersja elektroniczna w otwartym dost\u0119pie.<\/p>\n\n\n\n<p>Wi\u0119cej informacji na temat \u201eOchrony Zabytk\u00f3w\u201d na stronie <a href=\"https:\/\/ochronazabytkow.nid.pl\/%20\">ochronazabytkow.nid.pl<\/a>.<\/p>\n\n\n\n<p><\/p>\n\n\n\n<figure class=\"wp-block-image aligncenter size-large is-resized\"><img loading=\"lazy\" decoding=\"async\" width=\"712\" height=\"1024\" src=\"https:\/\/nid.pl\/wp-content\/uploads\/2023\/10\/OZ_1-2023-okladka-712x1024.jpg\" alt=\"\" class=\"wp-image-14197\" style=\"aspect-ratio:0.6953125;width:414px;height:auto\" srcset=\"https:\/\/nid.pl\/wp-content\/uploads\/2023\/10\/OZ_1-2023-okladka-712x1024.jpg 712w, https:\/\/nid.pl\/wp-content\/uploads\/2023\/10\/OZ_1-2023-okladka-480x691.jpg 480w\" sizes=\"(min-width: 0px) and (max-width: 480px) 480px, (min-width: 481px) 712px, 100vw\" \/><\/figure>","protected":false},"excerpt":{"rendered":"<p>Ukaza\u0142 si\u0119 nowy numer czasopisma \u201eOchrona Zabytk\u00f3w\u201d (1\/2023), w du\u017cej mierze po\u015bwi\u0119cony architekturze drewnianej. Postawienie akurat na t\u0119 tematyk\u0119 jest nieprzypadkowe, w tym roku przypadaj\u0105 bowiem dwa jubileusze wpis\u00f3w naszych [&hellip;]<\/p>","protected":false},"author":7,"featured_media":14193,"comment_status":"closed","ping_status":"closed","sticky":false,"template":"","format":"standard","meta":{"_et_pb_use_builder":"off","_et_pb_old_content":"","_et_gb_content_width":"","_monsterinsights_skip_tracking":false,"_monsterinsights_sitenote_active":false,"_monsterinsights_sitenote_note":"","_monsterinsights_sitenote_category":0,"footnotes":""},"categories":[3],"tags":[],"class_list":["post-14191","post","type-post","status-publish","format-standard","has-post-thumbnail","hentry","category-aktualnosci"],"yoast_head":"<!-- This site is optimized with the Yoast SEO plugin v26.5 - https:\/\/yoast.com\/wordpress\/plugins\/seo\/ -->\n<title>Zapraszamy do lektury nowego numeru \u201eOchrony Zabytk\u00f3w\u201d - NID<\/title>\n<meta name=\"robots\" content=\"index, follow, max-snippet:-1, max-image-preview:large, max-video-preview:-1\" \/>\n<link rel=\"canonical\" href=\"https:\/\/nid.pl\/en\/2023\/10\/16\/zapraszamy-do-lektury-nowego-numeru-ochrony-zabytkow\/\" \/>\n<meta property=\"og:locale\" content=\"en_GB\" \/>\n<meta property=\"og:type\" content=\"article\" \/>\n<meta property=\"og:title\" content=\"Zapraszamy do lektury nowego numeru \u201eOchrony Zabytk\u00f3w\u201d - NID\" \/>\n<meta property=\"og:description\" content=\"Ukaza\u0142 si\u0119 nowy numer czasopisma \u201eOchrona Zabytk\u00f3w\u201d (1\/2023), w du\u017cej mierze po\u015bwi\u0119cony architekturze drewnianej. Postawienie akurat na t\u0119 tematyk\u0119 jest nieprzypadkowe, w tym roku przypadaj\u0105 bowiem dwa jubileusze wpis\u00f3w naszych [&hellip;]\" \/>\n<meta property=\"og:url\" content=\"https:\/\/nid.pl\/en\/2023\/10\/16\/zapraszamy-do-lektury-nowego-numeru-ochrony-zabytkow\/\" \/>\n<meta property=\"og:site_name\" content=\"NID\" \/>\n<meta property=\"article:publisher\" content=\"https:\/\/www.facebook.com\/zabytek\" \/>\n<meta property=\"article:published_time\" content=\"2023-10-16T11:47:16+00:00\" \/>\n<meta property=\"article:modified_time\" content=\"2023-10-16T12:09:21+00:00\" \/>\n<meta property=\"og:image\" content=\"https:\/\/nid.pl\/wp-content\/uploads\/2023\/10\/Ochrona-zabytkow.jpg\" \/>\n\t<meta property=\"og:image:width\" content=\"1850\" \/>\n\t<meta property=\"og:image:height\" content=\"1238\" \/>\n\t<meta property=\"og:image:type\" content=\"image\/jpeg\" \/>\n<meta name=\"author\" content=\"Barbara Halliop\" \/>\n<meta name=\"twitter:card\" content=\"summary_large_image\" \/>\n<meta name=\"twitter:creator\" content=\"@NarIDpl\" \/>\n<meta name=\"twitter:site\" content=\"@NarIDpl\" \/>\n<meta name=\"twitter:label1\" content=\"Written by\" \/>\n\t<meta name=\"twitter:data1\" content=\"Barbara Halliop\" \/>\n\t<meta name=\"twitter:label2\" content=\"Estimated reading time\" \/>\n\t<meta name=\"twitter:data2\" content=\"4 minutes\" \/>\n<script type=\"application\/ld+json\" class=\"yoast-schema-graph\">{\"@context\":\"https:\/\/schema.org\",\"@graph\":[{\"@type\":\"Article\",\"@id\":\"https:\/\/nid.pl\/2023\/10\/16\/zapraszamy-do-lektury-nowego-numeru-ochrony-zabytkow\/#article\",\"isPartOf\":{\"@id\":\"https:\/\/nid.pl\/2023\/10\/16\/zapraszamy-do-lektury-nowego-numeru-ochrony-zabytkow\/\"},\"author\":{\"name\":\"Barbara Halliop\",\"@id\":\"https:\/\/nid.pl\/#\/schema\/person\/1b690a8998a5111cfb9f0ffe24195a15\"},\"headline\":\"Zapraszamy do lektury nowego numeru \u201eOchrony Zabytk\u00f3w\u201d\",\"datePublished\":\"2023-10-16T11:47:16+00:00\",\"dateModified\":\"2023-10-16T12:09:21+00:00\",\"mainEntityOfPage\":{\"@id\":\"https:\/\/nid.pl\/2023\/10\/16\/zapraszamy-do-lektury-nowego-numeru-ochrony-zabytkow\/\"},\"wordCount\":785,\"publisher\":{\"@id\":\"https:\/\/nid.pl\/#organization\"},\"image\":{\"@id\":\"https:\/\/nid.pl\/2023\/10\/16\/zapraszamy-do-lektury-nowego-numeru-ochrony-zabytkow\/#primaryimage\"},\"thumbnailUrl\":\"https:\/\/nid.pl\/wp-content\/uploads\/2023\/10\/Ochrona-zabytkow.jpg\",\"articleSection\":[\"Aktualno\u015bci\"],\"inLanguage\":\"en-GB\"},{\"@type\":\"WebPage\",\"@id\":\"https:\/\/nid.pl\/2023\/10\/16\/zapraszamy-do-lektury-nowego-numeru-ochrony-zabytkow\/\",\"url\":\"https:\/\/nid.pl\/2023\/10\/16\/zapraszamy-do-lektury-nowego-numeru-ochrony-zabytkow\/\",\"name\":\"Zapraszamy do lektury nowego numeru \u201eOchrony Zabytk\u00f3w\u201d - NID\",\"isPartOf\":{\"@id\":\"https:\/\/nid.pl\/#website\"},\"primaryImageOfPage\":{\"@id\":\"https:\/\/nid.pl\/2023\/10\/16\/zapraszamy-do-lektury-nowego-numeru-ochrony-zabytkow\/#primaryimage\"},\"image\":{\"@id\":\"https:\/\/nid.pl\/2023\/10\/16\/zapraszamy-do-lektury-nowego-numeru-ochrony-zabytkow\/#primaryimage\"},\"thumbnailUrl\":\"https:\/\/nid.pl\/wp-content\/uploads\/2023\/10\/Ochrona-zabytkow.jpg\",\"datePublished\":\"2023-10-16T11:47:16+00:00\",\"dateModified\":\"2023-10-16T12:09:21+00:00\",\"breadcrumb\":{\"@id\":\"https:\/\/nid.pl\/2023\/10\/16\/zapraszamy-do-lektury-nowego-numeru-ochrony-zabytkow\/#breadcrumb\"},\"inLanguage\":\"en-GB\",\"potentialAction\":[{\"@type\":\"ReadAction\",\"target\":[\"https:\/\/nid.pl\/2023\/10\/16\/zapraszamy-do-lektury-nowego-numeru-ochrony-zabytkow\/\"]}]},{\"@type\":\"ImageObject\",\"inLanguage\":\"en-GB\",\"@id\":\"https:\/\/nid.pl\/2023\/10\/16\/zapraszamy-do-lektury-nowego-numeru-ochrony-zabytkow\/#primaryimage\",\"url\":\"https:\/\/nid.pl\/wp-content\/uploads\/2023\/10\/Ochrona-zabytkow.jpg\",\"contentUrl\":\"https:\/\/nid.pl\/wp-content\/uploads\/2023\/10\/Ochrona-zabytkow.jpg\",\"width\":1850,\"height\":1238,\"caption\":\"Nowy numer czasopisma \\\"Ochrona Zabytk\u00f3w\\\"\"},{\"@type\":\"BreadcrumbList\",\"@id\":\"https:\/\/nid.pl\/2023\/10\/16\/zapraszamy-do-lektury-nowego-numeru-ochrony-zabytkow\/#breadcrumb\",\"itemListElement\":[{\"@type\":\"ListItem\",\"position\":1,\"name\":\"Home\",\"item\":\"https:\/\/nid.pl\/\"},{\"@type\":\"ListItem\",\"position\":2,\"name\":\"Zapraszamy do lektury nowego numeru \u201eOchrony Zabytk\u00f3w\u201d\"}]},{\"@type\":\"WebSite\",\"@id\":\"https:\/\/nid.pl\/#website\",\"url\":\"https:\/\/nid.pl\/\",\"name\":\"NID\",\"description\":\"Narodowy Instytut Dziedzictwa\",\"publisher\":{\"@id\":\"https:\/\/nid.pl\/#organization\"},\"potentialAction\":[{\"@type\":\"SearchAction\",\"target\":{\"@type\":\"EntryPoint\",\"urlTemplate\":\"https:\/\/nid.pl\/?s={search_term_string}\"},\"query-input\":{\"@type\":\"PropertyValueSpecification\",\"valueRequired\":true,\"valueName\":\"search_term_string\"}}],\"inLanguage\":\"en-GB\"},{\"@type\":\"Organization\",\"@id\":\"https:\/\/nid.pl\/#organization\",\"name\":\"Narodowy Instytut Dziedzictwa\",\"url\":\"https:\/\/nid.pl\/\",\"logo\":{\"@type\":\"ImageObject\",\"inLanguage\":\"en-GB\",\"@id\":\"https:\/\/nid.pl\/#\/schema\/logo\/image\/\",\"url\":\"https:\/\/nid.pl\/wp-content\/uploads\/2022\/10\/logoRedDark.png\",\"contentUrl\":\"https:\/\/nid.pl\/wp-content\/uploads\/2022\/10\/logoRedDark.png\",\"width\":200,\"height\":197,\"caption\":\"Narodowy Instytut Dziedzictwa\"},\"image\":{\"@id\":\"https:\/\/nid.pl\/#\/schema\/logo\/image\/\"},\"sameAs\":[\"https:\/\/www.facebook.com\/zabytek\",\"https:\/\/x.com\/NarIDpl\",\"https:\/\/www.instagram.com\/nid.pl\/?hl=pl\",\"https:\/\/www.linkedin.com\/company\/narodowy-instytut-dziedzictwa\",\"https:\/\/www.youtube.com\/channel\/UCQXuhKa2uHtmNvLRUSx40JA\"]},{\"@type\":\"Person\",\"@id\":\"https:\/\/nid.pl\/#\/schema\/person\/1b690a8998a5111cfb9f0ffe24195a15\",\"name\":\"Barbara Halliop\",\"image\":{\"@type\":\"ImageObject\",\"inLanguage\":\"en-GB\",\"@id\":\"https:\/\/nid.pl\/#\/schema\/person\/image\/\",\"url\":\"https:\/\/nid.pl\/wp-content\/litespeed\/avatar\/924046d17dd0c842c9fa9ccf489bc6dc.jpg?ver=1777444967\",\"contentUrl\":\"https:\/\/nid.pl\/wp-content\/litespeed\/avatar\/924046d17dd0c842c9fa9ccf489bc6dc.jpg?ver=1777444967\",\"caption\":\"Barbara Halliop\"},\"url\":\"https:\/\/nid.pl\/en\/author\/bhalliop\/\"}]}<\/script>\n<!-- \/ Yoast SEO plugin. -->","yoast_head_json":{"title":"Zapraszamy do lektury nowego numeru \u201eOchrony Zabytk\u00f3w\u201d - NID","robots":{"index":"index","follow":"follow","max-snippet":"max-snippet:-1","max-image-preview":"max-image-preview:large","max-video-preview":"max-video-preview:-1"},"canonical":"https:\/\/nid.pl\/en\/2023\/10\/16\/zapraszamy-do-lektury-nowego-numeru-ochrony-zabytkow\/","og_locale":"en_GB","og_type":"article","og_title":"Zapraszamy do lektury nowego numeru \u201eOchrony Zabytk\u00f3w\u201d - NID","og_description":"Ukaza\u0142 si\u0119 nowy numer czasopisma \u201eOchrona Zabytk\u00f3w\u201d (1\/2023), w du\u017cej mierze po\u015bwi\u0119cony architekturze drewnianej. Postawienie akurat na t\u0119 tematyk\u0119 jest nieprzypadkowe, w tym roku przypadaj\u0105 bowiem dwa jubileusze wpis\u00f3w naszych [&hellip;]","og_url":"https:\/\/nid.pl\/en\/2023\/10\/16\/zapraszamy-do-lektury-nowego-numeru-ochrony-zabytkow\/","og_site_name":"NID","article_publisher":"https:\/\/www.facebook.com\/zabytek","article_published_time":"2023-10-16T11:47:16+00:00","article_modified_time":"2023-10-16T12:09:21+00:00","og_image":[{"width":1850,"height":1238,"url":"https:\/\/nid.pl\/wp-content\/uploads\/2023\/10\/Ochrona-zabytkow.jpg","type":"image\/jpeg"}],"author":"Barbara Halliop","twitter_card":"summary_large_image","twitter_creator":"@NarIDpl","twitter_site":"@NarIDpl","twitter_misc":{"Written by":"Barbara Halliop","Estimated reading time":"4 minutes"},"schema":{"@context":"https:\/\/schema.org","@graph":[{"@type":"Article","@id":"https:\/\/nid.pl\/2023\/10\/16\/zapraszamy-do-lektury-nowego-numeru-ochrony-zabytkow\/#article","isPartOf":{"@id":"https:\/\/nid.pl\/2023\/10\/16\/zapraszamy-do-lektury-nowego-numeru-ochrony-zabytkow\/"},"author":{"name":"Barbara Halliop","@id":"https:\/\/nid.pl\/#\/schema\/person\/1b690a8998a5111cfb9f0ffe24195a15"},"headline":"Zapraszamy do lektury nowego numeru \u201eOchrony Zabytk\u00f3w\u201d","datePublished":"2023-10-16T11:47:16+00:00","dateModified":"2023-10-16T12:09:21+00:00","mainEntityOfPage":{"@id":"https:\/\/nid.pl\/2023\/10\/16\/zapraszamy-do-lektury-nowego-numeru-ochrony-zabytkow\/"},"wordCount":785,"publisher":{"@id":"https:\/\/nid.pl\/#organization"},"image":{"@id":"https:\/\/nid.pl\/2023\/10\/16\/zapraszamy-do-lektury-nowego-numeru-ochrony-zabytkow\/#primaryimage"},"thumbnailUrl":"https:\/\/nid.pl\/wp-content\/uploads\/2023\/10\/Ochrona-zabytkow.jpg","articleSection":["Aktualno\u015bci"],"inLanguage":"en-GB"},{"@type":"WebPage","@id":"https:\/\/nid.pl\/2023\/10\/16\/zapraszamy-do-lektury-nowego-numeru-ochrony-zabytkow\/","url":"https:\/\/nid.pl\/2023\/10\/16\/zapraszamy-do-lektury-nowego-numeru-ochrony-zabytkow\/","name":"Zapraszamy do lektury nowego numeru \u201eOchrony Zabytk\u00f3w\u201d - NID","isPartOf":{"@id":"https:\/\/nid.pl\/#website"},"primaryImageOfPage":{"@id":"https:\/\/nid.pl\/2023\/10\/16\/zapraszamy-do-lektury-nowego-numeru-ochrony-zabytkow\/#primaryimage"},"image":{"@id":"https:\/\/nid.pl\/2023\/10\/16\/zapraszamy-do-lektury-nowego-numeru-ochrony-zabytkow\/#primaryimage"},"thumbnailUrl":"https:\/\/nid.pl\/wp-content\/uploads\/2023\/10\/Ochrona-zabytkow.jpg","datePublished":"2023-10-16T11:47:16+00:00","dateModified":"2023-10-16T12:09:21+00:00","breadcrumb":{"@id":"https:\/\/nid.pl\/2023\/10\/16\/zapraszamy-do-lektury-nowego-numeru-ochrony-zabytkow\/#breadcrumb"},"inLanguage":"en-GB","potentialAction":[{"@type":"ReadAction","target":["https:\/\/nid.pl\/2023\/10\/16\/zapraszamy-do-lektury-nowego-numeru-ochrony-zabytkow\/"]}]},{"@type":"ImageObject","inLanguage":"en-GB","@id":"https:\/\/nid.pl\/2023\/10\/16\/zapraszamy-do-lektury-nowego-numeru-ochrony-zabytkow\/#primaryimage","url":"https:\/\/nid.pl\/wp-content\/uploads\/2023\/10\/Ochrona-zabytkow.jpg","contentUrl":"https:\/\/nid.pl\/wp-content\/uploads\/2023\/10\/Ochrona-zabytkow.jpg","width":1850,"height":1238,"caption":"Nowy numer czasopisma \"Ochrona Zabytk\u00f3w\""},{"@type":"BreadcrumbList","@id":"https:\/\/nid.pl\/2023\/10\/16\/zapraszamy-do-lektury-nowego-numeru-ochrony-zabytkow\/#breadcrumb","itemListElement":[{"@type":"ListItem","position":1,"name":"Home","item":"https:\/\/nid.pl\/"},{"@type":"ListItem","position":2,"name":"Zapraszamy do lektury nowego numeru \u201eOchrony Zabytk\u00f3w\u201d"}]},{"@type":"WebSite","@id":"https:\/\/nid.pl\/#website","url":"https:\/\/nid.pl\/","name":"NID","description":"Narodowy Instytut Dziedzictwa","publisher":{"@id":"https:\/\/nid.pl\/#organization"},"potentialAction":[{"@type":"SearchAction","target":{"@type":"EntryPoint","urlTemplate":"https:\/\/nid.pl\/?s={search_term_string}"},"query-input":{"@type":"PropertyValueSpecification","valueRequired":true,"valueName":"search_term_string"}}],"inLanguage":"en-GB"},{"@type":"Organization","@id":"https:\/\/nid.pl\/#organization","name":"Narodowy Instytut Dziedzictwa","url":"https:\/\/nid.pl\/","logo":{"@type":"ImageObject","inLanguage":"en-GB","@id":"https:\/\/nid.pl\/#\/schema\/logo\/image\/","url":"https:\/\/nid.pl\/wp-content\/uploads\/2022\/10\/logoRedDark.png","contentUrl":"https:\/\/nid.pl\/wp-content\/uploads\/2022\/10\/logoRedDark.png","width":200,"height":197,"caption":"Narodowy Instytut Dziedzictwa"},"image":{"@id":"https:\/\/nid.pl\/#\/schema\/logo\/image\/"},"sameAs":["https:\/\/www.facebook.com\/zabytek","https:\/\/x.com\/NarIDpl","https:\/\/www.instagram.com\/nid.pl\/?hl=pl","https:\/\/www.linkedin.com\/company\/narodowy-instytut-dziedzictwa","https:\/\/www.youtube.com\/channel\/UCQXuhKa2uHtmNvLRUSx40JA"]},{"@type":"Person","@id":"https:\/\/nid.pl\/#\/schema\/person\/1b690a8998a5111cfb9f0ffe24195a15","name":"Barbara Halliop","image":{"@type":"ImageObject","inLanguage":"en-GB","@id":"https:\/\/nid.pl\/#\/schema\/person\/image\/","url":"https:\/\/nid.pl\/wp-content\/litespeed\/avatar\/924046d17dd0c842c9fa9ccf489bc6dc.jpg?ver=1777444967","contentUrl":"https:\/\/nid.pl\/wp-content\/litespeed\/avatar\/924046d17dd0c842c9fa9ccf489bc6dc.jpg?ver=1777444967","caption":"Barbara Halliop"},"url":"https:\/\/nid.pl\/en\/author\/bhalliop\/"}]}},"_links":{"self":[{"href":"https:\/\/nid.pl\/en\/wp-json\/wp\/v2\/posts\/14191","targetHints":{"allow":["GET"]}}],"collection":[{"href":"https:\/\/nid.pl\/en\/wp-json\/wp\/v2\/posts"}],"about":[{"href":"https:\/\/nid.pl\/en\/wp-json\/wp\/v2\/types\/post"}],"author":[{"embeddable":true,"href":"https:\/\/nid.pl\/en\/wp-json\/wp\/v2\/users\/7"}],"replies":[{"embeddable":true,"href":"https:\/\/nid.pl\/en\/wp-json\/wp\/v2\/comments?post=14191"}],"version-history":[{"count":0,"href":"https:\/\/nid.pl\/en\/wp-json\/wp\/v2\/posts\/14191\/revisions"}],"wp:featuredmedia":[{"embeddable":true,"href":"https:\/\/nid.pl\/en\/wp-json\/wp\/v2\/media\/14193"}],"wp:attachment":[{"href":"https:\/\/nid.pl\/en\/wp-json\/wp\/v2\/media?parent=14191"}],"wp:term":[{"taxonomy":"category","embeddable":true,"href":"https:\/\/nid.pl\/en\/wp-json\/wp\/v2\/categories?post=14191"},{"taxonomy":"post_tag","embeddable":true,"href":"https:\/\/nid.pl\/en\/wp-json\/wp\/v2\/tags?post=14191"}],"curies":[{"name":"wp","href":"https:\/\/api.w.org\/{rel}","templated":true}]}}