{"id":14161,"date":"2023-10-13T10:12:02","date_gmt":"2023-10-13T08:12:02","guid":{"rendered":"https:\/\/nid.pl\/?p=14161"},"modified":"2023-10-16T10:45:14","modified_gmt":"2023-10-16T08:45:14","slug":"za-nami-pierwszy-dzien-konferencji-kierunki-ochrony-i-zrownowazonego-zarzadzania-dziedzictwem-architektury-drewnianej","status":"publish","type":"post","link":"https:\/\/nid.pl\/en\/2023\/10\/13\/za-nami-pierwszy-dzien-konferencji-kierunki-ochrony-i-zrownowazonego-zarzadzania-dziedzictwem-architektury-drewnianej\/","title":{"rendered":"Za nami pierwszy dzie\u0144 Konferencji \u201eKierunki ochrony i zr\u00f3wnowa\u017conego zarz\u0105dzania dziedzictwem architektury drewnianej\u201d"},"content":{"rendered":"<p><strong>W Krakowie odbywa si\u0119 Mi\u0119dzynarodowa konferencja naukowa \u201eKierunki ochrony i zr\u00f3wnowa\u017conego zarz\u0105dzania dziedzictwem architektury drewnianej. 20 lat wpisu Drewnianych ko\u015bcio\u0142\u00f3w po\u0142udniowej Ma\u0142opolski oraz 10 lat wpisu Drewnianych cerkwi w polskim i ukrai\u0144skim regionie Karpat na List\u0119 \u015bwiatowego dziedzictwa UNESCO\u201d<\/strong>.<\/p>\n\n\n\n<p>Pierwszy dzie\u0144 Mi\u0119dzynarodowej konferencji naukowej \u201eKierunki ochrony i zr\u00f3wnowa\u017conego zarz\u0105dzania dziedzictwem architektury drewnianej. 20 lat wpisu Drewnianych ko\u015bcio\u0142\u00f3w po\u0142udniowej Ma\u0142opolski oraz 10 lat wpisu Drewnianych cerkwi w polskim i ukrai\u0144skim regionie Karpat na List\u0119 \u015bwiatowego dziedzictwa UNESCO\u201d, kt\u00f3ra odbywa si\u0119 w Krakowie, w dniach 12-14 pa\u017adziernika, obfitowa\u0142 w wiele wydarze\u0144.<\/p>\n\n\n\n<p>Konferencja rozpocz\u0119\u0142a si\u0119 od uroczysto\u015bci wr\u0119czenia medalu \u201eZas\u0142u\u017cony Kulturze Gloria Artis\u201d panu Kazimierzowi Czepielowi. W imieniu Ministra Kultury i Dziedzictwa Narodowego prof. Piotra Gli\u0144skiego medal wr\u0119czy\u0142a dr hab. Katarzyna Zalasi\u0144ska, Dyrektor Narodowego Instytutu Dziedzictwa.<br>Kazimierz Czepiel to krakowski historyk sztuki, technik stolarstwa artystycznego, specjalista w zakresie renowacji zabytkowych mebli oraz organ\u00f3w, by\u0142y rzeczoznawca Ministerstwa Kultury i Dziedzictwa Narodowego w zakresie ochrony zabytk\u00f3w, w dziedzinie rzemios\u0142a artystycznego i sztuki u\u017cytkowa oraz zabytkowych organ\u00f3w. Posiada ponad 50 lat do\u015bwiadczenia w pracy z zabytkow\u0105 stolark\u0105 okienn\u0105 i drzwiow\u0105. W ramach wsp\u00f3\u0142pracy z NID Kazimierz Czepiel wspiera merytorycznie Oddzia\u0142 Terenowy NID w Krakowie, mi\u0119dzy innymi uczestniczy\u0142 w przygotowaniu i realizacji Seminarium nt. historycznych stolarek okiennych, oraz publikacji-poradnika na ten temat.<\/p>\n\n\n\n<p>Podczas otwarcia konferencji wyst\u0105pi\u0142y: dr hab. Katarzyna Zalasi\u0144ska, dyrektor Narodowego Instytutu Dziedzictwa, Agata W\u0105sowska-Pawlik, Dyrektor Mi\u0119dzynarodowego Centrum Kultury oraz dr hab. Dominika Kasprowicz, Dyrektor Instytutu Kultury Willa Decjusza.<\/p>\n\n\n\n<p>Pierwszego dnia w Mi\u0119dzynarodowym Centrum Kultury, w kt\u00f3rym odbywa si\u0119 konferencja, odby\u0142y si\u0119 dwa panele merytoryczne. Pierwszy, zatytu\u0142owany \u201eWsp\u00f3\u0142czesne wyzwania w ochronie dziedzictwa: zmiany klimatu i konflikty zbrojne\u201d poprowadzi\u0142a dr hab. Monika Bogdanowska. W trakcie panelu swoje referaty przedstawili: dr Andrzej Siwek, pracownik Oddzia\u0142u Terenowego NID w Krakowie, dr hab. Bogus\u0142aw Podhala\u0144ski, dr hab. Yuriy Kryvoruchko, dr Alicja Jagielska-Burduk, prof. Myko\u0142a Bewz oraz Waldemar Witek.<\/p>\n\n\n\n<p>Drugi panel pod tytu\u0142em \u201eZarz\u0105dzanie dziedzictwem budownictwa drewnianego \u2013 rola \u015bwiadomo\u015bci spo\u0142ecznej i dobrych praktyk\u201d poprowadzi\u0142a dr hab. Katarzyna Zalasi\u0144ska. Podczas panelu wyst\u0105pili: dr hab. Monika Bogdanowska, zast\u0119pca dyrektora NID, kt\u00f3ra zaprezentowa\u0142a wyniki \u201eRaportu o stanie architektury drewnianej\u201d, nast\u0119pnie referaty wyg\u0142osili: Katarzyna Tur-Marciszuk, Andrzej \u017bygad\u0142o, Aneta Ku\u0142ak.<\/p>\n\n\n\n<p>W trakcie przerwy pomi\u0119dzy panelami, na placu Szczepa\u0144skim w Krakowie, odby\u0142o si\u0119 otwarcie wystawy \u201eSkarby drewnianej architektury sakralnej. Ko\u015bcio\u0142y i cerkwie na Li\u015bcie \u015bwiatowego dziedzictwa UNESCO\u201d. Wystaw\u0119 b\u0119dzie mo\u017cna ogl\u0105da\u0107 do 6 listopada 2023 r.<\/p>\n\n\n\n<p>Dzie\u0144 zako\u0144czy\u0142 koncert Joanny S\u0142owi\u0144skiej &amp; Stanis\u0142aw S\u0142owi\u0144ski Quintet, kt\u00f3ry interpretacjami muzyk\u00f3w sceny jazzowej i improwizowanej wykonywa\u0142 utwory inspirowane s\u0142owia\u0144sk\u0105 ludowo\u015bci\u0105 regionu Karpat. Podczas koncertu wykonawcy zaprezentowali niezwyk\u0142e bogactwo i r\u00f3\u017cnorodno\u015b\u0107, jaka jest zawarta w muzyce ludowej, w utworach mo\u017cna by\u0142o us\u0142ysze\u0107 zar\u00f3wno odniesienie do tradycji \u017cydowskich, romskich, g\u00f3ralskich, jak i do motyw\u00f3w muzyki klasycznej. Teksty Jana S\u0142owi\u0144skiego, w porywaj\u0105cych interpretacjach wokalnych Joanny S\u0142owi\u0144skiej, w akompaniamencie nietuzinkowych aran\u017cacjach muzycznych Stanis\u0142awa S\u0142owi\u0144skiego, stworzy\u0142y niepowtarzalny w formie i nastroju kameralny spektakl muzyczny prezentuj\u0105cy.<\/p>\n\n\n\n<p>Celem konferencji \u201eKierunki ochrony i zr\u00f3wnowa\u017conego zarz\u0105dzania dziedzictwem architektury drewnianej\u201d jest stworzenie p\u0142aszczyzny do wymiany wiedzy na temat najnowszych osi\u0105gni\u0119\u0107 w dziedzinie konserwacji, a tak\u017ce polityki i zarz\u0105dzania zabytkowymi obiektami architektury drewnianej. Podczas konferencji wynikami swoich bada\u0144 oraz wieloletnimi do\u015bwiadczeniami podziel\u0105 si\u0119 zar\u00f3wno naukowcy, specjali\u015bci oraz zarz\u0105dcy zabytkowej architektury drewnianej.<\/p>\n\n\n\n<p>Udzia\u0142 w konferencji jest mo\u017cliwy online po rejestracji pod linkiem: <a href=\"https:\/\/nid.twojewydarzenie.online\/\">https:\/\/nid.twojewydarzenie.online\/<\/a>. Wi\u0119cej informacji na jej temat znajduje si\u0119 na <a href=\"https:\/\/nid.pl\/en\/2023\/10\/04\/kierunki-ochrony-i-zrownowazonego-zarzadzania-dziedzictwem\/\">https:\/\/nid.pl\/2023\/10\/04\/kierunki-ochrony-i-zrownowazonego-zarzadzania-dziedzictwem\/<\/a>.&nbsp; &nbsp;&nbsp;<\/p>\n\n\n\n<p>W Konferencja zosta\u0142a obj\u0119ta honorowym patronatem sekretarza stanu w Ministerstwie Kultury i Dziedzictwa Narodowego, Generalnego Konserwatora Zabytk\u00f3w dr. Jaros\u0142awa Sellina.<\/p>\n\n\n\n<p>Organizatorem konferencji jest Narodowy Instytutu Dziedzictwa we wsp\u00f3\u0142pracy z Polskim Komitetem ds. UNESCO. Partnerami wydarzenia jest Mi\u0119dzynarodowe Centrum Kultury, Instytut Kultury Willa Decjusza, Miasto Krak\u00f3w.<\/p>\n\n\n\n<p>Organizacja jubileuszu wpisu na List\u0119 \u015bwiatowego dziedzictwa UNESCO Drewnianych ko\u015bcio\u0142\u00f3w w po\u0142udniowej Ma\u0142opolsce (20-lecie) oraz Drewnianych cerkwi w polskim i ukrai\u0144skim regionie Karpat (10-lecie) zosta\u0142a sfinansowana ze \u015brodk\u00f3w Ministerstwa Kultury i Dziedzictwa Narodowego.<\/p>\n\n\n\n<p><\/p>\n\n\n\n<figure class=\"wp-block-image aligncenter size-large is-resized\"><img loading=\"lazy\" decoding=\"async\" width=\"1024\" height=\"683\" src=\"https:\/\/nid.pl\/wp-content\/uploads\/2023\/10\/KK-10-1024x683.jpg\" alt=\"\" class=\"wp-image-14173\" style=\"aspect-ratio:1.499267935578331;width:679px;height:auto\" srcset=\"https:\/\/nid.pl\/wp-content\/uploads\/2023\/10\/KK-10-980x653.jpg 980w, https:\/\/nid.pl\/wp-content\/uploads\/2023\/10\/KK-10-480x320.jpg 480w\" sizes=\"(min-width: 0px) and (max-width: 480px) 480px, (min-width: 481px) and (max-width: 980px) 980px, (min-width: 981px) 1024px, 100vw\" \/><figcaption class=\"wp-element-caption\">Od lewej: dr hab. Katarzyna Zalasi\u0144ska, dyrektor Narodowego Instytutu Dziedzictwa, dr Alicja Jagielska-Burduk, Polski Komitet ds. UNESCO, Borys\u0142aw Czarakcziew, przewodnicz\u0105cy Spo\u0142ecznego Komitetu Odnowy Zabytk\u00f3w Krakowa, I dzie\u0144 Mi\u0119dzynarodowej Konferencji Naukowej \u201eKierunki ochrony i zr\u00f3wnowa\u017conego zarz\u0105dzania dziedzictwem architektury drewnianej\u201d, fot. M. Rybnik<\/figcaption><\/figure>\n\n\n\n<figure class=\"wp-block-image aligncenter size-large is-resized\"><img loading=\"lazy\" decoding=\"async\" width=\"1024\" height=\"683\" src=\"https:\/\/nid.pl\/wp-content\/uploads\/2023\/10\/KK-1-1024x683.jpg\" alt=\"\" class=\"wp-image-14163\" style=\"aspect-ratio:1.499267935578331;width:679px;height:auto\" srcset=\"https:\/\/nid.pl\/wp-content\/uploads\/2023\/10\/KK-1-980x653.jpg 980w, https:\/\/nid.pl\/wp-content\/uploads\/2023\/10\/KK-1-480x320.jpg 480w\" sizes=\"(min-width: 0px) and (max-width: 480px) 480px, (min-width: 481px) and (max-width: 980px) 980px, (min-width: 981px) 1024px, 100vw\" \/><figcaption class=\"wp-element-caption\">Witold G\u00f3rny, kierownik Oddzia\u0142u Terenowego NID w Krakowie, I dzie\u0144 Mi\u0119dzynarodowej Konferencji Naukowej \u201eKierunki ochrony i zr\u00f3wnowa\u017conego zarz\u0105dzania dziedzictwem architektury drewnianej\u201d, fot. M. Rybnik<\/figcaption><\/figure>\n\n\n\n<figure class=\"wp-block-image aligncenter size-large is-resized\"><img loading=\"lazy\" decoding=\"async\" width=\"1024\" height=\"683\" src=\"https:\/\/nid.pl\/wp-content\/uploads\/2023\/10\/KK-4-1024x683.jpg\" alt=\"\" class=\"wp-image-14167\" style=\"aspect-ratio:1.499267935578331;width:677px;height:auto\" srcset=\"https:\/\/nid.pl\/wp-content\/uploads\/2023\/10\/KK-4-980x653.jpg 980w, https:\/\/nid.pl\/wp-content\/uploads\/2023\/10\/KK-4-480x320.jpg 480w\" sizes=\"(min-width: 0px) and (max-width: 480px) 480px, (min-width: 481px) and (max-width: 980px) 980px, (min-width: 981px) 1024px, 100vw\" \/><figcaption class=\"wp-element-caption\">dr hab. Katarzyna Zalasi\u0144ska, dyrektor Narodowego Instytutu Dziedzictwa, Kazimierz Czepiel, uhonorowany medalem &#8220;Zas\u0142u\u017cony Kulturze Gloria Artis&#8221;, I dzie\u0144 Mi\u0119dzynarodowej Konferencji Naukowej \u201eKierunki ochrony i zr\u00f3wnowa\u017conego zarz\u0105dzania dziedzictwem architektury drewnianej\u201d, fot. M. Rybnik<\/figcaption><\/figure>\n\n\n\n<figure class=\"wp-block-image aligncenter size-large is-resized\"><img loading=\"lazy\" decoding=\"async\" width=\"1024\" height=\"683\" src=\"https:\/\/nid.pl\/wp-content\/uploads\/2023\/10\/KK-6-1024x683.jpg\" alt=\"\" class=\"wp-image-14169\" style=\"aspect-ratio:1.499267935578331;width:679px;height:auto\" srcset=\"https:\/\/nid.pl\/wp-content\/uploads\/2023\/10\/KK-6-980x653.jpg 980w, https:\/\/nid.pl\/wp-content\/uploads\/2023\/10\/KK-6-480x320.jpg 480w\" sizes=\"(min-width: 0px) and (max-width: 480px) 480px, (min-width: 481px) and (max-width: 980px) 980px, (min-width: 981px) 1024px, 100vw\" \/><figcaption class=\"wp-element-caption\">I dzie\u0144 Mi\u0119dzynarodowej Konferencji Naukowej \u201eKierunki ochrony i zr\u00f3wnowa\u017conego zarz\u0105dzania dziedzictwem architektury drewnianej\u201d, fot. M. Rybnik<\/figcaption><\/figure>\n\n\n\n<figure class=\"wp-block-image aligncenter size-large is-resized\"><img loading=\"lazy\" decoding=\"async\" width=\"1024\" height=\"683\" src=\"https:\/\/nid.pl\/wp-content\/uploads\/2023\/10\/KK-7-1024x683.jpg\" alt=\"\" class=\"wp-image-14170\" style=\"aspect-ratio:1.5;width:677px;height:auto\" srcset=\"https:\/\/nid.pl\/wp-content\/uploads\/2023\/10\/KK-7-980x653.jpg 980w, https:\/\/nid.pl\/wp-content\/uploads\/2023\/10\/KK-7-480x320.jpg 480w\" sizes=\"(min-width: 0px) and (max-width: 480px) 480px, (min-width: 481px) and (max-width: 980px) 980px, (min-width: 981px) 1024px, 100vw\" \/><figcaption class=\"wp-element-caption\">I dzie\u0144 Mi\u0119dzynarodowej Konferencji Naukowej \u201eKierunki ochrony i zr\u00f3wnowa\u017conego zarz\u0105dzania dziedzictwem architektury drewnianej\u201d, fot. M. Rybnik<\/figcaption><\/figure>\n\n\n\n<figure class=\"wp-block-image aligncenter size-large is-resized\"><img loading=\"lazy\" decoding=\"async\" width=\"1024\" height=\"683\" src=\"https:\/\/nid.pl\/wp-content\/uploads\/2023\/10\/KK-8-1024x683.jpg\" alt=\"\" class=\"wp-image-14171\" style=\"aspect-ratio:1.499267935578331;width:677px;height:auto\" srcset=\"https:\/\/nid.pl\/wp-content\/uploads\/2023\/10\/KK-8-980x653.jpg 980w, https:\/\/nid.pl\/wp-content\/uploads\/2023\/10\/KK-8-480x320.jpg 480w\" sizes=\"(min-width: 0px) and (max-width: 480px) 480px, (min-width: 481px) and (max-width: 980px) 980px, (min-width: 981px) 1024px, 100vw\" \/><figcaption class=\"wp-element-caption\">I dzie\u0144 Mi\u0119dzynarodowej Konferencji Naukowej \u201eKierunki ochrony i zr\u00f3wnowa\u017conego zarz\u0105dzania dziedzictwem architektury drewnianej\u201d, fot. M. Rybnik<\/figcaption><\/figure>\n\n\n\n<figure class=\"wp-block-image aligncenter size-large is-resized\"><img loading=\"lazy\" decoding=\"async\" width=\"1024\" height=\"683\" src=\"https:\/\/nid.pl\/wp-content\/uploads\/2023\/10\/KK-9-1024x683.jpg\" alt=\"\" class=\"wp-image-14172\" style=\"aspect-ratio:1.499267935578331;width:677px;height:auto\" srcset=\"https:\/\/nid.pl\/wp-content\/uploads\/2023\/10\/KK-9-980x653.jpg 980w, https:\/\/nid.pl\/wp-content\/uploads\/2023\/10\/KK-9-480x320.jpg 480w\" sizes=\"(min-width: 0px) and (max-width: 480px) 480px, (min-width: 481px) and (max-width: 980px) 980px, (min-width: 981px) 1024px, 100vw\" \/><figcaption class=\"wp-element-caption\">I dzie\u0144 Mi\u0119dzynarodowej Konferencji Naukowej \u201eKierunki ochrony i zr\u00f3wnowa\u017conego zarz\u0105dzania dziedzictwem architektury drewnianej\u201d, fot. M. Rybnik<\/figcaption><\/figure>\n\n\n\n<figure class=\"wp-block-image aligncenter size-large is-resized\"><img loading=\"lazy\" decoding=\"async\" width=\"1024\" height=\"683\" src=\"https:\/\/nid.pl\/wp-content\/uploads\/2023\/10\/KK-11-1024x683.jpg\" alt=\"\" class=\"wp-image-14174\" style=\"aspect-ratio:1.499267935578331;width:681px;height:auto\" srcset=\"https:\/\/nid.pl\/wp-content\/uploads\/2023\/10\/KK-11-980x653.jpg 980w, https:\/\/nid.pl\/wp-content\/uploads\/2023\/10\/KK-11-480x320.jpg 480w\" sizes=\"(min-width: 0px) and (max-width: 480px) 480px, (min-width: 481px) and (max-width: 980px) 980px, (min-width: 981px) 1024px, 100vw\" \/><figcaption class=\"wp-element-caption\">I dzie\u0144 Mi\u0119dzynarodowej Konferencji Naukowej \u201eKierunki ochrony i zr\u00f3wnowa\u017conego zarz\u0105dzania dziedzictwem architektury drewnianej\u201d, fot. M. Rybnik<\/figcaption><\/figure>\n\n\n\n<figure class=\"wp-block-image aligncenter size-large is-resized\"><img loading=\"lazy\" decoding=\"async\" width=\"1024\" height=\"683\" src=\"https:\/\/nid.pl\/wp-content\/uploads\/2023\/10\/KK-14-1024x683.jpg\" alt=\"\" class=\"wp-image-14177\" style=\"aspect-ratio:1.499267935578331;width:683px;height:auto\" srcset=\"https:\/\/nid.pl\/wp-content\/uploads\/2023\/10\/KK-14-980x653.jpg 980w, https:\/\/nid.pl\/wp-content\/uploads\/2023\/10\/KK-14-480x320.jpg 480w\" sizes=\"(min-width: 0px) and (max-width: 480px) 480px, (min-width: 481px) and (max-width: 980px) 980px, (min-width: 981px) 1024px, 100vw\" \/><figcaption class=\"wp-element-caption\">Od lewej: Agata W\u0105sowska Pawlik, dyrektor Mi\u0119dzynarodowego Centrum Kultury, Witold G\u00f3ry, kierownik Oddzia\u0142u Terenowego NID w Krakowie, I dzie\u0144 Mi\u0119dzynarodowej Konferencji Naukowej \u201eKierunki ochrony i zr\u00f3wnowa\u017conego zarz\u0105dzania dziedzictwem architektury drewnianej\u201d, fot. M. Rybnik<\/figcaption><\/figure>\n\n\n\n<figure class=\"wp-block-image aligncenter size-large is-resized\"><img loading=\"lazy\" decoding=\"async\" width=\"683\" height=\"1024\" src=\"https:\/\/nid.pl\/wp-content\/uploads\/2023\/10\/KK-15-683x1024.jpg\" alt=\"\" class=\"wp-image-14178\" style=\"aspect-ratio:0.6669921875;width:555px;height:auto\"\/><figcaption class=\"wp-element-caption\">dr hab. Dominika Kasprowicz, dyrektor Instytutu Kultury Willa Decjusza, I dzie\u0144 Mi\u0119dzynarodowej Konferencji Naukowej \u201eKierunki ochrony i zr\u00f3wnowa\u017conego zarz\u0105dzania dziedzictwem architektury drewnianej\u201d, fot. M. Rybnik<\/figcaption><\/figure>\n\n\n\n<figure class=\"wp-block-image aligncenter size-large is-resized\"><img loading=\"lazy\" decoding=\"async\" width=\"1024\" height=\"683\" src=\"https:\/\/nid.pl\/wp-content\/uploads\/2023\/10\/KK-13-1024x683.jpg\" alt=\"\" class=\"wp-image-14176\" style=\"aspect-ratio:1.499267935578331;width:683px;height:auto\" srcset=\"https:\/\/nid.pl\/wp-content\/uploads\/2023\/10\/KK-13-980x653.jpg 980w, https:\/\/nid.pl\/wp-content\/uploads\/2023\/10\/KK-13-480x320.jpg 480w\" sizes=\"(min-width: 0px) and (max-width: 480px) 480px, (min-width: 481px) and (max-width: 980px) 980px, (min-width: 981px) 1024px, 100vw\" \/><figcaption class=\"wp-element-caption\">I dzie\u0144 Mi\u0119dzynarodowej Konferencji Naukowej \u201eKierunki ochrony i zr\u00f3wnowa\u017conego zarz\u0105dzania dziedzictwem architektury drewnianej\u201d, fot. M. Rybnik<\/figcaption><\/figure>\n\n\n\n<figure class=\"wp-block-image aligncenter size-large is-resized\"><img loading=\"lazy\" decoding=\"async\" width=\"683\" height=\"1024\" src=\"https:\/\/nid.pl\/wp-content\/uploads\/2023\/10\/KK-16-683x1024.jpg\" alt=\"\" class=\"wp-image-14179\" style=\"aspect-ratio:0.6669921875;width:555px;height:auto\"\/><figcaption class=\"wp-element-caption\">I dzie\u0144 Mi\u0119dzynarodowej Konferencji Naukowej \u201eKierunki ochrony i zr\u00f3wnowa\u017conego zarz\u0105dzania dziedzictwem architektury drewnianej\u201d, fot. M. Rybnik<\/figcaption><\/figure>\n\n\n\n<figure class=\"wp-block-image aligncenter size-large is-resized\"><img loading=\"lazy\" decoding=\"async\" width=\"1024\" height=\"683\" src=\"https:\/\/nid.pl\/wp-content\/uploads\/2023\/10\/KK-17-1024x683.jpg\" alt=\"\" class=\"wp-image-14180\" style=\"aspect-ratio:1.499267935578331;width:697px;height:auto\" srcset=\"https:\/\/nid.pl\/wp-content\/uploads\/2023\/10\/KK-17-980x653.jpg 980w, https:\/\/nid.pl\/wp-content\/uploads\/2023\/10\/KK-17-480x320.jpg 480w\" sizes=\"(min-width: 0px) and (max-width: 480px) 480px, (min-width: 481px) and (max-width: 980px) 980px, (min-width: 981px) 1024px, 100vw\" \/><figcaption class=\"wp-element-caption\">I dzie\u0144 Mi\u0119dzynarodowej Konferencji Naukowej \u201eKierunki ochrony i zr\u00f3wnowa\u017conego zarz\u0105dzania dziedzictwem architektury drewnianej\u201d, fot. M. Rybnik<\/figcaption><\/figure>\n\n\n\n<figure class=\"wp-block-image aligncenter size-large is-resized\"><img loading=\"lazy\" decoding=\"async\" width=\"1024\" height=\"683\" src=\"https:\/\/nid.pl\/wp-content\/uploads\/2023\/10\/KK-18-1024x683.jpg\" alt=\"\" class=\"wp-image-14181\" style=\"aspect-ratio:1.499267935578331;width:695px;height:auto\" srcset=\"https:\/\/nid.pl\/wp-content\/uploads\/2023\/10\/KK-18-980x653.jpg 980w, https:\/\/nid.pl\/wp-content\/uploads\/2023\/10\/KK-18-480x320.jpg 480w\" sizes=\"(min-width: 0px) and (max-width: 480px) 480px, (min-width: 481px) and (max-width: 980px) 980px, (min-width: 981px) 1024px, 100vw\" \/><figcaption class=\"wp-element-caption\">dr Andrzej Siwek, Narodowy Instytut Dziedzictwa, I dzie\u0144 Mi\u0119dzynarodowej Konferencji Naukowej \u201eKierunki ochrony i zr\u00f3wnowa\u017conego zarz\u0105dzania dziedzictwem architektury drewnianej\u201d, fot. M. Rybnik<\/figcaption><\/figure>","protected":false},"excerpt":{"rendered":"<p>W Krakowie odbywa si\u0119 Mi\u0119dzynarodowa konferencja naukowa \u201eKierunki ochrony i zr\u00f3wnowa\u017conego zarz\u0105dzania dziedzictwem architektury drewnianej. 20 lat wpisu Drewnianych ko\u015bcio\u0142\u00f3w po\u0142udniowej Ma\u0142opolski oraz 10 lat wpisu Drewnianych cerkwi w polskim [&hellip;]<\/p>","protected":false},"author":7,"featured_media":14182,"comment_status":"closed","ping_status":"closed","sticky":false,"template":"","format":"standard","meta":{"_et_pb_use_builder":"off","_et_pb_old_content":"","_et_gb_content_width":"","_monsterinsights_skip_tracking":false,"_monsterinsights_sitenote_active":false,"_monsterinsights_sitenote_note":"","_monsterinsights_sitenote_category":0,"footnotes":""},"categories":[3,83],"tags":[],"class_list":["post-14161","post","type-post","status-publish","format-standard","has-post-thumbnail","hentry","category-aktualnosci","category-skarby-drewnianej-architektury-sakralnej"],"yoast_head":"<!-- This site is optimized with the Yoast SEO plugin v26.5 - https:\/\/yoast.com\/wordpress\/plugins\/seo\/ -->\n<title>Za nami pierwszy dzie\u0144 Konferencji \u201eKierunki ochrony i zr\u00f3wnowa\u017conego zarz\u0105dzania dziedzictwem architektury drewnianej\u201d - NID<\/title>\n<meta name=\"robots\" content=\"index, follow, max-snippet:-1, max-image-preview:large, max-video-preview:-1\" \/>\n<link rel=\"canonical\" href=\"https:\/\/nid.pl\/en\/2023\/10\/13\/za-nami-pierwszy-dzien-konferencji-kierunki-ochrony-i-zrownowazonego-zarzadzania-dziedzictwem-architektury-drewnianej\/\" \/>\n<meta property=\"og:locale\" content=\"en_GB\" \/>\n<meta property=\"og:type\" content=\"article\" \/>\n<meta property=\"og:title\" content=\"Za nami pierwszy dzie\u0144 Konferencji \u201eKierunki ochrony i zr\u00f3wnowa\u017conego zarz\u0105dzania dziedzictwem architektury drewnianej\u201d - NID\" \/>\n<meta property=\"og:description\" content=\"W Krakowie odbywa si\u0119 Mi\u0119dzynarodowa konferencja naukowa \u201eKierunki ochrony i zr\u00f3wnowa\u017conego zarz\u0105dzania dziedzictwem architektury drewnianej. 20 lat wpisu Drewnianych ko\u015bcio\u0142\u00f3w po\u0142udniowej Ma\u0142opolski oraz 10 lat wpisu Drewnianych cerkwi w polskim [&hellip;]\" \/>\n<meta property=\"og:url\" content=\"https:\/\/nid.pl\/en\/2023\/10\/13\/za-nami-pierwszy-dzien-konferencji-kierunki-ochrony-i-zrownowazonego-zarzadzania-dziedzictwem-architektury-drewnianej\/\" \/>\n<meta property=\"og:site_name\" content=\"NID\" \/>\n<meta property=\"article:publisher\" content=\"https:\/\/www.facebook.com\/zabytek\" \/>\n<meta property=\"article:published_time\" content=\"2023-10-13T08:12:02+00:00\" \/>\n<meta property=\"article:modified_time\" content=\"2023-10-16T08:45:14+00:00\" \/>\n<meta property=\"og:image\" content=\"https:\/\/nid.pl\/wp-content\/uploads\/2023\/10\/miniaturka-aktualnosci-NID3-1.jpg\" \/>\n\t<meta property=\"og:image:width\" content=\"1850\" \/>\n\t<meta property=\"og:image:height\" content=\"1238\" \/>\n\t<meta property=\"og:image:type\" content=\"image\/jpeg\" \/>\n<meta name=\"author\" content=\"Barbara Halliop\" \/>\n<meta name=\"twitter:card\" content=\"summary_large_image\" \/>\n<meta name=\"twitter:creator\" content=\"@NarIDpl\" \/>\n<meta name=\"twitter:site\" content=\"@NarIDpl\" \/>\n<meta name=\"twitter:label1\" content=\"Written by\" \/>\n\t<meta name=\"twitter:data1\" content=\"Barbara Halliop\" \/>\n\t<meta name=\"twitter:label2\" content=\"Estimated reading time\" \/>\n\t<meta name=\"twitter:data2\" content=\"7 minutes\" \/>\n<script type=\"application\/ld+json\" class=\"yoast-schema-graph\">{\"@context\":\"https:\/\/schema.org\",\"@graph\":[{\"@type\":\"Article\",\"@id\":\"https:\/\/nid.pl\/2023\/10\/13\/za-nami-pierwszy-dzien-konferencji-kierunki-ochrony-i-zrownowazonego-zarzadzania-dziedzictwem-architektury-drewnianej\/#article\",\"isPartOf\":{\"@id\":\"https:\/\/nid.pl\/2023\/10\/13\/za-nami-pierwszy-dzien-konferencji-kierunki-ochrony-i-zrownowazonego-zarzadzania-dziedzictwem-architektury-drewnianej\/\"},\"author\":{\"name\":\"Barbara Halliop\",\"@id\":\"https:\/\/nid.pl\/#\/schema\/person\/1b690a8998a5111cfb9f0ffe24195a15\"},\"headline\":\"Za nami pierwszy dzie\u0144 Konferencji \u201eKierunki ochrony i zr\u00f3wnowa\u017conego zarz\u0105dzania dziedzictwem architektury drewnianej\u201d\",\"datePublished\":\"2023-10-13T08:12:02+00:00\",\"dateModified\":\"2023-10-16T08:45:14+00:00\",\"mainEntityOfPage\":{\"@id\":\"https:\/\/nid.pl\/2023\/10\/13\/za-nami-pierwszy-dzien-konferencji-kierunki-ochrony-i-zrownowazonego-zarzadzania-dziedzictwem-architektury-drewnianej\/\"},\"wordCount\":1134,\"publisher\":{\"@id\":\"https:\/\/nid.pl\/#organization\"},\"image\":{\"@id\":\"https:\/\/nid.pl\/2023\/10\/13\/za-nami-pierwszy-dzien-konferencji-kierunki-ochrony-i-zrownowazonego-zarzadzania-dziedzictwem-architektury-drewnianej\/#primaryimage\"},\"thumbnailUrl\":\"https:\/\/nid.pl\/wp-content\/uploads\/2023\/10\/miniaturka-aktualnosci-NID3-1.jpg\",\"articleSection\":[\"Aktualno\u015bci\",\"Skarby drewnianej architektury sakralnej\"],\"inLanguage\":\"en-GB\"},{\"@type\":\"WebPage\",\"@id\":\"https:\/\/nid.pl\/2023\/10\/13\/za-nami-pierwszy-dzien-konferencji-kierunki-ochrony-i-zrownowazonego-zarzadzania-dziedzictwem-architektury-drewnianej\/\",\"url\":\"https:\/\/nid.pl\/2023\/10\/13\/za-nami-pierwszy-dzien-konferencji-kierunki-ochrony-i-zrownowazonego-zarzadzania-dziedzictwem-architektury-drewnianej\/\",\"name\":\"Za nami pierwszy dzie\u0144 Konferencji \u201eKierunki ochrony i zr\u00f3wnowa\u017conego zarz\u0105dzania dziedzictwem architektury drewnianej\u201d - NID\",\"isPartOf\":{\"@id\":\"https:\/\/nid.pl\/#website\"},\"primaryImageOfPage\":{\"@id\":\"https:\/\/nid.pl\/2023\/10\/13\/za-nami-pierwszy-dzien-konferencji-kierunki-ochrony-i-zrownowazonego-zarzadzania-dziedzictwem-architektury-drewnianej\/#primaryimage\"},\"image\":{\"@id\":\"https:\/\/nid.pl\/2023\/10\/13\/za-nami-pierwszy-dzien-konferencji-kierunki-ochrony-i-zrownowazonego-zarzadzania-dziedzictwem-architektury-drewnianej\/#primaryimage\"},\"thumbnailUrl\":\"https:\/\/nid.pl\/wp-content\/uploads\/2023\/10\/miniaturka-aktualnosci-NID3-1.jpg\",\"datePublished\":\"2023-10-13T08:12:02+00:00\",\"dateModified\":\"2023-10-16T08:45:14+00:00\",\"breadcrumb\":{\"@id\":\"https:\/\/nid.pl\/2023\/10\/13\/za-nami-pierwszy-dzien-konferencji-kierunki-ochrony-i-zrownowazonego-zarzadzania-dziedzictwem-architektury-drewnianej\/#breadcrumb\"},\"inLanguage\":\"en-GB\",\"potentialAction\":[{\"@type\":\"ReadAction\",\"target\":[\"https:\/\/nid.pl\/2023\/10\/13\/za-nami-pierwszy-dzien-konferencji-kierunki-ochrony-i-zrownowazonego-zarzadzania-dziedzictwem-architektury-drewnianej\/\"]}]},{\"@type\":\"ImageObject\",\"inLanguage\":\"en-GB\",\"@id\":\"https:\/\/nid.pl\/2023\/10\/13\/za-nami-pierwszy-dzien-konferencji-kierunki-ochrony-i-zrownowazonego-zarzadzania-dziedzictwem-architektury-drewnianej\/#primaryimage\",\"url\":\"https:\/\/nid.pl\/wp-content\/uploads\/2023\/10\/miniaturka-aktualnosci-NID3-1.jpg\",\"contentUrl\":\"https:\/\/nid.pl\/wp-content\/uploads\/2023\/10\/miniaturka-aktualnosci-NID3-1.jpg\",\"width\":1850,\"height\":1238,\"caption\":\"Za nami pierwszy dzie\u0144 Konferencji \u201eKierunki ochrony i zr\u00f3wnowa\u017conego zarz\u0105dzania dziedzictwem architektury drewnianej\u201d, fot. . Rybnik\"},{\"@type\":\"BreadcrumbList\",\"@id\":\"https:\/\/nid.pl\/2023\/10\/13\/za-nami-pierwszy-dzien-konferencji-kierunki-ochrony-i-zrownowazonego-zarzadzania-dziedzictwem-architektury-drewnianej\/#breadcrumb\",\"itemListElement\":[{\"@type\":\"ListItem\",\"position\":1,\"name\":\"Home\",\"item\":\"https:\/\/nid.pl\/\"},{\"@type\":\"ListItem\",\"position\":2,\"name\":\"Za nami pierwszy dzie\u0144 Konferencji \u201eKierunki ochrony i zr\u00f3wnowa\u017conego zarz\u0105dzania dziedzictwem architektury drewnianej\u201d\"}]},{\"@type\":\"WebSite\",\"@id\":\"https:\/\/nid.pl\/#website\",\"url\":\"https:\/\/nid.pl\/\",\"name\":\"NID\",\"description\":\"Narodowy Instytut Dziedzictwa\",\"publisher\":{\"@id\":\"https:\/\/nid.pl\/#organization\"},\"potentialAction\":[{\"@type\":\"SearchAction\",\"target\":{\"@type\":\"EntryPoint\",\"urlTemplate\":\"https:\/\/nid.pl\/?s={search_term_string}\"},\"query-input\":{\"@type\":\"PropertyValueSpecification\",\"valueRequired\":true,\"valueName\":\"search_term_string\"}}],\"inLanguage\":\"en-GB\"},{\"@type\":\"Organization\",\"@id\":\"https:\/\/nid.pl\/#organization\",\"name\":\"Narodowy Instytut Dziedzictwa\",\"url\":\"https:\/\/nid.pl\/\",\"logo\":{\"@type\":\"ImageObject\",\"inLanguage\":\"en-GB\",\"@id\":\"https:\/\/nid.pl\/#\/schema\/logo\/image\/\",\"url\":\"https:\/\/nid.pl\/wp-content\/uploads\/2022\/10\/logoRedDark.png\",\"contentUrl\":\"https:\/\/nid.pl\/wp-content\/uploads\/2022\/10\/logoRedDark.png\",\"width\":200,\"height\":197,\"caption\":\"Narodowy Instytut Dziedzictwa\"},\"image\":{\"@id\":\"https:\/\/nid.pl\/#\/schema\/logo\/image\/\"},\"sameAs\":[\"https:\/\/www.facebook.com\/zabytek\",\"https:\/\/x.com\/NarIDpl\",\"https:\/\/www.instagram.com\/nid.pl\/?hl=pl\",\"https:\/\/www.linkedin.com\/company\/narodowy-instytut-dziedzictwa\",\"https:\/\/www.youtube.com\/channel\/UCQXuhKa2uHtmNvLRUSx40JA\"]},{\"@type\":\"Person\",\"@id\":\"https:\/\/nid.pl\/#\/schema\/person\/1b690a8998a5111cfb9f0ffe24195a15\",\"name\":\"Barbara Halliop\",\"image\":{\"@type\":\"ImageObject\",\"inLanguage\":\"en-GB\",\"@id\":\"https:\/\/nid.pl\/#\/schema\/person\/image\/\",\"url\":\"https:\/\/nid.pl\/wp-content\/litespeed\/avatar\/924046d17dd0c842c9fa9ccf489bc6dc.jpg?ver=1777444967\",\"contentUrl\":\"https:\/\/nid.pl\/wp-content\/litespeed\/avatar\/924046d17dd0c842c9fa9ccf489bc6dc.jpg?ver=1777444967\",\"caption\":\"Barbara Halliop\"},\"url\":\"https:\/\/nid.pl\/en\/author\/bhalliop\/\"}]}<\/script>\n<!-- \/ Yoast SEO plugin. -->","yoast_head_json":{"title":"Za nami pierwszy dzie\u0144 Konferencji \u201eKierunki ochrony i zr\u00f3wnowa\u017conego zarz\u0105dzania dziedzictwem architektury drewnianej\u201d - NID","robots":{"index":"index","follow":"follow","max-snippet":"max-snippet:-1","max-image-preview":"max-image-preview:large","max-video-preview":"max-video-preview:-1"},"canonical":"https:\/\/nid.pl\/en\/2023\/10\/13\/za-nami-pierwszy-dzien-konferencji-kierunki-ochrony-i-zrownowazonego-zarzadzania-dziedzictwem-architektury-drewnianej\/","og_locale":"en_GB","og_type":"article","og_title":"Za nami pierwszy dzie\u0144 Konferencji \u201eKierunki ochrony i zr\u00f3wnowa\u017conego zarz\u0105dzania dziedzictwem architektury drewnianej\u201d - NID","og_description":"W Krakowie odbywa si\u0119 Mi\u0119dzynarodowa konferencja naukowa \u201eKierunki ochrony i zr\u00f3wnowa\u017conego zarz\u0105dzania dziedzictwem architektury drewnianej. 20 lat wpisu Drewnianych ko\u015bcio\u0142\u00f3w po\u0142udniowej Ma\u0142opolski oraz 10 lat wpisu Drewnianych cerkwi w polskim [&hellip;]","og_url":"https:\/\/nid.pl\/en\/2023\/10\/13\/za-nami-pierwszy-dzien-konferencji-kierunki-ochrony-i-zrownowazonego-zarzadzania-dziedzictwem-architektury-drewnianej\/","og_site_name":"NID","article_publisher":"https:\/\/www.facebook.com\/zabytek","article_published_time":"2023-10-13T08:12:02+00:00","article_modified_time":"2023-10-16T08:45:14+00:00","og_image":[{"width":1850,"height":1238,"url":"https:\/\/nid.pl\/wp-content\/uploads\/2023\/10\/miniaturka-aktualnosci-NID3-1.jpg","type":"image\/jpeg"}],"author":"Barbara Halliop","twitter_card":"summary_large_image","twitter_creator":"@NarIDpl","twitter_site":"@NarIDpl","twitter_misc":{"Written by":"Barbara Halliop","Estimated reading time":"7 minutes"},"schema":{"@context":"https:\/\/schema.org","@graph":[{"@type":"Article","@id":"https:\/\/nid.pl\/2023\/10\/13\/za-nami-pierwszy-dzien-konferencji-kierunki-ochrony-i-zrownowazonego-zarzadzania-dziedzictwem-architektury-drewnianej\/#article","isPartOf":{"@id":"https:\/\/nid.pl\/2023\/10\/13\/za-nami-pierwszy-dzien-konferencji-kierunki-ochrony-i-zrownowazonego-zarzadzania-dziedzictwem-architektury-drewnianej\/"},"author":{"name":"Barbara Halliop","@id":"https:\/\/nid.pl\/#\/schema\/person\/1b690a8998a5111cfb9f0ffe24195a15"},"headline":"Za nami pierwszy dzie\u0144 Konferencji \u201eKierunki ochrony i zr\u00f3wnowa\u017conego zarz\u0105dzania dziedzictwem architektury drewnianej\u201d","datePublished":"2023-10-13T08:12:02+00:00","dateModified":"2023-10-16T08:45:14+00:00","mainEntityOfPage":{"@id":"https:\/\/nid.pl\/2023\/10\/13\/za-nami-pierwszy-dzien-konferencji-kierunki-ochrony-i-zrownowazonego-zarzadzania-dziedzictwem-architektury-drewnianej\/"},"wordCount":1134,"publisher":{"@id":"https:\/\/nid.pl\/#organization"},"image":{"@id":"https:\/\/nid.pl\/2023\/10\/13\/za-nami-pierwszy-dzien-konferencji-kierunki-ochrony-i-zrownowazonego-zarzadzania-dziedzictwem-architektury-drewnianej\/#primaryimage"},"thumbnailUrl":"https:\/\/nid.pl\/wp-content\/uploads\/2023\/10\/miniaturka-aktualnosci-NID3-1.jpg","articleSection":["Aktualno\u015bci","Skarby drewnianej architektury sakralnej"],"inLanguage":"en-GB"},{"@type":"WebPage","@id":"https:\/\/nid.pl\/2023\/10\/13\/za-nami-pierwszy-dzien-konferencji-kierunki-ochrony-i-zrownowazonego-zarzadzania-dziedzictwem-architektury-drewnianej\/","url":"https:\/\/nid.pl\/2023\/10\/13\/za-nami-pierwszy-dzien-konferencji-kierunki-ochrony-i-zrownowazonego-zarzadzania-dziedzictwem-architektury-drewnianej\/","name":"Za nami pierwszy dzie\u0144 Konferencji \u201eKierunki ochrony i zr\u00f3wnowa\u017conego zarz\u0105dzania dziedzictwem architektury drewnianej\u201d - NID","isPartOf":{"@id":"https:\/\/nid.pl\/#website"},"primaryImageOfPage":{"@id":"https:\/\/nid.pl\/2023\/10\/13\/za-nami-pierwszy-dzien-konferencji-kierunki-ochrony-i-zrownowazonego-zarzadzania-dziedzictwem-architektury-drewnianej\/#primaryimage"},"image":{"@id":"https:\/\/nid.pl\/2023\/10\/13\/za-nami-pierwszy-dzien-konferencji-kierunki-ochrony-i-zrownowazonego-zarzadzania-dziedzictwem-architektury-drewnianej\/#primaryimage"},"thumbnailUrl":"https:\/\/nid.pl\/wp-content\/uploads\/2023\/10\/miniaturka-aktualnosci-NID3-1.jpg","datePublished":"2023-10-13T08:12:02+00:00","dateModified":"2023-10-16T08:45:14+00:00","breadcrumb":{"@id":"https:\/\/nid.pl\/2023\/10\/13\/za-nami-pierwszy-dzien-konferencji-kierunki-ochrony-i-zrownowazonego-zarzadzania-dziedzictwem-architektury-drewnianej\/#breadcrumb"},"inLanguage":"en-GB","potentialAction":[{"@type":"ReadAction","target":["https:\/\/nid.pl\/2023\/10\/13\/za-nami-pierwszy-dzien-konferencji-kierunki-ochrony-i-zrownowazonego-zarzadzania-dziedzictwem-architektury-drewnianej\/"]}]},{"@type":"ImageObject","inLanguage":"en-GB","@id":"https:\/\/nid.pl\/2023\/10\/13\/za-nami-pierwszy-dzien-konferencji-kierunki-ochrony-i-zrownowazonego-zarzadzania-dziedzictwem-architektury-drewnianej\/#primaryimage","url":"https:\/\/nid.pl\/wp-content\/uploads\/2023\/10\/miniaturka-aktualnosci-NID3-1.jpg","contentUrl":"https:\/\/nid.pl\/wp-content\/uploads\/2023\/10\/miniaturka-aktualnosci-NID3-1.jpg","width":1850,"height":1238,"caption":"Za nami pierwszy dzie\u0144 Konferencji \u201eKierunki ochrony i zr\u00f3wnowa\u017conego zarz\u0105dzania dziedzictwem architektury drewnianej\u201d, fot. . Rybnik"},{"@type":"BreadcrumbList","@id":"https:\/\/nid.pl\/2023\/10\/13\/za-nami-pierwszy-dzien-konferencji-kierunki-ochrony-i-zrownowazonego-zarzadzania-dziedzictwem-architektury-drewnianej\/#breadcrumb","itemListElement":[{"@type":"ListItem","position":1,"name":"Home","item":"https:\/\/nid.pl\/"},{"@type":"ListItem","position":2,"name":"Za nami pierwszy dzie\u0144 Konferencji \u201eKierunki ochrony i zr\u00f3wnowa\u017conego zarz\u0105dzania dziedzictwem architektury drewnianej\u201d"}]},{"@type":"WebSite","@id":"https:\/\/nid.pl\/#website","url":"https:\/\/nid.pl\/","name":"NID","description":"Narodowy Instytut Dziedzictwa","publisher":{"@id":"https:\/\/nid.pl\/#organization"},"potentialAction":[{"@type":"SearchAction","target":{"@type":"EntryPoint","urlTemplate":"https:\/\/nid.pl\/?s={search_term_string}"},"query-input":{"@type":"PropertyValueSpecification","valueRequired":true,"valueName":"search_term_string"}}],"inLanguage":"en-GB"},{"@type":"Organization","@id":"https:\/\/nid.pl\/#organization","name":"Narodowy Instytut Dziedzictwa","url":"https:\/\/nid.pl\/","logo":{"@type":"ImageObject","inLanguage":"en-GB","@id":"https:\/\/nid.pl\/#\/schema\/logo\/image\/","url":"https:\/\/nid.pl\/wp-content\/uploads\/2022\/10\/logoRedDark.png","contentUrl":"https:\/\/nid.pl\/wp-content\/uploads\/2022\/10\/logoRedDark.png","width":200,"height":197,"caption":"Narodowy Instytut Dziedzictwa"},"image":{"@id":"https:\/\/nid.pl\/#\/schema\/logo\/image\/"},"sameAs":["https:\/\/www.facebook.com\/zabytek","https:\/\/x.com\/NarIDpl","https:\/\/www.instagram.com\/nid.pl\/?hl=pl","https:\/\/www.linkedin.com\/company\/narodowy-instytut-dziedzictwa","https:\/\/www.youtube.com\/channel\/UCQXuhKa2uHtmNvLRUSx40JA"]},{"@type":"Person","@id":"https:\/\/nid.pl\/#\/schema\/person\/1b690a8998a5111cfb9f0ffe24195a15","name":"Barbara Halliop","image":{"@type":"ImageObject","inLanguage":"en-GB","@id":"https:\/\/nid.pl\/#\/schema\/person\/image\/","url":"https:\/\/nid.pl\/wp-content\/litespeed\/avatar\/924046d17dd0c842c9fa9ccf489bc6dc.jpg?ver=1777444967","contentUrl":"https:\/\/nid.pl\/wp-content\/litespeed\/avatar\/924046d17dd0c842c9fa9ccf489bc6dc.jpg?ver=1777444967","caption":"Barbara Halliop"},"url":"https:\/\/nid.pl\/en\/author\/bhalliop\/"}]}},"_links":{"self":[{"href":"https:\/\/nid.pl\/en\/wp-json\/wp\/v2\/posts\/14161","targetHints":{"allow":["GET"]}}],"collection":[{"href":"https:\/\/nid.pl\/en\/wp-json\/wp\/v2\/posts"}],"about":[{"href":"https:\/\/nid.pl\/en\/wp-json\/wp\/v2\/types\/post"}],"author":[{"embeddable":true,"href":"https:\/\/nid.pl\/en\/wp-json\/wp\/v2\/users\/7"}],"replies":[{"embeddable":true,"href":"https:\/\/nid.pl\/en\/wp-json\/wp\/v2\/comments?post=14161"}],"version-history":[{"count":0,"href":"https:\/\/nid.pl\/en\/wp-json\/wp\/v2\/posts\/14161\/revisions"}],"wp:featuredmedia":[{"embeddable":true,"href":"https:\/\/nid.pl\/en\/wp-json\/wp\/v2\/media\/14182"}],"wp:attachment":[{"href":"https:\/\/nid.pl\/en\/wp-json\/wp\/v2\/media?parent=14161"}],"wp:term":[{"taxonomy":"category","embeddable":true,"href":"https:\/\/nid.pl\/en\/wp-json\/wp\/v2\/categories?post=14161"},{"taxonomy":"post_tag","embeddable":true,"href":"https:\/\/nid.pl\/en\/wp-json\/wp\/v2\/tags?post=14161"}],"curies":[{"name":"wp","href":"https:\/\/api.w.org\/{rel}","templated":true}]}}