{"id":14013,"date":"2023-10-09T10:10:18","date_gmt":"2023-10-09T08:10:18","guid":{"rendered":"https:\/\/nid.pl\/?p=14013"},"modified":"2023-11-23T10:07:29","modified_gmt":"2023-11-23T09:07:29","slug":"pracownik-dzialu-pomnikow-historii","status":"publish","type":"post","link":"https:\/\/nid.pl\/en\/2023\/10\/09\/pracownik-dzialu-pomnikow-historii\/","title":{"rendered":"Pracownik Dzia\u0142u Pomnik\u00f3w Historii"},"content":{"rendered":"<p><strong>Zakres zada\u0144<\/strong>:<\/p>\n\n\n\n<ul class=\"wp-block-list\">\n<li>koordynowanie procedury wyst\u0119powania z wnioskiem do ministra w\u0142a\u015bciwego do spraw kultury i ochrony dziedzictwa narodowego o uznanie przez Prezydenta RP zabytku nieruchomego za pomnik historii,<\/li>\n\n\n\n<li>uczestniczenie w ogl\u0119dzinach zabytk\u00f3w,<\/li>\n\n\n\n<li>opracowywanie opinii nt. zasadno\u015bci kandydatur do uznania za pomnik historii,<\/li>\n\n\n\n<li>gromadzenie, udost\u0119pnianie i upowszechnianie informacji w zakresie zasad ochrony zabytk\u00f3w,<\/li>\n\n\n\n<li>monitorowanie i raportowanie stanu zachowania i sposobu zarz\u0105dzania obiektami uznanymi za Pomniki Historii,<\/li>\n\n\n\n<li>podejmowanie dzia\u0142alno\u015bci edukacyjnej, popularyzatorskiej i promocyjnej w zakresie zasad ochrony zabytk\u00f3w,<\/li>\n\n\n\n<li>podejmowanie wsp\u00f3\u0142pracy z w\u0142a\u015bcicielami lub zarz\u0105dcami obiekt\u00f3w uznanych za Pomniki Historii na rzecz, w\u0142a\u015bciwego sprawowania opieki i zarz\u0105dzania ww. zabytkami.<\/li>\n<\/ul>\n\n\n\n<p><strong>Wymagania:<\/strong><\/p>\n\n\n\n<ul class=\"wp-block-list\">\n<li>wykszta\u0142cenie wy\u017csze magisterskie w zakresie zwi\u0105zanym z ochron\u0105 zabytk\u00f3w i dzia\u0142alno\u015bci\u0105 Narodowego Instytutu Dziedzictwa; preferowana specjalno\u015b\u0107: historyk sztuki, konserwator-zabytkoznawca,<\/li>\n\n\n\n<li>znajomo\u015b\u0107 systemu ochrony dziedzictwa w Polsce znajomo\u015b\u0107 problematyki ochrony zabytk\u00f3w,<\/li>\n\n\n\n<li>znajomo\u015b\u0107 problematyki ochrony zabytk\u00f3w, szczeg\u00f3lnie w zakresie urbanistyki, architektury i ruralistyki,<\/li>\n\n\n\n<li>preferowane minimum 2-letnie do\u015bwiadczenie w pracy w instytucjach zwi\u0105zanych z ochron\u0105 zabytk\u00f3w,<\/li>\n\n\n\n<li>umiej\u0119tno\u015b\u0107 pracy w zespole, do\u015bwiadczenie organizacyjne,<\/li>\n\n\n\n<li>znajomo\u015b\u0107 j\u0119zyk\u00f3w obcych: j. angielskiego,<\/li>\n\n\n\n<li>wysoka kultura osobista, komunikatywno\u015b\u0107, staranno\u015b\u0107, samodzielno\u015b\u0107 i zaanga\u017cowanie,<\/li>\n\n\n\n<li>bieg\u0142a znajomo\u015b\u0107 MS Office.<\/li>\n<\/ul>\n\n\n\n<p><strong>Wymiar zatrudnienia<\/strong>: pe\u0142ny etat<br><strong>Rodzaj umowy<\/strong>: umowa o prac\u0119<br><strong>Miejsce wykonywania pracy<\/strong>: Warszawa<br><strong>Wymagane dokumenty:<\/strong> CV i list motywacyjny \u2013 w tytule pliku prosimy zawrze\u0107 imi\u0119 i nazwisko<br><\/p>\n\n\n\n<p><strong>Termin sk\u0142adania dokument\u00f3w:<\/strong> 27 pa\u017adziernika 2023 roku<\/p>\n\n\n\n<p><strong>Spos\u00f3b sk\u0142adania dokument\u00f3w:<\/strong><br>Aplikacje prosimy przes\u0142a\u0107 na adres e-mail: <a href=\"mailto:rekrutacja@nid.pl\">rekrutacja@nid.pl<\/a> podaj\u0105c w tytule maila \u201e<strong>rekrutacja Pomniki Historii<\/strong>\u201d.<\/p>\n\n\n\n<p><strong>Prosimy o dopisanie w CV nast\u0119puj\u0105cej klauzuli:<\/strong><\/p>\n\n\n\n<p>Wyra\u017cam zgod\u0119 na przetwarzanie moich danych osobowych dla potrzeb niezb\u0119dnych do realizacji procesu obecnej rekrutacji przez Narodowy Instytut Dziedzictwa zgodnie art. 7 ust. 1 i 2 Rozporz\u0105dzenia Parlamentu Europejskiego i Rady (UE) 2016\/679 z dnia 27 kwietnia 2016 r. w sprawie ochrony os\u00f3b fizycznych w zwi\u0105zku z przetwarzaniem danych osobowych i w sprawie swobodnego przep\u0142ywu takich danych oraz uchylenia dyrektywy 95\/46\/WE (og\u00f3lne rozporz\u0105dzenie o ochronie danych).<\/p>\n\n\n\n<p>Informujemy, i\u017c:<\/p>\n\n\n\n<ol class=\"wp-block-list\">\n<li>Administratorem Pani\/Pana danych osobowych jest Narodowy Instytut Dziedzictwa, ul. Kopernika 36\/40, 00-924 Warszawa.<\/li>\n\n\n\n<li>Kontakt z Inspektorem Ochrony Danych w NID mo\u017cliwy jest poprzez ww. adres pocztowy lub pod adresem iod@nid.pl.<\/li>\n\n\n\n<li>Pani\/Pana dane osobowe przetwarzane b\u0119d\u0105 w celu realizacji przez Administratora procesu bie\u017c\u0105cej rekrutacji a podstaw\u0105 prawn\u0105 przetwarzania danych jest Pani\/Pana zgoda.<\/li>\n\n\n\n<li>Administrator nie udost\u0119pnia Pani\/Pana danych osobowych \u017cadnym odbiorcom, z wyj\u0105tkiem przypadk\u00f3w, gdy obowi\u0105zek taki wynika z przepis\u00f3w prawa powszechnie obowi\u0105zuj\u0105cego.<\/li>\n\n\n\n<li>Pani\/Pana dane b\u0119d\u0105 przechowywane przez okres trwania procedury rekrutacyjnej oraz 6 miesi\u0119cy od dnia jej zako\u0144czenia.<\/li>\n\n\n\n<li>Pani\/Pana uprawnienia w zakresie danych osobowych:<br>1) prawo dost\u0119pu do swoich danych (w tym prawo do otrzymania ich kopii);<br>2) prawo do sprostowania swoich danych osobowych;<br>3) prawo do ograniczenia przetwarzania danych osobowych;<br>4) prawo do przenoszenia danych do innego administratora;<br>5) prawo do wniesienia sprzeciwu wobec przetwarzania danych;<br>6) prawo do wycofania zgody na przetwarzanie danych osobowych.<br>wycofanie zgody nie ma wp\u0142ywu na zgodno\u015b\u0107 z prawem przetwarzania, kt\u00f3rego dokonano na podstawie zgody przed jej wycofaniem; zgod\u0119 mo\u017cna wycofa\u0107 w ka\u017cdym momencie,<br>&#8211; \u017c\u0105danie realizacji tych praw nale\u017cy przes\u0142a\u0107 w formie pisemnej na adres kontaktowy administratora danych, podany powy\u017cej;<br>7) prawo do wniesienia skargi do Prezesa Urz\u0119du Ochrony Danych Osobowych gdy uzna Pani\/Pan, \u017ce przetwarzanie danych osobowych narusza przepisy RODO.<\/li>\n\n\n\n<li>Podanie przez Pani\u0105\/Pana danych osobowych w zakresie wynikaj\u0105cym z art. 22<sup>1<\/sup> Kodeksu Pracy (imi\u0119, nazwisko, data urodzenia, dane kontaktowe, wykszta\u0142cenie, kwalifikacje zawodowe,&nbsp; przebieg dotychczasowego zatrudnienia) jest niezb\u0119dne, aby uczestniczy\u0107 w post\u0119powaniu rekrutacyjnym. Podanie przez Pani\u0105\/Pana danych innych, ni\u017c wskazane w art. 22<sup>1 <\/sup>Kodeksu Pracy, jest dobrowolne.<\/li>\n\n\n\n<li>Podane dane nie b\u0119d\u0105 podstaw\u0105 do zautomatyzowanego podejmowania decyzji; nie b\u0119d\u0105 te\u017c profilowane.<\/li>\n<\/ol>\n\n\n\n<p><strong>Oferty nades\u0142ane po up\u0142ywie wskazanego&nbsp; terminu lub bez kompletu wymaganych dokument\u00f3w nie b\u0119d\u0105 rozpatrywane.<\/strong><\/p>\n\n\n\n<p><strong>Zastrzegamy sobie prawo do skontaktowania si\u0119 z wybranymi kandydatami<\/strong>.<\/p>\n\n\n\n<p><\/p>\n\n\n\n<p><br><\/p>","protected":false},"excerpt":{"rendered":"<p>Termin sk\u0142adania dokument\u00f3w: 27 pa\u017adziernika 2023 roku<\/p>","protected":false},"author":7,"featured_media":0,"comment_status":"closed","ping_status":"closed","sticky":false,"template":"","format":"standard","meta":{"_et_pb_use_builder":"off","_et_pb_old_content":"","_et_gb_content_width":"","_monsterinsights_skip_tracking":false,"_monsterinsights_sitenote_active":false,"_monsterinsights_sitenote_note":"","_monsterinsights_sitenote_category":0,"footnotes":""},"categories":[49],"tags":[],"class_list":["post-14013","post","type-post","status-publish","format-standard","hentry","category-archiwum-praca-bip"],"yoast_head":"<!-- This site is optimized with the Yoast SEO plugin v26.5 - https:\/\/yoast.com\/wordpress\/plugins\/seo\/ -->\n<title>Pracownik Dzia\u0142u Pomnik\u00f3w Historii - NID<\/title>\n<meta name=\"robots\" content=\"index, follow, max-snippet:-1, max-image-preview:large, max-video-preview:-1\" \/>\n<link rel=\"canonical\" href=\"https:\/\/nid.pl\/en\/2023\/10\/09\/pracownik-dzialu-pomnikow-historii\/\" \/>\n<meta property=\"og:locale\" content=\"en_GB\" \/>\n<meta property=\"og:type\" content=\"article\" \/>\n<meta property=\"og:title\" content=\"Pracownik Dzia\u0142u Pomnik\u00f3w Historii - NID\" \/>\n<meta property=\"og:description\" content=\"Termin sk\u0142adania dokument\u00f3w: 27 pa\u017adziernika 2023 roku\" \/>\n<meta property=\"og:url\" content=\"https:\/\/nid.pl\/en\/2023\/10\/09\/pracownik-dzialu-pomnikow-historii\/\" \/>\n<meta property=\"og:site_name\" content=\"NID\" \/>\n<meta property=\"article:publisher\" content=\"https:\/\/www.facebook.com\/zabytek\" \/>\n<meta property=\"article:published_time\" content=\"2023-10-09T08:10:18+00:00\" \/>\n<meta property=\"article:modified_time\" content=\"2023-11-23T09:07:29+00:00\" \/>\n<meta name=\"author\" content=\"Barbara Halliop\" \/>\n<meta name=\"twitter:card\" content=\"summary_large_image\" \/>\n<meta name=\"twitter:creator\" content=\"@NarIDpl\" \/>\n<meta name=\"twitter:site\" content=\"@NarIDpl\" \/>\n<meta name=\"twitter:label1\" content=\"Written by\" \/>\n\t<meta name=\"twitter:data1\" content=\"Barbara Halliop\" \/>\n\t<meta name=\"twitter:label2\" content=\"Estimated reading time\" \/>\n\t<meta name=\"twitter:data2\" content=\"3 minutes\" \/>\n<script type=\"application\/ld+json\" class=\"yoast-schema-graph\">{\"@context\":\"https:\/\/schema.org\",\"@graph\":[{\"@type\":\"Article\",\"@id\":\"https:\/\/nid.pl\/2023\/10\/09\/pracownik-dzialu-pomnikow-historii\/#article\",\"isPartOf\":{\"@id\":\"https:\/\/nid.pl\/2023\/10\/09\/pracownik-dzialu-pomnikow-historii\/\"},\"author\":{\"name\":\"Barbara Halliop\",\"@id\":\"https:\/\/nid.pl\/#\/schema\/person\/1b690a8998a5111cfb9f0ffe24195a15\"},\"headline\":\"Pracownik Dzia\u0142u Pomnik\u00f3w Historii\",\"datePublished\":\"2023-10-09T08:10:18+00:00\",\"dateModified\":\"2023-11-23T09:07:29+00:00\",\"mainEntityOfPage\":{\"@id\":\"https:\/\/nid.pl\/2023\/10\/09\/pracownik-dzialu-pomnikow-historii\/\"},\"wordCount\":677,\"publisher\":{\"@id\":\"https:\/\/nid.pl\/#organization\"},\"articleSection\":[\"Archiwum Praca\"],\"inLanguage\":\"en-GB\"},{\"@type\":\"WebPage\",\"@id\":\"https:\/\/nid.pl\/2023\/10\/09\/pracownik-dzialu-pomnikow-historii\/\",\"url\":\"https:\/\/nid.pl\/2023\/10\/09\/pracownik-dzialu-pomnikow-historii\/\",\"name\":\"Pracownik Dzia\u0142u Pomnik\u00f3w Historii - NID\",\"isPartOf\":{\"@id\":\"https:\/\/nid.pl\/#website\"},\"datePublished\":\"2023-10-09T08:10:18+00:00\",\"dateModified\":\"2023-11-23T09:07:29+00:00\",\"breadcrumb\":{\"@id\":\"https:\/\/nid.pl\/2023\/10\/09\/pracownik-dzialu-pomnikow-historii\/#breadcrumb\"},\"inLanguage\":\"en-GB\",\"potentialAction\":[{\"@type\":\"ReadAction\",\"target\":[\"https:\/\/nid.pl\/2023\/10\/09\/pracownik-dzialu-pomnikow-historii\/\"]}]},{\"@type\":\"BreadcrumbList\",\"@id\":\"https:\/\/nid.pl\/2023\/10\/09\/pracownik-dzialu-pomnikow-historii\/#breadcrumb\",\"itemListElement\":[{\"@type\":\"ListItem\",\"position\":1,\"name\":\"Home\",\"item\":\"https:\/\/nid.pl\/\"},{\"@type\":\"ListItem\",\"position\":2,\"name\":\"Pracownik Dzia\u0142u Pomnik\u00f3w Historii\"}]},{\"@type\":\"WebSite\",\"@id\":\"https:\/\/nid.pl\/#website\",\"url\":\"https:\/\/nid.pl\/\",\"name\":\"NID\",\"description\":\"Narodowy Instytut Dziedzictwa\",\"publisher\":{\"@id\":\"https:\/\/nid.pl\/#organization\"},\"potentialAction\":[{\"@type\":\"SearchAction\",\"target\":{\"@type\":\"EntryPoint\",\"urlTemplate\":\"https:\/\/nid.pl\/?s={search_term_string}\"},\"query-input\":{\"@type\":\"PropertyValueSpecification\",\"valueRequired\":true,\"valueName\":\"search_term_string\"}}],\"inLanguage\":\"en-GB\"},{\"@type\":\"Organization\",\"@id\":\"https:\/\/nid.pl\/#organization\",\"name\":\"Narodowy Instytut Dziedzictwa\",\"url\":\"https:\/\/nid.pl\/\",\"logo\":{\"@type\":\"ImageObject\",\"inLanguage\":\"en-GB\",\"@id\":\"https:\/\/nid.pl\/#\/schema\/logo\/image\/\",\"url\":\"https:\/\/nid.pl\/wp-content\/uploads\/2022\/10\/logoRedDark.png\",\"contentUrl\":\"https:\/\/nid.pl\/wp-content\/uploads\/2022\/10\/logoRedDark.png\",\"width\":200,\"height\":197,\"caption\":\"Narodowy Instytut Dziedzictwa\"},\"image\":{\"@id\":\"https:\/\/nid.pl\/#\/schema\/logo\/image\/\"},\"sameAs\":[\"https:\/\/www.facebook.com\/zabytek\",\"https:\/\/x.com\/NarIDpl\",\"https:\/\/www.instagram.com\/nid.pl\/?hl=pl\",\"https:\/\/www.linkedin.com\/company\/narodowy-instytut-dziedzictwa\",\"https:\/\/www.youtube.com\/channel\/UCQXuhKa2uHtmNvLRUSx40JA\"]},{\"@type\":\"Person\",\"@id\":\"https:\/\/nid.pl\/#\/schema\/person\/1b690a8998a5111cfb9f0ffe24195a15\",\"name\":\"Barbara Halliop\",\"image\":{\"@type\":\"ImageObject\",\"inLanguage\":\"en-GB\",\"@id\":\"https:\/\/nid.pl\/#\/schema\/person\/image\/\",\"url\":\"https:\/\/nid.pl\/wp-content\/litespeed\/avatar\/924046d17dd0c842c9fa9ccf489bc6dc.jpg?ver=1777444967\",\"contentUrl\":\"https:\/\/nid.pl\/wp-content\/litespeed\/avatar\/924046d17dd0c842c9fa9ccf489bc6dc.jpg?ver=1777444967\",\"caption\":\"Barbara Halliop\"},\"url\":\"https:\/\/nid.pl\/en\/author\/bhalliop\/\"}]}<\/script>\n<!-- \/ Yoast SEO plugin. -->","yoast_head_json":{"title":"Pracownik Dzia\u0142u Pomnik\u00f3w Historii - NID","robots":{"index":"index","follow":"follow","max-snippet":"max-snippet:-1","max-image-preview":"max-image-preview:large","max-video-preview":"max-video-preview:-1"},"canonical":"https:\/\/nid.pl\/en\/2023\/10\/09\/pracownik-dzialu-pomnikow-historii\/","og_locale":"en_GB","og_type":"article","og_title":"Pracownik Dzia\u0142u Pomnik\u00f3w Historii - NID","og_description":"Termin sk\u0142adania dokument\u00f3w: 27 pa\u017adziernika 2023 roku","og_url":"https:\/\/nid.pl\/en\/2023\/10\/09\/pracownik-dzialu-pomnikow-historii\/","og_site_name":"NID","article_publisher":"https:\/\/www.facebook.com\/zabytek","article_published_time":"2023-10-09T08:10:18+00:00","article_modified_time":"2023-11-23T09:07:29+00:00","author":"Barbara Halliop","twitter_card":"summary_large_image","twitter_creator":"@NarIDpl","twitter_site":"@NarIDpl","twitter_misc":{"Written by":"Barbara Halliop","Estimated reading time":"3 minutes"},"schema":{"@context":"https:\/\/schema.org","@graph":[{"@type":"Article","@id":"https:\/\/nid.pl\/2023\/10\/09\/pracownik-dzialu-pomnikow-historii\/#article","isPartOf":{"@id":"https:\/\/nid.pl\/2023\/10\/09\/pracownik-dzialu-pomnikow-historii\/"},"author":{"name":"Barbara Halliop","@id":"https:\/\/nid.pl\/#\/schema\/person\/1b690a8998a5111cfb9f0ffe24195a15"},"headline":"Pracownik Dzia\u0142u Pomnik\u00f3w Historii","datePublished":"2023-10-09T08:10:18+00:00","dateModified":"2023-11-23T09:07:29+00:00","mainEntityOfPage":{"@id":"https:\/\/nid.pl\/2023\/10\/09\/pracownik-dzialu-pomnikow-historii\/"},"wordCount":677,"publisher":{"@id":"https:\/\/nid.pl\/#organization"},"articleSection":["Archiwum Praca"],"inLanguage":"en-GB"},{"@type":"WebPage","@id":"https:\/\/nid.pl\/2023\/10\/09\/pracownik-dzialu-pomnikow-historii\/","url":"https:\/\/nid.pl\/2023\/10\/09\/pracownik-dzialu-pomnikow-historii\/","name":"Pracownik Dzia\u0142u Pomnik\u00f3w Historii - NID","isPartOf":{"@id":"https:\/\/nid.pl\/#website"},"datePublished":"2023-10-09T08:10:18+00:00","dateModified":"2023-11-23T09:07:29+00:00","breadcrumb":{"@id":"https:\/\/nid.pl\/2023\/10\/09\/pracownik-dzialu-pomnikow-historii\/#breadcrumb"},"inLanguage":"en-GB","potentialAction":[{"@type":"ReadAction","target":["https:\/\/nid.pl\/2023\/10\/09\/pracownik-dzialu-pomnikow-historii\/"]}]},{"@type":"BreadcrumbList","@id":"https:\/\/nid.pl\/2023\/10\/09\/pracownik-dzialu-pomnikow-historii\/#breadcrumb","itemListElement":[{"@type":"ListItem","position":1,"name":"Home","item":"https:\/\/nid.pl\/"},{"@type":"ListItem","position":2,"name":"Pracownik Dzia\u0142u Pomnik\u00f3w Historii"}]},{"@type":"WebSite","@id":"https:\/\/nid.pl\/#website","url":"https:\/\/nid.pl\/","name":"NID","description":"Narodowy Instytut Dziedzictwa","publisher":{"@id":"https:\/\/nid.pl\/#organization"},"potentialAction":[{"@type":"SearchAction","target":{"@type":"EntryPoint","urlTemplate":"https:\/\/nid.pl\/?s={search_term_string}"},"query-input":{"@type":"PropertyValueSpecification","valueRequired":true,"valueName":"search_term_string"}}],"inLanguage":"en-GB"},{"@type":"Organization","@id":"https:\/\/nid.pl\/#organization","name":"Narodowy Instytut Dziedzictwa","url":"https:\/\/nid.pl\/","logo":{"@type":"ImageObject","inLanguage":"en-GB","@id":"https:\/\/nid.pl\/#\/schema\/logo\/image\/","url":"https:\/\/nid.pl\/wp-content\/uploads\/2022\/10\/logoRedDark.png","contentUrl":"https:\/\/nid.pl\/wp-content\/uploads\/2022\/10\/logoRedDark.png","width":200,"height":197,"caption":"Narodowy Instytut Dziedzictwa"},"image":{"@id":"https:\/\/nid.pl\/#\/schema\/logo\/image\/"},"sameAs":["https:\/\/www.facebook.com\/zabytek","https:\/\/x.com\/NarIDpl","https:\/\/www.instagram.com\/nid.pl\/?hl=pl","https:\/\/www.linkedin.com\/company\/narodowy-instytut-dziedzictwa","https:\/\/www.youtube.com\/channel\/UCQXuhKa2uHtmNvLRUSx40JA"]},{"@type":"Person","@id":"https:\/\/nid.pl\/#\/schema\/person\/1b690a8998a5111cfb9f0ffe24195a15","name":"Barbara Halliop","image":{"@type":"ImageObject","inLanguage":"en-GB","@id":"https:\/\/nid.pl\/#\/schema\/person\/image\/","url":"https:\/\/nid.pl\/wp-content\/litespeed\/avatar\/924046d17dd0c842c9fa9ccf489bc6dc.jpg?ver=1777444967","contentUrl":"https:\/\/nid.pl\/wp-content\/litespeed\/avatar\/924046d17dd0c842c9fa9ccf489bc6dc.jpg?ver=1777444967","caption":"Barbara Halliop"},"url":"https:\/\/nid.pl\/en\/author\/bhalliop\/"}]}},"_links":{"self":[{"href":"https:\/\/nid.pl\/en\/wp-json\/wp\/v2\/posts\/14013","targetHints":{"allow":["GET"]}}],"collection":[{"href":"https:\/\/nid.pl\/en\/wp-json\/wp\/v2\/posts"}],"about":[{"href":"https:\/\/nid.pl\/en\/wp-json\/wp\/v2\/types\/post"}],"author":[{"embeddable":true,"href":"https:\/\/nid.pl\/en\/wp-json\/wp\/v2\/users\/7"}],"replies":[{"embeddable":true,"href":"https:\/\/nid.pl\/en\/wp-json\/wp\/v2\/comments?post=14013"}],"version-history":[{"count":0,"href":"https:\/\/nid.pl\/en\/wp-json\/wp\/v2\/posts\/14013\/revisions"}],"wp:attachment":[{"href":"https:\/\/nid.pl\/en\/wp-json\/wp\/v2\/media?parent=14013"}],"wp:term":[{"taxonomy":"category","embeddable":true,"href":"https:\/\/nid.pl\/en\/wp-json\/wp\/v2\/categories?post=14013"},{"taxonomy":"post_tag","embeddable":true,"href":"https:\/\/nid.pl\/en\/wp-json\/wp\/v2\/tags?post=14013"}],"curies":[{"name":"wp","href":"https:\/\/api.w.org\/{rel}","templated":true}]}}