{"id":13962,"date":"2023-10-16T15:16:00","date_gmt":"2023-10-16T13:16:00","guid":{"rendered":"https:\/\/nid.pl\/?p=13962"},"modified":"2023-12-05T16:36:00","modified_gmt":"2023-12-05T15:36:00","slug":"zabytki-i-prawo-cykl-wykladow","status":"publish","type":"post","link":"https:\/\/nid.pl\/en\/2023\/10\/16\/zabytki-i-prawo-cykl-wykladow\/","title":{"rendered":"\u201eZabytki i prawo\u201d: Cykl wyk\u0142ad\u00f3w online na 20-lecie Ustawy o ochronie zabytk\u00f3w i opiece nad zabytkami"},"content":{"rendered":"<p><strong>Narodowy Instytut Dziedzictwa zaprasza do udzia\u0142u w cyklu otwartych wyk\u0142ad\u00f3w online pod tytu\u0142em \u201eZabytki i Prawo&#8221; z udzia\u0142em czo\u0142owych polskich prawnik\u00f3w specjalizuj\u0105cych si\u0119 w ochronie zabytk\u00f3w. Pierwszy spotkanie ju\u017c 18 pa\u017adziernika!<\/strong><\/p>\n\n\n\n<p>Ustawa, przyj\u0119ta 23 lipca 2003 roku, odgrywa kluczow\u0105 rol\u0119 w kszta\u0142towaniu polityki ochrony zabytk\u00f3w w Polsce, wprowadzaj\u0105c ramy prawne. Okre\u015bla ona przedmiot, zakres i formy ochrony zabytk\u00f3w, zasady tworzenia krajowego programu ochrony zabytk\u00f3w i opieki nad zabytkami oraz finansowania prac konserwatorskich, restauratorskich i rob\u00f3t budowlanych przy zabytkach, a tak\u017ce organizacj\u0119 instytucji odpowiedzialnych za ochron\u0119 zabytk\u00f3w.<\/p>\n\n\n\n<p><em>Sfera ochrony zabytk\u00f3w jest niezwykle z\u0142o\u017cona, a zmieniaj\u0105ce si\u0119 uwarunkowania ci\u0105gle stawiaj\u0105 nowe wyzwania przed organami ochrony zabytk\u00f3w i ustawodawc\u0105. Obecnie, kiedy od momentu uchwalenia ustawy o ochronie zabytk\u00f3w i opiece nad zabytkami min\u0119\u0142y dwie dekady, a w tym czasie, wiele si\u0119 zmieni\u0142o w podej\u015bciu do dziedzictwa kulturowego, nast\u0105pi\u0142 skok technologiczny, a zmiany spo\u0142eczne nast\u0119puj\u0105 szybciej ni\u017c w poprzednich dziesi\u0119cioleciach, niezb\u0119dna sta\u0142a si\u0119 pog\u0142\u0119biona refleksja nad prawem ochrony zabytk\u00f3w w Polsce. W zwi\u0105zku z tym, cykl wyk\u0142ad\u00f3w \u201eZabytki i prawo\u201d b\u0119dzie okazj\u0105 do refleksji nad obecnym stanem prawnej ochrony zabytk\u00f3w w Polsce, a tak\u017ce do rozwa\u017cenia przysz\u0142o\u015bci oraz niezb\u0119dnych zmian legislacyjnych. Wyk\u0142ady wyg\u0142osz\u0105 czo\u0142owi polscy prawnicy zajmuj\u0105cy si\u0119 nin. problematyk\u0105, prezentuj\u0105c najbardziej aktualne zagadnienia zwi\u0105zane z prawn\u0105 ochron\u0105 dziedzictwa kultury<\/em> \u2013 powiedzia\u0142a dr hab. Katarzyna Zalasi\u0144ska, dyrektor Narodowego Instytutu Dziedzictwa, inicjatorka wyk\u0142ad\u00f3w \u201eZabytki i prawo\u201d.<\/p>\n\n\n\n<p>Cykl wyk\u0142ad\u00f3w \u201eZabytki i Prawo&#8221; jest otwarty dla wszystkich zainteresowanych tematyk\u0105 dziedzictwa kulturowego, ochrony zabytk\u00f3w i prawa. Wyk\u0142ady b\u0119d\u0105 dost\u0119pne online, po wcze\u015bniejszej rejestracji.<\/p>\n\n\n\n<p><strong>Harmonogram wyk\u0142ad\u00f3w:<\/strong><\/p>\n\n\n\n<ul class=\"wp-block-list\">\n<li><strong>Termin: <\/strong>18 pa\u017adziernika 2023 r., godz. 18:00<\/li>\n<\/ul>\n\n\n\n<p><strong>Prelegent:<\/strong> dr Aleksander Jakubowski, Uniwersytet Warszawski<br><strong>Temat:<\/strong> Co dalej z gminn\u0105 ewidencj\u0105 zabytk\u00f3w? Stan po wyroku Trybuna\u0142u Konstytucyjnego z 11.05.2023<br><strong>Link do nagrania wyk\u0142adu:<\/strong> <a href=\"https:\/\/www.youtube.com\/watch?v=Tts5fvIGg-0\">&lt;tutaj&gt;<\/a><\/p>\n\n\n\n<p><\/p>\n\n\n\n<ul class=\"wp-block-list\">\n<li><strong>Termin<\/strong>: 25 pa\u017adziernika 2023 r., godz. 18:00<\/li>\n<\/ul>\n\n\n\n<p><strong>Prelegent<\/strong>: prof. dr hab. Maciej Trzci\u0144ski, Uniwersytet Wroc\u0142awski<br><strong>Temat<\/strong>: Problemy ze stosowaniem przepis\u00f3w karnych w zakresie ochrony dziedzictwa kultury<br><strong>Link do nagrania wyk\u0142adu:<\/strong> <a href=\"http:\/\/youtu.be\/4djWn2fdjZQ?si=FPKj10E7dqLumRuJ\">&lt;tutaj&gt;<\/a><\/p>\n\n\n\n<p><\/p>\n\n\n\n<ul class=\"wp-block-list\">\n<li><strong>Termin<\/strong>: 8 listopada 2023 r., godz. 18:00<\/li>\n<\/ul>\n\n\n\n<p><strong>Prelegent<\/strong>: dr Katarzyna Lenczowska-Sobo\u0144, Uniwersytet Marii Curie-Sk\u0142odowskiej w Lublinie<br><strong>Temat<\/strong>: Pranie pieni\u0119dzy na rynku dzie\u0142 sztuki<br><strong>Link do nagrania wyk\u0142adu:<\/strong> <a href=\"https:\/\/events.teams.microsoft.com\/event\/d607d133-418d-4fa1-a2b3-2a867f9585ab@263a2be6-39c0-4c4d-9b57-59437c69146e\">&lt;tutaj<\/a><a href=\"https:\/\/www.youtube.com\/watch?v=rOcRXdjWJ8Y\">&gt;<\/a><\/p>\n\n\n\n<p><\/p>\n\n\n\n<ul class=\"wp-block-list\">\n<li><strong>Termin<\/strong>: 15 listopada 2023 r., godz. 18:00<\/li>\n<\/ul>\n\n\n\n<p><strong>Prelegent<\/strong>: dr hab. Wojciech Szafra\u0144ski, prof. Uniwersytetu im. Adama Mickiewicza w Poznaniu<br><strong>Temat<\/strong>: Nowy <em>level <\/em>regulacji obrotu dobrami kultury \u2013 mi\u0119dzy ustaw\u0105 z 2003 r. a projektowan\u0105 ustaw\u0105<br><strong>Link do nagrania wyk\u0142adu:<\/strong> <a href=\"https:\/\/events.teams.microsoft.com\/event\/965348b3-7034-47f4-8338-f73a98f8c45d@263a2be6-39c0-4c4d-9b57-59437c69146e\">&lt;tut<\/a><a href=\"https:\/\/www.youtube.com\/watch?v=IBrz68dv-_E\">aj&gt;<\/a><\/p>\n\n\n\n<p><\/p>\n\n\n\n<ul class=\"wp-block-list\">\n<li><strong>Termin<\/strong>: 22 listopada 2023 r., godz. 18:00<\/li>\n<\/ul>\n\n\n\n<p><strong>Prelegent<\/strong>: dr Alicja Jagielska-Burduk, Uniwersytet Opolski<br><strong>Temat<\/strong>: (Nie)typowe dziedzictwo<br><strong>Link do nagrania wyk\u0142adu:<\/strong> <a href=\"https:\/\/www.youtube.com\/watch?v=O0u9BdPioWk\">&lt;tutaj&gt;<\/a><\/p>\n\n\n\n<p><\/p>\n\n\n\n<ul class=\"wp-block-list\">\n<li><strong>Termin<\/strong>: 29 listopada 2023 r., godz. 18:00<\/li>\n<\/ul>\n\n\n\n<p><strong>Prelegent<\/strong>: prof. dr hab. Piotr Dobosz, Uniwersytet Jagiello\u0144ski<br><strong>Temat<\/strong>: System prawa ochrony zabytk\u00f3w i prawa kszta\u0142towania i ochrony dziedzictwa kulturowego w kontek\u015bcie niematerialnego dziedzictwa kulturowego<br><strong>Link do nagrania wyk\u0142adu:<\/strong> <a href=\"https:\/\/www.youtube.com\/watch?v=B_ae49nkJZI\">&lt;tut<\/a><a href=\"https:\/\/events.teams.microsoft.com\/event\/00f65844-fd33-4812-9aa0-c35085550832@263a2be6-39c0-4c4d-9b57-59437c69146e\">aj><\/a><\/p>\n\n\n\n<p><\/p>\n\n\n\n<ul class=\"wp-block-list\">\n<li><strong>Termin<\/strong>: 6 grudnia 2023 r., godz. 18:00<\/li>\n<\/ul>\n\n\n\n<p><strong>Prelegent<\/strong>: dr hab. Katarzyna Zalasi\u0144ska, Uniwersytet Warszawski, dyrektor Narodowego Instytutu Dziedzictwa<br><strong>Temat<\/strong>: Pocz\u0105tek ko\u0144ca czy koniec pocz\u0105tku zmian systemowych w ochronie zabytk\u00f3w?<br><strong>Link do rejestracji:<\/strong> <a href=\"https:\/\/events.teams.microsoft.com\/event\/8b9f7b4b-addd-45d8-aaeb-82c6f7301c3e@263a2be6-39c0-4c4d-9b57-59437c69146e\">&lt;tutaj><\/a><\/p>\n\n\n\n<p><\/p>\n\n\n\n<p>Wyk\u0142ady odbywaj\u0105 si\u0119 w formule online na platformie Teams.<\/p>\n\n\n\n<p><strong>Koordynacja merytoryczna i prowadzenie:<\/strong> dr hab. Katarzyna Zalasi\u0144ska, dyrektor Narodowego Instytutu Dziedzictwa<\/p>\n\n\n\n<p><strong>Organizacja cyklu:<\/strong> Patrycja Jastrz\u0119bska, Koordynator ds. projekt\u00f3w edukacyjnych Narodowego Instytutu Dziedzictwa<\/p>\n\n\n\n<p><\/p>\n\n\n\n<p><strong>Prelegenci cyklu wyk\u0142ad\u00f3w online na 20-lecie Ustawy o ochronie zabytk\u00f3w i opiece nad zabytkami \u201eZabytki i prawo\u201d<\/strong>:<\/p>\n\n\n\n<p><strong>dr Aleksander Jakubowski<\/strong> &#8211; doktor nauk prawnych, adiunkt w Katedrze Prawa i Post\u0119powania Administracyjnego na Wydziale Prawa i Administracji UW, dyrektor ds. kszta\u0142cenia Uniwersyteckiego Centrum Bada\u0144 na \u015arodowiskiem Przyrodniczym i Zr\u00f3wnowa\u017conym Rozwojem UW, zast\u0119pca przewodnicz\u0105cego Rady Naukowej Dyscypliny Nauki Prawne UW. Radca prawny, wcze\u015bniej asystent s\u0119dziego w Naczelnym S\u0105dzie Administracyjnym. Ekspert Polskiej Komisji Akredytacyjnej, laureat stypendium Ministra Nauki i Szkolnictwa Wy\u017cszego dla wybitnych m\u0142odych naukowc\u00f3w, stypendysta i kierownik grant\u00f3w Narodowego Centrum Nauki. Swoimi badaniami obejmuje m.in. problematyk\u0119 prawn\u0105 gminnej ewidencji zabytk\u00f3w oraz ich ochrony w ramach planowania przestrzennego.<\/p>\n\n\n\n<p><strong>prof. dr hab. Maciej Trzci\u0144ski<\/strong> &#8211; prawnik i archeolog, profesor Uniwersytetu Wroc\u0142awskiego; kierownik Katedry Kryminalistyki na Wydziale Prawa,<br>Administracji i Ekonomii Uniwersytetu Wroc\u0142awskiego oraz kierownik Mi\u0119dzywydzia\u0142owych Studi\u00f3w Podyplomowych Archeologii S\u0105dowej na Uniwersytecie Wroc\u0142awskim; autor wielu publikacji z zakresu kryminalistyki i archeologii s\u0105dowej. Zasadniczy obszar zainteresowa\u0144 badawczych jest szeroko rozumiana problematyka ochrony prawnej dziedzictwa kulturowego, ze szczeg\u00f3lnym uwzgl\u0119dnieniem przest\u0119pczo\u015bci skierowanej przeciwko zabytkom. Obok tego nurtu badawczego zajmuje si\u0119 praktycznym zastosowaniem nauk s\u0105dowych zw\u0142aszcza, archeologii s\u0105dowej. Cz\u0142onek Rady Ochrony Zabytk\u00f3w oraz Rady Ochrony Dziedzictwa Archeologicznego, zast\u0119pca przewodnicz\u0105cego rady naukowej Polskiego Towarzystwa Kryminalistycznego, cz\u0142onek Stowarzyszenia Naukowego Archeolog\u00f3w Polskich, cz\u0142onek European Network of Forensic Science Institutes oraz cz\u0142onek ICOM Poland. Odznaczony Br\u0105zowym Medalem \u201eZas\u0142u\u017cony Kulturze Gloria Artis\u201d oraz Z\u0142ot\u0105 odznak\u0105 za ochron\u0119 zabytk\u00f3w.<\/p>\n\n\n\n<p><strong>dr Katarzyna Lenczowska-Sobo\u0144<\/strong> &#8211; prokurator Prokuratury Okr\u0119gowej w Lublinie, Adiunkt na Wydziale Prawa i Administracji Uniwersytetu Marii Curie &#8211; Sk\u0142odowskiej w Lublinie, zast\u0119pca redaktora naczelnego Kwartalnika Krajowej Szko\u0142y S\u0105downictwa i Prokuratury, cz\u0142onek Zespo\u0142u Analiz Systemowych w Kancelarii Prezydenta RP, koordynator ds. przest\u0119pczo\u015bci przeciwko zabytkom oraz przest\u0119pstw prania pieni\u0119dzy.<\/p>\n\n\n\n<p><strong>dr hab. Wojciech Szafra\u0144ski <\/strong>&#8211; prof. UAM dr hab., wyk\u0142adowca na Wydziale Praw i Administracji Uniwersytetu im. Adama Mickiewicza w Poznaniu i w Instytucie Historii Sztuki Uniwersytetu Jagiello\u0144skiego w Krakowie, specjalizuje si\u0119 w prawie ochrony dziedzictwa kulturowego. Rzeczoznawca Ministra Kultury i Dziedzictwa Narodowego w zakresie ocen i wycen zabytk\u00f3w. Cz\u0142onek Polskiego Komitetu ds. UNESCO&nbsp; oraz&nbsp;UNESCO Chair on Cultural Property Law.&nbsp;<\/p>\n\n\n\n<p><strong>dr Alicja Jagielska-Burduk<\/strong> &#8211; dr nauk prawnych, absolwent studi\u00f3w MBA, ekspert z zakresu szeroko rozumianego prawa kultury i rynku sztuki. Jest kierownikiem Centrum Prawa Ochrony D\u00f3br Kultury UNESCO (UNESCO Chair on Cultural Property Law) na Wydziale Prawa i Administracji na Uniwersytecie Opolskim, cz\u0142onkiem zarz\u0105du oraz wsp\u00f3\u0142przewodnicz\u0105c\u0105 sekcji prawnej (TIAMSA legal) Mi\u0119dzynarodowego Stowarzyszenia Bada\u0144 nad Rynkiem Sztuki (The International Art Market Studies Association) zrzeszaj\u0105cego praktyk\u00f3w i badaczy rynku sztuki oraz redaktorem naczelnym \u201eSantander Art and Culture Law Review\u201d. W 2020 r. zosta\u0142a przyj\u0119ta na list\u0119 arbitr\u00f3w S\u0105du Arbitra\u017cowego ds. Sztuki w Hadze (Court of Arbitration for Art). By\u0142a stypendystk\u0105 Mi\u0119dzynarodowego Instytutu Unifikacji Prawa Prywatnego w Rzymie (UNIDROIT).<\/p>\n\n\n\n<p><strong>prof. dr hab. Piotr Dobosz <\/strong>&#8211; profesor Uniwersytetu Jagiello\u0144skiego; w badaniach naukowych i publikacjach zajmuje si\u0119 zagadnieniami prawa administracyjnego, prawa samorz\u0105du terytorialnego, prawa ochrony zabytk\u00f3w, nauki administracji, historii prawa administracyjnego i ustroju konserwatorstwa polskiego.<\/p>\n\n\n\n<p><strong>dr hab. Katarzyna Zalasi\u0144ska <\/strong>&#8211; Dyrektor Narodowego Instytutu Dziedzictwa, doktor habilitowana nauk prawnych, nauczyciel akademicki, autorka monografii i artyku\u0142\u00f3w naukowych. Specjalizuje si\u0119 w prawie ochrony zabytk\u00f3w, dzia\u0142alno\u015bci muze\u00f3w, bibliotek i archiw\u00f3w oraz obrotu dzie\u0142 sztuki. Cz\u0142onek Polskiego Komitetu Narodowego Mi\u0119dzynarodowej Rady Muze\u00f3w ICOM, Polskiego Komitetu Narodowego Mi\u0119dzynarodowej Rady Ochrony Zabytk\u00f3w ICOMOS. Tematyka jej publikacji naukowych zwi\u0105zana jest g\u0142\u00f3wnie z prawnymi aspektami funkcjonowania systemu ochrony dziedzictwa kulturowego.&nbsp;<\/p>\n\n\n\n<p><br><\/p>","protected":false},"excerpt":{"rendered":"<p>Narodowy Instytut Dziedzictwa zaprasza do udzia\u0142u w cyklu otwartych wyk\u0142ad\u00f3w online pod tytu\u0142em \u201eZabytki i Prawo&#8221; z udzia\u0142em czo\u0142owych polskich prawnik\u00f3w specjalizuj\u0105cych si\u0119 w ochronie zabytk\u00f3w. Pierwszy spotkanie ju\u017c 18 [&hellip;]<\/p>","protected":false},"author":7,"featured_media":14214,"comment_status":"closed","ping_status":"closed","sticky":false,"template":"","format":"standard","meta":{"_et_pb_use_builder":"off","_et_pb_old_content":"","_et_gb_content_width":"","_monsterinsights_skip_tracking":false,"_monsterinsights_sitenote_active":false,"_monsterinsights_sitenote_note":"","_monsterinsights_sitenote_category":0,"footnotes":""},"categories":[3],"tags":[],"class_list":["post-13962","post","type-post","status-publish","format-standard","has-post-thumbnail","hentry","category-aktualnosci"],"yoast_head":"<!-- This site is optimized with the Yoast SEO plugin v26.5 - https:\/\/yoast.com\/wordpress\/plugins\/seo\/ -->\n<title>\u201eZabytki i prawo\u201d: Cykl wyk\u0142ad\u00f3w online na 20-lecie Ustawy o ochronie zabytk\u00f3w i opiece nad zabytkami - NID<\/title>\n<meta name=\"robots\" content=\"index, follow, max-snippet:-1, max-image-preview:large, max-video-preview:-1\" \/>\n<link rel=\"canonical\" href=\"https:\/\/nid.pl\/en\/2023\/10\/16\/zabytki-i-prawo-cykl-wykladow\/\" \/>\n<meta property=\"og:locale\" content=\"en_GB\" \/>\n<meta property=\"og:type\" content=\"article\" \/>\n<meta property=\"og:title\" content=\"\u201eZabytki i prawo\u201d: Cykl wyk\u0142ad\u00f3w online na 20-lecie Ustawy o ochronie zabytk\u00f3w i opiece nad zabytkami - NID\" \/>\n<meta property=\"og:description\" content=\"Narodowy Instytut Dziedzictwa zaprasza do udzia\u0142u w cyklu otwartych wyk\u0142ad\u00f3w online pod tytu\u0142em \u201eZabytki i Prawo&#8221; z udzia\u0142em czo\u0142owych polskich prawnik\u00f3w specjalizuj\u0105cych si\u0119 w ochronie zabytk\u00f3w. Pierwszy spotkanie ju\u017c 18 [&hellip;]\" \/>\n<meta property=\"og:url\" content=\"https:\/\/nid.pl\/en\/2023\/10\/16\/zabytki-i-prawo-cykl-wykladow\/\" \/>\n<meta property=\"og:site_name\" content=\"NID\" \/>\n<meta property=\"article:publisher\" content=\"https:\/\/www.facebook.com\/zabytek\" \/>\n<meta property=\"article:published_time\" content=\"2023-10-16T13:16:00+00:00\" \/>\n<meta property=\"article:modified_time\" content=\"2023-12-05T15:36:00+00:00\" \/>\n<meta property=\"og:image\" content=\"https:\/\/nid.pl\/wp-content\/uploads\/2023\/10\/miniaturka-aktualnosci-NID3-2.jpg\" \/>\n\t<meta property=\"og:image:width\" content=\"1850\" \/>\n\t<meta property=\"og:image:height\" content=\"1238\" \/>\n\t<meta property=\"og:image:type\" content=\"image\/jpeg\" \/>\n<meta name=\"author\" content=\"Barbara Halliop\" \/>\n<meta name=\"twitter:card\" content=\"summary_large_image\" \/>\n<meta name=\"twitter:creator\" content=\"@NarIDpl\" \/>\n<meta name=\"twitter:site\" content=\"@NarIDpl\" \/>\n<meta name=\"twitter:label1\" content=\"Written by\" \/>\n\t<meta name=\"twitter:data1\" content=\"Barbara Halliop\" \/>\n\t<meta name=\"twitter:label2\" content=\"Estimated reading time\" \/>\n\t<meta name=\"twitter:data2\" content=\"5 minutes\" \/>\n<script type=\"application\/ld+json\" class=\"yoast-schema-graph\">{\"@context\":\"https:\/\/schema.org\",\"@graph\":[{\"@type\":\"Article\",\"@id\":\"https:\/\/nid.pl\/2023\/10\/16\/zabytki-i-prawo-cykl-wykladow\/#article\",\"isPartOf\":{\"@id\":\"https:\/\/nid.pl\/2023\/10\/16\/zabytki-i-prawo-cykl-wykladow\/\"},\"author\":{\"name\":\"Barbara Halliop\",\"@id\":\"https:\/\/nid.pl\/#\/schema\/person\/1b690a8998a5111cfb9f0ffe24195a15\"},\"headline\":\"\u201eZabytki i prawo\u201d: Cykl wyk\u0142ad\u00f3w online na 20-lecie Ustawy o ochronie zabytk\u00f3w i opiece nad zabytkami\",\"datePublished\":\"2023-10-16T13:16:00+00:00\",\"dateModified\":\"2023-12-05T15:36:00+00:00\",\"mainEntityOfPage\":{\"@id\":\"https:\/\/nid.pl\/2023\/10\/16\/zabytki-i-prawo-cykl-wykladow\/\"},\"wordCount\":1242,\"publisher\":{\"@id\":\"https:\/\/nid.pl\/#organization\"},\"image\":{\"@id\":\"https:\/\/nid.pl\/2023\/10\/16\/zabytki-i-prawo-cykl-wykladow\/#primaryimage\"},\"thumbnailUrl\":\"https:\/\/nid.pl\/wp-content\/uploads\/2023\/10\/miniaturka-aktualnosci-NID3-2.jpg\",\"articleSection\":[\"Aktualno\u015bci\"],\"inLanguage\":\"en-GB\"},{\"@type\":\"WebPage\",\"@id\":\"https:\/\/nid.pl\/2023\/10\/16\/zabytki-i-prawo-cykl-wykladow\/\",\"url\":\"https:\/\/nid.pl\/2023\/10\/16\/zabytki-i-prawo-cykl-wykladow\/\",\"name\":\"\u201eZabytki i prawo\u201d: Cykl wyk\u0142ad\u00f3w online na 20-lecie Ustawy o ochronie zabytk\u00f3w i opiece nad zabytkami - NID\",\"isPartOf\":{\"@id\":\"https:\/\/nid.pl\/#website\"},\"primaryImageOfPage\":{\"@id\":\"https:\/\/nid.pl\/2023\/10\/16\/zabytki-i-prawo-cykl-wykladow\/#primaryimage\"},\"image\":{\"@id\":\"https:\/\/nid.pl\/2023\/10\/16\/zabytki-i-prawo-cykl-wykladow\/#primaryimage\"},\"thumbnailUrl\":\"https:\/\/nid.pl\/wp-content\/uploads\/2023\/10\/miniaturka-aktualnosci-NID3-2.jpg\",\"datePublished\":\"2023-10-16T13:16:00+00:00\",\"dateModified\":\"2023-12-05T15:36:00+00:00\",\"breadcrumb\":{\"@id\":\"https:\/\/nid.pl\/2023\/10\/16\/zabytki-i-prawo-cykl-wykladow\/#breadcrumb\"},\"inLanguage\":\"en-GB\",\"potentialAction\":[{\"@type\":\"ReadAction\",\"target\":[\"https:\/\/nid.pl\/2023\/10\/16\/zabytki-i-prawo-cykl-wykladow\/\"]}]},{\"@type\":\"ImageObject\",\"inLanguage\":\"en-GB\",\"@id\":\"https:\/\/nid.pl\/2023\/10\/16\/zabytki-i-prawo-cykl-wykladow\/#primaryimage\",\"url\":\"https:\/\/nid.pl\/wp-content\/uploads\/2023\/10\/miniaturka-aktualnosci-NID3-2.jpg\",\"contentUrl\":\"https:\/\/nid.pl\/wp-content\/uploads\/2023\/10\/miniaturka-aktualnosci-NID3-2.jpg\",\"width\":1850,\"height\":1238,\"caption\":\"18 pa\u017adziernika: Wyk\u0142ad online. Co dalej z gminn\u0105 ewidencj\u0105 zabytk\u00f3w? Stan po wyroku Trybuna\u0142u Konstytucyjnego z 11.05.2023 r.\"},{\"@type\":\"BreadcrumbList\",\"@id\":\"https:\/\/nid.pl\/2023\/10\/16\/zabytki-i-prawo-cykl-wykladow\/#breadcrumb\",\"itemListElement\":[{\"@type\":\"ListItem\",\"position\":1,\"name\":\"Home\",\"item\":\"https:\/\/nid.pl\/\"},{\"@type\":\"ListItem\",\"position\":2,\"name\":\"\u201eZabytki i prawo\u201d: Cykl wyk\u0142ad\u00f3w online na 20-lecie Ustawy o ochronie zabytk\u00f3w i opiece nad zabytkami\"}]},{\"@type\":\"WebSite\",\"@id\":\"https:\/\/nid.pl\/#website\",\"url\":\"https:\/\/nid.pl\/\",\"name\":\"NID\",\"description\":\"Narodowy Instytut Dziedzictwa\",\"publisher\":{\"@id\":\"https:\/\/nid.pl\/#organization\"},\"potentialAction\":[{\"@type\":\"SearchAction\",\"target\":{\"@type\":\"EntryPoint\",\"urlTemplate\":\"https:\/\/nid.pl\/?s={search_term_string}\"},\"query-input\":{\"@type\":\"PropertyValueSpecification\",\"valueRequired\":true,\"valueName\":\"search_term_string\"}}],\"inLanguage\":\"en-GB\"},{\"@type\":\"Organization\",\"@id\":\"https:\/\/nid.pl\/#organization\",\"name\":\"Narodowy Instytut Dziedzictwa\",\"url\":\"https:\/\/nid.pl\/\",\"logo\":{\"@type\":\"ImageObject\",\"inLanguage\":\"en-GB\",\"@id\":\"https:\/\/nid.pl\/#\/schema\/logo\/image\/\",\"url\":\"https:\/\/nid.pl\/wp-content\/uploads\/2022\/10\/logoRedDark.png\",\"contentUrl\":\"https:\/\/nid.pl\/wp-content\/uploads\/2022\/10\/logoRedDark.png\",\"width\":200,\"height\":197,\"caption\":\"Narodowy Instytut Dziedzictwa\"},\"image\":{\"@id\":\"https:\/\/nid.pl\/#\/schema\/logo\/image\/\"},\"sameAs\":[\"https:\/\/www.facebook.com\/zabytek\",\"https:\/\/x.com\/NarIDpl\",\"https:\/\/www.instagram.com\/nid.pl\/?hl=pl\",\"https:\/\/www.linkedin.com\/company\/narodowy-instytut-dziedzictwa\",\"https:\/\/www.youtube.com\/channel\/UCQXuhKa2uHtmNvLRUSx40JA\"]},{\"@type\":\"Person\",\"@id\":\"https:\/\/nid.pl\/#\/schema\/person\/1b690a8998a5111cfb9f0ffe24195a15\",\"name\":\"Barbara Halliop\",\"image\":{\"@type\":\"ImageObject\",\"inLanguage\":\"en-GB\",\"@id\":\"https:\/\/nid.pl\/#\/schema\/person\/image\/\",\"url\":\"https:\/\/nid.pl\/wp-content\/litespeed\/avatar\/924046d17dd0c842c9fa9ccf489bc6dc.jpg?ver=1777444967\",\"contentUrl\":\"https:\/\/nid.pl\/wp-content\/litespeed\/avatar\/924046d17dd0c842c9fa9ccf489bc6dc.jpg?ver=1777444967\",\"caption\":\"Barbara Halliop\"},\"url\":\"https:\/\/nid.pl\/en\/author\/bhalliop\/\"}]}<\/script>\n<!-- \/ Yoast SEO plugin. -->","yoast_head_json":{"title":"\u201eZabytki i prawo\u201d: Cykl wyk\u0142ad\u00f3w online na 20-lecie Ustawy o ochronie zabytk\u00f3w i opiece nad zabytkami - NID","robots":{"index":"index","follow":"follow","max-snippet":"max-snippet:-1","max-image-preview":"max-image-preview:large","max-video-preview":"max-video-preview:-1"},"canonical":"https:\/\/nid.pl\/en\/2023\/10\/16\/zabytki-i-prawo-cykl-wykladow\/","og_locale":"en_GB","og_type":"article","og_title":"\u201eZabytki i prawo\u201d: Cykl wyk\u0142ad\u00f3w online na 20-lecie Ustawy o ochronie zabytk\u00f3w i opiece nad zabytkami - NID","og_description":"Narodowy Instytut Dziedzictwa zaprasza do udzia\u0142u w cyklu otwartych wyk\u0142ad\u00f3w online pod tytu\u0142em \u201eZabytki i Prawo&#8221; z udzia\u0142em czo\u0142owych polskich prawnik\u00f3w specjalizuj\u0105cych si\u0119 w ochronie zabytk\u00f3w. Pierwszy spotkanie ju\u017c 18 [&hellip;]","og_url":"https:\/\/nid.pl\/en\/2023\/10\/16\/zabytki-i-prawo-cykl-wykladow\/","og_site_name":"NID","article_publisher":"https:\/\/www.facebook.com\/zabytek","article_published_time":"2023-10-16T13:16:00+00:00","article_modified_time":"2023-12-05T15:36:00+00:00","og_image":[{"width":1850,"height":1238,"url":"https:\/\/nid.pl\/wp-content\/uploads\/2023\/10\/miniaturka-aktualnosci-NID3-2.jpg","type":"image\/jpeg"}],"author":"Barbara Halliop","twitter_card":"summary_large_image","twitter_creator":"@NarIDpl","twitter_site":"@NarIDpl","twitter_misc":{"Written by":"Barbara Halliop","Estimated reading time":"5 minutes"},"schema":{"@context":"https:\/\/schema.org","@graph":[{"@type":"Article","@id":"https:\/\/nid.pl\/2023\/10\/16\/zabytki-i-prawo-cykl-wykladow\/#article","isPartOf":{"@id":"https:\/\/nid.pl\/2023\/10\/16\/zabytki-i-prawo-cykl-wykladow\/"},"author":{"name":"Barbara Halliop","@id":"https:\/\/nid.pl\/#\/schema\/person\/1b690a8998a5111cfb9f0ffe24195a15"},"headline":"\u201eZabytki i prawo\u201d: Cykl wyk\u0142ad\u00f3w online na 20-lecie Ustawy o ochronie zabytk\u00f3w i opiece nad zabytkami","datePublished":"2023-10-16T13:16:00+00:00","dateModified":"2023-12-05T15:36:00+00:00","mainEntityOfPage":{"@id":"https:\/\/nid.pl\/2023\/10\/16\/zabytki-i-prawo-cykl-wykladow\/"},"wordCount":1242,"publisher":{"@id":"https:\/\/nid.pl\/#organization"},"image":{"@id":"https:\/\/nid.pl\/2023\/10\/16\/zabytki-i-prawo-cykl-wykladow\/#primaryimage"},"thumbnailUrl":"https:\/\/nid.pl\/wp-content\/uploads\/2023\/10\/miniaturka-aktualnosci-NID3-2.jpg","articleSection":["Aktualno\u015bci"],"inLanguage":"en-GB"},{"@type":"WebPage","@id":"https:\/\/nid.pl\/2023\/10\/16\/zabytki-i-prawo-cykl-wykladow\/","url":"https:\/\/nid.pl\/2023\/10\/16\/zabytki-i-prawo-cykl-wykladow\/","name":"\u201eZabytki i prawo\u201d: Cykl wyk\u0142ad\u00f3w online na 20-lecie Ustawy o ochronie zabytk\u00f3w i opiece nad zabytkami - NID","isPartOf":{"@id":"https:\/\/nid.pl\/#website"},"primaryImageOfPage":{"@id":"https:\/\/nid.pl\/2023\/10\/16\/zabytki-i-prawo-cykl-wykladow\/#primaryimage"},"image":{"@id":"https:\/\/nid.pl\/2023\/10\/16\/zabytki-i-prawo-cykl-wykladow\/#primaryimage"},"thumbnailUrl":"https:\/\/nid.pl\/wp-content\/uploads\/2023\/10\/miniaturka-aktualnosci-NID3-2.jpg","datePublished":"2023-10-16T13:16:00+00:00","dateModified":"2023-12-05T15:36:00+00:00","breadcrumb":{"@id":"https:\/\/nid.pl\/2023\/10\/16\/zabytki-i-prawo-cykl-wykladow\/#breadcrumb"},"inLanguage":"en-GB","potentialAction":[{"@type":"ReadAction","target":["https:\/\/nid.pl\/2023\/10\/16\/zabytki-i-prawo-cykl-wykladow\/"]}]},{"@type":"ImageObject","inLanguage":"en-GB","@id":"https:\/\/nid.pl\/2023\/10\/16\/zabytki-i-prawo-cykl-wykladow\/#primaryimage","url":"https:\/\/nid.pl\/wp-content\/uploads\/2023\/10\/miniaturka-aktualnosci-NID3-2.jpg","contentUrl":"https:\/\/nid.pl\/wp-content\/uploads\/2023\/10\/miniaturka-aktualnosci-NID3-2.jpg","width":1850,"height":1238,"caption":"18 pa\u017adziernika: Wyk\u0142ad online. Co dalej z gminn\u0105 ewidencj\u0105 zabytk\u00f3w? Stan po wyroku Trybuna\u0142u Konstytucyjnego z 11.05.2023 r."},{"@type":"BreadcrumbList","@id":"https:\/\/nid.pl\/2023\/10\/16\/zabytki-i-prawo-cykl-wykladow\/#breadcrumb","itemListElement":[{"@type":"ListItem","position":1,"name":"Home","item":"https:\/\/nid.pl\/"},{"@type":"ListItem","position":2,"name":"\u201eZabytki i prawo\u201d: Cykl wyk\u0142ad\u00f3w online na 20-lecie Ustawy o ochronie zabytk\u00f3w i opiece nad zabytkami"}]},{"@type":"WebSite","@id":"https:\/\/nid.pl\/#website","url":"https:\/\/nid.pl\/","name":"NID","description":"Narodowy Instytut Dziedzictwa","publisher":{"@id":"https:\/\/nid.pl\/#organization"},"potentialAction":[{"@type":"SearchAction","target":{"@type":"EntryPoint","urlTemplate":"https:\/\/nid.pl\/?s={search_term_string}"},"query-input":{"@type":"PropertyValueSpecification","valueRequired":true,"valueName":"search_term_string"}}],"inLanguage":"en-GB"},{"@type":"Organization","@id":"https:\/\/nid.pl\/#organization","name":"Narodowy Instytut Dziedzictwa","url":"https:\/\/nid.pl\/","logo":{"@type":"ImageObject","inLanguage":"en-GB","@id":"https:\/\/nid.pl\/#\/schema\/logo\/image\/","url":"https:\/\/nid.pl\/wp-content\/uploads\/2022\/10\/logoRedDark.png","contentUrl":"https:\/\/nid.pl\/wp-content\/uploads\/2022\/10\/logoRedDark.png","width":200,"height":197,"caption":"Narodowy Instytut Dziedzictwa"},"image":{"@id":"https:\/\/nid.pl\/#\/schema\/logo\/image\/"},"sameAs":["https:\/\/www.facebook.com\/zabytek","https:\/\/x.com\/NarIDpl","https:\/\/www.instagram.com\/nid.pl\/?hl=pl","https:\/\/www.linkedin.com\/company\/narodowy-instytut-dziedzictwa","https:\/\/www.youtube.com\/channel\/UCQXuhKa2uHtmNvLRUSx40JA"]},{"@type":"Person","@id":"https:\/\/nid.pl\/#\/schema\/person\/1b690a8998a5111cfb9f0ffe24195a15","name":"Barbara Halliop","image":{"@type":"ImageObject","inLanguage":"en-GB","@id":"https:\/\/nid.pl\/#\/schema\/person\/image\/","url":"https:\/\/nid.pl\/wp-content\/litespeed\/avatar\/924046d17dd0c842c9fa9ccf489bc6dc.jpg?ver=1777444967","contentUrl":"https:\/\/nid.pl\/wp-content\/litespeed\/avatar\/924046d17dd0c842c9fa9ccf489bc6dc.jpg?ver=1777444967","caption":"Barbara Halliop"},"url":"https:\/\/nid.pl\/en\/author\/bhalliop\/"}]}},"_links":{"self":[{"href":"https:\/\/nid.pl\/en\/wp-json\/wp\/v2\/posts\/13962","targetHints":{"allow":["GET"]}}],"collection":[{"href":"https:\/\/nid.pl\/en\/wp-json\/wp\/v2\/posts"}],"about":[{"href":"https:\/\/nid.pl\/en\/wp-json\/wp\/v2\/types\/post"}],"author":[{"embeddable":true,"href":"https:\/\/nid.pl\/en\/wp-json\/wp\/v2\/users\/7"}],"replies":[{"embeddable":true,"href":"https:\/\/nid.pl\/en\/wp-json\/wp\/v2\/comments?post=13962"}],"version-history":[{"count":0,"href":"https:\/\/nid.pl\/en\/wp-json\/wp\/v2\/posts\/13962\/revisions"}],"wp:featuredmedia":[{"embeddable":true,"href":"https:\/\/nid.pl\/en\/wp-json\/wp\/v2\/media\/14214"}],"wp:attachment":[{"href":"https:\/\/nid.pl\/en\/wp-json\/wp\/v2\/media?parent=13962"}],"wp:term":[{"taxonomy":"category","embeddable":true,"href":"https:\/\/nid.pl\/en\/wp-json\/wp\/v2\/categories?post=13962"},{"taxonomy":"post_tag","embeddable":true,"href":"https:\/\/nid.pl\/en\/wp-json\/wp\/v2\/tags?post=13962"}],"curies":[{"name":"wp","href":"https:\/\/api.w.org\/{rel}","templated":true}]}}