{"id":13916,"date":"2023-10-03T12:42:16","date_gmt":"2023-10-03T10:42:16","guid":{"rendered":"https:\/\/nid.pl\/?p=13916"},"modified":"2023-10-03T12:43:16","modified_gmt":"2023-10-03T10:43:16","slug":"wood-design-festival-za-nami-zapraszamy-do-obejrzenia-fotorelacji","status":"publish","type":"post","link":"https:\/\/nid.pl\/en\/2023\/10\/03\/wood-design-festival-za-nami-zapraszamy-do-obejrzenia-fotorelacji\/","title":{"rendered":"Wood Design Festival za nami. Zapraszamy do obejrzenia fotorelacji!"},"content":{"rendered":"<p>Tradycyjne rzemios\u0142o i nowoczesne technologie, wsparcie wiedz\u0105 teoretyczn\u0105 i praktyczne warsztaty, wzornictwo u\u017cytkowe i sztuka \u2013 za nami pierwsza edycja Wood Design Festival, wydarzenia dla pasjonat\u00f3w drewna oraz profesjonalist\u00f3w tej bran\u017cy. Przez dwa dni w hali MOSIR w Zgierzu wytw\u00f3rcy spotkali si\u0119 z ekspertami najwa\u017cniejszych o\u015brodk\u00f3w naukowych, instytucji oraz firm specjalistycznych. Trzeciego dnia festiwal przeni\u00f3s\u0142 si\u0119 do Parku Miejskiego, by jak najpe\u0142niej zaprezentowa\u0107 to, co da si\u0119 wyczarowa\u0107 z drewna.<\/p>\n\n\n\n<p>Wood Design Festival powsta\u0142 po to, \u017ceby integrowa\u0107 i promowa\u0107 \u015brodowiska rzemie\u015blnicze, naukowe, dydaktyczne, instytucjonalne, techniczne czy handlowe oraz umo\u017cliwi\u0107 wymian\u0119 do\u015bwiadcze\u0144, wiedzy i umiej\u0119tno\u015bci.<br>\u2013 <em>Naszym celem jest poszukiwanie i zgromadzenie w jednym miejscu ludzi zdolnych, z pasj\u0105 i mi\u0142o\u015bci\u0105 do pracy w drewnie, wsparcie ich merytorycznie czy organizacyjnie. Chcemy te\u017c celebrowa\u0107 zanikaj\u0105cy kunszt i zaprezentowa\u0107 r\u00f3\u017cnorodno\u015b\u0107 wyrob\u00f3w drewnianych<\/em> \u2013 t\u0142umacz\u0105 pomys\u0142odawcy wydarzenia, organizowanego przez Park Kulturowy Miasto Tkaczy Urz\u0105d Miasta Zgierza oraz EPI \u201eNarz\u0119dziownia BIS\u201d sp. z o.o. w\u0142a\u015bciciel marki \u015awiat Drewna.<\/p>\n\n\n\n<p><br>Pierwsza edycja WDF odby\u0142a si\u0119 w dniach 7\u20139 wrze\u015bnia. Przez dwa dni w Hali MOSIR w Zgierzu, mo\u017cna by\u0142o wzi\u0105\u0107 udzia\u0142 w warsztatach, konsultacjach, szkoleniach, prezentacjach firm, o\u015brodk\u00f3w edukacji drzewnej, wydzia\u0142\u00f3w uczelni wy\u017cszych. Festiwalowa przestrze\u0144 zosta\u0142a podzielona na pi\u0119\u0107 stref. Pierwsza z nich po\u015bwi\u0119cona zosta\u0142a gatunkom i rodzajom drewna, zastosowaniu i technologiom. W drugiej om\u00f3wione zosta\u0142y kwestie wzornictwa i projektowania: rzemios\u0142a artystycznego, meblarstwa, parkieciarstwa. W kolejnych spotka\u0142y si\u0119 osoby zainteresowane konstrukcjami i innowacjami oraz promocj\u0105 dziedzictwa kulturowego architektury drewnianej. Z kolei strefa warsztatowa pozwoli\u0142a udoskonali\u0107 umiej\u0119tno\u015bci praktyczne uczestnik\u00f3w. Trzeci dzie\u0144 by\u0142 czasem na spotkania wytw\u00f3rc\u00f3w z odbiorcami, ceni\u0105cymi wyroby z drewna. W Parku Miejskim w Zgierzu rzemie\u015blnicy i tw\u00f3rcy zaprezentowali swoje wyroby: bi\u017cuteri\u0119, wyposa\u017cenie wn\u0119trz, rzemios\u0142o artystyczne, meble, ma\u0142\u0105 architektur\u0119 ogrodow\u0105, zabawki i\u00a0wiele innych. Nie zabrak\u0142o warsztat\u00f3w dla ma\u0142ych i du\u017cych mi\u0142o\u015bnik\u00f3w pracy z drewnem.\u00a0<\/p>\n\n\n\n<p><strong>Dlaczego w\u0142a\u015bnie w Zgierzu?<\/strong><\/p>\n\n\n\n<p>Festiwal jest \u015bwi\u0119tem rzemios\u0142a i rzemie\u015blnik\u00f3w. Jego powstanie nawi\u0105zuje do historii Nowego Miasta w Zgierzu \u2013 nowoczesnej osady rzemie\u015blniczej, zbudowanej od podstaw w XIX wieku. Rzemios\u0142o, kt\u00f3rego baz\u0105 by\u0142o sukno, rozwin\u0119\u0142o si\u0119 tak\u017ce w innych dziedzinach, zwi\u0105zanych z\u00a0drewnem \u2013 jak ciesielstwo, czy meblarstwo, realizuj\u0105c codzienne potrzeby nowej spo\u0142eczno\u015bci Zgierza i regionu. Pozosta\u0142o\u015bci\u0105 tego czasu jest zachowana do dzisiaj zwarta zabudowa XIX wiecznych drewnianych dom\u00f3w, w kt\u00f3rych \u017cyli i pracowali rzemie\u015blnicy, b\u0119d\u0105ca obecnie terenem chronionym i\u00a0w cz\u0119\u015bci Parkiem Kulturowym Miasto Tkaczy. Maj\u0105c tak\u0105 tradycj\u0119, Zgierz ponownie otwiera si\u0119 na rzemie\u015blnik\u00f3w z ca\u0142ego kraju, prezentuj\u0105c rzemios\u0142o i wiedz\u0119 zwi\u0105zan\u0105 z tradycyjnym materia\u0142em, kt\u00f3ry sta\u0142 si\u0119 symbolem Zgierza \u2013 drewnem.\u00a0 Zwie\u0144czenie trzydniowego festiwalu odwo\u0142uje si\u0119 do historycznych za\u0142o\u017ce\u0144 powstania nowoczesnego miasta innowacyjnego, utworzonego 200 lat temu, na potrzeby rozwoju rzemie\u015blnik\u00f3w z unikaln\u0105 struktur\u0105 drewnianej zabudowy.<\/p>\n\n\n\n<p><strong>\u015awiat drewna<\/strong><\/p>\n\n\n\n<p>Drugim obok Parku Kulturowego Miasto Tkaczy Urz\u0105d Miasta Zgierza organizatorem wydarzenia jest \u015awiat drewna. Jest to marka-spo\u0142eczno\u015b\u0107 stworzona przez firm\u0119 EPI Narz\u0119dziownia BIS i jej wsp\u00f3\u0142w\u0142a\u015bciciela, Rados\u0142awa Bednarka. Pierwotnie by\u0142a to ma\u0142a grupa na portalu spo\u0142eczno\u015bciowym. Aktualnie platforma, kt\u00f3ra skupia ponad 115 tysi\u0119cy uczestnik\u00f3w, g\u0142\u00f3wnie rzemie\u015blnik\u00f3w, hobbyst\u00f3w, mi\u0142o\u015bnik\u00f3w obr\u00f3bki i wykorzystania drewna w r\u00f3\u017cnych konstrukcjach.<\/p>\n\n\n\n<p><strong>Partnerzy<\/strong><\/p>\n\n\n\n<p>Ministerstwo Kultury i Dziedzictwa Narodowego, Narodowy Instytut Dziedzictwa, ICOMOS, Politechnika \u0141\u00f3dzka Wydzia\u0142 Budownictwa i Architektury, Uniwersytet \u0141\u00f3dzki Instytut Historii Sztuki, Stowarzyszenie Historyk\u00f3w Sztuki Oddzia\u0142 \u0141\u00f3dzki<\/p>\n\n\n\n<p><\/p>\n\n\n\n<figure class=\"wp-block-image aligncenter size-large is-resized\"><img loading=\"lazy\" decoding=\"async\" src=\"https:\/\/nid.pl\/wp-content\/uploads\/2023\/10\/WDF_1-1024x683.jpg\" alt=\"\" class=\"wp-image-13918\" style=\"width:631px;height:421px\" width=\"631\" height=\"421\"\/><figcaption class=\"wp-element-caption\">Wood Design Festival, fot. Micha\u0142 Lewandowski<\/figcaption><\/figure>\n\n\n\n<figure class=\"wp-block-image aligncenter size-large is-resized\"><img loading=\"lazy\" decoding=\"async\" src=\"https:\/\/nid.pl\/wp-content\/uploads\/2023\/10\/WDF_2-1024x683.jpg\" alt=\"\" class=\"wp-image-13919\" style=\"width:631px;height:421px\" width=\"631\" height=\"421\"\/><figcaption class=\"wp-element-caption\">Wood Design Festival, fot. Micha\u0142 Lewandowski<\/figcaption><\/figure>\n\n\n\n<figure class=\"wp-block-image aligncenter size-large is-resized\"><img loading=\"lazy\" decoding=\"async\" src=\"https:\/\/nid.pl\/wp-content\/uploads\/2023\/10\/WDF_3-1024x683.jpg\" alt=\"\" class=\"wp-image-13920\" style=\"width:629px;height:419px\" width=\"629\" height=\"419\"\/><figcaption class=\"wp-element-caption\">Wood Design Festival, fot. Micha\u0142 Lewandowski<\/figcaption><\/figure>\n\n\n\n<figure class=\"wp-block-image aligncenter size-large is-resized\"><img loading=\"lazy\" decoding=\"async\" src=\"https:\/\/nid.pl\/wp-content\/uploads\/2023\/10\/WDF_4-1024x683.jpg\" alt=\"\" class=\"wp-image-13921\" style=\"width:629px;height:420px\" width=\"629\" height=\"420\"\/><figcaption class=\"wp-element-caption\">Wood Design Festival, fot. Micha\u0142 Lewandowski<\/figcaption><\/figure>\n\n\n\n<figure class=\"wp-block-image aligncenter size-large is-resized\"><img loading=\"lazy\" decoding=\"async\" src=\"https:\/\/nid.pl\/wp-content\/uploads\/2023\/10\/WDF_5-1024x683.jpg\" alt=\"\" class=\"wp-image-13922\" style=\"width:629px;height:420px\" width=\"629\" height=\"420\"\/><figcaption class=\"wp-element-caption\">Wood Design Festival, fot. Micha\u0142 Lewandowski<\/figcaption><\/figure>\n\n\n\n<figure class=\"wp-block-image aligncenter size-large is-resized\"><img loading=\"lazy\" decoding=\"async\" src=\"https:\/\/nid.pl\/wp-content\/uploads\/2023\/10\/WDF_11-1024x683.jpg\" alt=\"\" class=\"wp-image-13927\" style=\"width:631px;height:421px\" width=\"631\" height=\"421\"\/><figcaption class=\"wp-element-caption\">Wood Design Festival, fot. Micha\u0142 Lewandowski<\/figcaption><\/figure>\n\n\n\n<figure class=\"wp-block-image aligncenter size-large is-resized\"><img loading=\"lazy\" decoding=\"async\" src=\"https:\/\/nid.pl\/wp-content\/uploads\/2023\/10\/WDF_11-1024x683.jpg\" alt=\"\" class=\"wp-image-13927\" style=\"width:633px;height:422px\" width=\"633\" height=\"422\"\/><figcaption class=\"wp-element-caption\">Wood Design Festival, fot. Micha\u0142 Lewandowski<\/figcaption><\/figure>\n\n\n\n<figure class=\"wp-block-image aligncenter size-large is-resized\"><img loading=\"lazy\" decoding=\"async\" src=\"https:\/\/nid.pl\/wp-content\/uploads\/2023\/10\/WDF_13-1024x683.jpg\" alt=\"\" class=\"wp-image-13928\" style=\"width:631px;height:421px\" width=\"631\" height=\"421\"\/><figcaption class=\"wp-element-caption\">Wood Design Festival, fot. Micha\u0142 Lewandowski<\/figcaption><\/figure>\n\n\n\n<figure class=\"wp-block-image aligncenter size-large is-resized\"><img loading=\"lazy\" decoding=\"async\" src=\"https:\/\/nid.pl\/wp-content\/uploads\/2023\/10\/WDF_17-1024x683.jpg\" alt=\"\" class=\"wp-image-13930\" style=\"width:631px;height:421px\" width=\"631\" height=\"421\"\/><figcaption class=\"wp-element-caption\">Wood Design Festival, fot. Micha\u0142 Lewandowski<\/figcaption><\/figure>\n\n\n\n<figure class=\"wp-block-image aligncenter size-large is-resized\"><img loading=\"lazy\" decoding=\"async\" src=\"https:\/\/nid.pl\/wp-content\/uploads\/2023\/10\/WDF_16-1024x576.jpg\" alt=\"\" class=\"wp-image-13931\" style=\"width:631px;height:355px\" width=\"631\" height=\"355\"\/><figcaption class=\"wp-element-caption\">Wood Design Festival, fot. Micha\u0142 Lewandowski<\/figcaption><\/figure>\n\n\n\n<figure class=\"wp-block-image aligncenter size-large is-resized\"><img loading=\"lazy\" decoding=\"async\" src=\"https:\/\/nid.pl\/wp-content\/uploads\/2023\/10\/WDF_20-1024x683.jpg\" alt=\"\" class=\"wp-image-13933\" style=\"width:631px;height:421px\" width=\"631\" height=\"421\"\/><figcaption class=\"wp-element-caption\">Wood Design Festival, fot. Micha\u0142 Lewandowski<\/figcaption><\/figure>\n\n\n\n<figure class=\"wp-block-image aligncenter size-large is-resized\"><img loading=\"lazy\" decoding=\"async\" src=\"https:\/\/nid.pl\/wp-content\/uploads\/2023\/10\/WDF_22-1024x683.jpg\" alt=\"\" class=\"wp-image-13934\" style=\"width:631px;height:421px\" width=\"631\" height=\"421\"\/><figcaption class=\"wp-element-caption\">Wood Design Festival, fot. Micha\u0142 Lewandowski<\/figcaption><\/figure>\n\n\n\n<figure class=\"wp-block-image aligncenter size-large is-resized\"><img loading=\"lazy\" decoding=\"async\" src=\"https:\/\/nid.pl\/wp-content\/uploads\/2023\/10\/WDF_23-1024x683.jpg\" alt=\"\" class=\"wp-image-13935\" style=\"width:631px;height:421px\" width=\"631\" height=\"421\"\/><figcaption class=\"wp-element-caption\">Wood Design Festival, fot. Micha\u0142 Lewandowski<\/figcaption><\/figure>\n\n\n\n<figure class=\"wp-block-image aligncenter size-large is-resized\"><img loading=\"lazy\" decoding=\"async\" src=\"https:\/\/nid.pl\/wp-content\/uploads\/2023\/10\/WDF_24-1024x683.jpg\" alt=\"\" class=\"wp-image-13936\" style=\"width:633px;height:422px\" width=\"633\" height=\"422\"\/><figcaption class=\"wp-element-caption\">Wood Design Festival, fot. Micha\u0142 Lewandowski<\/figcaption><\/figure>","protected":false},"excerpt":{"rendered":"<p>Tradycyjne rzemios\u0142o i nowoczesne technologie, wsparcie wiedz\u0105 teoretyczn\u0105 i praktyczne warsztaty, wzornictwo u\u017cytkowe i sztuka \u2013 za nami pierwsza edycja Wood Design Festival, wydarzenia dla pasjonat\u00f3w drewna oraz profesjonalist\u00f3w tej [&hellip;]<\/p>","protected":false},"author":7,"featured_media":13937,"comment_status":"closed","ping_status":"closed","sticky":false,"template":"","format":"standard","meta":{"_et_pb_use_builder":"off","_et_pb_old_content":"","_et_gb_content_width":"","_monsterinsights_skip_tracking":false,"_monsterinsights_sitenote_active":false,"_monsterinsights_sitenote_note":"","_monsterinsights_sitenote_category":0,"footnotes":""},"categories":[28],"tags":[],"class_list":["post-13916","post","type-post","status-publish","format-standard","has-post-thumbnail","hentry","category-patronaty"],"yoast_head":"<!-- This site is optimized with the Yoast SEO plugin v26.5 - https:\/\/yoast.com\/wordpress\/plugins\/seo\/ -->\n<title>Wood Design Festival za nami. Zapraszamy do obejrzenia fotorelacji! - NID<\/title>\n<meta name=\"robots\" content=\"index, follow, max-snippet:-1, max-image-preview:large, max-video-preview:-1\" \/>\n<link rel=\"canonical\" href=\"https:\/\/nid.pl\/en\/2023\/10\/03\/wood-design-festival-za-nami-zapraszamy-do-obejrzenia-fotorelacji\/\" \/>\n<meta property=\"og:locale\" content=\"en_GB\" \/>\n<meta property=\"og:type\" content=\"article\" \/>\n<meta property=\"og:title\" content=\"Wood Design Festival za nami. Zapraszamy do obejrzenia fotorelacji! - NID\" \/>\n<meta property=\"og:description\" content=\"Tradycyjne rzemios\u0142o i nowoczesne technologie, wsparcie wiedz\u0105 teoretyczn\u0105 i praktyczne warsztaty, wzornictwo u\u017cytkowe i sztuka \u2013 za nami pierwsza edycja Wood Design Festival, wydarzenia dla pasjonat\u00f3w drewna oraz profesjonalist\u00f3w tej [&hellip;]\" \/>\n<meta property=\"og:url\" content=\"https:\/\/nid.pl\/en\/2023\/10\/03\/wood-design-festival-za-nami-zapraszamy-do-obejrzenia-fotorelacji\/\" \/>\n<meta property=\"og:site_name\" content=\"NID\" \/>\n<meta property=\"article:publisher\" content=\"https:\/\/www.facebook.com\/zabytek\" \/>\n<meta property=\"article:published_time\" content=\"2023-10-03T10:42:16+00:00\" \/>\n<meta property=\"article:modified_time\" content=\"2023-10-03T10:43:16+00:00\" \/>\n<meta property=\"og:image\" content=\"https:\/\/nid.pl\/wp-content\/uploads\/2023\/10\/patronaty-NID1.jpg\" \/>\n\t<meta property=\"og:image:width\" content=\"440\" \/>\n\t<meta property=\"og:image:height\" content=\"294\" \/>\n\t<meta property=\"og:image:type\" content=\"image\/jpeg\" \/>\n<meta name=\"author\" content=\"Barbara Halliop\" \/>\n<meta name=\"twitter:card\" content=\"summary_large_image\" \/>\n<meta name=\"twitter:creator\" content=\"@NarIDpl\" \/>\n<meta name=\"twitter:site\" content=\"@NarIDpl\" \/>\n<meta name=\"twitter:label1\" content=\"Written by\" \/>\n\t<meta name=\"twitter:data1\" content=\"Barbara Halliop\" \/>\n\t<meta name=\"twitter:label2\" content=\"Estimated reading time\" \/>\n\t<meta name=\"twitter:data2\" content=\"6 minutes\" \/>\n<script type=\"application\/ld+json\" class=\"yoast-schema-graph\">{\"@context\":\"https:\/\/schema.org\",\"@graph\":[{\"@type\":\"Article\",\"@id\":\"https:\/\/nid.pl\/2023\/10\/03\/wood-design-festival-za-nami-zapraszamy-do-obejrzenia-fotorelacji\/#article\",\"isPartOf\":{\"@id\":\"https:\/\/nid.pl\/2023\/10\/03\/wood-design-festival-za-nami-zapraszamy-do-obejrzenia-fotorelacji\/\"},\"author\":{\"name\":\"Barbara Halliop\",\"@id\":\"https:\/\/nid.pl\/#\/schema\/person\/1b690a8998a5111cfb9f0ffe24195a15\"},\"headline\":\"Wood Design Festival za nami. Zapraszamy do obejrzenia fotorelacji!\",\"datePublished\":\"2023-10-03T10:42:16+00:00\",\"dateModified\":\"2023-10-03T10:43:16+00:00\",\"mainEntityOfPage\":{\"@id\":\"https:\/\/nid.pl\/2023\/10\/03\/wood-design-festival-za-nami-zapraszamy-do-obejrzenia-fotorelacji\/\"},\"wordCount\":723,\"publisher\":{\"@id\":\"https:\/\/nid.pl\/#organization\"},\"image\":{\"@id\":\"https:\/\/nid.pl\/2023\/10\/03\/wood-design-festival-za-nami-zapraszamy-do-obejrzenia-fotorelacji\/#primaryimage\"},\"thumbnailUrl\":\"https:\/\/nid.pl\/wp-content\/uploads\/2023\/10\/patronaty-NID1.jpg\",\"articleSection\":[\"Patronaty\"],\"inLanguage\":\"en-GB\"},{\"@type\":\"WebPage\",\"@id\":\"https:\/\/nid.pl\/2023\/10\/03\/wood-design-festival-za-nami-zapraszamy-do-obejrzenia-fotorelacji\/\",\"url\":\"https:\/\/nid.pl\/2023\/10\/03\/wood-design-festival-za-nami-zapraszamy-do-obejrzenia-fotorelacji\/\",\"name\":\"Wood Design Festival za nami. Zapraszamy do obejrzenia fotorelacji! - NID\",\"isPartOf\":{\"@id\":\"https:\/\/nid.pl\/#website\"},\"primaryImageOfPage\":{\"@id\":\"https:\/\/nid.pl\/2023\/10\/03\/wood-design-festival-za-nami-zapraszamy-do-obejrzenia-fotorelacji\/#primaryimage\"},\"image\":{\"@id\":\"https:\/\/nid.pl\/2023\/10\/03\/wood-design-festival-za-nami-zapraszamy-do-obejrzenia-fotorelacji\/#primaryimage\"},\"thumbnailUrl\":\"https:\/\/nid.pl\/wp-content\/uploads\/2023\/10\/patronaty-NID1.jpg\",\"datePublished\":\"2023-10-03T10:42:16+00:00\",\"dateModified\":\"2023-10-03T10:43:16+00:00\",\"breadcrumb\":{\"@id\":\"https:\/\/nid.pl\/2023\/10\/03\/wood-design-festival-za-nami-zapraszamy-do-obejrzenia-fotorelacji\/#breadcrumb\"},\"inLanguage\":\"en-GB\",\"potentialAction\":[{\"@type\":\"ReadAction\",\"target\":[\"https:\/\/nid.pl\/2023\/10\/03\/wood-design-festival-za-nami-zapraszamy-do-obejrzenia-fotorelacji\/\"]}]},{\"@type\":\"ImageObject\",\"inLanguage\":\"en-GB\",\"@id\":\"https:\/\/nid.pl\/2023\/10\/03\/wood-design-festival-za-nami-zapraszamy-do-obejrzenia-fotorelacji\/#primaryimage\",\"url\":\"https:\/\/nid.pl\/wp-content\/uploads\/2023\/10\/patronaty-NID1.jpg\",\"contentUrl\":\"https:\/\/nid.pl\/wp-content\/uploads\/2023\/10\/patronaty-NID1.jpg\",\"width\":440,\"height\":294,\"caption\":\"Wood Design Festival, fot. Micha\u0142 Lewandowski\"},{\"@type\":\"BreadcrumbList\",\"@id\":\"https:\/\/nid.pl\/2023\/10\/03\/wood-design-festival-za-nami-zapraszamy-do-obejrzenia-fotorelacji\/#breadcrumb\",\"itemListElement\":[{\"@type\":\"ListItem\",\"position\":1,\"name\":\"Home\",\"item\":\"https:\/\/nid.pl\/\"},{\"@type\":\"ListItem\",\"position\":2,\"name\":\"Wood Design Festival za nami. Zapraszamy do obejrzenia fotorelacji!\"}]},{\"@type\":\"WebSite\",\"@id\":\"https:\/\/nid.pl\/#website\",\"url\":\"https:\/\/nid.pl\/\",\"name\":\"NID\",\"description\":\"Narodowy Instytut Dziedzictwa\",\"publisher\":{\"@id\":\"https:\/\/nid.pl\/#organization\"},\"potentialAction\":[{\"@type\":\"SearchAction\",\"target\":{\"@type\":\"EntryPoint\",\"urlTemplate\":\"https:\/\/nid.pl\/?s={search_term_string}\"},\"query-input\":{\"@type\":\"PropertyValueSpecification\",\"valueRequired\":true,\"valueName\":\"search_term_string\"}}],\"inLanguage\":\"en-GB\"},{\"@type\":\"Organization\",\"@id\":\"https:\/\/nid.pl\/#organization\",\"name\":\"Narodowy Instytut Dziedzictwa\",\"url\":\"https:\/\/nid.pl\/\",\"logo\":{\"@type\":\"ImageObject\",\"inLanguage\":\"en-GB\",\"@id\":\"https:\/\/nid.pl\/#\/schema\/logo\/image\/\",\"url\":\"https:\/\/nid.pl\/wp-content\/uploads\/2022\/10\/logoRedDark.png\",\"contentUrl\":\"https:\/\/nid.pl\/wp-content\/uploads\/2022\/10\/logoRedDark.png\",\"width\":200,\"height\":197,\"caption\":\"Narodowy Instytut Dziedzictwa\"},\"image\":{\"@id\":\"https:\/\/nid.pl\/#\/schema\/logo\/image\/\"},\"sameAs\":[\"https:\/\/www.facebook.com\/zabytek\",\"https:\/\/x.com\/NarIDpl\",\"https:\/\/www.instagram.com\/nid.pl\/?hl=pl\",\"https:\/\/www.linkedin.com\/company\/narodowy-instytut-dziedzictwa\",\"https:\/\/www.youtube.com\/channel\/UCQXuhKa2uHtmNvLRUSx40JA\"]},{\"@type\":\"Person\",\"@id\":\"https:\/\/nid.pl\/#\/schema\/person\/1b690a8998a5111cfb9f0ffe24195a15\",\"name\":\"Barbara Halliop\",\"image\":{\"@type\":\"ImageObject\",\"inLanguage\":\"en-GB\",\"@id\":\"https:\/\/nid.pl\/#\/schema\/person\/image\/\",\"url\":\"https:\/\/nid.pl\/wp-content\/litespeed\/avatar\/924046d17dd0c842c9fa9ccf489bc6dc.jpg?ver=1777444967\",\"contentUrl\":\"https:\/\/nid.pl\/wp-content\/litespeed\/avatar\/924046d17dd0c842c9fa9ccf489bc6dc.jpg?ver=1777444967\",\"caption\":\"Barbara Halliop\"},\"url\":\"https:\/\/nid.pl\/en\/author\/bhalliop\/\"}]}<\/script>\n<!-- \/ Yoast SEO plugin. -->","yoast_head_json":{"title":"Wood Design Festival za nami. Zapraszamy do obejrzenia fotorelacji! - NID","robots":{"index":"index","follow":"follow","max-snippet":"max-snippet:-1","max-image-preview":"max-image-preview:large","max-video-preview":"max-video-preview:-1"},"canonical":"https:\/\/nid.pl\/en\/2023\/10\/03\/wood-design-festival-za-nami-zapraszamy-do-obejrzenia-fotorelacji\/","og_locale":"en_GB","og_type":"article","og_title":"Wood Design Festival za nami. Zapraszamy do obejrzenia fotorelacji! - NID","og_description":"Tradycyjne rzemios\u0142o i nowoczesne technologie, wsparcie wiedz\u0105 teoretyczn\u0105 i praktyczne warsztaty, wzornictwo u\u017cytkowe i sztuka \u2013 za nami pierwsza edycja Wood Design Festival, wydarzenia dla pasjonat\u00f3w drewna oraz profesjonalist\u00f3w tej [&hellip;]","og_url":"https:\/\/nid.pl\/en\/2023\/10\/03\/wood-design-festival-za-nami-zapraszamy-do-obejrzenia-fotorelacji\/","og_site_name":"NID","article_publisher":"https:\/\/www.facebook.com\/zabytek","article_published_time":"2023-10-03T10:42:16+00:00","article_modified_time":"2023-10-03T10:43:16+00:00","og_image":[{"width":440,"height":294,"url":"https:\/\/nid.pl\/wp-content\/uploads\/2023\/10\/patronaty-NID1.jpg","type":"image\/jpeg"}],"author":"Barbara Halliop","twitter_card":"summary_large_image","twitter_creator":"@NarIDpl","twitter_site":"@NarIDpl","twitter_misc":{"Written by":"Barbara Halliop","Estimated reading time":"6 minutes"},"schema":{"@context":"https:\/\/schema.org","@graph":[{"@type":"Article","@id":"https:\/\/nid.pl\/2023\/10\/03\/wood-design-festival-za-nami-zapraszamy-do-obejrzenia-fotorelacji\/#article","isPartOf":{"@id":"https:\/\/nid.pl\/2023\/10\/03\/wood-design-festival-za-nami-zapraszamy-do-obejrzenia-fotorelacji\/"},"author":{"name":"Barbara Halliop","@id":"https:\/\/nid.pl\/#\/schema\/person\/1b690a8998a5111cfb9f0ffe24195a15"},"headline":"Wood Design Festival za nami. Zapraszamy do obejrzenia fotorelacji!","datePublished":"2023-10-03T10:42:16+00:00","dateModified":"2023-10-03T10:43:16+00:00","mainEntityOfPage":{"@id":"https:\/\/nid.pl\/2023\/10\/03\/wood-design-festival-za-nami-zapraszamy-do-obejrzenia-fotorelacji\/"},"wordCount":723,"publisher":{"@id":"https:\/\/nid.pl\/#organization"},"image":{"@id":"https:\/\/nid.pl\/2023\/10\/03\/wood-design-festival-za-nami-zapraszamy-do-obejrzenia-fotorelacji\/#primaryimage"},"thumbnailUrl":"https:\/\/nid.pl\/wp-content\/uploads\/2023\/10\/patronaty-NID1.jpg","articleSection":["Patronaty"],"inLanguage":"en-GB"},{"@type":"WebPage","@id":"https:\/\/nid.pl\/2023\/10\/03\/wood-design-festival-za-nami-zapraszamy-do-obejrzenia-fotorelacji\/","url":"https:\/\/nid.pl\/2023\/10\/03\/wood-design-festival-za-nami-zapraszamy-do-obejrzenia-fotorelacji\/","name":"Wood Design Festival za nami. Zapraszamy do obejrzenia fotorelacji! - NID","isPartOf":{"@id":"https:\/\/nid.pl\/#website"},"primaryImageOfPage":{"@id":"https:\/\/nid.pl\/2023\/10\/03\/wood-design-festival-za-nami-zapraszamy-do-obejrzenia-fotorelacji\/#primaryimage"},"image":{"@id":"https:\/\/nid.pl\/2023\/10\/03\/wood-design-festival-za-nami-zapraszamy-do-obejrzenia-fotorelacji\/#primaryimage"},"thumbnailUrl":"https:\/\/nid.pl\/wp-content\/uploads\/2023\/10\/patronaty-NID1.jpg","datePublished":"2023-10-03T10:42:16+00:00","dateModified":"2023-10-03T10:43:16+00:00","breadcrumb":{"@id":"https:\/\/nid.pl\/2023\/10\/03\/wood-design-festival-za-nami-zapraszamy-do-obejrzenia-fotorelacji\/#breadcrumb"},"inLanguage":"en-GB","potentialAction":[{"@type":"ReadAction","target":["https:\/\/nid.pl\/2023\/10\/03\/wood-design-festival-za-nami-zapraszamy-do-obejrzenia-fotorelacji\/"]}]},{"@type":"ImageObject","inLanguage":"en-GB","@id":"https:\/\/nid.pl\/2023\/10\/03\/wood-design-festival-za-nami-zapraszamy-do-obejrzenia-fotorelacji\/#primaryimage","url":"https:\/\/nid.pl\/wp-content\/uploads\/2023\/10\/patronaty-NID1.jpg","contentUrl":"https:\/\/nid.pl\/wp-content\/uploads\/2023\/10\/patronaty-NID1.jpg","width":440,"height":294,"caption":"Wood Design Festival, fot. Micha\u0142 Lewandowski"},{"@type":"BreadcrumbList","@id":"https:\/\/nid.pl\/2023\/10\/03\/wood-design-festival-za-nami-zapraszamy-do-obejrzenia-fotorelacji\/#breadcrumb","itemListElement":[{"@type":"ListItem","position":1,"name":"Home","item":"https:\/\/nid.pl\/"},{"@type":"ListItem","position":2,"name":"Wood Design Festival za nami. Zapraszamy do obejrzenia fotorelacji!"}]},{"@type":"WebSite","@id":"https:\/\/nid.pl\/#website","url":"https:\/\/nid.pl\/","name":"NID","description":"Narodowy Instytut Dziedzictwa","publisher":{"@id":"https:\/\/nid.pl\/#organization"},"potentialAction":[{"@type":"SearchAction","target":{"@type":"EntryPoint","urlTemplate":"https:\/\/nid.pl\/?s={search_term_string}"},"query-input":{"@type":"PropertyValueSpecification","valueRequired":true,"valueName":"search_term_string"}}],"inLanguage":"en-GB"},{"@type":"Organization","@id":"https:\/\/nid.pl\/#organization","name":"Narodowy Instytut Dziedzictwa","url":"https:\/\/nid.pl\/","logo":{"@type":"ImageObject","inLanguage":"en-GB","@id":"https:\/\/nid.pl\/#\/schema\/logo\/image\/","url":"https:\/\/nid.pl\/wp-content\/uploads\/2022\/10\/logoRedDark.png","contentUrl":"https:\/\/nid.pl\/wp-content\/uploads\/2022\/10\/logoRedDark.png","width":200,"height":197,"caption":"Narodowy Instytut Dziedzictwa"},"image":{"@id":"https:\/\/nid.pl\/#\/schema\/logo\/image\/"},"sameAs":["https:\/\/www.facebook.com\/zabytek","https:\/\/x.com\/NarIDpl","https:\/\/www.instagram.com\/nid.pl\/?hl=pl","https:\/\/www.linkedin.com\/company\/narodowy-instytut-dziedzictwa","https:\/\/www.youtube.com\/channel\/UCQXuhKa2uHtmNvLRUSx40JA"]},{"@type":"Person","@id":"https:\/\/nid.pl\/#\/schema\/person\/1b690a8998a5111cfb9f0ffe24195a15","name":"Barbara Halliop","image":{"@type":"ImageObject","inLanguage":"en-GB","@id":"https:\/\/nid.pl\/#\/schema\/person\/image\/","url":"https:\/\/nid.pl\/wp-content\/litespeed\/avatar\/924046d17dd0c842c9fa9ccf489bc6dc.jpg?ver=1777444967","contentUrl":"https:\/\/nid.pl\/wp-content\/litespeed\/avatar\/924046d17dd0c842c9fa9ccf489bc6dc.jpg?ver=1777444967","caption":"Barbara Halliop"},"url":"https:\/\/nid.pl\/en\/author\/bhalliop\/"}]}},"_links":{"self":[{"href":"https:\/\/nid.pl\/en\/wp-json\/wp\/v2\/posts\/13916","targetHints":{"allow":["GET"]}}],"collection":[{"href":"https:\/\/nid.pl\/en\/wp-json\/wp\/v2\/posts"}],"about":[{"href":"https:\/\/nid.pl\/en\/wp-json\/wp\/v2\/types\/post"}],"author":[{"embeddable":true,"href":"https:\/\/nid.pl\/en\/wp-json\/wp\/v2\/users\/7"}],"replies":[{"embeddable":true,"href":"https:\/\/nid.pl\/en\/wp-json\/wp\/v2\/comments?post=13916"}],"version-history":[{"count":0,"href":"https:\/\/nid.pl\/en\/wp-json\/wp\/v2\/posts\/13916\/revisions"}],"wp:featuredmedia":[{"embeddable":true,"href":"https:\/\/nid.pl\/en\/wp-json\/wp\/v2\/media\/13937"}],"wp:attachment":[{"href":"https:\/\/nid.pl\/en\/wp-json\/wp\/v2\/media?parent=13916"}],"wp:term":[{"taxonomy":"category","embeddable":true,"href":"https:\/\/nid.pl\/en\/wp-json\/wp\/v2\/categories?post=13916"},{"taxonomy":"post_tag","embeddable":true,"href":"https:\/\/nid.pl\/en\/wp-json\/wp\/v2\/tags?post=13916"}],"curies":[{"name":"wp","href":"https:\/\/api.w.org\/{rel}","templated":true}]}}