{"id":13314,"date":"2023-09-19T14:07:08","date_gmt":"2023-09-19T12:07:08","guid":{"rendered":"https:\/\/nid.pl\/?p=13314"},"modified":"2023-09-19T14:07:13","modified_gmt":"2023-09-19T12:07:13","slug":"wystawa-skarby-drewnianej-architektury-sakralnej-odwiedza-malopolske","status":"publish","type":"post","link":"https:\/\/nid.pl\/en\/2023\/09\/19\/wystawa-skarby-drewnianej-architektury-sakralnej-odwiedza-malopolske\/","title":{"rendered":"Wystawa \u201eSkarby drewnianej architektury sakralnej\u201d odwiedza Ma\u0142opolsk\u0119"},"content":{"rendered":"<p><strong>We wrze\u015bniu wystaw\u0119 \u201eSkarby drewnianej architektury sakralnej\u201d mo\u017cna ogl\u0105da\u0107 w Ma\u0142opolsce. Po wizycie w Kwiatoniu, obecnie znajduje si\u0119 w Szymbarku k. Gorlic, sk\u0105d pojedziecie do Binarowej, a nast\u0119pnie do Krakowa na mi\u0119dzynarodow\u0105 konferencj\u0119 naukow\u0105 \u201eKierunki ochrony i zr\u00f3wnowa\u017conego zarz\u0105dzania dziedzictwem architektury drewnianej. 20 lat wpisu Drewnianych ko\u015bcio\u0142\u00f3w po\u0142udniowej Ma\u0142opolski oraz 10 lat wpisu Drewnianych cerkwi w polskim i ukrai\u0144skim regionie Karpat na List\u0119 \u015bwiatowego dziedzictwa UNESCO\u201d.<\/strong><\/p>\n\n\n\n<p>Wystawa plenerowa pt. \u201eSkarby drewnianej architektury sakralnej\u201d po kilku ekspozycjach na Podkarpaciu \u201epodr\u00f3\u017cuje\u201d obecnie po Ma\u0142opolsce. By\u0142a ju\u017c w Kwiatoniu, a obecnie znajduje si\u0119 w Szymbarku k. Gorlic. Czeka j\u0105 jeszcze kr\u00f3tki przystanek w Binarowej by z pocz\u0105tkiem pa\u017adziernika stan\u0105\u0107 na Placu Szczepa\u0144skim w Krakowie i u\u015bwietni\u0107 mi\u0119dzynarodow\u0105 konferencj\u0119 naukow\u0105 pt. \u201eKierunki ochrony i zr\u00f3wnowa\u017conego zarz\u0105dzania dziedzictwem architektury drewnianej. 20 lat wpisu Drewnianych ko\u015bcio\u0142\u00f3w po\u0142udniowej Ma\u0142opolski oraz 10 lat wpisu Drewnianych cerkwi w polskim i ukrai\u0144skim regionie Karpat na List\u0119 \u015bwiatowego dziedzictwa UNESCO\u201d, kt\u00f3ra odb\u0119dzie si\u0119 w dniach 12-14 pa\u017adziernika 2023 r.<\/p>\n\n\n\n<p>W Szymbarku, w kt\u00f3rym dzi\u0119ki wsp\u00f3\u0142pracy Oddzia\u0142u Terenowego NID w Krakowie z Muzeum Karwacjan\u00f3w i G\u0142adysz\u00f3w w Gorlicach, odby\u0142 si\u0119 panel dyskusyjny po\u015bwi\u0119cony opiece nad drewnianymi obiektami sakralnymi. Wystaw\u0119 mo\u017cna ogl\u0105da\u0107 w uroczym otoczeniu kasztelu, kt\u00f3ry znajduje si\u0119 w Szymbarku.<\/p>\n\n\n\n<p><strong>Termin prezentacji wystawy:<\/strong> do 22 wrze\u015bnia 2023 roku.<\/p>\n\n\n\n<p><strong>Miejsce ekspozycji:<\/strong> O\u015brodek Konferencyjno-Wystawienniczy Kasztel w Szymbarku, Oddzia\u0142 Muzeum Karwacjan\u00f3w i G\u0142adysz\u00f3w w Gorlicach.<\/p>\n\n\n\n<p><strong>Ekspozycja dost\u0119pna<\/strong> jest bezp\u0142atnie.<\/p>\n\n\n\n<p>W tym roku obchodzimy szczeg\u00f3lny jubileusz dw\u00f3ch wpis\u00f3w na List\u0119 \u015bwiatowego dziedzictwa UNESCO, kt\u00f3re ukazuj\u0105 wyj\u0105tkowe pi\u0119kno i bogactwo drewnianej architektury sakralnej: 20-lecie wpisu Drewnianych ko\u015bcio\u0142\u00f3w Po\u0142udniowej Ma\u0142opolski oraz 10-lecie wpisu Drewnianych cerkwi w polskim i ukrai\u0144skim regionie Karpat. Z tej okazji Narodowy Instytut Dziedzictwa przygotowa\u0142 niezwyk\u0142\u0105 wystaw\u0119 plenerow\u0105, kt\u00f3ra prezentuje wyj\u0105tkowe pi\u0119kno i znaczenie drewnianej architektury sakralnej. Wystawa od marca 2023 roku prezentowana jest na terenie Podkarpacia i Ma\u0142opolski.<\/p>\n\n\n\n<p>Na planszach zosta\u0142y zaprezentowane fotografie ko\u015bcio\u0142\u00f3w i cerkwi, ukazuj\u0105ce ich architektoniczne pi\u0119kno oraz bogactwo wystroju wn\u0119trz i wyposa\u017cenia. Ka\u017cde zdj\u0119cie zawiera kr\u00f3tk\u0105 informacj\u0119 historyczn\u0105, kt\u00f3ra przybli\u017cy odwiedzaj\u0105cym histori\u0119 tych wyj\u0105tkowych obiekt\u00f3w.<\/p>\n\n\n\n<p>Na wystawie znajduje si\u0119 sze\u015b\u0107 ko\u015bcio\u0142\u00f3w zlokalizowanych w miejscowo\u015bciach: Blizne, Binarowa, D\u0119bno, Hacz\u00f3w, Lipnica Murowana i S\u0119kowa, kt\u00f3re le\u017c\u0105 na terenie wojew\u00f3dztwa ma\u0142opolskiego oraz podkarpackiego. Te \u015bwi\u0105tynie s\u0105 wyj\u0105tkowymi przyk\u0142adami gotyckiej drewnianej architektury sakralnej, charakteryzuj\u0105cej si\u0119 wysokim poziomem ciesielskiego detalu architektonicznego. Ich wn\u0119trza i wyposa\u017cenie prezentuj\u0105 r\u00f3\u017cnorodno\u015b\u0107 technik, styl\u00f3w, bogactwo program\u00f3w ikonograficznych oraz wybitne warto\u015bci artystyczne. Wi\u0119cej informacji na temat wpisu ko\u015bcio\u0142\u00f3w na List\u0119 \u015bwiatowego dziedzictwa mo\u017cna znale\u017a\u0107 na stronie <a href=\"https:\/\/zabytek.pl\/pl\">zabytek.pl<\/a>.<\/p>\n\n\n\n<p>W\u015br\u00f3d prezentowanych na wystawie cerkwi znajduje si\u0119 szesna\u015bcie drewnianych obiekt\u00f3w, kt\u00f3re znajduj\u0105 si\u0119 w polskim i ukrai\u0144skim regionie Karpat. Te cerkwie reprezentuj\u0105 charakterystyczne typy drewnianej architektury cerkiewnej, w tym cerkwie huculskie, halickie, bojkowskie i \u0142emkowskie, kt\u00f3re odzwierciedlaj\u0105 r\u00f3\u017cne style i tradycje budownictwa sakralnego. Ka\u017cda z tych cerkwi jest niepowtarzalna i stanowi cenny skarb dziedzictwa kulturowego. Wi\u0119cej informacji na temat wpisu cerkwi na List\u0119 \u015bwiatowego dziedzictwa znajduje si\u0119 na stronie <a href=\"https:\/\/zabytek.pl\/pl\">zabytek.pl<\/a>.<\/p>\n\n\n\n<p>Wernisa\u017c wystawy odby\u0142 si\u0119 18 kwietnia 2023 roku w \u0141a\u0144cucie, w ramach obchod\u00f3w Mi\u0119dzynarodowego Dnia Ochrony Zabytk\u00f3w. Wystawa w czerwcu by\u0142a eksponowana w Rzeszowie, teraz go\u015bci w Sanoku, a nast\u0119pnie trafi do Gorlic.<\/p>\n\n\n\n<p>Wystawa pod nazw\u0105 \u201eSkarby drewnianej architektury sakralnej. Ko\u015bcio\u0142y i cerkwie na Li\u015bcie \u015bwiatowego dziedzictwa UNESCO\u201d zosta\u0142a sfinansowana przez Ministerstwo Kultury i Dziedzictwa Narodowego.<\/p>\n\n\n\n<p>Zach\u0119camy wszystkich mi\u0142o\u015bnik\u00f3w architektury sakralnej i kultury do odwiedzenia tej wyj\u0105tkowej wystawy i odkrycia pi\u0119kna oraz warto\u015bci kulturowych wpisanych na List\u0119 \u015bwiatowego dziedzictwa UNESCO.<\/p>\n\n\n\n<p>Na zdj\u0119ciach wystawa w uroczym otoczeniu kasztelu w Szymbarku, w kt\u00f3rym dzi\u0119ki wsp\u00f3\u0142pracy Muzeum Karwacjan\u00f3w i G\u0142adysz\u00f3w w Gorlicach z Oddzia\u0142em Terenowym NID w Krakowie, odby\u0142 si\u0119 panel dyskusyjny po\u015bwi\u0119cony opiece nad drewnianymi obiektami sakralnymi. By\u0142o niezwykle ciekawie i \u2013 jak wida\u0107 \u2013 urzekaj\u0105co pi\u0119knie!<\/p>\n\n\n\n<p><\/p>\n\n\n\n<figure class=\"wp-block-image aligncenter size-large is-resized\"><img loading=\"lazy\" decoding=\"async\" src=\"https:\/\/nid.pl\/wp-content\/uploads\/2023\/09\/P1012847-1024x683.jpg\" alt=\"\" class=\"wp-image-13318\" style=\"width:647px;height:432px\" width=\"647\" height=\"432\"\/><figcaption class=\"wp-element-caption\">Otwarcie wystawy \u201eSkarby drewnianej architektury sakralnej\u201d w Szymbarku, fot. NID\/G. M\u0142ynarczyk<\/figcaption><\/figure>\n\n\n\n<figure class=\"wp-block-image aligncenter size-large is-resized\"><img loading=\"lazy\" decoding=\"async\" src=\"https:\/\/nid.pl\/wp-content\/uploads\/2023\/09\/P9072918-1024x683.jpg\" alt=\"\" class=\"wp-image-13317\" style=\"width:647px;height:431px\" width=\"647\" height=\"431\"\/><figcaption class=\"wp-element-caption\">Otwarcie wystawy \u201eSkarby drewnianej architektury sakralnej\u201d w Szymbarku, fot. NID\/G. M\u0142ynarczyk<\/figcaption><\/figure>\n\n\n\n<figure class=\"wp-block-image aligncenter size-large is-resized\"><img loading=\"lazy\" decoding=\"async\" src=\"https:\/\/nid.pl\/wp-content\/uploads\/2023\/09\/P9072904-1024x683.jpg\" alt=\"\" class=\"wp-image-13316\" style=\"width:649px;height:433px\" width=\"649\" height=\"433\"\/><figcaption class=\"wp-element-caption\">Otwarcie wystawy \u201eSkarby drewnianej architektury sakralnej\u201d w Szymbarku, fot. NID\/G. M\u0142ynarczyk<\/figcaption><\/figure>\n\n\n\n<figure class=\"wp-block-image aligncenter size-large is-resized\"><img loading=\"lazy\" decoding=\"async\" src=\"https:\/\/nid.pl\/wp-content\/uploads\/2023\/09\/P9072889-1024x683.jpg\" alt=\"\" class=\"wp-image-13319\" style=\"width:649px;height:433px\" width=\"649\" height=\"433\"\/><figcaption class=\"wp-element-caption\">Otwarcie wystawy \u201eSkarby drewnianej architektury sakralnej\u201d w Szymbarku, fot. NID\/G. M\u0142ynarczyk<\/figcaption><\/figure>\n\n\n\n<figure class=\"wp-block-image aligncenter size-large is-resized\"><img loading=\"lazy\" decoding=\"async\" src=\"https:\/\/nid.pl\/wp-content\/uploads\/2023\/09\/P9072915-1024x683.jpg\" alt=\"\" class=\"wp-image-13320\" style=\"width:647px;height:432px\" width=\"647\" height=\"432\"\/><figcaption class=\"wp-element-caption\">Otwarcie wystawy \u201eSkarby drewnianej architektury sakralnej\u201d w Szymbarku, fot. NID\/G. M\u0142ynarczyk<\/figcaption><\/figure>","protected":false},"excerpt":{"rendered":"<p>We wrze\u015bniu wystaw\u0119 \u201eSkarby drewnianej architektury sakralnej\u201d mo\u017cna ogl\u0105da\u0107 w Ma\u0142opolsce. Po wizycie w Kwiatoniu, obecnie znajduje si\u0119 w Szymbarku k. Gorlic, sk\u0105d pojedziecie do Binarowej, a nast\u0119pnie do Krakowa [&hellip;]<\/p>","protected":false},"author":7,"featured_media":13321,"comment_status":"closed","ping_status":"closed","sticky":false,"template":"","format":"standard","meta":{"_et_pb_use_builder":"off","_et_pb_old_content":"","_et_gb_content_width":"","_monsterinsights_skip_tracking":false,"_monsterinsights_sitenote_active":false,"_monsterinsights_sitenote_note":"","_monsterinsights_sitenote_category":0,"footnotes":""},"categories":[3,83],"tags":[],"class_list":["post-13314","post","type-post","status-publish","format-standard","has-post-thumbnail","hentry","category-aktualnosci","category-skarby-drewnianej-architektury-sakralnej"],"yoast_head":"<!-- This site is optimized with the Yoast SEO plugin v26.5 - https:\/\/yoast.com\/wordpress\/plugins\/seo\/ -->\n<title>Wystawa \u201eSkarby drewnianej architektury sakralnej\u201d odwiedza Ma\u0142opolsk\u0119 - NID<\/title>\n<meta name=\"robots\" content=\"index, follow, max-snippet:-1, max-image-preview:large, max-video-preview:-1\" \/>\n<link rel=\"canonical\" href=\"https:\/\/nid.pl\/en\/2023\/09\/19\/wystawa-skarby-drewnianej-architektury-sakralnej-odwiedza-malopolske\/\" \/>\n<meta property=\"og:locale\" content=\"en_GB\" \/>\n<meta property=\"og:type\" content=\"article\" \/>\n<meta property=\"og:title\" content=\"Wystawa \u201eSkarby drewnianej architektury sakralnej\u201d odwiedza Ma\u0142opolsk\u0119 - NID\" \/>\n<meta property=\"og:description\" content=\"We wrze\u015bniu wystaw\u0119 \u201eSkarby drewnianej architektury sakralnej\u201d mo\u017cna ogl\u0105da\u0107 w Ma\u0142opolsce. Po wizycie w Kwiatoniu, obecnie znajduje si\u0119 w Szymbarku k. Gorlic, sk\u0105d pojedziecie do Binarowej, a nast\u0119pnie do Krakowa [&hellip;]\" \/>\n<meta property=\"og:url\" content=\"https:\/\/nid.pl\/en\/2023\/09\/19\/wystawa-skarby-drewnianej-architektury-sakralnej-odwiedza-malopolske\/\" \/>\n<meta property=\"og:site_name\" content=\"NID\" \/>\n<meta property=\"article:publisher\" content=\"https:\/\/www.facebook.com\/zabytek\" \/>\n<meta property=\"article:published_time\" content=\"2023-09-19T12:07:08+00:00\" \/>\n<meta property=\"article:modified_time\" content=\"2023-09-19T12:07:13+00:00\" \/>\n<meta property=\"og:image\" content=\"https:\/\/nid.pl\/wp-content\/uploads\/2023\/09\/miniaturka-aktualnosci-NID1-11.jpg\" \/>\n\t<meta property=\"og:image:width\" content=\"1850\" \/>\n\t<meta property=\"og:image:height\" content=\"1238\" \/>\n\t<meta property=\"og:image:type\" content=\"image\/jpeg\" \/>\n<meta name=\"author\" content=\"Barbara Halliop\" \/>\n<meta name=\"twitter:card\" content=\"summary_large_image\" \/>\n<meta name=\"twitter:creator\" content=\"@NarIDpl\" \/>\n<meta name=\"twitter:site\" content=\"@NarIDpl\" \/>\n<meta name=\"twitter:label1\" content=\"Written by\" \/>\n\t<meta name=\"twitter:data1\" content=\"Barbara Halliop\" \/>\n\t<meta name=\"twitter:label2\" content=\"Estimated reading time\" \/>\n\t<meta name=\"twitter:data2\" content=\"4 minutes\" \/>\n<script type=\"application\/ld+json\" class=\"yoast-schema-graph\">{\"@context\":\"https:\/\/schema.org\",\"@graph\":[{\"@type\":\"Article\",\"@id\":\"https:\/\/nid.pl\/2023\/09\/19\/wystawa-skarby-drewnianej-architektury-sakralnej-odwiedza-malopolske\/#article\",\"isPartOf\":{\"@id\":\"https:\/\/nid.pl\/2023\/09\/19\/wystawa-skarby-drewnianej-architektury-sakralnej-odwiedza-malopolske\/\"},\"author\":{\"name\":\"Barbara Halliop\",\"@id\":\"https:\/\/nid.pl\/#\/schema\/person\/1b690a8998a5111cfb9f0ffe24195a15\"},\"headline\":\"Wystawa \u201eSkarby drewnianej architektury sakralnej\u201d odwiedza Ma\u0142opolsk\u0119\",\"datePublished\":\"2023-09-19T12:07:08+00:00\",\"dateModified\":\"2023-09-19T12:07:13+00:00\",\"mainEntityOfPage\":{\"@id\":\"https:\/\/nid.pl\/2023\/09\/19\/wystawa-skarby-drewnianej-architektury-sakralnej-odwiedza-malopolske\/\"},\"wordCount\":802,\"publisher\":{\"@id\":\"https:\/\/nid.pl\/#organization\"},\"image\":{\"@id\":\"https:\/\/nid.pl\/2023\/09\/19\/wystawa-skarby-drewnianej-architektury-sakralnej-odwiedza-malopolske\/#primaryimage\"},\"thumbnailUrl\":\"https:\/\/nid.pl\/wp-content\/uploads\/2023\/09\/miniaturka-aktualnosci-NID1-11.jpg\",\"articleSection\":[\"Aktualno\u015bci\",\"Skarby drewnianej architektury sakralnej\"],\"inLanguage\":\"en-GB\"},{\"@type\":\"WebPage\",\"@id\":\"https:\/\/nid.pl\/2023\/09\/19\/wystawa-skarby-drewnianej-architektury-sakralnej-odwiedza-malopolske\/\",\"url\":\"https:\/\/nid.pl\/2023\/09\/19\/wystawa-skarby-drewnianej-architektury-sakralnej-odwiedza-malopolske\/\",\"name\":\"Wystawa \u201eSkarby drewnianej architektury sakralnej\u201d odwiedza Ma\u0142opolsk\u0119 - NID\",\"isPartOf\":{\"@id\":\"https:\/\/nid.pl\/#website\"},\"primaryImageOfPage\":{\"@id\":\"https:\/\/nid.pl\/2023\/09\/19\/wystawa-skarby-drewnianej-architektury-sakralnej-odwiedza-malopolske\/#primaryimage\"},\"image\":{\"@id\":\"https:\/\/nid.pl\/2023\/09\/19\/wystawa-skarby-drewnianej-architektury-sakralnej-odwiedza-malopolske\/#primaryimage\"},\"thumbnailUrl\":\"https:\/\/nid.pl\/wp-content\/uploads\/2023\/09\/miniaturka-aktualnosci-NID1-11.jpg\",\"datePublished\":\"2023-09-19T12:07:08+00:00\",\"dateModified\":\"2023-09-19T12:07:13+00:00\",\"breadcrumb\":{\"@id\":\"https:\/\/nid.pl\/2023\/09\/19\/wystawa-skarby-drewnianej-architektury-sakralnej-odwiedza-malopolske\/#breadcrumb\"},\"inLanguage\":\"en-GB\",\"potentialAction\":[{\"@type\":\"ReadAction\",\"target\":[\"https:\/\/nid.pl\/2023\/09\/19\/wystawa-skarby-drewnianej-architektury-sakralnej-odwiedza-malopolske\/\"]}]},{\"@type\":\"ImageObject\",\"inLanguage\":\"en-GB\",\"@id\":\"https:\/\/nid.pl\/2023\/09\/19\/wystawa-skarby-drewnianej-architektury-sakralnej-odwiedza-malopolske\/#primaryimage\",\"url\":\"https:\/\/nid.pl\/wp-content\/uploads\/2023\/09\/miniaturka-aktualnosci-NID1-11.jpg\",\"contentUrl\":\"https:\/\/nid.pl\/wp-content\/uploads\/2023\/09\/miniaturka-aktualnosci-NID1-11.jpg\",\"width\":1850,\"height\":1238,\"caption\":\"Otwarcie wystawy \u201eSkarby drewnianej architektury sakralnej\u201d w Szymbarku, fot. NID\/G. M\u0142ynarczyk\"},{\"@type\":\"BreadcrumbList\",\"@id\":\"https:\/\/nid.pl\/2023\/09\/19\/wystawa-skarby-drewnianej-architektury-sakralnej-odwiedza-malopolske\/#breadcrumb\",\"itemListElement\":[{\"@type\":\"ListItem\",\"position\":1,\"name\":\"Home\",\"item\":\"https:\/\/nid.pl\/\"},{\"@type\":\"ListItem\",\"position\":2,\"name\":\"Wystawa \u201eSkarby drewnianej architektury sakralnej\u201d odwiedza Ma\u0142opolsk\u0119\"}]},{\"@type\":\"WebSite\",\"@id\":\"https:\/\/nid.pl\/#website\",\"url\":\"https:\/\/nid.pl\/\",\"name\":\"NID\",\"description\":\"Narodowy Instytut Dziedzictwa\",\"publisher\":{\"@id\":\"https:\/\/nid.pl\/#organization\"},\"potentialAction\":[{\"@type\":\"SearchAction\",\"target\":{\"@type\":\"EntryPoint\",\"urlTemplate\":\"https:\/\/nid.pl\/?s={search_term_string}\"},\"query-input\":{\"@type\":\"PropertyValueSpecification\",\"valueRequired\":true,\"valueName\":\"search_term_string\"}}],\"inLanguage\":\"en-GB\"},{\"@type\":\"Organization\",\"@id\":\"https:\/\/nid.pl\/#organization\",\"name\":\"Narodowy Instytut Dziedzictwa\",\"url\":\"https:\/\/nid.pl\/\",\"logo\":{\"@type\":\"ImageObject\",\"inLanguage\":\"en-GB\",\"@id\":\"https:\/\/nid.pl\/#\/schema\/logo\/image\/\",\"url\":\"https:\/\/nid.pl\/wp-content\/uploads\/2022\/10\/logoRedDark.png\",\"contentUrl\":\"https:\/\/nid.pl\/wp-content\/uploads\/2022\/10\/logoRedDark.png\",\"width\":200,\"height\":197,\"caption\":\"Narodowy Instytut Dziedzictwa\"},\"image\":{\"@id\":\"https:\/\/nid.pl\/#\/schema\/logo\/image\/\"},\"sameAs\":[\"https:\/\/www.facebook.com\/zabytek\",\"https:\/\/x.com\/NarIDpl\",\"https:\/\/www.instagram.com\/nid.pl\/?hl=pl\",\"https:\/\/www.linkedin.com\/company\/narodowy-instytut-dziedzictwa\",\"https:\/\/www.youtube.com\/channel\/UCQXuhKa2uHtmNvLRUSx40JA\"]},{\"@type\":\"Person\",\"@id\":\"https:\/\/nid.pl\/#\/schema\/person\/1b690a8998a5111cfb9f0ffe24195a15\",\"name\":\"Barbara Halliop\",\"image\":{\"@type\":\"ImageObject\",\"inLanguage\":\"en-GB\",\"@id\":\"https:\/\/nid.pl\/#\/schema\/person\/image\/\",\"url\":\"https:\/\/nid.pl\/wp-content\/litespeed\/avatar\/924046d17dd0c842c9fa9ccf489bc6dc.jpg?ver=1777444967\",\"contentUrl\":\"https:\/\/nid.pl\/wp-content\/litespeed\/avatar\/924046d17dd0c842c9fa9ccf489bc6dc.jpg?ver=1777444967\",\"caption\":\"Barbara Halliop\"},\"url\":\"https:\/\/nid.pl\/en\/author\/bhalliop\/\"}]}<\/script>\n<!-- \/ Yoast SEO plugin. -->","yoast_head_json":{"title":"Wystawa \u201eSkarby drewnianej architektury sakralnej\u201d odwiedza Ma\u0142opolsk\u0119 - NID","robots":{"index":"index","follow":"follow","max-snippet":"max-snippet:-1","max-image-preview":"max-image-preview:large","max-video-preview":"max-video-preview:-1"},"canonical":"https:\/\/nid.pl\/en\/2023\/09\/19\/wystawa-skarby-drewnianej-architektury-sakralnej-odwiedza-malopolske\/","og_locale":"en_GB","og_type":"article","og_title":"Wystawa \u201eSkarby drewnianej architektury sakralnej\u201d odwiedza Ma\u0142opolsk\u0119 - NID","og_description":"We wrze\u015bniu wystaw\u0119 \u201eSkarby drewnianej architektury sakralnej\u201d mo\u017cna ogl\u0105da\u0107 w Ma\u0142opolsce. Po wizycie w Kwiatoniu, obecnie znajduje si\u0119 w Szymbarku k. Gorlic, sk\u0105d pojedziecie do Binarowej, a nast\u0119pnie do Krakowa [&hellip;]","og_url":"https:\/\/nid.pl\/en\/2023\/09\/19\/wystawa-skarby-drewnianej-architektury-sakralnej-odwiedza-malopolske\/","og_site_name":"NID","article_publisher":"https:\/\/www.facebook.com\/zabytek","article_published_time":"2023-09-19T12:07:08+00:00","article_modified_time":"2023-09-19T12:07:13+00:00","og_image":[{"width":1850,"height":1238,"url":"https:\/\/nid.pl\/wp-content\/uploads\/2023\/09\/miniaturka-aktualnosci-NID1-11.jpg","type":"image\/jpeg"}],"author":"Barbara Halliop","twitter_card":"summary_large_image","twitter_creator":"@NarIDpl","twitter_site":"@NarIDpl","twitter_misc":{"Written by":"Barbara Halliop","Estimated reading time":"4 minutes"},"schema":{"@context":"https:\/\/schema.org","@graph":[{"@type":"Article","@id":"https:\/\/nid.pl\/2023\/09\/19\/wystawa-skarby-drewnianej-architektury-sakralnej-odwiedza-malopolske\/#article","isPartOf":{"@id":"https:\/\/nid.pl\/2023\/09\/19\/wystawa-skarby-drewnianej-architektury-sakralnej-odwiedza-malopolske\/"},"author":{"name":"Barbara Halliop","@id":"https:\/\/nid.pl\/#\/schema\/person\/1b690a8998a5111cfb9f0ffe24195a15"},"headline":"Wystawa \u201eSkarby drewnianej architektury sakralnej\u201d odwiedza Ma\u0142opolsk\u0119","datePublished":"2023-09-19T12:07:08+00:00","dateModified":"2023-09-19T12:07:13+00:00","mainEntityOfPage":{"@id":"https:\/\/nid.pl\/2023\/09\/19\/wystawa-skarby-drewnianej-architektury-sakralnej-odwiedza-malopolske\/"},"wordCount":802,"publisher":{"@id":"https:\/\/nid.pl\/#organization"},"image":{"@id":"https:\/\/nid.pl\/2023\/09\/19\/wystawa-skarby-drewnianej-architektury-sakralnej-odwiedza-malopolske\/#primaryimage"},"thumbnailUrl":"https:\/\/nid.pl\/wp-content\/uploads\/2023\/09\/miniaturka-aktualnosci-NID1-11.jpg","articleSection":["Aktualno\u015bci","Skarby drewnianej architektury sakralnej"],"inLanguage":"en-GB"},{"@type":"WebPage","@id":"https:\/\/nid.pl\/2023\/09\/19\/wystawa-skarby-drewnianej-architektury-sakralnej-odwiedza-malopolske\/","url":"https:\/\/nid.pl\/2023\/09\/19\/wystawa-skarby-drewnianej-architektury-sakralnej-odwiedza-malopolske\/","name":"Wystawa \u201eSkarby drewnianej architektury sakralnej\u201d odwiedza Ma\u0142opolsk\u0119 - NID","isPartOf":{"@id":"https:\/\/nid.pl\/#website"},"primaryImageOfPage":{"@id":"https:\/\/nid.pl\/2023\/09\/19\/wystawa-skarby-drewnianej-architektury-sakralnej-odwiedza-malopolske\/#primaryimage"},"image":{"@id":"https:\/\/nid.pl\/2023\/09\/19\/wystawa-skarby-drewnianej-architektury-sakralnej-odwiedza-malopolske\/#primaryimage"},"thumbnailUrl":"https:\/\/nid.pl\/wp-content\/uploads\/2023\/09\/miniaturka-aktualnosci-NID1-11.jpg","datePublished":"2023-09-19T12:07:08+00:00","dateModified":"2023-09-19T12:07:13+00:00","breadcrumb":{"@id":"https:\/\/nid.pl\/2023\/09\/19\/wystawa-skarby-drewnianej-architektury-sakralnej-odwiedza-malopolske\/#breadcrumb"},"inLanguage":"en-GB","potentialAction":[{"@type":"ReadAction","target":["https:\/\/nid.pl\/2023\/09\/19\/wystawa-skarby-drewnianej-architektury-sakralnej-odwiedza-malopolske\/"]}]},{"@type":"ImageObject","inLanguage":"en-GB","@id":"https:\/\/nid.pl\/2023\/09\/19\/wystawa-skarby-drewnianej-architektury-sakralnej-odwiedza-malopolske\/#primaryimage","url":"https:\/\/nid.pl\/wp-content\/uploads\/2023\/09\/miniaturka-aktualnosci-NID1-11.jpg","contentUrl":"https:\/\/nid.pl\/wp-content\/uploads\/2023\/09\/miniaturka-aktualnosci-NID1-11.jpg","width":1850,"height":1238,"caption":"Otwarcie wystawy \u201eSkarby drewnianej architektury sakralnej\u201d w Szymbarku, fot. NID\/G. M\u0142ynarczyk"},{"@type":"BreadcrumbList","@id":"https:\/\/nid.pl\/2023\/09\/19\/wystawa-skarby-drewnianej-architektury-sakralnej-odwiedza-malopolske\/#breadcrumb","itemListElement":[{"@type":"ListItem","position":1,"name":"Home","item":"https:\/\/nid.pl\/"},{"@type":"ListItem","position":2,"name":"Wystawa \u201eSkarby drewnianej architektury sakralnej\u201d odwiedza Ma\u0142opolsk\u0119"}]},{"@type":"WebSite","@id":"https:\/\/nid.pl\/#website","url":"https:\/\/nid.pl\/","name":"NID","description":"Narodowy Instytut Dziedzictwa","publisher":{"@id":"https:\/\/nid.pl\/#organization"},"potentialAction":[{"@type":"SearchAction","target":{"@type":"EntryPoint","urlTemplate":"https:\/\/nid.pl\/?s={search_term_string}"},"query-input":{"@type":"PropertyValueSpecification","valueRequired":true,"valueName":"search_term_string"}}],"inLanguage":"en-GB"},{"@type":"Organization","@id":"https:\/\/nid.pl\/#organization","name":"Narodowy Instytut Dziedzictwa","url":"https:\/\/nid.pl\/","logo":{"@type":"ImageObject","inLanguage":"en-GB","@id":"https:\/\/nid.pl\/#\/schema\/logo\/image\/","url":"https:\/\/nid.pl\/wp-content\/uploads\/2022\/10\/logoRedDark.png","contentUrl":"https:\/\/nid.pl\/wp-content\/uploads\/2022\/10\/logoRedDark.png","width":200,"height":197,"caption":"Narodowy Instytut Dziedzictwa"},"image":{"@id":"https:\/\/nid.pl\/#\/schema\/logo\/image\/"},"sameAs":["https:\/\/www.facebook.com\/zabytek","https:\/\/x.com\/NarIDpl","https:\/\/www.instagram.com\/nid.pl\/?hl=pl","https:\/\/www.linkedin.com\/company\/narodowy-instytut-dziedzictwa","https:\/\/www.youtube.com\/channel\/UCQXuhKa2uHtmNvLRUSx40JA"]},{"@type":"Person","@id":"https:\/\/nid.pl\/#\/schema\/person\/1b690a8998a5111cfb9f0ffe24195a15","name":"Barbara Halliop","image":{"@type":"ImageObject","inLanguage":"en-GB","@id":"https:\/\/nid.pl\/#\/schema\/person\/image\/","url":"https:\/\/nid.pl\/wp-content\/litespeed\/avatar\/924046d17dd0c842c9fa9ccf489bc6dc.jpg?ver=1777444967","contentUrl":"https:\/\/nid.pl\/wp-content\/litespeed\/avatar\/924046d17dd0c842c9fa9ccf489bc6dc.jpg?ver=1777444967","caption":"Barbara Halliop"},"url":"https:\/\/nid.pl\/en\/author\/bhalliop\/"}]}},"_links":{"self":[{"href":"https:\/\/nid.pl\/en\/wp-json\/wp\/v2\/posts\/13314","targetHints":{"allow":["GET"]}}],"collection":[{"href":"https:\/\/nid.pl\/en\/wp-json\/wp\/v2\/posts"}],"about":[{"href":"https:\/\/nid.pl\/en\/wp-json\/wp\/v2\/types\/post"}],"author":[{"embeddable":true,"href":"https:\/\/nid.pl\/en\/wp-json\/wp\/v2\/users\/7"}],"replies":[{"embeddable":true,"href":"https:\/\/nid.pl\/en\/wp-json\/wp\/v2\/comments?post=13314"}],"version-history":[{"count":0,"href":"https:\/\/nid.pl\/en\/wp-json\/wp\/v2\/posts\/13314\/revisions"}],"wp:featuredmedia":[{"embeddable":true,"href":"https:\/\/nid.pl\/en\/wp-json\/wp\/v2\/media\/13321"}],"wp:attachment":[{"href":"https:\/\/nid.pl\/en\/wp-json\/wp\/v2\/media?parent=13314"}],"wp:term":[{"taxonomy":"category","embeddable":true,"href":"https:\/\/nid.pl\/en\/wp-json\/wp\/v2\/categories?post=13314"},{"taxonomy":"post_tag","embeddable":true,"href":"https:\/\/nid.pl\/en\/wp-json\/wp\/v2\/tags?post=13314"}],"curies":[{"name":"wp","href":"https:\/\/api.w.org\/{rel}","templated":true}]}}