{"id":13307,"date":"2023-09-19T13:02:07","date_gmt":"2023-09-19T11:02:07","guid":{"rendered":"https:\/\/nid.pl\/?p=13307"},"modified":"2023-09-22T10:41:04","modified_gmt":"2023-09-22T08:41:04","slug":"jak-poprawic-jakosc-zycia-w-starych-budynkach-zapraszamy-na-kolejne-webinarium","status":"publish","type":"post","link":"https:\/\/nid.pl\/en\/2023\/09\/19\/jak-poprawic-jakosc-zycia-w-starych-budynkach-zapraszamy-na-kolejne-webinarium\/","title":{"rendered":"Jak poprawi\u0107 jako\u015b\u0107 \u017cycia w starych budynkach? Zapraszamy na kolejne webinarium!"},"content":{"rendered":"<p><strong>Zapraszamy na kontynuacj\u0119 webinarium po\u015bwi\u0119conego termomodernizacji. 10 pa\u017adziernika odb\u0119dzie si\u0119 spotkanie po\u015bwi\u0119cone problematyce wentylacji, energii i ogrzewania. Udzia\u0142 w spotkaniach jest bezp\u0142atny. Obowi\u0105zuje wcze\u015bniejsza rejestracja! Narodowy Instytut Dziedzictwa zaprasza inwestor\u00f3w publicznych i prywatnych, a tak\u017ce pracownik\u00f3w jednostek samorz\u0105du terytorialnego, kt\u00f3rzy planuj\u0105 prace termomodernizacyjne oraz wszystkie osoby zainteresowane tematyk\u0105.<\/strong><\/p>\n\n\n\n<p>Jak efektywnie wentylowa\u0107 wn\u0119trza, obni\u017caj\u0105c koszty ogrzewania i emisj\u0119 zanieczyszcze\u0144? Jak zachowa\u0107 warto\u015b\u0107 estetyczn\u0105 i historyczn\u0105 obiekt\u00f3w przy jednoczesnym zapewnieniu trwa\u0142o\u015bci element\u00f3w dziedzictwa kulturowego? Na te i inne pytania odpowie dr Tomasz Jele\u0144ski.<\/p>\n\n\n\n<p>Cz\u0119\u015b\u0107 2 \u2013 Wentylacja, energia, ogrzewanie \u2013 10 pa\u017adziernik 2023 r., godz. 11.00<\/p>\n\n\n\n<p>Link do formularza rejestracyjnego:\u00a0<a href=\"https:\/\/events.teams.microsoft.com\/event\/aec2a1d1-2325-4685-82db-57c334737e31@263a2be6-39c0-4c4d-9b57-59437c69146e\">><\/a><a href=\"https:\/\/events.teams.microsoft.com\/event\/e3a8e6cb-d5c5-445f-9b12-d7fe07cdfb61@263a2be6-39c0-4c4d-9b57-59437c69146e\">tutaj&lt;<\/a><\/p>\n\n\n\n<p>Udzia\u0142 w webinarium \u201eAlgorytmy optymalnego zakresu renowacji energetycznej\u201d jest bezp\u0142atny.<\/p>\n\n\n\n<p>Ka\u017cdy budynek ma swoj\u0105 unikaln\u0105 histori\u0119 i specyficzne cechy, dlatego podczas planowania proces\u00f3w renowacji lub modernizacji wa\u017cne jest dostosowanie zakresu prac i \u015brodk\u00f3w do jego indywidualnych potrzeb, przy uwzgl\u0119dnieniu ekspertyzy z zakresu konserwacji. Jednak, to podej\u015bcie mo\u017ce znacz\u0105co op\u00f3\u017ania\u0107 etapy projektowe oraz wymaga\u0107 uzyskania odpowiednich zezwole\u0144, szczeg\u00f3lnie w przypadku obiekt\u00f3w zabytkowych.<\/p>\n\n\n\n<p>Wyzwaniem jest znalezienie praktycznych narz\u0119dzi, kt\u00f3re mog\u0105 usprawni\u0107 ochron\u0119 dziedzictwa kulturowego, przy jednoczesnym przestrzeganiu zasady minimalnej ingerencji. Jednocze\u015bnie, te narz\u0119dzia powinny umo\u017cliwia\u0107 popraw\u0119 funkcjonalno\u015bci historycznych budynk\u00f3w, ograniczaj\u0105c ich negatywny wp\u0142yw na \u015brodowisko naturalne i klimat oraz zwi\u0119kszaj\u0105c ich odporno\u015b\u0107 na r\u00f3\u017cne zagro\u017cenia.<\/p>\n\n\n\n<p>Narodowy Instytut Dziedzictwa zaprasza na webinaria z serii \u201eAlgorytmy optymalnego zakresu renowacji energetycznej\u201d, kt\u00f3ry poprowadzi dyrektor Mi\u0119dzynarodowego Centrum Kszta\u0142cenia Politechniki Krakowskiej, dr Tomasz Jele\u0144ski.<\/p>\n\n\n\n<p><strong>Do kogo skierowany jest webinar? Dlaczego warto wzi\u0105\u0107 w nim udzia\u0142?<\/strong><\/p>\n\n\n\n<p>Inwestorzy publiczni i prywatni, a tak\u017ce pracownicy jednostek samorz\u0105du terytorialnego, kt\u00f3rzy planuj\u0105 prace termomodernizacyjne na du\u017c\u0105 skal\u0119. Ponadto szerokie grono odbiorc\u00f3w, kt\u00f3rzy poszukuj\u0105 wskaz\u00f3wek:<\/p>\n\n\n\n<ul class=\"wp-block-list\">\n<li>jak poprawi\u0107 warunki higieniczne, dobrostan i jako\u015b\u0107 \u017cycia w starych budynkach?<\/li>\n\n\n\n<li>jak odpowiednio wentylowa\u0107 wn\u0119trza, unika\u0107 zawilgoce\u0144, zmniejsza\u0107 ryzyko podtopie\u0144, r\u00f3wnocze\u015bnie ograniczaj\u0105c koszty ogrzewania, zanieczyszczenia py\u0142owe i emisj\u0119 gaz\u00f3w cieplarnianych?<\/li>\n\n\n\n<li>jak nie nara\u017ca\u0107 przy tym historycznych obiekt\u00f3w na utrat\u0119 warto\u015bci estetycznych lub zabytkowych, ale zapewni\u0107 im trwanie, dla kolejnych pokole\u0144, jako cennych element\u00f3w \u015brodowiska kulturowego?<\/li>\n<\/ul>\n\n\n\n<p><strong>Najwa\u017cniejsze tezy:<\/strong><\/p>\n\n\n\n<p>Obecnie brakuje praktycznej wiedzy i wytycznych, kt\u00f3re u\u0142atwi\u0142yby i przyspieszy\u0142y wsp\u00f3\u0142prac\u0119 inwestor\u00f3w i projektant\u00f3w z konserwatorami oraz sprawn\u0105 analiz\u0119 przypadku jako podstaw\u0119 podejmowania lub wydawania decyzji. Je\u017celi wytyczne si\u0119 pojawiaj\u0105, to cz\u0119sto s\u0105 zbyt sztywne i nie pozwalaj\u0105 na indywidualizacj\u0119 rozwi\u0105za\u0144.<\/p>\n\n\n\n<p>Jak zauwa\u017ca dr Jele\u0144ski, odpowiedzi\u0105 na te braki mo\u017ce by\u0107 algorytm, czyli narz\u0119dzie, kt\u00f3re prowadzi nas z okre\u015blonego stanu pocz\u0105tkowego do po\u017c\u0105danego stanu ko\u0144cowego, podpowiadaj\u0105c spos\u00f3b post\u0119powania w procesie analityczno-projektowym:<\/p>\n\n\n\n<p>\u2013<em> Proponowany zestaw algorytm\u00f3w ma na celu przede wszystkim eliminacj\u0119 b\u0142\u0119d\u00f3w, kt\u00f3re s\u0105 cz\u0119sto pope\u0142niane przy renowacji i termomodernizacji. Ma prowadzi\u0107 nas okre\u015blon\u0105 \u015bcie\u017ck\u0105 rozumowania i wskazywa\u0107 optymalne rozwi\u0105zania, przy uwzgl\u0119dnieniu specyficznych czynnik\u00f3w i indywidualnych uwarunkowa\u0144 budynku. Te czynniki uwzgl\u0119dniamy m.in. akcentuj\u0105c potrzeby ochrony warto\u015bci zabytkowych i estetycznych, wprowadzania odnawialnych \u017ar\u00f3de\u0142 energii, a tak\u017ce rozwa\u017caj\u0105c kwestie koszt\u00f3w zewn\u0119trznych. Ka\u017cdy z proponowanych algorytm\u00f3w zawiera te\u017c bloki odnosz\u0105ce si\u0119 do warto\u015bci spo\u0142ecznych i ekonomicznych<\/em> \u2013 m\u00f3wi dr Tomasz Jele\u0144ski.<\/p>\n\n\n\n<p>Udzia\u0142 w webinarium \u201eAlgorytmy optymalnego zakresu renowacji energetycznej\u201d jest bezp\u0142atny.<\/p>\n\n\n\n<p><strong>Dr Tomasz Jele\u0144ski \u2013 <\/strong>nauczyciel akademicki, urbanista, dyrektor Mi\u0119dzynarodowego Centrum Kszta\u0142cenia Politechniki Krakowskiej, tw\u00f3rca i kierownik Studi\u00f3w Podyplomowych \u201eZarz\u0105dzanie zr\u00f3wnowa\u017conym rozwojem miast\u201d. Autor nagradzanych projekt\u00f3w oraz kilkudziesi\u0119ciu publikacji naukowych na temat metod zarz\u0105dzania partycypacyjnego, trwa\u0142o\u015bci i resiliencji w oparciu o dziedzictwo naturalne i kulturowe. Prezes INTBAU Polska i przewodnicz\u0105cy (Chairman) INTBAU College of Chapters. Cz\u0142onek Rady Fundacji Sendzimira i Komisji Ekspert\u00f3w Rzecznika Praw Obywatelskich \u201eKlimat i Przestrze\u0144\u201d.<\/p>\n\n\n\n<p><\/p>\n\n\n\n<figure class=\"wp-block-image aligncenter size-large\"><img loading=\"lazy\" decoding=\"async\" width=\"1024\" height=\"768\" src=\"https:\/\/nid.pl\/wp-content\/uploads\/2023\/09\/NID_webinar_eco_1200x900-1024x768.jpg\" alt=\"\" class=\"wp-image-13323\" srcset=\"https:\/\/nid.pl\/wp-content\/uploads\/2023\/09\/NID_webinar_eco_1200x900-1024x768.jpg 1024w, https:\/\/nid.pl\/wp-content\/uploads\/2023\/09\/NID_webinar_eco_1200x900-980x735.jpg 980w, https:\/\/nid.pl\/wp-content\/uploads\/2023\/09\/NID_webinar_eco_1200x900-480x360.jpg 480w\" sizes=\"(min-width: 0px) and (max-width: 480px) 480px, (min-width: 481px) and (max-width: 980px) 980px, (min-width: 981px) 1024px, 100vw\" \/><\/figure>","protected":false},"excerpt":{"rendered":"<p>Zapraszamy na kontynuacj\u0119 webinarium po\u015bwi\u0119conego termomodernizacji. 10 pa\u017adziernika odb\u0119dzie si\u0119 spotkanie po\u015bwi\u0119cone problematyce wentylacji, energii i ogrzewania. Udzia\u0142 w spotkaniach jest bezp\u0142atny. Obowi\u0105zuje wcze\u015bniejsza rejestracja! Narodowy Instytut Dziedzictwa zaprasza inwestor\u00f3w [&hellip;]<\/p>","protected":false},"author":7,"featured_media":13309,"comment_status":"closed","ping_status":"closed","sticky":false,"template":"","format":"standard","meta":{"_et_pb_use_builder":"off","_et_pb_old_content":"","_et_gb_content_width":"","_monsterinsights_skip_tracking":false,"_monsterinsights_sitenote_active":false,"_monsterinsights_sitenote_note":"","_monsterinsights_sitenote_category":0,"footnotes":""},"categories":[3],"tags":[],"class_list":["post-13307","post","type-post","status-publish","format-standard","has-post-thumbnail","hentry","category-aktualnosci"],"yoast_head":"<!-- This site is optimized with the Yoast SEO plugin v26.5 - https:\/\/yoast.com\/wordpress\/plugins\/seo\/ -->\n<title>Jak poprawi\u0107 jako\u015b\u0107 \u017cycia w starych budynkach? Zapraszamy na kolejne webinarium! - NID<\/title>\n<meta name=\"robots\" content=\"index, follow, max-snippet:-1, max-image-preview:large, max-video-preview:-1\" \/>\n<link rel=\"canonical\" href=\"https:\/\/nid.pl\/en\/2023\/09\/19\/jak-poprawic-jakosc-zycia-w-starych-budynkach-zapraszamy-na-kolejne-webinarium\/\" \/>\n<meta property=\"og:locale\" content=\"en_GB\" \/>\n<meta property=\"og:type\" content=\"article\" \/>\n<meta property=\"og:title\" content=\"Jak poprawi\u0107 jako\u015b\u0107 \u017cycia w starych budynkach? Zapraszamy na kolejne webinarium! - NID\" \/>\n<meta property=\"og:description\" content=\"Zapraszamy na kontynuacj\u0119 webinarium po\u015bwi\u0119conego termomodernizacji. 10 pa\u017adziernika odb\u0119dzie si\u0119 spotkanie po\u015bwi\u0119cone problematyce wentylacji, energii i ogrzewania. Udzia\u0142 w spotkaniach jest bezp\u0142atny. Obowi\u0105zuje wcze\u015bniejsza rejestracja! Narodowy Instytut Dziedzictwa zaprasza inwestor\u00f3w [&hellip;]\" \/>\n<meta property=\"og:url\" content=\"https:\/\/nid.pl\/en\/2023\/09\/19\/jak-poprawic-jakosc-zycia-w-starych-budynkach-zapraszamy-na-kolejne-webinarium\/\" \/>\n<meta property=\"og:site_name\" content=\"NID\" \/>\n<meta property=\"article:publisher\" content=\"https:\/\/www.facebook.com\/zabytek\" \/>\n<meta property=\"article:published_time\" content=\"2023-09-19T11:02:07+00:00\" \/>\n<meta property=\"article:modified_time\" content=\"2023-09-22T08:41:04+00:00\" \/>\n<meta property=\"og:image\" content=\"https:\/\/nid.pl\/wp-content\/uploads\/2023\/09\/miniaturka-aktualnosci-NID1-10.jpg\" \/>\n\t<meta property=\"og:image:width\" content=\"1850\" \/>\n\t<meta property=\"og:image:height\" content=\"1238\" \/>\n\t<meta property=\"og:image:type\" content=\"image\/jpeg\" \/>\n<meta name=\"author\" content=\"Barbara Halliop\" \/>\n<meta name=\"twitter:card\" content=\"summary_large_image\" \/>\n<meta name=\"twitter:creator\" content=\"@NarIDpl\" \/>\n<meta name=\"twitter:site\" content=\"@NarIDpl\" \/>\n<meta name=\"twitter:label1\" content=\"Written by\" \/>\n\t<meta name=\"twitter:data1\" content=\"Barbara Halliop\" \/>\n\t<meta name=\"twitter:label2\" content=\"Estimated reading time\" \/>\n\t<meta name=\"twitter:data2\" content=\"3 minutes\" \/>\n<script type=\"application\/ld+json\" class=\"yoast-schema-graph\">{\"@context\":\"https:\/\/schema.org\",\"@graph\":[{\"@type\":\"Article\",\"@id\":\"https:\/\/nid.pl\/2023\/09\/19\/jak-poprawic-jakosc-zycia-w-starych-budynkach-zapraszamy-na-kolejne-webinarium\/#article\",\"isPartOf\":{\"@id\":\"https:\/\/nid.pl\/2023\/09\/19\/jak-poprawic-jakosc-zycia-w-starych-budynkach-zapraszamy-na-kolejne-webinarium\/\"},\"author\":{\"name\":\"Barbara Halliop\",\"@id\":\"https:\/\/nid.pl\/#\/schema\/person\/1b690a8998a5111cfb9f0ffe24195a15\"},\"headline\":\"Jak poprawi\u0107 jako\u015b\u0107 \u017cycia w starych budynkach? Zapraszamy na kolejne webinarium!\",\"datePublished\":\"2023-09-19T11:02:07+00:00\",\"dateModified\":\"2023-09-22T08:41:04+00:00\",\"mainEntityOfPage\":{\"@id\":\"https:\/\/nid.pl\/2023\/09\/19\/jak-poprawic-jakosc-zycia-w-starych-budynkach-zapraszamy-na-kolejne-webinarium\/\"},\"wordCount\":681,\"publisher\":{\"@id\":\"https:\/\/nid.pl\/#organization\"},\"image\":{\"@id\":\"https:\/\/nid.pl\/2023\/09\/19\/jak-poprawic-jakosc-zycia-w-starych-budynkach-zapraszamy-na-kolejne-webinarium\/#primaryimage\"},\"thumbnailUrl\":\"https:\/\/nid.pl\/wp-content\/uploads\/2023\/09\/miniaturka-aktualnosci-NID1-10.jpg\",\"articleSection\":[\"Aktualno\u015bci\"],\"inLanguage\":\"en-GB\"},{\"@type\":\"WebPage\",\"@id\":\"https:\/\/nid.pl\/2023\/09\/19\/jak-poprawic-jakosc-zycia-w-starych-budynkach-zapraszamy-na-kolejne-webinarium\/\",\"url\":\"https:\/\/nid.pl\/2023\/09\/19\/jak-poprawic-jakosc-zycia-w-starych-budynkach-zapraszamy-na-kolejne-webinarium\/\",\"name\":\"Jak poprawi\u0107 jako\u015b\u0107 \u017cycia w starych budynkach? Zapraszamy na kolejne webinarium! - NID\",\"isPartOf\":{\"@id\":\"https:\/\/nid.pl\/#website\"},\"primaryImageOfPage\":{\"@id\":\"https:\/\/nid.pl\/2023\/09\/19\/jak-poprawic-jakosc-zycia-w-starych-budynkach-zapraszamy-na-kolejne-webinarium\/#primaryimage\"},\"image\":{\"@id\":\"https:\/\/nid.pl\/2023\/09\/19\/jak-poprawic-jakosc-zycia-w-starych-budynkach-zapraszamy-na-kolejne-webinarium\/#primaryimage\"},\"thumbnailUrl\":\"https:\/\/nid.pl\/wp-content\/uploads\/2023\/09\/miniaturka-aktualnosci-NID1-10.jpg\",\"datePublished\":\"2023-09-19T11:02:07+00:00\",\"dateModified\":\"2023-09-22T08:41:04+00:00\",\"breadcrumb\":{\"@id\":\"https:\/\/nid.pl\/2023\/09\/19\/jak-poprawic-jakosc-zycia-w-starych-budynkach-zapraszamy-na-kolejne-webinarium\/#breadcrumb\"},\"inLanguage\":\"en-GB\",\"potentialAction\":[{\"@type\":\"ReadAction\",\"target\":[\"https:\/\/nid.pl\/2023\/09\/19\/jak-poprawic-jakosc-zycia-w-starych-budynkach-zapraszamy-na-kolejne-webinarium\/\"]}]},{\"@type\":\"ImageObject\",\"inLanguage\":\"en-GB\",\"@id\":\"https:\/\/nid.pl\/2023\/09\/19\/jak-poprawic-jakosc-zycia-w-starych-budynkach-zapraszamy-na-kolejne-webinarium\/#primaryimage\",\"url\":\"https:\/\/nid.pl\/wp-content\/uploads\/2023\/09\/miniaturka-aktualnosci-NID1-10.jpg\",\"contentUrl\":\"https:\/\/nid.pl\/wp-content\/uploads\/2023\/09\/miniaturka-aktualnosci-NID1-10.jpg\",\"width\":1850,\"height\":1238,\"caption\":\"Jak poprawi\u0107 jako\u015b\u0107 \u017cycia w starych budynkach? Zapraszamy na kolejne webinarium\"},{\"@type\":\"BreadcrumbList\",\"@id\":\"https:\/\/nid.pl\/2023\/09\/19\/jak-poprawic-jakosc-zycia-w-starych-budynkach-zapraszamy-na-kolejne-webinarium\/#breadcrumb\",\"itemListElement\":[{\"@type\":\"ListItem\",\"position\":1,\"name\":\"Home\",\"item\":\"https:\/\/nid.pl\/\"},{\"@type\":\"ListItem\",\"position\":2,\"name\":\"Jak poprawi\u0107 jako\u015b\u0107 \u017cycia w starych budynkach? Zapraszamy na kolejne webinarium!\"}]},{\"@type\":\"WebSite\",\"@id\":\"https:\/\/nid.pl\/#website\",\"url\":\"https:\/\/nid.pl\/\",\"name\":\"NID\",\"description\":\"Narodowy Instytut Dziedzictwa\",\"publisher\":{\"@id\":\"https:\/\/nid.pl\/#organization\"},\"potentialAction\":[{\"@type\":\"SearchAction\",\"target\":{\"@type\":\"EntryPoint\",\"urlTemplate\":\"https:\/\/nid.pl\/?s={search_term_string}\"},\"query-input\":{\"@type\":\"PropertyValueSpecification\",\"valueRequired\":true,\"valueName\":\"search_term_string\"}}],\"inLanguage\":\"en-GB\"},{\"@type\":\"Organization\",\"@id\":\"https:\/\/nid.pl\/#organization\",\"name\":\"Narodowy Instytut Dziedzictwa\",\"url\":\"https:\/\/nid.pl\/\",\"logo\":{\"@type\":\"ImageObject\",\"inLanguage\":\"en-GB\",\"@id\":\"https:\/\/nid.pl\/#\/schema\/logo\/image\/\",\"url\":\"https:\/\/nid.pl\/wp-content\/uploads\/2022\/10\/logoRedDark.png\",\"contentUrl\":\"https:\/\/nid.pl\/wp-content\/uploads\/2022\/10\/logoRedDark.png\",\"width\":200,\"height\":197,\"caption\":\"Narodowy Instytut Dziedzictwa\"},\"image\":{\"@id\":\"https:\/\/nid.pl\/#\/schema\/logo\/image\/\"},\"sameAs\":[\"https:\/\/www.facebook.com\/zabytek\",\"https:\/\/x.com\/NarIDpl\",\"https:\/\/www.instagram.com\/nid.pl\/?hl=pl\",\"https:\/\/www.linkedin.com\/company\/narodowy-instytut-dziedzictwa\",\"https:\/\/www.youtube.com\/channel\/UCQXuhKa2uHtmNvLRUSx40JA\"]},{\"@type\":\"Person\",\"@id\":\"https:\/\/nid.pl\/#\/schema\/person\/1b690a8998a5111cfb9f0ffe24195a15\",\"name\":\"Barbara Halliop\",\"image\":{\"@type\":\"ImageObject\",\"inLanguage\":\"en-GB\",\"@id\":\"https:\/\/nid.pl\/#\/schema\/person\/image\/\",\"url\":\"https:\/\/nid.pl\/wp-content\/litespeed\/avatar\/924046d17dd0c842c9fa9ccf489bc6dc.jpg?ver=1777444967\",\"contentUrl\":\"https:\/\/nid.pl\/wp-content\/litespeed\/avatar\/924046d17dd0c842c9fa9ccf489bc6dc.jpg?ver=1777444967\",\"caption\":\"Barbara Halliop\"},\"url\":\"https:\/\/nid.pl\/en\/author\/bhalliop\/\"}]}<\/script>\n<!-- \/ Yoast SEO plugin. -->","yoast_head_json":{"title":"Jak poprawi\u0107 jako\u015b\u0107 \u017cycia w starych budynkach? Zapraszamy na kolejne webinarium! - NID","robots":{"index":"index","follow":"follow","max-snippet":"max-snippet:-1","max-image-preview":"max-image-preview:large","max-video-preview":"max-video-preview:-1"},"canonical":"https:\/\/nid.pl\/en\/2023\/09\/19\/jak-poprawic-jakosc-zycia-w-starych-budynkach-zapraszamy-na-kolejne-webinarium\/","og_locale":"en_GB","og_type":"article","og_title":"Jak poprawi\u0107 jako\u015b\u0107 \u017cycia w starych budynkach? Zapraszamy na kolejne webinarium! - NID","og_description":"Zapraszamy na kontynuacj\u0119 webinarium po\u015bwi\u0119conego termomodernizacji. 10 pa\u017adziernika odb\u0119dzie si\u0119 spotkanie po\u015bwi\u0119cone problematyce wentylacji, energii i ogrzewania. Udzia\u0142 w spotkaniach jest bezp\u0142atny. Obowi\u0105zuje wcze\u015bniejsza rejestracja! Narodowy Instytut Dziedzictwa zaprasza inwestor\u00f3w [&hellip;]","og_url":"https:\/\/nid.pl\/en\/2023\/09\/19\/jak-poprawic-jakosc-zycia-w-starych-budynkach-zapraszamy-na-kolejne-webinarium\/","og_site_name":"NID","article_publisher":"https:\/\/www.facebook.com\/zabytek","article_published_time":"2023-09-19T11:02:07+00:00","article_modified_time":"2023-09-22T08:41:04+00:00","og_image":[{"width":1850,"height":1238,"url":"https:\/\/nid.pl\/wp-content\/uploads\/2023\/09\/miniaturka-aktualnosci-NID1-10.jpg","type":"image\/jpeg"}],"author":"Barbara Halliop","twitter_card":"summary_large_image","twitter_creator":"@NarIDpl","twitter_site":"@NarIDpl","twitter_misc":{"Written by":"Barbara Halliop","Estimated reading time":"3 minutes"},"schema":{"@context":"https:\/\/schema.org","@graph":[{"@type":"Article","@id":"https:\/\/nid.pl\/2023\/09\/19\/jak-poprawic-jakosc-zycia-w-starych-budynkach-zapraszamy-na-kolejne-webinarium\/#article","isPartOf":{"@id":"https:\/\/nid.pl\/2023\/09\/19\/jak-poprawic-jakosc-zycia-w-starych-budynkach-zapraszamy-na-kolejne-webinarium\/"},"author":{"name":"Barbara Halliop","@id":"https:\/\/nid.pl\/#\/schema\/person\/1b690a8998a5111cfb9f0ffe24195a15"},"headline":"Jak poprawi\u0107 jako\u015b\u0107 \u017cycia w starych budynkach? Zapraszamy na kolejne webinarium!","datePublished":"2023-09-19T11:02:07+00:00","dateModified":"2023-09-22T08:41:04+00:00","mainEntityOfPage":{"@id":"https:\/\/nid.pl\/2023\/09\/19\/jak-poprawic-jakosc-zycia-w-starych-budynkach-zapraszamy-na-kolejne-webinarium\/"},"wordCount":681,"publisher":{"@id":"https:\/\/nid.pl\/#organization"},"image":{"@id":"https:\/\/nid.pl\/2023\/09\/19\/jak-poprawic-jakosc-zycia-w-starych-budynkach-zapraszamy-na-kolejne-webinarium\/#primaryimage"},"thumbnailUrl":"https:\/\/nid.pl\/wp-content\/uploads\/2023\/09\/miniaturka-aktualnosci-NID1-10.jpg","articleSection":["Aktualno\u015bci"],"inLanguage":"en-GB"},{"@type":"WebPage","@id":"https:\/\/nid.pl\/2023\/09\/19\/jak-poprawic-jakosc-zycia-w-starych-budynkach-zapraszamy-na-kolejne-webinarium\/","url":"https:\/\/nid.pl\/2023\/09\/19\/jak-poprawic-jakosc-zycia-w-starych-budynkach-zapraszamy-na-kolejne-webinarium\/","name":"Jak poprawi\u0107 jako\u015b\u0107 \u017cycia w starych budynkach? Zapraszamy na kolejne webinarium! - NID","isPartOf":{"@id":"https:\/\/nid.pl\/#website"},"primaryImageOfPage":{"@id":"https:\/\/nid.pl\/2023\/09\/19\/jak-poprawic-jakosc-zycia-w-starych-budynkach-zapraszamy-na-kolejne-webinarium\/#primaryimage"},"image":{"@id":"https:\/\/nid.pl\/2023\/09\/19\/jak-poprawic-jakosc-zycia-w-starych-budynkach-zapraszamy-na-kolejne-webinarium\/#primaryimage"},"thumbnailUrl":"https:\/\/nid.pl\/wp-content\/uploads\/2023\/09\/miniaturka-aktualnosci-NID1-10.jpg","datePublished":"2023-09-19T11:02:07+00:00","dateModified":"2023-09-22T08:41:04+00:00","breadcrumb":{"@id":"https:\/\/nid.pl\/2023\/09\/19\/jak-poprawic-jakosc-zycia-w-starych-budynkach-zapraszamy-na-kolejne-webinarium\/#breadcrumb"},"inLanguage":"en-GB","potentialAction":[{"@type":"ReadAction","target":["https:\/\/nid.pl\/2023\/09\/19\/jak-poprawic-jakosc-zycia-w-starych-budynkach-zapraszamy-na-kolejne-webinarium\/"]}]},{"@type":"ImageObject","inLanguage":"en-GB","@id":"https:\/\/nid.pl\/2023\/09\/19\/jak-poprawic-jakosc-zycia-w-starych-budynkach-zapraszamy-na-kolejne-webinarium\/#primaryimage","url":"https:\/\/nid.pl\/wp-content\/uploads\/2023\/09\/miniaturka-aktualnosci-NID1-10.jpg","contentUrl":"https:\/\/nid.pl\/wp-content\/uploads\/2023\/09\/miniaturka-aktualnosci-NID1-10.jpg","width":1850,"height":1238,"caption":"Jak poprawi\u0107 jako\u015b\u0107 \u017cycia w starych budynkach? Zapraszamy na kolejne webinarium"},{"@type":"BreadcrumbList","@id":"https:\/\/nid.pl\/2023\/09\/19\/jak-poprawic-jakosc-zycia-w-starych-budynkach-zapraszamy-na-kolejne-webinarium\/#breadcrumb","itemListElement":[{"@type":"ListItem","position":1,"name":"Home","item":"https:\/\/nid.pl\/"},{"@type":"ListItem","position":2,"name":"Jak poprawi\u0107 jako\u015b\u0107 \u017cycia w starych budynkach? Zapraszamy na kolejne webinarium!"}]},{"@type":"WebSite","@id":"https:\/\/nid.pl\/#website","url":"https:\/\/nid.pl\/","name":"NID","description":"Narodowy Instytut Dziedzictwa","publisher":{"@id":"https:\/\/nid.pl\/#organization"},"potentialAction":[{"@type":"SearchAction","target":{"@type":"EntryPoint","urlTemplate":"https:\/\/nid.pl\/?s={search_term_string}"},"query-input":{"@type":"PropertyValueSpecification","valueRequired":true,"valueName":"search_term_string"}}],"inLanguage":"en-GB"},{"@type":"Organization","@id":"https:\/\/nid.pl\/#organization","name":"Narodowy Instytut Dziedzictwa","url":"https:\/\/nid.pl\/","logo":{"@type":"ImageObject","inLanguage":"en-GB","@id":"https:\/\/nid.pl\/#\/schema\/logo\/image\/","url":"https:\/\/nid.pl\/wp-content\/uploads\/2022\/10\/logoRedDark.png","contentUrl":"https:\/\/nid.pl\/wp-content\/uploads\/2022\/10\/logoRedDark.png","width":200,"height":197,"caption":"Narodowy Instytut Dziedzictwa"},"image":{"@id":"https:\/\/nid.pl\/#\/schema\/logo\/image\/"},"sameAs":["https:\/\/www.facebook.com\/zabytek","https:\/\/x.com\/NarIDpl","https:\/\/www.instagram.com\/nid.pl\/?hl=pl","https:\/\/www.linkedin.com\/company\/narodowy-instytut-dziedzictwa","https:\/\/www.youtube.com\/channel\/UCQXuhKa2uHtmNvLRUSx40JA"]},{"@type":"Person","@id":"https:\/\/nid.pl\/#\/schema\/person\/1b690a8998a5111cfb9f0ffe24195a15","name":"Barbara Halliop","image":{"@type":"ImageObject","inLanguage":"en-GB","@id":"https:\/\/nid.pl\/#\/schema\/person\/image\/","url":"https:\/\/nid.pl\/wp-content\/litespeed\/avatar\/924046d17dd0c842c9fa9ccf489bc6dc.jpg?ver=1777444967","contentUrl":"https:\/\/nid.pl\/wp-content\/litespeed\/avatar\/924046d17dd0c842c9fa9ccf489bc6dc.jpg?ver=1777444967","caption":"Barbara Halliop"},"url":"https:\/\/nid.pl\/en\/author\/bhalliop\/"}]}},"_links":{"self":[{"href":"https:\/\/nid.pl\/en\/wp-json\/wp\/v2\/posts\/13307","targetHints":{"allow":["GET"]}}],"collection":[{"href":"https:\/\/nid.pl\/en\/wp-json\/wp\/v2\/posts"}],"about":[{"href":"https:\/\/nid.pl\/en\/wp-json\/wp\/v2\/types\/post"}],"author":[{"embeddable":true,"href":"https:\/\/nid.pl\/en\/wp-json\/wp\/v2\/users\/7"}],"replies":[{"embeddable":true,"href":"https:\/\/nid.pl\/en\/wp-json\/wp\/v2\/comments?post=13307"}],"version-history":[{"count":0,"href":"https:\/\/nid.pl\/en\/wp-json\/wp\/v2\/posts\/13307\/revisions"}],"wp:featuredmedia":[{"embeddable":true,"href":"https:\/\/nid.pl\/en\/wp-json\/wp\/v2\/media\/13309"}],"wp:attachment":[{"href":"https:\/\/nid.pl\/en\/wp-json\/wp\/v2\/media?parent=13307"}],"wp:term":[{"taxonomy":"category","embeddable":true,"href":"https:\/\/nid.pl\/en\/wp-json\/wp\/v2\/categories?post=13307"},{"taxonomy":"post_tag","embeddable":true,"href":"https:\/\/nid.pl\/en\/wp-json\/wp\/v2\/tags?post=13307"}],"curies":[{"name":"wp","href":"https:\/\/api.w.org\/{rel}","templated":true}]}}