{"id":13284,"date":"2023-09-15T15:10:40","date_gmt":"2023-09-15T13:10:40","guid":{"rendered":"https:\/\/nid.pl\/?p=13284"},"modified":"2023-09-15T15:10:44","modified_gmt":"2023-09-15T13:10:44","slug":"tradycje-od-pokolen-niematerialne-dziedzictwo-kulturowe-w-polsce-otwarcie-wystawy-w-ostrolece-juz-21-wrzesnia","status":"publish","type":"post","link":"https:\/\/nid.pl\/en\/2023\/09\/15\/tradycje-od-pokolen-niematerialne-dziedzictwo-kulturowe-w-polsce-otwarcie-wystawy-w-ostrolece-juz-21-wrzesnia\/","title":{"rendered":"Tradycje od pokole\u0144. Niematerialne dziedzictwo kulturowe w Polsce \u2013 otwarcie wystawy w Ostro\u0142\u0119ce ju\u017c 21 wrze\u015bnia!"},"content":{"rendered":"<p><strong>Kurpiowszczyzna to kolejny przystanek z og\u00f3lnopolskiej trasy prezentacji wystawy<\/strong> <strong>\u201eTradycje od pokole\u0144. Niematerialne dziedzictwo kulturowe w Polsce\u201d. Dyrektor Narodowego Instytutu Dziedzictwa oraz dyrektor Muzeum Kultury Kurpiowskiej w Ostro\u0142\u0119ce, zapraszaj\u0105 na otwarcie wystawy oraz konferencj\u0119 i prezentacje depozytariuszy z wojew\u00f3dztwa mazowieckiego, podlaskiego i warmi\u0144sko-mazurskiego.<\/strong><\/p>\n\n\n\n<p>Niematerialne dziedzictwo kulturowe to przekazywane z pokolenia na pokolenie tradycje, zwyczaje, obrz\u0119dy i umiej\u0119tno\u015bci odziedziczone po przodkach. Na Li\u015bcie reprezentatywnej niematerialnego dziedzictwa kulturowego ludzko\u015bci UNESCO znajduje si\u0119 pi\u0119\u0107 polskich wpis\u00f3w: szopkarstwo krakowskie, kultura bartnicza, sokolnictwo, dywany kwiatowe przygotowywane na procesje Bo\u017cego Cia\u0142a oraz tradycje flisackie. W 2023 roku obchodzimy 20-lecie Konwencji UNESCO dotycz\u0105cej ochrony niematerialnego dziedzictwa kulturowego i 10-lecie Krajowej listy niematerialnego dziedzictwa kulturowego w Polsce. Z tej okazji Narodowy Instytut Dziedzictwa organizuje wystaw\u0119 &#8220;Tradycje od pokole\u0144. Niematerialne dziedzictwo kulturowe w Polsce&#8221; prezentowan\u0105 w 6 miastach Polski, wraz z sesjami, spotkaniami i konferencjami po\u015bwi\u0119conymi tematowi niematerialnego dziedzictwa kulturowego.<\/p>\n\n\n\n<p>21 wrze\u015bnia o godz. 13.00, w Muzeum Kultury Kurpiowskiej w Ostro\u0142\u0119ce, odb\u0119dzie si\u0119 otwarcie wystawy oraz regionalne obchody jubileuszu niematerialnego dziedzictwa kulturowego. Konferencji b\u0119d\u0105 towarzyszy\u0142y prezentacje depozytariuszy z wojew\u00f3dztwa mazowieckiego, podlaskiego i warmi\u0144sko-mazurskiego.<\/p>\n\n\n\n<p><strong>Mazowsze b\u0119d\u0105 reprezentowali <\/strong>depozytariusze nast\u0119puj\u0105cych element\u00f3w wpisanych na Krajow\u0105 list\u0119 niematerialnego dziedzictwa kulturowego:\u00a0<\/p>\n\n\n\n<ul class=\"wp-block-list\">\n<li>Tradycyjne \u015bwi\u0119cenie pokarm\u00f3w w D\u0105browie Chotomowskiej,<\/li>\n\n\n\n<li>Bartnictwo (depozytariusze bartnictwa na Kurpiach),<\/li>\n\n\n\n<li>Wypiek by\u015bk\u00f3w i nowych latek Kurpi\u00f3w Puszczy Zielonej,<\/li>\n\n\n\n<li>Hafciarstwo z nadwi\u015bla\u0144skiego Urzecza,<\/li>\n\n\n\n<li>Wycinankarstwo kurpiowskie z Puszczy Zielonej,<\/li>\n\n\n\n<li>Bursztyniarstwo kurpiowskie z Puszczy Zielonej,<\/li>\n\n\n\n<li>Hafciarstwo kurpiowskie z Puszczy Bia\u0142ej,<\/li>\n\n\n\n<li>Hafciarstwo kurpiowskie z Puszczy Zielonej,<\/li>\n\n\n\n<li>Wielkanocne barabanienie w I\u0142\u017cy.<\/li>\n<\/ul>\n\n\n\n<p><strong>Warmi\u0119 i Mazury b\u0119d\u0105 reprezentowali<\/strong> depozytariusze wpis\u00f3w:<\/p>\n\n\n\n<ul class=\"wp-block-list\">\n<li>Gwara warmi\u0144ska jako no\u015bnik tradycji ustnych<\/li>\n\n\n\n<li>Umiej\u0119tno\u015b\u0107 wytwarzania czepc\u00f3w warmi\u0144skich<\/li>\n<\/ul>\n\n\n\n<p>Natomiast <strong>Podlasie b\u0119d\u0105 reprezentowali<\/strong> depozytariusze kultury bartniczej.<\/p>\n\n\n\n<p><strong>Wystaw\u0119 plenerow\u0105 \u201eTradycje od pokole\u0144. Niematerialne dziedzictwo kulturowe w Polsce\u201d b\u0119dzie mo\u017cna ogl\u0105da\u0107 do 25 pa\u017adziernika 2023 roku, na placu gen. J\u00f3zefa Bema w Ostro\u0142\u0119ce.<\/strong><\/p>\n\n\n\n<p>Od 2013 roku Narodowy Instytut Dziedzictwa, dzia\u0142aj\u0105c w imieniu Ministra Kultury i Dziedzictwa Narodowego, prowadzi <a href=\"https:\/\/niematerialne.nid.pl\/niematerialne-dziedzictwo-kulturowe\/krajowa-lista-niematerialnego-dziedzictwa-kulturowego\/\">Krajow\u0105 list\u0119 niematerialnego dziedzictwa kulturowego Polski<\/a>. To zestawienie r\u00f3\u017cnorodnych wyraz\u00f3w \u017cywego dziedzictwa kulturowego z ca\u0142ego kraju. Obecnie na li\u015bcie znajduje si\u0119 83 zjawiska, takie jak tworzenie koronek koniakowskich, skubanie pierza na \u015al\u0105sku Opolskim, zabawkarstwo \u017cywiecko-suskie, tradycyjne szkutnictwo Pucka czy muzyka carillonowa.<\/p>\n\n\n\n<p>Jak wyja\u015bnia Dyrektor Narodowego Instytutu Dziedzictwa utworzenie Krajowej listy jest niezwykle istotne nie tylko dla zachowania polskich tradycji, ale r\u00f3wnie\u017c promowania ich na \u015bwiecie:<\/p>\n\n\n\n<p>\u2013 <em>Krajowa lista niematerialnego dziedzictwa kulturowego ma niezwykle istotne zadanie: przedstawienie bogactwa i r\u00f3\u017cnorodno\u015bci \u017cywego dziedzictwa niematerialnego oraz wyra\u017cenie uznania dla spo\u0142eczno\u015bci kultywuj\u0105cych w\u0142asne tradycje. Jednocze\u015bnie tworzy ona podstaw\u0119 do umieszczenia przejaw\u00f3w niematerialnego dziedzictwa kulturowego z terenu naszego kraju na mi\u0119dzynarodowych listach, prowadzonych przez UNESCO, co jest istotnym elementem promocji polskich tradycji w \u015bwiecie<\/em> \u2013 m\u00f3wi dr hab. Katarzyna Zalasi\u0144ska.<\/p>\n\n\n\n<p><strong>Wycinankarstwo kurpiowskie z Puszczy Zielonej<\/strong><\/p>\n\n\n\n<p>Tradycyjna wycinanka kurpiowska z Puszczy Zielonej jest ozdob\u0105 wykonywan\u0105 z bia\u0142ego lub kolorowego papieru. Arty\u015bci tego rzemios\u0142a nie tylko odtwarzali wzory tradycyjnych wycinanek, takich jak leluje, lasy, monstrancje czy gwiazdy, lecz tak\u017ce tworzyli swoje w\u0142asne interpretacje, nadaj\u0105c im unikalny styl. Dzi\u0119ki papierowi i precyzyjnym d\u0142oniom, pos\u0142uguj\u0105c si\u0119 no\u017cycami do strzy\u017cenia owiec, byli w stanie formowa\u0107 dzie\u0142a, kt\u00f3re \u0142\u0105czy\u0142y delikatno\u015b\u0107 faktury z wyrazist\u0105 form\u0105. Ta papierowa sztuka zdobnicza pojawi\u0142a si\u0119 na Kurpiach w po\u0142owie XIX wieku i praktykowana jest do dzi\u015b. W przesz\u0142o\u015bci wycinanki mo\u017cna by\u0142o znale\u017a\u0107 na \u015bcianach dom\u00f3w lub u\u017cywane jako firanki w oknach. W dzisiejszych czasach cz\u0119\u015bciej s\u0105 one pi\u0119knie oprawiane i wystawiane jako ozdoby \u015bcienne lub eksponowane na honorowych miejscach na kredensach w domach. Wycinankarstwo kurpiowskie z Puszczy Zielonej w 2020 r. zosta\u0142o wpisane na <a href=\"https:\/\/niematerialne.nid.pl\/niematerialne-dziedzictwo-kulturowe\/krajowa-lista-niematerialnego-dziedzictwa-kulturowego\/\">Krajow\u0105 list\u0119 niematerialnego dziedzictwa kulturowego<\/a>.<\/p>\n\n\n\n<p><strong>Bursztyniarstwo kurpiowskie z Puszczy Zielonej<\/strong><\/p>\n\n\n\n<p>Kurpie, podobnie jak Pomorze, maj\u0105 d\u0142ug\u0105 histori\u0119 zwi\u0105zan\u0105 z bursztynem. Wydobycie tego cennego surowca przez wieki sta\u0142 si\u0119 integraln\u0105 cz\u0119\u015bci\u0105 \u017cycia w Puszczy Zielonej. Bursztyn by\u0142 znaleziskiem zar\u00f3wno na powierzchni ziemi, jak i w rzekach czy stawach. Kurpie rozwijali wiedz\u0119 na temat miejsc, gdzie m\u00f3g\u0142 wyst\u0119powa\u0107 bursztyn, obserwuj\u0105c kolor wody i ziemi. Do\u015bwiadczeni bursztyniarze potrafili r\u00f3wnie\u017c rozr\u00f3\u017cni\u0107, czy znaleziona bry\u0142ka nadaje si\u0119 do wyrob\u00f3w czy do kadzide\u0142.<\/p>\n\n\n\n<p>Dzi\u015b jest niewielu bursztyniarzy na Kurpiach, ale staraj\u0105 si\u0119 przekaza\u0107 swoj\u0105 wiedz\u0119 i tradycj\u0119 zar\u00f3wno w rodzinach, jak i poprzez organizacj\u0119 edukacyjnych wydarze\u0144 w regionie, aby zachowa\u0107 t\u0119 cenn\u0105 dziedzictwo. Bursztyniarstwo kurpiowskie z Puszczy Zielonej zosta\u0142o wpisane na <a href=\"https:\/\/niematerialne.nid.pl\/niematerialne-dziedzictwo-kulturowe\/krajowa-lista-niematerialnego-dziedzictwa-kulturowego\/\">Krajow\u0105 list\u0119 niematerialnego dziedzictwa kulturowego<\/a> w 2022 roku.<\/p>\n\n\n\n<p><strong>Umiej\u0119tno\u015b\u0107 wytwarzania czepc\u00f3w warmi\u0144skich<\/strong><\/p>\n\n\n\n<p>Najstarsze informacje o nakryciach g\u0142owy kobiet na Warmii i Mazurach pochodz\u0105 z XVII wieku. Czepiec warmi\u0144ski, nazywany tak\u017ce tward\u0105 myck\u0105 lub galonkiem, to dawniej cz\u0119\u015b\u0107 tradycyjnego stroju zam\u0119\u017cnych Warmianek. Sk\u0142ada\u0142 si\u0119 z denka, otoku i wst\u0105\u017cek. Denko mia\u0142o kszta\u0142t podkowy i by\u0142o usztywnione, st\u0105d okre\u015blenie &#8220;twarda micka&#8221;. Haft wykonywano z wykorzystaniem z\u0142otych lub srebrnych nici na materia\u0142ach takich jak jedwab, aksamit lub adamaszek. Motywy &#8220;drzewa \u017cycia,&#8221; granatu i kwiat\u00f3w by\u0142y cz\u0119sto u\u017cywane w dekoracji denka, a tak\u017ce dodawano cekiny i kolorowe blaszki, co sprawia\u0142o, \u017ce czepiec prezentowa\u0142 si\u0119 bardzo efektownie. Umiej\u0119tno\u015b\u0107 wytwarzania czepc\u00f3w warmi\u0144skich jest piel\u0119gnowana poprzez licznie spotkania popularyzatorskie, warsztaty r\u0119kodzielnicze, a tak\u017ce poprzez u\u017cywanie go jako wyrazu przynale\u017cno\u015bci do regionu, np. podczas \u015bwi\u0105t. Umiej\u0119tno\u015b\u0107 ta zosta\u0142a wpisana na <a href=\"https:\/\/niematerialne.nid.pl\/niematerialne-dziedzictwo-kulturowe\/krajowa-lista-niematerialnego-dziedzictwa-kulturowego\/\">Krajow\u0105 list\u0119 niematerialnego dziedzictwa kulturowego<\/a> w 2021 roku.<\/p>\n\n\n\n<p><\/p>\n\n\n\n<p><strong>Program Jubileuszu\u00a0 20-lecia Konwencji UNESCO w sprawie ochrony niematerialnego dziedzictwa kulturowego i 10-lecia Krajowej listy niematerialnego dziedzictwa kulturowego w wojew\u00f3dztwie mazowieckim:<\/strong><\/p>\n\n\n\n<p><strong>Kiedy:<\/strong>21 wrze\u015bnia 2023 roku<br><strong>Gdzie: <\/strong>Muzeum Kultury Kurpiowskiej w Ostro\u0142\u0119ce, plac Genera\u0142a J\u00f3zefa Bema 8<\/p>\n\n\n\n<p><strong>13:00<\/strong><br>Otwarcie wystawy \u201eTradycje od pokole\u0144. Niematerialne dziedzictwo kulturowe w Polsce\u201d &#8211; Plac gen. J\u00f3zefa Bema<\/p>\n\n\n\n<p><strong>13:30<\/strong><br>Prezentacja r\u0119kodzie\u0142a oraz regionalnych tradycji &#8211; Stoiska w Muzeum Kultury Kurpiowskiej<\/p>\n\n\n\n<p><strong>14:30<\/strong><br><strong><em>Zwyczaje i tradycje na Krajowej li\u015bcie niematerialnego dziedzictwa kulturowego <\/em><\/strong>\u2013 Katarzyna Sadowska-Mazur, Kierownik zespo\u0142u ds. niematerialnego dziedzictwa kulturowego, NID<br><strong><em>Niematerialne dziedzictwo kulturowe wojew\u00f3dztwa podlaskiego i warmi\u0144sko-mazurskiego<\/em><\/strong> \u2013 Marta Liszewska, \u00a0koordynator ds. niematerialnego dziedzictwa kulturowego, NID<br><strong><em>Niematerialne dziedzictwo kulturowe wojew\u00f3dztwa mazowieckiego <\/em><\/strong>\u2013 Anna Borkowska-Knio\u0142ek, zesp\u00f3\u0142 komunikacji NID<\/p>\n\n\n\n<p><strong>15:30<\/strong><br>Koncert muzyki tradycyjnej<\/p>\n\n\n\n<p><\/p>\n\n\n\n<p><strong>Organizatorem<\/strong> jest Narodowy Instytut Dziedzictwa we wsp\u00f3\u0142pracy z Muzeum Kultury Kurpiowskiej w Ostro\u0142\u0119ce.<\/p>\n\n\n\n<p><strong>Wystawa zosta\u0142a obj\u0119ta honorowym patronatem Polskiego Komitetu do spraw UNESCO.<\/strong><\/p>\n\n\n\n<p>Organizacja jubileuszu <strong>\u201e10 lat Krajowej listy niematerialnego dziedzictwa kulturowego\u201d <\/strong>jest finansowana ze \u015brodk\u00f3w Ministerstwa Kultury i Dziedzictwa Narodowego.<\/p>","protected":false},"excerpt":{"rendered":"<p>Kurpiowszczyzna to kolejny przystanek z og\u00f3lnopolskiej trasy prezentacji wystawy \u201eTradycje od pokole\u0144. Niematerialne dziedzictwo kulturowe w Polsce\u201d. Dyrektor Narodowego Instytutu Dziedzictwa oraz dyrektor Muzeum Kultury Kurpiowskiej w Ostro\u0142\u0119ce, zapraszaj\u0105 na [&hellip;]<\/p>","protected":false},"author":7,"featured_media":13286,"comment_status":"closed","ping_status":"closed","sticky":false,"template":"","format":"standard","meta":{"_et_pb_use_builder":"off","_et_pb_old_content":"","_et_gb_content_width":"","_monsterinsights_skip_tracking":false,"_monsterinsights_sitenote_active":false,"_monsterinsights_sitenote_note":"","_monsterinsights_sitenote_category":0,"footnotes":""},"categories":[3,84],"tags":[],"class_list":["post-13284","post","type-post","status-publish","format-standard","has-post-thumbnail","hentry","category-aktualnosci","category-tradycje-od-pokolen"],"yoast_head":"<!-- This site is optimized with the Yoast SEO plugin v26.5 - https:\/\/yoast.com\/wordpress\/plugins\/seo\/ -->\n<title>Tradycje od pokole\u0144. Niematerialne dziedzictwo kulturowe w Polsce \u2013 otwarcie wystawy w Ostro\u0142\u0119ce ju\u017c 21 wrze\u015bnia! - NID<\/title>\n<meta name=\"robots\" content=\"index, follow, max-snippet:-1, max-image-preview:large, max-video-preview:-1\" \/>\n<link rel=\"canonical\" href=\"https:\/\/nid.pl\/en\/2023\/09\/15\/tradycje-od-pokolen-niematerialne-dziedzictwo-kulturowe-w-polsce-otwarcie-wystawy-w-ostrolece-juz-21-wrzesnia\/\" \/>\n<meta property=\"og:locale\" content=\"en_GB\" \/>\n<meta property=\"og:type\" content=\"article\" \/>\n<meta property=\"og:title\" content=\"Tradycje od pokole\u0144. Niematerialne dziedzictwo kulturowe w Polsce \u2013 otwarcie wystawy w Ostro\u0142\u0119ce ju\u017c 21 wrze\u015bnia! - NID\" \/>\n<meta property=\"og:description\" content=\"Kurpiowszczyzna to kolejny przystanek z og\u00f3lnopolskiej trasy prezentacji wystawy \u201eTradycje od pokole\u0144. Niematerialne dziedzictwo kulturowe w Polsce\u201d. Dyrektor Narodowego Instytutu Dziedzictwa oraz dyrektor Muzeum Kultury Kurpiowskiej w Ostro\u0142\u0119ce, zapraszaj\u0105 na [&hellip;]\" \/>\n<meta property=\"og:url\" content=\"https:\/\/nid.pl\/en\/2023\/09\/15\/tradycje-od-pokolen-niematerialne-dziedzictwo-kulturowe-w-polsce-otwarcie-wystawy-w-ostrolece-juz-21-wrzesnia\/\" \/>\n<meta property=\"og:site_name\" content=\"NID\" \/>\n<meta property=\"article:publisher\" content=\"https:\/\/www.facebook.com\/zabytek\" \/>\n<meta property=\"article:published_time\" content=\"2023-09-15T13:10:40+00:00\" \/>\n<meta property=\"article:modified_time\" content=\"2023-09-15T13:10:44+00:00\" \/>\n<meta property=\"og:image\" content=\"https:\/\/nid.pl\/wp-content\/uploads\/2023\/09\/miniaturka-aktualnosci-NID1-8.jpg\" \/>\n\t<meta property=\"og:image:width\" content=\"1850\" \/>\n\t<meta property=\"og:image:height\" content=\"1238\" \/>\n\t<meta property=\"og:image:type\" content=\"image\/jpeg\" \/>\n<meta name=\"author\" content=\"Barbara Halliop\" \/>\n<meta name=\"twitter:card\" content=\"summary_large_image\" \/>\n<meta name=\"twitter:creator\" content=\"@NarIDpl\" \/>\n<meta name=\"twitter:site\" content=\"@NarIDpl\" \/>\n<meta name=\"twitter:label1\" content=\"Written by\" \/>\n\t<meta name=\"twitter:data1\" content=\"Barbara Halliop\" \/>\n\t<meta name=\"twitter:label2\" content=\"Estimated reading time\" \/>\n\t<meta name=\"twitter:data2\" content=\"5 minutes\" \/>\n<script type=\"application\/ld+json\" class=\"yoast-schema-graph\">{\"@context\":\"https:\/\/schema.org\",\"@graph\":[{\"@type\":\"Article\",\"@id\":\"https:\/\/nid.pl\/2023\/09\/15\/tradycje-od-pokolen-niematerialne-dziedzictwo-kulturowe-w-polsce-otwarcie-wystawy-w-ostrolece-juz-21-wrzesnia\/#article\",\"isPartOf\":{\"@id\":\"https:\/\/nid.pl\/2023\/09\/15\/tradycje-od-pokolen-niematerialne-dziedzictwo-kulturowe-w-polsce-otwarcie-wystawy-w-ostrolece-juz-21-wrzesnia\/\"},\"author\":{\"name\":\"Barbara Halliop\",\"@id\":\"https:\/\/nid.pl\/#\/schema\/person\/1b690a8998a5111cfb9f0ffe24195a15\"},\"headline\":\"Tradycje od pokole\u0144. Niematerialne dziedzictwo kulturowe w Polsce \u2013 otwarcie wystawy w Ostro\u0142\u0119ce ju\u017c 21 wrze\u015bnia!\",\"datePublished\":\"2023-09-15T13:10:40+00:00\",\"dateModified\":\"2023-09-15T13:10:44+00:00\",\"mainEntityOfPage\":{\"@id\":\"https:\/\/nid.pl\/2023\/09\/15\/tradycje-od-pokolen-niematerialne-dziedzictwo-kulturowe-w-polsce-otwarcie-wystawy-w-ostrolece-juz-21-wrzesnia\/\"},\"wordCount\":1124,\"publisher\":{\"@id\":\"https:\/\/nid.pl\/#organization\"},\"image\":{\"@id\":\"https:\/\/nid.pl\/2023\/09\/15\/tradycje-od-pokolen-niematerialne-dziedzictwo-kulturowe-w-polsce-otwarcie-wystawy-w-ostrolece-juz-21-wrzesnia\/#primaryimage\"},\"thumbnailUrl\":\"https:\/\/nid.pl\/wp-content\/uploads\/2023\/09\/miniaturka-aktualnosci-NID1-8.jpg\",\"articleSection\":[\"Aktualno\u015bci\",\"Tradycje od pokole\u0144. Niematerialne dziedzictwo kulturowe w Polsce\"],\"inLanguage\":\"en-GB\"},{\"@type\":\"WebPage\",\"@id\":\"https:\/\/nid.pl\/2023\/09\/15\/tradycje-od-pokolen-niematerialne-dziedzictwo-kulturowe-w-polsce-otwarcie-wystawy-w-ostrolece-juz-21-wrzesnia\/\",\"url\":\"https:\/\/nid.pl\/2023\/09\/15\/tradycje-od-pokolen-niematerialne-dziedzictwo-kulturowe-w-polsce-otwarcie-wystawy-w-ostrolece-juz-21-wrzesnia\/\",\"name\":\"Tradycje od pokole\u0144. Niematerialne dziedzictwo kulturowe w Polsce \u2013 otwarcie wystawy w Ostro\u0142\u0119ce ju\u017c 21 wrze\u015bnia! - NID\",\"isPartOf\":{\"@id\":\"https:\/\/nid.pl\/#website\"},\"primaryImageOfPage\":{\"@id\":\"https:\/\/nid.pl\/2023\/09\/15\/tradycje-od-pokolen-niematerialne-dziedzictwo-kulturowe-w-polsce-otwarcie-wystawy-w-ostrolece-juz-21-wrzesnia\/#primaryimage\"},\"image\":{\"@id\":\"https:\/\/nid.pl\/2023\/09\/15\/tradycje-od-pokolen-niematerialne-dziedzictwo-kulturowe-w-polsce-otwarcie-wystawy-w-ostrolece-juz-21-wrzesnia\/#primaryimage\"},\"thumbnailUrl\":\"https:\/\/nid.pl\/wp-content\/uploads\/2023\/09\/miniaturka-aktualnosci-NID1-8.jpg\",\"datePublished\":\"2023-09-15T13:10:40+00:00\",\"dateModified\":\"2023-09-15T13:10:44+00:00\",\"breadcrumb\":{\"@id\":\"https:\/\/nid.pl\/2023\/09\/15\/tradycje-od-pokolen-niematerialne-dziedzictwo-kulturowe-w-polsce-otwarcie-wystawy-w-ostrolece-juz-21-wrzesnia\/#breadcrumb\"},\"inLanguage\":\"en-GB\",\"potentialAction\":[{\"@type\":\"ReadAction\",\"target\":[\"https:\/\/nid.pl\/2023\/09\/15\/tradycje-od-pokolen-niematerialne-dziedzictwo-kulturowe-w-polsce-otwarcie-wystawy-w-ostrolece-juz-21-wrzesnia\/\"]}]},{\"@type\":\"ImageObject\",\"inLanguage\":\"en-GB\",\"@id\":\"https:\/\/nid.pl\/2023\/09\/15\/tradycje-od-pokolen-niematerialne-dziedzictwo-kulturowe-w-polsce-otwarcie-wystawy-w-ostrolece-juz-21-wrzesnia\/#primaryimage\",\"url\":\"https:\/\/nid.pl\/wp-content\/uploads\/2023\/09\/miniaturka-aktualnosci-NID1-8.jpg\",\"contentUrl\":\"https:\/\/nid.pl\/wp-content\/uploads\/2023\/09\/miniaturka-aktualnosci-NID1-8.jpg\",\"width\":1850,\"height\":1238,\"caption\":\"Tradycje od pokole\u0144. Niematerialne dziedzictwo kulturowe w Polsce \u2013 otwarcie wystawy w Ostro\u0142\u0119ce ju\u017c 21 wrze\u015bnia\"},{\"@type\":\"BreadcrumbList\",\"@id\":\"https:\/\/nid.pl\/2023\/09\/15\/tradycje-od-pokolen-niematerialne-dziedzictwo-kulturowe-w-polsce-otwarcie-wystawy-w-ostrolece-juz-21-wrzesnia\/#breadcrumb\",\"itemListElement\":[{\"@type\":\"ListItem\",\"position\":1,\"name\":\"Home\",\"item\":\"https:\/\/nid.pl\/\"},{\"@type\":\"ListItem\",\"position\":2,\"name\":\"Tradycje od pokole\u0144. Niematerialne dziedzictwo kulturowe w Polsce \u2013 otwarcie wystawy w Ostro\u0142\u0119ce ju\u017c 21 wrze\u015bnia!\"}]},{\"@type\":\"WebSite\",\"@id\":\"https:\/\/nid.pl\/#website\",\"url\":\"https:\/\/nid.pl\/\",\"name\":\"NID\",\"description\":\"Narodowy Instytut Dziedzictwa\",\"publisher\":{\"@id\":\"https:\/\/nid.pl\/#organization\"},\"potentialAction\":[{\"@type\":\"SearchAction\",\"target\":{\"@type\":\"EntryPoint\",\"urlTemplate\":\"https:\/\/nid.pl\/?s={search_term_string}\"},\"query-input\":{\"@type\":\"PropertyValueSpecification\",\"valueRequired\":true,\"valueName\":\"search_term_string\"}}],\"inLanguage\":\"en-GB\"},{\"@type\":\"Organization\",\"@id\":\"https:\/\/nid.pl\/#organization\",\"name\":\"Narodowy Instytut Dziedzictwa\",\"url\":\"https:\/\/nid.pl\/\",\"logo\":{\"@type\":\"ImageObject\",\"inLanguage\":\"en-GB\",\"@id\":\"https:\/\/nid.pl\/#\/schema\/logo\/image\/\",\"url\":\"https:\/\/nid.pl\/wp-content\/uploads\/2022\/10\/logoRedDark.png\",\"contentUrl\":\"https:\/\/nid.pl\/wp-content\/uploads\/2022\/10\/logoRedDark.png\",\"width\":200,\"height\":197,\"caption\":\"Narodowy Instytut Dziedzictwa\"},\"image\":{\"@id\":\"https:\/\/nid.pl\/#\/schema\/logo\/image\/\"},\"sameAs\":[\"https:\/\/www.facebook.com\/zabytek\",\"https:\/\/x.com\/NarIDpl\",\"https:\/\/www.instagram.com\/nid.pl\/?hl=pl\",\"https:\/\/www.linkedin.com\/company\/narodowy-instytut-dziedzictwa\",\"https:\/\/www.youtube.com\/channel\/UCQXuhKa2uHtmNvLRUSx40JA\"]},{\"@type\":\"Person\",\"@id\":\"https:\/\/nid.pl\/#\/schema\/person\/1b690a8998a5111cfb9f0ffe24195a15\",\"name\":\"Barbara Halliop\",\"image\":{\"@type\":\"ImageObject\",\"inLanguage\":\"en-GB\",\"@id\":\"https:\/\/nid.pl\/#\/schema\/person\/image\/\",\"url\":\"https:\/\/nid.pl\/wp-content\/litespeed\/avatar\/924046d17dd0c842c9fa9ccf489bc6dc.jpg?ver=1777444967\",\"contentUrl\":\"https:\/\/nid.pl\/wp-content\/litespeed\/avatar\/924046d17dd0c842c9fa9ccf489bc6dc.jpg?ver=1777444967\",\"caption\":\"Barbara Halliop\"},\"url\":\"https:\/\/nid.pl\/en\/author\/bhalliop\/\"}]}<\/script>\n<!-- \/ Yoast SEO plugin. -->","yoast_head_json":{"title":"Tradycje od pokole\u0144. Niematerialne dziedzictwo kulturowe w Polsce \u2013 otwarcie wystawy w Ostro\u0142\u0119ce ju\u017c 21 wrze\u015bnia! - NID","robots":{"index":"index","follow":"follow","max-snippet":"max-snippet:-1","max-image-preview":"max-image-preview:large","max-video-preview":"max-video-preview:-1"},"canonical":"https:\/\/nid.pl\/en\/2023\/09\/15\/tradycje-od-pokolen-niematerialne-dziedzictwo-kulturowe-w-polsce-otwarcie-wystawy-w-ostrolece-juz-21-wrzesnia\/","og_locale":"en_GB","og_type":"article","og_title":"Tradycje od pokole\u0144. Niematerialne dziedzictwo kulturowe w Polsce \u2013 otwarcie wystawy w Ostro\u0142\u0119ce ju\u017c 21 wrze\u015bnia! - NID","og_description":"Kurpiowszczyzna to kolejny przystanek z og\u00f3lnopolskiej trasy prezentacji wystawy \u201eTradycje od pokole\u0144. Niematerialne dziedzictwo kulturowe w Polsce\u201d. Dyrektor Narodowego Instytutu Dziedzictwa oraz dyrektor Muzeum Kultury Kurpiowskiej w Ostro\u0142\u0119ce, zapraszaj\u0105 na [&hellip;]","og_url":"https:\/\/nid.pl\/en\/2023\/09\/15\/tradycje-od-pokolen-niematerialne-dziedzictwo-kulturowe-w-polsce-otwarcie-wystawy-w-ostrolece-juz-21-wrzesnia\/","og_site_name":"NID","article_publisher":"https:\/\/www.facebook.com\/zabytek","article_published_time":"2023-09-15T13:10:40+00:00","article_modified_time":"2023-09-15T13:10:44+00:00","og_image":[{"width":1850,"height":1238,"url":"https:\/\/nid.pl\/wp-content\/uploads\/2023\/09\/miniaturka-aktualnosci-NID1-8.jpg","type":"image\/jpeg"}],"author":"Barbara Halliop","twitter_card":"summary_large_image","twitter_creator":"@NarIDpl","twitter_site":"@NarIDpl","twitter_misc":{"Written by":"Barbara Halliop","Estimated reading time":"5 minutes"},"schema":{"@context":"https:\/\/schema.org","@graph":[{"@type":"Article","@id":"https:\/\/nid.pl\/2023\/09\/15\/tradycje-od-pokolen-niematerialne-dziedzictwo-kulturowe-w-polsce-otwarcie-wystawy-w-ostrolece-juz-21-wrzesnia\/#article","isPartOf":{"@id":"https:\/\/nid.pl\/2023\/09\/15\/tradycje-od-pokolen-niematerialne-dziedzictwo-kulturowe-w-polsce-otwarcie-wystawy-w-ostrolece-juz-21-wrzesnia\/"},"author":{"name":"Barbara Halliop","@id":"https:\/\/nid.pl\/#\/schema\/person\/1b690a8998a5111cfb9f0ffe24195a15"},"headline":"Tradycje od pokole\u0144. Niematerialne dziedzictwo kulturowe w Polsce \u2013 otwarcie wystawy w Ostro\u0142\u0119ce ju\u017c 21 wrze\u015bnia!","datePublished":"2023-09-15T13:10:40+00:00","dateModified":"2023-09-15T13:10:44+00:00","mainEntityOfPage":{"@id":"https:\/\/nid.pl\/2023\/09\/15\/tradycje-od-pokolen-niematerialne-dziedzictwo-kulturowe-w-polsce-otwarcie-wystawy-w-ostrolece-juz-21-wrzesnia\/"},"wordCount":1124,"publisher":{"@id":"https:\/\/nid.pl\/#organization"},"image":{"@id":"https:\/\/nid.pl\/2023\/09\/15\/tradycje-od-pokolen-niematerialne-dziedzictwo-kulturowe-w-polsce-otwarcie-wystawy-w-ostrolece-juz-21-wrzesnia\/#primaryimage"},"thumbnailUrl":"https:\/\/nid.pl\/wp-content\/uploads\/2023\/09\/miniaturka-aktualnosci-NID1-8.jpg","articleSection":["Aktualno\u015bci","Tradycje od pokole\u0144. Niematerialne dziedzictwo kulturowe w Polsce"],"inLanguage":"en-GB"},{"@type":"WebPage","@id":"https:\/\/nid.pl\/2023\/09\/15\/tradycje-od-pokolen-niematerialne-dziedzictwo-kulturowe-w-polsce-otwarcie-wystawy-w-ostrolece-juz-21-wrzesnia\/","url":"https:\/\/nid.pl\/2023\/09\/15\/tradycje-od-pokolen-niematerialne-dziedzictwo-kulturowe-w-polsce-otwarcie-wystawy-w-ostrolece-juz-21-wrzesnia\/","name":"Tradycje od pokole\u0144. Niematerialne dziedzictwo kulturowe w Polsce \u2013 otwarcie wystawy w Ostro\u0142\u0119ce ju\u017c 21 wrze\u015bnia! - NID","isPartOf":{"@id":"https:\/\/nid.pl\/#website"},"primaryImageOfPage":{"@id":"https:\/\/nid.pl\/2023\/09\/15\/tradycje-od-pokolen-niematerialne-dziedzictwo-kulturowe-w-polsce-otwarcie-wystawy-w-ostrolece-juz-21-wrzesnia\/#primaryimage"},"image":{"@id":"https:\/\/nid.pl\/2023\/09\/15\/tradycje-od-pokolen-niematerialne-dziedzictwo-kulturowe-w-polsce-otwarcie-wystawy-w-ostrolece-juz-21-wrzesnia\/#primaryimage"},"thumbnailUrl":"https:\/\/nid.pl\/wp-content\/uploads\/2023\/09\/miniaturka-aktualnosci-NID1-8.jpg","datePublished":"2023-09-15T13:10:40+00:00","dateModified":"2023-09-15T13:10:44+00:00","breadcrumb":{"@id":"https:\/\/nid.pl\/2023\/09\/15\/tradycje-od-pokolen-niematerialne-dziedzictwo-kulturowe-w-polsce-otwarcie-wystawy-w-ostrolece-juz-21-wrzesnia\/#breadcrumb"},"inLanguage":"en-GB","potentialAction":[{"@type":"ReadAction","target":["https:\/\/nid.pl\/2023\/09\/15\/tradycje-od-pokolen-niematerialne-dziedzictwo-kulturowe-w-polsce-otwarcie-wystawy-w-ostrolece-juz-21-wrzesnia\/"]}]},{"@type":"ImageObject","inLanguage":"en-GB","@id":"https:\/\/nid.pl\/2023\/09\/15\/tradycje-od-pokolen-niematerialne-dziedzictwo-kulturowe-w-polsce-otwarcie-wystawy-w-ostrolece-juz-21-wrzesnia\/#primaryimage","url":"https:\/\/nid.pl\/wp-content\/uploads\/2023\/09\/miniaturka-aktualnosci-NID1-8.jpg","contentUrl":"https:\/\/nid.pl\/wp-content\/uploads\/2023\/09\/miniaturka-aktualnosci-NID1-8.jpg","width":1850,"height":1238,"caption":"Tradycje od pokole\u0144. Niematerialne dziedzictwo kulturowe w Polsce \u2013 otwarcie wystawy w Ostro\u0142\u0119ce ju\u017c 21 wrze\u015bnia"},{"@type":"BreadcrumbList","@id":"https:\/\/nid.pl\/2023\/09\/15\/tradycje-od-pokolen-niematerialne-dziedzictwo-kulturowe-w-polsce-otwarcie-wystawy-w-ostrolece-juz-21-wrzesnia\/#breadcrumb","itemListElement":[{"@type":"ListItem","position":1,"name":"Home","item":"https:\/\/nid.pl\/"},{"@type":"ListItem","position":2,"name":"Tradycje od pokole\u0144. Niematerialne dziedzictwo kulturowe w Polsce \u2013 otwarcie wystawy w Ostro\u0142\u0119ce ju\u017c 21 wrze\u015bnia!"}]},{"@type":"WebSite","@id":"https:\/\/nid.pl\/#website","url":"https:\/\/nid.pl\/","name":"NID","description":"Narodowy Instytut Dziedzictwa","publisher":{"@id":"https:\/\/nid.pl\/#organization"},"potentialAction":[{"@type":"SearchAction","target":{"@type":"EntryPoint","urlTemplate":"https:\/\/nid.pl\/?s={search_term_string}"},"query-input":{"@type":"PropertyValueSpecification","valueRequired":true,"valueName":"search_term_string"}}],"inLanguage":"en-GB"},{"@type":"Organization","@id":"https:\/\/nid.pl\/#organization","name":"Narodowy Instytut Dziedzictwa","url":"https:\/\/nid.pl\/","logo":{"@type":"ImageObject","inLanguage":"en-GB","@id":"https:\/\/nid.pl\/#\/schema\/logo\/image\/","url":"https:\/\/nid.pl\/wp-content\/uploads\/2022\/10\/logoRedDark.png","contentUrl":"https:\/\/nid.pl\/wp-content\/uploads\/2022\/10\/logoRedDark.png","width":200,"height":197,"caption":"Narodowy Instytut Dziedzictwa"},"image":{"@id":"https:\/\/nid.pl\/#\/schema\/logo\/image\/"},"sameAs":["https:\/\/www.facebook.com\/zabytek","https:\/\/x.com\/NarIDpl","https:\/\/www.instagram.com\/nid.pl\/?hl=pl","https:\/\/www.linkedin.com\/company\/narodowy-instytut-dziedzictwa","https:\/\/www.youtube.com\/channel\/UCQXuhKa2uHtmNvLRUSx40JA"]},{"@type":"Person","@id":"https:\/\/nid.pl\/#\/schema\/person\/1b690a8998a5111cfb9f0ffe24195a15","name":"Barbara Halliop","image":{"@type":"ImageObject","inLanguage":"en-GB","@id":"https:\/\/nid.pl\/#\/schema\/person\/image\/","url":"https:\/\/nid.pl\/wp-content\/litespeed\/avatar\/924046d17dd0c842c9fa9ccf489bc6dc.jpg?ver=1777444967","contentUrl":"https:\/\/nid.pl\/wp-content\/litespeed\/avatar\/924046d17dd0c842c9fa9ccf489bc6dc.jpg?ver=1777444967","caption":"Barbara Halliop"},"url":"https:\/\/nid.pl\/en\/author\/bhalliop\/"}]}},"_links":{"self":[{"href":"https:\/\/nid.pl\/en\/wp-json\/wp\/v2\/posts\/13284","targetHints":{"allow":["GET"]}}],"collection":[{"href":"https:\/\/nid.pl\/en\/wp-json\/wp\/v2\/posts"}],"about":[{"href":"https:\/\/nid.pl\/en\/wp-json\/wp\/v2\/types\/post"}],"author":[{"embeddable":true,"href":"https:\/\/nid.pl\/en\/wp-json\/wp\/v2\/users\/7"}],"replies":[{"embeddable":true,"href":"https:\/\/nid.pl\/en\/wp-json\/wp\/v2\/comments?post=13284"}],"version-history":[{"count":0,"href":"https:\/\/nid.pl\/en\/wp-json\/wp\/v2\/posts\/13284\/revisions"}],"wp:featuredmedia":[{"embeddable":true,"href":"https:\/\/nid.pl\/en\/wp-json\/wp\/v2\/media\/13286"}],"wp:attachment":[{"href":"https:\/\/nid.pl\/en\/wp-json\/wp\/v2\/media?parent=13284"}],"wp:term":[{"taxonomy":"category","embeddable":true,"href":"https:\/\/nid.pl\/en\/wp-json\/wp\/v2\/categories?post=13284"},{"taxonomy":"post_tag","embeddable":true,"href":"https:\/\/nid.pl\/en\/wp-json\/wp\/v2\/tags?post=13284"}],"curies":[{"name":"wp","href":"https:\/\/api.w.org\/{rel}","templated":true}]}}