{"id":13239,"date":"2023-09-13T13:22:41","date_gmt":"2023-09-13T11:22:41","guid":{"rendered":"https:\/\/nid.pl\/?p=13239"},"modified":"2023-09-15T09:34:44","modified_gmt":"2023-09-15T07:34:44","slug":"jestesmy-na-polmetku-europejskich-dni-dziedzictwa-2023-w-najblizszy-weekend-kolejna-bogata-oferta-wydarzen","status":"publish","type":"post","link":"https:\/\/nid.pl\/en\/2023\/09\/13\/jestesmy-na-polmetku-europejskich-dni-dziedzictwa-2023-w-najblizszy-weekend-kolejna-bogata-oferta-wydarzen\/","title":{"rendered":"Jeste\u015bmy na p\u00f3\u0142metku Europejskich Dni Dziedzictwa 2023. W najbli\u017cszy weekend kolejna bogata oferta wydarze\u0144"},"content":{"rendered":"<p>Trwa 31. edycja Europejskich Dni Dziedzictwa. To jedno z najwi\u0119kszych w Europie wydarzenie spo\u0142eczno-edukacyjne, kt\u00f3re przyci\u0105ga tysi\u0105ce zainteresowanych. Setki spacer\u00f3w, warsztat\u00f3w, piknik\u00f3w i wielu innych atrakcji przygotowanych specjalnie na t\u0119 okazj\u0119. Dzi\u015b jeste\u015bmy ju\u017c na p\u00f3\u0142metku tej fascynuj\u0105cej inicjatywy, ale wiele jeszcze przed nami. Zapraszamy do udzia\u0142u!<\/p>\n\n\n\n<p>Europejskie Dni Dziedzictwa to nie tylko okazja do odkrywania i doceniania bogatej historii oraz dziedzictwa kulturalnego Polski, ale tak\u017ce do uczestnictwa w r\u00f3\u017cnorodnych wydarzeniach i atrakcjach. W ci\u0105gu pierwszego weekendu #EDD odby\u0142o si\u0119 ju\u017c ponad p\u00f3\u0142 tysi\u0105ca wydarze\u0144 w ca\u0142ej Polsce!<\/p>\n\n\n\n<p>Tradycyjnie, uczestnicy mieli okazj\u0119 zwiedzi\u0107 miejsca, kt\u00f3re zwykle nie s\u0105 dost\u0119pne dla zwiedzaj\u0105cych. Odby\u0142o si\u0119 te\u017c wiele fascynuj\u0105cych spacer\u00f3w, warsztat\u00f3w, przedstawie\u0144 i koncert\u00f3w. W tym roku, Europejskie Dni Dziedzictwa obchodzimy pod has\u0142em \u201e\u017bywe dziedzictwo \u2013 tradycje od pokole\u0144\u201d, dlatego nie zabrak\u0142o fascynuj\u0105cych spotka\u0144 z depozytariuszami dziedzictwa kulturowego.&nbsp;<\/p>\n\n\n\n<p>W tym roku #EDD zyska\u0142o nowy wymiar dzi\u0119ki organizacji licznych regionalnych konferencji prasowych, kt\u00f3re po raz pierwszy towarzyszy\u0142y Europejskim Dniom Dziedzictwa. Spotkania te gromadzi\u0142y zar\u00f3wno dziennikarzy, jak i ekspert\u00f3w, kt\u00f3rzy omawiali r\u00f3\u017cnorodne aspekty ochrony dziedzictwa, ze szczeg\u00f3lnym uwzgl\u0119dnieniem dziedzictwa niematerialnego.<\/p>\n\n\n\n<p>Podczas konferencji prasowych w wybranych regionach zaprezentowano wydarzenia zaplanowane w ramach Europejskich Dni Dziedzictwa:<\/p>\n\n\n\n<ul class=\"wp-block-list\">\n<li><a href=\"https:\/\/edd.nid.pl\/aktualnosci\/europejskie-dni-dziedzictwa-w-wojewodztwie-swietokrzyskim\/\">Europejskie Dni Dziedzictwa w wojew\u00f3dztwie \u015bwi\u0119tokrzyskim<\/a><\/li>\n\n\n\n<li><a href=\"https:\/\/edd.nid.pl\/aktualnosci\/europejskie-dni-dziedzictwa-w-wojewodztwie-malopolskim\/\">Europejskie Dni Dziedzictwa w wojew\u00f3dztwie ma\u0142opolskim<\/a><\/li>\n\n\n\n<li><a href=\"https:\/\/edd.nid.pl\/aktualnosci\/europejskie-dni-dziedzictwa-w-wojewodztwie-wielkopolskim\/\">Europejskie Dni Dziedzictwa w wojew\u00f3dztwie wielkopolskim<\/a><\/li>\n\n\n\n<li><a href=\"https:\/\/edd.nid.pl\/aktualnosci\/europejskie-dni-dziedzictwa-w-wojewodztwie-opolskim\/\">Europejskie Dni Dziedzictwa w wojew\u00f3dztwie opolskim<\/a><\/li>\n\n\n\n<li><a href=\"https:\/\/edd.nid.pl\/aktualnosci\/europejskie-dni-dziedzictwa-w-wojewodztwie-slaskim\/\">Europejskie Dni Dziedzictwa w wojew\u00f3dztwie \u015bl\u0105skim<\/a><\/li>\n\n\n\n<li><a href=\"https:\/\/edd.nid.pl\/aktualnosci\/europejskie-dni-dziedzictwa-w-wojewodztwie-warminsko-mazurskim\/\">Europejskie Dni Dziedzictwa w wojew\u00f3dztwie warmi\u0144sko-mazurskim<\/a><\/li>\n\n\n\n<li><a href=\"https:\/\/edd.nid.pl\/aktualnosci\/europejskie-dni-dziedzictwa-w-wojewodztwie-pomorskim\/\">Europejskie Dni Dziedzictwa w wojew\u00f3dztwie pomorskim<\/a><\/li>\n\n\n\n<li><a href=\"https:\/\/edd.nid.pl\/aktualnosci\/europejskie-dni-dziedzictwa-w-woj-kujawsko-pomorskim\/\">&#8211; Europejskie Dni Dziedzictwa w woj. kujawsko &#8211; pomorskim<\/a><\/li>\n<\/ul>\n\n\n\n<p>Zapraszamy do udzia\u0142u w Europejskich Dniach Dziedzictwa jeszcze w najbli\u017cszy weekend, 16-17 wrze\u015bnia. Zach\u0119camy tak\u017ce do \u015bledzenia informacji na stronie <a href=\"https:\/\/edd.nid.pl\/\">edd.nid.pl<\/a> oraz <a href=\"https:\/\/www.facebook.com\/europejskie.dni.dziedzictwa\">mediach spo\u0142eczno\u015bciowych wydarzenia<\/a>, aby by\u0107 na bie\u017c\u0105co z najnowszymi informacjami i atrakcjami.<\/p>","protected":false},"excerpt":{"rendered":"<p>Trwa 31. edycja Europejskich Dni Dziedzictwa. To jedno z najwi\u0119kszych w Europie wydarzenie spo\u0142eczno-edukacyjne, kt\u00f3re przyci\u0105ga tysi\u0105ce zainteresowanych. Setki spacer\u00f3w, warsztat\u00f3w, piknik\u00f3w i wielu innych atrakcji przygotowanych specjalnie na t\u0119 [&hellip;]<\/p>","protected":false},"author":7,"featured_media":13241,"comment_status":"closed","ping_status":"closed","sticky":false,"template":"","format":"standard","meta":{"_et_pb_use_builder":"off","_et_pb_old_content":"","_et_gb_content_width":"","_monsterinsights_skip_tracking":false,"_monsterinsights_sitenote_active":false,"_monsterinsights_sitenote_note":"","_monsterinsights_sitenote_category":0,"footnotes":""},"categories":[3,89],"tags":[],"class_list":["post-13239","post","type-post","status-publish","format-standard","has-post-thumbnail","hentry","category-aktualnosci","category-europejskie-dni-dziedzictwa"],"yoast_head":"<!-- This site is optimized with the Yoast SEO plugin v26.5 - https:\/\/yoast.com\/wordpress\/plugins\/seo\/ -->\n<title>Jeste\u015bmy na p\u00f3\u0142metku Europejskich Dni Dziedzictwa 2023. W najbli\u017cszy weekend kolejna bogata oferta wydarze\u0144 - NID<\/title>\n<meta name=\"robots\" content=\"index, follow, max-snippet:-1, max-image-preview:large, max-video-preview:-1\" \/>\n<link rel=\"canonical\" href=\"https:\/\/nid.pl\/en\/2023\/09\/13\/jestesmy-na-polmetku-europejskich-dni-dziedzictwa-2023-w-najblizszy-weekend-kolejna-bogata-oferta-wydarzen\/\" \/>\n<meta property=\"og:locale\" content=\"en_GB\" \/>\n<meta property=\"og:type\" content=\"article\" \/>\n<meta property=\"og:title\" content=\"Jeste\u015bmy na p\u00f3\u0142metku Europejskich Dni Dziedzictwa 2023. W najbli\u017cszy weekend kolejna bogata oferta wydarze\u0144 - NID\" \/>\n<meta property=\"og:description\" content=\"Trwa 31. edycja Europejskich Dni Dziedzictwa. To jedno z najwi\u0119kszych w Europie wydarzenie spo\u0142eczno-edukacyjne, kt\u00f3re przyci\u0105ga tysi\u0105ce zainteresowanych. Setki spacer\u00f3w, warsztat\u00f3w, piknik\u00f3w i wielu innych atrakcji przygotowanych specjalnie na t\u0119 [&hellip;]\" \/>\n<meta property=\"og:url\" content=\"https:\/\/nid.pl\/en\/2023\/09\/13\/jestesmy-na-polmetku-europejskich-dni-dziedzictwa-2023-w-najblizszy-weekend-kolejna-bogata-oferta-wydarzen\/\" \/>\n<meta property=\"og:site_name\" content=\"NID\" \/>\n<meta property=\"article:publisher\" content=\"https:\/\/www.facebook.com\/zabytek\" \/>\n<meta property=\"article:published_time\" content=\"2023-09-13T11:22:41+00:00\" \/>\n<meta property=\"article:modified_time\" content=\"2023-09-15T07:34:44+00:00\" \/>\n<meta property=\"og:image\" content=\"https:\/\/nid.pl\/wp-content\/uploads\/2023\/09\/miniaturka-aktualnosci-NID1-5.jpg\" \/>\n\t<meta property=\"og:image:width\" content=\"1850\" \/>\n\t<meta property=\"og:image:height\" content=\"1238\" \/>\n\t<meta property=\"og:image:type\" content=\"image\/jpeg\" \/>\n<meta name=\"author\" content=\"Barbara Halliop\" \/>\n<meta name=\"twitter:card\" content=\"summary_large_image\" \/>\n<meta name=\"twitter:creator\" content=\"@NarIDpl\" \/>\n<meta name=\"twitter:site\" content=\"@NarIDpl\" \/>\n<meta name=\"twitter:label1\" content=\"Written by\" \/>\n\t<meta name=\"twitter:data1\" content=\"Barbara Halliop\" \/>\n\t<meta name=\"twitter:label2\" content=\"Estimated reading time\" \/>\n\t<meta name=\"twitter:data2\" content=\"2 minutes\" \/>\n<script type=\"application\/ld+json\" class=\"yoast-schema-graph\">{\"@context\":\"https:\/\/schema.org\",\"@graph\":[{\"@type\":\"Article\",\"@id\":\"https:\/\/nid.pl\/2023\/09\/13\/jestesmy-na-polmetku-europejskich-dni-dziedzictwa-2023-w-najblizszy-weekend-kolejna-bogata-oferta-wydarzen\/#article\",\"isPartOf\":{\"@id\":\"https:\/\/nid.pl\/2023\/09\/13\/jestesmy-na-polmetku-europejskich-dni-dziedzictwa-2023-w-najblizszy-weekend-kolejna-bogata-oferta-wydarzen\/\"},\"author\":{\"name\":\"Barbara Halliop\",\"@id\":\"https:\/\/nid.pl\/#\/schema\/person\/1b690a8998a5111cfb9f0ffe24195a15\"},\"headline\":\"Jeste\u015bmy na p\u00f3\u0142metku Europejskich Dni Dziedzictwa 2023. W najbli\u017cszy weekend kolejna bogata oferta wydarze\u0144\",\"datePublished\":\"2023-09-13T11:22:41+00:00\",\"dateModified\":\"2023-09-15T07:34:44+00:00\",\"mainEntityOfPage\":{\"@id\":\"https:\/\/nid.pl\/2023\/09\/13\/jestesmy-na-polmetku-europejskich-dni-dziedzictwa-2023-w-najblizszy-weekend-kolejna-bogata-oferta-wydarzen\/\"},\"wordCount\":350,\"publisher\":{\"@id\":\"https:\/\/nid.pl\/#organization\"},\"image\":{\"@id\":\"https:\/\/nid.pl\/2023\/09\/13\/jestesmy-na-polmetku-europejskich-dni-dziedzictwa-2023-w-najblizszy-weekend-kolejna-bogata-oferta-wydarzen\/#primaryimage\"},\"thumbnailUrl\":\"https:\/\/nid.pl\/wp-content\/uploads\/2023\/09\/miniaturka-aktualnosci-NID1-5.jpg\",\"articleSection\":[\"Aktualno\u015bci\",\"EDD\"],\"inLanguage\":\"en-GB\"},{\"@type\":\"WebPage\",\"@id\":\"https:\/\/nid.pl\/2023\/09\/13\/jestesmy-na-polmetku-europejskich-dni-dziedzictwa-2023-w-najblizszy-weekend-kolejna-bogata-oferta-wydarzen\/\",\"url\":\"https:\/\/nid.pl\/2023\/09\/13\/jestesmy-na-polmetku-europejskich-dni-dziedzictwa-2023-w-najblizszy-weekend-kolejna-bogata-oferta-wydarzen\/\",\"name\":\"Jeste\u015bmy na p\u00f3\u0142metku Europejskich Dni Dziedzictwa 2023. W najbli\u017cszy weekend kolejna bogata oferta wydarze\u0144 - NID\",\"isPartOf\":{\"@id\":\"https:\/\/nid.pl\/#website\"},\"primaryImageOfPage\":{\"@id\":\"https:\/\/nid.pl\/2023\/09\/13\/jestesmy-na-polmetku-europejskich-dni-dziedzictwa-2023-w-najblizszy-weekend-kolejna-bogata-oferta-wydarzen\/#primaryimage\"},\"image\":{\"@id\":\"https:\/\/nid.pl\/2023\/09\/13\/jestesmy-na-polmetku-europejskich-dni-dziedzictwa-2023-w-najblizszy-weekend-kolejna-bogata-oferta-wydarzen\/#primaryimage\"},\"thumbnailUrl\":\"https:\/\/nid.pl\/wp-content\/uploads\/2023\/09\/miniaturka-aktualnosci-NID1-5.jpg\",\"datePublished\":\"2023-09-13T11:22:41+00:00\",\"dateModified\":\"2023-09-15T07:34:44+00:00\",\"breadcrumb\":{\"@id\":\"https:\/\/nid.pl\/2023\/09\/13\/jestesmy-na-polmetku-europejskich-dni-dziedzictwa-2023-w-najblizszy-weekend-kolejna-bogata-oferta-wydarzen\/#breadcrumb\"},\"inLanguage\":\"en-GB\",\"potentialAction\":[{\"@type\":\"ReadAction\",\"target\":[\"https:\/\/nid.pl\/2023\/09\/13\/jestesmy-na-polmetku-europejskich-dni-dziedzictwa-2023-w-najblizszy-weekend-kolejna-bogata-oferta-wydarzen\/\"]}]},{\"@type\":\"ImageObject\",\"inLanguage\":\"en-GB\",\"@id\":\"https:\/\/nid.pl\/2023\/09\/13\/jestesmy-na-polmetku-europejskich-dni-dziedzictwa-2023-w-najblizszy-weekend-kolejna-bogata-oferta-wydarzen\/#primaryimage\",\"url\":\"https:\/\/nid.pl\/wp-content\/uploads\/2023\/09\/miniaturka-aktualnosci-NID1-5.jpg\",\"contentUrl\":\"https:\/\/nid.pl\/wp-content\/uploads\/2023\/09\/miniaturka-aktualnosci-NID1-5.jpg\",\"width\":1850,\"height\":1238,\"caption\":\"Trwa 31. edycja Europejskich Dni Dziedzictwa.\"},{\"@type\":\"BreadcrumbList\",\"@id\":\"https:\/\/nid.pl\/2023\/09\/13\/jestesmy-na-polmetku-europejskich-dni-dziedzictwa-2023-w-najblizszy-weekend-kolejna-bogata-oferta-wydarzen\/#breadcrumb\",\"itemListElement\":[{\"@type\":\"ListItem\",\"position\":1,\"name\":\"Home\",\"item\":\"https:\/\/nid.pl\/\"},{\"@type\":\"ListItem\",\"position\":2,\"name\":\"Jeste\u015bmy na p\u00f3\u0142metku Europejskich Dni Dziedzictwa 2023. W najbli\u017cszy weekend kolejna bogata oferta wydarze\u0144\"}]},{\"@type\":\"WebSite\",\"@id\":\"https:\/\/nid.pl\/#website\",\"url\":\"https:\/\/nid.pl\/\",\"name\":\"NID\",\"description\":\"Narodowy Instytut Dziedzictwa\",\"publisher\":{\"@id\":\"https:\/\/nid.pl\/#organization\"},\"potentialAction\":[{\"@type\":\"SearchAction\",\"target\":{\"@type\":\"EntryPoint\",\"urlTemplate\":\"https:\/\/nid.pl\/?s={search_term_string}\"},\"query-input\":{\"@type\":\"PropertyValueSpecification\",\"valueRequired\":true,\"valueName\":\"search_term_string\"}}],\"inLanguage\":\"en-GB\"},{\"@type\":\"Organization\",\"@id\":\"https:\/\/nid.pl\/#organization\",\"name\":\"Narodowy Instytut Dziedzictwa\",\"url\":\"https:\/\/nid.pl\/\",\"logo\":{\"@type\":\"ImageObject\",\"inLanguage\":\"en-GB\",\"@id\":\"https:\/\/nid.pl\/#\/schema\/logo\/image\/\",\"url\":\"https:\/\/nid.pl\/wp-content\/uploads\/2022\/10\/logoRedDark.png\",\"contentUrl\":\"https:\/\/nid.pl\/wp-content\/uploads\/2022\/10\/logoRedDark.png\",\"width\":200,\"height\":197,\"caption\":\"Narodowy Instytut Dziedzictwa\"},\"image\":{\"@id\":\"https:\/\/nid.pl\/#\/schema\/logo\/image\/\"},\"sameAs\":[\"https:\/\/www.facebook.com\/zabytek\",\"https:\/\/x.com\/NarIDpl\",\"https:\/\/www.instagram.com\/nid.pl\/?hl=pl\",\"https:\/\/www.linkedin.com\/company\/narodowy-instytut-dziedzictwa\",\"https:\/\/www.youtube.com\/channel\/UCQXuhKa2uHtmNvLRUSx40JA\"]},{\"@type\":\"Person\",\"@id\":\"https:\/\/nid.pl\/#\/schema\/person\/1b690a8998a5111cfb9f0ffe24195a15\",\"name\":\"Barbara Halliop\",\"image\":{\"@type\":\"ImageObject\",\"inLanguage\":\"en-GB\",\"@id\":\"https:\/\/nid.pl\/#\/schema\/person\/image\/\",\"url\":\"https:\/\/nid.pl\/wp-content\/litespeed\/avatar\/924046d17dd0c842c9fa9ccf489bc6dc.jpg?ver=1777444967\",\"contentUrl\":\"https:\/\/nid.pl\/wp-content\/litespeed\/avatar\/924046d17dd0c842c9fa9ccf489bc6dc.jpg?ver=1777444967\",\"caption\":\"Barbara Halliop\"},\"url\":\"https:\/\/nid.pl\/en\/author\/bhalliop\/\"}]}<\/script>\n<!-- \/ Yoast SEO plugin. -->","yoast_head_json":{"title":"Jeste\u015bmy na p\u00f3\u0142metku Europejskich Dni Dziedzictwa 2023. W najbli\u017cszy weekend kolejna bogata oferta wydarze\u0144 - NID","robots":{"index":"index","follow":"follow","max-snippet":"max-snippet:-1","max-image-preview":"max-image-preview:large","max-video-preview":"max-video-preview:-1"},"canonical":"https:\/\/nid.pl\/en\/2023\/09\/13\/jestesmy-na-polmetku-europejskich-dni-dziedzictwa-2023-w-najblizszy-weekend-kolejna-bogata-oferta-wydarzen\/","og_locale":"en_GB","og_type":"article","og_title":"Jeste\u015bmy na p\u00f3\u0142metku Europejskich Dni Dziedzictwa 2023. W najbli\u017cszy weekend kolejna bogata oferta wydarze\u0144 - NID","og_description":"Trwa 31. edycja Europejskich Dni Dziedzictwa. To jedno z najwi\u0119kszych w Europie wydarzenie spo\u0142eczno-edukacyjne, kt\u00f3re przyci\u0105ga tysi\u0105ce zainteresowanych. Setki spacer\u00f3w, warsztat\u00f3w, piknik\u00f3w i wielu innych atrakcji przygotowanych specjalnie na t\u0119 [&hellip;]","og_url":"https:\/\/nid.pl\/en\/2023\/09\/13\/jestesmy-na-polmetku-europejskich-dni-dziedzictwa-2023-w-najblizszy-weekend-kolejna-bogata-oferta-wydarzen\/","og_site_name":"NID","article_publisher":"https:\/\/www.facebook.com\/zabytek","article_published_time":"2023-09-13T11:22:41+00:00","article_modified_time":"2023-09-15T07:34:44+00:00","og_image":[{"width":1850,"height":1238,"url":"https:\/\/nid.pl\/wp-content\/uploads\/2023\/09\/miniaturka-aktualnosci-NID1-5.jpg","type":"image\/jpeg"}],"author":"Barbara Halliop","twitter_card":"summary_large_image","twitter_creator":"@NarIDpl","twitter_site":"@NarIDpl","twitter_misc":{"Written by":"Barbara Halliop","Estimated reading time":"2 minutes"},"schema":{"@context":"https:\/\/schema.org","@graph":[{"@type":"Article","@id":"https:\/\/nid.pl\/2023\/09\/13\/jestesmy-na-polmetku-europejskich-dni-dziedzictwa-2023-w-najblizszy-weekend-kolejna-bogata-oferta-wydarzen\/#article","isPartOf":{"@id":"https:\/\/nid.pl\/2023\/09\/13\/jestesmy-na-polmetku-europejskich-dni-dziedzictwa-2023-w-najblizszy-weekend-kolejna-bogata-oferta-wydarzen\/"},"author":{"name":"Barbara Halliop","@id":"https:\/\/nid.pl\/#\/schema\/person\/1b690a8998a5111cfb9f0ffe24195a15"},"headline":"Jeste\u015bmy na p\u00f3\u0142metku Europejskich Dni Dziedzictwa 2023. W najbli\u017cszy weekend kolejna bogata oferta wydarze\u0144","datePublished":"2023-09-13T11:22:41+00:00","dateModified":"2023-09-15T07:34:44+00:00","mainEntityOfPage":{"@id":"https:\/\/nid.pl\/2023\/09\/13\/jestesmy-na-polmetku-europejskich-dni-dziedzictwa-2023-w-najblizszy-weekend-kolejna-bogata-oferta-wydarzen\/"},"wordCount":350,"publisher":{"@id":"https:\/\/nid.pl\/#organization"},"image":{"@id":"https:\/\/nid.pl\/2023\/09\/13\/jestesmy-na-polmetku-europejskich-dni-dziedzictwa-2023-w-najblizszy-weekend-kolejna-bogata-oferta-wydarzen\/#primaryimage"},"thumbnailUrl":"https:\/\/nid.pl\/wp-content\/uploads\/2023\/09\/miniaturka-aktualnosci-NID1-5.jpg","articleSection":["Aktualno\u015bci","EDD"],"inLanguage":"en-GB"},{"@type":"WebPage","@id":"https:\/\/nid.pl\/2023\/09\/13\/jestesmy-na-polmetku-europejskich-dni-dziedzictwa-2023-w-najblizszy-weekend-kolejna-bogata-oferta-wydarzen\/","url":"https:\/\/nid.pl\/2023\/09\/13\/jestesmy-na-polmetku-europejskich-dni-dziedzictwa-2023-w-najblizszy-weekend-kolejna-bogata-oferta-wydarzen\/","name":"Jeste\u015bmy na p\u00f3\u0142metku Europejskich Dni Dziedzictwa 2023. W najbli\u017cszy weekend kolejna bogata oferta wydarze\u0144 - NID","isPartOf":{"@id":"https:\/\/nid.pl\/#website"},"primaryImageOfPage":{"@id":"https:\/\/nid.pl\/2023\/09\/13\/jestesmy-na-polmetku-europejskich-dni-dziedzictwa-2023-w-najblizszy-weekend-kolejna-bogata-oferta-wydarzen\/#primaryimage"},"image":{"@id":"https:\/\/nid.pl\/2023\/09\/13\/jestesmy-na-polmetku-europejskich-dni-dziedzictwa-2023-w-najblizszy-weekend-kolejna-bogata-oferta-wydarzen\/#primaryimage"},"thumbnailUrl":"https:\/\/nid.pl\/wp-content\/uploads\/2023\/09\/miniaturka-aktualnosci-NID1-5.jpg","datePublished":"2023-09-13T11:22:41+00:00","dateModified":"2023-09-15T07:34:44+00:00","breadcrumb":{"@id":"https:\/\/nid.pl\/2023\/09\/13\/jestesmy-na-polmetku-europejskich-dni-dziedzictwa-2023-w-najblizszy-weekend-kolejna-bogata-oferta-wydarzen\/#breadcrumb"},"inLanguage":"en-GB","potentialAction":[{"@type":"ReadAction","target":["https:\/\/nid.pl\/2023\/09\/13\/jestesmy-na-polmetku-europejskich-dni-dziedzictwa-2023-w-najblizszy-weekend-kolejna-bogata-oferta-wydarzen\/"]}]},{"@type":"ImageObject","inLanguage":"en-GB","@id":"https:\/\/nid.pl\/2023\/09\/13\/jestesmy-na-polmetku-europejskich-dni-dziedzictwa-2023-w-najblizszy-weekend-kolejna-bogata-oferta-wydarzen\/#primaryimage","url":"https:\/\/nid.pl\/wp-content\/uploads\/2023\/09\/miniaturka-aktualnosci-NID1-5.jpg","contentUrl":"https:\/\/nid.pl\/wp-content\/uploads\/2023\/09\/miniaturka-aktualnosci-NID1-5.jpg","width":1850,"height":1238,"caption":"Trwa 31. edycja Europejskich Dni Dziedzictwa."},{"@type":"BreadcrumbList","@id":"https:\/\/nid.pl\/2023\/09\/13\/jestesmy-na-polmetku-europejskich-dni-dziedzictwa-2023-w-najblizszy-weekend-kolejna-bogata-oferta-wydarzen\/#breadcrumb","itemListElement":[{"@type":"ListItem","position":1,"name":"Home","item":"https:\/\/nid.pl\/"},{"@type":"ListItem","position":2,"name":"Jeste\u015bmy na p\u00f3\u0142metku Europejskich Dni Dziedzictwa 2023. W najbli\u017cszy weekend kolejna bogata oferta wydarze\u0144"}]},{"@type":"WebSite","@id":"https:\/\/nid.pl\/#website","url":"https:\/\/nid.pl\/","name":"NID","description":"Narodowy Instytut Dziedzictwa","publisher":{"@id":"https:\/\/nid.pl\/#organization"},"potentialAction":[{"@type":"SearchAction","target":{"@type":"EntryPoint","urlTemplate":"https:\/\/nid.pl\/?s={search_term_string}"},"query-input":{"@type":"PropertyValueSpecification","valueRequired":true,"valueName":"search_term_string"}}],"inLanguage":"en-GB"},{"@type":"Organization","@id":"https:\/\/nid.pl\/#organization","name":"Narodowy Instytut Dziedzictwa","url":"https:\/\/nid.pl\/","logo":{"@type":"ImageObject","inLanguage":"en-GB","@id":"https:\/\/nid.pl\/#\/schema\/logo\/image\/","url":"https:\/\/nid.pl\/wp-content\/uploads\/2022\/10\/logoRedDark.png","contentUrl":"https:\/\/nid.pl\/wp-content\/uploads\/2022\/10\/logoRedDark.png","width":200,"height":197,"caption":"Narodowy Instytut Dziedzictwa"},"image":{"@id":"https:\/\/nid.pl\/#\/schema\/logo\/image\/"},"sameAs":["https:\/\/www.facebook.com\/zabytek","https:\/\/x.com\/NarIDpl","https:\/\/www.instagram.com\/nid.pl\/?hl=pl","https:\/\/www.linkedin.com\/company\/narodowy-instytut-dziedzictwa","https:\/\/www.youtube.com\/channel\/UCQXuhKa2uHtmNvLRUSx40JA"]},{"@type":"Person","@id":"https:\/\/nid.pl\/#\/schema\/person\/1b690a8998a5111cfb9f0ffe24195a15","name":"Barbara Halliop","image":{"@type":"ImageObject","inLanguage":"en-GB","@id":"https:\/\/nid.pl\/#\/schema\/person\/image\/","url":"https:\/\/nid.pl\/wp-content\/litespeed\/avatar\/924046d17dd0c842c9fa9ccf489bc6dc.jpg?ver=1777444967","contentUrl":"https:\/\/nid.pl\/wp-content\/litespeed\/avatar\/924046d17dd0c842c9fa9ccf489bc6dc.jpg?ver=1777444967","caption":"Barbara Halliop"},"url":"https:\/\/nid.pl\/en\/author\/bhalliop\/"}]}},"_links":{"self":[{"href":"https:\/\/nid.pl\/en\/wp-json\/wp\/v2\/posts\/13239","targetHints":{"allow":["GET"]}}],"collection":[{"href":"https:\/\/nid.pl\/en\/wp-json\/wp\/v2\/posts"}],"about":[{"href":"https:\/\/nid.pl\/en\/wp-json\/wp\/v2\/types\/post"}],"author":[{"embeddable":true,"href":"https:\/\/nid.pl\/en\/wp-json\/wp\/v2\/users\/7"}],"replies":[{"embeddable":true,"href":"https:\/\/nid.pl\/en\/wp-json\/wp\/v2\/comments?post=13239"}],"version-history":[{"count":0,"href":"https:\/\/nid.pl\/en\/wp-json\/wp\/v2\/posts\/13239\/revisions"}],"wp:featuredmedia":[{"embeddable":true,"href":"https:\/\/nid.pl\/en\/wp-json\/wp\/v2\/media\/13241"}],"wp:attachment":[{"href":"https:\/\/nid.pl\/en\/wp-json\/wp\/v2\/media?parent=13239"}],"wp:term":[{"taxonomy":"category","embeddable":true,"href":"https:\/\/nid.pl\/en\/wp-json\/wp\/v2\/categories?post=13239"},{"taxonomy":"post_tag","embeddable":true,"href":"https:\/\/nid.pl\/en\/wp-json\/wp\/v2\/tags?post=13239"}],"curies":[{"name":"wp","href":"https:\/\/api.w.org\/{rel}","templated":true}]}}