{"id":13148,"date":"2023-09-06T10:27:06","date_gmt":"2023-09-06T08:27:06","guid":{"rendered":"https:\/\/nid.pl\/?p=13148"},"modified":"2023-09-06T10:27:32","modified_gmt":"2023-09-06T08:27:32","slug":"uroczystosci-odpustowe-ku-czci-sw-rocha-z-blogoslawienstwem-zwierzat-w-mikstacie","status":"publish","type":"post","link":"https:\/\/nid.pl\/en\/2023\/09\/06\/uroczystosci-odpustowe-ku-czci-sw-rocha-z-blogoslawienstwem-zwierzat-w-mikstacie\/","title":{"rendered":"Uroczysto\u015bci odpustowe ku czci \u015aw. Rocha z b\u0142ogos\u0142awie\u0144stwem zwierz\u0105t w Mikstacie"},"content":{"rendered":"<p>W dniach 15 &#8211; 16 sierpnia w Mikstacie odby\u0142y si\u0119 uroczysto\u015bci odpustowe ku czci \u015bw. Rocha z obrz\u0119dem b\u0142ogos\u0142awie\u0144stwa zwierz\u0105t. Zwyczaj ten, maj\u0105cy ponad trzystuletni\u0105 tradycj\u0119, w 2015 roku zosta\u0142 wpisany na Krajow\u0105 List\u0119 Niematerialnego Dziedzictwa Kulturowego. Tegoroczne wydarzenie odby\u0142o si\u0119 pod patronatem honorowym Narodowego Instytutu Dziedzictwa.<\/p>\n\n\n\n<p>Mikstaczanie od wiek\u00f3w obchodz\u0105 uroczysto\u015b\u0107, jako wyraz wdzi\u0119czno\u015bci za ocalenie od epidemii. Legenda m\u00f3wi o ch\u0142opie, kt\u00f3ry spotka\u0142 \u015bwi\u0119tego Rocha i dzi\u0119ki modlitwie jego \u017cona wyzdrowia\u0142a. Na tym miejscu postawiono ko\u015bci\u00f3\u0142 ku jego czci. Co roku, w dniu \u015bwi\u0119tego Rocha, gospodarze przyprowadzaj\u0105 zwierz\u0119ta przed ko\u015bci\u00f3\u0142, prosz\u0105c o opiek\u0119 \u015bwi\u0119tego. To lokalna tradycja obchodzenia odpustu, kt\u00f3ra wzbogaca liturgi\u0119 i wyra\u017ca religijno\u015b\u0107 spo\u0142eczno\u015bci mikstackiej.<\/p>\n\n\n\n<p><p class=\"MsoNormal\">Tradycja uroczysto\u015bci odpustowych w Mikstacie jest d\u0142uga i rozbudowana. Zaczyna si\u0119 od 9-dniowej nowenny, a inauguruje j\u0105 msza w intencji chorych w niedziel\u0119 przed odpustem. Ka\u017cdego dnia odprawiana jest msza \u015bwi\u0119ta, kt\u00f3ra przybli\u017ca uczestnik\u00f3w do postaci \u015bw. Rocha i jego \u017cyciorysu. W tym roku, ju\u017c po raz dwunasty poprzedza\u0142y je r\u00f3wnie\u017c \u015bpiewane Godzinki o \u015bw. Rochu Wyznawcy, kt\u00f3rych tekst pochodzi z 1708 roku. W ramach przygotowa\u0144 do uroczysto\u015bci odpustowych, odby\u0142a si\u0119 r\u00f3wnie\u017c XII edycja spotka\u0144 z m\u0142odzie\u017c\u0105 w Szkole \u015bw. Rocha, gdzie uczestnicy mogli pozna\u0107 histori\u0119 \u017cycia \u015bw. Rocha, legendy zwi\u0105zane z jego postaci\u0105 oraz genez\u0119 ko\u015bcio\u0142a na Mikstackim Wzg\u00f3rzu.<\/p>15 sierpnia, w przeddzie\u0144 odpustu, tradycyjnie odprawia si\u0119 msz\u0119 w ko\u015bciele farnym o godzinie 18:00. Nast\u0119pnie odbywa si\u0119 procesja z Naj\u015bwi\u0119tszym Sakramentem i relikwiami \u015bw. Rocha do ko\u015bcio\u0142a \u015bw. Rocha, gdzie parafianie kontynuuj\u0105 nocn\u0105 adoracj\u0119. To duchowe przygotowanie do odpustu. Od 1987 roku wprowadzono tak\u017ce pasterk\u0119 o p\u00f3\u0142nocy, co symbolizuje wyj\u0105tkowe miejsce, jakie zajmuje \u015bw. Roch w dniu swoich imienin.<\/p>\n\n\n\n<p>16 sierpnia odby\u0142y si\u0119 g\u0142\u00f3wne uroczysto\u015bci odpustowe ku czci \u015bw. Rocha. Charakterystycznym elementem odpustu jest obrz\u0119d b\u0142ogos\u0142awie\u0144stwa zwierz\u0105t. Jak przed wiekami odby\u0142si\u0119 on po mszy \u015bwi\u0119tej wotywnej odprawianej o godzinie 8:00. Tak jak przed laty, jak wynika z materia\u0142\u00f3w \u017ar\u00f3d\u0142owych przed stoj\u0105cym przy cmentarnej bramie kap\u0142anem przechodzi niezwyk\u0142a procesja sk\u0142adaj\u0105ca si\u0119 z r\u00f3\u017cnych zwierz\u0105t oraz ich opiekun\u00f3w. W tym roku uroczysto\u015bci przewodniczy\u0142 kaliski sufragan, ks. bp \u0141ukasz Buzun, kt\u00f3ry zgodnie z tradycj\u0105 przywo\u0142a\u0142 fragment Pisma \u015awi\u0119tego, opisuj\u0105cy znaczenie zwierz\u0105t w \u017cyciu i powo\u0142aniu cz\u0142owieka. Nast\u0119pnie odczytane zosta\u0142y pro\u015bby w intencji ludzi i zwierz\u0105t.<\/p>\n\n\n\n<p>Obrz\u0119d b\u0142ogos\u0142awie\u0144stwa zwierz\u0105t jest niezwykle widowiskowy i przyci\u0105ga liczne rzesze pielgrzym\u00f3w z ca\u0142ego kraju. Dawniej gospodarze przyprowadzali przede wszystkim konie, krowy, owce, kozy, czasami \u015bwinie &#8211; zwierz\u0119ta, kt\u00f3re by\u0142y pomocne w pracy rolniczej lub s\u0142u\u017cy\u0142y jako po\u017cywienie. Dzi\u015b bardziej popularne s\u0105 zwierz\u0119ta domowe, takie jak psy, koty czy chomiki.<\/p>\n\n\n\n<p><\/p>\n\n\n\n<figure class=\"wp-block-image aligncenter size-full is-resized\"><img loading=\"lazy\" decoding=\"async\" src=\"https:\/\/nid.pl\/wp-content\/uploads\/2023\/09\/Uroczystosci-odpustowe-ku-czci-sw.-Rocha-z-obrzedem-blogoslawienstwa-zwierzat-w-Mikstacie-fot.-M.-Strzelec-01.jpg\" alt=\"\" class=\"wp-image-13150\" style=\"width:665px;height:443px\" width=\"665\" height=\"443\" srcset=\"https:\/\/nid.pl\/wp-content\/uploads\/2023\/09\/Uroczystosci-odpustowe-ku-czci-sw.-Rocha-z-obrzedem-blogoslawienstwa-zwierzat-w-Mikstacie-fot.-M.-Strzelec-01.jpg 665w, https:\/\/nid.pl\/wp-content\/uploads\/2023\/09\/Uroczystosci-odpustowe-ku-czci-sw.-Rocha-z-obrzedem-blogoslawienstwa-zwierzat-w-Mikstacie-fot.-M.-Strzelec-01-480x320.jpg 480w\" sizes=\"(min-width: 0px) and (max-width: 480px) 480px, (min-width: 481px) 665px, 100vw\" \/><figcaption class=\"wp-element-caption\">Uroczysto\u015bci odpustowe ku czci \u015bw. Rocha z obrz\u0119dem b\u0142ogos\u0142awie\u0144stwa zwierz\u0105t w Mikstacie, <br>fot. M. Strzelec<\/figcaption><\/figure>\n\n\n\n<figure class=\"wp-block-image aligncenter size-full is-resized\"><img loading=\"lazy\" decoding=\"async\" src=\"https:\/\/nid.pl\/wp-content\/uploads\/2023\/09\/Uroczystosci-odpustowe-ku-czci-sw.-Rocha-z-obrzedem-blogoslawienstwa-zwierzat-w-Mikstacie-fot.-M.-Strzelec-02.jpg\" alt=\"\" class=\"wp-image-13151\" style=\"width:667px;height:445px\" width=\"667\" height=\"445\" srcset=\"https:\/\/nid.pl\/wp-content\/uploads\/2023\/09\/Uroczystosci-odpustowe-ku-czci-sw.-Rocha-z-obrzedem-blogoslawienstwa-zwierzat-w-Mikstacie-fot.-M.-Strzelec-02.jpg 667w, https:\/\/nid.pl\/wp-content\/uploads\/2023\/09\/Uroczystosci-odpustowe-ku-czci-sw.-Rocha-z-obrzedem-blogoslawienstwa-zwierzat-w-Mikstacie-fot.-M.-Strzelec-02-480x320.jpg 480w\" sizes=\"(min-width: 0px) and (max-width: 480px) 480px, (min-width: 481px) 667px, 100vw\" \/><figcaption class=\"wp-element-caption\">Uroczysto\u015bci odpustowe ku czci \u015bw. Rocha z obrz\u0119dem b\u0142ogos\u0142awie\u0144stwa zwierz\u0105t w Mikstacie, <br>fot. M. Strzelec <\/figcaption><\/figure>\n\n\n\n<figure class=\"wp-block-image aligncenter size-full is-resized\"><img loading=\"lazy\" decoding=\"async\" src=\"https:\/\/nid.pl\/wp-content\/uploads\/2023\/09\/Uroczystosci-odpustowe-ku-czci-sw.-Rocha-z-obrzedem-blogoslawienstwa-zwierzat-w-Mikstacie-fot.-M.-Strzelec-03.jpg\" alt=\"\" class=\"wp-image-13152\" style=\"width:665px;height:443px\" width=\"665\" height=\"443\" srcset=\"https:\/\/nid.pl\/wp-content\/uploads\/2023\/09\/Uroczystosci-odpustowe-ku-czci-sw.-Rocha-z-obrzedem-blogoslawienstwa-zwierzat-w-Mikstacie-fot.-M.-Strzelec-03.jpg 665w, https:\/\/nid.pl\/wp-content\/uploads\/2023\/09\/Uroczystosci-odpustowe-ku-czci-sw.-Rocha-z-obrzedem-blogoslawienstwa-zwierzat-w-Mikstacie-fot.-M.-Strzelec-03-480x320.jpg 480w\" sizes=\"(min-width: 0px) and (max-width: 480px) 480px, (min-width: 481px) 665px, 100vw\" \/><figcaption class=\"wp-element-caption\">Uroczysto\u015bci odpustowe ku czci \u015bw. Rocha z obrz\u0119dem b\u0142ogos\u0142awie\u0144stwa zwierz\u0105t w Mikstacie, <br>fot. M. Strzelec <\/figcaption><\/figure>\n\n\n\n<figure class=\"wp-block-image aligncenter size-full is-resized\"><img loading=\"lazy\" decoding=\"async\" src=\"https:\/\/nid.pl\/wp-content\/uploads\/2023\/09\/Uroczystosci-odpustowe-ku-czci-sw.-Rocha-z-obrzedem-blogoslawienstwa-zwierzat-w-Mikstacie-fot.-M.-Strzelec-04.jpg\" alt=\"\" class=\"wp-image-13153\" style=\"width:661px;height:441px\" width=\"661\" height=\"441\" srcset=\"https:\/\/nid.pl\/wp-content\/uploads\/2023\/09\/Uroczystosci-odpustowe-ku-czci-sw.-Rocha-z-obrzedem-blogoslawienstwa-zwierzat-w-Mikstacie-fot.-M.-Strzelec-04.jpg 661w, https:\/\/nid.pl\/wp-content\/uploads\/2023\/09\/Uroczystosci-odpustowe-ku-czci-sw.-Rocha-z-obrzedem-blogoslawienstwa-zwierzat-w-Mikstacie-fot.-M.-Strzelec-04-480x320.jpg 480w\" sizes=\"(min-width: 0px) and (max-width: 480px) 480px, (min-width: 481px) 661px, 100vw\" \/><figcaption class=\"wp-element-caption\">Uroczysto\u015bci odpustowe ku czci \u015bw. Rocha z obrz\u0119dem b\u0142ogos\u0142awie\u0144stwa zwierz\u0105t w Mikstacie, <br>fot. M. Strzelec<\/figcaption><\/figure>\n\n\n\n<figure class=\"wp-block-image aligncenter size-full is-resized\"><img loading=\"lazy\" decoding=\"async\" src=\"https:\/\/nid.pl\/wp-content\/uploads\/2023\/09\/Uroczystosci-odpustowe-ku-czci-sw.-Rocha-z-obrzedem-blogoslawienstwa-zwierzat-w-Mikstacie-fot.-M.-Strzelec-05.jpg\" alt=\"\" class=\"wp-image-13154\" style=\"width:661px;height:441px\" width=\"661\" height=\"441\" srcset=\"https:\/\/nid.pl\/wp-content\/uploads\/2023\/09\/Uroczystosci-odpustowe-ku-czci-sw.-Rocha-z-obrzedem-blogoslawienstwa-zwierzat-w-Mikstacie-fot.-M.-Strzelec-05.jpg 661w, https:\/\/nid.pl\/wp-content\/uploads\/2023\/09\/Uroczystosci-odpustowe-ku-czci-sw.-Rocha-z-obrzedem-blogoslawienstwa-zwierzat-w-Mikstacie-fot.-M.-Strzelec-05-480x320.jpg 480w\" sizes=\"(min-width: 0px) and (max-width: 480px) 480px, (min-width: 481px) 661px, 100vw\" \/><figcaption class=\"wp-element-caption\">Uroczysto\u015bci odpustowe ku czci \u015bw. Rocha z obrz\u0119dem b\u0142ogos\u0142awie\u0144stwa zwierz\u0105t w Mikstacie, <br>fot. M. Strzelec<\/figcaption><\/figure>\n\n\n\n<p><\/p>\n\n\n\n<figure class=\"wp-block-image aligncenter size-full is-resized\"><img loading=\"lazy\" decoding=\"async\" src=\"https:\/\/nid.pl\/wp-content\/uploads\/2023\/09\/Uroczystosci-odpustowe-ku-czci-sw.-Rocha-z-obrzedem-blogoslawienstwa-zwierzat-w-Mikstacie-fot.-M.-Strzelec-06.jpg\" alt=\"\" class=\"wp-image-13155\" style=\"width:661px;height:441px\" width=\"661\" height=\"441\" srcset=\"https:\/\/nid.pl\/wp-content\/uploads\/2023\/09\/Uroczystosci-odpustowe-ku-czci-sw.-Rocha-z-obrzedem-blogoslawienstwa-zwierzat-w-Mikstacie-fot.-M.-Strzelec-06.jpg 661w, https:\/\/nid.pl\/wp-content\/uploads\/2023\/09\/Uroczystosci-odpustowe-ku-czci-sw.-Rocha-z-obrzedem-blogoslawienstwa-zwierzat-w-Mikstacie-fot.-M.-Strzelec-06-480x320.jpg 480w\" sizes=\"(min-width: 0px) and (max-width: 480px) 480px, (min-width: 481px) 661px, 100vw\" \/><figcaption class=\"wp-element-caption\">Uroczysto\u015bci odpustowe ku czci \u015bw. Rocha z obrz\u0119dem b\u0142ogos\u0142awie\u0144stwa zwierz\u0105t w Mikstacie, <br>fot. M. Strzelec<\/figcaption><\/figure>\n\n\n\n<figure class=\"wp-block-image aligncenter size-full is-resized\"><img loading=\"lazy\" decoding=\"async\" src=\"https:\/\/nid.pl\/wp-content\/uploads\/2023\/09\/Uroczystosci-odpustowe-ku-czci-sw.-Rocha-z-obrzedem-blogoslawienstwa-zwierzat-w-Mikstacie-fot.-M.-Strzelec-07.jpg\" alt=\"\" class=\"wp-image-13156\" style=\"width:663px;height:442px\" width=\"663\" height=\"442\" srcset=\"https:\/\/nid.pl\/wp-content\/uploads\/2023\/09\/Uroczystosci-odpustowe-ku-czci-sw.-Rocha-z-obrzedem-blogoslawienstwa-zwierzat-w-Mikstacie-fot.-M.-Strzelec-07.jpg 663w, https:\/\/nid.pl\/wp-content\/uploads\/2023\/09\/Uroczystosci-odpustowe-ku-czci-sw.-Rocha-z-obrzedem-blogoslawienstwa-zwierzat-w-Mikstacie-fot.-M.-Strzelec-07-480x320.jpg 480w\" sizes=\"(min-width: 0px) and (max-width: 480px) 480px, (min-width: 481px) 663px, 100vw\" \/><figcaption class=\"wp-element-caption\">Uroczysto\u015bci odpustowe ku czci \u015bw. Rocha z obrz\u0119dem b\u0142ogos\u0142awie\u0144stwa zwierz\u0105t w Mikstacie, <br>fot. M. Strzelec<\/figcaption><\/figure>\n\n\n\n<figure class=\"wp-block-image aligncenter size-full is-resized\"><img loading=\"lazy\" decoding=\"async\" src=\"https:\/\/nid.pl\/wp-content\/uploads\/2023\/09\/Uroczystosci-odpustowe-ku-czci-sw.-Rocha-z-obrzedem-blogoslawienstwa-zwierzat-w-Mikstacie-fot.-M.-Strzelec-10.jpg\" alt=\"\" class=\"wp-image-13157\" style=\"width:662px;height:441px\" width=\"662\" height=\"441\" srcset=\"https:\/\/nid.pl\/wp-content\/uploads\/2023\/09\/Uroczystosci-odpustowe-ku-czci-sw.-Rocha-z-obrzedem-blogoslawienstwa-zwierzat-w-Mikstacie-fot.-M.-Strzelec-10.jpg 662w, https:\/\/nid.pl\/wp-content\/uploads\/2023\/09\/Uroczystosci-odpustowe-ku-czci-sw.-Rocha-z-obrzedem-blogoslawienstwa-zwierzat-w-Mikstacie-fot.-M.-Strzelec-10-480x320.jpg 480w\" sizes=\"(min-width: 0px) and (max-width: 480px) 480px, (min-width: 481px) 662px, 100vw\" \/><figcaption class=\"wp-element-caption\">Uroczysto\u015bci odpustowe ku czci \u015bw. Rocha z obrz\u0119dem b\u0142ogos\u0142awie\u0144stwa zwierz\u0105t w Mikstacie, <br>fot. M. Strzelec<\/figcaption><\/figure>","protected":false},"excerpt":{"rendered":"<p>W dniach 15 &#8211; 16 sierpnia w Mikstacie odby\u0142y si\u0119 uroczysto\u015bci odpustowe ku czci \u015bw. Rocha z obrz\u0119dem b\u0142ogos\u0142awie\u0144stwa zwierz\u0105t. Zwyczaj ten, maj\u0105cy ponad trzystuletni\u0105 tradycj\u0119, w 2015 roku zosta\u0142 [&hellip;]<\/p>","protected":false},"author":7,"featured_media":13158,"comment_status":"closed","ping_status":"closed","sticky":false,"template":"","format":"standard","meta":{"_et_pb_use_builder":"off","_et_pb_old_content":"","_et_gb_content_width":"","_monsterinsights_skip_tracking":false,"_monsterinsights_sitenote_active":false,"_monsterinsights_sitenote_note":"","_monsterinsights_sitenote_category":0,"footnotes":""},"categories":[28],"tags":[],"class_list":["post-13148","post","type-post","status-publish","format-standard","has-post-thumbnail","hentry","category-patronaty"],"yoast_head":"<!-- This site is optimized with the Yoast SEO plugin v26.5 - https:\/\/yoast.com\/wordpress\/plugins\/seo\/ -->\n<title>Uroczysto\u015bci odpustowe ku czci \u015aw. Rocha z b\u0142ogos\u0142awie\u0144stwem zwierz\u0105t w Mikstacie - NID<\/title>\n<meta name=\"robots\" content=\"index, follow, max-snippet:-1, max-image-preview:large, max-video-preview:-1\" \/>\n<link rel=\"canonical\" href=\"https:\/\/nid.pl\/en\/2023\/09\/06\/uroczystosci-odpustowe-ku-czci-sw-rocha-z-blogoslawienstwem-zwierzat-w-mikstacie\/\" \/>\n<meta property=\"og:locale\" content=\"en_GB\" \/>\n<meta property=\"og:type\" content=\"article\" \/>\n<meta property=\"og:title\" content=\"Uroczysto\u015bci odpustowe ku czci \u015aw. Rocha z b\u0142ogos\u0142awie\u0144stwem zwierz\u0105t w Mikstacie - NID\" \/>\n<meta property=\"og:description\" content=\"W dniach 15 &#8211; 16 sierpnia w Mikstacie odby\u0142y si\u0119 uroczysto\u015bci odpustowe ku czci \u015bw. Rocha z obrz\u0119dem b\u0142ogos\u0142awie\u0144stwa zwierz\u0105t. Zwyczaj ten, maj\u0105cy ponad trzystuletni\u0105 tradycj\u0119, w 2015 roku zosta\u0142 [&hellip;]\" \/>\n<meta property=\"og:url\" content=\"https:\/\/nid.pl\/en\/2023\/09\/06\/uroczystosci-odpustowe-ku-czci-sw-rocha-z-blogoslawienstwem-zwierzat-w-mikstacie\/\" \/>\n<meta property=\"og:site_name\" content=\"NID\" \/>\n<meta property=\"article:publisher\" content=\"https:\/\/www.facebook.com\/zabytek\" \/>\n<meta property=\"article:published_time\" content=\"2023-09-06T08:27:06+00:00\" \/>\n<meta property=\"article:modified_time\" content=\"2023-09-06T08:27:32+00:00\" \/>\n<meta property=\"og:image\" content=\"https:\/\/nid.pl\/wp-content\/uploads\/2023\/09\/patronaty-NID1.jpg\" \/>\n\t<meta property=\"og:image:width\" content=\"440\" \/>\n\t<meta property=\"og:image:height\" content=\"294\" \/>\n\t<meta property=\"og:image:type\" content=\"image\/jpeg\" \/>\n<meta name=\"author\" content=\"Barbara Halliop\" \/>\n<meta name=\"twitter:card\" content=\"summary_large_image\" \/>\n<meta name=\"twitter:creator\" content=\"@NarIDpl\" \/>\n<meta name=\"twitter:site\" content=\"@NarIDpl\" \/>\n<meta name=\"twitter:label1\" content=\"Written by\" \/>\n\t<meta name=\"twitter:data1\" content=\"Barbara Halliop\" \/>\n\t<meta name=\"twitter:label2\" content=\"Estimated reading time\" \/>\n\t<meta name=\"twitter:data2\" content=\"4 minutes\" \/>\n<script type=\"application\/ld+json\" class=\"yoast-schema-graph\">{\"@context\":\"https:\/\/schema.org\",\"@graph\":[{\"@type\":\"Article\",\"@id\":\"https:\/\/nid.pl\/2023\/09\/06\/uroczystosci-odpustowe-ku-czci-sw-rocha-z-blogoslawienstwem-zwierzat-w-mikstacie\/#article\",\"isPartOf\":{\"@id\":\"https:\/\/nid.pl\/2023\/09\/06\/uroczystosci-odpustowe-ku-czci-sw-rocha-z-blogoslawienstwem-zwierzat-w-mikstacie\/\"},\"author\":{\"name\":\"Barbara Halliop\",\"@id\":\"https:\/\/nid.pl\/#\/schema\/person\/1b690a8998a5111cfb9f0ffe24195a15\"},\"headline\":\"Uroczysto\u015bci odpustowe ku czci \u015aw. Rocha z b\u0142ogos\u0142awie\u0144stwem zwierz\u0105t w Mikstacie\",\"datePublished\":\"2023-09-06T08:27:06+00:00\",\"dateModified\":\"2023-09-06T08:27:32+00:00\",\"mainEntityOfPage\":{\"@id\":\"https:\/\/nid.pl\/2023\/09\/06\/uroczystosci-odpustowe-ku-czci-sw-rocha-z-blogoslawienstwem-zwierzat-w-mikstacie\/\"},\"wordCount\":690,\"publisher\":{\"@id\":\"https:\/\/nid.pl\/#organization\"},\"image\":{\"@id\":\"https:\/\/nid.pl\/2023\/09\/06\/uroczystosci-odpustowe-ku-czci-sw-rocha-z-blogoslawienstwem-zwierzat-w-mikstacie\/#primaryimage\"},\"thumbnailUrl\":\"https:\/\/nid.pl\/wp-content\/uploads\/2023\/09\/patronaty-NID1.jpg\",\"articleSection\":[\"Patronaty\"],\"inLanguage\":\"en-GB\"},{\"@type\":\"WebPage\",\"@id\":\"https:\/\/nid.pl\/2023\/09\/06\/uroczystosci-odpustowe-ku-czci-sw-rocha-z-blogoslawienstwem-zwierzat-w-mikstacie\/\",\"url\":\"https:\/\/nid.pl\/2023\/09\/06\/uroczystosci-odpustowe-ku-czci-sw-rocha-z-blogoslawienstwem-zwierzat-w-mikstacie\/\",\"name\":\"Uroczysto\u015bci odpustowe ku czci \u015aw. Rocha z b\u0142ogos\u0142awie\u0144stwem zwierz\u0105t w Mikstacie - NID\",\"isPartOf\":{\"@id\":\"https:\/\/nid.pl\/#website\"},\"primaryImageOfPage\":{\"@id\":\"https:\/\/nid.pl\/2023\/09\/06\/uroczystosci-odpustowe-ku-czci-sw-rocha-z-blogoslawienstwem-zwierzat-w-mikstacie\/#primaryimage\"},\"image\":{\"@id\":\"https:\/\/nid.pl\/2023\/09\/06\/uroczystosci-odpustowe-ku-czci-sw-rocha-z-blogoslawienstwem-zwierzat-w-mikstacie\/#primaryimage\"},\"thumbnailUrl\":\"https:\/\/nid.pl\/wp-content\/uploads\/2023\/09\/patronaty-NID1.jpg\",\"datePublished\":\"2023-09-06T08:27:06+00:00\",\"dateModified\":\"2023-09-06T08:27:32+00:00\",\"breadcrumb\":{\"@id\":\"https:\/\/nid.pl\/2023\/09\/06\/uroczystosci-odpustowe-ku-czci-sw-rocha-z-blogoslawienstwem-zwierzat-w-mikstacie\/#breadcrumb\"},\"inLanguage\":\"en-GB\",\"potentialAction\":[{\"@type\":\"ReadAction\",\"target\":[\"https:\/\/nid.pl\/2023\/09\/06\/uroczystosci-odpustowe-ku-czci-sw-rocha-z-blogoslawienstwem-zwierzat-w-mikstacie\/\"]}]},{\"@type\":\"ImageObject\",\"inLanguage\":\"en-GB\",\"@id\":\"https:\/\/nid.pl\/2023\/09\/06\/uroczystosci-odpustowe-ku-czci-sw-rocha-z-blogoslawienstwem-zwierzat-w-mikstacie\/#primaryimage\",\"url\":\"https:\/\/nid.pl\/wp-content\/uploads\/2023\/09\/patronaty-NID1.jpg\",\"contentUrl\":\"https:\/\/nid.pl\/wp-content\/uploads\/2023\/09\/patronaty-NID1.jpg\",\"width\":440,\"height\":294,\"caption\":\"Uroczysto\u015bci odpustowe ku czci \u015bw. Rocha z obrz\u0119dem b\u0142ogos\u0142awie\u0144stwa zwierz\u0105t w Mikstacie, fot. M. Strzelec\"},{\"@type\":\"BreadcrumbList\",\"@id\":\"https:\/\/nid.pl\/2023\/09\/06\/uroczystosci-odpustowe-ku-czci-sw-rocha-z-blogoslawienstwem-zwierzat-w-mikstacie\/#breadcrumb\",\"itemListElement\":[{\"@type\":\"ListItem\",\"position\":1,\"name\":\"Home\",\"item\":\"https:\/\/nid.pl\/\"},{\"@type\":\"ListItem\",\"position\":2,\"name\":\"Uroczysto\u015bci odpustowe ku czci \u015aw. Rocha z b\u0142ogos\u0142awie\u0144stwem zwierz\u0105t w Mikstacie\"}]},{\"@type\":\"WebSite\",\"@id\":\"https:\/\/nid.pl\/#website\",\"url\":\"https:\/\/nid.pl\/\",\"name\":\"NID\",\"description\":\"Narodowy Instytut Dziedzictwa\",\"publisher\":{\"@id\":\"https:\/\/nid.pl\/#organization\"},\"potentialAction\":[{\"@type\":\"SearchAction\",\"target\":{\"@type\":\"EntryPoint\",\"urlTemplate\":\"https:\/\/nid.pl\/?s={search_term_string}\"},\"query-input\":{\"@type\":\"PropertyValueSpecification\",\"valueRequired\":true,\"valueName\":\"search_term_string\"}}],\"inLanguage\":\"en-GB\"},{\"@type\":\"Organization\",\"@id\":\"https:\/\/nid.pl\/#organization\",\"name\":\"Narodowy Instytut Dziedzictwa\",\"url\":\"https:\/\/nid.pl\/\",\"logo\":{\"@type\":\"ImageObject\",\"inLanguage\":\"en-GB\",\"@id\":\"https:\/\/nid.pl\/#\/schema\/logo\/image\/\",\"url\":\"https:\/\/nid.pl\/wp-content\/uploads\/2022\/10\/logoRedDark.png\",\"contentUrl\":\"https:\/\/nid.pl\/wp-content\/uploads\/2022\/10\/logoRedDark.png\",\"width\":200,\"height\":197,\"caption\":\"Narodowy Instytut Dziedzictwa\"},\"image\":{\"@id\":\"https:\/\/nid.pl\/#\/schema\/logo\/image\/\"},\"sameAs\":[\"https:\/\/www.facebook.com\/zabytek\",\"https:\/\/x.com\/NarIDpl\",\"https:\/\/www.instagram.com\/nid.pl\/?hl=pl\",\"https:\/\/www.linkedin.com\/company\/narodowy-instytut-dziedzictwa\",\"https:\/\/www.youtube.com\/channel\/UCQXuhKa2uHtmNvLRUSx40JA\"]},{\"@type\":\"Person\",\"@id\":\"https:\/\/nid.pl\/#\/schema\/person\/1b690a8998a5111cfb9f0ffe24195a15\",\"name\":\"Barbara Halliop\",\"image\":{\"@type\":\"ImageObject\",\"inLanguage\":\"en-GB\",\"@id\":\"https:\/\/nid.pl\/#\/schema\/person\/image\/\",\"url\":\"https:\/\/nid.pl\/wp-content\/litespeed\/avatar\/924046d17dd0c842c9fa9ccf489bc6dc.jpg?ver=1777444967\",\"contentUrl\":\"https:\/\/nid.pl\/wp-content\/litespeed\/avatar\/924046d17dd0c842c9fa9ccf489bc6dc.jpg?ver=1777444967\",\"caption\":\"Barbara Halliop\"},\"url\":\"https:\/\/nid.pl\/en\/author\/bhalliop\/\"}]}<\/script>\n<!-- \/ Yoast SEO plugin. -->","yoast_head_json":{"title":"Uroczysto\u015bci odpustowe ku czci \u015aw. Rocha z b\u0142ogos\u0142awie\u0144stwem zwierz\u0105t w Mikstacie - NID","robots":{"index":"index","follow":"follow","max-snippet":"max-snippet:-1","max-image-preview":"max-image-preview:large","max-video-preview":"max-video-preview:-1"},"canonical":"https:\/\/nid.pl\/en\/2023\/09\/06\/uroczystosci-odpustowe-ku-czci-sw-rocha-z-blogoslawienstwem-zwierzat-w-mikstacie\/","og_locale":"en_GB","og_type":"article","og_title":"Uroczysto\u015bci odpustowe ku czci \u015aw. Rocha z b\u0142ogos\u0142awie\u0144stwem zwierz\u0105t w Mikstacie - NID","og_description":"W dniach 15 &#8211; 16 sierpnia w Mikstacie odby\u0142y si\u0119 uroczysto\u015bci odpustowe ku czci \u015bw. Rocha z obrz\u0119dem b\u0142ogos\u0142awie\u0144stwa zwierz\u0105t. Zwyczaj ten, maj\u0105cy ponad trzystuletni\u0105 tradycj\u0119, w 2015 roku zosta\u0142 [&hellip;]","og_url":"https:\/\/nid.pl\/en\/2023\/09\/06\/uroczystosci-odpustowe-ku-czci-sw-rocha-z-blogoslawienstwem-zwierzat-w-mikstacie\/","og_site_name":"NID","article_publisher":"https:\/\/www.facebook.com\/zabytek","article_published_time":"2023-09-06T08:27:06+00:00","article_modified_time":"2023-09-06T08:27:32+00:00","og_image":[{"width":440,"height":294,"url":"https:\/\/nid.pl\/wp-content\/uploads\/2023\/09\/patronaty-NID1.jpg","type":"image\/jpeg"}],"author":"Barbara Halliop","twitter_card":"summary_large_image","twitter_creator":"@NarIDpl","twitter_site":"@NarIDpl","twitter_misc":{"Written by":"Barbara Halliop","Estimated reading time":"4 minutes"},"schema":{"@context":"https:\/\/schema.org","@graph":[{"@type":"Article","@id":"https:\/\/nid.pl\/2023\/09\/06\/uroczystosci-odpustowe-ku-czci-sw-rocha-z-blogoslawienstwem-zwierzat-w-mikstacie\/#article","isPartOf":{"@id":"https:\/\/nid.pl\/2023\/09\/06\/uroczystosci-odpustowe-ku-czci-sw-rocha-z-blogoslawienstwem-zwierzat-w-mikstacie\/"},"author":{"name":"Barbara Halliop","@id":"https:\/\/nid.pl\/#\/schema\/person\/1b690a8998a5111cfb9f0ffe24195a15"},"headline":"Uroczysto\u015bci odpustowe ku czci \u015aw. Rocha z b\u0142ogos\u0142awie\u0144stwem zwierz\u0105t w Mikstacie","datePublished":"2023-09-06T08:27:06+00:00","dateModified":"2023-09-06T08:27:32+00:00","mainEntityOfPage":{"@id":"https:\/\/nid.pl\/2023\/09\/06\/uroczystosci-odpustowe-ku-czci-sw-rocha-z-blogoslawienstwem-zwierzat-w-mikstacie\/"},"wordCount":690,"publisher":{"@id":"https:\/\/nid.pl\/#organization"},"image":{"@id":"https:\/\/nid.pl\/2023\/09\/06\/uroczystosci-odpustowe-ku-czci-sw-rocha-z-blogoslawienstwem-zwierzat-w-mikstacie\/#primaryimage"},"thumbnailUrl":"https:\/\/nid.pl\/wp-content\/uploads\/2023\/09\/patronaty-NID1.jpg","articleSection":["Patronaty"],"inLanguage":"en-GB"},{"@type":"WebPage","@id":"https:\/\/nid.pl\/2023\/09\/06\/uroczystosci-odpustowe-ku-czci-sw-rocha-z-blogoslawienstwem-zwierzat-w-mikstacie\/","url":"https:\/\/nid.pl\/2023\/09\/06\/uroczystosci-odpustowe-ku-czci-sw-rocha-z-blogoslawienstwem-zwierzat-w-mikstacie\/","name":"Uroczysto\u015bci odpustowe ku czci \u015aw. Rocha z b\u0142ogos\u0142awie\u0144stwem zwierz\u0105t w Mikstacie - NID","isPartOf":{"@id":"https:\/\/nid.pl\/#website"},"primaryImageOfPage":{"@id":"https:\/\/nid.pl\/2023\/09\/06\/uroczystosci-odpustowe-ku-czci-sw-rocha-z-blogoslawienstwem-zwierzat-w-mikstacie\/#primaryimage"},"image":{"@id":"https:\/\/nid.pl\/2023\/09\/06\/uroczystosci-odpustowe-ku-czci-sw-rocha-z-blogoslawienstwem-zwierzat-w-mikstacie\/#primaryimage"},"thumbnailUrl":"https:\/\/nid.pl\/wp-content\/uploads\/2023\/09\/patronaty-NID1.jpg","datePublished":"2023-09-06T08:27:06+00:00","dateModified":"2023-09-06T08:27:32+00:00","breadcrumb":{"@id":"https:\/\/nid.pl\/2023\/09\/06\/uroczystosci-odpustowe-ku-czci-sw-rocha-z-blogoslawienstwem-zwierzat-w-mikstacie\/#breadcrumb"},"inLanguage":"en-GB","potentialAction":[{"@type":"ReadAction","target":["https:\/\/nid.pl\/2023\/09\/06\/uroczystosci-odpustowe-ku-czci-sw-rocha-z-blogoslawienstwem-zwierzat-w-mikstacie\/"]}]},{"@type":"ImageObject","inLanguage":"en-GB","@id":"https:\/\/nid.pl\/2023\/09\/06\/uroczystosci-odpustowe-ku-czci-sw-rocha-z-blogoslawienstwem-zwierzat-w-mikstacie\/#primaryimage","url":"https:\/\/nid.pl\/wp-content\/uploads\/2023\/09\/patronaty-NID1.jpg","contentUrl":"https:\/\/nid.pl\/wp-content\/uploads\/2023\/09\/patronaty-NID1.jpg","width":440,"height":294,"caption":"Uroczysto\u015bci odpustowe ku czci \u015bw. Rocha z obrz\u0119dem b\u0142ogos\u0142awie\u0144stwa zwierz\u0105t w Mikstacie, fot. M. Strzelec"},{"@type":"BreadcrumbList","@id":"https:\/\/nid.pl\/2023\/09\/06\/uroczystosci-odpustowe-ku-czci-sw-rocha-z-blogoslawienstwem-zwierzat-w-mikstacie\/#breadcrumb","itemListElement":[{"@type":"ListItem","position":1,"name":"Home","item":"https:\/\/nid.pl\/"},{"@type":"ListItem","position":2,"name":"Uroczysto\u015bci odpustowe ku czci \u015aw. Rocha z b\u0142ogos\u0142awie\u0144stwem zwierz\u0105t w Mikstacie"}]},{"@type":"WebSite","@id":"https:\/\/nid.pl\/#website","url":"https:\/\/nid.pl\/","name":"NID","description":"Narodowy Instytut Dziedzictwa","publisher":{"@id":"https:\/\/nid.pl\/#organization"},"potentialAction":[{"@type":"SearchAction","target":{"@type":"EntryPoint","urlTemplate":"https:\/\/nid.pl\/?s={search_term_string}"},"query-input":{"@type":"PropertyValueSpecification","valueRequired":true,"valueName":"search_term_string"}}],"inLanguage":"en-GB"},{"@type":"Organization","@id":"https:\/\/nid.pl\/#organization","name":"Narodowy Instytut Dziedzictwa","url":"https:\/\/nid.pl\/","logo":{"@type":"ImageObject","inLanguage":"en-GB","@id":"https:\/\/nid.pl\/#\/schema\/logo\/image\/","url":"https:\/\/nid.pl\/wp-content\/uploads\/2022\/10\/logoRedDark.png","contentUrl":"https:\/\/nid.pl\/wp-content\/uploads\/2022\/10\/logoRedDark.png","width":200,"height":197,"caption":"Narodowy Instytut Dziedzictwa"},"image":{"@id":"https:\/\/nid.pl\/#\/schema\/logo\/image\/"},"sameAs":["https:\/\/www.facebook.com\/zabytek","https:\/\/x.com\/NarIDpl","https:\/\/www.instagram.com\/nid.pl\/?hl=pl","https:\/\/www.linkedin.com\/company\/narodowy-instytut-dziedzictwa","https:\/\/www.youtube.com\/channel\/UCQXuhKa2uHtmNvLRUSx40JA"]},{"@type":"Person","@id":"https:\/\/nid.pl\/#\/schema\/person\/1b690a8998a5111cfb9f0ffe24195a15","name":"Barbara Halliop","image":{"@type":"ImageObject","inLanguage":"en-GB","@id":"https:\/\/nid.pl\/#\/schema\/person\/image\/","url":"https:\/\/nid.pl\/wp-content\/litespeed\/avatar\/924046d17dd0c842c9fa9ccf489bc6dc.jpg?ver=1777444967","contentUrl":"https:\/\/nid.pl\/wp-content\/litespeed\/avatar\/924046d17dd0c842c9fa9ccf489bc6dc.jpg?ver=1777444967","caption":"Barbara Halliop"},"url":"https:\/\/nid.pl\/en\/author\/bhalliop\/"}]}},"_links":{"self":[{"href":"https:\/\/nid.pl\/en\/wp-json\/wp\/v2\/posts\/13148","targetHints":{"allow":["GET"]}}],"collection":[{"href":"https:\/\/nid.pl\/en\/wp-json\/wp\/v2\/posts"}],"about":[{"href":"https:\/\/nid.pl\/en\/wp-json\/wp\/v2\/types\/post"}],"author":[{"embeddable":true,"href":"https:\/\/nid.pl\/en\/wp-json\/wp\/v2\/users\/7"}],"replies":[{"embeddable":true,"href":"https:\/\/nid.pl\/en\/wp-json\/wp\/v2\/comments?post=13148"}],"version-history":[{"count":0,"href":"https:\/\/nid.pl\/en\/wp-json\/wp\/v2\/posts\/13148\/revisions"}],"wp:featuredmedia":[{"embeddable":true,"href":"https:\/\/nid.pl\/en\/wp-json\/wp\/v2\/media\/13158"}],"wp:attachment":[{"href":"https:\/\/nid.pl\/en\/wp-json\/wp\/v2\/media?parent=13148"}],"wp:term":[{"taxonomy":"category","embeddable":true,"href":"https:\/\/nid.pl\/en\/wp-json\/wp\/v2\/categories?post=13148"},{"taxonomy":"post_tag","embeddable":true,"href":"https:\/\/nid.pl\/en\/wp-json\/wp\/v2\/tags?post=13148"}],"curies":[{"name":"wp","href":"https:\/\/api.w.org\/{rel}","templated":true}]}}