{"id":13142,"date":"2023-09-05T15:34:34","date_gmt":"2023-09-05T13:34:34","guid":{"rendered":"https:\/\/nid.pl\/?p=13142"},"modified":"2023-09-05T15:34:39","modified_gmt":"2023-09-05T13:34:39","slug":"6-8-wrzesnia-miedzynarodowa-konferencja-naukowa-archeologia-ogrodow-historycznych-w-zamku-krzyztopor-w-ujezdzie","status":"publish","type":"post","link":"https:\/\/nid.pl\/en\/2023\/09\/05\/6-8-wrzesnia-miedzynarodowa-konferencja-naukowa-archeologia-ogrodow-historycznych-w-zamku-krzyztopor-w-ujezdzie\/","title":{"rendered":"6-8 wrze\u015bnia: Mi\u0119dzynarodowa konferencja naukowa \u201eArcheologia ogrod\u00f3w historycznych&#8221; w Zamku Krzy\u017ctop\u00f3r w Uje\u017adzie"},"content":{"rendered":"<p><strong>Archeologia ogrod\u00f3w historycznych odgrywa istotn\u0105 rol\u0119 w zachowaniu dziedzictwa kulturowego. W dniach 6 &#8211; 8 wrze\u015bnia w Zamku Krzy\u017ctop\u00f3r w Uje\u017adzie, odb\u0119dzie si\u0119 mi\u0119dzynarodowa konferencja po\u015bwi\u0119cona archeologii ogrod\u00f3w historycznych. Organizatorami wydarzenia jest Narodowy Instytut Dziedzictwa oraz Stowarzyszenie Zamku Krzy\u017ctop\u00f3r w Uje\u017adzie. Rejestracja uczestnik\u00f3w zosta\u0142a zamkni\u0119ta. Zapraszamy do ogl\u0105dania transmisji internetowej.<\/strong><\/p>\n\n\n\n<p>Narodowy Instytut Dziedzictwa posiada du\u017ce do\u015bwiadczenie w prowadzeniu bada\u0144 nad archeologi\u0105 ogrod\u00f3w historycznych. Eksperci NID zrealizowali wiele szeroko zakrojonych prac w obiektach o wyj\u0105tkowym znaczeniu dla dziedzictwa polskiej sztuki ogrodowej, przeprowadzaj\u0105c je m.in. w Ogrodach w Wilanowie, Podhorcach i Ogrodzie Branickich w Bia\u0142ymstoku. Opracowane metody badawcze znalaz\u0142y r\u00f3wnie\u017c zastosowanie w <a href=\"https:\/\/parkmuzakowski.nid.pl\/\">Parku Mu\u017cakowskim w \u0141\u0119knicy<\/a> oraz podczas bada\u0144 nad pa\u0142acowymi ogrodami Zamku Krzy\u017ctop\u00f3r w Uje\u017adzie, gdzie odkryto fascynuj\u0105ce pozosta\u0142o\u015bci kamiennej architektury ogrodowej.<\/p>\n\n\n\n<p>Celem mi\u0119dzynarodowej konferencji naukowej \u201eArcheologia ogrod\u00f3w historycznych&#8221; jest stworzenie platformy do wymiany wiedzy i do\u015bwiadcze\u0144 z zakresu archeologii ogrodowej, wspieraj\u0105c jednocze\u015bnie procesy konserwatorskie zwi\u0105zane z zabytkowymi ogrodami. W ci\u0105gu trzech dni konferencji, wybitni praktycy w dziedzinie archeologii ogrodowej wyg\u0142osz\u0105 blisko 30 referat\u00f3w, przybli\u017caj\u0105c tajemnice ogrod\u00f3w z r\u00f3\u017cnych region\u00f3w Europy. Jedna z sesji zostanie po\u015bwi\u0119cona historii, badaniom i planowanej przysz\u0142o\u015bci ogrod\u00f3w Zamku Krzy\u017ctop\u00f3r w Uje\u017adzie.<\/p>\n\n\n\n<p>Program mi\u0119dzynarodowej konferencji naukowej \u201eArcheologia ogrod\u00f3w historycznych&#8221;:<\/p>\n\n\n\n<p><strong>Dzie\u0144 pierwszy<\/strong><\/p>\n\n\n\n<p><strong>Otwarcie konferencji:<\/strong><\/p>\n\n\n\n<ul class=\"wp-block-list\">\n<li>Katarzyna Zalasi\u0144ska, dyrektor Narodowego Instytutu Dziedzictwa<\/li>\n\n\n\n<li>Krzysztof Lipiec, pose\u0142 na Sejm RP<\/li>\n\n\n\n<li>Andrzej Go\u0142embnik, cz\u0142onek Rady Naukowej Konferencji, Stowarzyszenie Zamek Krzy\u017ctop\u00f3r w Uje\u017adzie<\/li>\n<\/ul>\n\n\n\n<p><strong>Wyk\u0142ad inauguracyjny:<\/strong><\/p>\n\n\n\n<ul class=\"wp-block-list\">\n<li>Brian Dix (Wielka Brytania), <em>Hampton Court jako przyk\u0142ad kompleksowej realizacji od bada\u0144 po odbudow\u0119<\/em><\/li>\n<\/ul>\n\n\n\n<p><strong>Sesja 1<\/strong><\/p>\n\n\n\n<p>Prowadz\u0105cy: Brian Dix<\/p>\n\n\n\n<ul class=\"wp-block-list\" type=\"1\">\n<li>Dorota Sikora (Narodowy Instytut Dziedzictwa, Polska), <em>Archeologia ogrod\u00f3w jako \u017ar\u00f3d\u0142o wiedzy o ogrodach historycznych<\/em><\/li>\n\n\n\n<li>John Watkins (English Heritage, England), <em>Archeologia jako kluczowe narz\u0119dzie do prowadzenia i zarz\u0105dzania renowacj\u0105 zabytkowych ogrod\u00f3w<\/em><\/li>\n\n\n\n<li>Lionella Scazzosi, Raffaella Laviscio, Carlo Schiesaro (Politecnico di Milano, ABC departement, Italy), <em>W\u0142oskie podej\u015bcie do ogrod\u00f3w historycznych i archeologii: idea palimpsestu i studia przypadk\u00f3w<\/em><\/li>\n\n\n\n<li>Annick Heitzmann (Ch\u00e2teau de Versailles, France), <em>Archeologia ogrod\u00f3w w Wersalu<\/em><em><\/em><\/li>\n\n\n\n<li>Emilia Jastrz\u0119bska, Jakub Brochocki (Muzeum \u0141azienki Kr\u00f3lewskie w Warszawie, Polska), <em>Badania archeologiczne w \u0141azienkach Kr\u00f3lewskich<\/em><\/li>\n\n\n\n<li>Volodymyr Herych (Ukraine), <em>Wykopaliska archeologiczne na terenie rezydencji \u017bowkwa<\/em><\/li>\n<\/ul>\n\n\n\n<p><strong>Sesja 2<\/strong><\/p>\n\n\n\n<p>Prowadz\u0105cy: Andrzej Go\u0142embnik<\/p>\n\n\n\n<ul class=\"wp-block-list\" type=\"1\">\n<li>Geert Vynckier (Erfgoedonderzoeker Archeologie Agentschap Onroerend Erfgoed, Koninkrijk Belgi\u00eb), <em>Wykopaliska w ogrodzie dziedzi\u0144cowym zamku w Gaasbeek. Jak&nbsp; wyniki bada\u0144 przyczyniaj\u0105 si\u0119 do renowacji<\/em><\/li>\n\n\n\n<li>Natascha Lensvelt (Ministerie van Cultuur, Rijksdienst voor het Cultureel Erfgoed, Nederland), <em>Archeologia ogrod\u00f3w w Holandii. <\/em><em>Renowacja ogrodu zamku Duivenvoorde<\/em><\/li>\n\n\n\n<li>Maria Jo\u00e3o de Sousa (Pal\u00e1cio Nacional e Jardins de Queluz, Portugal), <em>Archeologia w rekonstrukcji ogrodu romantycznego: Pa\u0142ac Narodowy Queluz \u2013 Sintra<\/em><\/li>\n\n\n\n<li>Michal V\u00e1gner (Masarykova Univerzita, \u010cesk\u00e1 republika), Miroslav Dejmal (\u010cesk\u00e1 republika), Jakub \u0160im\u00edk (Masarykova Univerzita, \u010cesk\u00e1 republika), <em>Multidyscyplinarne badania archeologiczne i konserwacja zabytk\u00f3w wystroju ogrod\u00f3w zamku Pern\u0161tejn<\/em><\/li>\n\n\n\n<li>Anna Andr\u00e9asson Sj\u00f6gren (Stockholms universitet, Sverige), <em>\u015aredniowieczne ogrody \u2013 nowa wiedza z zapis\u00f3w archeologicznych<\/em><\/li>\n\n\n\n<li>Aja Guld\u00e5ker (Kulturhistoriska f\u00f6reningen f\u00f6r s\u00f6dra Sverige), <em>Od umys\u0142u ksi\u0119dza Jacoba Nicolai Wilse do miedziorytu przedstawiaj\u0105cego najstarszy udokumentowany ogr\u00f3d w Norwegii. R\u00f3\u017cne aspekty bada\u0144 norweskich ogrod\u00f3w historycznych<\/em><\/li>\n\n\n\n<li>Giorgio Vassena, prof. Francesco Fassi, Luigi Fregonese, Luca Perfetti, Achille Cristiana(Universit\u00e0 di Brescia\/Politecnico di Milano, Italia), <em>Zintegrowane zaawansowane techniki kompleksowej cyfryzacji ogrod\u00f3w historycznych (dok\u0142adne badanie ogrod\u00f3w historycznych przy u\u017cyciu r\u00f3\u017cnych zintegrowanych technik mapowania mobilnego)<\/em><\/li>\n\n\n\n<li>Giorgia Rossi (Universit\u00e0 di Brescia, Italia), prezentacja osi\u0105gni\u0119\u0107 zespo\u0142u GEXCEL<\/li>\n<\/ul>\n\n\n\n<p><strong>Dzie\u0144 drugi<\/strong><\/p>\n\n\n\n<p><strong>Wyk\u0142ad otwieraj\u0105cy:<\/strong><\/p>\n\n\n\n<ul class=\"wp-block-list\">\n<li>Pawe\u0142 Jaskanis (Muzeum Pa\u0142acu Kr\u00f3la Jana III w Wilanowie, Polska), <em>Badania archeologiczne w definiowaniu <\/em>genius loci<em> \u2013 przyk\u0142ad rezydencji wilanowskiej<\/em><\/li>\n<\/ul>\n\n\n\n<p><strong>Sesja 3<\/strong><\/p>\n\n\n\n<p>Prowadz\u0105cy: Pawe\u0142 Jaskanis<\/p>\n\n\n\n<ul class=\"wp-block-list\" type=\"1\">\n<li>Andrzej Go\u0142embnik (INCEDO3D, Polska), <em>Prawda materialna czy prawda formalna \u2212 rozwa\u017cania o wiarygodno\u015bci \u017ar\u00f3de\u0142 archeologicznych z bada\u0144 archeologicznych prowadzonych w latach 2003\u22122011 w rezydencji kr\u00f3la Jana III w Wilanowie<\/em><\/li>\n\n\n\n<li>Karin Lindeblad, Ann-Mari H\u00e5llans Stenholm, Annika Nordstr\u00f6m (Statens historiska museer, Sverige), <em>Swedish Garden Archeology z histori\u0105 bada\u0144, metodami, analizami i niekt\u00f3rymi studiami przypadk\u00f3w ze Sztokholmu i Uppsali (ogr\u00f3d botaniczny Carl von Linn\u00e9s)<\/em><\/li>\n\n\n\n<li>Alexandru Mexi (Institutul Na\u021bional al Patrimoniului \u201eVasile Goldi\u0219&#8221; Universitatea de Vest din Arad, Rom\u00e2nia), <em>Archeologia ogrodowa jako narz\u0119dzie bada\u0144 i ochrony ogrod\u00f3w historycznych Gardens &#8211; okolice Bukaresztu<\/em><em><\/em><\/li>\n\n\n\n<li>Renata Stacha\u0144czyk (Narodowy Instytut Dziedzictwa), <em>Badania archeologiczne jako element procesu konserwatorskiego w parku zabytkowym \u2013 przyk\u0142ad Parku Mu\u017cakowskiego<\/em><\/li>\n\n\n\n<li>Heike Tenzer (Landesamt f\u00fcr Denkmalpflege und Arch\u00e4ologie Sachsen Anhalt, Deutschland) <em>\u2212 Ogr\u00f3d oran\u017cerii w parku zamkowym Harbke &#8211; klejnot sztuki ogrodowej&nbsp; w Saksonii-Anhalt na przestrzeni wiek\u00f3w<\/em><\/li>\n\n\n\n<li>C\u00e9cile Travers (Arch\u00e9overde, La France), <em>Archeologiczny wk\u0142ad w wiedz\u0119 o angielsko-chi\u0144skim parku z ko\u0144ca XVIII wieku \u2013 domena M\u00e9r\u00e9ville<\/em><\/li>\n\n\n\n<li>Carlos Caballero (Arque\u00f3logo, Espa\u00f1a), <em>Interwencje archeologiczne w Jard\u00edn del Pr\u00edncipe w Aranjuez<\/em><\/li>\n<\/ul>\n\n\n\n<p><strong>Sesja 4<\/strong><\/p>\n\n\n\n<p>Prowadz\u0105cy: Renata Stacha\u0144czyk<\/p>\n\n\n\n<ul class=\"wp-block-list\" type=\"1\">\n<li>Roman Marcinek (Narodowy Instytut Konserwacji Zabytk\u00f3w, Polska), <em>Kwerenda archiwalna jako podstawa bada\u0144 terenowych<\/em><\/li>\n\n\n\n<li>Tomasz Herbich (Polska Akademia Nauk, Polska), Neil Linford (Geophysics Team, Historic England), <em>Metody geofizyczne w przestrzeni ogrod\u00f3w historycznych<\/em><\/li>\n\n\n\n<li>Miron Bogacki (Uniwersytet Warszawski, Polska), <em>Dog\u0142\u0119bna analiza fotografii lotniczej<\/em><\/li>\n\n\n\n<li>Andrzej Koss (Akademia Sztuk Pi\u0119knych w Warszawie, Polska), Andrzej Go\u0142embnik (INCEDO3D, Polska), Piotr Zambrzycki (Akademia Sztuk Pi\u0119knych w Warszawie, Polska), <em>Dotychczasowe badania archeologiczne i prace konserwatorskie w ogrodach Zamku Krzy\u017ctop\u00f3r<\/em><\/li>\n\n\n\n<li>Tomasz Kuls (Teka, Polska), <em>Znaczenie analizy formalnej i przestrzennej w rekonstrukcji historycznych ogrod\u00f3w zamku Krzy\u017ctop\u00f3r<\/em><\/li>\n\n\n\n<li>Piotr Matyjasek (TPI, Polska), <em>Inwentaryzacja pomiarowa z powietrza jako podstawa przestrzennej bazy danych<\/em><\/li>\n\n\n\n<li>Prezentacja osi\u0105gni\u0119\u0107 zespo\u0142u TPI<\/li>\n<\/ul>\n\n\n\n<p><strong>Dzie\u0144 trzeci<\/strong><\/p>\n\n\n\n<ul class=\"wp-block-list\">\n<li>Podsumowanie konferencji &#8211; Brian Dix,<\/li>\n\n\n\n<li>Dyskusja o przysz\u0142o\u015bci archeologii ogrodowej \u2013 tezy do \u201eKarty Chrzistopora\u201d<\/li>\n<\/ul>\n\n\n\n<p><a href=\"https:\/\/nid.pl\/wp-content\/uploads\/2023\/09\/Program-ENG_RS_B.pdf\">Conference program in English<\/a><\/p>\n\n\n\n<p><strong>Transmisja internetowa z konferencji b\u0119dzie dost\u0119pna po jej zako\u0144czeniu na kana\u0142ach TV NID. Wydarzenie b\u0119dzie dost\u0119pne w j\u0119zyku polskim i angielskim.<\/strong><\/p>\n\n\n\n<p><strong>Rada Naukowa konferencji<\/strong>: Brian Dix, Geert Vynckier, Andrzej Go\u0142embnik.<\/p>\n\n\n\n<p><strong>Sekretarz konferencji<\/strong>: dr Renata Stacha\u0144czyk (NID).<\/p>\n\n\n\n<p>Dodatkow\u0105 atrakcj\u0105 dla uczestnik\u00f3w konferencji b\u0119dzie wystawa wybranych archiwali\u00f3w ze spu\u015bcizny po prof. Gerardzie Cio\u0142ku, kt\u00f3ra znajduj\u0105 si\u0119 w zasobach NID. Ponad 21 tysi\u0119cy dokument\u00f3w z tej kolekcji zosta\u0142o zdigitalizowanych i jest dost\u0119pnych online na portalach NID: <a href=\"https:\/\/archiwum.zabytek.pl\/pl\/dokumenty?sekcja=spuscizny&amp;strona=2\">Dokumenty \u2013 Archiwum.Zabytek.pl<\/a> oraz <a href=\"https:\/\/dokument.zabytek.gov.pl\/\">NID | Dokumentacja (zabytek.gov.pl).<\/a><\/p>\n\n\n\n<p><strong>Organizatorzy mi\u0119dzynarodowej konferencji naukowej \u201eArcheologia ogrod\u00f3w historycznych&#8221;: <\/strong>Narodowy Instytut Dziedzictwa oraz Stowarzyszenie Zamku Krzy\u017ctop\u00f3r w Uje\u017adzie.<\/p>\n\n\n\n<p><strong>Patronat honorowy<\/strong> <strong>nad wydarzeniem<\/strong> obj\u0105\u0142 Minister Kultury i Dziedzictwa Narodowego, prof. Piotr Gli\u0144ski oraz Stowarzyszenie Konserwator\u00f3w Zabytk\u00f3w.<\/p>\n\n\n\n<p>Organizacja mi\u0119dzynarodowej konferencji \u201eArcheologia ogrod\u00f3w historycznych&#8221; zosta\u0142a sfinansowana ze \u015brodk\u00f3w Ministerstwa Kultury i Dziedzictwa Narodowego.<\/p>","protected":false},"excerpt":{"rendered":"<p>Archeologia ogrod\u00f3w historycznych odgrywa istotn\u0105 rol\u0119 w zachowaniu dziedzictwa kulturowego. W dniach 6 &#8211; 8 wrze\u015bnia w Zamku Krzy\u017ctop\u00f3r w Uje\u017adzie, odb\u0119dzie si\u0119 mi\u0119dzynarodowa konferencja po\u015bwi\u0119cona archeologii ogrod\u00f3w historycznych. Organizatorami [&hellip;]<\/p>","protected":false},"author":7,"featured_media":13146,"comment_status":"closed","ping_status":"closed","sticky":false,"template":"","format":"standard","meta":{"_et_pb_use_builder":"off","_et_pb_old_content":"","_et_gb_content_width":"","_monsterinsights_skip_tracking":false,"_monsterinsights_sitenote_active":false,"_monsterinsights_sitenote_note":"","_monsterinsights_sitenote_category":0,"footnotes":""},"categories":[3],"tags":[],"class_list":["post-13142","post","type-post","status-publish","format-standard","has-post-thumbnail","hentry","category-aktualnosci"],"yoast_head":"<!-- This site is optimized with the Yoast SEO plugin v26.5 - https:\/\/yoast.com\/wordpress\/plugins\/seo\/ -->\n<title>6-8 wrze\u015bnia: Mi\u0119dzynarodowa konferencja naukowa \u201eArcheologia ogrod\u00f3w historycznych&quot; w Zamku Krzy\u017ctop\u00f3r w Uje\u017adzie - NID<\/title>\n<meta name=\"robots\" content=\"index, follow, max-snippet:-1, max-image-preview:large, max-video-preview:-1\" \/>\n<link rel=\"canonical\" href=\"https:\/\/nid.pl\/en\/2023\/09\/05\/6-8-wrzesnia-miedzynarodowa-konferencja-naukowa-archeologia-ogrodow-historycznych-w-zamku-krzyztopor-w-ujezdzie\/\" \/>\n<meta property=\"og:locale\" content=\"en_GB\" \/>\n<meta property=\"og:type\" content=\"article\" \/>\n<meta property=\"og:title\" content=\"6-8 wrze\u015bnia: Mi\u0119dzynarodowa konferencja naukowa \u201eArcheologia ogrod\u00f3w historycznych&quot; w Zamku Krzy\u017ctop\u00f3r w Uje\u017adzie - NID\" \/>\n<meta property=\"og:description\" content=\"Archeologia ogrod\u00f3w historycznych odgrywa istotn\u0105 rol\u0119 w zachowaniu dziedzictwa kulturowego. W dniach 6 &#8211; 8 wrze\u015bnia w Zamku Krzy\u017ctop\u00f3r w Uje\u017adzie, odb\u0119dzie si\u0119 mi\u0119dzynarodowa konferencja po\u015bwi\u0119cona archeologii ogrod\u00f3w historycznych. Organizatorami [&hellip;]\" \/>\n<meta property=\"og:url\" content=\"https:\/\/nid.pl\/en\/2023\/09\/05\/6-8-wrzesnia-miedzynarodowa-konferencja-naukowa-archeologia-ogrodow-historycznych-w-zamku-krzyztopor-w-ujezdzie\/\" \/>\n<meta property=\"og:site_name\" content=\"NID\" \/>\n<meta property=\"article:publisher\" content=\"https:\/\/www.facebook.com\/zabytek\" \/>\n<meta property=\"article:published_time\" content=\"2023-09-05T13:34:34+00:00\" \/>\n<meta property=\"article:modified_time\" content=\"2023-09-05T13:34:39+00:00\" \/>\n<meta property=\"og:image\" content=\"https:\/\/nid.pl\/wp-content\/uploads\/2023\/09\/miniaturka-aktualnosci-NID1.jpg\" \/>\n\t<meta property=\"og:image:width\" content=\"1850\" \/>\n\t<meta property=\"og:image:height\" content=\"1238\" \/>\n\t<meta property=\"og:image:type\" content=\"image\/jpeg\" \/>\n<meta name=\"author\" content=\"Barbara Halliop\" \/>\n<meta name=\"twitter:card\" content=\"summary_large_image\" \/>\n<meta name=\"twitter:creator\" content=\"@NarIDpl\" \/>\n<meta name=\"twitter:site\" content=\"@NarIDpl\" \/>\n<meta name=\"twitter:label1\" content=\"Written by\" \/>\n\t<meta name=\"twitter:data1\" content=\"Barbara Halliop\" \/>\n\t<meta name=\"twitter:label2\" content=\"Estimated reading time\" \/>\n\t<meta name=\"twitter:data2\" content=\"5 minutes\" \/>\n<script type=\"application\/ld+json\" class=\"yoast-schema-graph\">{\"@context\":\"https:\/\/schema.org\",\"@graph\":[{\"@type\":\"Article\",\"@id\":\"https:\/\/nid.pl\/2023\/09\/05\/6-8-wrzesnia-miedzynarodowa-konferencja-naukowa-archeologia-ogrodow-historycznych-w-zamku-krzyztopor-w-ujezdzie\/#article\",\"isPartOf\":{\"@id\":\"https:\/\/nid.pl\/2023\/09\/05\/6-8-wrzesnia-miedzynarodowa-konferencja-naukowa-archeologia-ogrodow-historycznych-w-zamku-krzyztopor-w-ujezdzie\/\"},\"author\":{\"name\":\"Barbara Halliop\",\"@id\":\"https:\/\/nid.pl\/#\/schema\/person\/1b690a8998a5111cfb9f0ffe24195a15\"},\"headline\":\"6-8 wrze\u015bnia: Mi\u0119dzynarodowa konferencja naukowa \u201eArcheologia ogrod\u00f3w historycznych&#8221; w Zamku Krzy\u017ctop\u00f3r w Uje\u017adzie\",\"datePublished\":\"2023-09-05T13:34:34+00:00\",\"dateModified\":\"2023-09-05T13:34:39+00:00\",\"mainEntityOfPage\":{\"@id\":\"https:\/\/nid.pl\/2023\/09\/05\/6-8-wrzesnia-miedzynarodowa-konferencja-naukowa-archeologia-ogrodow-historycznych-w-zamku-krzyztopor-w-ujezdzie\/\"},\"wordCount\":1168,\"publisher\":{\"@id\":\"https:\/\/nid.pl\/#organization\"},\"image\":{\"@id\":\"https:\/\/nid.pl\/2023\/09\/05\/6-8-wrzesnia-miedzynarodowa-konferencja-naukowa-archeologia-ogrodow-historycznych-w-zamku-krzyztopor-w-ujezdzie\/#primaryimage\"},\"thumbnailUrl\":\"https:\/\/nid.pl\/wp-content\/uploads\/2023\/09\/miniaturka-aktualnosci-NID1.jpg\",\"articleSection\":[\"Aktualno\u015bci\"],\"inLanguage\":\"en-GB\"},{\"@type\":\"WebPage\",\"@id\":\"https:\/\/nid.pl\/2023\/09\/05\/6-8-wrzesnia-miedzynarodowa-konferencja-naukowa-archeologia-ogrodow-historycznych-w-zamku-krzyztopor-w-ujezdzie\/\",\"url\":\"https:\/\/nid.pl\/2023\/09\/05\/6-8-wrzesnia-miedzynarodowa-konferencja-naukowa-archeologia-ogrodow-historycznych-w-zamku-krzyztopor-w-ujezdzie\/\",\"name\":\"6-8 wrze\u015bnia: Mi\u0119dzynarodowa konferencja naukowa \u201eArcheologia ogrod\u00f3w historycznych\\\" w Zamku Krzy\u017ctop\u00f3r w Uje\u017adzie - NID\",\"isPartOf\":{\"@id\":\"https:\/\/nid.pl\/#website\"},\"primaryImageOfPage\":{\"@id\":\"https:\/\/nid.pl\/2023\/09\/05\/6-8-wrzesnia-miedzynarodowa-konferencja-naukowa-archeologia-ogrodow-historycznych-w-zamku-krzyztopor-w-ujezdzie\/#primaryimage\"},\"image\":{\"@id\":\"https:\/\/nid.pl\/2023\/09\/05\/6-8-wrzesnia-miedzynarodowa-konferencja-naukowa-archeologia-ogrodow-historycznych-w-zamku-krzyztopor-w-ujezdzie\/#primaryimage\"},\"thumbnailUrl\":\"https:\/\/nid.pl\/wp-content\/uploads\/2023\/09\/miniaturka-aktualnosci-NID1.jpg\",\"datePublished\":\"2023-09-05T13:34:34+00:00\",\"dateModified\":\"2023-09-05T13:34:39+00:00\",\"breadcrumb\":{\"@id\":\"https:\/\/nid.pl\/2023\/09\/05\/6-8-wrzesnia-miedzynarodowa-konferencja-naukowa-archeologia-ogrodow-historycznych-w-zamku-krzyztopor-w-ujezdzie\/#breadcrumb\"},\"inLanguage\":\"en-GB\",\"potentialAction\":[{\"@type\":\"ReadAction\",\"target\":[\"https:\/\/nid.pl\/2023\/09\/05\/6-8-wrzesnia-miedzynarodowa-konferencja-naukowa-archeologia-ogrodow-historycznych-w-zamku-krzyztopor-w-ujezdzie\/\"]}]},{\"@type\":\"ImageObject\",\"inLanguage\":\"en-GB\",\"@id\":\"https:\/\/nid.pl\/2023\/09\/05\/6-8-wrzesnia-miedzynarodowa-konferencja-naukowa-archeologia-ogrodow-historycznych-w-zamku-krzyztopor-w-ujezdzie\/#primaryimage\",\"url\":\"https:\/\/nid.pl\/wp-content\/uploads\/2023\/09\/miniaturka-aktualnosci-NID1.jpg\",\"contentUrl\":\"https:\/\/nid.pl\/wp-content\/uploads\/2023\/09\/miniaturka-aktualnosci-NID1.jpg\",\"width\":1850,\"height\":1238,\"caption\":\"Plan zamku Krzysztop\u00f3r w Uje\u017adzie\"},{\"@type\":\"BreadcrumbList\",\"@id\":\"https:\/\/nid.pl\/2023\/09\/05\/6-8-wrzesnia-miedzynarodowa-konferencja-naukowa-archeologia-ogrodow-historycznych-w-zamku-krzyztopor-w-ujezdzie\/#breadcrumb\",\"itemListElement\":[{\"@type\":\"ListItem\",\"position\":1,\"name\":\"Home\",\"item\":\"https:\/\/nid.pl\/\"},{\"@type\":\"ListItem\",\"position\":2,\"name\":\"6-8 wrze\u015bnia: Mi\u0119dzynarodowa konferencja naukowa \u201eArcheologia ogrod\u00f3w historycznych&#8221; w Zamku Krzy\u017ctop\u00f3r w Uje\u017adzie\"}]},{\"@type\":\"WebSite\",\"@id\":\"https:\/\/nid.pl\/#website\",\"url\":\"https:\/\/nid.pl\/\",\"name\":\"NID\",\"description\":\"Narodowy Instytut Dziedzictwa\",\"publisher\":{\"@id\":\"https:\/\/nid.pl\/#organization\"},\"potentialAction\":[{\"@type\":\"SearchAction\",\"target\":{\"@type\":\"EntryPoint\",\"urlTemplate\":\"https:\/\/nid.pl\/?s={search_term_string}\"},\"query-input\":{\"@type\":\"PropertyValueSpecification\",\"valueRequired\":true,\"valueName\":\"search_term_string\"}}],\"inLanguage\":\"en-GB\"},{\"@type\":\"Organization\",\"@id\":\"https:\/\/nid.pl\/#organization\",\"name\":\"Narodowy Instytut Dziedzictwa\",\"url\":\"https:\/\/nid.pl\/\",\"logo\":{\"@type\":\"ImageObject\",\"inLanguage\":\"en-GB\",\"@id\":\"https:\/\/nid.pl\/#\/schema\/logo\/image\/\",\"url\":\"https:\/\/nid.pl\/wp-content\/uploads\/2022\/10\/logoRedDark.png\",\"contentUrl\":\"https:\/\/nid.pl\/wp-content\/uploads\/2022\/10\/logoRedDark.png\",\"width\":200,\"height\":197,\"caption\":\"Narodowy Instytut Dziedzictwa\"},\"image\":{\"@id\":\"https:\/\/nid.pl\/#\/schema\/logo\/image\/\"},\"sameAs\":[\"https:\/\/www.facebook.com\/zabytek\",\"https:\/\/x.com\/NarIDpl\",\"https:\/\/www.instagram.com\/nid.pl\/?hl=pl\",\"https:\/\/www.linkedin.com\/company\/narodowy-instytut-dziedzictwa\",\"https:\/\/www.youtube.com\/channel\/UCQXuhKa2uHtmNvLRUSx40JA\"]},{\"@type\":\"Person\",\"@id\":\"https:\/\/nid.pl\/#\/schema\/person\/1b690a8998a5111cfb9f0ffe24195a15\",\"name\":\"Barbara Halliop\",\"image\":{\"@type\":\"ImageObject\",\"inLanguage\":\"en-GB\",\"@id\":\"https:\/\/nid.pl\/#\/schema\/person\/image\/\",\"url\":\"https:\/\/nid.pl\/wp-content\/litespeed\/avatar\/924046d17dd0c842c9fa9ccf489bc6dc.jpg?ver=1777444967\",\"contentUrl\":\"https:\/\/nid.pl\/wp-content\/litespeed\/avatar\/924046d17dd0c842c9fa9ccf489bc6dc.jpg?ver=1777444967\",\"caption\":\"Barbara Halliop\"},\"url\":\"https:\/\/nid.pl\/en\/author\/bhalliop\/\"}]}<\/script>\n<!-- \/ Yoast SEO plugin. -->","yoast_head_json":{"title":"6-8 wrze\u015bnia: Mi\u0119dzynarodowa konferencja naukowa \u201eArcheologia ogrod\u00f3w historycznych\" w Zamku Krzy\u017ctop\u00f3r w Uje\u017adzie - NID","robots":{"index":"index","follow":"follow","max-snippet":"max-snippet:-1","max-image-preview":"max-image-preview:large","max-video-preview":"max-video-preview:-1"},"canonical":"https:\/\/nid.pl\/en\/2023\/09\/05\/6-8-wrzesnia-miedzynarodowa-konferencja-naukowa-archeologia-ogrodow-historycznych-w-zamku-krzyztopor-w-ujezdzie\/","og_locale":"en_GB","og_type":"article","og_title":"6-8 wrze\u015bnia: Mi\u0119dzynarodowa konferencja naukowa \u201eArcheologia ogrod\u00f3w historycznych\" w Zamku Krzy\u017ctop\u00f3r w Uje\u017adzie - NID","og_description":"Archeologia ogrod\u00f3w historycznych odgrywa istotn\u0105 rol\u0119 w zachowaniu dziedzictwa kulturowego. W dniach 6 &#8211; 8 wrze\u015bnia w Zamku Krzy\u017ctop\u00f3r w Uje\u017adzie, odb\u0119dzie si\u0119 mi\u0119dzynarodowa konferencja po\u015bwi\u0119cona archeologii ogrod\u00f3w historycznych. Organizatorami [&hellip;]","og_url":"https:\/\/nid.pl\/en\/2023\/09\/05\/6-8-wrzesnia-miedzynarodowa-konferencja-naukowa-archeologia-ogrodow-historycznych-w-zamku-krzyztopor-w-ujezdzie\/","og_site_name":"NID","article_publisher":"https:\/\/www.facebook.com\/zabytek","article_published_time":"2023-09-05T13:34:34+00:00","article_modified_time":"2023-09-05T13:34:39+00:00","og_image":[{"width":1850,"height":1238,"url":"https:\/\/nid.pl\/wp-content\/uploads\/2023\/09\/miniaturka-aktualnosci-NID1.jpg","type":"image\/jpeg"}],"author":"Barbara Halliop","twitter_card":"summary_large_image","twitter_creator":"@NarIDpl","twitter_site":"@NarIDpl","twitter_misc":{"Written by":"Barbara Halliop","Estimated reading time":"5 minutes"},"schema":{"@context":"https:\/\/schema.org","@graph":[{"@type":"Article","@id":"https:\/\/nid.pl\/2023\/09\/05\/6-8-wrzesnia-miedzynarodowa-konferencja-naukowa-archeologia-ogrodow-historycznych-w-zamku-krzyztopor-w-ujezdzie\/#article","isPartOf":{"@id":"https:\/\/nid.pl\/2023\/09\/05\/6-8-wrzesnia-miedzynarodowa-konferencja-naukowa-archeologia-ogrodow-historycznych-w-zamku-krzyztopor-w-ujezdzie\/"},"author":{"name":"Barbara Halliop","@id":"https:\/\/nid.pl\/#\/schema\/person\/1b690a8998a5111cfb9f0ffe24195a15"},"headline":"6-8 wrze\u015bnia: Mi\u0119dzynarodowa konferencja naukowa \u201eArcheologia ogrod\u00f3w historycznych&#8221; w Zamku Krzy\u017ctop\u00f3r w Uje\u017adzie","datePublished":"2023-09-05T13:34:34+00:00","dateModified":"2023-09-05T13:34:39+00:00","mainEntityOfPage":{"@id":"https:\/\/nid.pl\/2023\/09\/05\/6-8-wrzesnia-miedzynarodowa-konferencja-naukowa-archeologia-ogrodow-historycznych-w-zamku-krzyztopor-w-ujezdzie\/"},"wordCount":1168,"publisher":{"@id":"https:\/\/nid.pl\/#organization"},"image":{"@id":"https:\/\/nid.pl\/2023\/09\/05\/6-8-wrzesnia-miedzynarodowa-konferencja-naukowa-archeologia-ogrodow-historycznych-w-zamku-krzyztopor-w-ujezdzie\/#primaryimage"},"thumbnailUrl":"https:\/\/nid.pl\/wp-content\/uploads\/2023\/09\/miniaturka-aktualnosci-NID1.jpg","articleSection":["Aktualno\u015bci"],"inLanguage":"en-GB"},{"@type":"WebPage","@id":"https:\/\/nid.pl\/2023\/09\/05\/6-8-wrzesnia-miedzynarodowa-konferencja-naukowa-archeologia-ogrodow-historycznych-w-zamku-krzyztopor-w-ujezdzie\/","url":"https:\/\/nid.pl\/2023\/09\/05\/6-8-wrzesnia-miedzynarodowa-konferencja-naukowa-archeologia-ogrodow-historycznych-w-zamku-krzyztopor-w-ujezdzie\/","name":"6-8 wrze\u015bnia: Mi\u0119dzynarodowa konferencja naukowa \u201eArcheologia ogrod\u00f3w historycznych\" w Zamku Krzy\u017ctop\u00f3r w Uje\u017adzie - NID","isPartOf":{"@id":"https:\/\/nid.pl\/#website"},"primaryImageOfPage":{"@id":"https:\/\/nid.pl\/2023\/09\/05\/6-8-wrzesnia-miedzynarodowa-konferencja-naukowa-archeologia-ogrodow-historycznych-w-zamku-krzyztopor-w-ujezdzie\/#primaryimage"},"image":{"@id":"https:\/\/nid.pl\/2023\/09\/05\/6-8-wrzesnia-miedzynarodowa-konferencja-naukowa-archeologia-ogrodow-historycznych-w-zamku-krzyztopor-w-ujezdzie\/#primaryimage"},"thumbnailUrl":"https:\/\/nid.pl\/wp-content\/uploads\/2023\/09\/miniaturka-aktualnosci-NID1.jpg","datePublished":"2023-09-05T13:34:34+00:00","dateModified":"2023-09-05T13:34:39+00:00","breadcrumb":{"@id":"https:\/\/nid.pl\/2023\/09\/05\/6-8-wrzesnia-miedzynarodowa-konferencja-naukowa-archeologia-ogrodow-historycznych-w-zamku-krzyztopor-w-ujezdzie\/#breadcrumb"},"inLanguage":"en-GB","potentialAction":[{"@type":"ReadAction","target":["https:\/\/nid.pl\/2023\/09\/05\/6-8-wrzesnia-miedzynarodowa-konferencja-naukowa-archeologia-ogrodow-historycznych-w-zamku-krzyztopor-w-ujezdzie\/"]}]},{"@type":"ImageObject","inLanguage":"en-GB","@id":"https:\/\/nid.pl\/2023\/09\/05\/6-8-wrzesnia-miedzynarodowa-konferencja-naukowa-archeologia-ogrodow-historycznych-w-zamku-krzyztopor-w-ujezdzie\/#primaryimage","url":"https:\/\/nid.pl\/wp-content\/uploads\/2023\/09\/miniaturka-aktualnosci-NID1.jpg","contentUrl":"https:\/\/nid.pl\/wp-content\/uploads\/2023\/09\/miniaturka-aktualnosci-NID1.jpg","width":1850,"height":1238,"caption":"Plan zamku Krzysztop\u00f3r w Uje\u017adzie"},{"@type":"BreadcrumbList","@id":"https:\/\/nid.pl\/2023\/09\/05\/6-8-wrzesnia-miedzynarodowa-konferencja-naukowa-archeologia-ogrodow-historycznych-w-zamku-krzyztopor-w-ujezdzie\/#breadcrumb","itemListElement":[{"@type":"ListItem","position":1,"name":"Home","item":"https:\/\/nid.pl\/"},{"@type":"ListItem","position":2,"name":"6-8 wrze\u015bnia: Mi\u0119dzynarodowa konferencja naukowa \u201eArcheologia ogrod\u00f3w historycznych&#8221; w Zamku Krzy\u017ctop\u00f3r w Uje\u017adzie"}]},{"@type":"WebSite","@id":"https:\/\/nid.pl\/#website","url":"https:\/\/nid.pl\/","name":"NID","description":"Narodowy Instytut Dziedzictwa","publisher":{"@id":"https:\/\/nid.pl\/#organization"},"potentialAction":[{"@type":"SearchAction","target":{"@type":"EntryPoint","urlTemplate":"https:\/\/nid.pl\/?s={search_term_string}"},"query-input":{"@type":"PropertyValueSpecification","valueRequired":true,"valueName":"search_term_string"}}],"inLanguage":"en-GB"},{"@type":"Organization","@id":"https:\/\/nid.pl\/#organization","name":"Narodowy Instytut Dziedzictwa","url":"https:\/\/nid.pl\/","logo":{"@type":"ImageObject","inLanguage":"en-GB","@id":"https:\/\/nid.pl\/#\/schema\/logo\/image\/","url":"https:\/\/nid.pl\/wp-content\/uploads\/2022\/10\/logoRedDark.png","contentUrl":"https:\/\/nid.pl\/wp-content\/uploads\/2022\/10\/logoRedDark.png","width":200,"height":197,"caption":"Narodowy Instytut Dziedzictwa"},"image":{"@id":"https:\/\/nid.pl\/#\/schema\/logo\/image\/"},"sameAs":["https:\/\/www.facebook.com\/zabytek","https:\/\/x.com\/NarIDpl","https:\/\/www.instagram.com\/nid.pl\/?hl=pl","https:\/\/www.linkedin.com\/company\/narodowy-instytut-dziedzictwa","https:\/\/www.youtube.com\/channel\/UCQXuhKa2uHtmNvLRUSx40JA"]},{"@type":"Person","@id":"https:\/\/nid.pl\/#\/schema\/person\/1b690a8998a5111cfb9f0ffe24195a15","name":"Barbara Halliop","image":{"@type":"ImageObject","inLanguage":"en-GB","@id":"https:\/\/nid.pl\/#\/schema\/person\/image\/","url":"https:\/\/nid.pl\/wp-content\/litespeed\/avatar\/924046d17dd0c842c9fa9ccf489bc6dc.jpg?ver=1777444967","contentUrl":"https:\/\/nid.pl\/wp-content\/litespeed\/avatar\/924046d17dd0c842c9fa9ccf489bc6dc.jpg?ver=1777444967","caption":"Barbara Halliop"},"url":"https:\/\/nid.pl\/en\/author\/bhalliop\/"}]}},"_links":{"self":[{"href":"https:\/\/nid.pl\/en\/wp-json\/wp\/v2\/posts\/13142","targetHints":{"allow":["GET"]}}],"collection":[{"href":"https:\/\/nid.pl\/en\/wp-json\/wp\/v2\/posts"}],"about":[{"href":"https:\/\/nid.pl\/en\/wp-json\/wp\/v2\/types\/post"}],"author":[{"embeddable":true,"href":"https:\/\/nid.pl\/en\/wp-json\/wp\/v2\/users\/7"}],"replies":[{"embeddable":true,"href":"https:\/\/nid.pl\/en\/wp-json\/wp\/v2\/comments?post=13142"}],"version-history":[{"count":0,"href":"https:\/\/nid.pl\/en\/wp-json\/wp\/v2\/posts\/13142\/revisions"}],"wp:featuredmedia":[{"embeddable":true,"href":"https:\/\/nid.pl\/en\/wp-json\/wp\/v2\/media\/13146"}],"wp:attachment":[{"href":"https:\/\/nid.pl\/en\/wp-json\/wp\/v2\/media?parent=13142"}],"wp:term":[{"taxonomy":"category","embeddable":true,"href":"https:\/\/nid.pl\/en\/wp-json\/wp\/v2\/categories?post=13142"},{"taxonomy":"post_tag","embeddable":true,"href":"https:\/\/nid.pl\/en\/wp-json\/wp\/v2\/tags?post=13142"}],"curies":[{"name":"wp","href":"https:\/\/api.w.org\/{rel}","templated":true}]}}