{"id":13113,"date":"2023-08-31T13:42:02","date_gmt":"2023-08-31T11:42:02","guid":{"rendered":"https:\/\/nid.pl\/?p=13113"},"modified":"2024-02-09T12:44:22","modified_gmt":"2024-02-09T11:44:22","slug":"prezentacja-oznakowania-cmentarza-zydowskiego-w-proszowicach","status":"publish","type":"post","link":"https:\/\/nid.pl\/en\/2023\/08\/31\/prezentacja-oznakowania-cmentarza-zydowskiego-w-proszowicach\/","title":{"rendered":"Prezentacja oznakowania cmentarza \u017cydowskiego w Proszowicach"},"content":{"rendered":"<p><strong>W 81. rocznic\u0119 deportacji \u017byd\u00f3w z Proszowic, 29 sierpnia, odby\u0142a si\u0119 uroczysto\u015b\u0107, kt\u00f3rej towarzyszy\u0142a prezentacja oznaczenia cmentarza pami\u0105tkow\u0105 tablic\u0105.<\/strong><\/p>\n\n\n\n<p>Z inicjatywy Ministerstwa Kultury i Dziedzictwa Narodowego, Narodowy Instytut Dziedzictwa realizuje program <a href=\"https:\/\/nid.pl\/en\/program-identyfikacji-i-oznakowania-cmentarzy-zydowskich-na-terenie-rp\/\" target=\"_blank\" rel=\"noreferrer noopener\">\u201eOznakowanie cmentarzy \u017cydowskich na terenie Rzeczypospolitej Polskiej\u201d<\/a>. Jego g\u0142\u00f3wnym zadaniem jest identyfikacja i upami\u0119tnienie cmentarzy \u017cydowskich \u2013 materialnych \u015blad\u00f3w spo\u0142eczno\u015bci \u017cydowskiej na ziemiach polskich \u2013 odnalezienie miejsc, w kt\u00f3rych si\u0119 znajduj\u0105, opisanie i oznakowanie. Dotychczas podczas wizji terenowych i og\u00f3lnych kwerend potwierdzano lokalizacj\u0119 ponad 1100 cmentarzy, z czego fizycznie oznakowano ponad 40 obiekt\u00f3w. \u00a0Tablice nawi\u0105zuj\u0105 do kszta\u0142tu macewy, a obok napis\u00f3w informacyjnych umieszczono kod QR odsy\u0142aj\u0105cy do szerszych opis\u00f3w cmentarzy na portalu <a href=\"https:\/\/zabytek.pl\/pl\">zabytek.pl<\/a>.<\/p>\n\n\n\n<p>Podczas uroczysto\u015bci prezentacji oznaczenia cmentarza \u017cydowskiego w Proszowicach w imieniu Sekretarza Stanu w Ministerstwie Kultury i Dziedzictwa Narodowego, Generalnego Konserwatora Zabytk\u00f3w, dr. Jaros\u0142awa Sellina, list do zebranych odczyta\u0142a Dyrektor Narodowego Instytutu Dziedzictwa, dr hab. Katarzyna Zalasi\u0144ska:\u00a0<\/p>\n\n\n\n<p><em>\u2013 Cmentarze \u017cydowskie s\u0105 materialnym \u015bladem obecno\u015bci spo\u0142eczno\u015bci \u017cydowskiej na ziemiach polskich i no\u015bnikiem pami\u0119ci o wielonarodowej, wieloreligijnej tradycji kulturowej I i II Rzeczpospolitej. Podstawowym imperatywem jest zatem, aby by\u0142y szanowane tak, jak szanowane s\u0105 miejsca \u015bwi\u0119te dla innych religii. Maj\u0105c to na wzgl\u0119dzie, z inicjatywy Ministerstwa Kultury i Dziedzictwa Narodowego rozpocz\u0119to projekt \u201eOznakowanie cmentarzy \u017cydowskich na terenie Rzeczypospolitej Polskiej\u201d. Zak\u0142ada identyfikacj\u0119 wszystkich cmentarzy stanowi\u0105cych do 1939 roku w\u0142asno\u015b\u0107 gmin \u017cydowskich na terytorium dzisiejszej Polski oraz wprowadzenie ujednoliconej formy ich oznaczania. Projekt od kilku lat realizowany jest przez Narodowy Instytut Dziedzictwa ze \u015brodk\u00f3w Ministerstwa Kultury, Dziedzictwa Narodowego. (\u2026) Pragn\u0119 podzi\u0119kowa\u0107 wszystkim instytucjom i osobom zaanga\u017cowanym w realizacj\u0119 tego projektu. W szczeg\u00f3lno\u015bci dzi\u0119kuj\u0119 w\u0142adzom i mieszka\u0144com Miasta Proszowice, pracownikom Narodowego Instytutu Dziedzictwa, Muzeum Historii \u017byd\u00f3w Polskich POLIN, Gmin Wyznaniowych \u017bydowskich, Komisji Rabinicznej do spraw Cmentarzy oraz Fundacji Ochrony Dziedzictwa \u017bydowskiego \u2013 <\/em>napisa\u0142 wiceminister Jaros\u0142aw Sellin.<\/p>\n\n\n\n<p>W uroczysto\u015bci udzia\u0142 wzi\u0119li go\u015bcie z Izraela \u2013 potomkowie proszowickich \u017cyd\u00f3w, a tak\u017ce: Grzegorz Cichy, Burmistrz Gminy i Miasta Proszowice; dr hab. Katarzyna Zalasi\u0144ska, Dyrektor Narodowego Instytutu Dziedzictwa; Krystian Hytro\u015b, Starosta Powiatu Proszowickiego; El\u017cbieta Grela, Wicestarosta Powiatu Proszowickiego; dr Micha\u0142 Wenklar, Zast\u0119pca Dyrektora Instytutu Pami\u0119ci Narodowej w Krakowie; Micha\u0142 Zajda, przedstawiciel Zarz\u0105du Gminy Wyznaniowej \u017bydowskiej w Krakowie; Alicja Nawracaj z Muzeum Historii \u017byd\u00f3w Polskich POLIN w Warszawie.<\/p>\n\n\n\n<p>Tego samego dnia w Centrum Kultury i Wypoczynku w Proszowicach zosta\u0142a otwarta wystawa fotograficzna po\u015bwi\u0119cona historii spo\u0142eczno\u015bci \u017cydowskiej w Proszowicach, a w sali widowiskowej odby\u0142o si\u0119 seminarium \u201e\u017bydowskie dziedzictwo kulturowe w Proszowicach\u201d. Zorganizowano tak\u017ce warsztaty dla dzieci i m\u0142odzie\u017cy, a miejscowi nauczyciele zaprezentowali programy edukacyjne prowadzone przez proszowickie szko\u0142y dotycz\u0105ce spo\u0142eczno\u015bci \u017cydowskiej. Ponadto Maciej Rymkiewicz z Narodowego Instytutu Dziedzictwa opowiedzia\u0142 o wspomnianym programie, natomiast Alicja Nawracaj z Muzeum Historii \u017byd\u00f3w Polskich POLIN opowiedzia\u0142a o projekcie \u017bydowskie Dziedzictwo Kulturowe.<\/p>\n\n\n\n<p><strong>Cmentarz \u017cydowski w Proszowicach<\/strong><\/p>\n\n\n\n<p>Cmentarz \u017cydowski w Proszowicach zosta\u0142 za\u0142o\u017cony pod koniec XVIII lub w pierwszej po\u0142owie XIX wieku. Mie\u015bci si\u0119 przy ulicy Krakowskiej, na delikatnym wzniesieniu przy trasie Krak\u00f3w\u2013Proszowice.<\/p>\n\n\n\n<p>W czasie drugiej wojny \u015bwiatowej cmentarz zosta\u0142 zniszczony przez Niemc\u00f3w. Do dzisiaj przetrwa\u0142y tylko nieliczne nagrobki.<\/p>\n\n\n\n<p>W 1989 roku staraniem by\u0142ego mieszka\u0144ca Proszowic, kt\u00f3ry osiedli\u0142 si\u0119 w Niemczech, Zygmunta Justa (Juskiewicza), oraz dzi\u0119ki wsparciu Urz\u0119du Gminy i Miasta Proszowice, cmentarz zosta\u0142 poddany renowacji. Ocalone macewy zosta\u0142y umieszczone nieco dalej za bram\u0105 i wmurowane w mur. Dodatkowo zainstalowano tablice pami\u0105tkowe (umieszczone na wewn\u0119trznej stronie muru przy wej\u015bciu na teren cmentarza). W 2004 roku postawiono pomnik upami\u0119tniaj\u0105cy pomordowanych.<\/p>\n\n\n\n<p>Obecnie cmentarz jest otoczony metalowym ogrodzeniem, na kt\u00f3rym przy bramie widniej\u0105 bia\u0142e gwiazdy Dawida.<\/p>\n\n\n\n<p>Ceremonia prezentacji oznakowania cmentarza \u017cydowskiego zosta\u0142a przeprowadzona w ramach realizowanego przez Narodowy Instytut Dziedzictwa programu \u201eOznakowanie cmentarzy \u017cydowskich na terenie Rzeczypospolitej Polskiej\u201d finansowanego ze \u015brodk\u00f3w Ministerstwa Kultury i Dziedzictwa Narodowego.<\/p>\n\n\n\n<figure class=\"wp-block-image aligncenter size-large is-resized\"><img loading=\"lazy\" decoding=\"async\" src=\"https:\/\/nid.pl\/wp-content\/uploads\/2023\/08\/2Y6A2330-1024x671.jpg\" alt=\"\" class=\"wp-image-13115\" style=\"width:687px;height:450px\" width=\"687\" height=\"450\"\/><figcaption class=\"wp-element-caption\">Od prawej: Grzegorz Cichy, burmistrz Gminy i Miasta Proszowice, dr hab. Katarzyna Zalasi\u0144ska, dyrektor NID, Maciej Rymkiewicz, NID, Prezentacja oznakowania cmentarza \u017cydowskiego w Proszowicach, fot. NID\/P. Kobek<\/figcaption><\/figure>\n\n\n\n<figure class=\"wp-block-image aligncenter size-large is-resized\"><img loading=\"lazy\" decoding=\"async\" src=\"https:\/\/nid.pl\/wp-content\/uploads\/2023\/08\/2Y6A2389-1024x696.jpg\" alt=\"\" class=\"wp-image-13118\" style=\"width:681px;height:463px\" width=\"681\" height=\"463\"\/><figcaption class=\"wp-element-caption\">dr hab. Katarzyna Zalasi\u0144ska, dyrektor NID, Prezentacja oznakowania cmentarza \u017cydowskiego w Proszowicach, fot. NID\/P. Kobek<\/figcaption><\/figure>\n\n\n\n<figure class=\"wp-block-image aligncenter size-large is-resized\"><img loading=\"lazy\" decoding=\"async\" src=\"https:\/\/nid.pl\/wp-content\/uploads\/2023\/08\/2Y6A2359-1024x674.jpg\" alt=\"\" class=\"wp-image-13116\" style=\"width:681px;height:448px\" width=\"681\" height=\"448\"\/><figcaption class=\"wp-element-caption\">Od lewej: dr Micha\u0142 Wenkler, zast\u0119pca dyrektora IPN w Krakowie, dr hab. Katarzyna Zalasi\u0144ska, dyrektor NID, Maciej Rymkiewicz, NID, Prezentacja oznakowania cmentarza \u017cydowskiego w Proszowicach, fot. NID\/P. Kobek<\/figcaption><\/figure>\n\n\n\n<figure class=\"wp-block-image aligncenter size-large is-resized\"><img loading=\"lazy\" decoding=\"async\" src=\"https:\/\/nid.pl\/wp-content\/uploads\/2023\/08\/2Y6A2398-1024x668.jpg\" alt=\"\" class=\"wp-image-13119\" style=\"width:681px;height:444px\" width=\"681\" height=\"444\"\/><figcaption class=\"wp-element-caption\">Prezentacja oznakowania cmentarza \u017cydowskiego w Proszowicach, fot. NID\/P. Kobek<\/figcaption><\/figure>\n\n\n\n<figure class=\"wp-block-image aligncenter size-large is-resized\"><img loading=\"lazy\" decoding=\"async\" src=\"https:\/\/nid.pl\/wp-content\/uploads\/2023\/08\/2Y6A2555-1024x683.jpg\" alt=\"\" class=\"wp-image-13120\" style=\"width:685px;height:457px\" width=\"685\" height=\"457\"\/><figcaption class=\"wp-element-caption\">Prezentacja oznakowania cmentarza \u017cydowskiego w Proszowicach, fot. NID\/P. Kobek<\/figcaption><\/figure>","protected":false},"excerpt":{"rendered":"<p>W 81. rocznic\u0119 deportacji \u017byd\u00f3w z Proszowic, 29 sierpnia, odby\u0142a si\u0119 uroczysto\u015b\u0107, kt\u00f3rej towarzyszy\u0142a prezentacja oznaczenia cmentarza pami\u0105tkow\u0105 tablic\u0105. Z inicjatywy Ministerstwa Kultury i Dziedzictwa Narodowego, Narodowy Instytut Dziedzictwa realizuje [&hellip;]<\/p>","protected":false},"author":7,"featured_media":13121,"comment_status":"closed","ping_status":"closed","sticky":false,"template":"","format":"standard","meta":{"_et_pb_use_builder":"off","_et_pb_old_content":"","_et_gb_content_width":"","_monsterinsights_skip_tracking":false,"_monsterinsights_sitenote_active":false,"_monsterinsights_sitenote_note":"","_monsterinsights_sitenote_category":0,"footnotes":""},"categories":[3,100],"tags":[],"class_list":["post-13113","post","type-post","status-publish","format-standard","has-post-thumbnail","hentry","category-aktualnosci","category-cmentarze-zydowskie"],"yoast_head":"<!-- This site is optimized with the Yoast SEO plugin v26.5 - https:\/\/yoast.com\/wordpress\/plugins\/seo\/ -->\n<title>Prezentacja oznakowania cmentarza \u017cydowskiego w Proszowicach - NID<\/title>\n<meta name=\"robots\" content=\"index, follow, max-snippet:-1, max-image-preview:large, max-video-preview:-1\" \/>\n<link rel=\"canonical\" href=\"https:\/\/nid.pl\/en\/2023\/08\/31\/prezentacja-oznakowania-cmentarza-zydowskiego-w-proszowicach\/\" \/>\n<meta property=\"og:locale\" content=\"en_GB\" \/>\n<meta property=\"og:type\" content=\"article\" \/>\n<meta property=\"og:title\" content=\"Prezentacja oznakowania cmentarza \u017cydowskiego w Proszowicach - NID\" \/>\n<meta property=\"og:description\" content=\"W 81. rocznic\u0119 deportacji \u017byd\u00f3w z Proszowic, 29 sierpnia, odby\u0142a si\u0119 uroczysto\u015b\u0107, kt\u00f3rej towarzyszy\u0142a prezentacja oznaczenia cmentarza pami\u0105tkow\u0105 tablic\u0105. Z inicjatywy Ministerstwa Kultury i Dziedzictwa Narodowego, Narodowy Instytut Dziedzictwa realizuje [&hellip;]\" \/>\n<meta property=\"og:url\" content=\"https:\/\/nid.pl\/en\/2023\/08\/31\/prezentacja-oznakowania-cmentarza-zydowskiego-w-proszowicach\/\" \/>\n<meta property=\"og:site_name\" content=\"NID\" \/>\n<meta property=\"article:publisher\" content=\"https:\/\/www.facebook.com\/zabytek\" \/>\n<meta property=\"article:published_time\" content=\"2023-08-31T11:42:02+00:00\" \/>\n<meta property=\"article:modified_time\" content=\"2024-02-09T11:44:22+00:00\" \/>\n<meta property=\"og:image\" content=\"https:\/\/nid.pl\/wp-content\/uploads\/2023\/08\/miniaturka-aktualnosci-NID1-4.jpg\" \/>\n\t<meta property=\"og:image:width\" content=\"1850\" \/>\n\t<meta property=\"og:image:height\" content=\"1238\" \/>\n\t<meta property=\"og:image:type\" content=\"image\/jpeg\" \/>\n<meta name=\"author\" content=\"Barbara Halliop\" \/>\n<meta name=\"twitter:card\" content=\"summary_large_image\" \/>\n<meta name=\"twitter:creator\" content=\"@NarIDpl\" \/>\n<meta name=\"twitter:site\" content=\"@NarIDpl\" \/>\n<meta name=\"twitter:label1\" content=\"Written by\" \/>\n\t<meta name=\"twitter:data1\" content=\"Barbara Halliop\" \/>\n\t<meta name=\"twitter:label2\" content=\"Estimated reading time\" \/>\n\t<meta name=\"twitter:data2\" content=\"4 minutes\" \/>\n<script type=\"application\/ld+json\" class=\"yoast-schema-graph\">{\"@context\":\"https:\/\/schema.org\",\"@graph\":[{\"@type\":\"Article\",\"@id\":\"https:\/\/nid.pl\/2023\/08\/31\/prezentacja-oznakowania-cmentarza-zydowskiego-w-proszowicach\/#article\",\"isPartOf\":{\"@id\":\"https:\/\/nid.pl\/2023\/08\/31\/prezentacja-oznakowania-cmentarza-zydowskiego-w-proszowicach\/\"},\"author\":{\"name\":\"Barbara Halliop\",\"@id\":\"https:\/\/nid.pl\/#\/schema\/person\/1b690a8998a5111cfb9f0ffe24195a15\"},\"headline\":\"Prezentacja oznakowania cmentarza \u017cydowskiego w Proszowicach\",\"datePublished\":\"2023-08-31T11:42:02+00:00\",\"dateModified\":\"2024-02-09T11:44:22+00:00\",\"mainEntityOfPage\":{\"@id\":\"https:\/\/nid.pl\/2023\/08\/31\/prezentacja-oznakowania-cmentarza-zydowskiego-w-proszowicach\/\"},\"wordCount\":766,\"publisher\":{\"@id\":\"https:\/\/nid.pl\/#organization\"},\"image\":{\"@id\":\"https:\/\/nid.pl\/2023\/08\/31\/prezentacja-oznakowania-cmentarza-zydowskiego-w-proszowicach\/#primaryimage\"},\"thumbnailUrl\":\"https:\/\/nid.pl\/wp-content\/uploads\/2023\/08\/miniaturka-aktualnosci-NID1-4.jpg\",\"articleSection\":[\"Aktualno\u015bci\",\"Cmentarze \u017cydowskie\"],\"inLanguage\":\"en-GB\"},{\"@type\":\"WebPage\",\"@id\":\"https:\/\/nid.pl\/2023\/08\/31\/prezentacja-oznakowania-cmentarza-zydowskiego-w-proszowicach\/\",\"url\":\"https:\/\/nid.pl\/2023\/08\/31\/prezentacja-oznakowania-cmentarza-zydowskiego-w-proszowicach\/\",\"name\":\"Prezentacja oznakowania cmentarza \u017cydowskiego w Proszowicach - NID\",\"isPartOf\":{\"@id\":\"https:\/\/nid.pl\/#website\"},\"primaryImageOfPage\":{\"@id\":\"https:\/\/nid.pl\/2023\/08\/31\/prezentacja-oznakowania-cmentarza-zydowskiego-w-proszowicach\/#primaryimage\"},\"image\":{\"@id\":\"https:\/\/nid.pl\/2023\/08\/31\/prezentacja-oznakowania-cmentarza-zydowskiego-w-proszowicach\/#primaryimage\"},\"thumbnailUrl\":\"https:\/\/nid.pl\/wp-content\/uploads\/2023\/08\/miniaturka-aktualnosci-NID1-4.jpg\",\"datePublished\":\"2023-08-31T11:42:02+00:00\",\"dateModified\":\"2024-02-09T11:44:22+00:00\",\"breadcrumb\":{\"@id\":\"https:\/\/nid.pl\/2023\/08\/31\/prezentacja-oznakowania-cmentarza-zydowskiego-w-proszowicach\/#breadcrumb\"},\"inLanguage\":\"en-GB\",\"potentialAction\":[{\"@type\":\"ReadAction\",\"target\":[\"https:\/\/nid.pl\/2023\/08\/31\/prezentacja-oznakowania-cmentarza-zydowskiego-w-proszowicach\/\"]}]},{\"@type\":\"ImageObject\",\"inLanguage\":\"en-GB\",\"@id\":\"https:\/\/nid.pl\/2023\/08\/31\/prezentacja-oznakowania-cmentarza-zydowskiego-w-proszowicach\/#primaryimage\",\"url\":\"https:\/\/nid.pl\/wp-content\/uploads\/2023\/08\/miniaturka-aktualnosci-NID1-4.jpg\",\"contentUrl\":\"https:\/\/nid.pl\/wp-content\/uploads\/2023\/08\/miniaturka-aktualnosci-NID1-4.jpg\",\"width\":1850,\"height\":1238,\"caption\":\"Prezentacja oznakowania cmentarza \u017cydowskiego w Proszowicach, fot NID\/P. Kobek\"},{\"@type\":\"BreadcrumbList\",\"@id\":\"https:\/\/nid.pl\/2023\/08\/31\/prezentacja-oznakowania-cmentarza-zydowskiego-w-proszowicach\/#breadcrumb\",\"itemListElement\":[{\"@type\":\"ListItem\",\"position\":1,\"name\":\"Home\",\"item\":\"https:\/\/nid.pl\/\"},{\"@type\":\"ListItem\",\"position\":2,\"name\":\"Prezentacja oznakowania cmentarza \u017cydowskiego w Proszowicach\"}]},{\"@type\":\"WebSite\",\"@id\":\"https:\/\/nid.pl\/#website\",\"url\":\"https:\/\/nid.pl\/\",\"name\":\"NID\",\"description\":\"Narodowy Instytut Dziedzictwa\",\"publisher\":{\"@id\":\"https:\/\/nid.pl\/#organization\"},\"potentialAction\":[{\"@type\":\"SearchAction\",\"target\":{\"@type\":\"EntryPoint\",\"urlTemplate\":\"https:\/\/nid.pl\/?s={search_term_string}\"},\"query-input\":{\"@type\":\"PropertyValueSpecification\",\"valueRequired\":true,\"valueName\":\"search_term_string\"}}],\"inLanguage\":\"en-GB\"},{\"@type\":\"Organization\",\"@id\":\"https:\/\/nid.pl\/#organization\",\"name\":\"Narodowy Instytut Dziedzictwa\",\"url\":\"https:\/\/nid.pl\/\",\"logo\":{\"@type\":\"ImageObject\",\"inLanguage\":\"en-GB\",\"@id\":\"https:\/\/nid.pl\/#\/schema\/logo\/image\/\",\"url\":\"https:\/\/nid.pl\/wp-content\/uploads\/2022\/10\/logoRedDark.png\",\"contentUrl\":\"https:\/\/nid.pl\/wp-content\/uploads\/2022\/10\/logoRedDark.png\",\"width\":200,\"height\":197,\"caption\":\"Narodowy Instytut Dziedzictwa\"},\"image\":{\"@id\":\"https:\/\/nid.pl\/#\/schema\/logo\/image\/\"},\"sameAs\":[\"https:\/\/www.facebook.com\/zabytek\",\"https:\/\/x.com\/NarIDpl\",\"https:\/\/www.instagram.com\/nid.pl\/?hl=pl\",\"https:\/\/www.linkedin.com\/company\/narodowy-instytut-dziedzictwa\",\"https:\/\/www.youtube.com\/channel\/UCQXuhKa2uHtmNvLRUSx40JA\"]},{\"@type\":\"Person\",\"@id\":\"https:\/\/nid.pl\/#\/schema\/person\/1b690a8998a5111cfb9f0ffe24195a15\",\"name\":\"Barbara Halliop\",\"image\":{\"@type\":\"ImageObject\",\"inLanguage\":\"en-GB\",\"@id\":\"https:\/\/nid.pl\/#\/schema\/person\/image\/\",\"url\":\"https:\/\/nid.pl\/wp-content\/litespeed\/avatar\/924046d17dd0c842c9fa9ccf489bc6dc.jpg?ver=1777444967\",\"contentUrl\":\"https:\/\/nid.pl\/wp-content\/litespeed\/avatar\/924046d17dd0c842c9fa9ccf489bc6dc.jpg?ver=1777444967\",\"caption\":\"Barbara Halliop\"},\"url\":\"https:\/\/nid.pl\/en\/author\/bhalliop\/\"}]}<\/script>\n<!-- \/ Yoast SEO plugin. -->","yoast_head_json":{"title":"Prezentacja oznakowania cmentarza \u017cydowskiego w Proszowicach - NID","robots":{"index":"index","follow":"follow","max-snippet":"max-snippet:-1","max-image-preview":"max-image-preview:large","max-video-preview":"max-video-preview:-1"},"canonical":"https:\/\/nid.pl\/en\/2023\/08\/31\/prezentacja-oznakowania-cmentarza-zydowskiego-w-proszowicach\/","og_locale":"en_GB","og_type":"article","og_title":"Prezentacja oznakowania cmentarza \u017cydowskiego w Proszowicach - NID","og_description":"W 81. rocznic\u0119 deportacji \u017byd\u00f3w z Proszowic, 29 sierpnia, odby\u0142a si\u0119 uroczysto\u015b\u0107, kt\u00f3rej towarzyszy\u0142a prezentacja oznaczenia cmentarza pami\u0105tkow\u0105 tablic\u0105. Z inicjatywy Ministerstwa Kultury i Dziedzictwa Narodowego, Narodowy Instytut Dziedzictwa realizuje [&hellip;]","og_url":"https:\/\/nid.pl\/en\/2023\/08\/31\/prezentacja-oznakowania-cmentarza-zydowskiego-w-proszowicach\/","og_site_name":"NID","article_publisher":"https:\/\/www.facebook.com\/zabytek","article_published_time":"2023-08-31T11:42:02+00:00","article_modified_time":"2024-02-09T11:44:22+00:00","og_image":[{"width":1850,"height":1238,"url":"https:\/\/nid.pl\/wp-content\/uploads\/2023\/08\/miniaturka-aktualnosci-NID1-4.jpg","type":"image\/jpeg"}],"author":"Barbara Halliop","twitter_card":"summary_large_image","twitter_creator":"@NarIDpl","twitter_site":"@NarIDpl","twitter_misc":{"Written by":"Barbara Halliop","Estimated reading time":"4 minutes"},"schema":{"@context":"https:\/\/schema.org","@graph":[{"@type":"Article","@id":"https:\/\/nid.pl\/2023\/08\/31\/prezentacja-oznakowania-cmentarza-zydowskiego-w-proszowicach\/#article","isPartOf":{"@id":"https:\/\/nid.pl\/2023\/08\/31\/prezentacja-oznakowania-cmentarza-zydowskiego-w-proszowicach\/"},"author":{"name":"Barbara Halliop","@id":"https:\/\/nid.pl\/#\/schema\/person\/1b690a8998a5111cfb9f0ffe24195a15"},"headline":"Prezentacja oznakowania cmentarza \u017cydowskiego w Proszowicach","datePublished":"2023-08-31T11:42:02+00:00","dateModified":"2024-02-09T11:44:22+00:00","mainEntityOfPage":{"@id":"https:\/\/nid.pl\/2023\/08\/31\/prezentacja-oznakowania-cmentarza-zydowskiego-w-proszowicach\/"},"wordCount":766,"publisher":{"@id":"https:\/\/nid.pl\/#organization"},"image":{"@id":"https:\/\/nid.pl\/2023\/08\/31\/prezentacja-oznakowania-cmentarza-zydowskiego-w-proszowicach\/#primaryimage"},"thumbnailUrl":"https:\/\/nid.pl\/wp-content\/uploads\/2023\/08\/miniaturka-aktualnosci-NID1-4.jpg","articleSection":["Aktualno\u015bci","Cmentarze \u017cydowskie"],"inLanguage":"en-GB"},{"@type":"WebPage","@id":"https:\/\/nid.pl\/2023\/08\/31\/prezentacja-oznakowania-cmentarza-zydowskiego-w-proszowicach\/","url":"https:\/\/nid.pl\/2023\/08\/31\/prezentacja-oznakowania-cmentarza-zydowskiego-w-proszowicach\/","name":"Prezentacja oznakowania cmentarza \u017cydowskiego w Proszowicach - NID","isPartOf":{"@id":"https:\/\/nid.pl\/#website"},"primaryImageOfPage":{"@id":"https:\/\/nid.pl\/2023\/08\/31\/prezentacja-oznakowania-cmentarza-zydowskiego-w-proszowicach\/#primaryimage"},"image":{"@id":"https:\/\/nid.pl\/2023\/08\/31\/prezentacja-oznakowania-cmentarza-zydowskiego-w-proszowicach\/#primaryimage"},"thumbnailUrl":"https:\/\/nid.pl\/wp-content\/uploads\/2023\/08\/miniaturka-aktualnosci-NID1-4.jpg","datePublished":"2023-08-31T11:42:02+00:00","dateModified":"2024-02-09T11:44:22+00:00","breadcrumb":{"@id":"https:\/\/nid.pl\/2023\/08\/31\/prezentacja-oznakowania-cmentarza-zydowskiego-w-proszowicach\/#breadcrumb"},"inLanguage":"en-GB","potentialAction":[{"@type":"ReadAction","target":["https:\/\/nid.pl\/2023\/08\/31\/prezentacja-oznakowania-cmentarza-zydowskiego-w-proszowicach\/"]}]},{"@type":"ImageObject","inLanguage":"en-GB","@id":"https:\/\/nid.pl\/2023\/08\/31\/prezentacja-oznakowania-cmentarza-zydowskiego-w-proszowicach\/#primaryimage","url":"https:\/\/nid.pl\/wp-content\/uploads\/2023\/08\/miniaturka-aktualnosci-NID1-4.jpg","contentUrl":"https:\/\/nid.pl\/wp-content\/uploads\/2023\/08\/miniaturka-aktualnosci-NID1-4.jpg","width":1850,"height":1238,"caption":"Prezentacja oznakowania cmentarza \u017cydowskiego w Proszowicach, fot NID\/P. Kobek"},{"@type":"BreadcrumbList","@id":"https:\/\/nid.pl\/2023\/08\/31\/prezentacja-oznakowania-cmentarza-zydowskiego-w-proszowicach\/#breadcrumb","itemListElement":[{"@type":"ListItem","position":1,"name":"Home","item":"https:\/\/nid.pl\/"},{"@type":"ListItem","position":2,"name":"Prezentacja oznakowania cmentarza \u017cydowskiego w Proszowicach"}]},{"@type":"WebSite","@id":"https:\/\/nid.pl\/#website","url":"https:\/\/nid.pl\/","name":"NID","description":"Narodowy Instytut Dziedzictwa","publisher":{"@id":"https:\/\/nid.pl\/#organization"},"potentialAction":[{"@type":"SearchAction","target":{"@type":"EntryPoint","urlTemplate":"https:\/\/nid.pl\/?s={search_term_string}"},"query-input":{"@type":"PropertyValueSpecification","valueRequired":true,"valueName":"search_term_string"}}],"inLanguage":"en-GB"},{"@type":"Organization","@id":"https:\/\/nid.pl\/#organization","name":"Narodowy Instytut Dziedzictwa","url":"https:\/\/nid.pl\/","logo":{"@type":"ImageObject","inLanguage":"en-GB","@id":"https:\/\/nid.pl\/#\/schema\/logo\/image\/","url":"https:\/\/nid.pl\/wp-content\/uploads\/2022\/10\/logoRedDark.png","contentUrl":"https:\/\/nid.pl\/wp-content\/uploads\/2022\/10\/logoRedDark.png","width":200,"height":197,"caption":"Narodowy Instytut Dziedzictwa"},"image":{"@id":"https:\/\/nid.pl\/#\/schema\/logo\/image\/"},"sameAs":["https:\/\/www.facebook.com\/zabytek","https:\/\/x.com\/NarIDpl","https:\/\/www.instagram.com\/nid.pl\/?hl=pl","https:\/\/www.linkedin.com\/company\/narodowy-instytut-dziedzictwa","https:\/\/www.youtube.com\/channel\/UCQXuhKa2uHtmNvLRUSx40JA"]},{"@type":"Person","@id":"https:\/\/nid.pl\/#\/schema\/person\/1b690a8998a5111cfb9f0ffe24195a15","name":"Barbara Halliop","image":{"@type":"ImageObject","inLanguage":"en-GB","@id":"https:\/\/nid.pl\/#\/schema\/person\/image\/","url":"https:\/\/nid.pl\/wp-content\/litespeed\/avatar\/924046d17dd0c842c9fa9ccf489bc6dc.jpg?ver=1777444967","contentUrl":"https:\/\/nid.pl\/wp-content\/litespeed\/avatar\/924046d17dd0c842c9fa9ccf489bc6dc.jpg?ver=1777444967","caption":"Barbara Halliop"},"url":"https:\/\/nid.pl\/en\/author\/bhalliop\/"}]}},"_links":{"self":[{"href":"https:\/\/nid.pl\/en\/wp-json\/wp\/v2\/posts\/13113","targetHints":{"allow":["GET"]}}],"collection":[{"href":"https:\/\/nid.pl\/en\/wp-json\/wp\/v2\/posts"}],"about":[{"href":"https:\/\/nid.pl\/en\/wp-json\/wp\/v2\/types\/post"}],"author":[{"embeddable":true,"href":"https:\/\/nid.pl\/en\/wp-json\/wp\/v2\/users\/7"}],"replies":[{"embeddable":true,"href":"https:\/\/nid.pl\/en\/wp-json\/wp\/v2\/comments?post=13113"}],"version-history":[{"count":0,"href":"https:\/\/nid.pl\/en\/wp-json\/wp\/v2\/posts\/13113\/revisions"}],"wp:featuredmedia":[{"embeddable":true,"href":"https:\/\/nid.pl\/en\/wp-json\/wp\/v2\/media\/13121"}],"wp:attachment":[{"href":"https:\/\/nid.pl\/en\/wp-json\/wp\/v2\/media?parent=13113"}],"wp:term":[{"taxonomy":"category","embeddable":true,"href":"https:\/\/nid.pl\/en\/wp-json\/wp\/v2\/categories?post=13113"},{"taxonomy":"post_tag","embeddable":true,"href":"https:\/\/nid.pl\/en\/wp-json\/wp\/v2\/tags?post=13113"}],"curies":[{"name":"wp","href":"https:\/\/api.w.org\/{rel}","templated":true}]}}