{"id":12933,"date":"2023-08-23T11:56:27","date_gmt":"2023-08-23T09:56:27","guid":{"rendered":"https:\/\/nid.pl\/?p=12933"},"modified":"2023-08-23T11:56:34","modified_gmt":"2023-08-23T09:56:34","slug":"centrum-architektury-drewnianej-na-miedzynarodowych-targach-ciesli","status":"publish","type":"post","link":"https:\/\/nid.pl\/en\/2023\/08\/23\/centrum-architektury-drewnianej-na-miedzynarodowych-targach-ciesli\/","title":{"rendered":"Centrum Architektury Drewnianej na Mi\u0119dzynarodowych Targach Cie\u015bli"},"content":{"rendered":"<p><strong>Centrum Architektury Drewnianej NID, wzi\u0119\u0142o udzia\u0142 w IV edycji Mi\u0119dzynarodowych Targ\u00f3w Cie\u015bli Ciesielskie \u015apasy 2023, kt\u00f3re odby\u0142y si\u0119 w Chocho\u0142owie w dniach 17-20 sierpnia 2023.<\/strong><\/p>\n\n\n\n<p>Podczas trwaj\u0105cej od czwartku do niedzieli wystawy jej go\u015bcie mieli okazj\u0119, by zapozna\u0107 si\u0119 z bliska z narz\u0119dziami i technologiami s\u0142u\u017c\u0105cymi obr\u00f3bce drewna oraz by\u0107 \u015bwiadkami budowania od podstaw tradycyjnego g\u00f3ralskiego domu z drewna.W trakcie wydarzenia mia\u0142y miejsce tak\u017ce prelekcje tematyczne, konkursy oraz pokazy rzemios\u0142, zwi\u0105zanych z podhala\u0144skim budownictwem zr\u0119bowym, w tym cie\u015bli, kowali, snycerzy oraz rze\u017abiarzy.\u00a0<\/p>\n\n\n\n<p>Wydarzenie by\u0142o okazj\u0105 do wielu dyskusji.\u00a0 Mi\u0119dzy innymi odby\u0142 si\u0119 istotny dla bran\u017cy, panel dyskusyjny Las\u00f3w Pa\u0144stwowych na temat przemys\u0142u drzewnego z udzia\u0142em Sekretarza Stanu w Ministerstwie Klimatu i \u015arodowiska, Pe\u0142nomocnika Rz\u0105du ds. Le\u015bnictwa i \u0141owiectwa Edwarda Siarky. Do udzia\u0142u w panelu zosta\u0142a zaproszona tak\u017ce wicedyrektor Narodowego Instytutu Dziedzictwa dr hab. Monika Bogdanowska.<\/p>\n\n\n\n<p>Ponadto podczas Targ\u00f3w odby\u0142y si\u0119 Mistrzostwa Polski Cie\u015bli. Prezentowa\u0142y si\u0119 ekipy ciesielskie, firmy budowlane oraz tw\u00f3rcy ludowi. Zesp\u00f3\u0142 Centrum Architektury Drewnianej promowa\u0142 wydawnictwa Narodowego Instytutu Dziedzictwa dotycz\u0105ce architektury drewnianej oraz udziela\u0142 informacji o swojej dzia\u0142alno\u015bci.<\/p>\n\n\n\n<p><\/p>\n\n\n\n<figure class=\"wp-block-image aligncenter size-large is-resized\"><img loading=\"lazy\" decoding=\"async\" src=\"https:\/\/nid.pl\/wp-content\/uploads\/2023\/08\/IMG_4467-1024x768.jpg\" alt=\"\" class=\"wp-image-12935\" style=\"width:765px;height:574px\" width=\"765\" height=\"574\"\/><\/figure>\n\n\n\n<p class=\"has-text-align-center\">Dr hab. Monika Bogdanowska, zast\u0119pca dyrektora Narodowego Instytutu Dziedzictwa, Monika Sabljak, Centrum Architektury Drewnianej NID, Mi\u0119dzynarodowe Targi Cie\u015bli w Chocho\u0142owie, fot. NID\/A. Dzwolak<\/p>\n\n\n\n<p><\/p>\n\n\n\n<figure class=\"wp-block-image aligncenter size-large is-resized\"><img loading=\"lazy\" decoding=\"async\" src=\"https:\/\/nid.pl\/wp-content\/uploads\/2023\/08\/IMG_4470-768x1024.jpg\" alt=\"\" class=\"wp-image-12936\" style=\"width:518px;height:691px\" width=\"518\" height=\"691\"\/><\/figure>\n\n\n\n<p class=\"has-text-align-center\">Dr hab. Monika Bogdanowska, zast\u0119pca dyrektora Narodowego Instytutu Dziedzictwa, dr hab. prof PK Jan \u0141a\u015b, Mi\u0119dzynarodowe Targi Cie\u015bli w Chocho\u0142owie, fot. NID\/A.Dzwolak<\/p>\n\n\n\n<figure class=\"wp-block-image aligncenter size-large is-resized\"><img loading=\"lazy\" decoding=\"async\" src=\"https:\/\/nid.pl\/wp-content\/uploads\/2023\/08\/IMG_4499-768x1024.jpg\" alt=\"\" class=\"wp-image-12937\" style=\"width:515px;height:687px\" width=\"515\" height=\"687\"\/><\/figure>\n\n\n\n<p class=\"has-text-align-center\">Mi\u0119dzynarodowe Targi Cie\u015bli w Chocho\u0142owie, fot. NID\/A.Dzwolak<\/p>","protected":false},"excerpt":{"rendered":"<p>Centrum Architektury Drewnianej NID, wzi\u0119\u0142o udzia\u0142 w IV edycji Mi\u0119dzynarodowych Targ\u00f3w Cie\u015bli Ciesielskie \u015apasy 2023, kt\u00f3re odby\u0142y si\u0119 w Chocho\u0142owie w dniach 17-20 sierpnia 2023. Podczas trwaj\u0105cej od czwartku do [&hellip;]<\/p>","protected":false},"author":7,"featured_media":12938,"comment_status":"open","ping_status":"open","sticky":false,"template":"","format":"standard","meta":{"_et_pb_use_builder":"off","_et_pb_old_content":"","_et_gb_content_width":"","_monsterinsights_skip_tracking":false,"_monsterinsights_sitenote_active":false,"_monsterinsights_sitenote_note":"","_monsterinsights_sitenote_category":0,"footnotes":""},"categories":[3,77],"tags":[],"class_list":["post-12933","post","type-post","status-publish","format-standard","has-post-thumbnail","hentry","category-aktualnosci","category-centrum-architektury-drewnianej"],"yoast_head":"<!-- This site is optimized with the Yoast SEO plugin v26.5 - https:\/\/yoast.com\/wordpress\/plugins\/seo\/ -->\n<title>Centrum Architektury Drewnianej na Mi\u0119dzynarodowych Targach Cie\u015bli - NID<\/title>\n<meta name=\"robots\" content=\"index, follow, max-snippet:-1, max-image-preview:large, max-video-preview:-1\" \/>\n<link rel=\"canonical\" href=\"https:\/\/nid.pl\/en\/2023\/08\/23\/centrum-architektury-drewnianej-na-miedzynarodowych-targach-ciesli\/\" \/>\n<meta property=\"og:locale\" content=\"en_GB\" \/>\n<meta property=\"og:type\" content=\"article\" \/>\n<meta property=\"og:title\" content=\"Centrum Architektury Drewnianej na Mi\u0119dzynarodowych Targach Cie\u015bli - NID\" \/>\n<meta property=\"og:description\" content=\"Centrum Architektury Drewnianej NID, wzi\u0119\u0142o udzia\u0142 w IV edycji Mi\u0119dzynarodowych Targ\u00f3w Cie\u015bli Ciesielskie \u015apasy 2023, kt\u00f3re odby\u0142y si\u0119 w Chocho\u0142owie w dniach 17-20 sierpnia 2023. Podczas trwaj\u0105cej od czwartku do [&hellip;]\" \/>\n<meta property=\"og:url\" content=\"https:\/\/nid.pl\/en\/2023\/08\/23\/centrum-architektury-drewnianej-na-miedzynarodowych-targach-ciesli\/\" \/>\n<meta property=\"og:site_name\" content=\"NID\" \/>\n<meta property=\"article:publisher\" content=\"https:\/\/www.facebook.com\/zabytek\" \/>\n<meta property=\"article:published_time\" content=\"2023-08-23T09:56:27+00:00\" \/>\n<meta property=\"article:modified_time\" content=\"2023-08-23T09:56:34+00:00\" \/>\n<meta property=\"og:image\" content=\"https:\/\/nid.pl\/wp-content\/uploads\/2023\/08\/miniaturka-aktualnosci-NID-7.jpg\" \/>\n\t<meta property=\"og:image:width\" content=\"1850\" \/>\n\t<meta property=\"og:image:height\" content=\"1238\" \/>\n\t<meta property=\"og:image:type\" content=\"image\/jpeg\" \/>\n<meta name=\"author\" content=\"Barbara Halliop\" \/>\n<meta name=\"twitter:card\" content=\"summary_large_image\" \/>\n<meta name=\"twitter:creator\" content=\"@NarIDpl\" \/>\n<meta name=\"twitter:site\" content=\"@NarIDpl\" \/>\n<meta name=\"twitter:label1\" content=\"Written by\" \/>\n\t<meta name=\"twitter:data1\" content=\"Barbara Halliop\" \/>\n\t<meta name=\"twitter:label2\" content=\"Estimated reading time\" \/>\n\t<meta name=\"twitter:data2\" content=\"2 minutes\" \/>\n<script type=\"application\/ld+json\" class=\"yoast-schema-graph\">{\"@context\":\"https:\/\/schema.org\",\"@graph\":[{\"@type\":\"Article\",\"@id\":\"https:\/\/nid.pl\/2023\/08\/23\/centrum-architektury-drewnianej-na-miedzynarodowych-targach-ciesli\/#article\",\"isPartOf\":{\"@id\":\"https:\/\/nid.pl\/2023\/08\/23\/centrum-architektury-drewnianej-na-miedzynarodowych-targach-ciesli\/\"},\"author\":{\"name\":\"Barbara Halliop\",\"@id\":\"https:\/\/nid.pl\/#\/schema\/person\/1b690a8998a5111cfb9f0ffe24195a15\"},\"headline\":\"Centrum Architektury Drewnianej na Mi\u0119dzynarodowych Targach Cie\u015bli\",\"datePublished\":\"2023-08-23T09:56:27+00:00\",\"dateModified\":\"2023-08-23T09:56:34+00:00\",\"mainEntityOfPage\":{\"@id\":\"https:\/\/nid.pl\/2023\/08\/23\/centrum-architektury-drewnianej-na-miedzynarodowych-targach-ciesli\/\"},\"wordCount\":288,\"commentCount\":0,\"publisher\":{\"@id\":\"https:\/\/nid.pl\/#organization\"},\"image\":{\"@id\":\"https:\/\/nid.pl\/2023\/08\/23\/centrum-architektury-drewnianej-na-miedzynarodowych-targach-ciesli\/#primaryimage\"},\"thumbnailUrl\":\"https:\/\/nid.pl\/wp-content\/uploads\/2023\/08\/miniaturka-aktualnosci-NID-7.jpg\",\"articleSection\":[\"Aktualno\u015bci\",\"Centrum Architektury Drewnianej\"],\"inLanguage\":\"en-GB\"},{\"@type\":\"WebPage\",\"@id\":\"https:\/\/nid.pl\/2023\/08\/23\/centrum-architektury-drewnianej-na-miedzynarodowych-targach-ciesli\/\",\"url\":\"https:\/\/nid.pl\/2023\/08\/23\/centrum-architektury-drewnianej-na-miedzynarodowych-targach-ciesli\/\",\"name\":\"Centrum Architektury Drewnianej na Mi\u0119dzynarodowych Targach Cie\u015bli - NID\",\"isPartOf\":{\"@id\":\"https:\/\/nid.pl\/#website\"},\"primaryImageOfPage\":{\"@id\":\"https:\/\/nid.pl\/2023\/08\/23\/centrum-architektury-drewnianej-na-miedzynarodowych-targach-ciesli\/#primaryimage\"},\"image\":{\"@id\":\"https:\/\/nid.pl\/2023\/08\/23\/centrum-architektury-drewnianej-na-miedzynarodowych-targach-ciesli\/#primaryimage\"},\"thumbnailUrl\":\"https:\/\/nid.pl\/wp-content\/uploads\/2023\/08\/miniaturka-aktualnosci-NID-7.jpg\",\"datePublished\":\"2023-08-23T09:56:27+00:00\",\"dateModified\":\"2023-08-23T09:56:34+00:00\",\"breadcrumb\":{\"@id\":\"https:\/\/nid.pl\/2023\/08\/23\/centrum-architektury-drewnianej-na-miedzynarodowych-targach-ciesli\/#breadcrumb\"},\"inLanguage\":\"en-GB\",\"potentialAction\":[{\"@type\":\"ReadAction\",\"target\":[\"https:\/\/nid.pl\/2023\/08\/23\/centrum-architektury-drewnianej-na-miedzynarodowych-targach-ciesli\/\"]}]},{\"@type\":\"ImageObject\",\"inLanguage\":\"en-GB\",\"@id\":\"https:\/\/nid.pl\/2023\/08\/23\/centrum-architektury-drewnianej-na-miedzynarodowych-targach-ciesli\/#primaryimage\",\"url\":\"https:\/\/nid.pl\/wp-content\/uploads\/2023\/08\/miniaturka-aktualnosci-NID-7.jpg\",\"contentUrl\":\"https:\/\/nid.pl\/wp-content\/uploads\/2023\/08\/miniaturka-aktualnosci-NID-7.jpg\",\"width\":1850,\"height\":1238,\"caption\":\"Mi\u0119dzynarodowe Targi Cie\u015bli w Chocho\u0142owie, fot. NID\/A. Dzwolak\"},{\"@type\":\"BreadcrumbList\",\"@id\":\"https:\/\/nid.pl\/2023\/08\/23\/centrum-architektury-drewnianej-na-miedzynarodowych-targach-ciesli\/#breadcrumb\",\"itemListElement\":[{\"@type\":\"ListItem\",\"position\":1,\"name\":\"Home\",\"item\":\"https:\/\/nid.pl\/\"},{\"@type\":\"ListItem\",\"position\":2,\"name\":\"Centrum Architektury Drewnianej na Mi\u0119dzynarodowych Targach Cie\u015bli\"}]},{\"@type\":\"WebSite\",\"@id\":\"https:\/\/nid.pl\/#website\",\"url\":\"https:\/\/nid.pl\/\",\"name\":\"NID\",\"description\":\"Narodowy Instytut Dziedzictwa\",\"publisher\":{\"@id\":\"https:\/\/nid.pl\/#organization\"},\"potentialAction\":[{\"@type\":\"SearchAction\",\"target\":{\"@type\":\"EntryPoint\",\"urlTemplate\":\"https:\/\/nid.pl\/?s={search_term_string}\"},\"query-input\":{\"@type\":\"PropertyValueSpecification\",\"valueRequired\":true,\"valueName\":\"search_term_string\"}}],\"inLanguage\":\"en-GB\"},{\"@type\":\"Organization\",\"@id\":\"https:\/\/nid.pl\/#organization\",\"name\":\"Narodowy Instytut Dziedzictwa\",\"url\":\"https:\/\/nid.pl\/\",\"logo\":{\"@type\":\"ImageObject\",\"inLanguage\":\"en-GB\",\"@id\":\"https:\/\/nid.pl\/#\/schema\/logo\/image\/\",\"url\":\"https:\/\/nid.pl\/wp-content\/uploads\/2022\/10\/logoRedDark.png\",\"contentUrl\":\"https:\/\/nid.pl\/wp-content\/uploads\/2022\/10\/logoRedDark.png\",\"width\":200,\"height\":197,\"caption\":\"Narodowy Instytut Dziedzictwa\"},\"image\":{\"@id\":\"https:\/\/nid.pl\/#\/schema\/logo\/image\/\"},\"sameAs\":[\"https:\/\/www.facebook.com\/zabytek\",\"https:\/\/x.com\/NarIDpl\",\"https:\/\/www.instagram.com\/nid.pl\/?hl=pl\",\"https:\/\/www.linkedin.com\/company\/narodowy-instytut-dziedzictwa\",\"https:\/\/www.youtube.com\/channel\/UCQXuhKa2uHtmNvLRUSx40JA\"]},{\"@type\":\"Person\",\"@id\":\"https:\/\/nid.pl\/#\/schema\/person\/1b690a8998a5111cfb9f0ffe24195a15\",\"name\":\"Barbara Halliop\",\"image\":{\"@type\":\"ImageObject\",\"inLanguage\":\"en-GB\",\"@id\":\"https:\/\/nid.pl\/#\/schema\/person\/image\/\",\"url\":\"https:\/\/nid.pl\/wp-content\/litespeed\/avatar\/924046d17dd0c842c9fa9ccf489bc6dc.jpg?ver=1777444967\",\"contentUrl\":\"https:\/\/nid.pl\/wp-content\/litespeed\/avatar\/924046d17dd0c842c9fa9ccf489bc6dc.jpg?ver=1777444967\",\"caption\":\"Barbara Halliop\"},\"url\":\"https:\/\/nid.pl\/en\/author\/bhalliop\/\"}]}<\/script>\n<!-- \/ Yoast SEO plugin. -->","yoast_head_json":{"title":"Centrum Architektury Drewnianej na Mi\u0119dzynarodowych Targach Cie\u015bli - NID","robots":{"index":"index","follow":"follow","max-snippet":"max-snippet:-1","max-image-preview":"max-image-preview:large","max-video-preview":"max-video-preview:-1"},"canonical":"https:\/\/nid.pl\/en\/2023\/08\/23\/centrum-architektury-drewnianej-na-miedzynarodowych-targach-ciesli\/","og_locale":"en_GB","og_type":"article","og_title":"Centrum Architektury Drewnianej na Mi\u0119dzynarodowych Targach Cie\u015bli - NID","og_description":"Centrum Architektury Drewnianej NID, wzi\u0119\u0142o udzia\u0142 w IV edycji Mi\u0119dzynarodowych Targ\u00f3w Cie\u015bli Ciesielskie \u015apasy 2023, kt\u00f3re odby\u0142y si\u0119 w Chocho\u0142owie w dniach 17-20 sierpnia 2023. Podczas trwaj\u0105cej od czwartku do [&hellip;]","og_url":"https:\/\/nid.pl\/en\/2023\/08\/23\/centrum-architektury-drewnianej-na-miedzynarodowych-targach-ciesli\/","og_site_name":"NID","article_publisher":"https:\/\/www.facebook.com\/zabytek","article_published_time":"2023-08-23T09:56:27+00:00","article_modified_time":"2023-08-23T09:56:34+00:00","og_image":[{"width":1850,"height":1238,"url":"https:\/\/nid.pl\/wp-content\/uploads\/2023\/08\/miniaturka-aktualnosci-NID-7.jpg","type":"image\/jpeg"}],"author":"Barbara Halliop","twitter_card":"summary_large_image","twitter_creator":"@NarIDpl","twitter_site":"@NarIDpl","twitter_misc":{"Written by":"Barbara Halliop","Estimated reading time":"2 minutes"},"schema":{"@context":"https:\/\/schema.org","@graph":[{"@type":"Article","@id":"https:\/\/nid.pl\/2023\/08\/23\/centrum-architektury-drewnianej-na-miedzynarodowych-targach-ciesli\/#article","isPartOf":{"@id":"https:\/\/nid.pl\/2023\/08\/23\/centrum-architektury-drewnianej-na-miedzynarodowych-targach-ciesli\/"},"author":{"name":"Barbara Halliop","@id":"https:\/\/nid.pl\/#\/schema\/person\/1b690a8998a5111cfb9f0ffe24195a15"},"headline":"Centrum Architektury Drewnianej na Mi\u0119dzynarodowych Targach Cie\u015bli","datePublished":"2023-08-23T09:56:27+00:00","dateModified":"2023-08-23T09:56:34+00:00","mainEntityOfPage":{"@id":"https:\/\/nid.pl\/2023\/08\/23\/centrum-architektury-drewnianej-na-miedzynarodowych-targach-ciesli\/"},"wordCount":288,"commentCount":0,"publisher":{"@id":"https:\/\/nid.pl\/#organization"},"image":{"@id":"https:\/\/nid.pl\/2023\/08\/23\/centrum-architektury-drewnianej-na-miedzynarodowych-targach-ciesli\/#primaryimage"},"thumbnailUrl":"https:\/\/nid.pl\/wp-content\/uploads\/2023\/08\/miniaturka-aktualnosci-NID-7.jpg","articleSection":["Aktualno\u015bci","Centrum Architektury Drewnianej"],"inLanguage":"en-GB"},{"@type":"WebPage","@id":"https:\/\/nid.pl\/2023\/08\/23\/centrum-architektury-drewnianej-na-miedzynarodowych-targach-ciesli\/","url":"https:\/\/nid.pl\/2023\/08\/23\/centrum-architektury-drewnianej-na-miedzynarodowych-targach-ciesli\/","name":"Centrum Architektury Drewnianej na Mi\u0119dzynarodowych Targach Cie\u015bli - NID","isPartOf":{"@id":"https:\/\/nid.pl\/#website"},"primaryImageOfPage":{"@id":"https:\/\/nid.pl\/2023\/08\/23\/centrum-architektury-drewnianej-na-miedzynarodowych-targach-ciesli\/#primaryimage"},"image":{"@id":"https:\/\/nid.pl\/2023\/08\/23\/centrum-architektury-drewnianej-na-miedzynarodowych-targach-ciesli\/#primaryimage"},"thumbnailUrl":"https:\/\/nid.pl\/wp-content\/uploads\/2023\/08\/miniaturka-aktualnosci-NID-7.jpg","datePublished":"2023-08-23T09:56:27+00:00","dateModified":"2023-08-23T09:56:34+00:00","breadcrumb":{"@id":"https:\/\/nid.pl\/2023\/08\/23\/centrum-architektury-drewnianej-na-miedzynarodowych-targach-ciesli\/#breadcrumb"},"inLanguage":"en-GB","potentialAction":[{"@type":"ReadAction","target":["https:\/\/nid.pl\/2023\/08\/23\/centrum-architektury-drewnianej-na-miedzynarodowych-targach-ciesli\/"]}]},{"@type":"ImageObject","inLanguage":"en-GB","@id":"https:\/\/nid.pl\/2023\/08\/23\/centrum-architektury-drewnianej-na-miedzynarodowych-targach-ciesli\/#primaryimage","url":"https:\/\/nid.pl\/wp-content\/uploads\/2023\/08\/miniaturka-aktualnosci-NID-7.jpg","contentUrl":"https:\/\/nid.pl\/wp-content\/uploads\/2023\/08\/miniaturka-aktualnosci-NID-7.jpg","width":1850,"height":1238,"caption":"Mi\u0119dzynarodowe Targi Cie\u015bli w Chocho\u0142owie, fot. NID\/A. Dzwolak"},{"@type":"BreadcrumbList","@id":"https:\/\/nid.pl\/2023\/08\/23\/centrum-architektury-drewnianej-na-miedzynarodowych-targach-ciesli\/#breadcrumb","itemListElement":[{"@type":"ListItem","position":1,"name":"Home","item":"https:\/\/nid.pl\/"},{"@type":"ListItem","position":2,"name":"Centrum Architektury Drewnianej na Mi\u0119dzynarodowych Targach Cie\u015bli"}]},{"@type":"WebSite","@id":"https:\/\/nid.pl\/#website","url":"https:\/\/nid.pl\/","name":"NID","description":"Narodowy Instytut Dziedzictwa","publisher":{"@id":"https:\/\/nid.pl\/#organization"},"potentialAction":[{"@type":"SearchAction","target":{"@type":"EntryPoint","urlTemplate":"https:\/\/nid.pl\/?s={search_term_string}"},"query-input":{"@type":"PropertyValueSpecification","valueRequired":true,"valueName":"search_term_string"}}],"inLanguage":"en-GB"},{"@type":"Organization","@id":"https:\/\/nid.pl\/#organization","name":"Narodowy Instytut Dziedzictwa","url":"https:\/\/nid.pl\/","logo":{"@type":"ImageObject","inLanguage":"en-GB","@id":"https:\/\/nid.pl\/#\/schema\/logo\/image\/","url":"https:\/\/nid.pl\/wp-content\/uploads\/2022\/10\/logoRedDark.png","contentUrl":"https:\/\/nid.pl\/wp-content\/uploads\/2022\/10\/logoRedDark.png","width":200,"height":197,"caption":"Narodowy Instytut Dziedzictwa"},"image":{"@id":"https:\/\/nid.pl\/#\/schema\/logo\/image\/"},"sameAs":["https:\/\/www.facebook.com\/zabytek","https:\/\/x.com\/NarIDpl","https:\/\/www.instagram.com\/nid.pl\/?hl=pl","https:\/\/www.linkedin.com\/company\/narodowy-instytut-dziedzictwa","https:\/\/www.youtube.com\/channel\/UCQXuhKa2uHtmNvLRUSx40JA"]},{"@type":"Person","@id":"https:\/\/nid.pl\/#\/schema\/person\/1b690a8998a5111cfb9f0ffe24195a15","name":"Barbara Halliop","image":{"@type":"ImageObject","inLanguage":"en-GB","@id":"https:\/\/nid.pl\/#\/schema\/person\/image\/","url":"https:\/\/nid.pl\/wp-content\/litespeed\/avatar\/924046d17dd0c842c9fa9ccf489bc6dc.jpg?ver=1777444967","contentUrl":"https:\/\/nid.pl\/wp-content\/litespeed\/avatar\/924046d17dd0c842c9fa9ccf489bc6dc.jpg?ver=1777444967","caption":"Barbara Halliop"},"url":"https:\/\/nid.pl\/en\/author\/bhalliop\/"}]}},"_links":{"self":[{"href":"https:\/\/nid.pl\/en\/wp-json\/wp\/v2\/posts\/12933","targetHints":{"allow":["GET"]}}],"collection":[{"href":"https:\/\/nid.pl\/en\/wp-json\/wp\/v2\/posts"}],"about":[{"href":"https:\/\/nid.pl\/en\/wp-json\/wp\/v2\/types\/post"}],"author":[{"embeddable":true,"href":"https:\/\/nid.pl\/en\/wp-json\/wp\/v2\/users\/7"}],"replies":[{"embeddable":true,"href":"https:\/\/nid.pl\/en\/wp-json\/wp\/v2\/comments?post=12933"}],"version-history":[{"count":0,"href":"https:\/\/nid.pl\/en\/wp-json\/wp\/v2\/posts\/12933\/revisions"}],"wp:featuredmedia":[{"embeddable":true,"href":"https:\/\/nid.pl\/en\/wp-json\/wp\/v2\/media\/12938"}],"wp:attachment":[{"href":"https:\/\/nid.pl\/en\/wp-json\/wp\/v2\/media?parent=12933"}],"wp:term":[{"taxonomy":"category","embeddable":true,"href":"https:\/\/nid.pl\/en\/wp-json\/wp\/v2\/categories?post=12933"},{"taxonomy":"post_tag","embeddable":true,"href":"https:\/\/nid.pl\/en\/wp-json\/wp\/v2\/tags?post=12933"}],"curies":[{"name":"wp","href":"https:\/\/api.w.org\/{rel}","templated":true}]}}