{"id":12914,"date":"2023-08-25T11:00:00","date_gmt":"2023-08-25T09:00:00","guid":{"rendered":"https:\/\/nid.pl\/?p=12914"},"modified":"2023-08-25T12:41:31","modified_gmt":"2023-08-25T10:41:31","slug":"wydawnictwo-nid-poleca-raport-o-stanie-architektury-drewnianej-w-polsce","status":"publish","type":"post","link":"https:\/\/nid.pl\/en\/2023\/08\/25\/wydawnictwo-nid-poleca-raport-o-stanie-architektury-drewnianej-w-polsce\/","title":{"rendered":"Wydawnictwo NID poleca: \u201eRaport o stanie architektury drewnianej w Polsce\u201d"},"content":{"rendered":"<p><strong>Tradycyjna architektura drewniana od wiek\u00f3w tworzy niepowtarzalny charakter krajobrazu kulturowego Polski. Jednak jej zas\u00f3b, kt\u00f3ry obejmuje wiejskie chaty, miejskie budowle, \u015bwi\u0105tynie r\u00f3\u017cnych wyzna\u0144 oraz inne zabytki, jest zagro\u017cony i ulega szybkiemu zanikowi.<\/strong> <strong>Narodowy Instytut Dziedzictwa przygotowa\u0142<\/strong> <strong>\u201eRaport o stanie architektury drewnianej w Polsce&#8221; &#8211; wyj\u0105tkowe opracowanie ukazuj\u0105ce analiz\u0119, wyzwania i konieczne dzia\u0142ania zwi\u0105zane z ochron\u0105 tego dziedzictwa.<\/strong><\/p>\n\n\n\n<p>Nasza historia i to\u017csamo\u015b\u0107 kulturowa s\u0105 bezcenne, a zabytki drewniane stanowi\u0105 jej wa\u017cny element.\u201eRaport o stanie architektury drewnianej w Polsce&#8221;stanowi kompleksow\u0105 analiz\u0119 czynnik\u00f3w wp\u0142ywaj\u0105cych na zachowanie drewnianych zabytk\u00f3w oraz identyfikuje wsp\u00f3\u0142czesne problemy i zagro\u017cenia, na kt\u00f3re obecnie s\u0105 nara\u017cone. Raport przybli\u017ca tak\u017ce kwestie zwi\u0105zane z prawn\u0105 ochron\u0105, finansowaniem oraz edukacj\u0105 w dziedzinie rzemios\u0142 zwi\u0105zanych z architektur\u0105 drewnian\u0105.<\/p>\n\n\n\n<p>W podsumowaniu raportu przedstawiono wnioski z przeprowadzonej analizy oraz zalecenia dotycz\u0105ce dzia\u0142a\u0144 i systemowych rozwi\u0105za\u0144, kt\u00f3re maj\u0105 na celu popraw\u0119 stanu zachowania zabytk\u00f3w drewnianych. Dodatkowo, raport wskazuje na przysz\u0142e zadania Centrum Architektury Drewnianej &#8211; instytucji dzia\u0142aj\u0105cej w ramach struktury Narodowego Instytutu Dziedzictwa, kt\u00f3ra zrealizowa\u0142a i koordynowa\u0142a powstanie niniejszego opracowania.<\/p>\n\n\n\n<p>Publikacja jest nie tylko dokumentem naukowym, ale tak\u017ce wa\u017cnym \u017ar\u00f3d\u0142em inspiracji dla wszystkich mi\u0142o\u015bnik\u00f3w drewnianego dziedzictwa kulturowego. Niezwykle cennym elementem raportu s\u0105 ankiety badawcze zawieraj\u0105ce analiz\u0119 stanu zachowania obiekt\u00f3w architektury drewnianej z poszczeg\u00f3lnych region\u00f3w. Ankiety s\u0105 wynikiem bada\u0144 i analiz przeprowadzonych przez ekspert\u00f3w NID.&nbsp;<\/p>\n\n\n\n<p>Raport zosta\u0142 wydany w formie elektronicznej (PDF) i jest dost\u0119pny wraz z wybranymi ankietami badawczymi bezp\u0142atnie na platformach NID. Mamy nadziej\u0119, \u017ce taka forma publikacji umo\u017cliwi &nbsp;szeroki dost\u0119p do zawartej tam wiedzy, niezb\u0119dnej dla wielu \u015brodowisk.<\/p>\n\n\n\n<p><a href=\"https:\/\/ksiegarnia.nid.pl\/wp-content\/uploads\/2023\/07\/Raport-o-stanie-arch-drewnianej_ankieta-1.pdf\" target=\"_blank\" rel=\"noreferrer noopener\">Drewniana architektura cerkiewna obszaru Nadsania w obr\u0119bie wojew\u00f3dztwa podkarpackiego (oprac. Andrzej \u017bygad\u0142o)<\/a><\/p>\n\n\n\n<p><a href=\"https:\/\/ksiegarnia.nid.pl\/wp-content\/uploads\/2023\/07\/Raport-o-stanie-arch-drewnianej_ankieta-2.pdf\" target=\"_blank\" rel=\"noreferrer noopener\">Ko\u015bcio\u0142y wie\u0144cowe p\u00f3\u0142nocnej cz\u0119\u015bci wojew\u00f3dztwa opolskiego (powiat kluczborski) (oprac. Grzegorz Naumowicz \u2013 Oddzia\u0142 Terenowy NID w Opolu)<\/a><\/p>\n\n\n\n<p><a href=\"https:\/\/ksiegarnia.nid.pl\/wp-content\/uploads\/2023\/07\/Raport-o-stanie-arch-drewnianej_ankieta-3.pdf\" target=\"_blank\" rel=\"noreferrer noopener\">Budownictwo z drewna opa\u0142owego w p\u00f3\u0142nocno-wschodniej Polsce (oprac. Jaros\u0142aw Szewczyk)<\/a><\/p>\n\n\n\n<p><a href=\"https:\/\/ksiegarnia.nid.pl\/wp-content\/uploads\/2023\/07\/Raport-o-stanie-arch-drewnianej_ankieta-4.pdf\" target=\"_blank\" rel=\"noreferrer noopener\">Architektura uzdrowiskowa Zakopanego \u2013 najstarsze obiekty o funkcji pensjonatowej, utrzymane w stylistyce szwajcarskiej i tyrolskiej, powsta\u0142e przed pojawieniem si\u0119 stylu zakopia\u0144skiego (oprac. Natalia Skiepko)<\/a><\/p>\n\n\n\n<p><a href=\"https:\/\/ksiegarnia.nid.pl\/wp-content\/uploads\/2023\/07\/Raport-o-stanie-arch-drewnianej_ankieta-5.pdf\" target=\"_blank\" rel=\"noreferrer noopener\">Zagrody z zabudow\u0105 ryglow\u0105 w Swo\u0142owie (oprac. Beata Dygulska \u2212 Oddzia\u0142 Terenowy NID w Gda\u0144sku)<\/a><\/p>\n\n\n\n<p><a href=\"https:\/\/ksiegarnia.nid.pl\/wp-content\/uploads\/2023\/07\/Raport-o-stanie-arch-drewnianej_ankieta-6.pdf\" target=\"_blank\" rel=\"noreferrer noopener\">M\u0142yny wodne w wojew\u00f3dztwie \u015bl\u0105skim (powiaty cz\u0119stochowski, zawiercia\u0144ski, k\u0142obucki) (oprac. Agnieszka Olczyk \u2212 Oddzia\u0142 Terenowy NID w Katowicach)<\/a><\/p>\n\n\n\n<p><\/p>\n\n\n\n<p><strong>\u201eRaport o stanie architektury drewnianej w Polsce\u201d wraz z wybranymi ankietami badawczymi<\/strong> <strong>mo\u017cna bezp\u0142atnie pobra\u0107 na stronie <\/strong><a href=\"https:\/\/ksiegarnia.nid.pl\/produkt\/raport-o-stanie-architektury-drewnianej-w-polsce\/\"><strong>ksiegarnia.nid.pl<\/strong><\/a><strong>.<\/strong><\/p>\n\n\n\n<p>Tytu\u0142: Raport o stanie architektury drewnianej w Polsce<\/p>\n\n\n\n<p>Redaktorzy naukowi: Monika Bogdanowska, Katarzyna Zalasi\u0144ska<\/p>\n\n\n\n<p>Redaktorzy prowadz\u0105cy: Agnieszka Gajc, Maciej Warcho\u0142<\/p>\n\n\n\n<p>Autorzy: Monika Bogdanowska, \u017baneta Gwardzi\u0144ska-Chowaniec, Agata K\u0142oczko, Anna Lorek, Piotr Porowski, Mateusz Pszczy\u0144ski, Natalia Skiepko, Jerzy Sza\u0142ygin, Miros\u0142aw Trojacki, Maciej Warcho\u0142, Waldemar Witek<\/p>\n\n\n\n<p><strong>\u201eRaport o stanie architektury drewnianej w Polsce\u201d jest dzia\u0142aniem Pracowni terenowej Centrum Architektury Drewnianej Narodowego Instytutu Dziedzictwa.<\/strong><\/p>\n\n\n\n<p><strong>Centrum Architektury Drewnianej<\/strong>, dzia\u0142aj\u0105ce w strukturze Narodowego Instytut Dziedzictwa, powsta\u0142o w 2021 roku. Zajmuje si\u0119 wspieraniem ochrony architektury i budownictwa drewnianego oraz promowaniem dobrych praktyk. W\u015br\u00f3d zada\u0144 Centrum znajduje si\u0119 gromadzenie wiedzy i danych na temat architektury i budownictwa drewnianego oraz koordynowanie prac w zakresie monitorowania tego zasobu. Wi\u0119cej informacji na temat dzia\u0142a\u0144 CAD na stronie <a href=\"https:\/\/nid.pl\/en\/centrum-architektury-drewnianej\/\">https:\/\/nid.pl\/centrum-architektury-drewnianej\/<\/a>.&nbsp;<\/p>\n\n\n\n<p><\/p>\n\n\n\n<figure class=\"wp-block-image aligncenter size-large is-resized\"><img loading=\"lazy\" decoding=\"async\" src=\"https:\/\/nid.pl\/wp-content\/uploads\/2023\/08\/post-Fb-_promocja-raportu-kopia-1024x768.jpg\" alt=\"\" class=\"wp-image-12916\" style=\"width:676px;height:507px\" width=\"676\" height=\"507\"\/><\/figure>","protected":false},"excerpt":{"rendered":"<p>Tradycyjna architektura drewniana od wiek\u00f3w tworzy niepowtarzalny charakter krajobrazu kulturowego Polski. Jednak jej zas\u00f3b, kt\u00f3ry obejmuje wiejskie chaty, miejskie budowle, \u015bwi\u0105tynie r\u00f3\u017cnych wyzna\u0144 oraz inne zabytki, jest zagro\u017cony i ulega [&hellip;]<\/p>","protected":false},"author":7,"featured_media":12917,"comment_status":"open","ping_status":"open","sticky":false,"template":"","format":"standard","meta":{"_et_pb_use_builder":"off","_et_pb_old_content":"","_et_gb_content_width":"","_monsterinsights_skip_tracking":false,"_monsterinsights_sitenote_active":false,"_monsterinsights_sitenote_note":"","_monsterinsights_sitenote_category":0,"footnotes":""},"categories":[3,77],"tags":[],"class_list":["post-12914","post","type-post","status-publish","format-standard","has-post-thumbnail","hentry","category-aktualnosci","category-centrum-architektury-drewnianej"],"yoast_head":"<!-- This site is optimized with the Yoast SEO plugin v26.5 - https:\/\/yoast.com\/wordpress\/plugins\/seo\/ -->\n<title>Wydawnictwo NID poleca: \u201eRaport o stanie architektury drewnianej w Polsce\u201d - NID<\/title>\n<meta name=\"robots\" content=\"index, follow, max-snippet:-1, max-image-preview:large, max-video-preview:-1\" \/>\n<link rel=\"canonical\" href=\"https:\/\/nid.pl\/en\/2023\/08\/25\/wydawnictwo-nid-poleca-raport-o-stanie-architektury-drewnianej-w-polsce\/\" \/>\n<meta property=\"og:locale\" content=\"en_GB\" \/>\n<meta property=\"og:type\" content=\"article\" \/>\n<meta property=\"og:title\" content=\"Wydawnictwo NID poleca: \u201eRaport o stanie architektury drewnianej w Polsce\u201d - NID\" \/>\n<meta property=\"og:description\" content=\"Tradycyjna architektura drewniana od wiek\u00f3w tworzy niepowtarzalny charakter krajobrazu kulturowego Polski. Jednak jej zas\u00f3b, kt\u00f3ry obejmuje wiejskie chaty, miejskie budowle, \u015bwi\u0105tynie r\u00f3\u017cnych wyzna\u0144 oraz inne zabytki, jest zagro\u017cony i ulega [&hellip;]\" \/>\n<meta property=\"og:url\" content=\"https:\/\/nid.pl\/en\/2023\/08\/25\/wydawnictwo-nid-poleca-raport-o-stanie-architektury-drewnianej-w-polsce\/\" \/>\n<meta property=\"og:site_name\" content=\"NID\" \/>\n<meta property=\"article:publisher\" content=\"https:\/\/www.facebook.com\/zabytek\" \/>\n<meta property=\"article:published_time\" content=\"2023-08-25T09:00:00+00:00\" \/>\n<meta property=\"article:modified_time\" content=\"2023-08-25T10:41:31+00:00\" \/>\n<meta property=\"og:image\" content=\"https:\/\/nid.pl\/wp-content\/uploads\/2023\/08\/miniaturka-aktualnosci-NID-4.jpg\" \/>\n\t<meta property=\"og:image:width\" content=\"1850\" \/>\n\t<meta property=\"og:image:height\" content=\"1238\" \/>\n\t<meta property=\"og:image:type\" content=\"image\/jpeg\" \/>\n<meta name=\"author\" content=\"Barbara Halliop\" \/>\n<meta name=\"twitter:card\" content=\"summary_large_image\" \/>\n<meta name=\"twitter:creator\" content=\"@NarIDpl\" \/>\n<meta name=\"twitter:site\" content=\"@NarIDpl\" \/>\n<meta name=\"twitter:label1\" content=\"Written by\" \/>\n\t<meta name=\"twitter:data1\" content=\"Barbara Halliop\" \/>\n\t<meta name=\"twitter:label2\" content=\"Estimated reading time\" \/>\n\t<meta name=\"twitter:data2\" content=\"3 minutes\" \/>\n<script type=\"application\/ld+json\" class=\"yoast-schema-graph\">{\"@context\":\"https:\/\/schema.org\",\"@graph\":[{\"@type\":\"Article\",\"@id\":\"https:\/\/nid.pl\/2023\/08\/25\/wydawnictwo-nid-poleca-raport-o-stanie-architektury-drewnianej-w-polsce\/#article\",\"isPartOf\":{\"@id\":\"https:\/\/nid.pl\/2023\/08\/25\/wydawnictwo-nid-poleca-raport-o-stanie-architektury-drewnianej-w-polsce\/\"},\"author\":{\"name\":\"Barbara Halliop\",\"@id\":\"https:\/\/nid.pl\/#\/schema\/person\/1b690a8998a5111cfb9f0ffe24195a15\"},\"headline\":\"Wydawnictwo NID poleca: \u201eRaport o stanie architektury drewnianej w Polsce\u201d\",\"datePublished\":\"2023-08-25T09:00:00+00:00\",\"dateModified\":\"2023-08-25T10:41:31+00:00\",\"mainEntityOfPage\":{\"@id\":\"https:\/\/nid.pl\/2023\/08\/25\/wydawnictwo-nid-poleca-raport-o-stanie-architektury-drewnianej-w-polsce\/\"},\"wordCount\":580,\"commentCount\":0,\"publisher\":{\"@id\":\"https:\/\/nid.pl\/#organization\"},\"image\":{\"@id\":\"https:\/\/nid.pl\/2023\/08\/25\/wydawnictwo-nid-poleca-raport-o-stanie-architektury-drewnianej-w-polsce\/#primaryimage\"},\"thumbnailUrl\":\"https:\/\/nid.pl\/wp-content\/uploads\/2023\/08\/miniaturka-aktualnosci-NID-4.jpg\",\"articleSection\":[\"Aktualno\u015bci\",\"Centrum Architektury Drewnianej\"],\"inLanguage\":\"en-GB\"},{\"@type\":\"WebPage\",\"@id\":\"https:\/\/nid.pl\/2023\/08\/25\/wydawnictwo-nid-poleca-raport-o-stanie-architektury-drewnianej-w-polsce\/\",\"url\":\"https:\/\/nid.pl\/2023\/08\/25\/wydawnictwo-nid-poleca-raport-o-stanie-architektury-drewnianej-w-polsce\/\",\"name\":\"Wydawnictwo NID poleca: \u201eRaport o stanie architektury drewnianej w Polsce\u201d - NID\",\"isPartOf\":{\"@id\":\"https:\/\/nid.pl\/#website\"},\"primaryImageOfPage\":{\"@id\":\"https:\/\/nid.pl\/2023\/08\/25\/wydawnictwo-nid-poleca-raport-o-stanie-architektury-drewnianej-w-polsce\/#primaryimage\"},\"image\":{\"@id\":\"https:\/\/nid.pl\/2023\/08\/25\/wydawnictwo-nid-poleca-raport-o-stanie-architektury-drewnianej-w-polsce\/#primaryimage\"},\"thumbnailUrl\":\"https:\/\/nid.pl\/wp-content\/uploads\/2023\/08\/miniaturka-aktualnosci-NID-4.jpg\",\"datePublished\":\"2023-08-25T09:00:00+00:00\",\"dateModified\":\"2023-08-25T10:41:31+00:00\",\"breadcrumb\":{\"@id\":\"https:\/\/nid.pl\/2023\/08\/25\/wydawnictwo-nid-poleca-raport-o-stanie-architektury-drewnianej-w-polsce\/#breadcrumb\"},\"inLanguage\":\"en-GB\",\"potentialAction\":[{\"@type\":\"ReadAction\",\"target\":[\"https:\/\/nid.pl\/2023\/08\/25\/wydawnictwo-nid-poleca-raport-o-stanie-architektury-drewnianej-w-polsce\/\"]}]},{\"@type\":\"ImageObject\",\"inLanguage\":\"en-GB\",\"@id\":\"https:\/\/nid.pl\/2023\/08\/25\/wydawnictwo-nid-poleca-raport-o-stanie-architektury-drewnianej-w-polsce\/#primaryimage\",\"url\":\"https:\/\/nid.pl\/wp-content\/uploads\/2023\/08\/miniaturka-aktualnosci-NID-4.jpg\",\"contentUrl\":\"https:\/\/nid.pl\/wp-content\/uploads\/2023\/08\/miniaturka-aktualnosci-NID-4.jpg\",\"width\":1850,\"height\":1238,\"caption\":\"Raport o stanie architektury drewnianej\"},{\"@type\":\"BreadcrumbList\",\"@id\":\"https:\/\/nid.pl\/2023\/08\/25\/wydawnictwo-nid-poleca-raport-o-stanie-architektury-drewnianej-w-polsce\/#breadcrumb\",\"itemListElement\":[{\"@type\":\"ListItem\",\"position\":1,\"name\":\"Home\",\"item\":\"https:\/\/nid.pl\/\"},{\"@type\":\"ListItem\",\"position\":2,\"name\":\"Wydawnictwo NID poleca: \u201eRaport o stanie architektury drewnianej w Polsce\u201d\"}]},{\"@type\":\"WebSite\",\"@id\":\"https:\/\/nid.pl\/#website\",\"url\":\"https:\/\/nid.pl\/\",\"name\":\"NID\",\"description\":\"Narodowy Instytut Dziedzictwa\",\"publisher\":{\"@id\":\"https:\/\/nid.pl\/#organization\"},\"potentialAction\":[{\"@type\":\"SearchAction\",\"target\":{\"@type\":\"EntryPoint\",\"urlTemplate\":\"https:\/\/nid.pl\/?s={search_term_string}\"},\"query-input\":{\"@type\":\"PropertyValueSpecification\",\"valueRequired\":true,\"valueName\":\"search_term_string\"}}],\"inLanguage\":\"en-GB\"},{\"@type\":\"Organization\",\"@id\":\"https:\/\/nid.pl\/#organization\",\"name\":\"Narodowy Instytut Dziedzictwa\",\"url\":\"https:\/\/nid.pl\/\",\"logo\":{\"@type\":\"ImageObject\",\"inLanguage\":\"en-GB\",\"@id\":\"https:\/\/nid.pl\/#\/schema\/logo\/image\/\",\"url\":\"https:\/\/nid.pl\/wp-content\/uploads\/2022\/10\/logoRedDark.png\",\"contentUrl\":\"https:\/\/nid.pl\/wp-content\/uploads\/2022\/10\/logoRedDark.png\",\"width\":200,\"height\":197,\"caption\":\"Narodowy Instytut Dziedzictwa\"},\"image\":{\"@id\":\"https:\/\/nid.pl\/#\/schema\/logo\/image\/\"},\"sameAs\":[\"https:\/\/www.facebook.com\/zabytek\",\"https:\/\/x.com\/NarIDpl\",\"https:\/\/www.instagram.com\/nid.pl\/?hl=pl\",\"https:\/\/www.linkedin.com\/company\/narodowy-instytut-dziedzictwa\",\"https:\/\/www.youtube.com\/channel\/UCQXuhKa2uHtmNvLRUSx40JA\"]},{\"@type\":\"Person\",\"@id\":\"https:\/\/nid.pl\/#\/schema\/person\/1b690a8998a5111cfb9f0ffe24195a15\",\"name\":\"Barbara Halliop\",\"image\":{\"@type\":\"ImageObject\",\"inLanguage\":\"en-GB\",\"@id\":\"https:\/\/nid.pl\/#\/schema\/person\/image\/\",\"url\":\"https:\/\/nid.pl\/wp-content\/litespeed\/avatar\/924046d17dd0c842c9fa9ccf489bc6dc.jpg?ver=1777444967\",\"contentUrl\":\"https:\/\/nid.pl\/wp-content\/litespeed\/avatar\/924046d17dd0c842c9fa9ccf489bc6dc.jpg?ver=1777444967\",\"caption\":\"Barbara Halliop\"},\"url\":\"https:\/\/nid.pl\/en\/author\/bhalliop\/\"}]}<\/script>\n<!-- \/ Yoast SEO plugin. -->","yoast_head_json":{"title":"Wydawnictwo NID poleca: \u201eRaport o stanie architektury drewnianej w Polsce\u201d - NID","robots":{"index":"index","follow":"follow","max-snippet":"max-snippet:-1","max-image-preview":"max-image-preview:large","max-video-preview":"max-video-preview:-1"},"canonical":"https:\/\/nid.pl\/en\/2023\/08\/25\/wydawnictwo-nid-poleca-raport-o-stanie-architektury-drewnianej-w-polsce\/","og_locale":"en_GB","og_type":"article","og_title":"Wydawnictwo NID poleca: \u201eRaport o stanie architektury drewnianej w Polsce\u201d - NID","og_description":"Tradycyjna architektura drewniana od wiek\u00f3w tworzy niepowtarzalny charakter krajobrazu kulturowego Polski. Jednak jej zas\u00f3b, kt\u00f3ry obejmuje wiejskie chaty, miejskie budowle, \u015bwi\u0105tynie r\u00f3\u017cnych wyzna\u0144 oraz inne zabytki, jest zagro\u017cony i ulega [&hellip;]","og_url":"https:\/\/nid.pl\/en\/2023\/08\/25\/wydawnictwo-nid-poleca-raport-o-stanie-architektury-drewnianej-w-polsce\/","og_site_name":"NID","article_publisher":"https:\/\/www.facebook.com\/zabytek","article_published_time":"2023-08-25T09:00:00+00:00","article_modified_time":"2023-08-25T10:41:31+00:00","og_image":[{"width":1850,"height":1238,"url":"https:\/\/nid.pl\/wp-content\/uploads\/2023\/08\/miniaturka-aktualnosci-NID-4.jpg","type":"image\/jpeg"}],"author":"Barbara Halliop","twitter_card":"summary_large_image","twitter_creator":"@NarIDpl","twitter_site":"@NarIDpl","twitter_misc":{"Written by":"Barbara Halliop","Estimated reading time":"3 minutes"},"schema":{"@context":"https:\/\/schema.org","@graph":[{"@type":"Article","@id":"https:\/\/nid.pl\/2023\/08\/25\/wydawnictwo-nid-poleca-raport-o-stanie-architektury-drewnianej-w-polsce\/#article","isPartOf":{"@id":"https:\/\/nid.pl\/2023\/08\/25\/wydawnictwo-nid-poleca-raport-o-stanie-architektury-drewnianej-w-polsce\/"},"author":{"name":"Barbara Halliop","@id":"https:\/\/nid.pl\/#\/schema\/person\/1b690a8998a5111cfb9f0ffe24195a15"},"headline":"Wydawnictwo NID poleca: \u201eRaport o stanie architektury drewnianej w Polsce\u201d","datePublished":"2023-08-25T09:00:00+00:00","dateModified":"2023-08-25T10:41:31+00:00","mainEntityOfPage":{"@id":"https:\/\/nid.pl\/2023\/08\/25\/wydawnictwo-nid-poleca-raport-o-stanie-architektury-drewnianej-w-polsce\/"},"wordCount":580,"commentCount":0,"publisher":{"@id":"https:\/\/nid.pl\/#organization"},"image":{"@id":"https:\/\/nid.pl\/2023\/08\/25\/wydawnictwo-nid-poleca-raport-o-stanie-architektury-drewnianej-w-polsce\/#primaryimage"},"thumbnailUrl":"https:\/\/nid.pl\/wp-content\/uploads\/2023\/08\/miniaturka-aktualnosci-NID-4.jpg","articleSection":["Aktualno\u015bci","Centrum Architektury Drewnianej"],"inLanguage":"en-GB"},{"@type":"WebPage","@id":"https:\/\/nid.pl\/2023\/08\/25\/wydawnictwo-nid-poleca-raport-o-stanie-architektury-drewnianej-w-polsce\/","url":"https:\/\/nid.pl\/2023\/08\/25\/wydawnictwo-nid-poleca-raport-o-stanie-architektury-drewnianej-w-polsce\/","name":"Wydawnictwo NID poleca: \u201eRaport o stanie architektury drewnianej w Polsce\u201d - NID","isPartOf":{"@id":"https:\/\/nid.pl\/#website"},"primaryImageOfPage":{"@id":"https:\/\/nid.pl\/2023\/08\/25\/wydawnictwo-nid-poleca-raport-o-stanie-architektury-drewnianej-w-polsce\/#primaryimage"},"image":{"@id":"https:\/\/nid.pl\/2023\/08\/25\/wydawnictwo-nid-poleca-raport-o-stanie-architektury-drewnianej-w-polsce\/#primaryimage"},"thumbnailUrl":"https:\/\/nid.pl\/wp-content\/uploads\/2023\/08\/miniaturka-aktualnosci-NID-4.jpg","datePublished":"2023-08-25T09:00:00+00:00","dateModified":"2023-08-25T10:41:31+00:00","breadcrumb":{"@id":"https:\/\/nid.pl\/2023\/08\/25\/wydawnictwo-nid-poleca-raport-o-stanie-architektury-drewnianej-w-polsce\/#breadcrumb"},"inLanguage":"en-GB","potentialAction":[{"@type":"ReadAction","target":["https:\/\/nid.pl\/2023\/08\/25\/wydawnictwo-nid-poleca-raport-o-stanie-architektury-drewnianej-w-polsce\/"]}]},{"@type":"ImageObject","inLanguage":"en-GB","@id":"https:\/\/nid.pl\/2023\/08\/25\/wydawnictwo-nid-poleca-raport-o-stanie-architektury-drewnianej-w-polsce\/#primaryimage","url":"https:\/\/nid.pl\/wp-content\/uploads\/2023\/08\/miniaturka-aktualnosci-NID-4.jpg","contentUrl":"https:\/\/nid.pl\/wp-content\/uploads\/2023\/08\/miniaturka-aktualnosci-NID-4.jpg","width":1850,"height":1238,"caption":"Raport o stanie architektury drewnianej"},{"@type":"BreadcrumbList","@id":"https:\/\/nid.pl\/2023\/08\/25\/wydawnictwo-nid-poleca-raport-o-stanie-architektury-drewnianej-w-polsce\/#breadcrumb","itemListElement":[{"@type":"ListItem","position":1,"name":"Home","item":"https:\/\/nid.pl\/"},{"@type":"ListItem","position":2,"name":"Wydawnictwo NID poleca: \u201eRaport o stanie architektury drewnianej w Polsce\u201d"}]},{"@type":"WebSite","@id":"https:\/\/nid.pl\/#website","url":"https:\/\/nid.pl\/","name":"NID","description":"Narodowy Instytut Dziedzictwa","publisher":{"@id":"https:\/\/nid.pl\/#organization"},"potentialAction":[{"@type":"SearchAction","target":{"@type":"EntryPoint","urlTemplate":"https:\/\/nid.pl\/?s={search_term_string}"},"query-input":{"@type":"PropertyValueSpecification","valueRequired":true,"valueName":"search_term_string"}}],"inLanguage":"en-GB"},{"@type":"Organization","@id":"https:\/\/nid.pl\/#organization","name":"Narodowy Instytut Dziedzictwa","url":"https:\/\/nid.pl\/","logo":{"@type":"ImageObject","inLanguage":"en-GB","@id":"https:\/\/nid.pl\/#\/schema\/logo\/image\/","url":"https:\/\/nid.pl\/wp-content\/uploads\/2022\/10\/logoRedDark.png","contentUrl":"https:\/\/nid.pl\/wp-content\/uploads\/2022\/10\/logoRedDark.png","width":200,"height":197,"caption":"Narodowy Instytut Dziedzictwa"},"image":{"@id":"https:\/\/nid.pl\/#\/schema\/logo\/image\/"},"sameAs":["https:\/\/www.facebook.com\/zabytek","https:\/\/x.com\/NarIDpl","https:\/\/www.instagram.com\/nid.pl\/?hl=pl","https:\/\/www.linkedin.com\/company\/narodowy-instytut-dziedzictwa","https:\/\/www.youtube.com\/channel\/UCQXuhKa2uHtmNvLRUSx40JA"]},{"@type":"Person","@id":"https:\/\/nid.pl\/#\/schema\/person\/1b690a8998a5111cfb9f0ffe24195a15","name":"Barbara Halliop","image":{"@type":"ImageObject","inLanguage":"en-GB","@id":"https:\/\/nid.pl\/#\/schema\/person\/image\/","url":"https:\/\/nid.pl\/wp-content\/litespeed\/avatar\/924046d17dd0c842c9fa9ccf489bc6dc.jpg?ver=1777444967","contentUrl":"https:\/\/nid.pl\/wp-content\/litespeed\/avatar\/924046d17dd0c842c9fa9ccf489bc6dc.jpg?ver=1777444967","caption":"Barbara Halliop"},"url":"https:\/\/nid.pl\/en\/author\/bhalliop\/"}]}},"_links":{"self":[{"href":"https:\/\/nid.pl\/en\/wp-json\/wp\/v2\/posts\/12914","targetHints":{"allow":["GET"]}}],"collection":[{"href":"https:\/\/nid.pl\/en\/wp-json\/wp\/v2\/posts"}],"about":[{"href":"https:\/\/nid.pl\/en\/wp-json\/wp\/v2\/types\/post"}],"author":[{"embeddable":true,"href":"https:\/\/nid.pl\/en\/wp-json\/wp\/v2\/users\/7"}],"replies":[{"embeddable":true,"href":"https:\/\/nid.pl\/en\/wp-json\/wp\/v2\/comments?post=12914"}],"version-history":[{"count":0,"href":"https:\/\/nid.pl\/en\/wp-json\/wp\/v2\/posts\/12914\/revisions"}],"wp:featuredmedia":[{"embeddable":true,"href":"https:\/\/nid.pl\/en\/wp-json\/wp\/v2\/media\/12917"}],"wp:attachment":[{"href":"https:\/\/nid.pl\/en\/wp-json\/wp\/v2\/media?parent=12914"}],"wp:term":[{"taxonomy":"category","embeddable":true,"href":"https:\/\/nid.pl\/en\/wp-json\/wp\/v2\/categories?post=12914"},{"taxonomy":"post_tag","embeddable":true,"href":"https:\/\/nid.pl\/en\/wp-json\/wp\/v2\/tags?post=12914"}],"curies":[{"name":"wp","href":"https:\/\/api.w.org\/{rel}","templated":true}]}}