{"id":12789,"date":"2023-08-16T16:08:13","date_gmt":"2023-08-16T14:08:13","guid":{"rendered":"https:\/\/nid.pl\/?p=12789"},"modified":"2023-08-17T08:58:00","modified_gmt":"2023-08-17T06:58:00","slug":"dziekujemy-depozytariuszom-i-uczestnikom-za-udzial-w-ii-opolskim-etnofestiwalu","status":"publish","type":"post","link":"https:\/\/nid.pl\/en\/2023\/08\/16\/dziekujemy-depozytariuszom-i-uczestnikom-za-udzial-w-ii-opolskim-etnofestiwalu\/","title":{"rendered":"Dzi\u0119kujemy depozytariuszom i uczestnikom za udzia\u0142 w II Opolskim EtnoFestiwalu!"},"content":{"rendered":"<p><strong>15 sierpnia na Zamku w Niemodlinie odby\u0142 si\u0119 II Opolski EtnoFestiwal, podczas kt\u00f3rego otwarto wystaw\u0119 \u201eTradycje od pokole\u0144. Niematerialne dziedzictwo kulturowe w Polsce\u201d. &nbsp;Wystaw\u0119 b\u0119dzie mo\u017cna ogl\u0105da\u0107 do 19 wrze\u015bnia.<\/strong><\/p>\n\n\n\n<p>Narodowy Instytut Dziedzictwa, z okazji obchod\u00f3w jubileuszu 20-lecia Konwencji UNESCO w sprawie ochrony niematerialnego dziedzictwa kulturowego oraz 10-lecia Krajowej listy niematerialnego dziedzictwa kulturowego, przygotowa\u0142 wystaw\u0119 pt. \u201eTradycje od pokole\u0144. Niematerialne dziedzictwo kulturowe w Polsce\u201d, kt\u00f3ra jest prezentowana w r\u00f3\u017cnych miastach w ca\u0142ej Polsce. &nbsp;Na krajowej li\u015bcie znajduje si\u0119 \u0142\u0105cznie ponad 80 wpis\u00f3w tradycji i zwyczaj\u00f3w, w tym a\u017c 15 przejaw\u00f3w \u017cywego dziedzictwa z wojew\u00f3dztwa opolskiego, m.in.: kroszonkarstwo, zwyczaj wodzenia nied\u017awiedzia na \u015al\u0105sku Opolskim czy babski comber. Natomiast zwyczaj uk\u0142adania dywan\u00f3w kwiatowych na procesje Bo\u017cego Cia\u0142a w diecezji opolskiej, w miejscowo\u015bciach: Klucz, Olszowa, Zalesie \u015al\u0105skie i Zimna W\u00f3dka jest wpisany na&nbsp; Reprezentatywn\u0105 List\u0119 Niematerialnego Dziedzictwa Kulturowego Ludzko\u015bci UNESCO.<\/p>\n\n\n\n<p>II Opolski EtnoFestiwalrozpocz\u0105\u0142 lot 1000 go\u0142\u0119bi pocztowych Polskiego Zwi\u0105zku Hodowc\u00f3w Go\u0142\u0119bi Pocztowych, zsynchronizowany z sygna\u0142ami Zespo\u0142u Sygnalist\u00f3w My\u015bliwskich Zespo\u0142u Szk\u00f3\u0142 w Tu\u0142owicach.<\/p>\n\n\n\n<p>Podczas EtnoFestiwalu depozytariusze z wojew\u00f3dztwa opolskiego zaprezentowali bogactwo niematerialnego dziedzictwa kulturowego swojego regionu. Stoiska z r\u0119kodzie\u0142em oraz prezentacje regionalnych tradycji, zwyczaj\u00f3w i umiej\u0119tno\u015bci zapewni\u0142y wyj\u0105tkow\u0105 atmosfer\u0119 wydarzenia. Uczestnicy mogli pozna\u0107 zwyczaje, tradycyjne techniki rzemie\u015blnicze i praktyki artystyczne prezentowane przez depozytariuszy m.in.: kroszonkarstwo, pisanie pisanek, skubanie pierza, plecionkarstwo, wyplatanie koron \u017cniwnych, malowanie wzoru opolskiego na porcelanie, babski comber, wysiewanie serc na polach, zielarstwo oraz tradycje hafciarskie z Dobrzenia Wielkiego.<\/p>\n\n\n\n<p>Odwiedzaj\u0105cy Opolski EtnoFestiwal mogli nie tylko podziwia\u0107 r\u0119kodzielnik\u00f3w, ale tak\u017ce sami spr\u00f3bowa\u0107 wielu ciekawych rzeczy, na przyk\u0142ad nauczy\u0107 si\u0119 haftowa\u0107, ple\u015b\u0107 wianki z \u017cywych kwiat\u00f3w, malowa\u0107 na kubku wz\u00f3r opolski, miesza\u0107 zio\u0142a czy posmakowa\u0107 niemodli\u0144skiego karpia.&nbsp;<\/p>\n\n\n\n<p>Muzycznym go\u015bciem EtnoFestiwalu by\u0142 nawi\u0105zuj\u0105cy do mitologii kaszubskiej zesp\u00f3\u0142 Kiev Office. Wydarzenie zako\u0144czy\u0142 wsp\u00f3lnie zata\u0144czony przez wszystkich uczestnik\u00f3w wydarzenia polonez.<\/p>\n\n\n\n<p>Podczas wydarzenia odznaczono osoby zaanga\u017cowane w ochroni\u0119 zabytk\u00f3w. Wr\u0119czono odznaki &#8220;Za opiek\u0119 nad zabytkami&#8221; nadawane s\u0105 przez Ministra Kultury i Dziedzictwa Narodowego oraz wyr\u00f3\u017cnienia za zas\u0142ugi dla wojew\u00f3dztwa opolskiego oraz za zas\u0142ugi dla rolnictwa. Depozytariusze otrzymali z r\u0105k dr Joanna Banik, kierownik Oddzia\u0142u Terenowego NID w Opolu, pami\u0105tkowe dyplomy doceniaj\u0105ce ich wk\u0142ad w zachowanie tradycji.<\/p>\n\n\n\n<p><strong>Organizatorzy II Opolskiego EtnoFestiwalu: <\/strong>Narodowy Instytut Dziedzictwa, Fundacja na Rzecz Zamku Ksi\u0105\u017c\u0119cego Niemodlin 1313 oraz Nadba\u0142tyckie Centrum Kultury z Gda\u0144ska.<\/p>\n\n\n\n<p><strong>Patronat honorowy nad wydarzeniem: <\/strong>Wojewoda Opolski S\u0142awomir K\u0142osowski, Marsza\u0142ek Wojew\u00f3dztwa Opolskiego, Andrzej Bu\u0142a oraz Gmina Niemodlin.<\/p>\n\n\n\n<p>Wystawa \u201eTradycje od pokole\u0144: Niematerialne dziedzictwo kulturowe w Polsce\u201d zosta\u0142a obj\u0119ta honorowym patronatem Polskiego Komitetu do spraw UNESCO.<\/p>\n\n\n\n<p>Organizacja jubileuszu \u201e10 lat Krajowej listy niematerialnego dziedzictwa kulturowego\u201d finansowana jest ze \u015brodk\u00f3w Ministerstwa Kultury i Dziedzictwa Narodowego.<\/p>\n\n\n\n<p><\/p>\n\n\n\n<figure class=\"wp-block-image aligncenter size-large is-resized\"><img loading=\"lazy\" decoding=\"async\" src=\"https:\/\/nid.pl\/wp-content\/uploads\/2023\/08\/Fot-46-1024x683.jpg\" alt=\"\" class=\"wp-image-12792\" style=\"width:713px;height:476px\" width=\"713\" height=\"476\"\/><\/figure>\n\n\n\n<p class=\"has-text-align-center\">II Opolski EtnoFestiwal\/fot. P. Uchorczak<\/p>\n\n\n\n<p><\/p>\n\n\n\n<figure class=\"wp-block-image aligncenter size-large is-resized\"><img loading=\"lazy\" decoding=\"async\" src=\"https:\/\/nid.pl\/wp-content\/uploads\/2023\/08\/Fot-48-1024x683.jpg\" alt=\"\" class=\"wp-image-12793\" style=\"width:713px;height:476px\" width=\"713\" height=\"476\"\/><\/figure>\n\n\n\n<p class=\"has-text-align-center\">II Opolski EtnoFestiwal\/fot. P. Uchorczak<\/p>\n\n\n\n<p><\/p>\n\n\n\n<figure class=\"wp-block-image aligncenter size-large is-resized\"><img loading=\"lazy\" decoding=\"async\" src=\"https:\/\/nid.pl\/wp-content\/uploads\/2023\/08\/Fot-57-1024x683.jpg\" alt=\"\" class=\"wp-image-12794\" style=\"width:713px;height:476px\" width=\"713\" height=\"476\"\/><\/figure>\n\n\n\n<p class=\"has-text-align-center\">II Opolski EtnoFestiwal\/fot. P. Uchorczak<\/p>\n\n\n\n<p><\/p>\n\n\n\n<figure class=\"wp-block-image aligncenter size-large is-resized\"><img loading=\"lazy\" decoding=\"async\" src=\"https:\/\/nid.pl\/wp-content\/uploads\/2023\/08\/Fot-62-1024x683.jpg\" alt=\"\" class=\"wp-image-12796\" style=\"width:711px;height:474px\" width=\"711\" height=\"474\"\/><\/figure>\n\n\n\n<p class=\"has-text-align-center\">II Opolski EtnoFestiwal\/fot. P. Uchorczak<\/p>\n\n\n\n<p><\/p>\n\n\n\n<figure class=\"wp-block-image aligncenter size-large is-resized\"><img loading=\"lazy\" decoding=\"async\" src=\"https:\/\/nid.pl\/wp-content\/uploads\/2023\/08\/Fot-68-1024x683.jpg\" alt=\"\" class=\"wp-image-12795\" style=\"width:711px;height:474px\" width=\"711\" height=\"474\"\/><\/figure>\n\n\n\n<p class=\"has-text-align-center\">II Opolski EtnoFestiwal\/fot. P. Uchorczak<\/p>\n\n\n\n<p><\/p>\n\n\n\n<figure class=\"wp-block-image aligncenter size-large is-resized\"><img loading=\"lazy\" decoding=\"async\" src=\"https:\/\/nid.pl\/wp-content\/uploads\/2023\/08\/Fot-69-1024x683.jpg\" alt=\"\" class=\"wp-image-12797\" style=\"width:710px;height:474px\" width=\"710\" height=\"474\"\/><\/figure>\n\n\n\n<p class=\"has-text-align-center\">II Opolski EtnoFestiwal\/fot. P. Uchorczak<\/p>\n\n\n\n<p><\/p>\n\n\n\n<figure class=\"wp-block-image aligncenter size-large is-resized\"><img loading=\"lazy\" decoding=\"async\" src=\"https:\/\/nid.pl\/wp-content\/uploads\/2023\/08\/Fot-72-1-1024x683.jpg\" alt=\"\" class=\"wp-image-12800\" style=\"width:707px;height:472px\" width=\"707\" height=\"472\"\/><\/figure>\n\n\n\n<p class=\"has-text-align-center\">II Opolski EtnoFestiwal\/fot. P. Uchorczak<\/p>\n\n\n\n<p><\/p>\n\n\n\n<figure class=\"wp-block-image aligncenter size-large is-resized\"><img loading=\"lazy\" decoding=\"async\" src=\"https:\/\/nid.pl\/wp-content\/uploads\/2023\/08\/Fot-81-1024x683.jpg\" alt=\"\" class=\"wp-image-12802\" style=\"width:711px;height:474px\" width=\"711\" height=\"474\"\/><\/figure>\n\n\n\n<p class=\"has-text-align-center\">II Opolski EtnoFestiwal\/fot. P. Uchorczak<\/p>\n\n\n\n<p><\/p>\n\n\n\n<figure class=\"wp-block-image aligncenter size-large is-resized\"><img loading=\"lazy\" decoding=\"async\" src=\"https:\/\/nid.pl\/wp-content\/uploads\/2023\/08\/Fot-77-1-683x1024.jpg\" alt=\"\" class=\"wp-image-12801\" style=\"width:451px;height:676px\" width=\"451\" height=\"676\"\/><\/figure>\n\n\n\n<p class=\"has-text-align-center\">II Opolski EtnoFestiwal\/fot. P. Uchorczak<\/p>\n\n\n\n<p><\/p>\n\n\n\n<figure class=\"wp-block-image aligncenter size-large is-resized\"><img loading=\"lazy\" decoding=\"async\" src=\"https:\/\/nid.pl\/wp-content\/uploads\/2023\/08\/Fot-86-1-1024x683.jpg\" alt=\"\" class=\"wp-image-12804\" style=\"width:713px;height:476px\" width=\"713\" height=\"476\"\/><\/figure>\n\n\n\n<p class=\"has-text-align-center\">II Opolski EtnoFestiwal\/fot. P. Uchorczak<\/p>\n\n\n\n<p><\/p>\n\n\n\n<figure class=\"wp-block-image aligncenter size-large is-resized\"><img loading=\"lazy\" decoding=\"async\" src=\"https:\/\/nid.pl\/wp-content\/uploads\/2023\/08\/Fot-89-1024x683.jpg\" alt=\"\" class=\"wp-image-12805\" style=\"width:712px;height:475px\" width=\"712\" height=\"475\"\/><\/figure>\n\n\n\n<p class=\"has-text-align-center\">II Opolski EtnoFestiwal\/fot. P. Uchorczak<\/p>\n\n\n\n<p><\/p>\n\n\n\n<figure class=\"wp-block-image aligncenter size-large is-resized\"><img loading=\"lazy\" decoding=\"async\" src=\"https:\/\/nid.pl\/wp-content\/uploads\/2023\/08\/Fot-91-1024x683.jpg\" alt=\"\" class=\"wp-image-12806\" style=\"width:711px;height:474px\" width=\"711\" height=\"474\"\/><\/figure>\n\n\n\n<p class=\"has-text-align-center\">II Opolski EtnoFestiwal\/fot. P. Uchorczak<\/p>\n\n\n\n<p><\/p>\n\n\n\n<figure class=\"wp-block-image aligncenter size-large is-resized\"><img loading=\"lazy\" decoding=\"async\" src=\"https:\/\/nid.pl\/wp-content\/uploads\/2023\/08\/Fot-96-1024x683.jpg\" alt=\"\" class=\"wp-image-12807\" style=\"width:711px;height:474px\" width=\"711\" height=\"474\"\/><\/figure>\n\n\n\n<p class=\"has-text-align-center\">II Opolski EtnoFestiwal\/fot. P. Uchorczak<\/p>\n\n\n\n<p><\/p>\n\n\n\n<figure class=\"wp-block-image aligncenter size-large is-resized\"><img loading=\"lazy\" decoding=\"async\" src=\"https:\/\/nid.pl\/wp-content\/uploads\/2023\/08\/Fot-97-683x1024.jpg\" alt=\"\" class=\"wp-image-12811\" style=\"width:463px;height:694px\" width=\"463\" height=\"694\"\/><\/figure>\n\n\n\n<p class=\"has-text-align-center\">II Opolski EtnoFestiwal\/fot. P. Uchorczak<\/p>\n\n\n\n<p><\/p>\n\n\n\n<figure class=\"wp-block-image aligncenter size-large is-resized\"><img loading=\"lazy\" decoding=\"async\" src=\"https:\/\/nid.pl\/wp-content\/uploads\/2023\/08\/Fot-100-1024x683.jpg\" alt=\"\" class=\"wp-image-12808\" style=\"width:717px;height:478px\" width=\"717\" height=\"478\"\/><\/figure>\n\n\n\n<p class=\"has-text-align-center\">II Opolski EtnoFestiwal\/fot. P. Uchorczak<\/p>\n\n\n\n<p><\/p>\n\n\n\n<figure class=\"wp-block-image aligncenter size-large is-resized\"><img loading=\"lazy\" decoding=\"async\" src=\"https:\/\/nid.pl\/wp-content\/uploads\/2023\/08\/Fot-103-1024x683.jpg\" alt=\"\" class=\"wp-image-12809\" style=\"width:717px;height:478px\" width=\"717\" height=\"478\"\/><\/figure>\n\n\n\n<p class=\"has-text-align-center\">II Opolski EtnoFestiwal\/fot. P. Uchorczak<\/p>\n\n\n\n<p><\/p>\n\n\n\n<figure class=\"wp-block-image aligncenter size-large is-resized\"><img loading=\"lazy\" decoding=\"async\" src=\"https:\/\/nid.pl\/wp-content\/uploads\/2023\/08\/Fot-64-1024x683.jpg\" alt=\"\" class=\"wp-image-12818\" style=\"width:719px;height:480px\" width=\"719\" height=\"480\"\/><\/figure>\n\n\n\n<p class=\"has-text-align-center\">II Opolski EtnoFestiwal\/fot. P. Uchorczak<\/p>\n\n\n\n<p><\/p>\n\n\n\n<figure class=\"wp-block-image aligncenter size-large is-resized\"><img loading=\"lazy\" decoding=\"async\" src=\"https:\/\/nid.pl\/wp-content\/uploads\/2023\/08\/Fot-9-1024x683.jpg\" alt=\"\" class=\"wp-image-12821\" style=\"width:719px;height:480px\" width=\"719\" height=\"480\"\/><\/figure>\n\n\n\n<p class=\"has-text-align-center\">II Opolski EtnoFestiwal\/fot. P. Uchorczak<\/p>\n\n\n\n<p><\/p>\n\n\n\n<figure class=\"wp-block-image aligncenter size-large is-resized\"><img loading=\"lazy\" decoding=\"async\" src=\"https:\/\/nid.pl\/wp-content\/uploads\/2023\/08\/Fot-13-1024x683.jpg\" alt=\"\" class=\"wp-image-12822\" style=\"width:717px;height:479px\" width=\"717\" height=\"479\"\/><\/figure>\n\n\n\n<p class=\"has-text-align-center\">II Opolski EtnoFestiwal\/fot. P. Uchorczak<\/p>\n\n\n\n<p><\/p>\n\n\n\n<figure class=\"wp-block-image aligncenter size-large is-resized\"><img loading=\"lazy\" decoding=\"async\" src=\"https:\/\/nid.pl\/wp-content\/uploads\/2023\/08\/Fot-26-1024x683.jpg\" alt=\"\" class=\"wp-image-12823\" style=\"width:729px;height:486px\" width=\"729\" height=\"486\"\/><\/figure>\n\n\n\n<p class=\"has-text-align-center\">II Opolski EtnoFestiwal\/fot. P. Uchorczak<\/p>\n\n\n\n<p><\/p>\n\n\n\n<figure class=\"wp-block-image aligncenter size-large is-resized\"><img loading=\"lazy\" decoding=\"async\" src=\"https:\/\/nid.pl\/wp-content\/uploads\/2023\/08\/Fot-50-1024x683.jpg\" alt=\"\" class=\"wp-image-12824\" style=\"width:731px;height:488px\" width=\"731\" height=\"488\"\/><\/figure>\n\n\n\n<p class=\"has-text-align-center\">II Opolski EtnoFestiwal\/fot. P. Uchorczak<\/p>\n\n\n\n<p><\/p>\n\n\n\n<figure class=\"wp-block-image aligncenter size-large is-resized\"><img loading=\"lazy\" decoding=\"async\" src=\"https:\/\/nid.pl\/wp-content\/uploads\/2023\/08\/Fot-61-1024x683.jpg\" alt=\"\" class=\"wp-image-12825\" style=\"width:729px;height:486px\" width=\"729\" height=\"486\"\/><\/figure>\n\n\n\n<p class=\"has-text-align-center\">II Opolski EtnoFestiwal\/fot. P. Uchorczak<\/p>\n\n\n\n<p><\/p>\n\n\n\n<figure class=\"wp-block-image aligncenter size-large is-resized\"><img loading=\"lazy\" decoding=\"async\" src=\"https:\/\/nid.pl\/wp-content\/uploads\/2023\/08\/Fot-106-1024x683.jpg\" alt=\"\" class=\"wp-image-12826\" style=\"width:733px;height:489px\" width=\"733\" height=\"489\"\/><\/figure>\n\n\n\n<p class=\"has-text-align-center\">II Opolski EtnoFestiwal\/fot. P. Uchorczak<\/p>\n\n\n\n<p><\/p>\n\n\n\n<figure class=\"wp-block-image aligncenter size-large is-resized\"><img loading=\"lazy\" decoding=\"async\" src=\"https:\/\/nid.pl\/wp-content\/uploads\/2023\/08\/Fot-153-1024x683.jpg\" alt=\"\" class=\"wp-image-12827\" style=\"width:741px;height:494px\" width=\"741\" height=\"494\"\/><\/figure>\n\n\n\n<p class=\"has-text-align-center\">II Opolski EtnoFestiwal\/fot. P. Uchorczak<\/p>\n\n\n\n<p><\/p>\n\n\n\n<figure class=\"wp-block-image aligncenter size-large is-resized\"><img loading=\"lazy\" decoding=\"async\" src=\"https:\/\/nid.pl\/wp-content\/uploads\/2023\/08\/Fot-126-1024x683.jpg\" alt=\"\" class=\"wp-image-12810\" style=\"width:731px;height:488px\" width=\"731\" height=\"488\"\/><\/figure>\n\n\n\n<p class=\"has-text-align-center\">II Opolski EtnoFestiwal\/fot. P. Uchorczak<\/p>","protected":false},"excerpt":{"rendered":"<p>15 sierpnia na Zamku w Niemodlinie odby\u0142 si\u0119 II Opolski EtnoFestiwal, podczas kt\u00f3rego otwarto wystaw\u0119 \u201eTradycje od pokole\u0144. Niematerialne dziedzictwo kulturowe w Polsce\u201d. &nbsp;Wystaw\u0119 b\u0119dzie mo\u017cna ogl\u0105da\u0107 do 19 wrze\u015bnia. [&hellip;]<\/p>","protected":false},"author":7,"featured_media":12791,"comment_status":"open","ping_status":"open","sticky":false,"template":"","format":"standard","meta":{"_et_pb_use_builder":"off","_et_pb_old_content":"","_et_gb_content_width":"","_monsterinsights_skip_tracking":false,"_monsterinsights_sitenote_active":false,"_monsterinsights_sitenote_note":"","_monsterinsights_sitenote_category":0,"footnotes":""},"categories":[3,84],"tags":[],"class_list":["post-12789","post","type-post","status-publish","format-standard","has-post-thumbnail","hentry","category-aktualnosci","category-tradycje-od-pokolen"],"yoast_head":"<!-- This site is optimized with the Yoast SEO plugin v26.5 - https:\/\/yoast.com\/wordpress\/plugins\/seo\/ -->\n<title>Dzi\u0119kujemy depozytariuszom i uczestnikom za udzia\u0142 w II Opolskim EtnoFestiwalu! - NID<\/title>\n<meta name=\"robots\" content=\"index, follow, max-snippet:-1, max-image-preview:large, max-video-preview:-1\" \/>\n<link rel=\"canonical\" href=\"https:\/\/nid.pl\/en\/2023\/08\/16\/dziekujemy-depozytariuszom-i-uczestnikom-za-udzial-w-ii-opolskim-etnofestiwalu\/\" \/>\n<meta property=\"og:locale\" content=\"en_GB\" \/>\n<meta property=\"og:type\" content=\"article\" \/>\n<meta property=\"og:title\" content=\"Dzi\u0119kujemy depozytariuszom i uczestnikom za udzia\u0142 w II Opolskim EtnoFestiwalu! - NID\" \/>\n<meta property=\"og:description\" content=\"15 sierpnia na Zamku w Niemodlinie odby\u0142 si\u0119 II Opolski EtnoFestiwal, podczas kt\u00f3rego otwarto wystaw\u0119 \u201eTradycje od pokole\u0144. Niematerialne dziedzictwo kulturowe w Polsce\u201d. &nbsp;Wystaw\u0119 b\u0119dzie mo\u017cna ogl\u0105da\u0107 do 19 wrze\u015bnia. [&hellip;]\" \/>\n<meta property=\"og:url\" content=\"https:\/\/nid.pl\/en\/2023\/08\/16\/dziekujemy-depozytariuszom-i-uczestnikom-za-udzial-w-ii-opolskim-etnofestiwalu\/\" \/>\n<meta property=\"og:site_name\" content=\"NID\" \/>\n<meta property=\"article:publisher\" content=\"https:\/\/www.facebook.com\/zabytek\" \/>\n<meta property=\"article:published_time\" content=\"2023-08-16T14:08:13+00:00\" \/>\n<meta property=\"article:modified_time\" content=\"2023-08-17T06:58:00+00:00\" \/>\n<meta property=\"og:image\" content=\"https:\/\/nid.pl\/wp-content\/uploads\/2023\/08\/miniaturka-aktualnosci-NID-1.jpg\" \/>\n\t<meta property=\"og:image:width\" content=\"1850\" \/>\n\t<meta property=\"og:image:height\" content=\"1238\" \/>\n\t<meta property=\"og:image:type\" content=\"image\/jpeg\" \/>\n<meta name=\"author\" content=\"Barbara Halliop\" \/>\n<meta name=\"twitter:card\" content=\"summary_large_image\" \/>\n<meta name=\"twitter:creator\" content=\"@NarIDpl\" \/>\n<meta name=\"twitter:site\" content=\"@NarIDpl\" \/>\n<meta name=\"twitter:label1\" content=\"Written by\" \/>\n\t<meta name=\"twitter:data1\" content=\"Barbara Halliop\" \/>\n\t<meta name=\"twitter:label2\" content=\"Estimated reading time\" \/>\n\t<meta name=\"twitter:data2\" content=\"8 minutes\" \/>\n<script type=\"application\/ld+json\" class=\"yoast-schema-graph\">{\"@context\":\"https:\/\/schema.org\",\"@graph\":[{\"@type\":\"Article\",\"@id\":\"https:\/\/nid.pl\/2023\/08\/16\/dziekujemy-depozytariuszom-i-uczestnikom-za-udzial-w-ii-opolskim-etnofestiwalu\/#article\",\"isPartOf\":{\"@id\":\"https:\/\/nid.pl\/2023\/08\/16\/dziekujemy-depozytariuszom-i-uczestnikom-za-udzial-w-ii-opolskim-etnofestiwalu\/\"},\"author\":{\"name\":\"Barbara Halliop\",\"@id\":\"https:\/\/nid.pl\/#\/schema\/person\/1b690a8998a5111cfb9f0ffe24195a15\"},\"headline\":\"Dzi\u0119kujemy depozytariuszom i uczestnikom za udzia\u0142 w II Opolskim EtnoFestiwalu!\",\"datePublished\":\"2023-08-16T14:08:13+00:00\",\"dateModified\":\"2023-08-17T06:58:00+00:00\",\"mainEntityOfPage\":{\"@id\":\"https:\/\/nid.pl\/2023\/08\/16\/dziekujemy-depozytariuszom-i-uczestnikom-za-udzial-w-ii-opolskim-etnofestiwalu\/\"},\"wordCount\":653,\"commentCount\":0,\"publisher\":{\"@id\":\"https:\/\/nid.pl\/#organization\"},\"image\":{\"@id\":\"https:\/\/nid.pl\/2023\/08\/16\/dziekujemy-depozytariuszom-i-uczestnikom-za-udzial-w-ii-opolskim-etnofestiwalu\/#primaryimage\"},\"thumbnailUrl\":\"https:\/\/nid.pl\/wp-content\/uploads\/2023\/08\/miniaturka-aktualnosci-NID-1.jpg\",\"articleSection\":[\"Aktualno\u015bci\",\"Tradycje od pokole\u0144. Niematerialne dziedzictwo kulturowe w Polsce\"],\"inLanguage\":\"en-GB\"},{\"@type\":\"WebPage\",\"@id\":\"https:\/\/nid.pl\/2023\/08\/16\/dziekujemy-depozytariuszom-i-uczestnikom-za-udzial-w-ii-opolskim-etnofestiwalu\/\",\"url\":\"https:\/\/nid.pl\/2023\/08\/16\/dziekujemy-depozytariuszom-i-uczestnikom-za-udzial-w-ii-opolskim-etnofestiwalu\/\",\"name\":\"Dzi\u0119kujemy depozytariuszom i uczestnikom za udzia\u0142 w II Opolskim EtnoFestiwalu! - NID\",\"isPartOf\":{\"@id\":\"https:\/\/nid.pl\/#website\"},\"primaryImageOfPage\":{\"@id\":\"https:\/\/nid.pl\/2023\/08\/16\/dziekujemy-depozytariuszom-i-uczestnikom-za-udzial-w-ii-opolskim-etnofestiwalu\/#primaryimage\"},\"image\":{\"@id\":\"https:\/\/nid.pl\/2023\/08\/16\/dziekujemy-depozytariuszom-i-uczestnikom-za-udzial-w-ii-opolskim-etnofestiwalu\/#primaryimage\"},\"thumbnailUrl\":\"https:\/\/nid.pl\/wp-content\/uploads\/2023\/08\/miniaturka-aktualnosci-NID-1.jpg\",\"datePublished\":\"2023-08-16T14:08:13+00:00\",\"dateModified\":\"2023-08-17T06:58:00+00:00\",\"breadcrumb\":{\"@id\":\"https:\/\/nid.pl\/2023\/08\/16\/dziekujemy-depozytariuszom-i-uczestnikom-za-udzial-w-ii-opolskim-etnofestiwalu\/#breadcrumb\"},\"inLanguage\":\"en-GB\",\"potentialAction\":[{\"@type\":\"ReadAction\",\"target\":[\"https:\/\/nid.pl\/2023\/08\/16\/dziekujemy-depozytariuszom-i-uczestnikom-za-udzial-w-ii-opolskim-etnofestiwalu\/\"]}]},{\"@type\":\"ImageObject\",\"inLanguage\":\"en-GB\",\"@id\":\"https:\/\/nid.pl\/2023\/08\/16\/dziekujemy-depozytariuszom-i-uczestnikom-za-udzial-w-ii-opolskim-etnofestiwalu\/#primaryimage\",\"url\":\"https:\/\/nid.pl\/wp-content\/uploads\/2023\/08\/miniaturka-aktualnosci-NID-1.jpg\",\"contentUrl\":\"https:\/\/nid.pl\/wp-content\/uploads\/2023\/08\/miniaturka-aktualnosci-NID-1.jpg\",\"width\":1850,\"height\":1238,\"caption\":\"II Opolski EtnoFestiwal\/fot. P. Uchorczak\"},{\"@type\":\"BreadcrumbList\",\"@id\":\"https:\/\/nid.pl\/2023\/08\/16\/dziekujemy-depozytariuszom-i-uczestnikom-za-udzial-w-ii-opolskim-etnofestiwalu\/#breadcrumb\",\"itemListElement\":[{\"@type\":\"ListItem\",\"position\":1,\"name\":\"Home\",\"item\":\"https:\/\/nid.pl\/\"},{\"@type\":\"ListItem\",\"position\":2,\"name\":\"Dzi\u0119kujemy depozytariuszom i uczestnikom za udzia\u0142 w II Opolskim EtnoFestiwalu!\"}]},{\"@type\":\"WebSite\",\"@id\":\"https:\/\/nid.pl\/#website\",\"url\":\"https:\/\/nid.pl\/\",\"name\":\"NID\",\"description\":\"Narodowy Instytut Dziedzictwa\",\"publisher\":{\"@id\":\"https:\/\/nid.pl\/#organization\"},\"potentialAction\":[{\"@type\":\"SearchAction\",\"target\":{\"@type\":\"EntryPoint\",\"urlTemplate\":\"https:\/\/nid.pl\/?s={search_term_string}\"},\"query-input\":{\"@type\":\"PropertyValueSpecification\",\"valueRequired\":true,\"valueName\":\"search_term_string\"}}],\"inLanguage\":\"en-GB\"},{\"@type\":\"Organization\",\"@id\":\"https:\/\/nid.pl\/#organization\",\"name\":\"Narodowy Instytut Dziedzictwa\",\"url\":\"https:\/\/nid.pl\/\",\"logo\":{\"@type\":\"ImageObject\",\"inLanguage\":\"en-GB\",\"@id\":\"https:\/\/nid.pl\/#\/schema\/logo\/image\/\",\"url\":\"https:\/\/nid.pl\/wp-content\/uploads\/2022\/10\/logoRedDark.png\",\"contentUrl\":\"https:\/\/nid.pl\/wp-content\/uploads\/2022\/10\/logoRedDark.png\",\"width\":200,\"height\":197,\"caption\":\"Narodowy Instytut Dziedzictwa\"},\"image\":{\"@id\":\"https:\/\/nid.pl\/#\/schema\/logo\/image\/\"},\"sameAs\":[\"https:\/\/www.facebook.com\/zabytek\",\"https:\/\/x.com\/NarIDpl\",\"https:\/\/www.instagram.com\/nid.pl\/?hl=pl\",\"https:\/\/www.linkedin.com\/company\/narodowy-instytut-dziedzictwa\",\"https:\/\/www.youtube.com\/channel\/UCQXuhKa2uHtmNvLRUSx40JA\"]},{\"@type\":\"Person\",\"@id\":\"https:\/\/nid.pl\/#\/schema\/person\/1b690a8998a5111cfb9f0ffe24195a15\",\"name\":\"Barbara Halliop\",\"image\":{\"@type\":\"ImageObject\",\"inLanguage\":\"en-GB\",\"@id\":\"https:\/\/nid.pl\/#\/schema\/person\/image\/\",\"url\":\"https:\/\/nid.pl\/wp-content\/litespeed\/avatar\/924046d17dd0c842c9fa9ccf489bc6dc.jpg?ver=1777444967\",\"contentUrl\":\"https:\/\/nid.pl\/wp-content\/litespeed\/avatar\/924046d17dd0c842c9fa9ccf489bc6dc.jpg?ver=1777444967\",\"caption\":\"Barbara Halliop\"},\"url\":\"https:\/\/nid.pl\/en\/author\/bhalliop\/\"}]}<\/script>\n<!-- \/ Yoast SEO plugin. -->","yoast_head_json":{"title":"Dzi\u0119kujemy depozytariuszom i uczestnikom za udzia\u0142 w II Opolskim EtnoFestiwalu! - NID","robots":{"index":"index","follow":"follow","max-snippet":"max-snippet:-1","max-image-preview":"max-image-preview:large","max-video-preview":"max-video-preview:-1"},"canonical":"https:\/\/nid.pl\/en\/2023\/08\/16\/dziekujemy-depozytariuszom-i-uczestnikom-za-udzial-w-ii-opolskim-etnofestiwalu\/","og_locale":"en_GB","og_type":"article","og_title":"Dzi\u0119kujemy depozytariuszom i uczestnikom za udzia\u0142 w II Opolskim EtnoFestiwalu! - NID","og_description":"15 sierpnia na Zamku w Niemodlinie odby\u0142 si\u0119 II Opolski EtnoFestiwal, podczas kt\u00f3rego otwarto wystaw\u0119 \u201eTradycje od pokole\u0144. Niematerialne dziedzictwo kulturowe w Polsce\u201d. &nbsp;Wystaw\u0119 b\u0119dzie mo\u017cna ogl\u0105da\u0107 do 19 wrze\u015bnia. [&hellip;]","og_url":"https:\/\/nid.pl\/en\/2023\/08\/16\/dziekujemy-depozytariuszom-i-uczestnikom-za-udzial-w-ii-opolskim-etnofestiwalu\/","og_site_name":"NID","article_publisher":"https:\/\/www.facebook.com\/zabytek","article_published_time":"2023-08-16T14:08:13+00:00","article_modified_time":"2023-08-17T06:58:00+00:00","og_image":[{"width":1850,"height":1238,"url":"https:\/\/nid.pl\/wp-content\/uploads\/2023\/08\/miniaturka-aktualnosci-NID-1.jpg","type":"image\/jpeg"}],"author":"Barbara Halliop","twitter_card":"summary_large_image","twitter_creator":"@NarIDpl","twitter_site":"@NarIDpl","twitter_misc":{"Written by":"Barbara Halliop","Estimated reading time":"8 minutes"},"schema":{"@context":"https:\/\/schema.org","@graph":[{"@type":"Article","@id":"https:\/\/nid.pl\/2023\/08\/16\/dziekujemy-depozytariuszom-i-uczestnikom-za-udzial-w-ii-opolskim-etnofestiwalu\/#article","isPartOf":{"@id":"https:\/\/nid.pl\/2023\/08\/16\/dziekujemy-depozytariuszom-i-uczestnikom-za-udzial-w-ii-opolskim-etnofestiwalu\/"},"author":{"name":"Barbara Halliop","@id":"https:\/\/nid.pl\/#\/schema\/person\/1b690a8998a5111cfb9f0ffe24195a15"},"headline":"Dzi\u0119kujemy depozytariuszom i uczestnikom za udzia\u0142 w II Opolskim EtnoFestiwalu!","datePublished":"2023-08-16T14:08:13+00:00","dateModified":"2023-08-17T06:58:00+00:00","mainEntityOfPage":{"@id":"https:\/\/nid.pl\/2023\/08\/16\/dziekujemy-depozytariuszom-i-uczestnikom-za-udzial-w-ii-opolskim-etnofestiwalu\/"},"wordCount":653,"commentCount":0,"publisher":{"@id":"https:\/\/nid.pl\/#organization"},"image":{"@id":"https:\/\/nid.pl\/2023\/08\/16\/dziekujemy-depozytariuszom-i-uczestnikom-za-udzial-w-ii-opolskim-etnofestiwalu\/#primaryimage"},"thumbnailUrl":"https:\/\/nid.pl\/wp-content\/uploads\/2023\/08\/miniaturka-aktualnosci-NID-1.jpg","articleSection":["Aktualno\u015bci","Tradycje od pokole\u0144. Niematerialne dziedzictwo kulturowe w Polsce"],"inLanguage":"en-GB"},{"@type":"WebPage","@id":"https:\/\/nid.pl\/2023\/08\/16\/dziekujemy-depozytariuszom-i-uczestnikom-za-udzial-w-ii-opolskim-etnofestiwalu\/","url":"https:\/\/nid.pl\/2023\/08\/16\/dziekujemy-depozytariuszom-i-uczestnikom-za-udzial-w-ii-opolskim-etnofestiwalu\/","name":"Dzi\u0119kujemy depozytariuszom i uczestnikom za udzia\u0142 w II Opolskim EtnoFestiwalu! - NID","isPartOf":{"@id":"https:\/\/nid.pl\/#website"},"primaryImageOfPage":{"@id":"https:\/\/nid.pl\/2023\/08\/16\/dziekujemy-depozytariuszom-i-uczestnikom-za-udzial-w-ii-opolskim-etnofestiwalu\/#primaryimage"},"image":{"@id":"https:\/\/nid.pl\/2023\/08\/16\/dziekujemy-depozytariuszom-i-uczestnikom-za-udzial-w-ii-opolskim-etnofestiwalu\/#primaryimage"},"thumbnailUrl":"https:\/\/nid.pl\/wp-content\/uploads\/2023\/08\/miniaturka-aktualnosci-NID-1.jpg","datePublished":"2023-08-16T14:08:13+00:00","dateModified":"2023-08-17T06:58:00+00:00","breadcrumb":{"@id":"https:\/\/nid.pl\/2023\/08\/16\/dziekujemy-depozytariuszom-i-uczestnikom-za-udzial-w-ii-opolskim-etnofestiwalu\/#breadcrumb"},"inLanguage":"en-GB","potentialAction":[{"@type":"ReadAction","target":["https:\/\/nid.pl\/2023\/08\/16\/dziekujemy-depozytariuszom-i-uczestnikom-za-udzial-w-ii-opolskim-etnofestiwalu\/"]}]},{"@type":"ImageObject","inLanguage":"en-GB","@id":"https:\/\/nid.pl\/2023\/08\/16\/dziekujemy-depozytariuszom-i-uczestnikom-za-udzial-w-ii-opolskim-etnofestiwalu\/#primaryimage","url":"https:\/\/nid.pl\/wp-content\/uploads\/2023\/08\/miniaturka-aktualnosci-NID-1.jpg","contentUrl":"https:\/\/nid.pl\/wp-content\/uploads\/2023\/08\/miniaturka-aktualnosci-NID-1.jpg","width":1850,"height":1238,"caption":"II Opolski EtnoFestiwal\/fot. P. Uchorczak"},{"@type":"BreadcrumbList","@id":"https:\/\/nid.pl\/2023\/08\/16\/dziekujemy-depozytariuszom-i-uczestnikom-za-udzial-w-ii-opolskim-etnofestiwalu\/#breadcrumb","itemListElement":[{"@type":"ListItem","position":1,"name":"Home","item":"https:\/\/nid.pl\/"},{"@type":"ListItem","position":2,"name":"Dzi\u0119kujemy depozytariuszom i uczestnikom za udzia\u0142 w II Opolskim EtnoFestiwalu!"}]},{"@type":"WebSite","@id":"https:\/\/nid.pl\/#website","url":"https:\/\/nid.pl\/","name":"NID","description":"Narodowy Instytut Dziedzictwa","publisher":{"@id":"https:\/\/nid.pl\/#organization"},"potentialAction":[{"@type":"SearchAction","target":{"@type":"EntryPoint","urlTemplate":"https:\/\/nid.pl\/?s={search_term_string}"},"query-input":{"@type":"PropertyValueSpecification","valueRequired":true,"valueName":"search_term_string"}}],"inLanguage":"en-GB"},{"@type":"Organization","@id":"https:\/\/nid.pl\/#organization","name":"Narodowy Instytut Dziedzictwa","url":"https:\/\/nid.pl\/","logo":{"@type":"ImageObject","inLanguage":"en-GB","@id":"https:\/\/nid.pl\/#\/schema\/logo\/image\/","url":"https:\/\/nid.pl\/wp-content\/uploads\/2022\/10\/logoRedDark.png","contentUrl":"https:\/\/nid.pl\/wp-content\/uploads\/2022\/10\/logoRedDark.png","width":200,"height":197,"caption":"Narodowy Instytut Dziedzictwa"},"image":{"@id":"https:\/\/nid.pl\/#\/schema\/logo\/image\/"},"sameAs":["https:\/\/www.facebook.com\/zabytek","https:\/\/x.com\/NarIDpl","https:\/\/www.instagram.com\/nid.pl\/?hl=pl","https:\/\/www.linkedin.com\/company\/narodowy-instytut-dziedzictwa","https:\/\/www.youtube.com\/channel\/UCQXuhKa2uHtmNvLRUSx40JA"]},{"@type":"Person","@id":"https:\/\/nid.pl\/#\/schema\/person\/1b690a8998a5111cfb9f0ffe24195a15","name":"Barbara Halliop","image":{"@type":"ImageObject","inLanguage":"en-GB","@id":"https:\/\/nid.pl\/#\/schema\/person\/image\/","url":"https:\/\/nid.pl\/wp-content\/litespeed\/avatar\/924046d17dd0c842c9fa9ccf489bc6dc.jpg?ver=1777444967","contentUrl":"https:\/\/nid.pl\/wp-content\/litespeed\/avatar\/924046d17dd0c842c9fa9ccf489bc6dc.jpg?ver=1777444967","caption":"Barbara Halliop"},"url":"https:\/\/nid.pl\/en\/author\/bhalliop\/"}]}},"_links":{"self":[{"href":"https:\/\/nid.pl\/en\/wp-json\/wp\/v2\/posts\/12789","targetHints":{"allow":["GET"]}}],"collection":[{"href":"https:\/\/nid.pl\/en\/wp-json\/wp\/v2\/posts"}],"about":[{"href":"https:\/\/nid.pl\/en\/wp-json\/wp\/v2\/types\/post"}],"author":[{"embeddable":true,"href":"https:\/\/nid.pl\/en\/wp-json\/wp\/v2\/users\/7"}],"replies":[{"embeddable":true,"href":"https:\/\/nid.pl\/en\/wp-json\/wp\/v2\/comments?post=12789"}],"version-history":[{"count":0,"href":"https:\/\/nid.pl\/en\/wp-json\/wp\/v2\/posts\/12789\/revisions"}],"wp:featuredmedia":[{"embeddable":true,"href":"https:\/\/nid.pl\/en\/wp-json\/wp\/v2\/media\/12791"}],"wp:attachment":[{"href":"https:\/\/nid.pl\/en\/wp-json\/wp\/v2\/media?parent=12789"}],"wp:term":[{"taxonomy":"category","embeddable":true,"href":"https:\/\/nid.pl\/en\/wp-json\/wp\/v2\/categories?post=12789"},{"taxonomy":"post_tag","embeddable":true,"href":"https:\/\/nid.pl\/en\/wp-json\/wp\/v2\/tags?post=12789"}],"curies":[{"name":"wp","href":"https:\/\/api.w.org\/{rel}","templated":true}]}}