{"id":12784,"date":"2023-08-16T14:20:33","date_gmt":"2023-08-16T12:20:33","guid":{"rendered":"https:\/\/nid.pl\/?p=12784"},"modified":"2023-08-22T13:34:31","modified_gmt":"2023-08-22T11:34:31","slug":"miedzynarodowa-konferencja-naukowa-kierunki-ochrony-i-zrownowazonego-zarzadzania-dziedzictwem-architektury-drewnianej","status":"publish","type":"post","link":"https:\/\/nid.pl\/en\/2023\/08\/16\/miedzynarodowa-konferencja-naukowa-kierunki-ochrony-i-zrownowazonego-zarzadzania-dziedzictwem-architektury-drewnianej\/","title":{"rendered":"Mi\u0119dzynarodowa konferencja naukowa \u201eKierunki ochrony i zr\u00f3wnowa\u017conego zarz\u0105dzania dziedzictwem architektury drewnianej\u201d"},"content":{"rendered":"<p><strong>\u201eKierunki ochrony i zr\u00f3wnowa\u017conego zarz\u0105dzania dziedzictwem architektury drewnianej. 20 lat wpisu Drewnianych ko\u015bcio\u0142\u00f3w po\u0142udniowej Ma\u0142opolski oraz 10 lat wpisu Drewnianych cerkwi w polskim i ukrai\u0144skim regionie Karpat na List\u0119 \u015bwiatowego dziedzictwa UNESCO\u201d to tytu\u0142 mi\u0119dzynarodowej konferencji naukowej, kt\u00f3r\u0105 przygotowa\u0142 Narodowy Instytut Dziedzictwa we wsp\u00f3\u0142pracy z Centrum \u015awiatowego Dziedzictwa UNESCO, ICCROM, ICOMOS oraz WHC. Konferencja odb\u0119dzie si\u0119 w dniach 12-14.10.2023 r. w Krakowie.<\/strong><\/p>\n\n\n\n<p>Obiekty dziedzictwa drewnianego, od staro\u017cytnych \u015bwi\u0105ty\u0144 i pa\u0142ac\u00f3w po tradycyjne domy i zabytkowe ko\u015bcio\u0142y, s\u0105 istotn\u0105 cz\u0119\u015bci\u0105 naszego dziedzictwa &#8211; przyczyniaj\u0105 si\u0119 do ci\u0105g\u0142o\u015bci kulturowej i g\u0142\u0119bszego zrozumienia naszej wsp\u00f3lnej historii. Architektura drewniana ukazuje r\u00f3\u017cnorodno\u015b\u0107 kulturow\u0105 w r\u00f3\u017cnych regionach, krajach i kontynentach, poniewa\u017c na style architektoniczne mia\u0142y wp\u0142yw dost\u0119pne materia\u0142y, klimat, rzemie\u015blnicze umiej\u0119tno\u015bci i tradycje oraz r\u00f3\u017cne to\u017csamo\u015bci kulturowe. Drewniane dziedzictwo nie tylko prezentuje bogactwo ludzkiej pomys\u0142owo\u015bci, ale r\u00f3wnie\u017c sprzyja zr\u00f3wnowa\u017conemu rozwojowi \u015brodowiska i stwarza nowe perspektywy na takie wsp\u00f3\u0142czesne tematy, jak powt\u00f3rne wykorzystanie zasob\u00f3w, czy ich trwa\u0142o\u015b\u0107.<\/p>\n\n\n\n<p>Zabytki architektury drewnianej s\u0105 jednak, w spos\u00f3b szczeg\u00f3lny, zagro\u017cone wszelkimi przemianami wsp\u00f3\u0142czesnego \u015bwiata. W obliczu nowych wyzwa\u0144, takich jak rosn\u0105ca liczba konflikt\u00f3w i kl\u0119sk \u017cywio\u0142owych, a tak\u017ce zmiany klimatu, zachowanie dziedzictwa drewnianego wymaga jeszcze bardziej starannych metod konserwacji i zarz\u0105dzania.<\/p>\n\n\n\n<p>Narodowy Instytut Dziedzictwa zaprasza na mi\u0119dzynarodow\u0105 konferencj\u0119 naukow\u0105 pt. \u201eKierunki zr\u00f3wnowa\u017conego zarz\u0105dzania dziedzictwem architektury drewnianej&#8221;, kt\u00f3ra ma na celu wymian\u0119 wiedzy na temat najnowszych osi\u0105gni\u0119\u0107 w dziedzinie konserwacji, a tak\u017ce polityki i zarz\u0105dzania zabytkowymi obiektami architektury drewnianej. Podczas konferencji wynikami swoich bada\u0144 oraz wieloletnimi do\u015bwiadczeniami podziel\u0105 si\u0119 zar\u00f3wno naukowcy, specjali\u015bci oraz zarz\u0105dcy zabytkowej architektury drewnianej.<\/p>\n\n\n\n<p>Konferencja skupi si\u0119 na trzech kluczowych tematach:<\/p>\n\n\n\n<p>1. Wsp\u00f3\u0142czesne wyzwania w ochronie dziedzictwa: zmiany klimatu i konflikty zbrojne.<\/p>\n\n\n\n<p>2. Zarz\u0105dzanie, \u015bwiadomo\u015b\u0107 spo\u0142eczna i dobre praktyki w zarz\u0105dzaniu dziedzictwem drewnianym.<\/p>\n\n\n\n<p>3. Technologia, materia\u0142y i zr\u00f3wnowa\u017cone praktyki ochrony stosowane w drewnianych, zabytkowych obiektach.<\/p>\n\n\n\n<p>Konferencja jest podsumowaniem obchod\u00f3w jubileuszy dw\u00f3ch wpis\u00f3w na List\u0119 \u015bwiatowego dziedzictwa UNESCO &#8211; 20 lat wpisu Drewnianych ko\u015bcio\u0142\u00f3w po\u0142udniowej Ma\u0142opolski oraz 10 lat wpisu Drewnianych cerkwi w polskim i ukrai\u0144skim regionie Karpat. Jednym z podj\u0119tych dzia\u0142a\u0144 jest stworzenie przestrzeni do wymiany do\u015bwiadcze\u0144 pomi\u0119dzy specjalistami w dziedzinie konserwacji i ochrony dziedzictwa, w szczeg\u00f3lno\u015bci konserwatorami, decydentami i zarz\u0105dcami \u015awiatowego Dziedzictwa. \u00a0B\u0119dzie to r\u00f3wnie\u017c pr\u00f3ba podj\u0119cia refleksji nad wypracowaniem wsp\u00f3lnych zasad ochrony tej szczeg\u00f3lnej grupy architektury.<\/p>\n\n\n\n<p>Szczeg\u00f3\u0142owy program konferencji zostanie opublikowany w terminie p\u00f3\u017aniejszym.<\/p>\n\n\n\n<p>Wnioski i rekomendacje wypracowane podczas wydarzenia, w formie autorskich tekst\u00f3w zaakceptowanych przez Rad\u0119 Naukow\u0105 konferencji, zostan\u0105 przekazane do publikacji w recenzowanym czasopi\u015bmie \u201eOchrona Zabytk\u00f3w\u201d (czasopismo uj\u0119te w wykazie czasopism naukowych i recenzowanych materia\u0142\u00f3w z konferencji mi\u0119dzynarodowych Ministerstwa Edukacji i Nauki (identyfikator 29441; 40 pkt)).<\/p>\n\n\n\n<p>Lista \u015bwiatowego dziedzictwa UNESCO powsta\u0142a w zwi\u0105zku z zapisami Konwencji z 1972 r. w sprawie ochrony \u015bwiatowego dziedzictwa kulturalnego i naturalnego, i obejmuje najcenniejszy dorobek kulturowy ludzko\u015bci. Na List\u0119 wpisuje si\u0119 wyr\u00f3\u017cniaj\u0105ce si\u0119 w skali \u015bwiata dobra kultury, kt\u00f3re charakteryzuje wyj\u0105tkowa powszechna warto\u015b\u0107, autentyzm i znaczenie w dokumentowaniu osi\u0105gni\u0119\u0107 cywilizacji. Jednocze\u015bnie Lista s\u0142u\u017cy doskonaleniu teorii i praktyki ochrony zabytk\u00f3w, w kt\u00f3rych widzi si\u0119 dobro wsp\u00f3lne, kt\u00f3re podlega r\u00f3\u017cnym zagro\u017ceniom, a jako zas\u00f3b jest nieodnawialne. Obecnie na Li\u015bcie \u015bwiatowego dziedzictwa znajduje si\u0119 1157 wpis\u00f3w, z czego 17 z terenu Polski, w tym 15 obejmuj\u0105cych dobra kulturowe oraz 2 przyrodnicze.<\/p>\n\n\n\n<p>Organizatorem konferencji jest Narodowy Instytutu Dziedzictwa we wsp\u00f3\u0142pracy z Centrum \u015awiatowego Dziedzictwa UNESCO, ICCROM, ICOMOS oraz WHC.<\/p>\n\n\n\n<p>Partnerami wydarzenia jest Mi\u0119dzynarodowe Centrum Kultury w Krakowie oraz Instytut Kultury Willa Decjusza.<\/p>\n\n\n\n<p>Konferencji b\u0119dzie towarzyszy\u0142o otwarcie wystawy \u201eSkarby drewnianej architektury sakralnej. Ko\u015bcio\u0142y i cerkwie na Li\u015bcie \u015bwiatowego dziedzictwa UNESCO\u201d, kt\u00f3r\u0105 b\u0119dzie mo\u017cna ogl\u0105da\u0107 na placu Szczepa\u0144skim w Krakowie, od 12 pa\u017adziernika.<\/p>\n\n\n\n<p>Organizacja jubileuszu wpisu na List\u0119 \u015bwiatowego dziedzictwa UNESCO Drewnianych ko\u015bcio\u0142\u00f3w w po\u0142udniowej Ma\u0142opolsce (20-lecie) oraz Drewnianych cerkwi w polskim i ukrai\u0144skim regionie Karpat (10-lecie) zosta\u0142a sfinansowana ze \u015brodk\u00f3w Ministerstwa Kultury i Dziedzictwa Narodowego.<\/p>","protected":false},"excerpt":{"rendered":"<p>\u201eKierunki ochrony i zr\u00f3wnowa\u017conego zarz\u0105dzania dziedzictwem architektury drewnianej. 20 lat wpisu Drewnianych ko\u015bcio\u0142\u00f3w po\u0142udniowej Ma\u0142opolski oraz 10 lat wpisu Drewnianych cerkwi w polskim i ukrai\u0144skim regionie Karpat na List\u0119 \u015bwiatowego [&hellip;]<\/p>","protected":false},"author":7,"featured_media":12786,"comment_status":"open","ping_status":"open","sticky":false,"template":"","format":"standard","meta":{"_et_pb_use_builder":"off","_et_pb_old_content":"","_et_gb_content_width":"","_monsterinsights_skip_tracking":false,"_monsterinsights_sitenote_active":false,"_monsterinsights_sitenote_note":"","_monsterinsights_sitenote_category":0,"footnotes":""},"categories":[3,83],"tags":[],"class_list":["post-12784","post","type-post","status-publish","format-standard","has-post-thumbnail","hentry","category-aktualnosci","category-skarby-drewnianej-architektury-sakralnej"],"yoast_head":"<!-- This site is optimized with the Yoast SEO plugin v26.5 - https:\/\/yoast.com\/wordpress\/plugins\/seo\/ -->\n<title>Mi\u0119dzynarodowa konferencja naukowa \u201eKierunki ochrony i zr\u00f3wnowa\u017conego zarz\u0105dzania dziedzictwem architektury drewnianej\u201d - NID<\/title>\n<meta name=\"robots\" content=\"index, follow, max-snippet:-1, max-image-preview:large, max-video-preview:-1\" \/>\n<link rel=\"canonical\" href=\"https:\/\/nid.pl\/en\/2023\/08\/16\/miedzynarodowa-konferencja-naukowa-kierunki-ochrony-i-zrownowazonego-zarzadzania-dziedzictwem-architektury-drewnianej\/\" \/>\n<meta property=\"og:locale\" content=\"en_GB\" \/>\n<meta property=\"og:type\" content=\"article\" \/>\n<meta property=\"og:title\" content=\"Mi\u0119dzynarodowa konferencja naukowa \u201eKierunki ochrony i zr\u00f3wnowa\u017conego zarz\u0105dzania dziedzictwem architektury drewnianej\u201d - NID\" \/>\n<meta property=\"og:description\" content=\"\u201eKierunki ochrony i zr\u00f3wnowa\u017conego zarz\u0105dzania dziedzictwem architektury drewnianej. 20 lat wpisu Drewnianych ko\u015bcio\u0142\u00f3w po\u0142udniowej Ma\u0142opolski oraz 10 lat wpisu Drewnianych cerkwi w polskim i ukrai\u0144skim regionie Karpat na List\u0119 \u015bwiatowego [&hellip;]\" \/>\n<meta property=\"og:url\" content=\"https:\/\/nid.pl\/en\/2023\/08\/16\/miedzynarodowa-konferencja-naukowa-kierunki-ochrony-i-zrownowazonego-zarzadzania-dziedzictwem-architektury-drewnianej\/\" \/>\n<meta property=\"og:site_name\" content=\"NID\" \/>\n<meta property=\"article:publisher\" content=\"https:\/\/www.facebook.com\/zabytek\" \/>\n<meta property=\"article:published_time\" content=\"2023-08-16T12:20:33+00:00\" \/>\n<meta property=\"article:modified_time\" content=\"2023-08-22T11:34:31+00:00\" \/>\n<meta property=\"og:image\" content=\"https:\/\/nid.pl\/wp-content\/uploads\/2023\/08\/miniaturka-aktualnosci-NID.jpg\" \/>\n\t<meta property=\"og:image:width\" content=\"1850\" \/>\n\t<meta property=\"og:image:height\" content=\"1238\" \/>\n\t<meta property=\"og:image:type\" content=\"image\/jpeg\" \/>\n<meta name=\"author\" content=\"Barbara Halliop\" \/>\n<meta name=\"twitter:card\" content=\"summary_large_image\" \/>\n<meta name=\"twitter:creator\" content=\"@NarIDpl\" \/>\n<meta name=\"twitter:site\" content=\"@NarIDpl\" \/>\n<meta name=\"twitter:label1\" content=\"Written by\" \/>\n\t<meta name=\"twitter:data1\" content=\"Barbara Halliop\" \/>\n\t<meta name=\"twitter:label2\" content=\"Estimated reading time\" \/>\n\t<meta name=\"twitter:data2\" content=\"3 minutes\" \/>\n<script type=\"application\/ld+json\" class=\"yoast-schema-graph\">{\"@context\":\"https:\/\/schema.org\",\"@graph\":[{\"@type\":\"Article\",\"@id\":\"https:\/\/nid.pl\/2023\/08\/16\/miedzynarodowa-konferencja-naukowa-kierunki-ochrony-i-zrownowazonego-zarzadzania-dziedzictwem-architektury-drewnianej\/#article\",\"isPartOf\":{\"@id\":\"https:\/\/nid.pl\/2023\/08\/16\/miedzynarodowa-konferencja-naukowa-kierunki-ochrony-i-zrownowazonego-zarzadzania-dziedzictwem-architektury-drewnianej\/\"},\"author\":{\"name\":\"Barbara Halliop\",\"@id\":\"https:\/\/nid.pl\/#\/schema\/person\/1b690a8998a5111cfb9f0ffe24195a15\"},\"headline\":\"Mi\u0119dzynarodowa konferencja naukowa \u201eKierunki ochrony i zr\u00f3wnowa\u017conego zarz\u0105dzania dziedzictwem architektury drewnianej\u201d\",\"datePublished\":\"2023-08-16T12:20:33+00:00\",\"dateModified\":\"2023-08-22T11:34:31+00:00\",\"mainEntityOfPage\":{\"@id\":\"https:\/\/nid.pl\/2023\/08\/16\/miedzynarodowa-konferencja-naukowa-kierunki-ochrony-i-zrownowazonego-zarzadzania-dziedzictwem-architektury-drewnianej\/\"},\"wordCount\":745,\"commentCount\":0,\"publisher\":{\"@id\":\"https:\/\/nid.pl\/#organization\"},\"image\":{\"@id\":\"https:\/\/nid.pl\/2023\/08\/16\/miedzynarodowa-konferencja-naukowa-kierunki-ochrony-i-zrownowazonego-zarzadzania-dziedzictwem-architektury-drewnianej\/#primaryimage\"},\"thumbnailUrl\":\"https:\/\/nid.pl\/wp-content\/uploads\/2023\/08\/miniaturka-aktualnosci-NID.jpg\",\"articleSection\":[\"Aktualno\u015bci\",\"Skarby drewnianej architektury sakralnej\"],\"inLanguage\":\"en-GB\"},{\"@type\":\"WebPage\",\"@id\":\"https:\/\/nid.pl\/2023\/08\/16\/miedzynarodowa-konferencja-naukowa-kierunki-ochrony-i-zrownowazonego-zarzadzania-dziedzictwem-architektury-drewnianej\/\",\"url\":\"https:\/\/nid.pl\/2023\/08\/16\/miedzynarodowa-konferencja-naukowa-kierunki-ochrony-i-zrownowazonego-zarzadzania-dziedzictwem-architektury-drewnianej\/\",\"name\":\"Mi\u0119dzynarodowa konferencja naukowa \u201eKierunki ochrony i zr\u00f3wnowa\u017conego zarz\u0105dzania dziedzictwem architektury drewnianej\u201d - NID\",\"isPartOf\":{\"@id\":\"https:\/\/nid.pl\/#website\"},\"primaryImageOfPage\":{\"@id\":\"https:\/\/nid.pl\/2023\/08\/16\/miedzynarodowa-konferencja-naukowa-kierunki-ochrony-i-zrownowazonego-zarzadzania-dziedzictwem-architektury-drewnianej\/#primaryimage\"},\"image\":{\"@id\":\"https:\/\/nid.pl\/2023\/08\/16\/miedzynarodowa-konferencja-naukowa-kierunki-ochrony-i-zrownowazonego-zarzadzania-dziedzictwem-architektury-drewnianej\/#primaryimage\"},\"thumbnailUrl\":\"https:\/\/nid.pl\/wp-content\/uploads\/2023\/08\/miniaturka-aktualnosci-NID.jpg\",\"datePublished\":\"2023-08-16T12:20:33+00:00\",\"dateModified\":\"2023-08-22T11:34:31+00:00\",\"breadcrumb\":{\"@id\":\"https:\/\/nid.pl\/2023\/08\/16\/miedzynarodowa-konferencja-naukowa-kierunki-ochrony-i-zrownowazonego-zarzadzania-dziedzictwem-architektury-drewnianej\/#breadcrumb\"},\"inLanguage\":\"en-GB\",\"potentialAction\":[{\"@type\":\"ReadAction\",\"target\":[\"https:\/\/nid.pl\/2023\/08\/16\/miedzynarodowa-konferencja-naukowa-kierunki-ochrony-i-zrownowazonego-zarzadzania-dziedzictwem-architektury-drewnianej\/\"]}]},{\"@type\":\"ImageObject\",\"inLanguage\":\"en-GB\",\"@id\":\"https:\/\/nid.pl\/2023\/08\/16\/miedzynarodowa-konferencja-naukowa-kierunki-ochrony-i-zrownowazonego-zarzadzania-dziedzictwem-architektury-drewnianej\/#primaryimage\",\"url\":\"https:\/\/nid.pl\/wp-content\/uploads\/2023\/08\/miniaturka-aktualnosci-NID.jpg\",\"contentUrl\":\"https:\/\/nid.pl\/wp-content\/uploads\/2023\/08\/miniaturka-aktualnosci-NID.jpg\",\"width\":1850,\"height\":1238,\"caption\":\"Cerkiew \u015bw. Jakuba w Powro\u017aniku\"},{\"@type\":\"BreadcrumbList\",\"@id\":\"https:\/\/nid.pl\/2023\/08\/16\/miedzynarodowa-konferencja-naukowa-kierunki-ochrony-i-zrownowazonego-zarzadzania-dziedzictwem-architektury-drewnianej\/#breadcrumb\",\"itemListElement\":[{\"@type\":\"ListItem\",\"position\":1,\"name\":\"Home\",\"item\":\"https:\/\/nid.pl\/\"},{\"@type\":\"ListItem\",\"position\":2,\"name\":\"Mi\u0119dzynarodowa konferencja naukowa \u201eKierunki ochrony i zr\u00f3wnowa\u017conego zarz\u0105dzania dziedzictwem architektury drewnianej\u201d\"}]},{\"@type\":\"WebSite\",\"@id\":\"https:\/\/nid.pl\/#website\",\"url\":\"https:\/\/nid.pl\/\",\"name\":\"NID\",\"description\":\"Narodowy Instytut Dziedzictwa\",\"publisher\":{\"@id\":\"https:\/\/nid.pl\/#organization\"},\"potentialAction\":[{\"@type\":\"SearchAction\",\"target\":{\"@type\":\"EntryPoint\",\"urlTemplate\":\"https:\/\/nid.pl\/?s={search_term_string}\"},\"query-input\":{\"@type\":\"PropertyValueSpecification\",\"valueRequired\":true,\"valueName\":\"search_term_string\"}}],\"inLanguage\":\"en-GB\"},{\"@type\":\"Organization\",\"@id\":\"https:\/\/nid.pl\/#organization\",\"name\":\"Narodowy Instytut Dziedzictwa\",\"url\":\"https:\/\/nid.pl\/\",\"logo\":{\"@type\":\"ImageObject\",\"inLanguage\":\"en-GB\",\"@id\":\"https:\/\/nid.pl\/#\/schema\/logo\/image\/\",\"url\":\"https:\/\/nid.pl\/wp-content\/uploads\/2022\/10\/logoRedDark.png\",\"contentUrl\":\"https:\/\/nid.pl\/wp-content\/uploads\/2022\/10\/logoRedDark.png\",\"width\":200,\"height\":197,\"caption\":\"Narodowy Instytut Dziedzictwa\"},\"image\":{\"@id\":\"https:\/\/nid.pl\/#\/schema\/logo\/image\/\"},\"sameAs\":[\"https:\/\/www.facebook.com\/zabytek\",\"https:\/\/x.com\/NarIDpl\",\"https:\/\/www.instagram.com\/nid.pl\/?hl=pl\",\"https:\/\/www.linkedin.com\/company\/narodowy-instytut-dziedzictwa\",\"https:\/\/www.youtube.com\/channel\/UCQXuhKa2uHtmNvLRUSx40JA\"]},{\"@type\":\"Person\",\"@id\":\"https:\/\/nid.pl\/#\/schema\/person\/1b690a8998a5111cfb9f0ffe24195a15\",\"name\":\"Barbara Halliop\",\"image\":{\"@type\":\"ImageObject\",\"inLanguage\":\"en-GB\",\"@id\":\"https:\/\/nid.pl\/#\/schema\/person\/image\/\",\"url\":\"https:\/\/nid.pl\/wp-content\/litespeed\/avatar\/924046d17dd0c842c9fa9ccf489bc6dc.jpg?ver=1777444967\",\"contentUrl\":\"https:\/\/nid.pl\/wp-content\/litespeed\/avatar\/924046d17dd0c842c9fa9ccf489bc6dc.jpg?ver=1777444967\",\"caption\":\"Barbara Halliop\"},\"url\":\"https:\/\/nid.pl\/en\/author\/bhalliop\/\"}]}<\/script>\n<!-- \/ Yoast SEO plugin. -->","yoast_head_json":{"title":"Mi\u0119dzynarodowa konferencja naukowa \u201eKierunki ochrony i zr\u00f3wnowa\u017conego zarz\u0105dzania dziedzictwem architektury drewnianej\u201d - NID","robots":{"index":"index","follow":"follow","max-snippet":"max-snippet:-1","max-image-preview":"max-image-preview:large","max-video-preview":"max-video-preview:-1"},"canonical":"https:\/\/nid.pl\/en\/2023\/08\/16\/miedzynarodowa-konferencja-naukowa-kierunki-ochrony-i-zrownowazonego-zarzadzania-dziedzictwem-architektury-drewnianej\/","og_locale":"en_GB","og_type":"article","og_title":"Mi\u0119dzynarodowa konferencja naukowa \u201eKierunki ochrony i zr\u00f3wnowa\u017conego zarz\u0105dzania dziedzictwem architektury drewnianej\u201d - NID","og_description":"\u201eKierunki ochrony i zr\u00f3wnowa\u017conego zarz\u0105dzania dziedzictwem architektury drewnianej. 20 lat wpisu Drewnianych ko\u015bcio\u0142\u00f3w po\u0142udniowej Ma\u0142opolski oraz 10 lat wpisu Drewnianych cerkwi w polskim i ukrai\u0144skim regionie Karpat na List\u0119 \u015bwiatowego [&hellip;]","og_url":"https:\/\/nid.pl\/en\/2023\/08\/16\/miedzynarodowa-konferencja-naukowa-kierunki-ochrony-i-zrownowazonego-zarzadzania-dziedzictwem-architektury-drewnianej\/","og_site_name":"NID","article_publisher":"https:\/\/www.facebook.com\/zabytek","article_published_time":"2023-08-16T12:20:33+00:00","article_modified_time":"2023-08-22T11:34:31+00:00","og_image":[{"width":1850,"height":1238,"url":"https:\/\/nid.pl\/wp-content\/uploads\/2023\/08\/miniaturka-aktualnosci-NID.jpg","type":"image\/jpeg"}],"author":"Barbara Halliop","twitter_card":"summary_large_image","twitter_creator":"@NarIDpl","twitter_site":"@NarIDpl","twitter_misc":{"Written by":"Barbara Halliop","Estimated reading time":"3 minutes"},"schema":{"@context":"https:\/\/schema.org","@graph":[{"@type":"Article","@id":"https:\/\/nid.pl\/2023\/08\/16\/miedzynarodowa-konferencja-naukowa-kierunki-ochrony-i-zrownowazonego-zarzadzania-dziedzictwem-architektury-drewnianej\/#article","isPartOf":{"@id":"https:\/\/nid.pl\/2023\/08\/16\/miedzynarodowa-konferencja-naukowa-kierunki-ochrony-i-zrownowazonego-zarzadzania-dziedzictwem-architektury-drewnianej\/"},"author":{"name":"Barbara Halliop","@id":"https:\/\/nid.pl\/#\/schema\/person\/1b690a8998a5111cfb9f0ffe24195a15"},"headline":"Mi\u0119dzynarodowa konferencja naukowa \u201eKierunki ochrony i zr\u00f3wnowa\u017conego zarz\u0105dzania dziedzictwem architektury drewnianej\u201d","datePublished":"2023-08-16T12:20:33+00:00","dateModified":"2023-08-22T11:34:31+00:00","mainEntityOfPage":{"@id":"https:\/\/nid.pl\/2023\/08\/16\/miedzynarodowa-konferencja-naukowa-kierunki-ochrony-i-zrownowazonego-zarzadzania-dziedzictwem-architektury-drewnianej\/"},"wordCount":745,"commentCount":0,"publisher":{"@id":"https:\/\/nid.pl\/#organization"},"image":{"@id":"https:\/\/nid.pl\/2023\/08\/16\/miedzynarodowa-konferencja-naukowa-kierunki-ochrony-i-zrownowazonego-zarzadzania-dziedzictwem-architektury-drewnianej\/#primaryimage"},"thumbnailUrl":"https:\/\/nid.pl\/wp-content\/uploads\/2023\/08\/miniaturka-aktualnosci-NID.jpg","articleSection":["Aktualno\u015bci","Skarby drewnianej architektury sakralnej"],"inLanguage":"en-GB"},{"@type":"WebPage","@id":"https:\/\/nid.pl\/2023\/08\/16\/miedzynarodowa-konferencja-naukowa-kierunki-ochrony-i-zrownowazonego-zarzadzania-dziedzictwem-architektury-drewnianej\/","url":"https:\/\/nid.pl\/2023\/08\/16\/miedzynarodowa-konferencja-naukowa-kierunki-ochrony-i-zrownowazonego-zarzadzania-dziedzictwem-architektury-drewnianej\/","name":"Mi\u0119dzynarodowa konferencja naukowa \u201eKierunki ochrony i zr\u00f3wnowa\u017conego zarz\u0105dzania dziedzictwem architektury drewnianej\u201d - NID","isPartOf":{"@id":"https:\/\/nid.pl\/#website"},"primaryImageOfPage":{"@id":"https:\/\/nid.pl\/2023\/08\/16\/miedzynarodowa-konferencja-naukowa-kierunki-ochrony-i-zrownowazonego-zarzadzania-dziedzictwem-architektury-drewnianej\/#primaryimage"},"image":{"@id":"https:\/\/nid.pl\/2023\/08\/16\/miedzynarodowa-konferencja-naukowa-kierunki-ochrony-i-zrownowazonego-zarzadzania-dziedzictwem-architektury-drewnianej\/#primaryimage"},"thumbnailUrl":"https:\/\/nid.pl\/wp-content\/uploads\/2023\/08\/miniaturka-aktualnosci-NID.jpg","datePublished":"2023-08-16T12:20:33+00:00","dateModified":"2023-08-22T11:34:31+00:00","breadcrumb":{"@id":"https:\/\/nid.pl\/2023\/08\/16\/miedzynarodowa-konferencja-naukowa-kierunki-ochrony-i-zrownowazonego-zarzadzania-dziedzictwem-architektury-drewnianej\/#breadcrumb"},"inLanguage":"en-GB","potentialAction":[{"@type":"ReadAction","target":["https:\/\/nid.pl\/2023\/08\/16\/miedzynarodowa-konferencja-naukowa-kierunki-ochrony-i-zrownowazonego-zarzadzania-dziedzictwem-architektury-drewnianej\/"]}]},{"@type":"ImageObject","inLanguage":"en-GB","@id":"https:\/\/nid.pl\/2023\/08\/16\/miedzynarodowa-konferencja-naukowa-kierunki-ochrony-i-zrownowazonego-zarzadzania-dziedzictwem-architektury-drewnianej\/#primaryimage","url":"https:\/\/nid.pl\/wp-content\/uploads\/2023\/08\/miniaturka-aktualnosci-NID.jpg","contentUrl":"https:\/\/nid.pl\/wp-content\/uploads\/2023\/08\/miniaturka-aktualnosci-NID.jpg","width":1850,"height":1238,"caption":"Cerkiew \u015bw. Jakuba w Powro\u017aniku"},{"@type":"BreadcrumbList","@id":"https:\/\/nid.pl\/2023\/08\/16\/miedzynarodowa-konferencja-naukowa-kierunki-ochrony-i-zrownowazonego-zarzadzania-dziedzictwem-architektury-drewnianej\/#breadcrumb","itemListElement":[{"@type":"ListItem","position":1,"name":"Home","item":"https:\/\/nid.pl\/"},{"@type":"ListItem","position":2,"name":"Mi\u0119dzynarodowa konferencja naukowa \u201eKierunki ochrony i zr\u00f3wnowa\u017conego zarz\u0105dzania dziedzictwem architektury drewnianej\u201d"}]},{"@type":"WebSite","@id":"https:\/\/nid.pl\/#website","url":"https:\/\/nid.pl\/","name":"NID","description":"Narodowy Instytut Dziedzictwa","publisher":{"@id":"https:\/\/nid.pl\/#organization"},"potentialAction":[{"@type":"SearchAction","target":{"@type":"EntryPoint","urlTemplate":"https:\/\/nid.pl\/?s={search_term_string}"},"query-input":{"@type":"PropertyValueSpecification","valueRequired":true,"valueName":"search_term_string"}}],"inLanguage":"en-GB"},{"@type":"Organization","@id":"https:\/\/nid.pl\/#organization","name":"Narodowy Instytut Dziedzictwa","url":"https:\/\/nid.pl\/","logo":{"@type":"ImageObject","inLanguage":"en-GB","@id":"https:\/\/nid.pl\/#\/schema\/logo\/image\/","url":"https:\/\/nid.pl\/wp-content\/uploads\/2022\/10\/logoRedDark.png","contentUrl":"https:\/\/nid.pl\/wp-content\/uploads\/2022\/10\/logoRedDark.png","width":200,"height":197,"caption":"Narodowy Instytut Dziedzictwa"},"image":{"@id":"https:\/\/nid.pl\/#\/schema\/logo\/image\/"},"sameAs":["https:\/\/www.facebook.com\/zabytek","https:\/\/x.com\/NarIDpl","https:\/\/www.instagram.com\/nid.pl\/?hl=pl","https:\/\/www.linkedin.com\/company\/narodowy-instytut-dziedzictwa","https:\/\/www.youtube.com\/channel\/UCQXuhKa2uHtmNvLRUSx40JA"]},{"@type":"Person","@id":"https:\/\/nid.pl\/#\/schema\/person\/1b690a8998a5111cfb9f0ffe24195a15","name":"Barbara Halliop","image":{"@type":"ImageObject","inLanguage":"en-GB","@id":"https:\/\/nid.pl\/#\/schema\/person\/image\/","url":"https:\/\/nid.pl\/wp-content\/litespeed\/avatar\/924046d17dd0c842c9fa9ccf489bc6dc.jpg?ver=1777444967","contentUrl":"https:\/\/nid.pl\/wp-content\/litespeed\/avatar\/924046d17dd0c842c9fa9ccf489bc6dc.jpg?ver=1777444967","caption":"Barbara Halliop"},"url":"https:\/\/nid.pl\/en\/author\/bhalliop\/"}]}},"_links":{"self":[{"href":"https:\/\/nid.pl\/en\/wp-json\/wp\/v2\/posts\/12784","targetHints":{"allow":["GET"]}}],"collection":[{"href":"https:\/\/nid.pl\/en\/wp-json\/wp\/v2\/posts"}],"about":[{"href":"https:\/\/nid.pl\/en\/wp-json\/wp\/v2\/types\/post"}],"author":[{"embeddable":true,"href":"https:\/\/nid.pl\/en\/wp-json\/wp\/v2\/users\/7"}],"replies":[{"embeddable":true,"href":"https:\/\/nid.pl\/en\/wp-json\/wp\/v2\/comments?post=12784"}],"version-history":[{"count":0,"href":"https:\/\/nid.pl\/en\/wp-json\/wp\/v2\/posts\/12784\/revisions"}],"wp:featuredmedia":[{"embeddable":true,"href":"https:\/\/nid.pl\/en\/wp-json\/wp\/v2\/media\/12786"}],"wp:attachment":[{"href":"https:\/\/nid.pl\/en\/wp-json\/wp\/v2\/media?parent=12784"}],"wp:term":[{"taxonomy":"category","embeddable":true,"href":"https:\/\/nid.pl\/en\/wp-json\/wp\/v2\/categories?post=12784"},{"taxonomy":"post_tag","embeddable":true,"href":"https:\/\/nid.pl\/en\/wp-json\/wp\/v2\/tags?post=12784"}],"curies":[{"name":"wp","href":"https:\/\/api.w.org\/{rel}","templated":true}]}}