{"id":12748,"date":"2023-08-11T16:37:19","date_gmt":"2023-08-11T14:37:19","guid":{"rendered":"https:\/\/nid.pl\/?p=12748"},"modified":"2023-09-06T10:33:26","modified_gmt":"2023-09-06T08:33:26","slug":"henryk-mikolaj-gorecki-z-piesni-koscielnych-na-chor-mieszany-a-cappella","status":"publish","type":"post","link":"https:\/\/nid.pl\/en\/2023\/08\/11\/henryk-mikolaj-gorecki-z-piesni-koscielnych-na-chor-mieszany-a-cappella\/","title":{"rendered":"Henryk Miko\u0142aj G\u00f3recki &#8211; \u201eZ Pie\u015bni Ko\u015bcielnych\u201d na ch\u00f3r mieszany a cappella"},"content":{"rendered":"<p>Henryk Miko\u0142aj G\u00f3rec<\/p>\n\n\n\n<p>Henryk Miko\u0142aj G\u00f3recki &#8211; \u201eZ Pie\u015bni Ko\u015bcielnych\u201d na ch\u00f3r mieszany a cappella<\/p>\n\n\n\n<p>90. rocznica urodzin kompozytora<br>10. rocznica pracy artystycznej dyrygenta Kamila Gojowego<br>5. rocznica dzia\u0142alno\u015bci Zespo\u0142u \u015apiewaczego Apertum Cor<br>1. rok cz\u0142onkostwa w \u015al\u0105skim Zwi\u0105zku Ch\u00f3r\u00f3w i Orkiestr<\/p>\n\n\n\n<p>Henryk Miko\u0142aj G\u00f3recki by\u0142 kompozytorem \u015bwiatowej s\u0142awy, zdoby\u0142 szacunek mi\u0119dzynarodowego grona kompozytorskiego, jednocze\u015bnie zosta\u0142 on tak\u017ce wpisany w panteon najwybitniejszych kompozytor\u00f3w regionu \u015al\u0105ska. G\u00f3recki znakomit\u0105 cz\u0119\u015b\u0107 swojego dorobku po\u015bwi\u0119ci\u0142 muzyce ch\u00f3ralnej, jednym z tego typu zbior\u00f3w jest wydany po\u015bmiertnie<br>\u201eZ Pie\u015bni Ko\u015bcielnych\u201d na ch\u00f3r mieszany a cappella. Zbi\u00f3r w my\u015bl autora mia\u0142 \u0142\u0105czy\u0107 to, co oryginalne, \u017ar\u00f3d\u0142owe, z tym, co w\u0142a\u015bciwe stylowi kompozytora. Aura brzmieniowo-harmoniczna pie\u015bni wyrasta wyra\u017anie z do\u015bwiadcze\u0144 kompozytora z jego najwi\u0119kszych arcydzie\u0142 muzyki sakralnej. Pie\u015bni ko\u015bcielne opr\u00f3cz wyrazu g\u0142\u0119bokiej, intymnej prawdziwej modlitwy, stanowi\u0105 ho\u0142d wobec tradycyjnej pie\u015bni ko\u015bcielnej polskiego ludu.<\/p>\n\n\n\n<p>O ten\u017ce pomnik szczerego wyrazu artystycznego Henryka Miko\u0142aja G\u00f3reckiego postanowi\u0142 \u015bwiadomie zadba\u0107 Zesp\u00f3\u0142 \u015apiewaczy Apertum Cor poprzez zrealizowanie pe\u0142nego cyklu nagra\u0144 i wydanie p\u0142ytowe. B\u0119dzie to pierwsza publikacja zbioru przygotowana przez ch\u00f3r amatorski i uwzgl\u0119dniaj\u0105ca wszystkie zaplanowane w wydaniu nutowym do wykonania zwrotki \u2013 aspekt ten jest niebagatelny, je\u017celi niekluczowy w muzyce ch\u00f3ralnej. Ca\u0142o\u015b\u0107 nagrania dost\u0119pna b\u0119dzie w popularnych serwisach streamingowych m.in. YouTube.<\/p>\n\n\n\n<p>P\u0142yt\u0119 Zesp\u00f3\u0142 \u015apiewaczy Apertum Cor promowa\u0107 b\u0119dzie podczas koncert\u00f3w:<\/p>\n\n\n\n<ol class=\"wp-block-list\">\n<li>30.09, godz. 19:00 Bazylika \u015bw. Antoniego w Rybniku;<\/li>\n\n\n\n<li>6.11, godz. 18:00 Akademia Muzyczna im. Karola Szymanowskiego w Katowicach (darmowe wej\u015bci\u00f3wki dost\u0119pne w Informacji, tel. 32 77 92 100, e-mail: informacja@am.katowice.pl);<\/li>\n\n\n\n<li>6.12, godz. 19:30 Ko\u015bci\u00f3\u0142 \u015bw. Aposto\u0142\u00f3w Piotra i Paw\u0142a w Katowicach,<\/li>\n<\/ol>\n\n\n\n<p>Koncert z okazji 90. rocznicy urodzin Henryka Miko\u0142aja G\u00f3reckiego wraz ze z\u0142o\u017ceniem kwiat\u00f3w na grobie kompozytora.<\/p>\n\n\n\n<p>P\u0142yty dost\u0119pne b\u0119d\u0105 dla ch\u0119tnych po koncertach.<\/p>\n\n\n\n<p><strong>O UTWORACH:<\/strong><br>Z PIE\u015aNI KO\u015aCIELNYCH na ch\u00f3r mieszany a cappella to zbi\u00f3r, w kt\u00f3rym u schy\u0142ku XX wieku Henryk Miko\u0142aj G\u00f3recki si\u0119gn\u0105\u0142 do tradycyjnych pie\u015bni ludowych, prostych, a jednocze\u015bnie \u017carliwych i kryszta\u0142owo \u015bwietlistych w wyra\u017ceniu osobistych, a nawet intymnych odczu\u0107, budz\u0105cych si\u0119 w relacji Cz\u0142owiek \u2013 B\u00f3g. Zbi\u00f3r ten zosta\u0142 wydany po raz pierwszy w roku 2013, wi\u0119c po\u015bmiertnie, przez Polskie Wydawnictwo Muzyczne, dzi\u0119ki posiadanym przez londy\u0144skiego wydawc\u0119 Boosey &amp; Hawkes prawom autorskim, a poniewa\u017c r\u0119kopis nie nosi znamion uko\u0144czenia, w jego redakcji wsp\u00f3\u0142uczestniczyli Anna G\u00f3recka i Miko\u0142aj G\u00f3recki \u2013 dzieci kompozytora. Edycja zawiera w sumie 20 pie\u015bni u\u0142o\u017conych wed\u0142ug kolejno\u015bci powstawania, w tym 18 z wpisanymi przez tw\u00f3rc\u0119 dziennymi datami, obejmuj\u0105cymi czas od pi\u0105tku 07.02.1986 do pi\u0105tku 30.06.1986 oraz 2 ostatnie bez dat. Warto zauwa\u017cy\u0107, \u017ce na opracowanie wi\u0119kszo\u015bci melodii, bo a\u017c 17 (II-XVIII) tw\u00f3rca potrzebowa\u0142 zaledwie dw\u00f3ch miesi\u0119cy. (autor: prof. dr hab. Iwona Melson).<\/p>\n\n\n\n<p>Wi\u0119cej informacji: <a href=\"https:\/\/szchio.pl\/news\/nowi-czlonkowie-szchio-nagrali-utwory-h-m-goreckiego\">https:\/\/szchio.pl\/news\/nowi-czlonkowie-szchio-nagrali-utwory-h-m-goreckiego<\/a> (mo\u017cliwo\u015b\u0107 pobrania bookletu z p\u0142yty).<\/p>\n\n\n\n<p>Premiera nagra\u0144 \u2013 1.09.2023 r.<\/p>\n\n\n\n<p><strong>O ZESPOLE:<\/strong><br>Zesp\u00f3\u0142 \u015apiewaczy Apertum Cor powsta\u0142 w 2017 roku jako kolektyw mi\u0142o\u015bnik\u00f3w muzyki<br>i \u015bpiewak\u00f3w amator\u00f3w. Od tego czasu pr\u0119\u017cnie rozwija swoj\u0105 dzia\u0142alno\u015b\u0107 muzyczn\u0105, koncertuj\u0105c podczas wydarze\u0144 lokalnych, regionalnych i projekt\u00f3w og\u00f3lnopolskich.<br><\/p>\n\n\n\n<p>Zesp\u00f3\u0142 z powodzeniem prezentuje muzyk\u0119 epok dawnych, jak r\u00f3wnie\u017c dokonuje prawykona\u0144 wsp\u00f3\u0142czesnych kompozycji. Umiej\u0119tno\u015bci wykonawcze Zespo\u0142u potwierdzaj\u0105 liczne nagrody, m.in.: Srebrne i Br\u0105zowe Pasmo na II Og\u00f3lnopolskim Konkursie Ch\u00f3r\u00f3w \u201eO Crux Ave\u201d,<br><\/p>\n\n\n\n<p>Srebrne Pasmo na Mi\u0119dzynarodowym Festiwalu Ch\u00f3ralnym \u201eResovia Sings\u201d oraz Srebrne Pasmo na Mi\u0119dzynarodowym Festiwalu Muzyki Ch\u00f3ralnej \u201eCantantes Lublinensis\u201d \u2013 w roku 2021; jak r\u00f3wnie\u017c Z\u0142oty Dyplom na Og\u00f3lnopolskim Konkursie Muzyki Sakralnej \u201eDona Nobis Pacem\u201d we Wroc\u0142awiu w roku 2022. Od tego\u017c roku Zesp\u00f3\u0142 jest cz\u0142onkiem \u015al\u0105skiego Zwi\u0105zku Ch\u00f3r\u00f3w i Orkiestr.<\/p>\n\n\n\n<p><strong>O DYRYGENCIE:<\/strong><br>Kamil Gojowy \u2013 dyrygent i za\u0142o\u017cyciel Zespo\u0142u. Magister sztuk muzycznych: Dyrygentura ch\u00f3ralna i przedmioty og\u00f3lnomuzyczne (dyplom z wyr\u00f3\u017cnieniem uzyskany w Akademii Muzycznej w Katowicach) oraz filmowych: Creative management in new media<br>(dyplom z wyr\u00f3\u017cnieniem uzyskany na Uniwersytecie \u015al\u0105skim w Katowicach).<\/p>\n\n\n\n<p>Zawodowo zwi\u0105zany z Muzeum G\u00f3rnictwa W\u0119glowego w Zabrzu, Szko\u0142\u0105 Filmowa<br>im. Krzysztofa Kie\u015blowskiego w Katowicach oraz Ch\u00f3rem Uniwersytetu Ekonomicznego<br>w Katowicach.<\/p>\n\n\n\n<p>Na co dzie\u0144 zaanga\u017cowany w inicjatywy nast\u0119puj\u0105cych organizacji pozarz\u0105dowych:<br>&#8211; Stowarzyszenie Artifices Artificibus \u2013 Dyrektor organizacyjny Mi\u0119dzynarodowego Festiwalu IV Noc Ch\u00f3r\u00f3w<br>&#8211; \u015al\u0105ski Zwi\u0105zek Ch\u00f3r\u00f3w i Orkiestr \u2013 Koordynator ds. organizacji i promocji<br>&#8211; Fundacja Ch\u00f3rtownia \u2013 Mi\u0119dzynarodowa Akcja Muzyka \u2013 Wsparcie Os\u00f3b w Depresji<br>&#8211; Stowarzyszenie Artyst\u00f3w Euforis \u2013 Og\u00f3lnopolska Konferencja Mam G\u0142os<\/p>\n\n\n\n<p><strong>WA\u017bNE INFORMACJE:<\/strong><br>Nagrania dokonano w Ko\u015bciele Matki Bo\u017cej R\u00f3\u017ca\u0144cowej w Katowicach Zadolu, 1.04 \u2013 30.06.2023 r.<br>Producent: Kamil Gojowy, Zesp\u00f3\u0142 \u015apewaczy Apertum Cor, \u015al\u0105ski Zwi\u0105zek Ch\u00f3r\u00f3w i Orkiestr<br>Organizacja produkcji: Ewa Kopacz<br>Re\u017cyseria nagrania, Mix i Mastering: Kordian Gojowy i Magdalena Rak GoMix Realizacja<br>Projekt graficzny: Rafa\u0142 Sz\u0119dzielorz<br>Zdj\u0119cia: Rados\u0142aw Ka\u017amierczak<br>Opieka merytoryczna: prof. dr hab. Iwona Melson<br>T\u0142oczenie: Grupa L8<\/p>\n\n\n\n<p><strong>Sponsorzy: Miasto Katowice \u2013 Dofinansowano z bud\u017cetu miasta Katowice w ramach Inicjatywy Partnerskiej COP<\/strong>, Arcybiskup Wiktor Skworc.<\/p>\n\n\n\n<p><strong>Patroni honorowi:<\/strong> <strong>Ministerstwo Kultury i Dziedzictwa Narodowego<\/strong>, Narodowy Instytut Dziedzictwa, Instytut My\u015bli Polskiej im. Wojciecha Korfantego, Instytut \u015al\u0105ski w Opolu, Prezydent Miasta Katowice, Prezydent Miasta Rybnik.<\/p>\n\n\n\n<p>Pr<strong>ojekt zosta\u0142 obj\u0119ty Patronatem Honorowym przez syna kompozytora<\/strong> \u2013 Miko\u0142aja Piotra G\u00f3reckiego.<\/p>\n\n\n\n<p><strong>Partnerzy:<\/strong> Filharmonia \u015al\u0105ska im. Henryka Miko\u0142aja G\u00f3reckiego w Katowicach, Stowarzyszenie Artifices Artificibus, Stowarszenie Artifices Artificibus, Fundacja Ch\u00f3rtownia, GoMix realizacja.<\/p>\n\n\n\n<p><strong>Patroni medialni:<\/strong> TVP 3 Katowice, TVP Kultura, TVS, Polskie Radio Katowice, Radio Piekary, \u015apiewak \u015al\u0105ski, Go\u015b\u0107 Niedzielny, Polmic.pl, Proanima.pl, Kulturaisztuka.pl Chortownia.org.<\/p>\n\n\n\n<p><\/p>\n\n\n\n<p><\/p>","protected":false},"excerpt":{"rendered":"<p>Henryk Miko\u0142aj G\u00f3rec Henryk Miko\u0142aj G\u00f3recki &#8211; \u201eZ Pie\u015bni Ko\u015bcielnych\u201d na ch\u00f3r mieszany a cappella 90. rocznica urodzin kompozytora10. rocznica pracy artystycznej dyrygenta Kamila Gojowego5. rocznica dzia\u0142alno\u015bci Zespo\u0142u \u015apiewaczego Apertum [&hellip;]<\/p>","protected":false},"author":10,"featured_media":13161,"comment_status":"open","ping_status":"open","sticky":false,"template":"","format":"standard","meta":{"_et_pb_use_builder":"off","_et_pb_old_content":"","_et_gb_content_width":"","_monsterinsights_skip_tracking":false,"_monsterinsights_sitenote_active":false,"_monsterinsights_sitenote_note":"","_monsterinsights_sitenote_category":0,"footnotes":""},"categories":[28],"tags":[],"class_list":["post-12748","post","type-post","status-publish","format-standard","has-post-thumbnail","hentry","category-patronaty"],"yoast_head":"<!-- This site is optimized with the Yoast SEO plugin v26.5 - https:\/\/yoast.com\/wordpress\/plugins\/seo\/ -->\n<title>Henryk Miko\u0142aj G\u00f3recki - \u201eZ Pie\u015bni Ko\u015bcielnych\u201d na ch\u00f3r mieszany a cappella - NID<\/title>\n<meta name=\"robots\" content=\"index, follow, max-snippet:-1, max-image-preview:large, max-video-preview:-1\" \/>\n<link rel=\"canonical\" href=\"https:\/\/nid.pl\/en\/2023\/08\/11\/henryk-mikolaj-gorecki-z-piesni-koscielnych-na-chor-mieszany-a-cappella\/\" \/>\n<meta property=\"og:locale\" content=\"en_GB\" \/>\n<meta property=\"og:type\" content=\"article\" \/>\n<meta property=\"og:title\" content=\"Henryk Miko\u0142aj G\u00f3recki - \u201eZ Pie\u015bni Ko\u015bcielnych\u201d na ch\u00f3r mieszany a cappella - NID\" \/>\n<meta property=\"og:description\" content=\"Henryk Miko\u0142aj G\u00f3rec Henryk Miko\u0142aj G\u00f3recki &#8211; \u201eZ Pie\u015bni Ko\u015bcielnych\u201d na ch\u00f3r mieszany a cappella 90. rocznica urodzin kompozytora10. rocznica pracy artystycznej dyrygenta Kamila Gojowego5. rocznica dzia\u0142alno\u015bci Zespo\u0142u \u015apiewaczego Apertum [&hellip;]\" \/>\n<meta property=\"og:url\" content=\"https:\/\/nid.pl\/en\/2023\/08\/11\/henryk-mikolaj-gorecki-z-piesni-koscielnych-na-chor-mieszany-a-cappella\/\" \/>\n<meta property=\"og:site_name\" content=\"NID\" \/>\n<meta property=\"article:publisher\" content=\"https:\/\/www.facebook.com\/zabytek\" \/>\n<meta property=\"article:published_time\" content=\"2023-08-11T14:37:19+00:00\" \/>\n<meta property=\"article:modified_time\" content=\"2023-09-06T08:33:26+00:00\" \/>\n<meta property=\"og:image\" content=\"https:\/\/nid.pl\/wp-content\/uploads\/2023\/08\/Patronat-Gorecki.jpg\" \/>\n\t<meta property=\"og:image:width\" content=\"440\" \/>\n\t<meta property=\"og:image:height\" content=\"294\" \/>\n\t<meta property=\"og:image:type\" content=\"image\/jpeg\" \/>\n<meta name=\"author\" content=\"Pawe\u0142 Ho\u0142ubiec\" \/>\n<meta name=\"twitter:card\" content=\"summary_large_image\" \/>\n<meta name=\"twitter:creator\" content=\"@NarIDpl\" \/>\n<meta name=\"twitter:site\" content=\"@NarIDpl\" \/>\n<meta name=\"twitter:label1\" content=\"Written by\" \/>\n\t<meta name=\"twitter:data1\" content=\"Pawe\u0142 Ho\u0142ubiec\" \/>\n\t<meta name=\"twitter:label2\" content=\"Estimated reading time\" \/>\n\t<meta name=\"twitter:data2\" content=\"4 minutes\" \/>\n<script type=\"application\/ld+json\" class=\"yoast-schema-graph\">{\"@context\":\"https:\/\/schema.org\",\"@graph\":[{\"@type\":\"Article\",\"@id\":\"https:\/\/nid.pl\/2023\/08\/11\/henryk-mikolaj-gorecki-z-piesni-koscielnych-na-chor-mieszany-a-cappella\/#article\",\"isPartOf\":{\"@id\":\"https:\/\/nid.pl\/2023\/08\/11\/henryk-mikolaj-gorecki-z-piesni-koscielnych-na-chor-mieszany-a-cappella\/\"},\"author\":{\"name\":\"Pawe\u0142 Ho\u0142ubiec\",\"@id\":\"https:\/\/nid.pl\/#\/schema\/person\/6f4865366b8e738aaad77a02cf4349f9\"},\"headline\":\"Henryk Miko\u0142aj G\u00f3recki &#8211; \u201eZ Pie\u015bni Ko\u015bcielnych\u201d na ch\u00f3r mieszany a cappella\",\"datePublished\":\"2023-08-11T14:37:19+00:00\",\"dateModified\":\"2023-09-06T08:33:26+00:00\",\"mainEntityOfPage\":{\"@id\":\"https:\/\/nid.pl\/2023\/08\/11\/henryk-mikolaj-gorecki-z-piesni-koscielnych-na-chor-mieszany-a-cappella\/\"},\"wordCount\":1007,\"commentCount\":0,\"publisher\":{\"@id\":\"https:\/\/nid.pl\/#organization\"},\"image\":{\"@id\":\"https:\/\/nid.pl\/2023\/08\/11\/henryk-mikolaj-gorecki-z-piesni-koscielnych-na-chor-mieszany-a-cappella\/#primaryimage\"},\"thumbnailUrl\":\"https:\/\/nid.pl\/wp-content\/uploads\/2023\/08\/Patronat-Gorecki.jpg\",\"articleSection\":[\"Patronaty\"],\"inLanguage\":\"en-GB\"},{\"@type\":\"WebPage\",\"@id\":\"https:\/\/nid.pl\/2023\/08\/11\/henryk-mikolaj-gorecki-z-piesni-koscielnych-na-chor-mieszany-a-cappella\/\",\"url\":\"https:\/\/nid.pl\/2023\/08\/11\/henryk-mikolaj-gorecki-z-piesni-koscielnych-na-chor-mieszany-a-cappella\/\",\"name\":\"Henryk Miko\u0142aj G\u00f3recki - \u201eZ Pie\u015bni Ko\u015bcielnych\u201d na ch\u00f3r mieszany a cappella - NID\",\"isPartOf\":{\"@id\":\"https:\/\/nid.pl\/#website\"},\"primaryImageOfPage\":{\"@id\":\"https:\/\/nid.pl\/2023\/08\/11\/henryk-mikolaj-gorecki-z-piesni-koscielnych-na-chor-mieszany-a-cappella\/#primaryimage\"},\"image\":{\"@id\":\"https:\/\/nid.pl\/2023\/08\/11\/henryk-mikolaj-gorecki-z-piesni-koscielnych-na-chor-mieszany-a-cappella\/#primaryimage\"},\"thumbnailUrl\":\"https:\/\/nid.pl\/wp-content\/uploads\/2023\/08\/Patronat-Gorecki.jpg\",\"datePublished\":\"2023-08-11T14:37:19+00:00\",\"dateModified\":\"2023-09-06T08:33:26+00:00\",\"breadcrumb\":{\"@id\":\"https:\/\/nid.pl\/2023\/08\/11\/henryk-mikolaj-gorecki-z-piesni-koscielnych-na-chor-mieszany-a-cappella\/#breadcrumb\"},\"inLanguage\":\"en-GB\",\"potentialAction\":[{\"@type\":\"ReadAction\",\"target\":[\"https:\/\/nid.pl\/2023\/08\/11\/henryk-mikolaj-gorecki-z-piesni-koscielnych-na-chor-mieszany-a-cappella\/\"]}]},{\"@type\":\"ImageObject\",\"inLanguage\":\"en-GB\",\"@id\":\"https:\/\/nid.pl\/2023\/08\/11\/henryk-mikolaj-gorecki-z-piesni-koscielnych-na-chor-mieszany-a-cappella\/#primaryimage\",\"url\":\"https:\/\/nid.pl\/wp-content\/uploads\/2023\/08\/Patronat-Gorecki.jpg\",\"contentUrl\":\"https:\/\/nid.pl\/wp-content\/uploads\/2023\/08\/Patronat-Gorecki.jpg\",\"width\":440,\"height\":294,\"caption\":\"Patronat Gorecki\"},{\"@type\":\"BreadcrumbList\",\"@id\":\"https:\/\/nid.pl\/2023\/08\/11\/henryk-mikolaj-gorecki-z-piesni-koscielnych-na-chor-mieszany-a-cappella\/#breadcrumb\",\"itemListElement\":[{\"@type\":\"ListItem\",\"position\":1,\"name\":\"Home\",\"item\":\"https:\/\/nid.pl\/\"},{\"@type\":\"ListItem\",\"position\":2,\"name\":\"Henryk Miko\u0142aj G\u00f3recki &#8211; \u201eZ Pie\u015bni Ko\u015bcielnych\u201d na ch\u00f3r mieszany a cappella\"}]},{\"@type\":\"WebSite\",\"@id\":\"https:\/\/nid.pl\/#website\",\"url\":\"https:\/\/nid.pl\/\",\"name\":\"NID\",\"description\":\"Narodowy Instytut Dziedzictwa\",\"publisher\":{\"@id\":\"https:\/\/nid.pl\/#organization\"},\"potentialAction\":[{\"@type\":\"SearchAction\",\"target\":{\"@type\":\"EntryPoint\",\"urlTemplate\":\"https:\/\/nid.pl\/?s={search_term_string}\"},\"query-input\":{\"@type\":\"PropertyValueSpecification\",\"valueRequired\":true,\"valueName\":\"search_term_string\"}}],\"inLanguage\":\"en-GB\"},{\"@type\":\"Organization\",\"@id\":\"https:\/\/nid.pl\/#organization\",\"name\":\"Narodowy Instytut Dziedzictwa\",\"url\":\"https:\/\/nid.pl\/\",\"logo\":{\"@type\":\"ImageObject\",\"inLanguage\":\"en-GB\",\"@id\":\"https:\/\/nid.pl\/#\/schema\/logo\/image\/\",\"url\":\"https:\/\/nid.pl\/wp-content\/uploads\/2022\/10\/logoRedDark.png\",\"contentUrl\":\"https:\/\/nid.pl\/wp-content\/uploads\/2022\/10\/logoRedDark.png\",\"width\":200,\"height\":197,\"caption\":\"Narodowy Instytut Dziedzictwa\"},\"image\":{\"@id\":\"https:\/\/nid.pl\/#\/schema\/logo\/image\/\"},\"sameAs\":[\"https:\/\/www.facebook.com\/zabytek\",\"https:\/\/x.com\/NarIDpl\",\"https:\/\/www.instagram.com\/nid.pl\/?hl=pl\",\"https:\/\/www.linkedin.com\/company\/narodowy-instytut-dziedzictwa\",\"https:\/\/www.youtube.com\/channel\/UCQXuhKa2uHtmNvLRUSx40JA\"]},{\"@type\":\"Person\",\"@id\":\"https:\/\/nid.pl\/#\/schema\/person\/6f4865366b8e738aaad77a02cf4349f9\",\"name\":\"Pawe\u0142 Ho\u0142ubiec\",\"image\":{\"@type\":\"ImageObject\",\"inLanguage\":\"en-GB\",\"@id\":\"https:\/\/nid.pl\/#\/schema\/person\/image\/\",\"url\":\"https:\/\/nid.pl\/wp-content\/litespeed\/avatar\/ad1216c673a4a002d1ab6a616eb479c1.jpg?ver=1777448508\",\"contentUrl\":\"https:\/\/nid.pl\/wp-content\/litespeed\/avatar\/ad1216c673a4a002d1ab6a616eb479c1.jpg?ver=1777448508\",\"caption\":\"Pawe\u0142 Ho\u0142ubiec\"},\"url\":\"https:\/\/nid.pl\/en\/author\/pholubiec\/\"}]}<\/script>\n<!-- \/ Yoast SEO plugin. -->","yoast_head_json":{"title":"Henryk Miko\u0142aj G\u00f3recki - \u201eZ Pie\u015bni Ko\u015bcielnych\u201d na ch\u00f3r mieszany a cappella - NID","robots":{"index":"index","follow":"follow","max-snippet":"max-snippet:-1","max-image-preview":"max-image-preview:large","max-video-preview":"max-video-preview:-1"},"canonical":"https:\/\/nid.pl\/en\/2023\/08\/11\/henryk-mikolaj-gorecki-z-piesni-koscielnych-na-chor-mieszany-a-cappella\/","og_locale":"en_GB","og_type":"article","og_title":"Henryk Miko\u0142aj G\u00f3recki - \u201eZ Pie\u015bni Ko\u015bcielnych\u201d na ch\u00f3r mieszany a cappella - NID","og_description":"Henryk Miko\u0142aj G\u00f3rec Henryk Miko\u0142aj G\u00f3recki &#8211; \u201eZ Pie\u015bni Ko\u015bcielnych\u201d na ch\u00f3r mieszany a cappella 90. rocznica urodzin kompozytora10. rocznica pracy artystycznej dyrygenta Kamila Gojowego5. rocznica dzia\u0142alno\u015bci Zespo\u0142u \u015apiewaczego Apertum [&hellip;]","og_url":"https:\/\/nid.pl\/en\/2023\/08\/11\/henryk-mikolaj-gorecki-z-piesni-koscielnych-na-chor-mieszany-a-cappella\/","og_site_name":"NID","article_publisher":"https:\/\/www.facebook.com\/zabytek","article_published_time":"2023-08-11T14:37:19+00:00","article_modified_time":"2023-09-06T08:33:26+00:00","og_image":[{"width":440,"height":294,"url":"https:\/\/nid.pl\/wp-content\/uploads\/2023\/08\/Patronat-Gorecki.jpg","type":"image\/jpeg"}],"author":"Pawe\u0142 Ho\u0142ubiec","twitter_card":"summary_large_image","twitter_creator":"@NarIDpl","twitter_site":"@NarIDpl","twitter_misc":{"Written by":"Pawe\u0142 Ho\u0142ubiec","Estimated reading time":"4 minutes"},"schema":{"@context":"https:\/\/schema.org","@graph":[{"@type":"Article","@id":"https:\/\/nid.pl\/2023\/08\/11\/henryk-mikolaj-gorecki-z-piesni-koscielnych-na-chor-mieszany-a-cappella\/#article","isPartOf":{"@id":"https:\/\/nid.pl\/2023\/08\/11\/henryk-mikolaj-gorecki-z-piesni-koscielnych-na-chor-mieszany-a-cappella\/"},"author":{"name":"Pawe\u0142 Ho\u0142ubiec","@id":"https:\/\/nid.pl\/#\/schema\/person\/6f4865366b8e738aaad77a02cf4349f9"},"headline":"Henryk Miko\u0142aj G\u00f3recki &#8211; \u201eZ Pie\u015bni Ko\u015bcielnych\u201d na ch\u00f3r mieszany a cappella","datePublished":"2023-08-11T14:37:19+00:00","dateModified":"2023-09-06T08:33:26+00:00","mainEntityOfPage":{"@id":"https:\/\/nid.pl\/2023\/08\/11\/henryk-mikolaj-gorecki-z-piesni-koscielnych-na-chor-mieszany-a-cappella\/"},"wordCount":1007,"commentCount":0,"publisher":{"@id":"https:\/\/nid.pl\/#organization"},"image":{"@id":"https:\/\/nid.pl\/2023\/08\/11\/henryk-mikolaj-gorecki-z-piesni-koscielnych-na-chor-mieszany-a-cappella\/#primaryimage"},"thumbnailUrl":"https:\/\/nid.pl\/wp-content\/uploads\/2023\/08\/Patronat-Gorecki.jpg","articleSection":["Patronaty"],"inLanguage":"en-GB"},{"@type":"WebPage","@id":"https:\/\/nid.pl\/2023\/08\/11\/henryk-mikolaj-gorecki-z-piesni-koscielnych-na-chor-mieszany-a-cappella\/","url":"https:\/\/nid.pl\/2023\/08\/11\/henryk-mikolaj-gorecki-z-piesni-koscielnych-na-chor-mieszany-a-cappella\/","name":"Henryk Miko\u0142aj G\u00f3recki - \u201eZ Pie\u015bni Ko\u015bcielnych\u201d na ch\u00f3r mieszany a cappella - NID","isPartOf":{"@id":"https:\/\/nid.pl\/#website"},"primaryImageOfPage":{"@id":"https:\/\/nid.pl\/2023\/08\/11\/henryk-mikolaj-gorecki-z-piesni-koscielnych-na-chor-mieszany-a-cappella\/#primaryimage"},"image":{"@id":"https:\/\/nid.pl\/2023\/08\/11\/henryk-mikolaj-gorecki-z-piesni-koscielnych-na-chor-mieszany-a-cappella\/#primaryimage"},"thumbnailUrl":"https:\/\/nid.pl\/wp-content\/uploads\/2023\/08\/Patronat-Gorecki.jpg","datePublished":"2023-08-11T14:37:19+00:00","dateModified":"2023-09-06T08:33:26+00:00","breadcrumb":{"@id":"https:\/\/nid.pl\/2023\/08\/11\/henryk-mikolaj-gorecki-z-piesni-koscielnych-na-chor-mieszany-a-cappella\/#breadcrumb"},"inLanguage":"en-GB","potentialAction":[{"@type":"ReadAction","target":["https:\/\/nid.pl\/2023\/08\/11\/henryk-mikolaj-gorecki-z-piesni-koscielnych-na-chor-mieszany-a-cappella\/"]}]},{"@type":"ImageObject","inLanguage":"en-GB","@id":"https:\/\/nid.pl\/2023\/08\/11\/henryk-mikolaj-gorecki-z-piesni-koscielnych-na-chor-mieszany-a-cappella\/#primaryimage","url":"https:\/\/nid.pl\/wp-content\/uploads\/2023\/08\/Patronat-Gorecki.jpg","contentUrl":"https:\/\/nid.pl\/wp-content\/uploads\/2023\/08\/Patronat-Gorecki.jpg","width":440,"height":294,"caption":"Patronat Gorecki"},{"@type":"BreadcrumbList","@id":"https:\/\/nid.pl\/2023\/08\/11\/henryk-mikolaj-gorecki-z-piesni-koscielnych-na-chor-mieszany-a-cappella\/#breadcrumb","itemListElement":[{"@type":"ListItem","position":1,"name":"Home","item":"https:\/\/nid.pl\/"},{"@type":"ListItem","position":2,"name":"Henryk Miko\u0142aj G\u00f3recki &#8211; \u201eZ Pie\u015bni Ko\u015bcielnych\u201d na ch\u00f3r mieszany a cappella"}]},{"@type":"WebSite","@id":"https:\/\/nid.pl\/#website","url":"https:\/\/nid.pl\/","name":"NID","description":"Narodowy Instytut Dziedzictwa","publisher":{"@id":"https:\/\/nid.pl\/#organization"},"potentialAction":[{"@type":"SearchAction","target":{"@type":"EntryPoint","urlTemplate":"https:\/\/nid.pl\/?s={search_term_string}"},"query-input":{"@type":"PropertyValueSpecification","valueRequired":true,"valueName":"search_term_string"}}],"inLanguage":"en-GB"},{"@type":"Organization","@id":"https:\/\/nid.pl\/#organization","name":"Narodowy Instytut Dziedzictwa","url":"https:\/\/nid.pl\/","logo":{"@type":"ImageObject","inLanguage":"en-GB","@id":"https:\/\/nid.pl\/#\/schema\/logo\/image\/","url":"https:\/\/nid.pl\/wp-content\/uploads\/2022\/10\/logoRedDark.png","contentUrl":"https:\/\/nid.pl\/wp-content\/uploads\/2022\/10\/logoRedDark.png","width":200,"height":197,"caption":"Narodowy Instytut Dziedzictwa"},"image":{"@id":"https:\/\/nid.pl\/#\/schema\/logo\/image\/"},"sameAs":["https:\/\/www.facebook.com\/zabytek","https:\/\/x.com\/NarIDpl","https:\/\/www.instagram.com\/nid.pl\/?hl=pl","https:\/\/www.linkedin.com\/company\/narodowy-instytut-dziedzictwa","https:\/\/www.youtube.com\/channel\/UCQXuhKa2uHtmNvLRUSx40JA"]},{"@type":"Person","@id":"https:\/\/nid.pl\/#\/schema\/person\/6f4865366b8e738aaad77a02cf4349f9","name":"Pawe\u0142 Ho\u0142ubiec","image":{"@type":"ImageObject","inLanguage":"en-GB","@id":"https:\/\/nid.pl\/#\/schema\/person\/image\/","url":"https:\/\/nid.pl\/wp-content\/litespeed\/avatar\/ad1216c673a4a002d1ab6a616eb479c1.jpg?ver=1777448508","contentUrl":"https:\/\/nid.pl\/wp-content\/litespeed\/avatar\/ad1216c673a4a002d1ab6a616eb479c1.jpg?ver=1777448508","caption":"Pawe\u0142 Ho\u0142ubiec"},"url":"https:\/\/nid.pl\/en\/author\/pholubiec\/"}]}},"_links":{"self":[{"href":"https:\/\/nid.pl\/en\/wp-json\/wp\/v2\/posts\/12748","targetHints":{"allow":["GET"]}}],"collection":[{"href":"https:\/\/nid.pl\/en\/wp-json\/wp\/v2\/posts"}],"about":[{"href":"https:\/\/nid.pl\/en\/wp-json\/wp\/v2\/types\/post"}],"author":[{"embeddable":true,"href":"https:\/\/nid.pl\/en\/wp-json\/wp\/v2\/users\/10"}],"replies":[{"embeddable":true,"href":"https:\/\/nid.pl\/en\/wp-json\/wp\/v2\/comments?post=12748"}],"version-history":[{"count":0,"href":"https:\/\/nid.pl\/en\/wp-json\/wp\/v2\/posts\/12748\/revisions"}],"wp:featuredmedia":[{"embeddable":true,"href":"https:\/\/nid.pl\/en\/wp-json\/wp\/v2\/media\/13161"}],"wp:attachment":[{"href":"https:\/\/nid.pl\/en\/wp-json\/wp\/v2\/media?parent=12748"}],"wp:term":[{"taxonomy":"category","embeddable":true,"href":"https:\/\/nid.pl\/en\/wp-json\/wp\/v2\/categories?post=12748"},{"taxonomy":"post_tag","embeddable":true,"href":"https:\/\/nid.pl\/en\/wp-json\/wp\/v2\/tags?post=12748"}],"curies":[{"name":"wp","href":"https:\/\/api.w.org\/{rel}","templated":true}]}}