{"id":12733,"date":"2023-08-11T15:29:12","date_gmt":"2023-08-11T13:29:12","guid":{"rendered":"https:\/\/nid.pl\/?p=12733"},"modified":"2023-08-22T11:05:46","modified_gmt":"2023-08-22T09:05:46","slug":"miedzynarodowa-konferencja-naukowa-archeologia-ogrodow-historycznych","status":"publish","type":"post","link":"https:\/\/nid.pl\/en\/2023\/08\/11\/miedzynarodowa-konferencja-naukowa-archeologia-ogrodow-historycznych\/","title":{"rendered":"Mi\u0119dzynarodowa konferencja naukowa \u201eArcheologia ogrod\u00f3w historycznych\u201d"},"content":{"rendered":"<p><strong>Narodowy Instytut Dziedzictwa oraz Stowarzyszenie Zamku Krzy\u017ctop\u00f3r w Uje\u017adzie zapraszaj\u0105 do udzia\u0142u w mi\u0119dzynarodowej konferencji naukowej \u201eArcheologia ogrod\u00f3w historycznych\u201d, kt\u00f3ra odb\u0119dzie si\u0119 w dniach 6-8 wrze\u015bnia 2023 roku w Zamku Krzy\u017ctop\u00f3r w Uje\u017adzie<\/strong>. <strong>Udzia\u0142 w wydarzeniu jest bezp\u0142atny. Zach\u0119camy do rejestracji.<\/strong><\/p>\n\n\n\n<p>Zagadnienia archeologii ogrodowej maj\u0105 szczeg\u00f3lne znaczenie dla Narodowego Instytutu Dziedzictwa, kt\u00f3ry by\u0142 inicjatorem upowszechnienia &nbsp;takich bada\u0144 w Polsce. Instytut zrealizowa\u0142 wiele szeroko zakrojonych prac w obiektach o wyj\u0105tkowym znaczeniu dla dziedzictwa polskiej sztuki ogrodowej, mi\u0119dzy innymi w Ogrodach w Wilanowie, Podhorcach i Ogrodzie Branickich w Bia\u0142ymstoku. Opracowane metody badawcze wykorzystuje si\u0119 tak\u017ce od wielu lat w Parku Mu\u017cakowskim w \u0141\u0119knicy, kt\u00f3ry znajduje si\u0119 pod zarz\u0105dem NID. Badania archeologiczne by\u0142y r\u00f3wnie\u017c prowadzone na terenie pa\u0142acowych ogrod\u00f3w Zamku Krzy\u017ctop\u00f3r w Uje\u017adzie, podczas kt\u00f3rych archeolodzy odkryli pozosta\u0142o\u015bci kamiennej architektury ogrodowej.<\/p>\n\n\n\n<p>W dniach 6-8 wrze\u015bnia 2023 roku odb\u0119dzie si\u0119 mi\u0119dzynarodowa konferencja naukowa, kt\u00f3rej celem jest stworzenie platformy do wymiany pogl\u0105d\u00f3w i do\u015bwiadcze\u0144 w zakresie archeologicznych metod badawczych wspomagaj\u0105cych procesy konserwatorskie zwi\u0105zane z zabytkowymi ogrodami. Na konferencji zostanie wyg\u0142oszonych ponad 30 referat\u00f3w, przygotowanych przez wybitnych praktyk\u00f3w w dziedzinie archeologii ogrodowej, kt\u00f3rych przedmiotem b\u0119d\u0105 ogrody z niemal ca\u0142ej Europy. Jedna z sesji zostanie po\u015bwi\u0119cona zagadnieniom zwi\u0105zanymi z histori\u0105, badaniami i planowan\u0105 przysz\u0142o\u015bci\u0105 dawnych ogrod\u00f3w Zamku Krzy\u017ctop\u00f3r.&nbsp;<\/p>\n\n\n\n<p>Wyk\u0142ad inauguracyjny konferencji wyg\u0142osi niezale\u017cny archeolog brytyjski, Brian Dix, a jej podsumowaniem b\u0119dzie dyskusja, kt\u00f3r\u0105 zako\u0144czy sformu\u0142owanie wniosk\u00f3w i zalece\u0144 dotycz\u0105cych stosowania bada\u0144 w archeologii ogrodowej.<\/p>\n\n\n\n<p><a href=\"https:\/\/nid.pl\/wp-content\/uploads\/2023\/08\/Wstepny-program-konferencji-Krzyztopor-2023.pdf\">Wst\u0119pny program konferencji<\/a>.<\/p>\n\n\n\n<p>Dodatkow\u0105 atrakcj\u0105 dla uczestnik\u00f3w konferencji b\u0119dzie wystawa wybranych archiwali\u00f3w ze spu\u015bcizny po prof. Gerardzie Cio\u0142ku, kt\u00f3ra znajduj\u0105 si\u0119 w zasobach NID. Ponad 21 tysi\u0119cy dokument\u00f3w z tego zasobu zosta\u0142o zdigitalizowanych i udost\u0119pnionych na portalach NID: <a href=\"https:\/\/archiwum.zabytek.pl\/pl\/dokumenty?sekcja=spuscizny&amp;strona=2\">Dokumenty &#8211; Archiwum.Zabytek.pl<\/a> oraz <a href=\"https:\/\/dokument.zabytek.gov.pl\/\">NID | Dokumentacja (zabytek.gov.pl)<\/a>.<\/p>\n\n\n\n<p>Rada Naukowa konferencji: Brian Dix, Geert Vynckier, Andrzej Go\u0142embnik.<\/p>\n\n\n\n<p>Sekretarz konferencji: dr Renata Stacha\u0144czyk (NID)<\/p>\n\n\n\n<p>Wydarzenie b\u0119dzie dost\u0119pne w j\u0119zyku polskim i angielskim.<\/p>\n\n\n\n<p><strong>Rejestracja:<\/strong> Zainteresowanych udzia\u0142em prosimy o kontakt z dr Renat\u0105 Stacha\u0144czyk <a>rstachanczyk@nid.pl<\/a>, do 25 sierpnia 2023 roku.  Warunkiem udzia\u0142u w konferencji jest otrzymanie potwierdzenia po wcze\u015bniejszej rejestracji.&nbsp;Udzia\u0142 w wydarzeniu jest bezp\u0142atny.<\/p>\n\n\n\n<p><\/p>\n\n\n\n<p>Patronat honorowy nad wydarzeniem obj\u0119\u0142o Stowarzyszenie Konserwator\u00f3w Zabytk\u00f3w.<\/p>\n\n\n\n<p>Organizacja mi\u0119dzynarodowej konferencji pt. \u201eArcheologia ogrod\u00f3w historycznych\u201d (ang. \u201eEuropean Conference on Archeology of Historic Gardens\u201d) zosta\u0142a sfinansowana ze \u015brodk\u00f3w Ministerstwa Kultury i Dziedzictwa Narodowego.<\/p>","protected":false},"excerpt":{"rendered":"<p>Narodowy Instytut Dziedzictwa oraz Stowarzyszenie Zamku Krzy\u017ctop\u00f3r w Uje\u017adzie zapraszaj\u0105 do udzia\u0142u w mi\u0119dzynarodowej konferencji naukowej \u201eArcheologia ogrod\u00f3w historycznych\u201d, kt\u00f3ra odb\u0119dzie si\u0119 w dniach 6-8 wrze\u015bnia 2023 roku w Zamku [&hellip;]<\/p>","protected":false},"author":10,"featured_media":12734,"comment_status":"open","ping_status":"open","sticky":false,"template":"","format":"standard","meta":{"_et_pb_use_builder":"off","_et_pb_old_content":"","_et_gb_content_width":"","_monsterinsights_skip_tracking":false,"_monsterinsights_sitenote_active":false,"_monsterinsights_sitenote_note":"","_monsterinsights_sitenote_category":0,"footnotes":""},"categories":[3],"tags":[],"class_list":["post-12733","post","type-post","status-publish","format-standard","has-post-thumbnail","hentry","category-aktualnosci"],"yoast_head":"<!-- This site is optimized with the Yoast SEO plugin v26.5 - https:\/\/yoast.com\/wordpress\/plugins\/seo\/ -->\n<title>Mi\u0119dzynarodowa konferencja naukowa \u201eArcheologia ogrod\u00f3w historycznych\u201d - NID<\/title>\n<meta name=\"robots\" content=\"index, follow, max-snippet:-1, max-image-preview:large, max-video-preview:-1\" \/>\n<link rel=\"canonical\" href=\"http:\/\/nid.pl\/en\/2023\/08\/11\/miedzynarodowa-konferencja-naukowa-archeologia-ogrodow-historycznych\/\" \/>\n<meta property=\"og:locale\" content=\"en_GB\" \/>\n<meta property=\"og:type\" content=\"article\" \/>\n<meta property=\"og:title\" content=\"Mi\u0119dzynarodowa konferencja naukowa \u201eArcheologia ogrod\u00f3w historycznych\u201d - NID\" \/>\n<meta property=\"og:description\" content=\"Narodowy Instytut Dziedzictwa oraz Stowarzyszenie Zamku Krzy\u017ctop\u00f3r w Uje\u017adzie zapraszaj\u0105 do udzia\u0142u w mi\u0119dzynarodowej konferencji naukowej \u201eArcheologia ogrod\u00f3w historycznych\u201d, kt\u00f3ra odb\u0119dzie si\u0119 w dniach 6-8 wrze\u015bnia 2023 roku w Zamku [&hellip;]\" \/>\n<meta property=\"og:url\" content=\"http:\/\/nid.pl\/en\/2023\/08\/11\/miedzynarodowa-konferencja-naukowa-archeologia-ogrodow-historycznych\/\" \/>\n<meta property=\"og:site_name\" content=\"NID\" \/>\n<meta property=\"article:publisher\" content=\"https:\/\/www.facebook.com\/zabytek\" \/>\n<meta property=\"article:published_time\" content=\"2023-08-11T13:29:12+00:00\" \/>\n<meta property=\"article:modified_time\" content=\"2023-08-22T09:05:46+00:00\" \/>\n<meta property=\"og:image\" content=\"https:\/\/nid.pl\/wp-content\/uploads\/2023\/08\/miniaturka-krzyztopor-1024x683.png\" \/>\n\t<meta property=\"og:image:width\" content=\"1024\" \/>\n\t<meta property=\"og:image:height\" content=\"683\" \/>\n\t<meta property=\"og:image:type\" content=\"image\/png\" \/>\n<meta name=\"author\" content=\"Pawe\u0142 Ho\u0142ubiec\" \/>\n<meta name=\"twitter:card\" content=\"summary_large_image\" \/>\n<meta name=\"twitter:creator\" content=\"@NarIDpl\" \/>\n<meta name=\"twitter:site\" content=\"@NarIDpl\" \/>\n<meta name=\"twitter:label1\" content=\"Written by\" \/>\n\t<meta name=\"twitter:data1\" content=\"Pawe\u0142 Ho\u0142ubiec\" \/>\n\t<meta name=\"twitter:label2\" content=\"Estimated reading time\" \/>\n\t<meta name=\"twitter:data2\" content=\"2 minutes\" \/>\n<script type=\"application\/ld+json\" class=\"yoast-schema-graph\">{\"@context\":\"https:\/\/schema.org\",\"@graph\":[{\"@type\":\"Article\",\"@id\":\"http:\/\/nid.pl\/en\/2023\/08\/11\/miedzynarodowa-konferencja-naukowa-archeologia-ogrodow-historycznych\/#article\",\"isPartOf\":{\"@id\":\"http:\/\/nid.pl\/en\/2023\/08\/11\/miedzynarodowa-konferencja-naukowa-archeologia-ogrodow-historycznych\/\"},\"author\":{\"name\":\"Pawe\u0142 Ho\u0142ubiec\",\"@id\":\"https:\/\/nid.pl\/#\/schema\/person\/6f4865366b8e738aaad77a02cf4349f9\"},\"headline\":\"Mi\u0119dzynarodowa konferencja naukowa \u201eArcheologia ogrod\u00f3w historycznych\u201d\",\"datePublished\":\"2023-08-11T13:29:12+00:00\",\"dateModified\":\"2023-08-22T09:05:46+00:00\",\"mainEntityOfPage\":{\"@id\":\"http:\/\/nid.pl\/en\/2023\/08\/11\/miedzynarodowa-konferencja-naukowa-archeologia-ogrodow-historycznych\/\"},\"wordCount\":462,\"commentCount\":0,\"publisher\":{\"@id\":\"https:\/\/nid.pl\/#organization\"},\"image\":{\"@id\":\"http:\/\/nid.pl\/en\/2023\/08\/11\/miedzynarodowa-konferencja-naukowa-archeologia-ogrodow-historycznych\/#primaryimage\"},\"thumbnailUrl\":\"https:\/\/nid.pl\/wp-content\/uploads\/2023\/08\/miniaturka-krzyztopor.png\",\"articleSection\":[\"Aktualno\u015bci\"],\"inLanguage\":\"en-GB\"},{\"@type\":\"WebPage\",\"@id\":\"http:\/\/nid.pl\/en\/2023\/08\/11\/miedzynarodowa-konferencja-naukowa-archeologia-ogrodow-historycznych\/\",\"url\":\"http:\/\/nid.pl\/en\/2023\/08\/11\/miedzynarodowa-konferencja-naukowa-archeologia-ogrodow-historycznych\/\",\"name\":\"Mi\u0119dzynarodowa konferencja naukowa \u201eArcheologia ogrod\u00f3w historycznych\u201d - NID\",\"isPartOf\":{\"@id\":\"https:\/\/nid.pl\/#website\"},\"primaryImageOfPage\":{\"@id\":\"http:\/\/nid.pl\/en\/2023\/08\/11\/miedzynarodowa-konferencja-naukowa-archeologia-ogrodow-historycznych\/#primaryimage\"},\"image\":{\"@id\":\"http:\/\/nid.pl\/en\/2023\/08\/11\/miedzynarodowa-konferencja-naukowa-archeologia-ogrodow-historycznych\/#primaryimage\"},\"thumbnailUrl\":\"https:\/\/nid.pl\/wp-content\/uploads\/2023\/08\/miniaturka-krzyztopor.png\",\"datePublished\":\"2023-08-11T13:29:12+00:00\",\"dateModified\":\"2023-08-22T09:05:46+00:00\",\"breadcrumb\":{\"@id\":\"http:\/\/nid.pl\/en\/2023\/08\/11\/miedzynarodowa-konferencja-naukowa-archeologia-ogrodow-historycznych\/#breadcrumb\"},\"inLanguage\":\"en-GB\",\"potentialAction\":[{\"@type\":\"ReadAction\",\"target\":[\"http:\/\/nid.pl\/en\/2023\/08\/11\/miedzynarodowa-konferencja-naukowa-archeologia-ogrodow-historycznych\/\"]}]},{\"@type\":\"ImageObject\",\"inLanguage\":\"en-GB\",\"@id\":\"http:\/\/nid.pl\/en\/2023\/08\/11\/miedzynarodowa-konferencja-naukowa-archeologia-ogrodow-historycznych\/#primaryimage\",\"url\":\"https:\/\/nid.pl\/wp-content\/uploads\/2023\/08\/miniaturka-krzyztopor.png\",\"contentUrl\":\"https:\/\/nid.pl\/wp-content\/uploads\/2023\/08\/miniaturka-krzyztopor.png\",\"width\":1857,\"height\":1238,\"caption\":\"miniaturka krzyztopor\"},{\"@type\":\"BreadcrumbList\",\"@id\":\"http:\/\/nid.pl\/en\/2023\/08\/11\/miedzynarodowa-konferencja-naukowa-archeologia-ogrodow-historycznych\/#breadcrumb\",\"itemListElement\":[{\"@type\":\"ListItem\",\"position\":1,\"name\":\"Home\",\"item\":\"https:\/\/nid.pl\/\"},{\"@type\":\"ListItem\",\"position\":2,\"name\":\"Mi\u0119dzynarodowa konferencja naukowa \u201eArcheologia ogrod\u00f3w historycznych\u201d\"}]},{\"@type\":\"WebSite\",\"@id\":\"https:\/\/nid.pl\/#website\",\"url\":\"https:\/\/nid.pl\/\",\"name\":\"NID\",\"description\":\"Narodowy Instytut Dziedzictwa\",\"publisher\":{\"@id\":\"https:\/\/nid.pl\/#organization\"},\"potentialAction\":[{\"@type\":\"SearchAction\",\"target\":{\"@type\":\"EntryPoint\",\"urlTemplate\":\"https:\/\/nid.pl\/?s={search_term_string}\"},\"query-input\":{\"@type\":\"PropertyValueSpecification\",\"valueRequired\":true,\"valueName\":\"search_term_string\"}}],\"inLanguage\":\"en-GB\"},{\"@type\":\"Organization\",\"@id\":\"https:\/\/nid.pl\/#organization\",\"name\":\"Narodowy Instytut Dziedzictwa\",\"url\":\"https:\/\/nid.pl\/\",\"logo\":{\"@type\":\"ImageObject\",\"inLanguage\":\"en-GB\",\"@id\":\"https:\/\/nid.pl\/#\/schema\/logo\/image\/\",\"url\":\"https:\/\/nid.pl\/wp-content\/uploads\/2022\/10\/logoRedDark.png\",\"contentUrl\":\"https:\/\/nid.pl\/wp-content\/uploads\/2022\/10\/logoRedDark.png\",\"width\":200,\"height\":197,\"caption\":\"Narodowy Instytut Dziedzictwa\"},\"image\":{\"@id\":\"https:\/\/nid.pl\/#\/schema\/logo\/image\/\"},\"sameAs\":[\"https:\/\/www.facebook.com\/zabytek\",\"https:\/\/x.com\/NarIDpl\",\"https:\/\/www.instagram.com\/nid.pl\/?hl=pl\",\"https:\/\/www.linkedin.com\/company\/narodowy-instytut-dziedzictwa\",\"https:\/\/www.youtube.com\/channel\/UCQXuhKa2uHtmNvLRUSx40JA\"]},{\"@type\":\"Person\",\"@id\":\"https:\/\/nid.pl\/#\/schema\/person\/6f4865366b8e738aaad77a02cf4349f9\",\"name\":\"Pawe\u0142 Ho\u0142ubiec\",\"image\":{\"@type\":\"ImageObject\",\"inLanguage\":\"en-GB\",\"@id\":\"https:\/\/nid.pl\/#\/schema\/person\/image\/\",\"url\":\"https:\/\/nid.pl\/wp-content\/litespeed\/avatar\/ad1216c673a4a002d1ab6a616eb479c1.jpg?ver=1777448508\",\"contentUrl\":\"https:\/\/nid.pl\/wp-content\/litespeed\/avatar\/ad1216c673a4a002d1ab6a616eb479c1.jpg?ver=1777448508\",\"caption\":\"Pawe\u0142 Ho\u0142ubiec\"},\"url\":\"https:\/\/nid.pl\/en\/author\/pholubiec\/\"}]}<\/script>\n<!-- \/ Yoast SEO plugin. -->","yoast_head_json":{"title":"Mi\u0119dzynarodowa konferencja naukowa \u201eArcheologia ogrod\u00f3w historycznych\u201d - NID","robots":{"index":"index","follow":"follow","max-snippet":"max-snippet:-1","max-image-preview":"max-image-preview:large","max-video-preview":"max-video-preview:-1"},"canonical":"http:\/\/nid.pl\/en\/2023\/08\/11\/miedzynarodowa-konferencja-naukowa-archeologia-ogrodow-historycznych\/","og_locale":"en_GB","og_type":"article","og_title":"Mi\u0119dzynarodowa konferencja naukowa \u201eArcheologia ogrod\u00f3w historycznych\u201d - NID","og_description":"Narodowy Instytut Dziedzictwa oraz Stowarzyszenie Zamku Krzy\u017ctop\u00f3r w Uje\u017adzie zapraszaj\u0105 do udzia\u0142u w mi\u0119dzynarodowej konferencji naukowej \u201eArcheologia ogrod\u00f3w historycznych\u201d, kt\u00f3ra odb\u0119dzie si\u0119 w dniach 6-8 wrze\u015bnia 2023 roku w Zamku [&hellip;]","og_url":"http:\/\/nid.pl\/en\/2023\/08\/11\/miedzynarodowa-konferencja-naukowa-archeologia-ogrodow-historycznych\/","og_site_name":"NID","article_publisher":"https:\/\/www.facebook.com\/zabytek","article_published_time":"2023-08-11T13:29:12+00:00","article_modified_time":"2023-08-22T09:05:46+00:00","og_image":[{"width":1024,"height":683,"url":"https:\/\/nid.pl\/wp-content\/uploads\/2023\/08\/miniaturka-krzyztopor-1024x683.png","type":"image\/png"}],"author":"Pawe\u0142 Ho\u0142ubiec","twitter_card":"summary_large_image","twitter_creator":"@NarIDpl","twitter_site":"@NarIDpl","twitter_misc":{"Written by":"Pawe\u0142 Ho\u0142ubiec","Estimated reading time":"2 minutes"},"schema":{"@context":"https:\/\/schema.org","@graph":[{"@type":"Article","@id":"http:\/\/nid.pl\/en\/2023\/08\/11\/miedzynarodowa-konferencja-naukowa-archeologia-ogrodow-historycznych\/#article","isPartOf":{"@id":"http:\/\/nid.pl\/en\/2023\/08\/11\/miedzynarodowa-konferencja-naukowa-archeologia-ogrodow-historycznych\/"},"author":{"name":"Pawe\u0142 Ho\u0142ubiec","@id":"https:\/\/nid.pl\/#\/schema\/person\/6f4865366b8e738aaad77a02cf4349f9"},"headline":"Mi\u0119dzynarodowa konferencja naukowa \u201eArcheologia ogrod\u00f3w historycznych\u201d","datePublished":"2023-08-11T13:29:12+00:00","dateModified":"2023-08-22T09:05:46+00:00","mainEntityOfPage":{"@id":"http:\/\/nid.pl\/en\/2023\/08\/11\/miedzynarodowa-konferencja-naukowa-archeologia-ogrodow-historycznych\/"},"wordCount":462,"commentCount":0,"publisher":{"@id":"https:\/\/nid.pl\/#organization"},"image":{"@id":"http:\/\/nid.pl\/en\/2023\/08\/11\/miedzynarodowa-konferencja-naukowa-archeologia-ogrodow-historycznych\/#primaryimage"},"thumbnailUrl":"https:\/\/nid.pl\/wp-content\/uploads\/2023\/08\/miniaturka-krzyztopor.png","articleSection":["Aktualno\u015bci"],"inLanguage":"en-GB"},{"@type":"WebPage","@id":"http:\/\/nid.pl\/en\/2023\/08\/11\/miedzynarodowa-konferencja-naukowa-archeologia-ogrodow-historycznych\/","url":"http:\/\/nid.pl\/en\/2023\/08\/11\/miedzynarodowa-konferencja-naukowa-archeologia-ogrodow-historycznych\/","name":"Mi\u0119dzynarodowa konferencja naukowa \u201eArcheologia ogrod\u00f3w historycznych\u201d - NID","isPartOf":{"@id":"https:\/\/nid.pl\/#website"},"primaryImageOfPage":{"@id":"http:\/\/nid.pl\/en\/2023\/08\/11\/miedzynarodowa-konferencja-naukowa-archeologia-ogrodow-historycznych\/#primaryimage"},"image":{"@id":"http:\/\/nid.pl\/en\/2023\/08\/11\/miedzynarodowa-konferencja-naukowa-archeologia-ogrodow-historycznych\/#primaryimage"},"thumbnailUrl":"https:\/\/nid.pl\/wp-content\/uploads\/2023\/08\/miniaturka-krzyztopor.png","datePublished":"2023-08-11T13:29:12+00:00","dateModified":"2023-08-22T09:05:46+00:00","breadcrumb":{"@id":"http:\/\/nid.pl\/en\/2023\/08\/11\/miedzynarodowa-konferencja-naukowa-archeologia-ogrodow-historycznych\/#breadcrumb"},"inLanguage":"en-GB","potentialAction":[{"@type":"ReadAction","target":["http:\/\/nid.pl\/en\/2023\/08\/11\/miedzynarodowa-konferencja-naukowa-archeologia-ogrodow-historycznych\/"]}]},{"@type":"ImageObject","inLanguage":"en-GB","@id":"http:\/\/nid.pl\/en\/2023\/08\/11\/miedzynarodowa-konferencja-naukowa-archeologia-ogrodow-historycznych\/#primaryimage","url":"https:\/\/nid.pl\/wp-content\/uploads\/2023\/08\/miniaturka-krzyztopor.png","contentUrl":"https:\/\/nid.pl\/wp-content\/uploads\/2023\/08\/miniaturka-krzyztopor.png","width":1857,"height":1238,"caption":"miniaturka krzyztopor"},{"@type":"BreadcrumbList","@id":"http:\/\/nid.pl\/en\/2023\/08\/11\/miedzynarodowa-konferencja-naukowa-archeologia-ogrodow-historycznych\/#breadcrumb","itemListElement":[{"@type":"ListItem","position":1,"name":"Home","item":"https:\/\/nid.pl\/"},{"@type":"ListItem","position":2,"name":"Mi\u0119dzynarodowa konferencja naukowa \u201eArcheologia ogrod\u00f3w historycznych\u201d"}]},{"@type":"WebSite","@id":"https:\/\/nid.pl\/#website","url":"https:\/\/nid.pl\/","name":"NID","description":"Narodowy Instytut Dziedzictwa","publisher":{"@id":"https:\/\/nid.pl\/#organization"},"potentialAction":[{"@type":"SearchAction","target":{"@type":"EntryPoint","urlTemplate":"https:\/\/nid.pl\/?s={search_term_string}"},"query-input":{"@type":"PropertyValueSpecification","valueRequired":true,"valueName":"search_term_string"}}],"inLanguage":"en-GB"},{"@type":"Organization","@id":"https:\/\/nid.pl\/#organization","name":"Narodowy Instytut Dziedzictwa","url":"https:\/\/nid.pl\/","logo":{"@type":"ImageObject","inLanguage":"en-GB","@id":"https:\/\/nid.pl\/#\/schema\/logo\/image\/","url":"https:\/\/nid.pl\/wp-content\/uploads\/2022\/10\/logoRedDark.png","contentUrl":"https:\/\/nid.pl\/wp-content\/uploads\/2022\/10\/logoRedDark.png","width":200,"height":197,"caption":"Narodowy Instytut Dziedzictwa"},"image":{"@id":"https:\/\/nid.pl\/#\/schema\/logo\/image\/"},"sameAs":["https:\/\/www.facebook.com\/zabytek","https:\/\/x.com\/NarIDpl","https:\/\/www.instagram.com\/nid.pl\/?hl=pl","https:\/\/www.linkedin.com\/company\/narodowy-instytut-dziedzictwa","https:\/\/www.youtube.com\/channel\/UCQXuhKa2uHtmNvLRUSx40JA"]},{"@type":"Person","@id":"https:\/\/nid.pl\/#\/schema\/person\/6f4865366b8e738aaad77a02cf4349f9","name":"Pawe\u0142 Ho\u0142ubiec","image":{"@type":"ImageObject","inLanguage":"en-GB","@id":"https:\/\/nid.pl\/#\/schema\/person\/image\/","url":"https:\/\/nid.pl\/wp-content\/litespeed\/avatar\/ad1216c673a4a002d1ab6a616eb479c1.jpg?ver=1777448508","contentUrl":"https:\/\/nid.pl\/wp-content\/litespeed\/avatar\/ad1216c673a4a002d1ab6a616eb479c1.jpg?ver=1777448508","caption":"Pawe\u0142 Ho\u0142ubiec"},"url":"https:\/\/nid.pl\/en\/author\/pholubiec\/"}]}},"_links":{"self":[{"href":"https:\/\/nid.pl\/en\/wp-json\/wp\/v2\/posts\/12733","targetHints":{"allow":["GET"]}}],"collection":[{"href":"https:\/\/nid.pl\/en\/wp-json\/wp\/v2\/posts"}],"about":[{"href":"https:\/\/nid.pl\/en\/wp-json\/wp\/v2\/types\/post"}],"author":[{"embeddable":true,"href":"https:\/\/nid.pl\/en\/wp-json\/wp\/v2\/users\/10"}],"replies":[{"embeddable":true,"href":"https:\/\/nid.pl\/en\/wp-json\/wp\/v2\/comments?post=12733"}],"version-history":[{"count":0,"href":"https:\/\/nid.pl\/en\/wp-json\/wp\/v2\/posts\/12733\/revisions"}],"wp:featuredmedia":[{"embeddable":true,"href":"https:\/\/nid.pl\/en\/wp-json\/wp\/v2\/media\/12734"}],"wp:attachment":[{"href":"https:\/\/nid.pl\/en\/wp-json\/wp\/v2\/media?parent=12733"}],"wp:term":[{"taxonomy":"category","embeddable":true,"href":"https:\/\/nid.pl\/en\/wp-json\/wp\/v2\/categories?post=12733"},{"taxonomy":"post_tag","embeddable":true,"href":"https:\/\/nid.pl\/en\/wp-json\/wp\/v2\/tags?post=12733"}],"curies":[{"name":"wp","href":"https:\/\/api.w.org\/{rel}","templated":true}]}}