{"id":12681,"date":"2023-08-11T13:47:05","date_gmt":"2023-08-11T11:47:05","guid":{"rendered":"https:\/\/nid.pl\/?p=12681"},"modified":"2023-08-11T14:47:00","modified_gmt":"2023-08-11T12:47:00","slug":"oglaszamy-konkurs-w-20-rocznice-uchwalenia-ustawy-o-ochronie-zabytkow-i-opiece-nad-zabytkami","status":"publish","type":"post","link":"https:\/\/nid.pl\/en\/2023\/08\/11\/oglaszamy-konkurs-w-20-rocznice-uchwalenia-ustawy-o-ochronie-zabytkow-i-opiece-nad-zabytkami\/","title":{"rendered":"Og\u0142aszamy konkurs w 20. rocznic\u0119 uchwalenia ustawy o ochronie zabytk\u00f3w i opiece nad zabytkami"},"content":{"rendered":"<p><\/p>\n\n\n\n<p><strong>Redakcje czasopism naukowych \u201eOchrona Zabytk\u00f3w\u201d oraz \u201eSantander Art and Culture Law Review\u201d zapraszaj\u0105 do udzia\u0142u w konkursie na najlepszy artyku\u0142 naukowy po\u015bwi\u0119cony ustawie z dnia 23 lipca 2003 r. o ochronie zabytk\u00f3w i opiece nad zabytkami w 20. rocznic\u0119 jej uchwalenia. Konkurs obj\u0105\u0142 patronatem Polski Komitet do spraw UNESCO.<\/strong><\/p>\n\n\n\n<p>Celem konkursu jest popularyzacja wynik\u00f3w bada\u0144 naukowych dotycz\u0105cych oceny funkcjonowania ustawy i jej poszczeg\u00f3lnych przepis\u00f3w po dwudziestu latach jej obowi\u0105zywania, analiza krytyczna przyj\u0119tych w niej rozwi\u0105za\u0144 wraz z propozycjami postulat\u00f3w <em>de lege ferenda<\/em> oraz stymulowanie badaczy do prowadzenia dalszych bada\u0144 w tym zakresie.<\/p>\n\n\n\n<p>Konkurs ma charakter otwarty. Zg\u0142aszane teksty powinny by\u0107 prac\u0105 w\u0142asn\u0105 autora, dot\u0105d niepublikowane, o obj\u0119to\u015bci do 40 tys. znak\u00f3w i napisane w j\u0119zyku polskim.<\/p>\n\n\n\n<p><strong>Zg\u0142oszenia przyjmowane s\u0105 do 15 pa\u017adziernika 2023 r. na adres <\/strong><strong><a href=\"mailto:saaclreditors@gmail.com\">saaclreditors@gmail.com<\/a><\/strong><strong>.<\/strong><\/p>\n\n\n\n<p>Nagrod\u0105 jest publikacja wyr\u00f3\u017cnionych artyku\u0142\u00f3w w publikacjach naukowych <a>\u201eSantander Art and Culture Law Review\u201d <\/a>(140 pkt.) oraz w \u201eOchronie Zabytk\u00f3w\u201d (40 pkt.):<\/p>\n\n\n\n<ol class=\"wp-block-list\"><li> za zaj\u0119cie pierwszego miejsca w ka\u017cdej z czterech kategorii konkursowej \u2013 publikacja artyku\u0142u w czasopi\u015bmie \u201eSantander Art and Culture Law Review\u201d (140 pkt w punktacji czasopism naukowych),<\/li><li>za uzyskanie wyr\u00f3\u017cnienia Dyrektora Narodowego Instytutu Dziedzictwa \u2212 publikacja artyku\u0142u w czasopi\u015bmie \u201eOchrona Zabytk\u00f3w\u201d (40 pkt w punktacji czasopism naukowych),<\/li><li>za uzyskanie wyr\u00f3\u017cnienia Przewodnicz\u0105cego Polskiego Komitetu do spraw UNESCO \u2013 publikacja artyku\u0142u w czasopi\u015bmie \u201eOchrona Zabytk\u00f3w\u201d (40 pkt w punktacji czasopism naukowych).<\/li><\/ol>\n\n\n\n<p>Konkurs zosta\u0142 obj\u0119ty patronatem honorowym przez Polski Komitet do spraw UNESCO.<\/p>\n\n\n\n<p><a>Organizatorami konkursu jest Narodowy Instytut Dziedzictwa \u2013 wydawca czasopisma naukowego \u201eOchrona Zabytk\u00f3w\u201d oraz Bachlaw Foundation \u2013 wydawca czasopisma naukowego \u201eSantander Art and Culture Law Review\u201d, afiliowanego przy Instytucie Nauk Prawnych Uniwersytetu Opolskiego.<\/a><\/p>\n\n\n\n<p><strong><a href=\"https:\/\/nid.pl\/wp-content\/uploads\/2023\/08\/Regulamin-konkursu-1-1.pdf\">Regulamin konkursu<\/a><\/strong>.<\/p>\n\n\n\n<p><\/p>\n\n\n\n<figure class=\"wp-block-image size-large is-resized\"><img loading=\"lazy\" decoding=\"async\" src=\"https:\/\/nid.pl\/wp-content\/uploads\/2023\/08\/8-1024x768.jpg\" alt=\"\" class=\"wp-image-12683\" width=\"768\" height=\"576\"\/><\/figure>","protected":false},"excerpt":{"rendered":"<p>Redakcje czasopism naukowych \u201eOchrona Zabytk\u00f3w\u201d oraz \u201eSantander Art and Culture Law Review\u201d zapraszaj\u0105 do udzia\u0142u w konkursie na najlepszy artyku\u0142 naukowy po\u015bwi\u0119cony ustawie z dnia 23 lipca 2003 r. o [&hellip;]<\/p>","protected":false},"author":10,"featured_media":12687,"comment_status":"open","ping_status":"open","sticky":false,"template":"","format":"standard","meta":{"_et_pb_use_builder":"off","_et_pb_old_content":"","_et_gb_content_width":"","_monsterinsights_skip_tracking":false,"_monsterinsights_sitenote_active":false,"_monsterinsights_sitenote_note":"","_monsterinsights_sitenote_category":0,"footnotes":""},"categories":[3],"tags":[],"class_list":["post-12681","post","type-post","status-publish","format-standard","has-post-thumbnail","hentry","category-aktualnosci"],"yoast_head":"<!-- This site is optimized with the Yoast SEO plugin v26.5 - https:\/\/yoast.com\/wordpress\/plugins\/seo\/ -->\n<title>Og\u0142aszamy konkurs w 20. rocznic\u0119 uchwalenia ustawy o ochronie zabytk\u00f3w i opiece nad zabytkami - NID<\/title>\n<meta name=\"robots\" content=\"index, follow, max-snippet:-1, max-image-preview:large, max-video-preview:-1\" \/>\n<link rel=\"canonical\" href=\"https:\/\/nid.pl\/en\/2023\/08\/11\/oglaszamy-konkurs-w-20-rocznice-uchwalenia-ustawy-o-ochronie-zabytkow-i-opiece-nad-zabytkami\/\" \/>\n<meta property=\"og:locale\" content=\"en_GB\" \/>\n<meta property=\"og:type\" content=\"article\" \/>\n<meta property=\"og:title\" content=\"Og\u0142aszamy konkurs w 20. rocznic\u0119 uchwalenia ustawy o ochronie zabytk\u00f3w i opiece nad zabytkami - NID\" \/>\n<meta property=\"og:description\" content=\"Redakcje czasopism naukowych \u201eOchrona Zabytk\u00f3w\u201d oraz \u201eSantander Art and Culture Law Review\u201d zapraszaj\u0105 do udzia\u0142u w konkursie na najlepszy artyku\u0142 naukowy po\u015bwi\u0119cony ustawie z dnia 23 lipca 2003 r. o [&hellip;]\" \/>\n<meta property=\"og:url\" content=\"https:\/\/nid.pl\/en\/2023\/08\/11\/oglaszamy-konkurs-w-20-rocznice-uchwalenia-ustawy-o-ochronie-zabytkow-i-opiece-nad-zabytkami\/\" \/>\n<meta property=\"og:site_name\" content=\"NID\" \/>\n<meta property=\"article:publisher\" content=\"https:\/\/www.facebook.com\/zabytek\" \/>\n<meta property=\"article:published_time\" content=\"2023-08-11T11:47:05+00:00\" \/>\n<meta property=\"article:modified_time\" content=\"2023-08-11T12:47:00+00:00\" \/>\n<meta property=\"og:image\" content=\"https:\/\/nid.pl\/wp-content\/uploads\/2023\/08\/miniaturka-konkurs.png\" \/>\n\t<meta property=\"og:image:width\" content=\"1857\" \/>\n\t<meta property=\"og:image:height\" content=\"1238\" \/>\n\t<meta property=\"og:image:type\" content=\"image\/png\" \/>\n<meta name=\"author\" content=\"Pawe\u0142 Ho\u0142ubiec\" \/>\n<meta name=\"twitter:card\" content=\"summary_large_image\" \/>\n<meta name=\"twitter:creator\" content=\"@NarIDpl\" \/>\n<meta name=\"twitter:site\" content=\"@NarIDpl\" \/>\n<meta name=\"twitter:label1\" content=\"Written by\" \/>\n\t<meta name=\"twitter:data1\" content=\"Pawe\u0142 Ho\u0142ubiec\" \/>\n\t<meta name=\"twitter:label2\" content=\"Estimated reading time\" \/>\n\t<meta name=\"twitter:data2\" content=\"2 minutes\" \/>\n<script type=\"application\/ld+json\" class=\"yoast-schema-graph\">{\"@context\":\"https:\/\/schema.org\",\"@graph\":[{\"@type\":\"Article\",\"@id\":\"https:\/\/nid.pl\/2023\/08\/11\/oglaszamy-konkurs-w-20-rocznice-uchwalenia-ustawy-o-ochronie-zabytkow-i-opiece-nad-zabytkami\/#article\",\"isPartOf\":{\"@id\":\"https:\/\/nid.pl\/2023\/08\/11\/oglaszamy-konkurs-w-20-rocznice-uchwalenia-ustawy-o-ochronie-zabytkow-i-opiece-nad-zabytkami\/\"},\"author\":{\"name\":\"Pawe\u0142 Ho\u0142ubiec\",\"@id\":\"https:\/\/nid.pl\/#\/schema\/person\/6f4865366b8e738aaad77a02cf4349f9\"},\"headline\":\"Og\u0142aszamy konkurs w 20. rocznic\u0119 uchwalenia ustawy o ochronie zabytk\u00f3w i opiece nad zabytkami\",\"datePublished\":\"2023-08-11T11:47:05+00:00\",\"dateModified\":\"2023-08-11T12:47:00+00:00\",\"mainEntityOfPage\":{\"@id\":\"https:\/\/nid.pl\/2023\/08\/11\/oglaszamy-konkurs-w-20-rocznice-uchwalenia-ustawy-o-ochronie-zabytkow-i-opiece-nad-zabytkami\/\"},\"wordCount\":304,\"commentCount\":0,\"publisher\":{\"@id\":\"https:\/\/nid.pl\/#organization\"},\"image\":{\"@id\":\"https:\/\/nid.pl\/2023\/08\/11\/oglaszamy-konkurs-w-20-rocznice-uchwalenia-ustawy-o-ochronie-zabytkow-i-opiece-nad-zabytkami\/#primaryimage\"},\"thumbnailUrl\":\"https:\/\/nid.pl\/wp-content\/uploads\/2023\/08\/miniaturka-konkurs.png\",\"articleSection\":[\"Aktualno\u015bci\"],\"inLanguage\":\"en-GB\"},{\"@type\":\"WebPage\",\"@id\":\"https:\/\/nid.pl\/2023\/08\/11\/oglaszamy-konkurs-w-20-rocznice-uchwalenia-ustawy-o-ochronie-zabytkow-i-opiece-nad-zabytkami\/\",\"url\":\"https:\/\/nid.pl\/2023\/08\/11\/oglaszamy-konkurs-w-20-rocznice-uchwalenia-ustawy-o-ochronie-zabytkow-i-opiece-nad-zabytkami\/\",\"name\":\"Og\u0142aszamy konkurs w 20. rocznic\u0119 uchwalenia ustawy o ochronie zabytk\u00f3w i opiece nad zabytkami - NID\",\"isPartOf\":{\"@id\":\"https:\/\/nid.pl\/#website\"},\"primaryImageOfPage\":{\"@id\":\"https:\/\/nid.pl\/2023\/08\/11\/oglaszamy-konkurs-w-20-rocznice-uchwalenia-ustawy-o-ochronie-zabytkow-i-opiece-nad-zabytkami\/#primaryimage\"},\"image\":{\"@id\":\"https:\/\/nid.pl\/2023\/08\/11\/oglaszamy-konkurs-w-20-rocznice-uchwalenia-ustawy-o-ochronie-zabytkow-i-opiece-nad-zabytkami\/#primaryimage\"},\"thumbnailUrl\":\"https:\/\/nid.pl\/wp-content\/uploads\/2023\/08\/miniaturka-konkurs.png\",\"datePublished\":\"2023-08-11T11:47:05+00:00\",\"dateModified\":\"2023-08-11T12:47:00+00:00\",\"breadcrumb\":{\"@id\":\"https:\/\/nid.pl\/2023\/08\/11\/oglaszamy-konkurs-w-20-rocznice-uchwalenia-ustawy-o-ochronie-zabytkow-i-opiece-nad-zabytkami\/#breadcrumb\"},\"inLanguage\":\"en-GB\",\"potentialAction\":[{\"@type\":\"ReadAction\",\"target\":[\"https:\/\/nid.pl\/2023\/08\/11\/oglaszamy-konkurs-w-20-rocznice-uchwalenia-ustawy-o-ochronie-zabytkow-i-opiece-nad-zabytkami\/\"]}]},{\"@type\":\"ImageObject\",\"inLanguage\":\"en-GB\",\"@id\":\"https:\/\/nid.pl\/2023\/08\/11\/oglaszamy-konkurs-w-20-rocznice-uchwalenia-ustawy-o-ochronie-zabytkow-i-opiece-nad-zabytkami\/#primaryimage\",\"url\":\"https:\/\/nid.pl\/wp-content\/uploads\/2023\/08\/miniaturka-konkurs.png\",\"contentUrl\":\"https:\/\/nid.pl\/wp-content\/uploads\/2023\/08\/miniaturka-konkurs.png\",\"width\":1857,\"height\":1238,\"caption\":\"miniaturka konkurs\"},{\"@type\":\"BreadcrumbList\",\"@id\":\"https:\/\/nid.pl\/2023\/08\/11\/oglaszamy-konkurs-w-20-rocznice-uchwalenia-ustawy-o-ochronie-zabytkow-i-opiece-nad-zabytkami\/#breadcrumb\",\"itemListElement\":[{\"@type\":\"ListItem\",\"position\":1,\"name\":\"Home\",\"item\":\"https:\/\/nid.pl\/\"},{\"@type\":\"ListItem\",\"position\":2,\"name\":\"Og\u0142aszamy konkurs w 20. rocznic\u0119 uchwalenia ustawy o ochronie zabytk\u00f3w i opiece nad zabytkami\"}]},{\"@type\":\"WebSite\",\"@id\":\"https:\/\/nid.pl\/#website\",\"url\":\"https:\/\/nid.pl\/\",\"name\":\"NID\",\"description\":\"Narodowy Instytut Dziedzictwa\",\"publisher\":{\"@id\":\"https:\/\/nid.pl\/#organization\"},\"potentialAction\":[{\"@type\":\"SearchAction\",\"target\":{\"@type\":\"EntryPoint\",\"urlTemplate\":\"https:\/\/nid.pl\/?s={search_term_string}\"},\"query-input\":{\"@type\":\"PropertyValueSpecification\",\"valueRequired\":true,\"valueName\":\"search_term_string\"}}],\"inLanguage\":\"en-GB\"},{\"@type\":\"Organization\",\"@id\":\"https:\/\/nid.pl\/#organization\",\"name\":\"Narodowy Instytut Dziedzictwa\",\"url\":\"https:\/\/nid.pl\/\",\"logo\":{\"@type\":\"ImageObject\",\"inLanguage\":\"en-GB\",\"@id\":\"https:\/\/nid.pl\/#\/schema\/logo\/image\/\",\"url\":\"https:\/\/nid.pl\/wp-content\/uploads\/2022\/10\/logoRedDark.png\",\"contentUrl\":\"https:\/\/nid.pl\/wp-content\/uploads\/2022\/10\/logoRedDark.png\",\"width\":200,\"height\":197,\"caption\":\"Narodowy Instytut Dziedzictwa\"},\"image\":{\"@id\":\"https:\/\/nid.pl\/#\/schema\/logo\/image\/\"},\"sameAs\":[\"https:\/\/www.facebook.com\/zabytek\",\"https:\/\/x.com\/NarIDpl\",\"https:\/\/www.instagram.com\/nid.pl\/?hl=pl\",\"https:\/\/www.linkedin.com\/company\/narodowy-instytut-dziedzictwa\",\"https:\/\/www.youtube.com\/channel\/UCQXuhKa2uHtmNvLRUSx40JA\"]},{\"@type\":\"Person\",\"@id\":\"https:\/\/nid.pl\/#\/schema\/person\/6f4865366b8e738aaad77a02cf4349f9\",\"name\":\"Pawe\u0142 Ho\u0142ubiec\",\"image\":{\"@type\":\"ImageObject\",\"inLanguage\":\"en-GB\",\"@id\":\"https:\/\/nid.pl\/#\/schema\/person\/image\/\",\"url\":\"https:\/\/nid.pl\/wp-content\/litespeed\/avatar\/ad1216c673a4a002d1ab6a616eb479c1.jpg?ver=1777448508\",\"contentUrl\":\"https:\/\/nid.pl\/wp-content\/litespeed\/avatar\/ad1216c673a4a002d1ab6a616eb479c1.jpg?ver=1777448508\",\"caption\":\"Pawe\u0142 Ho\u0142ubiec\"},\"url\":\"https:\/\/nid.pl\/en\/author\/pholubiec\/\"}]}<\/script>\n<!-- \/ Yoast SEO plugin. -->","yoast_head_json":{"title":"Og\u0142aszamy konkurs w 20. rocznic\u0119 uchwalenia ustawy o ochronie zabytk\u00f3w i opiece nad zabytkami - NID","robots":{"index":"index","follow":"follow","max-snippet":"max-snippet:-1","max-image-preview":"max-image-preview:large","max-video-preview":"max-video-preview:-1"},"canonical":"https:\/\/nid.pl\/en\/2023\/08\/11\/oglaszamy-konkurs-w-20-rocznice-uchwalenia-ustawy-o-ochronie-zabytkow-i-opiece-nad-zabytkami\/","og_locale":"en_GB","og_type":"article","og_title":"Og\u0142aszamy konkurs w 20. rocznic\u0119 uchwalenia ustawy o ochronie zabytk\u00f3w i opiece nad zabytkami - NID","og_description":"Redakcje czasopism naukowych \u201eOchrona Zabytk\u00f3w\u201d oraz \u201eSantander Art and Culture Law Review\u201d zapraszaj\u0105 do udzia\u0142u w konkursie na najlepszy artyku\u0142 naukowy po\u015bwi\u0119cony ustawie z dnia 23 lipca 2003 r. o [&hellip;]","og_url":"https:\/\/nid.pl\/en\/2023\/08\/11\/oglaszamy-konkurs-w-20-rocznice-uchwalenia-ustawy-o-ochronie-zabytkow-i-opiece-nad-zabytkami\/","og_site_name":"NID","article_publisher":"https:\/\/www.facebook.com\/zabytek","article_published_time":"2023-08-11T11:47:05+00:00","article_modified_time":"2023-08-11T12:47:00+00:00","og_image":[{"width":1857,"height":1238,"url":"https:\/\/nid.pl\/wp-content\/uploads\/2023\/08\/miniaturka-konkurs.png","type":"image\/png"}],"author":"Pawe\u0142 Ho\u0142ubiec","twitter_card":"summary_large_image","twitter_creator":"@NarIDpl","twitter_site":"@NarIDpl","twitter_misc":{"Written by":"Pawe\u0142 Ho\u0142ubiec","Estimated reading time":"2 minutes"},"schema":{"@context":"https:\/\/schema.org","@graph":[{"@type":"Article","@id":"https:\/\/nid.pl\/2023\/08\/11\/oglaszamy-konkurs-w-20-rocznice-uchwalenia-ustawy-o-ochronie-zabytkow-i-opiece-nad-zabytkami\/#article","isPartOf":{"@id":"https:\/\/nid.pl\/2023\/08\/11\/oglaszamy-konkurs-w-20-rocznice-uchwalenia-ustawy-o-ochronie-zabytkow-i-opiece-nad-zabytkami\/"},"author":{"name":"Pawe\u0142 Ho\u0142ubiec","@id":"https:\/\/nid.pl\/#\/schema\/person\/6f4865366b8e738aaad77a02cf4349f9"},"headline":"Og\u0142aszamy konkurs w 20. rocznic\u0119 uchwalenia ustawy o ochronie zabytk\u00f3w i opiece nad zabytkami","datePublished":"2023-08-11T11:47:05+00:00","dateModified":"2023-08-11T12:47:00+00:00","mainEntityOfPage":{"@id":"https:\/\/nid.pl\/2023\/08\/11\/oglaszamy-konkurs-w-20-rocznice-uchwalenia-ustawy-o-ochronie-zabytkow-i-opiece-nad-zabytkami\/"},"wordCount":304,"commentCount":0,"publisher":{"@id":"https:\/\/nid.pl\/#organization"},"image":{"@id":"https:\/\/nid.pl\/2023\/08\/11\/oglaszamy-konkurs-w-20-rocznice-uchwalenia-ustawy-o-ochronie-zabytkow-i-opiece-nad-zabytkami\/#primaryimage"},"thumbnailUrl":"https:\/\/nid.pl\/wp-content\/uploads\/2023\/08\/miniaturka-konkurs.png","articleSection":["Aktualno\u015bci"],"inLanguage":"en-GB"},{"@type":"WebPage","@id":"https:\/\/nid.pl\/2023\/08\/11\/oglaszamy-konkurs-w-20-rocznice-uchwalenia-ustawy-o-ochronie-zabytkow-i-opiece-nad-zabytkami\/","url":"https:\/\/nid.pl\/2023\/08\/11\/oglaszamy-konkurs-w-20-rocznice-uchwalenia-ustawy-o-ochronie-zabytkow-i-opiece-nad-zabytkami\/","name":"Og\u0142aszamy konkurs w 20. rocznic\u0119 uchwalenia ustawy o ochronie zabytk\u00f3w i opiece nad zabytkami - NID","isPartOf":{"@id":"https:\/\/nid.pl\/#website"},"primaryImageOfPage":{"@id":"https:\/\/nid.pl\/2023\/08\/11\/oglaszamy-konkurs-w-20-rocznice-uchwalenia-ustawy-o-ochronie-zabytkow-i-opiece-nad-zabytkami\/#primaryimage"},"image":{"@id":"https:\/\/nid.pl\/2023\/08\/11\/oglaszamy-konkurs-w-20-rocznice-uchwalenia-ustawy-o-ochronie-zabytkow-i-opiece-nad-zabytkami\/#primaryimage"},"thumbnailUrl":"https:\/\/nid.pl\/wp-content\/uploads\/2023\/08\/miniaturka-konkurs.png","datePublished":"2023-08-11T11:47:05+00:00","dateModified":"2023-08-11T12:47:00+00:00","breadcrumb":{"@id":"https:\/\/nid.pl\/2023\/08\/11\/oglaszamy-konkurs-w-20-rocznice-uchwalenia-ustawy-o-ochronie-zabytkow-i-opiece-nad-zabytkami\/#breadcrumb"},"inLanguage":"en-GB","potentialAction":[{"@type":"ReadAction","target":["https:\/\/nid.pl\/2023\/08\/11\/oglaszamy-konkurs-w-20-rocznice-uchwalenia-ustawy-o-ochronie-zabytkow-i-opiece-nad-zabytkami\/"]}]},{"@type":"ImageObject","inLanguage":"en-GB","@id":"https:\/\/nid.pl\/2023\/08\/11\/oglaszamy-konkurs-w-20-rocznice-uchwalenia-ustawy-o-ochronie-zabytkow-i-opiece-nad-zabytkami\/#primaryimage","url":"https:\/\/nid.pl\/wp-content\/uploads\/2023\/08\/miniaturka-konkurs.png","contentUrl":"https:\/\/nid.pl\/wp-content\/uploads\/2023\/08\/miniaturka-konkurs.png","width":1857,"height":1238,"caption":"miniaturka konkurs"},{"@type":"BreadcrumbList","@id":"https:\/\/nid.pl\/2023\/08\/11\/oglaszamy-konkurs-w-20-rocznice-uchwalenia-ustawy-o-ochronie-zabytkow-i-opiece-nad-zabytkami\/#breadcrumb","itemListElement":[{"@type":"ListItem","position":1,"name":"Home","item":"https:\/\/nid.pl\/"},{"@type":"ListItem","position":2,"name":"Og\u0142aszamy konkurs w 20. rocznic\u0119 uchwalenia ustawy o ochronie zabytk\u00f3w i opiece nad zabytkami"}]},{"@type":"WebSite","@id":"https:\/\/nid.pl\/#website","url":"https:\/\/nid.pl\/","name":"NID","description":"Narodowy Instytut Dziedzictwa","publisher":{"@id":"https:\/\/nid.pl\/#organization"},"potentialAction":[{"@type":"SearchAction","target":{"@type":"EntryPoint","urlTemplate":"https:\/\/nid.pl\/?s={search_term_string}"},"query-input":{"@type":"PropertyValueSpecification","valueRequired":true,"valueName":"search_term_string"}}],"inLanguage":"en-GB"},{"@type":"Organization","@id":"https:\/\/nid.pl\/#organization","name":"Narodowy Instytut Dziedzictwa","url":"https:\/\/nid.pl\/","logo":{"@type":"ImageObject","inLanguage":"en-GB","@id":"https:\/\/nid.pl\/#\/schema\/logo\/image\/","url":"https:\/\/nid.pl\/wp-content\/uploads\/2022\/10\/logoRedDark.png","contentUrl":"https:\/\/nid.pl\/wp-content\/uploads\/2022\/10\/logoRedDark.png","width":200,"height":197,"caption":"Narodowy Instytut Dziedzictwa"},"image":{"@id":"https:\/\/nid.pl\/#\/schema\/logo\/image\/"},"sameAs":["https:\/\/www.facebook.com\/zabytek","https:\/\/x.com\/NarIDpl","https:\/\/www.instagram.com\/nid.pl\/?hl=pl","https:\/\/www.linkedin.com\/company\/narodowy-instytut-dziedzictwa","https:\/\/www.youtube.com\/channel\/UCQXuhKa2uHtmNvLRUSx40JA"]},{"@type":"Person","@id":"https:\/\/nid.pl\/#\/schema\/person\/6f4865366b8e738aaad77a02cf4349f9","name":"Pawe\u0142 Ho\u0142ubiec","image":{"@type":"ImageObject","inLanguage":"en-GB","@id":"https:\/\/nid.pl\/#\/schema\/person\/image\/","url":"https:\/\/nid.pl\/wp-content\/litespeed\/avatar\/ad1216c673a4a002d1ab6a616eb479c1.jpg?ver=1777448508","contentUrl":"https:\/\/nid.pl\/wp-content\/litespeed\/avatar\/ad1216c673a4a002d1ab6a616eb479c1.jpg?ver=1777448508","caption":"Pawe\u0142 Ho\u0142ubiec"},"url":"https:\/\/nid.pl\/en\/author\/pholubiec\/"}]}},"_links":{"self":[{"href":"https:\/\/nid.pl\/en\/wp-json\/wp\/v2\/posts\/12681","targetHints":{"allow":["GET"]}}],"collection":[{"href":"https:\/\/nid.pl\/en\/wp-json\/wp\/v2\/posts"}],"about":[{"href":"https:\/\/nid.pl\/en\/wp-json\/wp\/v2\/types\/post"}],"author":[{"embeddable":true,"href":"https:\/\/nid.pl\/en\/wp-json\/wp\/v2\/users\/10"}],"replies":[{"embeddable":true,"href":"https:\/\/nid.pl\/en\/wp-json\/wp\/v2\/comments?post=12681"}],"version-history":[{"count":0,"href":"https:\/\/nid.pl\/en\/wp-json\/wp\/v2\/posts\/12681\/revisions"}],"wp:featuredmedia":[{"embeddable":true,"href":"https:\/\/nid.pl\/en\/wp-json\/wp\/v2\/media\/12687"}],"wp:attachment":[{"href":"https:\/\/nid.pl\/en\/wp-json\/wp\/v2\/media?parent=12681"}],"wp:term":[{"taxonomy":"category","embeddable":true,"href":"https:\/\/nid.pl\/en\/wp-json\/wp\/v2\/categories?post=12681"},{"taxonomy":"post_tag","embeddable":true,"href":"https:\/\/nid.pl\/en\/wp-json\/wp\/v2\/tags?post=12681"}],"curies":[{"name":"wp","href":"https:\/\/api.w.org\/{rel}","templated":true}]}}