{"id":12477,"date":"2023-07-24T10:59:06","date_gmt":"2023-07-24T08:59:06","guid":{"rendered":"https:\/\/nid.pl\/?p=12477"},"modified":"2023-07-25T09:56:41","modified_gmt":"2023-07-25T07:56:41","slug":"w-katowicach-otwarto-wystawe-tradycje-od-pokolen-niematerialne-dziedzictwo-kulturowe-w-polsce","status":"publish","type":"post","link":"https:\/\/nid.pl\/en\/2023\/07\/24\/w-katowicach-otwarto-wystawe-tradycje-od-pokolen-niematerialne-dziedzictwo-kulturowe-w-polsce\/","title":{"rendered":"W Katowicach otwarto wystaw\u0119 \u201eTradycje od pokole\u0144. Niematerialne dziedzictwo kulturowe w Polsce\u201d"},"content":{"rendered":"<p><strong>Za nami kolejna ods\u0142ona obchod\u00f3w jubileuszu 20-lecia Konwencji UNESCO w sprawie ochrony niematerialnego dziedzictwa kulturowego oraz 10-lecia Krajowej listy niematerialnego dziedzictwa kulturowego. W Muzeum \u015al\u0105skim w Katowicach, w sobot\u0119 &#8211; 22 lipca, odby\u0142a si\u0119 konferencja oraz prezentacje depozytariuszy z wojew\u00f3dztw: \u015bl\u0105skiego, ma\u0142opolskiego i dolno\u015bl\u0105skiego. Wydarzenia&nbsp;towarzyszy\u0142y uroczystemu otwarciu wystawy \u201eTradycje od pokole\u0144. Niematerialne dziedzictwo kulturowe w Polsce\u201d, kt\u00f3ra do 10 sierpnia zago\u015bci na Placu Grubiorza, na terenie muzeum.<\/strong><\/p>\n\n\n\n<p>Z okazji obchod\u00f3w 20-lecia Konwencji UNESCO w sprawie ochrony niematerialnego dziedzictwa kulturowego oraz 10-lecia Krajowej listy niematerialnego dziedzictwa kulturowego, Narodowy Instytut Dziedzictwa przygotowa\u0142 wystaw\u0119 \u201eTradycje od pokole\u0144. Niematerialne dziedzictwo kulturowe w Polsce&#8221;, kt\u00f3ra prezentuje tradycje, zwyczaje, obrz\u0119dy i umiej\u0119tno\u015bci przekazywane z pokolenia na pokolenie. &nbsp;<\/p>\n\n\n\n<p><strong>Wystawa \u201eTradycje od pokole\u0144. Niematerialne dziedzictwo kulturowe w Polsce\u201d<\/strong><\/p>\n\n\n\n<p><strong>Gdzie:<\/strong> Plac Grubiorza, na terenie Muzeum \u015al\u0105skiego w Katowicach<br><strong>Kiedy<\/strong>: od 22 lipca do 10 sierpnia 2023 roku<\/p>\n\n\n\n<p><strong>Jubileuszowe uroczysto\u015bci w Muzeum \u015al\u0105skim w Katowicach<\/strong><\/p>\n\n\n\n<p>Uroczysto\u015b\u0107 otwarcia wystawy rozpocz\u0105\u0142 wyst\u0119p Orkiestry D\u0119tej Polskiej Grupy G\u00f3rniczej. W tym roku Tradycje kulturowe g\u00f3rniczych orkiestr d\u0119tych z G\u00f3rnego \u015al\u0105ska zosta\u0142y wpisane na Krajow\u0105 list\u0119 niematerialnego dziedzictwa kulturowego.<\/p>\n\n\n\n<p>W wydarzeniu udzia\u0142 wzi\u0119li: El\u017cbieta Berendt, przedstawicielka Rady ds. niematerialnego dziedzictwa kulturowego dzia\u0142aj\u0105cej przy Ministrze Kultury i Dziedzictwa Narodowego; dr Karol Maklesa, zast\u0119pca dyrektor Muzeum \u015al\u0105skiego; dr hab. Monika Bogdanowska zast\u0119pca dyrektora Narodowego Instytutu Dziedzictwa; dyrektorzy i przedstawiciele instytucji kultury oraz muze\u00f3w, a przede wszystkim przedstawiciele wybranych zjawisk wpisanych na <a href=\"https:\/\/nid.pl\/en\/2022\/06\/09\/tradycje-kwietnych-dywanow-na-boze-cialo-niematerialne-dziedzictwo-kulturowe-przekazywane-z-pokolenia-na-pokolenie\/\">Krajow\u0105 list\u0119 niematerialnego dziedz<\/a><a href=\"https:\/\/nid.pl\/en\/2022\/06\/09\/tradycje-kwietnych-dywanow-na-boze-cialo-niematerialne-dziedzictwo-kulturowe-przekazywane-z-pokolenia-na-pokolenie\/\" target=\"_blank\" rel=\"noreferrer noopener\">ictwa kulturowego<\/a>.<\/p>\n\n\n\n<p>Podczas przem\u00f3wienia otwieraj\u0105cego wystaw\u0119 dr hab. Monika Bogdanowska, zast\u0119pca dyrektora NID przypomnia\u0142a, \u017ce no\u015bnikiem dziedzictwa niematerialnego jest cz\u0142owiek:<\/p>\n\n\n\n<p><em>&#8211; Obchodzimy w tym roku 20-lecie Konwencji UNESCO oraz 10-lecie zg\u0142oszenia pierwszych wpis\u00f3w w Polsce. Przy tej okazji chcia\u0142am sobie pozwoli\u0107 na kr\u00f3tk\u0105 refleksj\u0119. M\u00f3wimy o czym\u015b, co pojawi\u0142o si\u0119 20 lat temu, jako formalna ochrona. Czy to znaczy, \u017ce 30, 40, 50 lat temu tych wszystkich zjawisk nie by\u0142o? M\u00f3wimy o dziedzictwie materialnym, kt\u00f3re mo\u017cemy dotkn\u0105\u0107, i dziedzictwem niematerialnym, kt\u00f3rego no\u015bnikiem jest cz\u0142owiek. Ale co znaczy niematerialne? Co znaczy zwyczaj, tradycja? Co znacz\u0105 te r\u00f3\u017cne zjawiska, zwi\u0105zane z wytwarzaniem? Przegl\u0105daj\u0105c ostatnio artyku\u0142y sprzed kilkudziesi\u0119ciu lat, trafi\u0142am na okre\u015blenie \u201ekultura duchowa\u201d. &nbsp;We wsp\u00f3\u0142czesnym \u015bwiecie tego ducha bardziej kojarzymy z religi\u0105, z modlitw\u0105. Wyizolowali\u015bmy go jakby z naszej codzienno\u015bci. A przecie\u017c, to ten duch jest si\u0142\u0105 nap\u0119dow\u0105, kt\u00f3ra powoduje, \u017ce ludzie robi\u0105 co\u015b ponad to, co jest zaspokojeniem bie\u017c\u0105cych potrzeb <\/em>&#8211; powiedzia\u0142a dr hab. M. Bogdanowska. &nbsp;<\/p>\n\n\n\n<p>Zast\u0119pca dyrektora Muzeum \u015al\u0105skiego, dr Karol Maklesa, podkre\u015bli\u0142, \u017ce dziedzictwo niematerialne jest istotn\u0105 cz\u0119\u015bci\u0105 naszego dziedzictwa kulturowego:<\/p>\n\n\n\n<p><em>&#8211; Ci\u0105gle dostrzegamy potrzeb\u0119 m\u00f3wienia o tym, co jest obok tych materialnych element\u00f3w naszego dziedzictwa smakiem, sensem, cz\u0119\u015bci\u0105 ca\u0142o\u015bci patrzenia na dziedzictwo kulturowe poszczeg\u00f3lnych region\u00f3w. To dziedzictwo niematerialne. (\u2026) Ciesz\u0119 si\u0119, \u017ce mo\u017cemy tu razem \u015bwi\u0119towa\u0107 oba jubileusze. Za to dzi\u0119kuj\u0119 depozytariuszom i Narodowemu Instytutowi Dziedzictwa<\/em> &#8211; podkre\u015bli\u0142 dr Maklesa.<\/p>\n\n\n\n<p>W tym roku obchodzimy r\u00f3wnie\u017c jubileusz pi\u0119ciolecia wpisu Szopkarstwa krakowskiego na List\u0119 reprezentatywn\u0105 niematerialnego dziedzictwa kulturowego ludzko\u015bci UNESCO. W imieniu depozytariuszy, g\u0142os zabra\u0142 krakowski szopkarz, Marek Markowski:<\/p>\n\n\n\n<p>\u2013 <em>Rok 2023 &#8211; rok ma\u0142ego jubileuszu powstania Krajowej listy, jest jednocze\u015bnie dla szopkarstwa \u015bwiatowego wielkim jubileuszem. Ot\u00f3\u017c 800 lat temu, w 1223 roku \u015bwi\u0119ty Franciszek, w ma\u0142ej w\u0142oskiej miejscowo\u015bci Greccio, stworzy\u0142 pierwsz\u0105 \u017cyw\u0105 szopk\u0119, kt\u00f3ra zosta\u0142a spopularyzowana przez franciszkan\u00f3w na ca\u0142ym \u015bwiecie. Tak powsta\u0142y szopki neapolita\u0144skie, prowansalskie, szopki w Niemczech, pi\u0119kne szopki czeskie. (\u2026) W\u015br\u00f3d tych wszystkich szopek jest te\u017c szopka krakowska. Ot\u00f3\u017c 5 lat temu, szopkarstwo krakowskie, jako pierwsze na \u015bwiecie, i jak dot\u0105d, jako jedyne zosta\u0142o wpisane na List\u0119 reprezentatywn\u0105 UNESCO. Jest to dla nas Polak\u00f3w wielki pow\u00f3d do dumy, poniewa\u017c szopka krakowska jest ewenementem w skali \u015bwiata. (\u2026) Tutaj jak w innych szopkach mamy scen\u0119 Bo\u017cego Narodzenia, ale przedstawiona jest w pi\u0119knym, fantastycznym pa\u0142acu miniaturowym, stworzonym z element\u00f3w wzorowanych na architekturze Krakowa. Powstaje w ten spos\u00f3b barwna, po\u0142yskliwa struktura, kt\u00f3ra przyci\u0105ga zar\u00f3wno dzieci, jak i doros\u0142ych<\/em> \u2013 wyja\u015bni\u0142 krakowski szopkarz.<\/p>\n\n\n\n<p>Podczas uroczysto\u015bci w Muzeum \u015al\u0105skim w Katowicach depozytariusze z wojew\u00f3dztw: \u015bl\u0105skiego, ma\u0142opolskiego i dolno\u015bl\u0105skiego zaprezentowali bogactwo niematerialnego dziedzictwa kulturowego swoich region\u00f3w. Stoiska z r\u0119kodzie\u0142em oraz prezentacje regionalnych tradycji, zwyczaj\u00f3w i umiej\u0119tno\u015bci zapewni\u0142y wyj\u0105tkow\u0105 atmosfer\u0119, o\u017cywiaj\u0105c przestrze\u0144 muzeum barwnymi wzorami i unikatowym r\u0119kodzie\u0142em. Uczestnicy wydarzenia mogli pozna\u0107 zwyczaje, tradycyjne techniki rzemie\u015blnicze i praktyki artystyczne prezentowane przez depozytariuszy m.in.: zabawkarstwo \u017cywiecko-suskie, szopkarstwo krakowskie, krakowsk\u0105 koronk\u0119 klockow\u0105, koronki koniakowskie, bobowsk\u0105 koronk\u0119 klockow\u0105, r\u0119kawice furma\u0144skie tkane przez Czarnych G\u00f3rali, koszyki wikowe wyplatane w gminie Ci\u0119\u017ckowice, ceramik\u0119 boles\u0142awieck\u0105, dudy, wys\u0142ucha\u0107 prelekcji na temat tradycji g\u00f3rniczych czy zobaczy\u0107 proces tworzenia rze\u017aby z soli.<\/p>\n\n\n\n<p>W ramach wydarzenia zaproszeni go\u015bcie wzi\u0119li r\u00f3wnie\u017c udzia\u0142 w konferencji ukazuj\u0105cej bogactwo niematerialnego dziedzictwa kulturowego wspomnianych wojew\u00f3dztw.<\/p>\n\n\n\n<p>Zwie\u0144czeniem uroczysto\u015bci by\u0142 koncert kapeli DudySkrzypce z Sopotni Ma\u0142ej, kt\u00f3ra zaprezentowa\u0142a s\u0142uchaczom tradycyjn\u0105 muzyk\u0119 g\u00f3rali \u017cywieckich. \u015apiew i skrzypce: Marta Matuszna &#8211; g\u00f3ralka z&nbsp;Lalik, skrzypaczka, \u015bpiewaczka, nauczycielka. Instruktorka gry na skrzypcach i&nbsp;\u015bpiewu w&nbsp;Fundacji Braci Golec. W&nbsp;swojej tw\u00f3rczo\u015bci \u0142\u0105czy folk, jazz i&nbsp;folklor. Mi\u0142o\u015bniczka g\u00f3r i&nbsp;organizatorka akcji Czyste Beskidy. Dudy: Rafa\u0142 Ba\u0142a\u015b &#8211; muzyk, nauczyciel, instruktor gry na basach, kontrabasie, instrumentach pasterskich i&nbsp;dudach. Od najm\u0142odszych lat uczy\u0142 si\u0119 gry na instrumentach ludowych \u2013 piszcza\u0142kach, fujarkach, dudach, rogach. Zajmuje si\u0119 r\u00f3wnie\u017c budow\u0105 instrument\u00f3w ludowych, w&nbsp;szczeg\u00f3lno\u015bci dud \u017cywieckich. Wieloletni instruktor Fundacji Braci Golec, obecnie wsp\u00f3\u0142pracownik Fundacji G\u00f3rom.<\/p>\n\n\n\n<p><strong>Organizatorzy wydarzenia:<\/strong> Narodowy Instytut Dziedzictwa oraz Muzeum \u015al\u0105skie w Katowicach<\/p>\n\n\n\n<p><strong>Partnerzy wydarzenia:<\/strong> ASP Katowice, Zamek Cieszyn, Muzeum G\u00f3rnictwa W\u0119glowego w Zabrzu, Fundacja G\u00f3rom.<\/p>\n\n\n\n<p><strong>Kolejne prezentacje wystawy \u201eTradycje od pokole\u0144. Niematerialne dziedzictwo kulturowe w Polsce\u201d:<\/strong><\/p>\n\n\n\n<ul class=\"wp-block-list\"><li>Niemodlin \u2013 od 15 sierpnia do 19 wrze\u015bnia, Zamek w Niemodlinie<\/li><li>Ostro\u0142\u0119ka \u2013 21 wrze\u015bnia do 21 pa\u017adziernika, Muzeum Kultury Kurpiowskiej<\/li><\/ul>\n\n\n\n<p>Szczeg\u00f3\u0142owe informacje dotycz\u0105ce planowanych wydarze\u0144, dost\u0119pne b\u0119d\u0105 na stronie <a href=\"https:\/\/nid.pl\/en\/\" target=\"_blank\" rel=\"noreferrer noopener\">nid.pl<\/a>.<\/p>\n\n\n\n<p>Wystawa zosta\u0142a obj\u0119ta honorowym patronatem Polskiego Komitetu do spraw UNESCO.<\/p>\n\n\n\n<p>Organizacja jubileuszu \u201e10 lat Krajowej listy niematerialnego dziedzictwa kulturowego\u201d jest finansowana ze \u015brodk\u00f3w Ministerstwa Kultury i Dziedzictwa Narodowego.<\/p>\n\n\n\n<div class=\"wp-block-image\"><figure class=\"aligncenter size-large is-resized\"><img loading=\"lazy\" decoding=\"async\" src=\"https:\/\/nid.pl\/wp-content\/uploads\/2023\/07\/Niematerialne-Katowice-_8-1024x683.jpg\" alt=\"\" class=\"wp-image-12513\" width=\"768\" height=\"512\"\/><figcaption>Dr hab. Monika Bogdanowska, zast\u0119pca dyrektora Narodowego Instytutu Dziedzictwa, otwarcie wystawy \u201eTradycje od pokole\u0144. Niematerialne dziedzictwo kulturowe w Polsce\u201d, fot. NID\/Barbara Halliop<\/figcaption><\/figure><\/div>\n\n\n\n<div class=\"wp-block-image\"><figure class=\"aligncenter size-large is-resized\"><img loading=\"lazy\" decoding=\"async\" src=\"https:\/\/nid.pl\/wp-content\/uploads\/2023\/07\/Niematerialne-Katowice-_11-1024x683.jpg\" alt=\"\" class=\"wp-image-12480\" width=\"768\" height=\"512\"\/><figcaption>Dr Karol Maklesa, zast\u0119pca dyrektora Muzeum \u015al\u0105skiego, otwarcie wystawy \u201eTradycje od pokole\u0144. Niematerialne dziedzictwo kulturowe w Polsce\u201d, fot. NID\/Barbara Halliop<\/figcaption><\/figure><\/div>\n\n\n\n<div class=\"wp-block-image\"><figure class=\"aligncenter size-large is-resized\"><img loading=\"lazy\" decoding=\"async\" src=\"https:\/\/nid.pl\/wp-content\/uploads\/2023\/07\/Niematerialne-Katowice-_12-1024x683.jpg\" alt=\"\" class=\"wp-image-12482\" width=\"768\" height=\"512\"\/><figcaption>Mieszczanie \u017cywieccy, otwarcie wystawy \u201eTradycje od pokole\u0144. Niematerialne dziedzictwo kulturowe w Polsce\u201d, fot. NID\/Barbara Halliop<\/figcaption><\/figure><\/div>\n\n\n\n<div class=\"wp-block-image\"><figure class=\"aligncenter size-large is-resized\"><img loading=\"lazy\" decoding=\"async\" src=\"https:\/\/nid.pl\/wp-content\/uploads\/2023\/07\/Niematerialne-Katowice-_14-1024x683.jpg\" alt=\"\" class=\"wp-image-12483\" width=\"768\" height=\"512\"\/><figcaption>Marek Markowski, krakowski szopkarz, otwarcie wystawy \u201eTradycje od pokole\u0144. Niematerialne dziedzictwo kulturowe w Polsce\u201d, fot. NID\/Barbara Halliop<\/figcaption><\/figure><\/div>\n\n\n\n<div class=\"wp-block-image\"><figure class=\"aligncenter size-large is-resized\"><img loading=\"lazy\" decoding=\"async\" src=\"https:\/\/nid.pl\/wp-content\/uploads\/2023\/07\/Niematerialne-Katowice-_7-1024x683.jpg\" alt=\"\" class=\"wp-image-12484\" width=\"768\" height=\"512\"\/><figcaption>Otwarcie wystawy \u201eTradycje od pokole\u0144. Niematerialne dziedzictwo kulturowe w Polsce\u201d, fot. NID\/Barbara Halliop<\/figcaption><\/figure><\/div>\n\n\n\n<div class=\"wp-block-image\"><figure class=\"aligncenter size-large is-resized\"><img loading=\"lazy\" decoding=\"async\" src=\"https:\/\/nid.pl\/wp-content\/uploads\/2023\/07\/Niematerialne-Katowice-_10-1024x683.jpg\" alt=\"\" class=\"wp-image-12485\" width=\"768\" height=\"512\"\/><figcaption>Otwarcie wystawy \u201eTradycje od pokole\u0144. Niematerialne dziedzictwo kulturowe w Polsce\u201d, fot. NID\/Barbara Halliop<\/figcaption><\/figure><\/div>\n\n\n\n<div class=\"wp-block-image\"><figure class=\"aligncenter size-large is-resized\"><img loading=\"lazy\" decoding=\"async\" src=\"https:\/\/nid.pl\/wp-content\/uploads\/2023\/07\/Niematerialne-Katowice-_5-1024x683.jpg\" alt=\"\" class=\"wp-image-12530\" width=\"768\" height=\"512\"\/><figcaption>Czarni G\u00f3rale, otwarcie wystawy \u201eTradycje od pokole\u0144. Niematerialne dziedzictwo kulturowe w Polsce\u201d, fot. NID\/Barbara Halliop<\/figcaption><\/figure><\/div>\n\n\n\n<div class=\"wp-block-image\"><figure class=\"aligncenter size-large is-resized\"><img loading=\"lazy\" decoding=\"async\" src=\"https:\/\/nid.pl\/wp-content\/uploads\/2023\/07\/Niematerialne-Katowice-_4-1024x683.jpg\" alt=\"\" class=\"wp-image-12486\" width=\"768\" height=\"512\"\/><figcaption>Orkiestra D\u0119ta Polskiej Grupy G\u00f3rniczej, otwarcie wystawy \u201eTradycje od pokole\u0144. Niematerialne dziedzictwo kulturowe w Polsce\u201d, fot. NID\/Barbara Halliop<\/figcaption><\/figure><\/div>\n\n\n\n<div class=\"wp-block-image\"><figure class=\"aligncenter size-large is-resized\"><img loading=\"lazy\" decoding=\"async\" src=\"https:\/\/nid.pl\/wp-content\/uploads\/2023\/07\/Niematerialne-Katowice-_15-683x1024.jpg\" alt=\"\" class=\"wp-image-12487\" width=\"512\" height=\"768\"\/><figcaption>Otwarcie wystawy \u201eTradycje od pokole\u0144. Niematerialne dziedzictwo kulturowe w Polsce\u201d, fot. NID\/Barbara Halliop<\/figcaption><\/figure><\/div>\n\n\n\n<div class=\"wp-block-image\"><figure class=\"aligncenter size-large is-resized\"><img loading=\"lazy\" decoding=\"async\" src=\"https:\/\/nid.pl\/wp-content\/uploads\/2023\/07\/Niematerialne-Katowice-_16-1024x683.jpg\" alt=\"\" class=\"wp-image-12488\" width=\"770\" height=\"513\"\/><figcaption>Otwarcie wystawy \u201eTradycje od pokole\u0144. Niematerialne dziedzictwo kulturowe w Polsce\u201d, fot. NID\/Barbara Halliop<\/figcaption><\/figure><\/div>\n\n\n\n<div class=\"wp-block-image\"><figure class=\"aligncenter size-large is-resized\"><img loading=\"lazy\" decoding=\"async\" src=\"https:\/\/nid.pl\/wp-content\/uploads\/2023\/07\/Niematerialne-Katowice-_17-1024x683.jpg\" alt=\"\" class=\"wp-image-12489\" width=\"768\" height=\"512\"\/><figcaption>Otwarcie wystawy \u201eTradycje od pokole\u0144. Niematerialne dziedzictwo kulturowe w Polsce\u201d, fot. NID\/Barbara Halliop<\/figcaption><\/figure><\/div>\n\n\n\n<div class=\"wp-block-image\"><figure class=\"aligncenter size-large is-resized\"><img loading=\"lazy\" decoding=\"async\" src=\"https:\/\/nid.pl\/wp-content\/uploads\/2023\/07\/Niematerialne-Katowice-_18-1024x683.jpg\" alt=\"\" class=\"wp-image-12490\" width=\"768\" height=\"512\"\/><figcaption>Flisacy, otwarcie wystawy \u201eTradycje od pokole\u0144. Niematerialne dziedzictwo kulturowe w Polsce\u201d, fot. NID\/Barbara Halliop<\/figcaption><\/figure><\/div>\n\n\n\n<div class=\"wp-block-image\"><figure class=\"aligncenter size-large is-resized\"><img loading=\"lazy\" decoding=\"async\" src=\"https:\/\/nid.pl\/wp-content\/uploads\/2023\/07\/Niematerialne-Katowice-_19-1024x683.jpg\" alt=\"\" class=\"wp-image-12491\" width=\"768\" height=\"512\"\/><figcaption>Mieszczanie \u017cywieccy, Otwarcie wystawy \u201eTradycje od pokole\u0144. Niematerialne dziedzictwo kulturowe w Polsce\u201d, fot. NID\/Barbara Halliop<\/figcaption><\/figure><\/div>\n\n\n\n<div class=\"wp-block-image\"><figure class=\"aligncenter size-large is-resized\"><img loading=\"lazy\" decoding=\"async\" src=\"https:\/\/nid.pl\/wp-content\/uploads\/2023\/07\/Niematerialne-Katowice-_20-1024x683.jpg\" alt=\"\" class=\"wp-image-12492\" width=\"768\" height=\"512\"\/><figcaption>Otwarcie wystawy \u201eTradycje od pokole\u0144. Niematerialne dziedzictwo kulturowe w Polsce\u201d, fot. NID\/Barbara Halliop<\/figcaption><\/figure><\/div>\n\n\n\n<div class=\"wp-block-image\"><figure class=\"aligncenter size-large is-resized\"><img loading=\"lazy\" decoding=\"async\" src=\"https:\/\/nid.pl\/wp-content\/uploads\/2023\/07\/Niematerialne-Katowice-_21-1024x683.jpg\" alt=\"\" class=\"wp-image-12493\" width=\"768\" height=\"512\"\/><figcaption>Rze\u017abienie w soli, otwarcie wystawy \u201eTradycje od pokole\u0144. Niematerialne dziedzictwo kulturowe w Polsce\u201d, fot. NID\/Barbara Halliop<\/figcaption><\/figure><\/div>\n\n\n\n<div class=\"wp-block-image\"><figure class=\"aligncenter size-large is-resized\"><img loading=\"lazy\" decoding=\"async\" src=\"https:\/\/nid.pl\/wp-content\/uploads\/2023\/07\/Niematerialne-Katowice-_22-1024x683.jpg\" alt=\"\" class=\"wp-image-12494\" width=\"768\" height=\"512\"\/><figcaption>Anna K\u0105kol, beskidzki haft krzy\u017cykowy, otwarcie wystawy \u201eTradycje od pokole\u0144. Niematerialne dziedzictwo kulturowe w Polsce\u201d, fot. NID\/Barbara Halliop<\/figcaption><\/figure><\/div>\n\n\n\n<div class=\"wp-block-image\"><figure class=\"aligncenter size-large is-resized\"><img loading=\"lazy\" decoding=\"async\" src=\"https:\/\/nid.pl\/wp-content\/uploads\/2023\/07\/Niematerialne-Katowice-_23-1024x683.jpg\" alt=\"\" class=\"wp-image-12495\" width=\"768\" height=\"512\"\/><figcaption>R\u0119kawice furma\u0144skie, otwarcie wystawy \u201eTradycje od pokole\u0144. Niematerialne dziedzictwo kulturowe w Polsce\u201d, fot. NID\/Barbara Halliop<\/figcaption><\/figure><\/div>\n\n\n\n<div class=\"wp-block-image\"><figure class=\"aligncenter size-large is-resized\"><img loading=\"lazy\" decoding=\"async\" src=\"https:\/\/nid.pl\/wp-content\/uploads\/2023\/07\/Niematerialne-Katowice-_24-1024x683.jpg\" alt=\"\" class=\"wp-image-12496\" width=\"768\" height=\"512\"\/><figcaption>Bobowska koronka klockowa, otwarcie wystawy \u201eTradycje od pokole\u0144. Niematerialne dziedzictwo kulturowe w Polsce\u201d, fot. NID\/Barbara Halliop<\/figcaption><\/figure><\/div>\n\n\n\n<div class=\"wp-block-image\"><figure class=\"aligncenter size-large is-resized\"><img loading=\"lazy\" decoding=\"async\" src=\"https:\/\/nid.pl\/wp-content\/uploads\/2023\/07\/Niematerialne-Katowice-_25-683x1024.jpg\" alt=\"\" class=\"wp-image-12497\" width=\"512\" height=\"768\"\/><figcaption>Krakowska koronka klockowa, otwarcie wystawy \u201eTradycje od pokole\u0144. Niematerialne dziedzictwo kulturowe w Polsce\u201d, fot. NID\/Barbara Halliop<\/figcaption><\/figure><\/div>\n\n\n\n<div class=\"wp-block-image\"><figure class=\"aligncenter size-large is-resized\"><img loading=\"lazy\" decoding=\"async\" src=\"https:\/\/nid.pl\/wp-content\/uploads\/2023\/07\/Niematerialne-Katowice-_27-1024x683.jpg\" alt=\"\" class=\"wp-image-12499\" width=\"768\" height=\"512\"\/><figcaption>Otwarcie wystawy \u201eTradycje od pokole\u0144. Niematerialne dziedzictwo kulturowe w Polsce\u201d, fot. NID\/Barbara Halliop<\/figcaption><\/figure><\/div>\n\n\n\n<div class=\"wp-block-image\"><figure class=\"aligncenter size-large is-resized\"><img loading=\"lazy\" decoding=\"async\" src=\"https:\/\/nid.pl\/wp-content\/uploads\/2023\/07\/Niematerialne-Katowice-_28-1024x683.jpg\" alt=\"\" class=\"wp-image-12500\" width=\"768\" height=\"512\"\/><figcaption>Otwarcie wystawy \u201eTradycje od pokole\u0144. Niematerialne dziedzictwo kulturowe w Polsce\u201d, fot. NID\/Barbara Halliop<\/figcaption><\/figure><\/div>\n\n\n\n<div class=\"wp-block-image\"><figure class=\"aligncenter size-large is-resized\"><img loading=\"lazy\" decoding=\"async\" src=\"https:\/\/nid.pl\/wp-content\/uploads\/2023\/07\/Niematerialne-Katowice-_29-1024x683.jpg\" alt=\"\" class=\"wp-image-12501\" width=\"768\" height=\"512\"\/><figcaption>Katarzyna Sadowska-Mazur, Narodowy Instytut Dziedzictwa, otwarcie wystawy \u201eTradycje od pokole\u0144. Niematerialne dziedzictwo kulturowe w Polsce\u201d, fot. NID\/Barbara Halliop<\/figcaption><\/figure><\/div>\n\n\n\n<div class=\"wp-block-image\"><figure class=\"aligncenter size-large is-resized\"><img loading=\"lazy\" decoding=\"async\" src=\"https:\/\/nid.pl\/wp-content\/uploads\/2023\/07\/Niematerialne-Katowice-_30-1024x768.jpg\" alt=\"\" class=\"wp-image-12502\" width=\"768\" height=\"576\"\/><figcaption>Krzysztof Czartoryski, Narodowy Instytut Dziedzictwa, otwarcie wystawy \u201eTradycje od pokole\u0144. Niematerialne dziedzictwo kulturowe w Polsce\u201d, fot. NID\/Barbara Halliop<\/figcaption><\/figure><\/div>\n\n\n\n<div class=\"wp-block-image\"><figure class=\"aligncenter size-large is-resized\"><img loading=\"lazy\" decoding=\"async\" src=\"https:\/\/nid.pl\/wp-content\/uploads\/2023\/07\/Niematerialne-Katowice-_31-1024x683.jpg\" alt=\"\" class=\"wp-image-12503\" width=\"768\" height=\"512\"\/><figcaption>Agata Mucha, Narodowy Instytut Dziedzictwa, otwarcie wystawy \u201eTradycje od pokole\u0144. Niematerialne dziedzictwo kulturowe w Polsce\u201d, fot. NID\/Barbara Halliop<\/figcaption><\/figure><\/div>\n\n\n\n<div class=\"wp-block-image\"><figure class=\"aligncenter size-large is-resized\"><img loading=\"lazy\" decoding=\"async\" src=\"https:\/\/nid.pl\/wp-content\/uploads\/2023\/07\/Niematerialne-Katowice-_32-1024x683.jpg\" alt=\"\" class=\"wp-image-12504\" width=\"768\" height=\"512\"\/><figcaption>Lubomira Trojan, Zamek Cieszyn, otwarcie wystawy \u201eTradycje od pokole\u0144. Niematerialne dziedzictwo kulturowe w Polsce\u201d, fot. NID\/Barbara Halliop<\/figcaption><\/figure><\/div>\n\n\n\n<div class=\"wp-block-image\"><figure class=\"aligncenter size-large is-resized\"><img loading=\"lazy\" decoding=\"async\" src=\"https:\/\/nid.pl\/wp-content\/uploads\/2023\/07\/Niematerialne-Katowice-_33-1024x683.jpg\" alt=\"\" class=\"wp-image-12505\" width=\"768\" height=\"512\"\/><figcaption>J\u00f3zef Micha\u0142ek, Fundacja Pasterstwo Transhumancyjne, otwarcie wystawy \u201eTradycje od pokole\u0144. Niematerialne dziedzictwo kulturowe w Polsce\u201d, fot. NID\/Barbara Halliop<\/figcaption><\/figure><\/div>\n\n\n\n<div class=\"wp-block-image\"><figure class=\"aligncenter size-large is-resized\"><img loading=\"lazy\" decoding=\"async\" src=\"https:\/\/nid.pl\/wp-content\/uploads\/2023\/07\/Niematerialne-Katowice-_34-1024x683.jpg\" alt=\"\" class=\"wp-image-12506\" width=\"768\" height=\"512\"\/><figcaption>Otwarcie wystawy \u201eTradycje od pokole\u0144. Niematerialne dziedzictwo kulturowe w Polsce\u201d, fot. NID\/Barbara Halliop<\/figcaption><\/figure><\/div>\n\n\n\n<div class=\"wp-block-image\"><figure class=\"aligncenter size-large is-resized\"><img loading=\"lazy\" decoding=\"async\" src=\"https:\/\/nid.pl\/wp-content\/uploads\/2023\/07\/Niematerialne-Katowice-_36-1024x683.jpg\" alt=\"\" class=\"wp-image-12520\" width=\"768\" height=\"512\"\/><figcaption>Otwarcie wystawy \u201eTradycje od pokole\u0144. Niematerialne dziedzictwo kulturowe w Polsce\u201d, fot. NID\/Barbara Halliop<\/figcaption><\/figure><\/div>\n\n\n\n<div class=\"wp-block-image\"><figure class=\"aligncenter size-large is-resized\"><img loading=\"lazy\" decoding=\"async\" src=\"https:\/\/nid.pl\/wp-content\/uploads\/2023\/07\/Niematerialne-Katowice-_38-1024x683.jpg\" alt=\"\" class=\"wp-image-12521\" width=\"768\" height=\"512\"\/><figcaption>Koncert Kapeli DudySkrzypce, otwarcie wystawy \u201eTradycje od pokole\u0144. Niematerialne dziedzictwo kulturowe w Polsce\u201d, fot. NID\/Barbara Halliop<\/figcaption><\/figure><\/div>\n\n\n\n<div class=\"wp-block-image\"><figure class=\"aligncenter size-large is-resized\"><img loading=\"lazy\" decoding=\"async\" src=\"https:\/\/nid.pl\/wp-content\/uploads\/2023\/07\/Niematerialne-Katowice-_39-1024x683.jpg\" alt=\"\" class=\"wp-image-12522\" width=\"768\" height=\"512\"\/><figcaption>Koncert Kapeli DudySkrzypce, otwarcie wystawy \u201eTradycje od pokole\u0144. Niematerialne dziedzictwo kulturowe w Polsce\u201d, fot. NID\/Barbara Halliop<\/figcaption><\/figure><\/div>\n\n\n\n<div class=\"wp-block-image\"><figure class=\"aligncenter size-large is-resized\"><img loading=\"lazy\" decoding=\"async\" src=\"https:\/\/nid.pl\/wp-content\/uploads\/2023\/07\/Niematerialne-Katowice-_2-1024x683.jpg\" alt=\"\" class=\"wp-image-12507\" width=\"768\" height=\"512\"\/><figcaption>Otwarcie wystawy \u201eTradycje od pokole\u0144. Niematerialne dziedzictwo kulturowe w Polsce\u201d, fot. NID\/Barbara Halliop<\/figcaption><\/figure><\/div>\n\n\n\n<p><\/p>\n\n\n\n<p>Przed czym chroni\u0105 owcze dzwonki, opowiada J\u00f3zef Micha\u0142ek z Fundacji Pasterstwa Transhumancyjnego:<\/p>\n\n\n\n<figure class=\"wp-block-embed is-type-video is-provider-youtube wp-block-embed-youtube wp-embed-aspect-16-9 wp-has-aspect-ratio\"><div class=\"wp-block-embed__wrapper\">\n<iframe loading=\"lazy\" title=\"Przed czym chroni\u0105 owcze dzwonki?\" width=\"1080\" height=\"608\" src=\"https:\/\/www.youtube.com\/embed\/bMXLeqnVrDo?feature=oembed\"  allow=\"accelerometer; autoplay; clipboard-write; encrypted-media; gyroscope; picture-in-picture; web-share\" allowfullscreen><\/iframe>\n<\/div><\/figure>\n\n\n\n<p><\/p>\n\n\n\n<p>O tradycjach zwi\u0105zanych z wytwarzaniem koronki koniakowskiej opowiada Lucyna Ligocka-Kohut z Centrum Koronki Koniakowskiej:<\/p>\n\n\n\n<figure class=\"wp-block-embed is-type-video is-provider-youtube wp-block-embed-youtube wp-embed-aspect-16-9 wp-has-aspect-ratio\"><div class=\"wp-block-embed__wrapper\">\n<iframe loading=\"lazy\" title=\"Tradycje wytwarzania koronki koniakowskiej\" width=\"1080\" height=\"608\" src=\"https:\/\/www.youtube.com\/embed\/LDZ78fdepdI?feature=oembed\"  allow=\"accelerometer; autoplay; clipboard-write; encrypted-media; gyroscope; picture-in-picture; web-share\" allowfullscreen><\/iframe>\n<\/div><\/figure>\n\n\n\n<p><\/p>\n\n\n\n<p>O zabawkarstwie \u017cywiecko-suskim opowiada Piotr Pochopie\u0144 z Beskidzkiego Centrum Zabawki Drewnianej:<\/p>\n\n\n\n<figure class=\"wp-block-embed is-type-video is-provider-youtube wp-block-embed-youtube wp-embed-aspect-16-9 wp-has-aspect-ratio\"><div class=\"wp-block-embed__wrapper\">\n<iframe loading=\"lazy\" title=\"Zabawkarstwo \u017cywiecko-suskie\" width=\"1080\" height=\"608\" src=\"https:\/\/www.youtube.com\/embed\/jy05Z2aO6Og?feature=oembed\"  allow=\"accelerometer; autoplay; clipboard-write; encrypted-media; gyroscope; picture-in-picture; web-share\" allowfullscreen><\/iframe>\n<\/div><\/figure>\n\n\n\n<p><\/p>\n\n\n\n<p>O rekwizytach kultury pasterskiej opowiada J\u00f3zef Micha\u0142ek z Fundacji Pasterstwa Transhumancyjnego::<\/p>\n\n\n\n<figure class=\"wp-block-embed is-type-video is-provider-youtube wp-block-embed-youtube wp-embed-aspect-16-9 wp-has-aspect-ratio\"><div class=\"wp-block-embed__wrapper\">\n<iframe loading=\"lazy\" title=\"Rekwizyty kultury pasterskiej\" width=\"1080\" height=\"608\" src=\"https:\/\/www.youtube.com\/embed\/os0RICb2x3A?feature=oembed\"  allow=\"accelerometer; autoplay; clipboard-write; encrypted-media; gyroscope; picture-in-picture; web-share\" allowfullscreen><\/iframe>\n<\/div><\/figure>\n\n\n\n<p><\/p>\n\n\n\n<p>O we\u0142nie, czyli wielkim skarbie g\u00f3rali oraz o r\u0119kawicach J\u00f3zef Micha\u0142ek z Fundacji Pasterstwa Transhumancyjnego::<\/p>\n\n\n\n<figure class=\"wp-block-embed is-type-video is-provider-youtube wp-block-embed-youtube wp-embed-aspect-16-9 wp-has-aspect-ratio\"><div class=\"wp-block-embed__wrapper\">\n<iframe loading=\"lazy\" title=\"Tkanie r\u0119kawic furma\u0144skich\" width=\"1080\" height=\"608\" src=\"https:\/\/www.youtube.com\/embed\/u0LyabFryKY?feature=oembed\"  allow=\"accelerometer; autoplay; clipboard-write; encrypted-media; gyroscope; picture-in-picture; web-share\" allowfullscreen><\/iframe>\n<\/div><\/figure>","protected":false},"excerpt":{"rendered":"<p>Za nami kolejna ods\u0142ona obchod\u00f3w jubileuszu 20-lecia Konwencji UNESCO w sprawie ochrony niematerialnego dziedzictwa kulturowego oraz 10-lecia Krajowej listy niematerialnego dziedzictwa kulturowego. W Muzeum \u015al\u0105skim w Katowicach, w sobot\u0119 &#8211; [&hellip;]<\/p>","protected":false},"author":7,"featured_media":12515,"comment_status":"open","ping_status":"open","sticky":false,"template":"","format":"standard","meta":{"_et_pb_use_builder":"off","_et_pb_old_content":"","_et_gb_content_width":"","_monsterinsights_skip_tracking":false,"_monsterinsights_sitenote_active":false,"_monsterinsights_sitenote_note":"","_monsterinsights_sitenote_category":0,"footnotes":""},"categories":[3,84],"tags":[],"class_list":["post-12477","post","type-post","status-publish","format-standard","has-post-thumbnail","hentry","category-aktualnosci","category-tradycje-od-pokolen"],"yoast_head":"<!-- This site is optimized with the Yoast SEO plugin v26.5 - https:\/\/yoast.com\/wordpress\/plugins\/seo\/ -->\n<title>W Katowicach otwarto wystaw\u0119 \u201eTradycje od pokole\u0144. Niematerialne dziedzictwo kulturowe w Polsce\u201d - NID<\/title>\n<meta name=\"robots\" content=\"index, follow, max-snippet:-1, max-image-preview:large, max-video-preview:-1\" \/>\n<link rel=\"canonical\" href=\"https:\/\/nid.pl\/en\/2023\/07\/24\/w-katowicach-otwarto-wystawe-tradycje-od-pokolen-niematerialne-dziedzictwo-kulturowe-w-polsce\/\" \/>\n<meta property=\"og:locale\" content=\"en_GB\" \/>\n<meta property=\"og:type\" content=\"article\" \/>\n<meta property=\"og:title\" content=\"W Katowicach otwarto wystaw\u0119 \u201eTradycje od pokole\u0144. Niematerialne dziedzictwo kulturowe w Polsce\u201d - NID\" \/>\n<meta property=\"og:description\" content=\"Za nami kolejna ods\u0142ona obchod\u00f3w jubileuszu 20-lecia Konwencji UNESCO w sprawie ochrony niematerialnego dziedzictwa kulturowego oraz 10-lecia Krajowej listy niematerialnego dziedzictwa kulturowego. W Muzeum \u015al\u0105skim w Katowicach, w sobot\u0119 &#8211; [&hellip;]\" \/>\n<meta property=\"og:url\" content=\"https:\/\/nid.pl\/en\/2023\/07\/24\/w-katowicach-otwarto-wystawe-tradycje-od-pokolen-niematerialne-dziedzictwo-kulturowe-w-polsce\/\" \/>\n<meta property=\"og:site_name\" content=\"NID\" \/>\n<meta property=\"article:publisher\" content=\"https:\/\/www.facebook.com\/zabytek\" \/>\n<meta property=\"article:published_time\" content=\"2023-07-24T08:59:06+00:00\" \/>\n<meta property=\"article:modified_time\" content=\"2023-07-25T07:56:41+00:00\" \/>\n<meta property=\"og:image\" content=\"https:\/\/nid.pl\/wp-content\/uploads\/2023\/07\/miniaturka-aktualnosci-NID4-1-1024x685.png\" \/>\n\t<meta property=\"og:image:width\" content=\"1024\" \/>\n\t<meta property=\"og:image:height\" content=\"685\" \/>\n\t<meta property=\"og:image:type\" content=\"image\/png\" \/>\n<meta name=\"author\" content=\"Barbara Halliop\" \/>\n<meta name=\"twitter:card\" content=\"summary_large_image\" \/>\n<meta name=\"twitter:creator\" content=\"@NarIDpl\" \/>\n<meta name=\"twitter:site\" content=\"@NarIDpl\" \/>\n<meta name=\"twitter:label1\" content=\"Written by\" \/>\n\t<meta name=\"twitter:data1\" content=\"Barbara Halliop\" \/>\n\t<meta name=\"twitter:label2\" content=\"Estimated reading time\" \/>\n\t<meta name=\"twitter:data2\" content=\"13 minutes\" \/>\n<script type=\"application\/ld+json\" class=\"yoast-schema-graph\">{\"@context\":\"https:\/\/schema.org\",\"@graph\":[{\"@type\":\"Article\",\"@id\":\"https:\/\/nid.pl\/2023\/07\/24\/w-katowicach-otwarto-wystawe-tradycje-od-pokolen-niematerialne-dziedzictwo-kulturowe-w-polsce\/#article\",\"isPartOf\":{\"@id\":\"https:\/\/nid.pl\/2023\/07\/24\/w-katowicach-otwarto-wystawe-tradycje-od-pokolen-niematerialne-dziedzictwo-kulturowe-w-polsce\/\"},\"author\":{\"name\":\"Barbara Halliop\",\"@id\":\"https:\/\/nid.pl\/#\/schema\/person\/1b690a8998a5111cfb9f0ffe24195a15\"},\"headline\":\"W Katowicach otwarto wystaw\u0119 \u201eTradycje od pokole\u0144. Niematerialne dziedzictwo kulturowe w Polsce\u201d\",\"datePublished\":\"2023-07-24T08:59:06+00:00\",\"dateModified\":\"2023-07-25T07:56:41+00:00\",\"mainEntityOfPage\":{\"@id\":\"https:\/\/nid.pl\/2023\/07\/24\/w-katowicach-otwarto-wystawe-tradycje-od-pokolen-niematerialne-dziedzictwo-kulturowe-w-polsce\/\"},\"wordCount\":1761,\"commentCount\":0,\"publisher\":{\"@id\":\"https:\/\/nid.pl\/#organization\"},\"image\":{\"@id\":\"https:\/\/nid.pl\/2023\/07\/24\/w-katowicach-otwarto-wystawe-tradycje-od-pokolen-niematerialne-dziedzictwo-kulturowe-w-polsce\/#primaryimage\"},\"thumbnailUrl\":\"https:\/\/nid.pl\/wp-content\/uploads\/2023\/07\/miniaturka-aktualnosci-NID4-1.png\",\"articleSection\":[\"Aktualno\u015bci\",\"Tradycje od pokole\u0144. Niematerialne dziedzictwo kulturowe w Polsce\"],\"inLanguage\":\"en-GB\"},{\"@type\":\"WebPage\",\"@id\":\"https:\/\/nid.pl\/2023\/07\/24\/w-katowicach-otwarto-wystawe-tradycje-od-pokolen-niematerialne-dziedzictwo-kulturowe-w-polsce\/\",\"url\":\"https:\/\/nid.pl\/2023\/07\/24\/w-katowicach-otwarto-wystawe-tradycje-od-pokolen-niematerialne-dziedzictwo-kulturowe-w-polsce\/\",\"name\":\"W Katowicach otwarto wystaw\u0119 \u201eTradycje od pokole\u0144. Niematerialne dziedzictwo kulturowe w Polsce\u201d - NID\",\"isPartOf\":{\"@id\":\"https:\/\/nid.pl\/#website\"},\"primaryImageOfPage\":{\"@id\":\"https:\/\/nid.pl\/2023\/07\/24\/w-katowicach-otwarto-wystawe-tradycje-od-pokolen-niematerialne-dziedzictwo-kulturowe-w-polsce\/#primaryimage\"},\"image\":{\"@id\":\"https:\/\/nid.pl\/2023\/07\/24\/w-katowicach-otwarto-wystawe-tradycje-od-pokolen-niematerialne-dziedzictwo-kulturowe-w-polsce\/#primaryimage\"},\"thumbnailUrl\":\"https:\/\/nid.pl\/wp-content\/uploads\/2023\/07\/miniaturka-aktualnosci-NID4-1.png\",\"datePublished\":\"2023-07-24T08:59:06+00:00\",\"dateModified\":\"2023-07-25T07:56:41+00:00\",\"breadcrumb\":{\"@id\":\"https:\/\/nid.pl\/2023\/07\/24\/w-katowicach-otwarto-wystawe-tradycje-od-pokolen-niematerialne-dziedzictwo-kulturowe-w-polsce\/#breadcrumb\"},\"inLanguage\":\"en-GB\",\"potentialAction\":[{\"@type\":\"ReadAction\",\"target\":[\"https:\/\/nid.pl\/2023\/07\/24\/w-katowicach-otwarto-wystawe-tradycje-od-pokolen-niematerialne-dziedzictwo-kulturowe-w-polsce\/\"]}]},{\"@type\":\"ImageObject\",\"inLanguage\":\"en-GB\",\"@id\":\"https:\/\/nid.pl\/2023\/07\/24\/w-katowicach-otwarto-wystawe-tradycje-od-pokolen-niematerialne-dziedzictwo-kulturowe-w-polsce\/#primaryimage\",\"url\":\"https:\/\/nid.pl\/wp-content\/uploads\/2023\/07\/miniaturka-aktualnosci-NID4-1.png\",\"contentUrl\":\"https:\/\/nid.pl\/wp-content\/uploads\/2023\/07\/miniaturka-aktualnosci-NID4-1.png\",\"width\":1850,\"height\":1238,\"caption\":\"Otwarcie wystawy \u201eTradycje od pokole\u0144. Niematerialne dziedzictwo kulturowe w Polsce\u201d w Katowicach\/fot. NID\"},{\"@type\":\"BreadcrumbList\",\"@id\":\"https:\/\/nid.pl\/2023\/07\/24\/w-katowicach-otwarto-wystawe-tradycje-od-pokolen-niematerialne-dziedzictwo-kulturowe-w-polsce\/#breadcrumb\",\"itemListElement\":[{\"@type\":\"ListItem\",\"position\":1,\"name\":\"Home\",\"item\":\"https:\/\/nid.pl\/\"},{\"@type\":\"ListItem\",\"position\":2,\"name\":\"W Katowicach otwarto wystaw\u0119 \u201eTradycje od pokole\u0144. Niematerialne dziedzictwo kulturowe w Polsce\u201d\"}]},{\"@type\":\"WebSite\",\"@id\":\"https:\/\/nid.pl\/#website\",\"url\":\"https:\/\/nid.pl\/\",\"name\":\"NID\",\"description\":\"Narodowy Instytut Dziedzictwa\",\"publisher\":{\"@id\":\"https:\/\/nid.pl\/#organization\"},\"potentialAction\":[{\"@type\":\"SearchAction\",\"target\":{\"@type\":\"EntryPoint\",\"urlTemplate\":\"https:\/\/nid.pl\/?s={search_term_string}\"},\"query-input\":{\"@type\":\"PropertyValueSpecification\",\"valueRequired\":true,\"valueName\":\"search_term_string\"}}],\"inLanguage\":\"en-GB\"},{\"@type\":\"Organization\",\"@id\":\"https:\/\/nid.pl\/#organization\",\"name\":\"Narodowy Instytut Dziedzictwa\",\"url\":\"https:\/\/nid.pl\/\",\"logo\":{\"@type\":\"ImageObject\",\"inLanguage\":\"en-GB\",\"@id\":\"https:\/\/nid.pl\/#\/schema\/logo\/image\/\",\"url\":\"https:\/\/nid.pl\/wp-content\/uploads\/2022\/10\/logoRedDark.png\",\"contentUrl\":\"https:\/\/nid.pl\/wp-content\/uploads\/2022\/10\/logoRedDark.png\",\"width\":200,\"height\":197,\"caption\":\"Narodowy Instytut Dziedzictwa\"},\"image\":{\"@id\":\"https:\/\/nid.pl\/#\/schema\/logo\/image\/\"},\"sameAs\":[\"https:\/\/www.facebook.com\/zabytek\",\"https:\/\/x.com\/NarIDpl\",\"https:\/\/www.instagram.com\/nid.pl\/?hl=pl\",\"https:\/\/www.linkedin.com\/company\/narodowy-instytut-dziedzictwa\",\"https:\/\/www.youtube.com\/channel\/UCQXuhKa2uHtmNvLRUSx40JA\"]},{\"@type\":\"Person\",\"@id\":\"https:\/\/nid.pl\/#\/schema\/person\/1b690a8998a5111cfb9f0ffe24195a15\",\"name\":\"Barbara Halliop\",\"image\":{\"@type\":\"ImageObject\",\"inLanguage\":\"en-GB\",\"@id\":\"https:\/\/nid.pl\/#\/schema\/person\/image\/\",\"url\":\"https:\/\/nid.pl\/wp-content\/litespeed\/avatar\/924046d17dd0c842c9fa9ccf489bc6dc.jpg?ver=1777444967\",\"contentUrl\":\"https:\/\/nid.pl\/wp-content\/litespeed\/avatar\/924046d17dd0c842c9fa9ccf489bc6dc.jpg?ver=1777444967\",\"caption\":\"Barbara Halliop\"},\"url\":\"https:\/\/nid.pl\/en\/author\/bhalliop\/\"}]}<\/script>\n<!-- \/ Yoast SEO plugin. -->","yoast_head_json":{"title":"W Katowicach otwarto wystaw\u0119 \u201eTradycje od pokole\u0144. Niematerialne dziedzictwo kulturowe w Polsce\u201d - NID","robots":{"index":"index","follow":"follow","max-snippet":"max-snippet:-1","max-image-preview":"max-image-preview:large","max-video-preview":"max-video-preview:-1"},"canonical":"https:\/\/nid.pl\/en\/2023\/07\/24\/w-katowicach-otwarto-wystawe-tradycje-od-pokolen-niematerialne-dziedzictwo-kulturowe-w-polsce\/","og_locale":"en_GB","og_type":"article","og_title":"W Katowicach otwarto wystaw\u0119 \u201eTradycje od pokole\u0144. Niematerialne dziedzictwo kulturowe w Polsce\u201d - NID","og_description":"Za nami kolejna ods\u0142ona obchod\u00f3w jubileuszu 20-lecia Konwencji UNESCO w sprawie ochrony niematerialnego dziedzictwa kulturowego oraz 10-lecia Krajowej listy niematerialnego dziedzictwa kulturowego. W Muzeum \u015al\u0105skim w Katowicach, w sobot\u0119 &#8211; [&hellip;]","og_url":"https:\/\/nid.pl\/en\/2023\/07\/24\/w-katowicach-otwarto-wystawe-tradycje-od-pokolen-niematerialne-dziedzictwo-kulturowe-w-polsce\/","og_site_name":"NID","article_publisher":"https:\/\/www.facebook.com\/zabytek","article_published_time":"2023-07-24T08:59:06+00:00","article_modified_time":"2023-07-25T07:56:41+00:00","og_image":[{"width":1024,"height":685,"url":"https:\/\/nid.pl\/wp-content\/uploads\/2023\/07\/miniaturka-aktualnosci-NID4-1-1024x685.png","type":"image\/png"}],"author":"Barbara Halliop","twitter_card":"summary_large_image","twitter_creator":"@NarIDpl","twitter_site":"@NarIDpl","twitter_misc":{"Written by":"Barbara Halliop","Estimated reading time":"13 minutes"},"schema":{"@context":"https:\/\/schema.org","@graph":[{"@type":"Article","@id":"https:\/\/nid.pl\/2023\/07\/24\/w-katowicach-otwarto-wystawe-tradycje-od-pokolen-niematerialne-dziedzictwo-kulturowe-w-polsce\/#article","isPartOf":{"@id":"https:\/\/nid.pl\/2023\/07\/24\/w-katowicach-otwarto-wystawe-tradycje-od-pokolen-niematerialne-dziedzictwo-kulturowe-w-polsce\/"},"author":{"name":"Barbara Halliop","@id":"https:\/\/nid.pl\/#\/schema\/person\/1b690a8998a5111cfb9f0ffe24195a15"},"headline":"W Katowicach otwarto wystaw\u0119 \u201eTradycje od pokole\u0144. Niematerialne dziedzictwo kulturowe w Polsce\u201d","datePublished":"2023-07-24T08:59:06+00:00","dateModified":"2023-07-25T07:56:41+00:00","mainEntityOfPage":{"@id":"https:\/\/nid.pl\/2023\/07\/24\/w-katowicach-otwarto-wystawe-tradycje-od-pokolen-niematerialne-dziedzictwo-kulturowe-w-polsce\/"},"wordCount":1761,"commentCount":0,"publisher":{"@id":"https:\/\/nid.pl\/#organization"},"image":{"@id":"https:\/\/nid.pl\/2023\/07\/24\/w-katowicach-otwarto-wystawe-tradycje-od-pokolen-niematerialne-dziedzictwo-kulturowe-w-polsce\/#primaryimage"},"thumbnailUrl":"https:\/\/nid.pl\/wp-content\/uploads\/2023\/07\/miniaturka-aktualnosci-NID4-1.png","articleSection":["Aktualno\u015bci","Tradycje od pokole\u0144. Niematerialne dziedzictwo kulturowe w Polsce"],"inLanguage":"en-GB"},{"@type":"WebPage","@id":"https:\/\/nid.pl\/2023\/07\/24\/w-katowicach-otwarto-wystawe-tradycje-od-pokolen-niematerialne-dziedzictwo-kulturowe-w-polsce\/","url":"https:\/\/nid.pl\/2023\/07\/24\/w-katowicach-otwarto-wystawe-tradycje-od-pokolen-niematerialne-dziedzictwo-kulturowe-w-polsce\/","name":"W Katowicach otwarto wystaw\u0119 \u201eTradycje od pokole\u0144. Niematerialne dziedzictwo kulturowe w Polsce\u201d - NID","isPartOf":{"@id":"https:\/\/nid.pl\/#website"},"primaryImageOfPage":{"@id":"https:\/\/nid.pl\/2023\/07\/24\/w-katowicach-otwarto-wystawe-tradycje-od-pokolen-niematerialne-dziedzictwo-kulturowe-w-polsce\/#primaryimage"},"image":{"@id":"https:\/\/nid.pl\/2023\/07\/24\/w-katowicach-otwarto-wystawe-tradycje-od-pokolen-niematerialne-dziedzictwo-kulturowe-w-polsce\/#primaryimage"},"thumbnailUrl":"https:\/\/nid.pl\/wp-content\/uploads\/2023\/07\/miniaturka-aktualnosci-NID4-1.png","datePublished":"2023-07-24T08:59:06+00:00","dateModified":"2023-07-25T07:56:41+00:00","breadcrumb":{"@id":"https:\/\/nid.pl\/2023\/07\/24\/w-katowicach-otwarto-wystawe-tradycje-od-pokolen-niematerialne-dziedzictwo-kulturowe-w-polsce\/#breadcrumb"},"inLanguage":"en-GB","potentialAction":[{"@type":"ReadAction","target":["https:\/\/nid.pl\/2023\/07\/24\/w-katowicach-otwarto-wystawe-tradycje-od-pokolen-niematerialne-dziedzictwo-kulturowe-w-polsce\/"]}]},{"@type":"ImageObject","inLanguage":"en-GB","@id":"https:\/\/nid.pl\/2023\/07\/24\/w-katowicach-otwarto-wystawe-tradycje-od-pokolen-niematerialne-dziedzictwo-kulturowe-w-polsce\/#primaryimage","url":"https:\/\/nid.pl\/wp-content\/uploads\/2023\/07\/miniaturka-aktualnosci-NID4-1.png","contentUrl":"https:\/\/nid.pl\/wp-content\/uploads\/2023\/07\/miniaturka-aktualnosci-NID4-1.png","width":1850,"height":1238,"caption":"Otwarcie wystawy \u201eTradycje od pokole\u0144. Niematerialne dziedzictwo kulturowe w Polsce\u201d w Katowicach\/fot. NID"},{"@type":"BreadcrumbList","@id":"https:\/\/nid.pl\/2023\/07\/24\/w-katowicach-otwarto-wystawe-tradycje-od-pokolen-niematerialne-dziedzictwo-kulturowe-w-polsce\/#breadcrumb","itemListElement":[{"@type":"ListItem","position":1,"name":"Home","item":"https:\/\/nid.pl\/"},{"@type":"ListItem","position":2,"name":"W Katowicach otwarto wystaw\u0119 \u201eTradycje od pokole\u0144. Niematerialne dziedzictwo kulturowe w Polsce\u201d"}]},{"@type":"WebSite","@id":"https:\/\/nid.pl\/#website","url":"https:\/\/nid.pl\/","name":"NID","description":"Narodowy Instytut Dziedzictwa","publisher":{"@id":"https:\/\/nid.pl\/#organization"},"potentialAction":[{"@type":"SearchAction","target":{"@type":"EntryPoint","urlTemplate":"https:\/\/nid.pl\/?s={search_term_string}"},"query-input":{"@type":"PropertyValueSpecification","valueRequired":true,"valueName":"search_term_string"}}],"inLanguage":"en-GB"},{"@type":"Organization","@id":"https:\/\/nid.pl\/#organization","name":"Narodowy Instytut Dziedzictwa","url":"https:\/\/nid.pl\/","logo":{"@type":"ImageObject","inLanguage":"en-GB","@id":"https:\/\/nid.pl\/#\/schema\/logo\/image\/","url":"https:\/\/nid.pl\/wp-content\/uploads\/2022\/10\/logoRedDark.png","contentUrl":"https:\/\/nid.pl\/wp-content\/uploads\/2022\/10\/logoRedDark.png","width":200,"height":197,"caption":"Narodowy Instytut Dziedzictwa"},"image":{"@id":"https:\/\/nid.pl\/#\/schema\/logo\/image\/"},"sameAs":["https:\/\/www.facebook.com\/zabytek","https:\/\/x.com\/NarIDpl","https:\/\/www.instagram.com\/nid.pl\/?hl=pl","https:\/\/www.linkedin.com\/company\/narodowy-instytut-dziedzictwa","https:\/\/www.youtube.com\/channel\/UCQXuhKa2uHtmNvLRUSx40JA"]},{"@type":"Person","@id":"https:\/\/nid.pl\/#\/schema\/person\/1b690a8998a5111cfb9f0ffe24195a15","name":"Barbara Halliop","image":{"@type":"ImageObject","inLanguage":"en-GB","@id":"https:\/\/nid.pl\/#\/schema\/person\/image\/","url":"https:\/\/nid.pl\/wp-content\/litespeed\/avatar\/924046d17dd0c842c9fa9ccf489bc6dc.jpg?ver=1777444967","contentUrl":"https:\/\/nid.pl\/wp-content\/litespeed\/avatar\/924046d17dd0c842c9fa9ccf489bc6dc.jpg?ver=1777444967","caption":"Barbara Halliop"},"url":"https:\/\/nid.pl\/en\/author\/bhalliop\/"}]}},"_links":{"self":[{"href":"https:\/\/nid.pl\/en\/wp-json\/wp\/v2\/posts\/12477","targetHints":{"allow":["GET"]}}],"collection":[{"href":"https:\/\/nid.pl\/en\/wp-json\/wp\/v2\/posts"}],"about":[{"href":"https:\/\/nid.pl\/en\/wp-json\/wp\/v2\/types\/post"}],"author":[{"embeddable":true,"href":"https:\/\/nid.pl\/en\/wp-json\/wp\/v2\/users\/7"}],"replies":[{"embeddable":true,"href":"https:\/\/nid.pl\/en\/wp-json\/wp\/v2\/comments?post=12477"}],"version-history":[{"count":0,"href":"https:\/\/nid.pl\/en\/wp-json\/wp\/v2\/posts\/12477\/revisions"}],"wp:featuredmedia":[{"embeddable":true,"href":"https:\/\/nid.pl\/en\/wp-json\/wp\/v2\/media\/12515"}],"wp:attachment":[{"href":"https:\/\/nid.pl\/en\/wp-json\/wp\/v2\/media?parent=12477"}],"wp:term":[{"taxonomy":"category","embeddable":true,"href":"https:\/\/nid.pl\/en\/wp-json\/wp\/v2\/categories?post=12477"},{"taxonomy":"post_tag","embeddable":true,"href":"https:\/\/nid.pl\/en\/wp-json\/wp\/v2\/tags?post=12477"}],"curies":[{"name":"wp","href":"https:\/\/api.w.org\/{rel}","templated":true}]}}