{"id":12465,"date":"2023-07-21T10:52:03","date_gmt":"2023-07-21T08:52:03","guid":{"rendered":"https:\/\/nid.pl\/?p=12465"},"modified":"2023-07-21T11:01:20","modified_gmt":"2023-07-21T09:01:20","slug":"wspolnie-dla-dziedzictwa-2023-ruszyly-projekty-niemal-w-calej-polsce","status":"publish","type":"post","link":"https:\/\/nid.pl\/en\/2023\/07\/21\/wspolnie-dla-dziedzictwa-2023-ruszyly-projekty-niemal-w-calej-polsce\/","title":{"rendered":"\u201eWsp\u00f3lnie dla dziedzictwa\u201d 2023. Ruszy\u0142y projekty niemal w ca\u0142ej Polsce!"},"content":{"rendered":"<p><strong>600 wolontariuszy, 300 publikacji i opracowa\u0144, 80 szkole\u0144 i 150 wydarze\u0144 niemal w ca\u0142ej Polsce, a to wszystko w ramach \u00f3smej edycji programu \u201eWsp\u00f3lnie dla dziedzictwa\u201d. Dzi\u0119ki wsparciu Narodowego Instytutu Dziedzictwa, 29 organizacji pozarz\u0105dowych, zrealizuje na terenie dwunastu wojew\u00f3dztw, projekty, maj\u0105ce na celu ochron\u0119, promowanie i upowszechnianie wiedzy o naszym dziedzictwie kulturowym.<\/strong><\/p>\n\n\n\n<p><strong>Wsp\u00f3lnie dla dziedzictwa<\/strong> to program realizowany przez Narodowy Instytut Dziedzictwa, kt\u00f3rego celem jest tworzenie warunk\u00f3w do ochrony dziedzictwa kulturowego oraz wykorzystanie jego warto\u015bci do zaanga\u017cowania i rozwoju spo\u0142ecznego obecnych i przysz\u0142ych pokole\u0144. Organizacje pozarz\u0105dowe mog\u0142y ubiega\u0107 si\u0119 o dofinansowanie projekt\u00f3w w zakresie m.in. prac porz\u0105dkowych przy zabytkach, identyfikacji i inwentaryzacji materialnego dziedzictwa kulturowego, zachowania tradycji r\u0119kodzielniczych, umiej\u0119tno\u015bci zwi\u0105zanych z rzemios\u0142em i tradycyjnymi technikami budowlanymi oraz popularyzacji materialnego dziedzictwa kulturowego. Bud\u017cet programu na rok 2023 wynosi 1 220 000 z\u0142.<\/p>\n\n\n\n<p>W wyniku przeprowadzonej procedury zosta\u0142y wybrane projekty 29 organizacji pozarz\u0105dowych. W ramach ich dzia\u0142a\u0144 zaplanowano, m.in.:<\/p>\n\n\n\n<ul class=\"wp-block-list\"><li>zaanga\u017cowanie blisko 600 wolontariuszy z ca\u0142ej Polski,<\/li><li>ponad 300 publikacji i opracowa\u0144 dokumentuj\u0105cych dziedzictwo, w tym bazy danych, inwentaryzacje i \u015bcie\u017cki edukacyjne,<\/li><li>oko\u0142o 80 szkole\u0144 i warsztat\u00f3w dot. tematyki materialnego dziedzictwa kulturowego,<\/li><li>ponad 150 wydarze\u0144 maj\u0105cych na celu promocj\u0119 wiedzy o dziedzictwie i utrzymanie i dokumentacj\u0119 dziedzictwa,<\/li><li>udzia\u0142 ponad 18 000 aktywnych uczestnik\u00f3w wydarze\u0144.<\/li><\/ul>\n\n\n\n<p>Osobnym projektem zosta\u0142y obj\u0119te dzia\u0142ania dotycz\u0105ce element\u00f3w wpisanych na Krajow\u0105 list\u0119 niematerialnego dziedzictwa kulturowego, w ramach programu \u201eNiematerialne &#8211; przeka\u017c dalej\u201d.<\/p>\n\n\n\n<p>Przez siedem poprzednich edycji programu \u201eWsp\u00f3lnie dla dziedzictwa\u201d dofinansowano ponad 270 projekt\u00f3w na obszarze ca\u0142ej Polski, anga\u017cuj\u0105c w nie niemal 5 000 wolontariuszy, przy wydatkach wynosz\u0105cych \u0142\u0105cznie 8,5 mln z\u0142.<\/p>\n\n\n\n<p>Program \u201eWsp\u00f3lnie dla dziedzictwa\u201d jest finansowany ze \u015brodk\u00f3w Ministerstwa Kultury i Dziedzictwa Narodowego.<\/p>\n\n\n\n<p>Wsp\u00f3lnie dla dziedzictwa 2022\u00a0 &#8211; tak to wygl\u0105da\u0142o &#8211; zobaczcie sami!<\/p>\n\n\n\n<figure class=\"wp-block-embed aligncenter is-type-video is-provider-youtube wp-block-embed-youtube wp-embed-aspect-16-9 wp-has-aspect-ratio\"><div class=\"wp-block-embed__wrapper\">\n<iframe loading=\"lazy\" title=\"[TRAILER 2] - SZTUKA PAMI\u0118TANIA\" width=\"1080\" height=\"608\" src=\"https:\/\/www.youtube.com\/embed\/0_-zbYRA4ac?feature=oembed\"  allow=\"accelerometer; autoplay; clipboard-write; encrypted-media; gyroscope; picture-in-picture; web-share\" allowfullscreen><\/iframe>\n<\/div><\/figure>\n\n\n\n<p><\/p>\n\n\n\n<p><strong>Sztuka Pami\u0119tania<\/strong> to film o programie Wsp\u00f3lnie dla dziedzictwa. Opowiada o spo\u0142ecznym zaanga\u017cowaniu w opiek\u0119 nad zabytkami i popularyzacji dziedzictwa kultury \u0142emkowskiej\u00a0w wojew\u00f3dztwach ma\u0142opolskim i podkarpackim. Film powsta\u0142 w 2022 r. na bazie do\u015bwiadcze\u0144 uczestnik\u00f3w obozu wolontariackiego i cz\u0142onk\u00f3w Stowarzyszenia Klub Mi\u0142o\u015bnik\u00f3w \u0141emkowszczyzny, kt\u00f3rego pracami koordynowa\u0142 ks. mitrat dr Roman Dubec.<\/p>\n\n\n\n<p><\/p>\n\n\n\n<figure class=\"wp-block-embed aligncenter is-type-video is-provider-youtube wp-block-embed-youtube wp-embed-aspect-16-9 wp-has-aspect-ratio\"><div class=\"wp-block-embed__wrapper\">\n<iframe loading=\"lazy\" title=\"SZTUKA PAMI\u0118TANIA - dzia\u0142alno\u015b\u0107 wolontariuszy programu \u201eWsp\u00f3lnie dla dziedzictwa\u201d\" width=\"1080\" height=\"608\" src=\"https:\/\/www.youtube.com\/embed\/SiZB-idfbok?feature=oembed\"  allow=\"accelerometer; autoplay; clipboard-write; encrypted-media; gyroscope; picture-in-picture; web-share\" allowfullscreen><\/iframe>\n<\/div><\/figure>\n\n\n\n<p><\/p>\n\n\n\n<p>Film zosta\u0142 zrealizowany w ramach promocji programu \u201eWsp\u00f3lnie dla dziedzictwa\u201d, zosta\u0142 finansowany ze \u015brodk\u00f3w Ministerstwa Kultury i Dziedzictwa Narodowego.<\/p>\n\n\n\n<p><\/p>","protected":false},"excerpt":{"rendered":"<p>600 wolontariuszy, 300 publikacji i opracowa\u0144, 80 szkole\u0144 i 150 wydarze\u0144 niemal w ca\u0142ej Polsce, a to wszystko w ramach \u00f3smej edycji programu \u201eWsp\u00f3lnie dla dziedzictwa\u201d. Dzi\u0119ki wsparciu Narodowego Instytutu [&hellip;]<\/p>","protected":false},"author":7,"featured_media":12466,"comment_status":"open","ping_status":"open","sticky":false,"template":"","format":"standard","meta":{"_et_pb_use_builder":"off","_et_pb_old_content":"","_et_gb_content_width":"","_monsterinsights_skip_tracking":false,"_monsterinsights_sitenote_active":false,"_monsterinsights_sitenote_note":"","_monsterinsights_sitenote_category":0,"footnotes":""},"categories":[3,36],"tags":[],"class_list":["post-12465","post","type-post","status-publish","format-standard","has-post-thumbnail","hentry","category-aktualnosci","category-wspolnie-dla-dziedzictwa"],"yoast_head":"<!-- This site is optimized with the Yoast SEO plugin v26.5 - https:\/\/yoast.com\/wordpress\/plugins\/seo\/ -->\n<title>\u201eWsp\u00f3lnie dla dziedzictwa\u201d 2023. Ruszy\u0142y projekty niemal w ca\u0142ej Polsce! - NID<\/title>\n<meta name=\"robots\" content=\"index, follow, max-snippet:-1, max-image-preview:large, max-video-preview:-1\" \/>\n<link rel=\"canonical\" href=\"https:\/\/nid.pl\/en\/2023\/07\/21\/wspolnie-dla-dziedzictwa-2023-ruszyly-projekty-niemal-w-calej-polsce\/\" \/>\n<meta property=\"og:locale\" content=\"en_GB\" \/>\n<meta property=\"og:type\" content=\"article\" \/>\n<meta property=\"og:title\" content=\"\u201eWsp\u00f3lnie dla dziedzictwa\u201d 2023. Ruszy\u0142y projekty niemal w ca\u0142ej Polsce! - NID\" \/>\n<meta property=\"og:description\" content=\"600 wolontariuszy, 300 publikacji i opracowa\u0144, 80 szkole\u0144 i 150 wydarze\u0144 niemal w ca\u0142ej Polsce, a to wszystko w ramach \u00f3smej edycji programu \u201eWsp\u00f3lnie dla dziedzictwa\u201d. Dzi\u0119ki wsparciu Narodowego Instytutu [&hellip;]\" \/>\n<meta property=\"og:url\" content=\"https:\/\/nid.pl\/en\/2023\/07\/21\/wspolnie-dla-dziedzictwa-2023-ruszyly-projekty-niemal-w-calej-polsce\/\" \/>\n<meta property=\"og:site_name\" content=\"NID\" \/>\n<meta property=\"article:publisher\" content=\"https:\/\/www.facebook.com\/zabytek\" \/>\n<meta property=\"article:published_time\" content=\"2023-07-21T08:52:03+00:00\" \/>\n<meta property=\"article:modified_time\" content=\"2023-07-21T09:01:20+00:00\" \/>\n<meta property=\"og:image\" content=\"https:\/\/nid.pl\/wp-content\/uploads\/2023\/07\/miniaturka-WDD-21.07.2023.png\" \/>\n\t<meta property=\"og:image:width\" content=\"1850\" \/>\n\t<meta property=\"og:image:height\" content=\"1238\" \/>\n\t<meta property=\"og:image:type\" content=\"image\/png\" \/>\n<meta name=\"author\" content=\"Barbara Halliop\" \/>\n<meta name=\"twitter:card\" content=\"summary_large_image\" \/>\n<meta name=\"twitter:creator\" content=\"@NarIDpl\" \/>\n<meta name=\"twitter:site\" content=\"@NarIDpl\" \/>\n<meta name=\"twitter:label1\" content=\"Written by\" \/>\n\t<meta name=\"twitter:data1\" content=\"Barbara Halliop\" \/>\n\t<meta name=\"twitter:label2\" content=\"Estimated reading time\" \/>\n\t<meta name=\"twitter:data2\" content=\"2 minutes\" \/>\n<script type=\"application\/ld+json\" class=\"yoast-schema-graph\">{\"@context\":\"https:\/\/schema.org\",\"@graph\":[{\"@type\":\"Article\",\"@id\":\"https:\/\/nid.pl\/2023\/07\/21\/wspolnie-dla-dziedzictwa-2023-ruszyly-projekty-niemal-w-calej-polsce\/#article\",\"isPartOf\":{\"@id\":\"https:\/\/nid.pl\/2023\/07\/21\/wspolnie-dla-dziedzictwa-2023-ruszyly-projekty-niemal-w-calej-polsce\/\"},\"author\":{\"name\":\"Barbara Halliop\",\"@id\":\"https:\/\/nid.pl\/#\/schema\/person\/1b690a8998a5111cfb9f0ffe24195a15\"},\"headline\":\"\u201eWsp\u00f3lnie dla dziedzictwa\u201d 2023. Ruszy\u0142y projekty niemal w ca\u0142ej Polsce!\",\"datePublished\":\"2023-07-21T08:52:03+00:00\",\"dateModified\":\"2023-07-21T09:01:20+00:00\",\"mainEntityOfPage\":{\"@id\":\"https:\/\/nid.pl\/2023\/07\/21\/wspolnie-dla-dziedzictwa-2023-ruszyly-projekty-niemal-w-calej-polsce\/\"},\"wordCount\":420,\"commentCount\":0,\"publisher\":{\"@id\":\"https:\/\/nid.pl\/#organization\"},\"image\":{\"@id\":\"https:\/\/nid.pl\/2023\/07\/21\/wspolnie-dla-dziedzictwa-2023-ruszyly-projekty-niemal-w-calej-polsce\/#primaryimage\"},\"thumbnailUrl\":\"https:\/\/nid.pl\/wp-content\/uploads\/2023\/07\/miniaturka-WDD-21.07.2023.png\",\"articleSection\":[\"Aktualno\u015bci\",\"Wsp\u00f3lnie dla dziedzictwa\"],\"inLanguage\":\"en-GB\"},{\"@type\":\"WebPage\",\"@id\":\"https:\/\/nid.pl\/2023\/07\/21\/wspolnie-dla-dziedzictwa-2023-ruszyly-projekty-niemal-w-calej-polsce\/\",\"url\":\"https:\/\/nid.pl\/2023\/07\/21\/wspolnie-dla-dziedzictwa-2023-ruszyly-projekty-niemal-w-calej-polsce\/\",\"name\":\"\u201eWsp\u00f3lnie dla dziedzictwa\u201d 2023. Ruszy\u0142y projekty niemal w ca\u0142ej Polsce! - NID\",\"isPartOf\":{\"@id\":\"https:\/\/nid.pl\/#website\"},\"primaryImageOfPage\":{\"@id\":\"https:\/\/nid.pl\/2023\/07\/21\/wspolnie-dla-dziedzictwa-2023-ruszyly-projekty-niemal-w-calej-polsce\/#primaryimage\"},\"image\":{\"@id\":\"https:\/\/nid.pl\/2023\/07\/21\/wspolnie-dla-dziedzictwa-2023-ruszyly-projekty-niemal-w-calej-polsce\/#primaryimage\"},\"thumbnailUrl\":\"https:\/\/nid.pl\/wp-content\/uploads\/2023\/07\/miniaturka-WDD-21.07.2023.png\",\"datePublished\":\"2023-07-21T08:52:03+00:00\",\"dateModified\":\"2023-07-21T09:01:20+00:00\",\"breadcrumb\":{\"@id\":\"https:\/\/nid.pl\/2023\/07\/21\/wspolnie-dla-dziedzictwa-2023-ruszyly-projekty-niemal-w-calej-polsce\/#breadcrumb\"},\"inLanguage\":\"en-GB\",\"potentialAction\":[{\"@type\":\"ReadAction\",\"target\":[\"https:\/\/nid.pl\/2023\/07\/21\/wspolnie-dla-dziedzictwa-2023-ruszyly-projekty-niemal-w-calej-polsce\/\"]}]},{\"@type\":\"ImageObject\",\"inLanguage\":\"en-GB\",\"@id\":\"https:\/\/nid.pl\/2023\/07\/21\/wspolnie-dla-dziedzictwa-2023-ruszyly-projekty-niemal-w-calej-polsce\/#primaryimage\",\"url\":\"https:\/\/nid.pl\/wp-content\/uploads\/2023\/07\/miniaturka-WDD-21.07.2023.png\",\"contentUrl\":\"https:\/\/nid.pl\/wp-content\/uploads\/2023\/07\/miniaturka-WDD-21.07.2023.png\",\"width\":1850,\"height\":1238,\"caption\":\"\u0141\u00f3dzkie zabytki w kadrze spo\u0142ecznych reporter\u00f3w, fot. \u0141\u00f3dzkie Stowarzyszenie Inicjatyw Miejskich Topografie\"},{\"@type\":\"BreadcrumbList\",\"@id\":\"https:\/\/nid.pl\/2023\/07\/21\/wspolnie-dla-dziedzictwa-2023-ruszyly-projekty-niemal-w-calej-polsce\/#breadcrumb\",\"itemListElement\":[{\"@type\":\"ListItem\",\"position\":1,\"name\":\"Home\",\"item\":\"https:\/\/nid.pl\/\"},{\"@type\":\"ListItem\",\"position\":2,\"name\":\"\u201eWsp\u00f3lnie dla dziedzictwa\u201d 2023. Ruszy\u0142y projekty niemal w ca\u0142ej Polsce!\"}]},{\"@type\":\"WebSite\",\"@id\":\"https:\/\/nid.pl\/#website\",\"url\":\"https:\/\/nid.pl\/\",\"name\":\"NID\",\"description\":\"Narodowy Instytut Dziedzictwa\",\"publisher\":{\"@id\":\"https:\/\/nid.pl\/#organization\"},\"potentialAction\":[{\"@type\":\"SearchAction\",\"target\":{\"@type\":\"EntryPoint\",\"urlTemplate\":\"https:\/\/nid.pl\/?s={search_term_string}\"},\"query-input\":{\"@type\":\"PropertyValueSpecification\",\"valueRequired\":true,\"valueName\":\"search_term_string\"}}],\"inLanguage\":\"en-GB\"},{\"@type\":\"Organization\",\"@id\":\"https:\/\/nid.pl\/#organization\",\"name\":\"Narodowy Instytut Dziedzictwa\",\"url\":\"https:\/\/nid.pl\/\",\"logo\":{\"@type\":\"ImageObject\",\"inLanguage\":\"en-GB\",\"@id\":\"https:\/\/nid.pl\/#\/schema\/logo\/image\/\",\"url\":\"https:\/\/nid.pl\/wp-content\/uploads\/2022\/10\/logoRedDark.png\",\"contentUrl\":\"https:\/\/nid.pl\/wp-content\/uploads\/2022\/10\/logoRedDark.png\",\"width\":200,\"height\":197,\"caption\":\"Narodowy Instytut Dziedzictwa\"},\"image\":{\"@id\":\"https:\/\/nid.pl\/#\/schema\/logo\/image\/\"},\"sameAs\":[\"https:\/\/www.facebook.com\/zabytek\",\"https:\/\/x.com\/NarIDpl\",\"https:\/\/www.instagram.com\/nid.pl\/?hl=pl\",\"https:\/\/www.linkedin.com\/company\/narodowy-instytut-dziedzictwa\",\"https:\/\/www.youtube.com\/channel\/UCQXuhKa2uHtmNvLRUSx40JA\"]},{\"@type\":\"Person\",\"@id\":\"https:\/\/nid.pl\/#\/schema\/person\/1b690a8998a5111cfb9f0ffe24195a15\",\"name\":\"Barbara Halliop\",\"image\":{\"@type\":\"ImageObject\",\"inLanguage\":\"en-GB\",\"@id\":\"https:\/\/nid.pl\/#\/schema\/person\/image\/\",\"url\":\"https:\/\/nid.pl\/wp-content\/litespeed\/avatar\/924046d17dd0c842c9fa9ccf489bc6dc.jpg?ver=1777444967\",\"contentUrl\":\"https:\/\/nid.pl\/wp-content\/litespeed\/avatar\/924046d17dd0c842c9fa9ccf489bc6dc.jpg?ver=1777444967\",\"caption\":\"Barbara Halliop\"},\"url\":\"https:\/\/nid.pl\/en\/author\/bhalliop\/\"}]}<\/script>\n<!-- \/ Yoast SEO plugin. -->","yoast_head_json":{"title":"\u201eWsp\u00f3lnie dla dziedzictwa\u201d 2023. Ruszy\u0142y projekty niemal w ca\u0142ej Polsce! - NID","robots":{"index":"index","follow":"follow","max-snippet":"max-snippet:-1","max-image-preview":"max-image-preview:large","max-video-preview":"max-video-preview:-1"},"canonical":"https:\/\/nid.pl\/en\/2023\/07\/21\/wspolnie-dla-dziedzictwa-2023-ruszyly-projekty-niemal-w-calej-polsce\/","og_locale":"en_GB","og_type":"article","og_title":"\u201eWsp\u00f3lnie dla dziedzictwa\u201d 2023. Ruszy\u0142y projekty niemal w ca\u0142ej Polsce! - NID","og_description":"600 wolontariuszy, 300 publikacji i opracowa\u0144, 80 szkole\u0144 i 150 wydarze\u0144 niemal w ca\u0142ej Polsce, a to wszystko w ramach \u00f3smej edycji programu \u201eWsp\u00f3lnie dla dziedzictwa\u201d. Dzi\u0119ki wsparciu Narodowego Instytutu [&hellip;]","og_url":"https:\/\/nid.pl\/en\/2023\/07\/21\/wspolnie-dla-dziedzictwa-2023-ruszyly-projekty-niemal-w-calej-polsce\/","og_site_name":"NID","article_publisher":"https:\/\/www.facebook.com\/zabytek","article_published_time":"2023-07-21T08:52:03+00:00","article_modified_time":"2023-07-21T09:01:20+00:00","og_image":[{"width":1850,"height":1238,"url":"https:\/\/nid.pl\/wp-content\/uploads\/2023\/07\/miniaturka-WDD-21.07.2023.png","type":"image\/png"}],"author":"Barbara Halliop","twitter_card":"summary_large_image","twitter_creator":"@NarIDpl","twitter_site":"@NarIDpl","twitter_misc":{"Written by":"Barbara Halliop","Estimated reading time":"2 minutes"},"schema":{"@context":"https:\/\/schema.org","@graph":[{"@type":"Article","@id":"https:\/\/nid.pl\/2023\/07\/21\/wspolnie-dla-dziedzictwa-2023-ruszyly-projekty-niemal-w-calej-polsce\/#article","isPartOf":{"@id":"https:\/\/nid.pl\/2023\/07\/21\/wspolnie-dla-dziedzictwa-2023-ruszyly-projekty-niemal-w-calej-polsce\/"},"author":{"name":"Barbara Halliop","@id":"https:\/\/nid.pl\/#\/schema\/person\/1b690a8998a5111cfb9f0ffe24195a15"},"headline":"\u201eWsp\u00f3lnie dla dziedzictwa\u201d 2023. Ruszy\u0142y projekty niemal w ca\u0142ej Polsce!","datePublished":"2023-07-21T08:52:03+00:00","dateModified":"2023-07-21T09:01:20+00:00","mainEntityOfPage":{"@id":"https:\/\/nid.pl\/2023\/07\/21\/wspolnie-dla-dziedzictwa-2023-ruszyly-projekty-niemal-w-calej-polsce\/"},"wordCount":420,"commentCount":0,"publisher":{"@id":"https:\/\/nid.pl\/#organization"},"image":{"@id":"https:\/\/nid.pl\/2023\/07\/21\/wspolnie-dla-dziedzictwa-2023-ruszyly-projekty-niemal-w-calej-polsce\/#primaryimage"},"thumbnailUrl":"https:\/\/nid.pl\/wp-content\/uploads\/2023\/07\/miniaturka-WDD-21.07.2023.png","articleSection":["Aktualno\u015bci","Wsp\u00f3lnie dla dziedzictwa"],"inLanguage":"en-GB"},{"@type":"WebPage","@id":"https:\/\/nid.pl\/2023\/07\/21\/wspolnie-dla-dziedzictwa-2023-ruszyly-projekty-niemal-w-calej-polsce\/","url":"https:\/\/nid.pl\/2023\/07\/21\/wspolnie-dla-dziedzictwa-2023-ruszyly-projekty-niemal-w-calej-polsce\/","name":"\u201eWsp\u00f3lnie dla dziedzictwa\u201d 2023. Ruszy\u0142y projekty niemal w ca\u0142ej Polsce! - NID","isPartOf":{"@id":"https:\/\/nid.pl\/#website"},"primaryImageOfPage":{"@id":"https:\/\/nid.pl\/2023\/07\/21\/wspolnie-dla-dziedzictwa-2023-ruszyly-projekty-niemal-w-calej-polsce\/#primaryimage"},"image":{"@id":"https:\/\/nid.pl\/2023\/07\/21\/wspolnie-dla-dziedzictwa-2023-ruszyly-projekty-niemal-w-calej-polsce\/#primaryimage"},"thumbnailUrl":"https:\/\/nid.pl\/wp-content\/uploads\/2023\/07\/miniaturka-WDD-21.07.2023.png","datePublished":"2023-07-21T08:52:03+00:00","dateModified":"2023-07-21T09:01:20+00:00","breadcrumb":{"@id":"https:\/\/nid.pl\/2023\/07\/21\/wspolnie-dla-dziedzictwa-2023-ruszyly-projekty-niemal-w-calej-polsce\/#breadcrumb"},"inLanguage":"en-GB","potentialAction":[{"@type":"ReadAction","target":["https:\/\/nid.pl\/2023\/07\/21\/wspolnie-dla-dziedzictwa-2023-ruszyly-projekty-niemal-w-calej-polsce\/"]}]},{"@type":"ImageObject","inLanguage":"en-GB","@id":"https:\/\/nid.pl\/2023\/07\/21\/wspolnie-dla-dziedzictwa-2023-ruszyly-projekty-niemal-w-calej-polsce\/#primaryimage","url":"https:\/\/nid.pl\/wp-content\/uploads\/2023\/07\/miniaturka-WDD-21.07.2023.png","contentUrl":"https:\/\/nid.pl\/wp-content\/uploads\/2023\/07\/miniaturka-WDD-21.07.2023.png","width":1850,"height":1238,"caption":"\u0141\u00f3dzkie zabytki w kadrze spo\u0142ecznych reporter\u00f3w, fot. \u0141\u00f3dzkie Stowarzyszenie Inicjatyw Miejskich Topografie"},{"@type":"BreadcrumbList","@id":"https:\/\/nid.pl\/2023\/07\/21\/wspolnie-dla-dziedzictwa-2023-ruszyly-projekty-niemal-w-calej-polsce\/#breadcrumb","itemListElement":[{"@type":"ListItem","position":1,"name":"Home","item":"https:\/\/nid.pl\/"},{"@type":"ListItem","position":2,"name":"\u201eWsp\u00f3lnie dla dziedzictwa\u201d 2023. Ruszy\u0142y projekty niemal w ca\u0142ej Polsce!"}]},{"@type":"WebSite","@id":"https:\/\/nid.pl\/#website","url":"https:\/\/nid.pl\/","name":"NID","description":"Narodowy Instytut Dziedzictwa","publisher":{"@id":"https:\/\/nid.pl\/#organization"},"potentialAction":[{"@type":"SearchAction","target":{"@type":"EntryPoint","urlTemplate":"https:\/\/nid.pl\/?s={search_term_string}"},"query-input":{"@type":"PropertyValueSpecification","valueRequired":true,"valueName":"search_term_string"}}],"inLanguage":"en-GB"},{"@type":"Organization","@id":"https:\/\/nid.pl\/#organization","name":"Narodowy Instytut Dziedzictwa","url":"https:\/\/nid.pl\/","logo":{"@type":"ImageObject","inLanguage":"en-GB","@id":"https:\/\/nid.pl\/#\/schema\/logo\/image\/","url":"https:\/\/nid.pl\/wp-content\/uploads\/2022\/10\/logoRedDark.png","contentUrl":"https:\/\/nid.pl\/wp-content\/uploads\/2022\/10\/logoRedDark.png","width":200,"height":197,"caption":"Narodowy Instytut Dziedzictwa"},"image":{"@id":"https:\/\/nid.pl\/#\/schema\/logo\/image\/"},"sameAs":["https:\/\/www.facebook.com\/zabytek","https:\/\/x.com\/NarIDpl","https:\/\/www.instagram.com\/nid.pl\/?hl=pl","https:\/\/www.linkedin.com\/company\/narodowy-instytut-dziedzictwa","https:\/\/www.youtube.com\/channel\/UCQXuhKa2uHtmNvLRUSx40JA"]},{"@type":"Person","@id":"https:\/\/nid.pl\/#\/schema\/person\/1b690a8998a5111cfb9f0ffe24195a15","name":"Barbara Halliop","image":{"@type":"ImageObject","inLanguage":"en-GB","@id":"https:\/\/nid.pl\/#\/schema\/person\/image\/","url":"https:\/\/nid.pl\/wp-content\/litespeed\/avatar\/924046d17dd0c842c9fa9ccf489bc6dc.jpg?ver=1777444967","contentUrl":"https:\/\/nid.pl\/wp-content\/litespeed\/avatar\/924046d17dd0c842c9fa9ccf489bc6dc.jpg?ver=1777444967","caption":"Barbara Halliop"},"url":"https:\/\/nid.pl\/en\/author\/bhalliop\/"}]}},"_links":{"self":[{"href":"https:\/\/nid.pl\/en\/wp-json\/wp\/v2\/posts\/12465","targetHints":{"allow":["GET"]}}],"collection":[{"href":"https:\/\/nid.pl\/en\/wp-json\/wp\/v2\/posts"}],"about":[{"href":"https:\/\/nid.pl\/en\/wp-json\/wp\/v2\/types\/post"}],"author":[{"embeddable":true,"href":"https:\/\/nid.pl\/en\/wp-json\/wp\/v2\/users\/7"}],"replies":[{"embeddable":true,"href":"https:\/\/nid.pl\/en\/wp-json\/wp\/v2\/comments?post=12465"}],"version-history":[{"count":0,"href":"https:\/\/nid.pl\/en\/wp-json\/wp\/v2\/posts\/12465\/revisions"}],"wp:featuredmedia":[{"embeddable":true,"href":"https:\/\/nid.pl\/en\/wp-json\/wp\/v2\/media\/12466"}],"wp:attachment":[{"href":"https:\/\/nid.pl\/en\/wp-json\/wp\/v2\/media?parent=12465"}],"wp:term":[{"taxonomy":"category","embeddable":true,"href":"https:\/\/nid.pl\/en\/wp-json\/wp\/v2\/categories?post=12465"},{"taxonomy":"post_tag","embeddable":true,"href":"https:\/\/nid.pl\/en\/wp-json\/wp\/v2\/tags?post=12465"}],"curies":[{"name":"wp","href":"https:\/\/api.w.org\/{rel}","templated":true}]}}