{"id":12374,"date":"2023-07-14T12:49:52","date_gmt":"2023-07-14T10:49:52","guid":{"rendered":"https:\/\/nid.pl\/?p=12374"},"modified":"2023-07-14T15:53:53","modified_gmt":"2023-07-14T13:53:53","slug":"tradycje-od-pokolen-niematerialne-dziedzictwo-kulturowe-w-polsce-otwarcie-wystawy-w-katowicach","status":"publish","type":"post","link":"https:\/\/nid.pl\/en\/2023\/07\/14\/tradycje-od-pokolen-niematerialne-dziedzictwo-kulturowe-w-polsce-otwarcie-wystawy-w-katowicach\/","title":{"rendered":"Tradycje od pokole\u0144. Niematerialne dziedzictwo kulturowe w Polsce \u2013 otwarcie wystawy w Katowicach"},"content":{"rendered":"<p><strong>Podczas wakacyjnych wypraw w g\u00f3ry, na malowniczych halach mo\u017cemy spotka\u0107 g\u00f3rali pas\u0105cych owce. Zwyczaj bacowania jest cz\u0119\u015bci\u0105 bogatego dziedzictwa kulturowego Polski, kt\u00f3re zosta\u0142o uhonorowane wpisem na Krajow\u0105 list\u0119 niematerialnego dziedzictwa kulturowego, podobnie jak tradycje g\u00f3rnicze Barb\u00f3rki, czy niemal 80 innych zwyczaj\u00f3w, tradycji, obrz\u0119d\u00f3w oraz umiej\u0119tno\u015bci z ca\u0142ej Polski. Depozytariuszy dziedzictwa niematerialnego z wojew\u00f3dztw \u015bl\u0105skiego, dolno\u015bl\u0105skiego i ma\u0142opolskiego, b\u0119dzie mo\u017cna pozna\u0107 22 lipca, podczas otwarcia wystawy w Muzeum \u015al\u0105skim w Katowicach. Wystawa Narodowego Instytutu Dziedzictwa \u201eTradycje od pokole\u0144. Niematerialne dziedzictwo kulturowe w Polsce\u201d zosta\u0142a przygotowana z okazji jubileuszy polskiego i \u015bwiatowego dziedzictwa niematerialnego. Wydarzeniu b\u0119dzie towarzyszy\u0142a konferencja oraz prezentacje depozytariuszy z region\u00f3w G\u00f3rnego i Dolnego \u015al\u0105ska oraz Ma\u0142opolski. Serdecznie zapraszamy!<\/strong><\/p>\n\n\n\n<p>Niematerialne dziedzictwo to zbi\u00f3r naszych tradycji, zwyczaj\u00f3w, obrz\u0119d\u00f3w i umiej\u0119tno\u015bci, kt\u00f3re odziedziczyli\u015bmy po naszych przodkach i przekazujemy kolejnym pokoleniom. Przyk\u0142adami takiego dziedzictwa s\u0105: zabawkarstwo \u017cywiecko-suskie, Barb\u00f3rka g\u00f3rnik\u00f3w w\u0119gla kamiennego na Dolnym i G\u00f3rnym \u015al\u0105sku, Bacowanie &#8211; praktyka kulturowego wypasu owiec, umiej\u0119tno\u015bci koronczarskie, tradycje zwi\u0105zane z budow\u0105 szopek krakowskich, tradycje kulturowe g\u00f3rniczych orkiestr d\u0119tych z G\u00f3rnego \u015al\u0105ska, czy Poch\u00f3d Lajkonika.<\/p>\n\n\n\n<p>W 2023 roku obchodzimy 20. rocznic\u0119 przyj\u0119cia Konwencji UNESCO w sprawie ochrony niematerialnego dziedzictwa kulturowego, kt\u00f3ra sta\u0142a si\u0119 pierwszym mi\u0119dzynarodowym dokumentem chroni\u0105cym to ulotne dziedzictwo. Na li\u015bcie UNESCO znajduje si\u0119 pi\u0119\u0107 polskich wpis\u00f3w: &nbsp;Szopkarstwo krakowskie, kt\u00f3re w tym roku obchodzi pi\u0119ciolecie wpisu, Kultura bartnicza, Sokolnictwo &#8211; \u017cywe dziedzictwa ludzko\u015bci, Tradycja dywan\u00f3w kwietnych na procesje Bo\u017cego Cia\u0142a oraz Flisactwo. W Polsce taki rejestr pod nazw\u0105 \u201eKrajowa lista niematerialnego dziedzictwa kulturowego\u201d prowadzony jest od 2013 roku, przez Ministra Kultury i Dziedzictwa Narodowego we wsp\u00f3\u0142pracy z Narodowym Instytutem Dziedzictwa.<\/p>\n\n\n\n<p>Z okazji obchod\u00f3w Jubileuszu 20-lecia Konwencji UNESCO w sprawie ochrony niematerialnego dziedzictwa kulturowego i 10-lecia Krajowej listy niematerialnego dziedzictwa kulturowego, Narodowy Instytut Dziedzictwa przygotowa\u0142 wystaw\u0119 \u201eTradycje od pokole\u0144. Niematerialne dziedzictwo kulturowe w Polsce\u201d, kt\u00f3ra w tym roku by\u0142a ju\u017c prezentowana w Poznaniu, Sandomierzu oraz \u0141odzi. Jej otwarciom w poszczeg\u00f3lnych miejscach towarzysz\u0105 konferencje oraz prezentacje depozytariuszy. Od 22 lipca wystaw\u0119 b\u0119dzie mo\u017cna ogl\u0105da\u0107 na terenie dawnej kopalni \u201eKatowice\u201d, aktualnie, siedziby Muzeum \u015al\u0105skiego. Podczas otwarcia wystawy odb\u0119dzie si\u0119 konferencja, prezentacje depozytariuszy dziedzictwa kulturowego z region\u00f3w G\u00f3rnego i Dolnego \u015al\u0105ska oraz Ma\u0142opolski oraz koncert Kapeli DudySkrzypce z Sopotni Ma\u0142ej. Organizatorami wydarzenia jest Narodowy Instytut Dziedzictwa oraz Muzeum \u015al\u0105skie w Katowicach. Wystawa b\u0119dzie dost\u0119pna dla zwiedzaj\u0105cych do 10 sierpnia, na Placu Grubiorza, na terenie Muzeum \u015al\u0105skiego. Kolejne otwarcia wystawy odb\u0119d\u0105 si\u0119 w Niemodlinie i Ostro\u0142\u0119ce. Szczeg\u00f3\u0142owe informacje dotycz\u0105ce planowanych wydarze\u0144, dost\u0119pne b\u0119d\u0105 na stronie <a href=\"https:\/\/nid.pl\/en\/\" target=\"_blank\" rel=\"noreferrer noopener\">nid.pl<\/a>.<\/p>\n\n\n\n<p><strong>Program otwarcia wystawy \u201eTradycje od pokole\u0144. Niematerialne dziedzictwo kulturowe w Polsce\u201d<\/strong><\/p>\n\n\n\n<p><strong>Kiedy: <\/strong>22 lipca 2023 roku, godz. 13.00 \u2013 18.00<br><strong>Gdzie:<\/strong> Muzeum \u015al\u0105skie w Katowicach, ul.&nbsp;T. Dobrowolskiego 1<\/p>\n\n\n\n<p><strong>13.00 Otwarcie wystawy Tradycje od pokole\u0144. Niematerialne dziedzictwo kulturowe w Polsce, <\/strong>Muzeum \u015al\u0105skie, Plac Grubiorza<br>Wydarzenie otworzy Orkiestra D\u0119ta Polskiej Grupy G\u00f3rniczej &#8211; w tym roku Tradycje kulturowe g\u00f3rniczych orkiestr d\u0119tych      z G\u00f3rnego \u015al\u0105ska zosta\u0142y wpisane na Krajow\u0105 list\u0119 niematerialnego dziedzictwa kulturowego.<\/p>\n\n\n\n<p><strong>14.00 \u2013 16.30 Konferencja na temat niematerialnego dziedzictwa kulturowego,<\/strong><br>Muzeum \u015al\u0105skie, audytorium poziom -4, wst\u0119p wolny<\/p>\n\n\n\n<p><strong>14.00 &nbsp;&nbsp; Zwyczaje i tradycje na Krajowej li\u015bcie niematerialnego dziedzictwa kulturowego<\/strong> \u2013 Katarzyna Sadowska-Mazur, Kierownik zespo\u0142u ds. niematerialnego dziedzictwa kulturowego, NID<br><strong>Niematerialne dziedzictwo kulturowe wojew\u00f3dztwa dolno\u015bl\u0105skiego<\/strong> \u2013 Krzysztof Czartoryski, Koordynator ds. niematerialnego dziedzictwa kulturowego, NID<br><strong>Niematerialne dziedzictwo kulturowe wojew\u00f3dztwa ma\u0142opolskiego i \u015bl\u0105skiego<\/strong> \u2013 Agata Mucha, Koordynator ds. niematerialnego dziedzictwa kulturowego, NID<\/p>\n\n\n\n<p><strong>15.00 &nbsp;&nbsp; Szko\u0142a Rzemios\u0142 Cieszyn<\/strong>, Lubomira Trojan, Zamek Cieszyn<\/p>\n\n\n\n<p><strong>15.15&nbsp;&nbsp;&nbsp; Ma\u0142opolska Szko\u0142a Tradycji i Studium folklorystyczne \u2013<\/strong> <strong>dobre praktyki<\/strong>, Marta Sm\u00f3lczy\u0144ska, MCK SOK\u00d3\u0141<\/p>\n\n\n\n<p><strong>15.30&nbsp;&nbsp;&nbsp;&nbsp; 10-lecie Redyku Karpackiego. Od redyku do bacowania<\/strong>, J\u00f3zef Micha\u0142ek, Fundacja Pasterstwo Transhumancyjne<\/p>\n\n\n\n<p><strong>17.30&nbsp;&nbsp;&nbsp;&nbsp; Koncert Kapeli DudySkrzypce<\/strong> z Sopotni Ma\u0142ej, kt\u00f3ra zaprezentuje tradycyjn\u0105 muzyk\u0119 g\u00f3rali \u017cywieckich. Marta Matuszna &#8211; skrzypce, \u015bpiew, Rafa\u0142 Ba\u0142a\u015b &#8211; dudy. Zesp\u00f3\u0142 w ramach ubieg\u0142orocznej 56. edycji Festiwalu Kapel i \u015apiewak\u00f3w Ludowych w Kazimierzu, zaj\u0105\u0142 I miejsce w kategorii: Kapele.<br>Muzeum \u015al\u0105skie, audytorium poziom -4, wst\u0119p wolny<\/p>\n\n\n\n<p><strong>14.00 \u2013 17.30 Prezentacje oraz pokazy rzemios\u0142a i r\u0119kodzie\u0142a z wojew\u00f3dztw \u015bl\u0105skiego, ma\u0142opolskiego i dolno\u015bl\u0105skiego, <\/strong>Muzeum \u015al\u0105skie, poziom -3, wst\u0119p wolny<\/p>\n\n\n\n<ul class=\"wp-block-list\"><li><strong>Zabawkarstwo \u017cywiecko-suskie<\/strong><\/li><\/ul>\n\n\n\n<p>Zabawkarstwo na terenie mi\u0119dzy \u017bywcem a Such\u0105 Beskidzk\u0105 ma swoje pocz\u0105tki w XVIII wieku, jednak intensywny rozw\u00f3j tej dziedziny nast\u0105pi\u0142 dopiero w po\u0142owie XIX wieku. Pocz\u0105tkowo, zabawki by\u0142y ubocznym produktem rzemie\u015blniczym, ale szybko sta\u0142y si\u0119 samodzieln\u0105 dzia\u0142alno\u015bci\u0105. Obecnie tradycja r\u0119cznego wytwarzania drewnianych konik\u00f3w czy ptaszk\u00f3w, jest kontynuowana przez tw\u00f3rc\u00f3w zwi\u0105zanych z gmin\u0105 Stryszawa, kt\u00f3rzy bior\u0105 udzia\u0142 w r\u00f3\u017cnych imprezach i kiermaszach, promuj\u0105c swoje wyroby.<\/p>\n\n\n\n<p>W tym regionie, zwyczaj tworzenia drewnianych zabawek jest przekazywany z pokolenia na pokolenie. Wspiera go Gminny O\u015brodek Kultury w Stryszawie, kt\u00f3ry organizuje r\u00f3\u017cne wydarzenia maj\u0105ce na celu ochron\u0119 i promocj\u0119 tradycji zabawkarskiej. Zabawkarstwo \u017cywiecko-suskie zosta\u0142o wpisane na Krajow\u0105 List\u0119 Niematerialnego Dziedzictwa Kulturowego w 2016 roku.<\/p>\n\n\n\n<ul class=\"wp-block-list\"><li><strong>Szopkarstwo krakowskie<\/strong><\/li><\/ul>\n\n\n\n<p>Tradycja szopkarska w Krakowie istnieje od XIX wieku, kiedy to rzemie\u015blnicy z przedmie\u015b\u0107 miasta, szczeg\u00f3lnie Krowodrzy i Zwierzy\u0144ca, zajmowali si\u0119 tworzeniem szopek. Mieszczanie ch\u0119tnie nabywali mniejsze szopki, ozdabiaj\u0105c nimi swoje domy i obdarowuj\u0105c bliskich, natomiast wi\u0119ksze, z wspania\u0142ymi lalkami-kukie\u0142kami i roz\u015bwietlone p\u0142omykami \u015bwiec, s\u0142u\u017cy\u0142y, jako przeno\u015bne teatrzyki, odgrywaj\u0105ce si\u0119 przy d\u017awi\u0119kach muzyki w zamo\u017cnych rodzinach krakowskich podczas \u015bwi\u0105t Bo\u017cego Narodzenia. Dzi\u0119ki staraniom dr. Jerzego Dobrzyckiego, kt\u00f3ry w 1937 roku zainicjowa\u0142 Konkurs Szopek Krakowskich, szopkarstwo zosta\u0142o podniesione na najwy\u017cszy poziom artystyczny. Konkurs ten odbywa si\u0119 corocznie, przyci\u0105gaj\u0105c oko\u0142o 50 senior\u00f3w i kilkuset uczestnik\u00f3w w kategoriach dzieci\u0119cych i m\u0142odzie\u017cowych, kt\u00f3rzy prezentuj\u0105 swoje prace na Rynku G\u0142\u00f3wnym w Krakowie. W 2014 roku szopkarstwo krakowskie zosta\u0142o wpisane na Krajow\u0105 list\u0119 niematerialnego dziedzictwa kulturowego. Natomiast w 2018 roku tradycja budowy, wyj\u0105tkowych w skali \u015bwiata szopek krakowskich zosta\u0142a wpisana na Reprezentatywn\u0105 List\u0119 Niematerialnego Dziedzictwa Ludzko\u015bci UNESCO.<\/p>\n\n\n\n<ul class=\"wp-block-list\"><li><strong>Krakowska koronka klockowa<\/strong><\/li><\/ul>\n\n\n\n<p>Koronka klockowa powsta\u0142a we W\u0142oszech w XVI-XVIII wieku i rozwin\u0119\u0142a si\u0119 w r\u00f3\u017cnych krajach europejskich, w tym tak\u017ce w Polsce. W Krakowie zyska\u0142a popularno\u015b\u0107 za spraw\u0105 kr\u00f3lowej Bony, jednak z czasem zanik\u0142a z powodu wprowadzenia koronek maszynowych. Dopiero na pocz\u0105tku XX wieku nast\u0105pi\u0142 renesans koronki klockowej w Krakowie dzi\u0119ki dzia\u0142alno\u015bci Zofii Dunajczan i jej nast\u0119pczy\u0144.<\/p>\n\n\n\n<p>Umiej\u0119tno\u015b\u0107 wykonywania koronki klockowej jest istotn\u0105 cz\u0119\u015bci\u0105 tradycyjnej kultury Krakowa i okolic. Ta trudna technika koronkarska wymaga du\u017co czasu, cierpliwo\u015bci i po\u015bwi\u0119cenia, lecz pozwala tworzy\u0107 misterne dzie\u0142a. Technika tkania koronek klockowych polega na przeplataniu nici nawini\u0119tych na drewniane szpulki zwane klockami, a wz\u00f3r jest tkany na specjalnym wa\u0142ku. Ta technika umo\u017cliwia tworzenie delikatnych a\u017curowych wyrob\u00f3w o r\u00f3\u017cnorodnych wzorach, kt\u00f3re w zale\u017cno\u015bci od regionu maj\u0105 charakterystyczne sploty, wzory i materia\u0142y.<\/p>\n\n\n\n<p>Wa\u017cn\u0105 rol\u0119 w kultywowaniu tego niematerialnego dziedzictwa kulturowego odgrywaj\u0105 tw\u00f3rczynie ludowe, takie jak Jadwiga W\u0119gorek, kt\u00f3ra prowadzi Warsztaty R\u0119kodzie\u0142a Artystycznego, Ma\u0142gorzata Grochola, kt\u00f3ra odtwarza stare wzory, oraz Beata Ochab-Chrzan, nauczycielka, kt\u00f3ra prowadzi zaj\u0119cia koronkarskie w szkole podstawowej. Umiej\u0119tno\u015b\u0107 wykonywania krakowskiej koronki klockowej zosta\u0142a wpisana na Krajow\u0105 list\u0119 niematerialnego dziedzictwa kulturowego w 2016 roku.<\/p>\n\n\n\n<ul class=\"wp-block-list\"><li><strong>Tradycje wytwarzania koronki koniakowskiej<\/strong><\/li><\/ul>\n\n\n\n<p>Koronka koniakowska to tradycyjna metoda r\u0119cznego szyde\u0142kowania serwetek z nici zwan\u0105 kordonkiem. Od pocz\u0105tku XX wieku praktykowana jest przez kobiety mieszkaj\u0105ce w malowniczych miejscowo\u015bciach Koniak\u00f3w, Istebna i Jaworzynka, po\u0142o\u017conych w Beskidzie \u015al\u0105skim na po\u0142udniu Polski. Ta wyj\u0105tkowa forma koronki nie jest praktykowana w \u017cadnym innym regionie Polski ani na \u015bwiecie.<\/p>\n\n\n\n<p>W koronkach koniakowskich wykorzystuje si\u0119 podstawowe sploty, takie jak \u0142a\u0144cuszek, p\u00f3\u0142s\u0142upki i s\u0142upki. Za pomoc\u0105 tych element\u00f3w tworzy si\u0119 motywy, kt\u00f3re czerpie si\u0119 z natury i codziennego \u017cycia koronczarek. Wzory te s\u0105 przekazywane z pokolenia na pokolenie. Do tworzenia koronek u\u017cywa si\u0119 bia\u0142ych lub kremowych nici bawe\u0142nianych. Poszczeg\u00f3lne elementy s\u0105 wykonywane osobno, a nast\u0119pnie \u0142\u0105czone szyde\u0142kiem od najmniejszego do najwi\u0119kszego, tworz\u0105c serwetki o r\u00f3\u017cnych \u015brednicach i kszta\u0142tach.<\/p>\n\n\n\n<p>Koronka koniakowska ma wiele zastosowa\u0144, od serwetek i obrus\u00f3w po elementy odzie\u017cy. Koronczarki z Koniakowa robi\u0142y koronki dla wielkich osobisto\u015bci m.in. dla kr\u00f3lowej belgijskiej w 1962 r., papie\u017cy Jana XXIII, Paw\u0142a VI i Jana Paw\u0142a II, kr\u00f3lowej angielskiej El\u017cbiety II, prezydent\u00f3w Polski oraz dla projektant\u00f3w mody jak Christian Dior czy Louis Vuitton. Tradycje wytwarzania koronki koniakowskiej zosta\u0142y pisane na Krajow\u0105 list\u0119 niematerialnego dziedzictwa kulturowego w 2017 roku.<\/p>\n\n\n\n<ul class=\"wp-block-list\"><li><strong>Bobowska koronka klockowa<\/strong><\/li><\/ul>\n\n\n\n<p>Koronkarstwo w Bobowej jest popularn\u0105 umiej\u0119tno\u015bci\u0105 od co najmniej XIX wieku. W 1899 roku w miejscowo\u015bci powsta\u0142a Zawodowa Szko\u0142a Koronkarstwa, kt\u00f3ra przyczyni\u0142a si\u0119 do techniki. Umiej\u0119tno\u015b\u0107 ta jest przekazywana z pokolenia na pokolenie, a miejscowa spo\u0142eczno\u015b\u0107 wci\u0105\u017c korzysta z tradycyjnych wzor\u00f3w tworzonych ju\u017c wiele lat temu.<\/p>\n\n\n\n<p>Proces powstania koronki polega na przekopiowaniu wzoru na papierow\u0105 plansz\u0119, kt\u00f3r\u0105 rozpina si\u0119 na wa\u0142ku dostosowanym do wielko\u015bci wzoru. Nast\u0119pnie przygotowuje si\u0119 pary klock\u00f3w i nawija na nie nici. Charakterystycznymi wzorami dla Bobowskiej Koronki Klockowej s\u0105 motywy inspirowane przyrod\u0105, takie jak: \u015blimaki, girlandki, d\u0119b\u00f3wki, anio\u0142ki, pawie pi\u00f3ra, chryzantemy i wiele innych.<\/p>\n\n\n\n<p>Tradycyjnie koronka by\u0142a u\u017cywana, jako ozdoba sto\u0142\u00f3w, bielizny, po\u015bcieli, szat liturgicznych i o\u0142tarzy, i ta tradycja trwa do dzi\u015b. Niegdy\u015b bobowskie koronki stanowi\u0142y symbol wysokiego statusu spo\u0142ecznego i zamo\u017cno\u015bci. Bobowska koronka klockowa w marcu 2023 roku trafi\u0142a na Krajow\u0105 list\u0119 niematerialnego dziedzictwa kulturowego.<\/p>\n\n\n\n<ul class=\"wp-block-list\"><li><strong>Tkanie r\u0119kawic furma\u0144skich przez Czarnych G\u00f3rali<\/strong><\/li><\/ul>\n\n\n\n<p>Tkanie r\u0119kawic furma\u0144skich jest charakterystycznym elementem tradycji G\u00f3rali Nadpopradzkich. R\u0119kawice s\u0105 tkane z resztek we\u0142ny i niegdy\u015b s\u0142u\u017cy\u0142y przewa\u017cnie do zimowych prac gospodarskich. Pomimo zmian stylu \u017cycia, mieszka\u0144cy regionu z powodzeniem zachowali t\u0119 umiej\u0119tno\u015b\u0107.<\/p>\n\n\n\n<p>Proces wymaga u\u017cycia drewnianej formy do tkania, zwanej r\u00f3wnie\u017c &#8220;desk\u0105&#8221;. Sk\u0142ada si\u0119 ona z dw\u00f3ch cz\u0119\u015bci &#8211; d\u0142oni i palucha, na kt\u00f3rych oddzielnie tkane s\u0105 dwie cz\u0119\u015bci r\u0119kawicy. Tkanie r\u0119kawic furma\u0144skich przez Czarnych G\u00f3rali zosta\u0142o wpisane na Krajow\u0105 list\u0119 niematerialnego dziedzictwa kulturowego w 2022 roku.<\/p>\n\n\n\n<ul class=\"wp-block-list\"><li><strong>Koszyk wikowy \u2013 tradycja wyplatania w gminie Ci\u0119\u017ckowice<\/strong><\/li><\/ul>\n\n\n\n<p>Plecionkarstwo, stanowi sezonowe zaj\u0119cie w gminie Ci\u0119\u017ckowice od wielu lat. Praktyka wyplatania koszyk\u00f3w &#8220;wikowych&#8221; jest praktykowana dzi\u0119ki rodzinnemu przekazowi.<\/p>\n\n\n\n<p>Tradycja wyplatania wyrob\u00f3w z wikliny wi\u0105\u017ce si\u0119 z \u0142atwo dost\u0119pnym surowcem, kt\u00f3ry obficie ro\u015bnie na brzegach pobliskiej rzeki Bia\u0142ej. Ci\u0119\u017ckowickie kosze \u201ewikowe\u201d, kt\u00f3re charakteryzuj\u0105 si\u0119 splotem krzy\u017cowo-\u017cebrekowym s\u0105 jednym z najpopularniejszych rodzaj\u00f3w wyrob\u00f3w plecionkarskich na tym obszarze. Tradycja wyplatania koszyk\u00f3w wikowych w gminie Ci\u0119\u017ckowice zosta\u0142a wpisana na Krajow\u0105 list\u0119 niematerialnego dziedzictwa kulturowego w marcu 2023 roku.<\/p>\n\n\n\n<ul class=\"wp-block-list\"><li><strong>Boles\u0142awieckie tradycje ceramiczne<\/strong><\/li><\/ul>\n\n\n\n<p>Wsp\u00f3\u0142czesna boles\u0142awiecka ceramika znana jest niemal na ca\u0142ym \u015bwiecie. Jej charakterystyczn\u0105 cech\u0105 jest dekoracja podszkliwna wykonywana przy pomocy stempelk\u00f3w i p\u0119dzelka. Ta metoda stosowana jest od ponad 140 lat.<\/p>\n\n\n\n<p>Jednak historia garncarstwa na Ziemi Boles\u0142awickiej si\u0119ga du\u017co dalej, bo a\u017c wczesnego \u015bredniowiecza. Pierwotnie ceramika mia\u0142a brunatny kolor ze wzgl\u0119du na wysok\u0105 zawarto\u015b\u0107 tlenk\u00f3w glinu i krzemu. W drugiej po\u0142owie XIX wieku garncarze zacz\u0119li eksperymentowa\u0107 z nowymi technikami i materia\u0142ami, w tym z glink\u0105, kt\u00f3ra wypalana na bia\u0142y kolor otworzy\u0142a nowe mo\u017cliwo\u015bci.<\/p>\n\n\n\n<p>Stempelkowa metoda zdobienia, sta\u0142a si\u0119 elementem charakteryzuj\u0105cym tutejsze r\u0119kodzie\u0142o. Dzi\u015b w Boles\u0142awcu i okolicach dzia\u0142a ponad 30 zak\u0142ad\u00f3w ceramicznych, kontynuuj\u0105cych d\u0142ug\u0105 tradycj\u0119 produkcji ceramiki w tym regionie. Obecnie trwaj\u0105 prace na nad wpisaniem boles\u0142awickich tradycji ceramicznych na Krajow\u0105 list\u0119 niematerialnego dziedzictwa kulturowego.<\/p>\n\n\n\n<p><strong>W sali B odb\u0119dzie si\u0119 prezentacja instrument\u00f3w dudowych oraz opowie\u015bci o tradycjach g\u00f3rniczych. <\/strong>Przed wej\u015bciem do budynku b\u0119dzie mo\u017cna zobaczy\u0107 tworzenie rze\u017aby w soli. W wydarzeniu udzia\u0142 we\u017amie r\u00f3wnie\u017c Orkiestra D\u0119ta Polskiej Grupy G\u00f3rniczej, praktykuj\u0105ca tradycje kulturowe g\u00f3rniczych orkiestr d\u0119tych z G\u00f3rnego \u015al\u0105ska. Element ten zosta\u0142 wpisany na Krajow\u0105 list\u0119 niematerialnego dziedzictwa kulturowego w marcu 2023 roku.<\/p>\n\n\n\n<p>Wydarzenie poprowadzi: Dorota Firlej, prezes Asysty \u017bywieckiej ubrana na t\u0105 szczeg\u00f3ln\u0105 okazj\u0119 w \u017cywiecki str\u00f3j mieszcza\u0144ski.<\/p>\n\n\n\n<p><\/p>\n\n\n\n<p><strong>Zjawiska wpisane na Krajow\u0105 list\u0119 niematerialnego dziedzictwa kulturowego z wojew\u00f3dztwa \u015bl\u0105skiego:<\/strong><\/p>\n\n\n\n<p>1. Rusznikarstwo artystyczne i historyczna \u2013 wyroby wed\u0142ug tradycyjnej szko\u0142y cieszy\u0144skiej;<\/p>\n\n\n\n<p>2. Tradycyjna technika ludwisarska stosowana w ludwisarni Felczy\u0144skich w Taciszowie;<\/p>\n\n\n\n<p>3. Kol\u0119dowanie dziad\u00f3w noworocznych na \u017bywiecczy\u017anie;<\/p>\n\n\n\n<p>4. Tradycje wytwarzania koronki koniakowskiej;<\/p>\n\n\n\n<p>5. Umiej\u0119tno\u015b\u0107 gry na dudach \u017cywieckich oraz spos\u00f3b ich wytwarzania;<\/p>\n\n\n\n<p>6. Gajdy \u2013 umiej\u0119tno\u015b\u0107 wytwarzania instrumentu i praktyka gry;<\/p>\n\n\n\n<p>7. Barb\u00f3rka g\u00f3rnik\u00f3w w\u0119gla kamiennego na G\u00f3rnym \u015al\u0105sku;<\/p>\n\n\n\n<p>8. Wielkanocne procesje konne na G\u00f3rnym \u015al\u0105sku;<\/p>\n\n\n\n<p>9. Bacowanie \u2013 praktyka kulturowego wypasu owiec;<\/p>\n\n\n\n<p>10. Wyplatanie z korzeni \u015bwierkowych w Beskidzie \u015al\u0105skim;<\/p>\n\n\n\n<p>11. Zwyczaje zwi\u0105zane z kultem \u015bw. Barbary oraz tradycje g\u00f3rnik\u00f3w kruszcowych na ziemi tarnog\u00f3rskiej;<\/p>\n\n\n\n<p>12. Tradycje kulturowe g\u00f3rniczych orkiestr d\u0119tych z G\u00f3rnego \u015al\u0105ska;<\/p>\n\n\n\n<p>13. Tradycja wytwarzania, ubierania i noszenia \u017cywieckiego stroju mieszcza\u0144skiego.<\/p>\n\n\n\n<p><\/p>\n\n\n\n<p><strong>Zjawiska wpisane na Krajow\u0105 list\u0119 niematerialnego dziedzictwa kulturowego z wojew\u00f3dztwa ma\u0142opolskiego:<\/strong><\/p>\n\n\n\n<p>1. Szopkarstwo krakowskie;<\/p>\n\n\n\n<p>2. Poch\u00f3d Lajkonika;<\/p>\n\n\n\n<p>3. Umiej\u0119tno\u015b\u0107 wytwarzania instrumentu i praktyka gry na kozie (dudach podhala\u0144skich);<\/p>\n\n\n\n<p>4. Zabawkarstwo \u017cywiecko-suskie;<\/p>\n\n\n\n<p>5. Krakowska koronka klockowa;<\/p>\n\n\n\n<p>6. Wy\u015bcigi kumoterek;<\/p>\n\n\n\n<p>7. Tkanie r\u0119kawic furma\u0144skich przez Czarnych G\u00f3rali;<\/p>\n\n\n\n<p>8. Koszyk wikowy \u2013 tradycja wyplatania w gminie Ci\u0119\u017ckowice;<\/p>\n\n\n\n<p>9. Tradycje Barb\u00f3rkowe oraz kult \u015bw. Kingi w\u015br\u00f3d g\u00f3rnik\u00f3w solnych kopalni w Bochni i Wieliczce;<\/p>\n\n\n\n<p>10. Bobowska koronka klockowa;<\/p>\n\n\n\n<p>11. Tradycje flisackie na Dunajcu w Pieninach.<\/p>\n\n\n\n<p><\/p>\n\n\n\n<p><strong>Zjawiska wpisane do Krajowego rejestru dobrych praktyk w ochronie niematerialnego dziedzictwa kulturowego:<\/strong><\/p>\n\n\n\n<p>1. Dzia\u0142alno\u015b\u0107 Ma\u0142opolskiego Centrum Kultury SOK\u00d3\u0141 w Nowym S\u0105czu na rzecz ochrony niematerialnego dziedzictwa kulturowego;<\/p>\n\n\n\n<p>2. Flis Wi\u015blany \u2013 tradycja budowy \u0142odzi drewnianych oraz \u017ceglugi wi\u015blanej;<\/p>\n\n\n\n<p>3. Dzia\u0142alno\u015b\u0107 Bukowia\u0144skiego Centrum Kultury Dom Ludowy w Bukowinie Tatrza\u0144skiej.<\/p>\n\n\n\n<p><\/p>\n\n\n\n<p><strong>Zjawiska wpisane na Krajow\u0105 list\u0119 niematerialnego dziedzictwa kulturowego z wojew\u00f3dztwa dolno\u015bl\u0105skiego:<\/strong><\/p>\n\n\n\n<p>1. Barb\u00f3rka g\u00f3rnik\u00f3w w\u0119gla kamiennego na Dolnym \u015al\u0105sku.<\/p>\n\n\n\n<p><\/p>\n\n\n\n<p><strong>Organizatorzy wydarzenia:<\/strong> Narodowy Instytut Dziedzictwa oraz Muzeum \u015al\u0105skie w Katowicach<\/p>\n\n\n\n<p><strong>Partnerzy wydarzenia:<\/strong> ASP Katowice, Zamek Cieszyn, Muzeum G\u00f3rnictwa W\u0119glowego w Zabrzu, Fundacja G\u00f3rom.<\/p>\n\n\n\n<p><\/p>\n\n\n\n<p><strong>Najbli\u017csze prezentacja wystawy \u201eTradycje od pokole\u0144. Niematerialne dziedzictwo kulturowe w Polsce\u201d:<\/strong><\/p>\n\n\n\n<ul class=\"wp-block-list\"><li><strong>Niemodlin<\/strong> &#8211; od 15 sierpnia do 19 wrze\u015bnia, Zamek w Niemodlinie<\/li><li><strong>Ostro\u0142\u0119ka<\/strong> &#8211; 21 wrze\u015bnia do 21 pa\u017adziernika, Muzeum Kultury Kurpiowskiej<\/li><\/ul>\n\n\n\n<p>Szczeg\u00f3\u0142owe informacje dotycz\u0105ce planowanych wydarze\u0144, dost\u0119pne b\u0119d\u0105 na stronie <a href=\"https:\/\/nid.pl\/en\/\" target=\"_blank\" rel=\"noreferrer noopener\">nid.pl<\/a>.<\/p>\n\n\n\n<p>Wystawa zosta\u0142a obj\u0119ta honorowym patronatem Polskiego Komitetu do spraw UNESCO.<\/p>\n\n\n\n<p>Organizacja jubileuszu \u201e10 lat Krajowej listy niematerialnego dziedzictwa kulturowego\u201d jest finansowana ze \u015brodk\u00f3w Ministerstwa Kultury i Dziedzictwa Narodowego.<\/p>","protected":false},"excerpt":{"rendered":"<p>Podczas wakacyjnych wypraw w g\u00f3ry, na malowniczych halach mo\u017cemy spotka\u0107 g\u00f3rali pas\u0105cych owce. Zwyczaj bacowania jest cz\u0119\u015bci\u0105 bogatego dziedzictwa kulturowego Polski, kt\u00f3re zosta\u0142o uhonorowane wpisem na Krajow\u0105 list\u0119 niematerialnego dziedzictwa [&hellip;]<\/p>","protected":false},"author":7,"featured_media":12375,"comment_status":"open","ping_status":"open","sticky":false,"template":"","format":"standard","meta":{"_et_pb_use_builder":"off","_et_pb_old_content":"","_et_gb_content_width":"","_monsterinsights_skip_tracking":false,"_monsterinsights_sitenote_active":false,"_monsterinsights_sitenote_note":"","_monsterinsights_sitenote_category":0,"footnotes":""},"categories":[3,84],"tags":[],"class_list":["post-12374","post","type-post","status-publish","format-standard","has-post-thumbnail","hentry","category-aktualnosci","category-tradycje-od-pokolen"],"yoast_head":"<!-- This site is optimized with the Yoast SEO plugin v26.5 - https:\/\/yoast.com\/wordpress\/plugins\/seo\/ -->\n<title>Tradycje od pokole\u0144. Niematerialne dziedzictwo kulturowe w Polsce \u2013 otwarcie wystawy w Katowicach - NID<\/title>\n<meta name=\"robots\" content=\"index, follow, max-snippet:-1, max-image-preview:large, max-video-preview:-1\" \/>\n<link rel=\"canonical\" href=\"https:\/\/nid.pl\/en\/2023\/07\/14\/tradycje-od-pokolen-niematerialne-dziedzictwo-kulturowe-w-polsce-otwarcie-wystawy-w-katowicach\/\" \/>\n<meta property=\"og:locale\" content=\"en_GB\" \/>\n<meta property=\"og:type\" content=\"article\" \/>\n<meta property=\"og:title\" content=\"Tradycje od pokole\u0144. Niematerialne dziedzictwo kulturowe w Polsce \u2013 otwarcie wystawy w Katowicach - NID\" \/>\n<meta property=\"og:description\" content=\"Podczas wakacyjnych wypraw w g\u00f3ry, na malowniczych halach mo\u017cemy spotka\u0107 g\u00f3rali pas\u0105cych owce. Zwyczaj bacowania jest cz\u0119\u015bci\u0105 bogatego dziedzictwa kulturowego Polski, kt\u00f3re zosta\u0142o uhonorowane wpisem na Krajow\u0105 list\u0119 niematerialnego dziedzictwa [&hellip;]\" \/>\n<meta property=\"og:url\" content=\"https:\/\/nid.pl\/en\/2023\/07\/14\/tradycje-od-pokolen-niematerialne-dziedzictwo-kulturowe-w-polsce-otwarcie-wystawy-w-katowicach\/\" \/>\n<meta property=\"og:site_name\" content=\"NID\" \/>\n<meta property=\"article:publisher\" content=\"https:\/\/www.facebook.com\/zabytek\" \/>\n<meta property=\"article:published_time\" content=\"2023-07-14T10:49:52+00:00\" \/>\n<meta property=\"article:modified_time\" content=\"2023-07-14T13:53:53+00:00\" \/>\n<meta property=\"og:image\" content=\"https:\/\/nid.pl\/wp-content\/uploads\/2023\/07\/miniaturka-aktualnosci-tradycje-od-pokolen-katowice.png\" \/>\n\t<meta property=\"og:image:width\" content=\"1850\" \/>\n\t<meta property=\"og:image:height\" content=\"1238\" \/>\n\t<meta property=\"og:image:type\" content=\"image\/png\" \/>\n<meta name=\"author\" content=\"Barbara Halliop\" \/>\n<meta name=\"twitter:card\" content=\"summary_large_image\" \/>\n<meta name=\"twitter:creator\" content=\"@NarIDpl\" \/>\n<meta name=\"twitter:site\" content=\"@NarIDpl\" \/>\n<meta name=\"twitter:label1\" content=\"Written by\" \/>\n\t<meta name=\"twitter:data1\" content=\"Barbara Halliop\" \/>\n\t<meta name=\"twitter:label2\" content=\"Estimated reading time\" \/>\n\t<meta name=\"twitter:data2\" content=\"10 minutes\" \/>\n<script type=\"application\/ld+json\" class=\"yoast-schema-graph\">{\"@context\":\"https:\/\/schema.org\",\"@graph\":[{\"@type\":\"Article\",\"@id\":\"https:\/\/nid.pl\/2023\/07\/14\/tradycje-od-pokolen-niematerialne-dziedzictwo-kulturowe-w-polsce-otwarcie-wystawy-w-katowicach\/#article\",\"isPartOf\":{\"@id\":\"https:\/\/nid.pl\/2023\/07\/14\/tradycje-od-pokolen-niematerialne-dziedzictwo-kulturowe-w-polsce-otwarcie-wystawy-w-katowicach\/\"},\"author\":{\"name\":\"Barbara Halliop\",\"@id\":\"https:\/\/nid.pl\/#\/schema\/person\/1b690a8998a5111cfb9f0ffe24195a15\"},\"headline\":\"Tradycje od pokole\u0144. Niematerialne dziedzictwo kulturowe w Polsce \u2013 otwarcie wystawy w Katowicach\",\"datePublished\":\"2023-07-14T10:49:52+00:00\",\"dateModified\":\"2023-07-14T13:53:53+00:00\",\"mainEntityOfPage\":{\"@id\":\"https:\/\/nid.pl\/2023\/07\/14\/tradycje-od-pokolen-niematerialne-dziedzictwo-kulturowe-w-polsce-otwarcie-wystawy-w-katowicach\/\"},\"wordCount\":2566,\"commentCount\":0,\"publisher\":{\"@id\":\"https:\/\/nid.pl\/#organization\"},\"image\":{\"@id\":\"https:\/\/nid.pl\/2023\/07\/14\/tradycje-od-pokolen-niematerialne-dziedzictwo-kulturowe-w-polsce-otwarcie-wystawy-w-katowicach\/#primaryimage\"},\"thumbnailUrl\":\"https:\/\/nid.pl\/wp-content\/uploads\/2023\/07\/miniaturka-aktualnosci-tradycje-od-pokolen-katowice.png\",\"articleSection\":[\"Aktualno\u015bci\",\"Tradycje od pokole\u0144. Niematerialne dziedzictwo kulturowe w Polsce\"],\"inLanguage\":\"en-GB\"},{\"@type\":\"WebPage\",\"@id\":\"https:\/\/nid.pl\/2023\/07\/14\/tradycje-od-pokolen-niematerialne-dziedzictwo-kulturowe-w-polsce-otwarcie-wystawy-w-katowicach\/\",\"url\":\"https:\/\/nid.pl\/2023\/07\/14\/tradycje-od-pokolen-niematerialne-dziedzictwo-kulturowe-w-polsce-otwarcie-wystawy-w-katowicach\/\",\"name\":\"Tradycje od pokole\u0144. Niematerialne dziedzictwo kulturowe w Polsce \u2013 otwarcie wystawy w Katowicach - NID\",\"isPartOf\":{\"@id\":\"https:\/\/nid.pl\/#website\"},\"primaryImageOfPage\":{\"@id\":\"https:\/\/nid.pl\/2023\/07\/14\/tradycje-od-pokolen-niematerialne-dziedzictwo-kulturowe-w-polsce-otwarcie-wystawy-w-katowicach\/#primaryimage\"},\"image\":{\"@id\":\"https:\/\/nid.pl\/2023\/07\/14\/tradycje-od-pokolen-niematerialne-dziedzictwo-kulturowe-w-polsce-otwarcie-wystawy-w-katowicach\/#primaryimage\"},\"thumbnailUrl\":\"https:\/\/nid.pl\/wp-content\/uploads\/2023\/07\/miniaturka-aktualnosci-tradycje-od-pokolen-katowice.png\",\"datePublished\":\"2023-07-14T10:49:52+00:00\",\"dateModified\":\"2023-07-14T13:53:53+00:00\",\"breadcrumb\":{\"@id\":\"https:\/\/nid.pl\/2023\/07\/14\/tradycje-od-pokolen-niematerialne-dziedzictwo-kulturowe-w-polsce-otwarcie-wystawy-w-katowicach\/#breadcrumb\"},\"inLanguage\":\"en-GB\",\"potentialAction\":[{\"@type\":\"ReadAction\",\"target\":[\"https:\/\/nid.pl\/2023\/07\/14\/tradycje-od-pokolen-niematerialne-dziedzictwo-kulturowe-w-polsce-otwarcie-wystawy-w-katowicach\/\"]}]},{\"@type\":\"ImageObject\",\"inLanguage\":\"en-GB\",\"@id\":\"https:\/\/nid.pl\/2023\/07\/14\/tradycje-od-pokolen-niematerialne-dziedzictwo-kulturowe-w-polsce-otwarcie-wystawy-w-katowicach\/#primaryimage\",\"url\":\"https:\/\/nid.pl\/wp-content\/uploads\/2023\/07\/miniaturka-aktualnosci-tradycje-od-pokolen-katowice.png\",\"contentUrl\":\"https:\/\/nid.pl\/wp-content\/uploads\/2023\/07\/miniaturka-aktualnosci-tradycje-od-pokolen-katowice.png\",\"width\":1850,\"height\":1238,\"caption\":\"m\u0119\u017cczyzna graj\u0105cy na \u015bl\u0105skich dudach i pani graj\u0105ca na skrzypacach\"},{\"@type\":\"BreadcrumbList\",\"@id\":\"https:\/\/nid.pl\/2023\/07\/14\/tradycje-od-pokolen-niematerialne-dziedzictwo-kulturowe-w-polsce-otwarcie-wystawy-w-katowicach\/#breadcrumb\",\"itemListElement\":[{\"@type\":\"ListItem\",\"position\":1,\"name\":\"Home\",\"item\":\"https:\/\/nid.pl\/\"},{\"@type\":\"ListItem\",\"position\":2,\"name\":\"Tradycje od pokole\u0144. Niematerialne dziedzictwo kulturowe w Polsce \u2013 otwarcie wystawy w Katowicach\"}]},{\"@type\":\"WebSite\",\"@id\":\"https:\/\/nid.pl\/#website\",\"url\":\"https:\/\/nid.pl\/\",\"name\":\"NID\",\"description\":\"Narodowy Instytut Dziedzictwa\",\"publisher\":{\"@id\":\"https:\/\/nid.pl\/#organization\"},\"potentialAction\":[{\"@type\":\"SearchAction\",\"target\":{\"@type\":\"EntryPoint\",\"urlTemplate\":\"https:\/\/nid.pl\/?s={search_term_string}\"},\"query-input\":{\"@type\":\"PropertyValueSpecification\",\"valueRequired\":true,\"valueName\":\"search_term_string\"}}],\"inLanguage\":\"en-GB\"},{\"@type\":\"Organization\",\"@id\":\"https:\/\/nid.pl\/#organization\",\"name\":\"Narodowy Instytut Dziedzictwa\",\"url\":\"https:\/\/nid.pl\/\",\"logo\":{\"@type\":\"ImageObject\",\"inLanguage\":\"en-GB\",\"@id\":\"https:\/\/nid.pl\/#\/schema\/logo\/image\/\",\"url\":\"https:\/\/nid.pl\/wp-content\/uploads\/2022\/10\/logoRedDark.png\",\"contentUrl\":\"https:\/\/nid.pl\/wp-content\/uploads\/2022\/10\/logoRedDark.png\",\"width\":200,\"height\":197,\"caption\":\"Narodowy Instytut Dziedzictwa\"},\"image\":{\"@id\":\"https:\/\/nid.pl\/#\/schema\/logo\/image\/\"},\"sameAs\":[\"https:\/\/www.facebook.com\/zabytek\",\"https:\/\/x.com\/NarIDpl\",\"https:\/\/www.instagram.com\/nid.pl\/?hl=pl\",\"https:\/\/www.linkedin.com\/company\/narodowy-instytut-dziedzictwa\",\"https:\/\/www.youtube.com\/channel\/UCQXuhKa2uHtmNvLRUSx40JA\"]},{\"@type\":\"Person\",\"@id\":\"https:\/\/nid.pl\/#\/schema\/person\/1b690a8998a5111cfb9f0ffe24195a15\",\"name\":\"Barbara Halliop\",\"image\":{\"@type\":\"ImageObject\",\"inLanguage\":\"en-GB\",\"@id\":\"https:\/\/nid.pl\/#\/schema\/person\/image\/\",\"url\":\"https:\/\/nid.pl\/wp-content\/litespeed\/avatar\/924046d17dd0c842c9fa9ccf489bc6dc.jpg?ver=1777444967\",\"contentUrl\":\"https:\/\/nid.pl\/wp-content\/litespeed\/avatar\/924046d17dd0c842c9fa9ccf489bc6dc.jpg?ver=1777444967\",\"caption\":\"Barbara Halliop\"},\"url\":\"https:\/\/nid.pl\/en\/author\/bhalliop\/\"}]}<\/script>\n<!-- \/ Yoast SEO plugin. -->","yoast_head_json":{"title":"Tradycje od pokole\u0144. Niematerialne dziedzictwo kulturowe w Polsce \u2013 otwarcie wystawy w Katowicach - NID","robots":{"index":"index","follow":"follow","max-snippet":"max-snippet:-1","max-image-preview":"max-image-preview:large","max-video-preview":"max-video-preview:-1"},"canonical":"https:\/\/nid.pl\/en\/2023\/07\/14\/tradycje-od-pokolen-niematerialne-dziedzictwo-kulturowe-w-polsce-otwarcie-wystawy-w-katowicach\/","og_locale":"en_GB","og_type":"article","og_title":"Tradycje od pokole\u0144. Niematerialne dziedzictwo kulturowe w Polsce \u2013 otwarcie wystawy w Katowicach - NID","og_description":"Podczas wakacyjnych wypraw w g\u00f3ry, na malowniczych halach mo\u017cemy spotka\u0107 g\u00f3rali pas\u0105cych owce. Zwyczaj bacowania jest cz\u0119\u015bci\u0105 bogatego dziedzictwa kulturowego Polski, kt\u00f3re zosta\u0142o uhonorowane wpisem na Krajow\u0105 list\u0119 niematerialnego dziedzictwa [&hellip;]","og_url":"https:\/\/nid.pl\/en\/2023\/07\/14\/tradycje-od-pokolen-niematerialne-dziedzictwo-kulturowe-w-polsce-otwarcie-wystawy-w-katowicach\/","og_site_name":"NID","article_publisher":"https:\/\/www.facebook.com\/zabytek","article_published_time":"2023-07-14T10:49:52+00:00","article_modified_time":"2023-07-14T13:53:53+00:00","og_image":[{"width":1850,"height":1238,"url":"https:\/\/nid.pl\/wp-content\/uploads\/2023\/07\/miniaturka-aktualnosci-tradycje-od-pokolen-katowice.png","type":"image\/png"}],"author":"Barbara Halliop","twitter_card":"summary_large_image","twitter_creator":"@NarIDpl","twitter_site":"@NarIDpl","twitter_misc":{"Written by":"Barbara Halliop","Estimated reading time":"10 minutes"},"schema":{"@context":"https:\/\/schema.org","@graph":[{"@type":"Article","@id":"https:\/\/nid.pl\/2023\/07\/14\/tradycje-od-pokolen-niematerialne-dziedzictwo-kulturowe-w-polsce-otwarcie-wystawy-w-katowicach\/#article","isPartOf":{"@id":"https:\/\/nid.pl\/2023\/07\/14\/tradycje-od-pokolen-niematerialne-dziedzictwo-kulturowe-w-polsce-otwarcie-wystawy-w-katowicach\/"},"author":{"name":"Barbara Halliop","@id":"https:\/\/nid.pl\/#\/schema\/person\/1b690a8998a5111cfb9f0ffe24195a15"},"headline":"Tradycje od pokole\u0144. Niematerialne dziedzictwo kulturowe w Polsce \u2013 otwarcie wystawy w Katowicach","datePublished":"2023-07-14T10:49:52+00:00","dateModified":"2023-07-14T13:53:53+00:00","mainEntityOfPage":{"@id":"https:\/\/nid.pl\/2023\/07\/14\/tradycje-od-pokolen-niematerialne-dziedzictwo-kulturowe-w-polsce-otwarcie-wystawy-w-katowicach\/"},"wordCount":2566,"commentCount":0,"publisher":{"@id":"https:\/\/nid.pl\/#organization"},"image":{"@id":"https:\/\/nid.pl\/2023\/07\/14\/tradycje-od-pokolen-niematerialne-dziedzictwo-kulturowe-w-polsce-otwarcie-wystawy-w-katowicach\/#primaryimage"},"thumbnailUrl":"https:\/\/nid.pl\/wp-content\/uploads\/2023\/07\/miniaturka-aktualnosci-tradycje-od-pokolen-katowice.png","articleSection":["Aktualno\u015bci","Tradycje od pokole\u0144. Niematerialne dziedzictwo kulturowe w Polsce"],"inLanguage":"en-GB"},{"@type":"WebPage","@id":"https:\/\/nid.pl\/2023\/07\/14\/tradycje-od-pokolen-niematerialne-dziedzictwo-kulturowe-w-polsce-otwarcie-wystawy-w-katowicach\/","url":"https:\/\/nid.pl\/2023\/07\/14\/tradycje-od-pokolen-niematerialne-dziedzictwo-kulturowe-w-polsce-otwarcie-wystawy-w-katowicach\/","name":"Tradycje od pokole\u0144. Niematerialne dziedzictwo kulturowe w Polsce \u2013 otwarcie wystawy w Katowicach - NID","isPartOf":{"@id":"https:\/\/nid.pl\/#website"},"primaryImageOfPage":{"@id":"https:\/\/nid.pl\/2023\/07\/14\/tradycje-od-pokolen-niematerialne-dziedzictwo-kulturowe-w-polsce-otwarcie-wystawy-w-katowicach\/#primaryimage"},"image":{"@id":"https:\/\/nid.pl\/2023\/07\/14\/tradycje-od-pokolen-niematerialne-dziedzictwo-kulturowe-w-polsce-otwarcie-wystawy-w-katowicach\/#primaryimage"},"thumbnailUrl":"https:\/\/nid.pl\/wp-content\/uploads\/2023\/07\/miniaturka-aktualnosci-tradycje-od-pokolen-katowice.png","datePublished":"2023-07-14T10:49:52+00:00","dateModified":"2023-07-14T13:53:53+00:00","breadcrumb":{"@id":"https:\/\/nid.pl\/2023\/07\/14\/tradycje-od-pokolen-niematerialne-dziedzictwo-kulturowe-w-polsce-otwarcie-wystawy-w-katowicach\/#breadcrumb"},"inLanguage":"en-GB","potentialAction":[{"@type":"ReadAction","target":["https:\/\/nid.pl\/2023\/07\/14\/tradycje-od-pokolen-niematerialne-dziedzictwo-kulturowe-w-polsce-otwarcie-wystawy-w-katowicach\/"]}]},{"@type":"ImageObject","inLanguage":"en-GB","@id":"https:\/\/nid.pl\/2023\/07\/14\/tradycje-od-pokolen-niematerialne-dziedzictwo-kulturowe-w-polsce-otwarcie-wystawy-w-katowicach\/#primaryimage","url":"https:\/\/nid.pl\/wp-content\/uploads\/2023\/07\/miniaturka-aktualnosci-tradycje-od-pokolen-katowice.png","contentUrl":"https:\/\/nid.pl\/wp-content\/uploads\/2023\/07\/miniaturka-aktualnosci-tradycje-od-pokolen-katowice.png","width":1850,"height":1238,"caption":"m\u0119\u017cczyzna graj\u0105cy na \u015bl\u0105skich dudach i pani graj\u0105ca na skrzypacach"},{"@type":"BreadcrumbList","@id":"https:\/\/nid.pl\/2023\/07\/14\/tradycje-od-pokolen-niematerialne-dziedzictwo-kulturowe-w-polsce-otwarcie-wystawy-w-katowicach\/#breadcrumb","itemListElement":[{"@type":"ListItem","position":1,"name":"Home","item":"https:\/\/nid.pl\/"},{"@type":"ListItem","position":2,"name":"Tradycje od pokole\u0144. Niematerialne dziedzictwo kulturowe w Polsce \u2013 otwarcie wystawy w Katowicach"}]},{"@type":"WebSite","@id":"https:\/\/nid.pl\/#website","url":"https:\/\/nid.pl\/","name":"NID","description":"Narodowy Instytut Dziedzictwa","publisher":{"@id":"https:\/\/nid.pl\/#organization"},"potentialAction":[{"@type":"SearchAction","target":{"@type":"EntryPoint","urlTemplate":"https:\/\/nid.pl\/?s={search_term_string}"},"query-input":{"@type":"PropertyValueSpecification","valueRequired":true,"valueName":"search_term_string"}}],"inLanguage":"en-GB"},{"@type":"Organization","@id":"https:\/\/nid.pl\/#organization","name":"Narodowy Instytut Dziedzictwa","url":"https:\/\/nid.pl\/","logo":{"@type":"ImageObject","inLanguage":"en-GB","@id":"https:\/\/nid.pl\/#\/schema\/logo\/image\/","url":"https:\/\/nid.pl\/wp-content\/uploads\/2022\/10\/logoRedDark.png","contentUrl":"https:\/\/nid.pl\/wp-content\/uploads\/2022\/10\/logoRedDark.png","width":200,"height":197,"caption":"Narodowy Instytut Dziedzictwa"},"image":{"@id":"https:\/\/nid.pl\/#\/schema\/logo\/image\/"},"sameAs":["https:\/\/www.facebook.com\/zabytek","https:\/\/x.com\/NarIDpl","https:\/\/www.instagram.com\/nid.pl\/?hl=pl","https:\/\/www.linkedin.com\/company\/narodowy-instytut-dziedzictwa","https:\/\/www.youtube.com\/channel\/UCQXuhKa2uHtmNvLRUSx40JA"]},{"@type":"Person","@id":"https:\/\/nid.pl\/#\/schema\/person\/1b690a8998a5111cfb9f0ffe24195a15","name":"Barbara Halliop","image":{"@type":"ImageObject","inLanguage":"en-GB","@id":"https:\/\/nid.pl\/#\/schema\/person\/image\/","url":"https:\/\/nid.pl\/wp-content\/litespeed\/avatar\/924046d17dd0c842c9fa9ccf489bc6dc.jpg?ver=1777444967","contentUrl":"https:\/\/nid.pl\/wp-content\/litespeed\/avatar\/924046d17dd0c842c9fa9ccf489bc6dc.jpg?ver=1777444967","caption":"Barbara Halliop"},"url":"https:\/\/nid.pl\/en\/author\/bhalliop\/"}]}},"_links":{"self":[{"href":"https:\/\/nid.pl\/en\/wp-json\/wp\/v2\/posts\/12374","targetHints":{"allow":["GET"]}}],"collection":[{"href":"https:\/\/nid.pl\/en\/wp-json\/wp\/v2\/posts"}],"about":[{"href":"https:\/\/nid.pl\/en\/wp-json\/wp\/v2\/types\/post"}],"author":[{"embeddable":true,"href":"https:\/\/nid.pl\/en\/wp-json\/wp\/v2\/users\/7"}],"replies":[{"embeddable":true,"href":"https:\/\/nid.pl\/en\/wp-json\/wp\/v2\/comments?post=12374"}],"version-history":[{"count":0,"href":"https:\/\/nid.pl\/en\/wp-json\/wp\/v2\/posts\/12374\/revisions"}],"wp:featuredmedia":[{"embeddable":true,"href":"https:\/\/nid.pl\/en\/wp-json\/wp\/v2\/media\/12375"}],"wp:attachment":[{"href":"https:\/\/nid.pl\/en\/wp-json\/wp\/v2\/media?parent=12374"}],"wp:term":[{"taxonomy":"category","embeddable":true,"href":"https:\/\/nid.pl\/en\/wp-json\/wp\/v2\/categories?post=12374"},{"taxonomy":"post_tag","embeddable":true,"href":"https:\/\/nid.pl\/en\/wp-json\/wp\/v2\/tags?post=12374"}],"curies":[{"name":"wp","href":"https:\/\/api.w.org\/{rel}","templated":true}]}}