{"id":12294,"date":"2023-07-10T15:54:05","date_gmt":"2023-07-10T13:54:05","guid":{"rendered":"https:\/\/nid.pl\/?p=12294"},"modified":"2023-07-10T16:16:51","modified_gmt":"2023-07-10T14:16:51","slug":"oswiadczenie-nid-w-sprawie-proponowanych-zmian-w-ustawie-o-ochronie-zabytkow-i-opiece-nad-zabytkami","status":"publish","type":"post","link":"https:\/\/nid.pl\/en\/2023\/07\/10\/oswiadczenie-nid-w-sprawie-proponowanych-zmian-w-ustawie-o-ochronie-zabytkow-i-opiece-nad-zabytkami\/","title":{"rendered":"O\u015bwiadczenie NID w sprawie proponowanych zmian w ustawie o ochronie zabytk\u00f3w i opiece nad zabytkami"},"content":{"rendered":"<p><strong>Narodowy Instytut Dziedzictwa, jako centralna instytucja odpowiedzialna od 60 lat za zbieranie danych o zabytkach, wyra\u017ca szczeg\u00f3ln\u0105&nbsp;trosk\u0119&nbsp;i zaniepokojenie proponowanymi zmianami w ustawie z dnia 23 lipca 2003 r. o ochronie zabytk\u00f3w i opiece nad zabytkami (Dz. U. Nr 162, poz.1568, z p\u00f3\u017an. zm.) w zakresie dotycz\u0105cym prowadzenia poszukiwa\u0144 zabytk\u00f3w.<\/strong><\/p>\n\n\n\n<p>Wed\u0142ug wst\u0119pnych szacunk\u00f3w proponowane w projekcie obszary zakazu poszukiwa\u0144, kt\u00f3re b\u0119d\u0105 musia\u0142y by\u0107 uwidocznione w aplikacji, b\u0119d\u0105 obejmowa\u0142y przesz\u0142o 800 tysi\u0119cy lokalizacji o zr\u00f3\u017cnicowanych, cz\u0119sto niedookre\u015blonych granicach. W cz\u0119\u015bci wypadk\u00f3w dane te b\u0119d\u0105 wymaga\u0142y dopiero ich zgromadzenia. <\/p>\n\n\n\n<p>Przypominamy, \u017ce na portalu <a href=\"https:\/\/mapy.zabytek.gov.pl\/nid\/\" target=\"_blank\" rel=\"noreferrer noopener\">mapy.zabytek.gov.pl<\/a> znajduje si\u0119 zastrze\u017cenie, i\u017c zgodnie z obowi\u0105zuj\u0105cym prawem prezentowane na nim dane maj\u0105 charakter pogl\u0105dowy i nie mog\u0105 by\u0107 podstaw\u0105 jakichkolwiek czynno\u015bci administracyjnych czy urz\u0119dowych, a \u201eka\u017cdorazowe rozstrzygni\u0119cie dotycz\u0105ce zabytku musi by\u0107 konsultowane z w\u0142a\u015bciwym dla po\u0142o\u017cenia obiektu wojew\u00f3dzkim konserwatorem zabytk\u00f3w\u201d.<\/p>\n\n\n\n<p>Jako instytucja odpowiedzialna za ochron\u0119 dziedzictwa kulturowego jeste\u015bmy \u017cywo zainteresowani tocz\u0105cym si\u0119 procesem legislacyjnym. Wynik prac sejmowych b\u0119dzie mia\u0142 wp\u0142yw nie tylko na ochron\u0119 zabytk\u00f3w w Polsce, ale i bezpo\u015brednio na prac\u0119 Instytutu. Pozostajemy do dyspozycji w\u0142a\u015bciwych organ\u00f3w legislacyjnych w zakresie doradztwa w obszarze ochrony zabytk\u00f3w i dziedzictwa kulturowego.<\/p>\n\n\n\n<p>Narodowy Instytut Dziedzictwa od wielu lat prowadzi dzia\u0142ania i projekty maj\u0105ce na celu stworzenie warunk\u00f3w do rozpocz\u0119cia procesu transformacji cyfrowej w ochronie zabytk\u00f3w, o czym \u015bwiadczy m.in. proces digitalizacji zasob\u00f3w Instytutu, konsekwentnie wspierany przez Ministra Kultury i Dziedzictwa Narodowego &nbsp;oraz Generalnego Konserwatora Zabytk\u00f3w oraz rozwijanie aplikacji <em>Scan Manager,<\/em> do wspomagania procesu skanowania dokumentacji, usprawniaj\u0105cej prac\u0119 organ\u00f3w ochrony zabytk\u00f3w. Pierwszym krokiem w tym kierunku mia\u0142o by\u0107 zapewnienie mo\u017cliwo\u015bci prowadzenia rejestru zabytk\u00f3w i ewidencji w formie elektronicznej oraz aktualizacja decyzji wpisowych wydawanych od 1928 r., poprzez ich wi\u0105\u017c\u0105ce, urz\u0119dowe odniesienie do obecnych podzia\u0142\u00f3w geodezyjnych.<\/p>\n\n\n\n<p>Dziedzictwo kulturowe jest naszym wsp\u00f3lnym skarbem. Dbajmy o nie odpowiedzialnie!<\/p>\n\n\n\n<p><\/p>\n\n\n\n<div class=\"wp-block-image\"><figure class=\"aligncenter size-large is-resized\"><img loading=\"lazy\" decoding=\"async\" src=\"https:\/\/nid.pl\/wp-content\/uploads\/2023\/07\/Bodzia-15-685x1024.jpg\" alt=\"\" class=\"wp-image-12292\" width=\"514\" height=\"768\"\/><figcaption>fot. M. Bugaj<\/figcaption><\/figure><\/div>","protected":false},"excerpt":{"rendered":"<p>Narodowy Instytut Dziedzictwa, jako centralna instytucja odpowiedzialna od 60 lat za zbieranie danych o zabytkach, wyra\u017ca szczeg\u00f3ln\u0105&nbsp;trosk\u0119&nbsp;i zaniepokojenie proponowanymi zmianami w ustawie z dnia 23 lipca 2003 r. o ochronie [&hellip;]<\/p>","protected":false},"author":7,"featured_media":12305,"comment_status":"open","ping_status":"open","sticky":false,"template":"","format":"standard","meta":{"_et_pb_use_builder":"off","_et_pb_old_content":"","_et_gb_content_width":"","_monsterinsights_skip_tracking":false,"_monsterinsights_sitenote_active":false,"_monsterinsights_sitenote_note":"","_monsterinsights_sitenote_category":0,"footnotes":""},"categories":[3],"tags":[],"class_list":["post-12294","post","type-post","status-publish","format-standard","has-post-thumbnail","hentry","category-aktualnosci"],"yoast_head":"<!-- This site is optimized with the Yoast SEO plugin v26.5 - https:\/\/yoast.com\/wordpress\/plugins\/seo\/ -->\n<title>O\u015bwiadczenie NID w sprawie proponowanych zmian w ustawie o ochronie zabytk\u00f3w i opiece nad zabytkami - NID<\/title>\n<meta name=\"robots\" content=\"index, follow, max-snippet:-1, max-image-preview:large, max-video-preview:-1\" \/>\n<link rel=\"canonical\" href=\"https:\/\/nid.pl\/en\/2023\/07\/10\/oswiadczenie-nid-w-sprawie-proponowanych-zmian-w-ustawie-o-ochronie-zabytkow-i-opiece-nad-zabytkami\/\" \/>\n<meta property=\"og:locale\" content=\"en_GB\" \/>\n<meta property=\"og:type\" content=\"article\" \/>\n<meta property=\"og:title\" content=\"O\u015bwiadczenie NID w sprawie proponowanych zmian w ustawie o ochronie zabytk\u00f3w i opiece nad zabytkami - NID\" \/>\n<meta property=\"og:description\" content=\"Narodowy Instytut Dziedzictwa, jako centralna instytucja odpowiedzialna od 60 lat za zbieranie danych o zabytkach, wyra\u017ca szczeg\u00f3ln\u0105&nbsp;trosk\u0119&nbsp;i zaniepokojenie proponowanymi zmianami w ustawie z dnia 23 lipca 2003 r. o ochronie [&hellip;]\" \/>\n<meta property=\"og:url\" content=\"https:\/\/nid.pl\/en\/2023\/07\/10\/oswiadczenie-nid-w-sprawie-proponowanych-zmian-w-ustawie-o-ochronie-zabytkow-i-opiece-nad-zabytkami\/\" \/>\n<meta property=\"og:site_name\" content=\"NID\" \/>\n<meta property=\"article:publisher\" content=\"https:\/\/www.facebook.com\/zabytek\" \/>\n<meta property=\"article:published_time\" content=\"2023-07-10T13:54:05+00:00\" \/>\n<meta property=\"article:modified_time\" content=\"2023-07-10T14:16:51+00:00\" \/>\n<meta property=\"og:image\" content=\"https:\/\/nid.pl\/wp-content\/uploads\/2023\/07\/miniaturka-obrady-komisji-autor-M.-Bugaj-1.png\" \/>\n\t<meta property=\"og:image:width\" content=\"1850\" \/>\n\t<meta property=\"og:image:height\" content=\"1238\" \/>\n\t<meta property=\"og:image:type\" content=\"image\/png\" \/>\n<meta name=\"author\" content=\"Barbara Halliop\" \/>\n<meta name=\"twitter:card\" content=\"summary_large_image\" \/>\n<meta name=\"twitter:creator\" content=\"@NarIDpl\" \/>\n<meta name=\"twitter:site\" content=\"@NarIDpl\" \/>\n<meta name=\"twitter:label1\" content=\"Written by\" \/>\n\t<meta name=\"twitter:data1\" content=\"Barbara Halliop\" \/>\n\t<meta name=\"twitter:label2\" content=\"Estimated reading time\" \/>\n\t<meta name=\"twitter:data2\" content=\"2 minutes\" \/>\n<script type=\"application\/ld+json\" class=\"yoast-schema-graph\">{\"@context\":\"https:\/\/schema.org\",\"@graph\":[{\"@type\":\"Article\",\"@id\":\"https:\/\/nid.pl\/2023\/07\/10\/oswiadczenie-nid-w-sprawie-proponowanych-zmian-w-ustawie-o-ochronie-zabytkow-i-opiece-nad-zabytkami\/#article\",\"isPartOf\":{\"@id\":\"https:\/\/nid.pl\/2023\/07\/10\/oswiadczenie-nid-w-sprawie-proponowanych-zmian-w-ustawie-o-ochronie-zabytkow-i-opiece-nad-zabytkami\/\"},\"author\":{\"name\":\"Barbara Halliop\",\"@id\":\"https:\/\/nid.pl\/#\/schema\/person\/1b690a8998a5111cfb9f0ffe24195a15\"},\"headline\":\"O\u015bwiadczenie NID w sprawie proponowanych zmian w ustawie o ochronie zabytk\u00f3w i opiece nad zabytkami\",\"datePublished\":\"2023-07-10T13:54:05+00:00\",\"dateModified\":\"2023-07-10T14:16:51+00:00\",\"mainEntityOfPage\":{\"@id\":\"https:\/\/nid.pl\/2023\/07\/10\/oswiadczenie-nid-w-sprawie-proponowanych-zmian-w-ustawie-o-ochronie-zabytkow-i-opiece-nad-zabytkami\/\"},\"wordCount\":372,\"commentCount\":0,\"publisher\":{\"@id\":\"https:\/\/nid.pl\/#organization\"},\"image\":{\"@id\":\"https:\/\/nid.pl\/2023\/07\/10\/oswiadczenie-nid-w-sprawie-proponowanych-zmian-w-ustawie-o-ochronie-zabytkow-i-opiece-nad-zabytkami\/#primaryimage\"},\"thumbnailUrl\":\"https:\/\/nid.pl\/wp-content\/uploads\/2023\/07\/miniaturka-obrady-komisji-autor-M.-Bugaj-1.png\",\"articleSection\":[\"Aktualno\u015bci\"],\"inLanguage\":\"en-GB\"},{\"@type\":\"WebPage\",\"@id\":\"https:\/\/nid.pl\/2023\/07\/10\/oswiadczenie-nid-w-sprawie-proponowanych-zmian-w-ustawie-o-ochronie-zabytkow-i-opiece-nad-zabytkami\/\",\"url\":\"https:\/\/nid.pl\/2023\/07\/10\/oswiadczenie-nid-w-sprawie-proponowanych-zmian-w-ustawie-o-ochronie-zabytkow-i-opiece-nad-zabytkami\/\",\"name\":\"O\u015bwiadczenie NID w sprawie proponowanych zmian w ustawie o ochronie zabytk\u00f3w i opiece nad zabytkami - NID\",\"isPartOf\":{\"@id\":\"https:\/\/nid.pl\/#website\"},\"primaryImageOfPage\":{\"@id\":\"https:\/\/nid.pl\/2023\/07\/10\/oswiadczenie-nid-w-sprawie-proponowanych-zmian-w-ustawie-o-ochronie-zabytkow-i-opiece-nad-zabytkami\/#primaryimage\"},\"image\":{\"@id\":\"https:\/\/nid.pl\/2023\/07\/10\/oswiadczenie-nid-w-sprawie-proponowanych-zmian-w-ustawie-o-ochronie-zabytkow-i-opiece-nad-zabytkami\/#primaryimage\"},\"thumbnailUrl\":\"https:\/\/nid.pl\/wp-content\/uploads\/2023\/07\/miniaturka-obrady-komisji-autor-M.-Bugaj-1.png\",\"datePublished\":\"2023-07-10T13:54:05+00:00\",\"dateModified\":\"2023-07-10T14:16:51+00:00\",\"breadcrumb\":{\"@id\":\"https:\/\/nid.pl\/2023\/07\/10\/oswiadczenie-nid-w-sprawie-proponowanych-zmian-w-ustawie-o-ochronie-zabytkow-i-opiece-nad-zabytkami\/#breadcrumb\"},\"inLanguage\":\"en-GB\",\"potentialAction\":[{\"@type\":\"ReadAction\",\"target\":[\"https:\/\/nid.pl\/2023\/07\/10\/oswiadczenie-nid-w-sprawie-proponowanych-zmian-w-ustawie-o-ochronie-zabytkow-i-opiece-nad-zabytkami\/\"]}]},{\"@type\":\"ImageObject\",\"inLanguage\":\"en-GB\",\"@id\":\"https:\/\/nid.pl\/2023\/07\/10\/oswiadczenie-nid-w-sprawie-proponowanych-zmian-w-ustawie-o-ochronie-zabytkow-i-opiece-nad-zabytkami\/#primaryimage\",\"url\":\"https:\/\/nid.pl\/wp-content\/uploads\/2023\/07\/miniaturka-obrady-komisji-autor-M.-Bugaj-1.png\",\"contentUrl\":\"https:\/\/nid.pl\/wp-content\/uploads\/2023\/07\/miniaturka-obrady-komisji-autor-M.-Bugaj-1.png\",\"width\":1850,\"height\":1238,\"caption\":\"autor M. Bugaj\"},{\"@type\":\"BreadcrumbList\",\"@id\":\"https:\/\/nid.pl\/2023\/07\/10\/oswiadczenie-nid-w-sprawie-proponowanych-zmian-w-ustawie-o-ochronie-zabytkow-i-opiece-nad-zabytkami\/#breadcrumb\",\"itemListElement\":[{\"@type\":\"ListItem\",\"position\":1,\"name\":\"Home\",\"item\":\"https:\/\/nid.pl\/\"},{\"@type\":\"ListItem\",\"position\":2,\"name\":\"O\u015bwiadczenie NID w sprawie proponowanych zmian w ustawie o ochronie zabytk\u00f3w i opiece nad zabytkami\"}]},{\"@type\":\"WebSite\",\"@id\":\"https:\/\/nid.pl\/#website\",\"url\":\"https:\/\/nid.pl\/\",\"name\":\"NID\",\"description\":\"Narodowy Instytut Dziedzictwa\",\"publisher\":{\"@id\":\"https:\/\/nid.pl\/#organization\"},\"potentialAction\":[{\"@type\":\"SearchAction\",\"target\":{\"@type\":\"EntryPoint\",\"urlTemplate\":\"https:\/\/nid.pl\/?s={search_term_string}\"},\"query-input\":{\"@type\":\"PropertyValueSpecification\",\"valueRequired\":true,\"valueName\":\"search_term_string\"}}],\"inLanguage\":\"en-GB\"},{\"@type\":\"Organization\",\"@id\":\"https:\/\/nid.pl\/#organization\",\"name\":\"Narodowy Instytut Dziedzictwa\",\"url\":\"https:\/\/nid.pl\/\",\"logo\":{\"@type\":\"ImageObject\",\"inLanguage\":\"en-GB\",\"@id\":\"https:\/\/nid.pl\/#\/schema\/logo\/image\/\",\"url\":\"https:\/\/nid.pl\/wp-content\/uploads\/2022\/10\/logoRedDark.png\",\"contentUrl\":\"https:\/\/nid.pl\/wp-content\/uploads\/2022\/10\/logoRedDark.png\",\"width\":200,\"height\":197,\"caption\":\"Narodowy Instytut Dziedzictwa\"},\"image\":{\"@id\":\"https:\/\/nid.pl\/#\/schema\/logo\/image\/\"},\"sameAs\":[\"https:\/\/www.facebook.com\/zabytek\",\"https:\/\/x.com\/NarIDpl\",\"https:\/\/www.instagram.com\/nid.pl\/?hl=pl\",\"https:\/\/www.linkedin.com\/company\/narodowy-instytut-dziedzictwa\",\"https:\/\/www.youtube.com\/channel\/UCQXuhKa2uHtmNvLRUSx40JA\"]},{\"@type\":\"Person\",\"@id\":\"https:\/\/nid.pl\/#\/schema\/person\/1b690a8998a5111cfb9f0ffe24195a15\",\"name\":\"Barbara Halliop\",\"image\":{\"@type\":\"ImageObject\",\"inLanguage\":\"en-GB\",\"@id\":\"https:\/\/nid.pl\/#\/schema\/person\/image\/\",\"url\":\"https:\/\/nid.pl\/wp-content\/litespeed\/avatar\/924046d17dd0c842c9fa9ccf489bc6dc.jpg?ver=1777444967\",\"contentUrl\":\"https:\/\/nid.pl\/wp-content\/litespeed\/avatar\/924046d17dd0c842c9fa9ccf489bc6dc.jpg?ver=1777444967\",\"caption\":\"Barbara Halliop\"},\"url\":\"https:\/\/nid.pl\/en\/author\/bhalliop\/\"}]}<\/script>\n<!-- \/ Yoast SEO plugin. -->","yoast_head_json":{"title":"O\u015bwiadczenie NID w sprawie proponowanych zmian w ustawie o ochronie zabytk\u00f3w i opiece nad zabytkami - NID","robots":{"index":"index","follow":"follow","max-snippet":"max-snippet:-1","max-image-preview":"max-image-preview:large","max-video-preview":"max-video-preview:-1"},"canonical":"https:\/\/nid.pl\/en\/2023\/07\/10\/oswiadczenie-nid-w-sprawie-proponowanych-zmian-w-ustawie-o-ochronie-zabytkow-i-opiece-nad-zabytkami\/","og_locale":"en_GB","og_type":"article","og_title":"O\u015bwiadczenie NID w sprawie proponowanych zmian w ustawie o ochronie zabytk\u00f3w i opiece nad zabytkami - NID","og_description":"Narodowy Instytut Dziedzictwa, jako centralna instytucja odpowiedzialna od 60 lat za zbieranie danych o zabytkach, wyra\u017ca szczeg\u00f3ln\u0105&nbsp;trosk\u0119&nbsp;i zaniepokojenie proponowanymi zmianami w ustawie z dnia 23 lipca 2003 r. o ochronie [&hellip;]","og_url":"https:\/\/nid.pl\/en\/2023\/07\/10\/oswiadczenie-nid-w-sprawie-proponowanych-zmian-w-ustawie-o-ochronie-zabytkow-i-opiece-nad-zabytkami\/","og_site_name":"NID","article_publisher":"https:\/\/www.facebook.com\/zabytek","article_published_time":"2023-07-10T13:54:05+00:00","article_modified_time":"2023-07-10T14:16:51+00:00","og_image":[{"width":1850,"height":1238,"url":"https:\/\/nid.pl\/wp-content\/uploads\/2023\/07\/miniaturka-obrady-komisji-autor-M.-Bugaj-1.png","type":"image\/png"}],"author":"Barbara Halliop","twitter_card":"summary_large_image","twitter_creator":"@NarIDpl","twitter_site":"@NarIDpl","twitter_misc":{"Written by":"Barbara Halliop","Estimated reading time":"2 minutes"},"schema":{"@context":"https:\/\/schema.org","@graph":[{"@type":"Article","@id":"https:\/\/nid.pl\/2023\/07\/10\/oswiadczenie-nid-w-sprawie-proponowanych-zmian-w-ustawie-o-ochronie-zabytkow-i-opiece-nad-zabytkami\/#article","isPartOf":{"@id":"https:\/\/nid.pl\/2023\/07\/10\/oswiadczenie-nid-w-sprawie-proponowanych-zmian-w-ustawie-o-ochronie-zabytkow-i-opiece-nad-zabytkami\/"},"author":{"name":"Barbara Halliop","@id":"https:\/\/nid.pl\/#\/schema\/person\/1b690a8998a5111cfb9f0ffe24195a15"},"headline":"O\u015bwiadczenie NID w sprawie proponowanych zmian w ustawie o ochronie zabytk\u00f3w i opiece nad zabytkami","datePublished":"2023-07-10T13:54:05+00:00","dateModified":"2023-07-10T14:16:51+00:00","mainEntityOfPage":{"@id":"https:\/\/nid.pl\/2023\/07\/10\/oswiadczenie-nid-w-sprawie-proponowanych-zmian-w-ustawie-o-ochronie-zabytkow-i-opiece-nad-zabytkami\/"},"wordCount":372,"commentCount":0,"publisher":{"@id":"https:\/\/nid.pl\/#organization"},"image":{"@id":"https:\/\/nid.pl\/2023\/07\/10\/oswiadczenie-nid-w-sprawie-proponowanych-zmian-w-ustawie-o-ochronie-zabytkow-i-opiece-nad-zabytkami\/#primaryimage"},"thumbnailUrl":"https:\/\/nid.pl\/wp-content\/uploads\/2023\/07\/miniaturka-obrady-komisji-autor-M.-Bugaj-1.png","articleSection":["Aktualno\u015bci"],"inLanguage":"en-GB"},{"@type":"WebPage","@id":"https:\/\/nid.pl\/2023\/07\/10\/oswiadczenie-nid-w-sprawie-proponowanych-zmian-w-ustawie-o-ochronie-zabytkow-i-opiece-nad-zabytkami\/","url":"https:\/\/nid.pl\/2023\/07\/10\/oswiadczenie-nid-w-sprawie-proponowanych-zmian-w-ustawie-o-ochronie-zabytkow-i-opiece-nad-zabytkami\/","name":"O\u015bwiadczenie NID w sprawie proponowanych zmian w ustawie o ochronie zabytk\u00f3w i opiece nad zabytkami - NID","isPartOf":{"@id":"https:\/\/nid.pl\/#website"},"primaryImageOfPage":{"@id":"https:\/\/nid.pl\/2023\/07\/10\/oswiadczenie-nid-w-sprawie-proponowanych-zmian-w-ustawie-o-ochronie-zabytkow-i-opiece-nad-zabytkami\/#primaryimage"},"image":{"@id":"https:\/\/nid.pl\/2023\/07\/10\/oswiadczenie-nid-w-sprawie-proponowanych-zmian-w-ustawie-o-ochronie-zabytkow-i-opiece-nad-zabytkami\/#primaryimage"},"thumbnailUrl":"https:\/\/nid.pl\/wp-content\/uploads\/2023\/07\/miniaturka-obrady-komisji-autor-M.-Bugaj-1.png","datePublished":"2023-07-10T13:54:05+00:00","dateModified":"2023-07-10T14:16:51+00:00","breadcrumb":{"@id":"https:\/\/nid.pl\/2023\/07\/10\/oswiadczenie-nid-w-sprawie-proponowanych-zmian-w-ustawie-o-ochronie-zabytkow-i-opiece-nad-zabytkami\/#breadcrumb"},"inLanguage":"en-GB","potentialAction":[{"@type":"ReadAction","target":["https:\/\/nid.pl\/2023\/07\/10\/oswiadczenie-nid-w-sprawie-proponowanych-zmian-w-ustawie-o-ochronie-zabytkow-i-opiece-nad-zabytkami\/"]}]},{"@type":"ImageObject","inLanguage":"en-GB","@id":"https:\/\/nid.pl\/2023\/07\/10\/oswiadczenie-nid-w-sprawie-proponowanych-zmian-w-ustawie-o-ochronie-zabytkow-i-opiece-nad-zabytkami\/#primaryimage","url":"https:\/\/nid.pl\/wp-content\/uploads\/2023\/07\/miniaturka-obrady-komisji-autor-M.-Bugaj-1.png","contentUrl":"https:\/\/nid.pl\/wp-content\/uploads\/2023\/07\/miniaturka-obrady-komisji-autor-M.-Bugaj-1.png","width":1850,"height":1238,"caption":"autor M. Bugaj"},{"@type":"BreadcrumbList","@id":"https:\/\/nid.pl\/2023\/07\/10\/oswiadczenie-nid-w-sprawie-proponowanych-zmian-w-ustawie-o-ochronie-zabytkow-i-opiece-nad-zabytkami\/#breadcrumb","itemListElement":[{"@type":"ListItem","position":1,"name":"Home","item":"https:\/\/nid.pl\/"},{"@type":"ListItem","position":2,"name":"O\u015bwiadczenie NID w sprawie proponowanych zmian w ustawie o ochronie zabytk\u00f3w i opiece nad zabytkami"}]},{"@type":"WebSite","@id":"https:\/\/nid.pl\/#website","url":"https:\/\/nid.pl\/","name":"NID","description":"Narodowy Instytut Dziedzictwa","publisher":{"@id":"https:\/\/nid.pl\/#organization"},"potentialAction":[{"@type":"SearchAction","target":{"@type":"EntryPoint","urlTemplate":"https:\/\/nid.pl\/?s={search_term_string}"},"query-input":{"@type":"PropertyValueSpecification","valueRequired":true,"valueName":"search_term_string"}}],"inLanguage":"en-GB"},{"@type":"Organization","@id":"https:\/\/nid.pl\/#organization","name":"Narodowy Instytut Dziedzictwa","url":"https:\/\/nid.pl\/","logo":{"@type":"ImageObject","inLanguage":"en-GB","@id":"https:\/\/nid.pl\/#\/schema\/logo\/image\/","url":"https:\/\/nid.pl\/wp-content\/uploads\/2022\/10\/logoRedDark.png","contentUrl":"https:\/\/nid.pl\/wp-content\/uploads\/2022\/10\/logoRedDark.png","width":200,"height":197,"caption":"Narodowy Instytut Dziedzictwa"},"image":{"@id":"https:\/\/nid.pl\/#\/schema\/logo\/image\/"},"sameAs":["https:\/\/www.facebook.com\/zabytek","https:\/\/x.com\/NarIDpl","https:\/\/www.instagram.com\/nid.pl\/?hl=pl","https:\/\/www.linkedin.com\/company\/narodowy-instytut-dziedzictwa","https:\/\/www.youtube.com\/channel\/UCQXuhKa2uHtmNvLRUSx40JA"]},{"@type":"Person","@id":"https:\/\/nid.pl\/#\/schema\/person\/1b690a8998a5111cfb9f0ffe24195a15","name":"Barbara Halliop","image":{"@type":"ImageObject","inLanguage":"en-GB","@id":"https:\/\/nid.pl\/#\/schema\/person\/image\/","url":"https:\/\/nid.pl\/wp-content\/litespeed\/avatar\/924046d17dd0c842c9fa9ccf489bc6dc.jpg?ver=1777444967","contentUrl":"https:\/\/nid.pl\/wp-content\/litespeed\/avatar\/924046d17dd0c842c9fa9ccf489bc6dc.jpg?ver=1777444967","caption":"Barbara Halliop"},"url":"https:\/\/nid.pl\/en\/author\/bhalliop\/"}]}},"_links":{"self":[{"href":"https:\/\/nid.pl\/en\/wp-json\/wp\/v2\/posts\/12294","targetHints":{"allow":["GET"]}}],"collection":[{"href":"https:\/\/nid.pl\/en\/wp-json\/wp\/v2\/posts"}],"about":[{"href":"https:\/\/nid.pl\/en\/wp-json\/wp\/v2\/types\/post"}],"author":[{"embeddable":true,"href":"https:\/\/nid.pl\/en\/wp-json\/wp\/v2\/users\/7"}],"replies":[{"embeddable":true,"href":"https:\/\/nid.pl\/en\/wp-json\/wp\/v2\/comments?post=12294"}],"version-history":[{"count":0,"href":"https:\/\/nid.pl\/en\/wp-json\/wp\/v2\/posts\/12294\/revisions"}],"wp:featuredmedia":[{"embeddable":true,"href":"https:\/\/nid.pl\/en\/wp-json\/wp\/v2\/media\/12305"}],"wp:attachment":[{"href":"https:\/\/nid.pl\/en\/wp-json\/wp\/v2\/media?parent=12294"}],"wp:term":[{"taxonomy":"category","embeddable":true,"href":"https:\/\/nid.pl\/en\/wp-json\/wp\/v2\/categories?post=12294"},{"taxonomy":"post_tag","embeddable":true,"href":"https:\/\/nid.pl\/en\/wp-json\/wp\/v2\/tags?post=12294"}],"curies":[{"name":"wp","href":"https:\/\/api.w.org\/{rel}","templated":true}]}}