{"id":12194,"date":"2023-07-05T11:37:06","date_gmt":"2023-07-05T09:37:06","guid":{"rendered":"https:\/\/nid.pl\/?p=12194"},"modified":"2023-07-05T12:00:50","modified_gmt":"2023-07-05T10:00:50","slug":"niematerialne-przekaz-dalej-dofinansowano-11-projektow","status":"publish","type":"post","link":"https:\/\/nid.pl\/en\/2023\/07\/05\/niematerialne-przekaz-dalej-dofinansowano-11-projektow\/","title":{"rendered":"\u201eNiematerialne \u2013 przeka\u017c dalej\u201d dofinansowano 11 projekt\u00f3w"},"content":{"rendered":"<p><strong>Narodowy Instytut Dziedzictwa ma przyjemno\u015b\u0107 og\u0142osi\u0107 wyniki pierwszej edycji Programu dotacyjnego \u201eNiematerialne \u2013 przeka\u017c dalej\u201d, kt\u00f3ry ma na celu wspieranie projekt\u00f3w dotycz\u0105cych zjawisk wpisanych na Krajow\u0105 list\u0119 niematerialnego dziedzictwa kulturowego. Program zosta\u0142 zainaugurowany z okazji dw\u00f3ch wa\u017cnych jubileuszy: 20. rocznicy przyj\u0119cia Konwencji UNESCO w sprawie ochrony niematerialnego dziedzictwa kulturowego oraz 10. rocznicy Krajowej listy niematerialnego dziedzictwa kulturowego.<\/strong> <strong>W pierwszej edycji Programu dotacyjnego \u201eNiematerialne \u2013 przeka\u017c dalej\u201d przyznano dofinansowanie na realizacj\u0119 11 projekt\u00f3w.<\/strong><\/p>\n\n\n\n<p><\/p>\n\n\n\n<p><strong>Wyniki Programu \u201eNiematerialne \u2013 przeka\u017c dalej\u201d 2023<\/strong><\/p>\n\n\n\n<p>W ramach pierwszej edycji, zosta\u0142o przyznane dofinansowanie 11 projektom, kt\u00f3rych celem jest wzmocnienie przekazu pokoleniowego, ochrona i popularyzacja zjawisk niematerialnego dziedzictwa. Organizacje pozarz\u0105dowe z\u0142o\u017cy\u0142y \u0142\u0105cznie 50 wniosk\u00f3w o dofinansowanie na kwot\u0119 ponad 1,8 mln z\u0142. Z powodu b\u0142\u0119d\u00f3w formalnych, 7 wniosk\u00f3w zosta\u0142o odrzuconych.<\/p>\n\n\n\n<p>Oceny warto\u015bci merytorycznej projekt\u00f3w dokona\u0142 Zesp\u00f3\u0142 steruj\u0105cy, sk\u0142adaj\u0105cy si\u0119 z ekspert\u00f3w w dziedzinie dziedzictwa niematerialnego. Druga cz\u0119\u015b\u0107 oceny \u2013 pod k\u0105tem strategicznej zgodno\u015bci z celami Programu oraz organizacyjnych warunk\u00f3w i mo\u017cliwo\u015bci wykonania zada\u0144 \u2013 zosta\u0142a wykonana w Narodowym Instytucie Dziedzictwa.<\/p>\n\n\n\n<p>Zgodnie z regulaminem Programu, dofinansowanie mo\u017ce by\u0107 przyznane zadaniom, kt\u00f3re w wyniku oceny otrzyma\u0142y co najmniej 70 pkt. Tak\u0105 ocen\u0119 uzyska\u0142o 16 wniosk\u00f3w, jednak \u015brodki przeznaczone na dofinansowania w ramach Programu (300 000 z\u0142) by\u0142y niewystarczaj\u0105ce do wsparcia realizacji wszystkich tych zada\u0144. Przy rozpatrywaniu wniosk\u00f3w z\u0142o\u017conych do Program\u00f3w dotacyjnych Narodowy Instytut Dziedzictwa od lat kieruje si\u0119 zasad\u0105 przyznawania dofinansowania na realizacj\u0119 zada\u0144 w takiej wysoko\u015bci, by pozwoli\u0142a Beneficjentowi na jak najpe\u0142niejsze wykonanie za\u0142o\u017conych cel\u00f3w i wska\u017anik\u00f3w. W zwi\u0105zku z tym, na podstawie \u00a7 10 ust. 16 regulaminu Programu, zosta\u0142a podj\u0119ta decyzja o podniesieniu progu punktowego do 74 pkt. Dofinansowanie otrzyma\u0142o ostatecznie 11 projekt\u00f3w.<\/p>\n\n\n\n<p><strong>O Programie<\/strong><\/p>\n\n\n\n<p>Program \u201eNiematerialne \u2013 przeka\u017c dalej\u201d ma na celu zwi\u0119kszanie wiedzy spo\u0142ecze\u0144stwa na temat roli niematerialnego dziedzictwa w kulturze lokalnej i og\u00f3lnopolskiej. Realizowane w ramach Programu dzia\u0142ania maj\u0105 r\u00f3wnie\u017c na celu aktywizacj\u0119 spo\u0142eczno\u015bci lokalnych oraz budowanie sieci wsp\u00f3\u0142pracy w zakresie poznawania, ochrony i opieki nad dziedzictwem niematerialnym.<\/p>\n\n\n\n<p>Na Krajowej li\u015bcie niematerialnego dziedzictwa kulturowego znajduj\u0105 si\u0119 obecnie 73 wpisy, kt\u00f3re reprezentuj\u0105 r\u00f3\u017cnorodne przejawy \u017cywego dziedzictwa niematerialnego z terenu Polski. W\u015br\u00f3d wpis\u00f3w na li\u015bcie znajduj\u0105 si\u0119 m.in. tradycje hafciarskie w Dobrzeniu Wielkim, tradycje kulturowe g\u00f3rniczych orkiestr d\u0119tych z G\u00f3rnego \u015al\u0105ska oraz tkanie r\u0119kawic furma\u0144skich przez Czarnych G\u00f3rali.<\/p>\n\n\n\n<p>Program adresowany jest do organizacji pozarz\u0105dowych, kt\u00f3re s\u0105 Depozytariuszami zjawisk wpisanych na Krajow\u0105 list\u0119 niematerialnego dziedzictwa kulturowego, albo wsp\u00f3\u0142pracuj\u0105 z Depozytariuszami (w ramach przygotowanego projektu).<\/p>\n\n\n\n<p><\/p>\n\n\n\n<p>W ramach Programu wnioskodawcy mogli ubiega\u0107 si\u0119 o dofinansowanie zada\u0144 zwi\u0105zanych ze zjawiskami wpisanymi na Krajow\u0105 list\u0119 niematerialnego dziedzictwa kulturowego, obejmuj\u0105cych:<\/p>\n\n\n\n<ol class=\"wp-block-list\" type=\"1\"><li>Dokumentowanie element\u00f3w niematerialnego dziedzictwa: Program zach\u0119ca\u0142 do przeprowadzania dzia\u0142a\u0144 maj\u0105cych na celu dok\u0142adne udokumentowanie niematerialnego dziedzictwa. Dzi\u0119ki temu mo\u017cliwe by\u0142o pog\u0142\u0119bienie wiedzy na temat tych zjawisk, ich trwa\u0142e zachowanie oraz popularyzacja lokalnego niematerialnego dziedzictwa.<\/li><li>Projekty wspieraj\u0105ce mi\u0119dzypokoleniowy przekaz wiedzy i umiej\u0119tno\u015bci: Program d\u0105\u017cy\u0142 do promowania przekazywania wiedzy i umiej\u0119tno\u015bci zwi\u0105zanych z niematerialnym dziedzictwem mi\u0119dzy r\u00f3\u017cnymi pokoleniami. Projekty realizowane w tej dziedzinie mia\u0142y na celu nabycie nowych kompetencji we wszystkich dziedzinach zwi\u0105zanych z danym zjawiskiem.<\/li><li>Dzia\u0142ania edukacyjne w celu wzmocnienia \u015bwiadomo\u015bci spo\u0142ecznej: Program wspiera\u0142 inicjatywy edukacyjne maj\u0105ce na celu podniesienie \u015bwiadomo\u015bci spo\u0142ecznej, szczeg\u00f3lnie w\u015br\u00f3d m\u0142odego pokolenia, na temat roli niematerialnego dziedzictwa w kulturze lokalnej i og\u00f3lnopolskiej. Dzi\u0119ki tym dzia\u0142aniom spo\u0142ecze\u0144stwo mia\u0142o lepsze zrozumienie i wi\u0119ksz\u0105 \u015bwiadomo\u015b\u0107 warto\u015bci tych dziedzictw.<\/li><\/ol>\n\n\n\n<p>Bud\u017cet Programu na 2023 r. wyni\u00f3s\u0142 \u0142\u0105cznie 300 000 z\u0142. Mo\u017cna by\u0142o wnioskowa\u0107 o dofinansowanie w przedziale od 5 000 z\u0142 do 50 000 z\u0142.<\/p>\n\n\n\n<p>Narodowy Instytut Dziedzictwa podj\u0105\u0142 ju\u017c starania w sprawie uruchomienia kolejnych edycji Programu w przysz\u0142ych latach.<\/p>\n\n\n\n<p><strong><a href=\"https:\/\/nid.pl\/wp-content\/uploads\/2023\/07\/Niematerialne-przekaz-dalej.-Wyniki-naboru-wnioskow-2023.pdf\" target=\"_blank\" rel=\"noreferrer noopener\">Wyniki naboru wniosk\u00f3w<\/a><\/strong><\/p>\n\n\n\n<p>Program \u201eNiematerialne \u2013 przeka\u017c dalej\u201d realizowany jest ze \u015brodk\u00f3w Ministra Kultury i Dziedzictwa Narodowego.<\/p>\n\n\n\n<p><\/p>","protected":false},"excerpt":{"rendered":"<p>Narodowy Instytut Dziedzictwa ma przyjemno\u015b\u0107 og\u0142osi\u0107 wyniki pierwszej edycji Programu dotacyjnego \u201eNiematerialne \u2013 przeka\u017c dalej\u201d, kt\u00f3ry ma na celu wspieranie projekt\u00f3w dotycz\u0105cych zjawisk wpisanych na Krajow\u0105 list\u0119 niematerialnego dziedzictwa kulturowego. [&hellip;]<\/p>","protected":false},"author":7,"featured_media":12196,"comment_status":"open","ping_status":"open","sticky":false,"template":"","format":"standard","meta":{"_et_pb_use_builder":"off","_et_pb_old_content":"","_et_gb_content_width":"","_monsterinsights_skip_tracking":false,"_monsterinsights_sitenote_active":false,"_monsterinsights_sitenote_note":"","_monsterinsights_sitenote_category":0,"footnotes":""},"categories":[3,80],"tags":[],"class_list":["post-12194","post","type-post","status-publish","format-standard","has-post-thumbnail","hentry","category-aktualnosci","category-niematerialne-przekaz-dalej"],"yoast_head":"<!-- This site is optimized with the Yoast SEO plugin v26.5 - https:\/\/yoast.com\/wordpress\/plugins\/seo\/ -->\n<title>\u201eNiematerialne \u2013 przeka\u017c dalej\u201d dofinansowano 11 projekt\u00f3w - NID<\/title>\n<meta name=\"robots\" content=\"index, follow, max-snippet:-1, max-image-preview:large, max-video-preview:-1\" \/>\n<link rel=\"canonical\" href=\"https:\/\/nid.pl\/en\/2023\/07\/05\/niematerialne-przekaz-dalej-dofinansowano-11-projektow\/\" \/>\n<meta property=\"og:locale\" content=\"en_GB\" \/>\n<meta property=\"og:type\" content=\"article\" \/>\n<meta property=\"og:title\" content=\"\u201eNiematerialne \u2013 przeka\u017c dalej\u201d dofinansowano 11 projekt\u00f3w - NID\" \/>\n<meta property=\"og:description\" content=\"Narodowy Instytut Dziedzictwa ma przyjemno\u015b\u0107 og\u0142osi\u0107 wyniki pierwszej edycji Programu dotacyjnego \u201eNiematerialne \u2013 przeka\u017c dalej\u201d, kt\u00f3ry ma na celu wspieranie projekt\u00f3w dotycz\u0105cych zjawisk wpisanych na Krajow\u0105 list\u0119 niematerialnego dziedzictwa kulturowego. [&hellip;]\" \/>\n<meta property=\"og:url\" content=\"https:\/\/nid.pl\/en\/2023\/07\/05\/niematerialne-przekaz-dalej-dofinansowano-11-projektow\/\" \/>\n<meta property=\"og:site_name\" content=\"NID\" \/>\n<meta property=\"article:publisher\" content=\"https:\/\/www.facebook.com\/zabytek\" \/>\n<meta property=\"article:published_time\" content=\"2023-07-05T09:37:06+00:00\" \/>\n<meta property=\"article:modified_time\" content=\"2023-07-05T10:00:50+00:00\" \/>\n<meta property=\"og:image\" content=\"https:\/\/nid.pl\/wp-content\/uploads\/2023\/07\/miniaturka-niematerialne-wyniki.png\" \/>\n\t<meta property=\"og:image:width\" content=\"1850\" \/>\n\t<meta property=\"og:image:height\" content=\"1238\" \/>\n\t<meta property=\"og:image:type\" content=\"image\/png\" \/>\n<meta name=\"author\" content=\"Barbara Halliop\" \/>\n<meta name=\"twitter:card\" content=\"summary_large_image\" \/>\n<meta name=\"twitter:creator\" content=\"@NarIDpl\" \/>\n<meta name=\"twitter:site\" content=\"@NarIDpl\" \/>\n<meta name=\"twitter:label1\" content=\"Written by\" \/>\n\t<meta name=\"twitter:data1\" content=\"Barbara Halliop\" \/>\n\t<meta name=\"twitter:label2\" content=\"Estimated reading time\" \/>\n\t<meta name=\"twitter:data2\" content=\"3 minutes\" \/>\n<script type=\"application\/ld+json\" class=\"yoast-schema-graph\">{\"@context\":\"https:\/\/schema.org\",\"@graph\":[{\"@type\":\"Article\",\"@id\":\"https:\/\/nid.pl\/2023\/07\/05\/niematerialne-przekaz-dalej-dofinansowano-11-projektow\/#article\",\"isPartOf\":{\"@id\":\"https:\/\/nid.pl\/2023\/07\/05\/niematerialne-przekaz-dalej-dofinansowano-11-projektow\/\"},\"author\":{\"name\":\"Barbara Halliop\",\"@id\":\"https:\/\/nid.pl\/#\/schema\/person\/1b690a8998a5111cfb9f0ffe24195a15\"},\"headline\":\"\u201eNiematerialne \u2013 przeka\u017c dalej\u201d dofinansowano 11 projekt\u00f3w\",\"datePublished\":\"2023-07-05T09:37:06+00:00\",\"dateModified\":\"2023-07-05T10:00:50+00:00\",\"mainEntityOfPage\":{\"@id\":\"https:\/\/nid.pl\/2023\/07\/05\/niematerialne-przekaz-dalej-dofinansowano-11-projektow\/\"},\"wordCount\":687,\"commentCount\":0,\"publisher\":{\"@id\":\"https:\/\/nid.pl\/#organization\"},\"image\":{\"@id\":\"https:\/\/nid.pl\/2023\/07\/05\/niematerialne-przekaz-dalej-dofinansowano-11-projektow\/#primaryimage\"},\"thumbnailUrl\":\"https:\/\/nid.pl\/wp-content\/uploads\/2023\/07\/miniaturka-niematerialne-wyniki.png\",\"articleSection\":[\"Aktualno\u015bci\",\"Niematerialne przeka\u017c dalej\"],\"inLanguage\":\"en-GB\"},{\"@type\":\"WebPage\",\"@id\":\"https:\/\/nid.pl\/2023\/07\/05\/niematerialne-przekaz-dalej-dofinansowano-11-projektow\/\",\"url\":\"https:\/\/nid.pl\/2023\/07\/05\/niematerialne-przekaz-dalej-dofinansowano-11-projektow\/\",\"name\":\"\u201eNiematerialne \u2013 przeka\u017c dalej\u201d dofinansowano 11 projekt\u00f3w - NID\",\"isPartOf\":{\"@id\":\"https:\/\/nid.pl\/#website\"},\"primaryImageOfPage\":{\"@id\":\"https:\/\/nid.pl\/2023\/07\/05\/niematerialne-przekaz-dalej-dofinansowano-11-projektow\/#primaryimage\"},\"image\":{\"@id\":\"https:\/\/nid.pl\/2023\/07\/05\/niematerialne-przekaz-dalej-dofinansowano-11-projektow\/#primaryimage\"},\"thumbnailUrl\":\"https:\/\/nid.pl\/wp-content\/uploads\/2023\/07\/miniaturka-niematerialne-wyniki.png\",\"datePublished\":\"2023-07-05T09:37:06+00:00\",\"dateModified\":\"2023-07-05T10:00:50+00:00\",\"breadcrumb\":{\"@id\":\"https:\/\/nid.pl\/2023\/07\/05\/niematerialne-przekaz-dalej-dofinansowano-11-projektow\/#breadcrumb\"},\"inLanguage\":\"en-GB\",\"potentialAction\":[{\"@type\":\"ReadAction\",\"target\":[\"https:\/\/nid.pl\/2023\/07\/05\/niematerialne-przekaz-dalej-dofinansowano-11-projektow\/\"]}]},{\"@type\":\"ImageObject\",\"inLanguage\":\"en-GB\",\"@id\":\"https:\/\/nid.pl\/2023\/07\/05\/niematerialne-przekaz-dalej-dofinansowano-11-projektow\/#primaryimage\",\"url\":\"https:\/\/nid.pl\/wp-content\/uploads\/2023\/07\/miniaturka-niematerialne-wyniki.png\",\"contentUrl\":\"https:\/\/nid.pl\/wp-content\/uploads\/2023\/07\/miniaturka-niematerialne-wyniki.png\",\"width\":1850,\"height\":1238,\"caption\":\"miniaturka niematerialne wyniki\"},{\"@type\":\"BreadcrumbList\",\"@id\":\"https:\/\/nid.pl\/2023\/07\/05\/niematerialne-przekaz-dalej-dofinansowano-11-projektow\/#breadcrumb\",\"itemListElement\":[{\"@type\":\"ListItem\",\"position\":1,\"name\":\"Home\",\"item\":\"https:\/\/nid.pl\/\"},{\"@type\":\"ListItem\",\"position\":2,\"name\":\"\u201eNiematerialne \u2013 przeka\u017c dalej\u201d dofinansowano 11 projekt\u00f3w\"}]},{\"@type\":\"WebSite\",\"@id\":\"https:\/\/nid.pl\/#website\",\"url\":\"https:\/\/nid.pl\/\",\"name\":\"NID\",\"description\":\"Narodowy Instytut Dziedzictwa\",\"publisher\":{\"@id\":\"https:\/\/nid.pl\/#organization\"},\"potentialAction\":[{\"@type\":\"SearchAction\",\"target\":{\"@type\":\"EntryPoint\",\"urlTemplate\":\"https:\/\/nid.pl\/?s={search_term_string}\"},\"query-input\":{\"@type\":\"PropertyValueSpecification\",\"valueRequired\":true,\"valueName\":\"search_term_string\"}}],\"inLanguage\":\"en-GB\"},{\"@type\":\"Organization\",\"@id\":\"https:\/\/nid.pl\/#organization\",\"name\":\"Narodowy Instytut Dziedzictwa\",\"url\":\"https:\/\/nid.pl\/\",\"logo\":{\"@type\":\"ImageObject\",\"inLanguage\":\"en-GB\",\"@id\":\"https:\/\/nid.pl\/#\/schema\/logo\/image\/\",\"url\":\"https:\/\/nid.pl\/wp-content\/uploads\/2022\/10\/logoRedDark.png\",\"contentUrl\":\"https:\/\/nid.pl\/wp-content\/uploads\/2022\/10\/logoRedDark.png\",\"width\":200,\"height\":197,\"caption\":\"Narodowy Instytut Dziedzictwa\"},\"image\":{\"@id\":\"https:\/\/nid.pl\/#\/schema\/logo\/image\/\"},\"sameAs\":[\"https:\/\/www.facebook.com\/zabytek\",\"https:\/\/x.com\/NarIDpl\",\"https:\/\/www.instagram.com\/nid.pl\/?hl=pl\",\"https:\/\/www.linkedin.com\/company\/narodowy-instytut-dziedzictwa\",\"https:\/\/www.youtube.com\/channel\/UCQXuhKa2uHtmNvLRUSx40JA\"]},{\"@type\":\"Person\",\"@id\":\"https:\/\/nid.pl\/#\/schema\/person\/1b690a8998a5111cfb9f0ffe24195a15\",\"name\":\"Barbara Halliop\",\"image\":{\"@type\":\"ImageObject\",\"inLanguage\":\"en-GB\",\"@id\":\"https:\/\/nid.pl\/#\/schema\/person\/image\/\",\"url\":\"https:\/\/nid.pl\/wp-content\/litespeed\/avatar\/924046d17dd0c842c9fa9ccf489bc6dc.jpg?ver=1777444967\",\"contentUrl\":\"https:\/\/nid.pl\/wp-content\/litespeed\/avatar\/924046d17dd0c842c9fa9ccf489bc6dc.jpg?ver=1777444967\",\"caption\":\"Barbara Halliop\"},\"url\":\"https:\/\/nid.pl\/en\/author\/bhalliop\/\"}]}<\/script>\n<!-- \/ Yoast SEO plugin. -->","yoast_head_json":{"title":"\u201eNiematerialne \u2013 przeka\u017c dalej\u201d dofinansowano 11 projekt\u00f3w - NID","robots":{"index":"index","follow":"follow","max-snippet":"max-snippet:-1","max-image-preview":"max-image-preview:large","max-video-preview":"max-video-preview:-1"},"canonical":"https:\/\/nid.pl\/en\/2023\/07\/05\/niematerialne-przekaz-dalej-dofinansowano-11-projektow\/","og_locale":"en_GB","og_type":"article","og_title":"\u201eNiematerialne \u2013 przeka\u017c dalej\u201d dofinansowano 11 projekt\u00f3w - NID","og_description":"Narodowy Instytut Dziedzictwa ma przyjemno\u015b\u0107 og\u0142osi\u0107 wyniki pierwszej edycji Programu dotacyjnego \u201eNiematerialne \u2013 przeka\u017c dalej\u201d, kt\u00f3ry ma na celu wspieranie projekt\u00f3w dotycz\u0105cych zjawisk wpisanych na Krajow\u0105 list\u0119 niematerialnego dziedzictwa kulturowego. [&hellip;]","og_url":"https:\/\/nid.pl\/en\/2023\/07\/05\/niematerialne-przekaz-dalej-dofinansowano-11-projektow\/","og_site_name":"NID","article_publisher":"https:\/\/www.facebook.com\/zabytek","article_published_time":"2023-07-05T09:37:06+00:00","article_modified_time":"2023-07-05T10:00:50+00:00","og_image":[{"width":1850,"height":1238,"url":"https:\/\/nid.pl\/wp-content\/uploads\/2023\/07\/miniaturka-niematerialne-wyniki.png","type":"image\/png"}],"author":"Barbara Halliop","twitter_card":"summary_large_image","twitter_creator":"@NarIDpl","twitter_site":"@NarIDpl","twitter_misc":{"Written by":"Barbara Halliop","Estimated reading time":"3 minutes"},"schema":{"@context":"https:\/\/schema.org","@graph":[{"@type":"Article","@id":"https:\/\/nid.pl\/2023\/07\/05\/niematerialne-przekaz-dalej-dofinansowano-11-projektow\/#article","isPartOf":{"@id":"https:\/\/nid.pl\/2023\/07\/05\/niematerialne-przekaz-dalej-dofinansowano-11-projektow\/"},"author":{"name":"Barbara Halliop","@id":"https:\/\/nid.pl\/#\/schema\/person\/1b690a8998a5111cfb9f0ffe24195a15"},"headline":"\u201eNiematerialne \u2013 przeka\u017c dalej\u201d dofinansowano 11 projekt\u00f3w","datePublished":"2023-07-05T09:37:06+00:00","dateModified":"2023-07-05T10:00:50+00:00","mainEntityOfPage":{"@id":"https:\/\/nid.pl\/2023\/07\/05\/niematerialne-przekaz-dalej-dofinansowano-11-projektow\/"},"wordCount":687,"commentCount":0,"publisher":{"@id":"https:\/\/nid.pl\/#organization"},"image":{"@id":"https:\/\/nid.pl\/2023\/07\/05\/niematerialne-przekaz-dalej-dofinansowano-11-projektow\/#primaryimage"},"thumbnailUrl":"https:\/\/nid.pl\/wp-content\/uploads\/2023\/07\/miniaturka-niematerialne-wyniki.png","articleSection":["Aktualno\u015bci","Niematerialne przeka\u017c dalej"],"inLanguage":"en-GB"},{"@type":"WebPage","@id":"https:\/\/nid.pl\/2023\/07\/05\/niematerialne-przekaz-dalej-dofinansowano-11-projektow\/","url":"https:\/\/nid.pl\/2023\/07\/05\/niematerialne-przekaz-dalej-dofinansowano-11-projektow\/","name":"\u201eNiematerialne \u2013 przeka\u017c dalej\u201d dofinansowano 11 projekt\u00f3w - NID","isPartOf":{"@id":"https:\/\/nid.pl\/#website"},"primaryImageOfPage":{"@id":"https:\/\/nid.pl\/2023\/07\/05\/niematerialne-przekaz-dalej-dofinansowano-11-projektow\/#primaryimage"},"image":{"@id":"https:\/\/nid.pl\/2023\/07\/05\/niematerialne-przekaz-dalej-dofinansowano-11-projektow\/#primaryimage"},"thumbnailUrl":"https:\/\/nid.pl\/wp-content\/uploads\/2023\/07\/miniaturka-niematerialne-wyniki.png","datePublished":"2023-07-05T09:37:06+00:00","dateModified":"2023-07-05T10:00:50+00:00","breadcrumb":{"@id":"https:\/\/nid.pl\/2023\/07\/05\/niematerialne-przekaz-dalej-dofinansowano-11-projektow\/#breadcrumb"},"inLanguage":"en-GB","potentialAction":[{"@type":"ReadAction","target":["https:\/\/nid.pl\/2023\/07\/05\/niematerialne-przekaz-dalej-dofinansowano-11-projektow\/"]}]},{"@type":"ImageObject","inLanguage":"en-GB","@id":"https:\/\/nid.pl\/2023\/07\/05\/niematerialne-przekaz-dalej-dofinansowano-11-projektow\/#primaryimage","url":"https:\/\/nid.pl\/wp-content\/uploads\/2023\/07\/miniaturka-niematerialne-wyniki.png","contentUrl":"https:\/\/nid.pl\/wp-content\/uploads\/2023\/07\/miniaturka-niematerialne-wyniki.png","width":1850,"height":1238,"caption":"miniaturka niematerialne wyniki"},{"@type":"BreadcrumbList","@id":"https:\/\/nid.pl\/2023\/07\/05\/niematerialne-przekaz-dalej-dofinansowano-11-projektow\/#breadcrumb","itemListElement":[{"@type":"ListItem","position":1,"name":"Home","item":"https:\/\/nid.pl\/"},{"@type":"ListItem","position":2,"name":"\u201eNiematerialne \u2013 przeka\u017c dalej\u201d dofinansowano 11 projekt\u00f3w"}]},{"@type":"WebSite","@id":"https:\/\/nid.pl\/#website","url":"https:\/\/nid.pl\/","name":"NID","description":"Narodowy Instytut Dziedzictwa","publisher":{"@id":"https:\/\/nid.pl\/#organization"},"potentialAction":[{"@type":"SearchAction","target":{"@type":"EntryPoint","urlTemplate":"https:\/\/nid.pl\/?s={search_term_string}"},"query-input":{"@type":"PropertyValueSpecification","valueRequired":true,"valueName":"search_term_string"}}],"inLanguage":"en-GB"},{"@type":"Organization","@id":"https:\/\/nid.pl\/#organization","name":"Narodowy Instytut Dziedzictwa","url":"https:\/\/nid.pl\/","logo":{"@type":"ImageObject","inLanguage":"en-GB","@id":"https:\/\/nid.pl\/#\/schema\/logo\/image\/","url":"https:\/\/nid.pl\/wp-content\/uploads\/2022\/10\/logoRedDark.png","contentUrl":"https:\/\/nid.pl\/wp-content\/uploads\/2022\/10\/logoRedDark.png","width":200,"height":197,"caption":"Narodowy Instytut Dziedzictwa"},"image":{"@id":"https:\/\/nid.pl\/#\/schema\/logo\/image\/"},"sameAs":["https:\/\/www.facebook.com\/zabytek","https:\/\/x.com\/NarIDpl","https:\/\/www.instagram.com\/nid.pl\/?hl=pl","https:\/\/www.linkedin.com\/company\/narodowy-instytut-dziedzictwa","https:\/\/www.youtube.com\/channel\/UCQXuhKa2uHtmNvLRUSx40JA"]},{"@type":"Person","@id":"https:\/\/nid.pl\/#\/schema\/person\/1b690a8998a5111cfb9f0ffe24195a15","name":"Barbara Halliop","image":{"@type":"ImageObject","inLanguage":"en-GB","@id":"https:\/\/nid.pl\/#\/schema\/person\/image\/","url":"https:\/\/nid.pl\/wp-content\/litespeed\/avatar\/924046d17dd0c842c9fa9ccf489bc6dc.jpg?ver=1777444967","contentUrl":"https:\/\/nid.pl\/wp-content\/litespeed\/avatar\/924046d17dd0c842c9fa9ccf489bc6dc.jpg?ver=1777444967","caption":"Barbara Halliop"},"url":"https:\/\/nid.pl\/en\/author\/bhalliop\/"}]}},"_links":{"self":[{"href":"https:\/\/nid.pl\/en\/wp-json\/wp\/v2\/posts\/12194","targetHints":{"allow":["GET"]}}],"collection":[{"href":"https:\/\/nid.pl\/en\/wp-json\/wp\/v2\/posts"}],"about":[{"href":"https:\/\/nid.pl\/en\/wp-json\/wp\/v2\/types\/post"}],"author":[{"embeddable":true,"href":"https:\/\/nid.pl\/en\/wp-json\/wp\/v2\/users\/7"}],"replies":[{"embeddable":true,"href":"https:\/\/nid.pl\/en\/wp-json\/wp\/v2\/comments?post=12194"}],"version-history":[{"count":0,"href":"https:\/\/nid.pl\/en\/wp-json\/wp\/v2\/posts\/12194\/revisions"}],"wp:featuredmedia":[{"embeddable":true,"href":"https:\/\/nid.pl\/en\/wp-json\/wp\/v2\/media\/12196"}],"wp:attachment":[{"href":"https:\/\/nid.pl\/en\/wp-json\/wp\/v2\/media?parent=12194"}],"wp:term":[{"taxonomy":"category","embeddable":true,"href":"https:\/\/nid.pl\/en\/wp-json\/wp\/v2\/categories?post=12194"},{"taxonomy":"post_tag","embeddable":true,"href":"https:\/\/nid.pl\/en\/wp-json\/wp\/v2\/tags?post=12194"}],"curies":[{"name":"wp","href":"https:\/\/api.w.org\/{rel}","templated":true}]}}