{"id":12133,"date":"2023-07-03T11:11:03","date_gmt":"2023-07-03T09:11:03","guid":{"rendered":"https:\/\/nid.pl\/?p=12133"},"modified":"2023-07-03T12:29:24","modified_gmt":"2023-07-03T10:29:24","slug":"pawilon-wolnosci-jako-wyraz-solidarnosci-z-ukraina","status":"publish","type":"post","link":"https:\/\/nid.pl\/en\/2023\/07\/03\/pawilon-wolnosci-jako-wyraz-solidarnosci-z-ukraina\/","title":{"rendered":"Pawilon Wolno\u015bci, jako wyraz solidarno\u015bci z Ukrain\u0105"},"content":{"rendered":"<p><strong>W ramach Mi\u0119dzynarodowej Konferencji<\/strong> <strong>\u201eArchitektura wyzwa\u0144. Odbudowa Ukrainy\u201d, wsp\u00f3\u0142organizowanej przez Narodowy Instytut Dziedzictwa &#8211;&nbsp;1 lipca &#8211; w \u0141azienkach Kr\u00f3lewskich w Warszawie, zosta\u0142 otwarty Pawilon Wolno\u015bci. Plenerowa instalacja autorstwa student\u00f3w i wyk\u0142adowc\u00f3w Wydzia\u0142u Architektury Politechniki Warszawskiej, jest wyrazem solidarno\u015bci z walcz\u0105c\u0105 o wolno\u015b\u0107 Ukrain\u0105. Obiekt, mo\u017cna podziwia\u0107 w \u0142azienkowskich ogrodach do ko\u0144ca wrze\u015bnia.<\/strong><\/p>\n\n\n\n<p>Pawilon Wolno\u015bci, zlokalizowany niedaleko Ermita\u017cu w \u0141azienkach Kr\u00f3lewskich, jest symbolem pokoju, jedno\u015bci i solidarno\u015bci. Ta unikalna instalacja architektoniczna zosta\u0142a zaprojektowana przez student\u00f3w Wydzia\u0142u Architektury Politechniki Warszawskiej pod czujnym okiem i wsparciem ich wyk\u0142adowc\u00f3w.<\/p>\n\n\n\n<p>Wszystkie elementy sk\u0142adaj\u0105ce si\u0119 na pawilon maj\u0105 swoje symboliczne znaczenie. Jego kolisty kszta\u0142t reprezentuje jedno\u015b\u0107, natomiast bia\u0142e hamaki symbolizuj\u0105 pok\u00f3j. Wewn\u0105trz pawilonu znajduj\u0105 si\u0119 s\u0142oneczniki i proso, kt\u00f3re maj\u0105 za zadanie symbolizowa\u0107 \u017cyzn\u0105, ukrai\u0144sk\u0105 ziemi\u0119. Pawilon Wolno\u015bci jest cz\u0119\u015bci\u0105 projektu o nazwie &#8220;stawiamy&#8221;, kt\u00f3rego g\u0142\u00f3wn\u0105 inicjatork\u0105 i pomys\u0142odawczyni\u0105 jest prof. Anna Wierzbicka z Wydzia\u0142u Architektury Politechniki Warszawskiej.<\/p>\n\n\n\n<p>Pawilon b\u0119dzie dost\u0119pny dla zwiedzaj\u0105cych do ko\u0144ca wrze\u015bnia. Po otwarciu pawilonu, odby\u0142 si\u0119 wyk\u0142ad zatytu\u0142owany &#8220;Balancing architectural works and social contributions&#8221; w Teatrze Kr\u00f3lewskim w Starej Oran\u017cerii. Go\u015bciem specjalnym wydarzenia by\u0142 \u015bwiatowej s\u0142awy japo\u0144ski architekt Shigeru Ban, laureat Nagrody Pritzkera, nazywanej Noblem w dziedzinie architektury. Zyska\u0142 s\u0142aw\u0119 dzi\u0119ki swoim projektom, w kt\u00f3rych wykorzystuje papier, karton i tektur\u0119. Budowle, kt\u00f3re tworzy, s\u0105 cz\u0119sto schronieniem dla os\u00f3b poszkodowanych przez kataklizmy lub wojny.<\/p>\n\n\n\n<p>System papierowych przegr\u00f3d, opracowany przez Bana zosta\u0142 r\u00f3wnie\u017c zastosowany w Polsce, jako schronienie dla uchod\u017ac\u00f3w z Ukrainy, m.in. w Che\u0142mie i we Wroc\u0142awiu.<\/p>\n\n\n\n<p>Pawilon Wolno\u015bci jest fascynuj\u0105cym projektem, kt\u00f3ry \u0142\u0105czy warto\u015bci spo\u0142eczne z architektonicznymi osi\u0105gni\u0119ciami. Jest on inspiruj\u0105cym symbolem jedno\u015bci i solidarno\u015bci oraz dowodem na to, jak architektura mo\u017ce przyczyni\u0107 si\u0119 do poprawy warunk\u00f3w \u017cycia ludzi.<\/p>\n\n\n\n<p>W dniach 3&nbsp;&#8211; 4&nbsp;lipca 2023 r. w&nbsp;Muzeum \u0141azienki Kr\u00f3lewskie odbywa si\u0119 mi\u0119dzynarodowa konferencja, po\u015bwi\u0119cona szeroko rozumianej odbudowie Ukrainy. Jej celem jest zgromadzenie wsp\u00f3lnoty akademickiej oraz elit kulturalnych, naukowych, technicznych, gospodarczych, samorz\u0105dowych, rz\u0105dowych i&nbsp;innych zaanga\u017cowanych w&nbsp;odbudow\u0119 Ukrainy.<\/p>\n\n\n\n<p><strong>Organizatorzy konferencji:<\/strong><br>Wydzia\u0142 Architektury Politechniki Warszawskiej, Narodowy Instytut Dziedzictwa, Muzeum \u0141azienki Kr\u00f3lewskie w&nbsp;Warszawie.<\/p>\n\n\n\n<p><strong>Partnerzy konferencji:<\/strong><br>Akademia Sztuk Pi\u0119knych w&nbsp;Warszawie, Kijowski Narodowy Uniwersytet Budownictwa i&nbsp;Architektury (KNUBA), Narodowy Uniwersytet &#8220;Politechnika Zaporoska&#8221;, Narodowy Uniwersytet &#8220;Politechnika Lwowska&#8221;, Narodowy Zwi\u0105zek Architekt\u00f3w Ukrainy, Stowarzyszenie Architekt\u00f3w Polskich (SARP).<\/p>\n\n\n\n<p><strong>Honorowy patronat:<\/strong><br>JM Rektor Politechniki Warszawskiej, Minister Kultury i&nbsp;Dziedzictwa Narodowego, Ministerstwo Spraw Zagranicznych RP, Dyrektor Narodowego Instytutu Architektury i&nbsp;Urbanistyki, Przewodnicz\u0105cy Komitetu Architektury Urbanistyki Polskiej Akademii Nauk, Prezes Polskiej Agencji Inwestycji i&nbsp;Handlu, Prezes Stowarzyszenia Architekt\u00f3w Polskich.<\/p>\n\n\n\n<p><strong>Transmisja online:<\/strong><\/p>\n\n\n\n<p><strong>Dzie\u0144 1:<\/strong> <a href=\"https:\/\/youtu.be\/BgCAAXTQZek?fbclid=IwAR1OdtJkPsHayrbVnie95G2xrREmFfjAvEGSeCyQ38EPSkg7D-k19os2yWA\" target=\"_blank\" rel=\"noreferrer noopener\">https:\/\/youtu.be\/BgCAAXTQZek<\/a><\/p>\n\n\n\n<p><strong>Dzie\u0144 2:<\/strong> <a href=\"https:\/\/youtu.be\/adIns8aLMvU?fbclid=IwAR15C4POxdXe2OqhyyruPjHzbbcTsdhNoCMBBN7MuSMuy2XtwCdw196ih64\" target=\"_blank\" rel=\"noreferrer noopener\">https:\/\/youtu.be\/adIns8aLMvU<\/a><\/p>\n\n\n\n<p>Wi\u0119cej informacji na temat Mi\u0119dzynarodowej Konferencji \u201eArchitektura wyzwa\u0144. Odbudowa Ukrainy\u201d &gt;<a href=\"https:\/\/nid.pl\/en\/2023\/06\/30\/3-4-lipca-miedzynarodowa-konferencja-architektura-wyzwan-odbudowa-ukrainy\/\" target=\"_blank\" rel=\"noreferrer noopener\">tutaj<\/a>&lt;.<\/p>\n\n\n\n<p><\/p>\n\n\n\n<p><\/p>\n\n\n\n<div class=\"wp-block-image\"><figure class=\"aligncenter size-large is-resized\"><img loading=\"lazy\" decoding=\"async\" src=\"https:\/\/nid.pl\/wp-content\/uploads\/2023\/07\/Pawilon-Wolnosci-1-768x1024.jpg\" alt=\"\" class=\"wp-image-12134\" width=\"576\" height=\"768\"\/><figcaption>Pawilon Wolno\u015bci, fot. NID<\/figcaption><\/figure><\/div>\n\n\n\n<p><\/p>\n\n\n\n<div class=\"wp-block-image\"><figure class=\"aligncenter size-large is-resized\"><img loading=\"lazy\" decoding=\"async\" src=\"https:\/\/nid.pl\/wp-content\/uploads\/2023\/07\/Pawilon-Wolnosci-2-768x1024.jpg\" alt=\"\" class=\"wp-image-12136\" width=\"576\" height=\"768\"\/><figcaption>Pawilon Wolno\u015bci, fot. NID<\/figcaption><\/figure><\/div>\n\n\n\n<p><\/p>\n\n\n\n<div class=\"wp-block-image\"><figure class=\"aligncenter size-large is-resized\"><img loading=\"lazy\" decoding=\"async\" src=\"https:\/\/nid.pl\/wp-content\/uploads\/2023\/07\/Pawilon-Wolnosci-3-1024x1024.jpg\" alt=\"\" class=\"wp-image-12137\" width=\"768\" height=\"768\"\/><figcaption>Pawilon Wolno\u015bci, fot. NID<\/figcaption><\/figure><\/div>\n\n\n\n<p><\/p>\n\n\n\n<div class=\"wp-block-image\"><figure class=\"aligncenter size-large is-resized\"><img loading=\"lazy\" decoding=\"async\" src=\"https:\/\/nid.pl\/wp-content\/uploads\/2023\/07\/Pawilon-Wolnosci-4-768x1024.jpg\" alt=\"\" class=\"wp-image-12138\" width=\"576\" height=\"768\"\/><figcaption>Pawilon Wolno\u015bci, fot. NID<\/figcaption><\/figure><\/div>\n\n\n\n<p><\/p>","protected":false},"excerpt":{"rendered":"<p>W ramach Mi\u0119dzynarodowej Konferencji \u201eArchitektura wyzwa\u0144. Odbudowa Ukrainy\u201d, wsp\u00f3\u0142organizowanej przez Narodowy Instytut Dziedzictwa &#8211;&nbsp;1 lipca &#8211; w \u0141azienkach Kr\u00f3lewskich w Warszawie, zosta\u0142 otwarty Pawilon Wolno\u015bci. Plenerowa instalacja autorstwa student\u00f3w i [&hellip;]<\/p>","protected":false},"author":7,"featured_media":12139,"comment_status":"open","ping_status":"open","sticky":false,"template":"","format":"standard","meta":{"_et_pb_use_builder":"off","_et_pb_old_content":"","_et_gb_content_width":"","_monsterinsights_skip_tracking":false,"_monsterinsights_sitenote_active":false,"_monsterinsights_sitenote_note":"","_monsterinsights_sitenote_category":0,"footnotes":""},"categories":[3],"tags":[],"class_list":["post-12133","post","type-post","status-publish","format-standard","has-post-thumbnail","hentry","category-aktualnosci"],"yoast_head":"<!-- This site is optimized with the Yoast SEO plugin v26.5 - https:\/\/yoast.com\/wordpress\/plugins\/seo\/ -->\n<title>Pawilon Wolno\u015bci, jako wyraz solidarno\u015bci z Ukrain\u0105 - NID<\/title>\n<meta name=\"robots\" content=\"index, follow, max-snippet:-1, max-image-preview:large, max-video-preview:-1\" \/>\n<link rel=\"canonical\" href=\"https:\/\/nid.pl\/en\/2023\/07\/03\/pawilon-wolnosci-jako-wyraz-solidarnosci-z-ukraina\/\" \/>\n<meta property=\"og:locale\" content=\"en_GB\" \/>\n<meta property=\"og:type\" content=\"article\" \/>\n<meta property=\"og:title\" content=\"Pawilon Wolno\u015bci, jako wyraz solidarno\u015bci z Ukrain\u0105 - NID\" \/>\n<meta property=\"og:description\" content=\"W ramach Mi\u0119dzynarodowej Konferencji \u201eArchitektura wyzwa\u0144. Odbudowa Ukrainy\u201d, wsp\u00f3\u0142organizowanej przez Narodowy Instytut Dziedzictwa &#8211;&nbsp;1 lipca &#8211; w \u0141azienkach Kr\u00f3lewskich w Warszawie, zosta\u0142 otwarty Pawilon Wolno\u015bci. Plenerowa instalacja autorstwa student\u00f3w i [&hellip;]\" \/>\n<meta property=\"og:url\" content=\"https:\/\/nid.pl\/en\/2023\/07\/03\/pawilon-wolnosci-jako-wyraz-solidarnosci-z-ukraina\/\" \/>\n<meta property=\"og:site_name\" content=\"NID\" \/>\n<meta property=\"article:publisher\" content=\"https:\/\/www.facebook.com\/zabytek\" \/>\n<meta property=\"article:published_time\" content=\"2023-07-03T09:11:03+00:00\" \/>\n<meta property=\"article:modified_time\" content=\"2023-07-03T10:29:24+00:00\" \/>\n<meta property=\"og:image\" content=\"https:\/\/nid.pl\/wp-content\/uploads\/2023\/07\/miniaturka-Pawilon-Wolnosci-1024x685.png\" \/>\n\t<meta property=\"og:image:width\" content=\"1024\" \/>\n\t<meta property=\"og:image:height\" content=\"685\" \/>\n\t<meta property=\"og:image:type\" content=\"image\/png\" \/>\n<meta name=\"author\" content=\"Barbara Halliop\" \/>\n<meta name=\"twitter:card\" content=\"summary_large_image\" \/>\n<meta name=\"twitter:creator\" content=\"@NarIDpl\" \/>\n<meta name=\"twitter:site\" content=\"@NarIDpl\" \/>\n<meta name=\"twitter:label1\" content=\"Written by\" \/>\n\t<meta name=\"twitter:data1\" content=\"Barbara Halliop\" \/>\n\t<meta name=\"twitter:label2\" content=\"Estimated reading time\" \/>\n\t<meta name=\"twitter:data2\" content=\"3 minutes\" \/>\n<script type=\"application\/ld+json\" class=\"yoast-schema-graph\">{\"@context\":\"https:\/\/schema.org\",\"@graph\":[{\"@type\":\"Article\",\"@id\":\"https:\/\/nid.pl\/2023\/07\/03\/pawilon-wolnosci-jako-wyraz-solidarnosci-z-ukraina\/#article\",\"isPartOf\":{\"@id\":\"https:\/\/nid.pl\/2023\/07\/03\/pawilon-wolnosci-jako-wyraz-solidarnosci-z-ukraina\/\"},\"author\":{\"name\":\"Barbara Halliop\",\"@id\":\"https:\/\/nid.pl\/#\/schema\/person\/1b690a8998a5111cfb9f0ffe24195a15\"},\"headline\":\"Pawilon Wolno\u015bci, jako wyraz solidarno\u015bci z Ukrain\u0105\",\"datePublished\":\"2023-07-03T09:11:03+00:00\",\"dateModified\":\"2023-07-03T10:29:24+00:00\",\"mainEntityOfPage\":{\"@id\":\"https:\/\/nid.pl\/2023\/07\/03\/pawilon-wolnosci-jako-wyraz-solidarnosci-z-ukraina\/\"},\"wordCount\":547,\"commentCount\":0,\"publisher\":{\"@id\":\"https:\/\/nid.pl\/#organization\"},\"image\":{\"@id\":\"https:\/\/nid.pl\/2023\/07\/03\/pawilon-wolnosci-jako-wyraz-solidarnosci-z-ukraina\/#primaryimage\"},\"thumbnailUrl\":\"https:\/\/nid.pl\/wp-content\/uploads\/2023\/07\/miniaturka-Pawilon-Wolnosci.png\",\"articleSection\":[\"Aktualno\u015bci\"],\"inLanguage\":\"en-GB\"},{\"@type\":\"WebPage\",\"@id\":\"https:\/\/nid.pl\/2023\/07\/03\/pawilon-wolnosci-jako-wyraz-solidarnosci-z-ukraina\/\",\"url\":\"https:\/\/nid.pl\/2023\/07\/03\/pawilon-wolnosci-jako-wyraz-solidarnosci-z-ukraina\/\",\"name\":\"Pawilon Wolno\u015bci, jako wyraz solidarno\u015bci z Ukrain\u0105 - NID\",\"isPartOf\":{\"@id\":\"https:\/\/nid.pl\/#website\"},\"primaryImageOfPage\":{\"@id\":\"https:\/\/nid.pl\/2023\/07\/03\/pawilon-wolnosci-jako-wyraz-solidarnosci-z-ukraina\/#primaryimage\"},\"image\":{\"@id\":\"https:\/\/nid.pl\/2023\/07\/03\/pawilon-wolnosci-jako-wyraz-solidarnosci-z-ukraina\/#primaryimage\"},\"thumbnailUrl\":\"https:\/\/nid.pl\/wp-content\/uploads\/2023\/07\/miniaturka-Pawilon-Wolnosci.png\",\"datePublished\":\"2023-07-03T09:11:03+00:00\",\"dateModified\":\"2023-07-03T10:29:24+00:00\",\"breadcrumb\":{\"@id\":\"https:\/\/nid.pl\/2023\/07\/03\/pawilon-wolnosci-jako-wyraz-solidarnosci-z-ukraina\/#breadcrumb\"},\"inLanguage\":\"en-GB\",\"potentialAction\":[{\"@type\":\"ReadAction\",\"target\":[\"https:\/\/nid.pl\/2023\/07\/03\/pawilon-wolnosci-jako-wyraz-solidarnosci-z-ukraina\/\"]}]},{\"@type\":\"ImageObject\",\"inLanguage\":\"en-GB\",\"@id\":\"https:\/\/nid.pl\/2023\/07\/03\/pawilon-wolnosci-jako-wyraz-solidarnosci-z-ukraina\/#primaryimage\",\"url\":\"https:\/\/nid.pl\/wp-content\/uploads\/2023\/07\/miniaturka-Pawilon-Wolnosci.png\",\"contentUrl\":\"https:\/\/nid.pl\/wp-content\/uploads\/2023\/07\/miniaturka-Pawilon-Wolnosci.png\",\"width\":1850,\"height\":1238,\"caption\":\"Pawilon Wolno\u015bci, fot. NID\"},{\"@type\":\"BreadcrumbList\",\"@id\":\"https:\/\/nid.pl\/2023\/07\/03\/pawilon-wolnosci-jako-wyraz-solidarnosci-z-ukraina\/#breadcrumb\",\"itemListElement\":[{\"@type\":\"ListItem\",\"position\":1,\"name\":\"Home\",\"item\":\"https:\/\/nid.pl\/\"},{\"@type\":\"ListItem\",\"position\":2,\"name\":\"Pawilon Wolno\u015bci, jako wyraz solidarno\u015bci z Ukrain\u0105\"}]},{\"@type\":\"WebSite\",\"@id\":\"https:\/\/nid.pl\/#website\",\"url\":\"https:\/\/nid.pl\/\",\"name\":\"NID\",\"description\":\"Narodowy Instytut Dziedzictwa\",\"publisher\":{\"@id\":\"https:\/\/nid.pl\/#organization\"},\"potentialAction\":[{\"@type\":\"SearchAction\",\"target\":{\"@type\":\"EntryPoint\",\"urlTemplate\":\"https:\/\/nid.pl\/?s={search_term_string}\"},\"query-input\":{\"@type\":\"PropertyValueSpecification\",\"valueRequired\":true,\"valueName\":\"search_term_string\"}}],\"inLanguage\":\"en-GB\"},{\"@type\":\"Organization\",\"@id\":\"https:\/\/nid.pl\/#organization\",\"name\":\"Narodowy Instytut Dziedzictwa\",\"url\":\"https:\/\/nid.pl\/\",\"logo\":{\"@type\":\"ImageObject\",\"inLanguage\":\"en-GB\",\"@id\":\"https:\/\/nid.pl\/#\/schema\/logo\/image\/\",\"url\":\"https:\/\/nid.pl\/wp-content\/uploads\/2022\/10\/logoRedDark.png\",\"contentUrl\":\"https:\/\/nid.pl\/wp-content\/uploads\/2022\/10\/logoRedDark.png\",\"width\":200,\"height\":197,\"caption\":\"Narodowy Instytut Dziedzictwa\"},\"image\":{\"@id\":\"https:\/\/nid.pl\/#\/schema\/logo\/image\/\"},\"sameAs\":[\"https:\/\/www.facebook.com\/zabytek\",\"https:\/\/x.com\/NarIDpl\",\"https:\/\/www.instagram.com\/nid.pl\/?hl=pl\",\"https:\/\/www.linkedin.com\/company\/narodowy-instytut-dziedzictwa\",\"https:\/\/www.youtube.com\/channel\/UCQXuhKa2uHtmNvLRUSx40JA\"]},{\"@type\":\"Person\",\"@id\":\"https:\/\/nid.pl\/#\/schema\/person\/1b690a8998a5111cfb9f0ffe24195a15\",\"name\":\"Barbara Halliop\",\"image\":{\"@type\":\"ImageObject\",\"inLanguage\":\"en-GB\",\"@id\":\"https:\/\/nid.pl\/#\/schema\/person\/image\/\",\"url\":\"https:\/\/nid.pl\/wp-content\/litespeed\/avatar\/924046d17dd0c842c9fa9ccf489bc6dc.jpg?ver=1777444967\",\"contentUrl\":\"https:\/\/nid.pl\/wp-content\/litespeed\/avatar\/924046d17dd0c842c9fa9ccf489bc6dc.jpg?ver=1777444967\",\"caption\":\"Barbara Halliop\"},\"url\":\"https:\/\/nid.pl\/en\/author\/bhalliop\/\"}]}<\/script>\n<!-- \/ Yoast SEO plugin. -->","yoast_head_json":{"title":"Pawilon Wolno\u015bci, jako wyraz solidarno\u015bci z Ukrain\u0105 - NID","robots":{"index":"index","follow":"follow","max-snippet":"max-snippet:-1","max-image-preview":"max-image-preview:large","max-video-preview":"max-video-preview:-1"},"canonical":"https:\/\/nid.pl\/en\/2023\/07\/03\/pawilon-wolnosci-jako-wyraz-solidarnosci-z-ukraina\/","og_locale":"en_GB","og_type":"article","og_title":"Pawilon Wolno\u015bci, jako wyraz solidarno\u015bci z Ukrain\u0105 - NID","og_description":"W ramach Mi\u0119dzynarodowej Konferencji \u201eArchitektura wyzwa\u0144. Odbudowa Ukrainy\u201d, wsp\u00f3\u0142organizowanej przez Narodowy Instytut Dziedzictwa &#8211;&nbsp;1 lipca &#8211; w \u0141azienkach Kr\u00f3lewskich w Warszawie, zosta\u0142 otwarty Pawilon Wolno\u015bci. Plenerowa instalacja autorstwa student\u00f3w i [&hellip;]","og_url":"https:\/\/nid.pl\/en\/2023\/07\/03\/pawilon-wolnosci-jako-wyraz-solidarnosci-z-ukraina\/","og_site_name":"NID","article_publisher":"https:\/\/www.facebook.com\/zabytek","article_published_time":"2023-07-03T09:11:03+00:00","article_modified_time":"2023-07-03T10:29:24+00:00","og_image":[{"width":1024,"height":685,"url":"https:\/\/nid.pl\/wp-content\/uploads\/2023\/07\/miniaturka-Pawilon-Wolnosci-1024x685.png","type":"image\/png"}],"author":"Barbara Halliop","twitter_card":"summary_large_image","twitter_creator":"@NarIDpl","twitter_site":"@NarIDpl","twitter_misc":{"Written by":"Barbara Halliop","Estimated reading time":"3 minutes"},"schema":{"@context":"https:\/\/schema.org","@graph":[{"@type":"Article","@id":"https:\/\/nid.pl\/2023\/07\/03\/pawilon-wolnosci-jako-wyraz-solidarnosci-z-ukraina\/#article","isPartOf":{"@id":"https:\/\/nid.pl\/2023\/07\/03\/pawilon-wolnosci-jako-wyraz-solidarnosci-z-ukraina\/"},"author":{"name":"Barbara Halliop","@id":"https:\/\/nid.pl\/#\/schema\/person\/1b690a8998a5111cfb9f0ffe24195a15"},"headline":"Pawilon Wolno\u015bci, jako wyraz solidarno\u015bci z Ukrain\u0105","datePublished":"2023-07-03T09:11:03+00:00","dateModified":"2023-07-03T10:29:24+00:00","mainEntityOfPage":{"@id":"https:\/\/nid.pl\/2023\/07\/03\/pawilon-wolnosci-jako-wyraz-solidarnosci-z-ukraina\/"},"wordCount":547,"commentCount":0,"publisher":{"@id":"https:\/\/nid.pl\/#organization"},"image":{"@id":"https:\/\/nid.pl\/2023\/07\/03\/pawilon-wolnosci-jako-wyraz-solidarnosci-z-ukraina\/#primaryimage"},"thumbnailUrl":"https:\/\/nid.pl\/wp-content\/uploads\/2023\/07\/miniaturka-Pawilon-Wolnosci.png","articleSection":["Aktualno\u015bci"],"inLanguage":"en-GB"},{"@type":"WebPage","@id":"https:\/\/nid.pl\/2023\/07\/03\/pawilon-wolnosci-jako-wyraz-solidarnosci-z-ukraina\/","url":"https:\/\/nid.pl\/2023\/07\/03\/pawilon-wolnosci-jako-wyraz-solidarnosci-z-ukraina\/","name":"Pawilon Wolno\u015bci, jako wyraz solidarno\u015bci z Ukrain\u0105 - NID","isPartOf":{"@id":"https:\/\/nid.pl\/#website"},"primaryImageOfPage":{"@id":"https:\/\/nid.pl\/2023\/07\/03\/pawilon-wolnosci-jako-wyraz-solidarnosci-z-ukraina\/#primaryimage"},"image":{"@id":"https:\/\/nid.pl\/2023\/07\/03\/pawilon-wolnosci-jako-wyraz-solidarnosci-z-ukraina\/#primaryimage"},"thumbnailUrl":"https:\/\/nid.pl\/wp-content\/uploads\/2023\/07\/miniaturka-Pawilon-Wolnosci.png","datePublished":"2023-07-03T09:11:03+00:00","dateModified":"2023-07-03T10:29:24+00:00","breadcrumb":{"@id":"https:\/\/nid.pl\/2023\/07\/03\/pawilon-wolnosci-jako-wyraz-solidarnosci-z-ukraina\/#breadcrumb"},"inLanguage":"en-GB","potentialAction":[{"@type":"ReadAction","target":["https:\/\/nid.pl\/2023\/07\/03\/pawilon-wolnosci-jako-wyraz-solidarnosci-z-ukraina\/"]}]},{"@type":"ImageObject","inLanguage":"en-GB","@id":"https:\/\/nid.pl\/2023\/07\/03\/pawilon-wolnosci-jako-wyraz-solidarnosci-z-ukraina\/#primaryimage","url":"https:\/\/nid.pl\/wp-content\/uploads\/2023\/07\/miniaturka-Pawilon-Wolnosci.png","contentUrl":"https:\/\/nid.pl\/wp-content\/uploads\/2023\/07\/miniaturka-Pawilon-Wolnosci.png","width":1850,"height":1238,"caption":"Pawilon Wolno\u015bci, fot. NID"},{"@type":"BreadcrumbList","@id":"https:\/\/nid.pl\/2023\/07\/03\/pawilon-wolnosci-jako-wyraz-solidarnosci-z-ukraina\/#breadcrumb","itemListElement":[{"@type":"ListItem","position":1,"name":"Home","item":"https:\/\/nid.pl\/"},{"@type":"ListItem","position":2,"name":"Pawilon Wolno\u015bci, jako wyraz solidarno\u015bci z Ukrain\u0105"}]},{"@type":"WebSite","@id":"https:\/\/nid.pl\/#website","url":"https:\/\/nid.pl\/","name":"NID","description":"Narodowy Instytut Dziedzictwa","publisher":{"@id":"https:\/\/nid.pl\/#organization"},"potentialAction":[{"@type":"SearchAction","target":{"@type":"EntryPoint","urlTemplate":"https:\/\/nid.pl\/?s={search_term_string}"},"query-input":{"@type":"PropertyValueSpecification","valueRequired":true,"valueName":"search_term_string"}}],"inLanguage":"en-GB"},{"@type":"Organization","@id":"https:\/\/nid.pl\/#organization","name":"Narodowy Instytut Dziedzictwa","url":"https:\/\/nid.pl\/","logo":{"@type":"ImageObject","inLanguage":"en-GB","@id":"https:\/\/nid.pl\/#\/schema\/logo\/image\/","url":"https:\/\/nid.pl\/wp-content\/uploads\/2022\/10\/logoRedDark.png","contentUrl":"https:\/\/nid.pl\/wp-content\/uploads\/2022\/10\/logoRedDark.png","width":200,"height":197,"caption":"Narodowy Instytut Dziedzictwa"},"image":{"@id":"https:\/\/nid.pl\/#\/schema\/logo\/image\/"},"sameAs":["https:\/\/www.facebook.com\/zabytek","https:\/\/x.com\/NarIDpl","https:\/\/www.instagram.com\/nid.pl\/?hl=pl","https:\/\/www.linkedin.com\/company\/narodowy-instytut-dziedzictwa","https:\/\/www.youtube.com\/channel\/UCQXuhKa2uHtmNvLRUSx40JA"]},{"@type":"Person","@id":"https:\/\/nid.pl\/#\/schema\/person\/1b690a8998a5111cfb9f0ffe24195a15","name":"Barbara Halliop","image":{"@type":"ImageObject","inLanguage":"en-GB","@id":"https:\/\/nid.pl\/#\/schema\/person\/image\/","url":"https:\/\/nid.pl\/wp-content\/litespeed\/avatar\/924046d17dd0c842c9fa9ccf489bc6dc.jpg?ver=1777444967","contentUrl":"https:\/\/nid.pl\/wp-content\/litespeed\/avatar\/924046d17dd0c842c9fa9ccf489bc6dc.jpg?ver=1777444967","caption":"Barbara Halliop"},"url":"https:\/\/nid.pl\/en\/author\/bhalliop\/"}]}},"_links":{"self":[{"href":"https:\/\/nid.pl\/en\/wp-json\/wp\/v2\/posts\/12133","targetHints":{"allow":["GET"]}}],"collection":[{"href":"https:\/\/nid.pl\/en\/wp-json\/wp\/v2\/posts"}],"about":[{"href":"https:\/\/nid.pl\/en\/wp-json\/wp\/v2\/types\/post"}],"author":[{"embeddable":true,"href":"https:\/\/nid.pl\/en\/wp-json\/wp\/v2\/users\/7"}],"replies":[{"embeddable":true,"href":"https:\/\/nid.pl\/en\/wp-json\/wp\/v2\/comments?post=12133"}],"version-history":[{"count":0,"href":"https:\/\/nid.pl\/en\/wp-json\/wp\/v2\/posts\/12133\/revisions"}],"wp:featuredmedia":[{"embeddable":true,"href":"https:\/\/nid.pl\/en\/wp-json\/wp\/v2\/media\/12139"}],"wp:attachment":[{"href":"https:\/\/nid.pl\/en\/wp-json\/wp\/v2\/media?parent=12133"}],"wp:term":[{"taxonomy":"category","embeddable":true,"href":"https:\/\/nid.pl\/en\/wp-json\/wp\/v2\/categories?post=12133"},{"taxonomy":"post_tag","embeddable":true,"href":"https:\/\/nid.pl\/en\/wp-json\/wp\/v2\/tags?post=12133"}],"curies":[{"name":"wp","href":"https:\/\/api.w.org\/{rel}","templated":true}]}}