{"id":12122,"date":"2023-06-30T10:38:15","date_gmt":"2023-06-30T08:38:15","guid":{"rendered":"https:\/\/nid.pl\/?p=12122"},"modified":"2024-02-01T09:50:39","modified_gmt":"2024-02-01T08:50:39","slug":"3-4-lipca-miedzynarodowa-konferencja-architektura-wyzwan-odbudowa-ukrainy","status":"publish","type":"post","link":"https:\/\/nid.pl\/en\/2023\/06\/30\/3-4-lipca-miedzynarodowa-konferencja-architektura-wyzwan-odbudowa-ukrainy\/","title":{"rendered":"3\u202f- 4\u202flipca: Mi\u0119dzynarodowa Konferencja \u201eArchitektura wyzwa\u0144. Odbudowa Ukrainy\u201d\u00a0\u00a0"},"content":{"rendered":"<p><strong>Odbudowa Ukrainy to niezwykle wa\u017cne zadanie, kt\u00f3re wymaga szerokiej dyskusji i wsp\u00f3\u0142pracy na poziomie mi\u0119dzynarodowym. Narodowy Instytut Dziedzictwa, zaprasza do udzia\u0142u w konferencji, kt\u00f3rej g\u0142\u00f3wnym celem jest stworzenie platformy do wsp\u00f3lnej dyskusji na temat licznych wyzwa\u0144 zwi\u0105zanych z tym procesem. Rejestracja zosta\u0142a ju\u017c zamkni\u0119ta.<\/strong><\/p>\n\n\n\n<p>Odbudowa Ukrainy obejmuje wszystkie sfery \u017cycia, w\u0142\u0105cznie z architektur\u0105 i infrastruktur\u0105 miast i wsi. Realizacja tego zadania \u00a0wymaga\u0107 wsp\u00f3\u0142pracy i solidarno\u015bci na mi\u0119dzynarodow\u0105 skal\u0119.\u00a0<\/p>\n\n\n\n<p>Dzia\u0142ania na rzecz odbudowy Ukrainy stanowi\u0105 cz\u0119\u015b\u0107 szeregu globalnych wyzwa\u0144, takich jak zapewnienie dost\u0119pu do ograniczaj\u0105cych si\u0119 zasob\u00f3w grunt\u00f3w rolnych i wody, oraz ochrona bior\u00f3\u017cnorodno\u015bci. Spadek podstawowych zasob\u00f3w naturalnych, kt\u00f3re s\u0105 kluczowe dla przetrwania, prowadzi do ponownego rozwa\u017cenia sposob\u00f3w kszta\u0142towania zabudowy mieszkalnej.\u00a0<\/p>\n\n\n\n<p>Innym wa\u017cnym wyzwaniem jest zdobycie \u017ar\u00f3de\u0142 energii, kt\u00f3re nie tylko nie szkodz\u0105 \u015brodowisku i klimatowi, ale je nawet ochroni\u0105. Racjonalne planowanie inwestycji, wykorzystanie istniej\u0105cej infrastruktury oraz stosowanie dost\u0119pnych materia\u0142\u00f3w, w tym tych pochodz\u0105cych z recyklingu, staj\u0105 si\u0119 kluczowymi aspektami procesu odbudowy.<\/p>\n\n\n\n<p>Wojna burzy struktury spo\u0142eczne, niesie ze sob\u0105 \u015bmier\u0107 cz\u0142onk\u00f3w rodzin oraz wymusza trudne, a czasem dramatyczne decyzje dotycz\u0105ce w\u0142asnego losu i bliskich. Znalezienie odpowiednich form odbudowy wi\u0119zi spo\u0142ecznych jest jednym z najwa\u017cniejszych wyzwa\u0144.\u00a0Opr\u00f3cz oczywistych i funkcjonalnych odpowiedzi na te pytania, pojawiaj\u0105 si\u0119 r\u00f3wnie\u017c g\u0142\u0119bsze kwestie dotycz\u0105ce to\u017csamo\u015bci i kultury ludzkiej.\u00a0<\/p>\n\n\n\n<p>Celem konferencji, kt\u00f3ra odb\u0119dzie si\u0119 w \u0141azienkach Kr\u00f3lewskich w Warszawie, jest zgromadzenie wsp\u00f3lnoty akademickiej oraz \u015brodowisk kulturalnych, naukowych, technicznych, gospodarczych, spo\u0142ecznikowskich, samorz\u0105dowych, rz\u0105dowych i innych zaanga\u017cowanych w odbudow\u0119 Ukrainy.<br>Tematem wsp\u00f3lnej dyskusji &#8211; w kontek\u015bcie konsekwencji wojny w Ukrainie &#8211; b\u0119d\u0105 nast\u0119puj\u0105ce wyzwania:<\/p>\n\n\n\n<p><strong>Wyzwanie 1:<\/strong> Kierunki odbudowy Ukrainy.<br><strong>Wyzwanie 2:<\/strong> Dziedzictwo architektoniczne i\u202fjego ochrona w\u202fkontek\u015bcie odbudowy Ukrainy.<br><strong>Wyzwanie 3:<\/strong> Zasady zr\u00f3wnowa\u017conego rozwoju w\u202fodniesieniu do procesu odbudowy Ukrainy.<br><strong>Wyzwanie 4:<\/strong> Architektura w\u202fodpowiedzi na kryzys uchod\u017aczy w\u202fUkrainie.<br><strong>Wyzwanie 5:<\/strong> Urbanistyka s\u0142u\u017c\u0105ca rewitalizacji obszar\u00f3w zniszcze\u0144 wojennych.<\/p>\n\n\n\n<p>Zach\u0119camy do zapoznania si\u0119 z\u202ftezami konferencji: <a href=\"https:\/\/www.arch.pw.edu.pl\/content\/download\/6532\/38626\/file\/Tezy%20Konferencji%20_%20Conference%20theses.pdf\"><strong>TEZY &#8211; CZYTAJ WI\u0118CEJ<\/strong>\u00a0<\/a><\/p>\n\n\n\n<p><strong>Konferencja odb\u0119dzie si\u0119 w\u202fj\u0119zyku angielskim, polskim i\u202fukrai\u0144skim.<\/strong><\/p>\n\n\n\n<p>Adres korespondencyjny konferencji: <a href=\"mailto:konferencja.wapw2023@pw.edu.pl\" target=\"_blank\" rel=\"noreferrer noopener\">konferencja.wapw2023@pw.edu.pl<\/a> &nbsp;<br><\/p>\n\n\n\n<p><strong>Organizatorzy konferencji:<\/strong>&nbsp;<br>Wydzia\u0142 Architektury Politechniki Warszawskiej, Narodowy Instytut Dziedzictwa, Muzeum \u0141azienki Kr\u00f3lewskie w\u202fWarszawie.&nbsp;<\/p>\n\n\n\n<p><strong>Partnerzy konferencji<\/strong>:\u00a0<br>Akademia Sztuk Pi\u0119knych w Warszawie, Kijowski Narodowy Uniwersytet Budownictwa i Architektury (KNUBA), Narodowy Uniwersytet \u201ePolitechnika Zaporoska\u201d, Narodowy Uniwersytet \u201ePolitechnika Lwowska\u201d, Narodowy Zwi\u0105zek Architekt\u00f3w Ukrainy, Stowarzyszenie Architekt\u00f3w Polskich (SARP), Urban Jungle.<\/p>\n\n\n\n<p><strong>Honorowy patronat<\/strong>:\u00a0<br>JM Rektor Politechniki Warszawskiej, Ministerstwo Spraw Zagranicznych RP, Dyrektor Narodowego Instytutu Architektury i Urbanistyki, Przewodnicz\u0105cy Komitetu Architektury Urbanistyki Polskiej Akademii Nauk, Polska Agencja Inwestycji i Handlu, Ministerstwo Rozwoju i Technologii, Polski Zwi\u0105zek Pracodawc\u00f3w Budownictwa, Wydawnictwo EuroInfrastruktura XXI, Polsko-Ukrai\u0144ska Izba Gospodarcza.<\/p>\n\n\n\n<p><strong>Konferencja odbywa si\u0119 pod przewodnictwem mi\u0119dzynarodowego Komitetu Naukowego w\u202fsk\u0142adzie<\/strong>:&nbsp;<\/p>\n\n\n\n<p><strong>Anna Maria Wierzbicka<\/strong>, dr hab. in\u017c. arch., prof. PW, Wydzia\u0142 Architektury Politechniki Warszawskiej \u2013 przewodnicz\u0105ca Komitetu Naukowego;<br><strong>Shigeru Ban<\/strong>, prof., architekt, Okr\u0105g\u0142y St\u00f3\u0142 Nowego Europejskiego Bauhausu, Uniwersytet Kei\u014d (Tokio, Japonia);<br><strong>Agata Bonenberg<\/strong>, prof. dr hab. in\u017c. arch., Wydzia\u0142 Architektury Politechniki Pozna\u0144skiej;<br><strong>Wojciech Bonenberg<\/strong>, prof. dr hab. in\u017c. arch., Wydzia\u0142 Architektury Politechniki Pozna\u0144skiej;<br><strong>Bohdan Cherkes<\/strong>, prof. dr hab. in\u017c. arch., Instytut Architektury i\u202fDesignu, Narodowy Uniwersytet \u201cPolitechnika Lwowska\u201d (Lw\u00f3w, Ukraina);<br><strong>Viktor Greshta<\/strong>, prof. dr. hab. in\u017c., rektor, Narodowy Uniwersytet \u201cPolitechnika Zaporoska\u201d (Zaporo\u017ce, Ukraina);<br><strong>Barbara Gronostajska<\/strong>, prof. dr hab. in\u017c. arch., Wydzia\u0142 Architektury Politechniki Wroc\u0142awskiej;<br><strong>S\u0142awomir Gzell<\/strong>, prof. dr hab. in\u017c. arch., Wydzia\u0142 Architektury Politechniki Warszawskiej;<br><strong>Prot Jarnuszkiewicz<\/strong>, profesor sztuk plastycznych, Akademia Sztuk Pi\u0119knych w\u202fWarszawie;<br><strong>Oleksandr Kashchenko<\/strong>, prof. dr hab. in\u017c. arch., dziekan Wydzia\u0142u Architektury, Kijowski Narodowy Uniwersytet Budownictwa i\u202fArchitektury (Kij\u00f3w, Ukraina);<br><strong>Tomasz Koz\u0142owski<\/strong>, prof. dr hab. in\u017c. arch., Wydzia\u0142 Architektury Politechniki Krakowskiej<br><strong>Yuriy Kryvoruchko<\/strong>, prof. dr hab. in\u017c. arch., Instytut Architektury i\u202fDesignu, Narodowy Uniwersytet \u201cPolitechnika Lwowska\u201d (Lw\u00f3w, Ukraina);<br><strong>Konrad Kucza-Kuczy\u0144ski<\/strong>, prof. dr hab. in\u017c. arch., Wydzia\u0142 Architektury Politechniki Warszawskiej;<br><strong>Jakub Lewicki<\/strong>, prof. dr hab., Wydzia\u0142 Nauk Historycznych, Uniwersytet Kardyna\u0142a Stefana Wyszy\u0144skiego w\u202fWarszawie, Mazowiecki Wojew\u00f3dzki Konserwator Zabytk\u00f3w;<br><strong>Piotr Lorens<\/strong>, prof. dr hab. in\u017c. arch., Wydzia\u0142 Architektury Politechniki Gda\u0144skiej;<br><strong>Marek Pabich<\/strong>, prof. dr hab. in\u017c. arch., Wydzia\u0142 Budownictwa, Architektury i\u202fIn\u017cynierii \u015arodowiska Politechniki \u0141\u00f3dzkiej;<br><strong>Bogus\u0142aw Podhala\u0144ski<\/strong>, prof. dr hab. in\u017c. arch., Podhala\u0144ska Pa\u0144stwowa Uczelnia Zawodowa w\u202fNowym Targu;<br><strong>Jan Rabiej<\/strong>, prof. dr hab. in\u017c. arch., Wydzia\u0142 Architektury Politechniki \u015al\u0105skiej;<br><strong>El\u017cbieta Dagny Ry\u0144ska<\/strong>, prof. dr hab. in\u017c. arch., Wydzia\u0142 Architektury Politechniki Warszawskiej;<br><strong>Krystyna Solarek<\/strong>, prof. dr hab. in\u017c. arch., Wydzia\u0142 Architektury Politechniki Warszawskiej;<br><strong>Boles\u0142aw Stelmach<\/strong>, prof. dr hab. in\u017c. arch., dyrektor Narodowego Instytutu Architektury i\u202fUrbanistyki;<br><strong>Valeriy Tovbych<\/strong>, prof. dr hab. in\u017c. arch., Wydzia\u0142 Architektury, Kijowski Narodowy Uniwersytet Budownictwa i\u202fArchitektury (Kij\u00f3w, Ukraina);<br><strong>Jerzy U\u015bcinowicz<\/strong>, prof. dr hab. in\u017c. arch., Wydzia\u0142 Architektury Politechniki Bia\u0142ostockiej;<br><strong>Beata Joanna Gawryszewska<\/strong>, dr hab. in\u017c. arch. kraj., prof. SGGW, Szko\u0142a G\u0142\u00f3wna Gospodarstwa Wiejskiego w\u202fWarszawie;<br><strong>Krzysztof Ingarden<\/strong>, dr hab. in\u017c. arch., prof. KAAFM, Wydzia\u0142 Architektury i\u202fSztuk Pi\u0119knych, Krakowska Akademia im. Andrzeja Frycza Modrzewskiego;<br><strong>Grzegorz Nawrot<\/strong>, dr hab. in\u017c. arch., prof. WAP\u015a, Wydzia\u0142 Architektury Politechniki \u015al\u0105skiej;<br><strong>Krzysztof Koszewski<\/strong>, dr hab. in\u017c. arch, Wydzia\u0142 Architektury Politechniki Warszawskiej;<br><strong>Magdalena Kozie\u0144-Wo\u017aniak<\/strong>, dr hab. in\u017c. arch., prof. PK, Wydzia\u0142 Architektury Politechniki Krakowskiej;<br><strong>Miros\u0142aw Orzechowski<\/strong>, dr hab. in\u017c. arch., prof. PW, Wydzia\u0142 Architektury Politechniki Warszawskiej;<br><strong>Karolina Tulkowska-S\u0142yk<\/strong>, dr hab. in\u017c. arch., prof. PW, Wydzia\u0142 Architektury Politechniki Warszawskiej;<br><strong>Kinga Raco\u0144-Leja<\/strong>, dr hab. in\u017c. arch., prof. PK, Wydzia\u0142 Architektury Politechniki Krakowskiej;<br><strong>Oleksandr Chyzhevsky<\/strong>, dr in\u017c. arch., przewodnicz\u0105cy Narodowego Zwi\u0105zku Architekt\u00f3w Ukrainy (Kij\u00f3w, Ukraina);<br><strong>Ewelina Gawell<\/strong>, dr in\u017c. arch., Wydzia\u0142 Architektury Politechniki Warszawskiej;<br><strong>Renata J\u00f3\u017awik<\/strong>, dr in\u017c. arch., Wydzia\u0142 Architektury Politechniki Warszawskiej;<br><strong>Jerzy \u0141\u0105tka,<\/strong> dr in\u017c. arch., Wydzia\u0142 Architektury Politechniki Wroc\u0142awskiej;<br><strong>Anita Orchowska<\/strong>, dr in\u017c. arch., Wydzia\u0142 Architektury Politechniki Warszawskiej;<br><strong>\u0141ukasz Pi\u0105tek<\/strong>, dr in\u017c. arch., Wydzia\u0142 Architektury Politechniki Warszawskiej;<br><strong>Hubert Trammer<\/strong>, dr in\u017c. arch., Okr\u0105g\u0142y St\u00f3\u0142 Nowego Europejskiego Bauhausu;<br><strong>Pawe\u0142 Tr\u0119bacz<\/strong>, dr in\u017c. arch., Wydzia\u0142 Architektury Politechniki Warszawskiej;<br><strong>Justyna Zdunek-Wielgo\u0142aska<\/strong>, dr in\u017c. arch., Wydzia\u0142 Architektury Politechniki Warszawskiej;<br><strong>Kinga Zinowiec-Cieplik<\/strong>, dr in\u017c. arch. krajobrazu, Wydzia\u0142 Architektury Politechniki Warszawskiej;<br><strong>Oleksandr Baranovskyi<\/strong>, architekt, koordynator projekt\u00f3w Narodowego Stowarzyszenia Architekt\u00f3w Ukrainy (Kij\u00f3w, Ukraina);<br><strong>Anastasiya Ponomaryova<\/strong>, architekt, Wydzia\u0142 Architektury ETH Zurych (Szwajcaria), inicjatywa CO-HATY (Iwano-Frankiwsk, Ukraina).<\/p>\n\n\n\n<p><\/p>\n\n\n\n<p><strong>Komitet organizacyjny<\/strong>:&nbsp;<\/p>\n\n\n\n<p><strong>Anna Maria Wierzbicka<\/strong>, dr hab. in\u017c. arch., prof. PW, Wydzia\u0142 Architektury Politechniki Warszawskiej;&nbsp;<br><strong>Konrad Kucza-Kuczy\u0144ski<\/strong>, prof. dr hab. in\u017c. arch., Wydzia\u0142 Architektury Politechniki Warszawskiej;&nbsp;<br><strong>Karolina Tulkowska-S\u0142yk<\/strong>, dr hab. in\u017c. arch., prof. PW, Wydzia\u0142 Architektury Politechniki Warszawskiej;&nbsp;<br><strong>Ewelina Gawell<\/strong>, dr in\u017c. arch., Wydzia\u0142 Architektury Politechniki Warszawskiej;&nbsp;<br><strong>Renata J\u00f3\u017awik<\/strong>, dr in\u017c. arch., Wydzia\u0142 Architektury Politechniki Warszawskiej;&nbsp;<br><strong>Anita Orchowska<\/strong>, dr in\u017c. arch., Wydzia\u0142 Architektury Politechniki Warszawskiej;&nbsp;<br><strong>Pawe\u0142 Tr\u0119bacz<\/strong>, dr in\u017c. arch., Wydzia\u0142 Architektury Politechniki Warszawskiej;&nbsp;<br><strong>Justyna Zdunek-Wielgo\u0142aska<\/strong> &#8211; dr in\u017c. arch., Wydzia\u0142 Architektury Politechniki Warszawskiej;&nbsp;<br><strong>Kinga Zinowiec-Cieplik, <\/strong>dr in\u017c. arch. krajobrazu, Wydzia\u0142 Architektury Politechniki Warszawskiej;&nbsp;<br><strong>Maria Arno<\/strong>, mgr in\u017c. arch., doktorantka PW, Wydzia\u0142 Architektury Politechniki Warszawskiej &#8211; sekretarz;&nbsp;<br><strong>Agnieszka Czu\u0142owska<\/strong> \u2013 mgr in\u017c.arch., doktorantka PW, Wydzia\u0142 Architektury Politechniki Warszawskiej;&nbsp;<br><strong>Magdalena Duda<\/strong>, mgr in\u017c. arch., Wydzia\u0142 Architektury Politechniki Warszawskiej;&nbsp;<br><strong>Szymon Kalata<\/strong>, mgr in\u017c. arch., doktorant PW, Wydzia\u0142 Architektury Politechniki Warszawskiej;&nbsp;<br><strong>Maciej Kaufman<\/strong>, mgr in\u017c. arch., Wydzia\u0142 Architektury Politechniki Warszawskiej;&nbsp;<br><strong>Martyna K\u0119drzy\u0144ska<\/strong>, mgr in\u017c. arch., Wydzia\u0142 Architektury Politechniki Warszawskiej;&nbsp;<br><strong>Jakub Pie\u0144kowski<\/strong>, mgr in\u017c. arch., Wydzia\u0142 Architektury Politechniki Warszawskiej;&nbsp;<br><strong>Martyna Rowicka-Micha\u0142owska<\/strong>, mgr in\u017c. arch., Wydzia\u0142 Architektury Politechniki Warszawskiej;&nbsp;<br><strong>Filip Strzelecki<\/strong>, mgr in\u017c. arch., Wydzia\u0142 Architektury Politechniki Warszawskiej.&nbsp;<\/p>\n\n\n\n<p><strong>Patronat wydawniczy: <\/strong>\u015arodowisko Mieszkaniowe Housing Environment, wydawnictwo EuroInfrastruktura XXI.&nbsp;<\/p>\n\n\n\n<p><strong>Patronat medialny: <\/strong>Rzeczpospolita, Architektura-Murator, Architektura &amp; Biznes, Bird in flight, Hmarochos, Pragmatika.Media&nbsp;<\/p>\n\n\n\n<p><strong>Sponsorzy: <\/strong>Deloitte, Flora Development, Polska Agencja Inwestycji i Handlu,\u202fBank Gospodarstwa Krajowego.&nbsp;<\/p>\n\n\n\n<p>Linki do udzia\u0142u online:&nbsp;<\/p>\n\n\n\n<ul class=\"wp-block-list\">\n<li>3 lipca: <a href=\"https:\/\/youtube.com\/live\/BgCAAXTQZek?feature=share\">https:\/\/youtube.com\/live\/BgCAAXTQZek?feature=share<\/a> &nbsp;<\/li>\n<\/ul>\n\n\n\n<ul class=\"wp-block-list\">\n<li>4 lipca: <a href=\"https:\/\/youtube.com\/live\/adIns8aLMvU?feature=share\">https:\/\/youtube.com\/live\/adIns8aLMvU?feature=share<\/a> &nbsp;<\/li>\n<\/ul>\n\n\n\n<p>Konferencja \u201eArchitektura wyzwa\u0144. Odbudowa Ukrainy\u201d zosta\u0142a dofinansowana ze \u015brodk\u00f3w Ministerstwa Kultury i Dziedzictwa Narodowego.&nbsp;&nbsp;<\/p>","protected":false},"excerpt":{"rendered":"<p>Odbudowa Ukrainy to niezwykle wa\u017cne zadanie, kt\u00f3re wymaga szerokiej dyskusji i wsp\u00f3\u0142pracy na poziomie mi\u0119dzynarodowym. Narodowy Instytut Dziedzictwa, zaprasza do udzia\u0142u w konferencji, kt\u00f3rej g\u0142\u00f3wnym celem jest stworzenie platformy do [&hellip;]<\/p>","protected":false},"author":7,"featured_media":12124,"comment_status":"open","ping_status":"open","sticky":false,"template":"","format":"standard","meta":{"_et_pb_use_builder":"off","_et_pb_old_content":"","_et_gb_content_width":"","_monsterinsights_skip_tracking":false,"_monsterinsights_sitenote_active":false,"_monsterinsights_sitenote_note":"","_monsterinsights_sitenote_category":0,"footnotes":""},"categories":[3],"tags":[],"class_list":["post-12122","post","type-post","status-publish","format-standard","has-post-thumbnail","hentry","category-aktualnosci"],"yoast_head":"<!-- This site is optimized with the Yoast SEO plugin v26.5 - https:\/\/yoast.com\/wordpress\/plugins\/seo\/ -->\n<title>3\u202f- 4\u202flipca: Mi\u0119dzynarodowa Konferencja \u201eArchitektura wyzwa\u0144. Odbudowa Ukrainy\u201d\u00a0\u00a0 - NID<\/title>\n<meta name=\"robots\" content=\"index, follow, max-snippet:-1, max-image-preview:large, max-video-preview:-1\" \/>\n<link rel=\"canonical\" href=\"https:\/\/nid.pl\/en\/2023\/06\/30\/3-4-lipca-miedzynarodowa-konferencja-architektura-wyzwan-odbudowa-ukrainy\/\" \/>\n<meta property=\"og:locale\" content=\"en_GB\" \/>\n<meta property=\"og:type\" content=\"article\" \/>\n<meta property=\"og:title\" content=\"3\u202f- 4\u202flipca: Mi\u0119dzynarodowa Konferencja \u201eArchitektura wyzwa\u0144. Odbudowa Ukrainy\u201d\u00a0\u00a0 - NID\" \/>\n<meta property=\"og:description\" content=\"Odbudowa Ukrainy to niezwykle wa\u017cne zadanie, kt\u00f3re wymaga szerokiej dyskusji i wsp\u00f3\u0142pracy na poziomie mi\u0119dzynarodowym. Narodowy Instytut Dziedzictwa, zaprasza do udzia\u0142u w konferencji, kt\u00f3rej g\u0142\u00f3wnym celem jest stworzenie platformy do [&hellip;]\" \/>\n<meta property=\"og:url\" content=\"https:\/\/nid.pl\/en\/2023\/06\/30\/3-4-lipca-miedzynarodowa-konferencja-architektura-wyzwan-odbudowa-ukrainy\/\" \/>\n<meta property=\"og:site_name\" content=\"NID\" \/>\n<meta property=\"article:publisher\" content=\"https:\/\/www.facebook.com\/zabytek\" \/>\n<meta property=\"article:published_time\" content=\"2023-06-30T08:38:15+00:00\" \/>\n<meta property=\"article:modified_time\" content=\"2024-02-01T08:50:39+00:00\" \/>\n<meta property=\"og:image\" content=\"https:\/\/nid.pl\/wp-content\/uploads\/2023\/06\/miniaturka-aktualnosci-NID4-2.png\" \/>\n\t<meta property=\"og:image:width\" content=\"1850\" \/>\n\t<meta property=\"og:image:height\" content=\"1238\" \/>\n\t<meta property=\"og:image:type\" content=\"image\/png\" \/>\n<meta name=\"author\" content=\"Barbara Halliop\" \/>\n<meta name=\"twitter:card\" content=\"summary_large_image\" \/>\n<meta name=\"twitter:creator\" content=\"@NarIDpl\" \/>\n<meta name=\"twitter:site\" content=\"@NarIDpl\" \/>\n<meta name=\"twitter:label1\" content=\"Written by\" \/>\n\t<meta name=\"twitter:data1\" content=\"Barbara Halliop\" \/>\n\t<meta name=\"twitter:label2\" content=\"Estimated reading time\" \/>\n\t<meta name=\"twitter:data2\" content=\"6 minutes\" \/>\n<script type=\"application\/ld+json\" class=\"yoast-schema-graph\">{\"@context\":\"https:\/\/schema.org\",\"@graph\":[{\"@type\":\"Article\",\"@id\":\"https:\/\/nid.pl\/2023\/06\/30\/3-4-lipca-miedzynarodowa-konferencja-architektura-wyzwan-odbudowa-ukrainy\/#article\",\"isPartOf\":{\"@id\":\"https:\/\/nid.pl\/2023\/06\/30\/3-4-lipca-miedzynarodowa-konferencja-architektura-wyzwan-odbudowa-ukrainy\/\"},\"author\":{\"name\":\"Barbara Halliop\",\"@id\":\"https:\/\/nid.pl\/#\/schema\/person\/1b690a8998a5111cfb9f0ffe24195a15\"},\"headline\":\"3\u202f- 4\u202flipca: Mi\u0119dzynarodowa Konferencja \u201eArchitektura wyzwa\u0144. Odbudowa Ukrainy\u201d\u00a0\u00a0\",\"datePublished\":\"2023-06-30T08:38:15+00:00\",\"dateModified\":\"2024-02-01T08:50:39+00:00\",\"mainEntityOfPage\":{\"@id\":\"https:\/\/nid.pl\/2023\/06\/30\/3-4-lipca-miedzynarodowa-konferencja-architektura-wyzwan-odbudowa-ukrainy\/\"},\"wordCount\":1381,\"commentCount\":0,\"publisher\":{\"@id\":\"https:\/\/nid.pl\/#organization\"},\"image\":{\"@id\":\"https:\/\/nid.pl\/2023\/06\/30\/3-4-lipca-miedzynarodowa-konferencja-architektura-wyzwan-odbudowa-ukrainy\/#primaryimage\"},\"thumbnailUrl\":\"https:\/\/nid.pl\/wp-content\/uploads\/2023\/06\/miniaturka-aktualnosci-NID4-2.png\",\"articleSection\":[\"Aktualno\u015bci\"],\"inLanguage\":\"en-GB\"},{\"@type\":\"WebPage\",\"@id\":\"https:\/\/nid.pl\/2023\/06\/30\/3-4-lipca-miedzynarodowa-konferencja-architektura-wyzwan-odbudowa-ukrainy\/\",\"url\":\"https:\/\/nid.pl\/2023\/06\/30\/3-4-lipca-miedzynarodowa-konferencja-architektura-wyzwan-odbudowa-ukrainy\/\",\"name\":\"3\u202f- 4\u202flipca: Mi\u0119dzynarodowa Konferencja \u201eArchitektura wyzwa\u0144. Odbudowa Ukrainy\u201d\u00a0\u00a0 - NID\",\"isPartOf\":{\"@id\":\"https:\/\/nid.pl\/#website\"},\"primaryImageOfPage\":{\"@id\":\"https:\/\/nid.pl\/2023\/06\/30\/3-4-lipca-miedzynarodowa-konferencja-architektura-wyzwan-odbudowa-ukrainy\/#primaryimage\"},\"image\":{\"@id\":\"https:\/\/nid.pl\/2023\/06\/30\/3-4-lipca-miedzynarodowa-konferencja-architektura-wyzwan-odbudowa-ukrainy\/#primaryimage\"},\"thumbnailUrl\":\"https:\/\/nid.pl\/wp-content\/uploads\/2023\/06\/miniaturka-aktualnosci-NID4-2.png\",\"datePublished\":\"2023-06-30T08:38:15+00:00\",\"dateModified\":\"2024-02-01T08:50:39+00:00\",\"breadcrumb\":{\"@id\":\"https:\/\/nid.pl\/2023\/06\/30\/3-4-lipca-miedzynarodowa-konferencja-architektura-wyzwan-odbudowa-ukrainy\/#breadcrumb\"},\"inLanguage\":\"en-GB\",\"potentialAction\":[{\"@type\":\"ReadAction\",\"target\":[\"https:\/\/nid.pl\/2023\/06\/30\/3-4-lipca-miedzynarodowa-konferencja-architektura-wyzwan-odbudowa-ukrainy\/\"]}]},{\"@type\":\"ImageObject\",\"inLanguage\":\"en-GB\",\"@id\":\"https:\/\/nid.pl\/2023\/06\/30\/3-4-lipca-miedzynarodowa-konferencja-architektura-wyzwan-odbudowa-ukrainy\/#primaryimage\",\"url\":\"https:\/\/nid.pl\/wp-content\/uploads\/2023\/06\/miniaturka-aktualnosci-NID4-2.png\",\"contentUrl\":\"https:\/\/nid.pl\/wp-content\/uploads\/2023\/06\/miniaturka-aktualnosci-NID4-2.png\",\"width\":1850,\"height\":1238,\"caption\":\"miniaturka aktualnosci NID\"},{\"@type\":\"BreadcrumbList\",\"@id\":\"https:\/\/nid.pl\/2023\/06\/30\/3-4-lipca-miedzynarodowa-konferencja-architektura-wyzwan-odbudowa-ukrainy\/#breadcrumb\",\"itemListElement\":[{\"@type\":\"ListItem\",\"position\":1,\"name\":\"Home\",\"item\":\"https:\/\/nid.pl\/\"},{\"@type\":\"ListItem\",\"position\":2,\"name\":\"3\u202f- 4\u202flipca: Mi\u0119dzynarodowa Konferencja \u201eArchitektura wyzwa\u0144. Odbudowa Ukrainy\u201d\u00a0\u00a0\"}]},{\"@type\":\"WebSite\",\"@id\":\"https:\/\/nid.pl\/#website\",\"url\":\"https:\/\/nid.pl\/\",\"name\":\"NID\",\"description\":\"Narodowy Instytut Dziedzictwa\",\"publisher\":{\"@id\":\"https:\/\/nid.pl\/#organization\"},\"potentialAction\":[{\"@type\":\"SearchAction\",\"target\":{\"@type\":\"EntryPoint\",\"urlTemplate\":\"https:\/\/nid.pl\/?s={search_term_string}\"},\"query-input\":{\"@type\":\"PropertyValueSpecification\",\"valueRequired\":true,\"valueName\":\"search_term_string\"}}],\"inLanguage\":\"en-GB\"},{\"@type\":\"Organization\",\"@id\":\"https:\/\/nid.pl\/#organization\",\"name\":\"Narodowy Instytut Dziedzictwa\",\"url\":\"https:\/\/nid.pl\/\",\"logo\":{\"@type\":\"ImageObject\",\"inLanguage\":\"en-GB\",\"@id\":\"https:\/\/nid.pl\/#\/schema\/logo\/image\/\",\"url\":\"https:\/\/nid.pl\/wp-content\/uploads\/2022\/10\/logoRedDark.png\",\"contentUrl\":\"https:\/\/nid.pl\/wp-content\/uploads\/2022\/10\/logoRedDark.png\",\"width\":200,\"height\":197,\"caption\":\"Narodowy Instytut Dziedzictwa\"},\"image\":{\"@id\":\"https:\/\/nid.pl\/#\/schema\/logo\/image\/\"},\"sameAs\":[\"https:\/\/www.facebook.com\/zabytek\",\"https:\/\/x.com\/NarIDpl\",\"https:\/\/www.instagram.com\/nid.pl\/?hl=pl\",\"https:\/\/www.linkedin.com\/company\/narodowy-instytut-dziedzictwa\",\"https:\/\/www.youtube.com\/channel\/UCQXuhKa2uHtmNvLRUSx40JA\"]},{\"@type\":\"Person\",\"@id\":\"https:\/\/nid.pl\/#\/schema\/person\/1b690a8998a5111cfb9f0ffe24195a15\",\"name\":\"Barbara Halliop\",\"image\":{\"@type\":\"ImageObject\",\"inLanguage\":\"en-GB\",\"@id\":\"https:\/\/nid.pl\/#\/schema\/person\/image\/\",\"url\":\"https:\/\/nid.pl\/wp-content\/litespeed\/avatar\/924046d17dd0c842c9fa9ccf489bc6dc.jpg?ver=1777444967\",\"contentUrl\":\"https:\/\/nid.pl\/wp-content\/litespeed\/avatar\/924046d17dd0c842c9fa9ccf489bc6dc.jpg?ver=1777444967\",\"caption\":\"Barbara Halliop\"},\"url\":\"https:\/\/nid.pl\/en\/author\/bhalliop\/\"}]}<\/script>\n<!-- \/ Yoast SEO plugin. -->","yoast_head_json":{"title":"3\u202f- 4\u202flipca: Mi\u0119dzynarodowa Konferencja \u201eArchitektura wyzwa\u0144. Odbudowa Ukrainy\u201d\u00a0\u00a0 - NID","robots":{"index":"index","follow":"follow","max-snippet":"max-snippet:-1","max-image-preview":"max-image-preview:large","max-video-preview":"max-video-preview:-1"},"canonical":"https:\/\/nid.pl\/en\/2023\/06\/30\/3-4-lipca-miedzynarodowa-konferencja-architektura-wyzwan-odbudowa-ukrainy\/","og_locale":"en_GB","og_type":"article","og_title":"3\u202f- 4\u202flipca: Mi\u0119dzynarodowa Konferencja \u201eArchitektura wyzwa\u0144. Odbudowa Ukrainy\u201d\u00a0\u00a0 - NID","og_description":"Odbudowa Ukrainy to niezwykle wa\u017cne zadanie, kt\u00f3re wymaga szerokiej dyskusji i wsp\u00f3\u0142pracy na poziomie mi\u0119dzynarodowym. Narodowy Instytut Dziedzictwa, zaprasza do udzia\u0142u w konferencji, kt\u00f3rej g\u0142\u00f3wnym celem jest stworzenie platformy do [&hellip;]","og_url":"https:\/\/nid.pl\/en\/2023\/06\/30\/3-4-lipca-miedzynarodowa-konferencja-architektura-wyzwan-odbudowa-ukrainy\/","og_site_name":"NID","article_publisher":"https:\/\/www.facebook.com\/zabytek","article_published_time":"2023-06-30T08:38:15+00:00","article_modified_time":"2024-02-01T08:50:39+00:00","og_image":[{"width":1850,"height":1238,"url":"https:\/\/nid.pl\/wp-content\/uploads\/2023\/06\/miniaturka-aktualnosci-NID4-2.png","type":"image\/png"}],"author":"Barbara Halliop","twitter_card":"summary_large_image","twitter_creator":"@NarIDpl","twitter_site":"@NarIDpl","twitter_misc":{"Written by":"Barbara Halliop","Estimated reading time":"6 minutes"},"schema":{"@context":"https:\/\/schema.org","@graph":[{"@type":"Article","@id":"https:\/\/nid.pl\/2023\/06\/30\/3-4-lipca-miedzynarodowa-konferencja-architektura-wyzwan-odbudowa-ukrainy\/#article","isPartOf":{"@id":"https:\/\/nid.pl\/2023\/06\/30\/3-4-lipca-miedzynarodowa-konferencja-architektura-wyzwan-odbudowa-ukrainy\/"},"author":{"name":"Barbara Halliop","@id":"https:\/\/nid.pl\/#\/schema\/person\/1b690a8998a5111cfb9f0ffe24195a15"},"headline":"3\u202f- 4\u202flipca: Mi\u0119dzynarodowa Konferencja \u201eArchitektura wyzwa\u0144. Odbudowa Ukrainy\u201d\u00a0\u00a0","datePublished":"2023-06-30T08:38:15+00:00","dateModified":"2024-02-01T08:50:39+00:00","mainEntityOfPage":{"@id":"https:\/\/nid.pl\/2023\/06\/30\/3-4-lipca-miedzynarodowa-konferencja-architektura-wyzwan-odbudowa-ukrainy\/"},"wordCount":1381,"commentCount":0,"publisher":{"@id":"https:\/\/nid.pl\/#organization"},"image":{"@id":"https:\/\/nid.pl\/2023\/06\/30\/3-4-lipca-miedzynarodowa-konferencja-architektura-wyzwan-odbudowa-ukrainy\/#primaryimage"},"thumbnailUrl":"https:\/\/nid.pl\/wp-content\/uploads\/2023\/06\/miniaturka-aktualnosci-NID4-2.png","articleSection":["Aktualno\u015bci"],"inLanguage":"en-GB"},{"@type":"WebPage","@id":"https:\/\/nid.pl\/2023\/06\/30\/3-4-lipca-miedzynarodowa-konferencja-architektura-wyzwan-odbudowa-ukrainy\/","url":"https:\/\/nid.pl\/2023\/06\/30\/3-4-lipca-miedzynarodowa-konferencja-architektura-wyzwan-odbudowa-ukrainy\/","name":"3\u202f- 4\u202flipca: Mi\u0119dzynarodowa Konferencja \u201eArchitektura wyzwa\u0144. Odbudowa Ukrainy\u201d\u00a0\u00a0 - NID","isPartOf":{"@id":"https:\/\/nid.pl\/#website"},"primaryImageOfPage":{"@id":"https:\/\/nid.pl\/2023\/06\/30\/3-4-lipca-miedzynarodowa-konferencja-architektura-wyzwan-odbudowa-ukrainy\/#primaryimage"},"image":{"@id":"https:\/\/nid.pl\/2023\/06\/30\/3-4-lipca-miedzynarodowa-konferencja-architektura-wyzwan-odbudowa-ukrainy\/#primaryimage"},"thumbnailUrl":"https:\/\/nid.pl\/wp-content\/uploads\/2023\/06\/miniaturka-aktualnosci-NID4-2.png","datePublished":"2023-06-30T08:38:15+00:00","dateModified":"2024-02-01T08:50:39+00:00","breadcrumb":{"@id":"https:\/\/nid.pl\/2023\/06\/30\/3-4-lipca-miedzynarodowa-konferencja-architektura-wyzwan-odbudowa-ukrainy\/#breadcrumb"},"inLanguage":"en-GB","potentialAction":[{"@type":"ReadAction","target":["https:\/\/nid.pl\/2023\/06\/30\/3-4-lipca-miedzynarodowa-konferencja-architektura-wyzwan-odbudowa-ukrainy\/"]}]},{"@type":"ImageObject","inLanguage":"en-GB","@id":"https:\/\/nid.pl\/2023\/06\/30\/3-4-lipca-miedzynarodowa-konferencja-architektura-wyzwan-odbudowa-ukrainy\/#primaryimage","url":"https:\/\/nid.pl\/wp-content\/uploads\/2023\/06\/miniaturka-aktualnosci-NID4-2.png","contentUrl":"https:\/\/nid.pl\/wp-content\/uploads\/2023\/06\/miniaturka-aktualnosci-NID4-2.png","width":1850,"height":1238,"caption":"miniaturka aktualnosci NID"},{"@type":"BreadcrumbList","@id":"https:\/\/nid.pl\/2023\/06\/30\/3-4-lipca-miedzynarodowa-konferencja-architektura-wyzwan-odbudowa-ukrainy\/#breadcrumb","itemListElement":[{"@type":"ListItem","position":1,"name":"Home","item":"https:\/\/nid.pl\/"},{"@type":"ListItem","position":2,"name":"3\u202f- 4\u202flipca: Mi\u0119dzynarodowa Konferencja \u201eArchitektura wyzwa\u0144. Odbudowa Ukrainy\u201d\u00a0\u00a0"}]},{"@type":"WebSite","@id":"https:\/\/nid.pl\/#website","url":"https:\/\/nid.pl\/","name":"NID","description":"Narodowy Instytut Dziedzictwa","publisher":{"@id":"https:\/\/nid.pl\/#organization"},"potentialAction":[{"@type":"SearchAction","target":{"@type":"EntryPoint","urlTemplate":"https:\/\/nid.pl\/?s={search_term_string}"},"query-input":{"@type":"PropertyValueSpecification","valueRequired":true,"valueName":"search_term_string"}}],"inLanguage":"en-GB"},{"@type":"Organization","@id":"https:\/\/nid.pl\/#organization","name":"Narodowy Instytut Dziedzictwa","url":"https:\/\/nid.pl\/","logo":{"@type":"ImageObject","inLanguage":"en-GB","@id":"https:\/\/nid.pl\/#\/schema\/logo\/image\/","url":"https:\/\/nid.pl\/wp-content\/uploads\/2022\/10\/logoRedDark.png","contentUrl":"https:\/\/nid.pl\/wp-content\/uploads\/2022\/10\/logoRedDark.png","width":200,"height":197,"caption":"Narodowy Instytut Dziedzictwa"},"image":{"@id":"https:\/\/nid.pl\/#\/schema\/logo\/image\/"},"sameAs":["https:\/\/www.facebook.com\/zabytek","https:\/\/x.com\/NarIDpl","https:\/\/www.instagram.com\/nid.pl\/?hl=pl","https:\/\/www.linkedin.com\/company\/narodowy-instytut-dziedzictwa","https:\/\/www.youtube.com\/channel\/UCQXuhKa2uHtmNvLRUSx40JA"]},{"@type":"Person","@id":"https:\/\/nid.pl\/#\/schema\/person\/1b690a8998a5111cfb9f0ffe24195a15","name":"Barbara Halliop","image":{"@type":"ImageObject","inLanguage":"en-GB","@id":"https:\/\/nid.pl\/#\/schema\/person\/image\/","url":"https:\/\/nid.pl\/wp-content\/litespeed\/avatar\/924046d17dd0c842c9fa9ccf489bc6dc.jpg?ver=1777444967","contentUrl":"https:\/\/nid.pl\/wp-content\/litespeed\/avatar\/924046d17dd0c842c9fa9ccf489bc6dc.jpg?ver=1777444967","caption":"Barbara Halliop"},"url":"https:\/\/nid.pl\/en\/author\/bhalliop\/"}]}},"_links":{"self":[{"href":"https:\/\/nid.pl\/en\/wp-json\/wp\/v2\/posts\/12122","targetHints":{"allow":["GET"]}}],"collection":[{"href":"https:\/\/nid.pl\/en\/wp-json\/wp\/v2\/posts"}],"about":[{"href":"https:\/\/nid.pl\/en\/wp-json\/wp\/v2\/types\/post"}],"author":[{"embeddable":true,"href":"https:\/\/nid.pl\/en\/wp-json\/wp\/v2\/users\/7"}],"replies":[{"embeddable":true,"href":"https:\/\/nid.pl\/en\/wp-json\/wp\/v2\/comments?post=12122"}],"version-history":[{"count":0,"href":"https:\/\/nid.pl\/en\/wp-json\/wp\/v2\/posts\/12122\/revisions"}],"wp:featuredmedia":[{"embeddable":true,"href":"https:\/\/nid.pl\/en\/wp-json\/wp\/v2\/media\/12124"}],"wp:attachment":[{"href":"https:\/\/nid.pl\/en\/wp-json\/wp\/v2\/media?parent=12122"}],"wp:term":[{"taxonomy":"category","embeddable":true,"href":"https:\/\/nid.pl\/en\/wp-json\/wp\/v2\/categories?post=12122"},{"taxonomy":"post_tag","embeddable":true,"href":"https:\/\/nid.pl\/en\/wp-json\/wp\/v2\/tags?post=12122"}],"curies":[{"name":"wp","href":"https:\/\/api.w.org\/{rel}","templated":true}]}}