{"id":12079,"date":"2023-06-23T15:51:58","date_gmt":"2023-06-23T13:51:58","guid":{"rendered":"https:\/\/nid.pl\/?p=12079"},"modified":"2023-06-23T15:52:01","modified_gmt":"2023-06-23T13:52:01","slug":"noc-swietojanska","status":"publish","type":"post","link":"https:\/\/nid.pl\/en\/2023\/06\/23\/noc-swietojanska\/","title":{"rendered":"Noc \u015bwi\u0119toja\u0144ska"},"content":{"rendered":"<p><strong>Zbli\u017ca si\u0119 noc \u015awi\u0119toja\u0144ska &#8211; jedna z najkr\u00f3tszych nocy w roku, kt\u00f3ra niesie za sob\u0105 d\u0142ug\u0105 histori\u0119 i bogate tradycje. Pocz\u0105tkowo pochodz\u0105ca ze s\u0142owia\u0144skich obrz\u0119d\u00f3w noc Kupa\u0142y, zosta\u0142a z czasem przyj\u0119ta przez chrze\u015bcija\u0144stwo, staj\u0105c si\u0119 wigili\u0105 \u015bwi\u0119tego Jana Chrzciciela.<\/strong><\/p>\n\n\n\n<p>W wigili\u0119 imienin Jana, czyli z 23 na 24 czerwca, obchodzona jest noc \u015bwi\u0119toja\u0144ska. Chocia\u017c w dzisiejszym popularnym przekazie cz\u0119sto u\u017cywa si\u0119 r\u00f3wnie\u017c nazwy noc Kupa\u0142y, jako synonimu tego \u015bwi\u0119ta, warto zaznaczy\u0107, \u017ce nie s\u0105 to dok\u0142adnie te same tradycje, cho\u0107 istnieje wiele podobie\u0144stw w ich obrz\u0119dach. Warto r\u00f3wnie\u017c wspomnie\u0107, \u017ce noc \u015bwi\u0119toja\u0144ska oraz noc kupalna s\u0105siaduj\u0105 ze sob\u0105 w kalendarzu. Ta zbie\u017cno\u015b\u0107 nie jest przypadkowa i wynika z chrystianizacji tradycji ludowych o korzeniach poga\u0144skich.<\/p>\n\n\n\n<p>Od wiek\u00f3w przesilenie letnie by\u0142o postrzegane jako wyj\u0105tkowy i magiczny okres. Dawniej to \u015bwi\u0119to by\u0142o \u0142\u0105czone z kultem s\u0142o\u0144ca, ognia i wody. By\u0142 to r\u00f3wnie\u017c dzie\u0144 obfituj\u0105cy w huczne zabawy i rozwi\u0105z\u0142o\u015b\u0107. Nasi s\u0142owia\u0144scy przodkowie wierzyli, \u017ce podczas tej nocy, ka\u017cdy powinien si\u0119 upi\u0107 do nieprzytomno\u015bci, aby do\u015bwiadczy\u0107 boskiego uniesienia. Jednocze\u015bnie noc kupa\u0142y by\u0142a uwa\u017cana za niebezpieczn\u0105, gdy\u017c z\u0142e si\u0142y d\u0105\u017cy\u0142y do zdobycia w\u0142adzy, a ludzie starali si\u0119 im przeszkodzi\u0107. Rozpalano w\u00f3wczas \u015bwi\u0119te ognie, kt\u00f3rych blask mia\u0142 odstrasza\u0107 demony i czarownice.<\/p>\n\n\n\n<p><strong>Woda<\/strong><\/p>\n\n\n\n<p>W por\u00f3wnaniu z przesz\u0142o\u015bci\u0105, dzisiejsze zwyczaje zwi\u0105zane z tym dniem maj\u0105 zdecydowanie \u0142agodniejszy przebieg w\u0142a\u015bnie dzi\u0119ki chrystianizacji. Ko\u015bci\u00f3\u0142 katolicki zwi\u0105za\u0142 ten dzie\u0144 ze \u015bw. Janem Chrzcicielem, kt\u00f3ry jest szczeg\u00f3lnie zwi\u0105zany z symbolik\u0105 wody. Dlatego jest ona istotnym elementem nocy \u015bwi\u0119toja\u0144skiej. Dawniej wierzono, \u017ce k\u0105piel w t\u0119 noc, oczyszcza cia\u0142o i dusz\u0119 oraz zapewnia zdrowie i p\u0142odno\u015b\u0107. Za\u015b po nocy \u015bwi\u0119toja\u0144skiej chodzono boso po rosistej trawie, aby zyska\u0107 atrakcyjno\u015b\u0107 w oczach przeciwnej p\u0142ci.<\/p>\n\n\n\n<p>Co ciekawe, noc \u015bwi\u0119toja\u0144ska by\u0142a szczeg\u00f3lnie wa\u017cna dla rybak\u00f3w, flisak\u00f3w i innych os\u00f3b zwi\u0105zanych z prac\u0105 na wodzie. Wierzenia ludowe g\u0142osz\u0105: &#8220;Na \u015bwi\u0119tego Jana woda ju\u017c ogrzana&#8221;, co \u015bwiadczy\u0142o o tym, \u017ce w tej nocy woda staje si\u0119 cieplejsza, bezpieczna do k\u0105pieli.<\/p>\n\n\n\n<p><strong>Ogie\u0144<\/strong><\/p>\n\n\n\n<p>R\u00f3wnie\u017c ogie\u0144 jest wa\u017cnym symbolem nocy \u015bwi\u0119toja\u0144skiej. Symbolizuje on m\u0119sko\u015b\u0107 oraz oczyszczenie i obron\u0119 przed z\u0142em. Dlatego ta\u0144czono wok\u00f3\u0142 ognisk i skakano przez ogie\u0144. Mia\u0142o to przynie\u015b\u0107 odp\u0119dzenie z\u0142ych duch\u00f3w, zdrowie, pomy\u015blno\u015b\u0107 i p\u0142odno\u015b\u0107. Parze trzymaj\u0105cej si\u0119 za r\u0119ce, udany skok przez ogie\u0144 wr\u00f3\u017cy\u0142 szcz\u0119\u015bliwe ma\u0142\u017ce\u0144stwo. Natomiast dym z ognisk zapewnia\u0142 dobre warunki pogodowe podczas \u017cniw i wed\u0142ug wierze\u0144 chroni\u0142 przed z\u0142ymi urokami.<\/p>\n\n\n\n<p><strong>Wianki<\/strong><\/p>\n\n\n\n<p>Jednym z bardziej popularnych zwyczaj\u00f3w w noc \u015bwi\u0119toja\u0144sk\u0105 jest puszczanie wiank\u00f3w. Jest to wr\u00f3\u017cba, kt\u00f3ra obecnie skierowana jest g\u0142\u00f3wnie do panien i kawaler\u00f3w. Dziewcz\u0119ta, tworz\u0105c wianki samodzielnie, wrzuca\u0142y je do nurtu rzeki, oddalaj\u0105c tym samym nieudane, nieszcz\u0119\u015bliwe lub nieosi\u0105gni\u0119te uczucia. Kawalerowie mieli za zadanie wy\u0142owi\u0107 wianek. Je\u015bli im si\u0119 to nie uda\u0142o, przewidywano, \u017ce w\u0142a\u015bcicielka wianka nie b\u0119dzie mia\u0142a szcz\u0119\u015bcia w mi\u0142o\u015bci przez ca\u0142y rok. Je\u015bli natomiast m\u0142ody m\u0119\u017cczyzna nie z\u0142apa\u0142 \u017cadnego wianka w trakcie nocy, r\u00f3wnie\u017c mia\u0142 prze\u017cywa\u0107 kolejne dwana\u015bcie miesi\u0119cy w samotno\u015bci. Jeszcze gorsz\u0105 wr\u00f3\u017cb\u0105 by\u0142a sytuacja, gdy wianek zapl\u0105ta\u0142 si\u0119 w sitowie lub zaton\u0105\u0142. Mia\u0142o to oznacza\u0107 trudno\u015bci mi\u0142osne, niew\u0142a\u015bciwie skierowane uczucia lub osamotnienie.<\/p>\n\n\n\n<p>Puszczanie wiank\u00f3w w noc \u015bwi\u0119toja\u0144sk\u0105 mia\u0142o nie tylko znaczenie matrymonialne. W przesz\u0142o\u015bci pleciono r\u00f3wnie\u017c wianki ochronne dla gospodarstw, przynosz\u0105ce pieni\u0105dze lub chroni\u0105ce przed chorobami.<\/p>\n\n\n\n<p>Innym wa\u017cnym elementem nocy \u015bwi\u0119toja\u0144skiej jest legenda o kwiecie paproci, kt\u00f3ry wed\u0142ug opowie\u015bci zakwita\u0142 raz w roku, w czasie letniego przesilenia. Poszukiwanie tego kwiatu symbolizowa\u0142o szcz\u0119\u015bcie i bogactwo, a wed\u0142ug przekazu mog\u0142y go odnale\u017a\u0107 jedynie osoby sprawiedliwe.<\/p>\n\n\n\n<p>Dzi\u015b tradycje nocy \u015bwi\u0119toja\u0144skiej prze\u017cywaj\u0105 renesans popularno\u015bci &#8211; \u0142\u0105cz\u0105 tradycj\u0119 z zabaw\u0105. Cho\u0107 wydarzenie ewoluowa\u0142o na przestrzeni czasu, to obrz\u0119dy i zwyczaje zwi\u0105zane z t\u0105 noc\u0105, nadal \u0142\u0105cz\u0105 nas z historycznym dziedzictwem i ukazuj\u0105 bogactwo naszej kultury. Dzi\u015b te\u017c za Janem Kochanowskim mo\u017cemy powt\u00f3rzy\u0107:<\/p>\n\n\n\n<p><em>Tak to matki nam poda\u0142y,<br>Samy tak\u017ce z drugich mia\u0142y,<br>\u017be na \u01f3ie\u0144 \u015bwi\u0119tego Jana<br>Zaw\u017cdy Sob\u00f3tka palana. (\u2026)<\/em><\/p>\n\n\n\n<p><em>\u017be na \u01f3ie\u0144 \u015bwi\u0119tego Jana<br>Zaw\u017cdy Sob\u00f3tka palana.<br>\u01f2ieci, rady mej s\u0142uchajcie,<br>Ojcowski rz\u0105d zachowajcie:<br>\u015awi\u0119to niechaj \u015bwi\u0119tem b\u0119\u01f3ie,<br>Tak bywa\u0142o przedtym wsz\u0119\u01f3ie.<\/em><\/p>","protected":false},"excerpt":{"rendered":"<p>Zbli\u017ca si\u0119 noc \u015awi\u0119toja\u0144ska &#8211; jedna z najkr\u00f3tszych nocy w roku, kt\u00f3ra niesie za sob\u0105 d\u0142ug\u0105 histori\u0119 i bogate tradycje. Pocz\u0105tkowo pochodz\u0105ca ze s\u0142owia\u0144skich obrz\u0119d\u00f3w noc Kupa\u0142y, zosta\u0142a z czasem [&hellip;]<\/p>","protected":false},"author":7,"featured_media":12077,"comment_status":"open","ping_status":"open","sticky":false,"template":"","format":"standard","meta":{"_et_pb_use_builder":"off","_et_pb_old_content":"","_et_gb_content_width":"","_monsterinsights_skip_tracking":false,"_monsterinsights_sitenote_active":false,"_monsterinsights_sitenote_note":"","_monsterinsights_sitenote_category":0,"footnotes":""},"categories":[3],"tags":[],"class_list":["post-12079","post","type-post","status-publish","format-standard","has-post-thumbnail","hentry","category-aktualnosci"],"yoast_head":"<!-- This site is optimized with the Yoast SEO plugin v26.5 - https:\/\/yoast.com\/wordpress\/plugins\/seo\/ -->\n<title>Noc \u015bwi\u0119toja\u0144ska - NID<\/title>\n<meta name=\"robots\" content=\"index, follow, max-snippet:-1, max-image-preview:large, max-video-preview:-1\" \/>\n<link rel=\"canonical\" href=\"https:\/\/nid.pl\/en\/2023\/06\/23\/noc-swietojanska\/\" \/>\n<meta property=\"og:locale\" content=\"en_GB\" \/>\n<meta property=\"og:type\" content=\"article\" \/>\n<meta property=\"og:title\" content=\"Noc \u015bwi\u0119toja\u0144ska - NID\" \/>\n<meta property=\"og:description\" content=\"Zbli\u017ca si\u0119 noc \u015awi\u0119toja\u0144ska &#8211; jedna z najkr\u00f3tszych nocy w roku, kt\u00f3ra niesie za sob\u0105 d\u0142ug\u0105 histori\u0119 i bogate tradycje. Pocz\u0105tkowo pochodz\u0105ca ze s\u0142owia\u0144skich obrz\u0119d\u00f3w noc Kupa\u0142y, zosta\u0142a z czasem [&hellip;]\" \/>\n<meta property=\"og:url\" content=\"https:\/\/nid.pl\/en\/2023\/06\/23\/noc-swietojanska\/\" \/>\n<meta property=\"og:site_name\" content=\"NID\" \/>\n<meta property=\"article:publisher\" content=\"https:\/\/www.facebook.com\/zabytek\" \/>\n<meta property=\"article:published_time\" content=\"2023-06-23T13:51:58+00:00\" \/>\n<meta property=\"article:modified_time\" content=\"2023-06-23T13:52:01+00:00\" \/>\n<meta property=\"og:image\" content=\"https:\/\/nid.pl\/wp-content\/uploads\/2023\/06\/miniaturka-aktualnosci-NID-noc-swietojanska-1024x685.png\" \/>\n\t<meta property=\"og:image:width\" content=\"1024\" \/>\n\t<meta property=\"og:image:height\" content=\"685\" \/>\n\t<meta property=\"og:image:type\" content=\"image\/png\" \/>\n<meta name=\"author\" content=\"Barbara Halliop\" \/>\n<meta name=\"twitter:card\" content=\"summary_large_image\" \/>\n<meta name=\"twitter:creator\" content=\"@NarIDpl\" \/>\n<meta name=\"twitter:site\" content=\"@NarIDpl\" \/>\n<meta name=\"twitter:label1\" content=\"Written by\" \/>\n\t<meta name=\"twitter:data1\" content=\"Barbara Halliop\" \/>\n\t<meta name=\"twitter:label2\" content=\"Estimated reading time\" \/>\n\t<meta name=\"twitter:data2\" content=\"3 minutes\" \/>\n<script type=\"application\/ld+json\" class=\"yoast-schema-graph\">{\"@context\":\"https:\/\/schema.org\",\"@graph\":[{\"@type\":\"Article\",\"@id\":\"https:\/\/nid.pl\/2023\/06\/23\/noc-swietojanska\/#article\",\"isPartOf\":{\"@id\":\"https:\/\/nid.pl\/2023\/06\/23\/noc-swietojanska\/\"},\"author\":{\"name\":\"Barbara Halliop\",\"@id\":\"https:\/\/nid.pl\/#\/schema\/person\/1b690a8998a5111cfb9f0ffe24195a15\"},\"headline\":\"Noc \u015bwi\u0119toja\u0144ska\",\"datePublished\":\"2023-06-23T13:51:58+00:00\",\"dateModified\":\"2023-06-23T13:52:01+00:00\",\"mainEntityOfPage\":{\"@id\":\"https:\/\/nid.pl\/2023\/06\/23\/noc-swietojanska\/\"},\"wordCount\":833,\"commentCount\":0,\"publisher\":{\"@id\":\"https:\/\/nid.pl\/#organization\"},\"image\":{\"@id\":\"https:\/\/nid.pl\/2023\/06\/23\/noc-swietojanska\/#primaryimage\"},\"thumbnailUrl\":\"https:\/\/nid.pl\/wp-content\/uploads\/2023\/06\/miniaturka-aktualnosci-NID-noc-swietojanska.png\",\"articleSection\":[\"Aktualno\u015bci\"],\"inLanguage\":\"en-GB\"},{\"@type\":\"WebPage\",\"@id\":\"https:\/\/nid.pl\/2023\/06\/23\/noc-swietojanska\/\",\"url\":\"https:\/\/nid.pl\/2023\/06\/23\/noc-swietojanska\/\",\"name\":\"Noc \u015bwi\u0119toja\u0144ska - NID\",\"isPartOf\":{\"@id\":\"https:\/\/nid.pl\/#website\"},\"primaryImageOfPage\":{\"@id\":\"https:\/\/nid.pl\/2023\/06\/23\/noc-swietojanska\/#primaryimage\"},\"image\":{\"@id\":\"https:\/\/nid.pl\/2023\/06\/23\/noc-swietojanska\/#primaryimage\"},\"thumbnailUrl\":\"https:\/\/nid.pl\/wp-content\/uploads\/2023\/06\/miniaturka-aktualnosci-NID-noc-swietojanska.png\",\"datePublished\":\"2023-06-23T13:51:58+00:00\",\"dateModified\":\"2023-06-23T13:52:01+00:00\",\"breadcrumb\":{\"@id\":\"https:\/\/nid.pl\/2023\/06\/23\/noc-swietojanska\/#breadcrumb\"},\"inLanguage\":\"en-GB\",\"potentialAction\":[{\"@type\":\"ReadAction\",\"target\":[\"https:\/\/nid.pl\/2023\/06\/23\/noc-swietojanska\/\"]}]},{\"@type\":\"ImageObject\",\"inLanguage\":\"en-GB\",\"@id\":\"https:\/\/nid.pl\/2023\/06\/23\/noc-swietojanska\/#primaryimage\",\"url\":\"https:\/\/nid.pl\/wp-content\/uploads\/2023\/06\/miniaturka-aktualnosci-NID-noc-swietojanska.png\",\"contentUrl\":\"https:\/\/nid.pl\/wp-content\/uploads\/2023\/06\/miniaturka-aktualnosci-NID-noc-swietojanska.png\",\"width\":1850,\"height\":1238,\"caption\":\"Wianki, autor: Zofia Stryje\u0144ska\"},{\"@type\":\"BreadcrumbList\",\"@id\":\"https:\/\/nid.pl\/2023\/06\/23\/noc-swietojanska\/#breadcrumb\",\"itemListElement\":[{\"@type\":\"ListItem\",\"position\":1,\"name\":\"Home\",\"item\":\"https:\/\/nid.pl\/\"},{\"@type\":\"ListItem\",\"position\":2,\"name\":\"Noc \u015bwi\u0119toja\u0144ska\"}]},{\"@type\":\"WebSite\",\"@id\":\"https:\/\/nid.pl\/#website\",\"url\":\"https:\/\/nid.pl\/\",\"name\":\"NID\",\"description\":\"Narodowy Instytut Dziedzictwa\",\"publisher\":{\"@id\":\"https:\/\/nid.pl\/#organization\"},\"potentialAction\":[{\"@type\":\"SearchAction\",\"target\":{\"@type\":\"EntryPoint\",\"urlTemplate\":\"https:\/\/nid.pl\/?s={search_term_string}\"},\"query-input\":{\"@type\":\"PropertyValueSpecification\",\"valueRequired\":true,\"valueName\":\"search_term_string\"}}],\"inLanguage\":\"en-GB\"},{\"@type\":\"Organization\",\"@id\":\"https:\/\/nid.pl\/#organization\",\"name\":\"Narodowy Instytut Dziedzictwa\",\"url\":\"https:\/\/nid.pl\/\",\"logo\":{\"@type\":\"ImageObject\",\"inLanguage\":\"en-GB\",\"@id\":\"https:\/\/nid.pl\/#\/schema\/logo\/image\/\",\"url\":\"https:\/\/nid.pl\/wp-content\/uploads\/2022\/10\/logoRedDark.png\",\"contentUrl\":\"https:\/\/nid.pl\/wp-content\/uploads\/2022\/10\/logoRedDark.png\",\"width\":200,\"height\":197,\"caption\":\"Narodowy Instytut Dziedzictwa\"},\"image\":{\"@id\":\"https:\/\/nid.pl\/#\/schema\/logo\/image\/\"},\"sameAs\":[\"https:\/\/www.facebook.com\/zabytek\",\"https:\/\/x.com\/NarIDpl\",\"https:\/\/www.instagram.com\/nid.pl\/?hl=pl\",\"https:\/\/www.linkedin.com\/company\/narodowy-instytut-dziedzictwa\",\"https:\/\/www.youtube.com\/channel\/UCQXuhKa2uHtmNvLRUSx40JA\"]},{\"@type\":\"Person\",\"@id\":\"https:\/\/nid.pl\/#\/schema\/person\/1b690a8998a5111cfb9f0ffe24195a15\",\"name\":\"Barbara Halliop\",\"image\":{\"@type\":\"ImageObject\",\"inLanguage\":\"en-GB\",\"@id\":\"https:\/\/nid.pl\/#\/schema\/person\/image\/\",\"url\":\"https:\/\/nid.pl\/wp-content\/litespeed\/avatar\/924046d17dd0c842c9fa9ccf489bc6dc.jpg?ver=1777444967\",\"contentUrl\":\"https:\/\/nid.pl\/wp-content\/litespeed\/avatar\/924046d17dd0c842c9fa9ccf489bc6dc.jpg?ver=1777444967\",\"caption\":\"Barbara Halliop\"},\"url\":\"https:\/\/nid.pl\/en\/author\/bhalliop\/\"}]}<\/script>\n<!-- \/ Yoast SEO plugin. -->","yoast_head_json":{"title":"Noc \u015bwi\u0119toja\u0144ska - NID","robots":{"index":"index","follow":"follow","max-snippet":"max-snippet:-1","max-image-preview":"max-image-preview:large","max-video-preview":"max-video-preview:-1"},"canonical":"https:\/\/nid.pl\/en\/2023\/06\/23\/noc-swietojanska\/","og_locale":"en_GB","og_type":"article","og_title":"Noc \u015bwi\u0119toja\u0144ska - NID","og_description":"Zbli\u017ca si\u0119 noc \u015awi\u0119toja\u0144ska &#8211; jedna z najkr\u00f3tszych nocy w roku, kt\u00f3ra niesie za sob\u0105 d\u0142ug\u0105 histori\u0119 i bogate tradycje. Pocz\u0105tkowo pochodz\u0105ca ze s\u0142owia\u0144skich obrz\u0119d\u00f3w noc Kupa\u0142y, zosta\u0142a z czasem [&hellip;]","og_url":"https:\/\/nid.pl\/en\/2023\/06\/23\/noc-swietojanska\/","og_site_name":"NID","article_publisher":"https:\/\/www.facebook.com\/zabytek","article_published_time":"2023-06-23T13:51:58+00:00","article_modified_time":"2023-06-23T13:52:01+00:00","og_image":[{"width":1024,"height":685,"url":"https:\/\/nid.pl\/wp-content\/uploads\/2023\/06\/miniaturka-aktualnosci-NID-noc-swietojanska-1024x685.png","type":"image\/png"}],"author":"Barbara Halliop","twitter_card":"summary_large_image","twitter_creator":"@NarIDpl","twitter_site":"@NarIDpl","twitter_misc":{"Written by":"Barbara Halliop","Estimated reading time":"3 minutes"},"schema":{"@context":"https:\/\/schema.org","@graph":[{"@type":"Article","@id":"https:\/\/nid.pl\/2023\/06\/23\/noc-swietojanska\/#article","isPartOf":{"@id":"https:\/\/nid.pl\/2023\/06\/23\/noc-swietojanska\/"},"author":{"name":"Barbara Halliop","@id":"https:\/\/nid.pl\/#\/schema\/person\/1b690a8998a5111cfb9f0ffe24195a15"},"headline":"Noc \u015bwi\u0119toja\u0144ska","datePublished":"2023-06-23T13:51:58+00:00","dateModified":"2023-06-23T13:52:01+00:00","mainEntityOfPage":{"@id":"https:\/\/nid.pl\/2023\/06\/23\/noc-swietojanska\/"},"wordCount":833,"commentCount":0,"publisher":{"@id":"https:\/\/nid.pl\/#organization"},"image":{"@id":"https:\/\/nid.pl\/2023\/06\/23\/noc-swietojanska\/#primaryimage"},"thumbnailUrl":"https:\/\/nid.pl\/wp-content\/uploads\/2023\/06\/miniaturka-aktualnosci-NID-noc-swietojanska.png","articleSection":["Aktualno\u015bci"],"inLanguage":"en-GB"},{"@type":"WebPage","@id":"https:\/\/nid.pl\/2023\/06\/23\/noc-swietojanska\/","url":"https:\/\/nid.pl\/2023\/06\/23\/noc-swietojanska\/","name":"Noc \u015bwi\u0119toja\u0144ska - NID","isPartOf":{"@id":"https:\/\/nid.pl\/#website"},"primaryImageOfPage":{"@id":"https:\/\/nid.pl\/2023\/06\/23\/noc-swietojanska\/#primaryimage"},"image":{"@id":"https:\/\/nid.pl\/2023\/06\/23\/noc-swietojanska\/#primaryimage"},"thumbnailUrl":"https:\/\/nid.pl\/wp-content\/uploads\/2023\/06\/miniaturka-aktualnosci-NID-noc-swietojanska.png","datePublished":"2023-06-23T13:51:58+00:00","dateModified":"2023-06-23T13:52:01+00:00","breadcrumb":{"@id":"https:\/\/nid.pl\/2023\/06\/23\/noc-swietojanska\/#breadcrumb"},"inLanguage":"en-GB","potentialAction":[{"@type":"ReadAction","target":["https:\/\/nid.pl\/2023\/06\/23\/noc-swietojanska\/"]}]},{"@type":"ImageObject","inLanguage":"en-GB","@id":"https:\/\/nid.pl\/2023\/06\/23\/noc-swietojanska\/#primaryimage","url":"https:\/\/nid.pl\/wp-content\/uploads\/2023\/06\/miniaturka-aktualnosci-NID-noc-swietojanska.png","contentUrl":"https:\/\/nid.pl\/wp-content\/uploads\/2023\/06\/miniaturka-aktualnosci-NID-noc-swietojanska.png","width":1850,"height":1238,"caption":"Wianki, autor: Zofia Stryje\u0144ska"},{"@type":"BreadcrumbList","@id":"https:\/\/nid.pl\/2023\/06\/23\/noc-swietojanska\/#breadcrumb","itemListElement":[{"@type":"ListItem","position":1,"name":"Home","item":"https:\/\/nid.pl\/"},{"@type":"ListItem","position":2,"name":"Noc \u015bwi\u0119toja\u0144ska"}]},{"@type":"WebSite","@id":"https:\/\/nid.pl\/#website","url":"https:\/\/nid.pl\/","name":"NID","description":"Narodowy Instytut Dziedzictwa","publisher":{"@id":"https:\/\/nid.pl\/#organization"},"potentialAction":[{"@type":"SearchAction","target":{"@type":"EntryPoint","urlTemplate":"https:\/\/nid.pl\/?s={search_term_string}"},"query-input":{"@type":"PropertyValueSpecification","valueRequired":true,"valueName":"search_term_string"}}],"inLanguage":"en-GB"},{"@type":"Organization","@id":"https:\/\/nid.pl\/#organization","name":"Narodowy Instytut Dziedzictwa","url":"https:\/\/nid.pl\/","logo":{"@type":"ImageObject","inLanguage":"en-GB","@id":"https:\/\/nid.pl\/#\/schema\/logo\/image\/","url":"https:\/\/nid.pl\/wp-content\/uploads\/2022\/10\/logoRedDark.png","contentUrl":"https:\/\/nid.pl\/wp-content\/uploads\/2022\/10\/logoRedDark.png","width":200,"height":197,"caption":"Narodowy Instytut Dziedzictwa"},"image":{"@id":"https:\/\/nid.pl\/#\/schema\/logo\/image\/"},"sameAs":["https:\/\/www.facebook.com\/zabytek","https:\/\/x.com\/NarIDpl","https:\/\/www.instagram.com\/nid.pl\/?hl=pl","https:\/\/www.linkedin.com\/company\/narodowy-instytut-dziedzictwa","https:\/\/www.youtube.com\/channel\/UCQXuhKa2uHtmNvLRUSx40JA"]},{"@type":"Person","@id":"https:\/\/nid.pl\/#\/schema\/person\/1b690a8998a5111cfb9f0ffe24195a15","name":"Barbara Halliop","image":{"@type":"ImageObject","inLanguage":"en-GB","@id":"https:\/\/nid.pl\/#\/schema\/person\/image\/","url":"https:\/\/nid.pl\/wp-content\/litespeed\/avatar\/924046d17dd0c842c9fa9ccf489bc6dc.jpg?ver=1777444967","contentUrl":"https:\/\/nid.pl\/wp-content\/litespeed\/avatar\/924046d17dd0c842c9fa9ccf489bc6dc.jpg?ver=1777444967","caption":"Barbara Halliop"},"url":"https:\/\/nid.pl\/en\/author\/bhalliop\/"}]}},"_links":{"self":[{"href":"https:\/\/nid.pl\/en\/wp-json\/wp\/v2\/posts\/12079","targetHints":{"allow":["GET"]}}],"collection":[{"href":"https:\/\/nid.pl\/en\/wp-json\/wp\/v2\/posts"}],"about":[{"href":"https:\/\/nid.pl\/en\/wp-json\/wp\/v2\/types\/post"}],"author":[{"embeddable":true,"href":"https:\/\/nid.pl\/en\/wp-json\/wp\/v2\/users\/7"}],"replies":[{"embeddable":true,"href":"https:\/\/nid.pl\/en\/wp-json\/wp\/v2\/comments?post=12079"}],"version-history":[{"count":0,"href":"https:\/\/nid.pl\/en\/wp-json\/wp\/v2\/posts\/12079\/revisions"}],"wp:featuredmedia":[{"embeddable":true,"href":"https:\/\/nid.pl\/en\/wp-json\/wp\/v2\/media\/12077"}],"wp:attachment":[{"href":"https:\/\/nid.pl\/en\/wp-json\/wp\/v2\/media?parent=12079"}],"wp:term":[{"taxonomy":"category","embeddable":true,"href":"https:\/\/nid.pl\/en\/wp-json\/wp\/v2\/categories?post=12079"},{"taxonomy":"post_tag","embeddable":true,"href":"https:\/\/nid.pl\/en\/wp-json\/wp\/v2\/tags?post=12079"}],"curies":[{"name":"wp","href":"https:\/\/api.w.org\/{rel}","templated":true}]}}