{"id":11947,"date":"2023-06-20T16:37:26","date_gmt":"2023-06-20T14:37:26","guid":{"rendered":"https:\/\/nid.pl\/?p=11947"},"modified":"2023-06-21T09:33:15","modified_gmt":"2023-06-21T07:33:15","slug":"znamy-laureatow-konkursu-zabytek-zadbany-2023","status":"publish","type":"post","link":"https:\/\/nid.pl\/en\/2023\/06\/20\/znamy-laureatow-konkursu-zabytek-zadbany-2023\/","title":{"rendered":"Znamy laureat\u00f3w konkursu Zabytek Zadbany 2023!\u00a0"},"content":{"rendered":"<p><strong>We wtorek &#8211; 20 czerwca &#8211; w Ministerstwie Kultury i Dziedzictwa Narodowego odby\u0142o si\u0119 uroczyste og\u0142oszenie zwyci\u0119zc\u00f3w konkursu Ministra Kultury i Dziedzictwa Narodowego oraz Generalnego Konserwatora Zabytk\u00f3w Zabytek Zadbany. To presti\u017cowe wydarzenie mia\u0142o na celu uhonorowanie najbardziej godnych uznania projekt\u00f3w z dziedziny konserwacji zabytk\u00f3w.&nbsp;<\/strong><\/p>\n\n\n\n<p>Zabytek Zadbany to og\u00f3lnopolski konkurs Ministra Kultury i Dziedzictwa Narodowego oraz Generalnego Konserwatora Zabytk\u00f3w, kt\u00f3rego procedur\u0119 konkursow\u0105 prowadzi Narodowy Instytut Dziedzictwa. Celem konkursu jest promowanie i popularyzowanie najlepszych prac z zakresu konserwacji, rewitalizacji i adaptacji, kt\u00f3re zosta\u0142y zrealizowane zgodnie z najwy\u017cszymi standardami badawczymi i wykonawczymi.&nbsp;<\/p>\n\n\n\n<p>Konkurs cieszy si\u0119 wieloletni\u0105 tradycj\u0105. Jego pierwsza edycja odby\u0142a si\u0119 blisko p\u00f3\u0142 wieku temu. Corocznie o miano laureat\u00f3w i wyr\u00f3\u017cnionych ubiega\u0107 si\u0119 mog\u0105 w\u0142a\u015bciciele i zarz\u0105dcy zabytkowych nieruchomo\u015bci, kt\u00f3rzy wzorowo i konsekwentnie prowadz\u0105 dzia\u0142ania \u2013 badawcze, rewitalizacyjne, konserwatorskie i budowlane.&nbsp;<\/p>\n\n\n\n<p>Przez etap oceny formalnej pomy\u015blnie przesz\u0142y 42 obiekty z 13 wojew\u00f3dztw, kt\u00f3re zaprezentowa\u0142y wysok\u0105 jako\u015b\u0107 i profesjonalizm w dziedzinie konserwacji zabytk\u00f3w. W konkursowej stawce znalaz\u0142y si\u0119 zar\u00f3wno unikatowe zabytki o donios\u0142ym znaczeniu dla ca\u0142ego kraju, jak i te o lokalnym charakterze, kt\u00f3re wpisuj\u0105 si\u0119 w barwn\u0105 mozaik\u0119 naszego kulturowego dziedzictwa.&nbsp;<\/p>\n\n\n\n<p>Po przeprowadzeniu starannej oceny, komisja konkursowa dokona\u0142a trudnego zadania wy\u0142onienia nominowanych spo\u015br\u00f3d wielu doskona\u0142ych projekt\u00f3w. Zwyci\u0119zcy zostali wybrani w oparciu o ich wk\u0142ad w ochron\u0119 i zachowanie dziedzictwa narodowego, innowacyjno\u015b\u0107 podej\u015bcia oraz jako\u015b\u0107 wykonania prac.\u00a0<\/p>\n\n\n\n<p>Sekretarz stanu w Ministerstwie Kultury i Dziedzictwa Narodowego, generalny konserwator zabytk\u00f3w dr Jaros\u0142aw Sellin podkre\u015bli\u0142 znaczenie wydarzenia po\u015bwi\u0119conemu uhonorowaniu os\u00f3b i podmiot\u00f3w opiekuj\u0105cych si\u0119 zabytkami:<\/p>\n\n\n\n<p>\u2013 <em>Dzisiejsza uroczysto\u015b\u0107 jest skierowana nie tylko do depozytariuszy tego dziedzictwa, kt\u00f3rego jeste\u015bcie w\u0142a\u015bcicielami, ale te\u017c do s\u0142u\u017cb konserwatorskich, badaczy, projektant\u00f3w, konserwator\u00f3w, wykonawc\u00f3w, wszystkich os\u00f3b zaanga\u017cowanych w interdyscyplinarne procesy ochrony i opieki nad zabytkami. (\u2026) Chcia\u0142em podzi\u0119kowa\u0107 wszystkim, kt\u00f3rzy opiekuj\u0105 si\u0119 zabytkami, ale te\u017c organizatorowi konkursu \u2013 Narodowemu Instytutowi Dziedzictwa oraz jury \u2013 za trud przeanalizowania zg\u0142oszonych kandydatur i wskazania laureat\u00f3w. My\u015bl\u0119, \u017ce warto w eksponowanym miejscu zawiesi\u0107 te tablice, aby by\u0142o wiadomo, \u017ce takie wyr\u00f3\u017cnienie za opiek\u0119 nad zabytkiem Pa\u0144stwo otrzymali <\/em>\u2013 podkre\u015bli\u0142 dr Jaros\u0142aw Sellin.<\/p>\n\n\n\n<p>Wiceminister Sellin przypomnia\u0142 tak\u017ce, \u017ce aby zabytek by\u0142 zadbany, niezb\u0119dne s\u0105 \u015brodki finansowe:<\/p>\n\n\n\n<p>\u2013 <em>Staramy si\u0119 w MKiDN podchodzi\u0107 do tego wyzwania bardzo ambitnie, tegoroczna edycja naszego programu \u201eOchrona zabytk\u00f3w\u201d pozwoli na dofinansowanie oko\u0142o 900 obiekt\u00f3w na kwot\u0119 240 mln z\u0142. W 2015 roku to by\u0142o 80 mln z\u0142. Uwa\u017camy, \u017ce potrzeby s\u0105 du\u017ce, st\u0105d sta\u0142e zwi\u0119kszenia \u015brodk\u00f3w na ochron\u0119 zabytk\u00f3w \u2013 <\/em>podkre\u015bli\u0142 sekretarz stanu w MKiDN.\u00a0<em> \u00a0<\/em><\/p>\n\n\n\n<p>Wiceminister Sellin przypomnia\u0142 tak\u017ce za\u0142o\u017cenia Polskiego \u0141adu dla zabytk\u00f3w, w ramach kt\u00f3rego zosta\u0142o przeznaczonych 3 mld z\u0142 do wykorzystania w ci\u0105gu najbli\u017cszych 3 lat.<\/p>\n\n\n\n<p>\u2013<em> Ten program jest ewenementem w historii Polski powojennej. Jest on przeznaczony dla samorz\u0105d\u00f3w, kt\u00f3re mog\u0105 zg\u0142asza\u0107 swoje potrzeby do Baku Gospodarstwa Krajowego. Po weryfikacji formalnej wnioski trafiaj\u0105 do Kancelarii Premiera. Pierwsze decyzje, w ramach promesy, zostan\u0105 podj\u0119te latem. Dotychczas zg\u0142oszono 11,5 tys. wniosk\u00f3w na kwot\u0119 14 mld z\u0142 <\/em>\u2013 przekaza\u0142 wiceszef resortu kultury.<\/p>\n\n\n\n<p>Dyrektor Narodowego Instytutu Dziedzictwa, dr hab. Katarzyna Zalasi\u0144ska podkre\u015bli\u0142a wag\u0119 niniejszego konkursu:&nbsp;<\/p>\n\n\n\n<p>\u2013 <em>Konkurs Zabytek Zadbany jest doskona\u0142\u0105 okazj\u0105 do uhonorowania tych, kt\u00f3rzy wk\u0142adaj\u0105 ogromny wysi\u0142ek w zachowanie zabytk\u00f3w w Polsce dla przysz\u0142ych pokole\u0144. Ich prace s\u0105 nie tylko wyrazem pasji i oddania, ale tak\u017ce istotnym wk\u0142adem w rozw\u00f3j kulturalny kraju. Dzi\u0119ki konkursowi zyskujemy mo\u017cliwo\u015b\u0107 zaprezentowania najlepszych przyk\u0142ad\u00f3w konserwacji zabytk\u00f3w, inspiruj\u0105c innych do podejmowania podobnych dzia\u0142a\u0144 w przysz\u0142o\u015bci \u2013 <\/em>podkre\u015bli\u0142a dyrektor Zalasi\u0144ska.&nbsp;<\/p>\n\n\n\n<p><\/p>\n\n\n\n<p><strong>Konkurs \u201eZabytek Zadbany\u201d \u2013 rozstrzygni\u0119cie edycji 2023<\/strong><\/p>\n\n\n\n<ul class=\"wp-block-list\"><li><strong>Kategoria specjalna w\u0142a\u015bciwego u\u017cytkowania i sta\u0142ej opieki<\/strong> <strong>nad zabytkiem<\/strong>:<\/li><\/ul>\n\n\n\n<p><strong>Laureaci<\/strong><br>&#8211; Katedra Wniebowzi\u0119cia NMP i \u015awi\u0119tego Andrzeja Aposto\u0142a we Fromborku<br>  W\u0142a\u015bciciel: Archidiecezja Warmi\u0144ska<br>&#8211; Zesp\u00f3\u0142 ko\u015bcio\u0142a \u015awi\u0119tego Antoniego Padewskiego i klasztoru franciszkan\u00f3w w Poznaniu<br>  W\u0142a\u015bciciel: Klasztor Franciszkan\u00f3w w Poznaniu<br>  Prowincji \u015awi\u0119tego Maksymiliana Kolbego Zakonu Braci Mniejszych Konwentualnych w Polsce<\/p>\n\n\n\n<ul class=\"wp-block-list\"><li><strong>Kategoria utrwalenia warto\u015bci zabytkowej obiektu<\/strong>:<\/li><\/ul>\n\n\n\n<p><strong>Laureat<\/strong><br>Ko\u015bci\u00f3\u0142 parafialny NSPJ w Gdyni<br>W\u0142a\u015bciciel: Parafia Rzymskokatolicka Naj\u015bwi\u0119tszego Serca Pana Jezusa w Gdyni<\/p>\n\n\n\n<p><strong>Wyr\u00f3\u017cnienia<\/strong><br>&#8211; Ratusz w Z\u0105bkowicach \u015al\u0105skich<br>  W\u0142a\u015bciciel: Gmina Z\u0105bkowice \u015al\u0105skie<br>&#8211; Kamienica przy ul. 3 Maja 32 w Rzeszowie<br>  W\u0142a\u015bciciel: Janusz Skomra<br>&#8211; Budynek Muzeum G\u00f3rnictwa W\u0119glowego przy ul. 3 Maja 19 w Zabrzu<br>  W\u0142a\u015bciciel: Muzeum G\u00f3rnictwa W\u0119glowego w Zabrzu<\/p>\n\n\n\n<ul class=\"wp-block-list\"><li><strong>Kategoria rewaloryzacji przestrzeni kulturowej i krajobrazu<\/strong>:<\/li><\/ul>\n\n\n\n<p><strong>Laureat<\/strong><br>Cmentarz z okresu pierwszej wojny \u015bwiatowej nr 196 w Koszycach Ma\u0142ych<br>W\u0142a\u015bciciel: Gmina Tarn\u00f3w<\/p>\n\n\n\n<p><strong>Wyr\u00f3\u017cnienia<\/strong><br>&#8211; Pa\u0142ac w Pniewach<br>  W\u0142a\u015bciciel: Gmina Pniew<br>&#8211; Belweder w \u015awidnicy<br>  W\u0142a\u015bciciel: Gmina Miasto \u015awidnica<\/p>\n\n\n\n<ul class=\"wp-block-list\"><li><strong>Kategoria adaptacji obiekt\u00f3w zabytkowych<\/strong>:<\/li><\/ul>\n\n\n\n<p><strong>Laureat<\/strong><br>Budynek mieszkalny &#8220;Stara Szwalnia&#8221; w Lesznie<br>W\u0142a\u015bciciel: Apartamenty Skarbowa Moderne Bis Sp\u00f3\u0142ka Komandytowa<\/p>\n\n\n\n<p><strong>Wyr\u00f3\u017cnienia<\/strong><br>&#8211; Pa\u0142ac w Brwinowie<br>  W\u0142a\u015bciciel: Gmina Brwin\u00f3w<br>&#8211; Ko\u015bci\u00f3\u0142 poewangelicki w Z\u0142otym Stoku<br>  W\u0142a\u015bciciel: Gmina Z\u0142oty Stok<br>&#8211; Siedziba dyrekcji i administracji Zak\u0142ad\u00f3w Lniarskich w \u017byrardowie<br>  W\u0142a\u015bciciel: Miasto \u017byrard\u00f3w<\/p>\n\n\n\n<ul class=\"wp-block-list\"><li><strong>Kategoria architektury i budownictwa drewnianego<\/strong>:<\/li><\/ul>\n\n\n\n<p><strong>Laureat<\/strong><br>Ko\u015bci\u00f3\u0142 parafialny \u015awi\u0119tego Jana Chrzciciela w Soninie<br>W\u0142a\u015bciciel: Parafia Rzymskokatolicka \u015awi\u0119tego Jana Chrzciciela w Soninie<\/p>\n\n\n\n<p><strong>Wyr\u00f3\u017cnienia<\/strong><br>&#8211; Willa Jadwini\u00f3wka w Zakopanem<br>  W\u0142a\u015bciciel: Barbara i Rados\u0142aw Izdebscy<br>&#8211; Willa Frank\u00f3wka w J\u00f3zefowie<br>  W\u0142a\u015bciciel: Miasto J\u00f3zef\u00f3w<br>&#8211; Kapliczka przydro\u017cna w miejscowo\u015bci Podlas<br>  W\u0142a\u015bciciel: Gmina Rawa Mazowiecka<\/p>\n\n\n\n<ul class=\"wp-block-list\"><li><strong>Kategoria zabytk\u00f3w techniki<\/strong>:<br>W kategorii tej przyznano dwa wyr\u00f3\u017cnienia, bez laureata.<\/li><\/ul>\n\n\n\n<p><strong>Wyr\u00f3\u017cnienia<\/strong><br>&#8211; Wiatrak w Chro\u015bnie<br>  W\u0142a\u015bciciel: Gmina Kruszwica<br>&#8211; Zesp\u00f3\u0142 dworca kolejowego w W\u0119gli\u0144cu<br>  W\u0142a\u015bciciel: Polskie Koleje Pa\u0144stwowe Sp\u00f3\u0142ka Akcyjna<\/p>\n\n\n\n<p><\/p>\n\n\n\n<p>Laureaci i wyr\u00f3\u017cnieni w konkursie otrzymali tablice \u201eZabytku Zadbanego\u201d do oznakowania obiekt\u00f3w. Tablice ze znakiem B\u0142\u0119kitnej Tarczy \u2013 symbolem ochrony zabytk\u00f3w w Polsce, kt\u00f3ry zosta\u0142 zaprojektowany przez Jan Zachwatowicza, jednego z najwi\u0119kszych polskich konserwator\u00f3w zabytk\u00f3w, jest znakiem ochrony okre\u015blonym w Konwencji Haskiej z 1954 roku, dotycz\u0105cej ochrony d\u00f3br kultury w razie wojny.&nbsp;<\/p>\n\n\n\n<p>Nagrodzone zabytki b\u0119d\u0105 prezentowane w dedykowanych wydawnictwach Narodowego Instytutu Dziedzictwa, przekazywanych w\u0142a\u015bcicielom zabytk\u00f3w i przedstawicielom og\u00f3lnopolskiego \u015brodowiska konserwatorskiego.&nbsp;<\/p>\n\n\n\n<p>Wszystkim uczestnikom konkursu serdecznie gratulujemy. Mamy przekonanie, \u017ce ich praca b\u0119dzie cenn\u0105 inspiracj\u0105 dla kolejnych w\u0142a\u015bcicieli zabytkowych budynk\u00f3w. Podzi\u0119kowania nale\u017c\u0105 si\u0119 r\u00f3wnie\u017c wszystkim osobom i podmiotom zaanga\u017cowanym w realizacj\u0119 konkursu. Niezwykle cenny jest wk\u0142ad merytoryczny i wsparcie konserwator\u00f3w zabytk\u00f3w, na r\u00f3\u017cnych szczeblach administracyjnych oraz pracownik\u00f3w NID zaanga\u017cowanym w ocen\u0119 wniosk\u00f3w, przeprowadzenie wielu wizji lokalnych, przygotowanie opinii oraz prowadzenie sekretariat\u00f3w konkurs\u00f3w.&nbsp;<\/p>\n\n\n\n<p>Konkurs Zabytek Zadbany obj\u0119ty jest patronatem Polskiego Radia S.A.&nbsp;<\/p>\n\n\n\n<p>Organizacja konkursu jest finansowana ze \u015brodk\u00f3w Ministerstwa Kultury i Dziedzictwa Narodowego.&nbsp;<\/p>\n\n\n\n<p><\/p>\n\n\n\n<figure class=\"wp-block-gallery has-nested-images columns-default is-cropped wp-block-gallery-1 is-layout-flex wp-block-gallery-is-layout-flex\">\n<figure class=\"wp-block-image size-large\"><img loading=\"lazy\" decoding=\"async\" width=\"1024\" height=\"768\" data-id=\"11948\" src=\"https:\/\/nid.pl\/wp-content\/uploads\/2023\/06\/image00002-1024x768.jpeg\" alt=\"\" class=\"wp-image-11948\" srcset=\"https:\/\/nid.pl\/wp-content\/uploads\/2023\/06\/image00002-980x735.jpeg 980w, https:\/\/nid.pl\/wp-content\/uploads\/2023\/06\/image00002-480x360.jpeg 480w\" sizes=\"(min-width: 0px) and (max-width: 480px) 480px, (min-width: 481px) and (max-width: 980px) 980px, (min-width: 981px) 1024px, 100vw\" \/><\/figure>\n<figcaption class=\"blocks-gallery-caption\">Sekretarz stanu w MKiDN, Generalny Konserwator Zabytk\u00f3w &#8211; dr Jaros\u0142aw Sellin, fot. NID<\/figcaption><\/figure>\n\n\n\n<p><\/p>\n\n\n\n<figure class=\"wp-block-gallery has-nested-images columns-default is-cropped wp-block-gallery-2 is-layout-flex wp-block-gallery-is-layout-flex\">\n<figure class=\"wp-block-image size-large\"><img loading=\"lazy\" decoding=\"async\" width=\"1024\" height=\"768\" data-id=\"11949\" src=\"https:\/\/nid.pl\/wp-content\/uploads\/2023\/06\/image0008.jpeg\" alt=\"\" class=\"wp-image-11949\" srcset=\"https:\/\/nid.pl\/wp-content\/uploads\/2023\/06\/image0008.jpeg 1024w, https:\/\/nid.pl\/wp-content\/uploads\/2023\/06\/image0008-980x735.jpeg 980w, https:\/\/nid.pl\/wp-content\/uploads\/2023\/06\/image0008-480x360.jpeg 480w\" sizes=\"(min-width: 0px) and (max-width: 480px) 480px, (min-width: 481px) and (max-width: 980px) 980px, (min-width: 981px) 1024px, 100vw\" \/><\/figure>\n<figcaption class=\"blocks-gallery-caption\">Dyrektor Narodowego Instytutu Dziedzictwa &#8211; dr hab. Katarzyna Zalasi\u0144ska, fot. NID<\/figcaption><\/figure>\n\n\n\n<p><\/p>\n\n\n\n<figure class=\"wp-block-gallery has-nested-images columns-default is-cropped wp-block-gallery-3 is-layout-flex wp-block-gallery-is-layout-flex\">\n<figure class=\"wp-block-image size-large\"><img loading=\"lazy\" decoding=\"async\" width=\"1024\" height=\"768\" data-id=\"11950\" src=\"https:\/\/nid.pl\/wp-content\/uploads\/2023\/06\/image00001-1024x768.jpeg\" alt=\"\" class=\"wp-image-11950\" srcset=\"https:\/\/nid.pl\/wp-content\/uploads\/2023\/06\/image00001-980x735.jpeg 980w, https:\/\/nid.pl\/wp-content\/uploads\/2023\/06\/image00001-480x360.jpeg 480w\" sizes=\"(min-width: 0px) and (max-width: 480px) 480px, (min-width: 481px) and (max-width: 980px) 980px, (min-width: 981px) 1024px, 100vw\" \/><\/figure>\n<figcaption class=\"blocks-gallery-caption\">Wr\u0119czenie nagr\u00f3d w konkursie \u201eZabytek Zadbany\u201d, fot. NID<\/figcaption><\/figure>\n\n\n\n<p><\/p>\n\n\n\n<figure class=\"wp-block-gallery has-nested-images columns-default is-cropped wp-block-gallery-4 is-layout-flex wp-block-gallery-is-layout-flex\">\n<figure class=\"wp-block-image size-large\"><img loading=\"lazy\" decoding=\"async\" width=\"1024\" height=\"786\" data-id=\"11956\" src=\"https:\/\/nid.pl\/wp-content\/uploads\/2023\/06\/5D-1-1024x786.jpeg\" alt=\"\" class=\"wp-image-11956\" srcset=\"https:\/\/nid.pl\/wp-content\/uploads\/2023\/06\/5D-1-980x752.jpeg 980w, https:\/\/nid.pl\/wp-content\/uploads\/2023\/06\/5D-1-480x368.jpeg 480w\" sizes=\"(min-width: 0px) and (max-width: 480px) 480px, (min-width: 481px) and (max-width: 980px) 980px, (min-width: 981px) 1024px, 100vw\" \/><\/figure>\n<figcaption class=\"blocks-gallery-caption\">Wr\u0119czenie nagr\u00f3d w konkursie \u201eZabytek Zadbany&#8221;, kategoria specjalna &#8220;W\u0142a\u015bciwe u\u017cytkowanie i sta\u0142a opieka nad zabytkiem&#8221;, fot. NID<\/figcaption><\/figure>\n\n\n\n<p><\/p>\n\n\n\n<figure class=\"wp-block-gallery has-nested-images columns-default is-cropped wp-block-gallery-5 is-layout-flex wp-block-gallery-is-layout-flex\">\n<figure class=\"wp-block-image size-large\"><img loading=\"lazy\" decoding=\"async\" width=\"2560\" height=\"1920\" data-id=\"11952\" src=\"https:\/\/nid.pl\/wp-content\/uploads\/2023\/06\/2A-scaled.jpeg\" alt=\"\" class=\"wp-image-11952\" srcset=\"https:\/\/nid.pl\/wp-content\/uploads\/2023\/06\/2A-scaled.jpeg 2560w, https:\/\/nid.pl\/wp-content\/uploads\/2023\/06\/2A-300x225.jpeg 300w, https:\/\/nid.pl\/wp-content\/uploads\/2023\/06\/2A-1024x768.jpeg 1024w, https:\/\/nid.pl\/wp-content\/uploads\/2023\/06\/2A-768x576.jpeg 768w, https:\/\/nid.pl\/wp-content\/uploads\/2023\/06\/2A-1536x1152.jpeg 1536w, https:\/\/nid.pl\/wp-content\/uploads\/2023\/06\/2A-2048x1536.jpeg 2048w, https:\/\/nid.pl\/wp-content\/uploads\/2023\/06\/2A-16x12.jpeg 16w, https:\/\/nid.pl\/wp-content\/uploads\/2023\/06\/2A-510x382.jpeg 510w, https:\/\/nid.pl\/wp-content\/uploads\/2023\/06\/2A-1080x810.jpeg 1080w\" sizes=\"(max-width: 2560px) 100vw, 2560px\" \/><\/figure>\n<figcaption class=\"blocks-gallery-caption\">Wr\u0119czenie nagr\u00f3d w konkursie \u201eZabytek Zadbany&#8221;, kategoria &#8220;Utrwalenie warto\u015bci zabytkowej obiektu&#8221;, fot. NID<\/figcaption><\/figure>\n\n\n\n<p><\/p>\n\n\n\n<figure class=\"wp-block-gallery has-nested-images columns-default is-cropped wp-block-gallery-6 is-layout-flex wp-block-gallery-is-layout-flex\">\n<figure class=\"wp-block-image size-large\"><img loading=\"lazy\" decoding=\"async\" width=\"1024\" height=\"822\" data-id=\"11974\" src=\"https:\/\/nid.pl\/wp-content\/uploads\/2023\/06\/3B-1024x822.jpeg\" alt=\"\" class=\"wp-image-11974\" srcset=\"https:\/\/nid.pl\/wp-content\/uploads\/2023\/06\/3B-980x786.jpeg 980w, https:\/\/nid.pl\/wp-content\/uploads\/2023\/06\/3B-480x385.jpeg 480w\" sizes=\"(min-width: 0px) and (max-width: 480px) 480px, (min-width: 481px) and (max-width: 980px) 980px, (min-width: 981px) 1024px, 100vw\" \/><\/figure>\n<figcaption class=\"blocks-gallery-caption\">Wr\u0119czenie nagr\u00f3d w konkursie \u201eZabytek Zadbany&#8221;, kategoria &#8220;Rewaloryzacja przestrzeni kulturowej i krajobrazu&#8221;, fot. NID<\/figcaption><\/figure>\n\n\n\n<p><\/p>\n\n\n\n<figure class=\"wp-block-gallery has-nested-images columns-default is-cropped wp-block-gallery-7 is-layout-flex wp-block-gallery-is-layout-flex\">\n<figure class=\"wp-block-image size-large\"><img loading=\"lazy\" decoding=\"async\" width=\"1024\" height=\"768\" data-id=\"11959\" src=\"https:\/\/nid.pl\/wp-content\/uploads\/2023\/06\/4C-1-1024x768.jpeg\" alt=\"\" class=\"wp-image-11959\" srcset=\"https:\/\/nid.pl\/wp-content\/uploads\/2023\/06\/4C-1-980x735.jpeg 980w, https:\/\/nid.pl\/wp-content\/uploads\/2023\/06\/4C-1-480x360.jpeg 480w\" sizes=\"(min-width: 0px) and (max-width: 480px) 480px, (min-width: 481px) and (max-width: 980px) 980px, (min-width: 981px) 1024px, 100vw\" \/><\/figure>\n<figcaption class=\"blocks-gallery-caption\">Wr\u0119czenie nagr\u00f3d w konkursie \u201eZabytek Zadbany&#8221;, kategoria &#8220;Adaptacja obiekt\u00f3w zabytkowych&#8221;, fot. NID<\/figcaption><\/figure>\n\n\n\n<p><\/p>\n\n\n\n<figure class=\"wp-block-gallery has-nested-images columns-default is-cropped wp-block-gallery-8 is-layout-flex wp-block-gallery-is-layout-flex\">\n<figure class=\"wp-block-image size-large\"><img loading=\"lazy\" decoding=\"async\" width=\"1024\" height=\"768\" data-id=\"11960\" src=\"https:\/\/nid.pl\/wp-content\/uploads\/2023\/06\/1F-1-1024x768.jpeg\" alt=\"\" class=\"wp-image-11960\" srcset=\"https:\/\/nid.pl\/wp-content\/uploads\/2023\/06\/1F-1-980x735.jpeg 980w, https:\/\/nid.pl\/wp-content\/uploads\/2023\/06\/1F-1-480x360.jpeg 480w\" sizes=\"(min-width: 0px) and (max-width: 480px) 480px, (min-width: 481px) and (max-width: 980px) 980px, (min-width: 981px) 1024px, 100vw\" \/><\/figure>\n<figcaption class=\"blocks-gallery-caption\">Wr\u0119czenie nagr\u00f3d w konkursie \u201eZabytek Zadbany&#8221;, kategoria &#8220;Architektura i budownictwo drewniane&#8221;, fot. NID<\/figcaption><\/figure>\n\n\n\n<p><\/p>\n\n\n\n<figure class=\"wp-block-gallery has-nested-images columns-default is-cropped wp-block-gallery-9 is-layout-flex wp-block-gallery-is-layout-flex\">\n<figure class=\"wp-block-image size-large\"><img loading=\"lazy\" decoding=\"async\" width=\"1024\" height=\"721\" data-id=\"11962\" src=\"https:\/\/nid.pl\/wp-content\/uploads\/2023\/06\/7E-2-1024x721.jpeg\" alt=\"\" class=\"wp-image-11962\" srcset=\"https:\/\/nid.pl\/wp-content\/uploads\/2023\/06\/7E-2-980x690.jpeg 980w, https:\/\/nid.pl\/wp-content\/uploads\/2023\/06\/7E-2-480x338.jpeg 480w\" sizes=\"(min-width: 0px) and (max-width: 480px) 480px, (min-width: 481px) and (max-width: 980px) 980px, (min-width: 981px) 1024px, 100vw\" \/><\/figure>\n<figcaption class=\"blocks-gallery-caption\">Wr\u0119czenie nagr\u00f3d w konkursie \u201eZabytek Zadbany&#8221;, kategoria &#8220;Zabytki techniki&#8221;, fot. NID<\/figcaption><\/figure>\n\n\n\n<p><\/p>\n\n\n\n<figure class=\"wp-block-gallery has-nested-images columns-default is-cropped wp-block-gallery-10 is-layout-flex wp-block-gallery-is-layout-flex\">\n<figure class=\"wp-block-image size-large\"><img loading=\"lazy\" decoding=\"async\" width=\"1024\" height=\"664\" data-id=\"11990\" src=\"https:\/\/nid.pl\/wp-content\/uploads\/2023\/06\/IMG-3450-1024x664.jpg\" alt=\"\" class=\"wp-image-11990\" srcset=\"https:\/\/nid.pl\/wp-content\/uploads\/2023\/06\/IMG-3450-980x636.jpg 980w, https:\/\/nid.pl\/wp-content\/uploads\/2023\/06\/IMG-3450-480x311.jpg 480w\" sizes=\"(min-width: 0px) and (max-width: 480px) 480px, (min-width: 481px) and (max-width: 980px) 980px, (min-width: 981px) 1024px, 100vw\" \/><\/figure>\n<figcaption class=\"blocks-gallery-caption\">Wr\u0119czenie nagr\u00f3d w konkursie \u201eZabytek Zadbany&#8221;, fot. NID<br><\/figcaption><\/figure>\n\n\n\n<figure class=\"wp-block-gallery has-nested-images columns-default is-cropped wp-block-gallery-11 is-layout-flex wp-block-gallery-is-layout-flex\">\n<figure class=\"wp-block-image size-large\"><img loading=\"lazy\" decoding=\"async\" width=\"1024\" height=\"768\" data-id=\"11991\" src=\"https:\/\/nid.pl\/wp-content\/uploads\/2023\/06\/IMG-3452-1024x768.jpg\" alt=\"\" class=\"wp-image-11991\" srcset=\"https:\/\/nid.pl\/wp-content\/uploads\/2023\/06\/IMG-3452-980x735.jpg 980w, https:\/\/nid.pl\/wp-content\/uploads\/2023\/06\/IMG-3452-480x360.jpg 480w\" sizes=\"(min-width: 0px) and (max-width: 480px) 480px, (min-width: 481px) and (max-width: 980px) 980px, (min-width: 981px) 1024px, 100vw\" \/><\/figure>\n<figcaption class=\"blocks-gallery-caption\">Wr\u0119czenie nagr\u00f3d w konkursie \u201eZabytek Zadbany&#8221;, fot. NID<\/figcaption><\/figure>\n\n\n\n<p><\/p>\n\n\n\n<figure class=\"wp-block-gallery has-nested-images columns-default is-cropped wp-block-gallery-12 is-layout-flex wp-block-gallery-is-layout-flex\">\n<figure class=\"wp-block-image size-large\"><img loading=\"lazy\" decoding=\"async\" width=\"1024\" height=\"768\" data-id=\"11992\" src=\"https:\/\/nid.pl\/wp-content\/uploads\/2023\/06\/IMG-3448-1024x768.jpg\" alt=\"\" class=\"wp-image-11992\" srcset=\"https:\/\/nid.pl\/wp-content\/uploads\/2023\/06\/IMG-3448-980x735.jpg 980w, https:\/\/nid.pl\/wp-content\/uploads\/2023\/06\/IMG-3448-480x360.jpg 480w\" sizes=\"(min-width: 0px) and (max-width: 480px) 480px, (min-width: 481px) and (max-width: 980px) 980px, (min-width: 981px) 1024px, 100vw\" \/><\/figure>\n<figcaption class=\"blocks-gallery-caption\">Wr\u0119czenie nagr\u00f3d w konkursie \u201eZabytek Zadbany&#8221;<\/figcaption><\/figure>\n\n\n\n<p><\/p>\n\n\n\n<figure class=\"wp-block-gallery has-nested-images columns-default is-cropped wp-block-gallery-13 is-layout-flex wp-block-gallery-is-layout-flex\">\n<figure class=\"wp-block-image size-full\"><img loading=\"lazy\" decoding=\"async\" width=\"1024\" height=\"768\" data-id=\"11967\" src=\"https:\/\/nid.pl\/wp-content\/uploads\/2023\/06\/image-101010-1.jpeg\" alt=\"\" class=\"wp-image-11967\" srcset=\"https:\/\/nid.pl\/wp-content\/uploads\/2023\/06\/image-101010-1.jpeg 1024w, https:\/\/nid.pl\/wp-content\/uploads\/2023\/06\/image-101010-1-980x735.jpeg 980w, https:\/\/nid.pl\/wp-content\/uploads\/2023\/06\/image-101010-1-480x360.jpeg 480w\" sizes=\"(min-width: 0px) and (max-width: 480px) 480px, (min-width: 481px) and (max-width: 980px) 980px, (min-width: 981px) 1024px, 100vw\" \/><\/figure>\n<figcaption class=\"blocks-gallery-caption\">Wr\u0119czenie nagr\u00f3d w konkursie \u201eZabytek Zadbany&#8221;, fot. NID<\/figcaption><\/figure>\n\n\n\n<p><\/p>\n\n\n\n<figure class=\"wp-block-gallery has-nested-images columns-default is-cropped wp-block-gallery-14 is-layout-flex wp-block-gallery-is-layout-flex\">\n<figure class=\"wp-block-image size-large\"><img loading=\"lazy\" decoding=\"async\" width=\"1024\" height=\"768\" data-id=\"11969\" src=\"https:\/\/nid.pl\/wp-content\/uploads\/2023\/06\/image0001111.jpeg\" alt=\"\" class=\"wp-image-11969\" srcset=\"https:\/\/nid.pl\/wp-content\/uploads\/2023\/06\/image0001111.jpeg 1024w, https:\/\/nid.pl\/wp-content\/uploads\/2023\/06\/image0001111-980x735.jpeg 980w, https:\/\/nid.pl\/wp-content\/uploads\/2023\/06\/image0001111-480x360.jpeg 480w\" sizes=\"(min-width: 0px) and (max-width: 480px) 480px, (min-width: 481px) and (max-width: 980px) 980px, (min-width: 981px) 1024px, 100vw\" \/><\/figure>\n<figcaption class=\"blocks-gallery-caption\">Wr\u0119czenie nagr\u00f3d w konkursie \u201eZabytek Zadbany&#8221;, spotkanie nominowanych, fot. NID<\/figcaption><\/figure>\n\n\n\n<p><\/p>\n\n\n\n<figure class=\"wp-block-gallery has-nested-images columns-default is-cropped wp-block-gallery-15 is-layout-flex wp-block-gallery-is-layout-flex\">\n<figure class=\"wp-block-image size-large\"><img loading=\"lazy\" decoding=\"async\" width=\"2560\" height=\"1920\" data-id=\"11968\" src=\"https:\/\/nid.pl\/wp-content\/uploads\/2023\/06\/image00006-1-scaled.jpeg\" alt=\"\" class=\"wp-image-11968\" srcset=\"https:\/\/nid.pl\/wp-content\/uploads\/2023\/06\/image00006-1-scaled.jpeg 2560w, https:\/\/nid.pl\/wp-content\/uploads\/2023\/06\/image00006-1-1280x960.jpeg 1280w, https:\/\/nid.pl\/wp-content\/uploads\/2023\/06\/image00006-1-980x735.jpeg 980w, https:\/\/nid.pl\/wp-content\/uploads\/2023\/06\/image00006-1-480x360.jpeg 480w\" sizes=\"(min-width: 0px) and (max-width: 480px) 480px, (min-width: 481px) and (max-width: 980px) 980px, (min-width: 981px) and (max-width: 1280px) 1280px, (min-width: 1281px) 2560px, 100vw\" \/><\/figure>\n<figcaption class=\"blocks-gallery-caption\">Wr\u0119czenie nagr\u00f3d w konkursie \u201eZabytek Zadbany&#8221;, spotkanie nominowanych, fot. NID<\/figcaption><\/figure>\n\n\n\n<p><\/p>","protected":false},"excerpt":{"rendered":"<p>We wtorek &#8211; 20 czerwca &#8211; w Ministerstwie Kultury i Dziedzictwa Narodowego odby\u0142o si\u0119 uroczyste og\u0142oszenie zwyci\u0119zc\u00f3w konkursu Ministra Kultury i Dziedzictwa Narodowego oraz Generalnego Konserwatora Zabytk\u00f3w Zabytek Zadbany. To [&hellip;]<\/p>","protected":false},"author":7,"featured_media":11972,"comment_status":"open","ping_status":"open","sticky":false,"template":"","format":"standard","meta":{"_et_pb_use_builder":"off","_et_pb_old_content":"","_et_gb_content_width":"","_monsterinsights_skip_tracking":false,"_monsterinsights_sitenote_active":false,"_monsterinsights_sitenote_note":"","_monsterinsights_sitenote_category":0,"footnotes":""},"categories":[3,31],"tags":[],"class_list":["post-11947","post","type-post","status-publish","format-standard","has-post-thumbnail","hentry","category-aktualnosci","category-zabytek-zadbany"],"yoast_head":"<!-- This site is optimized with the Yoast SEO plugin v26.5 - https:\/\/yoast.com\/wordpress\/plugins\/seo\/ -->\n<title>Znamy laureat\u00f3w konkursu Zabytek Zadbany 2023!\u00a0 - NID<\/title>\n<meta name=\"robots\" content=\"index, follow, max-snippet:-1, max-image-preview:large, max-video-preview:-1\" \/>\n<link rel=\"canonical\" href=\"https:\/\/nid.pl\/en\/2023\/06\/20\/znamy-laureatow-konkursu-zabytek-zadbany-2023\/\" \/>\n<meta property=\"og:locale\" content=\"en_GB\" \/>\n<meta property=\"og:type\" content=\"article\" \/>\n<meta property=\"og:title\" content=\"Znamy laureat\u00f3w konkursu Zabytek Zadbany 2023!\u00a0 - NID\" \/>\n<meta property=\"og:description\" content=\"We wtorek &#8211; 20 czerwca &#8211; w Ministerstwie Kultury i Dziedzictwa Narodowego odby\u0142o si\u0119 uroczyste og\u0142oszenie zwyci\u0119zc\u00f3w konkursu Ministra Kultury i Dziedzictwa Narodowego oraz Generalnego Konserwatora Zabytk\u00f3w Zabytek Zadbany. To [&hellip;]\" \/>\n<meta property=\"og:url\" content=\"https:\/\/nid.pl\/en\/2023\/06\/20\/znamy-laureatow-konkursu-zabytek-zadbany-2023\/\" \/>\n<meta property=\"og:site_name\" content=\"NID\" \/>\n<meta property=\"article:publisher\" content=\"https:\/\/www.facebook.com\/zabytek\" \/>\n<meta property=\"article:published_time\" content=\"2023-06-20T14:37:26+00:00\" \/>\n<meta property=\"article:modified_time\" content=\"2023-06-21T07:33:15+00:00\" \/>\n<meta property=\"og:image\" content=\"https:\/\/nid.pl\/wp-content\/uploads\/2023\/06\/miniaturka-aktualnosci-NID4-1.png\" \/>\n\t<meta property=\"og:image:width\" content=\"1850\" \/>\n\t<meta property=\"og:image:height\" content=\"1238\" \/>\n\t<meta property=\"og:image:type\" content=\"image\/png\" \/>\n<meta name=\"author\" content=\"Barbara Halliop\" \/>\n<meta name=\"twitter:card\" content=\"summary_large_image\" \/>\n<meta name=\"twitter:creator\" content=\"@NarIDpl\" \/>\n<meta name=\"twitter:site\" content=\"@NarIDpl\" \/>\n<meta name=\"twitter:label1\" content=\"Written by\" \/>\n\t<meta name=\"twitter:data1\" content=\"Barbara Halliop\" \/>\n\t<meta name=\"twitter:label2\" content=\"Estimated reading time\" \/>\n\t<meta name=\"twitter:data2\" content=\"8 minutes\" \/>\n<script type=\"application\/ld+json\" class=\"yoast-schema-graph\">{\"@context\":\"https:\/\/schema.org\",\"@graph\":[{\"@type\":\"Article\",\"@id\":\"https:\/\/nid.pl\/2023\/06\/20\/znamy-laureatow-konkursu-zabytek-zadbany-2023\/#article\",\"isPartOf\":{\"@id\":\"https:\/\/nid.pl\/2023\/06\/20\/znamy-laureatow-konkursu-zabytek-zadbany-2023\/\"},\"author\":{\"name\":\"Barbara Halliop\",\"@id\":\"https:\/\/nid.pl\/#\/schema\/person\/1b690a8998a5111cfb9f0ffe24195a15\"},\"headline\":\"Znamy laureat\u00f3w konkursu Zabytek Zadbany 2023!\u00a0\",\"datePublished\":\"2023-06-20T14:37:26+00:00\",\"dateModified\":\"2023-06-21T07:33:15+00:00\",\"mainEntityOfPage\":{\"@id\":\"https:\/\/nid.pl\/2023\/06\/20\/znamy-laureatow-konkursu-zabytek-zadbany-2023\/\"},\"wordCount\":1406,\"commentCount\":0,\"publisher\":{\"@id\":\"https:\/\/nid.pl\/#organization\"},\"image\":{\"@id\":\"https:\/\/nid.pl\/2023\/06\/20\/znamy-laureatow-konkursu-zabytek-zadbany-2023\/#primaryimage\"},\"thumbnailUrl\":\"https:\/\/nid.pl\/wp-content\/uploads\/2023\/06\/miniaturka-aktualnosci-NID4-1.png\",\"articleSection\":[\"Aktualno\u015bci\",\"Zabytek Zadbany\"],\"inLanguage\":\"en-GB\"},{\"@type\":\"WebPage\",\"@id\":\"https:\/\/nid.pl\/2023\/06\/20\/znamy-laureatow-konkursu-zabytek-zadbany-2023\/\",\"url\":\"https:\/\/nid.pl\/2023\/06\/20\/znamy-laureatow-konkursu-zabytek-zadbany-2023\/\",\"name\":\"Znamy laureat\u00f3w konkursu Zabytek Zadbany 2023!\u00a0 - NID\",\"isPartOf\":{\"@id\":\"https:\/\/nid.pl\/#website\"},\"primaryImageOfPage\":{\"@id\":\"https:\/\/nid.pl\/2023\/06\/20\/znamy-laureatow-konkursu-zabytek-zadbany-2023\/#primaryimage\"},\"image\":{\"@id\":\"https:\/\/nid.pl\/2023\/06\/20\/znamy-laureatow-konkursu-zabytek-zadbany-2023\/#primaryimage\"},\"thumbnailUrl\":\"https:\/\/nid.pl\/wp-content\/uploads\/2023\/06\/miniaturka-aktualnosci-NID4-1.png\",\"datePublished\":\"2023-06-20T14:37:26+00:00\",\"dateModified\":\"2023-06-21T07:33:15+00:00\",\"breadcrumb\":{\"@id\":\"https:\/\/nid.pl\/2023\/06\/20\/znamy-laureatow-konkursu-zabytek-zadbany-2023\/#breadcrumb\"},\"inLanguage\":\"en-GB\",\"potentialAction\":[{\"@type\":\"ReadAction\",\"target\":[\"https:\/\/nid.pl\/2023\/06\/20\/znamy-laureatow-konkursu-zabytek-zadbany-2023\/\"]}]},{\"@type\":\"ImageObject\",\"inLanguage\":\"en-GB\",\"@id\":\"https:\/\/nid.pl\/2023\/06\/20\/znamy-laureatow-konkursu-zabytek-zadbany-2023\/#primaryimage\",\"url\":\"https:\/\/nid.pl\/wp-content\/uploads\/2023\/06\/miniaturka-aktualnosci-NID4-1.png\",\"contentUrl\":\"https:\/\/nid.pl\/wp-content\/uploads\/2023\/06\/miniaturka-aktualnosci-NID4-1.png\",\"width\":1850,\"height\":1238,\"caption\":\"miniaturka aktualnosci NID\"},{\"@type\":\"BreadcrumbList\",\"@id\":\"https:\/\/nid.pl\/2023\/06\/20\/znamy-laureatow-konkursu-zabytek-zadbany-2023\/#breadcrumb\",\"itemListElement\":[{\"@type\":\"ListItem\",\"position\":1,\"name\":\"Home\",\"item\":\"https:\/\/nid.pl\/\"},{\"@type\":\"ListItem\",\"position\":2,\"name\":\"Znamy laureat\u00f3w konkursu Zabytek Zadbany 2023!\u00a0\"}]},{\"@type\":\"WebSite\",\"@id\":\"https:\/\/nid.pl\/#website\",\"url\":\"https:\/\/nid.pl\/\",\"name\":\"NID\",\"description\":\"Narodowy Instytut Dziedzictwa\",\"publisher\":{\"@id\":\"https:\/\/nid.pl\/#organization\"},\"potentialAction\":[{\"@type\":\"SearchAction\",\"target\":{\"@type\":\"EntryPoint\",\"urlTemplate\":\"https:\/\/nid.pl\/?s={search_term_string}\"},\"query-input\":{\"@type\":\"PropertyValueSpecification\",\"valueRequired\":true,\"valueName\":\"search_term_string\"}}],\"inLanguage\":\"en-GB\"},{\"@type\":\"Organization\",\"@id\":\"https:\/\/nid.pl\/#organization\",\"name\":\"Narodowy Instytut Dziedzictwa\",\"url\":\"https:\/\/nid.pl\/\",\"logo\":{\"@type\":\"ImageObject\",\"inLanguage\":\"en-GB\",\"@id\":\"https:\/\/nid.pl\/#\/schema\/logo\/image\/\",\"url\":\"https:\/\/nid.pl\/wp-content\/uploads\/2022\/10\/logoRedDark.png\",\"contentUrl\":\"https:\/\/nid.pl\/wp-content\/uploads\/2022\/10\/logoRedDark.png\",\"width\":200,\"height\":197,\"caption\":\"Narodowy Instytut Dziedzictwa\"},\"image\":{\"@id\":\"https:\/\/nid.pl\/#\/schema\/logo\/image\/\"},\"sameAs\":[\"https:\/\/www.facebook.com\/zabytek\",\"https:\/\/x.com\/NarIDpl\",\"https:\/\/www.instagram.com\/nid.pl\/?hl=pl\",\"https:\/\/www.linkedin.com\/company\/narodowy-instytut-dziedzictwa\",\"https:\/\/www.youtube.com\/channel\/UCQXuhKa2uHtmNvLRUSx40JA\"]},{\"@type\":\"Person\",\"@id\":\"https:\/\/nid.pl\/#\/schema\/person\/1b690a8998a5111cfb9f0ffe24195a15\",\"name\":\"Barbara Halliop\",\"image\":{\"@type\":\"ImageObject\",\"inLanguage\":\"en-GB\",\"@id\":\"https:\/\/nid.pl\/#\/schema\/person\/image\/\",\"url\":\"https:\/\/nid.pl\/wp-content\/litespeed\/avatar\/924046d17dd0c842c9fa9ccf489bc6dc.jpg?ver=1777444967\",\"contentUrl\":\"https:\/\/nid.pl\/wp-content\/litespeed\/avatar\/924046d17dd0c842c9fa9ccf489bc6dc.jpg?ver=1777444967\",\"caption\":\"Barbara Halliop\"},\"url\":\"https:\/\/nid.pl\/en\/author\/bhalliop\/\"}]}<\/script>\n<!-- \/ Yoast SEO plugin. -->","yoast_head_json":{"title":"Znamy laureat\u00f3w konkursu Zabytek Zadbany 2023!\u00a0 - NID","robots":{"index":"index","follow":"follow","max-snippet":"max-snippet:-1","max-image-preview":"max-image-preview:large","max-video-preview":"max-video-preview:-1"},"canonical":"https:\/\/nid.pl\/en\/2023\/06\/20\/znamy-laureatow-konkursu-zabytek-zadbany-2023\/","og_locale":"en_GB","og_type":"article","og_title":"Znamy laureat\u00f3w konkursu Zabytek Zadbany 2023!\u00a0 - NID","og_description":"We wtorek &#8211; 20 czerwca &#8211; w Ministerstwie Kultury i Dziedzictwa Narodowego odby\u0142o si\u0119 uroczyste og\u0142oszenie zwyci\u0119zc\u00f3w konkursu Ministra Kultury i Dziedzictwa Narodowego oraz Generalnego Konserwatora Zabytk\u00f3w Zabytek Zadbany. To [&hellip;]","og_url":"https:\/\/nid.pl\/en\/2023\/06\/20\/znamy-laureatow-konkursu-zabytek-zadbany-2023\/","og_site_name":"NID","article_publisher":"https:\/\/www.facebook.com\/zabytek","article_published_time":"2023-06-20T14:37:26+00:00","article_modified_time":"2023-06-21T07:33:15+00:00","og_image":[{"width":1850,"height":1238,"url":"https:\/\/nid.pl\/wp-content\/uploads\/2023\/06\/miniaturka-aktualnosci-NID4-1.png","type":"image\/png"}],"author":"Barbara Halliop","twitter_card":"summary_large_image","twitter_creator":"@NarIDpl","twitter_site":"@NarIDpl","twitter_misc":{"Written by":"Barbara Halliop","Estimated reading time":"8 minutes"},"schema":{"@context":"https:\/\/schema.org","@graph":[{"@type":"Article","@id":"https:\/\/nid.pl\/2023\/06\/20\/znamy-laureatow-konkursu-zabytek-zadbany-2023\/#article","isPartOf":{"@id":"https:\/\/nid.pl\/2023\/06\/20\/znamy-laureatow-konkursu-zabytek-zadbany-2023\/"},"author":{"name":"Barbara Halliop","@id":"https:\/\/nid.pl\/#\/schema\/person\/1b690a8998a5111cfb9f0ffe24195a15"},"headline":"Znamy laureat\u00f3w konkursu Zabytek Zadbany 2023!\u00a0","datePublished":"2023-06-20T14:37:26+00:00","dateModified":"2023-06-21T07:33:15+00:00","mainEntityOfPage":{"@id":"https:\/\/nid.pl\/2023\/06\/20\/znamy-laureatow-konkursu-zabytek-zadbany-2023\/"},"wordCount":1406,"commentCount":0,"publisher":{"@id":"https:\/\/nid.pl\/#organization"},"image":{"@id":"https:\/\/nid.pl\/2023\/06\/20\/znamy-laureatow-konkursu-zabytek-zadbany-2023\/#primaryimage"},"thumbnailUrl":"https:\/\/nid.pl\/wp-content\/uploads\/2023\/06\/miniaturka-aktualnosci-NID4-1.png","articleSection":["Aktualno\u015bci","Zabytek Zadbany"],"inLanguage":"en-GB"},{"@type":"WebPage","@id":"https:\/\/nid.pl\/2023\/06\/20\/znamy-laureatow-konkursu-zabytek-zadbany-2023\/","url":"https:\/\/nid.pl\/2023\/06\/20\/znamy-laureatow-konkursu-zabytek-zadbany-2023\/","name":"Znamy laureat\u00f3w konkursu Zabytek Zadbany 2023!\u00a0 - NID","isPartOf":{"@id":"https:\/\/nid.pl\/#website"},"primaryImageOfPage":{"@id":"https:\/\/nid.pl\/2023\/06\/20\/znamy-laureatow-konkursu-zabytek-zadbany-2023\/#primaryimage"},"image":{"@id":"https:\/\/nid.pl\/2023\/06\/20\/znamy-laureatow-konkursu-zabytek-zadbany-2023\/#primaryimage"},"thumbnailUrl":"https:\/\/nid.pl\/wp-content\/uploads\/2023\/06\/miniaturka-aktualnosci-NID4-1.png","datePublished":"2023-06-20T14:37:26+00:00","dateModified":"2023-06-21T07:33:15+00:00","breadcrumb":{"@id":"https:\/\/nid.pl\/2023\/06\/20\/znamy-laureatow-konkursu-zabytek-zadbany-2023\/#breadcrumb"},"inLanguage":"en-GB","potentialAction":[{"@type":"ReadAction","target":["https:\/\/nid.pl\/2023\/06\/20\/znamy-laureatow-konkursu-zabytek-zadbany-2023\/"]}]},{"@type":"ImageObject","inLanguage":"en-GB","@id":"https:\/\/nid.pl\/2023\/06\/20\/znamy-laureatow-konkursu-zabytek-zadbany-2023\/#primaryimage","url":"https:\/\/nid.pl\/wp-content\/uploads\/2023\/06\/miniaturka-aktualnosci-NID4-1.png","contentUrl":"https:\/\/nid.pl\/wp-content\/uploads\/2023\/06\/miniaturka-aktualnosci-NID4-1.png","width":1850,"height":1238,"caption":"miniaturka aktualnosci NID"},{"@type":"BreadcrumbList","@id":"https:\/\/nid.pl\/2023\/06\/20\/znamy-laureatow-konkursu-zabytek-zadbany-2023\/#breadcrumb","itemListElement":[{"@type":"ListItem","position":1,"name":"Home","item":"https:\/\/nid.pl\/"},{"@type":"ListItem","position":2,"name":"Znamy laureat\u00f3w konkursu Zabytek Zadbany 2023!\u00a0"}]},{"@type":"WebSite","@id":"https:\/\/nid.pl\/#website","url":"https:\/\/nid.pl\/","name":"NID","description":"Narodowy Instytut Dziedzictwa","publisher":{"@id":"https:\/\/nid.pl\/#organization"},"potentialAction":[{"@type":"SearchAction","target":{"@type":"EntryPoint","urlTemplate":"https:\/\/nid.pl\/?s={search_term_string}"},"query-input":{"@type":"PropertyValueSpecification","valueRequired":true,"valueName":"search_term_string"}}],"inLanguage":"en-GB"},{"@type":"Organization","@id":"https:\/\/nid.pl\/#organization","name":"Narodowy Instytut Dziedzictwa","url":"https:\/\/nid.pl\/","logo":{"@type":"ImageObject","inLanguage":"en-GB","@id":"https:\/\/nid.pl\/#\/schema\/logo\/image\/","url":"https:\/\/nid.pl\/wp-content\/uploads\/2022\/10\/logoRedDark.png","contentUrl":"https:\/\/nid.pl\/wp-content\/uploads\/2022\/10\/logoRedDark.png","width":200,"height":197,"caption":"Narodowy Instytut Dziedzictwa"},"image":{"@id":"https:\/\/nid.pl\/#\/schema\/logo\/image\/"},"sameAs":["https:\/\/www.facebook.com\/zabytek","https:\/\/x.com\/NarIDpl","https:\/\/www.instagram.com\/nid.pl\/?hl=pl","https:\/\/www.linkedin.com\/company\/narodowy-instytut-dziedzictwa","https:\/\/www.youtube.com\/channel\/UCQXuhKa2uHtmNvLRUSx40JA"]},{"@type":"Person","@id":"https:\/\/nid.pl\/#\/schema\/person\/1b690a8998a5111cfb9f0ffe24195a15","name":"Barbara Halliop","image":{"@type":"ImageObject","inLanguage":"en-GB","@id":"https:\/\/nid.pl\/#\/schema\/person\/image\/","url":"https:\/\/nid.pl\/wp-content\/litespeed\/avatar\/924046d17dd0c842c9fa9ccf489bc6dc.jpg?ver=1777444967","contentUrl":"https:\/\/nid.pl\/wp-content\/litespeed\/avatar\/924046d17dd0c842c9fa9ccf489bc6dc.jpg?ver=1777444967","caption":"Barbara Halliop"},"url":"https:\/\/nid.pl\/en\/author\/bhalliop\/"}]}},"_links":{"self":[{"href":"https:\/\/nid.pl\/en\/wp-json\/wp\/v2\/posts\/11947","targetHints":{"allow":["GET"]}}],"collection":[{"href":"https:\/\/nid.pl\/en\/wp-json\/wp\/v2\/posts"}],"about":[{"href":"https:\/\/nid.pl\/en\/wp-json\/wp\/v2\/types\/post"}],"author":[{"embeddable":true,"href":"https:\/\/nid.pl\/en\/wp-json\/wp\/v2\/users\/7"}],"replies":[{"embeddable":true,"href":"https:\/\/nid.pl\/en\/wp-json\/wp\/v2\/comments?post=11947"}],"version-history":[{"count":0,"href":"https:\/\/nid.pl\/en\/wp-json\/wp\/v2\/posts\/11947\/revisions"}],"wp:featuredmedia":[{"embeddable":true,"href":"https:\/\/nid.pl\/en\/wp-json\/wp\/v2\/media\/11972"}],"wp:attachment":[{"href":"https:\/\/nid.pl\/en\/wp-json\/wp\/v2\/media?parent=11947"}],"wp:term":[{"taxonomy":"category","embeddable":true,"href":"https:\/\/nid.pl\/en\/wp-json\/wp\/v2\/categories?post=11947"},{"taxonomy":"post_tag","embeddable":true,"href":"https:\/\/nid.pl\/en\/wp-json\/wp\/v2\/tags?post=11947"}],"curies":[{"name":"wp","href":"https:\/\/api.w.org\/{rel}","templated":true}]}}