{"id":11601,"date":"2023-06-05T15:29:39","date_gmt":"2023-06-05T13:29:39","guid":{"rendered":"https:\/\/nid.pl\/?p=11601"},"modified":"2023-06-22T10:57:59","modified_gmt":"2023-06-22T08:57:59","slug":"tradycje-od-pokolen-zywe-dziedzictwo-wojewodztwa-lodzkiego-pomorskiego-i-kujawsko-pomorskiego","status":"publish","type":"post","link":"https:\/\/nid.pl\/en\/2023\/06\/05\/tradycje-od-pokolen-zywe-dziedzictwo-wojewodztwa-lodzkiego-pomorskiego-i-kujawsko-pomorskiego\/","title":{"rendered":"Tradycje od pokole\u0144. \u017bywe dziedzictwo wojew\u00f3dztwa \u0142\u00f3dzkiego, pomorskiego i kujawsko-pomorskiego!"},"content":{"rendered":"<p><strong>Kolejna ods\u0142ona obchod\u00f3w jubileuszu 20-lecia Konwencji UNESCO w sprawie ochrony niematerialnego dziedzictwa kulturowego oraz 10-lecia Krajowej listy niematerialnego dziedzictwa kulturowego za nami! W Muzeum Sztuki w \u0141odzi odby\u0142a si\u0119 konferencja oraz prezentacje depozytariuszy z wojew\u00f3dztwa \u0142\u00f3dzkiego, pomorskiego i kujawsko-pomorskiego. Centralnym punktem wydarzenia by\u0142o otwarcie wystawy <strong>\u201eTradycje<\/strong> od pokole\u0144. Niematerialne dziedzictwo kulturowe w Polsce&#8221;, kt\u00f3ra na Placu Manufaktury w \u0141odzi zago\u015bci do 17 lipca.<\/strong><\/p>\n\n\n\n<p>Konwencja UNESCO w sprawie ochrony niematerialnego dziedzictwa kulturowego, stanowi jedno z najwa\u017cniejszych mi\u0119dzynarodowych narz\u0119dzi w zakresie identyfikacji, ochrony i promocji niematerialnego dziedzictwa. Jej g\u0142\u00f3wnym celem jest podkre\u015blanie znaczenia praktyk, wytwor\u00f3w, wydarze\u0144 i miejsc, kt\u00f3re maj\u0105 znacz\u0105cy wp\u0142yw na to\u017csamo\u015b\u0107 kulturow\u0105 spo\u0142eczno\u015bci.<\/p>\n\n\n\n<p>Krajowa lista niematerialnego dziedzictwa kulturowego jest spisem zjawisk, kt\u00f3re s\u0105 istotne dla polskiego spo\u0142ecze\u0144stwa. Na li\u015bcie tej znajduj\u0105 si\u0119 tradycje, umiej\u0119tno\u015bci rzemie\u015blnicze, ta\u0144ce, \u015bwi\u0119ta i wiele innych wyj\u0105tkowych przejaw\u00f3w kultury, kt\u00f3re przekazywane z pokolenia na pokolenie.<\/p>\n\n\n\n<p><strong>Jubileuszowe uroczysto\u015bci w \u0141odzi<\/strong><\/p>\n\n\n\n<p>Podczas uroczysto\u015bci w Muzeum Sztuki w \u0141odzi depozytariusze z wojew\u00f3dztwa \u0142\u00f3dzkiego, pomorskiego i kujawsko-pomorskiego zaprezentowali bogactwo niematerialnego dziedzictwa kulturowego swoich region\u00f3w. Stoiska z r\u0119kodzie\u0142em oraz prezentacje regionalnych tradycji i zwyczaj\u00f3w zapewni\u0142y wyj\u0105tkow\u0105 atmosfer\u0119, o\u017cywiaj\u0105c przestrze\u0144 muzeum barwnymi wzorami, zapachami i d\u017awi\u0119kami. Uczestnicy wydarzenia mogli pozna\u0107 tradycyjne techniki rzemie\u015blnicze, praktyki artystyczne oraz smaki regionalnej kuchni. Wydarzeniu towarzyszy\u0142a muzyka regionalna w wykonaniu Kapeli Romana Wojciechowskiego oraz Kapeli Jeremiego Kowalskiego.<\/p>\n\n\n\n<p>W wydarzeniu udzia\u0142 wzi\u0119li: Grzegorz Ziemba, Wicemarsza\u0142ek Wojew\u00f3dztwa \u0141\u00f3dzkiego; Aleksandra St\u0119pie\u0144, \u0141\u00f3dzki Wojew\u00f3dzki Konserwator Zabytk\u00f3w; Joanna Cicha, Radca ds. UNESCO, Departament Ochrony Zabytk\u00f3w, Ministerstwo Kultury i Dziedzictwa Narodowego; Katarzyna Zi\u0119tal, dyrektorka Centrum Archiwistyki Spo\u0142ecznej; dr hab. Katarzyna Zalasi\u0144ska, dyrektor Narodowego Instytutu Dziedzictwa, przedstawiciele jednostek samorz\u0105du terytorialnego z terenu wojew\u00f3dztwa \u0142\u00f3dzkiego, dyrektorzy i przedstawiciele instytucji kultury oraz muze\u00f3w, a przede wszystkim przedstawiciele wybranych zjawisk wpisanych na <a href=\"https:\/\/nid.pl\/en\/2022\/06\/09\/tradycje-kwietnych-dywanow-na-boze-cialo-niematerialne-dziedzictwo-kulturowe-przekazywane-z-pokolenia-na-pokolenie\/\">Krajow\u0105 list\u0119 niematerialnego dziedz<\/a><a href=\"https:\/\/nid.pl\/en\/2022\/06\/09\/tradycje-kwietnych-dywanow-na-boze-cialo-niematerialne-dziedzictwo-kulturowe-przekazywane-z-pokolenia-na-pokolenie\/\" target=\"_blank\" rel=\"noreferrer noopener\">ictwa kulturowego<\/a>.<\/p>\n\n\n\n<p>Podczas przem\u00f3wienia inauguracyjnego Wicemarsza\u0142ek Wojew\u00f3dztwa \u0141\u00f3dzkiego Grzegorz Ziemba przypomnia\u0142, \u017ce piel\u0119gnowanie pami\u0119ci o niematerialnym dziedzictwie nie jest \u0142atwym zadaniem:<\/p>\n\n\n\n<p>&#8211; <em>To wa\u017cne, \u017ceby te fragmenty naszego bogatego dziedzictwa zna\u0107, \u017ceby wiedz\u0119 o nich przekazywa\u0107 dzieciom i wnukom. A jednym ze sposob\u00f3w kultywowania tej pami\u0119ci, jest po prostu uczestniczenie w tych wydarzeniach. Najlepiej rodzinnie, bo dzieci i m\u0142odzie\u017c ucz\u0105 si\u0119, obserwuj\u0105c nas \u2013 doros\u0142ych. To istotne r\u00f3wnie\u017c dlatego, \u017ce piel\u0119gnowanie pami\u0119ci o niematerialnym dziedzictwie kulturowym nie jest zadaniem \u0142atwym. Na zabytki mo\u017cna przekaza\u0107 dotacje, co jako Samorz\u0105d Wojew\u00f3dztwa \u0141\u00f3dzkiego robimy systematycznie. Ale w tym przypadku opr\u00f3cz wsparcia materialnego wa\u017cna jest opieka duchowa, kt\u00f3rej cz\u0119\u015bci\u0105 jest w\u0142a\u015bnie pami\u0119\u0107 o naszych zwyczajach i obrz\u0119dach \u2013 powiedzia\u0142 Zbigniew Ziemba, wicemarsza\u0142ek wojew\u00f3dztwa \u0142\u00f3dzkiego.<\/em><\/p>\n\n\n\n<p>Podczas przem\u00f3wienia inauguracyjnego, dyrektor Narodowego Instytutu Dziedzictwa, dr hab. Katarzyna Zalasi\u0144ska podkre\u015bli\u0142a znaczenie ochrony i promocji niematerialnego dziedzictwa kulturowego, jako wa\u017cnego elementu zachowania to\u017csamo\u015bci narodowej oraz budowania wi\u0119zi spo\u0142ecznych:<\/p>\n\n\n\n<p>\u2013 <em>Niematerialne dziedzictwo kulturowe, kt\u00f3re obejmuje praktyki, zwyczaje, wiedz\u0119, umiej\u0119tno\u015bci, sztuk\u0119 i wydarzenia, jest niezwykle cennym elementem naszej to\u017csamo\u015bci narodowej. To w\u0142a\u015bnie poprzez te niezwyk\u0142e dziedzictwo przekazujemy nasz\u0105 histori\u0119, warto\u015bci, tradycje i ducha naszej spo\u0142eczno\u015bci z pokolenia na pokolenie. Ochrona i promocja niematerialnego dziedzictwa staje si\u0119 nie tylko naszym obowi\u0105zkiem, ale r\u00f3wnie\u017c przywilejem, poniewa\u017c to dzi\u0119ki niemu mo\u017cemy budowa\u0107 wi\u0119zi spo\u0142eczne i kszta\u0142towa\u0107 nasz\u0105 to\u017csamo\u015b\u0107.<\/em><\/p>\n\n\n\n<p><strong>Prezentacja zwyczaj\u00f3w z woj. \u0142\u00f3dzkiego, pomorskiego i kujawsko-pomorskiego<\/strong><\/p>\n\n\n\n<p>W ramach wydarzenia zaproszeni go\u015bcie wzi\u0119li udzia\u0142 w konferencji ukazuj\u0105cej bogactwo niematerialnego dziedzictwa kulturowego. Agata Mucha, koordynatorka ds. niematerialnego dziedzictwa kulturowego, NID zaprezentowa\u0142a niematerialne dziedzictwo kulturowe wojew\u00f3dztwa \u0142\u00f3dzkiego:<\/p>\n\n\n\n<ul class=\"wp-block-list\"><li><strong>Procesja Bo\u017cego Cia\u0142a w \u0141owiczu<\/strong> to zwyczaj praktykowany od pokole\u0144 przez mieszka\u0144c\u00f3w dawnego Ksi\u0119stwa \u0141owickiego. Zgodnie z&nbsp;tradycj\u0105 procesja wyrusza z&nbsp;barokowej bazyliki katedralnej pw. Wniebowzi\u0119cia Naj\u015bwi\u0119tszej Maryi Panny i&nbsp;obchodzi cztery o\u0142tarze, wybudowane specjalnie z&nbsp;okazji \u015bwi\u0119ta w&nbsp;pierzejach Starego Rynku. W tym dniu \u0142owiczanie z dum\u0105 prezentuj\u0105 swoje stroje regionalne zdobne w charakterystyczne kwiatowe hafty i paski. Procesja Bo\u017cego Cia\u0142a w \u0141owiczu w 2014 roku zosta\u0142a wpisana na <a href=\"https:\/\/niematerialne.nid.pl\/niematerialne-dziedzictwo-kulturowe\/krajowa-lista-niematerialnego-dziedzictwa-kulturowego\/\">Krajow\u0105 list\u0119 nie<\/a><a href=\"https:\/\/niematerialne.nid.pl\/niematerialne-dziedzictwo-kulturowe\/krajowa-lista-niematerialnego-dziedzictwa-kulturowego\/\" target=\"_blank\" rel=\"noreferrer noopener\">materialnego dziedzictwa kulturowego<\/a>.<\/li><\/ul>\n\n\n\n<ul class=\"wp-block-list\"><li><strong>Spycimierskie Bo\u017ce Cia\u0142o<\/strong> ma oko\u0142o dwustuletni\u0105 tradycj\u0119 i spo\u015br\u00f3d innych procesji Bo\u017cego Cia\u0142a, obchodzonych w kraju wyr\u00f3\u017cnia si\u0119 wyznaczeniem trasy kwietnym dywanem usypywanym w celu oddania czci Bogu, kt\u00f3ry wed\u0142ug tradycji ludowej tego dnia \u201eschodzi z o\u0142tarzy\u201d. Spycimierski dywan kwietny liczy oko\u0142o kilometra d\u0142ugo\u015bci. Dzi\u0119ki staraniom depozytariuszy zwyczaj zosta\u0142 wpisana na <a href=\"https:\/\/nid.pl\/en\/2022\/06\/09\/tradycje-kwietnych-dywanow-na-boze-cialo-niematerialne-dziedzictwo-kulturowe-przekazywane-z-pokolenia-na-pokolenie\/\" target=\"_blank\" rel=\"noreferrer noopener\">Krajow\u0105 list\u0119 niematerialnego dziedzictwa kulturowego<\/a> w 2018 roku. <br><\/li><li><strong>Tradycja dywan\u00f3w kwietnych na procesje Bo\u017cego Cia\u0142a<\/strong> znalaz\u0142a si\u0119 w 2021 roku na Li\u015bcie reprezentatywnej niematerialnego dziedzictwa kulturowego ludzko\u015bci UNESCO dzi\u0119ki zaanga\u017cowaniu depozytariuszy ze Spycimierza (woj. \u0142\u00f3dzkie) oraz Klucza, Olszowej, Zalesia \u015al\u0105skiego i Zimnej W\u00f3dki (woj. opolskie).<\/li><\/ul>\n\n\n\n<ul class=\"wp-block-list\"><li><strong>Rze\u017aba kutnowska &#8211; <\/strong>to unikalne wielopostaciowe, pi\u0119trowe kompozycje rze\u017abiarskie wykonane w drewnie.Charakteryzuj\u0105 si\u0119 bogat\u0105 dekoracj\u0105 i kolorystyk\u0105.<\/li><\/ul>\n\n\n\n<ul class=\"wp-block-list\"><li><strong>\u015awi\u0119to Palanta w Grabowie &#8211;<\/strong> to wydarzenie, kt\u00f3re odbywa si\u0119 tradycyjnie we wtorek po Niedzieli Wielkanocnej. G\u0142\u00f3wn\u0105 cz\u0119\u015bci\u0105 \u015bwi\u0119ta s\u0105 rozgrywki pomi\u0119dzy dwoma dru\u017cynami: Nieba i Piek\u0142a. Wynik jest zawsze remisowy.<\/li><\/ul>\n\n\n\n<ul class=\"wp-block-list\"><li><strong>Haft sieradzki &#8211;<\/strong> to jedna z charakterystycznych form r\u0119kodzielniczego haftu, kt\u00f3ra wywodzi si\u0119 z miasta Sieradz, po\u0142o\u017conego w centralnej Polsce.<\/li><\/ul>\n\n\n\n<ul class=\"wp-block-list\"><li><strong>Tradycje kulturowe i folklor regionu opoczy\u0144skiego &#8211;<\/strong> to zwyczaje, rytua\u0142y i obrz\u0119dy \u015bwi\u0105teczne np. \u201ekusoki\u201d, malowanie pisanek, puszczanie wiank\u00f3w, do\u017cynki.<\/li><\/ul>\n\n\n\n<p>Anna Baran, koordynatorka ds. niematerialnego dziedzictwa kulturowego, NID, zaprezentowa\u0142a dziedzictwo kulturowe wojew\u00f3dztwa pomorskiego i kujawsko-pomorskiego:<\/p>\n\n\n\n<ul class=\"wp-block-list\"><li><strong>Przywo\u0142\u00f3wki dyngusowe w Szymborzu<\/strong> &#8211; to dwudniowy zwyczaj zwi\u0105zany z obchodami \u015awi\u0105t Wielkanocnych. Przywo\u0142\u00f3wki to kr\u00f3tkie teksty odnosz\u0105ce si\u0119 do panien ze Szymborza i okolic. Ka\u017cdy wierszyk sk\u0142ada\u0142 si\u0119 z takich cz\u0119\u015bci jak przedstawienie dziewczyny a tak\u017ce z opisania jej zalet (lub wad), stwierdzenia ile wody zostanie na ni\u0105 wylane w Poniedzia\u0142ek Wielkanocny, a tak\u017ce og\u0142oszenia czy kto\u015b \u201eza ni\u0105 stoi\u201d czyli, czy jest kawaler, kt\u00f3ry jest ni\u0105 zainteresowany. Tworzeniem przywo\u0142\u00f3wek zajmuj\u0105 si\u0119 cz\u0142onkowie Stowarzyszenia Klubu Kawaler\u00f3w. Zwyczaj wpisany na <a href=\"https:\/\/nid.pl\/en\/2022\/06\/09\/tradycje-kwietnych-dywanow-na-boze-cialo-niematerialne-dziedzictwo-kulturowe-przekazywane-z-pokolenia-na-pokolenie\/\" target=\"_blank\" rel=\"noreferrer noopener\">Krajow\u0105 list\u0119 niematerialnego dziedzictwa kulturowego<\/a> w 2016 roku.<\/li><\/ul>\n\n\n\n<ul class=\"wp-block-list\"><li><strong>Chodzenie z koz\u0105 na Kujawach<\/strong> &#8211; to tradycyjny zwyczaj, w kt\u00f3rym m\u0142odzi m\u0119\u017cczy\u017ani w specjalnych strojach w\u0119druj\u0105 po wsiach z drewnian\u0105 koz\u0105 na kijach, symbolizuj\u0105c\u0105 obfito\u015b\u0107 i p\u0142odno\u015b\u0107. Podczas tej ceremonii odbywaj\u0105 si\u0119 ta\u0144ce, \u015bpiewy i rozdawanie specjalnych upomink\u00f3w, kt\u00f3re maj\u0105 przynie\u015b\u0107 szcz\u0119\u015bcie i dobrobyt mieszka\u0144com. Zwyczaj wpisany na <a href=\"https:\/\/nid.pl\/en\/2022\/06\/09\/tradycje-kwietnych-dywanow-na-boze-cialo-niematerialne-dziedzictwo-kulturowe-przekazywane-z-pokolenia-na-pokolenie\/\" target=\"_blank\" rel=\"noreferrer noopener\">Krajow\u0105 list\u0119 niematerialnego dziedzictwa kulturowego<\/a> w 2020 roku.<\/li><\/ul>\n\n\n\n<ul class=\"wp-block-list\"><li><strong>Tradycyjne szkutnictwo Pucka<\/strong> &#8211; to unikalna umiej\u0119tno\u015b\u0107 budowy tradycyjnych \u0142odzi \u017caglowych charakterystycznych dla regionu Pucka. Rzemie\u015blnicy pos\u0142uguj\u0105 si\u0119 tradycyjnymi technikami i materia\u0142ami, tworz\u0105c pi\u0119kne i funkcjonalne \u0142odzie, kt\u00f3re odzwierciedlaj\u0105 d\u0142ug\u0105 morsk\u0105 histori\u0119 tego obszaru. Zwyczaj wpisany na <a href=\"https:\/\/nid.pl\/en\/2022\/06\/09\/tradycje-kwietnych-dywanow-na-boze-cialo-niematerialne-dziedzictwo-kulturowe-przekazywane-z-pokolenia-na-pokolenie\/\" target=\"_blank\" rel=\"noreferrer noopener\">Krajow\u0105 list\u0119 niematerialnego dziedzictwa kulturowego<\/a> w 2021 roku.<\/li><\/ul>\n\n\n\n<ul class=\"wp-block-list\"><li><strong>Hafciarstwo kaszubskie szko\u0142y \u017cukowskiej<\/strong> &#8211; to wyj\u0105tkowa forma r\u0119kodzie\u0142a, w kt\u00f3rej artystki z regionu Kaszub tworz\u0105 pi\u0119kne hafty o charakterystycznych wzorach i kolorach, wykorzystuj\u0105c tradycyjne techniki i motywy zwi\u0105zane z kultur\u0105 kaszubsk\u0105. Zwyczaj wpisany na <a href=\"https:\/\/nid.pl\/en\/2022\/06\/09\/tradycje-kwietnych-dywanow-na-boze-cialo-niematerialne-dziedzictwo-kulturowe-przekazywane-z-pokolenia-na-pokolenie\/\" target=\"_blank\" rel=\"noreferrer noopener\">Krajow\u0105 list\u0119 niematerialnego dziedzictwa kulturowego<\/a> w 2015 roku.<\/li><\/ul>\n\n\n\n<ul class=\"wp-block-list\"><li><strong>Carillonowa muzyka w Gda\u0144sku<\/strong> &#8211; to wyj\u0105tkowa muzyczna tradycja, kt\u00f3ra wykorzystuje dzwony carillonu do wykonywania pi\u0119knych melodii. Dzwony o r\u00f3\u017cnych rozmiarach s\u0105 nap\u0119dzane za pomoc\u0105 klawiatury i peda\u0142\u00f3w, tworz\u0105c harmoniczne d\u017awi\u0119ki. Zwyczaj wpisany na <a href=\"https:\/\/nid.pl\/en\/2022\/06\/09\/tradycje-kwietnych-dywanow-na-boze-cialo-niematerialne-dziedzictwo-kulturowe-przekazywane-z-pokolenia-na-pokolenie\/\">Krajow\u0105 list\u0119 niematerialnego dziedzictwa kulturoweg<\/a><a href=\"https:\/\/nid.pl\/en\/2022\/06\/09\/tradycje-kwietnych-dywanow-na-boze-cialo-niematerialne-dziedzictwo-kulturowe-przekazywane-z-pokolenia-na-pokolenie\/\" target=\"_blank\" rel=\"noreferrer noopener\">o<\/a> w 2020 roku.<\/li><\/ul>\n\n\n\n<ul class=\"wp-block-list\"><li><strong>Kaszubska Gwi\u00f4zdka<\/strong> <strong><em>&#8211; <\/em><\/strong>Tradycyjnie w wigili\u0119 Bo\u017cego Narodzenia kaszubskie grupy kol\u0119dnicze odwiedzaj\u0105 domostwa, bawi\u0105c si\u0119 i psoc\u0105c niemal do pasterki. Zwyczaj wpisany na <a href=\"https:\/\/nid.pl\/en\/2022\/06\/09\/tradycje-kwietnych-dywanow-na-boze-cialo-niematerialne-dziedzictwo-kulturowe-przekazywane-z-pokolenia-na-pokolenie\/\">Krajow\u0105 list\u0119 niematerialnego dziedzictw<\/a><a href=\"https:\/\/nid.pl\/en\/2022\/06\/09\/tradycje-kwietnych-dywanow-na-boze-cialo-niematerialne-dziedzictwo-kulturowe-przekazywane-z-pokolenia-na-pokolenie\/\" target=\"_blank\" rel=\"noreferrer noopener\">a kulturowego<\/a> w 2019 roku.<\/li><\/ul>\n\n\n\n<p><strong>Wystawa <strong>\u201eTradycje<\/strong><\/strong> <strong>od pokole\u0144. Niematerialne dziedzictwo kulturowe w Polsce&#8221;<\/strong><\/p>\n\n\n\n<p>Podczas uroczysto\u015bci Jubileuszu w \u0141odzi, otwarto wystaw\u0119 \u201eTradycje od pokole\u0144. Niematerialne dziedzictwo kulturowe w Polsce&#8221;, przygotowanej specjalnie z tej okazji przez Narodowy Instytut Dziedzictwa.<\/p>\n\n\n\n<p>W ramach tej niezwyk\u0142ej ekspozycji, odwiedzaj\u0105cy mog\u0105 podziwia\u0107 wyj\u0105tkowe i pe\u0142ne historii elementy niematerialnego dziedzictwa kulturowego Polski. Wystawa ukazuje bogactwo naszych tradycji rzemie\u015blniczych, obrz\u0119d\u00f3w religijnych i innych dziedzin kultury, kt\u00f3re od pokole\u0144 stanowi\u0105 istotn\u0105 cz\u0119\u015b\u0107 naszej to\u017csamo\u015bci narodowej.<\/p>\n\n\n\n<p>Wystawa prezentowana by\u0142a ju\u017c w Poznaniu i Sandomierzu. Od dzi\u015b go\u015bci w \u0141odzi na Placu Manufaktury, zach\u0119caj\u0105c do odkrycia fascynuj\u0105cego \u015bwiata naszych tradycji. Ekspozycja b\u0119dzie dost\u0119pna dla publiczno\u015bci do 17 lipca 2023 roku.<\/p>\n\n\n\n<p>Organizatorem Jubileuszu w \u0141odzi jest Narodowy Instytut Dziedzictwa we wsp\u00f3\u0142pracy z Urz\u0119dem Marsza\u0142kowskim Wojew\u00f3dztwa \u0141\u00f3dzkiego.<\/p>\n\n\n\n<p>Partnerzy: Muzeum Sztuki w \u0141odzi, Muzeum Archeologiczne i Etnograficzne w \u0141odzi, \u0141\u00f3dzki Dom Kultury, Centrum Archiwistyki Spo\u0142ecznej.<\/p>\n\n\n\n<p><strong>Wystawa zosta\u0142a obj\u0119ta honorowym patronatem Polskiego Komitetu do spraw UNESCO.<\/strong><\/p>\n\n\n\n<p>Organizacja jubileuszu <strong>\u201e10 lat Krajowej listy niematerialnego dziedzictwa kulturowego\u201d <\/strong>jest finansowana ze \u015brodk\u00f3w Ministerstwa Kultury i Dziedzictwa Narodowego.<\/p>\n\n\n\n<p><strong>Terminy i miejsca prezentacji wystawy:<\/strong><\/p>\n\n\n\n<p>\u2022 Pozna\u0144 \u2013 29 kwietnia do 17 maja 2023, dziedziniec Og\u00f3lnokszta\u0142c\u0105cej Szko\u0142y Baletowej im. Olgi S\u0142awskiej-Lipczy\u0144skiej<br>\u2022 Sandomierz \u2013 19 maja do 3 czerwca 2023, dziedziniec Muzeum Zamkowego w Sandomierzu<br>\u2022 \u0141\u00f3d\u017a \u2013 5 czerwca do 17 lipca 2023, Rynek Manufaktury<br>\u2022 Katowice \u2013 22 lipca do 13 sierpnia 2023, teren Muzeum \u015al\u0105skiego<br>\u2022 Niemodlin \u2013 15 sierpnia do 19 wrze\u015bnia 2023, Zamek w Niemodlinie<br>\u2022 Ostro\u0142\u0119ka \u2013 21 wrze\u015bnia do 21 pa\u017adziernika 2023, Muzeum Kultury Kurpiowskiej<\/p>\n\n\n\n<p>Ka\u017cdorazowo otwarciu wystawy towarzysz\u0105 sesje, spotkania oraz konferencje organizowane przez terenowe oddzia\u0142y NID. Szczeg\u00f3\u0142owe informacje dotycz\u0105ce planowanych wydarze\u0144, dost\u0119pne s\u0105 na stronie <a href=\"https:\/\/nid.pl\/en\/\" target=\"_blank\" rel=\"noreferrer noopener\">nid.pl<\/a>.<\/p>\n\n\n\n<p><\/p>\n\n\n\n<figure class=\"wp-block-gallery has-nested-images columns-default is-cropped wp-block-gallery-1 is-layout-flex wp-block-gallery-is-layout-flex\">\n<figure class=\"wp-block-image size-large\"><img loading=\"lazy\" decoding=\"async\" width=\"1536\" height=\"2048\" data-id=\"11594\" src=\"https:\/\/nid.pl\/wp-content\/uploads\/2023\/06\/Niematerialne-Lodz-0.jpeg\" alt=\"\" class=\"wp-image-11594\" srcset=\"https:\/\/nid.pl\/wp-content\/uploads\/2023\/06\/Niematerialne-Lodz-0.jpeg 1536w, https:\/\/nid.pl\/wp-content\/uploads\/2023\/06\/Niematerialne-Lodz-0-1280x1707.jpeg 1280w, https:\/\/nid.pl\/wp-content\/uploads\/2023\/06\/Niematerialne-Lodz-0-980x1307.jpeg 980w, https:\/\/nid.pl\/wp-content\/uploads\/2023\/06\/Niematerialne-Lodz-0-480x640.jpeg 480w\" sizes=\"(min-width: 0px) and (max-width: 480px) 480px, (min-width: 481px) and (max-width: 980px) 980px, (min-width: 981px) and (max-width: 1280px) 1280px, (min-width: 1281px) 1536px, 100vw\" \/><figcaption>dr hab. Katarzyna Zalasi\u0144ska, dyrektor Narodowego Instytutu Dziedzictwa, fot. NID<\/figcaption><\/figure>\n<\/figure>\n\n\n\n<figure class=\"wp-block-gallery has-nested-images columns-default is-cropped wp-block-gallery-2 is-layout-flex wp-block-gallery-is-layout-flex\">\n<figure class=\"wp-block-image size-large\"><img loading=\"lazy\" decoding=\"async\" width=\"2048\" height=\"1536\" data-id=\"11595\" src=\"https:\/\/nid.pl\/wp-content\/uploads\/2023\/06\/Niematerialne-Lodz-1.jpeg\" alt=\"\" class=\"wp-image-11595\" srcset=\"https:\/\/nid.pl\/wp-content\/uploads\/2023\/06\/Niematerialne-Lodz-1.jpeg 2048w, https:\/\/nid.pl\/wp-content\/uploads\/2023\/06\/Niematerialne-Lodz-1-1280x960.jpeg 1280w, https:\/\/nid.pl\/wp-content\/uploads\/2023\/06\/Niematerialne-Lodz-1-980x735.jpeg 980w, https:\/\/nid.pl\/wp-content\/uploads\/2023\/06\/Niematerialne-Lodz-1-480x360.jpeg 480w\" sizes=\"(min-width: 0px) and (max-width: 480px) 480px, (min-width: 481px) and (max-width: 980px) 980px, (min-width: 981px) and (max-width: 1280px) 1280px, (min-width: 1281px) 2048px, 100vw\" \/><figcaption>Grzegorz Ziemba, Wicemarsza\u0142ek Wojew\u00f3dztwa \u0141\u00f3dzkiego, fot. NID<\/figcaption><\/figure>\n<\/figure>\n\n\n\n<figure class=\"wp-block-gallery has-nested-images columns-default is-cropped wp-block-gallery-3 is-layout-flex wp-block-gallery-is-layout-flex\">\n<figure class=\"wp-block-image size-large\"><img loading=\"lazy\" decoding=\"async\" width=\"1024\" height=\"768\" data-id=\"11606\" src=\"https:\/\/nid.pl\/wp-content\/uploads\/2023\/06\/WhatsApp-Image-2023-06-05-at-12.03.04-1024x768.jpeg\" alt=\"\" class=\"wp-image-11606\" srcset=\"https:\/\/nid.pl\/wp-content\/uploads\/2023\/06\/WhatsApp-Image-2023-06-05-at-12.03.04-980x735.jpeg 980w, https:\/\/nid.pl\/wp-content\/uploads\/2023\/06\/WhatsApp-Image-2023-06-05-at-12.03.04-480x360.jpeg 480w\" sizes=\"(min-width: 0px) and (max-width: 480px) 480px, (min-width: 481px) and (max-width: 980px) 980px, (min-width: 981px) 1024px, 100vw\" \/><figcaption>Wystawa \u201eTradycje od pokole\u0144. Niematerialne dziedzictwo kulturowe w Polsce&#8221;, \u0141\u00f3d\u017a, fot. NID<\/figcaption><\/figure>\n<\/figure>\n\n\n\n<figure class=\"wp-block-gallery has-nested-images columns-default is-cropped wp-block-gallery-4 is-layout-flex wp-block-gallery-is-layout-flex\">\n<figure class=\"wp-block-image size-large\"><img loading=\"lazy\" decoding=\"async\" width=\"1024\" height=\"683\" data-id=\"11618\" src=\"https:\/\/nid.pl\/wp-content\/uploads\/2023\/06\/Niematerialne-Lodz-10-1024x683.jpg\" alt=\"\" class=\"wp-image-11618\" srcset=\"https:\/\/nid.pl\/wp-content\/uploads\/2023\/06\/Niematerialne-Lodz-10-980x653.jpg 980w, https:\/\/nid.pl\/wp-content\/uploads\/2023\/06\/Niematerialne-Lodz-10-480x320.jpg 480w\" sizes=\"(min-width: 0px) and (max-width: 480px) 480px, (min-width: 481px) and (max-width: 980px) 980px, (min-width: 981px) 1024px, 100vw\" \/><figcaption>Obchody jubileuszu 20-lecia Konwencji UNESCO w sprawie ochrony niematerialnego dziedzictwa kulturowego oraz 10-lecia Krajowej listy niematerialnego dziedzictwa kulturowego, \u0141\u00f3d\u017a, fot. NID<\/figcaption><\/figure>\n<\/figure>\n\n\n\n<figure class=\"wp-block-gallery has-nested-images columns-default is-cropped wp-block-gallery-5 is-layout-flex wp-block-gallery-is-layout-flex\">\n<figure class=\"wp-block-image size-large\"><img loading=\"lazy\" decoding=\"async\" width=\"1024\" height=\"683\" data-id=\"11620\" src=\"https:\/\/nid.pl\/wp-content\/uploads\/2023\/06\/Niematerialne-Lodz-11-1024x683.jpg\" alt=\"\" class=\"wp-image-11620\" srcset=\"https:\/\/nid.pl\/wp-content\/uploads\/2023\/06\/Niematerialne-Lodz-11-980x653.jpg 980w, https:\/\/nid.pl\/wp-content\/uploads\/2023\/06\/Niematerialne-Lodz-11-480x320.jpg 480w\" sizes=\"(min-width: 0px) and (max-width: 480px) 480px, (min-width: 481px) and (max-width: 980px) 980px, (min-width: 981px) 1024px, 100vw\" \/><figcaption>Obchody jubileuszu 20-lecia Konwencji UNESCO w sprawie ochrony niematerialnego dziedzictwa kulturowego oraz 10-lecia Krajowej listy niematerialnego dziedzictwa kulturowego, \u0141\u00f3d\u017a, fot. NID<\/figcaption><\/figure>\n<\/figure>\n\n\n\n<figure class=\"wp-block-gallery has-nested-images columns-default is-cropped wp-block-gallery-6 is-layout-flex wp-block-gallery-is-layout-flex\">\n<figure class=\"wp-block-image size-large\"><img loading=\"lazy\" decoding=\"async\" width=\"1024\" height=\"683\" data-id=\"11621\" src=\"https:\/\/nid.pl\/wp-content\/uploads\/2023\/06\/Niematerialne-Lodz-12-1024x683.jpg\" alt=\"\" class=\"wp-image-11621\" srcset=\"https:\/\/nid.pl\/wp-content\/uploads\/2023\/06\/Niematerialne-Lodz-12-980x653.jpg 980w, https:\/\/nid.pl\/wp-content\/uploads\/2023\/06\/Niematerialne-Lodz-12-480x320.jpg 480w\" sizes=\"(min-width: 0px) and (max-width: 480px) 480px, (min-width: 481px) and (max-width: 980px) 980px, (min-width: 981px) 1024px, 100vw\" \/><figcaption>Obchody jubileuszu 20-lecia Konwencji UNESCO w sprawie ochrony niematerialnego dziedzictwa kulturowego oraz 10-lecia Krajowej listy niematerialnego dziedzictwa kulturowego, \u0141\u00f3d\u017a, fot. NID<\/figcaption><\/figure>\n<\/figure>\n\n\n\n<figure class=\"wp-block-gallery has-nested-images columns-default is-cropped wp-block-gallery-7 is-layout-flex wp-block-gallery-is-layout-flex\">\n<figure class=\"wp-block-image size-large\"><img loading=\"lazy\" decoding=\"async\" width=\"1024\" height=\"683\" data-id=\"11622\" src=\"https:\/\/nid.pl\/wp-content\/uploads\/2023\/06\/Niematerialne-Lodz-13-1024x683.jpg\" alt=\"\" class=\"wp-image-11622\" srcset=\"https:\/\/nid.pl\/wp-content\/uploads\/2023\/06\/Niematerialne-Lodz-13-980x653.jpg 980w, https:\/\/nid.pl\/wp-content\/uploads\/2023\/06\/Niematerialne-Lodz-13-480x320.jpg 480w\" sizes=\"(min-width: 0px) and (max-width: 480px) 480px, (min-width: 481px) and (max-width: 980px) 980px, (min-width: 981px) 1024px, 100vw\" \/><figcaption>Obchody jubileuszu 20-lecia Konwencji UNESCO w sprawie ochrony niematerialnego dziedzictwa kulturowego oraz 10-lecia Krajowej listy niematerialnego dziedzictwa kulturowego, \u0141\u00f3d\u017a, fot. NID<\/figcaption><\/figure>\n<\/figure>\n\n\n\n<figure class=\"wp-block-gallery has-nested-images columns-default is-cropped wp-block-gallery-8 is-layout-flex wp-block-gallery-is-layout-flex\">\n<figure class=\"wp-block-image size-large\"><img loading=\"lazy\" decoding=\"async\" width=\"1024\" height=\"683\" data-id=\"11623\" src=\"https:\/\/nid.pl\/wp-content\/uploads\/2023\/06\/Niematerialne-Lodz-15-1024x683.jpg\" alt=\"\" class=\"wp-image-11623\" srcset=\"https:\/\/nid.pl\/wp-content\/uploads\/2023\/06\/Niematerialne-Lodz-15-980x653.jpg 980w, https:\/\/nid.pl\/wp-content\/uploads\/2023\/06\/Niematerialne-Lodz-15-480x320.jpg 480w\" sizes=\"(min-width: 0px) and (max-width: 480px) 480px, (min-width: 481px) and (max-width: 980px) 980px, (min-width: 981px) 1024px, 100vw\" \/><figcaption>Obchody jubileuszu 20-lecia Konwencji UNESCO w sprawie ochrony niematerialnego dziedzictwa kulturowego oraz 10-lecia Krajowej listy niematerialnego dziedzictwa kulturowego, \u0141\u00f3d\u017a, fot. NID<\/figcaption><\/figure>\n<\/figure>\n\n\n\n<figure class=\"wp-block-gallery has-nested-images columns-default is-cropped wp-block-gallery-9 is-layout-flex wp-block-gallery-is-layout-flex\">\n<figure class=\"wp-block-image size-large\"><img loading=\"lazy\" decoding=\"async\" width=\"1024\" height=\"683\" data-id=\"11624\" src=\"https:\/\/nid.pl\/wp-content\/uploads\/2023\/06\/Niematerialne-Lodz-16-1024x683.jpg\" alt=\"\" class=\"wp-image-11624\" srcset=\"https:\/\/nid.pl\/wp-content\/uploads\/2023\/06\/Niematerialne-Lodz-16-980x653.jpg 980w, https:\/\/nid.pl\/wp-content\/uploads\/2023\/06\/Niematerialne-Lodz-16-480x320.jpg 480w\" sizes=\"(min-width: 0px) and (max-width: 480px) 480px, (min-width: 481px) and (max-width: 980px) 980px, (min-width: 981px) 1024px, 100vw\" \/><figcaption>Obchody jubileuszu 20-lecia Konwencji UNESCO w sprawie ochrony niematerialnego dziedzictwa kulturowego oraz 10-lecia Krajowej listy niematerialnego dziedzictwa kulturowego, \u0141\u00f3d\u017a, fot. NID<\/figcaption><\/figure>\n<\/figure>\n\n\n\n<figure class=\"wp-block-gallery has-nested-images columns-default is-cropped wp-block-gallery-10 is-layout-flex wp-block-gallery-is-layout-flex\">\n<figure class=\"wp-block-image size-large\"><img loading=\"lazy\" decoding=\"async\" width=\"1024\" height=\"683\" data-id=\"11625\" src=\"https:\/\/nid.pl\/wp-content\/uploads\/2023\/06\/Niematerialne-Lodz-17-1024x683.jpg\" alt=\"\" class=\"wp-image-11625\" srcset=\"https:\/\/nid.pl\/wp-content\/uploads\/2023\/06\/Niematerialne-Lodz-17-980x653.jpg 980w, https:\/\/nid.pl\/wp-content\/uploads\/2023\/06\/Niematerialne-Lodz-17-480x320.jpg 480w\" sizes=\"(min-width: 0px) and (max-width: 480px) 480px, (min-width: 481px) and (max-width: 980px) 980px, (min-width: 981px) 1024px, 100vw\" \/><figcaption>Obchody jubileuszu 20-lecia Konwencji UNESCO w sprawie ochrony niematerialnego dziedzictwa kulturowego oraz 10-lecia Krajowej listy niematerialnego dziedzictwa kulturowego, \u0141\u00f3d\u017a, fot. NID<\/figcaption><\/figure>\n<\/figure>\n\n\n\n<figure class=\"wp-block-gallery has-nested-images columns-default is-cropped wp-block-gallery-11 is-layout-flex wp-block-gallery-is-layout-flex\">\n<figure class=\"wp-block-image size-large\"><img loading=\"lazy\" decoding=\"async\" width=\"1024\" height=\"683\" data-id=\"11626\" src=\"https:\/\/nid.pl\/wp-content\/uploads\/2023\/06\/Niematerialne-Lodz-18-1024x683.jpg\" alt=\"\" class=\"wp-image-11626\" srcset=\"https:\/\/nid.pl\/wp-content\/uploads\/2023\/06\/Niematerialne-Lodz-18-980x653.jpg 980w, https:\/\/nid.pl\/wp-content\/uploads\/2023\/06\/Niematerialne-Lodz-18-480x320.jpg 480w\" sizes=\"(min-width: 0px) and (max-width: 480px) 480px, (min-width: 481px) and (max-width: 980px) 980px, (min-width: 981px) 1024px, 100vw\" \/><figcaption>Obchody jubileuszu 20-lecia Konwencji UNESCO w sprawie ochrony niematerialnego dziedzictwa kulturowego oraz 10-lecia Krajowej listy niematerialnego dziedzictwa kulturowego, \u0141\u00f3d\u017a, fot. NID<\/figcaption><\/figure>\n<\/figure>\n\n\n\n<figure class=\"wp-block-gallery has-nested-images columns-default is-cropped wp-block-gallery-12 is-layout-flex wp-block-gallery-is-layout-flex\">\n<figure class=\"wp-block-image size-large\"><img loading=\"lazy\" decoding=\"async\" width=\"1024\" height=\"683\" data-id=\"11628\" src=\"https:\/\/nid.pl\/wp-content\/uploads\/2023\/06\/Niematerialne-Lodz-19-1024x683.jpg\" alt=\"\" class=\"wp-image-11628\" srcset=\"https:\/\/nid.pl\/wp-content\/uploads\/2023\/06\/Niematerialne-Lodz-19-980x653.jpg 980w, https:\/\/nid.pl\/wp-content\/uploads\/2023\/06\/Niematerialne-Lodz-19-480x320.jpg 480w\" sizes=\"(min-width: 0px) and (max-width: 480px) 480px, (min-width: 481px) and (max-width: 980px) 980px, (min-width: 981px) 1024px, 100vw\" \/><figcaption>Obchody jubileuszu 20-lecia Konwencji UNESCO w sprawie ochrony niematerialnego dziedzictwa kulturowego oraz 10-lecia Krajowej listy niematerialnego dziedzictwa kulturowego, \u0141\u00f3d\u017a, fot. NID<\/figcaption><\/figure>\n<\/figure>\n\n\n\n<figure class=\"wp-block-gallery has-nested-images columns-default is-cropped wp-block-gallery-13 is-layout-flex wp-block-gallery-is-layout-flex\">\n<figure class=\"wp-block-image size-large\"><img loading=\"lazy\" decoding=\"async\" width=\"1024\" height=\"683\" data-id=\"11629\" src=\"https:\/\/nid.pl\/wp-content\/uploads\/2023\/06\/Niematerialne-Lodz-20-1024x683.jpg\" alt=\"\" class=\"wp-image-11629\" srcset=\"https:\/\/nid.pl\/wp-content\/uploads\/2023\/06\/Niematerialne-Lodz-20-980x653.jpg 980w, https:\/\/nid.pl\/wp-content\/uploads\/2023\/06\/Niematerialne-Lodz-20-480x320.jpg 480w\" sizes=\"(min-width: 0px) and (max-width: 480px) 480px, (min-width: 481px) and (max-width: 980px) 980px, (min-width: 981px) 1024px, 100vw\" \/><figcaption>Obchody jubileuszu 20-lecia Konwencji UNESCO w sprawie ochrony niematerialnego dziedzictwa kulturowego oraz 10-lecia Krajowej listy niematerialnego dziedzictwa kulturowego, \u0141\u00f3d\u017a, fot. NID<\/figcaption><\/figure>\n<\/figure>\n\n\n\n<figure class=\"wp-block-gallery has-nested-images columns-default is-cropped wp-block-gallery-14 is-layout-flex wp-block-gallery-is-layout-flex\">\n<figure class=\"wp-block-image size-large\"><img loading=\"lazy\" decoding=\"async\" width=\"1024\" height=\"683\" data-id=\"11630\" src=\"https:\/\/nid.pl\/wp-content\/uploads\/2023\/06\/Niematerialne-Lodz-21-1024x683.jpg\" alt=\"\" class=\"wp-image-11630\" srcset=\"https:\/\/nid.pl\/wp-content\/uploads\/2023\/06\/Niematerialne-Lodz-21-980x653.jpg 980w, https:\/\/nid.pl\/wp-content\/uploads\/2023\/06\/Niematerialne-Lodz-21-480x320.jpg 480w\" sizes=\"(min-width: 0px) and (max-width: 480px) 480px, (min-width: 481px) and (max-width: 980px) 980px, (min-width: 981px) 1024px, 100vw\" \/><figcaption>Obchody jubileuszu 20-lecia Konwencji UNESCO w sprawie ochrony niematerialnego dziedzictwa kulturowego oraz 10-lecia Krajowej listy niematerialnego dziedzictwa kulturowego, \u0141\u00f3d\u017a, fot. NID<\/figcaption><\/figure>\n<\/figure>\n\n\n\n<figure class=\"wp-block-gallery has-nested-images columns-default is-cropped wp-block-gallery-15 is-layout-flex wp-block-gallery-is-layout-flex\">\n<figure class=\"wp-block-image size-large\"><img loading=\"lazy\" decoding=\"async\" width=\"1024\" height=\"683\" data-id=\"11631\" src=\"https:\/\/nid.pl\/wp-content\/uploads\/2023\/06\/Niematerialne-Lodz-22-1024x683.jpg\" alt=\"\" class=\"wp-image-11631\" srcset=\"https:\/\/nid.pl\/wp-content\/uploads\/2023\/06\/Niematerialne-Lodz-22-980x653.jpg 980w, https:\/\/nid.pl\/wp-content\/uploads\/2023\/06\/Niematerialne-Lodz-22-480x320.jpg 480w\" sizes=\"(min-width: 0px) and (max-width: 480px) 480px, (min-width: 481px) and (max-width: 980px) 980px, (min-width: 981px) 1024px, 100vw\" \/><figcaption>Obchody jubileuszu 20-lecia Konwencji UNESCO w sprawie ochrony niematerialnego dziedzictwa kulturowego oraz 10-lecia Krajowej listy niematerialnego dziedzictwa kulturowego, \u0141\u00f3d\u017a, fot. NID<\/figcaption><\/figure>\n<\/figure>\n\n\n\n<figure class=\"wp-block-gallery has-nested-images columns-default is-cropped wp-block-gallery-16 is-layout-flex wp-block-gallery-is-layout-flex\">\n<figure class=\"wp-block-image size-large\"><img loading=\"lazy\" decoding=\"async\" width=\"1024\" height=\"683\" data-id=\"11632\" src=\"https:\/\/nid.pl\/wp-content\/uploads\/2023\/06\/Niematerialne-Lodz-23-1024x683.jpg\" alt=\"\" class=\"wp-image-11632\" srcset=\"https:\/\/nid.pl\/wp-content\/uploads\/2023\/06\/Niematerialne-Lodz-23-980x653.jpg 980w, https:\/\/nid.pl\/wp-content\/uploads\/2023\/06\/Niematerialne-Lodz-23-480x320.jpg 480w\" sizes=\"(min-width: 0px) and (max-width: 480px) 480px, (min-width: 481px) and (max-width: 980px) 980px, (min-width: 981px) 1024px, 100vw\" \/><figcaption>Obchody jubileuszu 20-lecia Konwencji UNESCO w sprawie ochrony niematerialnego dziedzictwa kulturowego oraz 10-lecia Krajowej listy niematerialnego dziedzictwa kulturowego, \u0141\u00f3d\u017a, fot. NID<\/figcaption><\/figure>\n<\/figure>\n\n\n\n<figure class=\"wp-block-gallery has-nested-images columns-default is-cropped wp-block-gallery-17 is-layout-flex wp-block-gallery-is-layout-flex\">\n<figure class=\"wp-block-image size-large\"><img loading=\"lazy\" decoding=\"async\" width=\"1024\" height=\"683\" data-id=\"11633\" src=\"https:\/\/nid.pl\/wp-content\/uploads\/2023\/06\/Niematerialne-Lodz-24-1024x683.jpg\" alt=\"\" class=\"wp-image-11633\" srcset=\"https:\/\/nid.pl\/wp-content\/uploads\/2023\/06\/Niematerialne-Lodz-24-980x653.jpg 980w, https:\/\/nid.pl\/wp-content\/uploads\/2023\/06\/Niematerialne-Lodz-24-480x320.jpg 480w\" sizes=\"(min-width: 0px) and (max-width: 480px) 480px, (min-width: 481px) and (max-width: 980px) 980px, (min-width: 981px) 1024px, 100vw\" \/><figcaption>Obchody jubileuszu 20-lecia Konwencji UNESCO w sprawie ochrony niematerialnego dziedzictwa kulturowego oraz 10-lecia Krajowej listy niematerialnego dziedzictwa kulturowego, \u0141\u00f3d\u017a, fot. NID<\/figcaption><\/figure>\n<\/figure>\n\n\n\n<figure class=\"wp-block-gallery has-nested-images columns-default is-cropped wp-block-gallery-18 is-layout-flex wp-block-gallery-is-layout-flex\">\n<figure class=\"wp-block-image size-large\"><img loading=\"lazy\" decoding=\"async\" width=\"1024\" height=\"683\" data-id=\"11634\" src=\"https:\/\/nid.pl\/wp-content\/uploads\/2023\/06\/Niematerialne-Lodz-25-1024x683.jpg\" alt=\"\" class=\"wp-image-11634\" srcset=\"https:\/\/nid.pl\/wp-content\/uploads\/2023\/06\/Niematerialne-Lodz-25-980x653.jpg 980w, https:\/\/nid.pl\/wp-content\/uploads\/2023\/06\/Niematerialne-Lodz-25-480x320.jpg 480w\" sizes=\"(min-width: 0px) and (max-width: 480px) 480px, (min-width: 481px) and (max-width: 980px) 980px, (min-width: 981px) 1024px, 100vw\" \/><figcaption>Obchody jubileuszu 20-lecia Konwencji UNESCO w sprawie ochrony niematerialnego dziedzictwa kulturowego oraz 10-lecia Krajowej listy niematerialnego dziedzictwa kulturowego, \u0141\u00f3d\u017a, fot. NID<\/figcaption><\/figure>\n<\/figure>\n\n\n\n<figure class=\"wp-block-gallery has-nested-images columns-default is-cropped wp-block-gallery-19 is-layout-flex wp-block-gallery-is-layout-flex\">\n<figure class=\"wp-block-image size-large\"><img loading=\"lazy\" decoding=\"async\" width=\"1024\" height=\"683\" data-id=\"11635\" src=\"https:\/\/nid.pl\/wp-content\/uploads\/2023\/06\/Niematerialne-Lodz-26-1024x683.jpg\" alt=\"\" class=\"wp-image-11635\" srcset=\"https:\/\/nid.pl\/wp-content\/uploads\/2023\/06\/Niematerialne-Lodz-26-980x653.jpg 980w, https:\/\/nid.pl\/wp-content\/uploads\/2023\/06\/Niematerialne-Lodz-26-480x320.jpg 480w\" sizes=\"(min-width: 0px) and (max-width: 480px) 480px, (min-width: 481px) and (max-width: 980px) 980px, (min-width: 981px) 1024px, 100vw\" \/><figcaption>Obchody jubileuszu 20-lecia Konwencji UNESCO w sprawie ochrony niematerialnego dziedzictwa kulturowego oraz 10-lecia Krajowej listy niematerialnego dziedzictwa kulturowego, \u0141\u00f3d\u017a, fot. NID<\/figcaption><\/figure>\n<\/figure>\n\n\n\n<figure class=\"wp-block-gallery has-nested-images columns-default is-cropped wp-block-gallery-20 is-layout-flex wp-block-gallery-is-layout-flex\">\n<figure class=\"wp-block-image size-large\"><img loading=\"lazy\" decoding=\"async\" width=\"1024\" height=\"683\" data-id=\"11636\" src=\"https:\/\/nid.pl\/wp-content\/uploads\/2023\/06\/Niematerialne-Lodz-27-1024x683.jpg\" alt=\"\" class=\"wp-image-11636\" srcset=\"https:\/\/nid.pl\/wp-content\/uploads\/2023\/06\/Niematerialne-Lodz-27-980x653.jpg 980w, https:\/\/nid.pl\/wp-content\/uploads\/2023\/06\/Niematerialne-Lodz-27-480x320.jpg 480w\" sizes=\"(min-width: 0px) and (max-width: 480px) 480px, (min-width: 481px) and (max-width: 980px) 980px, (min-width: 981px) 1024px, 100vw\" \/><figcaption>Obchody jubileuszu 20-lecia Konwencji UNESCO w sprawie ochrony niematerialnego dziedzictwa kulturowego oraz 10-lecia Krajowej listy niematerialnego dziedzictwa kulturowego, \u0141\u00f3d\u017a, fot. NID<\/figcaption><\/figure>\n<\/figure>\n\n\n\n<figure class=\"wp-block-gallery has-nested-images columns-default is-cropped wp-block-gallery-21 is-layout-flex wp-block-gallery-is-layout-flex\">\n<figure class=\"wp-block-image size-large\"><img loading=\"lazy\" decoding=\"async\" width=\"1024\" height=\"683\" data-id=\"11637\" src=\"https:\/\/nid.pl\/wp-content\/uploads\/2023\/06\/Niematerialne-Lodz-28-1024x683.jpg\" alt=\"\" class=\"wp-image-11637\" srcset=\"https:\/\/nid.pl\/wp-content\/uploads\/2023\/06\/Niematerialne-Lodz-28-980x653.jpg 980w, https:\/\/nid.pl\/wp-content\/uploads\/2023\/06\/Niematerialne-Lodz-28-480x320.jpg 480w\" sizes=\"(min-width: 0px) and (max-width: 480px) 480px, (min-width: 481px) and (max-width: 980px) 980px, (min-width: 981px) 1024px, 100vw\" \/><figcaption>Obchody jubileuszu 20-lecia Konwencji UNESCO w sprawie ochrony niematerialnego dziedzictwa kulturowego oraz 10-lecia Krajowej listy niematerialnego dziedzictwa kulturowego, \u0141\u00f3d\u017a, fot. NID<\/figcaption><\/figure>\n<\/figure>\n\n\n\n<figure class=\"wp-block-gallery has-nested-images columns-default is-cropped wp-block-gallery-22 is-layout-flex wp-block-gallery-is-layout-flex\">\n<figure class=\"wp-block-image size-large\"><img loading=\"lazy\" decoding=\"async\" width=\"1024\" height=\"683\" data-id=\"11638\" src=\"https:\/\/nid.pl\/wp-content\/uploads\/2023\/06\/Niematerialne-Lodz-29-1024x683.jpg\" alt=\"\" class=\"wp-image-11638\" srcset=\"https:\/\/nid.pl\/wp-content\/uploads\/2023\/06\/Niematerialne-Lodz-29-980x653.jpg 980w, https:\/\/nid.pl\/wp-content\/uploads\/2023\/06\/Niematerialne-Lodz-29-480x320.jpg 480w\" sizes=\"(min-width: 0px) and (max-width: 480px) 480px, (min-width: 481px) and (max-width: 980px) 980px, (min-width: 981px) 1024px, 100vw\" \/><figcaption>Obchody jubileuszu 20-lecia Konwencji UNESCO w sprawie ochrony niematerialnego dziedzictwa kulturowego oraz 10-lecia Krajowej listy niematerialnego dziedzictwa kulturowego, \u0141\u00f3d\u017a, fot. NID<\/figcaption><\/figure>\n<\/figure>\n\n\n\n<figure class=\"wp-block-gallery has-nested-images columns-default is-cropped wp-block-gallery-23 is-layout-flex wp-block-gallery-is-layout-flex\">\n<figure class=\"wp-block-image size-large\"><img loading=\"lazy\" decoding=\"async\" width=\"1024\" height=\"683\" data-id=\"11639\" src=\"https:\/\/nid.pl\/wp-content\/uploads\/2023\/06\/Niematerialne-Lodz-30-1024x683.jpg\" alt=\"\" class=\"wp-image-11639\" srcset=\"https:\/\/nid.pl\/wp-content\/uploads\/2023\/06\/Niematerialne-Lodz-30-980x653.jpg 980w, https:\/\/nid.pl\/wp-content\/uploads\/2023\/06\/Niematerialne-Lodz-30-480x320.jpg 480w\" sizes=\"(min-width: 0px) and (max-width: 480px) 480px, (min-width: 481px) and (max-width: 980px) 980px, (min-width: 981px) 1024px, 100vw\" \/><figcaption>Obchody jubileuszu 20-lecia Konwencji UNESCO w sprawie ochrony niematerialnego dziedzictwa kulturowego oraz 10-lecia Krajowej listy niematerialnego dziedzictwa kulturowego, \u0141\u00f3d\u017a, fot. NID<\/figcaption><\/figure>\n<\/figure>\n\n\n\n<figure class=\"wp-block-gallery has-nested-images columns-default is-cropped wp-block-gallery-24 is-layout-flex wp-block-gallery-is-layout-flex\">\n<figure class=\"wp-block-image size-large\"><img loading=\"lazy\" decoding=\"async\" width=\"1024\" height=\"683\" data-id=\"11640\" src=\"https:\/\/nid.pl\/wp-content\/uploads\/2023\/06\/Niematerialne-Lodz-31-1024x683.jpg\" alt=\"\" class=\"wp-image-11640\" srcset=\"https:\/\/nid.pl\/wp-content\/uploads\/2023\/06\/Niematerialne-Lodz-31-980x653.jpg 980w, https:\/\/nid.pl\/wp-content\/uploads\/2023\/06\/Niematerialne-Lodz-31-480x320.jpg 480w\" sizes=\"(min-width: 0px) and (max-width: 480px) 480px, (min-width: 481px) and (max-width: 980px) 980px, (min-width: 981px) 1024px, 100vw\" \/><figcaption>Obchody jubileuszu 20-lecia Konwencji UNESCO w sprawie ochrony niematerialnego dziedzictwa kulturowego oraz 10-lecia Krajowej listy niematerialnego dziedzictwa kulturowego, \u0141\u00f3d\u017a, fot. NID<\/figcaption><\/figure>\n<\/figure>\n\n\n\n<figure class=\"wp-block-gallery has-nested-images columns-default is-cropped wp-block-gallery-25 is-layout-flex wp-block-gallery-is-layout-flex\">\n<figure class=\"wp-block-image size-large\"><img loading=\"lazy\" decoding=\"async\" width=\"1024\" height=\"683\" data-id=\"11641\" src=\"https:\/\/nid.pl\/wp-content\/uploads\/2023\/06\/Niematerialne-Lodz-32-1024x683.jpg\" alt=\"\" class=\"wp-image-11641\" srcset=\"https:\/\/nid.pl\/wp-content\/uploads\/2023\/06\/Niematerialne-Lodz-32-980x653.jpg 980w, https:\/\/nid.pl\/wp-content\/uploads\/2023\/06\/Niematerialne-Lodz-32-480x320.jpg 480w\" sizes=\"(min-width: 0px) and (max-width: 480px) 480px, (min-width: 481px) and (max-width: 980px) 980px, (min-width: 981px) 1024px, 100vw\" \/><figcaption>Obchody jubileuszu 20-lecia Konwencji UNESCO w sprawie ochrony niematerialnego dziedzictwa kulturowego oraz 10-lecia Krajowej listy niematerialnego dziedzictwa kulturowego, \u0141\u00f3d\u017a, fot. NID<\/figcaption><\/figure>\n<\/figure>\n\n\n\n<figure class=\"wp-block-gallery has-nested-images columns-default is-cropped wp-block-gallery-26 is-layout-flex wp-block-gallery-is-layout-flex\">\n<figure class=\"wp-block-image size-large\"><img loading=\"lazy\" decoding=\"async\" width=\"1024\" height=\"683\" data-id=\"11642\" src=\"https:\/\/nid.pl\/wp-content\/uploads\/2023\/06\/Niematerialne-Lodz-33-1024x683.jpg\" alt=\"\" class=\"wp-image-11642\" srcset=\"https:\/\/nid.pl\/wp-content\/uploads\/2023\/06\/Niematerialne-Lodz-33-980x653.jpg 980w, https:\/\/nid.pl\/wp-content\/uploads\/2023\/06\/Niematerialne-Lodz-33-480x320.jpg 480w\" sizes=\"(min-width: 0px) and (max-width: 480px) 480px, (min-width: 481px) and (max-width: 980px) 980px, (min-width: 981px) 1024px, 100vw\" \/><figcaption>Obchody jubileuszu 20-lecia Konwencji UNESCO w sprawie ochrony niematerialnego dziedzictwa kulturowego oraz 10-lecia Krajowej listy niematerialnego dziedzictwa kulturowego, \u0141\u00f3d\u017a, fot. NID<\/figcaption><\/figure>\n<\/figure>\n\n\n\n<figure class=\"wp-block-gallery has-nested-images columns-default is-cropped wp-block-gallery-27 is-layout-flex wp-block-gallery-is-layout-flex\">\n<figure class=\"wp-block-image size-large\"><img loading=\"lazy\" decoding=\"async\" width=\"1024\" height=\"683\" data-id=\"11643\" src=\"https:\/\/nid.pl\/wp-content\/uploads\/2023\/06\/Niematerialne-Lodz-34-1024x683.jpg\" alt=\"\" class=\"wp-image-11643\" srcset=\"https:\/\/nid.pl\/wp-content\/uploads\/2023\/06\/Niematerialne-Lodz-34-980x653.jpg 980w, https:\/\/nid.pl\/wp-content\/uploads\/2023\/06\/Niematerialne-Lodz-34-480x320.jpg 480w\" sizes=\"(min-width: 0px) and (max-width: 480px) 480px, (min-width: 481px) and (max-width: 980px) 980px, (min-width: 981px) 1024px, 100vw\" \/><figcaption>Obchody jubileuszu 20-lecia Konwencji UNESCO w sprawie ochrony niematerialnego dziedzictwa kulturowego oraz 10-lecia Krajowej listy niematerialnego dziedzictwa kulturowego, \u0141\u00f3d\u017a, fot. NID<\/figcaption><\/figure>\n<\/figure>\n\n\n\n<figure class=\"wp-block-gallery has-nested-images columns-default is-cropped wp-block-gallery-28 is-layout-flex wp-block-gallery-is-layout-flex\">\n<figure class=\"wp-block-image size-large\"><img loading=\"lazy\" decoding=\"async\" width=\"1024\" height=\"683\" data-id=\"11644\" src=\"https:\/\/nid.pl\/wp-content\/uploads\/2023\/06\/Niematerialne-Lodz-35-1024x683.jpg\" alt=\"\" class=\"wp-image-11644\" srcset=\"https:\/\/nid.pl\/wp-content\/uploads\/2023\/06\/Niematerialne-Lodz-35-980x653.jpg 980w, https:\/\/nid.pl\/wp-content\/uploads\/2023\/06\/Niematerialne-Lodz-35-480x320.jpg 480w\" sizes=\"(min-width: 0px) and (max-width: 480px) 480px, (min-width: 481px) and (max-width: 980px) 980px, (min-width: 981px) 1024px, 100vw\" \/><figcaption>Obchody jubileuszu 20-lecia Konwencji UNESCO w sprawie ochrony niematerialnego dziedzictwa kulturowego oraz 10-lecia Krajowej listy niematerialnego dziedzictwa kulturowego, \u0141\u00f3d\u017a, fot. NID<\/figcaption><\/figure>\n<\/figure>\n\n\n\n<figure class=\"wp-block-gallery has-nested-images columns-default is-cropped wp-block-gallery-29 is-layout-flex wp-block-gallery-is-layout-flex\">\n<figure class=\"wp-block-image size-large\"><img loading=\"lazy\" decoding=\"async\" width=\"1024\" height=\"683\" data-id=\"11645\" src=\"https:\/\/nid.pl\/wp-content\/uploads\/2023\/06\/Niematerialne-Lodz-36-1024x683.jpg\" alt=\"\" class=\"wp-image-11645\" srcset=\"https:\/\/nid.pl\/wp-content\/uploads\/2023\/06\/Niematerialne-Lodz-36-980x653.jpg 980w, https:\/\/nid.pl\/wp-content\/uploads\/2023\/06\/Niematerialne-Lodz-36-480x320.jpg 480w\" sizes=\"(min-width: 0px) and (max-width: 480px) 480px, (min-width: 481px) and (max-width: 980px) 980px, (min-width: 981px) 1024px, 100vw\" \/><figcaption>Obchody jubileuszu 20-lecia Konwencji UNESCO w sprawie ochrony niematerialnego dziedzictwa kulturowego oraz 10-lecia Krajowej listy niematerialnego dziedzictwa kulturowego, \u0141\u00f3d\u017a, fot. NID<\/figcaption><\/figure>\n<\/figure>\n\n\n\n<figure class=\"wp-block-gallery has-nested-images columns-default is-cropped wp-block-gallery-30 is-layout-flex wp-block-gallery-is-layout-flex\">\n<figure class=\"wp-block-image size-large\"><img loading=\"lazy\" decoding=\"async\" width=\"1024\" height=\"683\" data-id=\"11646\" src=\"https:\/\/nid.pl\/wp-content\/uploads\/2023\/06\/Niematerialne-Lodz-37-1024x683.jpg\" alt=\"\" class=\"wp-image-11646\" srcset=\"https:\/\/nid.pl\/wp-content\/uploads\/2023\/06\/Niematerialne-Lodz-37-980x653.jpg 980w, https:\/\/nid.pl\/wp-content\/uploads\/2023\/06\/Niematerialne-Lodz-37-480x320.jpg 480w\" sizes=\"(min-width: 0px) and (max-width: 480px) 480px, (min-width: 481px) and (max-width: 980px) 980px, (min-width: 981px) 1024px, 100vw\" \/><figcaption>Obchody jubileuszu 20-lecia Konwencji UNESCO w sprawie ochrony niematerialnego dziedzictwa kulturowego oraz 10-lecia Krajowej listy niematerialnego dziedzictwa kulturowego, \u0141\u00f3d\u017a, fot. NID<\/figcaption><\/figure>\n<\/figure>\n\n\n\n<figure class=\"wp-block-gallery has-nested-images columns-default is-cropped wp-block-gallery-31 is-layout-flex wp-block-gallery-is-layout-flex\">\n<figure class=\"wp-block-image size-large\"><img loading=\"lazy\" decoding=\"async\" width=\"1024\" height=\"683\" data-id=\"11647\" src=\"https:\/\/nid.pl\/wp-content\/uploads\/2023\/06\/Niematerialne-Lodz-38-1024x683.jpg\" alt=\"\" class=\"wp-image-11647\" srcset=\"https:\/\/nid.pl\/wp-content\/uploads\/2023\/06\/Niematerialne-Lodz-38-980x653.jpg 980w, https:\/\/nid.pl\/wp-content\/uploads\/2023\/06\/Niematerialne-Lodz-38-480x320.jpg 480w\" sizes=\"(min-width: 0px) and (max-width: 480px) 480px, (min-width: 481px) and (max-width: 980px) 980px, (min-width: 981px) 1024px, 100vw\" \/><figcaption>Obchody jubileuszu 20-lecia Konwencji UNESCO w sprawie ochrony niematerialnego dziedzictwa kulturowego oraz 10-lecia Krajowej listy niematerialnego dziedzictwa kulturowego, \u0141\u00f3d\u017a, fot. NID<\/figcaption><\/figure>\n<\/figure>\n\n\n\n<figure class=\"wp-block-gallery has-nested-images columns-default is-cropped wp-block-gallery-32 is-layout-flex wp-block-gallery-is-layout-flex\">\n<figure class=\"wp-block-image size-large\"><img loading=\"lazy\" decoding=\"async\" width=\"1024\" height=\"683\" data-id=\"11648\" src=\"https:\/\/nid.pl\/wp-content\/uploads\/2023\/06\/Niematerialne-Lodz-39-1024x683.jpg\" alt=\"\" class=\"wp-image-11648\" srcset=\"https:\/\/nid.pl\/wp-content\/uploads\/2023\/06\/Niematerialne-Lodz-39-980x653.jpg 980w, https:\/\/nid.pl\/wp-content\/uploads\/2023\/06\/Niematerialne-Lodz-39-480x320.jpg 480w\" sizes=\"(min-width: 0px) and (max-width: 480px) 480px, (min-width: 481px) and (max-width: 980px) 980px, (min-width: 981px) 1024px, 100vw\" \/><figcaption>Obchody jubileuszu 20-lecia Konwencji UNESCO w sprawie ochrony niematerialnego dziedzictwa kulturowego oraz 10-lecia Krajowej listy niematerialnego dziedzictwa kulturowego, \u0141\u00f3d\u017a, fot. NID<\/figcaption><\/figure>\n<\/figure>\n\n\n\n<figure class=\"wp-block-gallery has-nested-images columns-default is-cropped wp-block-gallery-33 is-layout-flex wp-block-gallery-is-layout-flex\">\n<figure class=\"wp-block-image size-large\"><img loading=\"lazy\" decoding=\"async\" width=\"1024\" height=\"683\" data-id=\"11649\" src=\"https:\/\/nid.pl\/wp-content\/uploads\/2023\/06\/Niematerialne-Lodz-40-1024x683.jpg\" alt=\"\" class=\"wp-image-11649\" srcset=\"https:\/\/nid.pl\/wp-content\/uploads\/2023\/06\/Niematerialne-Lodz-40-980x653.jpg 980w, https:\/\/nid.pl\/wp-content\/uploads\/2023\/06\/Niematerialne-Lodz-40-480x320.jpg 480w\" sizes=\"(min-width: 0px) and (max-width: 480px) 480px, (min-width: 481px) and (max-width: 980px) 980px, (min-width: 981px) 1024px, 100vw\" \/><figcaption>Obchody jubileuszu 20-lecia Konwencji UNESCO w sprawie ochrony niematerialnego dziedzictwa kulturowego oraz 10-lecia Krajowej listy niematerialnego dziedzictwa kulturowego, \u0141\u00f3d\u017a, fot. NID<\/figcaption><\/figure>\n<\/figure>\n\n\n\n<figure class=\"wp-block-gallery has-nested-images columns-default is-cropped wp-block-gallery-34 is-layout-flex wp-block-gallery-is-layout-flex\">\n<figure class=\"wp-block-image size-large\"><img loading=\"lazy\" decoding=\"async\" width=\"1024\" height=\"683\" data-id=\"11650\" src=\"https:\/\/nid.pl\/wp-content\/uploads\/2023\/06\/Niematerialne-Lodz-41-1024x683.jpg\" alt=\"\" class=\"wp-image-11650\" srcset=\"https:\/\/nid.pl\/wp-content\/uploads\/2023\/06\/Niematerialne-Lodz-41-980x653.jpg 980w, https:\/\/nid.pl\/wp-content\/uploads\/2023\/06\/Niematerialne-Lodz-41-480x320.jpg 480w\" sizes=\"(min-width: 0px) and (max-width: 480px) 480px, (min-width: 481px) and (max-width: 980px) 980px, (min-width: 981px) 1024px, 100vw\" \/><figcaption>Obchody jubileuszu 20-lecia Konwencji UNESCO w sprawie ochrony niematerialnego dziedzictwa kulturowego oraz 10-lecia Krajowej listy niematerialnego dziedzictwa kulturowego, \u0141\u00f3d\u017a, fot. NID<\/figcaption><\/figure>\n<\/figure>\n\n\n\n<figure class=\"wp-block-gallery has-nested-images columns-default is-cropped wp-block-gallery-35 is-layout-flex wp-block-gallery-is-layout-flex\">\n<figure class=\"wp-block-image size-large\"><img loading=\"lazy\" decoding=\"async\" width=\"1024\" height=\"683\" data-id=\"11651\" src=\"https:\/\/nid.pl\/wp-content\/uploads\/2023\/06\/Niematerialne-Lodz-42-1024x683.jpg\" alt=\"\" class=\"wp-image-11651\" srcset=\"https:\/\/nid.pl\/wp-content\/uploads\/2023\/06\/Niematerialne-Lodz-42-980x653.jpg 980w, https:\/\/nid.pl\/wp-content\/uploads\/2023\/06\/Niematerialne-Lodz-42-480x320.jpg 480w\" sizes=\"(min-width: 0px) and (max-width: 480px) 480px, (min-width: 481px) and (max-width: 980px) 980px, (min-width: 981px) 1024px, 100vw\" \/><figcaption>Obchody jubileuszu 20-lecia Konwencji UNESCO w sprawie ochrony niematerialnego dziedzictwa kulturowego oraz 10-lecia Krajowej listy niematerialnego dziedzictwa kulturowego, \u0141\u00f3d\u017a, fot. NID<\/figcaption><\/figure>\n<\/figure>\n\n\n\n<figure class=\"wp-block-gallery has-nested-images columns-default is-cropped wp-block-gallery-36 is-layout-flex wp-block-gallery-is-layout-flex\">\n<figure class=\"wp-block-image size-large\"><img loading=\"lazy\" decoding=\"async\" width=\"1024\" height=\"683\" data-id=\"11652\" src=\"https:\/\/nid.pl\/wp-content\/uploads\/2023\/06\/Niematerialne-Lodz-43-1024x683.jpg\" alt=\"\" class=\"wp-image-11652\" srcset=\"https:\/\/nid.pl\/wp-content\/uploads\/2023\/06\/Niematerialne-Lodz-43-980x653.jpg 980w, https:\/\/nid.pl\/wp-content\/uploads\/2023\/06\/Niematerialne-Lodz-43-480x320.jpg 480w\" sizes=\"(min-width: 0px) and (max-width: 480px) 480px, (min-width: 481px) and (max-width: 980px) 980px, (min-width: 981px) 1024px, 100vw\" \/><figcaption>Obchody jubileuszu 20-lecia Konwencji UNESCO w sprawie ochrony niematerialnego dziedzictwa kulturowego oraz 10-lecia Krajowej listy niematerialnego dziedzictwa kulturowego, \u0141\u00f3d\u017a, fot. NID<\/figcaption><\/figure>\n<\/figure>\n\n\n\n<figure class=\"wp-block-gallery has-nested-images columns-default is-cropped wp-block-gallery-37 is-layout-flex wp-block-gallery-is-layout-flex\">\n<figure class=\"wp-block-image size-large\"><img loading=\"lazy\" decoding=\"async\" width=\"1024\" height=\"683\" data-id=\"11653\" src=\"https:\/\/nid.pl\/wp-content\/uploads\/2023\/06\/Niematerialne-Lodz-44-1024x683.jpg\" alt=\"\" class=\"wp-image-11653\" srcset=\"https:\/\/nid.pl\/wp-content\/uploads\/2023\/06\/Niematerialne-Lodz-44-980x653.jpg 980w, https:\/\/nid.pl\/wp-content\/uploads\/2023\/06\/Niematerialne-Lodz-44-480x320.jpg 480w\" sizes=\"(min-width: 0px) and (max-width: 480px) 480px, (min-width: 481px) and (max-width: 980px) 980px, (min-width: 981px) 1024px, 100vw\" \/><figcaption>Obchody jubileuszu 20-lecia Konwencji UNESCO w sprawie ochrony niematerialnego dziedzictwa kulturowego oraz 10-lecia Krajowej listy niematerialnego dziedzictwa kulturowego, \u0141\u00f3d\u017a, fot. NID<\/figcaption><\/figure>\n<\/figure>\n\n\n\n<figure class=\"wp-block-gallery has-nested-images columns-default is-cropped wp-block-gallery-38 is-layout-flex wp-block-gallery-is-layout-flex\">\n<figure class=\"wp-block-image size-large\"><img loading=\"lazy\" decoding=\"async\" width=\"1024\" height=\"683\" data-id=\"11654\" src=\"https:\/\/nid.pl\/wp-content\/uploads\/2023\/06\/Niematerialne-Lodz-45-1024x683.jpg\" alt=\"\" class=\"wp-image-11654\" srcset=\"https:\/\/nid.pl\/wp-content\/uploads\/2023\/06\/Niematerialne-Lodz-45-980x653.jpg 980w, https:\/\/nid.pl\/wp-content\/uploads\/2023\/06\/Niematerialne-Lodz-45-480x320.jpg 480w\" sizes=\"(min-width: 0px) and (max-width: 480px) 480px, (min-width: 481px) and (max-width: 980px) 980px, (min-width: 981px) 1024px, 100vw\" \/><figcaption>Obchody jubileuszu 20-lecia Konwencji UNESCO w sprawie ochrony niematerialnego dziedzictwa kulturowego oraz 10-lecia Krajowej listy niematerialnego dziedzictwa kulturowego, \u0141\u00f3d\u017a, fot. NID<\/figcaption><\/figure>\n<\/figure>\n\n\n\n<figure class=\"wp-block-gallery has-nested-images columns-default is-cropped wp-block-gallery-39 is-layout-flex wp-block-gallery-is-layout-flex\">\n<figure class=\"wp-block-image size-large\"><img loading=\"lazy\" decoding=\"async\" width=\"1024\" height=\"683\" data-id=\"11655\" src=\"https:\/\/nid.pl\/wp-content\/uploads\/2023\/06\/Niematerialne-Lodz-46-1024x683.jpg\" alt=\"\" class=\"wp-image-11655\" srcset=\"https:\/\/nid.pl\/wp-content\/uploads\/2023\/06\/Niematerialne-Lodz-46-980x653.jpg 980w, https:\/\/nid.pl\/wp-content\/uploads\/2023\/06\/Niematerialne-Lodz-46-480x320.jpg 480w\" sizes=\"(min-width: 0px) and (max-width: 480px) 480px, (min-width: 481px) and (max-width: 980px) 980px, (min-width: 981px) 1024px, 100vw\" \/><figcaption>Obchody jubileuszu 20-lecia Konwencji UNESCO w sprawie ochrony niematerialnego dziedzictwa kulturowego oraz 10-lecia Krajowej listy niematerialnego dziedzictwa kulturowego, \u0141\u00f3d\u017a, fot. NID<\/figcaption><\/figure>\n<\/figure>\n\n\n\n<figure class=\"wp-block-gallery has-nested-images columns-default is-cropped wp-block-gallery-40 is-layout-flex wp-block-gallery-is-layout-flex\">\n<figure class=\"wp-block-image size-large\"><img loading=\"lazy\" decoding=\"async\" width=\"1024\" height=\"683\" data-id=\"11656\" src=\"https:\/\/nid.pl\/wp-content\/uploads\/2023\/06\/Niematerialne-Lodz-47-1024x683.jpg\" alt=\"\" class=\"wp-image-11656\" srcset=\"https:\/\/nid.pl\/wp-content\/uploads\/2023\/06\/Niematerialne-Lodz-47-980x653.jpg 980w, https:\/\/nid.pl\/wp-content\/uploads\/2023\/06\/Niematerialne-Lodz-47-480x320.jpg 480w\" sizes=\"(min-width: 0px) and (max-width: 480px) 480px, (min-width: 481px) and (max-width: 980px) 980px, (min-width: 981px) 1024px, 100vw\" \/><figcaption>Obchody jubileuszu 20-lecia Konwencji UNESCO w sprawie ochrony niematerialnego dziedzictwa kulturowego oraz 10-lecia Krajowej listy niematerialnego dziedzictwa kulturowego, \u0141\u00f3d\u017a, fot. NID<\/figcaption><\/figure>\n<\/figure>\n\n\n\n<figure class=\"wp-block-gallery has-nested-images columns-default is-cropped wp-block-gallery-41 is-layout-flex wp-block-gallery-is-layout-flex\">\n<figure class=\"wp-block-image size-large\"><img loading=\"lazy\" decoding=\"async\" width=\"1024\" height=\"683\" data-id=\"11657\" src=\"https:\/\/nid.pl\/wp-content\/uploads\/2023\/06\/Niematerialne-Lodz-48-1024x683.jpg\" alt=\"\" class=\"wp-image-11657\" srcset=\"https:\/\/nid.pl\/wp-content\/uploads\/2023\/06\/Niematerialne-Lodz-48-980x653.jpg 980w, https:\/\/nid.pl\/wp-content\/uploads\/2023\/06\/Niematerialne-Lodz-48-480x320.jpg 480w\" sizes=\"(min-width: 0px) and (max-width: 480px) 480px, (min-width: 481px) and (max-width: 980px) 980px, (min-width: 981px) 1024px, 100vw\" \/><figcaption>Obchody jubileuszu 20-lecia Konwencji UNESCO w sprawie ochrony niematerialnego dziedzictwa kulturowego oraz 10-lecia Krajowej listy niematerialnego dziedzictwa kulturowego, \u0141\u00f3d\u017a, fot. NID<\/figcaption><\/figure>\n<\/figure>\n\n\n\n<figure class=\"wp-block-gallery has-nested-images columns-default is-cropped wp-block-gallery-42 is-layout-flex wp-block-gallery-is-layout-flex\">\n<figure class=\"wp-block-image size-large\"><img loading=\"lazy\" decoding=\"async\" width=\"1024\" height=\"683\" data-id=\"11658\" src=\"https:\/\/nid.pl\/wp-content\/uploads\/2023\/06\/Niematerialne-Lodz-49-1024x683.jpg\" alt=\"\" class=\"wp-image-11658\" srcset=\"https:\/\/nid.pl\/wp-content\/uploads\/2023\/06\/Niematerialne-Lodz-49-980x653.jpg 980w, https:\/\/nid.pl\/wp-content\/uploads\/2023\/06\/Niematerialne-Lodz-49-480x320.jpg 480w\" sizes=\"(min-width: 0px) and (max-width: 480px) 480px, (min-width: 481px) and (max-width: 980px) 980px, (min-width: 981px) 1024px, 100vw\" \/><figcaption>Obchody jubileuszu 20-lecia Konwencji UNESCO w sprawie ochrony niematerialnego dziedzictwa kulturowego oraz 10-lecia Krajowej listy niematerialnego dziedzictwa kulturowego, \u0141\u00f3d\u017a, fot. NID<\/figcaption><\/figure>\n<\/figure>\n\n\n\n<figure class=\"wp-block-gallery has-nested-images columns-default is-cropped wp-block-gallery-43 is-layout-flex wp-block-gallery-is-layout-flex\">\n<figure class=\"wp-block-image size-large\"><img loading=\"lazy\" decoding=\"async\" width=\"1024\" height=\"683\" data-id=\"11659\" src=\"https:\/\/nid.pl\/wp-content\/uploads\/2023\/06\/Niematerialne-Lodz-50-1024x683.jpg\" alt=\"\" class=\"wp-image-11659\" srcset=\"https:\/\/nid.pl\/wp-content\/uploads\/2023\/06\/Niematerialne-Lodz-50-980x653.jpg 980w, https:\/\/nid.pl\/wp-content\/uploads\/2023\/06\/Niematerialne-Lodz-50-480x320.jpg 480w\" sizes=\"(min-width: 0px) and (max-width: 480px) 480px, (min-width: 481px) and (max-width: 980px) 980px, (min-width: 981px) 1024px, 100vw\" \/><figcaption>Obchody jubileuszu 20-lecia Konwencji UNESCO w sprawie ochrony niematerialnego dziedzictwa kulturowego oraz 10-lecia Krajowej listy niematerialnego dziedzictwa kulturowego, \u0141\u00f3d\u017a, fot. NID<\/figcaption><\/figure>\n<\/figure>\n\n\n\n<figure class=\"wp-block-gallery has-nested-images columns-default is-cropped wp-block-gallery-44 is-layout-flex wp-block-gallery-is-layout-flex\">\n<figure class=\"wp-block-image size-large\"><img loading=\"lazy\" decoding=\"async\" width=\"1024\" height=\"683\" data-id=\"11660\" src=\"https:\/\/nid.pl\/wp-content\/uploads\/2023\/06\/Niematerialne-Lodz-51-1024x683.jpg\" alt=\"\" class=\"wp-image-11660\" srcset=\"https:\/\/nid.pl\/wp-content\/uploads\/2023\/06\/Niematerialne-Lodz-51-980x653.jpg 980w, https:\/\/nid.pl\/wp-content\/uploads\/2023\/06\/Niematerialne-Lodz-51-480x320.jpg 480w\" sizes=\"(min-width: 0px) and (max-width: 480px) 480px, (min-width: 481px) and (max-width: 980px) 980px, (min-width: 981px) 1024px, 100vw\" \/><\/figure>\n<\/figure>","protected":false},"excerpt":{"rendered":"<p>Kolejna ods\u0142ona obchod\u00f3w jubileuszu 20-lecia Konwencji UNESCO w sprawie ochrony niematerialnego dziedzictwa kulturowego oraz 10-lecia Krajowej listy niematerialnego dziedzictwa kulturowego za nami! W Muzeum Sztuki w \u0141odzi odby\u0142a si\u0119 konferencja [&hellip;]<\/p>","protected":false},"author":7,"featured_media":11617,"comment_status":"open","ping_status":"open","sticky":false,"template":"","format":"standard","meta":{"_et_pb_use_builder":"off","_et_pb_old_content":"","_et_gb_content_width":"","_monsterinsights_skip_tracking":false,"_monsterinsights_sitenote_active":false,"_monsterinsights_sitenote_note":"","_monsterinsights_sitenote_category":0,"footnotes":""},"categories":[3,84],"tags":[],"class_list":["post-11601","post","type-post","status-publish","format-standard","has-post-thumbnail","hentry","category-aktualnosci","category-tradycje-od-pokolen"],"yoast_head":"<!-- This site is optimized with the Yoast SEO plugin v26.5 - https:\/\/yoast.com\/wordpress\/plugins\/seo\/ -->\n<title>Tradycje od pokole\u0144. \u017bywe dziedzictwo wojew\u00f3dztwa \u0142\u00f3dzkiego, pomorskiego i kujawsko-pomorskiego! - NID<\/title>\n<meta name=\"robots\" content=\"index, follow, max-snippet:-1, max-image-preview:large, max-video-preview:-1\" \/>\n<link rel=\"canonical\" href=\"https:\/\/nid.pl\/en\/2023\/06\/05\/tradycje-od-pokolen-zywe-dziedzictwo-wojewodztwa-lodzkiego-pomorskiego-i-kujawsko-pomorskiego\/\" \/>\n<meta property=\"og:locale\" content=\"en_GB\" \/>\n<meta property=\"og:type\" content=\"article\" \/>\n<meta property=\"og:title\" content=\"Tradycje od pokole\u0144. \u017bywe dziedzictwo wojew\u00f3dztwa \u0142\u00f3dzkiego, pomorskiego i kujawsko-pomorskiego! - NID\" \/>\n<meta property=\"og:description\" content=\"Kolejna ods\u0142ona obchod\u00f3w jubileuszu 20-lecia Konwencji UNESCO w sprawie ochrony niematerialnego dziedzictwa kulturowego oraz 10-lecia Krajowej listy niematerialnego dziedzictwa kulturowego za nami! W Muzeum Sztuki w \u0141odzi odby\u0142a si\u0119 konferencja [&hellip;]\" \/>\n<meta property=\"og:url\" content=\"https:\/\/nid.pl\/en\/2023\/06\/05\/tradycje-od-pokolen-zywe-dziedzictwo-wojewodztwa-lodzkiego-pomorskiego-i-kujawsko-pomorskiego\/\" \/>\n<meta property=\"og:site_name\" content=\"NID\" \/>\n<meta property=\"article:publisher\" content=\"https:\/\/www.facebook.com\/zabytek\" \/>\n<meta property=\"article:published_time\" content=\"2023-06-05T13:29:39+00:00\" \/>\n<meta property=\"article:modified_time\" content=\"2023-06-22T08:57:59+00:00\" \/>\n<meta property=\"og:image\" content=\"https:\/\/nid.pl\/wp-content\/uploads\/2023\/06\/miniaturka-aktualnosci-NID-niematerialne-Lodz.png\" \/>\n\t<meta property=\"og:image:width\" content=\"1850\" \/>\n\t<meta property=\"og:image:height\" content=\"1238\" \/>\n\t<meta property=\"og:image:type\" content=\"image\/png\" \/>\n<meta name=\"author\" content=\"Barbara Halliop\" \/>\n<meta name=\"twitter:card\" content=\"summary_large_image\" \/>\n<meta name=\"twitter:creator\" content=\"@NarIDpl\" \/>\n<meta name=\"twitter:site\" content=\"@NarIDpl\" \/>\n<meta name=\"twitter:label1\" content=\"Written by\" \/>\n\t<meta name=\"twitter:data1\" content=\"Barbara Halliop\" \/>\n\t<meta name=\"twitter:label2\" content=\"Estimated reading time\" \/>\n\t<meta name=\"twitter:data2\" content=\"19 minutes\" \/>\n<script type=\"application\/ld+json\" class=\"yoast-schema-graph\">{\"@context\":\"https:\/\/schema.org\",\"@graph\":[{\"@type\":\"Article\",\"@id\":\"https:\/\/nid.pl\/2023\/06\/05\/tradycje-od-pokolen-zywe-dziedzictwo-wojewodztwa-lodzkiego-pomorskiego-i-kujawsko-pomorskiego\/#article\",\"isPartOf\":{\"@id\":\"https:\/\/nid.pl\/2023\/06\/05\/tradycje-od-pokolen-zywe-dziedzictwo-wojewodztwa-lodzkiego-pomorskiego-i-kujawsko-pomorskiego\/\"},\"author\":{\"name\":\"Barbara Halliop\",\"@id\":\"https:\/\/nid.pl\/#\/schema\/person\/1b690a8998a5111cfb9f0ffe24195a15\"},\"headline\":\"Tradycje od pokole\u0144. \u017bywe dziedzictwo wojew\u00f3dztwa \u0142\u00f3dzkiego, pomorskiego i kujawsko-pomorskiego!\",\"datePublished\":\"2023-06-05T13:29:39+00:00\",\"dateModified\":\"2023-06-22T08:57:59+00:00\",\"mainEntityOfPage\":{\"@id\":\"https:\/\/nid.pl\/2023\/06\/05\/tradycje-od-pokolen-zywe-dziedzictwo-wojewodztwa-lodzkiego-pomorskiego-i-kujawsko-pomorskiego\/\"},\"wordCount\":2509,\"commentCount\":0,\"publisher\":{\"@id\":\"https:\/\/nid.pl\/#organization\"},\"image\":{\"@id\":\"https:\/\/nid.pl\/2023\/06\/05\/tradycje-od-pokolen-zywe-dziedzictwo-wojewodztwa-lodzkiego-pomorskiego-i-kujawsko-pomorskiego\/#primaryimage\"},\"thumbnailUrl\":\"https:\/\/nid.pl\/wp-content\/uploads\/2023\/06\/miniaturka-aktualnosci-NID-niematerialne-Lodz.png\",\"articleSection\":[\"Aktualno\u015bci\",\"Tradycje od pokole\u0144. Niematerialne dziedzictwo kulturowe w Polsce\"],\"inLanguage\":\"en-GB\"},{\"@type\":\"WebPage\",\"@id\":\"https:\/\/nid.pl\/2023\/06\/05\/tradycje-od-pokolen-zywe-dziedzictwo-wojewodztwa-lodzkiego-pomorskiego-i-kujawsko-pomorskiego\/\",\"url\":\"https:\/\/nid.pl\/2023\/06\/05\/tradycje-od-pokolen-zywe-dziedzictwo-wojewodztwa-lodzkiego-pomorskiego-i-kujawsko-pomorskiego\/\",\"name\":\"Tradycje od pokole\u0144. \u017bywe dziedzictwo wojew\u00f3dztwa \u0142\u00f3dzkiego, pomorskiego i kujawsko-pomorskiego! - NID\",\"isPartOf\":{\"@id\":\"https:\/\/nid.pl\/#website\"},\"primaryImageOfPage\":{\"@id\":\"https:\/\/nid.pl\/2023\/06\/05\/tradycje-od-pokolen-zywe-dziedzictwo-wojewodztwa-lodzkiego-pomorskiego-i-kujawsko-pomorskiego\/#primaryimage\"},\"image\":{\"@id\":\"https:\/\/nid.pl\/2023\/06\/05\/tradycje-od-pokolen-zywe-dziedzictwo-wojewodztwa-lodzkiego-pomorskiego-i-kujawsko-pomorskiego\/#primaryimage\"},\"thumbnailUrl\":\"https:\/\/nid.pl\/wp-content\/uploads\/2023\/06\/miniaturka-aktualnosci-NID-niematerialne-Lodz.png\",\"datePublished\":\"2023-06-05T13:29:39+00:00\",\"dateModified\":\"2023-06-22T08:57:59+00:00\",\"breadcrumb\":{\"@id\":\"https:\/\/nid.pl\/2023\/06\/05\/tradycje-od-pokolen-zywe-dziedzictwo-wojewodztwa-lodzkiego-pomorskiego-i-kujawsko-pomorskiego\/#breadcrumb\"},\"inLanguage\":\"en-GB\",\"potentialAction\":[{\"@type\":\"ReadAction\",\"target\":[\"https:\/\/nid.pl\/2023\/06\/05\/tradycje-od-pokolen-zywe-dziedzictwo-wojewodztwa-lodzkiego-pomorskiego-i-kujawsko-pomorskiego\/\"]}]},{\"@type\":\"ImageObject\",\"inLanguage\":\"en-GB\",\"@id\":\"https:\/\/nid.pl\/2023\/06\/05\/tradycje-od-pokolen-zywe-dziedzictwo-wojewodztwa-lodzkiego-pomorskiego-i-kujawsko-pomorskiego\/#primaryimage\",\"url\":\"https:\/\/nid.pl\/wp-content\/uploads\/2023\/06\/miniaturka-aktualnosci-NID-niematerialne-Lodz.png\",\"contentUrl\":\"https:\/\/nid.pl\/wp-content\/uploads\/2023\/06\/miniaturka-aktualnosci-NID-niematerialne-Lodz.png\",\"width\":1850,\"height\":1238,\"caption\":\"dr hab. Katarzyna Zalasi\u0144ska, dyrektor Narodowego Instytutu Dziedzictwa, fot. NID\"},{\"@type\":\"BreadcrumbList\",\"@id\":\"https:\/\/nid.pl\/2023\/06\/05\/tradycje-od-pokolen-zywe-dziedzictwo-wojewodztwa-lodzkiego-pomorskiego-i-kujawsko-pomorskiego\/#breadcrumb\",\"itemListElement\":[{\"@type\":\"ListItem\",\"position\":1,\"name\":\"Home\",\"item\":\"https:\/\/nid.pl\/\"},{\"@type\":\"ListItem\",\"position\":2,\"name\":\"Tradycje od pokole\u0144. \u017bywe dziedzictwo wojew\u00f3dztwa \u0142\u00f3dzkiego, pomorskiego i kujawsko-pomorskiego!\"}]},{\"@type\":\"WebSite\",\"@id\":\"https:\/\/nid.pl\/#website\",\"url\":\"https:\/\/nid.pl\/\",\"name\":\"NID\",\"description\":\"Narodowy Instytut Dziedzictwa\",\"publisher\":{\"@id\":\"https:\/\/nid.pl\/#organization\"},\"potentialAction\":[{\"@type\":\"SearchAction\",\"target\":{\"@type\":\"EntryPoint\",\"urlTemplate\":\"https:\/\/nid.pl\/?s={search_term_string}\"},\"query-input\":{\"@type\":\"PropertyValueSpecification\",\"valueRequired\":true,\"valueName\":\"search_term_string\"}}],\"inLanguage\":\"en-GB\"},{\"@type\":\"Organization\",\"@id\":\"https:\/\/nid.pl\/#organization\",\"name\":\"Narodowy Instytut Dziedzictwa\",\"url\":\"https:\/\/nid.pl\/\",\"logo\":{\"@type\":\"ImageObject\",\"inLanguage\":\"en-GB\",\"@id\":\"https:\/\/nid.pl\/#\/schema\/logo\/image\/\",\"url\":\"https:\/\/nid.pl\/wp-content\/uploads\/2022\/10\/logoRedDark.png\",\"contentUrl\":\"https:\/\/nid.pl\/wp-content\/uploads\/2022\/10\/logoRedDark.png\",\"width\":200,\"height\":197,\"caption\":\"Narodowy Instytut Dziedzictwa\"},\"image\":{\"@id\":\"https:\/\/nid.pl\/#\/schema\/logo\/image\/\"},\"sameAs\":[\"https:\/\/www.facebook.com\/zabytek\",\"https:\/\/x.com\/NarIDpl\",\"https:\/\/www.instagram.com\/nid.pl\/?hl=pl\",\"https:\/\/www.linkedin.com\/company\/narodowy-instytut-dziedzictwa\",\"https:\/\/www.youtube.com\/channel\/UCQXuhKa2uHtmNvLRUSx40JA\"]},{\"@type\":\"Person\",\"@id\":\"https:\/\/nid.pl\/#\/schema\/person\/1b690a8998a5111cfb9f0ffe24195a15\",\"name\":\"Barbara Halliop\",\"image\":{\"@type\":\"ImageObject\",\"inLanguage\":\"en-GB\",\"@id\":\"https:\/\/nid.pl\/#\/schema\/person\/image\/\",\"url\":\"https:\/\/nid.pl\/wp-content\/litespeed\/avatar\/924046d17dd0c842c9fa9ccf489bc6dc.jpg?ver=1777444967\",\"contentUrl\":\"https:\/\/nid.pl\/wp-content\/litespeed\/avatar\/924046d17dd0c842c9fa9ccf489bc6dc.jpg?ver=1777444967\",\"caption\":\"Barbara Halliop\"},\"url\":\"https:\/\/nid.pl\/en\/author\/bhalliop\/\"}]}<\/script>\n<!-- \/ Yoast SEO plugin. -->","yoast_head_json":{"title":"Tradycje od pokole\u0144. \u017bywe dziedzictwo wojew\u00f3dztwa \u0142\u00f3dzkiego, pomorskiego i kujawsko-pomorskiego! - NID","robots":{"index":"index","follow":"follow","max-snippet":"max-snippet:-1","max-image-preview":"max-image-preview:large","max-video-preview":"max-video-preview:-1"},"canonical":"https:\/\/nid.pl\/en\/2023\/06\/05\/tradycje-od-pokolen-zywe-dziedzictwo-wojewodztwa-lodzkiego-pomorskiego-i-kujawsko-pomorskiego\/","og_locale":"en_GB","og_type":"article","og_title":"Tradycje od pokole\u0144. \u017bywe dziedzictwo wojew\u00f3dztwa \u0142\u00f3dzkiego, pomorskiego i kujawsko-pomorskiego! - NID","og_description":"Kolejna ods\u0142ona obchod\u00f3w jubileuszu 20-lecia Konwencji UNESCO w sprawie ochrony niematerialnego dziedzictwa kulturowego oraz 10-lecia Krajowej listy niematerialnego dziedzictwa kulturowego za nami! W Muzeum Sztuki w \u0141odzi odby\u0142a si\u0119 konferencja [&hellip;]","og_url":"https:\/\/nid.pl\/en\/2023\/06\/05\/tradycje-od-pokolen-zywe-dziedzictwo-wojewodztwa-lodzkiego-pomorskiego-i-kujawsko-pomorskiego\/","og_site_name":"NID","article_publisher":"https:\/\/www.facebook.com\/zabytek","article_published_time":"2023-06-05T13:29:39+00:00","article_modified_time":"2023-06-22T08:57:59+00:00","og_image":[{"width":1850,"height":1238,"url":"https:\/\/nid.pl\/wp-content\/uploads\/2023\/06\/miniaturka-aktualnosci-NID-niematerialne-Lodz.png","type":"image\/png"}],"author":"Barbara Halliop","twitter_card":"summary_large_image","twitter_creator":"@NarIDpl","twitter_site":"@NarIDpl","twitter_misc":{"Written by":"Barbara Halliop","Estimated reading time":"19 minutes"},"schema":{"@context":"https:\/\/schema.org","@graph":[{"@type":"Article","@id":"https:\/\/nid.pl\/2023\/06\/05\/tradycje-od-pokolen-zywe-dziedzictwo-wojewodztwa-lodzkiego-pomorskiego-i-kujawsko-pomorskiego\/#article","isPartOf":{"@id":"https:\/\/nid.pl\/2023\/06\/05\/tradycje-od-pokolen-zywe-dziedzictwo-wojewodztwa-lodzkiego-pomorskiego-i-kujawsko-pomorskiego\/"},"author":{"name":"Barbara Halliop","@id":"https:\/\/nid.pl\/#\/schema\/person\/1b690a8998a5111cfb9f0ffe24195a15"},"headline":"Tradycje od pokole\u0144. \u017bywe dziedzictwo wojew\u00f3dztwa \u0142\u00f3dzkiego, pomorskiego i kujawsko-pomorskiego!","datePublished":"2023-06-05T13:29:39+00:00","dateModified":"2023-06-22T08:57:59+00:00","mainEntityOfPage":{"@id":"https:\/\/nid.pl\/2023\/06\/05\/tradycje-od-pokolen-zywe-dziedzictwo-wojewodztwa-lodzkiego-pomorskiego-i-kujawsko-pomorskiego\/"},"wordCount":2509,"commentCount":0,"publisher":{"@id":"https:\/\/nid.pl\/#organization"},"image":{"@id":"https:\/\/nid.pl\/2023\/06\/05\/tradycje-od-pokolen-zywe-dziedzictwo-wojewodztwa-lodzkiego-pomorskiego-i-kujawsko-pomorskiego\/#primaryimage"},"thumbnailUrl":"https:\/\/nid.pl\/wp-content\/uploads\/2023\/06\/miniaturka-aktualnosci-NID-niematerialne-Lodz.png","articleSection":["Aktualno\u015bci","Tradycje od pokole\u0144. Niematerialne dziedzictwo kulturowe w Polsce"],"inLanguage":"en-GB"},{"@type":"WebPage","@id":"https:\/\/nid.pl\/2023\/06\/05\/tradycje-od-pokolen-zywe-dziedzictwo-wojewodztwa-lodzkiego-pomorskiego-i-kujawsko-pomorskiego\/","url":"https:\/\/nid.pl\/2023\/06\/05\/tradycje-od-pokolen-zywe-dziedzictwo-wojewodztwa-lodzkiego-pomorskiego-i-kujawsko-pomorskiego\/","name":"Tradycje od pokole\u0144. \u017bywe dziedzictwo wojew\u00f3dztwa \u0142\u00f3dzkiego, pomorskiego i kujawsko-pomorskiego! - NID","isPartOf":{"@id":"https:\/\/nid.pl\/#website"},"primaryImageOfPage":{"@id":"https:\/\/nid.pl\/2023\/06\/05\/tradycje-od-pokolen-zywe-dziedzictwo-wojewodztwa-lodzkiego-pomorskiego-i-kujawsko-pomorskiego\/#primaryimage"},"image":{"@id":"https:\/\/nid.pl\/2023\/06\/05\/tradycje-od-pokolen-zywe-dziedzictwo-wojewodztwa-lodzkiego-pomorskiego-i-kujawsko-pomorskiego\/#primaryimage"},"thumbnailUrl":"https:\/\/nid.pl\/wp-content\/uploads\/2023\/06\/miniaturka-aktualnosci-NID-niematerialne-Lodz.png","datePublished":"2023-06-05T13:29:39+00:00","dateModified":"2023-06-22T08:57:59+00:00","breadcrumb":{"@id":"https:\/\/nid.pl\/2023\/06\/05\/tradycje-od-pokolen-zywe-dziedzictwo-wojewodztwa-lodzkiego-pomorskiego-i-kujawsko-pomorskiego\/#breadcrumb"},"inLanguage":"en-GB","potentialAction":[{"@type":"ReadAction","target":["https:\/\/nid.pl\/2023\/06\/05\/tradycje-od-pokolen-zywe-dziedzictwo-wojewodztwa-lodzkiego-pomorskiego-i-kujawsko-pomorskiego\/"]}]},{"@type":"ImageObject","inLanguage":"en-GB","@id":"https:\/\/nid.pl\/2023\/06\/05\/tradycje-od-pokolen-zywe-dziedzictwo-wojewodztwa-lodzkiego-pomorskiego-i-kujawsko-pomorskiego\/#primaryimage","url":"https:\/\/nid.pl\/wp-content\/uploads\/2023\/06\/miniaturka-aktualnosci-NID-niematerialne-Lodz.png","contentUrl":"https:\/\/nid.pl\/wp-content\/uploads\/2023\/06\/miniaturka-aktualnosci-NID-niematerialne-Lodz.png","width":1850,"height":1238,"caption":"dr hab. Katarzyna Zalasi\u0144ska, dyrektor Narodowego Instytutu Dziedzictwa, fot. NID"},{"@type":"BreadcrumbList","@id":"https:\/\/nid.pl\/2023\/06\/05\/tradycje-od-pokolen-zywe-dziedzictwo-wojewodztwa-lodzkiego-pomorskiego-i-kujawsko-pomorskiego\/#breadcrumb","itemListElement":[{"@type":"ListItem","position":1,"name":"Home","item":"https:\/\/nid.pl\/"},{"@type":"ListItem","position":2,"name":"Tradycje od pokole\u0144. \u017bywe dziedzictwo wojew\u00f3dztwa \u0142\u00f3dzkiego, pomorskiego i kujawsko-pomorskiego!"}]},{"@type":"WebSite","@id":"https:\/\/nid.pl\/#website","url":"https:\/\/nid.pl\/","name":"NID","description":"Narodowy Instytut Dziedzictwa","publisher":{"@id":"https:\/\/nid.pl\/#organization"},"potentialAction":[{"@type":"SearchAction","target":{"@type":"EntryPoint","urlTemplate":"https:\/\/nid.pl\/?s={search_term_string}"},"query-input":{"@type":"PropertyValueSpecification","valueRequired":true,"valueName":"search_term_string"}}],"inLanguage":"en-GB"},{"@type":"Organization","@id":"https:\/\/nid.pl\/#organization","name":"Narodowy Instytut Dziedzictwa","url":"https:\/\/nid.pl\/","logo":{"@type":"ImageObject","inLanguage":"en-GB","@id":"https:\/\/nid.pl\/#\/schema\/logo\/image\/","url":"https:\/\/nid.pl\/wp-content\/uploads\/2022\/10\/logoRedDark.png","contentUrl":"https:\/\/nid.pl\/wp-content\/uploads\/2022\/10\/logoRedDark.png","width":200,"height":197,"caption":"Narodowy Instytut Dziedzictwa"},"image":{"@id":"https:\/\/nid.pl\/#\/schema\/logo\/image\/"},"sameAs":["https:\/\/www.facebook.com\/zabytek","https:\/\/x.com\/NarIDpl","https:\/\/www.instagram.com\/nid.pl\/?hl=pl","https:\/\/www.linkedin.com\/company\/narodowy-instytut-dziedzictwa","https:\/\/www.youtube.com\/channel\/UCQXuhKa2uHtmNvLRUSx40JA"]},{"@type":"Person","@id":"https:\/\/nid.pl\/#\/schema\/person\/1b690a8998a5111cfb9f0ffe24195a15","name":"Barbara Halliop","image":{"@type":"ImageObject","inLanguage":"en-GB","@id":"https:\/\/nid.pl\/#\/schema\/person\/image\/","url":"https:\/\/nid.pl\/wp-content\/litespeed\/avatar\/924046d17dd0c842c9fa9ccf489bc6dc.jpg?ver=1777444967","contentUrl":"https:\/\/nid.pl\/wp-content\/litespeed\/avatar\/924046d17dd0c842c9fa9ccf489bc6dc.jpg?ver=1777444967","caption":"Barbara Halliop"},"url":"https:\/\/nid.pl\/en\/author\/bhalliop\/"}]}},"_links":{"self":[{"href":"https:\/\/nid.pl\/en\/wp-json\/wp\/v2\/posts\/11601","targetHints":{"allow":["GET"]}}],"collection":[{"href":"https:\/\/nid.pl\/en\/wp-json\/wp\/v2\/posts"}],"about":[{"href":"https:\/\/nid.pl\/en\/wp-json\/wp\/v2\/types\/post"}],"author":[{"embeddable":true,"href":"https:\/\/nid.pl\/en\/wp-json\/wp\/v2\/users\/7"}],"replies":[{"embeddable":true,"href":"https:\/\/nid.pl\/en\/wp-json\/wp\/v2\/comments?post=11601"}],"version-history":[{"count":0,"href":"https:\/\/nid.pl\/en\/wp-json\/wp\/v2\/posts\/11601\/revisions"}],"wp:featuredmedia":[{"embeddable":true,"href":"https:\/\/nid.pl\/en\/wp-json\/wp\/v2\/media\/11617"}],"wp:attachment":[{"href":"https:\/\/nid.pl\/en\/wp-json\/wp\/v2\/media?parent=11601"}],"wp:term":[{"taxonomy":"category","embeddable":true,"href":"https:\/\/nid.pl\/en\/wp-json\/wp\/v2\/categories?post=11601"},{"taxonomy":"post_tag","embeddable":true,"href":"https:\/\/nid.pl\/en\/wp-json\/wp\/v2\/tags?post=11601"}],"curies":[{"name":"wp","href":"https:\/\/api.w.org\/{rel}","templated":true}]}}