{"id":11569,"date":"2023-06-02T16:42:27","date_gmt":"2023-06-02T14:42:27","guid":{"rendered":"https:\/\/nid.pl\/?p=11569"},"modified":"2023-06-21T15:45:39","modified_gmt":"2023-06-21T13:45:39","slug":"gala-wreczenia-nagrod-w-konkursie-zamek-w-dzieciecej-wyobrazni-tu-mowi-matejko","status":"publish","type":"post","link":"https:\/\/nid.pl\/en\/2023\/06\/02\/gala-wreczenia-nagrod-w-konkursie-zamek-w-dzieciecej-wyobrazni-tu-mowi-matejko\/","title":{"rendered":"Gala wr\u0119czenia nagr\u00f3d w konkursie \u201eZamek w dzieci\u0119cej wyobra\u017ani. Tu m\u00f3wi Matejko!\u201d"},"content":{"rendered":"<p><strong>W pi\u0105tek, 2 czerwca w Sali Koncertowej Zamku Kr\u00f3lewskiego w Warszawie odby\u0142a si\u0119 uroczysto\u015b\u0107 wr\u0119czenia nagr\u00f3d w konkursie plastycznym skierowanym do uczni\u00f3w klas 1-3 i 4-6 szk\u00f3\u0142 podstawowych. Do udzia\u0142u w akcji Zamek zaprosi\u0142 szko\u0142y, \u015bwietlice, biblioteki, domy kultury, ogniska plastyczne i inne instytucje na terenie ca\u0142ego kraju oraz poza granicami Polski. Patronem konkursu dla m\u0142odych artyst\u00f3w by\u0142 Narodowy Instytut Dziedzictwa.<\/strong><\/p>\n\n\n\n<p>Tegoroczna edycja konkursu by\u0142a po\u015bwi\u0119cona dzie\u0142om Jana Matejki, kt\u00f3re stanowi\u0105 cz\u0119\u015b\u0107 zamkowej kolekcji. Matejkowskie obrazy: <em>Batory pod Pskowem, Kazanie<\/em> <em>Skargi, Rejtan oraz Konstytucja Trzeciego Maja<\/em> sta\u0142y si\u0119 ciekawym tematem dla r\u00f3\u017cnorodnych prac plastycznych i kr\u00f3tkich form filmowych.<\/p>\n\n\n\n<p>Celem konkursu by\u0142o przede wszystkim upowszechnianie wiedzy o Zamku Kr\u00f3lewskim, jak te\u017c wielu wydarzeniach oraz postaciach zwi\u0105zanych z tym wa\u017cnym dla naszej kultury i historii miejscem. Jak podkre\u015bli\u0142a dyrektor NID, dr hab. Katarzyna Zalasi\u0144ska, konkurs ten ma wyj\u0105tkowy charakter, poniewa\u017c nie polega jedynie na wyra\u017ceniu ekspresji artystycznej:<\/p>\n\n\n\n<p>\u2013 <em>Prace bior\u0105ce udzia\u0142 w konkursie wskazuj\u0105, \u017ce jego tematyka rozbudzi\u0142a wyobra\u017ani\u0119 historyczn\u0105 i kreatywno\u015b\u0107 m\u0142odych artyst\u00f3w. My\u015bl\u0119, \u017ce by\u0142a to r\u00f3wnie\u017c dobra okazja do lepszego poznania tw\u00f3rczo\u015bci, mistrza Jana Matejki.<\/em><\/p>\n\n\n\n<p>Dyrektor Narodowego Instytutu Dziedzictwa wr\u0119czy\u0142a nagrod\u0119 specjaln\u0105 patrona honorowego konkursu, Wiktorii Drabik z Pi\u0142awy G\u00f3rnej.<\/p>\n\n\n\n<p><strong><u>Lista Finalist\u00f3w<\/u><\/strong><\/p>\n\n\n\n<p><strong>Klasy 1-3<\/strong>:<\/p>\n\n\n\n<p>I miejsce \u2013 Zofia Szajdziuk, klasa pierwsza \u2013 SP. nr 351 w Warszawie<br>II miejsce \u2013 Nina Grek i Pola Nowak \u2013 SP. nr 1 w Konstantynowie \u0141\u00f3dzkim<br>III miejsce \u2013 Gabriel Domonowicz, Krystian Pasternak i Adam Cwanek \u2013 SP. Zakonu Pijar\u00f3w w Rzeszowie<\/p>\n\n\n\n<p><strong>Wyr\u00f3\u017cnienia:<\/strong><br>Aleksander Zankowski \u2013 Tucholski O\u015brodek Kultury<br>Aniela Dudko \u2013 SP nr 2 w Goleniowie<br>Barbara Janik \u2013 M\u0142odzie\u017cowy Dom Kultury w Gorlicach<br>Hanna Koz\u0142owska \u2013 M\u0142odzie\u017cowy Dom Kultury Muran\u00f3w<br>Cecylia Guniewicz \u2013 M\u0142odzie\u017cowy Dom Kultury Muran\u00f3w<\/p>\n\n\n\n<p><strong>Klasy 4-6<\/strong>:<\/p>\n\n\n\n<p>I miejsce \u2013 Julia Bobela \u2013 M\u0142odzie\u017cowy Dom Kultury w \u015awidnicy<br>II miejsce \u2013 Martyna Lew \u2013 SP nr 5 w Rzeszowie<br>II miejsce \u2013 Michalina Strzy\u017cewska \u2013 SP. Nr 19 w Sosnowcu<br>III miejsce \u2013 Lena Drozd \u2013 SP. Zakonu Pijar\u00f3w w Rzeszowie<br>III miejsce \u2013 Monika Stanisz i Antonina Rajter \u2013 Zesp\u00f3\u0142 Szk\u00f3\u0142 Muzycznych w Rzeszowie<\/p>\n\n\n\n<p><strong>Wyr\u00f3\u017cnienia:<\/strong><br>Jakub Mazurek \u2013 SP. w Nowym Dworze Mazowieckim<br>Urszula Karwala \u2013 SP. nr 3 w P\u0142o\u0144sku<br>Jerzy Boruc \u2013 Niepubliczna polsko-angielska SP Vancouver Schools<br>Alisa Kulba \u2013 SP. nr 2 w Bia\u0142ymstoku<br>Antoni Zalewski \u2013 Borz\u0119cin Du\u017cy<br>Marta Stefanowska i Zuzanna Mazur \u2013 Rzesz\u00f3w<br>Nadia Giza \u2013 SP. nr 8 w Policach<br>Zuzanna Lew \u2013 SP nr 5 w Rzeszowie<br>Maria Dec i Julia J\u00f3zefczyk \u2013 SP. Zakonu Pijar\u00f3w w Rzeszowie<br>Karol Zi\u0119ba \u2013 Zesp\u00f3\u0142 szkolno-przedszkolny w Czerminie<br>Inga Sk\u0142adanek \u2013 Niepubliczna polsko-angielska SP Vancouver Schools<br>Zofia Koz\u0142owska \u2013 M\u0142odzie\u017cowy Dom Kultury Muran\u00f3w<br>Oliwier Topolewski \u2013 Spo\u0142eczna SP Kwidzyn<br>Weronika Strza\u0142kowska \u2013 Tucholski O\u015brodek Kultury<br>Artem Tsaiukov \u2013 SP. nr 169 w Gorzowie Wielkopolskim<br>Lena Dziwisi\u0144ska \u2013 SP nr 1 w Konstantynowie \u0141\u00f3dzkim<br>Kacper Le\u015bniewski \u2013 SP nr 14 w Zielonej G\u00f3rze<br>Lena Zabielska \u2013 SP w Choroszczy<\/p>\n\n\n\n<p><strong>Nagrody w kategorii komiks:<\/strong><br>Nagroda \u2013 Jakub \u0141ukasz Soprych \u2013 SP. w Pil\u017anie<br>Wyr\u00f3\u017cnienie \u2013 Miko\u0142aj Chwieduk \u2013 SP nr 76 w Warszawie<\/p>\n\n\n\n<p><strong>Nagrody w kategorii praca filmowa:<\/strong><br>Pawe\u0142 Warych \u2013 SP. nr 169 w \u0141odzi<br>Raul Wo\u0142kowski-Nery, Dawid Witkowski-Nery i Jan Witkowski-Nery &#8211; Ursynowski Centrum Kultury &#8220;Alternatywy&#8221;<\/p>\n\n\n\n<p><strong>Dodatkowe nagrody od patron\u00f3w honorowych naszego konkursu otrzymali:<\/strong><br>Tomasz Szypu\u0142ka &#8211; SP. Zakonu Pijar\u00f3w w Rzeszowie<br>Mateusz Lella \u2013 SP nr 5 w Chojnicach<br>Maja Kiempczy\u0144ska \u2013 SP w Kwidzynie<br>Wiktoria Drabik \u2013 SP w Pi\u0142awie G\u00f3rnej<\/p>\n\n\n\n<p><strong>Organizatorzy konkursu<\/strong>: Ministerstwo Kultury i Dziedzictwa Narodowego oraz Zamek Kr\u00f3lewski w Warszawie.<\/p>\n\n\n\n<p><strong>Patroni honorowi konkursu<\/strong>: Narodowy Instytut Dziedzictwa, Mazowiecki Kurator O\u015bwiaty i O\u015brodek Rozwoju Edukacji.<\/p>\n\n\n\n<p>Konkurs znalaz\u0142 si\u0119 w tegorocznym wykazie zawod\u00f3w Mazowieckiego Kuratora O\u015bwiaty.<\/p>\n\n\n\n<p><\/p>\n\n\n\n<figure class=\"wp-block-gallery has-nested-images columns-default is-cropped wp-block-gallery-1 is-layout-flex wp-block-gallery-is-layout-flex\">\n<figure class=\"wp-block-image size-large\"><img loading=\"lazy\" decoding=\"async\" width=\"1024\" height=\"683\" data-id=\"11570\" src=\"https:\/\/nid.pl\/wp-content\/uploads\/2023\/06\/IMG-20230602-WA0003a-1024x683.jpg\" alt=\"\" class=\"wp-image-11570\" srcset=\"https:\/\/nid.pl\/wp-content\/uploads\/2023\/06\/IMG-20230602-WA0003a-980x654.jpg 980w, https:\/\/nid.pl\/wp-content\/uploads\/2023\/06\/IMG-20230602-WA0003a-480x320.jpg 480w\" sizes=\"(min-width: 0px) and (max-width: 480px) 480px, (min-width: 481px) and (max-width: 980px) 980px, (min-width: 981px) 1024px, 100vw\" \/><\/figure>\n<\/figure>\n\n\n\n<figure class=\"wp-block-gallery has-nested-images columns-default is-cropped wp-block-gallery-2 is-layout-flex wp-block-gallery-is-layout-flex\">\n<figure class=\"wp-block-image size-large\"><img loading=\"lazy\" decoding=\"async\" width=\"941\" height=\"627\" data-id=\"11571\" src=\"https:\/\/nid.pl\/wp-content\/uploads\/2023\/06\/IMG-20230602-WA0004a.jpg\" alt=\"\" class=\"wp-image-11571\" srcset=\"https:\/\/nid.pl\/wp-content\/uploads\/2023\/06\/IMG-20230602-WA0004a.jpg 941w, https:\/\/nid.pl\/wp-content\/uploads\/2023\/06\/IMG-20230602-WA0004a-480x320.jpg 480w\" sizes=\"(min-width: 0px) and (max-width: 480px) 480px, (min-width: 481px) 941px, 100vw\" \/><\/figure>\n<\/figure>","protected":false},"excerpt":{"rendered":"<p>W pi\u0105tek, 2 czerwca w Sali Koncertowej Zamku Kr\u00f3lewskiego w Warszawie odby\u0142a si\u0119 uroczysto\u015b\u0107 wr\u0119czenia nagr\u00f3d w konkursie plastycznym skierowanym do uczni\u00f3w klas 1-3 i 4-6 szk\u00f3\u0142 podstawowych. Do udzia\u0142u [&hellip;]<\/p>","protected":false},"author":7,"featured_media":12007,"comment_status":"open","ping_status":"open","sticky":false,"template":"","format":"standard","meta":{"_et_pb_use_builder":"off","_et_pb_old_content":"","_et_gb_content_width":"","_monsterinsights_skip_tracking":false,"_monsterinsights_sitenote_active":false,"_monsterinsights_sitenote_note":"","_monsterinsights_sitenote_category":0,"footnotes":""},"categories":[3,28],"tags":[],"class_list":["post-11569","post","type-post","status-publish","format-standard","has-post-thumbnail","hentry","category-aktualnosci","category-patronaty"],"yoast_head":"<!-- This site is optimized with the Yoast SEO plugin v26.5 - https:\/\/yoast.com\/wordpress\/plugins\/seo\/ -->\n<title>Gala wr\u0119czenia nagr\u00f3d w konkursie \u201eZamek w dzieci\u0119cej wyobra\u017ani. Tu m\u00f3wi Matejko!\u201d - NID<\/title>\n<meta name=\"robots\" content=\"index, follow, max-snippet:-1, max-image-preview:large, max-video-preview:-1\" \/>\n<link rel=\"canonical\" href=\"https:\/\/nid.pl\/en\/2023\/06\/02\/gala-wreczenia-nagrod-w-konkursie-zamek-w-dzieciecej-wyobrazni-tu-mowi-matejko\/\" \/>\n<meta property=\"og:locale\" content=\"en_GB\" \/>\n<meta property=\"og:type\" content=\"article\" \/>\n<meta property=\"og:title\" content=\"Gala wr\u0119czenia nagr\u00f3d w konkursie \u201eZamek w dzieci\u0119cej wyobra\u017ani. Tu m\u00f3wi Matejko!\u201d - NID\" \/>\n<meta property=\"og:description\" content=\"W pi\u0105tek, 2 czerwca w Sali Koncertowej Zamku Kr\u00f3lewskiego w Warszawie odby\u0142a si\u0119 uroczysto\u015b\u0107 wr\u0119czenia nagr\u00f3d w konkursie plastycznym skierowanym do uczni\u00f3w klas 1-3 i 4-6 szk\u00f3\u0142 podstawowych. Do udzia\u0142u [&hellip;]\" \/>\n<meta property=\"og:url\" content=\"https:\/\/nid.pl\/en\/2023\/06\/02\/gala-wreczenia-nagrod-w-konkursie-zamek-w-dzieciecej-wyobrazni-tu-mowi-matejko\/\" \/>\n<meta property=\"og:site_name\" content=\"NID\" \/>\n<meta property=\"article:publisher\" content=\"https:\/\/www.facebook.com\/zabytek\" \/>\n<meta property=\"article:published_time\" content=\"2023-06-02T14:42:27+00:00\" \/>\n<meta property=\"article:modified_time\" content=\"2023-06-21T13:45:39+00:00\" \/>\n<meta property=\"og:image\" content=\"https:\/\/nid.pl\/wp-content\/uploads\/2023\/06\/patronaty-zamek-krolewski-matejko.png\" \/>\n\t<meta property=\"og:image:width\" content=\"440\" \/>\n\t<meta property=\"og:image:height\" content=\"294\" \/>\n\t<meta property=\"og:image:type\" content=\"image\/png\" \/>\n<meta name=\"author\" content=\"Barbara Halliop\" \/>\n<meta name=\"twitter:card\" content=\"summary_large_image\" \/>\n<meta name=\"twitter:creator\" content=\"@NarIDpl\" \/>\n<meta name=\"twitter:site\" content=\"@NarIDpl\" \/>\n<meta name=\"twitter:label1\" content=\"Written by\" \/>\n\t<meta name=\"twitter:data1\" content=\"Barbara Halliop\" \/>\n\t<meta name=\"twitter:label2\" content=\"Estimated reading time\" \/>\n\t<meta name=\"twitter:data2\" content=\"3 minutes\" \/>\n<script type=\"application\/ld+json\" class=\"yoast-schema-graph\">{\"@context\":\"https:\/\/schema.org\",\"@graph\":[{\"@type\":\"Article\",\"@id\":\"https:\/\/nid.pl\/2023\/06\/02\/gala-wreczenia-nagrod-w-konkursie-zamek-w-dzieciecej-wyobrazni-tu-mowi-matejko\/#article\",\"isPartOf\":{\"@id\":\"https:\/\/nid.pl\/2023\/06\/02\/gala-wreczenia-nagrod-w-konkursie-zamek-w-dzieciecej-wyobrazni-tu-mowi-matejko\/\"},\"author\":{\"name\":\"Barbara Halliop\",\"@id\":\"https:\/\/nid.pl\/#\/schema\/person\/1b690a8998a5111cfb9f0ffe24195a15\"},\"headline\":\"Gala wr\u0119czenia nagr\u00f3d w konkursie \u201eZamek w dzieci\u0119cej wyobra\u017ani. Tu m\u00f3wi Matejko!\u201d\",\"datePublished\":\"2023-06-02T14:42:27+00:00\",\"dateModified\":\"2023-06-21T13:45:39+00:00\",\"mainEntityOfPage\":{\"@id\":\"https:\/\/nid.pl\/2023\/06\/02\/gala-wreczenia-nagrod-w-konkursie-zamek-w-dzieciecej-wyobrazni-tu-mowi-matejko\/\"},\"wordCount\":611,\"commentCount\":0,\"publisher\":{\"@id\":\"https:\/\/nid.pl\/#organization\"},\"image\":{\"@id\":\"https:\/\/nid.pl\/2023\/06\/02\/gala-wreczenia-nagrod-w-konkursie-zamek-w-dzieciecej-wyobrazni-tu-mowi-matejko\/#primaryimage\"},\"thumbnailUrl\":\"https:\/\/nid.pl\/wp-content\/uploads\/2023\/06\/patronaty-zamek-krolewski-matejko.png\",\"articleSection\":[\"Aktualno\u015bci\",\"Patronaty\"],\"inLanguage\":\"en-GB\"},{\"@type\":\"WebPage\",\"@id\":\"https:\/\/nid.pl\/2023\/06\/02\/gala-wreczenia-nagrod-w-konkursie-zamek-w-dzieciecej-wyobrazni-tu-mowi-matejko\/\",\"url\":\"https:\/\/nid.pl\/2023\/06\/02\/gala-wreczenia-nagrod-w-konkursie-zamek-w-dzieciecej-wyobrazni-tu-mowi-matejko\/\",\"name\":\"Gala wr\u0119czenia nagr\u00f3d w konkursie \u201eZamek w dzieci\u0119cej wyobra\u017ani. Tu m\u00f3wi Matejko!\u201d - NID\",\"isPartOf\":{\"@id\":\"https:\/\/nid.pl\/#website\"},\"primaryImageOfPage\":{\"@id\":\"https:\/\/nid.pl\/2023\/06\/02\/gala-wreczenia-nagrod-w-konkursie-zamek-w-dzieciecej-wyobrazni-tu-mowi-matejko\/#primaryimage\"},\"image\":{\"@id\":\"https:\/\/nid.pl\/2023\/06\/02\/gala-wreczenia-nagrod-w-konkursie-zamek-w-dzieciecej-wyobrazni-tu-mowi-matejko\/#primaryimage\"},\"thumbnailUrl\":\"https:\/\/nid.pl\/wp-content\/uploads\/2023\/06\/patronaty-zamek-krolewski-matejko.png\",\"datePublished\":\"2023-06-02T14:42:27+00:00\",\"dateModified\":\"2023-06-21T13:45:39+00:00\",\"breadcrumb\":{\"@id\":\"https:\/\/nid.pl\/2023\/06\/02\/gala-wreczenia-nagrod-w-konkursie-zamek-w-dzieciecej-wyobrazni-tu-mowi-matejko\/#breadcrumb\"},\"inLanguage\":\"en-GB\",\"potentialAction\":[{\"@type\":\"ReadAction\",\"target\":[\"https:\/\/nid.pl\/2023\/06\/02\/gala-wreczenia-nagrod-w-konkursie-zamek-w-dzieciecej-wyobrazni-tu-mowi-matejko\/\"]}]},{\"@type\":\"ImageObject\",\"inLanguage\":\"en-GB\",\"@id\":\"https:\/\/nid.pl\/2023\/06\/02\/gala-wreczenia-nagrod-w-konkursie-zamek-w-dzieciecej-wyobrazni-tu-mowi-matejko\/#primaryimage\",\"url\":\"https:\/\/nid.pl\/wp-content\/uploads\/2023\/06\/patronaty-zamek-krolewski-matejko.png\",\"contentUrl\":\"https:\/\/nid.pl\/wp-content\/uploads\/2023\/06\/patronaty-zamek-krolewski-matejko.png\",\"width\":440,\"height\":294,\"caption\":\"patronaty zamek krolewski matejko\"},{\"@type\":\"BreadcrumbList\",\"@id\":\"https:\/\/nid.pl\/2023\/06\/02\/gala-wreczenia-nagrod-w-konkursie-zamek-w-dzieciecej-wyobrazni-tu-mowi-matejko\/#breadcrumb\",\"itemListElement\":[{\"@type\":\"ListItem\",\"position\":1,\"name\":\"Home\",\"item\":\"https:\/\/nid.pl\/\"},{\"@type\":\"ListItem\",\"position\":2,\"name\":\"Gala wr\u0119czenia nagr\u00f3d w konkursie \u201eZamek w dzieci\u0119cej wyobra\u017ani. Tu m\u00f3wi Matejko!\u201d\"}]},{\"@type\":\"WebSite\",\"@id\":\"https:\/\/nid.pl\/#website\",\"url\":\"https:\/\/nid.pl\/\",\"name\":\"NID\",\"description\":\"Narodowy Instytut Dziedzictwa\",\"publisher\":{\"@id\":\"https:\/\/nid.pl\/#organization\"},\"potentialAction\":[{\"@type\":\"SearchAction\",\"target\":{\"@type\":\"EntryPoint\",\"urlTemplate\":\"https:\/\/nid.pl\/?s={search_term_string}\"},\"query-input\":{\"@type\":\"PropertyValueSpecification\",\"valueRequired\":true,\"valueName\":\"search_term_string\"}}],\"inLanguage\":\"en-GB\"},{\"@type\":\"Organization\",\"@id\":\"https:\/\/nid.pl\/#organization\",\"name\":\"Narodowy Instytut Dziedzictwa\",\"url\":\"https:\/\/nid.pl\/\",\"logo\":{\"@type\":\"ImageObject\",\"inLanguage\":\"en-GB\",\"@id\":\"https:\/\/nid.pl\/#\/schema\/logo\/image\/\",\"url\":\"https:\/\/nid.pl\/wp-content\/uploads\/2022\/10\/logoRedDark.png\",\"contentUrl\":\"https:\/\/nid.pl\/wp-content\/uploads\/2022\/10\/logoRedDark.png\",\"width\":200,\"height\":197,\"caption\":\"Narodowy Instytut Dziedzictwa\"},\"image\":{\"@id\":\"https:\/\/nid.pl\/#\/schema\/logo\/image\/\"},\"sameAs\":[\"https:\/\/www.facebook.com\/zabytek\",\"https:\/\/x.com\/NarIDpl\",\"https:\/\/www.instagram.com\/nid.pl\/?hl=pl\",\"https:\/\/www.linkedin.com\/company\/narodowy-instytut-dziedzictwa\",\"https:\/\/www.youtube.com\/channel\/UCQXuhKa2uHtmNvLRUSx40JA\"]},{\"@type\":\"Person\",\"@id\":\"https:\/\/nid.pl\/#\/schema\/person\/1b690a8998a5111cfb9f0ffe24195a15\",\"name\":\"Barbara Halliop\",\"image\":{\"@type\":\"ImageObject\",\"inLanguage\":\"en-GB\",\"@id\":\"https:\/\/nid.pl\/#\/schema\/person\/image\/\",\"url\":\"https:\/\/nid.pl\/wp-content\/litespeed\/avatar\/924046d17dd0c842c9fa9ccf489bc6dc.jpg?ver=1777444967\",\"contentUrl\":\"https:\/\/nid.pl\/wp-content\/litespeed\/avatar\/924046d17dd0c842c9fa9ccf489bc6dc.jpg?ver=1777444967\",\"caption\":\"Barbara Halliop\"},\"url\":\"https:\/\/nid.pl\/en\/author\/bhalliop\/\"}]}<\/script>\n<!-- \/ Yoast SEO plugin. -->","yoast_head_json":{"title":"Gala wr\u0119czenia nagr\u00f3d w konkursie \u201eZamek w dzieci\u0119cej wyobra\u017ani. Tu m\u00f3wi Matejko!\u201d - NID","robots":{"index":"index","follow":"follow","max-snippet":"max-snippet:-1","max-image-preview":"max-image-preview:large","max-video-preview":"max-video-preview:-1"},"canonical":"https:\/\/nid.pl\/en\/2023\/06\/02\/gala-wreczenia-nagrod-w-konkursie-zamek-w-dzieciecej-wyobrazni-tu-mowi-matejko\/","og_locale":"en_GB","og_type":"article","og_title":"Gala wr\u0119czenia nagr\u00f3d w konkursie \u201eZamek w dzieci\u0119cej wyobra\u017ani. Tu m\u00f3wi Matejko!\u201d - NID","og_description":"W pi\u0105tek, 2 czerwca w Sali Koncertowej Zamku Kr\u00f3lewskiego w Warszawie odby\u0142a si\u0119 uroczysto\u015b\u0107 wr\u0119czenia nagr\u00f3d w konkursie plastycznym skierowanym do uczni\u00f3w klas 1-3 i 4-6 szk\u00f3\u0142 podstawowych. Do udzia\u0142u [&hellip;]","og_url":"https:\/\/nid.pl\/en\/2023\/06\/02\/gala-wreczenia-nagrod-w-konkursie-zamek-w-dzieciecej-wyobrazni-tu-mowi-matejko\/","og_site_name":"NID","article_publisher":"https:\/\/www.facebook.com\/zabytek","article_published_time":"2023-06-02T14:42:27+00:00","article_modified_time":"2023-06-21T13:45:39+00:00","og_image":[{"width":440,"height":294,"url":"https:\/\/nid.pl\/wp-content\/uploads\/2023\/06\/patronaty-zamek-krolewski-matejko.png","type":"image\/png"}],"author":"Barbara Halliop","twitter_card":"summary_large_image","twitter_creator":"@NarIDpl","twitter_site":"@NarIDpl","twitter_misc":{"Written by":"Barbara Halliop","Estimated reading time":"3 minutes"},"schema":{"@context":"https:\/\/schema.org","@graph":[{"@type":"Article","@id":"https:\/\/nid.pl\/2023\/06\/02\/gala-wreczenia-nagrod-w-konkursie-zamek-w-dzieciecej-wyobrazni-tu-mowi-matejko\/#article","isPartOf":{"@id":"https:\/\/nid.pl\/2023\/06\/02\/gala-wreczenia-nagrod-w-konkursie-zamek-w-dzieciecej-wyobrazni-tu-mowi-matejko\/"},"author":{"name":"Barbara Halliop","@id":"https:\/\/nid.pl\/#\/schema\/person\/1b690a8998a5111cfb9f0ffe24195a15"},"headline":"Gala wr\u0119czenia nagr\u00f3d w konkursie \u201eZamek w dzieci\u0119cej wyobra\u017ani. Tu m\u00f3wi Matejko!\u201d","datePublished":"2023-06-02T14:42:27+00:00","dateModified":"2023-06-21T13:45:39+00:00","mainEntityOfPage":{"@id":"https:\/\/nid.pl\/2023\/06\/02\/gala-wreczenia-nagrod-w-konkursie-zamek-w-dzieciecej-wyobrazni-tu-mowi-matejko\/"},"wordCount":611,"commentCount":0,"publisher":{"@id":"https:\/\/nid.pl\/#organization"},"image":{"@id":"https:\/\/nid.pl\/2023\/06\/02\/gala-wreczenia-nagrod-w-konkursie-zamek-w-dzieciecej-wyobrazni-tu-mowi-matejko\/#primaryimage"},"thumbnailUrl":"https:\/\/nid.pl\/wp-content\/uploads\/2023\/06\/patronaty-zamek-krolewski-matejko.png","articleSection":["Aktualno\u015bci","Patronaty"],"inLanguage":"en-GB"},{"@type":"WebPage","@id":"https:\/\/nid.pl\/2023\/06\/02\/gala-wreczenia-nagrod-w-konkursie-zamek-w-dzieciecej-wyobrazni-tu-mowi-matejko\/","url":"https:\/\/nid.pl\/2023\/06\/02\/gala-wreczenia-nagrod-w-konkursie-zamek-w-dzieciecej-wyobrazni-tu-mowi-matejko\/","name":"Gala wr\u0119czenia nagr\u00f3d w konkursie \u201eZamek w dzieci\u0119cej wyobra\u017ani. Tu m\u00f3wi Matejko!\u201d - NID","isPartOf":{"@id":"https:\/\/nid.pl\/#website"},"primaryImageOfPage":{"@id":"https:\/\/nid.pl\/2023\/06\/02\/gala-wreczenia-nagrod-w-konkursie-zamek-w-dzieciecej-wyobrazni-tu-mowi-matejko\/#primaryimage"},"image":{"@id":"https:\/\/nid.pl\/2023\/06\/02\/gala-wreczenia-nagrod-w-konkursie-zamek-w-dzieciecej-wyobrazni-tu-mowi-matejko\/#primaryimage"},"thumbnailUrl":"https:\/\/nid.pl\/wp-content\/uploads\/2023\/06\/patronaty-zamek-krolewski-matejko.png","datePublished":"2023-06-02T14:42:27+00:00","dateModified":"2023-06-21T13:45:39+00:00","breadcrumb":{"@id":"https:\/\/nid.pl\/2023\/06\/02\/gala-wreczenia-nagrod-w-konkursie-zamek-w-dzieciecej-wyobrazni-tu-mowi-matejko\/#breadcrumb"},"inLanguage":"en-GB","potentialAction":[{"@type":"ReadAction","target":["https:\/\/nid.pl\/2023\/06\/02\/gala-wreczenia-nagrod-w-konkursie-zamek-w-dzieciecej-wyobrazni-tu-mowi-matejko\/"]}]},{"@type":"ImageObject","inLanguage":"en-GB","@id":"https:\/\/nid.pl\/2023\/06\/02\/gala-wreczenia-nagrod-w-konkursie-zamek-w-dzieciecej-wyobrazni-tu-mowi-matejko\/#primaryimage","url":"https:\/\/nid.pl\/wp-content\/uploads\/2023\/06\/patronaty-zamek-krolewski-matejko.png","contentUrl":"https:\/\/nid.pl\/wp-content\/uploads\/2023\/06\/patronaty-zamek-krolewski-matejko.png","width":440,"height":294,"caption":"patronaty zamek krolewski matejko"},{"@type":"BreadcrumbList","@id":"https:\/\/nid.pl\/2023\/06\/02\/gala-wreczenia-nagrod-w-konkursie-zamek-w-dzieciecej-wyobrazni-tu-mowi-matejko\/#breadcrumb","itemListElement":[{"@type":"ListItem","position":1,"name":"Home","item":"https:\/\/nid.pl\/"},{"@type":"ListItem","position":2,"name":"Gala wr\u0119czenia nagr\u00f3d w konkursie \u201eZamek w dzieci\u0119cej wyobra\u017ani. Tu m\u00f3wi Matejko!\u201d"}]},{"@type":"WebSite","@id":"https:\/\/nid.pl\/#website","url":"https:\/\/nid.pl\/","name":"NID","description":"Narodowy Instytut Dziedzictwa","publisher":{"@id":"https:\/\/nid.pl\/#organization"},"potentialAction":[{"@type":"SearchAction","target":{"@type":"EntryPoint","urlTemplate":"https:\/\/nid.pl\/?s={search_term_string}"},"query-input":{"@type":"PropertyValueSpecification","valueRequired":true,"valueName":"search_term_string"}}],"inLanguage":"en-GB"},{"@type":"Organization","@id":"https:\/\/nid.pl\/#organization","name":"Narodowy Instytut Dziedzictwa","url":"https:\/\/nid.pl\/","logo":{"@type":"ImageObject","inLanguage":"en-GB","@id":"https:\/\/nid.pl\/#\/schema\/logo\/image\/","url":"https:\/\/nid.pl\/wp-content\/uploads\/2022\/10\/logoRedDark.png","contentUrl":"https:\/\/nid.pl\/wp-content\/uploads\/2022\/10\/logoRedDark.png","width":200,"height":197,"caption":"Narodowy Instytut Dziedzictwa"},"image":{"@id":"https:\/\/nid.pl\/#\/schema\/logo\/image\/"},"sameAs":["https:\/\/www.facebook.com\/zabytek","https:\/\/x.com\/NarIDpl","https:\/\/www.instagram.com\/nid.pl\/?hl=pl","https:\/\/www.linkedin.com\/company\/narodowy-instytut-dziedzictwa","https:\/\/www.youtube.com\/channel\/UCQXuhKa2uHtmNvLRUSx40JA"]},{"@type":"Person","@id":"https:\/\/nid.pl\/#\/schema\/person\/1b690a8998a5111cfb9f0ffe24195a15","name":"Barbara Halliop","image":{"@type":"ImageObject","inLanguage":"en-GB","@id":"https:\/\/nid.pl\/#\/schema\/person\/image\/","url":"https:\/\/nid.pl\/wp-content\/litespeed\/avatar\/924046d17dd0c842c9fa9ccf489bc6dc.jpg?ver=1777444967","contentUrl":"https:\/\/nid.pl\/wp-content\/litespeed\/avatar\/924046d17dd0c842c9fa9ccf489bc6dc.jpg?ver=1777444967","caption":"Barbara Halliop"},"url":"https:\/\/nid.pl\/en\/author\/bhalliop\/"}]}},"_links":{"self":[{"href":"https:\/\/nid.pl\/en\/wp-json\/wp\/v2\/posts\/11569","targetHints":{"allow":["GET"]}}],"collection":[{"href":"https:\/\/nid.pl\/en\/wp-json\/wp\/v2\/posts"}],"about":[{"href":"https:\/\/nid.pl\/en\/wp-json\/wp\/v2\/types\/post"}],"author":[{"embeddable":true,"href":"https:\/\/nid.pl\/en\/wp-json\/wp\/v2\/users\/7"}],"replies":[{"embeddable":true,"href":"https:\/\/nid.pl\/en\/wp-json\/wp\/v2\/comments?post=11569"}],"version-history":[{"count":0,"href":"https:\/\/nid.pl\/en\/wp-json\/wp\/v2\/posts\/11569\/revisions"}],"wp:featuredmedia":[{"embeddable":true,"href":"https:\/\/nid.pl\/en\/wp-json\/wp\/v2\/media\/12007"}],"wp:attachment":[{"href":"https:\/\/nid.pl\/en\/wp-json\/wp\/v2\/media?parent=11569"}],"wp:term":[{"taxonomy":"category","embeddable":true,"href":"https:\/\/nid.pl\/en\/wp-json\/wp\/v2\/categories?post=11569"},{"taxonomy":"post_tag","embeddable":true,"href":"https:\/\/nid.pl\/en\/wp-json\/wp\/v2\/tags?post=11569"}],"curies":[{"name":"wp","href":"https:\/\/api.w.org\/{rel}","templated":true}]}}