{"id":11562,"date":"2023-06-13T16:18:00","date_gmt":"2023-06-13T14:18:00","guid":{"rendered":"https:\/\/nid.pl\/?p=11562"},"modified":"2023-06-16T09:50:18","modified_gmt":"2023-06-16T07:50:18","slug":"europejskie-dni-archeologii-polecane-wydarzenia","status":"publish","type":"post","link":"https:\/\/nid.pl\/en\/2023\/06\/13\/europejskie-dni-archeologii-polecane-wydarzenia\/","title":{"rendered":"Europejskie Dni Archeologii &#8211; polecane wydarzenia"},"content":{"rendered":"<p><strong>Europejskie Dni Archeologii to okazja do odkrywania tajemnic przesz\u0142o\u015bci, poznawania historii oraz eksplorowania dziedzictwa kulturowego poprzez r\u00f3\u017cnorodne aktywno\u015bci i wydarzenia. W tym roku organizatorzy z ca\u0142ej Polski zaplanowali warsztaty, pikniki, gry terenowe, rajdy rowerowe, wystawy, prelekcje i wiele innych ciekawych wydarze\u0144. Ju\u017c dzi\u015b warto zarezerwowa\u0107 czas, na fascynuj\u0105ca przygod\u0119 z archeologi\u0105 &#8211; 16, 17 i 18 czerwca.<\/strong><\/p>\n\n\n\n<p><strong>Zapraszamy do zapoznania si\u0119 z wszystkimi wydarzeniami rekomendowanymi przez Narodowy Instytut Dziedzictwa:<\/strong><br>Lista wydarze\u0144 jest na bie\u017c\u0105co aktualizowana.<\/p>\n\n\n\n<p><a href=\"https:\/\/nid.pl\/wp-content\/uploads\/2023\/06\/Europejskie-Dni-Archeologii-polecane-wydarzenia.docx\"><strong>EDA 2023 &#8211; po<\/strong><\/a><strong><a href=\"https:\/\/nid.pl\/wp-content\/uploads\/2023\/06\/Europejskie-Dni-Archeologii-polecane-wydarzenia-aktualizacja-16.06.23.docx\" target=\"_blank\" rel=\"noreferrer noopener\">lecane wydarzenia w Polsce<\/a><\/strong><\/p>\n\n\n\n<p><\/p>\n\n\n\n<p>Europejskie Dni Archeologii to r\u00f3wnie\u017c doskona\u0142a okazja do uczestnictwa w wydarzeniach typu &#8220;drzwi otwarte&#8221;. Wiele muze\u00f3w, instytucji archeologicznych i miejsc zwi\u0105zanych z dziedzictwem kulturowym otwiera swoje drzwi dla publiczno\u015bci, daj\u0105c mo\u017cliwo\u015b\u0107 zwiedzania zwykle niedost\u0119pnych obszar\u00f3w. Jest to r\u00f3wnie\u017c szansa na spotkanie z ekspertami, kt\u00f3rzy ch\u0119tnie podziel\u0105 si\u0119 swoj\u0105 wiedz\u0105 i do\u015bwiadczeniem.<\/p>\n\n\n\n<p><strong><a href=\"https:\/\/nid.pl\/wp-content\/uploads\/2023\/06\/EDA-2023-drzwi-otwarte.docx\">EDA 2023 &#8211; drzwi ot<\/a><a href=\"https:\/\/nid.pl\/wp-content\/uploads\/2023\/06\/EDA-2023-drzwi-otwarte.docx\" target=\"_blank\" rel=\"noreferrer noopener\">warte<\/a> <\/strong><\/p>\n\n\n\n<p><\/p>\n\n\n\n<p><strong>Instytucje bior\u0105ce udzia\u0142 w Europejskich Dniach Archeologii 2023:<\/strong><\/p>\n\n\n\n<p><strong>woj. DOLNO\u015aL\u0104SKIE<\/strong><\/p>\n\n\n\n<p><strong><a href=\"https:\/\/journees-archeologie.eu\/fru-3130\/c-2023\/lg-en\/poland\/fiche-initiative\/15607\/Zgorzelec-Muzeum-u-yckie\" target=\"_blank\" rel=\"noreferrer noopener\">Zgorzelec, Muzeum \u0141u\u017cyckie<\/a> &nbsp;&nbsp;&nbsp;<\/strong><\/p>\n\n\n\n<p><strong><a href=\"https:\/\/journees-archeologie.eu\/fru-3130\/c-2023\/lg-en\/poland\/fiche-initiative\/16725\/Muzeum-Archeologiczne-we-Wroc-awiu-oddzia-Muzeum-Miejskiego-Wroc-awia\" target=\"_blank\" rel=\"noreferrer noopener\">Muzeum Archeologiczne we Wroc\u0142awiu, oddzia\u0142 Muzeum Miejskiego Wroc\u0142awia<\/a><\/strong><\/p>\n\n\n\n<p><a href=\"https:\/\/journees-archeologie.eu\/c-2023\/lg-en\/poland\/fiche-initiative\/17145\/Park-Wielokulturowy-Stara-Kopalnia-w-Wa-brzychu\" target=\"_blank\" rel=\"noreferrer noopener\"><strong>Park Wielokulturowy Stara Kopalnia w Wa\u0142brzychu<\/strong><\/a><\/p>\n\n\n\n<p><a href=\"https:\/\/journees-archeologie.eu\/c-2023\/lg-en\/poland\/fiche-initiative\/17080\/Muzeum-Karkonoskie-w-Jeleniej-Gorze\" target=\"_blank\" rel=\"noreferrer noopener\"><strong>Muzeum Karkonoskie w Jeleniej G\u00f3rze<\/strong><\/a><\/p>\n\n\n\n<p><a href=\"https:\/\/journees-archeologie.eu\/c-2023\/lg-en\/poland\/fiche-initiative\/17627\/Muzeum-Archeologiczno-Historyczne-w-G-ogowie\" target=\"_blank\" rel=\"noreferrer noopener\"><strong>Muzeum Archeologiczno-Historyczne w G\u0142ogowie<\/strong><\/a><\/p>\n\n\n\n<p><\/p>\n\n\n\n<p><strong>woj. KUJAWSKO-POMORSKIE<\/strong><\/p>\n\n\n\n<p><strong><a href=\"https:\/\/journees-archeologie.eu\/fru-3130\/c-2023\/lg-en\/poland\/fiche-initiative\/15851\/I-Kujawski-Festiwal-Archeologiczny\" target=\"_blank\" rel=\"noreferrer noopener\">I Kujawski Festiwal Archeologiczny<\/a><\/strong><\/p>\n\n\n\n<p><strong><a href=\"https:\/\/journees-archeologie.eu\/c-2023\/lg-en\/poland\/fiche-initiative\/17481\/Muzeum-Archeologiczne-w-Biskupinie\" target=\"_blank\" rel=\"noreferrer noopener\">Muzeum Archeologiczne w Biskupinie<\/a><\/strong><\/p>\n\n\n\n<p><strong><a href=\"https:\/\/journees-archeologie.eu\/fru-3130\/c-2023\/lg-en\/poland\/fiche-initiative\/16727\/Park-Kulturowy-Wietrzychowice\" target=\"_blank\" rel=\"noreferrer noopener\">Park Kulturowy Wietrzychowice<\/a><\/strong><\/p>\n\n\n\n<p><\/p>\n\n\n\n<p><strong>woj. LUBELSKIE<\/strong><\/p>\n\n\n\n<p><strong><a href=\"https:\/\/journees-archeologie.eu\/fru-3130\/c-2023\/lg-en\/poland\/fiche-initiative\/15846\/Muzeum-i-Miejsce-Pami-ci-w-Sobiborze\" target=\"_blank\" rel=\"noreferrer noopener\">Muzeum i Miejsce Pami\u0119ci w Sobiborze<\/a><\/strong><\/p>\n\n\n\n<p><a href=\"https:\/\/journees-archeologie.eu\/fru-3130\/c-2023\/lg-en\/poland\/fiche-initiative\/16001\/Europejskie-Dni-Archeologii-nad-Chodelk-2023\"><strong>Europejskie D<\/strong><\/a><strong><a href=\"https:\/\/journees-archeologie.eu\/fru-3130\/c-2023\/lg-en\/poland\/fiche-initiative\/16001\/Europejskie-Dni-Archeologii-nad-Chodelk-2023\" target=\"_blank\" rel=\"noreferrer noopener\">ni Archeologii nad Chodelk\u0105 2023<\/a><\/strong><\/p>\n\n\n\n<p><strong><a href=\"https:\/\/journees-archeologie.eu\/fru-3130\/c-2023\/lg-en\/poland\/fiche-initiative\/16614\/Archeologia-w-3D-Muzeum-Narodowe-w-Lublinie\" target=\"_blank\" rel=\"noreferrer noopener\">Archeologia w 3D | Muzeum Narodowe w Lublinie<\/a><\/strong><\/p>\n\n\n\n<p><strong><a href=\"https:\/\/journees-archeologie.eu\/fru-3130\/c-2023\/lg-en\/poland\/fiche-initiative\/16700\/Muzeum-Zamojskie\" target=\"_blank\" rel=\"noreferrer noopener\">Muzeum Zamojskie<\/a><\/strong><\/p>\n\n\n\n<p><strong><a href=\"https:\/\/journees-archeologie.eu\/c-2023\/lg-en\/poland\/fiche-initiative\/17216\/Muzeum-Narodowe-w-Kielcach\" target=\"_blank\" rel=\"noreferrer noopener\">Instytut Archeologii UMCS w Lublinie\/Muzeum Narodowe w Kielcach<\/a><\/strong><\/p>\n\n\n\n<p><strong><a href=\"https:\/\/journees-archeologie.eu\/c-2023\/lg-en\/poland\/fiche-initiative\/18060\/Instytut-Archeologii-UMCS-w-Lublinie\" target=\"_blank\" rel=\"noreferrer noopener\">Instytut Archeologii UMCS w Lublinie<\/a><\/strong><\/p>\n\n\n\n<p><strong>woj. LUBUSKIE<\/strong><\/p>\n\n\n\n<p><strong><a href=\"https:\/\/journees-archeologie.eu\/fru-3130\/c-2023\/lg-en\/poland\/fiche-initiative\/17017\/Muzeum-Archeologiczne-rodkowego-Nadodrza-Stacja-Archeologiczna-w-Wicinie\" target=\"_blank\" rel=\"noreferrer noopener\">Muzeum Archeologiczne \u015arodkowego Nadodrza &#8211; Stacja Archeologiczna w Wicinie<\/a><\/strong><\/p>\n\n\n\n<p><\/p>\n\n\n\n<p><strong>woj. \u0141\u00d3DZKIE<\/strong><\/p>\n\n\n\n<p><strong><a href=\"https:\/\/journees-archeologie.eu\/fru-3130\/c-2023\/lg-en\/poland\/fiche-initiative\/15800\/Muzeum-Archeologiczne-i-Etnograficzne-w-odzi\" target=\"_blank\" rel=\"noreferrer noopener\">Muzeum Archeologiczne i Etnograficzne w \u0141odzi<\/a><\/strong><\/p>\n\n\n\n<p><strong><a href=\"https:\/\/journees-archeologie.eu\/fru-3130\/c-2023\/lg-en\/poland\/fiche-initiative\/16685\/Grodzisko-i-skansen-w-Tumie\" target=\"_blank\" rel=\"noreferrer noopener\">Grodzisko i skansen w Tumie<\/a><\/strong><\/p>\n\n\n\n<p><strong><a href=\"https:\/\/journees-archeologie.eu\/fru-3130\/c-2023\/lg-en\/poland\/fiche-initiative\/16726\/Ba-uty\" target=\"_blank\" rel=\"noreferrer noopener\">Ba\u0142uty<\/a><\/strong><\/p>\n\n\n\n<p><strong><a href=\"https:\/\/journees-archeologie.eu\/c-2023\/lg-en\/poland\/fiche-initiative\/17185\/Z-archeologi-przez-gmin-Pabianice\" target=\"_blank\" rel=\"noreferrer noopener\">Z archeologi\u0105 przez gmin\u0119 Pabianice<\/a><\/strong><\/p>\n\n\n\n<p><\/p>\n\n\n\n<p><strong>woj. MAZOWIECKIE<\/strong><\/p>\n\n\n\n<p><strong><a href=\"https:\/\/journees-archeologie.eu\/fru-3130\/c-2023\/lg-en\/poland\/fiche-initiative\/16515\/Instytut-Kultur-rodziemnomorskich-i-Orientalnych-PAN\" target=\"_blank\" rel=\"noreferrer noopener\">Instytut Kultur \u015ar\u00f3dziemnomorskich i Orientalnych PAN<\/a><\/strong><\/p>\n\n\n\n<p><a href=\"https:\/\/journees-archeologie.eu\/fru-3130\/c-2023\/lg-en\/poland\/fiche-initiative\/15467\/Brodno-Stare-Hillfort-Warsaw-Archaeological-Park\"><strong>B<\/strong><\/a><strong><a href=\"https:\/\/journees-archeologie.eu\/fru-3130\/c-2023\/lg-en\/poland\/fiche-initiative\/15467\/Brodno-Stare-Hillfort-Warsaw-Archaeological-Park\" target=\"_blank\" rel=\"noreferrer noopener\">r\u00f3dno Stare Hillfort &#8211; Warsaw Archaeological Park<\/a><\/strong><\/p>\n\n\n\n<p><a href=\"https:\/\/journees-archeologie.eu\/c-2023\/lg-en\/poland\/fiche-initiative\/17139\/Muzeum-Staro-ytnego-Hutnictwa-Mazowieckiego-im.-Stefana-Woydy-w-Pruszkowie\" target=\"_blank\" rel=\"noreferrer noopener\"><strong>Muzeum Staro\u017cytnego Hutnictwa Mazowieckiego im. Stefana Woydy w Pruszkowie<\/strong><\/a><\/p>\n\n\n\n<p><a href=\"https:\/\/journees-archeologie.eu\/fru-3130\/c-2023\/lg-en\/poland\/fiche-initiative\/16412\/Archeologiczny-Malczewski-Muzeum-im.-Jacka-Malczewskiego-w-Radomiu\"><strong>A<\/strong><\/a><strong><a href=\"https:\/\/journees-archeologie.eu\/fru-3130\/c-2023\/lg-en\/poland\/fiche-initiative\/16412\/Archeologiczny-Malczewski-Muzeum-im.-Jacka-Malczewskiego-w-Radomiu\" target=\"_blank\" rel=\"noreferrer noopener\">rcheologiczny Malczewski &#8211; Muzeum im. Jacka Malczewskiego w Radomiu<\/a><\/strong><\/p>\n\n\n\n<p><a href=\"https:\/\/dni-ogrodow.ogrody-krolewskie.pl\/\" target=\"_blank\" rel=\"noreferrer noopener\"><strong>Warszawa &#8211; Zamek Kr\u00f3lewski w Warszawie<\/strong><\/a><\/p>\n\n\n\n<p><\/p>\n\n\n\n<p><strong>woj. MA\u0141OPOLSKIE<\/strong><\/p>\n\n\n\n<p><a href=\"https:\/\/journees-archeologie.eu\/fru-3130\/c-2023\/lg-en\/poland\/fiche-initiative\/15630\/Muzeum-Archeologiczne-w-Krakowie\"><strong>M<\/strong><\/a><strong><a href=\"https:\/\/journees-archeologie.eu\/fru-3130\/c-2023\/lg-en\/poland\/fiche-initiative\/15630\/Muzeum-Archeologiczne-w-Krakowie\" target=\"_blank\" rel=\"noreferrer noopener\">uzeum Archeologiczne w Krakowie<\/a><\/strong><\/p>\n\n\n\n<p><strong><a href=\"https:\/\/journees-archeologie.eu\/fru-3130\/c-2023\/lg-en\/poland\/fiche-initiative\/15630\/Muzeum-Archeologiczne-w-Krakowie\" target=\"_blank\" rel=\"noreferrer noopener\">Muzeum Archeologiczne w Krakowie. Oddzia\u0142 Nowa Huta &#8211; Branice.<\/a><\/strong><\/p>\n\n\n\n<p><\/p>\n\n\n\n<p><strong>woj. OPOLSKIE<\/strong><\/p>\n\n\n\n<p><a href=\"https:\/\/journees-archeologie.eu\/fru-3130\/c-2023\/lg-en\/poland\/fiche-initiative\/17071\/Muzeum-l-ska-Opolskiego\"><strong>Muzeum \u015al<\/strong><\/a><strong><a href=\"https:\/\/journees-archeologie.eu\/fru-3130\/c-2023\/lg-en\/poland\/fiche-initiative\/17071\/Muzeum-l-ska-Opolskiego\" target=\"_blank\" rel=\"noreferrer noopener\">\u0105ska Opolskiego<\/a><\/strong><\/p>\n\n\n\n<p><\/p>\n\n\n\n<p><strong>woj. PODKARPACKIE<\/strong><\/p>\n\n\n\n<p><a href=\"https:\/\/journees-archeologie.eu\/fru-3130\/c-2023\/lg-en\/poland\/fiche-initiative\/16193\/Muzeum-Narodowe-Ziemi-Przemyskiej-w-Przemy-lu\"><strong>Muzeum Narodowe Ziemi Przemyskiej w Prze<\/strong><\/a><strong><a href=\"https:\/\/journees-archeologie.eu\/fru-3130\/c-2023\/lg-en\/poland\/fiche-initiative\/16193\/Muzeum-Narodowe-Ziemi-Przemyskiej-w-Przemy-lu\" target=\"_blank\" rel=\"noreferrer noopener\">my\u015blu<\/a><\/strong><\/p>\n\n\n\n<p><a href=\"https:\/\/journees-archeologie.eu\/c-2023\/lg-en\/poland\/fiche-initiative\/17172\/Europejskie-Dni-Archeologii-w-Muzeum-Kresow-w-Lubaczowie\" target=\"_blank\" rel=\"noreferrer noopener\"><strong>Europejskie Dni Archeologii w Muzeum Kres\u00f3w w Lubaczowie<\/strong><\/a><\/p>\n\n\n\n<p><a href=\"https:\/\/journees-archeologie.eu\/fru-3130\/c-2023\/lg-en\/poland\/fiche-initiative\/17051\/Muzeum-Okr-gowe-w-Rzeszowie-Regionalna-Sk-adnica-Zabytkow-Archeologicznych-w-Zg-obniu\"><strong>Muzeum Okr\u0119gowe w Rzeszowie &#8211; Regionalna Sk\u0142adnica Zabytk\u00f3w Arc<\/strong><\/a><strong><a href=\"https:\/\/journees-archeologie.eu\/fru-3130\/c-2023\/lg-en\/poland\/fiche-initiative\/17051\/Muzeum-Okr-gowe-w-Rzeszowie-Regionalna-Sk-adnica-Zabytkow-Archeologicznych-w-Zg-obniu\" target=\"_blank\" rel=\"noreferrer noopener\">heologicznych w Zg\u0142obniu<\/a><\/strong><\/p>\n\n\n\n<p><a href=\"https:\/\/journees-archeologie.eu\/c-2023\/lg-en\/poland\/fiche-initiative\/17153\/Muzeum-w-Jaros-awiu-Kamienica-Orsettich\" target=\"_blank\" rel=\"noreferrer noopener\"><strong>Muzeum w Jaros\u0142awiu Kamienica Orsettich<\/strong><\/a><\/p>\n\n\n\n<p><a href=\"https:\/\/journees-archeologie.eu\/c-2023\/lg-en\/poland\/fiche-initiative\/17192\/Instytut-Archeologii-Uniwersytetu-Rzeszowskiego-Uniwersytecka-Sk-adnica-Materia-ow-Archeologicznych\" target=\"_blank\" rel=\"noreferrer noopener\"><strong>Instytut Archeologii Uniwersytetu Rzeszowskiego &#8211; Uniwersytecka Sk\u0142adnica Materia\u0142\u00f3w Archeologicznych<\/strong><\/a><\/p>\n\n\n\n<p><\/p>\n\n\n\n<p><strong>woj. PODLASKIE<\/strong><\/p>\n\n\n\n<p><strong><a href=\"https:\/\/journees-archeologie.eu\/fru-3130\/c-2023\/lg-en\/poland\/fiche-initiative\/16688\/Muzeum-Okr-gowe-w-Suwa-kach\" target=\"_blank\" rel=\"noreferrer noopener\">Muzeum Okr\u0119gowe w Suwa\u0142kach<\/a><\/strong><\/p>\n\n\n\n<p><a href=\"https:\/\/journees-archeologie.eu\/fru-3130\/c-2023\/lg-en\/poland\/fiche-initiative\/15804\/Tabulae-najstarsze-gry-planszowe-odkryte-na-Podlasiu\"><strong>Tab<\/strong><\/a><strong><a href=\"https:\/\/journees-archeologie.eu\/fru-3130\/c-2023\/lg-en\/poland\/fiche-initiative\/15804\/Tabulae-najstarsze-gry-planszowe-odkryte-na-Podlasiu\" target=\"_blank\" rel=\"noreferrer noopener\">ulae \u2013 najstarsze gry planszowe odkryte na Podlasiu<\/a><\/strong><\/p>\n\n\n\n<p><\/p>\n\n\n\n<p><strong>woj. POMORSKIE<\/strong><\/p>\n\n\n\n<p><a href=\"https:\/\/journees-archeologie.eu\/fru-3130\/c-2023\/lg-en\/poland\/fiche-initiative\/16853\/Fabryka-Sztuk\"><strong>Fabryk<\/strong><\/a><strong><a href=\"https:\/\/journees-archeologie.eu\/fru-3130\/c-2023\/lg-en\/poland\/fiche-initiative\/16853\/Fabryka-Sztuk\" target=\"_blank\" rel=\"noreferrer noopener\">a Sztuk<\/a><\/strong><\/p>\n\n\n\n<p><strong><a href=\"https:\/\/journees-archeologie.eu\/c-2023\/lg-en\/poland\/fiche-initiative\/17631\/Grodzisko-w-Sopocie-Oddzia-Muzeum-Archeologicznego-w-Gda-sku\" target=\"_blank\" rel=\"noreferrer noopener\">Europejskie Dni Archeologii 2023 na Grodzisku w Sopocie<\/a><\/strong><\/p>\n\n\n\n<p><strong><a href=\"https:\/\/journees-archeologie.eu\/fru-3130\/c-2023\/lg-en\/poland\/fiche-initiative\/16234\/Po-wysep-Westerplatte-w-Gda-sku.-Wydarzenie-Archeologia-We-aae64178f4b0ac9848074162ff934581-21185148\" target=\"_blank\" rel=\"noreferrer noopener\">P\u00f3\u0142wysep Westerplatte w Gda\u0144sku. Wydarzenie \u201eArcheologia Westerplatte\u201d organizowane przez Muzeum II Wojny \u015awiatowej w Gda\u0144sku<\/a><\/strong><\/p>\n\n\n\n<p><\/p>\n\n\n\n<p><strong>Woj. \u015aL\u0104SKIE<\/strong><\/p>\n\n\n\n<p><a href=\"https:\/\/journees-archeologie.eu\/fru-3130\/c-2023\/lg-en\/poland\/fiche-initiative\/16073\/Muzeum-l-skie-w-Katowicach\"><strong>Muzeum \u015al\u0105skie w Katowi<\/strong><\/a><strong><a href=\"https:\/\/journees-archeologie.eu\/fru-3130\/c-2023\/lg-en\/poland\/fiche-initiative\/16073\/Muzeum-l-skie-w-Katowicach\" target=\"_blank\" rel=\"noreferrer noopener\">cach<\/a><\/strong><\/p>\n\n\n\n<p><a href=\"https:\/\/journees-archeologie.eu\/c-2023\/lg-en\/poland\/fiche-initiative\/17260\/Muzeum-Gorno-l-skie-w-Bytomiu-The-Upper-Silesian-Museum-in-Bytom-\" target=\"_blank\" rel=\"noreferrer noopener\"><strong>Muzeum G\u00f3rno\u015bl\u0105skie w Bytomiu<\/strong><\/a><\/p>\n\n\n\n<p><\/p>\n\n\n\n<p><strong>woj. \u015aWI\u0118TOKRZYSKIE<\/strong><\/p>\n\n\n\n<p><a href=\"https:\/\/journees-archeologie.eu\/fru-3130\/c-2023\/lg-en\/poland\/fiche-initiative\/15721\/Muzeum-Zamkowe-w-Sandomierzu-The-Castle-Museum-in-Sandomierz\"><strong>Muzeum Zamkowe w Sandomierzu\/T<\/strong><\/a><strong><a href=\"https:\/\/journees-archeologie.eu\/fru-3130\/c-2023\/lg-en\/poland\/fiche-initiative\/15721\/Muzeum-Zamkowe-w-Sandomierzu-The-Castle-Museum-in-Sandomierz\" target=\"_blank\" rel=\"noreferrer noopener\">he Castle Museum in Sandomierz<\/a><\/strong><\/p>\n\n\n\n<p><a href=\"https:\/\/journees-archeologie.eu\/c-2023\/lg-en\/poland\/fiche-initiative\/17274\/The-Royal-Castle-in-Ch-ciny\" target=\"_blank\" rel=\"noreferrer noopener\"><strong>The Royal Castle in Ch\u0119ciny<\/strong><\/a><\/p>\n\n\n\n<p><a href=\"https:\/\/journees-archeologie.eu\/c-2023\/lg-en\/poland\/fiche-initiative\/17157\/Muzeum-Archeologiczne-i-Rezerwat-Krzemionki\" target=\"_blank\" rel=\"noreferrer noopener\"><strong>Muzeum Archeologiczne i Rezerwat Krzemionki<\/strong><\/a><\/p>\n\n\n\n<p><strong><a href=\"https:\/\/journees-archeologie.eu\/c-2023\/lg-en\/poland\/fiche-initiative\/17216\/Muzeum-Narodowe-w-Kielcach\" target=\"_blank\" rel=\"noreferrer noopener\">Muzeum Narodowe w Kielcach<\/a><\/strong><\/p>\n\n\n\n<p><\/p>\n\n\n\n<p><strong>woj. WARMI\u0143SKO-MAZURSKIE<\/strong><\/p>\n\n\n\n<p><a href=\"https:\/\/journees-archeologie.eu\/c-2023\/lg-en\/poland\/fiche-initiative\/17240\/Kurhan-w-Pietrzwa-dzie-Kaczy-cu-gm.-Ostroda.\" target=\"_blank\" rel=\"noreferrer noopener\"><strong>Kurhan w Pietrzwa\u0142dzie\/Kaczy\u0144cu, gm. Ostr\u00f3da<\/strong><\/a><\/p>\n\n\n\n<p><a href=\"https:\/\/journees-archeologie.eu\/c-2023\/lg-en\/poland\/fiche-initiative\/17284\/-I-awski-Biskupin-pradziejowa-osada-obronna-w-Starzykowie-pow.-i-awski\" target=\"_blank\" rel=\"noreferrer noopener\"><strong>&#8220;I\u0142awski Biskupin&#8221; &#8211; pradziejowa osada obronna w Starzykowie, pow. i\u0142awski<\/strong><\/a><\/p>\n\n\n\n<p><a href=\"https:\/\/journees-archeologie.eu\/c-2023\/lg-en\/poland\/fiche-initiative\/17771\/Truso-Fest-wiki-ski-festiwal-wody-i-ognia\" target=\"_blank\" rel=\"noreferrer noopener\"><strong>Truso Fest &#8211; wiki\u0144ski festiwal wody i ognia<\/strong><\/a><\/p>\n\n\n\n<p><\/p>\n\n\n\n<p><strong>woj. WIELKOPOLSKIE<\/strong><\/p>\n\n\n\n<p><strong><a href=\"https:\/\/journees-archeologie.eu\/fru-3130\/c-2023\/lg-en\/poland\/fiche-initiative\/17063\/Kaliskie-Towarzystwo-Przyjacio-Nauk\" target=\"_blank\" rel=\"noreferrer noopener\">Kaliskie Towarzystwo Przyjaci\u00f3\u0142 Nauk<\/a><\/strong><\/p>\n\n\n\n<p><strong><a href=\"https:\/\/journees-archeologie.eu\/fru-3130\/c-2023\/lg-en\/poland\/fiche-initiative\/16663\/Rezerwat-Archeologiczny-Genius-loci-dzia-Muzeum-Archeologicznego-w-Poznaniu\" target=\"_blank\" rel=\"noreferrer noopener\">Rezerwat Archeologiczny Genius loci &#8211; dzia\u0142 Muzeum Archeologicznego w Poznaniu<\/a><\/strong><\/p>\n\n\n\n<p><a href=\"https:\/\/journees-archeologie.eu\/c-2023\/lg-en\/poland\/fiche-initiative\/17256\/Muzeum-Pierwszych-Piastow-na-Lednicy-Oddzia-Wczesnopiastowska-Rezydencja-na-Ostrowie-Lednickim\" target=\"_blank\" rel=\"noreferrer noopener\"><strong>Muzeum Pierwszych Piast\u00f3w na Lednicy, Oddzia\u0142 \u2013 Wczesnopiastowska Rezydencja na Ostrowie Lednickim<\/strong><\/a><\/p>\n\n\n\n<p><a href=\"https:\/\/journees-archeologie.eu\/c-2023\/lg-en\/poland\/fiche-initiative\/17258\/Muzeum-Pierwszych-Piastow-na-Lednicy-Oddzia-Rezerwat-Archeologiczny-Grod-Wczesnopiastowski-w-Gieczu\" target=\"_blank\" rel=\"noreferrer noopener\"><strong>Muzeum Pierwszych Piast\u00f3w na Lednicy, Oddzia\u0142 \u2013 Rezerwat Archeologiczny Gr\u00f3d Wczesnopiastowski w Gieczu<\/strong><\/a><\/p>\n\n\n\n<p><a href=\"https:\/\/journees-archeologie.eu\/c-2023\/lg-en\/poland\/fiche-initiative\/17259\/Muzeum-Pierwszych-Piastow-na-Lednicy-Oddzia-Rezerwat-Archeologiczny-Grod-w-Grzybowie\" target=\"_blank\" rel=\"noreferrer noopener\"><strong>Muzeum Pierwszych Piast\u00f3w na Lednicy, Oddzia\u0142 \u2013 Rezerwat Archeologiczny Gr\u00f3d w Grzybowie<\/strong><\/a><\/p>\n\n\n\n<p><a href=\"https:\/\/journees-archeologie.eu\/c-2023\/lg-en\/poland\/fiche-initiative\/17668\/Pozna-Archeological-Museum\" target=\"_blank\" rel=\"noreferrer noopener\"><strong>Muzeum Archeologiczne w Poznaniu<\/strong><\/a><\/p>\n\n\n\n<p><strong>R<a href=\"https:\/\/www.facebook.com\/RezerwatArcheo\/\" target=\"_blank\" rel=\"noreferrer noopener\">ezerwat Archeologiczny Genius Loci<\/a><\/strong><\/p>\n\n\n\n<p><\/p>\n\n\n\n<p><strong>woj. ZACHODNIOPOMORSKIE<\/strong><\/p>\n\n\n\n<p><a href=\"https:\/\/journees-archeologie.eu\/c-2023\/lg-en\/poland\/fiche-initiative\/17177\/Muzeum-Archeologiczno-Historyczne\" target=\"_blank\" rel=\"noreferrer noopener\"><strong>Muzeum Archeologiczno-Historyczne<\/strong><\/a><\/p>\n\n\n\n<p><\/p>\n\n\n\n<p>Europejsk\u0105 map\u0119 wydarze\u0144 znajdziesz &gt;<a href=\"https:\/\/journees-archeologie.eu\/c-2023\/lg-en\/poland\/map\" target=\"_blank\" rel=\"noreferrer noopener\"><strong>tuta<\/strong><\/a><a href=\"https:\/\/journees-archeologie.eu\/c-2023\/lg-en\/poland\/map\"><strong>j<\/strong><\/a>&lt;<\/p>","protected":false},"excerpt":{"rendered":"<p>Europejskie Dni Archeologii to okazja do odkrywania tajemnic przesz\u0142o\u015bci, poznawania historii oraz eksplorowania dziedzictwa kulturowego poprzez r\u00f3\u017cnorodne aktywno\u015bci i wydarzenia. W tym roku organizatorzy z ca\u0142ej Polski zaplanowali warsztaty, pikniki, [&hellip;]<\/p>","protected":false},"author":7,"featured_media":11567,"comment_status":"open","ping_status":"open","sticky":true,"template":"","format":"standard","meta":{"_et_pb_use_builder":"off","_et_pb_old_content":"<!-- wp:paragraph -->\n<p><strong>Europejskie Dni Archeologii to okazja do odkrywania tajemnic przesz\u0142o\u015bci, poznawania historii oraz eksplorowania dziedzictwa kulturowego poprzez r\u00f3\u017cnorodne aktywno\u015bci i wydarzenia. W tym roku organizatorzy z ca\u0142ej Polski zaplanowali warsztaty, pikniki, gry terenowe, rajdy rowerowe, wystawy, prelekcje i wiele innych ciekawych wydarze\u0144. Ju\u017c dzi\u015b warto zarezerwowa\u0107 czas, na fascynuj\u0105ca przygod\u0119 z archeologi\u0105 - 16, 17 i 18 czerwca.<\/strong><\/p>\n<!-- \/wp:paragraph -->\n\n<!-- wp:paragraph -->\n<p><strong>Zapraszamy do zapoznania si\u0119 z wszystkimi wydarzeniami rekomendowanymi przez Narodowy Instytut Dziedzictwa:<\/strong><br>Lista wydarze\u0144 jest na bie\u017c\u0105co aktualizowana.<\/p>\n<!-- \/wp:paragraph -->\n\n<!-- wp:paragraph -->\n<p><a href=\"https:\/\/nid.pl\/wp-content\/uploads\/2023\/06\/Europejskie-Dni-Archeologii-polecane-wydarzenia.docx\"><strong>EDA 2023 - po<\/strong><\/a><strong><a href=\"https:\/\/nid.pl\/wp-content\/uploads\/2023\/06\/Europejskie-Dni-Archeologii-polecane-wydarzenia-aktualizacja-07.06.23.docx\">lecane wydar<\/a><a href=\"https:\/\/nid.pl\/wp-content\/uploads\/2023\/06\/Europejskie-Dni-Archeologii-polecane-wydarzenia-aktualizacja-07.06.23.docx\" target=\"_blank\" rel=\"noreferrer noopener\">zenia w Polsce<\/a><\/strong><\/p>\n<!-- \/wp:paragraph -->\n\n<!-- wp:paragraph -->\n<p><\/p>\n<!-- \/wp:paragraph -->\n\n<!-- wp:paragraph -->\n<p>Europejskie Dni Archeologii to r\u00f3wnie\u017c doskona\u0142a okazja do uczestnictwa w wydarzeniach typu \"drzwi otwarte\". Wiele muze\u00f3w, instytucji archeologicznych i miejsc zwi\u0105zanych z dziedzictwem kulturowym otwiera swoje drzwi dla publiczno\u015bci, daj\u0105c mo\u017cliwo\u015b\u0107 zwiedzania zwykle niedost\u0119pnych obszar\u00f3w. Jest to r\u00f3wnie\u017c szansa na spotkanie z ekspertami, kt\u00f3rzy ch\u0119tnie podziel\u0105 si\u0119 swoj\u0105 wiedz\u0105 i do\u015bwiadczeniem.<\/p>\n<!-- \/wp:paragraph -->\n\n<!-- wp:paragraph -->\n<p><strong><a href=\"https:\/\/nid.pl\/wp-content\/uploads\/2023\/06\/EDA-2023-drzwi-otwarte.docx\">EDA 2023 - drzwi ot<\/a><a href=\"https:\/\/nid.pl\/wp-content\/uploads\/2023\/06\/EDA-2023-drzwi-otwarte.docx\" target=\"_blank\" rel=\"noreferrer noopener\">warte<\/a> <\/strong><\/p>\n<!-- \/wp:paragraph -->\n\n<!-- wp:paragraph -->\n<p><\/p>\n<!-- \/wp:paragraph -->\n\n<!-- wp:paragraph -->\n<p><strong>Instytucje bior\u0105ce udzia\u0142 w Europejskich Dniach Archeologii 2023:<\/strong><\/p>\n<!-- \/wp:paragraph -->\n\n<!-- wp:paragraph -->\n<p><strong>woj. DOLNO\u015aL\u0104SKIE<\/strong><\/p>\n<!-- \/wp:paragraph -->\n\n<!-- wp:paragraph -->\n<p><strong><a href=\"https:\/\/journees-archeologie.eu\/fru-3130\/c-2023\/lg-en\/poland\/fiche-initiative\/15607\/Zgorzelec-Muzeum-u-yckie\" target=\"_blank\" rel=\"noreferrer noopener\">Zgorzelec, Muzeum \u0141u\u017cyckie<\/a> &nbsp;&nbsp;&nbsp;<\/strong><\/p>\n<!-- \/wp:paragraph -->\n\n<!-- wp:paragraph -->\n<p><strong><a href=\"https:\/\/journees-archeologie.eu\/fru-3130\/c-2023\/lg-en\/poland\/fiche-initiative\/16725\/Muzeum-Archeologiczne-we-Wroc-awiu-oddzia-Muzeum-Miejskiego-Wroc-awia\" target=\"_blank\" rel=\"noreferrer noopener\">Muzeum Archeologiczne we Wroc\u0142awiu, oddzia\u0142 Muzeum Miejskiego Wroc\u0142awia<\/a><\/strong><\/p>\n<!-- \/wp:paragraph -->\n\n<!-- wp:paragraph -->\n<p><\/p>\n<!-- \/wp:paragraph -->\n\n<!-- wp:paragraph -->\n<p><strong>woj. KUJAWSKO-POMORSKIE<\/strong><\/p>\n<!-- \/wp:paragraph -->\n\n<!-- wp:paragraph -->\n<p><strong><a href=\"https:\/\/journees-archeologie.eu\/fru-3130\/c-2023\/lg-en\/poland\/fiche-initiative\/15851\/I-Kujawski-Festiwal-Archeologiczny\" target=\"_blank\" rel=\"noreferrer noopener\">I Kujawski Festiwal Archeologiczny<\/a><\/strong><\/p>\n<!-- \/wp:paragraph -->\n\n<!-- wp:paragraph -->\n<p><strong><a href=\"https:\/\/journees-archeologie.eu\/fru-3130\/c-2023\/lg-en\/poland\/fiche-initiative\/16727\/Park-Kulturowy-Wietrzychowice\" target=\"_blank\" rel=\"noreferrer noopener\">Park Kulturowy Wietrzychowice<\/a><\/strong><\/p>\n<!-- \/wp:paragraph -->\n\n<!-- wp:paragraph -->\n<p><\/p>\n<!-- \/wp:paragraph -->\n\n<!-- wp:paragraph -->\n<p><strong>woj. LUBELSKIE<\/strong><\/p>\n<!-- \/wp:paragraph -->\n\n<!-- wp:paragraph -->\n<p><strong><a href=\"https:\/\/journees-archeologie.eu\/fru-3130\/c-2023\/lg-en\/poland\/fiche-initiative\/15846\/Muzeum-i-Miejsce-Pami-ci-w-Sobiborze\" target=\"_blank\" rel=\"noreferrer noopener\">Muzeum i Miejsce Pami\u0119ci w Sobiborze<\/a><\/strong><\/p>\n<!-- \/wp:paragraph -->\n\n<!-- wp:paragraph -->\n<p><a href=\"https:\/\/journees-archeologie.eu\/fru-3130\/c-2023\/lg-en\/poland\/fiche-initiative\/16001\/Europejskie-Dni-Archeologii-nad-Chodelk-2023\"><strong>Europejskie D<\/strong><\/a><strong><a href=\"https:\/\/journees-archeologie.eu\/fru-3130\/c-2023\/lg-en\/poland\/fiche-initiative\/16001\/Europejskie-Dni-Archeologii-nad-Chodelk-2023\" target=\"_blank\" rel=\"noreferrer noopener\">ni Archeologii nad Chodelk\u0105 2023<\/a><\/strong><\/p>\n<!-- \/wp:paragraph -->\n\n<!-- wp:paragraph -->\n<p><strong><a href=\"https:\/\/journees-archeologie.eu\/fru-3130\/c-2023\/lg-en\/poland\/fiche-initiative\/16614\/Archeologia-w-3D-Muzeum-Narodowe-w-Lublinie\" target=\"_blank\" rel=\"noreferrer noopener\">Archeologia w 3D | Muzeum Narodowe w Lublinie<\/a><\/strong><\/p>\n<!-- \/wp:paragraph -->\n\n<!-- wp:paragraph -->\n<p><strong><a href=\"https:\/\/journees-archeologie.eu\/fru-3130\/c-2023\/lg-en\/poland\/fiche-initiative\/16700\/Muzeum-Zamojskie\" target=\"_blank\" rel=\"noreferrer noopener\">Muzeum Zamojskie<\/a><\/strong><\/p>\n<!-- \/wp:paragraph -->\n\n<!-- wp:paragraph -->\n<p><\/p>\n<!-- \/wp:paragraph -->\n\n<!-- wp:paragraph -->\n<p><strong>woj. LUBUSKIE<\/strong><\/p>\n<!-- \/wp:paragraph -->\n\n<!-- wp:paragraph -->\n<p><strong><a href=\"https:\/\/journees-archeologie.eu\/fru-3130\/c-2023\/lg-en\/poland\/fiche-initiative\/17017\/Muzeum-Archeologiczne-rodkowego-Nadodrza-Stacja-Archeologiczna-w-Wicinie\" target=\"_blank\" rel=\"noreferrer noopener\">Muzeum Archeologiczne \u015arodkowego Nadodrza - Stacja Archeologiczna w Wicinie<\/a><\/strong><\/p>\n<!-- \/wp:paragraph -->\n\n<!-- wp:paragraph -->\n<p><\/p>\n<!-- \/wp:paragraph -->\n\n<!-- wp:paragraph -->\n<p><strong>woj. MAZOWIECKIE<\/strong><\/p>\n<!-- \/wp:paragraph -->\n\n<!-- wp:paragraph -->\n<p><strong><a href=\"https:\/\/journees-archeologie.eu\/fru-3130\/c-2023\/lg-en\/poland\/fiche-initiative\/16515\/Instytut-Kultur-rodziemnomorskich-i-Orientalnych-PAN\" target=\"_blank\" rel=\"noreferrer noopener\">Instytut Kultur \u015ar\u00f3dziemnomorskich i Orientalnych PAN<\/a><\/strong><\/p>\n<!-- \/wp:paragraph -->\n\n<!-- wp:paragraph -->\n<p><a href=\"https:\/\/journees-archeologie.eu\/fru-3130\/c-2023\/lg-en\/poland\/fiche-initiative\/15467\/Brodno-Stare-Hillfort-Warsaw-Archaeological-Park\"><strong>B<\/strong><\/a><strong><a href=\"https:\/\/journees-archeologie.eu\/fru-3130\/c-2023\/lg-en\/poland\/fiche-initiative\/15467\/Brodno-Stare-Hillfort-Warsaw-Archaeological-Park\" target=\"_blank\" rel=\"noreferrer noopener\">r\u00f3dno Stare Hillfort - Warsaw Archaeological Park<\/a><\/strong><\/p>\n<!-- \/wp:paragraph -->\n\n<!-- wp:paragraph -->\n<p><a href=\"https:\/\/journees-archeologie.eu\/fru-3130\/c-2023\/lg-en\/poland\/fiche-initiative\/16412\/Archeologiczny-Malczewski-Muzeum-im.-Jacka-Malczewskiego-w-Radomiu\"><strong>A<\/strong><\/a><strong><a href=\"https:\/\/journees-archeologie.eu\/fru-3130\/c-2023\/lg-en\/poland\/fiche-initiative\/16412\/Archeologiczny-Malczewski-Muzeum-im.-Jacka-Malczewskiego-w-Radomiu\" target=\"_blank\" rel=\"noreferrer noopener\">rcheologiczny Malczewski - Muzeum im. Jacka Malczewskiego w Radomiu<\/a><\/strong><\/p>\n<!-- \/wp:paragraph -->\n\n<!-- wp:paragraph -->\n<p><\/p>\n<!-- \/wp:paragraph -->\n\n<!-- wp:paragraph -->\n<p><strong>woj. MA\u0141OPOLSKIE<\/strong><\/p>\n<!-- \/wp:paragraph -->\n\n<!-- wp:paragraph -->\n<p><a href=\"https:\/\/journees-archeologie.eu\/fru-3130\/c-2023\/lg-en\/poland\/fiche-initiative\/15630\/Muzeum-Archeologiczne-w-Krakowie\"><strong>M<\/strong><\/a><strong><a href=\"https:\/\/journees-archeologie.eu\/fru-3130\/c-2023\/lg-en\/poland\/fiche-initiative\/15630\/Muzeum-Archeologiczne-w-Krakowie\" target=\"_blank\" rel=\"noreferrer noopener\">uzeum Archeologiczne w Krakowie<\/a><\/strong><\/p>\n<!-- \/wp:paragraph -->\n\n<!-- wp:paragraph -->\n<p><strong><a href=\"https:\/\/journees-archeologie.eu\/fru-3130\/c-2023\/lg-en\/poland\/fiche-initiative\/15630\/Muzeum-Archeologiczne-w-Krakowie\" target=\"_blank\" rel=\"noreferrer noopener\">Muzeum Archeologiczne w Krakowie. Oddzia\u0142 Nowa Huta - Branice.<\/a><\/strong><\/p>\n<!-- \/wp:paragraph -->\n\n<!-- wp:paragraph -->\n<p><\/p>\n<!-- \/wp:paragraph -->\n\n<!-- wp:paragraph -->\n<p><strong>woj. OPOLSKIE<\/strong><\/p>\n<!-- \/wp:paragraph -->\n\n<!-- wp:paragraph -->\n<p><a href=\"https:\/\/journees-archeologie.eu\/fru-3130\/c-2023\/lg-en\/poland\/fiche-initiative\/17071\/Muzeum-l-ska-Opolskiego\"><strong>Muzeum \u015al<\/strong><\/a><strong><a href=\"https:\/\/journees-archeologie.eu\/fru-3130\/c-2023\/lg-en\/poland\/fiche-initiative\/17071\/Muzeum-l-ska-Opolskiego\" target=\"_blank\" rel=\"noreferrer noopener\">\u0105ska Opolskiego<\/a><\/strong><\/p>\n<!-- \/wp:paragraph -->\n\n<!-- wp:paragraph -->\n<p><\/p>\n<!-- \/wp:paragraph -->\n\n<!-- wp:paragraph -->\n<p><strong>woj. PODKARPACKIE<\/strong><\/p>\n<!-- \/wp:paragraph -->\n\n<!-- wp:paragraph -->\n<p><a href=\"https:\/\/journees-archeologie.eu\/fru-3130\/c-2023\/lg-en\/poland\/fiche-initiative\/16193\/Muzeum-Narodowe-Ziemi-Przemyskiej-w-Przemy-lu\"><strong>Muzeum Narodowe Ziemi Przemyskiej w Prze<\/strong><\/a><strong><a href=\"https:\/\/journees-archeologie.eu\/fru-3130\/c-2023\/lg-en\/poland\/fiche-initiative\/16193\/Muzeum-Narodowe-Ziemi-Przemyskiej-w-Przemy-lu\" target=\"_blank\" rel=\"noreferrer noopener\">my\u015blu<\/a><\/strong><\/p>\n<!-- \/wp:paragraph -->\n\n<!-- wp:paragraph -->\n<p><a href=\"https:\/\/journees-archeologie.eu\/fru-3130\/c-2023\/lg-en\/poland\/fiche-initiative\/17051\/Muzeum-Okr-gowe-w-Rzeszowie-Regionalna-Sk-adnica-Zabytkow-Archeologicznych-w-Zg-obniu\"><strong>Muzeum Okr\u0119gowe w Rzeszowie - Regionalna Sk\u0142adnica Zabytk\u00f3w Arc<\/strong><\/a><strong><a href=\"https:\/\/journees-archeologie.eu\/fru-3130\/c-2023\/lg-en\/poland\/fiche-initiative\/17051\/Muzeum-Okr-gowe-w-Rzeszowie-Regionalna-Sk-adnica-Zabytkow-Archeologicznych-w-Zg-obniu\" target=\"_blank\" rel=\"noreferrer noopener\">heologicznych w Zg\u0142obniu<\/a><\/strong><\/p>\n<!-- \/wp:paragraph -->\n\n<!-- wp:paragraph -->\n<p><\/p>\n<!-- \/wp:paragraph -->\n\n<!-- wp:paragraph -->\n<p><strong>woj. PODLASKIE<\/strong><\/p>\n<!-- \/wp:paragraph -->\n\n<!-- wp:paragraph -->\n<p><strong><a href=\"https:\/\/journees-archeologie.eu\/fru-3130\/c-2023\/lg-en\/poland\/fiche-initiative\/16688\/Muzeum-Okr-gowe-w-Suwa-kach\" target=\"_blank\" rel=\"noreferrer noopener\">Muzeum Okr\u0119gowe w Suwa\u0142kach<\/a><\/strong><\/p>\n<!-- \/wp:paragraph -->\n\n<!-- wp:paragraph -->\n<p><a href=\"https:\/\/journees-archeologie.eu\/fru-3130\/c-2023\/lg-en\/poland\/fiche-initiative\/15804\/Tabulae-najstarsze-gry-planszowe-odkryte-na-Podlasiu\"><strong>Tab<\/strong><\/a><strong><a href=\"https:\/\/journees-archeologie.eu\/fru-3130\/c-2023\/lg-en\/poland\/fiche-initiative\/15804\/Tabulae-najstarsze-gry-planszowe-odkryte-na-Podlasiu\" target=\"_blank\" rel=\"noreferrer noopener\">ulae \u2013 najstarsze gry planszowe odkryte na Podlasiu<\/a><\/strong><\/p>\n<!-- \/wp:paragraph -->\n\n<!-- wp:paragraph -->\n<p><\/p>\n<!-- \/wp:paragraph -->\n\n<!-- wp:paragraph -->\n<p><strong>woj. POMORSKIE<\/strong><\/p>\n<!-- \/wp:paragraph -->\n\n<!-- wp:paragraph -->\n<p><a href=\"https:\/\/journees-archeologie.eu\/fru-3130\/c-2023\/lg-en\/poland\/fiche-initiative\/16853\/Fabryka-Sztuk\"><strong>Fabryk<\/strong><\/a><strong><a href=\"https:\/\/journees-archeologie.eu\/fru-3130\/c-2023\/lg-en\/poland\/fiche-initiative\/16853\/Fabryka-Sztuk\" target=\"_blank\" rel=\"noreferrer noopener\">a Sztuk<\/a><\/strong><\/p>\n<!-- \/wp:paragraph -->\n\n<!-- wp:paragraph -->\n<p><strong><a href=\"https:\/\/journees-archeologie.eu\/fru-3130\/c-2023\/lg-en\/poland\/fiche-initiative\/16234\/Po-wysep-Westerplatte-w-Gda-sku.-Wydarzenie-Archeologia-We-aae64178f4b0ac9848074162ff934581-21185148\" target=\"_blank\" rel=\"noreferrer noopener\">P\u00f3\u0142wysep Westerplatte w Gda\u0144sku. Wydarzenie \u201eArcheologia Westerplatte\u201d organizowane przez Muzeum II Wojny \u015awiatowej w Gda\u0144sku<\/a><\/strong><\/p>\n<!-- \/wp:paragraph -->\n\n<!-- wp:paragraph -->\n<p><\/p>\n<!-- \/wp:paragraph -->\n\n<!-- wp:paragraph -->\n<p><strong>Woj. \u015aL\u0104SKIE<\/strong><\/p>\n<!-- \/wp:paragraph -->\n\n<!-- wp:paragraph -->\n<p><a href=\"https:\/\/journees-archeologie.eu\/fru-3130\/c-2023\/lg-en\/poland\/fiche-initiative\/16073\/Muzeum-l-skie-w-Katowicach\"><strong>Muzeum \u015al\u0105skie w Katowi<\/strong><\/a><strong><a href=\"https:\/\/journees-archeologie.eu\/fru-3130\/c-2023\/lg-en\/poland\/fiche-initiative\/16073\/Muzeum-l-skie-w-Katowicach\" target=\"_blank\" rel=\"noreferrer noopener\">cach<\/a><\/strong><\/p>\n<!-- \/wp:paragraph -->\n\n<!-- wp:paragraph -->\n<p><\/p>\n<!-- \/wp:paragraph -->\n\n<!-- wp:paragraph -->\n<p><strong>woj. \u015aWI\u0118TOKRZYSKIE<\/strong><\/p>\n<!-- \/wp:paragraph -->\n\n<!-- wp:paragraph -->\n<p><a href=\"https:\/\/journees-archeologie.eu\/fru-3130\/c-2023\/lg-en\/poland\/fiche-initiative\/15721\/Muzeum-Zamkowe-w-Sandomierzu-The-Castle-Museum-in-Sandomierz\"><strong>Muzeum Zamkowe w Sandomierzu\/T<\/strong><\/a><strong><a href=\"https:\/\/journees-archeologie.eu\/fru-3130\/c-2023\/lg-en\/poland\/fiche-initiative\/15721\/Muzeum-Zamkowe-w-Sandomierzu-The-Castle-Museum-in-Sandomierz\" target=\"_blank\" rel=\"noreferrer noopener\">he Castle Museum in Sandomierz<\/a><\/strong><\/p>\n<!-- \/wp:paragraph -->\n\n<!-- wp:paragraph -->\n<p><\/p>\n<!-- \/wp:paragraph -->\n\n<!-- wp:paragraph -->\n<p><strong>woj. WIELKOPOLSKIE<\/strong><\/p>\n<!-- \/wp:paragraph -->\n\n<!-- wp:paragraph -->\n<p><strong><a href=\"https:\/\/journees-archeologie.eu\/fru-3130\/c-2023\/lg-en\/poland\/fiche-initiative\/17063\/Kaliskie-Towarzystwo-Przyjacio-Nauk\" target=\"_blank\" rel=\"noreferrer noopener\">Kaliskie Towarzystwo Przyjaci\u00f3\u0142 Nauk<\/a><\/strong><\/p>\n<!-- \/wp:paragraph -->\n\n<!-- wp:paragraph -->\n<p><strong><a href=\"https:\/\/journees-archeologie.eu\/fru-3130\/c-2023\/lg-en\/poland\/fiche-initiative\/16663\/Rezerwat-Archeologiczny-Genius-loci-dzia-Muzeum-Archeologicznego-w-Poznaniu\" target=\"_blank\" rel=\"noreferrer noopener\">Rezerwat Archeologiczny Genius loci - dzia\u0142 Muzeum Archeologicznego w Poznaniu<\/a><\/strong><\/p>\n<!-- \/wp:paragraph -->\n\n<!-- wp:paragraph -->\n<p><\/p>\n<!-- \/wp:paragraph -->\n\n<!-- wp:paragraph -->\n<p><strong>woj. \u0141\u00d3DZKIE<\/strong><\/p>\n<!-- \/wp:paragraph -->\n\n<!-- wp:paragraph -->\n<p><strong><a href=\"https:\/\/journees-archeologie.eu\/fru-3130\/c-2023\/lg-en\/poland\/fiche-initiative\/15800\/Muzeum-Archeologiczne-i-Etnograficzne-w-odzi\" target=\"_blank\" rel=\"noreferrer noopener\">Muzeum Archeologiczne i Etnograficzne w \u0141odzi<\/a><\/strong><\/p>\n<!-- \/wp:paragraph -->\n\n<!-- wp:paragraph -->\n<p><strong><a href=\"https:\/\/journees-archeologie.eu\/fru-3130\/c-2023\/lg-en\/poland\/fiche-initiative\/16685\/Grodzisko-i-skansen-w-Tumie\" target=\"_blank\" rel=\"noreferrer noopener\">Grodzisko i skansen w Tumie<\/a><\/strong><\/p>\n<!-- \/wp:paragraph -->\n\n<!-- wp:paragraph -->\n<p><strong><a href=\"https:\/\/journees-archeologie.eu\/fru-3130\/c-2023\/lg-en\/poland\/fiche-initiative\/16726\/Ba-uty\" target=\"_blank\" rel=\"noreferrer noopener\">Ba\u0142uty<\/a><\/strong><\/p>\n<!-- \/wp:paragraph -->\n\n<!-- wp:paragraph -->\n<p><\/p>\n<!-- \/wp:paragraph -->\n\n<!-- wp:paragraph -->\n<p>Europejsk\u0105 map\u0119 wydarze\u0144 znajdziesz &gt;<a href=\"https:\/\/journees-archeologie.eu\/c-2023\/lg-en\/poland\/map\" target=\"_blank\" rel=\"noreferrer noopener\"><strong>tuta<\/strong><\/a><a href=\"https:\/\/journees-archeologie.eu\/c-2023\/lg-en\/poland\/map\"><strong>j<\/strong><\/a>&lt;<\/p>\n<!-- \/wp:paragraph -->","_et_gb_content_width":"","_monsterinsights_skip_tracking":false,"_monsterinsights_sitenote_active":false,"_monsterinsights_sitenote_note":"","_monsterinsights_sitenote_category":0,"footnotes":""},"categories":[3,79],"tags":[],"class_list":["post-11562","post","type-post","status-publish","format-standard","has-post-thumbnail","hentry","category-aktualnosci","category-europejskie-dni-archeologii"],"yoast_head":"<!-- This site is optimized with the Yoast SEO plugin v26.5 - https:\/\/yoast.com\/wordpress\/plugins\/seo\/ -->\n<title>Europejskie Dni Archeologii - polecane wydarzenia - NID<\/title>\n<meta name=\"robots\" content=\"index, follow, max-snippet:-1, max-image-preview:large, max-video-preview:-1\" \/>\n<link rel=\"canonical\" href=\"https:\/\/nid.pl\/en\/2023\/06\/13\/europejskie-dni-archeologii-polecane-wydarzenia\/\" \/>\n<meta property=\"og:locale\" content=\"en_GB\" \/>\n<meta property=\"og:type\" content=\"article\" \/>\n<meta property=\"og:title\" content=\"Europejskie Dni Archeologii - polecane wydarzenia - NID\" \/>\n<meta property=\"og:description\" content=\"Europejskie Dni Archeologii to okazja do odkrywania tajemnic przesz\u0142o\u015bci, poznawania historii oraz eksplorowania dziedzictwa kulturowego poprzez r\u00f3\u017cnorodne aktywno\u015bci i wydarzenia. W tym roku organizatorzy z ca\u0142ej Polski zaplanowali warsztaty, pikniki, [&hellip;]\" \/>\n<meta property=\"og:url\" content=\"https:\/\/nid.pl\/en\/2023\/06\/13\/europejskie-dni-archeologii-polecane-wydarzenia\/\" \/>\n<meta property=\"og:site_name\" content=\"NID\" \/>\n<meta property=\"article:publisher\" content=\"https:\/\/www.facebook.com\/zabytek\" \/>\n<meta property=\"article:published_time\" content=\"2023-06-13T14:18:00+00:00\" \/>\n<meta property=\"article:modified_time\" content=\"2023-06-16T07:50:18+00:00\" \/>\n<meta property=\"og:image\" content=\"https:\/\/nid.pl\/wp-content\/uploads\/2023\/06\/miniaturka-EDA-polecane-wydarzenia-NID.png\" \/>\n\t<meta property=\"og:image:width\" content=\"1850\" \/>\n\t<meta property=\"og:image:height\" content=\"1238\" \/>\n\t<meta property=\"og:image:type\" content=\"image\/png\" \/>\n<meta name=\"author\" content=\"Barbara Halliop\" \/>\n<meta name=\"twitter:card\" content=\"summary_large_image\" \/>\n<meta name=\"twitter:creator\" content=\"@NarIDpl\" \/>\n<meta name=\"twitter:site\" content=\"@NarIDpl\" \/>\n<meta name=\"twitter:label1\" content=\"Written by\" \/>\n\t<meta name=\"twitter:data1\" content=\"Barbara Halliop\" \/>\n\t<meta name=\"twitter:label2\" content=\"Estimated reading time\" \/>\n\t<meta name=\"twitter:data2\" content=\"3 minutes\" \/>\n<script type=\"application\/ld+json\" class=\"yoast-schema-graph\">{\"@context\":\"https:\/\/schema.org\",\"@graph\":[{\"@type\":\"Article\",\"@id\":\"https:\/\/nid.pl\/2023\/06\/13\/europejskie-dni-archeologii-polecane-wydarzenia\/#article\",\"isPartOf\":{\"@id\":\"https:\/\/nid.pl\/2023\/06\/13\/europejskie-dni-archeologii-polecane-wydarzenia\/\"},\"author\":{\"name\":\"Barbara Halliop\",\"@id\":\"https:\/\/nid.pl\/#\/schema\/person\/1b690a8998a5111cfb9f0ffe24195a15\"},\"headline\":\"Europejskie Dni Archeologii &#8211; polecane wydarzenia\",\"datePublished\":\"2023-06-13T14:18:00+00:00\",\"dateModified\":\"2023-06-16T07:50:18+00:00\",\"mainEntityOfPage\":{\"@id\":\"https:\/\/nid.pl\/2023\/06\/13\/europejskie-dni-archeologii-polecane-wydarzenia\/\"},\"wordCount\":608,\"commentCount\":0,\"publisher\":{\"@id\":\"https:\/\/nid.pl\/#organization\"},\"image\":{\"@id\":\"https:\/\/nid.pl\/2023\/06\/13\/europejskie-dni-archeologii-polecane-wydarzenia\/#primaryimage\"},\"thumbnailUrl\":\"https:\/\/nid.pl\/wp-content\/uploads\/2023\/06\/miniaturka-EDA-polecane-wydarzenia-NID.png\",\"articleSection\":[\"Aktualno\u015bci\",\"EDA\"],\"inLanguage\":\"en-GB\"},{\"@type\":\"WebPage\",\"@id\":\"https:\/\/nid.pl\/2023\/06\/13\/europejskie-dni-archeologii-polecane-wydarzenia\/\",\"url\":\"https:\/\/nid.pl\/2023\/06\/13\/europejskie-dni-archeologii-polecane-wydarzenia\/\",\"name\":\"Europejskie Dni Archeologii - polecane wydarzenia - NID\",\"isPartOf\":{\"@id\":\"https:\/\/nid.pl\/#website\"},\"primaryImageOfPage\":{\"@id\":\"https:\/\/nid.pl\/2023\/06\/13\/europejskie-dni-archeologii-polecane-wydarzenia\/#primaryimage\"},\"image\":{\"@id\":\"https:\/\/nid.pl\/2023\/06\/13\/europejskie-dni-archeologii-polecane-wydarzenia\/#primaryimage\"},\"thumbnailUrl\":\"https:\/\/nid.pl\/wp-content\/uploads\/2023\/06\/miniaturka-EDA-polecane-wydarzenia-NID.png\",\"datePublished\":\"2023-06-13T14:18:00+00:00\",\"dateModified\":\"2023-06-16T07:50:18+00:00\",\"breadcrumb\":{\"@id\":\"https:\/\/nid.pl\/2023\/06\/13\/europejskie-dni-archeologii-polecane-wydarzenia\/#breadcrumb\"},\"inLanguage\":\"en-GB\",\"potentialAction\":[{\"@type\":\"ReadAction\",\"target\":[\"https:\/\/nid.pl\/2023\/06\/13\/europejskie-dni-archeologii-polecane-wydarzenia\/\"]}]},{\"@type\":\"ImageObject\",\"inLanguage\":\"en-GB\",\"@id\":\"https:\/\/nid.pl\/2023\/06\/13\/europejskie-dni-archeologii-polecane-wydarzenia\/#primaryimage\",\"url\":\"https:\/\/nid.pl\/wp-content\/uploads\/2023\/06\/miniaturka-EDA-polecane-wydarzenia-NID.png\",\"contentUrl\":\"https:\/\/nid.pl\/wp-content\/uploads\/2023\/06\/miniaturka-EDA-polecane-wydarzenia-NID.png\",\"width\":1850,\"height\":1238,\"caption\":\"Polecane wydarzenia w ramach Europejskich Dni Archeologii\"},{\"@type\":\"BreadcrumbList\",\"@id\":\"https:\/\/nid.pl\/2023\/06\/13\/europejskie-dni-archeologii-polecane-wydarzenia\/#breadcrumb\",\"itemListElement\":[{\"@type\":\"ListItem\",\"position\":1,\"name\":\"Home\",\"item\":\"https:\/\/nid.pl\/\"},{\"@type\":\"ListItem\",\"position\":2,\"name\":\"Europejskie Dni Archeologii &#8211; polecane wydarzenia\"}]},{\"@type\":\"WebSite\",\"@id\":\"https:\/\/nid.pl\/#website\",\"url\":\"https:\/\/nid.pl\/\",\"name\":\"NID\",\"description\":\"Narodowy Instytut Dziedzictwa\",\"publisher\":{\"@id\":\"https:\/\/nid.pl\/#organization\"},\"potentialAction\":[{\"@type\":\"SearchAction\",\"target\":{\"@type\":\"EntryPoint\",\"urlTemplate\":\"https:\/\/nid.pl\/?s={search_term_string}\"},\"query-input\":{\"@type\":\"PropertyValueSpecification\",\"valueRequired\":true,\"valueName\":\"search_term_string\"}}],\"inLanguage\":\"en-GB\"},{\"@type\":\"Organization\",\"@id\":\"https:\/\/nid.pl\/#organization\",\"name\":\"Narodowy Instytut Dziedzictwa\",\"url\":\"https:\/\/nid.pl\/\",\"logo\":{\"@type\":\"ImageObject\",\"inLanguage\":\"en-GB\",\"@id\":\"https:\/\/nid.pl\/#\/schema\/logo\/image\/\",\"url\":\"https:\/\/nid.pl\/wp-content\/uploads\/2022\/10\/logoRedDark.png\",\"contentUrl\":\"https:\/\/nid.pl\/wp-content\/uploads\/2022\/10\/logoRedDark.png\",\"width\":200,\"height\":197,\"caption\":\"Narodowy Instytut Dziedzictwa\"},\"image\":{\"@id\":\"https:\/\/nid.pl\/#\/schema\/logo\/image\/\"},\"sameAs\":[\"https:\/\/www.facebook.com\/zabytek\",\"https:\/\/x.com\/NarIDpl\",\"https:\/\/www.instagram.com\/nid.pl\/?hl=pl\",\"https:\/\/www.linkedin.com\/company\/narodowy-instytut-dziedzictwa\",\"https:\/\/www.youtube.com\/channel\/UCQXuhKa2uHtmNvLRUSx40JA\"]},{\"@type\":\"Person\",\"@id\":\"https:\/\/nid.pl\/#\/schema\/person\/1b690a8998a5111cfb9f0ffe24195a15\",\"name\":\"Barbara Halliop\",\"image\":{\"@type\":\"ImageObject\",\"inLanguage\":\"en-GB\",\"@id\":\"https:\/\/nid.pl\/#\/schema\/person\/image\/\",\"url\":\"https:\/\/nid.pl\/wp-content\/litespeed\/avatar\/924046d17dd0c842c9fa9ccf489bc6dc.jpg?ver=1777444967\",\"contentUrl\":\"https:\/\/nid.pl\/wp-content\/litespeed\/avatar\/924046d17dd0c842c9fa9ccf489bc6dc.jpg?ver=1777444967\",\"caption\":\"Barbara Halliop\"},\"url\":\"https:\/\/nid.pl\/en\/author\/bhalliop\/\"}]}<\/script>\n<!-- \/ Yoast SEO plugin. -->","yoast_head_json":{"title":"Europejskie Dni Archeologii - polecane wydarzenia - NID","robots":{"index":"index","follow":"follow","max-snippet":"max-snippet:-1","max-image-preview":"max-image-preview:large","max-video-preview":"max-video-preview:-1"},"canonical":"https:\/\/nid.pl\/en\/2023\/06\/13\/europejskie-dni-archeologii-polecane-wydarzenia\/","og_locale":"en_GB","og_type":"article","og_title":"Europejskie Dni Archeologii - polecane wydarzenia - NID","og_description":"Europejskie Dni Archeologii to okazja do odkrywania tajemnic przesz\u0142o\u015bci, poznawania historii oraz eksplorowania dziedzictwa kulturowego poprzez r\u00f3\u017cnorodne aktywno\u015bci i wydarzenia. W tym roku organizatorzy z ca\u0142ej Polski zaplanowali warsztaty, pikniki, [&hellip;]","og_url":"https:\/\/nid.pl\/en\/2023\/06\/13\/europejskie-dni-archeologii-polecane-wydarzenia\/","og_site_name":"NID","article_publisher":"https:\/\/www.facebook.com\/zabytek","article_published_time":"2023-06-13T14:18:00+00:00","article_modified_time":"2023-06-16T07:50:18+00:00","og_image":[{"width":1850,"height":1238,"url":"https:\/\/nid.pl\/wp-content\/uploads\/2023\/06\/miniaturka-EDA-polecane-wydarzenia-NID.png","type":"image\/png"}],"author":"Barbara Halliop","twitter_card":"summary_large_image","twitter_creator":"@NarIDpl","twitter_site":"@NarIDpl","twitter_misc":{"Written by":"Barbara Halliop","Estimated reading time":"3 minutes"},"schema":{"@context":"https:\/\/schema.org","@graph":[{"@type":"Article","@id":"https:\/\/nid.pl\/2023\/06\/13\/europejskie-dni-archeologii-polecane-wydarzenia\/#article","isPartOf":{"@id":"https:\/\/nid.pl\/2023\/06\/13\/europejskie-dni-archeologii-polecane-wydarzenia\/"},"author":{"name":"Barbara Halliop","@id":"https:\/\/nid.pl\/#\/schema\/person\/1b690a8998a5111cfb9f0ffe24195a15"},"headline":"Europejskie Dni Archeologii &#8211; polecane wydarzenia","datePublished":"2023-06-13T14:18:00+00:00","dateModified":"2023-06-16T07:50:18+00:00","mainEntityOfPage":{"@id":"https:\/\/nid.pl\/2023\/06\/13\/europejskie-dni-archeologii-polecane-wydarzenia\/"},"wordCount":608,"commentCount":0,"publisher":{"@id":"https:\/\/nid.pl\/#organization"},"image":{"@id":"https:\/\/nid.pl\/2023\/06\/13\/europejskie-dni-archeologii-polecane-wydarzenia\/#primaryimage"},"thumbnailUrl":"https:\/\/nid.pl\/wp-content\/uploads\/2023\/06\/miniaturka-EDA-polecane-wydarzenia-NID.png","articleSection":["Aktualno\u015bci","EDA"],"inLanguage":"en-GB"},{"@type":"WebPage","@id":"https:\/\/nid.pl\/2023\/06\/13\/europejskie-dni-archeologii-polecane-wydarzenia\/","url":"https:\/\/nid.pl\/2023\/06\/13\/europejskie-dni-archeologii-polecane-wydarzenia\/","name":"Europejskie Dni Archeologii - polecane wydarzenia - NID","isPartOf":{"@id":"https:\/\/nid.pl\/#website"},"primaryImageOfPage":{"@id":"https:\/\/nid.pl\/2023\/06\/13\/europejskie-dni-archeologii-polecane-wydarzenia\/#primaryimage"},"image":{"@id":"https:\/\/nid.pl\/2023\/06\/13\/europejskie-dni-archeologii-polecane-wydarzenia\/#primaryimage"},"thumbnailUrl":"https:\/\/nid.pl\/wp-content\/uploads\/2023\/06\/miniaturka-EDA-polecane-wydarzenia-NID.png","datePublished":"2023-06-13T14:18:00+00:00","dateModified":"2023-06-16T07:50:18+00:00","breadcrumb":{"@id":"https:\/\/nid.pl\/2023\/06\/13\/europejskie-dni-archeologii-polecane-wydarzenia\/#breadcrumb"},"inLanguage":"en-GB","potentialAction":[{"@type":"ReadAction","target":["https:\/\/nid.pl\/2023\/06\/13\/europejskie-dni-archeologii-polecane-wydarzenia\/"]}]},{"@type":"ImageObject","inLanguage":"en-GB","@id":"https:\/\/nid.pl\/2023\/06\/13\/europejskie-dni-archeologii-polecane-wydarzenia\/#primaryimage","url":"https:\/\/nid.pl\/wp-content\/uploads\/2023\/06\/miniaturka-EDA-polecane-wydarzenia-NID.png","contentUrl":"https:\/\/nid.pl\/wp-content\/uploads\/2023\/06\/miniaturka-EDA-polecane-wydarzenia-NID.png","width":1850,"height":1238,"caption":"Polecane wydarzenia w ramach Europejskich Dni Archeologii"},{"@type":"BreadcrumbList","@id":"https:\/\/nid.pl\/2023\/06\/13\/europejskie-dni-archeologii-polecane-wydarzenia\/#breadcrumb","itemListElement":[{"@type":"ListItem","position":1,"name":"Home","item":"https:\/\/nid.pl\/"},{"@type":"ListItem","position":2,"name":"Europejskie Dni Archeologii &#8211; polecane wydarzenia"}]},{"@type":"WebSite","@id":"https:\/\/nid.pl\/#website","url":"https:\/\/nid.pl\/","name":"NID","description":"Narodowy Instytut Dziedzictwa","publisher":{"@id":"https:\/\/nid.pl\/#organization"},"potentialAction":[{"@type":"SearchAction","target":{"@type":"EntryPoint","urlTemplate":"https:\/\/nid.pl\/?s={search_term_string}"},"query-input":{"@type":"PropertyValueSpecification","valueRequired":true,"valueName":"search_term_string"}}],"inLanguage":"en-GB"},{"@type":"Organization","@id":"https:\/\/nid.pl\/#organization","name":"Narodowy Instytut Dziedzictwa","url":"https:\/\/nid.pl\/","logo":{"@type":"ImageObject","inLanguage":"en-GB","@id":"https:\/\/nid.pl\/#\/schema\/logo\/image\/","url":"https:\/\/nid.pl\/wp-content\/uploads\/2022\/10\/logoRedDark.png","contentUrl":"https:\/\/nid.pl\/wp-content\/uploads\/2022\/10\/logoRedDark.png","width":200,"height":197,"caption":"Narodowy Instytut Dziedzictwa"},"image":{"@id":"https:\/\/nid.pl\/#\/schema\/logo\/image\/"},"sameAs":["https:\/\/www.facebook.com\/zabytek","https:\/\/x.com\/NarIDpl","https:\/\/www.instagram.com\/nid.pl\/?hl=pl","https:\/\/www.linkedin.com\/company\/narodowy-instytut-dziedzictwa","https:\/\/www.youtube.com\/channel\/UCQXuhKa2uHtmNvLRUSx40JA"]},{"@type":"Person","@id":"https:\/\/nid.pl\/#\/schema\/person\/1b690a8998a5111cfb9f0ffe24195a15","name":"Barbara Halliop","image":{"@type":"ImageObject","inLanguage":"en-GB","@id":"https:\/\/nid.pl\/#\/schema\/person\/image\/","url":"https:\/\/nid.pl\/wp-content\/litespeed\/avatar\/924046d17dd0c842c9fa9ccf489bc6dc.jpg?ver=1777444967","contentUrl":"https:\/\/nid.pl\/wp-content\/litespeed\/avatar\/924046d17dd0c842c9fa9ccf489bc6dc.jpg?ver=1777444967","caption":"Barbara Halliop"},"url":"https:\/\/nid.pl\/en\/author\/bhalliop\/"}]}},"_links":{"self":[{"href":"https:\/\/nid.pl\/en\/wp-json\/wp\/v2\/posts\/11562","targetHints":{"allow":["GET"]}}],"collection":[{"href":"https:\/\/nid.pl\/en\/wp-json\/wp\/v2\/posts"}],"about":[{"href":"https:\/\/nid.pl\/en\/wp-json\/wp\/v2\/types\/post"}],"author":[{"embeddable":true,"href":"https:\/\/nid.pl\/en\/wp-json\/wp\/v2\/users\/7"}],"replies":[{"embeddable":true,"href":"https:\/\/nid.pl\/en\/wp-json\/wp\/v2\/comments?post=11562"}],"version-history":[{"count":0,"href":"https:\/\/nid.pl\/en\/wp-json\/wp\/v2\/posts\/11562\/revisions"}],"wp:featuredmedia":[{"embeddable":true,"href":"https:\/\/nid.pl\/en\/wp-json\/wp\/v2\/media\/11567"}],"wp:attachment":[{"href":"https:\/\/nid.pl\/en\/wp-json\/wp\/v2\/media?parent=11562"}],"wp:term":[{"taxonomy":"category","embeddable":true,"href":"https:\/\/nid.pl\/en\/wp-json\/wp\/v2\/categories?post=11562"},{"taxonomy":"post_tag","embeddable":true,"href":"https:\/\/nid.pl\/en\/wp-json\/wp\/v2\/tags?post=11562"}],"curies":[{"name":"wp","href":"https:\/\/api.w.org\/{rel}","templated":true}]}}