{"id":11552,"date":"2023-06-02T15:05:00","date_gmt":"2023-06-02T13:05:00","guid":{"rendered":"https:\/\/nid.pl\/?p=11552"},"modified":"2023-06-05T12:14:24","modified_gmt":"2023-06-05T10:14:24","slug":"polsko-ukrainska-wspolpraca-z-zakresie-inwentaryzacji-zniszczen-wojennych-na-dziedzictwie-kulturowym-i-dobrach-kultury","status":"publish","type":"post","link":"https:\/\/nid.pl\/en\/2023\/06\/02\/polsko-ukrainska-wspolpraca-z-zakresie-inwentaryzacji-zniszczen-wojennych-na-dziedzictwie-kulturowym-i-dobrach-kultury\/","title":{"rendered":"Polsko-ukrai\u0144ska wsp\u00f3\u0142praca z zakresie inwentaryzacji zniszcze\u0144 wojennych na dziedzictwie kulturowym i dobrach kultury"},"content":{"rendered":"<p><strong>Polska i Ukraina podpisa\u0142y memorandum o wsp\u00f3\u0142pracy z zakresie inwentaryzacji zniszcze\u0144 wojennych na dziedzictwie kulturowym i dobrach kultury. Dzia\u0142ania, w tym zakresie, b\u0119d\u0105 realizowane przez <a href=\"https:\/\/ukraina.nid.pl\/\" target=\"_blank\" rel=\"noreferrer noopener\">Centrum Pomocy dla Kultury na Ukrainie<\/a> b\u0119d\u0105cym w strukturach Narodowego Instytutu Dziedzictwa.<\/strong><\/p>\n\n\n\n<p>Prof. Piotr Gli\u0144ski, Wicepremier Rady Ministr\u00f3w, Minister Kultury i Dziedzictwa Narodowego oraz Aleksander Tkaczenko, Minister Kultury i Polityki informacyjnej Ukrainy podpisali memorandum o wsp\u00f3\u0142pracy w zakresie prowadzenia programu inwentaryzacji strat na dziedzictwie kulturowym Ukrainy, powsta\u0142ym w skutek rosyjskiej agresji. Podpisane memorandum jest efektem ponad rocznej wsp\u00f3\u0142pracy obu ministerstw oraz podlegaj\u0105cych im jednostek.<\/p>\n\n\n\n<p>Podstaw\u0105 prawn\u0105 podpisanego memorandum jest umowa o wsp\u00f3\u0142pracy w dziedzinie kultury, pomi\u0119dzy Rz\u0105dem Rzeczpospolitej Polski, a Rz\u0105dem Ukrainy, kt\u00f3ra zosta\u0142a zawarta 20 maja 1997 roku.<\/p>\n\n\n\n<p>Wykonanie dzia\u0142a\u0144 obj\u0119tych memorandum zosta\u0142o powierzone Centrum Pomocy dla Kultury na Ukrainie, funkcjonuj\u0105cym w strukturach Narodowego Instytutu Dziedzictwa. Centrum zosta\u0142o powo\u0142ane przez Ministra Kultury i Dziedzictwa Narodowego jako wsparcie Zespo\u0142u zadaniowego do monitorowania i analizowania zagro\u017ce\u0144 dla dziedzictwa kulturowego, kt\u00f3ry istnieje od pocz\u0105tku pe\u0142noskalowej inwazji Federacji Rosyjskiej na Ukrain\u0119.<\/p>\n\n\n\n<p>W zakresie zada\u0144 realizowanych przez CPKU jest wspieranie dzia\u0142a\u0144 ratowniczych i konserwatorskich na rzecz zagro\u017conego zniszczeniem lub uszkodzeniem dziedzictwa kulturowego Ukrainy ze szczeg\u00f3lnym uwzgl\u0119dnieniem miejsc \u015bwiatowego dziedzictwa UNESCO oraz miejsc zg\u0142oszonych na List\u0119 informacyjn\u0105 Konwencji o Ochronie \u015awiatowego Dziedzictwa Kulturowego i Przyrodniczego UNESCO oraz dokumentacja i analiza jego aktualnego stanu zachowania i skali jego zniszcze\u0144, kt\u00f3re ucierpia\u0142y wskutek prowadzenia dzia\u0142a\u0144 wojennych.<\/p>\n\n\n\n<p>Dzia\u0142ania b\u0119d\u0105 prowadzone przez polsko-ukrai\u0144ski zesp\u00f3\u0142 specjalist\u00f3w, w oparciu o wieloletnie do\u015bwiadczenie polskich ekspert\u00f3w z dziedziny inwentaryzacji strat wojennych w zakresie dziedzictwa kultury m.in. w Iraku i Afganistanie, z wykorzystaniem innowacyjnych metod w z zastosowaniem nowoczesne technologie.<\/p>\n\n\n\n<p>Realizacja projektu jest finansowana ze \u015brodk\u00f3w Ministerstwa Kultury i Dziedzictwa Narodowego.<\/p>\n\n\n\n<p><\/p>\n\n\n\n<figure class=\"wp-block-gallery has-nested-images columns-3 wp-block-gallery-1 is-layout-flex wp-block-gallery-is-layout-flex\">\n<figure class=\"wp-block-image size-large\"><img loading=\"lazy\" decoding=\"async\" width=\"2560\" height=\"1707\" data-id=\"11578\" src=\"https:\/\/nid.pl\/wp-content\/uploads\/2023\/06\/Polsko-ukrainska-wspolpraca-z-zakresie-inwentaryzacji-zniszczen-wojennych_4-scaled.jpg\" alt=\"\" class=\"wp-image-11578\" srcset=\"https:\/\/nid.pl\/wp-content\/uploads\/2023\/06\/Polsko-ukrainska-wspolpraca-z-zakresie-inwentaryzacji-zniszczen-wojennych_4-scaled.jpg 2560w, https:\/\/nid.pl\/wp-content\/uploads\/2023\/06\/Polsko-ukrainska-wspolpraca-z-zakresie-inwentaryzacji-zniszczen-wojennych_4-1280x854.jpg 1280w, https:\/\/nid.pl\/wp-content\/uploads\/2023\/06\/Polsko-ukrainska-wspolpraca-z-zakresie-inwentaryzacji-zniszczen-wojennych_4-980x653.jpg 980w, https:\/\/nid.pl\/wp-content\/uploads\/2023\/06\/Polsko-ukrainska-wspolpraca-z-zakresie-inwentaryzacji-zniszczen-wojennych_4-480x320.jpg 480w\" sizes=\"(min-width: 0px) and (max-width: 480px) 480px, (min-width: 481px) and (max-width: 980px) 980px, (min-width: 981px) and (max-width: 1280px) 1280px, (min-width: 1281px) 2560px, 100vw\" \/><\/figure>\n\n\n\n<figure class=\"wp-block-image size-medium\"><img loading=\"lazy\" decoding=\"async\" width=\"300\" height=\"200\" data-id=\"11580\" src=\"https:\/\/nid.pl\/wp-content\/uploads\/2023\/06\/Polsko-ukrainska-wspolpraca-z-zakresie-inwentaryzacji-zniszczen-wojennych_2-300x200.jpg\" alt=\"\" class=\"wp-image-11580\" srcset=\"https:\/\/nid.pl\/wp-content\/uploads\/2023\/06\/Polsko-ukrainska-wspolpraca-z-zakresie-inwentaryzacji-zniszczen-wojennych_2-300x200.jpg 300w, https:\/\/nid.pl\/wp-content\/uploads\/2023\/06\/Polsko-ukrainska-wspolpraca-z-zakresie-inwentaryzacji-zniszczen-wojennych_2-1024x683.jpg 1024w\" sizes=\"(max-width: 300px) 100vw, 300px\" \/><\/figure>\n\n\n\n<figure class=\"wp-block-image size-large\"><img loading=\"lazy\" decoding=\"async\" width=\"2560\" height=\"1707\" data-id=\"11581\" src=\"https:\/\/nid.pl\/wp-content\/uploads\/2023\/06\/Polsko-ukrainska-wspolpraca-z-zakresie-inwentaryzacji-zniszczen-wojennych_3-scaled.jpg\" alt=\"\" class=\"wp-image-11581\" srcset=\"https:\/\/nid.pl\/wp-content\/uploads\/2023\/06\/Polsko-ukrainska-wspolpraca-z-zakresie-inwentaryzacji-zniszczen-wojennych_3-scaled.jpg 2560w, https:\/\/nid.pl\/wp-content\/uploads\/2023\/06\/Polsko-ukrainska-wspolpraca-z-zakresie-inwentaryzacji-zniszczen-wojennych_3-1280x854.jpg 1280w, https:\/\/nid.pl\/wp-content\/uploads\/2023\/06\/Polsko-ukrainska-wspolpraca-z-zakresie-inwentaryzacji-zniszczen-wojennych_3-980x653.jpg 980w, https:\/\/nid.pl\/wp-content\/uploads\/2023\/06\/Polsko-ukrainska-wspolpraca-z-zakresie-inwentaryzacji-zniszczen-wojennych_3-480x320.jpg 480w\" sizes=\"(min-width: 0px) and (max-width: 480px) 480px, (min-width: 481px) and (max-width: 980px) 980px, (min-width: 981px) and (max-width: 1280px) 1280px, (min-width: 1281px) 2560px, 100vw\" \/><\/figure>\n\n\n\n<figure class=\"wp-block-image size-large\"><img loading=\"lazy\" decoding=\"async\" width=\"2560\" height=\"1707\" data-id=\"11579\" src=\"https:\/\/nid.pl\/wp-content\/uploads\/2023\/06\/Polsko-ukrainska-wspolpraca-z-zakresie-inwentaryzacji-zniszczen-wojennych_1-scaled.jpg\" alt=\"\" class=\"wp-image-11579\" srcset=\"https:\/\/nid.pl\/wp-content\/uploads\/2023\/06\/Polsko-ukrainska-wspolpraca-z-zakresie-inwentaryzacji-zniszczen-wojennych_1-scaled.jpg 2560w, https:\/\/nid.pl\/wp-content\/uploads\/2023\/06\/Polsko-ukrainska-wspolpraca-z-zakresie-inwentaryzacji-zniszczen-wojennych_1-1280x854.jpg 1280w, https:\/\/nid.pl\/wp-content\/uploads\/2023\/06\/Polsko-ukrainska-wspolpraca-z-zakresie-inwentaryzacji-zniszczen-wojennych_1-980x653.jpg 980w, https:\/\/nid.pl\/wp-content\/uploads\/2023\/06\/Polsko-ukrainska-wspolpraca-z-zakresie-inwentaryzacji-zniszczen-wojennych_1-480x320.jpg 480w\" sizes=\"(min-width: 0px) and (max-width: 480px) 480px, (min-width: 481px) and (max-width: 980px) 980px, (min-width: 981px) and (max-width: 1280px) 1280px, (min-width: 1281px) 2560px, 100vw\" \/><\/figure>\n<figcaption class=\"blocks-gallery-caption\">Podpisanie memorandum dotycz\u0105cego  wsp\u00f3lnej realizacji projektu inwentaryzacji strat kultury ukrai\u0144skiej b\u0119d\u0105cych skutkiem inwazji rosyjskiej po 24 lutego 2022 r. (Krak\u00f3w, 23 maja 2023 r.)<\/figcaption><\/figure>\n\n\n\n<p><\/p>\n\n\n\n<p><\/p>\n\n\n\n<figure class=\"wp-block-gallery has-nested-images columns-default is-cropped wp-block-gallery-2 is-layout-flex wp-block-gallery-is-layout-flex\">\n<figure class=\"wp-block-image size-large\"><img loading=\"lazy\" decoding=\"async\" width=\"1024\" height=\"768\" data-id=\"11554\" src=\"https:\/\/nid.pl\/wp-content\/uploads\/2023\/06\/Polsko-ukrainska-wspolpraca-z-zakresie-inwentaryzacji-zniszczen-wojennych_UHRP_23-1024x768.jpg\" alt=\"\" class=\"wp-image-11554\" srcset=\"https:\/\/nid.pl\/wp-content\/uploads\/2023\/06\/Polsko-ukrainska-wspolpraca-z-zakresie-inwentaryzacji-zniszczen-wojennych_UHRP_23-980x735.jpg 980w, https:\/\/nid.pl\/wp-content\/uploads\/2023\/06\/Polsko-ukrainska-wspolpraca-z-zakresie-inwentaryzacji-zniszczen-wojennych_UHRP_23-480x360.jpg 480w\" sizes=\"(min-width: 0px) and (max-width: 480px) 480px, (min-width: 481px) and (max-width: 980px) 980px, (min-width: 981px) 1024px, 100vw\" \/><figcaption>Kaplica Archanio\u0142a Micha\u0142a i Aleja Bohater\u00f3w (groby \u017co\u0142nierzy ukrai\u0144skich), cmentarz Jacewo, obw. czernichowski; podczas obl\u0119\u017cenia Czernichowa (marzec 2022 r.) wi\u0119kszo\u015b\u0107 grob\u00f3w zosta\u0142a zdewastowana przez oddzia\u0142y rosyjskie. <\/figcaption><\/figure>\n<\/figure>\n\n\n\n<figure class=\"wp-block-gallery has-nested-images columns-default is-cropped wp-block-gallery-3 is-layout-flex wp-block-gallery-is-layout-flex\">\n<figure class=\"wp-block-image size-large\"><img loading=\"lazy\" decoding=\"async\" width=\"1024\" height=\"768\" data-id=\"11553\" src=\"https:\/\/nid.pl\/wp-content\/uploads\/2023\/06\/Polsko-ukrainska-wspolpraca-z-zakresie-inwentaryzacji-zniszczen-wojennych_UHRP_1-1024x768.jpg\" alt=\"\" class=\"wp-image-11553\" srcset=\"https:\/\/nid.pl\/wp-content\/uploads\/2023\/06\/Polsko-ukrainska-wspolpraca-z-zakresie-inwentaryzacji-zniszczen-wojennych_UHRP_1-980x735.jpg 980w, https:\/\/nid.pl\/wp-content\/uploads\/2023\/06\/Polsko-ukrainska-wspolpraca-z-zakresie-inwentaryzacji-zniszczen-wojennych_UHRP_1-480x360.jpg 480w\" sizes=\"(min-width: 0px) and (max-width: 480px) 480px, (min-width: 481px) and (max-width: 980px) 980px, (min-width: 981px) 1024px, 100vw\" \/><figcaption>Biblioteka dla M\u0142odzie\u017cy w Czernichowie (dawne Muzeum Tarnowskiego z 1902 r.); zniszczona na skutek bombardowania 11.03.2022 r. <\/figcaption><\/figure>\n<\/figure>","protected":false},"excerpt":{"rendered":"<p>Polska i Ukraina podpisa\u0142y memorandum o wsp\u00f3\u0142pracy z zakresie inwentaryzacji zniszcze\u0144 wojennych na dziedzictwie kulturowym i dobrach kultury. Dzia\u0142ania, w tym zakresie, b\u0119d\u0105 realizowane przez Centrum Pomocy dla Kultury na [&hellip;]<\/p>","protected":false},"author":4,"featured_media":11577,"comment_status":"open","ping_status":"open","sticky":false,"template":"","format":"standard","meta":{"_et_pb_use_builder":"off","_et_pb_old_content":"","_et_gb_content_width":"","_monsterinsights_skip_tracking":false,"_monsterinsights_sitenote_active":false,"_monsterinsights_sitenote_note":"","_monsterinsights_sitenote_category":0,"footnotes":""},"categories":[3],"tags":[],"class_list":["post-11552","post","type-post","status-publish","format-standard","has-post-thumbnail","hentry","category-aktualnosci"],"yoast_head":"<!-- This site is optimized with the Yoast SEO plugin v26.5 - https:\/\/yoast.com\/wordpress\/plugins\/seo\/ -->\n<title>Polsko-ukrai\u0144ska wsp\u00f3\u0142praca z zakresie inwentaryzacji zniszcze\u0144 wojennych na dziedzictwie kulturowym i dobrach kultury - NID<\/title>\n<meta name=\"robots\" content=\"index, follow, max-snippet:-1, max-image-preview:large, max-video-preview:-1\" \/>\n<link rel=\"canonical\" href=\"https:\/\/nid.pl\/en\/2023\/06\/02\/polsko-ukrainska-wspolpraca-z-zakresie-inwentaryzacji-zniszczen-wojennych-na-dziedzictwie-kulturowym-i-dobrach-kultury\/\" \/>\n<meta property=\"og:locale\" content=\"en_GB\" \/>\n<meta property=\"og:type\" content=\"article\" \/>\n<meta property=\"og:title\" content=\"Polsko-ukrai\u0144ska wsp\u00f3\u0142praca z zakresie inwentaryzacji zniszcze\u0144 wojennych na dziedzictwie kulturowym i dobrach kultury - NID\" \/>\n<meta property=\"og:description\" content=\"Polska i Ukraina podpisa\u0142y memorandum o wsp\u00f3\u0142pracy z zakresie inwentaryzacji zniszcze\u0144 wojennych na dziedzictwie kulturowym i dobrach kultury. Dzia\u0142ania, w tym zakresie, b\u0119d\u0105 realizowane przez Centrum Pomocy dla Kultury na [&hellip;]\" \/>\n<meta property=\"og:url\" content=\"https:\/\/nid.pl\/en\/2023\/06\/02\/polsko-ukrainska-wspolpraca-z-zakresie-inwentaryzacji-zniszczen-wojennych-na-dziedzictwie-kulturowym-i-dobrach-kultury\/\" \/>\n<meta property=\"og:site_name\" content=\"NID\" \/>\n<meta property=\"article:publisher\" content=\"https:\/\/www.facebook.com\/zabytek\" \/>\n<meta property=\"article:published_time\" content=\"2023-06-02T13:05:00+00:00\" \/>\n<meta property=\"article:modified_time\" content=\"2023-06-05T10:14:24+00:00\" \/>\n<meta property=\"og:image\" content=\"https:\/\/nid.pl\/wp-content\/uploads\/2023\/06\/Polsko-ukrainska-wspolpraca-z-zakresie-inwentaryzacji-zniszczen-wojennych_akt_1.jpg\" \/>\n\t<meta property=\"og:image:width\" content=\"1800\" \/>\n\t<meta property=\"og:image:height\" content=\"1200\" \/>\n\t<meta property=\"og:image:type\" content=\"image\/jpeg\" \/>\n<meta name=\"author\" content=\"Marta Or\u0119ziak\" \/>\n<meta name=\"twitter:card\" content=\"summary_large_image\" \/>\n<meta name=\"twitter:creator\" content=\"@NarIDpl\" \/>\n<meta name=\"twitter:site\" content=\"@NarIDpl\" \/>\n<meta name=\"twitter:label1\" content=\"Written by\" \/>\n\t<meta name=\"twitter:data1\" content=\"Marta Or\u0119ziak\" \/>\n\t<meta name=\"twitter:label2\" content=\"Estimated reading time\" \/>\n\t<meta name=\"twitter:data2\" content=\"3 minutes\" \/>\n<script type=\"application\/ld+json\" class=\"yoast-schema-graph\">{\"@context\":\"https:\/\/schema.org\",\"@graph\":[{\"@type\":\"Article\",\"@id\":\"https:\/\/nid.pl\/2023\/06\/02\/polsko-ukrainska-wspolpraca-z-zakresie-inwentaryzacji-zniszczen-wojennych-na-dziedzictwie-kulturowym-i-dobrach-kultury\/#article\",\"isPartOf\":{\"@id\":\"https:\/\/nid.pl\/2023\/06\/02\/polsko-ukrainska-wspolpraca-z-zakresie-inwentaryzacji-zniszczen-wojennych-na-dziedzictwie-kulturowym-i-dobrach-kultury\/\"},\"author\":{\"name\":\"Marta Or\u0119ziak\",\"@id\":\"https:\/\/nid.pl\/#\/schema\/person\/9d848c4a54b78bc2a1461f1c5d8de615\"},\"headline\":\"Polsko-ukrai\u0144ska wsp\u00f3\u0142praca z zakresie inwentaryzacji zniszcze\u0144 wojennych na dziedzictwie kulturowym i dobrach kultury\",\"datePublished\":\"2023-06-02T13:05:00+00:00\",\"dateModified\":\"2023-06-05T10:14:24+00:00\",\"mainEntityOfPage\":{\"@id\":\"https:\/\/nid.pl\/2023\/06\/02\/polsko-ukrainska-wspolpraca-z-zakresie-inwentaryzacji-zniszczen-wojennych-na-dziedzictwie-kulturowym-i-dobrach-kultury\/\"},\"wordCount\":408,\"commentCount\":0,\"publisher\":{\"@id\":\"https:\/\/nid.pl\/#organization\"},\"image\":{\"@id\":\"https:\/\/nid.pl\/2023\/06\/02\/polsko-ukrainska-wspolpraca-z-zakresie-inwentaryzacji-zniszczen-wojennych-na-dziedzictwie-kulturowym-i-dobrach-kultury\/#primaryimage\"},\"thumbnailUrl\":\"https:\/\/nid.pl\/wp-content\/uploads\/2023\/06\/Polsko-ukrainska-wspolpraca-z-zakresie-inwentaryzacji-zniszczen-wojennych_akt_1.jpg\",\"articleSection\":[\"Aktualno\u015bci\"],\"inLanguage\":\"en-GB\"},{\"@type\":\"WebPage\",\"@id\":\"https:\/\/nid.pl\/2023\/06\/02\/polsko-ukrainska-wspolpraca-z-zakresie-inwentaryzacji-zniszczen-wojennych-na-dziedzictwie-kulturowym-i-dobrach-kultury\/\",\"url\":\"https:\/\/nid.pl\/2023\/06\/02\/polsko-ukrainska-wspolpraca-z-zakresie-inwentaryzacji-zniszczen-wojennych-na-dziedzictwie-kulturowym-i-dobrach-kultury\/\",\"name\":\"Polsko-ukrai\u0144ska wsp\u00f3\u0142praca z zakresie inwentaryzacji zniszcze\u0144 wojennych na dziedzictwie kulturowym i dobrach kultury - NID\",\"isPartOf\":{\"@id\":\"https:\/\/nid.pl\/#website\"},\"primaryImageOfPage\":{\"@id\":\"https:\/\/nid.pl\/2023\/06\/02\/polsko-ukrainska-wspolpraca-z-zakresie-inwentaryzacji-zniszczen-wojennych-na-dziedzictwie-kulturowym-i-dobrach-kultury\/#primaryimage\"},\"image\":{\"@id\":\"https:\/\/nid.pl\/2023\/06\/02\/polsko-ukrainska-wspolpraca-z-zakresie-inwentaryzacji-zniszczen-wojennych-na-dziedzictwie-kulturowym-i-dobrach-kultury\/#primaryimage\"},\"thumbnailUrl\":\"https:\/\/nid.pl\/wp-content\/uploads\/2023\/06\/Polsko-ukrainska-wspolpraca-z-zakresie-inwentaryzacji-zniszczen-wojennych_akt_1.jpg\",\"datePublished\":\"2023-06-02T13:05:00+00:00\",\"dateModified\":\"2023-06-05T10:14:24+00:00\",\"breadcrumb\":{\"@id\":\"https:\/\/nid.pl\/2023\/06\/02\/polsko-ukrainska-wspolpraca-z-zakresie-inwentaryzacji-zniszczen-wojennych-na-dziedzictwie-kulturowym-i-dobrach-kultury\/#breadcrumb\"},\"inLanguage\":\"en-GB\",\"potentialAction\":[{\"@type\":\"ReadAction\",\"target\":[\"https:\/\/nid.pl\/2023\/06\/02\/polsko-ukrainska-wspolpraca-z-zakresie-inwentaryzacji-zniszczen-wojennych-na-dziedzictwie-kulturowym-i-dobrach-kultury\/\"]}]},{\"@type\":\"ImageObject\",\"inLanguage\":\"en-GB\",\"@id\":\"https:\/\/nid.pl\/2023\/06\/02\/polsko-ukrainska-wspolpraca-z-zakresie-inwentaryzacji-zniszczen-wojennych-na-dziedzictwie-kulturowym-i-dobrach-kultury\/#primaryimage\",\"url\":\"https:\/\/nid.pl\/wp-content\/uploads\/2023\/06\/Polsko-ukrainska-wspolpraca-z-zakresie-inwentaryzacji-zniszczen-wojennych_akt_1.jpg\",\"contentUrl\":\"https:\/\/nid.pl\/wp-content\/uploads\/2023\/06\/Polsko-ukrainska-wspolpraca-z-zakresie-inwentaryzacji-zniszczen-wojennych_akt_1.jpg\",\"width\":1800,\"height\":1200,\"caption\":\"Polsko ukrainska wspolpraca z zakresie inwentaryzacji zniszczen wojennych akt\"},{\"@type\":\"BreadcrumbList\",\"@id\":\"https:\/\/nid.pl\/2023\/06\/02\/polsko-ukrainska-wspolpraca-z-zakresie-inwentaryzacji-zniszczen-wojennych-na-dziedzictwie-kulturowym-i-dobrach-kultury\/#breadcrumb\",\"itemListElement\":[{\"@type\":\"ListItem\",\"position\":1,\"name\":\"Home\",\"item\":\"https:\/\/nid.pl\/\"},{\"@type\":\"ListItem\",\"position\":2,\"name\":\"Polsko-ukrai\u0144ska wsp\u00f3\u0142praca z zakresie inwentaryzacji zniszcze\u0144 wojennych na dziedzictwie kulturowym i dobrach kultury\"}]},{\"@type\":\"WebSite\",\"@id\":\"https:\/\/nid.pl\/#website\",\"url\":\"https:\/\/nid.pl\/\",\"name\":\"NID\",\"description\":\"Narodowy Instytut Dziedzictwa\",\"publisher\":{\"@id\":\"https:\/\/nid.pl\/#organization\"},\"potentialAction\":[{\"@type\":\"SearchAction\",\"target\":{\"@type\":\"EntryPoint\",\"urlTemplate\":\"https:\/\/nid.pl\/?s={search_term_string}\"},\"query-input\":{\"@type\":\"PropertyValueSpecification\",\"valueRequired\":true,\"valueName\":\"search_term_string\"}}],\"inLanguage\":\"en-GB\"},{\"@type\":\"Organization\",\"@id\":\"https:\/\/nid.pl\/#organization\",\"name\":\"Narodowy Instytut Dziedzictwa\",\"url\":\"https:\/\/nid.pl\/\",\"logo\":{\"@type\":\"ImageObject\",\"inLanguage\":\"en-GB\",\"@id\":\"https:\/\/nid.pl\/#\/schema\/logo\/image\/\",\"url\":\"https:\/\/nid.pl\/wp-content\/uploads\/2022\/10\/logoRedDark.png\",\"contentUrl\":\"https:\/\/nid.pl\/wp-content\/uploads\/2022\/10\/logoRedDark.png\",\"width\":200,\"height\":197,\"caption\":\"Narodowy Instytut Dziedzictwa\"},\"image\":{\"@id\":\"https:\/\/nid.pl\/#\/schema\/logo\/image\/\"},\"sameAs\":[\"https:\/\/www.facebook.com\/zabytek\",\"https:\/\/x.com\/NarIDpl\",\"https:\/\/www.instagram.com\/nid.pl\/?hl=pl\",\"https:\/\/www.linkedin.com\/company\/narodowy-instytut-dziedzictwa\",\"https:\/\/www.youtube.com\/channel\/UCQXuhKa2uHtmNvLRUSx40JA\"]},{\"@type\":\"Person\",\"@id\":\"https:\/\/nid.pl\/#\/schema\/person\/9d848c4a54b78bc2a1461f1c5d8de615\",\"name\":\"Marta Or\u0119ziak\",\"image\":{\"@type\":\"ImageObject\",\"inLanguage\":\"en-GB\",\"@id\":\"https:\/\/nid.pl\/#\/schema\/person\/image\/\",\"url\":\"https:\/\/nid.pl\/wp-content\/litespeed\/avatar\/3cdc296a7eb01425272974c992bee3ea.jpg?ver=1777445267\",\"contentUrl\":\"https:\/\/nid.pl\/wp-content\/litespeed\/avatar\/3cdc296a7eb01425272974c992bee3ea.jpg?ver=1777445267\",\"caption\":\"Marta Or\u0119ziak\"},\"url\":\"https:\/\/nid.pl\/en\/author\/moreziak\/\"}]}<\/script>\n<!-- \/ Yoast SEO plugin. -->","yoast_head_json":{"title":"Polsko-ukrai\u0144ska wsp\u00f3\u0142praca z zakresie inwentaryzacji zniszcze\u0144 wojennych na dziedzictwie kulturowym i dobrach kultury - NID","robots":{"index":"index","follow":"follow","max-snippet":"max-snippet:-1","max-image-preview":"max-image-preview:large","max-video-preview":"max-video-preview:-1"},"canonical":"https:\/\/nid.pl\/en\/2023\/06\/02\/polsko-ukrainska-wspolpraca-z-zakresie-inwentaryzacji-zniszczen-wojennych-na-dziedzictwie-kulturowym-i-dobrach-kultury\/","og_locale":"en_GB","og_type":"article","og_title":"Polsko-ukrai\u0144ska wsp\u00f3\u0142praca z zakresie inwentaryzacji zniszcze\u0144 wojennych na dziedzictwie kulturowym i dobrach kultury - NID","og_description":"Polska i Ukraina podpisa\u0142y memorandum o wsp\u00f3\u0142pracy z zakresie inwentaryzacji zniszcze\u0144 wojennych na dziedzictwie kulturowym i dobrach kultury. Dzia\u0142ania, w tym zakresie, b\u0119d\u0105 realizowane przez Centrum Pomocy dla Kultury na [&hellip;]","og_url":"https:\/\/nid.pl\/en\/2023\/06\/02\/polsko-ukrainska-wspolpraca-z-zakresie-inwentaryzacji-zniszczen-wojennych-na-dziedzictwie-kulturowym-i-dobrach-kultury\/","og_site_name":"NID","article_publisher":"https:\/\/www.facebook.com\/zabytek","article_published_time":"2023-06-02T13:05:00+00:00","article_modified_time":"2023-06-05T10:14:24+00:00","og_image":[{"width":1800,"height":1200,"url":"https:\/\/nid.pl\/wp-content\/uploads\/2023\/06\/Polsko-ukrainska-wspolpraca-z-zakresie-inwentaryzacji-zniszczen-wojennych_akt_1.jpg","type":"image\/jpeg"}],"author":"Marta Or\u0119ziak","twitter_card":"summary_large_image","twitter_creator":"@NarIDpl","twitter_site":"@NarIDpl","twitter_misc":{"Written by":"Marta Or\u0119ziak","Estimated reading time":"3 minutes"},"schema":{"@context":"https:\/\/schema.org","@graph":[{"@type":"Article","@id":"https:\/\/nid.pl\/2023\/06\/02\/polsko-ukrainska-wspolpraca-z-zakresie-inwentaryzacji-zniszczen-wojennych-na-dziedzictwie-kulturowym-i-dobrach-kultury\/#article","isPartOf":{"@id":"https:\/\/nid.pl\/2023\/06\/02\/polsko-ukrainska-wspolpraca-z-zakresie-inwentaryzacji-zniszczen-wojennych-na-dziedzictwie-kulturowym-i-dobrach-kultury\/"},"author":{"name":"Marta Or\u0119ziak","@id":"https:\/\/nid.pl\/#\/schema\/person\/9d848c4a54b78bc2a1461f1c5d8de615"},"headline":"Polsko-ukrai\u0144ska wsp\u00f3\u0142praca z zakresie inwentaryzacji zniszcze\u0144 wojennych na dziedzictwie kulturowym i dobrach kultury","datePublished":"2023-06-02T13:05:00+00:00","dateModified":"2023-06-05T10:14:24+00:00","mainEntityOfPage":{"@id":"https:\/\/nid.pl\/2023\/06\/02\/polsko-ukrainska-wspolpraca-z-zakresie-inwentaryzacji-zniszczen-wojennych-na-dziedzictwie-kulturowym-i-dobrach-kultury\/"},"wordCount":408,"commentCount":0,"publisher":{"@id":"https:\/\/nid.pl\/#organization"},"image":{"@id":"https:\/\/nid.pl\/2023\/06\/02\/polsko-ukrainska-wspolpraca-z-zakresie-inwentaryzacji-zniszczen-wojennych-na-dziedzictwie-kulturowym-i-dobrach-kultury\/#primaryimage"},"thumbnailUrl":"https:\/\/nid.pl\/wp-content\/uploads\/2023\/06\/Polsko-ukrainska-wspolpraca-z-zakresie-inwentaryzacji-zniszczen-wojennych_akt_1.jpg","articleSection":["Aktualno\u015bci"],"inLanguage":"en-GB"},{"@type":"WebPage","@id":"https:\/\/nid.pl\/2023\/06\/02\/polsko-ukrainska-wspolpraca-z-zakresie-inwentaryzacji-zniszczen-wojennych-na-dziedzictwie-kulturowym-i-dobrach-kultury\/","url":"https:\/\/nid.pl\/2023\/06\/02\/polsko-ukrainska-wspolpraca-z-zakresie-inwentaryzacji-zniszczen-wojennych-na-dziedzictwie-kulturowym-i-dobrach-kultury\/","name":"Polsko-ukrai\u0144ska wsp\u00f3\u0142praca z zakresie inwentaryzacji zniszcze\u0144 wojennych na dziedzictwie kulturowym i dobrach kultury - NID","isPartOf":{"@id":"https:\/\/nid.pl\/#website"},"primaryImageOfPage":{"@id":"https:\/\/nid.pl\/2023\/06\/02\/polsko-ukrainska-wspolpraca-z-zakresie-inwentaryzacji-zniszczen-wojennych-na-dziedzictwie-kulturowym-i-dobrach-kultury\/#primaryimage"},"image":{"@id":"https:\/\/nid.pl\/2023\/06\/02\/polsko-ukrainska-wspolpraca-z-zakresie-inwentaryzacji-zniszczen-wojennych-na-dziedzictwie-kulturowym-i-dobrach-kultury\/#primaryimage"},"thumbnailUrl":"https:\/\/nid.pl\/wp-content\/uploads\/2023\/06\/Polsko-ukrainska-wspolpraca-z-zakresie-inwentaryzacji-zniszczen-wojennych_akt_1.jpg","datePublished":"2023-06-02T13:05:00+00:00","dateModified":"2023-06-05T10:14:24+00:00","breadcrumb":{"@id":"https:\/\/nid.pl\/2023\/06\/02\/polsko-ukrainska-wspolpraca-z-zakresie-inwentaryzacji-zniszczen-wojennych-na-dziedzictwie-kulturowym-i-dobrach-kultury\/#breadcrumb"},"inLanguage":"en-GB","potentialAction":[{"@type":"ReadAction","target":["https:\/\/nid.pl\/2023\/06\/02\/polsko-ukrainska-wspolpraca-z-zakresie-inwentaryzacji-zniszczen-wojennych-na-dziedzictwie-kulturowym-i-dobrach-kultury\/"]}]},{"@type":"ImageObject","inLanguage":"en-GB","@id":"https:\/\/nid.pl\/2023\/06\/02\/polsko-ukrainska-wspolpraca-z-zakresie-inwentaryzacji-zniszczen-wojennych-na-dziedzictwie-kulturowym-i-dobrach-kultury\/#primaryimage","url":"https:\/\/nid.pl\/wp-content\/uploads\/2023\/06\/Polsko-ukrainska-wspolpraca-z-zakresie-inwentaryzacji-zniszczen-wojennych_akt_1.jpg","contentUrl":"https:\/\/nid.pl\/wp-content\/uploads\/2023\/06\/Polsko-ukrainska-wspolpraca-z-zakresie-inwentaryzacji-zniszczen-wojennych_akt_1.jpg","width":1800,"height":1200,"caption":"Polsko ukrainska wspolpraca z zakresie inwentaryzacji zniszczen wojennych akt"},{"@type":"BreadcrumbList","@id":"https:\/\/nid.pl\/2023\/06\/02\/polsko-ukrainska-wspolpraca-z-zakresie-inwentaryzacji-zniszczen-wojennych-na-dziedzictwie-kulturowym-i-dobrach-kultury\/#breadcrumb","itemListElement":[{"@type":"ListItem","position":1,"name":"Home","item":"https:\/\/nid.pl\/"},{"@type":"ListItem","position":2,"name":"Polsko-ukrai\u0144ska wsp\u00f3\u0142praca z zakresie inwentaryzacji zniszcze\u0144 wojennych na dziedzictwie kulturowym i dobrach kultury"}]},{"@type":"WebSite","@id":"https:\/\/nid.pl\/#website","url":"https:\/\/nid.pl\/","name":"NID","description":"Narodowy Instytut Dziedzictwa","publisher":{"@id":"https:\/\/nid.pl\/#organization"},"potentialAction":[{"@type":"SearchAction","target":{"@type":"EntryPoint","urlTemplate":"https:\/\/nid.pl\/?s={search_term_string}"},"query-input":{"@type":"PropertyValueSpecification","valueRequired":true,"valueName":"search_term_string"}}],"inLanguage":"en-GB"},{"@type":"Organization","@id":"https:\/\/nid.pl\/#organization","name":"Narodowy Instytut Dziedzictwa","url":"https:\/\/nid.pl\/","logo":{"@type":"ImageObject","inLanguage":"en-GB","@id":"https:\/\/nid.pl\/#\/schema\/logo\/image\/","url":"https:\/\/nid.pl\/wp-content\/uploads\/2022\/10\/logoRedDark.png","contentUrl":"https:\/\/nid.pl\/wp-content\/uploads\/2022\/10\/logoRedDark.png","width":200,"height":197,"caption":"Narodowy Instytut Dziedzictwa"},"image":{"@id":"https:\/\/nid.pl\/#\/schema\/logo\/image\/"},"sameAs":["https:\/\/www.facebook.com\/zabytek","https:\/\/x.com\/NarIDpl","https:\/\/www.instagram.com\/nid.pl\/?hl=pl","https:\/\/www.linkedin.com\/company\/narodowy-instytut-dziedzictwa","https:\/\/www.youtube.com\/channel\/UCQXuhKa2uHtmNvLRUSx40JA"]},{"@type":"Person","@id":"https:\/\/nid.pl\/#\/schema\/person\/9d848c4a54b78bc2a1461f1c5d8de615","name":"Marta Or\u0119ziak","image":{"@type":"ImageObject","inLanguage":"en-GB","@id":"https:\/\/nid.pl\/#\/schema\/person\/image\/","url":"https:\/\/nid.pl\/wp-content\/litespeed\/avatar\/3cdc296a7eb01425272974c992bee3ea.jpg?ver=1777445267","contentUrl":"https:\/\/nid.pl\/wp-content\/litespeed\/avatar\/3cdc296a7eb01425272974c992bee3ea.jpg?ver=1777445267","caption":"Marta Or\u0119ziak"},"url":"https:\/\/nid.pl\/en\/author\/moreziak\/"}]}},"_links":{"self":[{"href":"https:\/\/nid.pl\/en\/wp-json\/wp\/v2\/posts\/11552","targetHints":{"allow":["GET"]}}],"collection":[{"href":"https:\/\/nid.pl\/en\/wp-json\/wp\/v2\/posts"}],"about":[{"href":"https:\/\/nid.pl\/en\/wp-json\/wp\/v2\/types\/post"}],"author":[{"embeddable":true,"href":"https:\/\/nid.pl\/en\/wp-json\/wp\/v2\/users\/4"}],"replies":[{"embeddable":true,"href":"https:\/\/nid.pl\/en\/wp-json\/wp\/v2\/comments?post=11552"}],"version-history":[{"count":0,"href":"https:\/\/nid.pl\/en\/wp-json\/wp\/v2\/posts\/11552\/revisions"}],"wp:featuredmedia":[{"embeddable":true,"href":"https:\/\/nid.pl\/en\/wp-json\/wp\/v2\/media\/11577"}],"wp:attachment":[{"href":"https:\/\/nid.pl\/en\/wp-json\/wp\/v2\/media?parent=11552"}],"wp:term":[{"taxonomy":"category","embeddable":true,"href":"https:\/\/nid.pl\/en\/wp-json\/wp\/v2\/categories?post=11552"},{"taxonomy":"post_tag","embeddable":true,"href":"https:\/\/nid.pl\/en\/wp-json\/wp\/v2\/tags?post=11552"}],"curies":[{"name":"wp","href":"https:\/\/api.w.org\/{rel}","templated":true}]}}