{"id":11537,"date":"2023-05-30T14:41:02","date_gmt":"2023-05-30T12:41:02","guid":{"rendered":"https:\/\/nid.pl\/?p=11537"},"modified":"2023-05-30T14:41:06","modified_gmt":"2023-05-30T12:41:06","slug":"seminarium-status-prawny-szczatkow-ludzkich-jako-zagadnienie-prawa-dziedzictwa-kulturowego","status":"publish","type":"post","link":"https:\/\/nid.pl\/en\/2023\/05\/30\/seminarium-status-prawny-szczatkow-ludzkich-jako-zagadnienie-prawa-dziedzictwa-kulturowego\/","title":{"rendered":"Seminarium: Status prawny szcz\u0105tk\u00f3w ludzkich jako zagadnienie prawa dziedzictwa kulturowego"},"content":{"rendered":"<p><strong>W dniach 22-23 maja br. odby\u0142o si\u0119 zorganizowane przez Narodowy Instytut Dziedzictwa seminarium ICOMOS International Scientific Committee on Legal, Administrative and Financial Issues (ICLAFI) pt. \u201eA legal status of human remains as an issue of the culture heritage law\u201d.<\/strong><\/p>\n\n\n\n<p>Tematem spotkania by\u0142a kwestia statusu prawnego szcz\u0105tk\u00f3w ludzkich, jako ewentualnych zabytk\u00f3w archeologicznych i powi\u0105zane z tym zagadnienia.<\/p>\n\n\n\n<p>W seminarium uczestniczyli cz\u0142onkowie ICLAFI (Mi\u0119dzynarodowy Komitet Naukowy ICOMOS ds. Prawnych, Administracyjnych i Finansowych) ze Stan\u00f3w Zjednoczonych, Irlandii, Holandii, Belgii, Norwegii, Szwecji, Finlandii, Estonii, S\u0142owenii, Turcji, Izraela, Singapuru oraz Polski. W pierwszym dniu spotkania odby\u0142y si\u0119 prelekcje po\u015bwi\u0119cone statusowi prawnemu szcz\u0105tk\u00f3w ludzkich w kontek\u015bcie prawa krajowego. Drugiego dnia po po\u0142udniu mia\u0142o miejsce posiedzenie statutowe ICLAFI.<\/p>\n\n\n\n<p>Po obradach uczestnicy seminarium udali si\u0119 na 3-dniowy wyjazd studyjny do Torunia, Malborka, Elbl\u0105ga oraz Fromborka, kt\u00f3rego has\u0142em przewodnim by\u0142y miejsca wpisane na list\u0119 \u015awiatowego Dziedzictwa UNESCO oraz, w zwi\u0105zku z obchodzonym Rokiem Kopernika\u0144skim, miejsca zwi\u0105zane z \u017cyciem i dzia\u0142alno\u015bci\u0105 wybitnego polskiego astronoma.<\/p>\n\n\n\n<p>ICOMOS &#8211; International Council on Monuments and Sites &#8211; to Mi\u0119dzynarodowa Rada Ochrony Zabytk\u00f3w, kt\u00f3ra\u00a0powo\u0142ana zosta\u0142a w 1965 roku, na Kongresie za\u0142o\u017cycielskim w Warszawie. Jest to organizacja pozarz\u0105dowa o zasi\u0119gu mi\u0119dzynarodowym, afiliowana przy UNESCO.\u00a0W jej strukturach znajduje si\u0119 Mi\u0119dzynarodowy Komitet Naukowy ICOMOS ds. Prawnych, Administracyjnych i Finansowych.<\/p>\n\n\n\n<p><\/p>\n\n\n\n<figure class=\"wp-block-gallery has-nested-images columns-default is-cropped wp-block-gallery-1 is-layout-flex wp-block-gallery-is-layout-flex\">\n<figure class=\"wp-block-image size-large\"><img loading=\"lazy\" decoding=\"async\" width=\"2400\" height=\"1600\" data-id=\"11538\" src=\"https:\/\/nid.pl\/wp-content\/uploads\/2023\/05\/ICLAFI_01.jpg\" alt=\"\" class=\"wp-image-11538\" srcset=\"https:\/\/nid.pl\/wp-content\/uploads\/2023\/05\/ICLAFI_01.jpg 2400w, https:\/\/nid.pl\/wp-content\/uploads\/2023\/05\/ICLAFI_01-1280x853.jpg 1280w, https:\/\/nid.pl\/wp-content\/uploads\/2023\/05\/ICLAFI_01-980x653.jpg 980w, https:\/\/nid.pl\/wp-content\/uploads\/2023\/05\/ICLAFI_01-480x320.jpg 480w\" sizes=\"(min-width: 0px) and (max-width: 480px) 480px, (min-width: 481px) and (max-width: 980px) 980px, (min-width: 981px) and (max-width: 1280px) 1280px, (min-width: 1281px) 2400px, 100vw\" \/><\/figure>\n<\/figure>\n\n\n\n<figure class=\"wp-block-gallery has-nested-images columns-default is-cropped wp-block-gallery-2 is-layout-flex wp-block-gallery-is-layout-flex\">\n<figure class=\"wp-block-image size-large\"><img loading=\"lazy\" decoding=\"async\" width=\"2400\" height=\"1600\" data-id=\"11540\" src=\"https:\/\/nid.pl\/wp-content\/uploads\/2023\/05\/ICLAFI_02.jpg\" alt=\"\" class=\"wp-image-11540\" srcset=\"https:\/\/nid.pl\/wp-content\/uploads\/2023\/05\/ICLAFI_02.jpg 2400w, https:\/\/nid.pl\/wp-content\/uploads\/2023\/05\/ICLAFI_02-1280x853.jpg 1280w, https:\/\/nid.pl\/wp-content\/uploads\/2023\/05\/ICLAFI_02-980x653.jpg 980w, https:\/\/nid.pl\/wp-content\/uploads\/2023\/05\/ICLAFI_02-480x320.jpg 480w\" sizes=\"(min-width: 0px) and (max-width: 480px) 480px, (min-width: 481px) and (max-width: 980px) 980px, (min-width: 981px) and (max-width: 1280px) 1280px, (min-width: 1281px) 2400px, 100vw\" \/><\/figure>\n<\/figure>\n\n\n\n<figure class=\"wp-block-gallery has-nested-images columns-default is-cropped wp-block-gallery-3 is-layout-flex wp-block-gallery-is-layout-flex\">\n<figure class=\"wp-block-image size-large\"><img loading=\"lazy\" decoding=\"async\" width=\"2400\" height=\"1600\" data-id=\"11541\" src=\"https:\/\/nid.pl\/wp-content\/uploads\/2023\/05\/ICLAFI_03.jpg\" alt=\"\" class=\"wp-image-11541\" srcset=\"https:\/\/nid.pl\/wp-content\/uploads\/2023\/05\/ICLAFI_03.jpg 2400w, https:\/\/nid.pl\/wp-content\/uploads\/2023\/05\/ICLAFI_03-1280x853.jpg 1280w, https:\/\/nid.pl\/wp-content\/uploads\/2023\/05\/ICLAFI_03-980x653.jpg 980w, https:\/\/nid.pl\/wp-content\/uploads\/2023\/05\/ICLAFI_03-480x320.jpg 480w\" sizes=\"(min-width: 0px) and (max-width: 480px) 480px, (min-width: 481px) and (max-width: 980px) 980px, (min-width: 981px) and (max-width: 1280px) 1280px, (min-width: 1281px) 2400px, 100vw\" \/><\/figure>\n<\/figure>\n\n\n\n<figure class=\"wp-block-gallery has-nested-images columns-default is-cropped wp-block-gallery-4 is-layout-flex wp-block-gallery-is-layout-flex\">\n<figure class=\"wp-block-image size-large\"><img loading=\"lazy\" decoding=\"async\" width=\"2400\" height=\"1600\" data-id=\"11542\" src=\"https:\/\/nid.pl\/wp-content\/uploads\/2023\/05\/ICLAFI_04.jpg\" alt=\"\" class=\"wp-image-11542\" srcset=\"https:\/\/nid.pl\/wp-content\/uploads\/2023\/05\/ICLAFI_04.jpg 2400w, https:\/\/nid.pl\/wp-content\/uploads\/2023\/05\/ICLAFI_04-1280x853.jpg 1280w, https:\/\/nid.pl\/wp-content\/uploads\/2023\/05\/ICLAFI_04-980x653.jpg 980w, https:\/\/nid.pl\/wp-content\/uploads\/2023\/05\/ICLAFI_04-480x320.jpg 480w\" sizes=\"(min-width: 0px) and (max-width: 480px) 480px, (min-width: 481px) and (max-width: 980px) 980px, (min-width: 981px) and (max-width: 1280px) 1280px, (min-width: 1281px) 2400px, 100vw\" \/><\/figure>\n<\/figure>\n\n\n\n<figure class=\"wp-block-gallery has-nested-images columns-default is-cropped wp-block-gallery-5 is-layout-flex wp-block-gallery-is-layout-flex\">\n<figure class=\"wp-block-image size-large\"><img loading=\"lazy\" decoding=\"async\" width=\"2400\" height=\"1600\" data-id=\"11544\" src=\"https:\/\/nid.pl\/wp-content\/uploads\/2023\/05\/ICLAFI_05.jpg\" alt=\"\" class=\"wp-image-11544\" srcset=\"https:\/\/nid.pl\/wp-content\/uploads\/2023\/05\/ICLAFI_05.jpg 2400w, https:\/\/nid.pl\/wp-content\/uploads\/2023\/05\/ICLAFI_05-1280x853.jpg 1280w, https:\/\/nid.pl\/wp-content\/uploads\/2023\/05\/ICLAFI_05-980x653.jpg 980w, https:\/\/nid.pl\/wp-content\/uploads\/2023\/05\/ICLAFI_05-480x320.jpg 480w\" sizes=\"(min-width: 0px) and (max-width: 480px) 480px, (min-width: 481px) and (max-width: 980px) 980px, (min-width: 981px) and (max-width: 1280px) 1280px, (min-width: 1281px) 2400px, 100vw\" \/><\/figure>\n<\/figure>","protected":false},"excerpt":{"rendered":"<p>W dniach 22-23 maja br. odby\u0142o si\u0119 zorganizowane przez Narodowy Instytut Dziedzictwa seminarium ICOMOS International Scientific Committee on Legal, Administrative and Financial Issues (ICLAFI) pt. \u201eA legal status of human [&hellip;]<\/p>","protected":false},"author":7,"featured_media":11547,"comment_status":"open","ping_status":"open","sticky":false,"template":"","format":"standard","meta":{"_et_pb_use_builder":"off","_et_pb_old_content":"","_et_gb_content_width":"","_monsterinsights_skip_tracking":false,"_monsterinsights_sitenote_active":false,"_monsterinsights_sitenote_note":"","_monsterinsights_sitenote_category":0,"footnotes":""},"categories":[3,1],"tags":[],"class_list":["post-11537","post","type-post","status-publish","format-standard","has-post-thumbnail","hentry","category-aktualnosci","category-bez-kategorii"],"yoast_head":"<!-- This site is optimized with the Yoast SEO plugin v26.5 - https:\/\/yoast.com\/wordpress\/plugins\/seo\/ -->\n<title>Seminarium: Status prawny szcz\u0105tk\u00f3w ludzkich jako zagadnienie prawa dziedzictwa kulturowego - NID<\/title>\n<meta name=\"robots\" content=\"index, follow, max-snippet:-1, max-image-preview:large, max-video-preview:-1\" \/>\n<link rel=\"canonical\" href=\"https:\/\/nid.pl\/en\/2023\/05\/30\/seminarium-status-prawny-szczatkow-ludzkich-jako-zagadnienie-prawa-dziedzictwa-kulturowego\/\" \/>\n<meta property=\"og:locale\" content=\"en_GB\" \/>\n<meta property=\"og:type\" content=\"article\" \/>\n<meta property=\"og:title\" content=\"Seminarium: Status prawny szcz\u0105tk\u00f3w ludzkich jako zagadnienie prawa dziedzictwa kulturowego - NID\" \/>\n<meta property=\"og:description\" content=\"W dniach 22-23 maja br. odby\u0142o si\u0119 zorganizowane przez Narodowy Instytut Dziedzictwa seminarium ICOMOS International Scientific Committee on Legal, Administrative and Financial Issues (ICLAFI) pt. \u201eA legal status of human [&hellip;]\" \/>\n<meta property=\"og:url\" content=\"https:\/\/nid.pl\/en\/2023\/05\/30\/seminarium-status-prawny-szczatkow-ludzkich-jako-zagadnienie-prawa-dziedzictwa-kulturowego\/\" \/>\n<meta property=\"og:site_name\" content=\"NID\" \/>\n<meta property=\"article:publisher\" content=\"https:\/\/www.facebook.com\/zabytek\" \/>\n<meta property=\"article:published_time\" content=\"2023-05-30T12:41:02+00:00\" \/>\n<meta property=\"article:modified_time\" content=\"2023-05-30T12:41:06+00:00\" \/>\n<meta property=\"og:image\" content=\"https:\/\/nid.pl\/wp-content\/uploads\/2023\/05\/miniaturka-ICLAFI.png\" \/>\n\t<meta property=\"og:image:width\" content=\"1857\" \/>\n\t<meta property=\"og:image:height\" content=\"1238\" \/>\n\t<meta property=\"og:image:type\" content=\"image\/png\" \/>\n<meta name=\"author\" content=\"Barbara Halliop\" \/>\n<meta name=\"twitter:card\" content=\"summary_large_image\" \/>\n<meta name=\"twitter:creator\" content=\"@NarIDpl\" \/>\n<meta name=\"twitter:site\" content=\"@NarIDpl\" \/>\n<meta name=\"twitter:label1\" content=\"Written by\" \/>\n\t<meta name=\"twitter:data1\" content=\"Barbara Halliop\" \/>\n\t<meta name=\"twitter:label2\" content=\"Estimated reading time\" \/>\n\t<meta name=\"twitter:data2\" content=\"2 minutes\" \/>\n<script type=\"application\/ld+json\" class=\"yoast-schema-graph\">{\"@context\":\"https:\/\/schema.org\",\"@graph\":[{\"@type\":\"Article\",\"@id\":\"https:\/\/nid.pl\/2023\/05\/30\/seminarium-status-prawny-szczatkow-ludzkich-jako-zagadnienie-prawa-dziedzictwa-kulturowego\/#article\",\"isPartOf\":{\"@id\":\"https:\/\/nid.pl\/2023\/05\/30\/seminarium-status-prawny-szczatkow-ludzkich-jako-zagadnienie-prawa-dziedzictwa-kulturowego\/\"},\"author\":{\"name\":\"Barbara Halliop\",\"@id\":\"https:\/\/nid.pl\/#\/schema\/person\/1b690a8998a5111cfb9f0ffe24195a15\"},\"headline\":\"Seminarium: Status prawny szcz\u0105tk\u00f3w ludzkich jako zagadnienie prawa dziedzictwa kulturowego\",\"datePublished\":\"2023-05-30T12:41:02+00:00\",\"dateModified\":\"2023-05-30T12:41:06+00:00\",\"mainEntityOfPage\":{\"@id\":\"https:\/\/nid.pl\/2023\/05\/30\/seminarium-status-prawny-szczatkow-ludzkich-jako-zagadnienie-prawa-dziedzictwa-kulturowego\/\"},\"wordCount\":252,\"commentCount\":0,\"publisher\":{\"@id\":\"https:\/\/nid.pl\/#organization\"},\"image\":{\"@id\":\"https:\/\/nid.pl\/2023\/05\/30\/seminarium-status-prawny-szczatkow-ludzkich-jako-zagadnienie-prawa-dziedzictwa-kulturowego\/#primaryimage\"},\"thumbnailUrl\":\"https:\/\/nid.pl\/wp-content\/uploads\/2023\/05\/miniaturka-ICLAFI.png\",\"articleSection\":[\"Aktualno\u015bci\",\"Bez kategorii\"],\"inLanguage\":\"en-GB\"},{\"@type\":\"WebPage\",\"@id\":\"https:\/\/nid.pl\/2023\/05\/30\/seminarium-status-prawny-szczatkow-ludzkich-jako-zagadnienie-prawa-dziedzictwa-kulturowego\/\",\"url\":\"https:\/\/nid.pl\/2023\/05\/30\/seminarium-status-prawny-szczatkow-ludzkich-jako-zagadnienie-prawa-dziedzictwa-kulturowego\/\",\"name\":\"Seminarium: Status prawny szcz\u0105tk\u00f3w ludzkich jako zagadnienie prawa dziedzictwa kulturowego - NID\",\"isPartOf\":{\"@id\":\"https:\/\/nid.pl\/#website\"},\"primaryImageOfPage\":{\"@id\":\"https:\/\/nid.pl\/2023\/05\/30\/seminarium-status-prawny-szczatkow-ludzkich-jako-zagadnienie-prawa-dziedzictwa-kulturowego\/#primaryimage\"},\"image\":{\"@id\":\"https:\/\/nid.pl\/2023\/05\/30\/seminarium-status-prawny-szczatkow-ludzkich-jako-zagadnienie-prawa-dziedzictwa-kulturowego\/#primaryimage\"},\"thumbnailUrl\":\"https:\/\/nid.pl\/wp-content\/uploads\/2023\/05\/miniaturka-ICLAFI.png\",\"datePublished\":\"2023-05-30T12:41:02+00:00\",\"dateModified\":\"2023-05-30T12:41:06+00:00\",\"breadcrumb\":{\"@id\":\"https:\/\/nid.pl\/2023\/05\/30\/seminarium-status-prawny-szczatkow-ludzkich-jako-zagadnienie-prawa-dziedzictwa-kulturowego\/#breadcrumb\"},\"inLanguage\":\"en-GB\",\"potentialAction\":[{\"@type\":\"ReadAction\",\"target\":[\"https:\/\/nid.pl\/2023\/05\/30\/seminarium-status-prawny-szczatkow-ludzkich-jako-zagadnienie-prawa-dziedzictwa-kulturowego\/\"]}]},{\"@type\":\"ImageObject\",\"inLanguage\":\"en-GB\",\"@id\":\"https:\/\/nid.pl\/2023\/05\/30\/seminarium-status-prawny-szczatkow-ludzkich-jako-zagadnienie-prawa-dziedzictwa-kulturowego\/#primaryimage\",\"url\":\"https:\/\/nid.pl\/wp-content\/uploads\/2023\/05\/miniaturka-ICLAFI.png\",\"contentUrl\":\"https:\/\/nid.pl\/wp-content\/uploads\/2023\/05\/miniaturka-ICLAFI.png\",\"width\":1857,\"height\":1238,\"caption\":\"miniaturka ICLAFI\"},{\"@type\":\"BreadcrumbList\",\"@id\":\"https:\/\/nid.pl\/2023\/05\/30\/seminarium-status-prawny-szczatkow-ludzkich-jako-zagadnienie-prawa-dziedzictwa-kulturowego\/#breadcrumb\",\"itemListElement\":[{\"@type\":\"ListItem\",\"position\":1,\"name\":\"Home\",\"item\":\"https:\/\/nid.pl\/\"},{\"@type\":\"ListItem\",\"position\":2,\"name\":\"Seminarium: Status prawny szcz\u0105tk\u00f3w ludzkich jako zagadnienie prawa dziedzictwa kulturowego\"}]},{\"@type\":\"WebSite\",\"@id\":\"https:\/\/nid.pl\/#website\",\"url\":\"https:\/\/nid.pl\/\",\"name\":\"NID\",\"description\":\"Narodowy Instytut Dziedzictwa\",\"publisher\":{\"@id\":\"https:\/\/nid.pl\/#organization\"},\"potentialAction\":[{\"@type\":\"SearchAction\",\"target\":{\"@type\":\"EntryPoint\",\"urlTemplate\":\"https:\/\/nid.pl\/?s={search_term_string}\"},\"query-input\":{\"@type\":\"PropertyValueSpecification\",\"valueRequired\":true,\"valueName\":\"search_term_string\"}}],\"inLanguage\":\"en-GB\"},{\"@type\":\"Organization\",\"@id\":\"https:\/\/nid.pl\/#organization\",\"name\":\"Narodowy Instytut Dziedzictwa\",\"url\":\"https:\/\/nid.pl\/\",\"logo\":{\"@type\":\"ImageObject\",\"inLanguage\":\"en-GB\",\"@id\":\"https:\/\/nid.pl\/#\/schema\/logo\/image\/\",\"url\":\"https:\/\/nid.pl\/wp-content\/uploads\/2022\/10\/logoRedDark.png\",\"contentUrl\":\"https:\/\/nid.pl\/wp-content\/uploads\/2022\/10\/logoRedDark.png\",\"width\":200,\"height\":197,\"caption\":\"Narodowy Instytut Dziedzictwa\"},\"image\":{\"@id\":\"https:\/\/nid.pl\/#\/schema\/logo\/image\/\"},\"sameAs\":[\"https:\/\/www.facebook.com\/zabytek\",\"https:\/\/x.com\/NarIDpl\",\"https:\/\/www.instagram.com\/nid.pl\/?hl=pl\",\"https:\/\/www.linkedin.com\/company\/narodowy-instytut-dziedzictwa\",\"https:\/\/www.youtube.com\/channel\/UCQXuhKa2uHtmNvLRUSx40JA\"]},{\"@type\":\"Person\",\"@id\":\"https:\/\/nid.pl\/#\/schema\/person\/1b690a8998a5111cfb9f0ffe24195a15\",\"name\":\"Barbara Halliop\",\"image\":{\"@type\":\"ImageObject\",\"inLanguage\":\"en-GB\",\"@id\":\"https:\/\/nid.pl\/#\/schema\/person\/image\/\",\"url\":\"https:\/\/nid.pl\/wp-content\/litespeed\/avatar\/924046d17dd0c842c9fa9ccf489bc6dc.jpg?ver=1777444967\",\"contentUrl\":\"https:\/\/nid.pl\/wp-content\/litespeed\/avatar\/924046d17dd0c842c9fa9ccf489bc6dc.jpg?ver=1777444967\",\"caption\":\"Barbara Halliop\"},\"url\":\"https:\/\/nid.pl\/en\/author\/bhalliop\/\"}]}<\/script>\n<!-- \/ Yoast SEO plugin. -->","yoast_head_json":{"title":"Seminarium: Status prawny szcz\u0105tk\u00f3w ludzkich jako zagadnienie prawa dziedzictwa kulturowego - NID","robots":{"index":"index","follow":"follow","max-snippet":"max-snippet:-1","max-image-preview":"max-image-preview:large","max-video-preview":"max-video-preview:-1"},"canonical":"https:\/\/nid.pl\/en\/2023\/05\/30\/seminarium-status-prawny-szczatkow-ludzkich-jako-zagadnienie-prawa-dziedzictwa-kulturowego\/","og_locale":"en_GB","og_type":"article","og_title":"Seminarium: Status prawny szcz\u0105tk\u00f3w ludzkich jako zagadnienie prawa dziedzictwa kulturowego - NID","og_description":"W dniach 22-23 maja br. odby\u0142o si\u0119 zorganizowane przez Narodowy Instytut Dziedzictwa seminarium ICOMOS International Scientific Committee on Legal, Administrative and Financial Issues (ICLAFI) pt. \u201eA legal status of human [&hellip;]","og_url":"https:\/\/nid.pl\/en\/2023\/05\/30\/seminarium-status-prawny-szczatkow-ludzkich-jako-zagadnienie-prawa-dziedzictwa-kulturowego\/","og_site_name":"NID","article_publisher":"https:\/\/www.facebook.com\/zabytek","article_published_time":"2023-05-30T12:41:02+00:00","article_modified_time":"2023-05-30T12:41:06+00:00","og_image":[{"width":1857,"height":1238,"url":"https:\/\/nid.pl\/wp-content\/uploads\/2023\/05\/miniaturka-ICLAFI.png","type":"image\/png"}],"author":"Barbara Halliop","twitter_card":"summary_large_image","twitter_creator":"@NarIDpl","twitter_site":"@NarIDpl","twitter_misc":{"Written by":"Barbara Halliop","Estimated reading time":"2 minutes"},"schema":{"@context":"https:\/\/schema.org","@graph":[{"@type":"Article","@id":"https:\/\/nid.pl\/2023\/05\/30\/seminarium-status-prawny-szczatkow-ludzkich-jako-zagadnienie-prawa-dziedzictwa-kulturowego\/#article","isPartOf":{"@id":"https:\/\/nid.pl\/2023\/05\/30\/seminarium-status-prawny-szczatkow-ludzkich-jako-zagadnienie-prawa-dziedzictwa-kulturowego\/"},"author":{"name":"Barbara Halliop","@id":"https:\/\/nid.pl\/#\/schema\/person\/1b690a8998a5111cfb9f0ffe24195a15"},"headline":"Seminarium: Status prawny szcz\u0105tk\u00f3w ludzkich jako zagadnienie prawa dziedzictwa kulturowego","datePublished":"2023-05-30T12:41:02+00:00","dateModified":"2023-05-30T12:41:06+00:00","mainEntityOfPage":{"@id":"https:\/\/nid.pl\/2023\/05\/30\/seminarium-status-prawny-szczatkow-ludzkich-jako-zagadnienie-prawa-dziedzictwa-kulturowego\/"},"wordCount":252,"commentCount":0,"publisher":{"@id":"https:\/\/nid.pl\/#organization"},"image":{"@id":"https:\/\/nid.pl\/2023\/05\/30\/seminarium-status-prawny-szczatkow-ludzkich-jako-zagadnienie-prawa-dziedzictwa-kulturowego\/#primaryimage"},"thumbnailUrl":"https:\/\/nid.pl\/wp-content\/uploads\/2023\/05\/miniaturka-ICLAFI.png","articleSection":["Aktualno\u015bci","Bez kategorii"],"inLanguage":"en-GB"},{"@type":"WebPage","@id":"https:\/\/nid.pl\/2023\/05\/30\/seminarium-status-prawny-szczatkow-ludzkich-jako-zagadnienie-prawa-dziedzictwa-kulturowego\/","url":"https:\/\/nid.pl\/2023\/05\/30\/seminarium-status-prawny-szczatkow-ludzkich-jako-zagadnienie-prawa-dziedzictwa-kulturowego\/","name":"Seminarium: Status prawny szcz\u0105tk\u00f3w ludzkich jako zagadnienie prawa dziedzictwa kulturowego - NID","isPartOf":{"@id":"https:\/\/nid.pl\/#website"},"primaryImageOfPage":{"@id":"https:\/\/nid.pl\/2023\/05\/30\/seminarium-status-prawny-szczatkow-ludzkich-jako-zagadnienie-prawa-dziedzictwa-kulturowego\/#primaryimage"},"image":{"@id":"https:\/\/nid.pl\/2023\/05\/30\/seminarium-status-prawny-szczatkow-ludzkich-jako-zagadnienie-prawa-dziedzictwa-kulturowego\/#primaryimage"},"thumbnailUrl":"https:\/\/nid.pl\/wp-content\/uploads\/2023\/05\/miniaturka-ICLAFI.png","datePublished":"2023-05-30T12:41:02+00:00","dateModified":"2023-05-30T12:41:06+00:00","breadcrumb":{"@id":"https:\/\/nid.pl\/2023\/05\/30\/seminarium-status-prawny-szczatkow-ludzkich-jako-zagadnienie-prawa-dziedzictwa-kulturowego\/#breadcrumb"},"inLanguage":"en-GB","potentialAction":[{"@type":"ReadAction","target":["https:\/\/nid.pl\/2023\/05\/30\/seminarium-status-prawny-szczatkow-ludzkich-jako-zagadnienie-prawa-dziedzictwa-kulturowego\/"]}]},{"@type":"ImageObject","inLanguage":"en-GB","@id":"https:\/\/nid.pl\/2023\/05\/30\/seminarium-status-prawny-szczatkow-ludzkich-jako-zagadnienie-prawa-dziedzictwa-kulturowego\/#primaryimage","url":"https:\/\/nid.pl\/wp-content\/uploads\/2023\/05\/miniaturka-ICLAFI.png","contentUrl":"https:\/\/nid.pl\/wp-content\/uploads\/2023\/05\/miniaturka-ICLAFI.png","width":1857,"height":1238,"caption":"miniaturka ICLAFI"},{"@type":"BreadcrumbList","@id":"https:\/\/nid.pl\/2023\/05\/30\/seminarium-status-prawny-szczatkow-ludzkich-jako-zagadnienie-prawa-dziedzictwa-kulturowego\/#breadcrumb","itemListElement":[{"@type":"ListItem","position":1,"name":"Home","item":"https:\/\/nid.pl\/"},{"@type":"ListItem","position":2,"name":"Seminarium: Status prawny szcz\u0105tk\u00f3w ludzkich jako zagadnienie prawa dziedzictwa kulturowego"}]},{"@type":"WebSite","@id":"https:\/\/nid.pl\/#website","url":"https:\/\/nid.pl\/","name":"NID","description":"Narodowy Instytut Dziedzictwa","publisher":{"@id":"https:\/\/nid.pl\/#organization"},"potentialAction":[{"@type":"SearchAction","target":{"@type":"EntryPoint","urlTemplate":"https:\/\/nid.pl\/?s={search_term_string}"},"query-input":{"@type":"PropertyValueSpecification","valueRequired":true,"valueName":"search_term_string"}}],"inLanguage":"en-GB"},{"@type":"Organization","@id":"https:\/\/nid.pl\/#organization","name":"Narodowy Instytut Dziedzictwa","url":"https:\/\/nid.pl\/","logo":{"@type":"ImageObject","inLanguage":"en-GB","@id":"https:\/\/nid.pl\/#\/schema\/logo\/image\/","url":"https:\/\/nid.pl\/wp-content\/uploads\/2022\/10\/logoRedDark.png","contentUrl":"https:\/\/nid.pl\/wp-content\/uploads\/2022\/10\/logoRedDark.png","width":200,"height":197,"caption":"Narodowy Instytut Dziedzictwa"},"image":{"@id":"https:\/\/nid.pl\/#\/schema\/logo\/image\/"},"sameAs":["https:\/\/www.facebook.com\/zabytek","https:\/\/x.com\/NarIDpl","https:\/\/www.instagram.com\/nid.pl\/?hl=pl","https:\/\/www.linkedin.com\/company\/narodowy-instytut-dziedzictwa","https:\/\/www.youtube.com\/channel\/UCQXuhKa2uHtmNvLRUSx40JA"]},{"@type":"Person","@id":"https:\/\/nid.pl\/#\/schema\/person\/1b690a8998a5111cfb9f0ffe24195a15","name":"Barbara Halliop","image":{"@type":"ImageObject","inLanguage":"en-GB","@id":"https:\/\/nid.pl\/#\/schema\/person\/image\/","url":"https:\/\/nid.pl\/wp-content\/litespeed\/avatar\/924046d17dd0c842c9fa9ccf489bc6dc.jpg?ver=1777444967","contentUrl":"https:\/\/nid.pl\/wp-content\/litespeed\/avatar\/924046d17dd0c842c9fa9ccf489bc6dc.jpg?ver=1777444967","caption":"Barbara Halliop"},"url":"https:\/\/nid.pl\/en\/author\/bhalliop\/"}]}},"_links":{"self":[{"href":"https:\/\/nid.pl\/en\/wp-json\/wp\/v2\/posts\/11537","targetHints":{"allow":["GET"]}}],"collection":[{"href":"https:\/\/nid.pl\/en\/wp-json\/wp\/v2\/posts"}],"about":[{"href":"https:\/\/nid.pl\/en\/wp-json\/wp\/v2\/types\/post"}],"author":[{"embeddable":true,"href":"https:\/\/nid.pl\/en\/wp-json\/wp\/v2\/users\/7"}],"replies":[{"embeddable":true,"href":"https:\/\/nid.pl\/en\/wp-json\/wp\/v2\/comments?post=11537"}],"version-history":[{"count":0,"href":"https:\/\/nid.pl\/en\/wp-json\/wp\/v2\/posts\/11537\/revisions"}],"wp:featuredmedia":[{"embeddable":true,"href":"https:\/\/nid.pl\/en\/wp-json\/wp\/v2\/media\/11547"}],"wp:attachment":[{"href":"https:\/\/nid.pl\/en\/wp-json\/wp\/v2\/media?parent=11537"}],"wp:term":[{"taxonomy":"category","embeddable":true,"href":"https:\/\/nid.pl\/en\/wp-json\/wp\/v2\/categories?post=11537"},{"taxonomy":"post_tag","embeddable":true,"href":"https:\/\/nid.pl\/en\/wp-json\/wp\/v2\/tags?post=11537"}],"curies":[{"name":"wp","href":"https:\/\/api.w.org\/{rel}","templated":true}]}}